{"id":128857,"date":"2019-02-16T08:00:30","date_gmt":"2019-02-16T07:00:30","guid":{"rendered":"https:\/\/www.salzburgerland.com\/de\/magazin\/?p=128857"},"modified":"2021-09-01T10:16:15","modified_gmt":"2021-09-01T08:16:15","slug":"auf-tour-mit-eva-walkner","status":"publish","type":"post","link":"https:\/\/www.salzburgerland.com\/de\/magazin\/auf-tour-mit-eva-walkner\/","title":{"rendered":"Auf Ski-Tour mit Eva Walkner"},"content":{"rendered":"\n<p><strong>Die Profi-Freeriderin Eva Walkner hat in ihrem Sportlerleben schon alles erreicht, was sie sich zu tr\u00e4umen gewagt hat. Sie ist Gewinnerin der gr\u00f6\u00dften Freeride-Events weltweit, unter anderem in Verbier oder Alaska und hat sich zweimal den Weltmeistertitel der Freeride-World-Tour geholt. Mehr geht fast nicht mehr. Nach ihrem R\u00fccktritt von der Freeride-World-Tour, hat sie sich diese Saison auf ihre Wurzeln besonnen und ihre Freeride-Heimat im SalzburgerLand wiederentdeckt.<\/strong><\/p>\n\n\n\n<p>\u201eDas ist nicht Alaska, das ist nicht Kanada, das ist meine Heimat. Es ist schwer diesen Platz zu verlassen, aber das muss ich heuer gar nicht ;-)\u201c, schreibt Eva Walkner auf Instagram. Nach Jahren des Reisens und ein Leben aus dem Koffer, hat sie diesen Winter genug Zeit, um ihre Heimat neu zu entdecken. So stehen nicht die Big Lines in Alaska am Programm, sondern eine gem\u00fctliche Skitour in den Bergen im Tennengau, gleich vor ihrer Haust\u00fcre.<\/p>\n\n\n\n<figure class=\"wp-block-image\"><a href=\"https:\/\/www.salzburgerland.com\/de\/magazin\/wp-content\/uploads\/2019\/02\/AN_0126.jpg\"><img decoding=\"async\" src=\"https:\/\/www.salzburgerland.com\/de\/magazin\/wp-content\/uploads\/2019\/02\/AN_0126-650x435.jpg\" alt=\"Eine Person pr\u00e4pariert Skier neben einem Auto mit offenem Kofferraum in einer verschneiten Gegend in der N\u00e4he eines Holzgeb\u00e4udes.\" class=\"wp-image-128858\"\/><\/a><\/figure>\n\n\n\n<p>Der Schlenken ist die heutige Wahl der Freeride-Queen. \u201eDa bin ich schon lange nicht mehr am Gipfel gestanden\u201c, erinnert sie sich. So schnallen wir uns die Tourenski bei der Halleiner-H\u00fctte an und gehen gem\u00fctlich den flachen Anstieg Richtung Gipfel. Der Winter hat es heuer gut gemeint, meterhohe Schneew\u00e4nde sind mittlerweile schon ein gewohnter Anblick in den Bergen. Auch Eva ist aus dem H\u00e4uschen, wenn sie in die umliegenden Berge blickt. \u201eEin Wahnsinn, so sch\u00f6n bei uns. Wer will da schon fortfahren\u201c, fragt sie sich.<\/p>\n\n\n\n<figure class=\"wp-block-image\"><a href=\"https:\/\/www.salzburgerland.com\/de\/magazin\/wp-content\/uploads\/2019\/02\/AN_0157.jpg\"><img decoding=\"async\" src=\"https:\/\/www.salzburgerland.com\/de\/magazin\/wp-content\/uploads\/2019\/02\/AN_0157-650x435.jpg\" alt=\"Eine Person f\u00e4hrt an einem klaren Tag bergauf durch verschneite Tannenw\u00e4lder mit Bergen im Hintergrund.\" class=\"wp-image-128859\"\/><\/a><\/figure>\n\n\n\n<p>Wir verlassen den Forstweg und gehen \u00fcber die \u201eJaganasn\u201c zum Gipfel. Die B\u00e4ume sind mit einer dicken Eisschicht bedeckt, Bilder die wir sonst nur aus dem tiefen Winter in Kanada kennen. Schon bald leuchtet der sanfte Gipfel aus dem Wald heraus. Die Sonne bricht durch die F\u00f6nwolken und gibt den Blick zum Tennengebirge frei.<\/p>\n\n\n\n<figure class=\"wp-block-image\"><a href=\"https:\/\/www.salzburgerland.com\/de\/magazin\/wp-content\/uploads\/2019\/02\/AN_0266.jpg\"><img decoding=\"async\" src=\"https:\/\/www.salzburgerland.com\/de\/magazin\/wp-content\/uploads\/2019\/02\/AN_0266-650x435.jpg\" alt=\"Eine Frau in Winterkleidung trinkt aus einer Flasche neben Skiern auf einem verschneiten Berg mit malerischer Aussicht.\" class=\"wp-image-128863\"\/><\/a><\/figure>\n\n\n\n<p>Die letzten Spitzkehren sind \u00fcber der Schlenkenrinne gemacht und schon stehen wir vor dem Gipfelkreuz, das sich zur H\u00e4lfte im Schnee befindet. Nur das \u201eEdelweiss\u201c am oberen Teil schaut noch heraus. Nach einer kurzen Rast geht es f\u00fcr uns dann auf den Skiern bergab. Wir entscheiden uns, die Variante neben der Schlenkenrinne zu fahren.<\/p>\n\n\n\n<figure class=\"wp-block-image\"><a href=\"https:\/\/www.salzburgerland.com\/de\/magazin\/wp-content\/uploads\/2019\/02\/AN_0319.jpg\"><img decoding=\"async\" src=\"https:\/\/www.salzburgerland.com\/de\/magazin\/wp-content\/uploads\/2019\/02\/AN_0319-650x435.jpg\" alt=\"Ein Skifahrer mit Helm f\u00e4hrt durch tiefen Pulverschnee, teilweise verdeckt von einer Schneeschaufel.\" class=\"wp-image-128861\"\/><\/a><\/figure>\n\n\n\n<p>Jetzt ist Eva in ihrem Element. Souver\u00e4n f\u00e4hrt sie in weiten Schw\u00fcngen die ersten H\u00f6henmeter bergab. \u201eFast wie in Alaska\u201c, sagt sie schmunzelnd. Wahrlich, der Schnee k\u00f6nnte nicht besser sein. Unten angekommen zeigt sie dem H\u00fcttenwirt der Halleiner H\u00fctte noch ihre Sprungk\u00fcnste und springt vom Dach in den Vorgarten der H\u00fctte. Der Wirt schaut begeistert vom ersten Stock aus zu, das Erdgescho\u00df darunter liegt tief im Schnee vergraben. Genau wie in Alaska.<\/p>\n\n\n<div class=\"mag-gallery\"><div class=\"row\"><div class=\"col-6 col-sm-4\"><figure><a class=\"thumb-container\" href=\"https:\/\/www.salzburgerland.com\/de\/magazin\/wp-content\/uploads\/2019\/02\/AN_0407-1280x1024.jpg\">\t<picture><source media=\"(min-width: 576px)\" srcset=\"https:\/\/www.salzburgerland.com\/de\/magazin\/wp-content\/uploads\/2019\/02\/AN_0407-325x209.jpg 325w, https:\/\/www.salzburgerland.com\/de\/magazin\/wp-content\/uploads\/2019\/02\/AN_0407-249x160.jpg 249w\"><\/source><source media=\"(min-width: 0)\" srcset=\"https:\/\/www.salzburgerland.com\/de\/magazin\/wp-content\/uploads\/2019\/02\/AN_0407-249x160.jpg 249w, https:\/\/www.salzburgerland.com\/de\/magazin\/wp-content\/uploads\/2019\/02\/AN_0407-325x209.jpg 325w\"><\/source><img decoding=\"async\" alt=\"Ein Skifahrer springt von einem schneebedeckten Dach, w&auml;hrend eine Person an einem sonnigen Wintertag von einem Fenster aus zusieht.\" src=\"https:\/\/www.salzburgerland.com\/de\/magazin\/wp-content\/uploads\/2019\/02\/AN_0407.jpg\">\t<\/picture><\/a><\/figure><\/div><div class=\"col-6 col-sm-4\"><figure><a class=\"thumb-container\" href=\"https:\/\/www.salzburgerland.com\/de\/magazin\/wp-content\/uploads\/2019\/02\/AN_0393-1280x1024.jpg\">\t<picture><source media=\"(min-width: 576px)\" srcset=\"https:\/\/www.salzburgerland.com\/de\/magazin\/wp-content\/uploads\/2019\/02\/AN_0393-325x209.jpg 325w, https:\/\/www.salzburgerland.com\/de\/magazin\/wp-content\/uploads\/2019\/02\/AN_0393-249x160.jpg 249w\"><\/source><source media=\"(min-width: 0)\" srcset=\"https:\/\/www.salzburgerland.com\/de\/magazin\/wp-content\/uploads\/2019\/02\/AN_0393-249x160.jpg 249w, https:\/\/www.salzburgerland.com\/de\/magazin\/wp-content\/uploads\/2019\/02\/AN_0393-325x209.jpg 325w\"><\/source><img decoding=\"async\" alt=\"Ein Skifahrer in blauer Hose und lila Jacke posiert mit Skist&ouml;cken vor einem verschneiten Holzchalet.\" src=\"https:\/\/www.salzburgerland.com\/de\/magazin\/wp-content\/uploads\/2019\/02\/AN_0393.jpg\">\t<\/picture><\/a><\/figure><\/div><div class=\"col-6 col-sm-4\"><figure><a class=\"thumb-container\" href=\"https:\/\/www.salzburgerland.com\/de\/magazin\/wp-content\/uploads\/2019\/02\/AN_0266-1280x1024.jpg\">\t<picture><source media=\"(min-width: 576px)\" srcset=\"https:\/\/www.salzburgerland.com\/de\/magazin\/wp-content\/uploads\/2019\/02\/AN_0266-325x209.jpg 325w, https:\/\/www.salzburgerland.com\/de\/magazin\/wp-content\/uploads\/2019\/02\/AN_0266-249x160.jpg 249w\"><\/source><source media=\"(min-width: 0)\" srcset=\"https:\/\/www.salzburgerland.com\/de\/magazin\/wp-content\/uploads\/2019\/02\/AN_0266-249x160.jpg 249w, https:\/\/www.salzburgerland.com\/de\/magazin\/wp-content\/uploads\/2019\/02\/AN_0266-325x209.jpg 325w\"><\/source><img decoding=\"async\" alt=\"Eine Frau in Winterkleidung trinkt aus einer Flasche neben Skiern auf einem verschneiten Berg mit malerischer Aussicht.\" src=\"https:\/\/www.salzburgerland.com\/de\/magazin\/wp-content\/uploads\/2019\/02\/AN_0266.jpg\">\t<\/picture><\/a><\/figure><\/div><div class=\"col-6 col-sm-4\"><figure><a class=\"thumb-container\" href=\"https:\/\/www.salzburgerland.com\/de\/magazin\/wp-content\/uploads\/2019\/02\/AN_0221-1280x1024.jpg\">\t<picture><source media=\"(min-width: 576px)\" srcset=\"https:\/\/www.salzburgerland.com\/de\/magazin\/wp-content\/uploads\/2019\/02\/AN_0221-325x209.jpg 325w, https:\/\/www.salzburgerland.com\/de\/magazin\/wp-content\/uploads\/2019\/02\/AN_0221-249x160.jpg 249w\"><\/source><source media=\"(min-width: 0)\" srcset=\"https:\/\/www.salzburgerland.com\/de\/magazin\/wp-content\/uploads\/2019\/02\/AN_0221-249x160.jpg 249w, https:\/\/www.salzburgerland.com\/de\/magazin\/wp-content\/uploads\/2019\/02\/AN_0221-325x209.jpg 325w\"><\/source><img decoding=\"async\" alt=\"Eine Person in Winterausr&uuml;stung klettert mit Skist&ouml;cken einen verschneiten Berghang hinauf; im Hintergrund sind schneebedeckte Gipfel zu sehen.\" src=\"https:\/\/www.salzburgerland.com\/de\/magazin\/wp-content\/uploads\/2019\/02\/AN_0221.jpg\">\t<\/picture><\/a><\/figure><\/div><div class=\"col-6 col-sm-4\"><figure><a class=\"thumb-container\" href=\"https:\/\/www.salzburgerland.com\/de\/magazin\/wp-content\/uploads\/2019\/02\/AN_0319-1280x1024.jpg\">\t<picture><source media=\"(min-width: 576px)\" srcset=\"https:\/\/www.salzburgerland.com\/de\/magazin\/wp-content\/uploads\/2019\/02\/AN_0319-325x209.jpg 325w, https:\/\/www.salzburgerland.com\/de\/magazin\/wp-content\/uploads\/2019\/02\/AN_0319-249x160.jpg 249w\"><\/source><source media=\"(min-width: 0)\" srcset=\"https:\/\/www.salzburgerland.com\/de\/magazin\/wp-content\/uploads\/2019\/02\/AN_0319-249x160.jpg 249w, https:\/\/www.salzburgerland.com\/de\/magazin\/wp-content\/uploads\/2019\/02\/AN_0319-325x209.jpg 325w\"><\/source><img decoding=\"async\" alt=\"Ein Skifahrer mit Helm f&auml;hrt durch tiefen Pulverschnee, teilweise verdeckt von einer Schneeschaufel.\" src=\"https:\/\/www.salzburgerland.com\/de\/magazin\/wp-content\/uploads\/2019\/02\/AN_0319.jpg\">\t<\/picture><\/a><\/figure><\/div><div class=\"col-6 col-sm-4\"><figure><a class=\"thumb-container\" href=\"https:\/\/www.salzburgerland.com\/de\/magazin\/wp-content\/uploads\/2019\/02\/AN_0212-1280x1024.jpg\">\t<picture><source media=\"(min-width: 576px)\" srcset=\"https:\/\/www.salzburgerland.com\/de\/magazin\/wp-content\/uploads\/2019\/02\/AN_0212-325x209.jpg 325w, https:\/\/www.salzburgerland.com\/de\/magazin\/wp-content\/uploads\/2019\/02\/AN_0212-249x160.jpg 249w\"><\/source><source media=\"(min-width: 0)\" srcset=\"https:\/\/www.salzburgerland.com\/de\/magazin\/wp-content\/uploads\/2019\/02\/AN_0212-249x160.jpg 249w, https:\/\/www.salzburgerland.com\/de\/magazin\/wp-content\/uploads\/2019\/02\/AN_0212-325x209.jpg 325w\"><\/source><img decoding=\"async\" alt=\"Person in Winterkleidung steht mit Skiern und St&ouml;cken auf einem verschneiten Berg, im Hintergrund verschneite B&auml;ume.\" src=\"https:\/\/www.salzburgerland.com\/de\/magazin\/wp-content\/uploads\/2019\/02\/AN_0212.jpg\">\t<\/picture><\/a><\/figure><\/div><\/div><figcaption><\/figcaption><\/div>\n\n\n\n<p><em>Fotos: \u00a9 heikomandl.at<\/em><\/p>\n","protected":false},"excerpt":{"rendered":"<p>Die Profi-Freeriderin Eva Walkner hat in ihrem Sportlerleben schon alles erreicht, was sie sich zu tr\u00e4umen gewagt hat. Sie ist Gewinnerin der gr\u00f6\u00dften Freeride-Events weltweit, unter anderem in Verbier oder Alaska und hat sich zweimal den Weltmeistertitel der Freeride-World-Tour geholt. Mehr geht fast nicht mehr. Nach ihrem R\u00fccktritt von der Freeride-World-Tour, hat sie sich diese [&hellip;]<\/p>\n","protected":false},"author":10,"featured_media":128860,"comment_status":"open","ping_status":"open","sticky":false,"template":"","format":"standard","meta":{"_acf_changed":false,"wl_entities_gutenberg":"","_wl_entity_redirect_enabled":"","footnotes":""},"categories":[8],"tags":[],"wl_entity_type":[306],"monatsauswahl":[82,83,84,85,93],"class_list":["post-128857","post","type-post","status-publish","format-standard","has-post-thumbnail","hentry","category-outdoor-sport","wl_entity_type-article","monatsauswahl-monat_1","monatsauswahl-monat_2","monatsauswahl-monat_3","monatsauswahl-monat_4","monatsauswahl-monat_12"],"acf":[],"yoast_head":"<!-- This site is optimized with the Yoast SEO Premium plugin v27.4 (Yoast SEO v27.4) - https:\/\/yoast.com\/product\/yoast-seo-premium-wordpress\/ -->\n<title>Auf Ski-Tour mit Eva Walkner - SalzburgerLand Magazin<\/title>\n<meta name=\"description\" content=\"Die Profi-Freeriderin Eva Walkner hat in ihrem Sportlerleben schon alles erreicht, was sie sich zu tr\u00e4umen gewagt hat. Sie ist Gewinnerin der gr\u00f6\u00dften Freeride-Events weltweit, unter anderem in Verbier oder Alaska und hat sich zweimal den Weltmeistertitel der Freeride-World-Tour geholt. Mehr geht fast nicht mehr. Nach ihrem R\u00fccktritt von der Freeride-World-Tour, hat sie sich diese [&hellip;]\" \/>\n<meta name=\"robots\" content=\"index, follow, max-snippet:-1, max-image-preview:large, max-video-preview:-1\" \/>\n<link rel=\"canonical\" href=\"https:\/\/www.salzburgerland.com\/de\/magazin\/auf-tour-mit-eva-walkner\/\" \/>\n<meta property=\"og:locale\" content=\"de_DE\" \/>\n<meta property=\"og:type\" content=\"article\" \/>\n<meta property=\"og:title\" content=\"Auf Ski-Tour mit Eva Walkner\" \/>\n<meta property=\"og:description\" content=\"Die Profi-Freeriderin Eva Walkner hat in ihrem Sportlerleben schon alles erreicht, was sie sich zu tr\u00e4umen gewagt hat. Sie ist Gewinnerin der gr\u00f6\u00dften Freeride-Events weltweit, unter anderem in Verbier oder Alaska und hat sich zweimal den Weltmeistertitel der Freeride-World-Tour geholt. Mehr geht fast nicht mehr. Nach ihrem R\u00fccktritt von der Freeride-World-Tour, hat sie sich diese [&hellip;]\" \/>\n<meta property=\"og:url\" content=\"https:\/\/www.salzburgerland.com\/de\/magazin\/auf-tour-mit-eva-walkner\/\" \/>\n<meta property=\"og:site_name\" content=\"SalzburgerLand Magazin\" \/>\n<meta property=\"article:publisher\" content=\"https:\/\/www.facebook.com\/salzburgerland\/\" \/>\n<meta property=\"article:published_time\" content=\"2019-02-16T07:00:30+00:00\" \/>\n<meta property=\"article:modified_time\" content=\"2021-09-01T08:16:15+00:00\" \/>\n<meta property=\"og:image\" content=\"https:\/\/www.salzburgerland.com\/de\/magazin\/wp-content\/uploads\/2019\/02\/AN_0212.jpg\" \/>\n\t<meta property=\"og:image:width\" content=\"1600\" \/>\n\t<meta property=\"og:image:height\" content=\"1067\" \/>\n\t<meta property=\"og:image:type\" content=\"image\/jpeg\" \/>\n<meta name=\"author\" content=\"Heiko Mandl\" \/>\n<meta name=\"twitter:card\" content=\"summary_large_image\" \/>\n<meta name=\"twitter:creator\" content=\"@Salzburgerland\" \/>\n<meta name=\"twitter:site\" content=\"@Salzburgerland\" \/>\n<meta name=\"twitter:label1\" content=\"Verfasst von\" \/>\n\t<meta name=\"twitter:data1\" content=\"Heiko Mandl\" \/>\n\t<meta name=\"twitter:label2\" content=\"Gesch\u00e4tzte Lesezeit\" \/>\n\t<meta name=\"twitter:data2\" content=\"4\u00a0Minuten\" \/>\n<script type=\"application\/ld+json\" class=\"yoast-schema-graph\">{\"@context\":\"https:\\\/\\\/schema.org\",\"@graph\":[{\"@type\":\"Article\",\"@id\":\"https:\\\/\\\/www.salzburgerland.com\\\/de\\\/magazin\\\/auf-tour-mit-eva-walkner\\\/#article\",\"isPartOf\":{\"@id\":\"https:\\\/\\\/www.salzburgerland.com\\\/de\\\/magazin\\\/auf-tour-mit-eva-walkner\\\/\"},\"author\":{\"name\":\"Heiko Mandl\",\"@id\":\"https:\\\/\\\/www.salzburgerland.com\\\/de\\\/magazin\\\/#\\\/schema\\\/person\\\/8871c7c764fce6ea66752310e7fe9e98\"},\"headline\":\"Auf Ski-Tour mit Eva Walkner\",\"datePublished\":\"2019-02-16T07:00:30+00:00\",\"dateModified\":\"2021-09-01T08:16:15+00:00\",\"mainEntityOfPage\":{\"@id\":\"https:\\\/\\\/www.salzburgerland.com\\\/de\\\/magazin\\\/auf-tour-mit-eva-walkner\\\/\"},\"wordCount\":438,\"commentCount\":0,\"publisher\":{\"@id\":\"https:\\\/\\\/www.salzburgerland.com\\\/de\\\/magazin\\\/#organization\"},\"image\":{\"@id\":\"https:\\\/\\\/www.salzburgerland.com\\\/de\\\/magazin\\\/auf-tour-mit-eva-walkner\\\/#primaryimage\"},\"thumbnailUrl\":\"https:\\\/\\\/www.salzburgerland.com\\\/de\\\/magazin\\\/wp-content\\\/uploads\\\/2019\\\/02\\\/AN_0212.jpg\",\"articleSection\":[\"Outdoor &amp; Sport\"],\"inLanguage\":\"de\",\"potentialAction\":[{\"@type\":\"CommentAction\",\"name\":\"Comment\",\"target\":[\"https:\\\/\\\/www.salzburgerland.com\\\/de\\\/magazin\\\/auf-tour-mit-eva-walkner\\\/#respond\"]}]},{\"@type\":\"WebPage\",\"@id\":\"https:\\\/\\\/www.salzburgerland.com\\\/de\\\/magazin\\\/auf-tour-mit-eva-walkner\\\/\",\"url\":\"https:\\\/\\\/www.salzburgerland.com\\\/de\\\/magazin\\\/auf-tour-mit-eva-walkner\\\/\",\"name\":\"Auf Ski-Tour mit Eva Walkner - SalzburgerLand Magazin\",\"isPartOf\":{\"@id\":\"https:\\\/\\\/www.salzburgerland.com\\\/de\\\/magazin\\\/#website\"},\"primaryImageOfPage\":{\"@id\":\"https:\\\/\\\/www.salzburgerland.com\\\/de\\\/magazin\\\/auf-tour-mit-eva-walkner\\\/#primaryimage\"},\"image\":{\"@id\":\"https:\\\/\\\/www.salzburgerland.com\\\/de\\\/magazin\\\/auf-tour-mit-eva-walkner\\\/#primaryimage\"},\"thumbnailUrl\":\"https:\\\/\\\/www.salzburgerland.com\\\/de\\\/magazin\\\/wp-content\\\/uploads\\\/2019\\\/02\\\/AN_0212.jpg\",\"datePublished\":\"2019-02-16T07:00:30+00:00\",\"dateModified\":\"2021-09-01T08:16:15+00:00\",\"breadcrumb\":{\"@id\":\"https:\\\/\\\/www.salzburgerland.com\\\/de\\\/magazin\\\/auf-tour-mit-eva-walkner\\\/#breadcrumb\"},\"inLanguage\":\"de\",\"potentialAction\":[{\"@type\":\"ReadAction\",\"target\":[\"https:\\\/\\\/www.salzburgerland.com\\\/de\\\/magazin\\\/auf-tour-mit-eva-walkner\\\/\"]}]},{\"@type\":\"ImageObject\",\"inLanguage\":\"de\",\"@id\":\"https:\\\/\\\/www.salzburgerland.com\\\/de\\\/magazin\\\/auf-tour-mit-eva-walkner\\\/#primaryimage\",\"url\":\"https:\\\/\\\/www.salzburgerland.com\\\/de\\\/magazin\\\/wp-content\\\/uploads\\\/2019\\\/02\\\/AN_0212.jpg\",\"contentUrl\":\"https:\\\/\\\/www.salzburgerland.com\\\/de\\\/magazin\\\/wp-content\\\/uploads\\\/2019\\\/02\\\/AN_0212.jpg\",\"width\":1600,\"height\":1067,\"caption\":\"Person in Winterkleidung steht mit Skiern und St\u00f6cken auf einem verschneiten Berg, im Hintergrund verschneite B\u00e4ume.\"},{\"@type\":\"BreadcrumbList\",\"@id\":\"https:\\\/\\\/www.salzburgerland.com\\\/de\\\/magazin\\\/auf-tour-mit-eva-walkner\\\/#breadcrumb\",\"itemListElement\":[{\"@type\":\"ListItem\",\"position\":1,\"name\":\"Startseite\",\"item\":\"https:\\\/\\\/www.salzburgerland.com\\\/de\\\/magazin\\\/\"},{\"@type\":\"ListItem\",\"position\":2,\"name\":\"Outdoor &amp; Sport\",\"item\":\"https:\\\/\\\/www.salzburgerland.com\\\/de\\\/magazin\\\/thema\\\/outdoor-sport\\\/\"},{\"@type\":\"ListItem\",\"position\":3,\"name\":\"Auf Ski-Tour mit Eva Walkner\"}]},{\"@type\":\"WebSite\",\"@id\":\"https:\\\/\\\/www.salzburgerland.com\\\/de\\\/magazin\\\/#website\",\"url\":\"https:\\\/\\\/www.salzburgerland.com\\\/de\\\/magazin\\\/\",\"name\":\"SalzburgerLand Magazin\",\"description\":\"Geschichten und Interessantes aus dem SalzburgerLand\",\"publisher\":{\"@id\":\"https:\\\/\\\/www.salzburgerland.com\\\/de\\\/magazin\\\/#organization\"},\"potentialAction\":[{\"@type\":\"SearchAction\",\"target\":{\"@type\":\"EntryPoint\",\"urlTemplate\":\"https:\\\/\\\/www.salzburgerland.com\\\/de\\\/magazin\\\/?s={search_term_string}\"},\"query-input\":{\"@type\":\"PropertyValueSpecification\",\"valueRequired\":true,\"valueName\":\"search_term_string\"}}],\"inLanguage\":\"de\"},{\"@type\":\"Organization\",\"@id\":\"https:\\\/\\\/www.salzburgerland.com\\\/de\\\/magazin\\\/#organization\",\"name\":\"SalzburgerLand Tourismus\",\"url\":\"https:\\\/\\\/www.salzburgerland.com\\\/de\\\/magazin\\\/\",\"logo\":{\"@type\":\"ImageObject\",\"inLanguage\":\"de\",\"@id\":\"https:\\\/\\\/www.salzburgerland.com\\\/de\\\/magazin\\\/#\\\/schema\\\/logo\\\/image\\\/\",\"url\":\"https:\\\/\\\/www.salzburgerland.com\\\/de\\\/magazin\\\/wp-content\\\/uploads\\\/2019\\\/06\\\/salzburgerland-logo1.jpg\",\"contentUrl\":\"https:\\\/\\\/www.salzburgerland.com\\\/de\\\/magazin\\\/wp-content\\\/uploads\\\/2019\\\/06\\\/salzburgerland-logo1.jpg\",\"width\":2011,\"height\":866,\"caption\":\"SalzburgerLand Tourismus\"},\"image\":{\"@id\":\"https:\\\/\\\/www.salzburgerland.com\\\/de\\\/magazin\\\/#\\\/schema\\\/logo\\\/image\\\/\"},\"sameAs\":[\"https:\\\/\\\/www.facebook.com\\\/salzburgerland\\\/\",\"https:\\\/\\\/x.com\\\/Salzburgerland\",\"https:\\\/\\\/www.instagram.com\\\/salzburgerland\\\/\",\"https:\\\/\\\/at.linkedin.com\\\/company\\\/salzburgerland-tourismus-gmbh\",\"https:\\\/\\\/www.pinterest.at\\\/salzburgerland\\\/\",\"https:\\\/\\\/www.youtube.com\\\/user\\\/salzburgerland\",\"https:\\\/\\\/de.wikipedia.org\\\/wiki\\\/SalzburgerLand_Tourismus_GmbH\"]},{\"@type\":\"Person\",\"@id\":\"https:\\\/\\\/www.salzburgerland.com\\\/de\\\/magazin\\\/#\\\/schema\\\/person\\\/8871c7c764fce6ea66752310e7fe9e98\",\"name\":\"Heiko Mandl\",\"description\":\"Heiko Mandl, geboren 1976 in Salzburg, ist durch den Journalismus zur Fotografie gekommen und ist seit zehn Jahren als selbstst\u00e4ndiger Fotograf und Autor in Salzburg t\u00e4tig. Schon von Kindheit an haben ihn die Berge vor seiner Haust\u00fcr fasziniert. Heute z\u00e4hlen sie unter anderem zu seinem Arbeitsplatz. Er arbeitet f\u00fcr internationale Outdoor- und Reisemagazine sowie zahlreiche Firmen und Agenturen. Luxushotel oder Almh\u00fctte: Ich kann beides genie\u00dfen und ich gehe das nach dem Motto: Alles zur richtigen Zeit und zur passenden Gelegenheit an. Wandern oder Laufen: Auf jeden Fall wandern, ist gem\u00fctlicher und man kann sich mehr auf die Umgebung konzentrieren. Golfplatz oder Klettergarten: Klettergarten, zumindest noch die n\u00e4chsten 20 Jahre. Fr\u00fchling, sommer, herbst oder Winter? Fr\u00fchling und Sommer und Herbst und Winter! Im SalzburgerLand ist es das ganze Jahr traumhaft sch\u00f6n. Wellness oder Mountainbike? Zuerst eine Runde mit dem Mountainbike und dann ab in den Wellnesstempel. Das eine schlie\u00dft das andere nicht aus!\",\"url\":\"https:\\\/\\\/www.salzburgerland.com\\\/de\\\/magazin\\\/author\\\/heiko-mandl\\\/\"}]}<\/script>\n<!-- \/ Yoast SEO Premium plugin. -->","yoast_head_json":{"title":"Auf Ski-Tour mit Eva Walkner - SalzburgerLand Magazin","description":"Die Profi-Freeriderin Eva Walkner hat in ihrem Sportlerleben schon alles erreicht, was sie sich zu tr\u00e4umen gewagt hat. Sie ist Gewinnerin der gr\u00f6\u00dften Freeride-Events weltweit, unter anderem in Verbier oder Alaska und hat sich zweimal den Weltmeistertitel der Freeride-World-Tour geholt. Mehr geht fast nicht mehr. Nach ihrem R\u00fccktritt von der Freeride-World-Tour, hat sie sich diese [&hellip;]","robots":{"index":"index","follow":"follow","max-snippet":"max-snippet:-1","max-image-preview":"max-image-preview:large","max-video-preview":"max-video-preview:-1"},"canonical":"https:\/\/www.salzburgerland.com\/de\/magazin\/auf-tour-mit-eva-walkner\/","og_locale":"de_DE","og_type":"article","og_title":"Auf Ski-Tour mit Eva Walkner","og_description":"Die Profi-Freeriderin Eva Walkner hat in ihrem Sportlerleben schon alles erreicht, was sie sich zu tr\u00e4umen gewagt hat. Sie ist Gewinnerin der gr\u00f6\u00dften Freeride-Events weltweit, unter anderem in Verbier oder Alaska und hat sich zweimal den Weltmeistertitel der Freeride-World-Tour geholt. Mehr geht fast nicht mehr. Nach ihrem R\u00fccktritt von der Freeride-World-Tour, hat sie sich diese [&hellip;]","og_url":"https:\/\/www.salzburgerland.com\/de\/magazin\/auf-tour-mit-eva-walkner\/","og_site_name":"SalzburgerLand Magazin","article_publisher":"https:\/\/www.facebook.com\/salzburgerland\/","article_published_time":"2019-02-16T07:00:30+00:00","article_modified_time":"2021-09-01T08:16:15+00:00","og_image":[{"width":1600,"height":1067,"url":"https:\/\/www.salzburgerland.com\/de\/magazin\/wp-content\/uploads\/2019\/02\/AN_0212.jpg","type":"image\/jpeg"}],"author":"Heiko Mandl","twitter_card":"summary_large_image","twitter_creator":"@Salzburgerland","twitter_site":"@Salzburgerland","twitter_misc":{"Verfasst von":"Heiko Mandl","Gesch\u00e4tzte Lesezeit":"4\u00a0Minuten"},"schema":{"@context":"https:\/\/schema.org","@graph":[{"@type":"Article","@id":"https:\/\/www.salzburgerland.com\/de\/magazin\/auf-tour-mit-eva-walkner\/#article","isPartOf":{"@id":"https:\/\/www.salzburgerland.com\/de\/magazin\/auf-tour-mit-eva-walkner\/"},"author":{"name":"Heiko Mandl","@id":"https:\/\/www.salzburgerland.com\/de\/magazin\/#\/schema\/person\/8871c7c764fce6ea66752310e7fe9e98"},"headline":"Auf Ski-Tour mit Eva Walkner","datePublished":"2019-02-16T07:00:30+00:00","dateModified":"2021-09-01T08:16:15+00:00","mainEntityOfPage":{"@id":"https:\/\/www.salzburgerland.com\/de\/magazin\/auf-tour-mit-eva-walkner\/"},"wordCount":438,"commentCount":0,"publisher":{"@id":"https:\/\/www.salzburgerland.com\/de\/magazin\/#organization"},"image":{"@id":"https:\/\/www.salzburgerland.com\/de\/magazin\/auf-tour-mit-eva-walkner\/#primaryimage"},"thumbnailUrl":"https:\/\/www.salzburgerland.com\/de\/magazin\/wp-content\/uploads\/2019\/02\/AN_0212.jpg","articleSection":["Outdoor &amp; Sport"],"inLanguage":"de","potentialAction":[{"@type":"CommentAction","name":"Comment","target":["https:\/\/www.salzburgerland.com\/de\/magazin\/auf-tour-mit-eva-walkner\/#respond"]}]},{"@type":"WebPage","@id":"https:\/\/www.salzburgerland.com\/de\/magazin\/auf-tour-mit-eva-walkner\/","url":"https:\/\/www.salzburgerland.com\/de\/magazin\/auf-tour-mit-eva-walkner\/","name":"Auf Ski-Tour mit Eva Walkner - SalzburgerLand Magazin","isPartOf":{"@id":"https:\/\/www.salzburgerland.com\/de\/magazin\/#website"},"primaryImageOfPage":{"@id":"https:\/\/www.salzburgerland.com\/de\/magazin\/auf-tour-mit-eva-walkner\/#primaryimage"},"image":{"@id":"https:\/\/www.salzburgerland.com\/de\/magazin\/auf-tour-mit-eva-walkner\/#primaryimage"},"thumbnailUrl":"https:\/\/www.salzburgerland.com\/de\/magazin\/wp-content\/uploads\/2019\/02\/AN_0212.jpg","datePublished":"2019-02-16T07:00:30+00:00","dateModified":"2021-09-01T08:16:15+00:00","breadcrumb":{"@id":"https:\/\/www.salzburgerland.com\/de\/magazin\/auf-tour-mit-eva-walkner\/#breadcrumb"},"inLanguage":"de","potentialAction":[{"@type":"ReadAction","target":["https:\/\/www.salzburgerland.com\/de\/magazin\/auf-tour-mit-eva-walkner\/"]}]},{"@type":"ImageObject","inLanguage":"de","@id":"https:\/\/www.salzburgerland.com\/de\/magazin\/auf-tour-mit-eva-walkner\/#primaryimage","url":"https:\/\/www.salzburgerland.com\/de\/magazin\/wp-content\/uploads\/2019\/02\/AN_0212.jpg","contentUrl":"https:\/\/www.salzburgerland.com\/de\/magazin\/wp-content\/uploads\/2019\/02\/AN_0212.jpg","width":1600,"height":1067,"caption":"Person in Winterkleidung steht mit Skiern und St\u00f6cken auf einem verschneiten Berg, im Hintergrund verschneite B\u00e4ume."},{"@type":"BreadcrumbList","@id":"https:\/\/www.salzburgerland.com\/de\/magazin\/auf-tour-mit-eva-walkner\/#breadcrumb","itemListElement":[{"@type":"ListItem","position":1,"name":"Startseite","item":"https:\/\/www.salzburgerland.com\/de\/magazin\/"},{"@type":"ListItem","position":2,"name":"Outdoor &amp; Sport","item":"https:\/\/www.salzburgerland.com\/de\/magazin\/thema\/outdoor-sport\/"},{"@type":"ListItem","position":3,"name":"Auf Ski-Tour mit Eva Walkner"}]},{"@type":"WebSite","@id":"https:\/\/www.salzburgerland.com\/de\/magazin\/#website","url":"https:\/\/www.salzburgerland.com\/de\/magazin\/","name":"SalzburgerLand Magazin","description":"Geschichten und Interessantes aus dem SalzburgerLand","publisher":{"@id":"https:\/\/www.salzburgerland.com\/de\/magazin\/#organization"},"potentialAction":[{"@type":"SearchAction","target":{"@type":"EntryPoint","urlTemplate":"https:\/\/www.salzburgerland.com\/de\/magazin\/?s={search_term_string}"},"query-input":{"@type":"PropertyValueSpecification","valueRequired":true,"valueName":"search_term_string"}}],"inLanguage":"de"},{"@type":"Organization","@id":"https:\/\/www.salzburgerland.com\/de\/magazin\/#organization","name":"SalzburgerLand Tourismus","url":"https:\/\/www.salzburgerland.com\/de\/magazin\/","logo":{"@type":"ImageObject","inLanguage":"de","@id":"https:\/\/www.salzburgerland.com\/de\/magazin\/#\/schema\/logo\/image\/","url":"https:\/\/www.salzburgerland.com\/de\/magazin\/wp-content\/uploads\/2019\/06\/salzburgerland-logo1.jpg","contentUrl":"https:\/\/www.salzburgerland.com\/de\/magazin\/wp-content\/uploads\/2019\/06\/salzburgerland-logo1.jpg","width":2011,"height":866,"caption":"SalzburgerLand Tourismus"},"image":{"@id":"https:\/\/www.salzburgerland.com\/de\/magazin\/#\/schema\/logo\/image\/"},"sameAs":["https:\/\/www.facebook.com\/salzburgerland\/","https:\/\/x.com\/Salzburgerland","https:\/\/www.instagram.com\/salzburgerland\/","https:\/\/at.linkedin.com\/company\/salzburgerland-tourismus-gmbh","https:\/\/www.pinterest.at\/salzburgerland\/","https:\/\/www.youtube.com\/user\/salzburgerland","https:\/\/de.wikipedia.org\/wiki\/SalzburgerLand_Tourismus_GmbH"]},{"@type":"Person","@id":"https:\/\/www.salzburgerland.com\/de\/magazin\/#\/schema\/person\/8871c7c764fce6ea66752310e7fe9e98","name":"Heiko Mandl","description":"Heiko Mandl, geboren 1976 in Salzburg, ist durch den Journalismus zur Fotografie gekommen und ist seit zehn Jahren als selbstst\u00e4ndiger Fotograf und Autor in Salzburg t\u00e4tig. Schon von Kindheit an haben ihn die Berge vor seiner Haust\u00fcr fasziniert. Heute z\u00e4hlen sie unter anderem zu seinem Arbeitsplatz. Er arbeitet f\u00fcr internationale Outdoor- und Reisemagazine sowie zahlreiche Firmen und Agenturen. Luxushotel oder Almh\u00fctte: Ich kann beides genie\u00dfen und ich gehe das nach dem Motto: Alles zur richtigen Zeit und zur passenden Gelegenheit an. Wandern oder Laufen: Auf jeden Fall wandern, ist gem\u00fctlicher und man kann sich mehr auf die Umgebung konzentrieren. Golfplatz oder Klettergarten: Klettergarten, zumindest noch die n\u00e4chsten 20 Jahre. Fr\u00fchling, sommer, herbst oder Winter? Fr\u00fchling und Sommer und Herbst und Winter! Im SalzburgerLand ist es das ganze Jahr traumhaft sch\u00f6n. Wellness oder Mountainbike? Zuerst eine Runde mit dem Mountainbike und dann ab in den Wellnesstempel. Das eine schlie\u00dft das andere nicht aus!","url":"https:\/\/www.salzburgerland.com\/de\/magazin\/author\/heiko-mandl\/"}]}},"_wl_alt_label":[],"wl:entity_url":"http:\/\/open.salzburgerland.com\/magazin\/post\/auf_ski-tour_mit_eva_walkner","_links":{"self":[{"href":"https:\/\/www.salzburgerland.com\/de\/magazin\/wp-json\/wp\/v2\/posts\/128857","targetHints":{"allow":["GET"]}}],"collection":[{"href":"https:\/\/www.salzburgerland.com\/de\/magazin\/wp-json\/wp\/v2\/posts"}],"about":[{"href":"https:\/\/www.salzburgerland.com\/de\/magazin\/wp-json\/wp\/v2\/types\/post"}],"author":[{"embeddable":true,"href":"https:\/\/www.salzburgerland.com\/de\/magazin\/wp-json\/wp\/v2\/users\/10"}],"replies":[{"embeddable":true,"href":"https:\/\/www.salzburgerland.com\/de\/magazin\/wp-json\/wp\/v2\/comments?post=128857"}],"version-history":[{"count":3,"href":"https:\/\/www.salzburgerland.com\/de\/magazin\/wp-json\/wp\/v2\/posts\/128857\/revisions"}],"predecessor-version":[{"id":157260,"href":"https:\/\/www.salzburgerland.com\/de\/magazin\/wp-json\/wp\/v2\/posts\/128857\/revisions\/157260"}],"wp:featuredmedia":[{"embeddable":true,"href":"https:\/\/www.salzburgerland.com\/de\/magazin\/wp-json\/wp\/v2\/media\/128860"}],"wp:attachment":[{"href":"https:\/\/www.salzburgerland.com\/de\/magazin\/wp-json\/wp\/v2\/media?parent=128857"}],"wp:term":[{"taxonomy":"category","embeddable":true,"href":"https:\/\/www.salzburgerland.com\/de\/magazin\/wp-json\/wp\/v2\/categories?post=128857"},{"taxonomy":"post_tag","embeddable":true,"href":"https:\/\/www.salzburgerland.com\/de\/magazin\/wp-json\/wp\/v2\/tags?post=128857"},{"taxonomy":"wl_entity_type","embeddable":true,"href":"https:\/\/www.salzburgerland.com\/de\/magazin\/wp-json\/wp\/v2\/wl_entity_type?post=128857"},{"taxonomy":"monatsauswahl","embeddable":true,"href":"https:\/\/www.salzburgerland.com\/de\/magazin\/wp-json\/wp\/v2\/monatsauswahl?post=128857"}],"curies":[{"name":"wp","href":"https:\/\/api.w.org\/{rel}","templated":true}]}}