{"id":128415,"date":"2021-01-11T08:00:00","date_gmt":"2021-01-11T07:00:00","guid":{"rendered":"https:\/\/www.salzburgerland.com\/de\/magazin\/?p=128415"},"modified":"2021-01-22T10:19:29","modified_gmt":"2021-01-22T09:19:29","slug":"schneeimpressionen-aus-dem-winterwunderland","status":"publish","type":"post","link":"https:\/\/www.salzburgerland.com\/de\/magazin\/schneeimpressionen-aus-dem-winterwunderland\/","title":{"rendered":"Schneeimpressionen aus dem Winterwunderland"},"content":{"rendered":"\n<h2 class=\"wp-block-slt-subtitle\">Wundersch\u00f6ne Winterzeit<\/h2>\n\n\n\n<p class=\"wp-block-slt-intro\">Wenn Frau Holle kr\u00e4ftig ihre Federbetten aussch\u00fcttelt, wird das SalzburgerLand zu einem einzigartigen Winterwunderland. Das Ergebnis kann sich sehen lassen. B\u00e4ume und D\u00e4cher tragen kuschelige Schneehauben, die Wiesen, Felder und W\u00e4lder ruhen unter einer teils meterhohen Schneedecke. Alles glitzert und glimmert im strahlenden Sonnenschein.<\/p>\n\n\n\n<p>Auch unsere Redakteure zieht es bei solch traumhaftem Winterwetter ins Freie. Zur\u00fcck kommen sie mit einer Brise frischer, klarer Luft, roten Backen, wunderbaren Eindr\u00fccken und Erinnerungen und jeder Menge toller Fotos. Die sch\u00f6nsten Impressionen haben wir f\u00fcr Sie zusammengetragen.<\/p>\n\n\n\n<h2 class=\"wp-block-heading\" id=\"h-salzburg-von-oben\">Salzburg von oben<\/h2>\n\n\n\n<figure class=\"wp-block-image size-large\"><img loading=\"lazy\" decoding=\"async\" width=\"1920\" height=\"1280\" src=\"https:\/\/www.salzburgerland.com\/de\/magazin\/wp-content\/uploads\/2021\/01\/R0V8810.jpg\" alt=\"Verschneiter Hang mit Blick auf eine Stadt mit hellen Lichtern in der Abendd\u00e4mmerung, im Hintergrund sind die Berge zu sehen.\" class=\"wp-image-149397\" srcset=\"https:\/\/www.salzburgerland.com\/de\/magazin\/wp-content\/uploads\/2021\/01\/R0V8810.jpg 1920w, https:\/\/www.salzburgerland.com\/de\/magazin\/wp-content\/uploads\/2021\/01\/R0V8810-300x200.jpg 300w, https:\/\/www.salzburgerland.com\/de\/magazin\/wp-content\/uploads\/2021\/01\/R0V8810-1536x1024.jpg 1536w, https:\/\/www.salzburgerland.com\/de\/magazin\/wp-content\/uploads\/2021\/01\/R0V8810-825x550.jpg 825w, https:\/\/www.salzburgerland.com\/de\/magazin\/wp-content\/uploads\/2021\/01\/R0V8810-600x400.jpg 600w, https:\/\/www.salzburgerland.com\/de\/magazin\/wp-content\/uploads\/2021\/01\/R0V8810-1320x880.jpg 1320w, https:\/\/www.salzburgerland.com\/de\/magazin\/wp-content\/uploads\/2021\/01\/R0V8810-150x100.jpg 150w\" sizes=\"auto, (max-width: 1920px) 100vw, 1920px\" \/><figcaption>Blick auf die beleuchtete Stadt Salzburg vom Gaisberggipfel aus  \u00a9 Heiko Mandl<\/figcaption><\/figure>\n\n\n\n<h2 class=\"wp-block-heading\" id=\"h-morgenstimmung-in-wagrain-kleinarl\">Morgenstimmung in Wagrain-Kleinarl<\/h2>\n\n\n\n<figure class=\"wp-block-image size-large\"><img loading=\"lazy\" decoding=\"async\" width=\"2304\" height=\"1728\" src=\"https:\/\/www.salzburgerland.com\/de\/magazin\/wp-content\/uploads\/2021\/01\/morgenstimmung-wagrain-kleinarl-c-daniela-ellmer.jpeg\" alt=\"Verschneites Bergdorf bei Sonnenuntergang mit rosa und lila Himmel, umgeben von schneebedeckten B\u00e4umen und H\u00fcgeln.\" class=\"wp-image-149366\" srcset=\"https:\/\/www.salzburgerland.com\/de\/magazin\/wp-content\/uploads\/2021\/01\/morgenstimmung-wagrain-kleinarl-c-daniela-ellmer.jpeg 2304w, https:\/\/www.salzburgerland.com\/de\/magazin\/wp-content\/uploads\/2021\/01\/morgenstimmung-wagrain-kleinarl-c-daniela-ellmer-300x225.jpeg 300w, https:\/\/www.salzburgerland.com\/de\/magazin\/wp-content\/uploads\/2021\/01\/morgenstimmung-wagrain-kleinarl-c-daniela-ellmer-1536x1152.jpeg 1536w, https:\/\/www.salzburgerland.com\/de\/magazin\/wp-content\/uploads\/2021\/01\/morgenstimmung-wagrain-kleinarl-c-daniela-ellmer-2048x1536.jpeg 2048w, https:\/\/www.salzburgerland.com\/de\/magazin\/wp-content\/uploads\/2021\/01\/morgenstimmung-wagrain-kleinarl-c-daniela-ellmer-733x550.jpeg 733w, https:\/\/www.salzburgerland.com\/de\/magazin\/wp-content\/uploads\/2021\/01\/morgenstimmung-wagrain-kleinarl-c-daniela-ellmer-140x105.jpeg 140w, https:\/\/www.salzburgerland.com\/de\/magazin\/wp-content\/uploads\/2021\/01\/morgenstimmung-wagrain-kleinarl-c-daniela-ellmer-533x400.jpeg 533w, https:\/\/www.salzburgerland.com\/de\/magazin\/wp-content\/uploads\/2021\/01\/morgenstimmung-wagrain-kleinarl-c-daniela-ellmer-960x720.jpeg 960w, https:\/\/www.salzburgerland.com\/de\/magazin\/wp-content\/uploads\/2021\/01\/morgenstimmung-wagrain-kleinarl-c-daniela-ellmer-1320x990.jpeg 1320w, https:\/\/www.salzburgerland.com\/de\/magazin\/wp-content\/uploads\/2021\/01\/morgenstimmung-wagrain-kleinarl-c-daniela-ellmer-853x640.jpeg 853w, https:\/\/www.salzburgerland.com\/de\/magazin\/wp-content\/uploads\/2021\/01\/morgenstimmung-wagrain-kleinarl-c-daniela-ellmer-150x113.jpeg 150w, https:\/\/www.salzburgerland.com\/de\/magazin\/wp-content\/uploads\/2021\/01\/morgenstimmung-wagrain-kleinarl-c-daniela-ellmer-1200x900.jpeg 1200w\" sizes=\"auto, (max-width: 2304px) 100vw, 2304px\" \/><figcaption> Guten Morgen Wagrain, \u00a9 Daniela Ellmer<\/figcaption><\/figure>\n\n\n\n<h2 class=\"wp-block-heading\" id=\"h-mariapfarr-im-salzburger-lungau\">Mariapfarr im Salzburger Lungau<\/h2>\n\n\n<div class=\"mag-gallery\"><div class=\"row\"><div class=\"col-6 col-sm-4\"><figure><a class=\"thumb-container\" href=\"https:\/\/www.salzburgerland.com\/de\/magazin\/wp-content\/uploads\/2021\/01\/Mariapfarr_knauseders_Winter_1-1280x1024.jpeg\">\t<picture><source media=\"(min-width: 576px)\" srcset=\"https:\/\/www.salzburgerland.com\/de\/magazin\/wp-content\/uploads\/2021\/01\/Mariapfarr_knauseders_Winter_1-325x209.jpeg 325w, https:\/\/www.salzburgerland.com\/de\/magazin\/wp-content\/uploads\/2021\/01\/Mariapfarr_knauseders_Winter_1-249x160.jpeg 249w\"><\/source><source media=\"(min-width: 0)\" srcset=\"https:\/\/www.salzburgerland.com\/de\/magazin\/wp-content\/uploads\/2021\/01\/Mariapfarr_knauseders_Winter_1-249x160.jpeg 249w, https:\/\/www.salzburgerland.com\/de\/magazin\/wp-content\/uploads\/2021\/01\/Mariapfarr_knauseders_Winter_1-325x209.jpeg 325w\"><\/source><img decoding=\"async\" alt=\"Schneebedeckte Landschaft mit einem Holzzaun, B&auml;umen und H&uuml;geln bei strahlender Sonne und teilweise bew&ouml;lktem Himmel.\" src=\"https:\/\/www.salzburgerland.com\/de\/magazin\/wp-content\/uploads\/2021\/01\/Mariapfarr_knauseders_Winter_1.jpeg\">\t<\/picture><\/a><\/figure><\/div><div class=\"col-6 col-sm-4\"><figure><a class=\"thumb-container\" href=\"https:\/\/www.salzburgerland.com\/de\/magazin\/wp-content\/uploads\/2021\/01\/Mariapfarr_knauseders_Winter_2-1280x1024.jpeg\">\t<picture><source media=\"(min-width: 576px)\" srcset=\"https:\/\/www.salzburgerland.com\/de\/magazin\/wp-content\/uploads\/2021\/01\/Mariapfarr_knauseders_Winter_2-325x209.jpeg 325w, https:\/\/www.salzburgerland.com\/de\/magazin\/wp-content\/uploads\/2021\/01\/Mariapfarr_knauseders_Winter_2-249x160.jpeg 249w\"><\/source><source media=\"(min-width: 0)\" srcset=\"https:\/\/www.salzburgerland.com\/de\/magazin\/wp-content\/uploads\/2021\/01\/Mariapfarr_knauseders_Winter_2-249x160.jpeg 249w, https:\/\/www.salzburgerland.com\/de\/magazin\/wp-content\/uploads\/2021\/01\/Mariapfarr_knauseders_Winter_2-325x209.jpeg 325w\"><\/source><img decoding=\"async\" alt=\"Schneebedeckte Landschaft mit verstreuten B&auml;umen, H&uuml;geln und einem Holzzaun unter einem bew&ouml;lkten blauen Himmel.\" src=\"https:\/\/www.salzburgerland.com\/de\/magazin\/wp-content\/uploads\/2021\/01\/Mariapfarr_knauseders_Winter_2.jpeg\">\t<\/picture><\/a><\/figure><\/div><div class=\"col-6 col-sm-4\"><figure><a class=\"thumb-container\" href=\"https:\/\/www.salzburgerland.com\/de\/magazin\/wp-content\/uploads\/2021\/01\/Mariapfarr_knauseders_Winter_3-1280x1024.jpeg\">\t<picture><source media=\"(min-width: 576px)\" srcset=\"https:\/\/www.salzburgerland.com\/de\/magazin\/wp-content\/uploads\/2021\/01\/Mariapfarr_knauseders_Winter_3-325x209.jpeg 325w, https:\/\/www.salzburgerland.com\/de\/magazin\/wp-content\/uploads\/2021\/01\/Mariapfarr_knauseders_Winter_3-249x160.jpeg 249w\"><\/source><source media=\"(min-width: 0)\" srcset=\"https:\/\/www.salzburgerland.com\/de\/magazin\/wp-content\/uploads\/2021\/01\/Mariapfarr_knauseders_Winter_3-249x160.jpeg 249w, https:\/\/www.salzburgerland.com\/de\/magazin\/wp-content\/uploads\/2021\/01\/Mariapfarr_knauseders_Winter_3-325x209.jpeg 325w\"><\/source><img decoding=\"async\" alt=\"Schneebedecktes Feld mit vereisten B&auml;umen unter blauem Himmel, Fu&szlig;abdr&uuml;cke im Schnee sichtbar.\" src=\"https:\/\/www.salzburgerland.com\/de\/magazin\/wp-content\/uploads\/2021\/01\/Mariapfarr_knauseders_Winter_3.jpeg\">\t<\/picture><\/a><\/figure><\/div><\/div><figcaption>&copy; Knauseders<\/figcaption><\/div>\n\n\n\n<h2 class=\"wp-block-heading\" id=\"h-unterwegs-in-der-mozartstadt\">Unterwegs in der Mozartstadt<\/h2>\n\n\n\n<figure class=\"wp-block-image size-large\"><img loading=\"lazy\" decoding=\"async\" width=\"1600\" height=\"1200\" src=\"https:\/\/www.salzburgerland.com\/de\/magazin\/wp-content\/uploads\/2019\/01\/Gunter-Baumgartner.jpg\" alt=\"Ein ruhiger Fluss flie\u00dft durch eine verschneite Stadt mit Kircht\u00fcrmen und H\u00fcgeln unter einem teilweise bew\u00f6lkten blauen Himmel.\" class=\"wp-image-128419\" srcset=\"https:\/\/www.salzburgerland.com\/de\/magazin\/wp-content\/uploads\/2019\/01\/Gunter-Baumgartner.jpg 1600w, https:\/\/www.salzburgerland.com\/de\/magazin\/wp-content\/uploads\/2019\/01\/Gunter-Baumgartner-300x225.jpg 300w, https:\/\/www.salzburgerland.com\/de\/magazin\/wp-content\/uploads\/2019\/01\/Gunter-Baumgartner-733x550.jpg 733w, https:\/\/www.salzburgerland.com\/de\/magazin\/wp-content\/uploads\/2019\/01\/Gunter-Baumgartner-140x105.jpg 140w, https:\/\/www.salzburgerland.com\/de\/magazin\/wp-content\/uploads\/2019\/01\/Gunter-Baumgartner-533x400.jpg 533w, https:\/\/www.salzburgerland.com\/de\/magazin\/wp-content\/uploads\/2019\/01\/Gunter-Baumgartner-960x720.jpg 960w, https:\/\/www.salzburgerland.com\/de\/magazin\/wp-content\/uploads\/2019\/01\/Gunter-Baumgartner-1320x990.jpg 1320w, https:\/\/www.salzburgerland.com\/de\/magazin\/wp-content\/uploads\/2019\/01\/Gunter-Baumgartner-1200x900.jpg 1200w\" sizes=\"auto, (max-width: 1600px) 100vw, 1600px\" \/><figcaption>Blick \u00fcber die Salzach Richtung M\u00fclln \u00a9 G\u00fcnter Baumgartner <\/figcaption><\/figure>\n\n\n\n<figure class=\"wp-block-image size-large\"><img loading=\"lazy\" decoding=\"async\" width=\"1920\" height=\"1440\" src=\"https:\/\/www.salzburgerland.com\/de\/magazin\/wp-content\/uploads\/2021\/01\/Freisaal.jpg\" alt=\"Schneebedecktes Schilf und B\u00e4ume spiegeln sich in einem teilweise zugefrorenen Teich an einem kalten Wintertag.\" class=\"wp-image-149373\" srcset=\"https:\/\/www.salzburgerland.com\/de\/magazin\/wp-content\/uploads\/2021\/01\/Freisaal.jpg 1920w, https:\/\/www.salzburgerland.com\/de\/magazin\/wp-content\/uploads\/2021\/01\/Freisaal-300x225.jpg 300w, https:\/\/www.salzburgerland.com\/de\/magazin\/wp-content\/uploads\/2021\/01\/Freisaal-1536x1152.jpg 1536w, https:\/\/www.salzburgerland.com\/de\/magazin\/wp-content\/uploads\/2021\/01\/Freisaal-733x550.jpg 733w, https:\/\/www.salzburgerland.com\/de\/magazin\/wp-content\/uploads\/2021\/01\/Freisaal-140x105.jpg 140w, https:\/\/www.salzburgerland.com\/de\/magazin\/wp-content\/uploads\/2021\/01\/Freisaal-533x400.jpg 533w, https:\/\/www.salzburgerland.com\/de\/magazin\/wp-content\/uploads\/2021\/01\/Freisaal-960x720.jpg 960w, https:\/\/www.salzburgerland.com\/de\/magazin\/wp-content\/uploads\/2021\/01\/Freisaal-1320x990.jpg 1320w, https:\/\/www.salzburgerland.com\/de\/magazin\/wp-content\/uploads\/2021\/01\/Freisaal-853x640.jpg 853w, https:\/\/www.salzburgerland.com\/de\/magazin\/wp-content\/uploads\/2021\/01\/Freisaal-150x113.jpg 150w, https:\/\/www.salzburgerland.com\/de\/magazin\/wp-content\/uploads\/2021\/01\/Freisaal-1200x900.jpg 1200w\" sizes=\"auto, (max-width: 1920px) 100vw, 1920px\" \/><figcaption>Spaziergang durch Freisaal \u00a9 Ulli Hammerl<\/figcaption><\/figure>\n\n\n\n<h2 class=\"wp-block-heading\" id=\"h-zuhause-im-home-of-l-ssig-saalbach-hinterglemm\">Zuhause im Home of L\u00e4ssig &#8211; Saalbach Hinterglemm<\/h2>\n\n\n<div class=\"mag-gallery\"><div class=\"row\"><div class=\"col-6 col-sm-4\"><figure><a class=\"thumb-container\" href=\"https:\/\/www.salzburgerland.com\/de\/magazin\/wp-content\/uploads\/2021\/01\/Home-of-Laessig_1-1280x1024.jpeg\">\t<picture><source media=\"(min-width: 576px)\" srcset=\"https:\/\/www.salzburgerland.com\/de\/magazin\/wp-content\/uploads\/2021\/01\/Home-of-Laessig_1-325x209.jpeg 325w, https:\/\/www.salzburgerland.com\/de\/magazin\/wp-content\/uploads\/2021\/01\/Home-of-Laessig_1-249x160.jpeg 249w\"><\/source><source media=\"(min-width: 0)\" srcset=\"https:\/\/www.salzburgerland.com\/de\/magazin\/wp-content\/uploads\/2021\/01\/Home-of-Laessig_1-249x160.jpeg 249w, https:\/\/www.salzburgerland.com\/de\/magazin\/wp-content\/uploads\/2021\/01\/Home-of-Laessig_1-325x209.jpeg 325w\"><\/source><img decoding=\"async\" alt=\"Wolken f&uuml;llen ein Gebirgstal bei Sonnenuntergang, mit schneebedeckten Gipfeln und buntem Himmel im Hintergrund.\" src=\"https:\/\/www.salzburgerland.com\/de\/magazin\/wp-content\/uploads\/2021\/01\/Home-of-Laessig_1.jpeg\">\t<\/picture><\/a><\/figure><\/div><div class=\"col-6 col-sm-4\"><figure><a class=\"thumb-container\" href=\"https:\/\/www.salzburgerland.com\/de\/magazin\/wp-content\/uploads\/2021\/01\/Home-of-Laessig_2-1280x1024.jpeg\">\t<picture><source media=\"(min-width: 576px)\" srcset=\"https:\/\/www.salzburgerland.com\/de\/magazin\/wp-content\/uploads\/2021\/01\/Home-of-Laessig_2-325x209.jpeg 325w, https:\/\/www.salzburgerland.com\/de\/magazin\/wp-content\/uploads\/2021\/01\/Home-of-Laessig_2-249x160.jpeg 249w\"><\/source><source media=\"(min-width: 0)\" srcset=\"https:\/\/www.salzburgerland.com\/de\/magazin\/wp-content\/uploads\/2021\/01\/Home-of-Laessig_2-249x160.jpeg 249w, https:\/\/www.salzburgerland.com\/de\/magazin\/wp-content\/uploads\/2021\/01\/Home-of-Laessig_2-325x209.jpeg 325w\"><\/source><img decoding=\"async\" alt=\"Schneebedeckte Berge bei Sonnenuntergang, mit einem bunten Himmel und Kiefern auf der linken Seite.\" src=\"https:\/\/www.salzburgerland.com\/de\/magazin\/wp-content\/uploads\/2021\/01\/Home-of-Laessig_2.jpeg\">\t<\/picture><\/a><\/figure><\/div><div class=\"col-6 col-sm-4\"><figure><a class=\"thumb-container\" href=\"https:\/\/www.salzburgerland.com\/de\/magazin\/wp-content\/uploads\/2021\/01\/Home-of-Laessig_3-1280x1024.jpeg\">\t<picture><source media=\"(min-width: 576px)\" srcset=\"\"><\/source><source media=\"(min-width: 0)\" srcset=\"https:\/\/www.salzburgerland.com\/de\/magazin\/wp-content\/uploads\/2021\/01\/Home-of-Laessig_3.jpeg 819w, https:\/\/www.salzburgerland.com\/de\/magazin\/wp-content\/uploads\/2021\/01\/Home-of-Laessig_3-240x300.jpeg 240w, https:\/\/www.salzburgerland.com\/de\/magazin\/wp-content\/uploads\/2021\/01\/Home-of-Laessig_3-440x550.jpeg 440w, https:\/\/www.salzburgerland.com\/de\/magazin\/wp-content\/uploads\/2021\/01\/Home-of-Laessig_3-320x400.jpeg 320w, https:\/\/www.salzburgerland.com\/de\/magazin\/wp-content\/uploads\/2021\/01\/Home-of-Laessig_3-150x188.jpeg 150w\"><\/source><img decoding=\"async\" alt=\"Schneebedeckte Kiefern an einem Berghang bei Sonnenuntergang, mit farbigem Himmel und entfernten Gipfeln.\" src=\"https:\/\/www.salzburgerland.com\/de\/magazin\/wp-content\/uploads\/2021\/01\/Home-of-Laessig_3.jpeg\">\t<\/picture><\/a><\/figure><\/div><\/div><figcaption>&copy; Edith Danzer<\/figcaption><\/div>\n\n\n\n<h2 class=\"wp-block-heading\" id=\"h-malerisches-bluntautal\">Malerisches Bluntautal<\/h2>\n\n\n<div class=\"mag-gallery\"><div class=\"row\"><div class=\"col-6 col-sm-4\"><figure><a class=\"thumb-container\" href=\"https:\/\/www.salzburgerland.com\/de\/magazin\/wp-content\/uploads\/2019\/01\/Magdalena-2-1280x1024.jpg\">\t<picture><source media=\"(min-width: 576px)\" srcset=\"https:\/\/www.salzburgerland.com\/de\/magazin\/wp-content\/uploads\/2019\/01\/Magdalena-2-325x209.jpg 325w, https:\/\/www.salzburgerland.com\/de\/magazin\/wp-content\/uploads\/2019\/01\/Magdalena-2-249x160.jpg 249w\"><\/source><source media=\"(min-width: 0)\" srcset=\"https:\/\/www.salzburgerland.com\/de\/magazin\/wp-content\/uploads\/2019\/01\/Magdalena-2-249x160.jpg 249w, https:\/\/www.salzburgerland.com\/de\/magazin\/wp-content\/uploads\/2019\/01\/Magdalena-2-325x209.jpg 325w\"><\/source><img decoding=\"async\" alt=\"Schneebedeckte Landschaft mit Bergen, B&auml;umen und einem See unter einem bew&ouml;lkten Himmel im Winter.\" src=\"https:\/\/www.salzburgerland.com\/de\/magazin\/wp-content\/uploads\/2019\/01\/Magdalena-2.jpg\">\t<\/picture><\/a><\/figure><\/div><div class=\"col-6 col-sm-4\"><figure><a class=\"thumb-container\" href=\"https:\/\/www.salzburgerland.com\/de\/magazin\/wp-content\/uploads\/2019\/01\/Magdalena-1-1280x1024.jpg\">\t<picture><source media=\"(min-width: 576px)\" srcset=\"https:\/\/www.salzburgerland.com\/de\/magazin\/wp-content\/uploads\/2019\/01\/Magdalena-1-325x209.jpg 325w, https:\/\/www.salzburgerland.com\/de\/magazin\/wp-content\/uploads\/2019\/01\/Magdalena-1-249x160.jpg 249w\"><\/source><source media=\"(min-width: 0)\" srcset=\"https:\/\/www.salzburgerland.com\/de\/magazin\/wp-content\/uploads\/2019\/01\/Magdalena-1-249x160.jpg 249w, https:\/\/www.salzburgerland.com\/de\/magazin\/wp-content\/uploads\/2019\/01\/Magdalena-1-325x209.jpg 325w\"><\/source><img decoding=\"async\" alt=\"Schneebedeckter Baum und gro&szlig;e Schneehaufen unter einem klaren blauen Himmel mit Bergen im Hintergrund.\" src=\"https:\/\/www.salzburgerland.com\/de\/magazin\/wp-content\/uploads\/2019\/01\/Magdalena-1.jpg\">\t<\/picture><\/a><\/figure><\/div><div class=\"col-6 col-sm-4\"><figure><a class=\"thumb-container\" href=\"https:\/\/www.salzburgerland.com\/de\/magazin\/wp-content\/uploads\/2019\/01\/Magdalena-4-1280x1024.jpg\">\t<picture><source media=\"(min-width: 576px)\" srcset=\"https:\/\/www.salzburgerland.com\/de\/magazin\/wp-content\/uploads\/2019\/01\/Magdalena-4-325x209.jpg 325w, https:\/\/www.salzburgerland.com\/de\/magazin\/wp-content\/uploads\/2019\/01\/Magdalena-4-249x160.jpg 249w\"><\/source><source media=\"(min-width: 0)\" srcset=\"https:\/\/www.salzburgerland.com\/de\/magazin\/wp-content\/uploads\/2019\/01\/Magdalena-4-249x160.jpg 249w, https:\/\/www.salzburgerland.com\/de\/magazin\/wp-content\/uploads\/2019\/01\/Magdalena-4-325x209.jpg 325w\"><\/source><img decoding=\"async\" alt=\"Nahaufnahme von Reifkristallen, die eine Oberfl&auml;che bedecken und im nat&uuml;rlichen Licht glitzern.\" src=\"https:\/\/www.salzburgerland.com\/de\/magazin\/wp-content\/uploads\/2019\/01\/Magdalena-4.jpg\">\t<\/picture><\/a><\/figure><\/div><\/div><figcaption>&copy; Magdalena Lublasser<\/figcaption><\/div>\n\n\n\n<h2 class=\"wp-block-heading\" id=\"h-winterwandern-am-krispler-h-henweg\">Winterwandern am Krispler H\u00f6henweg<\/h2>\n\n\n\n<figure class=\"wp-block-image size-large\"><img loading=\"lazy\" decoding=\"async\" width=\"1920\" height=\"1440\" src=\"https:\/\/www.salzburgerland.com\/de\/magazin\/wp-content\/uploads\/2021\/01\/Krispl.jpg\" alt=\"Schneebedecktes Feld mit Baumgrenze; Berge und Wolken im Hintergrund unter einer hellen Sonne.\" class=\"wp-image-149377\" srcset=\"https:\/\/www.salzburgerland.com\/de\/magazin\/wp-content\/uploads\/2021\/01\/Krispl.jpg 1920w, https:\/\/www.salzburgerland.com\/de\/magazin\/wp-content\/uploads\/2021\/01\/Krispl-300x225.jpg 300w, https:\/\/www.salzburgerland.com\/de\/magazin\/wp-content\/uploads\/2021\/01\/Krispl-1536x1152.jpg 1536w, https:\/\/www.salzburgerland.com\/de\/magazin\/wp-content\/uploads\/2021\/01\/Krispl-733x550.jpg 733w, https:\/\/www.salzburgerland.com\/de\/magazin\/wp-content\/uploads\/2021\/01\/Krispl-140x105.jpg 140w, https:\/\/www.salzburgerland.com\/de\/magazin\/wp-content\/uploads\/2021\/01\/Krispl-533x400.jpg 533w, https:\/\/www.salzburgerland.com\/de\/magazin\/wp-content\/uploads\/2021\/01\/Krispl-960x720.jpg 960w, https:\/\/www.salzburgerland.com\/de\/magazin\/wp-content\/uploads\/2021\/01\/Krispl-1320x990.jpg 1320w, https:\/\/www.salzburgerland.com\/de\/magazin\/wp-content\/uploads\/2021\/01\/Krispl-853x640.jpg 853w, https:\/\/www.salzburgerland.com\/de\/magazin\/wp-content\/uploads\/2021\/01\/Krispl-150x113.jpg 150w, https:\/\/www.salzburgerland.com\/de\/magazin\/wp-content\/uploads\/2021\/01\/Krispl-1200x900.jpg 1200w\" sizes=\"auto, (max-width: 1920px) 100vw, 1920px\" \/><figcaption>\u00a9 Ulli Hammerl<\/figcaption><\/figure>\n\n\n\n<h2 class=\"wp-block-heading\" id=\"h-mit-den-schneeschuhen-unterwegs-in-der-tiefbrunnau\">Mit den Schneeschuhen unterwegs in der Tiefbrunnau<\/h2>\n\n\n<div class=\"mag-gallery\"><div class=\"row\"><div class=\"col-6 col-sm-4\"><figure><a class=\"thumb-container\" href=\"https:\/\/www.salzburgerland.com\/de\/magazin\/wp-content\/uploads\/2021\/01\/Hinterse_grubealm-1280x1024.jpeg\">\t<picture><source media=\"(min-width: 576px)\" srcset=\"\"><\/source><source media=\"(min-width: 0)\" srcset=\"https:\/\/www.salzburgerland.com\/de\/magazin\/wp-content\/uploads\/2021\/01\/Hinterse_grubealm.jpeg 1536w, https:\/\/www.salzburgerland.com\/de\/magazin\/wp-content\/uploads\/2021\/01\/Hinterse_grubealm-225x300.jpeg 225w, https:\/\/www.salzburgerland.com\/de\/magazin\/wp-content\/uploads\/2021\/01\/Hinterse_grubealm-1152x1536.jpeg 1152w, https:\/\/www.salzburgerland.com\/de\/magazin\/wp-content\/uploads\/2021\/01\/Hinterse_grubealm-413x550.jpeg 413w, https:\/\/www.salzburgerland.com\/de\/magazin\/wp-content\/uploads\/2021\/01\/Hinterse_grubealm-300x400.jpeg 300w, https:\/\/www.salzburgerland.com\/de\/magazin\/wp-content\/uploads\/2021\/01\/Hinterse_grubealm-1320x1760.jpeg 1320w, https:\/\/www.salzburgerland.com\/de\/magazin\/wp-content\/uploads\/2021\/01\/Hinterse_grubealm-640x853.jpeg 640w, https:\/\/www.salzburgerland.com\/de\/magazin\/wp-content\/uploads\/2021\/01\/Hinterse_grubealm-150x200.jpeg 150w\"><\/source><img decoding=\"async\" alt=\"Nahaufnahme einer frostigen Wildblume mit zarten Eiskristallen vor einem verschneiten Winterhintergrund im Sonnenlicht.\" src=\"https:\/\/www.salzburgerland.com\/de\/magazin\/wp-content\/uploads\/2021\/01\/Hinterse_grubealm.jpeg\">\t<\/picture><\/a><\/figure><\/div><div class=\"col-6 col-sm-4\"><figure><a class=\"thumb-container\" href=\"https:\/\/www.salzburgerland.com\/de\/magazin\/wp-content\/uploads\/2021\/01\/Hintersee_Zoelferhorn-1280x1024.jpeg\">\t<picture><source media=\"(min-width: 576px)\" srcset=\"\"><\/source><source media=\"(min-width: 0)\" srcset=\"https:\/\/www.salzburgerland.com\/de\/magazin\/wp-content\/uploads\/2021\/01\/Hintersee_Zoelferhorn.jpeg 1536w, https:\/\/www.salzburgerland.com\/de\/magazin\/wp-content\/uploads\/2021\/01\/Hintersee_Zoelferhorn-225x300.jpeg 225w, https:\/\/www.salzburgerland.com\/de\/magazin\/wp-content\/uploads\/2021\/01\/Hintersee_Zoelferhorn-1152x1536.jpeg 1152w, https:\/\/www.salzburgerland.com\/de\/magazin\/wp-content\/uploads\/2021\/01\/Hintersee_Zoelferhorn-413x550.jpeg 413w, https:\/\/www.salzburgerland.com\/de\/magazin\/wp-content\/uploads\/2021\/01\/Hintersee_Zoelferhorn-300x400.jpeg 300w, https:\/\/www.salzburgerland.com\/de\/magazin\/wp-content\/uploads\/2021\/01\/Hintersee_Zoelferhorn-1320x1760.jpeg 1320w, https:\/\/www.salzburgerland.com\/de\/magazin\/wp-content\/uploads\/2021\/01\/Hintersee_Zoelferhorn-640x853.jpeg 640w, https:\/\/www.salzburgerland.com\/de\/magazin\/wp-content\/uploads\/2021\/01\/Hintersee_Zoelferhorn-150x200.jpeg 150w\"><\/source><img decoding=\"async\" alt=\"Ein verschneiter H&uuml;gel mit Fu&szlig;spuren, die zu blattlosen B&auml;umen unter einem strahlend blauen Himmel mit Wolkenfetzen f&uuml;hren.\" src=\"https:\/\/www.salzburgerland.com\/de\/magazin\/wp-content\/uploads\/2021\/01\/Hintersee_Zoelferhorn.jpeg\">\t<\/picture><\/a><\/figure><\/div><div class=\"col-6 col-sm-4\"><figure><a class=\"thumb-container\" href=\"https:\/\/www.salzburgerland.com\/de\/magazin\/wp-content\/uploads\/2021\/01\/Tiefbrunnau-1280x1024.jpg\">\t<picture><source media=\"(min-width: 576px)\" srcset=\"https:\/\/www.salzburgerland.com\/de\/magazin\/wp-content\/uploads\/2021\/01\/Tiefbrunnau-325x209.jpg 325w, https:\/\/www.salzburgerland.com\/de\/magazin\/wp-content\/uploads\/2021\/01\/Tiefbrunnau-249x160.jpg 249w\"><\/source><source media=\"(min-width: 0)\" srcset=\"https:\/\/www.salzburgerland.com\/de\/magazin\/wp-content\/uploads\/2021\/01\/Tiefbrunnau-249x160.jpg 249w, https:\/\/www.salzburgerland.com\/de\/magazin\/wp-content\/uploads\/2021\/01\/Tiefbrunnau-325x209.jpg 325w\"><\/source><img decoding=\"async\" alt=\"Eine Person in Winterkleidung wirft in einem verschneiten Wald mit hohen Kiefern Schnee in die Luft.\" src=\"https:\/\/www.salzburgerland.com\/de\/magazin\/wp-content\/uploads\/2021\/01\/Tiefbrunnau.jpg\">\t<\/picture><\/a><\/figure><\/div><\/div><figcaption>&copy; Ulli Hammerl<\/figcaption><\/div>\n\n\n\n<h2 class=\"wp-block-heading\" id=\"h-winterimpressionen-vom-gaisberg\">Winterimpressionen vom Gaisberg<\/h2>\n\n\n<div class=\"mag-gallery\"><div class=\"row\"><div class=\"col-6 col-sm-4\"><figure><a class=\"thumb-container\" href=\"https:\/\/www.salzburgerland.com\/de\/magazin\/wp-content\/uploads\/2019\/01\/Ulli-3-1280x1024.jpg\">\t<picture><source media=\"(min-width: 576px)\" srcset=\"\"><\/source><source media=\"(min-width: 0)\" srcset=\"https:\/\/www.salzburgerland.com\/de\/magazin\/wp-content\/uploads\/2019\/01\/Ulli-3.jpg 1200w, https:\/\/www.salzburgerland.com\/de\/magazin\/wp-content\/uploads\/2019\/01\/Ulli-3-225x300.jpg 225w, https:\/\/www.salzburgerland.com\/de\/magazin\/wp-content\/uploads\/2019\/01\/Ulli-3-413x550.jpg 413w, https:\/\/www.salzburgerland.com\/de\/magazin\/wp-content\/uploads\/2019\/01\/Ulli-3-300x400.jpg 300w\"><\/source><img decoding=\"async\" alt=\"Schneebedeckte Zweige mit roten Beeren im Winter, die einen starken Kontrast zum wei&szlig;en Hintergrund bilden.\" src=\"https:\/\/www.salzburgerland.com\/de\/magazin\/wp-content\/uploads\/2019\/01\/Ulli-3.jpg\">\t<\/picture><\/a><\/figure><\/div><div class=\"col-6 col-sm-4\"><figure><a class=\"thumb-container\" href=\"https:\/\/www.salzburgerland.com\/de\/magazin\/wp-content\/uploads\/2019\/01\/Ulli-2-1280x1024.jpg\">\t<picture><source media=\"(min-width: 576px)\" srcset=\"https:\/\/www.salzburgerland.com\/de\/magazin\/wp-content\/uploads\/2019\/01\/Ulli-2-325x209.jpg 325w, https:\/\/www.salzburgerland.com\/de\/magazin\/wp-content\/uploads\/2019\/01\/Ulli-2-249x160.jpg 249w\"><\/source><source media=\"(min-width: 0)\" srcset=\"https:\/\/www.salzburgerland.com\/de\/magazin\/wp-content\/uploads\/2019\/01\/Ulli-2-249x160.jpg 249w, https:\/\/www.salzburgerland.com\/de\/magazin\/wp-content\/uploads\/2019\/01\/Ulli-2-325x209.jpg 325w\"><\/source><img decoding=\"async\" alt=\"Eine Person steht auf einem verschneiten Feld unter strahlender Sonne, mit Bergen und B&auml;umen im Hintergrund.\" src=\"https:\/\/www.salzburgerland.com\/de\/magazin\/wp-content\/uploads\/2019\/01\/Ulli-2.jpg\">\t<\/picture><\/a><\/figure><\/div><div class=\"col-6 col-sm-4\"><figure><a class=\"thumb-container\" href=\"https:\/\/www.salzburgerland.com\/de\/magazin\/wp-content\/uploads\/2019\/01\/Ulli-1280x1024.jpg\">\t<picture><source media=\"(min-width: 576px)\" srcset=\"\"><\/source><source media=\"(min-width: 0)\" srcset=\"https:\/\/www.salzburgerland.com\/de\/magazin\/wp-content\/uploads\/2019\/01\/Ulli.jpg 1200w, https:\/\/www.salzburgerland.com\/de\/magazin\/wp-content\/uploads\/2019\/01\/Ulli-225x300.jpg 225w, https:\/\/www.salzburgerland.com\/de\/magazin\/wp-content\/uploads\/2019\/01\/Ulli-413x550.jpg 413w, https:\/\/www.salzburgerland.com\/de\/magazin\/wp-content\/uploads\/2019\/01\/Ulli-300x400.jpg 300w\"><\/source><img decoding=\"async\" alt=\"Verschneiter Berghang mit Sonnenlicht, das &uuml;ber einen bewaldeten Hang scheint und Schatten auf den strahlend wei&szlig;en Schnee wirft.\" src=\"https:\/\/www.salzburgerland.com\/de\/magazin\/wp-content\/uploads\/2019\/01\/Ulli.jpg\">\t<\/picture><\/a><\/figure><\/div><\/div><figcaption>&copy; Ulli Hammerl<\/figcaption><\/div>\n\n\n\n<h2 class=\"wp-block-heading\" id=\"h-rund-um-den-hintersee\">Rund um den Hintersee<\/h2>\n\n\n<div class=\"mag-gallery\"><div class=\"row\"><div class=\"col-6 col-sm-4\"><figure><a class=\"thumb-container\" href=\"https:\/\/www.salzburgerland.com\/de\/magazin\/wp-content\/uploads\/2021\/01\/IMG_5070-scaled-e1610096697187-1280x1024.jpg\">\t<picture><source media=\"(min-width: 576px)\" srcset=\"https:\/\/www.salzburgerland.com\/de\/magazin\/wp-content\/uploads\/2021\/01\/IMG_5070-scaled-e1610096697187-325x209.jpg 325w, https:\/\/www.salzburgerland.com\/de\/magazin\/wp-content\/uploads\/2021\/01\/IMG_5070-scaled-e1610096697187-249x160.jpg 249w\"><\/source><source media=\"(min-width: 0)\" srcset=\"https:\/\/www.salzburgerland.com\/de\/magazin\/wp-content\/uploads\/2021\/01\/IMG_5070-scaled-e1610096697187-249x160.jpg 249w, https:\/\/www.salzburgerland.com\/de\/magazin\/wp-content\/uploads\/2021\/01\/IMG_5070-scaled-e1610096697187-325x209.jpg 325w\"><\/source><img decoding=\"async\" alt=\"Klarer See mit sichtbaren Steinen, umgeben von verschneiten H&uuml;geln und B&auml;umen, unter einem bew&ouml;lkten Himmel.\" src=\"https:\/\/www.salzburgerland.com\/de\/magazin\/wp-content\/uploads\/2021\/01\/IMG_5070-scaled.jpg\">\t<\/picture><figcaption>&copy; Anke Eder<\/figcaption><\/a><\/figure><\/div><div class=\"col-6 col-sm-4\"><figure><a class=\"thumb-container\" href=\"https:\/\/www.salzburgerland.com\/de\/magazin\/wp-content\/uploads\/2019\/01\/christinaschreibt_hintersee-1280x1024.jpg\">\t<picture><source media=\"(min-width: 576px)\" srcset=\"https:\/\/www.salzburgerland.com\/de\/magazin\/wp-content\/uploads\/2019\/01\/christinaschreibt_hintersee-325x209.jpg 325w, https:\/\/www.salzburgerland.com\/de\/magazin\/wp-content\/uploads\/2019\/01\/christinaschreibt_hintersee-249x160.jpg 249w\"><\/source><source media=\"(min-width: 0)\" srcset=\"https:\/\/www.salzburgerland.com\/de\/magazin\/wp-content\/uploads\/2019\/01\/christinaschreibt_hintersee-249x160.jpg 249w, https:\/\/www.salzburgerland.com\/de\/magazin\/wp-content\/uploads\/2019\/01\/christinaschreibt_hintersee-325x209.jpg 325w\"><\/source><img decoding=\"async\" alt=\"Nahaufnahme von Eiskristallen, die sich auf Zweigen bilden, mit einer verschneiten Landschaft und verschwommenen B&auml;umen im Hintergrund.\" src=\"https:\/\/www.salzburgerland.com\/de\/magazin\/wp-content\/uploads\/2019\/01\/christinaschreibt_hintersee.jpg\">\t<\/picture><figcaption>&copy; Christina Knauseder-Czipek<\/figcaption><\/a><\/figure><\/div><div class=\"col-6 col-sm-4\"><figure><a class=\"thumb-container\" href=\"https:\/\/www.salzburgerland.com\/de\/magazin\/wp-content\/uploads\/2019\/01\/christina_hintersee_4-1280x1024.jpg\">\t<picture><source media=\"(min-width: 576px)\" srcset=\"https:\/\/www.salzburgerland.com\/de\/magazin\/wp-content\/uploads\/2019\/01\/christina_hintersee_4-325x209.jpg 325w, https:\/\/www.salzburgerland.com\/de\/magazin\/wp-content\/uploads\/2019\/01\/christina_hintersee_4-249x160.jpg 249w\"><\/source><source media=\"(min-width: 0)\" srcset=\"https:\/\/www.salzburgerland.com\/de\/magazin\/wp-content\/uploads\/2019\/01\/christina_hintersee_4-249x160.jpg 249w, https:\/\/www.salzburgerland.com\/de\/magazin\/wp-content\/uploads\/2019\/01\/christina_hintersee_4-325x209.jpg 325w\"><\/source><img decoding=\"async\" alt=\"Verschneites Seeufer mit vereisten B&auml;umen, entfernten H&uuml;geln und Sonnenlicht, das sich unter einem bew&ouml;lkten Himmel auf dem Wasser spiegelt.\" src=\"https:\/\/www.salzburgerland.com\/de\/magazin\/wp-content\/uploads\/2019\/01\/christina_hintersee_4.jpg\">\t<\/picture><figcaption>&copy; Christina Knauseder-Czipek<\/figcaption><\/a><\/figure><\/div><\/div><figcaption><\/figcaption><\/div>\n\n\n\n<p><\/p>\n","protected":false},"excerpt":{"rendered":"<p>Auch unsere Redakteure zieht es bei solch traumhaftem Winterwetter ins Freie. Zur\u00fcck kommen sie mit einer Brise frischer, klarer Luft, roten Backen, wunderbaren Eindr\u00fccken und Erinnerungen und jeder Menge toller Fotos. Die sch\u00f6nsten Impressionen haben wir f\u00fcr Sie zusammengetragen. Salzburg von oben Morgenstimmung in Wagrain-Kleinarl Mariapfarr im Salzburger Lungau Unterwegs in der Mozartstadt Zuhause im [&hellip;]<\/p>\n","protected":false},"author":519,"featured_media":128417,"comment_status":"open","ping_status":"open","sticky":false,"template":"","format":"standard","meta":{"_acf_changed":false,"wl_entities_gutenberg":"","_wl_entity_redirect_enabled":"","footnotes":""},"categories":[8],"tags":[],"wl_entity_type":[306],"monatsauswahl":[82,83],"class_list":["post-128415","post","type-post","status-publish","format-standard","has-post-thumbnail","hentry","category-outdoor-sport","wl_entity_type-article","monatsauswahl-monat_1","monatsauswahl-monat_2"],"acf":[],"yoast_head":"<!-- This site is optimized with the Yoast SEO Premium plugin v27.4 (Yoast SEO v27.4) - https:\/\/yoast.com\/product\/yoast-seo-premium-wordpress\/ -->\n<title>Schneeimpressionen aus dem Winterwunderland - SalzburgerLand Magazin<\/title>\n<meta name=\"description\" content=\"Wenn Frau Holle kr\u00e4ftig ihre Federbetten aussch\u00fcttelt, wird das SalzburgerLand zu einem einzigartigen Winterwunderland. Das Ergebnis kann sich sehen lassen. B\u00e4ume und D\u00e4cher tragen kuschelige Schneehauben, die Wiesen, Felder und W\u00e4lder ruhen unter einer teils meterhohen Schneedecke. Alles glitzert und glimmert im strahlenden Sonnenschein.\" \/>\n<meta name=\"robots\" content=\"index, follow, max-snippet:-1, max-image-preview:large, max-video-preview:-1\" \/>\n<link rel=\"canonical\" href=\"https:\/\/www.salzburgerland.com\/de\/magazin\/schneeimpressionen-aus-dem-winterwunderland\/\" \/>\n<meta property=\"og:locale\" content=\"de_DE\" \/>\n<meta property=\"og:type\" content=\"article\" \/>\n<meta property=\"og:title\" content=\"Schneeimpressionen aus dem Winterwunderland\" \/>\n<meta property=\"og:description\" content=\"Auch unsere Redakteure zieht es bei solch traumhaftem Winterwetter ins Freie. Zur\u00fcck kommen sie mit einer Brise frischer, klarer Luft, roten Backen, wunderbaren Eindr\u00fccken und Erinnerungen und jeder Menge toller Fotos. Die sch\u00f6nsten Impressionen haben wir f\u00fcr Sie zusammengetragen. Salzburg von oben Morgenstimmung in Wagrain-Kleinarl Mariapfarr im Salzburger Lungau Unterwegs in der Mozartstadt Zuhause im [&hellip;]\" \/>\n<meta property=\"og:url\" content=\"https:\/\/www.salzburgerland.com\/de\/magazin\/schneeimpressionen-aus-dem-winterwunderland\/\" \/>\n<meta property=\"og:site_name\" content=\"SalzburgerLand Magazin\" \/>\n<meta property=\"article:publisher\" content=\"https:\/\/www.facebook.com\/salzburgerland\/\" \/>\n<meta property=\"article:published_time\" content=\"2021-01-11T07:00:00+00:00\" \/>\n<meta property=\"article:modified_time\" content=\"2021-01-22T09:19:29+00:00\" \/>\n<meta property=\"og:image\" content=\"https:\/\/www.salzburgerland.com\/de\/magazin\/wp-content\/uploads\/2019\/01\/christinaschreibt_hintersee.jpg\" \/>\n\t<meta property=\"og:image:width\" content=\"1600\" \/>\n\t<meta property=\"og:image:height\" content=\"1200\" \/>\n\t<meta property=\"og:image:type\" content=\"image\/jpeg\" \/>\n<meta name=\"author\" content=\"SalzburgerLand Redaktion\" \/>\n<meta name=\"twitter:card\" content=\"summary_large_image\" \/>\n<meta name=\"twitter:creator\" content=\"@Salzburgerland\" \/>\n<meta name=\"twitter:site\" content=\"@Salzburgerland\" \/>\n<meta name=\"twitter:label1\" content=\"Verfasst von\" \/>\n\t<meta name=\"twitter:data1\" content=\"SalzburgerLand Redaktion\" \/>\n\t<meta name=\"twitter:label2\" content=\"Gesch\u00e4tzte Lesezeit\" \/>\n\t<meta name=\"twitter:data2\" content=\"6\u00a0Minuten\" \/>\n<script type=\"application\/ld+json\" class=\"yoast-schema-graph\">{\"@context\":\"https:\\\/\\\/schema.org\",\"@graph\":[{\"@type\":\"Article\",\"@id\":\"https:\\\/\\\/www.salzburgerland.com\\\/de\\\/magazin\\\/schneeimpressionen-aus-dem-winterwunderland\\\/#article\",\"isPartOf\":{\"@id\":\"https:\\\/\\\/www.salzburgerland.com\\\/de\\\/magazin\\\/schneeimpressionen-aus-dem-winterwunderland\\\/\"},\"author\":{\"name\":\"SalzburgerLand Redaktion\",\"@id\":\"https:\\\/\\\/www.salzburgerland.com\\\/de\\\/magazin\\\/#\\\/schema\\\/person\\\/349c9c85bed4ea156e4b5f3fc5777e1a\"},\"headline\":\"Schneeimpressionen aus dem Winterwunderland\",\"datePublished\":\"2021-01-11T07:00:00+00:00\",\"dateModified\":\"2021-01-22T09:19:29+00:00\",\"mainEntityOfPage\":{\"@id\":\"https:\\\/\\\/www.salzburgerland.com\\\/de\\\/magazin\\\/schneeimpressionen-aus-dem-winterwunderland\\\/\"},\"wordCount\":191,\"commentCount\":0,\"publisher\":{\"@id\":\"https:\\\/\\\/www.salzburgerland.com\\\/de\\\/magazin\\\/#organization\"},\"image\":{\"@id\":\"https:\\\/\\\/www.salzburgerland.com\\\/de\\\/magazin\\\/schneeimpressionen-aus-dem-winterwunderland\\\/#primaryimage\"},\"thumbnailUrl\":\"https:\\\/\\\/www.salzburgerland.com\\\/de\\\/magazin\\\/wp-content\\\/uploads\\\/2019\\\/01\\\/christinaschreibt_hintersee.jpg\",\"articleSection\":[\"Outdoor &amp; Sport\"],\"inLanguage\":\"de\",\"potentialAction\":[{\"@type\":\"CommentAction\",\"name\":\"Comment\",\"target\":[\"https:\\\/\\\/www.salzburgerland.com\\\/de\\\/magazin\\\/schneeimpressionen-aus-dem-winterwunderland\\\/#respond\"]}]},{\"@type\":\"WebPage\",\"@id\":\"https:\\\/\\\/www.salzburgerland.com\\\/de\\\/magazin\\\/schneeimpressionen-aus-dem-winterwunderland\\\/\",\"url\":\"https:\\\/\\\/www.salzburgerland.com\\\/de\\\/magazin\\\/schneeimpressionen-aus-dem-winterwunderland\\\/\",\"name\":\"Schneeimpressionen aus dem Winterwunderland - SalzburgerLand Magazin\",\"isPartOf\":{\"@id\":\"https:\\\/\\\/www.salzburgerland.com\\\/de\\\/magazin\\\/#website\"},\"primaryImageOfPage\":{\"@id\":\"https:\\\/\\\/www.salzburgerland.com\\\/de\\\/magazin\\\/schneeimpressionen-aus-dem-winterwunderland\\\/#primaryimage\"},\"image\":{\"@id\":\"https:\\\/\\\/www.salzburgerland.com\\\/de\\\/magazin\\\/schneeimpressionen-aus-dem-winterwunderland\\\/#primaryimage\"},\"thumbnailUrl\":\"https:\\\/\\\/www.salzburgerland.com\\\/de\\\/magazin\\\/wp-content\\\/uploads\\\/2019\\\/01\\\/christinaschreibt_hintersee.jpg\",\"datePublished\":\"2021-01-11T07:00:00+00:00\",\"dateModified\":\"2021-01-22T09:19:29+00:00\",\"breadcrumb\":{\"@id\":\"https:\\\/\\\/www.salzburgerland.com\\\/de\\\/magazin\\\/schneeimpressionen-aus-dem-winterwunderland\\\/#breadcrumb\"},\"inLanguage\":\"de\",\"potentialAction\":[{\"@type\":\"ReadAction\",\"target\":[\"https:\\\/\\\/www.salzburgerland.com\\\/de\\\/magazin\\\/schneeimpressionen-aus-dem-winterwunderland\\\/\"]}]},{\"@type\":\"ImageObject\",\"inLanguage\":\"de\",\"@id\":\"https:\\\/\\\/www.salzburgerland.com\\\/de\\\/magazin\\\/schneeimpressionen-aus-dem-winterwunderland\\\/#primaryimage\",\"url\":\"https:\\\/\\\/www.salzburgerland.com\\\/de\\\/magazin\\\/wp-content\\\/uploads\\\/2019\\\/01\\\/christinaschreibt_hintersee.jpg\",\"contentUrl\":\"https:\\\/\\\/www.salzburgerland.com\\\/de\\\/magazin\\\/wp-content\\\/uploads\\\/2019\\\/01\\\/christinaschreibt_hintersee.jpg\",\"width\":1600,\"height\":1200,\"caption\":\"\u00a9 Christina Knauseder-Czipek\"},{\"@type\":\"BreadcrumbList\",\"@id\":\"https:\\\/\\\/www.salzburgerland.com\\\/de\\\/magazin\\\/schneeimpressionen-aus-dem-winterwunderland\\\/#breadcrumb\",\"itemListElement\":[{\"@type\":\"ListItem\",\"position\":1,\"name\":\"Startseite\",\"item\":\"https:\\\/\\\/www.salzburgerland.com\\\/de\\\/magazin\\\/\"},{\"@type\":\"ListItem\",\"position\":2,\"name\":\"Outdoor &amp; Sport\",\"item\":\"https:\\\/\\\/www.salzburgerland.com\\\/de\\\/magazin\\\/thema\\\/outdoor-sport\\\/\"},{\"@type\":\"ListItem\",\"position\":3,\"name\":\"Schneeimpressionen aus dem Winterwunderland\"}]},{\"@type\":\"WebSite\",\"@id\":\"https:\\\/\\\/www.salzburgerland.com\\\/de\\\/magazin\\\/#website\",\"url\":\"https:\\\/\\\/www.salzburgerland.com\\\/de\\\/magazin\\\/\",\"name\":\"SalzburgerLand Magazin\",\"description\":\"Geschichten und Interessantes aus dem SalzburgerLand\",\"publisher\":{\"@id\":\"https:\\\/\\\/www.salzburgerland.com\\\/de\\\/magazin\\\/#organization\"},\"potentialAction\":[{\"@type\":\"SearchAction\",\"target\":{\"@type\":\"EntryPoint\",\"urlTemplate\":\"https:\\\/\\\/www.salzburgerland.com\\\/de\\\/magazin\\\/?s={search_term_string}\"},\"query-input\":{\"@type\":\"PropertyValueSpecification\",\"valueRequired\":true,\"valueName\":\"search_term_string\"}}],\"inLanguage\":\"de\"},{\"@type\":\"Organization\",\"@id\":\"https:\\\/\\\/www.salzburgerland.com\\\/de\\\/magazin\\\/#organization\",\"name\":\"SalzburgerLand Tourismus\",\"url\":\"https:\\\/\\\/www.salzburgerland.com\\\/de\\\/magazin\\\/\",\"logo\":{\"@type\":\"ImageObject\",\"inLanguage\":\"de\",\"@id\":\"https:\\\/\\\/www.salzburgerland.com\\\/de\\\/magazin\\\/#\\\/schema\\\/logo\\\/image\\\/\",\"url\":\"https:\\\/\\\/www.salzburgerland.com\\\/de\\\/magazin\\\/wp-content\\\/uploads\\\/2019\\\/06\\\/salzburgerland-logo1.jpg\",\"contentUrl\":\"https:\\\/\\\/www.salzburgerland.com\\\/de\\\/magazin\\\/wp-content\\\/uploads\\\/2019\\\/06\\\/salzburgerland-logo1.jpg\",\"width\":2011,\"height\":866,\"caption\":\"SalzburgerLand Tourismus\"},\"image\":{\"@id\":\"https:\\\/\\\/www.salzburgerland.com\\\/de\\\/magazin\\\/#\\\/schema\\\/logo\\\/image\\\/\"},\"sameAs\":[\"https:\\\/\\\/www.facebook.com\\\/salzburgerland\\\/\",\"https:\\\/\\\/x.com\\\/Salzburgerland\",\"https:\\\/\\\/www.instagram.com\\\/salzburgerland\\\/\",\"https:\\\/\\\/at.linkedin.com\\\/company\\\/salzburgerland-tourismus-gmbh\",\"https:\\\/\\\/www.pinterest.at\\\/salzburgerland\\\/\",\"https:\\\/\\\/www.youtube.com\\\/user\\\/salzburgerland\",\"https:\\\/\\\/de.wikipedia.org\\\/wiki\\\/SalzburgerLand_Tourismus_GmbH\"]},{\"@type\":\"Person\",\"@id\":\"https:\\\/\\\/www.salzburgerland.com\\\/de\\\/magazin\\\/#\\\/schema\\\/person\\\/349c9c85bed4ea156e4b5f3fc5777e1a\",\"name\":\"SalzburgerLand Redaktion\",\"url\":\"https:\\\/\\\/www.salzburgerland.com\\\/de\\\/magazin\\\/author\\\/redaktion\\\/\"}]}<\/script>\n<!-- \/ Yoast SEO Premium plugin. -->","yoast_head_json":{"title":"Schneeimpressionen aus dem Winterwunderland - SalzburgerLand Magazin","description":"Wenn Frau Holle kr\u00e4ftig ihre Federbetten aussch\u00fcttelt, wird das SalzburgerLand zu einem einzigartigen Winterwunderland. Das Ergebnis kann sich sehen lassen. B\u00e4ume und D\u00e4cher tragen kuschelige Schneehauben, die Wiesen, Felder und W\u00e4lder ruhen unter einer teils meterhohen Schneedecke. Alles glitzert und glimmert im strahlenden Sonnenschein.","robots":{"index":"index","follow":"follow","max-snippet":"max-snippet:-1","max-image-preview":"max-image-preview:large","max-video-preview":"max-video-preview:-1"},"canonical":"https:\/\/www.salzburgerland.com\/de\/magazin\/schneeimpressionen-aus-dem-winterwunderland\/","og_locale":"de_DE","og_type":"article","og_title":"Schneeimpressionen aus dem Winterwunderland","og_description":"Auch unsere Redakteure zieht es bei solch traumhaftem Winterwetter ins Freie. Zur\u00fcck kommen sie mit einer Brise frischer, klarer Luft, roten Backen, wunderbaren Eindr\u00fccken und Erinnerungen und jeder Menge toller Fotos. Die sch\u00f6nsten Impressionen haben wir f\u00fcr Sie zusammengetragen. Salzburg von oben Morgenstimmung in Wagrain-Kleinarl Mariapfarr im Salzburger Lungau Unterwegs in der Mozartstadt Zuhause im [&hellip;]","og_url":"https:\/\/www.salzburgerland.com\/de\/magazin\/schneeimpressionen-aus-dem-winterwunderland\/","og_site_name":"SalzburgerLand Magazin","article_publisher":"https:\/\/www.facebook.com\/salzburgerland\/","article_published_time":"2021-01-11T07:00:00+00:00","article_modified_time":"2021-01-22T09:19:29+00:00","og_image":[{"width":1600,"height":1200,"url":"https:\/\/www.salzburgerland.com\/de\/magazin\/wp-content\/uploads\/2019\/01\/christinaschreibt_hintersee.jpg","type":"image\/jpeg"}],"author":"SalzburgerLand Redaktion","twitter_card":"summary_large_image","twitter_creator":"@Salzburgerland","twitter_site":"@Salzburgerland","twitter_misc":{"Verfasst von":"SalzburgerLand Redaktion","Gesch\u00e4tzte Lesezeit":"6\u00a0Minuten"},"schema":{"@context":"https:\/\/schema.org","@graph":[{"@type":"Article","@id":"https:\/\/www.salzburgerland.com\/de\/magazin\/schneeimpressionen-aus-dem-winterwunderland\/#article","isPartOf":{"@id":"https:\/\/www.salzburgerland.com\/de\/magazin\/schneeimpressionen-aus-dem-winterwunderland\/"},"author":{"name":"SalzburgerLand Redaktion","@id":"https:\/\/www.salzburgerland.com\/de\/magazin\/#\/schema\/person\/349c9c85bed4ea156e4b5f3fc5777e1a"},"headline":"Schneeimpressionen aus dem Winterwunderland","datePublished":"2021-01-11T07:00:00+00:00","dateModified":"2021-01-22T09:19:29+00:00","mainEntityOfPage":{"@id":"https:\/\/www.salzburgerland.com\/de\/magazin\/schneeimpressionen-aus-dem-winterwunderland\/"},"wordCount":191,"commentCount":0,"publisher":{"@id":"https:\/\/www.salzburgerland.com\/de\/magazin\/#organization"},"image":{"@id":"https:\/\/www.salzburgerland.com\/de\/magazin\/schneeimpressionen-aus-dem-winterwunderland\/#primaryimage"},"thumbnailUrl":"https:\/\/www.salzburgerland.com\/de\/magazin\/wp-content\/uploads\/2019\/01\/christinaschreibt_hintersee.jpg","articleSection":["Outdoor &amp; Sport"],"inLanguage":"de","potentialAction":[{"@type":"CommentAction","name":"Comment","target":["https:\/\/www.salzburgerland.com\/de\/magazin\/schneeimpressionen-aus-dem-winterwunderland\/#respond"]}]},{"@type":"WebPage","@id":"https:\/\/www.salzburgerland.com\/de\/magazin\/schneeimpressionen-aus-dem-winterwunderland\/","url":"https:\/\/www.salzburgerland.com\/de\/magazin\/schneeimpressionen-aus-dem-winterwunderland\/","name":"Schneeimpressionen aus dem Winterwunderland - SalzburgerLand Magazin","isPartOf":{"@id":"https:\/\/www.salzburgerland.com\/de\/magazin\/#website"},"primaryImageOfPage":{"@id":"https:\/\/www.salzburgerland.com\/de\/magazin\/schneeimpressionen-aus-dem-winterwunderland\/#primaryimage"},"image":{"@id":"https:\/\/www.salzburgerland.com\/de\/magazin\/schneeimpressionen-aus-dem-winterwunderland\/#primaryimage"},"thumbnailUrl":"https:\/\/www.salzburgerland.com\/de\/magazin\/wp-content\/uploads\/2019\/01\/christinaschreibt_hintersee.jpg","datePublished":"2021-01-11T07:00:00+00:00","dateModified":"2021-01-22T09:19:29+00:00","breadcrumb":{"@id":"https:\/\/www.salzburgerland.com\/de\/magazin\/schneeimpressionen-aus-dem-winterwunderland\/#breadcrumb"},"inLanguage":"de","potentialAction":[{"@type":"ReadAction","target":["https:\/\/www.salzburgerland.com\/de\/magazin\/schneeimpressionen-aus-dem-winterwunderland\/"]}]},{"@type":"ImageObject","inLanguage":"de","@id":"https:\/\/www.salzburgerland.com\/de\/magazin\/schneeimpressionen-aus-dem-winterwunderland\/#primaryimage","url":"https:\/\/www.salzburgerland.com\/de\/magazin\/wp-content\/uploads\/2019\/01\/christinaschreibt_hintersee.jpg","contentUrl":"https:\/\/www.salzburgerland.com\/de\/magazin\/wp-content\/uploads\/2019\/01\/christinaschreibt_hintersee.jpg","width":1600,"height":1200,"caption":"\u00a9 Christina Knauseder-Czipek"},{"@type":"BreadcrumbList","@id":"https:\/\/www.salzburgerland.com\/de\/magazin\/schneeimpressionen-aus-dem-winterwunderland\/#breadcrumb","itemListElement":[{"@type":"ListItem","position":1,"name":"Startseite","item":"https:\/\/www.salzburgerland.com\/de\/magazin\/"},{"@type":"ListItem","position":2,"name":"Outdoor &amp; Sport","item":"https:\/\/www.salzburgerland.com\/de\/magazin\/thema\/outdoor-sport\/"},{"@type":"ListItem","position":3,"name":"Schneeimpressionen aus dem Winterwunderland"}]},{"@type":"WebSite","@id":"https:\/\/www.salzburgerland.com\/de\/magazin\/#website","url":"https:\/\/www.salzburgerland.com\/de\/magazin\/","name":"SalzburgerLand Magazin","description":"Geschichten und Interessantes aus dem SalzburgerLand","publisher":{"@id":"https:\/\/www.salzburgerland.com\/de\/magazin\/#organization"},"potentialAction":[{"@type":"SearchAction","target":{"@type":"EntryPoint","urlTemplate":"https:\/\/www.salzburgerland.com\/de\/magazin\/?s={search_term_string}"},"query-input":{"@type":"PropertyValueSpecification","valueRequired":true,"valueName":"search_term_string"}}],"inLanguage":"de"},{"@type":"Organization","@id":"https:\/\/www.salzburgerland.com\/de\/magazin\/#organization","name":"SalzburgerLand Tourismus","url":"https:\/\/www.salzburgerland.com\/de\/magazin\/","logo":{"@type":"ImageObject","inLanguage":"de","@id":"https:\/\/www.salzburgerland.com\/de\/magazin\/#\/schema\/logo\/image\/","url":"https:\/\/www.salzburgerland.com\/de\/magazin\/wp-content\/uploads\/2019\/06\/salzburgerland-logo1.jpg","contentUrl":"https:\/\/www.salzburgerland.com\/de\/magazin\/wp-content\/uploads\/2019\/06\/salzburgerland-logo1.jpg","width":2011,"height":866,"caption":"SalzburgerLand Tourismus"},"image":{"@id":"https:\/\/www.salzburgerland.com\/de\/magazin\/#\/schema\/logo\/image\/"},"sameAs":["https:\/\/www.facebook.com\/salzburgerland\/","https:\/\/x.com\/Salzburgerland","https:\/\/www.instagram.com\/salzburgerland\/","https:\/\/at.linkedin.com\/company\/salzburgerland-tourismus-gmbh","https:\/\/www.pinterest.at\/salzburgerland\/","https:\/\/www.youtube.com\/user\/salzburgerland","https:\/\/de.wikipedia.org\/wiki\/SalzburgerLand_Tourismus_GmbH"]},{"@type":"Person","@id":"https:\/\/www.salzburgerland.com\/de\/magazin\/#\/schema\/person\/349c9c85bed4ea156e4b5f3fc5777e1a","name":"SalzburgerLand Redaktion","url":"https:\/\/www.salzburgerland.com\/de\/magazin\/author\/redaktion\/"}]}},"_wl_alt_label":[],"wl:entity_url":"http:\/\/open.salzburgerland.com\/magazin\/post\/schneeimpressionen_aus_dem_winterwunderland","_links":{"self":[{"href":"https:\/\/www.salzburgerland.com\/de\/magazin\/wp-json\/wp\/v2\/posts\/128415","targetHints":{"allow":["GET"]}}],"collection":[{"href":"https:\/\/www.salzburgerland.com\/de\/magazin\/wp-json\/wp\/v2\/posts"}],"about":[{"href":"https:\/\/www.salzburgerland.com\/de\/magazin\/wp-json\/wp\/v2\/types\/post"}],"author":[{"embeddable":true,"href":"https:\/\/www.salzburgerland.com\/de\/magazin\/wp-json\/wp\/v2\/users\/519"}],"replies":[{"embeddable":true,"href":"https:\/\/www.salzburgerland.com\/de\/magazin\/wp-json\/wp\/v2\/comments?post=128415"}],"version-history":[{"count":5,"href":"https:\/\/www.salzburgerland.com\/de\/magazin\/wp-json\/wp\/v2\/posts\/128415\/revisions"}],"predecessor-version":[{"id":149460,"href":"https:\/\/www.salzburgerland.com\/de\/magazin\/wp-json\/wp\/v2\/posts\/128415\/revisions\/149460"}],"wp:featuredmedia":[{"embeddable":true,"href":"https:\/\/www.salzburgerland.com\/de\/magazin\/wp-json\/wp\/v2\/media\/128417"}],"wp:attachment":[{"href":"https:\/\/www.salzburgerland.com\/de\/magazin\/wp-json\/wp\/v2\/media?parent=128415"}],"wp:term":[{"taxonomy":"category","embeddable":true,"href":"https:\/\/www.salzburgerland.com\/de\/magazin\/wp-json\/wp\/v2\/categories?post=128415"},{"taxonomy":"post_tag","embeddable":true,"href":"https:\/\/www.salzburgerland.com\/de\/magazin\/wp-json\/wp\/v2\/tags?post=128415"},{"taxonomy":"wl_entity_type","embeddable":true,"href":"https:\/\/www.salzburgerland.com\/de\/magazin\/wp-json\/wp\/v2\/wl_entity_type?post=128415"},{"taxonomy":"monatsauswahl","embeddable":true,"href":"https:\/\/www.salzburgerland.com\/de\/magazin\/wp-json\/wp\/v2\/monatsauswahl?post=128415"}],"curies":[{"name":"wp","href":"https:\/\/api.w.org\/{rel}","templated":true}]}}