{"id":128374,"date":"2019-01-18T15:16:21","date_gmt":"2019-01-18T14:16:21","guid":{"rendered":"https:\/\/www.salzburgerland.com\/de\/magazin\/?p=128374"},"modified":"2023-06-21T16:24:21","modified_gmt":"2023-06-21T14:24:21","slug":"kultur-am-abend-skivergnuegen-untertags","status":"publish","type":"post","link":"https:\/\/www.salzburgerland.com\/de\/magazin\/kultur-am-abend-skivergnuegen-untertags\/","title":{"rendered":"Untertags auf der Piste, am Abend im Konzertsaal"},"content":{"rendered":"<p><strong>Wer den winterlichen Schneezauber erleben will und dabei nicht auf Kultur verzichten m\u00f6chte, ist in Salzburg genau richtig. Die Mozartstadt ist zu jeder Jahreszeit eine Reise wert, vor allem dann, wenn sich der Herbst verabschiedet hat, die Berge wieder in bl\u00fchendem Wei\u00df erstrahlen und die Skisaison beginnt.<\/strong><\/p>\n<h3>Pures Skivergn\u00fcgen in Salzburgs Bergwelt<\/h3>\n<p>Ski und Snowboard sind die perfekten Fortbewegungsmittel um die Berge rund um Salzburg kennen zu lernen. Neben besten Voraussetzungen f\u00fcr Abfahrten aller Schwierigkeitsgrade gibt es hier ein vielf\u00e4ltiges Angebot an Almh\u00fctten f\u00fcr eine gem\u00fctliche Rast. K\u00f6stliche H\u00fcttenschmankerl machen die kulinarische Auszeit besonders bei st\u00fcrmischem Wetter zum verlockenden Zeitvertreib. Der erstklassige Gl\u00fchwein ist ebenfalls ein starkes Argument einzukehren. Wenn Durst und Hunger gestillt sind, ist es Zeit, Pl\u00e4ne f\u00fcr den Abend zu schmieden.<\/p>\n<h3>Snow Space Salzburg Ski Shuttle<\/h3>\n<p>Beste Schneelage, sanfte Berge und urige Almen sind typisch f\u00fcr das Skigebiet \u201e<a href=\"https:\/\/www.snow-space.com\/de\" target=\"_blank\" rel=\"noopener noreferrer\">Snow Space Salzburg<\/a>.\u201c Mit \u00fcber 120 pr\u00e4parierten Pistenkilometern, modernsten Lift- und Seilbahnanlagen sowie fl\u00e4chendeckenden Beschneiungsanlagen z\u00e4hlt es zu den beliebtesten Skiregionen in ganz \u00d6sterreich. Dazu geh\u00f6ren Flachau, St. Johann und Wagrain, die direkt miteinander verbunden sind. Um Zeit und Geld zu sparen, lohnt es sich, den <a href=\"https:\/\/www.salzburg.info\/de\/hotels-angebote\/rundfahrten-fuehrungen\/ski-shuttle\" target=\"_blank\" rel=\"noopener noreferrer\">kostenlosen Ski Shuttle<\/a> zu nutzen. Der unkomplizierte Transfer bringt Sie von der Stadt Salzburg schnell und sicher direkt ins Skigebiet und wieder zur\u00fcck. Pl\u00e4tze f\u00fcr den &#8218;Snow Space Salzburg Ski Shuttle&#8216; k\u00f6nnen bis 18:00 Uhr des Vortages <a href=\"https:\/\/www.salzburg.info\/de\/hotels-angebote\/rundfahrten-fuehrungen\/ski-shuttle\">reserviert werden<\/a>.<\/p>\n<figure id=\"attachment_128396\" aria-describedby=\"caption-attachment-128396\" style=\"width: 650px\" class=\"wp-caption alignleft\"><a href=\"https:\/\/www.salzburgerland.com\/de\/magazin\/wp-content\/uploads\/2019\/01\/achterjet-kabinenbahn-flach.jpg\"><img loading=\"lazy\" decoding=\"async\" class=\"size-singlePost wp-image-128396\" src=\"https:\/\/www.salzburgerland.com\/de\/magazin\/wp-content\/uploads\/2019\/01\/achterjet-kabinenbahn-flach-650x435.jpg\" alt=\"\" width=\"650\" height=\"435\"><\/a><figcaption id=\"caption-attachment-128396\" class=\"wp-caption-text\">Willkommen im Snow Space Salzburg<\/figcaption><\/figure>\n<h3>&nbsp;<\/h3>\n<h3>Kulturprogramm am Abend&nbsp;<\/h3>\n<p>Als Besucher in Salzburg ist man nicht nur eins mit der Natur, sondern befindet sich an einem Ort, wo Kulturgeschichte geschrieben wird. Ihren Ruf als musikalische Hauptstadt, die sich Heimat Wolfgang Amadeus Mozarts nennen darf, hat sich Salzburg redlich verdient. Die Schaffenszeit des Genius Loci hat die Mozartstadt nachhaltig gepr\u00e4gt und einen unverwechselbaren Mythos geschaffen. Seit der Gr\u00fcndung 1956 sieht es die Mozartwoche als ihre Aufgabe, Mozarts Musik in ihrer Tiefe und Vielfalt den Menschen auf der ganzen Welt n\u00e4her zu bringen. Die international besten K\u00fcnstlern machen es m\u00f6glich, die Welt der gr\u00f6\u00dften Dramatik, der tiefsten Trauer und der allergr\u00f6\u00dften Freude neu auferstehen zu lassen .<\/p>\n<h3>Mozartwoche Salzburg<\/h3>\n<p>Unter der Leitung des weltweit gefeierten Operns\u00e4ngers Rolando Villaz\u00f3n, seit 2017, erh\u00e4lt das Festival eine v\u00f6llig neue Pr\u00e4senz. <em>\u201eIch f\u00fchle mich gl\u00fccklich, geehrt und dankbar, mich der enormen Verantwortung zu stellen, dem Meister als neuer Intendant der Mozartwoche, dem bedeutendsten Mozart-Festival der Welt, zu dienen\u201c <\/em>\u2013 \u00e4u\u00dfert sich der Publikumsliebling zu seinem neuen Projekt. Mozarts Pers\u00f6nlichkeit soll in all ihren Facetten beleuchtet werden. Neue Kooperationen, Spielst\u00e4tten, Formate und Kombinationen werden dies aufs Ansehnlichste zeigen. Johannes Honsig-Erlenburg, Pr\u00e4sident der Stiftung Mozarteum, zeigt sich erfreut und dankbar \u00fcber den temperamentvollen Neuzugang, der gemeinsam mit seinem Team gro\u00dfartiges leistet: <em>\u201e<\/em><em>Mozart und Villaz\u00f3n, das ist die wahrscheinlich au\u00dfergew\u00f6hnlichste, gleichzeitig innigste und aufregendste Liebesbeziehung, die der Stiftung Mozarteum passieren konnte!\u201c<\/em><\/p>\n<p><strong>Programmschwerpunkte der Mozartwoche 2019<\/strong><\/p>\n<p>Der musikalische Fokus liegt in diesem Jahr auf den Chorwerken Mozarts. Um den \u201ewichtigsten Sohn Salzburgs\u201c geb\u00fchrend zu feiern, werden mehr Orte denn je bespielt, darunter das Salzburger Landestheater, das Marionettentheater, das Oval-Theater im Europark, die ARGEKultur und die Felsenreitschule. Damit wird es auch gelingen, mehr Menschen mit Musik und Theater zu erreichen. Das szenische Projekt <strong>\u201eThamos\u201c<\/strong> dessen B\u00fchnenmusik bisher \u00fcberwiegend konzertant aufgef\u00fchrt wurde, liegt Rolando Villaz\u00f3n besonders am Herzen. Das St\u00fcck zeigt die philosophische Seite Mozarts. N\u00e4here Infos zur Mozartwoche sowie alle Termine finden Sie<a href=\"https:\/\/mozartwoche.at\/de\/index.html\"> hier<\/a>.<\/p>\n<div class=\"mag-gallery\"><div class=\"row\"><div class=\"col-6 col-sm-4\"><figure><a class=\"thumb-container\" href=\"https:\/\/www.salzburgerland.com\/de\/magazin\/wp-content\/uploads\/2018\/01\/Mozartwoche-2019-1280x1024.jpg\">\t<picture><source media=\"(min-width: 576px)\" srcset=\"https:\/\/www.salzburgerland.com\/de\/magazin\/wp-content\/uploads\/2018\/01\/Mozartwoche-2019-325x209.jpg 325w, https:\/\/www.salzburgerland.com\/de\/magazin\/wp-content\/uploads\/2018\/01\/Mozartwoche-2019-249x160.jpg 249w\" \/><source media=\"(min-width: 0)\" srcset=\"https:\/\/www.salzburgerland.com\/de\/magazin\/wp-content\/uploads\/2018\/01\/Mozartwoche-2019-249x160.jpg 249w, https:\/\/www.salzburgerland.com\/de\/magazin\/wp-content\/uploads\/2018\/01\/Mozartwoche-2019-325x209.jpg 325w\" \/><img decoding=\"async\" alt=\"Eine theatralische B\u00fchne mit Darstellern in Kost\u00fcmen, dramatischer Beleuchtung und einem von Mozart inspirierten kreisf\u00f6rmigen B\u00fchnenbild.\" src=\"https:\/\/www.salzburgerland.com\/de\/magazin\/wp-content\/uploads\/2018\/01\/Mozartwoche-2019.jpg\" \/>\t<\/picture><\/a><\/figure><\/div><div class=\"col-6 col-sm-4\"><figure><a class=\"thumb-container\" href=\"https:\/\/www.salzburgerland.com\/de\/magazin\/wp-content\/uploads\/2019\/01\/Rolando_Villazon_c_WolfgangLienbacher-1280x1024.jpg\">\t<picture><source media=\"(min-width: 576px)\" srcset=\"https:\/\/www.salzburgerland.com\/de\/magazin\/wp-content\/uploads\/2019\/01\/Rolando_Villazon_c_WolfgangLienbacher-325x209.jpg 325w, https:\/\/www.salzburgerland.com\/de\/magazin\/wp-content\/uploads\/2019\/01\/Rolando_Villazon_c_WolfgangLienbacher-249x160.jpg 249w\" \/><source media=\"(min-width: 0)\" srcset=\"https:\/\/www.salzburgerland.com\/de\/magazin\/wp-content\/uploads\/2019\/01\/Rolando_Villazon_c_WolfgangLienbacher-249x160.jpg 249w, https:\/\/www.salzburgerland.com\/de\/magazin\/wp-content\/uploads\/2019\/01\/Rolando_Villazon_c_WolfgangLienbacher-325x209.jpg 325w\" \/><img decoding=\"async\" alt=\"Rolando Villaz\u00f3n\" src=\"https:\/\/www.salzburgerland.com\/de\/magazin\/wp-content\/uploads\/2019\/01\/Rolando_Villazon_c_WolfgangLienbacher.jpg\" \/>\t<\/picture><\/a><\/figure><\/div><div class=\"col-6 col-sm-4\"><figure><a class=\"thumb-container\" href=\"https:\/\/www.salzburgerland.com\/de\/magazin\/wp-content\/uploads\/2019\/01\/Daniel_Barenboim_c_HolgerKettner-1280x1024.jpg\">\t<picture><source media=\"(min-width: 576px)\" srcset=\"https:\/\/www.salzburgerland.com\/de\/magazin\/wp-content\/uploads\/2019\/01\/Daniel_Barenboim_c_HolgerKettner-325x209.jpg 325w, https:\/\/www.salzburgerland.com\/de\/magazin\/wp-content\/uploads\/2019\/01\/Daniel_Barenboim_c_HolgerKettner-249x160.jpg 249w\" \/><source media=\"(min-width: 0)\" srcset=\"https:\/\/www.salzburgerland.com\/de\/magazin\/wp-content\/uploads\/2019\/01\/Daniel_Barenboim_c_HolgerKettner-249x160.jpg 249w, https:\/\/www.salzburgerland.com\/de\/magazin\/wp-content\/uploads\/2019\/01\/Daniel_Barenboim_c_HolgerKettner-325x209.jpg 325w\" \/><img decoding=\"async\" alt=\"Daniel Barenboim, Dirigent\" src=\"https:\/\/www.salzburgerland.com\/de\/magazin\/wp-content\/uploads\/2019\/01\/Daniel_Barenboim_c_HolgerKettner.jpg\" \/>\t<\/picture><\/a><\/figure><\/div><\/div><\/div><figcaption><\/figcaption>\n","protected":false},"excerpt":{"rendered":"<p>Wer den winterlichen Schneezauber erleben will und dabei nicht auf Kultur verzichten m\u00f6chte, ist in Salzburg genau richtig. Die Mozartstadt ist zu jeder Jahreszeit eine Reise wert, vor allem dann, wenn sich der Herbst verabschiedet hat, die Berge wieder in bl\u00fchendem Wei\u00df erstrahlen und die Skisaison beginnt. Pures Skivergn\u00fcgen in Salzburgs Bergwelt Ski und Snowboard [&hellip;]<\/p>\n","protected":false},"author":551,"featured_media":128395,"comment_status":"open","ping_status":"open","sticky":false,"template":"","format":"standard","meta":{"_acf_changed":false,"wl_entities_gutenberg":"","_wl_entity_redirect_enabled":"","footnotes":""},"categories":[7551],"tags":[],"wl_entity_type":[306],"monatsauswahl":[82,83,84],"class_list":["post-128374","post","type-post","status-publish","format-standard","has-post-thumbnail","hentry","category-archiv","wl_entity_type-article","monatsauswahl-monat_1","monatsauswahl-monat_2","monatsauswahl-monat_3"],"acf":[],"yoast_head":"<!-- This site is optimized with the Yoast SEO Premium plugin v27.4 (Yoast SEO v27.4) - https:\/\/yoast.com\/product\/yoast-seo-premium-wordpress\/ -->\n<title>Untertags auf der Piste, am Abend im Konzertsaal - SalzburgerLand Magazin<\/title>\n<meta name=\"description\" content=\"Wer den winterlichen Schneezauber erleben will und dabei nicht auf Kultur verzichten m\u00f6chte, ist in Salzburg genau richtig. Die Mozartstadt ist zu jeder Jahreszeit eine Reise wert, vor allem dann, wenn sich der Herbst verabschiedet hat, die Berge wieder in bl\u00fchendem Wei\u00df erstrahlen und die Skisaison beginnt. Pures Skivergn\u00fcgen in Salzburgs Bergwelt Ski und Snowboard [&hellip;]\" \/>\n<meta name=\"robots\" content=\"noindex, nofollow\" \/>\n<meta property=\"og:locale\" content=\"de_DE\" \/>\n<meta property=\"og:type\" content=\"article\" \/>\n<meta property=\"og:title\" content=\"Untertags auf der Piste, am Abend im Konzertsaal\" \/>\n<meta property=\"og:description\" content=\"Wer den winterlichen Schneezauber erleben will und dabei nicht auf Kultur verzichten m\u00f6chte, ist in Salzburg genau richtig. Die Mozartstadt ist zu jeder Jahreszeit eine Reise wert, vor allem dann, wenn sich der Herbst verabschiedet hat, die Berge wieder in bl\u00fchendem Wei\u00df erstrahlen und die Skisaison beginnt. Pures Skivergn\u00fcgen in Salzburgs Bergwelt Ski und Snowboard [&hellip;]\" \/>\n<meta property=\"og:url\" content=\"https:\/\/www.salzburgerland.com\/de\/magazin\/kultur-am-abend-skivergnuegen-untertags\/\" \/>\n<meta property=\"og:site_name\" content=\"SalzburgerLand Magazin\" \/>\n<meta property=\"article:publisher\" content=\"https:\/\/www.facebook.com\/salzburgerland\/\" \/>\n<meta property=\"article:published_time\" content=\"2019-01-18T14:16:21+00:00\" \/>\n<meta property=\"article:modified_time\" content=\"2023-06-21T14:24:21+00:00\" \/>\n<meta property=\"og:image\" content=\"https:\/\/www.salzburgerland.com\/de\/magazin\/wp-content\/uploads\/2019\/01\/A18_6002_AdobeRGB.jpg\" \/>\n\t<meta property=\"og:image:width\" content=\"1600\" \/>\n\t<meta property=\"og:image:height\" content=\"1067\" \/>\n\t<meta property=\"og:image:type\" content=\"image\/jpeg\" \/>\n<meta name=\"author\" content=\"Magdalena Griesner\" \/>\n<meta name=\"twitter:card\" content=\"summary_large_image\" \/>\n<meta name=\"twitter:creator\" content=\"@Salzburgerland\" \/>\n<meta name=\"twitter:site\" content=\"@Salzburgerland\" \/>\n<meta name=\"twitter:label1\" content=\"Verfasst von\" \/>\n\t<meta name=\"twitter:data1\" content=\"Magdalena Griesner\" \/>\n\t<meta name=\"twitter:label2\" content=\"Gesch\u00e4tzte Lesezeit\" \/>\n\t<meta name=\"twitter:data2\" content=\"4\u00a0Minuten\" \/>\n<script type=\"application\/ld+json\" class=\"yoast-schema-graph\">{\"@context\":\"https:\\\/\\\/schema.org\",\"@graph\":[{\"@type\":\"Article\",\"@id\":\"https:\\\/\\\/www.salzburgerland.com\\\/de\\\/magazin\\\/kultur-am-abend-skivergnuegen-untertags\\\/#article\",\"isPartOf\":{\"@id\":\"https:\\\/\\\/www.salzburgerland.com\\\/de\\\/magazin\\\/kultur-am-abend-skivergnuegen-untertags\\\/\"},\"author\":{\"name\":\"Magdalena Griesner\",\"@id\":\"https:\\\/\\\/www.salzburgerland.com\\\/de\\\/magazin\\\/#\\\/schema\\\/person\\\/82cd9e94802b8fc6c3c209aa552f3bfb\"},\"headline\":\"Untertags auf der Piste, am Abend im Konzertsaal\",\"datePublished\":\"2019-01-18T14:16:21+00:00\",\"dateModified\":\"2023-06-21T14:24:21+00:00\",\"mainEntityOfPage\":{\"@id\":\"https:\\\/\\\/www.salzburgerland.com\\\/de\\\/magazin\\\/kultur-am-abend-skivergnuegen-untertags\\\/\"},\"wordCount\":611,\"commentCount\":0,\"publisher\":{\"@id\":\"https:\\\/\\\/www.salzburgerland.com\\\/de\\\/magazin\\\/#organization\"},\"image\":{\"@id\":\"https:\\\/\\\/www.salzburgerland.com\\\/de\\\/magazin\\\/kultur-am-abend-skivergnuegen-untertags\\\/#primaryimage\"},\"thumbnailUrl\":\"https:\\\/\\\/www.salzburgerland.com\\\/de\\\/magazin\\\/wp-content\\\/uploads\\\/2019\\\/01\\\/A18_6002_AdobeRGB.jpg\",\"articleSection\":[\"Archiv\"],\"inLanguage\":\"de\",\"potentialAction\":[{\"@type\":\"CommentAction\",\"name\":\"Comment\",\"target\":[\"https:\\\/\\\/www.salzburgerland.com\\\/de\\\/magazin\\\/kultur-am-abend-skivergnuegen-untertags\\\/#respond\"]}]},{\"@type\":\"WebPage\",\"@id\":\"https:\\\/\\\/www.salzburgerland.com\\\/de\\\/magazin\\\/kultur-am-abend-skivergnuegen-untertags\\\/\",\"url\":\"https:\\\/\\\/www.salzburgerland.com\\\/de\\\/magazin\\\/kultur-am-abend-skivergnuegen-untertags\\\/\",\"name\":\"Untertags auf der Piste, am Abend im Konzertsaal - SalzburgerLand Magazin\",\"isPartOf\":{\"@id\":\"https:\\\/\\\/www.salzburgerland.com\\\/de\\\/magazin\\\/#website\"},\"primaryImageOfPage\":{\"@id\":\"https:\\\/\\\/www.salzburgerland.com\\\/de\\\/magazin\\\/kultur-am-abend-skivergnuegen-untertags\\\/#primaryimage\"},\"image\":{\"@id\":\"https:\\\/\\\/www.salzburgerland.com\\\/de\\\/magazin\\\/kultur-am-abend-skivergnuegen-untertags\\\/#primaryimage\"},\"thumbnailUrl\":\"https:\\\/\\\/www.salzburgerland.com\\\/de\\\/magazin\\\/wp-content\\\/uploads\\\/2019\\\/01\\\/A18_6002_AdobeRGB.jpg\",\"datePublished\":\"2019-01-18T14:16:21+00:00\",\"dateModified\":\"2023-06-21T14:24:21+00:00\",\"breadcrumb\":{\"@id\":\"https:\\\/\\\/www.salzburgerland.com\\\/de\\\/magazin\\\/kultur-am-abend-skivergnuegen-untertags\\\/#breadcrumb\"},\"inLanguage\":\"de\",\"potentialAction\":[{\"@type\":\"ReadAction\",\"target\":[\"https:\\\/\\\/www.salzburgerland.com\\\/de\\\/magazin\\\/kultur-am-abend-skivergnuegen-untertags\\\/\"]}]},{\"@type\":\"ImageObject\",\"inLanguage\":\"de\",\"@id\":\"https:\\\/\\\/www.salzburgerland.com\\\/de\\\/magazin\\\/kultur-am-abend-skivergnuegen-untertags\\\/#primaryimage\",\"url\":\"https:\\\/\\\/www.salzburgerland.com\\\/de\\\/magazin\\\/wp-content\\\/uploads\\\/2019\\\/01\\\/A18_6002_AdobeRGB.jpg\",\"contentUrl\":\"https:\\\/\\\/www.salzburgerland.com\\\/de\\\/magazin\\\/wp-content\\\/uploads\\\/2019\\\/01\\\/A18_6002_AdobeRGB.jpg\",\"width\":1600,\"height\":1067,\"caption\":\"Skifahrer in blauer Jacke beim Carven auf einer frisch pr\u00e4parierten Schneepiste mit Bergen und Wolken im Hintergrund.\"},{\"@type\":\"BreadcrumbList\",\"@id\":\"https:\\\/\\\/www.salzburgerland.com\\\/de\\\/magazin\\\/kultur-am-abend-skivergnuegen-untertags\\\/#breadcrumb\",\"itemListElement\":[{\"@type\":\"ListItem\",\"position\":1,\"name\":\"Startseite\",\"item\":\"https:\\\/\\\/www.salzburgerland.com\\\/de\\\/magazin\\\/\"},{\"@type\":\"ListItem\",\"position\":2,\"name\":\"Archiv\",\"item\":\"https:\\\/\\\/www.salzburgerland.com\\\/de\\\/magazin\\\/thema\\\/archiv\\\/\"},{\"@type\":\"ListItem\",\"position\":3,\"name\":\"Untertags auf der Piste, am Abend im Konzertsaal\"}]},{\"@type\":\"WebSite\",\"@id\":\"https:\\\/\\\/www.salzburgerland.com\\\/de\\\/magazin\\\/#website\",\"url\":\"https:\\\/\\\/www.salzburgerland.com\\\/de\\\/magazin\\\/\",\"name\":\"SalzburgerLand Magazin\",\"description\":\"Geschichten und Interessantes aus dem SalzburgerLand\",\"publisher\":{\"@id\":\"https:\\\/\\\/www.salzburgerland.com\\\/de\\\/magazin\\\/#organization\"},\"potentialAction\":[{\"@type\":\"SearchAction\",\"target\":{\"@type\":\"EntryPoint\",\"urlTemplate\":\"https:\\\/\\\/www.salzburgerland.com\\\/de\\\/magazin\\\/?s={search_term_string}\"},\"query-input\":{\"@type\":\"PropertyValueSpecification\",\"valueRequired\":true,\"valueName\":\"search_term_string\"}}],\"inLanguage\":\"de\"},{\"@type\":\"Organization\",\"@id\":\"https:\\\/\\\/www.salzburgerland.com\\\/de\\\/magazin\\\/#organization\",\"name\":\"SalzburgerLand Tourismus\",\"url\":\"https:\\\/\\\/www.salzburgerland.com\\\/de\\\/magazin\\\/\",\"logo\":{\"@type\":\"ImageObject\",\"inLanguage\":\"de\",\"@id\":\"https:\\\/\\\/www.salzburgerland.com\\\/de\\\/magazin\\\/#\\\/schema\\\/logo\\\/image\\\/\",\"url\":\"https:\\\/\\\/www.salzburgerland.com\\\/de\\\/magazin\\\/wp-content\\\/uploads\\\/2019\\\/06\\\/salzburgerland-logo1.jpg\",\"contentUrl\":\"https:\\\/\\\/www.salzburgerland.com\\\/de\\\/magazin\\\/wp-content\\\/uploads\\\/2019\\\/06\\\/salzburgerland-logo1.jpg\",\"width\":2011,\"height\":866,\"caption\":\"SalzburgerLand Tourismus\"},\"image\":{\"@id\":\"https:\\\/\\\/www.salzburgerland.com\\\/de\\\/magazin\\\/#\\\/schema\\\/logo\\\/image\\\/\"},\"sameAs\":[\"https:\\\/\\\/www.facebook.com\\\/salzburgerland\\\/\",\"https:\\\/\\\/x.com\\\/Salzburgerland\",\"https:\\\/\\\/www.instagram.com\\\/salzburgerland\\\/\",\"https:\\\/\\\/at.linkedin.com\\\/company\\\/salzburgerland-tourismus-gmbh\",\"https:\\\/\\\/www.pinterest.at\\\/salzburgerland\\\/\",\"https:\\\/\\\/www.youtube.com\\\/user\\\/salzburgerland\",\"https:\\\/\\\/de.wikipedia.org\\\/wiki\\\/SalzburgerLand_Tourismus_GmbH\"]},{\"@type\":\"Person\",\"@id\":\"https:\\\/\\\/www.salzburgerland.com\\\/de\\\/magazin\\\/#\\\/schema\\\/person\\\/82cd9e94802b8fc6c3c209aa552f3bfb\",\"name\":\"Magdalena Griesner\",\"description\":\"Raus aus der Landidylle und rein ins Abenteuer Leben dachte sich die neugierige Salzburgerin. Und so ging es nach der Matura direkt ins Land der begrenzten Unm\u00f6glichkeiten, wie sie es gerne nennt, in die USA. Nach einem Auslandsjahr in dem sie weite Teile der Ost- und Westk\u00fcste erkunden konnte, freute sie sich auch wieder auf die Heimat und die kulturelle Einzigartigkeit europ\u00e4ischer St\u00e4dte. Die Affinit\u00e4t zu Kunst und Kultur in jeglicher Form spiegelt sich auch auf ihrem Blog Magnolia Music &amp; Arts wieder. Da sie laufend von Fernweh heimgesucht wird, unternimmt Magnolia viele Ausfl\u00fcge und St\u00e4dtetrips und berichtet ihren Lesern davon. Ihr Masterstudium absolvierte sie in Salzburg, wo sie die Stadt in der sie bereits in ihrer Jugend viel Zeit verbrachte, neu kennen und lieben lernte.\",\"url\":\"https:\\\/\\\/www.salzburgerland.com\\\/de\\\/magazin\\\/author\\\/magdalena-griesner\\\/\"}]}<\/script>\n<!-- \/ Yoast SEO Premium plugin. -->","yoast_head_json":{"title":"Untertags auf der Piste, am Abend im Konzertsaal - SalzburgerLand Magazin","description":"Wer den winterlichen Schneezauber erleben will und dabei nicht auf Kultur verzichten m\u00f6chte, ist in Salzburg genau richtig. Die Mozartstadt ist zu jeder Jahreszeit eine Reise wert, vor allem dann, wenn sich der Herbst verabschiedet hat, die Berge wieder in bl\u00fchendem Wei\u00df erstrahlen und die Skisaison beginnt. Pures Skivergn\u00fcgen in Salzburgs Bergwelt Ski und Snowboard [&hellip;]","robots":{"index":"noindex","follow":"nofollow"},"og_locale":"de_DE","og_type":"article","og_title":"Untertags auf der Piste, am Abend im Konzertsaal","og_description":"Wer den winterlichen Schneezauber erleben will und dabei nicht auf Kultur verzichten m\u00f6chte, ist in Salzburg genau richtig. Die Mozartstadt ist zu jeder Jahreszeit eine Reise wert, vor allem dann, wenn sich der Herbst verabschiedet hat, die Berge wieder in bl\u00fchendem Wei\u00df erstrahlen und die Skisaison beginnt. Pures Skivergn\u00fcgen in Salzburgs Bergwelt Ski und Snowboard [&hellip;]","og_url":"https:\/\/www.salzburgerland.com\/de\/magazin\/kultur-am-abend-skivergnuegen-untertags\/","og_site_name":"SalzburgerLand Magazin","article_publisher":"https:\/\/www.facebook.com\/salzburgerland\/","article_published_time":"2019-01-18T14:16:21+00:00","article_modified_time":"2023-06-21T14:24:21+00:00","og_image":[{"width":1600,"height":1067,"url":"https:\/\/www.salzburgerland.com\/de\/magazin\/wp-content\/uploads\/2019\/01\/A18_6002_AdobeRGB.jpg","type":"image\/jpeg"}],"author":"Magdalena Griesner","twitter_card":"summary_large_image","twitter_creator":"@Salzburgerland","twitter_site":"@Salzburgerland","twitter_misc":{"Verfasst von":"Magdalena Griesner","Gesch\u00e4tzte Lesezeit":"4\u00a0Minuten"},"schema":{"@context":"https:\/\/schema.org","@graph":[{"@type":"Article","@id":"https:\/\/www.salzburgerland.com\/de\/magazin\/kultur-am-abend-skivergnuegen-untertags\/#article","isPartOf":{"@id":"https:\/\/www.salzburgerland.com\/de\/magazin\/kultur-am-abend-skivergnuegen-untertags\/"},"author":{"name":"Magdalena Griesner","@id":"https:\/\/www.salzburgerland.com\/de\/magazin\/#\/schema\/person\/82cd9e94802b8fc6c3c209aa552f3bfb"},"headline":"Untertags auf der Piste, am Abend im Konzertsaal","datePublished":"2019-01-18T14:16:21+00:00","dateModified":"2023-06-21T14:24:21+00:00","mainEntityOfPage":{"@id":"https:\/\/www.salzburgerland.com\/de\/magazin\/kultur-am-abend-skivergnuegen-untertags\/"},"wordCount":611,"commentCount":0,"publisher":{"@id":"https:\/\/www.salzburgerland.com\/de\/magazin\/#organization"},"image":{"@id":"https:\/\/www.salzburgerland.com\/de\/magazin\/kultur-am-abend-skivergnuegen-untertags\/#primaryimage"},"thumbnailUrl":"https:\/\/www.salzburgerland.com\/de\/magazin\/wp-content\/uploads\/2019\/01\/A18_6002_AdobeRGB.jpg","articleSection":["Archiv"],"inLanguage":"de","potentialAction":[{"@type":"CommentAction","name":"Comment","target":["https:\/\/www.salzburgerland.com\/de\/magazin\/kultur-am-abend-skivergnuegen-untertags\/#respond"]}]},{"@type":"WebPage","@id":"https:\/\/www.salzburgerland.com\/de\/magazin\/kultur-am-abend-skivergnuegen-untertags\/","url":"https:\/\/www.salzburgerland.com\/de\/magazin\/kultur-am-abend-skivergnuegen-untertags\/","name":"Untertags auf der Piste, am Abend im Konzertsaal - SalzburgerLand Magazin","isPartOf":{"@id":"https:\/\/www.salzburgerland.com\/de\/magazin\/#website"},"primaryImageOfPage":{"@id":"https:\/\/www.salzburgerland.com\/de\/magazin\/kultur-am-abend-skivergnuegen-untertags\/#primaryimage"},"image":{"@id":"https:\/\/www.salzburgerland.com\/de\/magazin\/kultur-am-abend-skivergnuegen-untertags\/#primaryimage"},"thumbnailUrl":"https:\/\/www.salzburgerland.com\/de\/magazin\/wp-content\/uploads\/2019\/01\/A18_6002_AdobeRGB.jpg","datePublished":"2019-01-18T14:16:21+00:00","dateModified":"2023-06-21T14:24:21+00:00","breadcrumb":{"@id":"https:\/\/www.salzburgerland.com\/de\/magazin\/kultur-am-abend-skivergnuegen-untertags\/#breadcrumb"},"inLanguage":"de","potentialAction":[{"@type":"ReadAction","target":["https:\/\/www.salzburgerland.com\/de\/magazin\/kultur-am-abend-skivergnuegen-untertags\/"]}]},{"@type":"ImageObject","inLanguage":"de","@id":"https:\/\/www.salzburgerland.com\/de\/magazin\/kultur-am-abend-skivergnuegen-untertags\/#primaryimage","url":"https:\/\/www.salzburgerland.com\/de\/magazin\/wp-content\/uploads\/2019\/01\/A18_6002_AdobeRGB.jpg","contentUrl":"https:\/\/www.salzburgerland.com\/de\/magazin\/wp-content\/uploads\/2019\/01\/A18_6002_AdobeRGB.jpg","width":1600,"height":1067,"caption":"Skifahrer in blauer Jacke beim Carven auf einer frisch pr\u00e4parierten Schneepiste mit Bergen und Wolken im Hintergrund."},{"@type":"BreadcrumbList","@id":"https:\/\/www.salzburgerland.com\/de\/magazin\/kultur-am-abend-skivergnuegen-untertags\/#breadcrumb","itemListElement":[{"@type":"ListItem","position":1,"name":"Startseite","item":"https:\/\/www.salzburgerland.com\/de\/magazin\/"},{"@type":"ListItem","position":2,"name":"Archiv","item":"https:\/\/www.salzburgerland.com\/de\/magazin\/thema\/archiv\/"},{"@type":"ListItem","position":3,"name":"Untertags auf der Piste, am Abend im Konzertsaal"}]},{"@type":"WebSite","@id":"https:\/\/www.salzburgerland.com\/de\/magazin\/#website","url":"https:\/\/www.salzburgerland.com\/de\/magazin\/","name":"SalzburgerLand Magazin","description":"Geschichten und Interessantes aus dem SalzburgerLand","publisher":{"@id":"https:\/\/www.salzburgerland.com\/de\/magazin\/#organization"},"potentialAction":[{"@type":"SearchAction","target":{"@type":"EntryPoint","urlTemplate":"https:\/\/www.salzburgerland.com\/de\/magazin\/?s={search_term_string}"},"query-input":{"@type":"PropertyValueSpecification","valueRequired":true,"valueName":"search_term_string"}}],"inLanguage":"de"},{"@type":"Organization","@id":"https:\/\/www.salzburgerland.com\/de\/magazin\/#organization","name":"SalzburgerLand Tourismus","url":"https:\/\/www.salzburgerland.com\/de\/magazin\/","logo":{"@type":"ImageObject","inLanguage":"de","@id":"https:\/\/www.salzburgerland.com\/de\/magazin\/#\/schema\/logo\/image\/","url":"https:\/\/www.salzburgerland.com\/de\/magazin\/wp-content\/uploads\/2019\/06\/salzburgerland-logo1.jpg","contentUrl":"https:\/\/www.salzburgerland.com\/de\/magazin\/wp-content\/uploads\/2019\/06\/salzburgerland-logo1.jpg","width":2011,"height":866,"caption":"SalzburgerLand Tourismus"},"image":{"@id":"https:\/\/www.salzburgerland.com\/de\/magazin\/#\/schema\/logo\/image\/"},"sameAs":["https:\/\/www.facebook.com\/salzburgerland\/","https:\/\/x.com\/Salzburgerland","https:\/\/www.instagram.com\/salzburgerland\/","https:\/\/at.linkedin.com\/company\/salzburgerland-tourismus-gmbh","https:\/\/www.pinterest.at\/salzburgerland\/","https:\/\/www.youtube.com\/user\/salzburgerland","https:\/\/de.wikipedia.org\/wiki\/SalzburgerLand_Tourismus_GmbH"]},{"@type":"Person","@id":"https:\/\/www.salzburgerland.com\/de\/magazin\/#\/schema\/person\/82cd9e94802b8fc6c3c209aa552f3bfb","name":"Magdalena Griesner","description":"Raus aus der Landidylle und rein ins Abenteuer Leben dachte sich die neugierige Salzburgerin. Und so ging es nach der Matura direkt ins Land der begrenzten Unm\u00f6glichkeiten, wie sie es gerne nennt, in die USA. Nach einem Auslandsjahr in dem sie weite Teile der Ost- und Westk\u00fcste erkunden konnte, freute sie sich auch wieder auf die Heimat und die kulturelle Einzigartigkeit europ\u00e4ischer St\u00e4dte. Die Affinit\u00e4t zu Kunst und Kultur in jeglicher Form spiegelt sich auch auf ihrem Blog Magnolia Music &amp; Arts wieder. Da sie laufend von Fernweh heimgesucht wird, unternimmt Magnolia viele Ausfl\u00fcge und St\u00e4dtetrips und berichtet ihren Lesern davon. Ihr Masterstudium absolvierte sie in Salzburg, wo sie die Stadt in der sie bereits in ihrer Jugend viel Zeit verbrachte, neu kennen und lieben lernte.","url":"https:\/\/www.salzburgerland.com\/de\/magazin\/author\/magdalena-griesner\/"}]}},"_wl_alt_label":[],"wl:entity_url":"http:\/\/open.salzburgerland.com\/magazin\/post\/untertags_auf_der_piste__am_abend_im_konzertsaal","_links":{"self":[{"href":"https:\/\/www.salzburgerland.com\/de\/magazin\/wp-json\/wp\/v2\/posts\/128374","targetHints":{"allow":["GET"]}}],"collection":[{"href":"https:\/\/www.salzburgerland.com\/de\/magazin\/wp-json\/wp\/v2\/posts"}],"about":[{"href":"https:\/\/www.salzburgerland.com\/de\/magazin\/wp-json\/wp\/v2\/types\/post"}],"author":[{"embeddable":true,"href":"https:\/\/www.salzburgerland.com\/de\/magazin\/wp-json\/wp\/v2\/users\/551"}],"replies":[{"embeddable":true,"href":"https:\/\/www.salzburgerland.com\/de\/magazin\/wp-json\/wp\/v2\/comments?post=128374"}],"version-history":[{"count":1,"href":"https:\/\/www.salzburgerland.com\/de\/magazin\/wp-json\/wp\/v2\/posts\/128374\/revisions"}],"predecessor-version":[{"id":167515,"href":"https:\/\/www.salzburgerland.com\/de\/magazin\/wp-json\/wp\/v2\/posts\/128374\/revisions\/167515"}],"wp:featuredmedia":[{"embeddable":true,"href":"https:\/\/www.salzburgerland.com\/de\/magazin\/wp-json\/wp\/v2\/media\/128395"}],"wp:attachment":[{"href":"https:\/\/www.salzburgerland.com\/de\/magazin\/wp-json\/wp\/v2\/media?parent=128374"}],"wp:term":[{"taxonomy":"category","embeddable":true,"href":"https:\/\/www.salzburgerland.com\/de\/magazin\/wp-json\/wp\/v2\/categories?post=128374"},{"taxonomy":"post_tag","embeddable":true,"href":"https:\/\/www.salzburgerland.com\/de\/magazin\/wp-json\/wp\/v2\/tags?post=128374"},{"taxonomy":"wl_entity_type","embeddable":true,"href":"https:\/\/www.salzburgerland.com\/de\/magazin\/wp-json\/wp\/v2\/wl_entity_type?post=128374"},{"taxonomy":"monatsauswahl","embeddable":true,"href":"https:\/\/www.salzburgerland.com\/de\/magazin\/wp-json\/wp\/v2\/monatsauswahl?post=128374"}],"curies":[{"name":"wp","href":"https:\/\/api.w.org\/{rel}","templated":true}]}}