{"id":128108,"date":"2018-12-18T17:02:13","date_gmt":"2018-12-18T16:02:13","guid":{"rendered":"https:\/\/www.salzburgerland.com\/de\/magazin\/?p=128108"},"modified":"2023-11-09T09:15:39","modified_gmt":"2023-11-09T08:15:39","slug":"adventsmaerkte-in-den-stille-nacht-orten","status":"publish","type":"post","link":"https:\/\/www.salzburgerland.com\/de\/magazin\/adventsmaerkte-in-den-stille-nacht-orten\/","title":{"rendered":"Adventsm\u00e4rkte in den Stille-Nacht-Orten"},"content":{"rendered":"<p><strong>Das Jahr 2018 neigt sich dem Ende zu und auch das Jubil\u00e4umsjahr zum Stille-Nacht-Lied befindet sich auf der Zielgeraden. Das Stille-Nacht-Lied bleibt aber nat\u00fcrlich uns weiter erhalten und besonders rund um den 24. Dezember wird das Lied omnipr\u00e4sent. Auch auf den Weihnachtsm\u00e4rkten ist das Thema Stille Nacht nicht zu \u00fcbersehen.<\/strong><\/p>\n<p>Speziell in den Stille-Nacht-Orten wird w\u00e4hrend der Weihnachtszeit das Jubil\u00e4um gefeiert. Einige der Ort haben auch Adventsm\u00e4rkte wo zum Jubil\u00e4umsjahr eigene Veranstaltungen an das Lied erinnern.<\/p>\n<h3>Oberndorf \u2013 wo alles Begann<\/h3>\n<p>In Oberndorf wurde das Lied im Jahr 1818 zum ersten Mal aufgef\u00fchrt. Vor der Sankt Nikola Kirche sa\u00dfen Joseph Mohr und Franz Xaver Gruber mit einer Gitarre und sangen das Lied zum ersten Mal. Heute befindet sich vor der Stillen-Nacht Kapelle der Weihnachtsmarkt, bei dem sich nat\u00fcrlich vieles um das Lied dreht. Der kleine aber feine Weihnachtsmarkt l\u00e4dt zum Bummeln und verweilen ein. Das Stille-Nacht-Museum und das Stille-Nacht-Sonderpostamt runden das Jubil\u00e4um ab. Am 24. Dezember wird vor der Stillen-Nacht Kapelle eine Gedenkfeier zu Ehren von Franz Xaver Gruber und Joseph Mohr stattfinden.<\/p>\n<p><a href=\"https:\/\/www.salzburgerland.com\/de\/magazin\/wp-content\/uploads\/2018\/12\/DSC0874-Kopie-Kopie.jpg\"><img loading=\"lazy\" decoding=\"async\" class=\"alignnone size-singlePost wp-image-128111\" src=\"https:\/\/www.salzburgerland.com\/de\/magazin\/wp-content\/uploads\/2018\/12\/DSC0874-Kopie-Kopie-650x435.jpg\" alt=\"\" width=\"650\" height=\"435\" \/><\/a><\/p>\n<h3>Salzburg \u2013 Stille Nacht in der Mozartstadt<\/h3>\n<p>Der Christkindlmarkt in Salzburg ist weit \u00fcber die Landesgrenzen bekannt und beliebt. Inmitten der Altstadt ist der Weihnachtsmarkt auf dem Residenz- und Domplatz nicht zu \u00fcbersehen und zieht j\u00e4hrlich tausende Besucher an. In der Mozartstadt ist das Stille-Nacht-Lied nat\u00fcrlich ein gro\u00dfes Thema, immerhin wurde Joseph Mohr in der Stadt geboren.<\/p>\n<figure id=\"attachment_128112\" aria-describedby=\"caption-attachment-128112\" style=\"width: 650px\" class=\"wp-caption alignnone\"><a href=\"https:\/\/www.salzburgerland.com\/de\/magazin\/wp-content\/uploads\/2018\/12\/RS2385_GUT_5259-scr.jpg\"><img loading=\"lazy\" decoding=\"async\" class=\"size-singlePost wp-image-128112\" src=\"https:\/\/www.salzburgerland.com\/de\/magazin\/wp-content\/uploads\/2018\/12\/RS2385_GUT_5259-scr-650x435.jpg\" alt=\"\" width=\"650\" height=\"435\" \/><\/a><figcaption id=\"caption-attachment-128112\" class=\"wp-caption-text\">Salzburg Residenzplatz<\/figcaption><\/figure>\n<h3>Hallein \u2013 Grubers letzte Ruhest\u00e4tte<\/h3>\n<p>Franz Xaver Gruber lebte, nach einer turbulenten Zeit, in der Keltenstadt bis zu seinem Tode und komponierte dort in Ruhe seine Lieder. Der Weihnachtsmarkt in Hallein befindet sich unweit der St\u00e4tte, in der alten Saline auf der Pernerinsel. Bis zum 23. Dezember ist der Weihnachtsmarkt von Freitag bis Sonntag noch ge\u00f6ffnet. Am 24. Dezember findet das weltbekannte Singen am Grubergrab statt.<\/p>\n<figure id=\"attachment_128114\" aria-describedby=\"caption-attachment-128114\" style=\"width: 650px\" class=\"wp-caption alignnone\"><a href=\"https:\/\/www.salzburgerland.com\/de\/magazin\/wp-content\/uploads\/2018\/12\/RS1076_gruber-haus-und-grab02-scr.jpg\"><img loading=\"lazy\" decoding=\"async\" class=\"size-singlePost wp-image-128114\" src=\"https:\/\/www.salzburgerland.com\/de\/magazin\/wp-content\/uploads\/2018\/12\/RS1076_gruber-haus-und-grab02-scr-650x435.jpg\" alt=\"\" width=\"650\" height=\"435\" \/><\/a><figcaption id=\"caption-attachment-128114\" class=\"wp-caption-text\">Stille Nacht<\/figcaption><\/figure>\n<h3>Wagrain-Kleinarl \u2013 Advent in den Bergen<\/h3>\n<p>Am 22. Dezember findet der Adventsmarkt zum letzten Mal in Kleinarl statt. An dem Abend k\u00f6nnen Kinder Kekse backen w\u00e4hrend die Erwachsenen bei Gl\u00fchwein und Punsch die stille Zeit genie\u00dfen. Am 26. Dezember findet dann zum Abschluss das Joseph-Mohr-Ged\u00e4chtnissingen statt.<\/p>\n<p><a href=\"https:\/\/www.salzburgerland.com\/de\/magazin\/wp-content\/uploads\/2018\/12\/RS1116_DSC_7104-scr.jpg\"><img loading=\"lazy\" decoding=\"async\" class=\"alignnone size-singlePost wp-image-128113\" src=\"https:\/\/www.salzburgerland.com\/de\/magazin\/wp-content\/uploads\/2018\/12\/RS1116_DSC_7104-scr-650x435.jpg\" alt=\"\" width=\"650\" height=\"435\" \/><\/a><\/p>\n<p><em>Fotos: \u00a9 salzburgerland.com, TVB Oberndorf<\/em><\/p>\n","protected":false},"excerpt":{"rendered":"<p>Das Jahr 2018 neigt sich dem Ende zu und auch das Jubil\u00e4umsjahr zum Stille-Nacht-Lied befindet sich auf der Zielgeraden. Das Stille-Nacht-Lied bleibt aber nat\u00fcrlich uns weiter erhalten und besonders rund um den 24. Dezember wird das Lied omnipr\u00e4sent. Auch auf den Weihnachtsm\u00e4rkten ist das Thema Stille Nacht nicht zu \u00fcbersehen. Speziell in den Stille-Nacht-Orten wird [&hellip;]<\/p>\n","protected":false},"author":10,"featured_media":128111,"comment_status":"open","ping_status":"open","sticky":false,"template":"","format":"standard","meta":{"_acf_changed":false,"wl_entities_gutenberg":"","_wl_entity_redirect_enabled":"","footnotes":""},"categories":[7551],"tags":[],"wl_entity_type":[306],"monatsauswahl":[93],"class_list":["post-128108","post","type-post","status-publish","format-standard","has-post-thumbnail","hentry","category-archiv","wl_entity_type-article","monatsauswahl-monat_12"],"acf":[],"yoast_head":"<!-- This site is optimized with the Yoast SEO Premium plugin v27.4 (Yoast SEO v27.4) - https:\/\/yoast.com\/product\/yoast-seo-premium-wordpress\/ -->\n<title>Adventsm\u00e4rkte in den Stille-Nacht-Orten - SalzburgerLand Magazin<\/title>\n<meta name=\"description\" content=\"Das Jahr 2018 neigt sich dem Ende zu und auch das Jubil\u00e4umsjahr zum Stille-Nacht-Lied befindet sich auf der Zielgeraden. Das Stille-Nacht-Lied bleibt aber nat\u00fcrlich uns weiter erhalten und besonders rund um den 24. Dezember wird das Lied omnipr\u00e4sent. Auch auf den Weihnachtsm\u00e4rkten ist das Thema Stille Nacht nicht zu \u00fcbersehen. Speziell in den Stille-Nacht-Orten wird [&hellip;]\" \/>\n<meta name=\"robots\" content=\"index, nofollow, max-snippet:-1, max-image-preview:large, max-video-preview:-1\" \/>\n<link rel=\"canonical\" href=\"https:\/\/www.salzburgerland.com\/de\/magazin\/adventsmaerkte-in-den-stille-nacht-orten\/\" \/>\n<meta property=\"og:locale\" content=\"de_DE\" \/>\n<meta property=\"og:type\" content=\"article\" \/>\n<meta property=\"og:title\" content=\"Adventsm\u00e4rkte in den Stille-Nacht-Orten\" \/>\n<meta property=\"og:description\" content=\"Das Jahr 2018 neigt sich dem Ende zu und auch das Jubil\u00e4umsjahr zum Stille-Nacht-Lied befindet sich auf der Zielgeraden. Das Stille-Nacht-Lied bleibt aber nat\u00fcrlich uns weiter erhalten und besonders rund um den 24. Dezember wird das Lied omnipr\u00e4sent. Auch auf den Weihnachtsm\u00e4rkten ist das Thema Stille Nacht nicht zu \u00fcbersehen. Speziell in den Stille-Nacht-Orten wird [&hellip;]\" \/>\n<meta property=\"og:url\" content=\"https:\/\/www.salzburgerland.com\/de\/magazin\/adventsmaerkte-in-den-stille-nacht-orten\/\" \/>\n<meta property=\"og:site_name\" content=\"SalzburgerLand Magazin\" \/>\n<meta property=\"article:publisher\" content=\"https:\/\/www.facebook.com\/salzburgerland\/\" \/>\n<meta property=\"article:published_time\" content=\"2018-12-18T16:02:13+00:00\" \/>\n<meta property=\"article:modified_time\" content=\"2023-11-09T08:15:39+00:00\" \/>\n<meta property=\"og:image\" content=\"https:\/\/www.salzburgerland.com\/de\/magazin\/wp-content\/uploads\/2018\/12\/DSC0874-Kopie-Kopie.jpg\" \/>\n\t<meta property=\"og:image:width\" content=\"1600\" \/>\n\t<meta property=\"og:image:height\" content=\"1019\" \/>\n\t<meta property=\"og:image:type\" content=\"image\/jpeg\" \/>\n<meta name=\"author\" content=\"Heiko Mandl\" \/>\n<meta name=\"twitter:card\" content=\"summary_large_image\" \/>\n<meta name=\"twitter:creator\" content=\"@Salzburgerland\" \/>\n<meta name=\"twitter:site\" content=\"@Salzburgerland\" \/>\n<meta name=\"twitter:label1\" content=\"Verfasst von\" \/>\n\t<meta name=\"twitter:data1\" content=\"Heiko Mandl\" \/>\n\t<meta name=\"twitter:label2\" content=\"Gesch\u00e4tzte Lesezeit\" \/>\n\t<meta name=\"twitter:data2\" content=\"3\u00a0Minuten\" \/>\n<script type=\"application\/ld+json\" class=\"yoast-schema-graph\">{\"@context\":\"https:\\\/\\\/schema.org\",\"@graph\":[{\"@type\":\"Article\",\"@id\":\"https:\\\/\\\/www.salzburgerland.com\\\/de\\\/magazin\\\/adventsmaerkte-in-den-stille-nacht-orten\\\/#article\",\"isPartOf\":{\"@id\":\"https:\\\/\\\/www.salzburgerland.com\\\/de\\\/magazin\\\/adventsmaerkte-in-den-stille-nacht-orten\\\/\"},\"author\":{\"name\":\"Heiko Mandl\",\"@id\":\"https:\\\/\\\/www.salzburgerland.com\\\/de\\\/magazin\\\/#\\\/schema\\\/person\\\/8871c7c764fce6ea66752310e7fe9e98\"},\"headline\":\"Adventsm\u00e4rkte in den Stille-Nacht-Orten\",\"datePublished\":\"2018-12-18T16:02:13+00:00\",\"dateModified\":\"2023-11-09T08:15:39+00:00\",\"mainEntityOfPage\":{\"@id\":\"https:\\\/\\\/www.salzburgerland.com\\\/de\\\/magazin\\\/adventsmaerkte-in-den-stille-nacht-orten\\\/\"},\"wordCount\":382,\"commentCount\":0,\"publisher\":{\"@id\":\"https:\\\/\\\/www.salzburgerland.com\\\/de\\\/magazin\\\/#organization\"},\"image\":{\"@id\":\"https:\\\/\\\/www.salzburgerland.com\\\/de\\\/magazin\\\/adventsmaerkte-in-den-stille-nacht-orten\\\/#primaryimage\"},\"thumbnailUrl\":\"https:\\\/\\\/www.salzburgerland.com\\\/de\\\/magazin\\\/wp-content\\\/uploads\\\/2018\\\/12\\\/DSC0874-Kopie-Kopie.jpg\",\"articleSection\":[\"Archiv\"],\"inLanguage\":\"de\",\"potentialAction\":[{\"@type\":\"CommentAction\",\"name\":\"Comment\",\"target\":[\"https:\\\/\\\/www.salzburgerland.com\\\/de\\\/magazin\\\/adventsmaerkte-in-den-stille-nacht-orten\\\/#respond\"]}]},{\"@type\":\"WebPage\",\"@id\":\"https:\\\/\\\/www.salzburgerland.com\\\/de\\\/magazin\\\/adventsmaerkte-in-den-stille-nacht-orten\\\/\",\"url\":\"https:\\\/\\\/www.salzburgerland.com\\\/de\\\/magazin\\\/adventsmaerkte-in-den-stille-nacht-orten\\\/\",\"name\":\"Adventsm\u00e4rkte in den Stille-Nacht-Orten - SalzburgerLand Magazin\",\"isPartOf\":{\"@id\":\"https:\\\/\\\/www.salzburgerland.com\\\/de\\\/magazin\\\/#website\"},\"primaryImageOfPage\":{\"@id\":\"https:\\\/\\\/www.salzburgerland.com\\\/de\\\/magazin\\\/adventsmaerkte-in-den-stille-nacht-orten\\\/#primaryimage\"},\"image\":{\"@id\":\"https:\\\/\\\/www.salzburgerland.com\\\/de\\\/magazin\\\/adventsmaerkte-in-den-stille-nacht-orten\\\/#primaryimage\"},\"thumbnailUrl\":\"https:\\\/\\\/www.salzburgerland.com\\\/de\\\/magazin\\\/wp-content\\\/uploads\\\/2018\\\/12\\\/DSC0874-Kopie-Kopie.jpg\",\"datePublished\":\"2018-12-18T16:02:13+00:00\",\"dateModified\":\"2023-11-09T08:15:39+00:00\",\"breadcrumb\":{\"@id\":\"https:\\\/\\\/www.salzburgerland.com\\\/de\\\/magazin\\\/adventsmaerkte-in-den-stille-nacht-orten\\\/#breadcrumb\"},\"inLanguage\":\"de\",\"potentialAction\":[{\"@type\":\"ReadAction\",\"target\":[\"https:\\\/\\\/www.salzburgerland.com\\\/de\\\/magazin\\\/adventsmaerkte-in-den-stille-nacht-orten\\\/\"]}]},{\"@type\":\"ImageObject\",\"inLanguage\":\"de\",\"@id\":\"https:\\\/\\\/www.salzburgerland.com\\\/de\\\/magazin\\\/adventsmaerkte-in-den-stille-nacht-orten\\\/#primaryimage\",\"url\":\"https:\\\/\\\/www.salzburgerland.com\\\/de\\\/magazin\\\/wp-content\\\/uploads\\\/2018\\\/12\\\/DSC0874-Kopie-Kopie.jpg\",\"contentUrl\":\"https:\\\/\\\/www.salzburgerland.com\\\/de\\\/magazin\\\/wp-content\\\/uploads\\\/2018\\\/12\\\/DSC0874-Kopie-Kopie.jpg\",\"width\":1600,\"height\":1019,\"caption\":\"Ein festlicher Weihnachtsmarkt bei Nacht mit geschm\u00fcckten St\u00e4nden, Lichtern und verschwommenen Menschen, die herumlaufen.\"},{\"@type\":\"BreadcrumbList\",\"@id\":\"https:\\\/\\\/www.salzburgerland.com\\\/de\\\/magazin\\\/adventsmaerkte-in-den-stille-nacht-orten\\\/#breadcrumb\",\"itemListElement\":[{\"@type\":\"ListItem\",\"position\":1,\"name\":\"Startseite\",\"item\":\"https:\\\/\\\/www.salzburgerland.com\\\/de\\\/magazin\\\/\"},{\"@type\":\"ListItem\",\"position\":2,\"name\":\"Archiv\",\"item\":\"https:\\\/\\\/www.salzburgerland.com\\\/de\\\/magazin\\\/thema\\\/archiv\\\/\"},{\"@type\":\"ListItem\",\"position\":3,\"name\":\"Adventsm\u00e4rkte in den Stille-Nacht-Orten\"}]},{\"@type\":\"WebSite\",\"@id\":\"https:\\\/\\\/www.salzburgerland.com\\\/de\\\/magazin\\\/#website\",\"url\":\"https:\\\/\\\/www.salzburgerland.com\\\/de\\\/magazin\\\/\",\"name\":\"SalzburgerLand Magazin\",\"description\":\"Geschichten und Interessantes aus dem SalzburgerLand\",\"publisher\":{\"@id\":\"https:\\\/\\\/www.salzburgerland.com\\\/de\\\/magazin\\\/#organization\"},\"potentialAction\":[{\"@type\":\"SearchAction\",\"target\":{\"@type\":\"EntryPoint\",\"urlTemplate\":\"https:\\\/\\\/www.salzburgerland.com\\\/de\\\/magazin\\\/?s={search_term_string}\"},\"query-input\":{\"@type\":\"PropertyValueSpecification\",\"valueRequired\":true,\"valueName\":\"search_term_string\"}}],\"inLanguage\":\"de\"},{\"@type\":\"Organization\",\"@id\":\"https:\\\/\\\/www.salzburgerland.com\\\/de\\\/magazin\\\/#organization\",\"name\":\"SalzburgerLand Tourismus\",\"url\":\"https:\\\/\\\/www.salzburgerland.com\\\/de\\\/magazin\\\/\",\"logo\":{\"@type\":\"ImageObject\",\"inLanguage\":\"de\",\"@id\":\"https:\\\/\\\/www.salzburgerland.com\\\/de\\\/magazin\\\/#\\\/schema\\\/logo\\\/image\\\/\",\"url\":\"https:\\\/\\\/www.salzburgerland.com\\\/de\\\/magazin\\\/wp-content\\\/uploads\\\/2019\\\/06\\\/salzburgerland-logo1.jpg\",\"contentUrl\":\"https:\\\/\\\/www.salzburgerland.com\\\/de\\\/magazin\\\/wp-content\\\/uploads\\\/2019\\\/06\\\/salzburgerland-logo1.jpg\",\"width\":2011,\"height\":866,\"caption\":\"SalzburgerLand Tourismus\"},\"image\":{\"@id\":\"https:\\\/\\\/www.salzburgerland.com\\\/de\\\/magazin\\\/#\\\/schema\\\/logo\\\/image\\\/\"},\"sameAs\":[\"https:\\\/\\\/www.facebook.com\\\/salzburgerland\\\/\",\"https:\\\/\\\/x.com\\\/Salzburgerland\",\"https:\\\/\\\/www.instagram.com\\\/salzburgerland\\\/\",\"https:\\\/\\\/at.linkedin.com\\\/company\\\/salzburgerland-tourismus-gmbh\",\"https:\\\/\\\/www.pinterest.at\\\/salzburgerland\\\/\",\"https:\\\/\\\/www.youtube.com\\\/user\\\/salzburgerland\",\"https:\\\/\\\/de.wikipedia.org\\\/wiki\\\/SalzburgerLand_Tourismus_GmbH\"]},{\"@type\":\"Person\",\"@id\":\"https:\\\/\\\/www.salzburgerland.com\\\/de\\\/magazin\\\/#\\\/schema\\\/person\\\/8871c7c764fce6ea66752310e7fe9e98\",\"name\":\"Heiko Mandl\",\"description\":\"Heiko Mandl, geboren 1976 in Salzburg, ist durch den Journalismus zur Fotografie gekommen und ist seit zehn Jahren als selbstst\u00e4ndiger Fotograf und Autor in Salzburg t\u00e4tig. Schon von Kindheit an haben ihn die Berge vor seiner Haust\u00fcr fasziniert. Heute z\u00e4hlen sie unter anderem zu seinem Arbeitsplatz. Er arbeitet f\u00fcr internationale Outdoor- und Reisemagazine sowie zahlreiche Firmen und Agenturen. Luxushotel oder Almh\u00fctte: Ich kann beides genie\u00dfen und ich gehe das nach dem Motto: Alles zur richtigen Zeit und zur passenden Gelegenheit an. Wandern oder Laufen: Auf jeden Fall wandern, ist gem\u00fctlicher und man kann sich mehr auf die Umgebung konzentrieren. Golfplatz oder Klettergarten: Klettergarten, zumindest noch die n\u00e4chsten 20 Jahre. Fr\u00fchling, sommer, herbst oder Winter? Fr\u00fchling und Sommer und Herbst und Winter! Im SalzburgerLand ist es das ganze Jahr traumhaft sch\u00f6n. Wellness oder Mountainbike? Zuerst eine Runde mit dem Mountainbike und dann ab in den Wellnesstempel. Das eine schlie\u00dft das andere nicht aus!\",\"url\":\"https:\\\/\\\/www.salzburgerland.com\\\/de\\\/magazin\\\/author\\\/heiko-mandl\\\/\"}]}<\/script>\n<!-- \/ Yoast SEO Premium plugin. -->","yoast_head_json":{"title":"Adventsm\u00e4rkte in den Stille-Nacht-Orten - SalzburgerLand Magazin","description":"Das Jahr 2018 neigt sich dem Ende zu und auch das Jubil\u00e4umsjahr zum Stille-Nacht-Lied befindet sich auf der Zielgeraden. Das Stille-Nacht-Lied bleibt aber nat\u00fcrlich uns weiter erhalten und besonders rund um den 24. Dezember wird das Lied omnipr\u00e4sent. Auch auf den Weihnachtsm\u00e4rkten ist das Thema Stille Nacht nicht zu \u00fcbersehen. Speziell in den Stille-Nacht-Orten wird [&hellip;]","robots":{"index":"index","follow":"nofollow","max-snippet":"max-snippet:-1","max-image-preview":"max-image-preview:large","max-video-preview":"max-video-preview:-1"},"canonical":"https:\/\/www.salzburgerland.com\/de\/magazin\/adventsmaerkte-in-den-stille-nacht-orten\/","og_locale":"de_DE","og_type":"article","og_title":"Adventsm\u00e4rkte in den Stille-Nacht-Orten","og_description":"Das Jahr 2018 neigt sich dem Ende zu und auch das Jubil\u00e4umsjahr zum Stille-Nacht-Lied befindet sich auf der Zielgeraden. Das Stille-Nacht-Lied bleibt aber nat\u00fcrlich uns weiter erhalten und besonders rund um den 24. Dezember wird das Lied omnipr\u00e4sent. Auch auf den Weihnachtsm\u00e4rkten ist das Thema Stille Nacht nicht zu \u00fcbersehen. Speziell in den Stille-Nacht-Orten wird [&hellip;]","og_url":"https:\/\/www.salzburgerland.com\/de\/magazin\/adventsmaerkte-in-den-stille-nacht-orten\/","og_site_name":"SalzburgerLand Magazin","article_publisher":"https:\/\/www.facebook.com\/salzburgerland\/","article_published_time":"2018-12-18T16:02:13+00:00","article_modified_time":"2023-11-09T08:15:39+00:00","og_image":[{"width":1600,"height":1019,"url":"https:\/\/www.salzburgerland.com\/de\/magazin\/wp-content\/uploads\/2018\/12\/DSC0874-Kopie-Kopie.jpg","type":"image\/jpeg"}],"author":"Heiko Mandl","twitter_card":"summary_large_image","twitter_creator":"@Salzburgerland","twitter_site":"@Salzburgerland","twitter_misc":{"Verfasst von":"Heiko Mandl","Gesch\u00e4tzte Lesezeit":"3\u00a0Minuten"},"schema":{"@context":"https:\/\/schema.org","@graph":[{"@type":"Article","@id":"https:\/\/www.salzburgerland.com\/de\/magazin\/adventsmaerkte-in-den-stille-nacht-orten\/#article","isPartOf":{"@id":"https:\/\/www.salzburgerland.com\/de\/magazin\/adventsmaerkte-in-den-stille-nacht-orten\/"},"author":{"name":"Heiko Mandl","@id":"https:\/\/www.salzburgerland.com\/de\/magazin\/#\/schema\/person\/8871c7c764fce6ea66752310e7fe9e98"},"headline":"Adventsm\u00e4rkte in den Stille-Nacht-Orten","datePublished":"2018-12-18T16:02:13+00:00","dateModified":"2023-11-09T08:15:39+00:00","mainEntityOfPage":{"@id":"https:\/\/www.salzburgerland.com\/de\/magazin\/adventsmaerkte-in-den-stille-nacht-orten\/"},"wordCount":382,"commentCount":0,"publisher":{"@id":"https:\/\/www.salzburgerland.com\/de\/magazin\/#organization"},"image":{"@id":"https:\/\/www.salzburgerland.com\/de\/magazin\/adventsmaerkte-in-den-stille-nacht-orten\/#primaryimage"},"thumbnailUrl":"https:\/\/www.salzburgerland.com\/de\/magazin\/wp-content\/uploads\/2018\/12\/DSC0874-Kopie-Kopie.jpg","articleSection":["Archiv"],"inLanguage":"de","potentialAction":[{"@type":"CommentAction","name":"Comment","target":["https:\/\/www.salzburgerland.com\/de\/magazin\/adventsmaerkte-in-den-stille-nacht-orten\/#respond"]}]},{"@type":"WebPage","@id":"https:\/\/www.salzburgerland.com\/de\/magazin\/adventsmaerkte-in-den-stille-nacht-orten\/","url":"https:\/\/www.salzburgerland.com\/de\/magazin\/adventsmaerkte-in-den-stille-nacht-orten\/","name":"Adventsm\u00e4rkte in den Stille-Nacht-Orten - SalzburgerLand Magazin","isPartOf":{"@id":"https:\/\/www.salzburgerland.com\/de\/magazin\/#website"},"primaryImageOfPage":{"@id":"https:\/\/www.salzburgerland.com\/de\/magazin\/adventsmaerkte-in-den-stille-nacht-orten\/#primaryimage"},"image":{"@id":"https:\/\/www.salzburgerland.com\/de\/magazin\/adventsmaerkte-in-den-stille-nacht-orten\/#primaryimage"},"thumbnailUrl":"https:\/\/www.salzburgerland.com\/de\/magazin\/wp-content\/uploads\/2018\/12\/DSC0874-Kopie-Kopie.jpg","datePublished":"2018-12-18T16:02:13+00:00","dateModified":"2023-11-09T08:15:39+00:00","breadcrumb":{"@id":"https:\/\/www.salzburgerland.com\/de\/magazin\/adventsmaerkte-in-den-stille-nacht-orten\/#breadcrumb"},"inLanguage":"de","potentialAction":[{"@type":"ReadAction","target":["https:\/\/www.salzburgerland.com\/de\/magazin\/adventsmaerkte-in-den-stille-nacht-orten\/"]}]},{"@type":"ImageObject","inLanguage":"de","@id":"https:\/\/www.salzburgerland.com\/de\/magazin\/adventsmaerkte-in-den-stille-nacht-orten\/#primaryimage","url":"https:\/\/www.salzburgerland.com\/de\/magazin\/wp-content\/uploads\/2018\/12\/DSC0874-Kopie-Kopie.jpg","contentUrl":"https:\/\/www.salzburgerland.com\/de\/magazin\/wp-content\/uploads\/2018\/12\/DSC0874-Kopie-Kopie.jpg","width":1600,"height":1019,"caption":"Ein festlicher Weihnachtsmarkt bei Nacht mit geschm\u00fcckten St\u00e4nden, Lichtern und verschwommenen Menschen, die herumlaufen."},{"@type":"BreadcrumbList","@id":"https:\/\/www.salzburgerland.com\/de\/magazin\/adventsmaerkte-in-den-stille-nacht-orten\/#breadcrumb","itemListElement":[{"@type":"ListItem","position":1,"name":"Startseite","item":"https:\/\/www.salzburgerland.com\/de\/magazin\/"},{"@type":"ListItem","position":2,"name":"Archiv","item":"https:\/\/www.salzburgerland.com\/de\/magazin\/thema\/archiv\/"},{"@type":"ListItem","position":3,"name":"Adventsm\u00e4rkte in den Stille-Nacht-Orten"}]},{"@type":"WebSite","@id":"https:\/\/www.salzburgerland.com\/de\/magazin\/#website","url":"https:\/\/www.salzburgerland.com\/de\/magazin\/","name":"SalzburgerLand Magazin","description":"Geschichten und Interessantes aus dem SalzburgerLand","publisher":{"@id":"https:\/\/www.salzburgerland.com\/de\/magazin\/#organization"},"potentialAction":[{"@type":"SearchAction","target":{"@type":"EntryPoint","urlTemplate":"https:\/\/www.salzburgerland.com\/de\/magazin\/?s={search_term_string}"},"query-input":{"@type":"PropertyValueSpecification","valueRequired":true,"valueName":"search_term_string"}}],"inLanguage":"de"},{"@type":"Organization","@id":"https:\/\/www.salzburgerland.com\/de\/magazin\/#organization","name":"SalzburgerLand Tourismus","url":"https:\/\/www.salzburgerland.com\/de\/magazin\/","logo":{"@type":"ImageObject","inLanguage":"de","@id":"https:\/\/www.salzburgerland.com\/de\/magazin\/#\/schema\/logo\/image\/","url":"https:\/\/www.salzburgerland.com\/de\/magazin\/wp-content\/uploads\/2019\/06\/salzburgerland-logo1.jpg","contentUrl":"https:\/\/www.salzburgerland.com\/de\/magazin\/wp-content\/uploads\/2019\/06\/salzburgerland-logo1.jpg","width":2011,"height":866,"caption":"SalzburgerLand Tourismus"},"image":{"@id":"https:\/\/www.salzburgerland.com\/de\/magazin\/#\/schema\/logo\/image\/"},"sameAs":["https:\/\/www.facebook.com\/salzburgerland\/","https:\/\/x.com\/Salzburgerland","https:\/\/www.instagram.com\/salzburgerland\/","https:\/\/at.linkedin.com\/company\/salzburgerland-tourismus-gmbh","https:\/\/www.pinterest.at\/salzburgerland\/","https:\/\/www.youtube.com\/user\/salzburgerland","https:\/\/de.wikipedia.org\/wiki\/SalzburgerLand_Tourismus_GmbH"]},{"@type":"Person","@id":"https:\/\/www.salzburgerland.com\/de\/magazin\/#\/schema\/person\/8871c7c764fce6ea66752310e7fe9e98","name":"Heiko Mandl","description":"Heiko Mandl, geboren 1976 in Salzburg, ist durch den Journalismus zur Fotografie gekommen und ist seit zehn Jahren als selbstst\u00e4ndiger Fotograf und Autor in Salzburg t\u00e4tig. Schon von Kindheit an haben ihn die Berge vor seiner Haust\u00fcr fasziniert. Heute z\u00e4hlen sie unter anderem zu seinem Arbeitsplatz. Er arbeitet f\u00fcr internationale Outdoor- und Reisemagazine sowie zahlreiche Firmen und Agenturen. Luxushotel oder Almh\u00fctte: Ich kann beides genie\u00dfen und ich gehe das nach dem Motto: Alles zur richtigen Zeit und zur passenden Gelegenheit an. Wandern oder Laufen: Auf jeden Fall wandern, ist gem\u00fctlicher und man kann sich mehr auf die Umgebung konzentrieren. Golfplatz oder Klettergarten: Klettergarten, zumindest noch die n\u00e4chsten 20 Jahre. Fr\u00fchling, sommer, herbst oder Winter? Fr\u00fchling und Sommer und Herbst und Winter! Im SalzburgerLand ist es das ganze Jahr traumhaft sch\u00f6n. Wellness oder Mountainbike? Zuerst eine Runde mit dem Mountainbike und dann ab in den Wellnesstempel. Das eine schlie\u00dft das andere nicht aus!","url":"https:\/\/www.salzburgerland.com\/de\/magazin\/author\/heiko-mandl\/"}]}},"_wl_alt_label":[],"wl:entity_url":"http:\/\/open.salzburgerland.com\/magazin\/post\/adventsmaerkte_in_den_stille-nacht-orten","_links":{"self":[{"href":"https:\/\/www.salzburgerland.com\/de\/magazin\/wp-json\/wp\/v2\/posts\/128108","targetHints":{"allow":["GET"]}}],"collection":[{"href":"https:\/\/www.salzburgerland.com\/de\/magazin\/wp-json\/wp\/v2\/posts"}],"about":[{"href":"https:\/\/www.salzburgerland.com\/de\/magazin\/wp-json\/wp\/v2\/types\/post"}],"author":[{"embeddable":true,"href":"https:\/\/www.salzburgerland.com\/de\/magazin\/wp-json\/wp\/v2\/users\/10"}],"replies":[{"embeddable":true,"href":"https:\/\/www.salzburgerland.com\/de\/magazin\/wp-json\/wp\/v2\/comments?post=128108"}],"version-history":[{"count":2,"href":"https:\/\/www.salzburgerland.com\/de\/magazin\/wp-json\/wp\/v2\/posts\/128108\/revisions"}],"predecessor-version":[{"id":173923,"href":"https:\/\/www.salzburgerland.com\/de\/magazin\/wp-json\/wp\/v2\/posts\/128108\/revisions\/173923"}],"wp:featuredmedia":[{"embeddable":true,"href":"https:\/\/www.salzburgerland.com\/de\/magazin\/wp-json\/wp\/v2\/media\/128111"}],"wp:attachment":[{"href":"https:\/\/www.salzburgerland.com\/de\/magazin\/wp-json\/wp\/v2\/media?parent=128108"}],"wp:term":[{"taxonomy":"category","embeddable":true,"href":"https:\/\/www.salzburgerland.com\/de\/magazin\/wp-json\/wp\/v2\/categories?post=128108"},{"taxonomy":"post_tag","embeddable":true,"href":"https:\/\/www.salzburgerland.com\/de\/magazin\/wp-json\/wp\/v2\/tags?post=128108"},{"taxonomy":"wl_entity_type","embeddable":true,"href":"https:\/\/www.salzburgerland.com\/de\/magazin\/wp-json\/wp\/v2\/wl_entity_type?post=128108"},{"taxonomy":"monatsauswahl","embeddable":true,"href":"https:\/\/www.salzburgerland.com\/de\/magazin\/wp-json\/wp\/v2\/monatsauswahl?post=128108"}],"curies":[{"name":"wp","href":"https:\/\/api.w.org\/{rel}","templated":true}]}}