{"id":127442,"date":"2018-11-23T08:00:32","date_gmt":"2018-11-23T07:00:32","guid":{"rendered":"https:\/\/www.salzburgerland.com\/de\/magazin\/?p=127442"},"modified":"2020-11-24T09:23:41","modified_gmt":"2020-11-24T08:23:41","slug":"klaus-der-kleine-krampus-ein-kinderbuch-fuer-gross-und-klein","status":"publish","type":"post","link":"https:\/\/www.salzburgerland.com\/de\/magazin\/klaus-der-kleine-krampus-ein-kinderbuch-fuer-gross-und-klein\/","title":{"rendered":"Klaus der kleine Krampus"},"content":{"rendered":"\n<h2 class=\"wp-block-slt-subtitle\">Ein Kinderbuch f\u00fcr Gro\u00df und Klein.<\/h2>\n\n\n\n<p class=\"wp-block-slt-intro\">Wenn eines Dezemberabends lautes Schellenl\u00e4uten durch die Ortschaft hallt, verschwinden viele Kinder blitzschnell hinter Mama oder Papa. Bald sp\u00e4hen sie aber doch neugierig hinter dem R\u00fccken hervor. Und das ist gut so, denn es k\u00f6nnte ja sein, dass sich zwischen all den furchterregenden Krampussen ein kleiner Klaus-Krampus versteckt. So einer wie aus dem Kinderbuch von Sharron Levy und Eva Irnberger. Mit \u201eKlaus, der kleine Krampus\u201c haben die beiden ein kleines Kunstwerk erschaffen, das sich auf unsere Tradition besinnt und den Kindern eine wichtige Botschaft vermittelt.<\/p>\n\n\n\n<h2 class=\"wp-block-heading\" id=\"h-ein-kinderbuch-in-dem-viel-herzblut-steckt\">Ein Kinderbuch, in dem viel Herzblut steckt<\/h2>\n\n\n\n<p>Wenn <a href=\"https:\/\/www.sharronlevy.com\/index.html\" target=\"_blank\" rel=\"noopener noreferrer\">Sharron Levy<\/a> heute mit schwarz lackierten Fingern\u00e4geln und frecher Kurzhaarfrisur die B\u00fchne rockt, glaubt wohl niemand, dass es auch Dinge gibt, die sie schockieren k\u00f6nnten. Doch als die in Israel geborene Wahl-Gasteinerin vor zehn Jahren zum ersten Mal den Krampuslauf in Gastein miterlebte, da war ihr tats\u00e4chlich zum Davonlaufen. Heute, ein Jahrzehnt sp\u00e4ter, hat sich der Schock schon lange gelegt und wie bei den anderen Einheimischen \u00fcberwiegt mittlerweile die Faszination f\u00fcr diesen Brauch.<\/p>\n\n\n\n<p>Deshalb reifte in Sharron Levy schlie\u00dflich die Idee, diese Tradition in kindgerechte Worte und Bilder zu verpacken. Gemeinsam mit Eva Irnberger, die den Krampus als Figur vorgezeichnet hatte, entstand innerhalb eines halben Jahres ein 20-seitiges Kinderbuch. Die liebevollen Illustrationen von <a href=\"https:\/\/sabinemariekoerfgen.com\/\" target=\"_blank\" rel=\"noopener noreferrer\">Sabine Marie K\u00f6rfgen<\/a> tun ihr \u00dcbriges, damit die Kinder ihre Augen vor dem Krampus nicht mehr verschlie\u00dfen m\u00fcssen.<\/p>\n\n\n\n<figure class=\"wp-block-image alignnone wp-image-127445\"><img decoding=\"async\" src=\"https:\/\/www.salzburgerland.com\/de\/magazin\/wp-content\/uploads\/2018\/11\/Klaus-der-kleine-Krampus-2-650x435.jpg\" alt=\"Klaus der kleine Krampus Kinderbuch\" class=\"wp-image-127445\"\/><figcaption>Liebevolle Illustrationen auf 20 Seiten<\/figcaption><\/figure>\n\n\n\n<h2 class=\"wp-block-heading\" id=\"h-kleiner-klaus-ganz-gro\">Kleiner Klaus ganz gro\u00df<\/h2>\n\n\n\n<p>Die Hauptfigur im Buch ist Klaus, ein viel zu kleiner und d\u00fcnner Krampus, der mit den anderen Krampussen mitmischen m\u00f6chte. Dabei hat er aber so seine Probleme mit der ihm vorgegebenen Rolle als \u201eb\u00f6ser\u201c Krampus. Sharron Levy: \u201eDas Gef\u00fchl, den Erwartungen der anderen gerecht zu werden, ist eines, das viele Menschen leider auch von sich selbst kennen.\u201c Dass mutig sein aber genauso bedeuten kann, eben nicht das zu tun, was andere erwarten, davon handelt dieses Buch. Die Zielgruppe: Kinder von 2\u20138 Jahren \u2013 und alle dar\u00fcber, denen die Tradition des Krampuslaufs am Herzen liegt.<\/p>\n\n\n\n<h2 class=\"wp-block-heading\" id=\"h-und-was-sagen-die-kleinen-testleser-dazu\"><strong>Und was sagen die kleinen Testleser dazu?<\/strong><\/h2>\n\n\n\n<p>Gro\u00dfe Faszination und etwas Ehrfurcht schwingen mit, sobald sich der Dezember n\u00e4hert und der Nikolaus mit seinen Krampussen wieder in aller Munde ist. Da ist es auch kein Wunder, dass das Auspacken des Buches schon von aufgekratzten \u201eKrampus, Krampus\u201c-Rufen begleitet wird. Und dann sitzen wir auf dem Sofa. Die 2-j\u00e4hrige auf dem linken, die 4-j\u00e4hrige Tochter auf dem rechten Bein, ein Mund weiter offen als der andere. Und obwohl es in dem Kinderbuch nur freundlich gezeichnete Figuren gibt und den Autorinnen eine warmherzige Geschichte gelungen ist, mischt noch ein bisschen Unsicherheit mit. Bis wir auf der letzten Seite ankommen, denn da wartet ein richtiges Happy End und das Fazit der gr\u00f6\u00dferen Tochter: \u201eG\u00f6 Mama, so muss ein Krampus sein.\u201c Ja, genau, so muss er sein! Und <em>wie<\/em> genau das ist, das d\u00fcrfen kleine und gro\u00dfe Leser am besten selbst herausfinden.<\/p>\n\n\n\n<p>Bestellungen sind m\u00f6glich per Mail an: <a href=\"mailto:klausderkleinekrampus@gmail.com\">klausderkleinekrampus@gmail.com<\/a><br><strong>Limitierte Auflage!<\/strong><\/p>\n\n\n\n<figure class=\"wp-block-image alignnone wp-image-127444\"><img decoding=\"async\" src=\"https:\/\/www.salzburgerland.com\/de\/magazin\/wp-content\/uploads\/2018\/11\/46348693_354480521954159_2032674280210169856_n-650x435.jpg\" alt=\"Klaus der kleine Krampus Kinderbuch\" class=\"wp-image-127444\"\/><figcaption>So muss ein Krampus sein!<\/figcaption><\/figure>\n\n\n\n<p>Fotos:&nbsp;\u00a9 Sharron Levy &amp; Eva Irnberger<br>&nbsp; &nbsp; &nbsp; &nbsp; &nbsp; &nbsp; &nbsp; &nbsp; &nbsp; Regina Langreiter<\/p>\n","protected":false},"excerpt":{"rendered":"<p>Ein Kinderbuch, in dem viel Herzblut steckt Wenn Sharron Levy heute mit schwarz lackierten Fingern\u00e4geln und frecher Kurzhaarfrisur die B\u00fchne rockt, glaubt wohl niemand, dass es auch Dinge gibt, die sie schockieren k\u00f6nnten. Doch als die in Israel geborene Wahl-Gasteinerin vor zehn Jahren zum ersten Mal den Krampuslauf in Gastein miterlebte, da war ihr tats\u00e4chlich [&hellip;]<\/p>\n","protected":false},"author":555,"featured_media":127447,"comment_status":"open","ping_status":"open","sticky":false,"template":"","format":"standard","meta":{"_acf_changed":false,"wl_entities_gutenberg":"","_wl_entity_redirect_enabled":"","footnotes":""},"categories":[6],"tags":[],"wl_entity_type":[306],"monatsauswahl":[92,93],"class_list":["post-127442","post","type-post","status-publish","format-standard","has-post-thumbnail","hentry","category-kunst-kultur","wl_entity_type-article","monatsauswahl-monat_11","monatsauswahl-monat_12"],"acf":[],"yoast_head":"<!-- This site is optimized with the Yoast SEO Premium plugin v27.4 (Yoast SEO v27.4) - https:\/\/yoast.com\/product\/yoast-seo-premium-wordpress\/ -->\n<title>Klaus der kleine Krampus - SalzburgerLand Magazin<\/title>\n<meta name=\"description\" content=\"Wenn eines Dezemberabends lautes Schellenl\u00e4uten durch die Ortschaft hallt, verschwinden viele Kinder blitzschnell hinter Mama oder Papa. Bald sp\u00e4hen sie aber doch neugierig hinter dem R\u00fccken hervor. Und das ist gut so, denn es k\u00f6nnte ja sein, dass sich zwischen all den furchterregenden Krampussen ein kleiner Klaus-Krampus versteckt. So einer wie aus dem Kinderbuch von Sharron Levy und Eva Irnberger. Mit \u201eKlaus, der kleine Krampus\u201c haben die beiden ein kleines Kunstwerk erschaffen, das sich auf unsere Tradition besinnt und den Kindern eine wichtige Botschaft vermittelt.\" \/>\n<meta name=\"robots\" content=\"index, follow, max-snippet:-1, max-image-preview:large, max-video-preview:-1\" \/>\n<link rel=\"canonical\" href=\"https:\/\/www.salzburgerland.com\/de\/magazin\/klaus-der-kleine-krampus-ein-kinderbuch-fuer-gross-und-klein\/\" \/>\n<meta property=\"og:locale\" content=\"de_DE\" \/>\n<meta property=\"og:type\" content=\"article\" \/>\n<meta property=\"og:title\" content=\"Klaus der kleine Krampus\" \/>\n<meta property=\"og:description\" content=\"Ein Kinderbuch, in dem viel Herzblut steckt Wenn Sharron Levy heute mit schwarz lackierten Fingern\u00e4geln und frecher Kurzhaarfrisur die B\u00fchne rockt, glaubt wohl niemand, dass es auch Dinge gibt, die sie schockieren k\u00f6nnten. Doch als die in Israel geborene Wahl-Gasteinerin vor zehn Jahren zum ersten Mal den Krampuslauf in Gastein miterlebte, da war ihr tats\u00e4chlich [&hellip;]\" \/>\n<meta property=\"og:url\" content=\"https:\/\/www.salzburgerland.com\/de\/magazin\/klaus-der-kleine-krampus-ein-kinderbuch-fuer-gross-und-klein\/\" \/>\n<meta property=\"og:site_name\" content=\"SalzburgerLand Magazin\" \/>\n<meta property=\"article:publisher\" content=\"https:\/\/www.facebook.com\/salzburgerland\/\" \/>\n<meta property=\"article:published_time\" content=\"2018-11-23T07:00:32+00:00\" \/>\n<meta property=\"article:modified_time\" content=\"2020-11-24T08:23:41+00:00\" \/>\n<meta property=\"og:image\" content=\"https:\/\/www.salzburgerland.com\/de\/magazin\/wp-content\/uploads\/2018\/11\/Klaus-der-kleine-Krampus-cover-2.jpg\" \/>\n\t<meta property=\"og:image:width\" content=\"1600\" \/>\n\t<meta property=\"og:image:height\" content=\"1208\" \/>\n\t<meta property=\"og:image:type\" content=\"image\/jpeg\" \/>\n<meta name=\"author\" content=\"Regina Langreiter\" \/>\n<meta name=\"twitter:card\" content=\"summary_large_image\" \/>\n<meta name=\"twitter:creator\" content=\"@Salzburgerland\" \/>\n<meta name=\"twitter:site\" content=\"@Salzburgerland\" \/>\n<meta name=\"twitter:label1\" content=\"Verfasst von\" \/>\n\t<meta name=\"twitter:data1\" content=\"Regina Langreiter\" \/>\n\t<meta name=\"twitter:label2\" content=\"Gesch\u00e4tzte Lesezeit\" \/>\n\t<meta name=\"twitter:data2\" content=\"3\u00a0Minuten\" \/>\n<script type=\"application\/ld+json\" class=\"yoast-schema-graph\">{\"@context\":\"https:\\\/\\\/schema.org\",\"@graph\":[{\"@type\":\"Article\",\"@id\":\"https:\\\/\\\/www.salzburgerland.com\\\/de\\\/magazin\\\/klaus-der-kleine-krampus-ein-kinderbuch-fuer-gross-und-klein\\\/#article\",\"isPartOf\":{\"@id\":\"https:\\\/\\\/www.salzburgerland.com\\\/de\\\/magazin\\\/klaus-der-kleine-krampus-ein-kinderbuch-fuer-gross-und-klein\\\/\"},\"author\":{\"name\":\"Regina Langreiter\",\"@id\":\"https:\\\/\\\/www.salzburgerland.com\\\/de\\\/magazin\\\/#\\\/schema\\\/person\\\/400a3c5899426155958bfead834fa13e\"},\"headline\":\"Klaus der kleine Krampus\",\"datePublished\":\"2018-11-23T07:00:32+00:00\",\"dateModified\":\"2020-11-24T08:23:41+00:00\",\"mainEntityOfPage\":{\"@id\":\"https:\\\/\\\/www.salzburgerland.com\\\/de\\\/magazin\\\/klaus-der-kleine-krampus-ein-kinderbuch-fuer-gross-und-klein\\\/\"},\"wordCount\":544,\"commentCount\":0,\"publisher\":{\"@id\":\"https:\\\/\\\/www.salzburgerland.com\\\/de\\\/magazin\\\/#organization\"},\"image\":{\"@id\":\"https:\\\/\\\/www.salzburgerland.com\\\/de\\\/magazin\\\/klaus-der-kleine-krampus-ein-kinderbuch-fuer-gross-und-klein\\\/#primaryimage\"},\"thumbnailUrl\":\"https:\\\/\\\/www.salzburgerland.com\\\/de\\\/magazin\\\/wp-content\\\/uploads\\\/2018\\\/11\\\/Klaus-der-kleine-Krampus-cover-2.jpg\",\"articleSection\":[\"Kunst &amp; Kultur\"],\"inLanguage\":\"de\",\"potentialAction\":[{\"@type\":\"CommentAction\",\"name\":\"Comment\",\"target\":[\"https:\\\/\\\/www.salzburgerland.com\\\/de\\\/magazin\\\/klaus-der-kleine-krampus-ein-kinderbuch-fuer-gross-und-klein\\\/#respond\"]}]},{\"@type\":\"WebPage\",\"@id\":\"https:\\\/\\\/www.salzburgerland.com\\\/de\\\/magazin\\\/klaus-der-kleine-krampus-ein-kinderbuch-fuer-gross-und-klein\\\/\",\"url\":\"https:\\\/\\\/www.salzburgerland.com\\\/de\\\/magazin\\\/klaus-der-kleine-krampus-ein-kinderbuch-fuer-gross-und-klein\\\/\",\"name\":\"Klaus der kleine Krampus - SalzburgerLand Magazin\",\"isPartOf\":{\"@id\":\"https:\\\/\\\/www.salzburgerland.com\\\/de\\\/magazin\\\/#website\"},\"primaryImageOfPage\":{\"@id\":\"https:\\\/\\\/www.salzburgerland.com\\\/de\\\/magazin\\\/klaus-der-kleine-krampus-ein-kinderbuch-fuer-gross-und-klein\\\/#primaryimage\"},\"image\":{\"@id\":\"https:\\\/\\\/www.salzburgerland.com\\\/de\\\/magazin\\\/klaus-der-kleine-krampus-ein-kinderbuch-fuer-gross-und-klein\\\/#primaryimage\"},\"thumbnailUrl\":\"https:\\\/\\\/www.salzburgerland.com\\\/de\\\/magazin\\\/wp-content\\\/uploads\\\/2018\\\/11\\\/Klaus-der-kleine-Krampus-cover-2.jpg\",\"datePublished\":\"2018-11-23T07:00:32+00:00\",\"dateModified\":\"2020-11-24T08:23:41+00:00\",\"breadcrumb\":{\"@id\":\"https:\\\/\\\/www.salzburgerland.com\\\/de\\\/magazin\\\/klaus-der-kleine-krampus-ein-kinderbuch-fuer-gross-und-klein\\\/#breadcrumb\"},\"inLanguage\":\"de\",\"potentialAction\":[{\"@type\":\"ReadAction\",\"target\":[\"https:\\\/\\\/www.salzburgerland.com\\\/de\\\/magazin\\\/klaus-der-kleine-krampus-ein-kinderbuch-fuer-gross-und-klein\\\/\"]}]},{\"@type\":\"ImageObject\",\"inLanguage\":\"de\",\"@id\":\"https:\\\/\\\/www.salzburgerland.com\\\/de\\\/magazin\\\/klaus-der-kleine-krampus-ein-kinderbuch-fuer-gross-und-klein\\\/#primaryimage\",\"url\":\"https:\\\/\\\/www.salzburgerland.com\\\/de\\\/magazin\\\/wp-content\\\/uploads\\\/2018\\\/11\\\/Klaus-der-kleine-Krampus-cover-2.jpg\",\"contentUrl\":\"https:\\\/\\\/www.salzburgerland.com\\\/de\\\/magazin\\\/wp-content\\\/uploads\\\/2018\\\/11\\\/Klaus-der-kleine-Krampus-cover-2.jpg\",\"width\":1600,\"height\":1208,\"caption\":\"Klaus der kleine Krampus Kinderbuch\"},{\"@type\":\"BreadcrumbList\",\"@id\":\"https:\\\/\\\/www.salzburgerland.com\\\/de\\\/magazin\\\/klaus-der-kleine-krampus-ein-kinderbuch-fuer-gross-und-klein\\\/#breadcrumb\",\"itemListElement\":[{\"@type\":\"ListItem\",\"position\":1,\"name\":\"Startseite\",\"item\":\"https:\\\/\\\/www.salzburgerland.com\\\/de\\\/magazin\\\/\"},{\"@type\":\"ListItem\",\"position\":2,\"name\":\"Kunst &amp; Kultur\",\"item\":\"https:\\\/\\\/www.salzburgerland.com\\\/de\\\/magazin\\\/thema\\\/kunst-kultur\\\/\"},{\"@type\":\"ListItem\",\"position\":3,\"name\":\"Klaus der kleine Krampus\"}]},{\"@type\":\"WebSite\",\"@id\":\"https:\\\/\\\/www.salzburgerland.com\\\/de\\\/magazin\\\/#website\",\"url\":\"https:\\\/\\\/www.salzburgerland.com\\\/de\\\/magazin\\\/\",\"name\":\"SalzburgerLand Magazin\",\"description\":\"Geschichten und Interessantes aus dem SalzburgerLand\",\"publisher\":{\"@id\":\"https:\\\/\\\/www.salzburgerland.com\\\/de\\\/magazin\\\/#organization\"},\"potentialAction\":[{\"@type\":\"SearchAction\",\"target\":{\"@type\":\"EntryPoint\",\"urlTemplate\":\"https:\\\/\\\/www.salzburgerland.com\\\/de\\\/magazin\\\/?s={search_term_string}\"},\"query-input\":{\"@type\":\"PropertyValueSpecification\",\"valueRequired\":true,\"valueName\":\"search_term_string\"}}],\"inLanguage\":\"de\"},{\"@type\":\"Organization\",\"@id\":\"https:\\\/\\\/www.salzburgerland.com\\\/de\\\/magazin\\\/#organization\",\"name\":\"SalzburgerLand Tourismus\",\"url\":\"https:\\\/\\\/www.salzburgerland.com\\\/de\\\/magazin\\\/\",\"logo\":{\"@type\":\"ImageObject\",\"inLanguage\":\"de\",\"@id\":\"https:\\\/\\\/www.salzburgerland.com\\\/de\\\/magazin\\\/#\\\/schema\\\/logo\\\/image\\\/\",\"url\":\"https:\\\/\\\/www.salzburgerland.com\\\/de\\\/magazin\\\/wp-content\\\/uploads\\\/2019\\\/06\\\/salzburgerland-logo1.jpg\",\"contentUrl\":\"https:\\\/\\\/www.salzburgerland.com\\\/de\\\/magazin\\\/wp-content\\\/uploads\\\/2019\\\/06\\\/salzburgerland-logo1.jpg\",\"width\":2011,\"height\":866,\"caption\":\"SalzburgerLand Tourismus\"},\"image\":{\"@id\":\"https:\\\/\\\/www.salzburgerland.com\\\/de\\\/magazin\\\/#\\\/schema\\\/logo\\\/image\\\/\"},\"sameAs\":[\"https:\\\/\\\/www.facebook.com\\\/salzburgerland\\\/\",\"https:\\\/\\\/x.com\\\/Salzburgerland\",\"https:\\\/\\\/www.instagram.com\\\/salzburgerland\\\/\",\"https:\\\/\\\/at.linkedin.com\\\/company\\\/salzburgerland-tourismus-gmbh\",\"https:\\\/\\\/www.pinterest.at\\\/salzburgerland\\\/\",\"https:\\\/\\\/www.youtube.com\\\/user\\\/salzburgerland\",\"https:\\\/\\\/de.wikipedia.org\\\/wiki\\\/SalzburgerLand_Tourismus_GmbH\"]},{\"@type\":\"Person\",\"@id\":\"https:\\\/\\\/www.salzburgerland.com\\\/de\\\/magazin\\\/#\\\/schema\\\/person\\\/400a3c5899426155958bfead834fa13e\",\"name\":\"Regina Langreiter\",\"description\":\"Regina Langreiter ist freie Texterin aus dem Salzburger Land \u2013 aufgewachsen im Raurisertal, verwurzelt in der alpinen Lebenswelt und mit einem Faible f\u00fcr die echten Momente. \u00dcbertriebene Inszenierung ist nicht ihre B\u00fchne, sie interessiert sich f\u00fcr das Einfache, Bodenst\u00e4ndige und Menschliche, also f\u00fcr jene Geschichten, die nicht laut auftreten m\u00fcssen, um in Erinnerung zu bleiben. Dosige oder Zuagroaste? Dosige. Auf- und festgewachsen in Rauris. Fr\u00fchling, Sommer, Herbst oder Winter? Auch wenn mir bereits ab zehn Grad abw\u00e4rts die H\u00e4nde beinahe abfrieren, sch\u00e4tze ich die Vielseitigkeit der Jahreszeiten. Ich juble \u00fcber die ersten Schneeflocken des Jahres genauso wie \u00fcber jenen Morgen, an dem ich wieder fr\u00f6hlichem Vogelgezwitscher lauschen kann. Bergtour oder Seentour? Die k\u00fchlen Bergseen bewundere ich sehr gern \u2013 aber am liebsten von oben. Im Wasser findet man mich nur, wenn meine Kinder mich \u00fcberreden. Rindsroulade vom Pinzgauer Biorind oder Saibling fangfrisch aus dem Fuschlsee? Das Biorind bekommt den Vorzug, aber beim Saibling bin ich auch nicht abgeneigt. Am leichtesten verf\u00fchren kann man mich aber definitiv mit Schokolade. Buch oder Film? Es gibt wenige Filme, die mich wirklich fesseln. Daf\u00fcr k\u00f6nnte ich \u00fcber Stunden in einem Buch versinken. Gummistiefel oder High Heels? Wer mich in High Heels sieht, darf sich diesen Tag als skurrile Begebenheit im Kalender eintragen. Gummistiefel gibt es allerdings auch nur, wenn ich unsere H\u00fchner im Garten besuche. Meinen Alltag bestreite ich in Sneakers oder Trekkingschuhen.\",\"sameAs\":[\"https:\\\/\\\/www.aufgetextet.at\"],\"url\":\"https:\\\/\\\/www.salzburgerland.com\\\/de\\\/magazin\\\/author\\\/regina-langreiter\\\/\"}]}<\/script>\n<!-- \/ Yoast SEO Premium plugin. -->","yoast_head_json":{"title":"Klaus der kleine Krampus - SalzburgerLand Magazin","description":"Wenn eines Dezemberabends lautes Schellenl\u00e4uten durch die Ortschaft hallt, verschwinden viele Kinder blitzschnell hinter Mama oder Papa. Bald sp\u00e4hen sie aber doch neugierig hinter dem R\u00fccken hervor. Und das ist gut so, denn es k\u00f6nnte ja sein, dass sich zwischen all den furchterregenden Krampussen ein kleiner Klaus-Krampus versteckt. So einer wie aus dem Kinderbuch von Sharron Levy und Eva Irnberger. Mit \u201eKlaus, der kleine Krampus\u201c haben die beiden ein kleines Kunstwerk erschaffen, das sich auf unsere Tradition besinnt und den Kindern eine wichtige Botschaft vermittelt.","robots":{"index":"index","follow":"follow","max-snippet":"max-snippet:-1","max-image-preview":"max-image-preview:large","max-video-preview":"max-video-preview:-1"},"canonical":"https:\/\/www.salzburgerland.com\/de\/magazin\/klaus-der-kleine-krampus-ein-kinderbuch-fuer-gross-und-klein\/","og_locale":"de_DE","og_type":"article","og_title":"Klaus der kleine Krampus","og_description":"Ein Kinderbuch, in dem viel Herzblut steckt Wenn Sharron Levy heute mit schwarz lackierten Fingern\u00e4geln und frecher Kurzhaarfrisur die B\u00fchne rockt, glaubt wohl niemand, dass es auch Dinge gibt, die sie schockieren k\u00f6nnten. Doch als die in Israel geborene Wahl-Gasteinerin vor zehn Jahren zum ersten Mal den Krampuslauf in Gastein miterlebte, da war ihr tats\u00e4chlich [&hellip;]","og_url":"https:\/\/www.salzburgerland.com\/de\/magazin\/klaus-der-kleine-krampus-ein-kinderbuch-fuer-gross-und-klein\/","og_site_name":"SalzburgerLand Magazin","article_publisher":"https:\/\/www.facebook.com\/salzburgerland\/","article_published_time":"2018-11-23T07:00:32+00:00","article_modified_time":"2020-11-24T08:23:41+00:00","og_image":[{"width":1600,"height":1208,"url":"https:\/\/www.salzburgerland.com\/de\/magazin\/wp-content\/uploads\/2018\/11\/Klaus-der-kleine-Krampus-cover-2.jpg","type":"image\/jpeg"}],"author":"Regina Langreiter","twitter_card":"summary_large_image","twitter_creator":"@Salzburgerland","twitter_site":"@Salzburgerland","twitter_misc":{"Verfasst von":"Regina Langreiter","Gesch\u00e4tzte Lesezeit":"3\u00a0Minuten"},"schema":{"@context":"https:\/\/schema.org","@graph":[{"@type":"Article","@id":"https:\/\/www.salzburgerland.com\/de\/magazin\/klaus-der-kleine-krampus-ein-kinderbuch-fuer-gross-und-klein\/#article","isPartOf":{"@id":"https:\/\/www.salzburgerland.com\/de\/magazin\/klaus-der-kleine-krampus-ein-kinderbuch-fuer-gross-und-klein\/"},"author":{"name":"Regina Langreiter","@id":"https:\/\/www.salzburgerland.com\/de\/magazin\/#\/schema\/person\/400a3c5899426155958bfead834fa13e"},"headline":"Klaus der kleine Krampus","datePublished":"2018-11-23T07:00:32+00:00","dateModified":"2020-11-24T08:23:41+00:00","mainEntityOfPage":{"@id":"https:\/\/www.salzburgerland.com\/de\/magazin\/klaus-der-kleine-krampus-ein-kinderbuch-fuer-gross-und-klein\/"},"wordCount":544,"commentCount":0,"publisher":{"@id":"https:\/\/www.salzburgerland.com\/de\/magazin\/#organization"},"image":{"@id":"https:\/\/www.salzburgerland.com\/de\/magazin\/klaus-der-kleine-krampus-ein-kinderbuch-fuer-gross-und-klein\/#primaryimage"},"thumbnailUrl":"https:\/\/www.salzburgerland.com\/de\/magazin\/wp-content\/uploads\/2018\/11\/Klaus-der-kleine-Krampus-cover-2.jpg","articleSection":["Kunst &amp; Kultur"],"inLanguage":"de","potentialAction":[{"@type":"CommentAction","name":"Comment","target":["https:\/\/www.salzburgerland.com\/de\/magazin\/klaus-der-kleine-krampus-ein-kinderbuch-fuer-gross-und-klein\/#respond"]}]},{"@type":"WebPage","@id":"https:\/\/www.salzburgerland.com\/de\/magazin\/klaus-der-kleine-krampus-ein-kinderbuch-fuer-gross-und-klein\/","url":"https:\/\/www.salzburgerland.com\/de\/magazin\/klaus-der-kleine-krampus-ein-kinderbuch-fuer-gross-und-klein\/","name":"Klaus der kleine Krampus - SalzburgerLand Magazin","isPartOf":{"@id":"https:\/\/www.salzburgerland.com\/de\/magazin\/#website"},"primaryImageOfPage":{"@id":"https:\/\/www.salzburgerland.com\/de\/magazin\/klaus-der-kleine-krampus-ein-kinderbuch-fuer-gross-und-klein\/#primaryimage"},"image":{"@id":"https:\/\/www.salzburgerland.com\/de\/magazin\/klaus-der-kleine-krampus-ein-kinderbuch-fuer-gross-und-klein\/#primaryimage"},"thumbnailUrl":"https:\/\/www.salzburgerland.com\/de\/magazin\/wp-content\/uploads\/2018\/11\/Klaus-der-kleine-Krampus-cover-2.jpg","datePublished":"2018-11-23T07:00:32+00:00","dateModified":"2020-11-24T08:23:41+00:00","breadcrumb":{"@id":"https:\/\/www.salzburgerland.com\/de\/magazin\/klaus-der-kleine-krampus-ein-kinderbuch-fuer-gross-und-klein\/#breadcrumb"},"inLanguage":"de","potentialAction":[{"@type":"ReadAction","target":["https:\/\/www.salzburgerland.com\/de\/magazin\/klaus-der-kleine-krampus-ein-kinderbuch-fuer-gross-und-klein\/"]}]},{"@type":"ImageObject","inLanguage":"de","@id":"https:\/\/www.salzburgerland.com\/de\/magazin\/klaus-der-kleine-krampus-ein-kinderbuch-fuer-gross-und-klein\/#primaryimage","url":"https:\/\/www.salzburgerland.com\/de\/magazin\/wp-content\/uploads\/2018\/11\/Klaus-der-kleine-Krampus-cover-2.jpg","contentUrl":"https:\/\/www.salzburgerland.com\/de\/magazin\/wp-content\/uploads\/2018\/11\/Klaus-der-kleine-Krampus-cover-2.jpg","width":1600,"height":1208,"caption":"Klaus der kleine Krampus Kinderbuch"},{"@type":"BreadcrumbList","@id":"https:\/\/www.salzburgerland.com\/de\/magazin\/klaus-der-kleine-krampus-ein-kinderbuch-fuer-gross-und-klein\/#breadcrumb","itemListElement":[{"@type":"ListItem","position":1,"name":"Startseite","item":"https:\/\/www.salzburgerland.com\/de\/magazin\/"},{"@type":"ListItem","position":2,"name":"Kunst &amp; Kultur","item":"https:\/\/www.salzburgerland.com\/de\/magazin\/thema\/kunst-kultur\/"},{"@type":"ListItem","position":3,"name":"Klaus der kleine Krampus"}]},{"@type":"WebSite","@id":"https:\/\/www.salzburgerland.com\/de\/magazin\/#website","url":"https:\/\/www.salzburgerland.com\/de\/magazin\/","name":"SalzburgerLand Magazin","description":"Geschichten und Interessantes aus dem SalzburgerLand","publisher":{"@id":"https:\/\/www.salzburgerland.com\/de\/magazin\/#organization"},"potentialAction":[{"@type":"SearchAction","target":{"@type":"EntryPoint","urlTemplate":"https:\/\/www.salzburgerland.com\/de\/magazin\/?s={search_term_string}"},"query-input":{"@type":"PropertyValueSpecification","valueRequired":true,"valueName":"search_term_string"}}],"inLanguage":"de"},{"@type":"Organization","@id":"https:\/\/www.salzburgerland.com\/de\/magazin\/#organization","name":"SalzburgerLand Tourismus","url":"https:\/\/www.salzburgerland.com\/de\/magazin\/","logo":{"@type":"ImageObject","inLanguage":"de","@id":"https:\/\/www.salzburgerland.com\/de\/magazin\/#\/schema\/logo\/image\/","url":"https:\/\/www.salzburgerland.com\/de\/magazin\/wp-content\/uploads\/2019\/06\/salzburgerland-logo1.jpg","contentUrl":"https:\/\/www.salzburgerland.com\/de\/magazin\/wp-content\/uploads\/2019\/06\/salzburgerland-logo1.jpg","width":2011,"height":866,"caption":"SalzburgerLand Tourismus"},"image":{"@id":"https:\/\/www.salzburgerland.com\/de\/magazin\/#\/schema\/logo\/image\/"},"sameAs":["https:\/\/www.facebook.com\/salzburgerland\/","https:\/\/x.com\/Salzburgerland","https:\/\/www.instagram.com\/salzburgerland\/","https:\/\/at.linkedin.com\/company\/salzburgerland-tourismus-gmbh","https:\/\/www.pinterest.at\/salzburgerland\/","https:\/\/www.youtube.com\/user\/salzburgerland","https:\/\/de.wikipedia.org\/wiki\/SalzburgerLand_Tourismus_GmbH"]},{"@type":"Person","@id":"https:\/\/www.salzburgerland.com\/de\/magazin\/#\/schema\/person\/400a3c5899426155958bfead834fa13e","name":"Regina Langreiter","description":"Regina Langreiter ist freie Texterin aus dem Salzburger Land \u2013 aufgewachsen im Raurisertal, verwurzelt in der alpinen Lebenswelt und mit einem Faible f\u00fcr die echten Momente. \u00dcbertriebene Inszenierung ist nicht ihre B\u00fchne, sie interessiert sich f\u00fcr das Einfache, Bodenst\u00e4ndige und Menschliche, also f\u00fcr jene Geschichten, die nicht laut auftreten m\u00fcssen, um in Erinnerung zu bleiben. Dosige oder Zuagroaste? Dosige. Auf- und festgewachsen in Rauris. Fr\u00fchling, Sommer, Herbst oder Winter? Auch wenn mir bereits ab zehn Grad abw\u00e4rts die H\u00e4nde beinahe abfrieren, sch\u00e4tze ich die Vielseitigkeit der Jahreszeiten. Ich juble \u00fcber die ersten Schneeflocken des Jahres genauso wie \u00fcber jenen Morgen, an dem ich wieder fr\u00f6hlichem Vogelgezwitscher lauschen kann. Bergtour oder Seentour? Die k\u00fchlen Bergseen bewundere ich sehr gern \u2013 aber am liebsten von oben. Im Wasser findet man mich nur, wenn meine Kinder mich \u00fcberreden. Rindsroulade vom Pinzgauer Biorind oder Saibling fangfrisch aus dem Fuschlsee? Das Biorind bekommt den Vorzug, aber beim Saibling bin ich auch nicht abgeneigt. Am leichtesten verf\u00fchren kann man mich aber definitiv mit Schokolade. Buch oder Film? Es gibt wenige Filme, die mich wirklich fesseln. Daf\u00fcr k\u00f6nnte ich \u00fcber Stunden in einem Buch versinken. Gummistiefel oder High Heels? Wer mich in High Heels sieht, darf sich diesen Tag als skurrile Begebenheit im Kalender eintragen. Gummistiefel gibt es allerdings auch nur, wenn ich unsere H\u00fchner im Garten besuche. Meinen Alltag bestreite ich in Sneakers oder Trekkingschuhen.","sameAs":["https:\/\/www.aufgetextet.at"],"url":"https:\/\/www.salzburgerland.com\/de\/magazin\/author\/regina-langreiter\/"}]}},"_wl_alt_label":[],"wl:entity_url":"http:\/\/open.salzburgerland.com\/magazin\/post\/klaus_der_kleine_krampus__ein_kinderbuch_fuer_gross_und_klein","_links":{"self":[{"href":"https:\/\/www.salzburgerland.com\/de\/magazin\/wp-json\/wp\/v2\/posts\/127442","targetHints":{"allow":["GET"]}}],"collection":[{"href":"https:\/\/www.salzburgerland.com\/de\/magazin\/wp-json\/wp\/v2\/posts"}],"about":[{"href":"https:\/\/www.salzburgerland.com\/de\/magazin\/wp-json\/wp\/v2\/types\/post"}],"author":[{"embeddable":true,"href":"https:\/\/www.salzburgerland.com\/de\/magazin\/wp-json\/wp\/v2\/users\/555"}],"replies":[{"embeddable":true,"href":"https:\/\/www.salzburgerland.com\/de\/magazin\/wp-json\/wp\/v2\/comments?post=127442"}],"version-history":[{"count":1,"href":"https:\/\/www.salzburgerland.com\/de\/magazin\/wp-json\/wp\/v2\/posts\/127442\/revisions"}],"predecessor-version":[{"id":148144,"href":"https:\/\/www.salzburgerland.com\/de\/magazin\/wp-json\/wp\/v2\/posts\/127442\/revisions\/148144"}],"wp:featuredmedia":[{"embeddable":true,"href":"https:\/\/www.salzburgerland.com\/de\/magazin\/wp-json\/wp\/v2\/media\/127447"}],"wp:attachment":[{"href":"https:\/\/www.salzburgerland.com\/de\/magazin\/wp-json\/wp\/v2\/media?parent=127442"}],"wp:term":[{"taxonomy":"category","embeddable":true,"href":"https:\/\/www.salzburgerland.com\/de\/magazin\/wp-json\/wp\/v2\/categories?post=127442"},{"taxonomy":"post_tag","embeddable":true,"href":"https:\/\/www.salzburgerland.com\/de\/magazin\/wp-json\/wp\/v2\/tags?post=127442"},{"taxonomy":"wl_entity_type","embeddable":true,"href":"https:\/\/www.salzburgerland.com\/de\/magazin\/wp-json\/wp\/v2\/wl_entity_type?post=127442"},{"taxonomy":"monatsauswahl","embeddable":true,"href":"https:\/\/www.salzburgerland.com\/de\/magazin\/wp-json\/wp\/v2\/monatsauswahl?post=127442"}],"curies":[{"name":"wp","href":"https:\/\/api.w.org\/{rel}","templated":true}]}}