{"id":127075,"date":"2018-11-15T08:00:03","date_gmt":"2018-11-15T07:00:03","guid":{"rendered":"https:\/\/www.salzburgerland.com\/de\/magazin\/?p=127075"},"modified":"2023-03-06T07:19:58","modified_gmt":"2023-03-06T06:19:58","slug":"das-gruene-hotel-zur-post","status":"publish","type":"post","link":"https:\/\/www.salzburgerland.com\/de\/magazin\/das-gruene-hotel-zur-post\/","title":{"rendered":"Das Gr\u00fcne Hotel zur Post"},"content":{"rendered":"\n<h2 class=\"wp-block-slt-subtitle\">Nachhaltigkeit in der Hotellerie auf die Spitze getrieben<\/h2>\n\n\n\n<p class=\"wp-block-slt-intro\">Im Gr\u00fcnen Hotel zur Post in der Stadt Salzburg erzeugt die Sonne die H\u00e4lfte des gesamten Strombedarfes. Geladen werden damit auch Elektroautos. <\/p>\n\n\n\n<p id=\"h-schon-beim-betreten-des-gr-nen-hotels-zur-post-fallen-die-kreative-garderobe-aus-upgecyceltem-holz-der-sattgr-ne-moosteppich-an-der-wand-und-die-einladende-rezeption-auf-w-hrend-in-der-maxglaner-hauptstra-e-in-der-stadt-salzburg-der-verkehr-flie-t-ist-es-im-gehobenen-3-biohotel-ruhig-und-gem-tlich-im-fr-hst-cksraum-genie-en-am-sp-ten-morgen-g-ste-das-salzburger-biofr-hst-ck-espresso-von-werners-r-sterei-oberalm-weckt-auch-meine-lebensgeister-dann-folgen-frisch-gepresster-orangensaft-vollkornbrot-mit-hausgemachten-aufstrichen-wie-liptauer-sowie-herzhaftes-vom-k-stlichen-k-se-und-schinkenbuffet-das-fr-hst-ck-aus-biologischen-und-soweit-wie-m-glich-regionalen-zutaten-schmeckt-ausgezeichnet-wer-sich-vegan-gluten-oder-laktose-frei-ern-hren-m-chte-findet-ebenfalls-eine-gute-auswahl\">Schon beim Betreten des <a href=\"https:\/\/www.hotelzurpost.info\/\" target=\"_blank\" rel=\"noopener noreferrer\">Gr\u00fcnen Hotels zur Post<\/a> fallen die kreative Garderobe aus upgecyceltem Holz, der sattgr\u00fcne Moosteppich an der Wand und die einladende Rezeption auf. W\u00e4hrend in der Maxglaner Hauptstra\u00dfe in der Stadt Salzburg der Verkehr flie\u00dft, ist es im 3* Bio-Hotel ruhig und gem\u00fctlich. Im Fr\u00fchst\u00fccksraum genie\u00dfen am sp\u00e4ten Morgen einige G\u00e4ste Gesundes vom Biobuffet. Der <a href=\"https:\/\/herr-werner.com\/\" target=\"_blank\" rel=\"noreferrer noopener\">Espresso von Werners R\u00f6sterei (Oberalm)<\/a> weckt meine Lebensgeister. Dann folgen Vollkornbrot mit hausgemachten Aufstrichen sowie Herzhaftes vom k\u00f6stlichen K\u00e4se- und Schinkenbuffet. Das Fr\u00fchst\u00fcck aus biologischen und, soweit wie m\u00f6glich, regionalen Zutaten, schmeckt ausgezeichnet. Wer sich vegan, gluten-oder laktose frei ern\u00e4hren m\u00f6chte, findet ebenfalls eine gute Auswahl. <\/p>\n\n\n\n<figure class=\"wp-block-image size-full\"><img loading=\"lazy\" decoding=\"async\" width=\"1600\" height=\"1200\" src=\"https:\/\/www.salzburgerland.com\/de\/magazin\/wp-content\/uploads\/2018\/11\/IMG_6198.jpg\" alt=\"Drei Gl\u00e4ser Aufstrich mit L\u00f6ffeln und Teller mit geschnittenen Tomaten, Gurken, Karotten und gr\u00fcnem Paprika.\" class=\"wp-image-127092\" srcset=\"https:\/\/www.salzburgerland.com\/de\/magazin\/wp-content\/uploads\/2018\/11\/IMG_6198.jpg 1600w, https:\/\/www.salzburgerland.com\/de\/magazin\/wp-content\/uploads\/2018\/11\/IMG_6198-300x225.jpg 300w, https:\/\/www.salzburgerland.com\/de\/magazin\/wp-content\/uploads\/2018\/11\/IMG_6198-733x550.jpg 733w, https:\/\/www.salzburgerland.com\/de\/magazin\/wp-content\/uploads\/2018\/11\/IMG_6198-140x105.jpg 140w, https:\/\/www.salzburgerland.com\/de\/magazin\/wp-content\/uploads\/2018\/11\/IMG_6198-533x400.jpg 533w, https:\/\/www.salzburgerland.com\/de\/magazin\/wp-content\/uploads\/2018\/11\/IMG_6198-960x720.jpg 960w, https:\/\/www.salzburgerland.com\/de\/magazin\/wp-content\/uploads\/2018\/11\/IMG_6198-1320x990.jpg 1320w, https:\/\/www.salzburgerland.com\/de\/magazin\/wp-content\/uploads\/2018\/11\/IMG_6198-1200x900.jpg 1200w\" sizes=\"auto, (max-width: 1600px) 100vw, 1600px\" \/><figcaption class=\"wp-element-caption\">Aufstriche, Karotten, Gurken, Paprika und Tomaten kommen aus der Biolandwirtschaft <\/figcaption><\/figure>\n\n\n\n<h2 class=\"wp-block-heading\" id=\"h-wertschatzung-und-wertschopfung-durch-nachhaltigkeit\">Wertsch\u00e4tzung und Wertsch\u00f6pfung durch Nachhaltigkeit<\/h2>\n\n\n\n<p>Hotelier Georg Maier begr\u00fc\u00dft l\u00e4chelnd die G\u00e4ste, holt sich eine Tasse Kaffee und setzt sich zu mir. Er erz\u00e4hlt: &#8222;Nachhaltig produzierte Lebensmittel aus der Region sind mir sehr wichtig. Damit bleibt die Wertsch\u00f6pfung in der Region und die Transportwege sind kurz.&#8220; Zudem ist der Hotelier st\u00e4ndig auf der Suche nach Verbesserungs- und Einsparungsm\u00f6glichkeiten. &#8222;Wir wollen die Natur so wenig wie m\u00f6glich belasten. Wenn ich die Verpackung oder die Aludose weglassen kann, lasse ich sie weg.&#8220; Auf den D\u00e4chern der insgesamt vier H\u00e4user des Hotels sammeln Photovoltaik-Paneele Sonnenenergie. Eine Pelletsheizung liefert W\u00e4rme und seit kurzem sprudelt Strom aus dem nahe gelegenen Wasserkraftwerk Sinnhub.&nbsp;&nbsp;Maier kann stolz sein: Die gesamte Energie stammt zu 100 Prozent aus erneuerbaren Energiequellen. Davon produziert das Unternehmen 50 Prozent selbst. <\/p>\n\n\n\n<figure class=\"wp-block-image alignnone size-full wp-image-127082 size-singlePost\"><img loading=\"lazy\" decoding=\"async\" width=\"1192\" height=\"1600\" src=\"https:\/\/www.salzburgerland.com\/de\/magazin\/wp-content\/uploads\/2018\/11\/IMG_6192.jpg\" alt=\"Gartenszene mit einem Vogelhaus, einer Blumenampel, einer Gie\u00dfkanne, Baumst\u00e4mmen und einer Holzpalette im Sonnenlicht.\" class=\"wp-image-127082\" srcset=\"https:\/\/www.salzburgerland.com\/de\/magazin\/wp-content\/uploads\/2018\/11\/IMG_6192.jpg 1192w, https:\/\/www.salzburgerland.com\/de\/magazin\/wp-content\/uploads\/2018\/11\/IMG_6192-224x300.jpg 224w, https:\/\/www.salzburgerland.com\/de\/magazin\/wp-content\/uploads\/2018\/11\/IMG_6192-410x550.jpg 410w, https:\/\/www.salzburgerland.com\/de\/magazin\/wp-content\/uploads\/2018\/11\/IMG_6192-298x400.jpg 298w\" sizes=\"auto, (max-width: 1192px) 100vw, 1192px\" \/><figcaption class=\"wp-element-caption\">Hotelgarten mit Nistk\u00e4sten f\u00fcr V\u00f6gel <\/figcaption><\/figure>\n\n\n\n<h2 class=\"wp-block-heading\" id=\"h-umweltfreundliche-anreise-und-e-mobilitat\">Umweltfreundliche Anreise und E-Mobilit\u00e4t<\/h2>\n\n\n\n<p>Im Gr\u00fcnen Hotel zur Post stehen den G\u00e4sten&nbsp;sieben Type 2 Ladestationen zur Verf\u00fcgung. Das Wichtigste f\u00fcr die Entwicklung der Elektromobilit\u00e4t sind f\u00fcr Maier fl\u00e4chendeckende Ladem\u00f6glichkeiten f\u00fcr Elektroautos: &#8222;Wenn jemand Strom braucht, bekommt er ihn auch. Wir bieten unseren G\u00e4sten, aber auch Gesch\u00e4ftsreisenden und Urlaubern, Ladem\u00f6glichkeiten an.&#8220; Bezahlt wird \u00fcber Kreditkarte. <\/p>\n\n\n\n<p>Als besonderes Zuckerl erhalten G\u00e4ste die mit dem Elektroauto, Fahrrad oder mit dem Zug anreisen und direkt buchen einen Sonderrabatt von 10% auf die \u00dcbernachtungskosten. Denn das Motto von Familie Maier lautet: So viel Kohlendioxid wie nur m\u00f6glich einsparen, damit wird ein Beitrag f\u00fcr die Erreichung der gesetzten Klimaziele geleistet. <\/p>\n\n\n\n<p>Gemeinsam mit seiner Frau Silvia f\u00fchrt der Vater dreier Kinder das Bio-Stadthotel bereits in dritter Generation. 38 individuell und kreativ eingerichtete Zimmer sind auf vier Stadtvillen verteilt: B\u00fcrgerhaus, Gartenhaus, Haupthaus und Villa Ceconi. Sie sind allesamt in der N\u00e4he. Um gleichbleibende und hohe Qualit\u00e4t zu garantieren, ist das Gr\u00fcne Stadthotel unter anderem Mitgliedsbetrieb des Klimab\u00fcndnisses, tr\u00e4gt das \u00d6sterreichische Umweltzeichen, ist im Netzwerk &#8222;Sleep Green Hotels&#8220; und Bio-Austria zertifiziert.<\/p>\n\n\n<div class=\"mag-gallery\"><div class=\"row\"><div class=\"col-6 col-sm-4\"><figure><a class=\"thumb-container\" href=\"https:\/\/www.salzburgerland.com\/de\/magazin\/wp-content\/uploads\/2018\/11\/IMG_6187-1280x1024.jpg\">\t<picture><source media=\"(min-width: 576px)\" srcset=\"https:\/\/www.salzburgerland.com\/de\/magazin\/wp-content\/uploads\/2018\/11\/IMG_6187-325x209.jpg 325w, https:\/\/www.salzburgerland.com\/de\/magazin\/wp-content\/uploads\/2018\/11\/IMG_6187-249x160.jpg 249w\"><\/source><source media=\"(min-width: 0)\" srcset=\"https:\/\/www.salzburgerland.com\/de\/magazin\/wp-content\/uploads\/2018\/11\/IMG_6187-249x160.jpg 249w, https:\/\/www.salzburgerland.com\/de\/magazin\/wp-content\/uploads\/2018\/11\/IMG_6187-325x209.jpg 325w\"><\/source><img decoding=\"async\" alt=\"Sonniges &Auml;u&szlig;eres des Hotels Zur Post, ein gr&uuml;nes Geb&auml;ude mit wei&szlig;er Verkleidung und dekorativem Hotelschild &uuml;ber dem Eingang.\" src=\"https:\/\/www.salzburgerland.com\/de\/magazin\/wp-content\/uploads\/2018\/11\/IMG_6187.jpg\">\t<\/picture><figcaption>Hotel zur Post<\/figcaption><\/a><\/figure><\/div><div class=\"col-6 col-sm-4\"><figure><a class=\"thumb-container\" href=\"https:\/\/www.salzburgerland.com\/de\/magazin\/wp-content\/uploads\/2018\/11\/IMG_6203-1280x1024.jpg\">\t<picture><source media=\"(min-width: 576px)\" srcset=\"https:\/\/www.salzburgerland.com\/de\/magazin\/wp-content\/uploads\/2018\/11\/IMG_6203-325x209.jpg 325w, https:\/\/www.salzburgerland.com\/de\/magazin\/wp-content\/uploads\/2018\/11\/IMG_6203-249x160.jpg 249w\"><\/source><source media=\"(min-width: 0)\" srcset=\"https:\/\/www.salzburgerland.com\/de\/magazin\/wp-content\/uploads\/2018\/11\/IMG_6203-249x160.jpg 249w, https:\/\/www.salzburgerland.com\/de\/magazin\/wp-content\/uploads\/2018\/11\/IMG_6203-325x209.jpg 325w\"><\/source><img decoding=\"async\" alt=\"Ein Hotelzimmer mit zwei Betten, einem gr&uuml;nen gebl&uuml;mten Kopfteil, einem Sofa und einem Fenster mit durchsichtigen Vorh&auml;ngen.\" src=\"https:\/\/www.salzburgerland.com\/de\/magazin\/wp-content\/uploads\/2018\/11\/IMG_6203.jpg\">\t<\/picture><figcaption>Zimmer<\/figcaption><\/a><\/figure><\/div><div class=\"col-6 col-sm-4\"><figure><a class=\"thumb-container\" href=\"https:\/\/www.salzburgerland.com\/de\/magazin\/wp-content\/uploads\/2018\/11\/Bad_306-1280x1024.jpg\">\t<picture><source media=\"(min-width: 576px)\" srcset=\"\"><\/source><source media=\"(min-width: 0)\" srcset=\"https:\/\/www.salzburgerland.com\/de\/magazin\/wp-content\/uploads\/2018\/11\/Bad_306.jpg 640w, https:\/\/www.salzburgerland.com\/de\/magazin\/wp-content\/uploads\/2018\/11\/Bad_306-225x300.jpg 225w, https:\/\/www.salzburgerland.com\/de\/magazin\/wp-content\/uploads\/2018\/11\/Bad_306-412x550.jpg 412w, https:\/\/www.salzburgerland.com\/de\/magazin\/wp-content\/uploads\/2018\/11\/Bad_306-299x400.jpg 299w\"><\/source><img decoding=\"async\" alt=\"Modernes Badezimmer mit Glasdusche, gemustertem Fliesenboden, wandmontierter Toilette und Handt&uuml;chern, die neben dem Waschbecken h&auml;ngen.\" src=\"https:\/\/www.salzburgerland.com\/de\/magazin\/wp-content\/uploads\/2018\/11\/Bad_306.jpg\">\t<\/picture><figcaption>Badezimmer<\/figcaption><\/a><\/figure><\/div><div class=\"col-6 col-sm-4\"><figure><a class=\"thumb-container\" href=\"https:\/\/www.salzburgerland.com\/de\/magazin\/wp-content\/uploads\/2023\/02\/Fruehstuecksraum-neu-communication-table-2-1280x1024.jpg\">\t<picture><source media=\"(min-width: 576px)\" srcset=\"https:\/\/www.salzburgerland.com\/de\/magazin\/wp-content\/uploads\/2023\/02\/Fruehstuecksraum-neu-communication-table-2-325x209.jpg 325w, https:\/\/www.salzburgerland.com\/de\/magazin\/wp-content\/uploads\/2023\/02\/Fruehstuecksraum-neu-communication-table-2-249x160.jpg 249w\"><\/source><source media=\"(min-width: 0)\" srcset=\"https:\/\/www.salzburgerland.com\/de\/magazin\/wp-content\/uploads\/2023\/02\/Fruehstuecksraum-neu-communication-table-2-249x160.jpg 249w, https:\/\/www.salzburgerland.com\/de\/magazin\/wp-content\/uploads\/2023\/02\/Fruehstuecksraum-neu-communication-table-2-325x209.jpg 325w\"><\/source><img decoding=\"async\" alt=\"Moderner Essbereich mit Holztisch, gelben St&uuml;hlen und gro&szlig;en Fenstern, die nat&uuml;rliches Licht hereinlassen.\" src=\"https:\/\/www.salzburgerland.com\/de\/magazin\/wp-content\/uploads\/2023\/02\/Fruehstuecksraum-neu-communication-table-2-scaled.jpg\">\t<\/picture><\/a><\/figure><\/div><div class=\"col-6 col-sm-4\"><figure><a class=\"thumb-container\" href=\"https:\/\/www.salzburgerland.com\/de\/magazin\/wp-content\/uploads\/2018\/11\/fruhstuck0024-1280x1024.jpg\">\t<picture><source media=\"(min-width: 576px)\" srcset=\"https:\/\/www.salzburgerland.com\/de\/magazin\/wp-content\/uploads\/2018\/11\/fruhstuck0024-325x209.jpg 325w, https:\/\/www.salzburgerland.com\/de\/magazin\/wp-content\/uploads\/2018\/11\/fruhstuck0024-249x160.jpg 249w\"><\/source><source media=\"(min-width: 0)\" srcset=\"https:\/\/www.salzburgerland.com\/de\/magazin\/wp-content\/uploads\/2018\/11\/fruhstuck0024-249x160.jpg 249w, https:\/\/www.salzburgerland.com\/de\/magazin\/wp-content\/uploads\/2018\/11\/fruhstuck0024-325x209.jpg 325w\"><\/source><img decoding=\"async\" alt=\"Verschiedene K&auml;sesorten, Weintrauben, Br&ouml;tchen und Fr&uuml;hst&uuml;cksgerichte auf einem Tisch f&uuml;r ein Brunch-Buffet.\" src=\"https:\/\/www.salzburgerland.com\/de\/magazin\/wp-content\/uploads\/2018\/11\/fruhstuck0024.jpg\">\t<\/picture><figcaption>Regionale Bioprodukte<\/figcaption><\/a><\/figure><\/div><div class=\"col-6 col-sm-4\"><figure><a class=\"thumb-container\" href=\"https:\/\/www.salzburgerland.com\/de\/magazin\/wp-content\/uploads\/2018\/11\/PanoramaBild-mit-Beschriftung-10-2014-1280x1024.jpg\">\t<picture><source media=\"(min-width: 576px)\" srcset=\"https:\/\/www.salzburgerland.com\/de\/magazin\/wp-content\/uploads\/2018\/11\/PanoramaBild-mit-Beschriftung-10-2014-325x209.jpg 325w, https:\/\/www.salzburgerland.com\/de\/magazin\/wp-content\/uploads\/2018\/11\/PanoramaBild-mit-Beschriftung-10-2014-249x160.jpg 249w\"><\/source><source media=\"(min-width: 0)\" srcset=\"https:\/\/www.salzburgerland.com\/de\/magazin\/wp-content\/uploads\/2018\/11\/PanoramaBild-mit-Beschriftung-10-2014-249x160.jpg 249w, https:\/\/www.salzburgerland.com\/de\/magazin\/wp-content\/uploads\/2018\/11\/PanoramaBild-mit-Beschriftung-10-2014-325x209.jpg 325w\"><\/source><img decoding=\"async\" alt=\"Vier beschriftete Geb&auml;ude: Wohnhaus, B&uuml;rgerhaus, Hotel und Gartenhaus entlang einer Stra&szlig;e mit zwei Radfahrern.\" src=\"https:\/\/www.salzburgerland.com\/de\/magazin\/wp-content\/uploads\/2018\/11\/PanoramaBild-mit-Beschriftung-10-2014.jpg\">\t<\/picture><figcaption>B&uuml;rgerhaus<\/figcaption><\/a><\/figure><\/div><\/div><figcaption><\/figcaption><\/div>\n\n\n\n<p>Fotos&nbsp;\u00a9 Hotel zur Post &amp; Christine Fr\u00f6schl<\/p>\n","protected":false},"excerpt":{"rendered":"<p>Schon beim Betreten des Gr\u00fcnen Hotels zur Post fallen die kreative Garderobe aus upgecyceltem Holz, der sattgr\u00fcne Moosteppich an der Wand und die einladende Rezeption auf. W\u00e4hrend in der Maxglaner Hauptstra\u00dfe in der Stadt Salzburg der Verkehr flie\u00dft, ist es im 3* Bio-Hotel ruhig und gem\u00fctlich. Im Fr\u00fchst\u00fccksraum genie\u00dfen am sp\u00e4ten Morgen einige G\u00e4ste Gesundes [&hellip;]<\/p>\n","protected":false},"author":236,"featured_media":169095,"comment_status":"open","ping_status":"open","sticky":false,"template":"","format":"standard","meta":{"_acf_changed":false,"wl_entities_gutenberg":"","_wl_entity_redirect_enabled":"","footnotes":""},"categories":[5],"tags":[],"wl_entity_type":[306],"monatsauswahl":[82,83,84,85,86,87,88,89,90,91,92,93],"class_list":["post-127075","post","type-post","status-publish","format-standard","has-post-thumbnail","hentry","category-hotel-reise","wl_entity_type-article","monatsauswahl-monat_1","monatsauswahl-monat_2","monatsauswahl-monat_3","monatsauswahl-monat_4","monatsauswahl-monat_5","monatsauswahl-monat_6","monatsauswahl-monat_7","monatsauswahl-monat_8","monatsauswahl-monat_9","monatsauswahl-monat_10","monatsauswahl-monat_11","monatsauswahl-monat_12"],"acf":[],"yoast_head":"<!-- This site is optimized with the Yoast SEO Premium plugin v27.4 (Yoast SEO v27.4) - https:\/\/yoast.com\/product\/yoast-seo-premium-wordpress\/ -->\n<title>Das Gr\u00fcne Hotel zur Post - SalzburgerLand Magazin<\/title>\n<meta name=\"description\" content=\"Im Gr\u00fcnen Hotel zur Post in der Stadt Salzburg erzeugt die Sonne die H\u00e4lfte des gesamten Strombedarfes. Geladen werden damit auch Elektroautos.\" \/>\n<meta name=\"robots\" content=\"index, follow, max-snippet:-1, max-image-preview:large, max-video-preview:-1\" \/>\n<link rel=\"canonical\" href=\"https:\/\/www.salzburgerland.com\/de\/magazin\/das-gruene-hotel-zur-post\/\" \/>\n<meta property=\"og:locale\" content=\"de_DE\" \/>\n<meta property=\"og:type\" content=\"article\" \/>\n<meta property=\"og:title\" content=\"Das Gr\u00fcne Hotel zur Post\" \/>\n<meta property=\"og:description\" content=\"Schon beim Betreten des Gr\u00fcnen Hotels zur Post fallen die kreative Garderobe aus upgecyceltem Holz, der sattgr\u00fcne Moosteppich an der Wand und die einladende Rezeption auf. W\u00e4hrend in der Maxglaner Hauptstra\u00dfe in der Stadt Salzburg der Verkehr flie\u00dft, ist es im 3* Bio-Hotel ruhig und gem\u00fctlich. Im Fr\u00fchst\u00fccksraum genie\u00dfen am sp\u00e4ten Morgen einige G\u00e4ste Gesundes [&hellip;]\" \/>\n<meta property=\"og:url\" content=\"https:\/\/www.salzburgerland.com\/de\/magazin\/das-gruene-hotel-zur-post\/\" \/>\n<meta property=\"og:site_name\" content=\"SalzburgerLand Magazin\" \/>\n<meta property=\"article:publisher\" content=\"https:\/\/www.facebook.com\/salzburgerland\/\" \/>\n<meta property=\"article:published_time\" content=\"2018-11-15T07:00:03+00:00\" \/>\n<meta property=\"article:modified_time\" content=\"2023-03-06T06:19:58+00:00\" \/>\n<meta property=\"og:image\" content=\"https:\/\/www.salzburgerland.com\/de\/magazin\/wp-content\/uploads\/2023\/02\/Familie-Maier-2022-11-Tisch-mittel-Foto-Flausen.jpg\" \/>\n\t<meta property=\"og:image:width\" content=\"2500\" \/>\n\t<meta property=\"og:image:height\" content=\"1667\" \/>\n\t<meta property=\"og:image:type\" content=\"image\/jpeg\" \/>\n<meta name=\"author\" content=\"Christine Fr\u00f6schl\" \/>\n<meta name=\"twitter:card\" content=\"summary_large_image\" \/>\n<meta name=\"twitter:creator\" content=\"@Salzburgerland\" \/>\n<meta name=\"twitter:site\" content=\"@Salzburgerland\" \/>\n<meta name=\"twitter:label1\" content=\"Verfasst von\" \/>\n\t<meta name=\"twitter:data1\" content=\"Christine Fr\u00f6schl\" \/>\n\t<meta name=\"twitter:label2\" content=\"Gesch\u00e4tzte Lesezeit\" \/>\n\t<meta name=\"twitter:data2\" content=\"5\u00a0Minuten\" \/>\n<script type=\"application\/ld+json\" class=\"yoast-schema-graph\">{\"@context\":\"https:\\\/\\\/schema.org\",\"@graph\":[{\"@type\":\"Article\",\"@id\":\"https:\\\/\\\/www.salzburgerland.com\\\/de\\\/magazin\\\/das-gruene-hotel-zur-post\\\/#article\",\"isPartOf\":{\"@id\":\"https:\\\/\\\/www.salzburgerland.com\\\/de\\\/magazin\\\/das-gruene-hotel-zur-post\\\/\"},\"author\":{\"name\":\"Christine Fr\u00f6schl\",\"@id\":\"https:\\\/\\\/www.salzburgerland.com\\\/de\\\/magazin\\\/#\\\/schema\\\/person\\\/7932db74f19d9640620859cb2b794c4e\"},\"headline\":\"Das Gr\u00fcne Hotel zur Post\",\"datePublished\":\"2018-11-15T07:00:03+00:00\",\"dateModified\":\"2023-03-06T06:19:58+00:00\",\"mainEntityOfPage\":{\"@id\":\"https:\\\/\\\/www.salzburgerland.com\\\/de\\\/magazin\\\/das-gruene-hotel-zur-post\\\/\"},\"wordCount\":531,\"commentCount\":0,\"publisher\":{\"@id\":\"https:\\\/\\\/www.salzburgerland.com\\\/de\\\/magazin\\\/#organization\"},\"image\":{\"@id\":\"https:\\\/\\\/www.salzburgerland.com\\\/de\\\/magazin\\\/das-gruene-hotel-zur-post\\\/#primaryimage\"},\"thumbnailUrl\":\"https:\\\/\\\/www.salzburgerland.com\\\/de\\\/magazin\\\/wp-content\\\/uploads\\\/2023\\\/02\\\/Familie-Maier-2022-11-Tisch-mittel-Foto-Flausen.jpg\",\"articleSection\":[\"Hotel &amp; Reise\"],\"inLanguage\":\"de\",\"potentialAction\":[{\"@type\":\"CommentAction\",\"name\":\"Comment\",\"target\":[\"https:\\\/\\\/www.salzburgerland.com\\\/de\\\/magazin\\\/das-gruene-hotel-zur-post\\\/#respond\"]}]},{\"@type\":\"WebPage\",\"@id\":\"https:\\\/\\\/www.salzburgerland.com\\\/de\\\/magazin\\\/das-gruene-hotel-zur-post\\\/\",\"url\":\"https:\\\/\\\/www.salzburgerland.com\\\/de\\\/magazin\\\/das-gruene-hotel-zur-post\\\/\",\"name\":\"Das Gr\u00fcne Hotel zur Post - SalzburgerLand Magazin\",\"isPartOf\":{\"@id\":\"https:\\\/\\\/www.salzburgerland.com\\\/de\\\/magazin\\\/#website\"},\"primaryImageOfPage\":{\"@id\":\"https:\\\/\\\/www.salzburgerland.com\\\/de\\\/magazin\\\/das-gruene-hotel-zur-post\\\/#primaryimage\"},\"image\":{\"@id\":\"https:\\\/\\\/www.salzburgerland.com\\\/de\\\/magazin\\\/das-gruene-hotel-zur-post\\\/#primaryimage\"},\"thumbnailUrl\":\"https:\\\/\\\/www.salzburgerland.com\\\/de\\\/magazin\\\/wp-content\\\/uploads\\\/2023\\\/02\\\/Familie-Maier-2022-11-Tisch-mittel-Foto-Flausen.jpg\",\"datePublished\":\"2018-11-15T07:00:03+00:00\",\"dateModified\":\"2023-03-06T06:19:58+00:00\",\"breadcrumb\":{\"@id\":\"https:\\\/\\\/www.salzburgerland.com\\\/de\\\/magazin\\\/das-gruene-hotel-zur-post\\\/#breadcrumb\"},\"inLanguage\":\"de\",\"potentialAction\":[{\"@type\":\"ReadAction\",\"target\":[\"https:\\\/\\\/www.salzburgerland.com\\\/de\\\/magazin\\\/das-gruene-hotel-zur-post\\\/\"]}]},{\"@type\":\"ImageObject\",\"inLanguage\":\"de\",\"@id\":\"https:\\\/\\\/www.salzburgerland.com\\\/de\\\/magazin\\\/das-gruene-hotel-zur-post\\\/#primaryimage\",\"url\":\"https:\\\/\\\/www.salzburgerland.com\\\/de\\\/magazin\\\/wp-content\\\/uploads\\\/2023\\\/02\\\/Familie-Maier-2022-11-Tisch-mittel-Foto-Flausen.jpg\",\"contentUrl\":\"https:\\\/\\\/www.salzburgerland.com\\\/de\\\/magazin\\\/wp-content\\\/uploads\\\/2023\\\/02\\\/Familie-Maier-2022-11-Tisch-mittel-Foto-Flausen.jpg\",\"width\":2500,\"height\":1667,\"caption\":\"F\u00fcnf Personen sitzen l\u00e4chelnd zusammen an einem Holztisch in einem modernen, hellen Restaurant mit gr\u00fcnen St\u00fchlen.\"},{\"@type\":\"BreadcrumbList\",\"@id\":\"https:\\\/\\\/www.salzburgerland.com\\\/de\\\/magazin\\\/das-gruene-hotel-zur-post\\\/#breadcrumb\",\"itemListElement\":[{\"@type\":\"ListItem\",\"position\":1,\"name\":\"Startseite\",\"item\":\"https:\\\/\\\/www.salzburgerland.com\\\/de\\\/magazin\\\/\"},{\"@type\":\"ListItem\",\"position\":2,\"name\":\"Hotel &amp; Reise\",\"item\":\"https:\\\/\\\/www.salzburgerland.com\\\/de\\\/magazin\\\/thema\\\/hotel-reise\\\/\"},{\"@type\":\"ListItem\",\"position\":3,\"name\":\"Das Gr\u00fcne Hotel zur Post\"}]},{\"@type\":\"WebSite\",\"@id\":\"https:\\\/\\\/www.salzburgerland.com\\\/de\\\/magazin\\\/#website\",\"url\":\"https:\\\/\\\/www.salzburgerland.com\\\/de\\\/magazin\\\/\",\"name\":\"SalzburgerLand Magazin\",\"description\":\"Geschichten und Interessantes aus dem SalzburgerLand\",\"publisher\":{\"@id\":\"https:\\\/\\\/www.salzburgerland.com\\\/de\\\/magazin\\\/#organization\"},\"potentialAction\":[{\"@type\":\"SearchAction\",\"target\":{\"@type\":\"EntryPoint\",\"urlTemplate\":\"https:\\\/\\\/www.salzburgerland.com\\\/de\\\/magazin\\\/?s={search_term_string}\"},\"query-input\":{\"@type\":\"PropertyValueSpecification\",\"valueRequired\":true,\"valueName\":\"search_term_string\"}}],\"inLanguage\":\"de\"},{\"@type\":\"Organization\",\"@id\":\"https:\\\/\\\/www.salzburgerland.com\\\/de\\\/magazin\\\/#organization\",\"name\":\"SalzburgerLand Tourismus\",\"url\":\"https:\\\/\\\/www.salzburgerland.com\\\/de\\\/magazin\\\/\",\"logo\":{\"@type\":\"ImageObject\",\"inLanguage\":\"de\",\"@id\":\"https:\\\/\\\/www.salzburgerland.com\\\/de\\\/magazin\\\/#\\\/schema\\\/logo\\\/image\\\/\",\"url\":\"https:\\\/\\\/www.salzburgerland.com\\\/de\\\/magazin\\\/wp-content\\\/uploads\\\/2019\\\/06\\\/salzburgerland-logo1.jpg\",\"contentUrl\":\"https:\\\/\\\/www.salzburgerland.com\\\/de\\\/magazin\\\/wp-content\\\/uploads\\\/2019\\\/06\\\/salzburgerland-logo1.jpg\",\"width\":2011,\"height\":866,\"caption\":\"SalzburgerLand Tourismus\"},\"image\":{\"@id\":\"https:\\\/\\\/www.salzburgerland.com\\\/de\\\/magazin\\\/#\\\/schema\\\/logo\\\/image\\\/\"},\"sameAs\":[\"https:\\\/\\\/www.facebook.com\\\/salzburgerland\\\/\",\"https:\\\/\\\/x.com\\\/Salzburgerland\",\"https:\\\/\\\/www.instagram.com\\\/salzburgerland\\\/\",\"https:\\\/\\\/at.linkedin.com\\\/company\\\/salzburgerland-tourismus-gmbh\",\"https:\\\/\\\/www.pinterest.at\\\/salzburgerland\\\/\",\"https:\\\/\\\/www.youtube.com\\\/user\\\/salzburgerland\",\"https:\\\/\\\/de.wikipedia.org\\\/wiki\\\/SalzburgerLand_Tourismus_GmbH\"]},{\"@type\":\"Person\",\"@id\":\"https:\\\/\\\/www.salzburgerland.com\\\/de\\\/magazin\\\/#\\\/schema\\\/person\\\/7932db74f19d9640620859cb2b794c4e\",\"name\":\"Christine Fr\u00f6schl\",\"description\":\"Dein pers\u00f6nlicher Logenplatz im SalzburgerLand? Am liebsten gehe ich auf den Einberg im Salzburger Tennengau. Der Berg in der Osterhorn-Gruppe gl\u00e4nzt das ganze Jahr im Sonnenschein, auf dem Gipfel heben Paragleiter ab und die Aussicht auf das Tennengebirge, den Dachstein und die Bischofsm\u00fctze ist traumhaft. Dosige(r) oder Zuagroast? Zuagroast aus dem sch\u00f6nen Nieder\u00f6sterreich. Fr\u00fchling, Sommer, Herbst oder Winter? Alle Jahreszeiten begeistern mich. Momentan freue ich mich auf den Fr\u00fchling, das Zwitschern der V\u00f6gel und auf die sattgr\u00fcnen Wiesen. Salzburger Nockerl oder Schwarzbeernocken? Eindeutig Schwarzbeernocken. Rindsroulade vom Pinzgauer Biorind oder Saibling fangfrisch aus dem Fuschlsee? Mhhhh. Da kann ich mich nicht entscheiden. Bergtour oder Seentour? Mich zieht es auf jeden Fall hinauf. Begeistert bin ich auch von tiefblauen Bergseen in denen sich die Umgebung spiegelt und von der Aussicht w\u00e4hrend des Weges auf einen der wundersch\u00f6nen Seen im Salzburger Land.\",\"url\":\"https:\\\/\\\/www.salzburgerland.com\\\/de\\\/magazin\\\/author\\\/christine-froeschl\\\/\"}]}<\/script>\n<!-- \/ Yoast SEO Premium plugin. -->","yoast_head_json":{"title":"Das Gr\u00fcne Hotel zur Post - SalzburgerLand Magazin","description":"Im Gr\u00fcnen Hotel zur Post in der Stadt Salzburg erzeugt die Sonne die H\u00e4lfte des gesamten Strombedarfes. Geladen werden damit auch Elektroautos.","robots":{"index":"index","follow":"follow","max-snippet":"max-snippet:-1","max-image-preview":"max-image-preview:large","max-video-preview":"max-video-preview:-1"},"canonical":"https:\/\/www.salzburgerland.com\/de\/magazin\/das-gruene-hotel-zur-post\/","og_locale":"de_DE","og_type":"article","og_title":"Das Gr\u00fcne Hotel zur Post","og_description":"Schon beim Betreten des Gr\u00fcnen Hotels zur Post fallen die kreative Garderobe aus upgecyceltem Holz, der sattgr\u00fcne Moosteppich an der Wand und die einladende Rezeption auf. W\u00e4hrend in der Maxglaner Hauptstra\u00dfe in der Stadt Salzburg der Verkehr flie\u00dft, ist es im 3* Bio-Hotel ruhig und gem\u00fctlich. Im Fr\u00fchst\u00fccksraum genie\u00dfen am sp\u00e4ten Morgen einige G\u00e4ste Gesundes [&hellip;]","og_url":"https:\/\/www.salzburgerland.com\/de\/magazin\/das-gruene-hotel-zur-post\/","og_site_name":"SalzburgerLand Magazin","article_publisher":"https:\/\/www.facebook.com\/salzburgerland\/","article_published_time":"2018-11-15T07:00:03+00:00","article_modified_time":"2023-03-06T06:19:58+00:00","og_image":[{"width":2500,"height":1667,"url":"https:\/\/www.salzburgerland.com\/de\/magazin\/wp-content\/uploads\/2023\/02\/Familie-Maier-2022-11-Tisch-mittel-Foto-Flausen.jpg","type":"image\/jpeg"}],"author":"Christine Fr\u00f6schl","twitter_card":"summary_large_image","twitter_creator":"@Salzburgerland","twitter_site":"@Salzburgerland","twitter_misc":{"Verfasst von":"Christine Fr\u00f6schl","Gesch\u00e4tzte Lesezeit":"5\u00a0Minuten"},"schema":{"@context":"https:\/\/schema.org","@graph":[{"@type":"Article","@id":"https:\/\/www.salzburgerland.com\/de\/magazin\/das-gruene-hotel-zur-post\/#article","isPartOf":{"@id":"https:\/\/www.salzburgerland.com\/de\/magazin\/das-gruene-hotel-zur-post\/"},"author":{"name":"Christine Fr\u00f6schl","@id":"https:\/\/www.salzburgerland.com\/de\/magazin\/#\/schema\/person\/7932db74f19d9640620859cb2b794c4e"},"headline":"Das Gr\u00fcne Hotel zur Post","datePublished":"2018-11-15T07:00:03+00:00","dateModified":"2023-03-06T06:19:58+00:00","mainEntityOfPage":{"@id":"https:\/\/www.salzburgerland.com\/de\/magazin\/das-gruene-hotel-zur-post\/"},"wordCount":531,"commentCount":0,"publisher":{"@id":"https:\/\/www.salzburgerland.com\/de\/magazin\/#organization"},"image":{"@id":"https:\/\/www.salzburgerland.com\/de\/magazin\/das-gruene-hotel-zur-post\/#primaryimage"},"thumbnailUrl":"https:\/\/www.salzburgerland.com\/de\/magazin\/wp-content\/uploads\/2023\/02\/Familie-Maier-2022-11-Tisch-mittel-Foto-Flausen.jpg","articleSection":["Hotel &amp; Reise"],"inLanguage":"de","potentialAction":[{"@type":"CommentAction","name":"Comment","target":["https:\/\/www.salzburgerland.com\/de\/magazin\/das-gruene-hotel-zur-post\/#respond"]}]},{"@type":"WebPage","@id":"https:\/\/www.salzburgerland.com\/de\/magazin\/das-gruene-hotel-zur-post\/","url":"https:\/\/www.salzburgerland.com\/de\/magazin\/das-gruene-hotel-zur-post\/","name":"Das Gr\u00fcne Hotel zur Post - SalzburgerLand Magazin","isPartOf":{"@id":"https:\/\/www.salzburgerland.com\/de\/magazin\/#website"},"primaryImageOfPage":{"@id":"https:\/\/www.salzburgerland.com\/de\/magazin\/das-gruene-hotel-zur-post\/#primaryimage"},"image":{"@id":"https:\/\/www.salzburgerland.com\/de\/magazin\/das-gruene-hotel-zur-post\/#primaryimage"},"thumbnailUrl":"https:\/\/www.salzburgerland.com\/de\/magazin\/wp-content\/uploads\/2023\/02\/Familie-Maier-2022-11-Tisch-mittel-Foto-Flausen.jpg","datePublished":"2018-11-15T07:00:03+00:00","dateModified":"2023-03-06T06:19:58+00:00","breadcrumb":{"@id":"https:\/\/www.salzburgerland.com\/de\/magazin\/das-gruene-hotel-zur-post\/#breadcrumb"},"inLanguage":"de","potentialAction":[{"@type":"ReadAction","target":["https:\/\/www.salzburgerland.com\/de\/magazin\/das-gruene-hotel-zur-post\/"]}]},{"@type":"ImageObject","inLanguage":"de","@id":"https:\/\/www.salzburgerland.com\/de\/magazin\/das-gruene-hotel-zur-post\/#primaryimage","url":"https:\/\/www.salzburgerland.com\/de\/magazin\/wp-content\/uploads\/2023\/02\/Familie-Maier-2022-11-Tisch-mittel-Foto-Flausen.jpg","contentUrl":"https:\/\/www.salzburgerland.com\/de\/magazin\/wp-content\/uploads\/2023\/02\/Familie-Maier-2022-11-Tisch-mittel-Foto-Flausen.jpg","width":2500,"height":1667,"caption":"F\u00fcnf Personen sitzen l\u00e4chelnd zusammen an einem Holztisch in einem modernen, hellen Restaurant mit gr\u00fcnen St\u00fchlen."},{"@type":"BreadcrumbList","@id":"https:\/\/www.salzburgerland.com\/de\/magazin\/das-gruene-hotel-zur-post\/#breadcrumb","itemListElement":[{"@type":"ListItem","position":1,"name":"Startseite","item":"https:\/\/www.salzburgerland.com\/de\/magazin\/"},{"@type":"ListItem","position":2,"name":"Hotel &amp; Reise","item":"https:\/\/www.salzburgerland.com\/de\/magazin\/thema\/hotel-reise\/"},{"@type":"ListItem","position":3,"name":"Das Gr\u00fcne Hotel zur Post"}]},{"@type":"WebSite","@id":"https:\/\/www.salzburgerland.com\/de\/magazin\/#website","url":"https:\/\/www.salzburgerland.com\/de\/magazin\/","name":"SalzburgerLand Magazin","description":"Geschichten und Interessantes aus dem SalzburgerLand","publisher":{"@id":"https:\/\/www.salzburgerland.com\/de\/magazin\/#organization"},"potentialAction":[{"@type":"SearchAction","target":{"@type":"EntryPoint","urlTemplate":"https:\/\/www.salzburgerland.com\/de\/magazin\/?s={search_term_string}"},"query-input":{"@type":"PropertyValueSpecification","valueRequired":true,"valueName":"search_term_string"}}],"inLanguage":"de"},{"@type":"Organization","@id":"https:\/\/www.salzburgerland.com\/de\/magazin\/#organization","name":"SalzburgerLand Tourismus","url":"https:\/\/www.salzburgerland.com\/de\/magazin\/","logo":{"@type":"ImageObject","inLanguage":"de","@id":"https:\/\/www.salzburgerland.com\/de\/magazin\/#\/schema\/logo\/image\/","url":"https:\/\/www.salzburgerland.com\/de\/magazin\/wp-content\/uploads\/2019\/06\/salzburgerland-logo1.jpg","contentUrl":"https:\/\/www.salzburgerland.com\/de\/magazin\/wp-content\/uploads\/2019\/06\/salzburgerland-logo1.jpg","width":2011,"height":866,"caption":"SalzburgerLand Tourismus"},"image":{"@id":"https:\/\/www.salzburgerland.com\/de\/magazin\/#\/schema\/logo\/image\/"},"sameAs":["https:\/\/www.facebook.com\/salzburgerland\/","https:\/\/x.com\/Salzburgerland","https:\/\/www.instagram.com\/salzburgerland\/","https:\/\/at.linkedin.com\/company\/salzburgerland-tourismus-gmbh","https:\/\/www.pinterest.at\/salzburgerland\/","https:\/\/www.youtube.com\/user\/salzburgerland","https:\/\/de.wikipedia.org\/wiki\/SalzburgerLand_Tourismus_GmbH"]},{"@type":"Person","@id":"https:\/\/www.salzburgerland.com\/de\/magazin\/#\/schema\/person\/7932db74f19d9640620859cb2b794c4e","name":"Christine Fr\u00f6schl","description":"Dein pers\u00f6nlicher Logenplatz im SalzburgerLand? Am liebsten gehe ich auf den Einberg im Salzburger Tennengau. Der Berg in der Osterhorn-Gruppe gl\u00e4nzt das ganze Jahr im Sonnenschein, auf dem Gipfel heben Paragleiter ab und die Aussicht auf das Tennengebirge, den Dachstein und die Bischofsm\u00fctze ist traumhaft. Dosige(r) oder Zuagroast? Zuagroast aus dem sch\u00f6nen Nieder\u00f6sterreich. Fr\u00fchling, Sommer, Herbst oder Winter? Alle Jahreszeiten begeistern mich. Momentan freue ich mich auf den Fr\u00fchling, das Zwitschern der V\u00f6gel und auf die sattgr\u00fcnen Wiesen. Salzburger Nockerl oder Schwarzbeernocken? Eindeutig Schwarzbeernocken. Rindsroulade vom Pinzgauer Biorind oder Saibling fangfrisch aus dem Fuschlsee? Mhhhh. Da kann ich mich nicht entscheiden. Bergtour oder Seentour? Mich zieht es auf jeden Fall hinauf. Begeistert bin ich auch von tiefblauen Bergseen in denen sich die Umgebung spiegelt und von der Aussicht w\u00e4hrend des Weges auf einen der wundersch\u00f6nen Seen im Salzburger Land.","url":"https:\/\/www.salzburgerland.com\/de\/magazin\/author\/christine-froeschl\/"}]}},"_wl_alt_label":[],"wl:entity_url":"http:\/\/open.salzburgerland.com\/magazin\/post\/das_gruene_hotel_zur_post__bio_aus_leidenschaft","_links":{"self":[{"href":"https:\/\/www.salzburgerland.com\/de\/magazin\/wp-json\/wp\/v2\/posts\/127075","targetHints":{"allow":["GET"]}}],"collection":[{"href":"https:\/\/www.salzburgerland.com\/de\/magazin\/wp-json\/wp\/v2\/posts"}],"about":[{"href":"https:\/\/www.salzburgerland.com\/de\/magazin\/wp-json\/wp\/v2\/types\/post"}],"author":[{"embeddable":true,"href":"https:\/\/www.salzburgerland.com\/de\/magazin\/wp-json\/wp\/v2\/users\/236"}],"replies":[{"embeddable":true,"href":"https:\/\/www.salzburgerland.com\/de\/magazin\/wp-json\/wp\/v2\/comments?post=127075"}],"version-history":[{"count":5,"href":"https:\/\/www.salzburgerland.com\/de\/magazin\/wp-json\/wp\/v2\/posts\/127075\/revisions"}],"predecessor-version":[{"id":169311,"href":"https:\/\/www.salzburgerland.com\/de\/magazin\/wp-json\/wp\/v2\/posts\/127075\/revisions\/169311"}],"wp:featuredmedia":[{"embeddable":true,"href":"https:\/\/www.salzburgerland.com\/de\/magazin\/wp-json\/wp\/v2\/media\/169095"}],"wp:attachment":[{"href":"https:\/\/www.salzburgerland.com\/de\/magazin\/wp-json\/wp\/v2\/media?parent=127075"}],"wp:term":[{"taxonomy":"category","embeddable":true,"href":"https:\/\/www.salzburgerland.com\/de\/magazin\/wp-json\/wp\/v2\/categories?post=127075"},{"taxonomy":"post_tag","embeddable":true,"href":"https:\/\/www.salzburgerland.com\/de\/magazin\/wp-json\/wp\/v2\/tags?post=127075"},{"taxonomy":"wl_entity_type","embeddable":true,"href":"https:\/\/www.salzburgerland.com\/de\/magazin\/wp-json\/wp\/v2\/wl_entity_type?post=127075"},{"taxonomy":"monatsauswahl","embeddable":true,"href":"https:\/\/www.salzburgerland.com\/de\/magazin\/wp-json\/wp\/v2\/monatsauswahl?post=127075"}],"curies":[{"name":"wp","href":"https:\/\/api.w.org\/{rel}","templated":true}]}}