{"id":126746,"date":"2018-11-13T08:00:40","date_gmt":"2018-11-13T07:00:40","guid":{"rendered":"https:\/\/www.salzburgerland.com\/de\/magazin\/?p=126746"},"modified":"2019-06-26T18:26:25","modified_gmt":"2019-06-26T16:26:25","slug":"mohrs-gitarre","status":"publish","type":"post","link":"https:\/\/www.salzburgerland.com\/de\/magazin\/mohrs-gitarre\/","title":{"rendered":"Mohrs Gitarre"},"content":{"rendered":"<p><strong>Genau zwei Jahre nachdem das Attentat auf John F. Kennedy in Dallas die Welt zu einer anderen machte, verzauberte ebendort ein einfaches Instrument aus dem kleinen Salzburg die Menschen. Die Gitarre Joseph Mohrs, der gemeinsam mit Franz Xaver Gruber das Lied &#8218;Stille Nacht &#8211; Heilige Nacht&#8216; komponierte, lockte \u00fcber zwei Millionen Menschen ins Museum und brachte wieder Licht in ihr Leben. So wie eben jenes Lied selbst, das 1818 in einem kleinen K\u00e4mmerchen mit dieser Gitarre entstand und von dort aus die ganze Welt eroberte. <\/strong><\/p>\n<p>Jaja, manchmal sind es die kleinen Dinge, aus denen Gro\u00dfes entstehen soll. Dem Schlag eines Schmetterlings gleich, aus dem ein Orkan wird, waren es in jenem Dezember 1818 die M\u00e4use (so sagt es die Legende), die die Orgel in der St. Nikolai Kirche in Oberndorf bei Salzburg verstummen lie\u00dfen und einer Gitarre zum gro\u00dfen Auftritt verhalfen. Die stille Nacht wurde am Heiligen Abend von einem Lied durchbrochen, das auch heute noch zu Weihnachten erklingt und die Herzen der Menschen ber\u00fchrt. Auf der ganzen Welt. Heuer j\u00e4hrt sich die \u201aStille Nacht des Jahres 1818&#8242;<span lang=\"EN-US\">\u00a0<\/span>zum 200. Mal. Grund genug, einmal einen etwas genaueren Blick auf Mohrs Gitarre zu werfen und ihr auf ihrer Reise um die Welt zu folgen, die sie schlie\u00dflich f\u00fcr immer \u201anach Hause\u2018 nach Hallein f\u00fchrte.<\/p>\n<figure id=\"attachment_110665\" aria-describedby=\"caption-attachment-110665\" style=\"width: 650px\" class=\"wp-caption alignnone\"><img loading=\"lazy\" decoding=\"async\" class=\"wp-image-110665 size-singlePost\" src=\"https:\/\/www.salzburgerland.com\/de\/magazin\/wp-content\/uploads\/2016\/10\/STILLE-N8_Hintersee_8-650x435.jpg\" alt=\"\" width=\"650\" height=\"435\" \/><figcaption id=\"caption-attachment-110665\" class=\"wp-caption-text\">Bildnis von Joseph Mohr.<\/figcaption><\/figure>\n<p>Joseph Mohr war ein einfacher Mann. Ein Priester. Und genauso einfach war auch seine Gitarre. Trotzdem hatte er sie ein Leben lang und verbrachte viele Stunden damit, auf ihr zu musizieren. Alleine oder auch gemeinsam mit anderen. Einer von ihnen war Josef Felser, Schulgehilfe in Altenmarkt und begeisterter Musikant. Beim gemeinsamen Spielen in Wagrain erz\u00e4hlte Mohr einmal, dass auf eben jener Gitarre auch das Lied Stille Nacht entstanden sei und auch uraufgef\u00fchrt wurde. Damals, am Abend des 24. Dezembers anno 1818. Nach dem Tod Joseph Mohrs 1848 erwarb Felser die Gitarre und ihre Reise begann. Zuerst nach Kuchl, wo sie in der Gaststube des T\u00e4ublwirt verwendet und bei einer Schl\u00e4gerei besch\u00e4digt wurde.<\/p>\n<p>1911 wurde das Instrument dem Enkel des Komponisten Franz Xaver Gruber, der auf Mohrs Gitarre die Begleitung zu Stille Nacht komponierte, Felix Gruber, zum Hochzeitsgeschenk gemacht. Wenige Jahre sp\u00e4ter ging sie dann in den Besitz der Stadt Hallein \u00fcber und der Irrglaube verbreitete sich, es handle sich dabei um Grubers Gitarre.\u00a0<\/p>\n<figure id=\"attachment_126330\" aria-describedby=\"caption-attachment-126330\" style=\"width: 650px\" class=\"wp-caption alignnone\"><img loading=\"lazy\" decoding=\"async\" class=\"size-singlePost wp-image-126330\" src=\"https:\/\/www.salzburgerland.com\/de\/magazin\/wp-content\/uploads\/2018\/10\/IMG_6092-650x435.jpg\" alt=\"\" width=\"650\" height=\"435\" \/><figcaption id=\"caption-attachment-126330\" class=\"wp-caption-text\">Gitarre von Josef Mohr<\/figcaption><\/figure>\n<p>1956, mittlerweile hatte das Lied \u201aStille Nacht\u2018 die ganze Welt erobert, ging das Instrument dann auf gro\u00dfe Reise. Auf Ersuchen der \u201aNational Arts Foundation\u2018 hie\u00df die erste Station Dallas, wo die Gitarre gemeinsam mit der Originalfassung des St\u00fcckes von Franz Xaver Gruber ausgestellt wurde. Das Interesse und die Begeisterung waren \u00fcberw\u00e4ltigend! Von Texas aus ging die Reise weiter nach Montreal in Kanada, wo die Gitarre, die damals bereits auf 1.000.000 Dollar versichert war, erneut ausgestellt wurde.<\/p>\n<p>Das gro\u00dfe Echo in \u00dcbersee weckte schlie\u00dflich auch das Interesse der deutschen Politik. Willi Brandt, damals noch regierender B\u00fcrgermeister des geteilten Berlins und sp\u00e4terer Bundeskanzler, wandte sich mit der Bitte an das offizielle Hallein, die Gitarre doch auch in seine Stadt zu schicken und den Menschen besondere Weihnachtsfreuden zu schenken. Nat\u00fcrlich wurde dieser Bitte entsprochen. Danach kehrte das Instrument wieder ins SalzburgerLand zur\u00fcck. Nach einer weiteren Reise in die USA im Jahr 1976, einigte man sich in Hallein darauf, folglich von Verleihungen abzusehen. Seitdem ist Mohrs Gitarre permanent im Stille Nacht Museum des Keltenmuseums zu sehen.\u00a0<\/p>\n<p><b>STILLE NACHT MUSEUM HALLEIN<\/b><br \/>\nGruberplatz 1<br \/>\n5400 Hallein<br \/>\n<a href=\"http:\/\/www.keltenmuseum.at\" target=\"_blank\" rel=\"noopener noreferrer\">www.keltenmuseum.at<\/a><\/p>\n<p>\u00a9 Stille Nacht Archiv \/ Stille Nacht Museum Hallein<\/p>\n","protected":false},"excerpt":{"rendered":"<p>Genau zwei Jahre nachdem das Attentat auf John F. Kennedy in Dallas die Welt zu einer anderen machte, verzauberte ebendort ein einfaches Instrument aus dem kleinen Salzburg die Menschen. Die Gitarre Joseph Mohrs, der gemeinsam mit Franz Xaver Gruber das Lied &#8218;Stille Nacht &#8211; Heilige Nacht&#8216; komponierte, lockte \u00fcber zwei Millionen Menschen ins Museum und [&hellip;]<\/p>\n","protected":false},"author":505,"featured_media":126747,"comment_status":"open","ping_status":"open","sticky":false,"template":"","format":"standard","meta":{"_acf_changed":false,"wl_entities_gutenberg":"","_wl_entity_redirect_enabled":"","footnotes":""},"categories":[6],"tags":[],"wl_entity_type":[306],"monatsauswahl":[82,83,91,92,93],"class_list":["post-126746","post","type-post","status-publish","format-standard","has-post-thumbnail","hentry","category-kunst-kultur","wl_entity_type-article","monatsauswahl-monat_1","monatsauswahl-monat_2","monatsauswahl-monat_10","monatsauswahl-monat_11","monatsauswahl-monat_12"],"acf":[],"yoast_head":"<!-- This site is optimized with the Yoast SEO Premium plugin v27.4 (Yoast SEO v27.4) - https:\/\/yoast.com\/product\/yoast-seo-premium-wordpress\/ -->\n<title>Mohrs Gitarre - SalzburgerLand Magazin<\/title>\n<meta name=\"description\" content=\"Genau zwei Jahre nachdem das Attentat auf John F. Kennedy in Dallas die Welt zu einer anderen machte, verzauberte ebendort ein einfaches Instrument aus dem kleinen Salzburg die Menschen. Die Gitarre Joseph Mohrs, der gemeinsam mit Franz Xaver Gruber das Lied &#8218;Stille Nacht &#8211; Heilige Nacht&#8216; komponierte, lockte \u00fcber zwei Millionen Menschen ins Museum und [&hellip;]\" \/>\n<meta name=\"robots\" content=\"index, follow, max-snippet:-1, max-image-preview:large, max-video-preview:-1\" \/>\n<link rel=\"canonical\" href=\"https:\/\/www.salzburgerland.com\/de\/magazin\/mohrs-gitarre\/\" \/>\n<meta property=\"og:locale\" content=\"de_DE\" \/>\n<meta property=\"og:type\" content=\"article\" \/>\n<meta property=\"og:title\" content=\"Mohrs Gitarre\" \/>\n<meta property=\"og:description\" content=\"Genau zwei Jahre nachdem das Attentat auf John F. Kennedy in Dallas die Welt zu einer anderen machte, verzauberte ebendort ein einfaches Instrument aus dem kleinen Salzburg die Menschen. Die Gitarre Joseph Mohrs, der gemeinsam mit Franz Xaver Gruber das Lied &#8218;Stille Nacht &#8211; Heilige Nacht&#8216; komponierte, lockte \u00fcber zwei Millionen Menschen ins Museum und [&hellip;]\" \/>\n<meta property=\"og:url\" content=\"https:\/\/www.salzburgerland.com\/de\/magazin\/mohrs-gitarre\/\" \/>\n<meta property=\"og:site_name\" content=\"SalzburgerLand Magazin\" \/>\n<meta property=\"article:publisher\" content=\"https:\/\/www.facebook.com\/salzburgerland\/\" \/>\n<meta property=\"article:published_time\" content=\"2018-11-13T07:00:40+00:00\" \/>\n<meta property=\"article:modified_time\" content=\"2019-06-26T16:26:25+00:00\" \/>\n<meta property=\"og:image\" content=\"https:\/\/www.salzburgerland.com\/de\/magazin\/wp-content\/uploads\/2018\/10\/StNM_Gitarre_Mohr.jpg\" \/>\n\t<meta property=\"og:image:width\" content=\"1600\" \/>\n\t<meta property=\"og:image:height\" content=\"1135\" \/>\n\t<meta property=\"og:image:type\" content=\"image\/jpeg\" \/>\n<meta name=\"author\" content=\"Peter Zeitlhofer\" \/>\n<meta name=\"twitter:card\" content=\"summary_large_image\" \/>\n<meta name=\"twitter:creator\" content=\"@Salzburgerland\" \/>\n<meta name=\"twitter:site\" content=\"@Salzburgerland\" \/>\n<meta name=\"twitter:label1\" content=\"Verfasst von\" \/>\n\t<meta name=\"twitter:data1\" content=\"Peter Zeitlhofer\" \/>\n\t<meta name=\"twitter:label2\" content=\"Gesch\u00e4tzte Lesezeit\" \/>\n\t<meta name=\"twitter:data2\" content=\"3\u00a0Minuten\" \/>\n<script type=\"application\/ld+json\" class=\"yoast-schema-graph\">{\"@context\":\"https:\\\/\\\/schema.org\",\"@graph\":[{\"@type\":\"Article\",\"@id\":\"https:\\\/\\\/www.salzburgerland.com\\\/de\\\/magazin\\\/mohrs-gitarre\\\/#article\",\"isPartOf\":{\"@id\":\"https:\\\/\\\/www.salzburgerland.com\\\/de\\\/magazin\\\/mohrs-gitarre\\\/\"},\"author\":{\"name\":\"Peter Zeitlhofer\",\"@id\":\"https:\\\/\\\/www.salzburgerland.com\\\/de\\\/magazin\\\/#\\\/schema\\\/person\\\/ebd2c9f244aeea71e30f3b5d5e309de4\"},\"headline\":\"Mohrs Gitarre\",\"datePublished\":\"2018-11-13T07:00:40+00:00\",\"dateModified\":\"2019-06-26T16:26:25+00:00\",\"mainEntityOfPage\":{\"@id\":\"https:\\\/\\\/www.salzburgerland.com\\\/de\\\/magazin\\\/mohrs-gitarre\\\/\"},\"wordCount\":602,\"commentCount\":0,\"publisher\":{\"@id\":\"https:\\\/\\\/www.salzburgerland.com\\\/de\\\/magazin\\\/#organization\"},\"image\":{\"@id\":\"https:\\\/\\\/www.salzburgerland.com\\\/de\\\/magazin\\\/mohrs-gitarre\\\/#primaryimage\"},\"thumbnailUrl\":\"https:\\\/\\\/www.salzburgerland.com\\\/de\\\/magazin\\\/wp-content\\\/uploads\\\/2018\\\/10\\\/StNM_Gitarre_Mohr.jpg\",\"articleSection\":[\"Kunst &amp; Kultur\"],\"inLanguage\":\"de\",\"potentialAction\":[{\"@type\":\"CommentAction\",\"name\":\"Comment\",\"target\":[\"https:\\\/\\\/www.salzburgerland.com\\\/de\\\/magazin\\\/mohrs-gitarre\\\/#respond\"]}]},{\"@type\":\"WebPage\",\"@id\":\"https:\\\/\\\/www.salzburgerland.com\\\/de\\\/magazin\\\/mohrs-gitarre\\\/\",\"url\":\"https:\\\/\\\/www.salzburgerland.com\\\/de\\\/magazin\\\/mohrs-gitarre\\\/\",\"name\":\"Mohrs Gitarre - SalzburgerLand Magazin\",\"isPartOf\":{\"@id\":\"https:\\\/\\\/www.salzburgerland.com\\\/de\\\/magazin\\\/#website\"},\"primaryImageOfPage\":{\"@id\":\"https:\\\/\\\/www.salzburgerland.com\\\/de\\\/magazin\\\/mohrs-gitarre\\\/#primaryimage\"},\"image\":{\"@id\":\"https:\\\/\\\/www.salzburgerland.com\\\/de\\\/magazin\\\/mohrs-gitarre\\\/#primaryimage\"},\"thumbnailUrl\":\"https:\\\/\\\/www.salzburgerland.com\\\/de\\\/magazin\\\/wp-content\\\/uploads\\\/2018\\\/10\\\/StNM_Gitarre_Mohr.jpg\",\"datePublished\":\"2018-11-13T07:00:40+00:00\",\"dateModified\":\"2019-06-26T16:26:25+00:00\",\"breadcrumb\":{\"@id\":\"https:\\\/\\\/www.salzburgerland.com\\\/de\\\/magazin\\\/mohrs-gitarre\\\/#breadcrumb\"},\"inLanguage\":\"de\",\"potentialAction\":[{\"@type\":\"ReadAction\",\"target\":[\"https:\\\/\\\/www.salzburgerland.com\\\/de\\\/magazin\\\/mohrs-gitarre\\\/\"]}]},{\"@type\":\"ImageObject\",\"inLanguage\":\"de\",\"@id\":\"https:\\\/\\\/www.salzburgerland.com\\\/de\\\/magazin\\\/mohrs-gitarre\\\/#primaryimage\",\"url\":\"https:\\\/\\\/www.salzburgerland.com\\\/de\\\/magazin\\\/wp-content\\\/uploads\\\/2018\\\/10\\\/StNM_Gitarre_Mohr.jpg\",\"contentUrl\":\"https:\\\/\\\/www.salzburgerland.com\\\/de\\\/magazin\\\/wp-content\\\/uploads\\\/2018\\\/10\\\/StNM_Gitarre_Mohr.jpg\",\"width\":1600,\"height\":1135,\"caption\":\"Eine Akustikgitarre im Vintage-Stil mit Holzkorpus und dekorativen Verzierungen auf schwarzem Hintergrund.\"},{\"@type\":\"BreadcrumbList\",\"@id\":\"https:\\\/\\\/www.salzburgerland.com\\\/de\\\/magazin\\\/mohrs-gitarre\\\/#breadcrumb\",\"itemListElement\":[{\"@type\":\"ListItem\",\"position\":1,\"name\":\"Startseite\",\"item\":\"https:\\\/\\\/www.salzburgerland.com\\\/de\\\/magazin\\\/\"},{\"@type\":\"ListItem\",\"position\":2,\"name\":\"Kunst &amp; Kultur\",\"item\":\"https:\\\/\\\/www.salzburgerland.com\\\/de\\\/magazin\\\/thema\\\/kunst-kultur\\\/\"},{\"@type\":\"ListItem\",\"position\":3,\"name\":\"Mohrs Gitarre\"}]},{\"@type\":\"WebSite\",\"@id\":\"https:\\\/\\\/www.salzburgerland.com\\\/de\\\/magazin\\\/#website\",\"url\":\"https:\\\/\\\/www.salzburgerland.com\\\/de\\\/magazin\\\/\",\"name\":\"SalzburgerLand Magazin\",\"description\":\"Geschichten und Interessantes aus dem SalzburgerLand\",\"publisher\":{\"@id\":\"https:\\\/\\\/www.salzburgerland.com\\\/de\\\/magazin\\\/#organization\"},\"potentialAction\":[{\"@type\":\"SearchAction\",\"target\":{\"@type\":\"EntryPoint\",\"urlTemplate\":\"https:\\\/\\\/www.salzburgerland.com\\\/de\\\/magazin\\\/?s={search_term_string}\"},\"query-input\":{\"@type\":\"PropertyValueSpecification\",\"valueRequired\":true,\"valueName\":\"search_term_string\"}}],\"inLanguage\":\"de\"},{\"@type\":\"Organization\",\"@id\":\"https:\\\/\\\/www.salzburgerland.com\\\/de\\\/magazin\\\/#organization\",\"name\":\"SalzburgerLand Tourismus\",\"url\":\"https:\\\/\\\/www.salzburgerland.com\\\/de\\\/magazin\\\/\",\"logo\":{\"@type\":\"ImageObject\",\"inLanguage\":\"de\",\"@id\":\"https:\\\/\\\/www.salzburgerland.com\\\/de\\\/magazin\\\/#\\\/schema\\\/logo\\\/image\\\/\",\"url\":\"https:\\\/\\\/www.salzburgerland.com\\\/de\\\/magazin\\\/wp-content\\\/uploads\\\/2019\\\/06\\\/salzburgerland-logo1.jpg\",\"contentUrl\":\"https:\\\/\\\/www.salzburgerland.com\\\/de\\\/magazin\\\/wp-content\\\/uploads\\\/2019\\\/06\\\/salzburgerland-logo1.jpg\",\"width\":2011,\"height\":866,\"caption\":\"SalzburgerLand Tourismus\"},\"image\":{\"@id\":\"https:\\\/\\\/www.salzburgerland.com\\\/de\\\/magazin\\\/#\\\/schema\\\/logo\\\/image\\\/\"},\"sameAs\":[\"https:\\\/\\\/www.facebook.com\\\/salzburgerland\\\/\",\"https:\\\/\\\/x.com\\\/Salzburgerland\",\"https:\\\/\\\/www.instagram.com\\\/salzburgerland\\\/\",\"https:\\\/\\\/at.linkedin.com\\\/company\\\/salzburgerland-tourismus-gmbh\",\"https:\\\/\\\/www.pinterest.at\\\/salzburgerland\\\/\",\"https:\\\/\\\/www.youtube.com\\\/user\\\/salzburgerland\",\"https:\\\/\\\/de.wikipedia.org\\\/wiki\\\/SalzburgerLand_Tourismus_GmbH\"]},{\"@type\":\"Person\",\"@id\":\"https:\\\/\\\/www.salzburgerland.com\\\/de\\\/magazin\\\/#\\\/schema\\\/person\\\/ebd2c9f244aeea71e30f3b5d5e309de4\",\"name\":\"Peter Zeitlhofer\",\"description\":\"'Von Neugier getrieben' - diese Worte kommen Peter Zeitlhofer wohl schon ziemlich nahe. Egal ob am Segelboot, im Tiefschnee, unterwegs in Stadt und Land, oder auf einer seinen vielen Reisen - er ist immer auf der Suche nach Neuem, nach dem Besonderen, probiert so ziemlich alles aus und liebt es, dar\u00fcber zu reden und zu berichten. Womit man auch schon fast bei seiner zweiten Leidenschaft w\u00e4re - dem Schreiben. Immer und \u00fcberall ausgestattet\u00a0mit seinem Notebook, hat der Salzburger, mit Wurzeln am Attersee, sein Office\u00a0im wahrsten Sinne des Wortes unterm Arm und k\u00f6nnte sich nichts besseres vorstellen, als die Geschichten dort zu erz\u00e4hlen, wo sie passieren. Fr\u00fchling, Sommer, Herbst oder Winter? Als Mensch der Extreme, mag ich auch bei den Jahreszeiten den Sommer und den Winter am liebsten. Obwohl nat\u00fcrlich auch der Fr\u00fchling seine Reize hat. Aber der Herbst? Rindsroulade vom Pinzgauer Biorind oder Saibling fangfrisch aus dem Fuschlsee? Immer diese Entscheidungen! Kann ich auch beides haben? Mundharmonika oder Stradivari? Weder noch - als Gitarrist k\u00f6nnte ich mit beiden Instrumenten nichts anfangen. Lederhose oder Smoking? Eindeutig Lederhose, die bei mir mittlerweile sogar den Einzug in den sommerlichen Alltag gefunden hat. Und der LederhosnDonnerstag ist \u00a0ohnehin Pflicht. Alpinski, Offpist oder Skitour? Hauptsache rauf auf den Berg! Was dann tats\u00e4chlich auf dem Programm steht ist zweitrangig. Nur so viel: wenn der Schnee passt, dann h\u00e4lt mich nichts oder niemand auf der Piste. Bergtour oder Seentour? F\u00fcr mich gibt es im Sommer nichts Sch\u00f6neres, als mit dem Segelboot auf unseren herrlichen Seen unterwegs zu sein. Also wenn ich die Wahl habe, dann nehme ich im Sommer die Berge h\u00f6chstens als Kulisse. Haubenlokal oder Ab-Hof-Laden? Auch hier nehme ich von beidem ein bisschen. Aber bei der Oma schmeckt's dann doch am besten.\",\"url\":\"https:\\\/\\\/www.salzburgerland.com\\\/de\\\/magazin\\\/author\\\/peter-zeitlhofer\\\/\"}]}<\/script>\n<!-- \/ Yoast SEO Premium plugin. -->","yoast_head_json":{"title":"Mohrs Gitarre - SalzburgerLand Magazin","description":"Genau zwei Jahre nachdem das Attentat auf John F. Kennedy in Dallas die Welt zu einer anderen machte, verzauberte ebendort ein einfaches Instrument aus dem kleinen Salzburg die Menschen. Die Gitarre Joseph Mohrs, der gemeinsam mit Franz Xaver Gruber das Lied &#8218;Stille Nacht &#8211; Heilige Nacht&#8216; komponierte, lockte \u00fcber zwei Millionen Menschen ins Museum und [&hellip;]","robots":{"index":"index","follow":"follow","max-snippet":"max-snippet:-1","max-image-preview":"max-image-preview:large","max-video-preview":"max-video-preview:-1"},"canonical":"https:\/\/www.salzburgerland.com\/de\/magazin\/mohrs-gitarre\/","og_locale":"de_DE","og_type":"article","og_title":"Mohrs Gitarre","og_description":"Genau zwei Jahre nachdem das Attentat auf John F. Kennedy in Dallas die Welt zu einer anderen machte, verzauberte ebendort ein einfaches Instrument aus dem kleinen Salzburg die Menschen. Die Gitarre Joseph Mohrs, der gemeinsam mit Franz Xaver Gruber das Lied &#8218;Stille Nacht &#8211; Heilige Nacht&#8216; komponierte, lockte \u00fcber zwei Millionen Menschen ins Museum und [&hellip;]","og_url":"https:\/\/www.salzburgerland.com\/de\/magazin\/mohrs-gitarre\/","og_site_name":"SalzburgerLand Magazin","article_publisher":"https:\/\/www.facebook.com\/salzburgerland\/","article_published_time":"2018-11-13T07:00:40+00:00","article_modified_time":"2019-06-26T16:26:25+00:00","og_image":[{"width":1600,"height":1135,"url":"https:\/\/www.salzburgerland.com\/de\/magazin\/wp-content\/uploads\/2018\/10\/StNM_Gitarre_Mohr.jpg","type":"image\/jpeg"}],"author":"Peter Zeitlhofer","twitter_card":"summary_large_image","twitter_creator":"@Salzburgerland","twitter_site":"@Salzburgerland","twitter_misc":{"Verfasst von":"Peter Zeitlhofer","Gesch\u00e4tzte Lesezeit":"3\u00a0Minuten"},"schema":{"@context":"https:\/\/schema.org","@graph":[{"@type":"Article","@id":"https:\/\/www.salzburgerland.com\/de\/magazin\/mohrs-gitarre\/#article","isPartOf":{"@id":"https:\/\/www.salzburgerland.com\/de\/magazin\/mohrs-gitarre\/"},"author":{"name":"Peter Zeitlhofer","@id":"https:\/\/www.salzburgerland.com\/de\/magazin\/#\/schema\/person\/ebd2c9f244aeea71e30f3b5d5e309de4"},"headline":"Mohrs Gitarre","datePublished":"2018-11-13T07:00:40+00:00","dateModified":"2019-06-26T16:26:25+00:00","mainEntityOfPage":{"@id":"https:\/\/www.salzburgerland.com\/de\/magazin\/mohrs-gitarre\/"},"wordCount":602,"commentCount":0,"publisher":{"@id":"https:\/\/www.salzburgerland.com\/de\/magazin\/#organization"},"image":{"@id":"https:\/\/www.salzburgerland.com\/de\/magazin\/mohrs-gitarre\/#primaryimage"},"thumbnailUrl":"https:\/\/www.salzburgerland.com\/de\/magazin\/wp-content\/uploads\/2018\/10\/StNM_Gitarre_Mohr.jpg","articleSection":["Kunst &amp; Kultur"],"inLanguage":"de","potentialAction":[{"@type":"CommentAction","name":"Comment","target":["https:\/\/www.salzburgerland.com\/de\/magazin\/mohrs-gitarre\/#respond"]}]},{"@type":"WebPage","@id":"https:\/\/www.salzburgerland.com\/de\/magazin\/mohrs-gitarre\/","url":"https:\/\/www.salzburgerland.com\/de\/magazin\/mohrs-gitarre\/","name":"Mohrs Gitarre - SalzburgerLand Magazin","isPartOf":{"@id":"https:\/\/www.salzburgerland.com\/de\/magazin\/#website"},"primaryImageOfPage":{"@id":"https:\/\/www.salzburgerland.com\/de\/magazin\/mohrs-gitarre\/#primaryimage"},"image":{"@id":"https:\/\/www.salzburgerland.com\/de\/magazin\/mohrs-gitarre\/#primaryimage"},"thumbnailUrl":"https:\/\/www.salzburgerland.com\/de\/magazin\/wp-content\/uploads\/2018\/10\/StNM_Gitarre_Mohr.jpg","datePublished":"2018-11-13T07:00:40+00:00","dateModified":"2019-06-26T16:26:25+00:00","breadcrumb":{"@id":"https:\/\/www.salzburgerland.com\/de\/magazin\/mohrs-gitarre\/#breadcrumb"},"inLanguage":"de","potentialAction":[{"@type":"ReadAction","target":["https:\/\/www.salzburgerland.com\/de\/magazin\/mohrs-gitarre\/"]}]},{"@type":"ImageObject","inLanguage":"de","@id":"https:\/\/www.salzburgerland.com\/de\/magazin\/mohrs-gitarre\/#primaryimage","url":"https:\/\/www.salzburgerland.com\/de\/magazin\/wp-content\/uploads\/2018\/10\/StNM_Gitarre_Mohr.jpg","contentUrl":"https:\/\/www.salzburgerland.com\/de\/magazin\/wp-content\/uploads\/2018\/10\/StNM_Gitarre_Mohr.jpg","width":1600,"height":1135,"caption":"Eine Akustikgitarre im Vintage-Stil mit Holzkorpus und dekorativen Verzierungen auf schwarzem Hintergrund."},{"@type":"BreadcrumbList","@id":"https:\/\/www.salzburgerland.com\/de\/magazin\/mohrs-gitarre\/#breadcrumb","itemListElement":[{"@type":"ListItem","position":1,"name":"Startseite","item":"https:\/\/www.salzburgerland.com\/de\/magazin\/"},{"@type":"ListItem","position":2,"name":"Kunst &amp; Kultur","item":"https:\/\/www.salzburgerland.com\/de\/magazin\/thema\/kunst-kultur\/"},{"@type":"ListItem","position":3,"name":"Mohrs Gitarre"}]},{"@type":"WebSite","@id":"https:\/\/www.salzburgerland.com\/de\/magazin\/#website","url":"https:\/\/www.salzburgerland.com\/de\/magazin\/","name":"SalzburgerLand Magazin","description":"Geschichten und Interessantes aus dem SalzburgerLand","publisher":{"@id":"https:\/\/www.salzburgerland.com\/de\/magazin\/#organization"},"potentialAction":[{"@type":"SearchAction","target":{"@type":"EntryPoint","urlTemplate":"https:\/\/www.salzburgerland.com\/de\/magazin\/?s={search_term_string}"},"query-input":{"@type":"PropertyValueSpecification","valueRequired":true,"valueName":"search_term_string"}}],"inLanguage":"de"},{"@type":"Organization","@id":"https:\/\/www.salzburgerland.com\/de\/magazin\/#organization","name":"SalzburgerLand Tourismus","url":"https:\/\/www.salzburgerland.com\/de\/magazin\/","logo":{"@type":"ImageObject","inLanguage":"de","@id":"https:\/\/www.salzburgerland.com\/de\/magazin\/#\/schema\/logo\/image\/","url":"https:\/\/www.salzburgerland.com\/de\/magazin\/wp-content\/uploads\/2019\/06\/salzburgerland-logo1.jpg","contentUrl":"https:\/\/www.salzburgerland.com\/de\/magazin\/wp-content\/uploads\/2019\/06\/salzburgerland-logo1.jpg","width":2011,"height":866,"caption":"SalzburgerLand Tourismus"},"image":{"@id":"https:\/\/www.salzburgerland.com\/de\/magazin\/#\/schema\/logo\/image\/"},"sameAs":["https:\/\/www.facebook.com\/salzburgerland\/","https:\/\/x.com\/Salzburgerland","https:\/\/www.instagram.com\/salzburgerland\/","https:\/\/at.linkedin.com\/company\/salzburgerland-tourismus-gmbh","https:\/\/www.pinterest.at\/salzburgerland\/","https:\/\/www.youtube.com\/user\/salzburgerland","https:\/\/de.wikipedia.org\/wiki\/SalzburgerLand_Tourismus_GmbH"]},{"@type":"Person","@id":"https:\/\/www.salzburgerland.com\/de\/magazin\/#\/schema\/person\/ebd2c9f244aeea71e30f3b5d5e309de4","name":"Peter Zeitlhofer","description":"'Von Neugier getrieben' - diese Worte kommen Peter Zeitlhofer wohl schon ziemlich nahe. Egal ob am Segelboot, im Tiefschnee, unterwegs in Stadt und Land, oder auf einer seinen vielen Reisen - er ist immer auf der Suche nach Neuem, nach dem Besonderen, probiert so ziemlich alles aus und liebt es, dar\u00fcber zu reden und zu berichten. Womit man auch schon fast bei seiner zweiten Leidenschaft w\u00e4re - dem Schreiben. Immer und \u00fcberall ausgestattet\u00a0mit seinem Notebook, hat der Salzburger, mit Wurzeln am Attersee, sein Office\u00a0im wahrsten Sinne des Wortes unterm Arm und k\u00f6nnte sich nichts besseres vorstellen, als die Geschichten dort zu erz\u00e4hlen, wo sie passieren. Fr\u00fchling, Sommer, Herbst oder Winter? Als Mensch der Extreme, mag ich auch bei den Jahreszeiten den Sommer und den Winter am liebsten. Obwohl nat\u00fcrlich auch der Fr\u00fchling seine Reize hat. Aber der Herbst? Rindsroulade vom Pinzgauer Biorind oder Saibling fangfrisch aus dem Fuschlsee? Immer diese Entscheidungen! Kann ich auch beides haben? Mundharmonika oder Stradivari? Weder noch - als Gitarrist k\u00f6nnte ich mit beiden Instrumenten nichts anfangen. Lederhose oder Smoking? Eindeutig Lederhose, die bei mir mittlerweile sogar den Einzug in den sommerlichen Alltag gefunden hat. Und der LederhosnDonnerstag ist \u00a0ohnehin Pflicht. Alpinski, Offpist oder Skitour? Hauptsache rauf auf den Berg! Was dann tats\u00e4chlich auf dem Programm steht ist zweitrangig. Nur so viel: wenn der Schnee passt, dann h\u00e4lt mich nichts oder niemand auf der Piste. Bergtour oder Seentour? F\u00fcr mich gibt es im Sommer nichts Sch\u00f6neres, als mit dem Segelboot auf unseren herrlichen Seen unterwegs zu sein. Also wenn ich die Wahl habe, dann nehme ich im Sommer die Berge h\u00f6chstens als Kulisse. Haubenlokal oder Ab-Hof-Laden? Auch hier nehme ich von beidem ein bisschen. Aber bei der Oma schmeckt's dann doch am besten.","url":"https:\/\/www.salzburgerland.com\/de\/magazin\/author\/peter-zeitlhofer\/"}]}},"_wl_alt_label":[],"wl:entity_url":"http:\/\/open.salzburgerland.com\/magazin\/post\/mohrs_gitarre","_links":{"self":[{"href":"https:\/\/www.salzburgerland.com\/de\/magazin\/wp-json\/wp\/v2\/posts\/126746","targetHints":{"allow":["GET"]}}],"collection":[{"href":"https:\/\/www.salzburgerland.com\/de\/magazin\/wp-json\/wp\/v2\/posts"}],"about":[{"href":"https:\/\/www.salzburgerland.com\/de\/magazin\/wp-json\/wp\/v2\/types\/post"}],"author":[{"embeddable":true,"href":"https:\/\/www.salzburgerland.com\/de\/magazin\/wp-json\/wp\/v2\/users\/505"}],"replies":[{"embeddable":true,"href":"https:\/\/www.salzburgerland.com\/de\/magazin\/wp-json\/wp\/v2\/comments?post=126746"}],"version-history":[{"count":0,"href":"https:\/\/www.salzburgerland.com\/de\/magazin\/wp-json\/wp\/v2\/posts\/126746\/revisions"}],"wp:featuredmedia":[{"embeddable":true,"href":"https:\/\/www.salzburgerland.com\/de\/magazin\/wp-json\/wp\/v2\/media\/126747"}],"wp:attachment":[{"href":"https:\/\/www.salzburgerland.com\/de\/magazin\/wp-json\/wp\/v2\/media?parent=126746"}],"wp:term":[{"taxonomy":"category","embeddable":true,"href":"https:\/\/www.salzburgerland.com\/de\/magazin\/wp-json\/wp\/v2\/categories?post=126746"},{"taxonomy":"post_tag","embeddable":true,"href":"https:\/\/www.salzburgerland.com\/de\/magazin\/wp-json\/wp\/v2\/tags?post=126746"},{"taxonomy":"wl_entity_type","embeddable":true,"href":"https:\/\/www.salzburgerland.com\/de\/magazin\/wp-json\/wp\/v2\/wl_entity_type?post=126746"},{"taxonomy":"monatsauswahl","embeddable":true,"href":"https:\/\/www.salzburgerland.com\/de\/magazin\/wp-json\/wp\/v2\/monatsauswahl?post=126746"}],"curies":[{"name":"wp","href":"https:\/\/api.w.org\/{rel}","templated":true}]}}