{"id":126481,"date":"2022-10-27T08:00:00","date_gmt":"2022-10-27T06:00:00","guid":{"rendered":"https:\/\/www.salzburgerland.com\/de\/magazin\/?p=126481"},"modified":"2025-11-11T14:28:19","modified_gmt":"2025-11-11T13:28:19","slug":"advent-tipps-fuer-den-pinzgau","status":"publish","type":"post","link":"https:\/\/www.salzburgerland.com\/de\/magazin\/advent-tipps-fuer-den-pinzgau\/","title":{"rendered":"Advent-Tipps f\u00fcr den Pinzgau"},"content":{"rendered":"\n<h2 class=\"wp-block-slt-subtitle\">Von Angl\u00f6cklern und Tresterern<\/h2>\n\n\n\n<p class=\"wp-block-slt-intro\">In den Salzburger Gebirgsgauen wird Weihnachten noch richtig traditionell nach altem Brauchtum gefeiert \u2013 von den Angl\u00f6cklern \u00fcber die Tresterer bis hin zum \u201eRauchen gehen\u201c werden \u00dcberlieferungen fortgef\u00fchrt. Inszenierung braucht es hier nicht, umso faszinierender sind die geselligen Veranstaltungen, die daraus hervorgegangen sind und die bereits den Advent zu einer ganz besonderen Zeit machen.<\/p>\n\n\n\n<h2 class=\"wp-block-heading\" id=\"h-advent-am-rathausplatz-in-saalfelden\">Advent am Rathausplatz in Saalfelden<\/h2>\n\n\n\n<p>Unsere Reise durch den Pinzgauer Advent beginnt in Saalfelden. Am zentralen <a href=\"https:\/\/www.saalfelden-leogang.com\/de\/news-events\/events\/christkindlmarkt-am-rathausplatz_event_9000101\" target=\"_blank\" rel=\"noreferrer noopener\">Rathausplatz<\/a>, wundersch\u00f6n gelegen am Fu\u00dfe der Pfarrkirche, \u00f6ffnen die St\u00e4nde nur an den Wochenenden im Advent, jeweils von Freitag bis Sonntag. Die Besucher sch\u00e4tzen genau diese Authentizit\u00e4t und genie\u00dfen die erlesenen Tage umso mehr. Bei einem Christkindl-Briefkasten k\u00f6nnen Kinder ihre W\u00fcnsche ans Christkind aufgeben. Ein t\u00e4glich wechselndes Rahmenprogramm macht jeden Tag dort einzigartig. Saalfelden gilt ob seiner kompakten Struktur als beliebte Einkaufsstadt, weshalb sich die vorweihnachtliche Besinnlichkeit besonders gut eignet, um einer inspirierten Shoppingtour eine gem\u00fctliche Note zu verpassen. <\/p>\n\n\n<div class=\"mag-gallery\"><div class=\"row\"><div class=\"col-6 col-sm-4\"><figure><a class=\"thumb-container\" href=\"https:\/\/www.salzburgerland.com\/de\/magazin\/wp-content\/uploads\/2019\/12\/adventmarkt_saalfelden_rathausplatz-1280x1024.jpeg\">\t<picture><source media=\"(min-width: 576px)\" srcset=\"https:\/\/www.salzburgerland.com\/de\/magazin\/wp-content\/uploads\/2019\/12\/adventmarkt_saalfelden_rathausplatz-325x209.jpeg 325w, https:\/\/www.salzburgerland.com\/de\/magazin\/wp-content\/uploads\/2019\/12\/adventmarkt_saalfelden_rathausplatz-249x160.jpeg 249w\"><\/source><source media=\"(min-width: 0)\" srcset=\"https:\/\/www.salzburgerland.com\/de\/magazin\/wp-content\/uploads\/2019\/12\/adventmarkt_saalfelden_rathausplatz-249x160.jpeg 249w, https:\/\/www.salzburgerland.com\/de\/magazin\/wp-content\/uploads\/2019\/12\/adventmarkt_saalfelden_rathausplatz-325x209.jpeg 325w\"><\/source><img decoding=\"async\" alt=\"Belebter Weihnachtsmarkt bei Nacht mit Lichtern, verschneiten D&auml;chern und einem gro&szlig;en Baum - Advent Tipps Pinzgau 2021.\" src=\"https:\/\/www.salzburgerland.com\/de\/magazin\/wp-content\/uploads\/2019\/12\/adventmarkt_saalfelden_rathausplatz.jpeg\">\t<\/picture><figcaption>Tolle Kulisse am zentralen Rathausplatz<\/figcaption><\/a><\/figure><\/div><div class=\"col-6 col-sm-4\"><figure><a class=\"thumb-container\" href=\"https:\/\/www.salzburgerland.com\/de\/magazin\/wp-content\/uploads\/2019\/12\/weihnachtsmarkt-saalfelden-1280x1024.jpg\">\t<picture><source media=\"(min-width: 576px)\" srcset=\"https:\/\/www.salzburgerland.com\/de\/magazin\/wp-content\/uploads\/2019\/12\/weihnachtsmarkt-saalfelden-325x209.jpg 325w, https:\/\/www.salzburgerland.com\/de\/magazin\/wp-content\/uploads\/2019\/12\/weihnachtsmarkt-saalfelden-249x160.jpg 249w\"><\/source><source media=\"(min-width: 0)\" srcset=\"https:\/\/www.salzburgerland.com\/de\/magazin\/wp-content\/uploads\/2019\/12\/weihnachtsmarkt-saalfelden-249x160.jpg 249w, https:\/\/www.salzburgerland.com\/de\/magazin\/wp-content\/uploads\/2019\/12\/weihnachtsmarkt-saalfelden-325x209.jpg 325w\"><\/source><img decoding=\"async\" alt=\"Die Menschen genie&szlig;en einen festlichen Markt unter freiem Himmel bei Nacht mit Schnee und Lichtern - Ihre Advent Tipps Pinzgau 2021.\" src=\"https:\/\/www.salzburgerland.com\/de\/magazin\/wp-content\/uploads\/2019\/12\/weihnachtsmarkt-saalfelden-scaled.jpg\">\t<\/picture><figcaption>Weihnachtlicher Lichterglanz in Saalfelden<\/figcaption><\/a><\/figure><\/div><div class=\"col-6 col-sm-4\"><figure><a class=\"thumb-container\" href=\"https:\/\/www.salzburgerland.com\/de\/magazin\/wp-content\/uploads\/2019\/12\/weihnachtsmarkt-rathausplatz-1280x1024.jpg\">\t<picture><source media=\"(min-width: 576px)\" srcset=\"https:\/\/www.salzburgerland.com\/de\/magazin\/wp-content\/uploads\/2019\/12\/weihnachtsmarkt-rathausplatz-325x209.jpg 325w, https:\/\/www.salzburgerland.com\/de\/magazin\/wp-content\/uploads\/2019\/12\/weihnachtsmarkt-rathausplatz-249x160.jpg 249w\"><\/source><source media=\"(min-width: 0)\" srcset=\"https:\/\/www.salzburgerland.com\/de\/magazin\/wp-content\/uploads\/2019\/12\/weihnachtsmarkt-rathausplatz-249x160.jpg 249w, https:\/\/www.salzburgerland.com\/de\/magazin\/wp-content\/uploads\/2019\/12\/weihnachtsmarkt-rathausplatz-325x209.jpg 325w\"><\/source><img decoding=\"async\" alt=\"Nachts schneit es auf einem festlichen Weihnachtsmarkt - finden Sie Adventtipps Pinzgau 2021 im Lichterglanz.\" src=\"https:\/\/www.salzburgerland.com\/de\/magazin\/wp-content\/uploads\/2019\/12\/weihnachtsmarkt-rathausplatz-scaled.jpg\">\t<\/picture><figcaption>Schnee als i-T&uuml;pfelchen f&uuml;r Romantiker<\/figcaption><\/a><\/figure><\/div><\/div><figcaption> &copy; Saalfelden Leogang Touristik GmbH <\/figcaption><\/div>\n\n\n\n<h2 class=\"wp-block-heading\" id=\"h-advent-am-hochkonig\">Advent am Hochk\u00f6nig<\/h2>\n\n\n\n<p>Die Region Hochk\u00f6nig entf\u00fchrt Besucher in eine Vorweihnachtswelt voller Bergromantik und traditionellem Brauchtum. In den Orten Maria Alm, Dienten und M\u00fchlbach am Hochk\u00f6nig erwartet euch ein Advent wie aus dem Bilderbuch: Adventm\u00e4rkte mit Gl\u00fchwein, heimischem Geb\u00e4ck und Handwerkskunst, stimmungsvolle Alphorn- und Weisenbl\u00e4ser-Auftritte sowie romantische Kutschen- und Fackelwanderungen durch verschneite Gassen. Besonders sch\u00f6n: In Maria Alm l\u00e4dt ein Lichterlabyrinth zur stillen Einkehr ein.&nbsp;<br><a href=\"https:\/\/www.hochkoenig.at\/de\/events-highlights\/veranstaltungen\/advent-in-den-salzburger-bergen.html\" target=\"_blank\" rel=\"noreferrer noopener\">Advent in der Region Hochk\u00f6nig | Weihnachtszauber erleben<\/a>&nbsp;<\/p>\n\n\n\n<h2 class=\"wp-block-heading\" id=\"h-mittersiller-nationalpark-adventmarkt\">Mittersiller Nationalpark Adventmarkt<\/h2>\n\n\n\n<p>Weiter geht\u2019s in den Oberpinzgau. Dessen zentrales St\u00e4dtchen Mittersill zaubert jedes Jahr die einzigartige Kulisse f\u00fcr den <a href=\"https:\/\/www.mittersill.info\/de\/angebot\/mittersiller-nationalpark-adventmarkt.html\" target=\"_blank\" rel=\"noreferrer noopener\">Nationalpark Adventmarkt.<\/a> Bekannt und beliebt ist dieser vor allem durch seine \u201eLebende Handwerkst\u00e4tte\u201c, wo Meister alten Handwerks und Kunstschaffende ihr K\u00f6nnen aufblitzen lassen und dabei nicht nur bestaunt werden k\u00f6nnen: Gro\u00df und Klein sind eingeladen, sich unter fachkundiger Anleitung selbst zu versuchen: im Korbbinden, Schnitzen und vielen weiteren Metiers, die nur wenige beherrschen \u2013 \u201esehen, begreifen und mitmachen\u201c ist dabei das Motto.<\/p>\n\n\n\n<p><strong>Unser Tipp:<\/strong> Wer die Behaglichkeit des Advents auch zu Hause f\u00fchlen m\u00f6chte, der sollte sich am Markt nach einem Paar <a href=\"https:\/\/www.salzburgerland.com\/de\/magazin\/echte-pinzgauer-doggln\/\" target=\"_blank\" rel=\"noreferrer noopener\">\u201eDockeln\u201c<\/a> umsehen. Diese Pinzgauer Hauspatschen aus Filz geh\u00f6ren zum Kachelofen-Feeling einfach dazu und sind als klassisches Upcycling-Erzeugnis zudem voll im Trend der Zeit.<\/p>\n\n\n\n<p>Ge\u00f6ffnet hat der Mittersiller Nationalpark Adventmarkt von 21. November bis 21. Dezember 2025 jeweils von Freitag bis Sonntag.<\/p>\n\n\n<div class=\"mag-gallery\"><div class=\"row\"><div class=\"col-6 col-sm-4\"><figure><a class=\"thumb-container\" href=\"https:\/\/www.salzburgerland.com\/de\/magazin\/wp-content\/uploads\/2021\/11\/nationalpark-advent-schoko-1280x1024.jpg\">\t<picture><source media=\"(min-width: 576px)\" srcset=\"https:\/\/www.salzburgerland.com\/de\/magazin\/wp-content\/uploads\/2021\/11\/nationalpark-advent-schoko-325x209.jpg 325w, https:\/\/www.salzburgerland.com\/de\/magazin\/wp-content\/uploads\/2021\/11\/nationalpark-advent-schoko-249x160.jpg 249w\"><\/source><source media=\"(min-width: 0)\" srcset=\"https:\/\/www.salzburgerland.com\/de\/magazin\/wp-content\/uploads\/2021\/11\/nationalpark-advent-schoko-249x160.jpg 249w, https:\/\/www.salzburgerland.com\/de\/magazin\/wp-content\/uploads\/2021\/11\/nationalpark-advent-schoko-325x209.jpg 325w\"><\/source><img decoding=\"async\" alt=\"Mit Schokolade &uuml;berzogene Fruchtspie&szlig;e mit wei&szlig;er Schokolade, entdeckt bei Advent Tipps Pinzgau 2021.\" src=\"https:\/\/www.salzburgerland.com\/de\/magazin\/wp-content\/uploads\/2021\/11\/nationalpark-advent-schoko-scaled.jpg\">\t<\/picture><\/a><\/figure><\/div><div class=\"col-6 col-sm-4\"><figure><a class=\"thumb-container\" href=\"https:\/\/www.salzburgerland.com\/de\/magazin\/wp-content\/uploads\/2021\/11\/nationalpark-advent-stand-1280x1024.jpg\">\t<picture><source media=\"(min-width: 576px)\" srcset=\"https:\/\/www.salzburgerland.com\/de\/magazin\/wp-content\/uploads\/2021\/11\/nationalpark-advent-stand-325x209.jpg 325w, https:\/\/www.salzburgerland.com\/de\/magazin\/wp-content\/uploads\/2021\/11\/nationalpark-advent-stand-249x160.jpg 249w\"><\/source><source media=\"(min-width: 0)\" srcset=\"https:\/\/www.salzburgerland.com\/de\/magazin\/wp-content\/uploads\/2021\/11\/nationalpark-advent-stand-249x160.jpg 249w, https:\/\/www.salzburgerland.com\/de\/magazin\/wp-content\/uploads\/2021\/11\/nationalpark-advent-stand-325x209.jpg 325w\"><\/source><img decoding=\"async\" alt=\"Vier l&auml;chelnde Frauen an einem festlichen Marktstand, die Adventtipps Pinzgau 2021 verteilen.\" src=\"https:\/\/www.salzburgerland.com\/de\/magazin\/wp-content\/uploads\/2021\/11\/nationalpark-advent-stand-scaled.jpg\">\t<\/picture><\/a><\/figure><\/div><div class=\"col-6 col-sm-4\"><figure><a class=\"thumb-container\" href=\"https:\/\/www.salzburgerland.com\/de\/magazin\/wp-content\/uploads\/2021\/11\/nationalpark-advent-zentrum-1280x1024.jpg\">\t<picture><source media=\"(min-width: 576px)\" srcset=\"https:\/\/www.salzburgerland.com\/de\/magazin\/wp-content\/uploads\/2021\/11\/nationalpark-advent-zentrum-325x209.jpg 325w, https:\/\/www.salzburgerland.com\/de\/magazin\/wp-content\/uploads\/2021\/11\/nationalpark-advent-zentrum-249x160.jpg 249w\"><\/source><source media=\"(min-width: 0)\" srcset=\"https:\/\/www.salzburgerland.com\/de\/magazin\/wp-content\/uploads\/2021\/11\/nationalpark-advent-zentrum-249x160.jpg 249w, https:\/\/www.salzburgerland.com\/de\/magazin\/wp-content\/uploads\/2021\/11\/nationalpark-advent-zentrum-325x209.jpg 325w\"><\/source><img decoding=\"async\" alt=\"Ein festlicher Weihnachtsmarkt unter freiem Himmel bei Nacht, beleuchtet von Lichterketten - ein Highlight der Advent Tipps Pinzgau 2021.\" src=\"https:\/\/www.salzburgerland.com\/de\/magazin\/wp-content\/uploads\/2021\/11\/nationalpark-advent-zentrum-scaled.jpg\">\t<\/picture><\/a><\/figure><\/div><\/div><figcaption> &copy; Eva Reifm&uuml;ller &#8211; zur Verf&uuml;gung gestellt von Mittersill Plus GmbH<\/figcaption><\/div>\n\n\n\n<h2 class=\"wp-block-heading\" id=\"h-zell-am-see-der-star-im-pinzgauer-advent\">Zell am See \u2013 der \u201eStar\u201c im Pinzgauer Advent<\/h2>\n\n\n\n<p>Ganz besonders praktisch und familienfreundlich ist der dritte Schauplatz dieser kleinen, adventlichen Pinzgau-Auswahl. Das Zentrum der Bezirkshauptstadt Zell am See, ohnehin an 365 Tagen im Jahr malerisch, ist in der Vorweihnachtszeit einen Besuch noch etwas mehr wert als sonst. Die namensgebenden Sterne funkeln im Wasser des Zeller Sees, besonders sch\u00f6n zu bestaunen vom Elisabethpark aus. Die Seepromenade verwandelt sich in eine paradiesische Romantikmeile, deren Lichter sich dem Ufer entlang im Wasser spiegeln.<\/p>\n\n\n\n<p>Hier finden Sie aktuelle Infos zum <a href=\"https:\/\/www.sternenadvent.at\/\" target=\"_blank\" rel=\"noreferrer noopener\">Sternenadvent in Zell am See<\/a><\/p>\n\n\n<div class=\"mag-gallery\"><div class=\"row\"><div class=\"col-6 col-sm-4\"><figure><a class=\"thumb-container\" href=\"https:\/\/www.salzburgerland.com\/de\/magazin\/wp-content\/uploads\/2018\/10\/Sternenadvent1-1-1280x1024.jpg\">\t<picture><source media=\"(min-width: 576px)\" srcset=\"https:\/\/www.salzburgerland.com\/de\/magazin\/wp-content\/uploads\/2018\/10\/Sternenadvent1-1-325x209.jpg 325w, https:\/\/www.salzburgerland.com\/de\/magazin\/wp-content\/uploads\/2018\/10\/Sternenadvent1-1-249x160.jpg 249w\"><\/source><source media=\"(min-width: 0)\" srcset=\"https:\/\/www.salzburgerland.com\/de\/magazin\/wp-content\/uploads\/2018\/10\/Sternenadvent1-1-249x160.jpg 249w, https:\/\/www.salzburgerland.com\/de\/magazin\/wp-content\/uploads\/2018\/10\/Sternenadvent1-1-325x209.jpg 325w\"><\/source><img decoding=\"async\" alt=\"Blick auf die St&auml;nde des Sternenadvents im Zentrum von Zell am See\" src=\"https:\/\/www.salzburgerland.com\/de\/magazin\/wp-content\/uploads\/2018\/10\/Sternenadvent1-1.jpg\">\t<\/picture><\/a><\/figure><\/div><div class=\"col-6 col-sm-4\"><figure><a class=\"thumb-container\" href=\"https:\/\/www.salzburgerland.com\/de\/magazin\/wp-content\/uploads\/2018\/10\/Sternenadvent2-1280x1024.jpg\">\t<picture><source media=\"(min-width: 576px)\" srcset=\"https:\/\/www.salzburgerland.com\/de\/magazin\/wp-content\/uploads\/2018\/10\/Sternenadvent2-325x209.jpg 325w, https:\/\/www.salzburgerland.com\/de\/magazin\/wp-content\/uploads\/2018\/10\/Sternenadvent2-249x160.jpg 249w\"><\/source><source media=\"(min-width: 0)\" srcset=\"https:\/\/www.salzburgerland.com\/de\/magazin\/wp-content\/uploads\/2018\/10\/Sternenadvent2-249x160.jpg 249w, https:\/\/www.salzburgerland.com\/de\/magazin\/wp-content\/uploads\/2018\/10\/Sternenadvent2-325x209.jpg 325w\"><\/source><img decoding=\"async\" alt=\"Der Sternenadvent spiegelt sich auch noch im Zeller See\" src=\"https:\/\/www.salzburgerland.com\/de\/magazin\/wp-content\/uploads\/2018\/10\/Sternenadvent2.jpg\">\t<\/picture><\/a><\/figure><\/div><\/div><figcaption> Fotos &copy;  Zell am See-Kaprun Tourismus GmbH<\/figcaption><\/div>\n\n\n\n<h2 class=\"wp-block-heading\" id=\"h-bergweihnacht-maria-kirchental\">Bergweihnacht Maria Kirchental<\/h2>\n\n\n\n<p>Eine ganz besondere Atmosph\u00e4re bietet der <a href=\"https:\/\/www.lofer.com\/de\/das-salzburger-saalachtal\/veranstaltungen\/bergweihnacht-maria-kirchental\" target=\"_blank\" rel=\"noreferrer noopener\">Adventmarkt in Maria Kirchental<\/a> vor der eindrucksvollen Kulisse der Wallfahrtskirche. Beliebt ist die Bergweihnacht vor allem bei Familien. Die kleinen Besucher k\u00f6nnen das Engerl Postamt besuchen und ihre W\u00fcnsche an das Christkind schreiben \u2013 da werden die Augen gro\u00df, denn ein Engerl nimmt die Briefe pers\u00f6nlich entgegen.<br>Die Bergweihnacht 2025 findet am 6. und 7. sowie 13. und 14. Dezember statt.<\/p>\n\n\n\n<figure class=\"wp-block-image size-full\"><img loading=\"lazy\" decoding=\"async\" width=\"1600\" height=\"1068\" src=\"https:\/\/www.salzburgerland.com\/de\/magazin\/wp-content\/uploads\/2018\/11\/Bergweihnacht_2017_16-KEINE.jpg\" alt=\"Verschneite Dorfszene in der Abendd\u00e4mmerung, Menschen versammeln sich an beleuchteten Weihnachtsb\u00e4umen, im Hintergrund leuchtet eine Kirche.\" class=\"wp-image-127366\" srcset=\"https:\/\/www.salzburgerland.com\/de\/magazin\/wp-content\/uploads\/2018\/11\/Bergweihnacht_2017_16-KEINE.jpg 1600w, https:\/\/www.salzburgerland.com\/de\/magazin\/wp-content\/uploads\/2018\/11\/Bergweihnacht_2017_16-KEINE-300x200.jpg 300w, https:\/\/www.salzburgerland.com\/de\/magazin\/wp-content\/uploads\/2018\/11\/Bergweihnacht_2017_16-KEINE-824x550.jpg 824w, https:\/\/www.salzburgerland.com\/de\/magazin\/wp-content\/uploads\/2018\/11\/Bergweihnacht_2017_16-KEINE-599x400.jpg 599w, https:\/\/www.salzburgerland.com\/de\/magazin\/wp-content\/uploads\/2018\/11\/Bergweihnacht_2017_16-KEINE-1320x881.jpg 1320w\" sizes=\"auto, (max-width: 1600px) 100vw, 1600px\" \/><figcaption class=\"wp-element-caption\">\u00a9Salzburger Saalachtal, Idyllisch und stimmungsvoll: die Bergweihnacht in Maria Kirchental<\/figcaption><\/figure>\n\n\n\n<h2 class=\"wp-block-heading\" id=\"h-advent-am-fort-kniepass\">Advent am Fort Kniepass<\/h2>\n\n\n\n<p>Von 18. bis 21. Dezember 2025 l\u00e4dt das <a href=\"https:\/\/www.salzburgerland.com\/de\/magazin\/fort-kniepass-das-ganzjaehrige-ausflugsziel\/\">Fort Kniepass<\/a> zu einem stimmungsvollen Adventmarkt zur Wintersonnenwende ein. Auf einem weihnachtlich beleuchteten Erlebnisweg spaziert ihr zur historischen Befestigungsanlage und taucht in eine Welt aus Licht, Feuer und winterlicher Atmosph\u00e4re ein. Der Markt bietet eine sorgf\u00e4ltig gew\u00e4hlte Auswahl regionaler Produkte &#8211; von handgemachten Kr\u00e4uterseifen \u00fcber R\u00e4ucherwerke bis hin zu Gl\u00fchwein- und Punschst\u00e4nden. Begleitend erwartet euch ein abwechslungsreiches Programm: Lesungen und Buchvorstellungen, musikalische Darbietungen, Kinderprogramm mit Krampus zum Anfassen sowie abendliche Erz\u00e4hlungen und Sagen rund um die Thomasnacht. Ein besonderes Highlight sind die traditionellen &#8222;Rach\u2019n-Gehen&#8220;- und Feuerbrenn-Aktivit\u00e4ten am Sonntag, welche die mystische Stimmung der Wintersonnenwende sp\u00fcrbar machen.<\/p>\n","protected":false},"excerpt":{"rendered":"<p>Advent am Rathausplatz in Saalfelden Unsere Reise durch den Pinzgauer Advent beginnt in Saalfelden. Am zentralen Rathausplatz, wundersch\u00f6n gelegen am Fu\u00dfe der Pfarrkirche, \u00f6ffnen die St\u00e4nde nur an den Wochenenden im Advent, jeweils von Freitag bis Sonntag. Die Besucher sch\u00e4tzen genau diese Authentizit\u00e4t und genie\u00dfen die erlesenen Tage umso mehr. Bei einem Christkindl-Briefkasten k\u00f6nnen Kinder [&hellip;]<\/p>\n","protected":false},"author":546,"featured_media":126714,"comment_status":"open","ping_status":"open","sticky":false,"template":"","format":"standard","meta":{"_acf_changed":false,"wl_entities_gutenberg":"","_wl_entity_redirect_enabled":"","footnotes":""},"categories":[6],"tags":[7230,7232,7231,7225],"wl_entity_type":[306],"monatsauswahl":[91,92,93],"class_list":["post-126481","post","type-post","status-publish","format-standard","has-post-thumbnail","hentry","category-kunst-kultur","tag-adventmarkt","tag-mittersill","tag-tipps","tag-weihnachtsmarkt","wl_entity_type-article","monatsauswahl-monat_10","monatsauswahl-monat_11","monatsauswahl-monat_12"],"acf":[],"yoast_head":"<!-- This site is optimized with the Yoast SEO Premium plugin v27.4 (Yoast SEO v27.4) - https:\/\/yoast.com\/product\/yoast-seo-premium-wordpress\/ -->\n<title>Advent-Tipps f\u00fcr den Pinzgau - SalzburgerLand Magazin<\/title>\n<meta name=\"description\" content=\"Besinnlich, authentisch, k\u00f6stlich: Das ist Advent in Salzburgs Bergen. Eine Reise durch die vorweihnachtlichen Hot-Spots des Pinzgaus.\" \/>\n<meta name=\"robots\" content=\"index, follow, max-snippet:-1, max-image-preview:large, max-video-preview:-1\" \/>\n<link rel=\"canonical\" href=\"https:\/\/www.salzburgerland.com\/de\/magazin\/advent-tipps-fuer-den-pinzgau\/\" \/>\n<meta property=\"og:locale\" content=\"de_DE\" \/>\n<meta property=\"og:type\" content=\"article\" \/>\n<meta property=\"og:title\" content=\"Advent-Tipps f\u00fcr den Pinzgau\" \/>\n<meta property=\"og:description\" content=\"Besinnlich, authentisch, k\u00f6stlich: Das ist Advent in Salzburgs Bergen. Eine Reise durch die vorweihnachtlichen Hot-Spots des Pinzgaus.\" \/>\n<meta property=\"og:url\" content=\"https:\/\/www.salzburgerland.com\/de\/magazin\/advent-tipps-fuer-den-pinzgau\/\" \/>\n<meta property=\"og:site_name\" content=\"SalzburgerLand Magazin\" \/>\n<meta property=\"article:publisher\" content=\"https:\/\/www.facebook.com\/salzburgerland\/\" \/>\n<meta property=\"article:published_time\" content=\"2022-10-27T06:00:00+00:00\" \/>\n<meta property=\"article:modified_time\" content=\"2025-11-11T13:28:19+00:00\" \/>\n<meta property=\"og:image\" content=\"https:\/\/www.salzburgerland.com\/de\/magazin\/wp-content\/uploads\/2018\/10\/Sternenadvent1.jpg\" \/>\n\t<meta property=\"og:image:width\" content=\"1600\" \/>\n\t<meta property=\"og:image:height\" content=\"921\" \/>\n\t<meta property=\"og:image:type\" content=\"image\/jpeg\" \/>\n<meta name=\"author\" content=\"Christoph Fazekas\" \/>\n<meta name=\"twitter:card\" content=\"summary_large_image\" \/>\n<meta name=\"twitter:creator\" content=\"@Salzburgerland\" \/>\n<meta name=\"twitter:site\" content=\"@Salzburgerland\" \/>\n<meta name=\"twitter:label1\" content=\"Verfasst von\" \/>\n\t<meta name=\"twitter:data1\" content=\"Christoph Fazekas\" \/>\n\t<meta name=\"twitter:label2\" content=\"Gesch\u00e4tzte Lesezeit\" \/>\n\t<meta name=\"twitter:data2\" content=\"6\u00a0Minuten\" \/>\n<script type=\"application\/ld+json\" class=\"yoast-schema-graph\">{\"@context\":\"https:\\\/\\\/schema.org\",\"@graph\":[{\"@type\":\"Article\",\"@id\":\"https:\\\/\\\/www.salzburgerland.com\\\/de\\\/magazin\\\/advent-tipps-fuer-den-pinzgau\\\/#article\",\"isPartOf\":{\"@id\":\"https:\\\/\\\/www.salzburgerland.com\\\/de\\\/magazin\\\/advent-tipps-fuer-den-pinzgau\\\/\"},\"author\":{\"name\":\"Christoph Fazekas\",\"@id\":\"https:\\\/\\\/www.salzburgerland.com\\\/de\\\/magazin\\\/#\\\/schema\\\/person\\\/57f31a0d6b66d3ec06e2b5f5c473ee82\"},\"headline\":\"Advent-Tipps f\u00fcr den Pinzgau\",\"datePublished\":\"2022-10-27T06:00:00+00:00\",\"dateModified\":\"2025-11-11T13:28:19+00:00\",\"mainEntityOfPage\":{\"@id\":\"https:\\\/\\\/www.salzburgerland.com\\\/de\\\/magazin\\\/advent-tipps-fuer-den-pinzgau\\\/\"},\"wordCount\":730,\"commentCount\":0,\"publisher\":{\"@id\":\"https:\\\/\\\/www.salzburgerland.com\\\/de\\\/magazin\\\/#organization\"},\"image\":{\"@id\":\"https:\\\/\\\/www.salzburgerland.com\\\/de\\\/magazin\\\/advent-tipps-fuer-den-pinzgau\\\/#primaryimage\"},\"thumbnailUrl\":\"https:\\\/\\\/www.salzburgerland.com\\\/de\\\/magazin\\\/wp-content\\\/uploads\\\/2018\\\/10\\\/Sternenadvent1.jpg\",\"keywords\":[\"Adventmarkt\",\"Mittersill\",\"Tipps\",\"Weihnachtsmarkt\"],\"articleSection\":[\"Kunst &amp; Kultur\"],\"inLanguage\":\"de\",\"potentialAction\":[{\"@type\":\"CommentAction\",\"name\":\"Comment\",\"target\":[\"https:\\\/\\\/www.salzburgerland.com\\\/de\\\/magazin\\\/advent-tipps-fuer-den-pinzgau\\\/#respond\"]}]},{\"@type\":\"WebPage\",\"@id\":\"https:\\\/\\\/www.salzburgerland.com\\\/de\\\/magazin\\\/advent-tipps-fuer-den-pinzgau\\\/\",\"url\":\"https:\\\/\\\/www.salzburgerland.com\\\/de\\\/magazin\\\/advent-tipps-fuer-den-pinzgau\\\/\",\"name\":\"Advent-Tipps f\u00fcr den Pinzgau - SalzburgerLand Magazin\",\"isPartOf\":{\"@id\":\"https:\\\/\\\/www.salzburgerland.com\\\/de\\\/magazin\\\/#website\"},\"primaryImageOfPage\":{\"@id\":\"https:\\\/\\\/www.salzburgerland.com\\\/de\\\/magazin\\\/advent-tipps-fuer-den-pinzgau\\\/#primaryimage\"},\"image\":{\"@id\":\"https:\\\/\\\/www.salzburgerland.com\\\/de\\\/magazin\\\/advent-tipps-fuer-den-pinzgau\\\/#primaryimage\"},\"thumbnailUrl\":\"https:\\\/\\\/www.salzburgerland.com\\\/de\\\/magazin\\\/wp-content\\\/uploads\\\/2018\\\/10\\\/Sternenadvent1.jpg\",\"datePublished\":\"2022-10-27T06:00:00+00:00\",\"dateModified\":\"2025-11-11T13:28:19+00:00\",\"description\":\"Besinnlich, authentisch, k\u00f6stlich: Das ist Advent in Salzburgs Bergen. Eine Reise durch die vorweihnachtlichen Hot-Spots des Pinzgaus.\",\"breadcrumb\":{\"@id\":\"https:\\\/\\\/www.salzburgerland.com\\\/de\\\/magazin\\\/advent-tipps-fuer-den-pinzgau\\\/#breadcrumb\"},\"inLanguage\":\"de\",\"potentialAction\":[{\"@type\":\"ReadAction\",\"target\":[\"https:\\\/\\\/www.salzburgerland.com\\\/de\\\/magazin\\\/advent-tipps-fuer-den-pinzgau\\\/\"]}]},{\"@type\":\"ImageObject\",\"inLanguage\":\"de\",\"@id\":\"https:\\\/\\\/www.salzburgerland.com\\\/de\\\/magazin\\\/advent-tipps-fuer-den-pinzgau\\\/#primaryimage\",\"url\":\"https:\\\/\\\/www.salzburgerland.com\\\/de\\\/magazin\\\/wp-content\\\/uploads\\\/2018\\\/10\\\/Sternenadvent1.jpg\",\"contentUrl\":\"https:\\\/\\\/www.salzburgerland.com\\\/de\\\/magazin\\\/wp-content\\\/uploads\\\/2018\\\/10\\\/Sternenadvent1.jpg\",\"width\":1600,\"height\":921,\"caption\":\"Sternenadvent in Zell am See\"},{\"@type\":\"BreadcrumbList\",\"@id\":\"https:\\\/\\\/www.salzburgerland.com\\\/de\\\/magazin\\\/advent-tipps-fuer-den-pinzgau\\\/#breadcrumb\",\"itemListElement\":[{\"@type\":\"ListItem\",\"position\":1,\"name\":\"Startseite\",\"item\":\"https:\\\/\\\/www.salzburgerland.com\\\/de\\\/magazin\\\/\"},{\"@type\":\"ListItem\",\"position\":2,\"name\":\"Kunst &amp; Kultur\",\"item\":\"https:\\\/\\\/www.salzburgerland.com\\\/de\\\/magazin\\\/thema\\\/kunst-kultur\\\/\"},{\"@type\":\"ListItem\",\"position\":3,\"name\":\"Advent-Tipps f\u00fcr den Pinzgau\"}]},{\"@type\":\"WebSite\",\"@id\":\"https:\\\/\\\/www.salzburgerland.com\\\/de\\\/magazin\\\/#website\",\"url\":\"https:\\\/\\\/www.salzburgerland.com\\\/de\\\/magazin\\\/\",\"name\":\"SalzburgerLand Magazin\",\"description\":\"Geschichten und Interessantes aus dem SalzburgerLand\",\"publisher\":{\"@id\":\"https:\\\/\\\/www.salzburgerland.com\\\/de\\\/magazin\\\/#organization\"},\"potentialAction\":[{\"@type\":\"SearchAction\",\"target\":{\"@type\":\"EntryPoint\",\"urlTemplate\":\"https:\\\/\\\/www.salzburgerland.com\\\/de\\\/magazin\\\/?s={search_term_string}\"},\"query-input\":{\"@type\":\"PropertyValueSpecification\",\"valueRequired\":true,\"valueName\":\"search_term_string\"}}],\"inLanguage\":\"de\"},{\"@type\":\"Organization\",\"@id\":\"https:\\\/\\\/www.salzburgerland.com\\\/de\\\/magazin\\\/#organization\",\"name\":\"SalzburgerLand Tourismus\",\"url\":\"https:\\\/\\\/www.salzburgerland.com\\\/de\\\/magazin\\\/\",\"logo\":{\"@type\":\"ImageObject\",\"inLanguage\":\"de\",\"@id\":\"https:\\\/\\\/www.salzburgerland.com\\\/de\\\/magazin\\\/#\\\/schema\\\/logo\\\/image\\\/\",\"url\":\"https:\\\/\\\/www.salzburgerland.com\\\/de\\\/magazin\\\/wp-content\\\/uploads\\\/2019\\\/06\\\/salzburgerland-logo1.jpg\",\"contentUrl\":\"https:\\\/\\\/www.salzburgerland.com\\\/de\\\/magazin\\\/wp-content\\\/uploads\\\/2019\\\/06\\\/salzburgerland-logo1.jpg\",\"width\":2011,\"height\":866,\"caption\":\"SalzburgerLand Tourismus\"},\"image\":{\"@id\":\"https:\\\/\\\/www.salzburgerland.com\\\/de\\\/magazin\\\/#\\\/schema\\\/logo\\\/image\\\/\"},\"sameAs\":[\"https:\\\/\\\/www.facebook.com\\\/salzburgerland\\\/\",\"https:\\\/\\\/x.com\\\/Salzburgerland\",\"https:\\\/\\\/www.instagram.com\\\/salzburgerland\\\/\",\"https:\\\/\\\/at.linkedin.com\\\/company\\\/salzburgerland-tourismus-gmbh\",\"https:\\\/\\\/www.pinterest.at\\\/salzburgerland\\\/\",\"https:\\\/\\\/www.youtube.com\\\/user\\\/salzburgerland\",\"https:\\\/\\\/de.wikipedia.org\\\/wiki\\\/SalzburgerLand_Tourismus_GmbH\"]},{\"@type\":\"Person\",\"@id\":\"https:\\\/\\\/www.salzburgerland.com\\\/de\\\/magazin\\\/#\\\/schema\\\/person\\\/57f31a0d6b66d3ec06e2b5f5c473ee82\",\"name\":\"Christoph Fazekas\",\"description\":\"Besonders f\u00fcr K\u00f6nig Fu\u00dfball bin ich weit gereist, auch um immer wieder festzustellen, dass es daheim im Salzburger Land am sch\u00f6nsten ist. Als gelernter Sportartikelverk\u00e4ufer war ich auch beruflich seit jeher nah dran am gro\u00dfartigen Freizeitangebot, das sich in unserer Region bietet. Inzwischen habe ich mit dem Studium der Kommunikationswissenschaft in Salzburg einen neuen Weg eingeschlagen, der zu mir passt. Unsere sch\u00f6ne Heimat f\u00fcr das \\\"SalzburgerLand Magazin\\\" in Szene zu setzen ist eine der reizvollsten Aufgaben, die sich daraus in der Praxis ergeben. Dein pers\u00f6nlicher Logenplatz im SalzburgerLand? Zell am See. Wundersch\u00f6ner See eingebettet in malerisches Panorama mit Blick aufs Kitzsteinhorn, weltgewandtes Kleinstadt-Ambiente und last bot not least: Geburtsstadt meiner Tochter. Dosiger oder Zuagroast? Dosiger. Fr\u00fchling, Sommer, Herbst oder Winter? Fr\u00fchling und Herbst. Die Monate angenehmer, mittlerer Temperaturen sind auch reich an echten Geheimtipps. Mozart oder Hubert von Goisern? Mozart. Rindsroulade vom Pinzgauer Biorind oder Saibling fangfrisch aus dem Fuschlsee? Ersteres, ein kulinarischer Lokalpatriot eben ;-) Luxushotel oder Almh\u00fctte? Den Luxus einer Almh\u00fctte zu erkennen, darum geht's doch ;-)\",\"sameAs\":[\"https:\\\/\\\/www.christext.com\"],\"url\":\"https:\\\/\\\/www.salzburgerland.com\\\/de\\\/magazin\\\/author\\\/christoph-dum\\\/\"}]}<\/script>\n<!-- \/ Yoast SEO Premium plugin. -->","yoast_head_json":{"title":"Advent-Tipps f\u00fcr den Pinzgau - SalzburgerLand Magazin","description":"Besinnlich, authentisch, k\u00f6stlich: Das ist Advent in Salzburgs Bergen. Eine Reise durch die vorweihnachtlichen Hot-Spots des Pinzgaus.","robots":{"index":"index","follow":"follow","max-snippet":"max-snippet:-1","max-image-preview":"max-image-preview:large","max-video-preview":"max-video-preview:-1"},"canonical":"https:\/\/www.salzburgerland.com\/de\/magazin\/advent-tipps-fuer-den-pinzgau\/","og_locale":"de_DE","og_type":"article","og_title":"Advent-Tipps f\u00fcr den Pinzgau","og_description":"Besinnlich, authentisch, k\u00f6stlich: Das ist Advent in Salzburgs Bergen. Eine Reise durch die vorweihnachtlichen Hot-Spots des Pinzgaus.","og_url":"https:\/\/www.salzburgerland.com\/de\/magazin\/advent-tipps-fuer-den-pinzgau\/","og_site_name":"SalzburgerLand Magazin","article_publisher":"https:\/\/www.facebook.com\/salzburgerland\/","article_published_time":"2022-10-27T06:00:00+00:00","article_modified_time":"2025-11-11T13:28:19+00:00","og_image":[{"width":1600,"height":921,"url":"https:\/\/www.salzburgerland.com\/de\/magazin\/wp-content\/uploads\/2018\/10\/Sternenadvent1.jpg","type":"image\/jpeg"}],"author":"Christoph Fazekas","twitter_card":"summary_large_image","twitter_creator":"@Salzburgerland","twitter_site":"@Salzburgerland","twitter_misc":{"Verfasst von":"Christoph Fazekas","Gesch\u00e4tzte Lesezeit":"6\u00a0Minuten"},"schema":{"@context":"https:\/\/schema.org","@graph":[{"@type":"Article","@id":"https:\/\/www.salzburgerland.com\/de\/magazin\/advent-tipps-fuer-den-pinzgau\/#article","isPartOf":{"@id":"https:\/\/www.salzburgerland.com\/de\/magazin\/advent-tipps-fuer-den-pinzgau\/"},"author":{"name":"Christoph Fazekas","@id":"https:\/\/www.salzburgerland.com\/de\/magazin\/#\/schema\/person\/57f31a0d6b66d3ec06e2b5f5c473ee82"},"headline":"Advent-Tipps f\u00fcr den Pinzgau","datePublished":"2022-10-27T06:00:00+00:00","dateModified":"2025-11-11T13:28:19+00:00","mainEntityOfPage":{"@id":"https:\/\/www.salzburgerland.com\/de\/magazin\/advent-tipps-fuer-den-pinzgau\/"},"wordCount":730,"commentCount":0,"publisher":{"@id":"https:\/\/www.salzburgerland.com\/de\/magazin\/#organization"},"image":{"@id":"https:\/\/www.salzburgerland.com\/de\/magazin\/advent-tipps-fuer-den-pinzgau\/#primaryimage"},"thumbnailUrl":"https:\/\/www.salzburgerland.com\/de\/magazin\/wp-content\/uploads\/2018\/10\/Sternenadvent1.jpg","keywords":["Adventmarkt","Mittersill","Tipps","Weihnachtsmarkt"],"articleSection":["Kunst &amp; Kultur"],"inLanguage":"de","potentialAction":[{"@type":"CommentAction","name":"Comment","target":["https:\/\/www.salzburgerland.com\/de\/magazin\/advent-tipps-fuer-den-pinzgau\/#respond"]}]},{"@type":"WebPage","@id":"https:\/\/www.salzburgerland.com\/de\/magazin\/advent-tipps-fuer-den-pinzgau\/","url":"https:\/\/www.salzburgerland.com\/de\/magazin\/advent-tipps-fuer-den-pinzgau\/","name":"Advent-Tipps f\u00fcr den Pinzgau - SalzburgerLand Magazin","isPartOf":{"@id":"https:\/\/www.salzburgerland.com\/de\/magazin\/#website"},"primaryImageOfPage":{"@id":"https:\/\/www.salzburgerland.com\/de\/magazin\/advent-tipps-fuer-den-pinzgau\/#primaryimage"},"image":{"@id":"https:\/\/www.salzburgerland.com\/de\/magazin\/advent-tipps-fuer-den-pinzgau\/#primaryimage"},"thumbnailUrl":"https:\/\/www.salzburgerland.com\/de\/magazin\/wp-content\/uploads\/2018\/10\/Sternenadvent1.jpg","datePublished":"2022-10-27T06:00:00+00:00","dateModified":"2025-11-11T13:28:19+00:00","description":"Besinnlich, authentisch, k\u00f6stlich: Das ist Advent in Salzburgs Bergen. Eine Reise durch die vorweihnachtlichen Hot-Spots des Pinzgaus.","breadcrumb":{"@id":"https:\/\/www.salzburgerland.com\/de\/magazin\/advent-tipps-fuer-den-pinzgau\/#breadcrumb"},"inLanguage":"de","potentialAction":[{"@type":"ReadAction","target":["https:\/\/www.salzburgerland.com\/de\/magazin\/advent-tipps-fuer-den-pinzgau\/"]}]},{"@type":"ImageObject","inLanguage":"de","@id":"https:\/\/www.salzburgerland.com\/de\/magazin\/advent-tipps-fuer-den-pinzgau\/#primaryimage","url":"https:\/\/www.salzburgerland.com\/de\/magazin\/wp-content\/uploads\/2018\/10\/Sternenadvent1.jpg","contentUrl":"https:\/\/www.salzburgerland.com\/de\/magazin\/wp-content\/uploads\/2018\/10\/Sternenadvent1.jpg","width":1600,"height":921,"caption":"Sternenadvent in Zell am See"},{"@type":"BreadcrumbList","@id":"https:\/\/www.salzburgerland.com\/de\/magazin\/advent-tipps-fuer-den-pinzgau\/#breadcrumb","itemListElement":[{"@type":"ListItem","position":1,"name":"Startseite","item":"https:\/\/www.salzburgerland.com\/de\/magazin\/"},{"@type":"ListItem","position":2,"name":"Kunst &amp; Kultur","item":"https:\/\/www.salzburgerland.com\/de\/magazin\/thema\/kunst-kultur\/"},{"@type":"ListItem","position":3,"name":"Advent-Tipps f\u00fcr den Pinzgau"}]},{"@type":"WebSite","@id":"https:\/\/www.salzburgerland.com\/de\/magazin\/#website","url":"https:\/\/www.salzburgerland.com\/de\/magazin\/","name":"SalzburgerLand Magazin","description":"Geschichten und Interessantes aus dem SalzburgerLand","publisher":{"@id":"https:\/\/www.salzburgerland.com\/de\/magazin\/#organization"},"potentialAction":[{"@type":"SearchAction","target":{"@type":"EntryPoint","urlTemplate":"https:\/\/www.salzburgerland.com\/de\/magazin\/?s={search_term_string}"},"query-input":{"@type":"PropertyValueSpecification","valueRequired":true,"valueName":"search_term_string"}}],"inLanguage":"de"},{"@type":"Organization","@id":"https:\/\/www.salzburgerland.com\/de\/magazin\/#organization","name":"SalzburgerLand Tourismus","url":"https:\/\/www.salzburgerland.com\/de\/magazin\/","logo":{"@type":"ImageObject","inLanguage":"de","@id":"https:\/\/www.salzburgerland.com\/de\/magazin\/#\/schema\/logo\/image\/","url":"https:\/\/www.salzburgerland.com\/de\/magazin\/wp-content\/uploads\/2019\/06\/salzburgerland-logo1.jpg","contentUrl":"https:\/\/www.salzburgerland.com\/de\/magazin\/wp-content\/uploads\/2019\/06\/salzburgerland-logo1.jpg","width":2011,"height":866,"caption":"SalzburgerLand Tourismus"},"image":{"@id":"https:\/\/www.salzburgerland.com\/de\/magazin\/#\/schema\/logo\/image\/"},"sameAs":["https:\/\/www.facebook.com\/salzburgerland\/","https:\/\/x.com\/Salzburgerland","https:\/\/www.instagram.com\/salzburgerland\/","https:\/\/at.linkedin.com\/company\/salzburgerland-tourismus-gmbh","https:\/\/www.pinterest.at\/salzburgerland\/","https:\/\/www.youtube.com\/user\/salzburgerland","https:\/\/de.wikipedia.org\/wiki\/SalzburgerLand_Tourismus_GmbH"]},{"@type":"Person","@id":"https:\/\/www.salzburgerland.com\/de\/magazin\/#\/schema\/person\/57f31a0d6b66d3ec06e2b5f5c473ee82","name":"Christoph Fazekas","description":"Besonders f\u00fcr K\u00f6nig Fu\u00dfball bin ich weit gereist, auch um immer wieder festzustellen, dass es daheim im Salzburger Land am sch\u00f6nsten ist. Als gelernter Sportartikelverk\u00e4ufer war ich auch beruflich seit jeher nah dran am gro\u00dfartigen Freizeitangebot, das sich in unserer Region bietet. Inzwischen habe ich mit dem Studium der Kommunikationswissenschaft in Salzburg einen neuen Weg eingeschlagen, der zu mir passt. Unsere sch\u00f6ne Heimat f\u00fcr das \"SalzburgerLand Magazin\" in Szene zu setzen ist eine der reizvollsten Aufgaben, die sich daraus in der Praxis ergeben. Dein pers\u00f6nlicher Logenplatz im SalzburgerLand? Zell am See. Wundersch\u00f6ner See eingebettet in malerisches Panorama mit Blick aufs Kitzsteinhorn, weltgewandtes Kleinstadt-Ambiente und last bot not least: Geburtsstadt meiner Tochter. Dosiger oder Zuagroast? Dosiger. Fr\u00fchling, Sommer, Herbst oder Winter? Fr\u00fchling und Herbst. Die Monate angenehmer, mittlerer Temperaturen sind auch reich an echten Geheimtipps. Mozart oder Hubert von Goisern? Mozart. Rindsroulade vom Pinzgauer Biorind oder Saibling fangfrisch aus dem Fuschlsee? Ersteres, ein kulinarischer Lokalpatriot eben ;-) Luxushotel oder Almh\u00fctte? Den Luxus einer Almh\u00fctte zu erkennen, darum geht's doch ;-)","sameAs":["https:\/\/www.christext.com"],"url":"https:\/\/www.salzburgerland.com\/de\/magazin\/author\/christoph-dum\/"}]}},"_wl_alt_label":[],"wl:entity_url":"http:\/\/open.salzburgerland.com\/magazin\/post\/die_top_3_advent-tipps_fuer_den_pinzgau","_links":{"self":[{"href":"https:\/\/www.salzburgerland.com\/de\/magazin\/wp-json\/wp\/v2\/posts\/126481","targetHints":{"allow":["GET"]}}],"collection":[{"href":"https:\/\/www.salzburgerland.com\/de\/magazin\/wp-json\/wp\/v2\/posts"}],"about":[{"href":"https:\/\/www.salzburgerland.com\/de\/magazin\/wp-json\/wp\/v2\/types\/post"}],"author":[{"embeddable":true,"href":"https:\/\/www.salzburgerland.com\/de\/magazin\/wp-json\/wp\/v2\/users\/546"}],"replies":[{"embeddable":true,"href":"https:\/\/www.salzburgerland.com\/de\/magazin\/wp-json\/wp\/v2\/comments?post=126481"}],"version-history":[{"count":11,"href":"https:\/\/www.salzburgerland.com\/de\/magazin\/wp-json\/wp\/v2\/posts\/126481\/revisions"}],"predecessor-version":[{"id":186924,"href":"https:\/\/www.salzburgerland.com\/de\/magazin\/wp-json\/wp\/v2\/posts\/126481\/revisions\/186924"}],"wp:featuredmedia":[{"embeddable":true,"href":"https:\/\/www.salzburgerland.com\/de\/magazin\/wp-json\/wp\/v2\/media\/126714"}],"wp:attachment":[{"href":"https:\/\/www.salzburgerland.com\/de\/magazin\/wp-json\/wp\/v2\/media?parent=126481"}],"wp:term":[{"taxonomy":"category","embeddable":true,"href":"https:\/\/www.salzburgerland.com\/de\/magazin\/wp-json\/wp\/v2\/categories?post=126481"},{"taxonomy":"post_tag","embeddable":true,"href":"https:\/\/www.salzburgerland.com\/de\/magazin\/wp-json\/wp\/v2\/tags?post=126481"},{"taxonomy":"wl_entity_type","embeddable":true,"href":"https:\/\/www.salzburgerland.com\/de\/magazin\/wp-json\/wp\/v2\/wl_entity_type?post=126481"},{"taxonomy":"monatsauswahl","embeddable":true,"href":"https:\/\/www.salzburgerland.com\/de\/magazin\/wp-json\/wp\/v2\/monatsauswahl?post=126481"}],"curies":[{"name":"wp","href":"https:\/\/api.w.org\/{rel}","templated":true}]}}