{"id":126474,"date":"2018-10-17T08:00:01","date_gmt":"2018-10-17T06:00:01","guid":{"rendered":"https:\/\/www.salzburgerland.com\/de\/magazin\/?p=126474"},"modified":"2019-06-26T18:26:30","modified_gmt":"2019-06-26T16:26:30","slug":"genuss-fuer-leib-und-seele-die-gruenegg-alm","status":"publish","type":"post","link":"https:\/\/www.salzburgerland.com\/de\/magazin\/genuss-fuer-leib-und-seele-die-gruenegg-alm\/","title":{"rendered":"Genuss f\u00fcr Leib und Seele: die Gr\u00fcnegg Alm"},"content":{"rendered":"<p><strong>Gutes, bodenst\u00e4ndiges Essen, eine Schaubrennerei mit preisgekr\u00f6ntem Schnaps, pr\u00e4mierte Minishetlandponys, eine wunderbare Wanderwelt im Sommer und eine z\u00fcnftige Rodelbahn im Winter, dazu noch ein denkmalgesch\u00fctztes Chalet zum \u00dcbernachten, eine alte M\u00fchle und ein Berghofmuseum \u2013 die <a href=\"http:\/\/www.gruenegg.at\/index.html\" target=\"_blank\" rel=\"noopener noreferrer\">Gr\u00fcnegg Alm in Dienten\u00a0<\/a>am wundersch\u00f6nen Hochk\u00f6nig ist ein ganzj\u00e4hriges Ausflugsziel f\u00fcr die ganze Familie, bei dem keine W\u00fcnsche offen bleiben. <\/strong><\/p>\n<p>Heini Rainer begr\u00fc\u00dft uns herzlich mit einem kr\u00e4ftigen H\u00e4ndedruck, als wir uns an einem der Tische im sch\u00f6nen Gastgarten der Gr\u00fcnegg Alm niederlassen. Wir sitzen unter einem alten Baum, vor uns liegt eine weite Wiese, dahinter erhebt sich der Hochk\u00f6nig in seiner ganzen Pracht. Beeindruckt von dieser fast unwirklichen Sch\u00f6nheit bleibt uns kurz der Mund offenstehen. Heini lacht. \u201eSch\u00f6n haben wir\u00b4s hier bei uns, gell?&#8220; Ja, wirklich sch\u00f6n ist&#8217;s hier. \u201eDort dr\u00fcben&#8220;, sagt Heini und deutet auf den Waldrand, nicht weit von uns, \u201eda kommen immer die Rehe raus. Die fressen hier auf der Wiese, das k\u00f6nnen wir oft beobachten.&#8220; Wir, das sind in diesem Fall Heini Rainer mit seiner Frau Birgit, seinem Sohn und seiner Tochter. Sohn Johannes ist fast so etwas wie eine Ber\u00fchmtheit \u2013 er ist \u00d6sterreichs j\u00fcngster Bundessieger im Schnapsbrennen. Mit nur 15 Jahren hat er diesen Titel geholt, das war 2014. Mittlerweile sind viele Auszeichnungen dazugekommen \u2013 die Rainers sind weit \u00fcber die Grenzen hinaus bekannt f\u00fcr ihren Schnaps. Ob Vogelbeer, Zirbe, Tannenwipferllik\u00f6r oder den hauseigenen Gin \u2013 den High King Gin \u2013, die Spezialit\u00e4ten der Rainers werden von Kennern hochgelobt. Seit 2018 wird an einer neuen, modernen Brennerei gebaut, die im Dezember 2018 feierlich er\u00f6ffnet wird. In der Schaubrennerei kann man Heini und Johannes Rainer dann \u00fcber die Schulter schauen und sich bei einer Schnapsverkostung selbst von der au\u00dfergew\u00f6hnlichen Qualit\u00e4t \u00fcberzeugen.\u00a0<\/p>\n<p><img loading=\"lazy\" decoding=\"async\" class=\"alignnone size-singlePost wp-image-126492\" src=\"https:\/\/www.salzburgerland.com\/de\/magazin\/wp-content\/uploads\/2018\/10\/Grunegg_SLT_knaro.at_6-650x435.jpg\" alt=\"\" width=\"650\" height=\"435\" \/><\/p>\n<h3>Preisgekr\u00f6nte Minishettys vor dem Haus\u00a0<\/h3>\n<p>Aber auch rund ums Haus gibt es einiges zu entdecken, zum Beispiel die Minishetlandponyzucht der Rainers. \u201eMeine Frau Birgit k\u00fcmmert sich haupts\u00e4chlich um die Ponys&#8220;, sagt Heini. Aus einem Pony, das die Rainers vor rund 18 Jahren gekauft haben, ist eine ganze Herde geworden. Die Miniponys werden in ganz Europa verkauft, die beiden Pr\u00e4miendeckhengste sind \u00e4u\u00dferst begehrt. Einer davon ist sogar \u00f6sterreichischer Bundeschampion. \u201eManche Minishettys verkaufen wir aber auch einfach an Liebhaber, oder als Therapiepferde f\u00fcr Kleinkinder. Unsere Ponys haben alle einen einwandfreien Charakter.&#8220;\u00a0<\/p>\n<p><img loading=\"lazy\" decoding=\"async\" class=\"alignnone size-singlePost wp-image-126488\" src=\"https:\/\/www.salzburgerland.com\/de\/magazin\/wp-content\/uploads\/2018\/10\/Grunegg_SLT_knaro.at_2-650x435.jpg\" alt=\"\" width=\"650\" height=\"435\" \/><\/p>\n<h3>Wanderfreuden im Sommer, Rodelspa\u00df im Winter<\/h3>\n<p>Es gibt so viel zu sehen auf der Gr\u00fcnegg Alm, dass wir uns w\u00fcnschen, wir h\u00e4tten mehr Zeit mitgebracht.\u00a0F\u00fcr Wanderfreunde bietet die Gr\u00fcnegg Alm, die auf 1.190 Metern Seeh\u00f6he liegt, beispielsweise einen idealen Ausgangspunkt f\u00fcr Wanderungen in die sch\u00f6ne Natur. Radfahrern steht eine Ebike-Tankstelle direkt am Hof zur Verf\u00fcgung. Und im Winter, da kommen die G\u00e4ste haupts\u00e4chlich zum Rodeln und zum Skitourengehen hier herauf, erz\u00e4hlt uns Heini. \u201eDirekt bei uns geht der Skitourenlehrpfad vorbei, der ist mit sieben Schautafeln toll ausgeschildert.&#8220; Skitourengeher k\u00f6nnen bei der Gr\u00fcnegg Alm parken und danach noch auf eine Jause oder ein Getr\u00e4nk einkehren \u2013 ge\u00f6ffnet ist fast das ganze Jahr \u00fcber. Ein besonderer Spa\u00df ist aber die Rodelbahn direkt bei der Gr\u00fcnegg Alm, die Heini selbst bestens pr\u00e4pariert. Auch die Rodeln kann man sich hier ausleihen.<\/p>\n<p><img loading=\"lazy\" decoding=\"async\" class=\"alignnone size-singlePost wp-image-126491\" src=\"https:\/\/www.salzburgerland.com\/de\/magazin\/wp-content\/uploads\/2018\/10\/Grunegg_SLT_knaro.at_5-650x435.jpg\" alt=\"\" width=\"650\" height=\"435\" \/><\/p>\n<h3>\u00dcbernachten in einem denkmalgesch\u00fctzten Bauernhaus<\/h3>\n<p>Wer nach einer lustigen Rodelpartie oder nach einer geselligen Schnapsverkostung nicht mehr nach Hause fahren m\u00f6chte, hat die M\u00f6glichkeit, im sch\u00f6nen Chalet zu \u00fcbernachten. 2018 haben die Rainers dem alten Bauernhaus, das unter Denkmalschutz steht, neues Leben eingehaucht und in ein Chalet umgebaut. \u201eJohannes hat das in die Hand genommen\u201c, erz\u00e4hlt Heini. \u201eWir haben das mit gro\u00dfer Sorgfalt restauriert, haben einen Wellnessbereich mit Zirbenholzsauna, Infrarotkabine und Au\u00dfen-Hotpot eingebaut. Wasser haben wir ja genug, wir haben eine eigene Quelle. Das ist sehr wichtig, daf\u00fcr sind wir sehr dankbar. Auf 120 Quadratmetern gibt es einen Wohn- und Essbereich, zwei B\u00e4der und zwei Schlafzimmer, es ist also gro\u00df genug f\u00fcr zwei bis acht Personen.\u201c Wir d\u00fcrfen uns das Chalet, das man ab sofort mieten kann, anschauen und stellen fest: Es ist bezaubernd und der Ausblick einfach traumhaft. Gleich neben dem Chalet pl\u00e4tschert die alte M\u00fchle der Rainers \u2013 ebenfalls ein Unikat. \u201eUnsere M\u00fchle ist die einzige funktionierende M\u00fchle im Hochk\u00f6nigraum, die wirklich noch Mehl mahlen kann\u201c, erkl\u00e4rt uns Heini. \u201eDa ist alles aus Holz, die ganzen Zahnradeln und so. Sowas sieht man heute gar nicht mehr, das muss man einfach erhalten.\u201c Im September gibt M\u00fcller Horst, ein M\u00fchlenbauingenieur, jeden Mittwoch M\u00fchlenvorf\u00fchrungen. Und wer m\u00f6chte, kann sich dann im unteren Stock noch das interessante Berghofmuseum anschauen. So viele M\u00f6glichkeiten, so viele sch\u00f6ne Dinge, die man hier tun kann. Wir setzen uns erst einmal auf die Hausbank und genie\u00dfen das Panorama: der Hochk\u00f6nig zu unserer Linken, vor uns pl\u00e4tschert die alte M\u00fchle, dahinter grasen die Minishettys. Wir lehnen uns zur\u00fcck \u2013 und genie\u00dfen.\u00a0<\/p>\n<div class=\"mag-gallery\"><div class=\"row\"><div class=\"col-6 col-sm-4\"><figure><a class=\"thumb-container\" href=\"https:\/\/www.salzburgerland.com\/de\/magazin\/wp-content\/uploads\/2018\/10\/Grunegg_SLT_knaro.at_1-1280x1024.jpg\">\t<picture><source media=\"(min-width: 576px)\" srcset=\"\" \/><source media=\"(min-width: 0)\" srcset=\"https:\/\/www.salzburgerland.com\/de\/magazin\/wp-content\/uploads\/2018\/10\/Grunegg_SLT_knaro.at_1.jpg 1066w, https:\/\/www.salzburgerland.com\/de\/magazin\/wp-content\/uploads\/2018\/10\/Grunegg_SLT_knaro.at_1-200x300.jpg 200w, https:\/\/www.salzburgerland.com\/de\/magazin\/wp-content\/uploads\/2018\/10\/Grunegg_SLT_knaro.at_1-366x550.jpg 366w, https:\/\/www.salzburgerland.com\/de\/magazin\/wp-content\/uploads\/2018\/10\/Grunegg_SLT_knaro.at_1-267x400.jpg 267w\" \/><img decoding=\"async\" alt=\"Ein Holzchalet mit Blumenk\u00e4sten vor der Kulisse hoher, schneebedeckter Berge.\" src=\"https:\/\/www.salzburgerland.com\/de\/magazin\/wp-content\/uploads\/2018\/10\/Grunegg_SLT_knaro.at_1.jpg\" \/>\t<\/picture><\/a><\/figure><\/div><div class=\"col-6 col-sm-4\"><figure><a class=\"thumb-container\" href=\"https:\/\/www.salzburgerland.com\/de\/magazin\/wp-content\/uploads\/2018\/10\/Grunegg_SLT_knaro.at_3-1280x1024.jpg\">\t<picture><source media=\"(min-width: 576px)\" srcset=\"https:\/\/www.salzburgerland.com\/de\/magazin\/wp-content\/uploads\/2018\/10\/Grunegg_SLT_knaro.at_3-325x209.jpg 325w, https:\/\/www.salzburgerland.com\/de\/magazin\/wp-content\/uploads\/2018\/10\/Grunegg_SLT_knaro.at_3-249x160.jpg 249w\" \/><source media=\"(min-width: 0)\" srcset=\"https:\/\/www.salzburgerland.com\/de\/magazin\/wp-content\/uploads\/2018\/10\/Grunegg_SLT_knaro.at_3-249x160.jpg 249w, https:\/\/www.salzburgerland.com\/de\/magazin\/wp-content\/uploads\/2018\/10\/Grunegg_SLT_knaro.at_3-325x209.jpg 325w\" \/><img decoding=\"async\" alt=\"Mehrere umgedrehte Schnapsflaschen mit Etiketten, aufgereiht hinter einer Bar in einer warmen, gem\u00fctlichen Umgebung.\" src=\"https:\/\/www.salzburgerland.com\/de\/magazin\/wp-content\/uploads\/2018\/10\/Grunegg_SLT_knaro.at_3.jpg\" \/>\t<\/picture><\/a><\/figure><\/div><div class=\"col-6 col-sm-4\"><figure><a class=\"thumb-container\" href=\"https:\/\/www.salzburgerland.com\/de\/magazin\/wp-content\/uploads\/2018\/10\/Grunegg_SLT_knaro.at_9-1280x1024.jpg\">\t<picture><source media=\"(min-width: 576px)\" srcset=\"https:\/\/www.salzburgerland.com\/de\/magazin\/wp-content\/uploads\/2018\/10\/Grunegg_SLT_knaro.at_9-325x209.jpg 325w, https:\/\/www.salzburgerland.com\/de\/magazin\/wp-content\/uploads\/2018\/10\/Grunegg_SLT_knaro.at_9-249x160.jpg 249w\" \/><source media=\"(min-width: 0)\" srcset=\"https:\/\/www.salzburgerland.com\/de\/magazin\/wp-content\/uploads\/2018\/10\/Grunegg_SLT_knaro.at_9-249x160.jpg 249w, https:\/\/www.salzburgerland.com\/de\/magazin\/wp-content\/uploads\/2018\/10\/Grunegg_SLT_knaro.at_9-325x209.jpg 325w\" \/><img decoding=\"async\" alt=\"\" src=\"https:\/\/www.salzburgerland.com\/de\/magazin\/wp-content\/uploads\/2018\/10\/Grunegg_SLT_knaro.at_9.jpg\" \/>\t<\/picture><\/a><\/figure><\/div><div class=\"col-6 col-sm-4\"><figure><a class=\"thumb-container\" href=\"https:\/\/www.salzburgerland.com\/de\/magazin\/wp-content\/uploads\/2018\/10\/Grunegg_SLT_knaro.at_4-1280x1024.jpg\">\t<picture><source media=\"(min-width: 576px)\" srcset=\"https:\/\/www.salzburgerland.com\/de\/magazin\/wp-content\/uploads\/2018\/10\/Grunegg_SLT_knaro.at_4-325x209.jpg 325w, https:\/\/www.salzburgerland.com\/de\/magazin\/wp-content\/uploads\/2018\/10\/Grunegg_SLT_knaro.at_4-249x160.jpg 249w\" \/><source media=\"(min-width: 0)\" srcset=\"https:\/\/www.salzburgerland.com\/de\/magazin\/wp-content\/uploads\/2018\/10\/Grunegg_SLT_knaro.at_4-249x160.jpg 249w, https:\/\/www.salzburgerland.com\/de\/magazin\/wp-content\/uploads\/2018\/10\/Grunegg_SLT_knaro.at_4-325x209.jpg 325w\" \/><img decoding=\"async\" alt=\"\" src=\"https:\/\/www.salzburgerland.com\/de\/magazin\/wp-content\/uploads\/2018\/10\/Grunegg_SLT_knaro.at_4.jpg\" \/>\t<\/picture><\/a><\/figure><\/div><div class=\"col-6 col-sm-4\"><figure><a class=\"thumb-container\" href=\"https:\/\/www.salzburgerland.com\/de\/magazin\/wp-content\/uploads\/2018\/10\/Grunegg_SLT_knaro.at_7-1280x1024.jpg\">\t<picture><source media=\"(min-width: 576px)\" srcset=\"https:\/\/www.salzburgerland.com\/de\/magazin\/wp-content\/uploads\/2018\/10\/Grunegg_SLT_knaro.at_7-325x209.jpg 325w, https:\/\/www.salzburgerland.com\/de\/magazin\/wp-content\/uploads\/2018\/10\/Grunegg_SLT_knaro.at_7-249x160.jpg 249w\" \/><source media=\"(min-width: 0)\" srcset=\"https:\/\/www.salzburgerland.com\/de\/magazin\/wp-content\/uploads\/2018\/10\/Grunegg_SLT_knaro.at_7-249x160.jpg 249w, https:\/\/www.salzburgerland.com\/de\/magazin\/wp-content\/uploads\/2018\/10\/Grunegg_SLT_knaro.at_7-325x209.jpg 325w\" \/><img decoding=\"async\" alt=\"\u00dcppig gr\u00fcne H\u00fcgel mit B\u00e4umen und fernen felsigen Bergen unter einem klaren blauen Himmel.\" src=\"https:\/\/www.salzburgerland.com\/de\/magazin\/wp-content\/uploads\/2018\/10\/Grunegg_SLT_knaro.at_7.jpg\" \/>\t<\/picture><\/a><\/figure><\/div><div class=\"col-6 col-sm-4\"><figure><a class=\"thumb-container\" href=\"https:\/\/www.salzburgerland.com\/de\/magazin\/wp-content\/uploads\/2018\/10\/Grunegg_SLT_knaro.at_8-1280x1024.jpg\">\t<picture><source media=\"(min-width: 576px)\" srcset=\"https:\/\/www.salzburgerland.com\/de\/magazin\/wp-content\/uploads\/2018\/10\/Grunegg_SLT_knaro.at_8-325x209.jpg 325w, https:\/\/www.salzburgerland.com\/de\/magazin\/wp-content\/uploads\/2018\/10\/Grunegg_SLT_knaro.at_8-249x160.jpg 249w\" \/><source media=\"(min-width: 0)\" srcset=\"https:\/\/www.salzburgerland.com\/de\/magazin\/wp-content\/uploads\/2018\/10\/Grunegg_SLT_knaro.at_8-249x160.jpg 249w, https:\/\/www.salzburgerland.com\/de\/magazin\/wp-content\/uploads\/2018\/10\/Grunegg_SLT_knaro.at_8-325x209.jpg 325w\" \/><img decoding=\"async\" alt=\"\" src=\"https:\/\/www.salzburgerland.com\/de\/magazin\/wp-content\/uploads\/2018\/10\/Grunegg_SLT_knaro.at_8.jpg\" \/>\t<\/picture><\/a><\/figure><\/div><\/div><\/div><figcaption><\/figcaption>\n<p><em>Fotocredits: \u00a9 knaro.at<\/em><\/p>\n<p>&nbsp;<\/p>\n<p>&nbsp;<\/p>\n","protected":false},"excerpt":{"rendered":"<p>Gutes, bodenst\u00e4ndiges Essen, eine Schaubrennerei mit preisgekr\u00f6ntem Schnaps, pr\u00e4mierte Minishetlandponys, eine wunderbare Wanderwelt im Sommer und eine z\u00fcnftige Rodelbahn im Winter, dazu noch ein denkmalgesch\u00fctztes Chalet zum \u00dcbernachten, eine alte M\u00fchle und ein Berghofmuseum \u2013 die Gr\u00fcnegg Alm in Dienten\u00a0am wundersch\u00f6nen Hochk\u00f6nig ist ein ganzj\u00e4hriges Ausflugsziel f\u00fcr die ganze Familie, bei dem keine W\u00fcnsche offen [&hellip;]<\/p>\n","protected":false},"author":333,"featured_media":126494,"comment_status":"open","ping_status":"open","sticky":false,"template":"","format":"standard","meta":{"_acf_changed":false,"wl_entities_gutenberg":"","_wl_entity_redirect_enabled":"","footnotes":""},"categories":[5],"tags":[],"wl_entity_type":[306],"monatsauswahl":[82,83,84,85,86,87,88,89,90,91,92,93],"class_list":["post-126474","post","type-post","status-publish","format-standard","has-post-thumbnail","hentry","category-hotel-reise","wl_entity_type-article","monatsauswahl-monat_1","monatsauswahl-monat_2","monatsauswahl-monat_3","monatsauswahl-monat_4","monatsauswahl-monat_5","monatsauswahl-monat_6","monatsauswahl-monat_7","monatsauswahl-monat_8","monatsauswahl-monat_9","monatsauswahl-monat_10","monatsauswahl-monat_11","monatsauswahl-monat_12"],"acf":[],"yoast_head":"<!-- This site is optimized with the Yoast SEO Premium plugin v27.4 (Yoast SEO v27.4) - https:\/\/yoast.com\/product\/yoast-seo-premium-wordpress\/ -->\n<title>Genuss f\u00fcr Leib und Seele: die Gr\u00fcnegg Alm - SalzburgerLand Magazin<\/title>\n<meta name=\"description\" content=\"Gutes, bodenst\u00e4ndiges Essen, eine Schaubrennerei mit preisgekr\u00f6ntem Schnaps, pr\u00e4mierte Minishetlandponys, eine wunderbare Wanderwelt im Sommer und eine z\u00fcnftige Rodelbahn im Winter, dazu noch ein denkmalgesch\u00fctztes Chalet zum \u00dcbernachten, eine alte M\u00fchle und ein Berghofmuseum \u2013 die Gr\u00fcnegg Alm in Dienten\u00a0am wundersch\u00f6nen Hochk\u00f6nig ist ein ganzj\u00e4hriges Ausflugsziel f\u00fcr die ganze Familie, bei dem keine W\u00fcnsche offen [&hellip;]\" \/>\n<meta name=\"robots\" content=\"index, follow, max-snippet:-1, max-image-preview:large, max-video-preview:-1\" \/>\n<link rel=\"canonical\" href=\"https:\/\/www.salzburgerland.com\/de\/magazin\/genuss-fuer-leib-und-seele-die-gruenegg-alm\/\" \/>\n<meta property=\"og:locale\" content=\"de_DE\" \/>\n<meta property=\"og:type\" content=\"article\" \/>\n<meta property=\"og:title\" content=\"Genuss f\u00fcr Leib und Seele: die Gr\u00fcnegg Alm\" \/>\n<meta property=\"og:description\" content=\"Gutes, bodenst\u00e4ndiges Essen, eine Schaubrennerei mit preisgekr\u00f6ntem Schnaps, pr\u00e4mierte Minishetlandponys, eine wunderbare Wanderwelt im Sommer und eine z\u00fcnftige Rodelbahn im Winter, dazu noch ein denkmalgesch\u00fctztes Chalet zum \u00dcbernachten, eine alte M\u00fchle und ein Berghofmuseum \u2013 die Gr\u00fcnegg Alm in Dienten\u00a0am wundersch\u00f6nen Hochk\u00f6nig ist ein ganzj\u00e4hriges Ausflugsziel f\u00fcr die ganze Familie, bei dem keine W\u00fcnsche offen [&hellip;]\" \/>\n<meta property=\"og:url\" content=\"https:\/\/www.salzburgerland.com\/de\/magazin\/genuss-fuer-leib-und-seele-die-gruenegg-alm\/\" \/>\n<meta property=\"og:site_name\" content=\"SalzburgerLand Magazin\" \/>\n<meta property=\"article:publisher\" content=\"https:\/\/www.facebook.com\/salzburgerland\/\" \/>\n<meta property=\"article:published_time\" content=\"2018-10-17T06:00:01+00:00\" \/>\n<meta property=\"article:modified_time\" content=\"2019-06-26T16:26:30+00:00\" \/>\n<meta property=\"og:image\" content=\"https:\/\/www.salzburgerland.com\/de\/magazin\/wp-content\/uploads\/2018\/10\/Grunegg_SLT_knaro.at_8.jpg\" \/>\n\t<meta property=\"og:image:width\" content=\"1600\" \/>\n\t<meta property=\"og:image:height\" content=\"1066\" \/>\n\t<meta property=\"og:image:type\" content=\"image\/jpeg\" \/>\n<meta name=\"author\" content=\"Christina Knauseder-Csipek\" \/>\n<meta name=\"twitter:card\" content=\"summary_large_image\" \/>\n<meta name=\"twitter:creator\" content=\"@Salzburgerland\" \/>\n<meta name=\"twitter:site\" content=\"@Salzburgerland\" \/>\n<meta name=\"twitter:label1\" content=\"Verfasst von\" \/>\n\t<meta name=\"twitter:data1\" content=\"Christina Knauseder-Csipek\" \/>\n\t<meta name=\"twitter:label2\" content=\"Gesch\u00e4tzte Lesezeit\" \/>\n\t<meta name=\"twitter:data2\" content=\"4\u00a0Minuten\" \/>\n<script type=\"application\/ld+json\" class=\"yoast-schema-graph\">{\"@context\":\"https:\\\/\\\/schema.org\",\"@graph\":[{\"@type\":\"Article\",\"@id\":\"https:\\\/\\\/www.salzburgerland.com\\\/de\\\/magazin\\\/genuss-fuer-leib-und-seele-die-gruenegg-alm\\\/#article\",\"isPartOf\":{\"@id\":\"https:\\\/\\\/www.salzburgerland.com\\\/de\\\/magazin\\\/genuss-fuer-leib-und-seele-die-gruenegg-alm\\\/\"},\"author\":{\"name\":\"Christina Knauseder-Csipek\",\"@id\":\"https:\\\/\\\/www.salzburgerland.com\\\/de\\\/magazin\\\/#\\\/schema\\\/person\\\/c8d118fb84adefa6fa30b3220457409a\"},\"headline\":\"Genuss f\u00fcr Leib und Seele: die Gr\u00fcnegg Alm\",\"datePublished\":\"2018-10-17T06:00:01+00:00\",\"dateModified\":\"2019-06-26T16:26:30+00:00\",\"mainEntityOfPage\":{\"@id\":\"https:\\\/\\\/www.salzburgerland.com\\\/de\\\/magazin\\\/genuss-fuer-leib-und-seele-die-gruenegg-alm\\\/\"},\"wordCount\":865,\"commentCount\":0,\"publisher\":{\"@id\":\"https:\\\/\\\/www.salzburgerland.com\\\/de\\\/magazin\\\/#organization\"},\"image\":{\"@id\":\"https:\\\/\\\/www.salzburgerland.com\\\/de\\\/magazin\\\/genuss-fuer-leib-und-seele-die-gruenegg-alm\\\/#primaryimage\"},\"thumbnailUrl\":\"https:\\\/\\\/www.salzburgerland.com\\\/de\\\/magazin\\\/wp-content\\\/uploads\\\/2018\\\/10\\\/Grunegg_SLT_knaro.at_8.jpg\",\"articleSection\":[\"Hotel &amp; Reise\"],\"inLanguage\":\"de\",\"potentialAction\":[{\"@type\":\"CommentAction\",\"name\":\"Comment\",\"target\":[\"https:\\\/\\\/www.salzburgerland.com\\\/de\\\/magazin\\\/genuss-fuer-leib-und-seele-die-gruenegg-alm\\\/#respond\"]}]},{\"@type\":\"WebPage\",\"@id\":\"https:\\\/\\\/www.salzburgerland.com\\\/de\\\/magazin\\\/genuss-fuer-leib-und-seele-die-gruenegg-alm\\\/\",\"url\":\"https:\\\/\\\/www.salzburgerland.com\\\/de\\\/magazin\\\/genuss-fuer-leib-und-seele-die-gruenegg-alm\\\/\",\"name\":\"Genuss f\u00fcr Leib und Seele: die Gr\u00fcnegg Alm - SalzburgerLand Magazin\",\"isPartOf\":{\"@id\":\"https:\\\/\\\/www.salzburgerland.com\\\/de\\\/magazin\\\/#website\"},\"primaryImageOfPage\":{\"@id\":\"https:\\\/\\\/www.salzburgerland.com\\\/de\\\/magazin\\\/genuss-fuer-leib-und-seele-die-gruenegg-alm\\\/#primaryimage\"},\"image\":{\"@id\":\"https:\\\/\\\/www.salzburgerland.com\\\/de\\\/magazin\\\/genuss-fuer-leib-und-seele-die-gruenegg-alm\\\/#primaryimage\"},\"thumbnailUrl\":\"https:\\\/\\\/www.salzburgerland.com\\\/de\\\/magazin\\\/wp-content\\\/uploads\\\/2018\\\/10\\\/Grunegg_SLT_knaro.at_8.jpg\",\"datePublished\":\"2018-10-17T06:00:01+00:00\",\"dateModified\":\"2019-06-26T16:26:30+00:00\",\"breadcrumb\":{\"@id\":\"https:\\\/\\\/www.salzburgerland.com\\\/de\\\/magazin\\\/genuss-fuer-leib-und-seele-die-gruenegg-alm\\\/#breadcrumb\"},\"inLanguage\":\"de\",\"potentialAction\":[{\"@type\":\"ReadAction\",\"target\":[\"https:\\\/\\\/www.salzburgerland.com\\\/de\\\/magazin\\\/genuss-fuer-leib-und-seele-die-gruenegg-alm\\\/\"]}]},{\"@type\":\"ImageObject\",\"inLanguage\":\"de\",\"@id\":\"https:\\\/\\\/www.salzburgerland.com\\\/de\\\/magazin\\\/genuss-fuer-leib-und-seele-die-gruenegg-alm\\\/#primaryimage\",\"url\":\"https:\\\/\\\/www.salzburgerland.com\\\/de\\\/magazin\\\/wp-content\\\/uploads\\\/2018\\\/10\\\/Grunegg_SLT_knaro.at_8.jpg\",\"contentUrl\":\"https:\\\/\\\/www.salzburgerland.com\\\/de\\\/magazin\\\/wp-content\\\/uploads\\\/2018\\\/10\\\/Grunegg_SLT_knaro.at_8.jpg\",\"width\":1600,\"height\":1066},{\"@type\":\"BreadcrumbList\",\"@id\":\"https:\\\/\\\/www.salzburgerland.com\\\/de\\\/magazin\\\/genuss-fuer-leib-und-seele-die-gruenegg-alm\\\/#breadcrumb\",\"itemListElement\":[{\"@type\":\"ListItem\",\"position\":1,\"name\":\"Startseite\",\"item\":\"https:\\\/\\\/www.salzburgerland.com\\\/de\\\/magazin\\\/\"},{\"@type\":\"ListItem\",\"position\":2,\"name\":\"Hotel &amp; Reise\",\"item\":\"https:\\\/\\\/www.salzburgerland.com\\\/de\\\/magazin\\\/thema\\\/hotel-reise\\\/\"},{\"@type\":\"ListItem\",\"position\":3,\"name\":\"Genuss f\u00fcr Leib und Seele: die Gr\u00fcnegg Alm\"}]},{\"@type\":\"WebSite\",\"@id\":\"https:\\\/\\\/www.salzburgerland.com\\\/de\\\/magazin\\\/#website\",\"url\":\"https:\\\/\\\/www.salzburgerland.com\\\/de\\\/magazin\\\/\",\"name\":\"SalzburgerLand Magazin\",\"description\":\"Geschichten und Interessantes aus dem SalzburgerLand\",\"publisher\":{\"@id\":\"https:\\\/\\\/www.salzburgerland.com\\\/de\\\/magazin\\\/#organization\"},\"potentialAction\":[{\"@type\":\"SearchAction\",\"target\":{\"@type\":\"EntryPoint\",\"urlTemplate\":\"https:\\\/\\\/www.salzburgerland.com\\\/de\\\/magazin\\\/?s={search_term_string}\"},\"query-input\":{\"@type\":\"PropertyValueSpecification\",\"valueRequired\":true,\"valueName\":\"search_term_string\"}}],\"inLanguage\":\"de\"},{\"@type\":\"Organization\",\"@id\":\"https:\\\/\\\/www.salzburgerland.com\\\/de\\\/magazin\\\/#organization\",\"name\":\"SalzburgerLand Tourismus\",\"url\":\"https:\\\/\\\/www.salzburgerland.com\\\/de\\\/magazin\\\/\",\"logo\":{\"@type\":\"ImageObject\",\"inLanguage\":\"de\",\"@id\":\"https:\\\/\\\/www.salzburgerland.com\\\/de\\\/magazin\\\/#\\\/schema\\\/logo\\\/image\\\/\",\"url\":\"https:\\\/\\\/www.salzburgerland.com\\\/de\\\/magazin\\\/wp-content\\\/uploads\\\/2019\\\/06\\\/salzburgerland-logo1.jpg\",\"contentUrl\":\"https:\\\/\\\/www.salzburgerland.com\\\/de\\\/magazin\\\/wp-content\\\/uploads\\\/2019\\\/06\\\/salzburgerland-logo1.jpg\",\"width\":2011,\"height\":866,\"caption\":\"SalzburgerLand Tourismus\"},\"image\":{\"@id\":\"https:\\\/\\\/www.salzburgerland.com\\\/de\\\/magazin\\\/#\\\/schema\\\/logo\\\/image\\\/\"},\"sameAs\":[\"https:\\\/\\\/www.facebook.com\\\/salzburgerland\\\/\",\"https:\\\/\\\/x.com\\\/Salzburgerland\",\"https:\\\/\\\/www.instagram.com\\\/salzburgerland\\\/\",\"https:\\\/\\\/at.linkedin.com\\\/company\\\/salzburgerland-tourismus-gmbh\",\"https:\\\/\\\/www.pinterest.at\\\/salzburgerland\\\/\",\"https:\\\/\\\/www.youtube.com\\\/user\\\/salzburgerland\",\"https:\\\/\\\/de.wikipedia.org\\\/wiki\\\/SalzburgerLand_Tourismus_GmbH\"]},{\"@type\":\"Person\",\"@id\":\"https:\\\/\\\/www.salzburgerland.com\\\/de\\\/magazin\\\/#\\\/schema\\\/person\\\/c8d118fb84adefa6fa30b3220457409a\",\"name\":\"Christina Knauseder-Csipek\",\"description\":\"Ob interessante Menschen, besondere Landstriche oder bedeutsame Orte: Geschichten von Land und Leuten liegen Christina als studierte Historikerin und Kommunikationswissenschaftlerin besonders am Herzen. In ihrer Freizeit ist sie am liebsten in der Natur unterwegs oder begibt sich mit einer Tasse Tee in der Hand in fremde (Buch-)Welten. Das SalzburgerLand hat die Redakteurin schon als Kind sch\u00e4tzen und lieben gelernt. Heute genie\u00dft sie dessen Sch\u00f6nheiten noch immer so oft wie m\u00f6glich, zieht ihre Kreise aber auch gerne mal etwas gr\u00f6\u00dfer. Freunde munkeln \u00fcber einen Schuss Zigeunerblut in ihren Adern. So tingelt sie am liebsten entweder mit dem Rucksack durch Asien oder mit dem alten VW-Bus quer durch Europa. Und \u00fcberall warten spannende Geschichten darauf, bemerkt und niedergeschrieben zu werden. Fr\u00fchling, Sommer, Herbst oder Winter? Als geb\u00fcrtiges \u201eHerbstkatzerl\u201c liegt mir diese Jahreszeit besonders am Herzen. So sehr ich auch Fr\u00fchling, Sommer und Winter genie\u00dfe, ein klarer, sonniger Herbsttag mit seiner opulenten Farbenpracht \u2013 das hat schon einen ganz besonderen Zauber. Luxushotel oder Almh\u00fctte? Klar lasse ich mich auch gerne mal in einem Luxushotel verw\u00f6hnen, alles andere w\u00e4re geschwindelt. Aber gegen ein bodenst\u00e4ndiges Reise-Erlebnis nah an der Natur, ob auf einer urigen Alm oder am spartanischen Campingplatz auf Korsika, tausche ich einen Luxus-Urlaub gerne ein. Jederzeit und immer wieder. Kr\u00e4utertee oder Zirbenschnaps? Ein Schnapserl in Ehren kann ich schwer verwehren, wobei auch da eher den selbstgemachten Nusschnaps vom Onkel als die Zirbe. Grunds\u00e4tzlich bin ich aber ein leidenschaftlicher Tee-Genie\u00dfer und fr\u00f6ne dieser Leidenschaft literweise. Ob Gr\u00fcntee, Kr\u00e4utertee oder ganz klassisch \u201eEarl Grey\u201c: Eine Tasse Tee ist f\u00fcr mich Entspannung und Antrieb gleicherma\u00dfen. Buch oder Film? Ich bin ein absoluter B\u00fccherwurm, von Kindesbeinen an. B\u00f6se Zungen behaupten, dieser Zeit (Lesen bei, naja, nicht immer optimalen Bedingungen) h\u00e4tte ich auch meine Fehlsichtigkeit zu verdanken. Ob \u201eDer Herr der Ringe\u201c oder \u201eGame of Thrones\u201c \u2013 vor allem in fantastischen Welten kann ich mich komplett verlieren. Guten Filmen bin ich trotzdem nicht abgeneigt, da haben es mir vor allem \u00f6sterreichische und d\u00e4nische Produktionen angetan. Meistens herrlich skurril und oft zum Br\u00fcllen komisch. Yoga oder Mountainbike Auch wenn ich\u00b4s mir fr\u00fcher nicht gedacht h\u00e4tte: Yoga ist wirklich eine geniale Sache. Das mehr auf Kraft ausgerichtete Ashtanga Yoga hat einen fixen Platz in meinem Wochenplan gefunden, obwohl meine eigentliche Leidenschaft den Pferden geh\u00f6rt. Grunds\u00e4tzlich bevorzuge ich sportliche Aktivit\u00e4ten unter freiem Himmel. Von Laufen bis hin zum Paragleiten ist da alles mit dabei.\",\"url\":\"https:\\\/\\\/www.salzburgerland.com\\\/de\\\/magazin\\\/author\\\/christina-knauseder-csipek\\\/\"}]}<\/script>\n<!-- \/ Yoast SEO Premium plugin. -->","yoast_head_json":{"title":"Genuss f\u00fcr Leib und Seele: die Gr\u00fcnegg Alm - SalzburgerLand Magazin","description":"Gutes, bodenst\u00e4ndiges Essen, eine Schaubrennerei mit preisgekr\u00f6ntem Schnaps, pr\u00e4mierte Minishetlandponys, eine wunderbare Wanderwelt im Sommer und eine z\u00fcnftige Rodelbahn im Winter, dazu noch ein denkmalgesch\u00fctztes Chalet zum \u00dcbernachten, eine alte M\u00fchle und ein Berghofmuseum \u2013 die Gr\u00fcnegg Alm in Dienten\u00a0am wundersch\u00f6nen Hochk\u00f6nig ist ein ganzj\u00e4hriges Ausflugsziel f\u00fcr die ganze Familie, bei dem keine W\u00fcnsche offen [&hellip;]","robots":{"index":"index","follow":"follow","max-snippet":"max-snippet:-1","max-image-preview":"max-image-preview:large","max-video-preview":"max-video-preview:-1"},"canonical":"https:\/\/www.salzburgerland.com\/de\/magazin\/genuss-fuer-leib-und-seele-die-gruenegg-alm\/","og_locale":"de_DE","og_type":"article","og_title":"Genuss f\u00fcr Leib und Seele: die Gr\u00fcnegg Alm","og_description":"Gutes, bodenst\u00e4ndiges Essen, eine Schaubrennerei mit preisgekr\u00f6ntem Schnaps, pr\u00e4mierte Minishetlandponys, eine wunderbare Wanderwelt im Sommer und eine z\u00fcnftige Rodelbahn im Winter, dazu noch ein denkmalgesch\u00fctztes Chalet zum \u00dcbernachten, eine alte M\u00fchle und ein Berghofmuseum \u2013 die Gr\u00fcnegg Alm in Dienten\u00a0am wundersch\u00f6nen Hochk\u00f6nig ist ein ganzj\u00e4hriges Ausflugsziel f\u00fcr die ganze Familie, bei dem keine W\u00fcnsche offen [&hellip;]","og_url":"https:\/\/www.salzburgerland.com\/de\/magazin\/genuss-fuer-leib-und-seele-die-gruenegg-alm\/","og_site_name":"SalzburgerLand Magazin","article_publisher":"https:\/\/www.facebook.com\/salzburgerland\/","article_published_time":"2018-10-17T06:00:01+00:00","article_modified_time":"2019-06-26T16:26:30+00:00","og_image":[{"width":1600,"height":1066,"url":"https:\/\/www.salzburgerland.com\/de\/magazin\/wp-content\/uploads\/2018\/10\/Grunegg_SLT_knaro.at_8.jpg","type":"image\/jpeg"}],"author":"Christina Knauseder-Csipek","twitter_card":"summary_large_image","twitter_creator":"@Salzburgerland","twitter_site":"@Salzburgerland","twitter_misc":{"Verfasst von":"Christina Knauseder-Csipek","Gesch\u00e4tzte Lesezeit":"4\u00a0Minuten"},"schema":{"@context":"https:\/\/schema.org","@graph":[{"@type":"Article","@id":"https:\/\/www.salzburgerland.com\/de\/magazin\/genuss-fuer-leib-und-seele-die-gruenegg-alm\/#article","isPartOf":{"@id":"https:\/\/www.salzburgerland.com\/de\/magazin\/genuss-fuer-leib-und-seele-die-gruenegg-alm\/"},"author":{"name":"Christina Knauseder-Csipek","@id":"https:\/\/www.salzburgerland.com\/de\/magazin\/#\/schema\/person\/c8d118fb84adefa6fa30b3220457409a"},"headline":"Genuss f\u00fcr Leib und Seele: die Gr\u00fcnegg Alm","datePublished":"2018-10-17T06:00:01+00:00","dateModified":"2019-06-26T16:26:30+00:00","mainEntityOfPage":{"@id":"https:\/\/www.salzburgerland.com\/de\/magazin\/genuss-fuer-leib-und-seele-die-gruenegg-alm\/"},"wordCount":865,"commentCount":0,"publisher":{"@id":"https:\/\/www.salzburgerland.com\/de\/magazin\/#organization"},"image":{"@id":"https:\/\/www.salzburgerland.com\/de\/magazin\/genuss-fuer-leib-und-seele-die-gruenegg-alm\/#primaryimage"},"thumbnailUrl":"https:\/\/www.salzburgerland.com\/de\/magazin\/wp-content\/uploads\/2018\/10\/Grunegg_SLT_knaro.at_8.jpg","articleSection":["Hotel &amp; Reise"],"inLanguage":"de","potentialAction":[{"@type":"CommentAction","name":"Comment","target":["https:\/\/www.salzburgerland.com\/de\/magazin\/genuss-fuer-leib-und-seele-die-gruenegg-alm\/#respond"]}]},{"@type":"WebPage","@id":"https:\/\/www.salzburgerland.com\/de\/magazin\/genuss-fuer-leib-und-seele-die-gruenegg-alm\/","url":"https:\/\/www.salzburgerland.com\/de\/magazin\/genuss-fuer-leib-und-seele-die-gruenegg-alm\/","name":"Genuss f\u00fcr Leib und Seele: die Gr\u00fcnegg Alm - SalzburgerLand Magazin","isPartOf":{"@id":"https:\/\/www.salzburgerland.com\/de\/magazin\/#website"},"primaryImageOfPage":{"@id":"https:\/\/www.salzburgerland.com\/de\/magazin\/genuss-fuer-leib-und-seele-die-gruenegg-alm\/#primaryimage"},"image":{"@id":"https:\/\/www.salzburgerland.com\/de\/magazin\/genuss-fuer-leib-und-seele-die-gruenegg-alm\/#primaryimage"},"thumbnailUrl":"https:\/\/www.salzburgerland.com\/de\/magazin\/wp-content\/uploads\/2018\/10\/Grunegg_SLT_knaro.at_8.jpg","datePublished":"2018-10-17T06:00:01+00:00","dateModified":"2019-06-26T16:26:30+00:00","breadcrumb":{"@id":"https:\/\/www.salzburgerland.com\/de\/magazin\/genuss-fuer-leib-und-seele-die-gruenegg-alm\/#breadcrumb"},"inLanguage":"de","potentialAction":[{"@type":"ReadAction","target":["https:\/\/www.salzburgerland.com\/de\/magazin\/genuss-fuer-leib-und-seele-die-gruenegg-alm\/"]}]},{"@type":"ImageObject","inLanguage":"de","@id":"https:\/\/www.salzburgerland.com\/de\/magazin\/genuss-fuer-leib-und-seele-die-gruenegg-alm\/#primaryimage","url":"https:\/\/www.salzburgerland.com\/de\/magazin\/wp-content\/uploads\/2018\/10\/Grunegg_SLT_knaro.at_8.jpg","contentUrl":"https:\/\/www.salzburgerland.com\/de\/magazin\/wp-content\/uploads\/2018\/10\/Grunegg_SLT_knaro.at_8.jpg","width":1600,"height":1066},{"@type":"BreadcrumbList","@id":"https:\/\/www.salzburgerland.com\/de\/magazin\/genuss-fuer-leib-und-seele-die-gruenegg-alm\/#breadcrumb","itemListElement":[{"@type":"ListItem","position":1,"name":"Startseite","item":"https:\/\/www.salzburgerland.com\/de\/magazin\/"},{"@type":"ListItem","position":2,"name":"Hotel &amp; Reise","item":"https:\/\/www.salzburgerland.com\/de\/magazin\/thema\/hotel-reise\/"},{"@type":"ListItem","position":3,"name":"Genuss f\u00fcr Leib und Seele: die Gr\u00fcnegg Alm"}]},{"@type":"WebSite","@id":"https:\/\/www.salzburgerland.com\/de\/magazin\/#website","url":"https:\/\/www.salzburgerland.com\/de\/magazin\/","name":"SalzburgerLand Magazin","description":"Geschichten und Interessantes aus dem SalzburgerLand","publisher":{"@id":"https:\/\/www.salzburgerland.com\/de\/magazin\/#organization"},"potentialAction":[{"@type":"SearchAction","target":{"@type":"EntryPoint","urlTemplate":"https:\/\/www.salzburgerland.com\/de\/magazin\/?s={search_term_string}"},"query-input":{"@type":"PropertyValueSpecification","valueRequired":true,"valueName":"search_term_string"}}],"inLanguage":"de"},{"@type":"Organization","@id":"https:\/\/www.salzburgerland.com\/de\/magazin\/#organization","name":"SalzburgerLand Tourismus","url":"https:\/\/www.salzburgerland.com\/de\/magazin\/","logo":{"@type":"ImageObject","inLanguage":"de","@id":"https:\/\/www.salzburgerland.com\/de\/magazin\/#\/schema\/logo\/image\/","url":"https:\/\/www.salzburgerland.com\/de\/magazin\/wp-content\/uploads\/2019\/06\/salzburgerland-logo1.jpg","contentUrl":"https:\/\/www.salzburgerland.com\/de\/magazin\/wp-content\/uploads\/2019\/06\/salzburgerland-logo1.jpg","width":2011,"height":866,"caption":"SalzburgerLand Tourismus"},"image":{"@id":"https:\/\/www.salzburgerland.com\/de\/magazin\/#\/schema\/logo\/image\/"},"sameAs":["https:\/\/www.facebook.com\/salzburgerland\/","https:\/\/x.com\/Salzburgerland","https:\/\/www.instagram.com\/salzburgerland\/","https:\/\/at.linkedin.com\/company\/salzburgerland-tourismus-gmbh","https:\/\/www.pinterest.at\/salzburgerland\/","https:\/\/www.youtube.com\/user\/salzburgerland","https:\/\/de.wikipedia.org\/wiki\/SalzburgerLand_Tourismus_GmbH"]},{"@type":"Person","@id":"https:\/\/www.salzburgerland.com\/de\/magazin\/#\/schema\/person\/c8d118fb84adefa6fa30b3220457409a","name":"Christina Knauseder-Csipek","description":"Ob interessante Menschen, besondere Landstriche oder bedeutsame Orte: Geschichten von Land und Leuten liegen Christina als studierte Historikerin und Kommunikationswissenschaftlerin besonders am Herzen. In ihrer Freizeit ist sie am liebsten in der Natur unterwegs oder begibt sich mit einer Tasse Tee in der Hand in fremde (Buch-)Welten. Das SalzburgerLand hat die Redakteurin schon als Kind sch\u00e4tzen und lieben gelernt. Heute genie\u00dft sie dessen Sch\u00f6nheiten noch immer so oft wie m\u00f6glich, zieht ihre Kreise aber auch gerne mal etwas gr\u00f6\u00dfer. Freunde munkeln \u00fcber einen Schuss Zigeunerblut in ihren Adern. So tingelt sie am liebsten entweder mit dem Rucksack durch Asien oder mit dem alten VW-Bus quer durch Europa. Und \u00fcberall warten spannende Geschichten darauf, bemerkt und niedergeschrieben zu werden. Fr\u00fchling, Sommer, Herbst oder Winter? Als geb\u00fcrtiges \u201eHerbstkatzerl\u201c liegt mir diese Jahreszeit besonders am Herzen. So sehr ich auch Fr\u00fchling, Sommer und Winter genie\u00dfe, ein klarer, sonniger Herbsttag mit seiner opulenten Farbenpracht \u2013 das hat schon einen ganz besonderen Zauber. Luxushotel oder Almh\u00fctte? Klar lasse ich mich auch gerne mal in einem Luxushotel verw\u00f6hnen, alles andere w\u00e4re geschwindelt. Aber gegen ein bodenst\u00e4ndiges Reise-Erlebnis nah an der Natur, ob auf einer urigen Alm oder am spartanischen Campingplatz auf Korsika, tausche ich einen Luxus-Urlaub gerne ein. Jederzeit und immer wieder. Kr\u00e4utertee oder Zirbenschnaps? Ein Schnapserl in Ehren kann ich schwer verwehren, wobei auch da eher den selbstgemachten Nusschnaps vom Onkel als die Zirbe. Grunds\u00e4tzlich bin ich aber ein leidenschaftlicher Tee-Genie\u00dfer und fr\u00f6ne dieser Leidenschaft literweise. Ob Gr\u00fcntee, Kr\u00e4utertee oder ganz klassisch \u201eEarl Grey\u201c: Eine Tasse Tee ist f\u00fcr mich Entspannung und Antrieb gleicherma\u00dfen. Buch oder Film? Ich bin ein absoluter B\u00fccherwurm, von Kindesbeinen an. B\u00f6se Zungen behaupten, dieser Zeit (Lesen bei, naja, nicht immer optimalen Bedingungen) h\u00e4tte ich auch meine Fehlsichtigkeit zu verdanken. Ob \u201eDer Herr der Ringe\u201c oder \u201eGame of Thrones\u201c \u2013 vor allem in fantastischen Welten kann ich mich komplett verlieren. Guten Filmen bin ich trotzdem nicht abgeneigt, da haben es mir vor allem \u00f6sterreichische und d\u00e4nische Produktionen angetan. Meistens herrlich skurril und oft zum Br\u00fcllen komisch. Yoga oder Mountainbike Auch wenn ich\u00b4s mir fr\u00fcher nicht gedacht h\u00e4tte: Yoga ist wirklich eine geniale Sache. Das mehr auf Kraft ausgerichtete Ashtanga Yoga hat einen fixen Platz in meinem Wochenplan gefunden, obwohl meine eigentliche Leidenschaft den Pferden geh\u00f6rt. Grunds\u00e4tzlich bevorzuge ich sportliche Aktivit\u00e4ten unter freiem Himmel. Von Laufen bis hin zum Paragleiten ist da alles mit dabei.","url":"https:\/\/www.salzburgerland.com\/de\/magazin\/author\/christina-knauseder-csipek\/"}]}},"_wl_alt_label":[],"wl:entity_url":"http:\/\/open.salzburgerland.com\/magazin\/post\/genuss_fuer_leib_und_seele__die_gruenegg_alm","_links":{"self":[{"href":"https:\/\/www.salzburgerland.com\/de\/magazin\/wp-json\/wp\/v2\/posts\/126474","targetHints":{"allow":["GET"]}}],"collection":[{"href":"https:\/\/www.salzburgerland.com\/de\/magazin\/wp-json\/wp\/v2\/posts"}],"about":[{"href":"https:\/\/www.salzburgerland.com\/de\/magazin\/wp-json\/wp\/v2\/types\/post"}],"author":[{"embeddable":true,"href":"https:\/\/www.salzburgerland.com\/de\/magazin\/wp-json\/wp\/v2\/users\/333"}],"replies":[{"embeddable":true,"href":"https:\/\/www.salzburgerland.com\/de\/magazin\/wp-json\/wp\/v2\/comments?post=126474"}],"version-history":[{"count":0,"href":"https:\/\/www.salzburgerland.com\/de\/magazin\/wp-json\/wp\/v2\/posts\/126474\/revisions"}],"wp:featuredmedia":[{"embeddable":true,"href":"https:\/\/www.salzburgerland.com\/de\/magazin\/wp-json\/wp\/v2\/media\/126494"}],"wp:attachment":[{"href":"https:\/\/www.salzburgerland.com\/de\/magazin\/wp-json\/wp\/v2\/media?parent=126474"}],"wp:term":[{"taxonomy":"category","embeddable":true,"href":"https:\/\/www.salzburgerland.com\/de\/magazin\/wp-json\/wp\/v2\/categories?post=126474"},{"taxonomy":"post_tag","embeddable":true,"href":"https:\/\/www.salzburgerland.com\/de\/magazin\/wp-json\/wp\/v2\/tags?post=126474"},{"taxonomy":"wl_entity_type","embeddable":true,"href":"https:\/\/www.salzburgerland.com\/de\/magazin\/wp-json\/wp\/v2\/wl_entity_type?post=126474"},{"taxonomy":"monatsauswahl","embeddable":true,"href":"https:\/\/www.salzburgerland.com\/de\/magazin\/wp-json\/wp\/v2\/monatsauswahl?post=126474"}],"curies":[{"name":"wp","href":"https:\/\/api.w.org\/{rel}","templated":true}]}}