{"id":126444,"date":"2018-10-16T08:00:29","date_gmt":"2018-10-16T06:00:29","guid":{"rendered":"https:\/\/www.salzburgerland.com\/de\/magazin\/?p=126444"},"modified":"2024-10-15T12:52:59","modified_gmt":"2024-10-15T10:52:59","slug":"mit-dem-rad-durch-das-stille-nacht-land","status":"publish","type":"post","link":"https:\/\/www.salzburgerland.com\/de\/magazin\/mit-dem-rad-durch-das-stille-nacht-land\/","title":{"rendered":"Mit dem Rad durch das Stille-Nacht-Land"},"content":{"rendered":"\n<h2 class=\"wp-block-slt-subtitle\">Von Oberndorf im Flachgau nach Mariapfarr im Lungau<\/h2>\n\n\n\n<p class=\"wp-block-slt-intro\">Vor \u00fcber 200 Jahren haben Joseph Mohr und Franz Xaver Gruber das weltber\u00fchmte Stille Nacht Lied in Oberndorf bei Salzburg zum ersten Mal aufgef\u00fchrt. Das SalzburgerLand spielte im Leben der beiden eine wichtige Rolle. Oberndorf, Arnsdorf, Hintersee, Salzburg, Hallein, Wagrain und Mariapfarr sind die Orte, die mit dem Lied und den beiden K\u00fcnstlern in Zusammenhang gebracht werden. Die wenigsten werden die sieben Orte mit dem Rad besucht haben, dabei liegen sie auf den sch\u00f6nsten Radstrecken im SalzburgerLand.<\/p>\n\n\n\n<p>Mit dem Rad auf den Spuren des Stillen Nacht Liedes, oder anders gesagt von Oberndorf im Flachgau nach Mariapfarr im Lungau. Von Nord nach S\u00fcd, vom Flachland ins Gebirge \u2013 mit dem Rennrad, E-Bike oder Mountainbike \u2013 218 Kilometer und rund 4.400 H\u00f6henmeter! Eine sportliche Herausforderung die nur schwer an einem Tag zu schaffen ist. Auf drei Etappen ist die Stille-Nacht-Tour durch das SalzburgerLand jedoch gut zu bew\u00e4ltigen.<\/p>\n\n\n\n<figure class=\"wp-block-image size-full alignnone\"><a href=\"https:\/\/www.salzburgerland.com\/de\/magazin\/wp-content\/uploads\/2018\/10\/hm_stadtsalzburg_034.jpg\"><img loading=\"lazy\" decoding=\"async\" width=\"1600\" height=\"1067\" src=\"https:\/\/www.salzburgerland.com\/de\/magazin\/wp-content\/uploads\/2018\/10\/hm_stadtsalzburg_034.jpg\" alt=\"Zwei Radfahrer auf einem grasbewachsenen Berghang mit Blick auf die fernen Berge unter einem klaren Himmel.\" class=\"wp-image-126451\" srcset=\"https:\/\/www.salzburgerland.com\/de\/magazin\/wp-content\/uploads\/2018\/10\/hm_stadtsalzburg_034.jpg 1600w, https:\/\/www.salzburgerland.com\/de\/magazin\/wp-content\/uploads\/2018\/10\/hm_stadtsalzburg_034-300x200.jpg 300w, https:\/\/www.salzburgerland.com\/de\/magazin\/wp-content\/uploads\/2018\/10\/hm_stadtsalzburg_034-825x550.jpg 825w, https:\/\/www.salzburgerland.com\/de\/magazin\/wp-content\/uploads\/2018\/10\/hm_stadtsalzburg_034-600x400.jpg 600w, https:\/\/www.salzburgerland.com\/de\/magazin\/wp-content\/uploads\/2018\/10\/hm_stadtsalzburg_034-1320x880.jpg 1320w\" sizes=\"auto, (max-width: 1600px) 100vw, 1600px\" \/><\/a><figcaption class=\"wp-element-caption\">Das SalzburgerLand von oben.<\/figcaption><\/figure>\n\n\n\n<h3 class=\"wp-block-heading\" id=\"h-tag-1-von-oberndorf-uber-hintersee-nach-salzburg\">Tag 1: Von Oberndorf \u00fcber Hintersee nach Salzburg<\/h3>\n\n\n\n<p>Der erste Tag der Tour beginnt vor der Stillen-Nacht-Kapelle in Oberndorf. Hier wurde das Lied am Heiligen Abend des Jahres 1818 von Mohr und Gruber zum ersten Mal aufgef\u00fchrt. Die Kapelle wurde allerdings erst sp\u00e4ter errichtet, die urspr\u00fcngliche Kirche St. Nikola fiel den wiederkehrenden Hochwassern zum Opfer. <\/p>\n\n\n\n<p>Ein kleiner aber feiner Tipp in Oberndorf: Der Stille Nacht Friedensweg f\u00fchrt von der Stillen Nacht Kapelle bis nach Arnsdorf und \u00fcber G\u00f6ming wieder zur\u00fcck. Die gut 12 Kilometer lange Runde f\u00fchrt \u00fcber alte Pilgerwege, dort wo einst Mohr und Gruber auf ihren Dienstwegen unterwegs waren. Vier Kunstwerke wurde f\u00fcr den Friedensweg von regionalen K\u00fcnstlern geschaffen und neben der Strecke aufgestellt. Zudem wurden auf 12 Stelen Spr\u00fcche und Zitate installiert, wo verschiedene Aspekte des Friedensthemas vertieft werden.<\/p>\n\n\n\n<p>Weiter geht es \u00fcber Arnsdorf, dem tempor\u00e4ren Heimatort des Lehrers Franz Xaver Gruber hoch zur Kaiserbuche. Der Anstieg \u00fcber die vielen Kehren ist m\u00fchsam und steil. Doch wer oben angekommen ist, der wird mit einer herrlichen Aussicht belohnt. \u00dcber Obertrum, Seekirchen und Plainfeld endet der erste Rad-Tag schlie\u00dflich in dem Ort Hintersee, wo Joseph Mohr zehn Jahre als Hilfspriester t\u00e4tig war. Hier half er in den kalten Wintern den \u00c4rmsten und rettete sie in der \u00e4rgsten Not.<\/p>\n\n\n\n<p>Von Hintersee f\u00fchrt die Radtour durch die wilde Strubklamm hoch zum Gaisberg. Von hier aus kann man zum ersten Mal das Ziel des ersten Tages aus der Vogelperspektive sehen. Die Stadt Salzburg liegt am Fu\u00dfe des Gaisberges und ist zugleich der Geburtsort von Joseph Mohr.<\/p>\n\n\n\n<figure class=\"wp-block-image size-full alignnone\"><a href=\"https:\/\/www.salzburgerland.com\/de\/magazin\/wp-content\/uploads\/2018\/10\/hm_stadtsalzburg_012.jpg\"><img loading=\"lazy\" decoding=\"async\" width=\"1600\" height=\"1067\" src=\"https:\/\/www.salzburgerland.com\/de\/magazin\/wp-content\/uploads\/2018\/10\/hm_stadtsalzburg_012.jpg\" alt=\"Zwei Radfahrer fahren auf einer sonnenbeschienenen Bergstra\u00dfe bergauf, umgeben von B\u00e4umen und felsigen Klippen.\" class=\"wp-image-126450\" srcset=\"https:\/\/www.salzburgerland.com\/de\/magazin\/wp-content\/uploads\/2018\/10\/hm_stadtsalzburg_012.jpg 1600w, https:\/\/www.salzburgerland.com\/de\/magazin\/wp-content\/uploads\/2018\/10\/hm_stadtsalzburg_012-300x200.jpg 300w, https:\/\/www.salzburgerland.com\/de\/magazin\/wp-content\/uploads\/2018\/10\/hm_stadtsalzburg_012-825x550.jpg 825w, https:\/\/www.salzburgerland.com\/de\/magazin\/wp-content\/uploads\/2018\/10\/hm_stadtsalzburg_012-600x400.jpg 600w, https:\/\/www.salzburgerland.com\/de\/magazin\/wp-content\/uploads\/2018\/10\/hm_stadtsalzburg_012-1320x880.jpg 1320w\" sizes=\"auto, (max-width: 1600px) 100vw, 1600px\" \/><\/a><figcaption class=\"wp-element-caption\">\u00dcber die Strubklamm geht es von Hintersee nach Salzburg.<\/figcaption><\/figure>\n\n\n\n<h3 class=\"wp-block-heading\" id=\"h-tag-2-durch-das-salzachtal-nach-wagrain\">Tag 2: Durch das Salzachtal nach Wagrain.<\/h3>\n\n\n\n<p>Der zweite Tag beginnt zuerst gem\u00fctlich. An der Salzach entlang f\u00fchrt die Tour zun\u00e4chst bis nach Hallein. Wer will kann einen Abstecher nach Hellbrunn machen und eine kurze Pause im sch\u00f6nen Garten einlegen. Nach Hallein zog Franz Xaver Gruber nach vielen Schicksalsschl\u00e4gen und widmete sich dort seiner Musik. Hier ist der K\u00fcnstler auch begraben worden. Heute erinnert ein Museum an den ber\u00fchmten B\u00fcrger der Keltenstadt. Von Hallein zieht sich die Route durch den sch\u00f6nen Tennengau, bis sie \u00fcber den Pass Lueg in den Pongau m\u00fcndet. Immer der Salzach entlang geht es nach St. Johann im Pongau und schlie\u00dflich \u00fcber die letzten H\u00f6henmeter hoch nach Wagrain, wo Joseph Mohr seine letzte Ruhest\u00e4tte fand.<\/p>\n\n\n\n<figure class=\"wp-block-image size-full alignnone\"><a href=\"https:\/\/www.salzburgerland.com\/de\/magazin\/wp-content\/uploads\/2018\/10\/hm_stadtsalzburg_005.jpg\"><img loading=\"lazy\" decoding=\"async\" width=\"1600\" height=\"1067\" src=\"https:\/\/www.salzburgerland.com\/de\/magazin\/wp-content\/uploads\/2018\/10\/hm_stadtsalzburg_005.jpg\" alt=\"Zwei Personen fahren mit dem Fahrrad \u00fcber einen sonnigen, leeren Stadtplatz, der von bunten Geb\u00e4uden ges\u00e4umt ist.\" class=\"wp-image-126449\" srcset=\"https:\/\/www.salzburgerland.com\/de\/magazin\/wp-content\/uploads\/2018\/10\/hm_stadtsalzburg_005.jpg 1600w, https:\/\/www.salzburgerland.com\/de\/magazin\/wp-content\/uploads\/2018\/10\/hm_stadtsalzburg_005-300x200.jpg 300w, https:\/\/www.salzburgerland.com\/de\/magazin\/wp-content\/uploads\/2018\/10\/hm_stadtsalzburg_005-825x550.jpg 825w, https:\/\/www.salzburgerland.com\/de\/magazin\/wp-content\/uploads\/2018\/10\/hm_stadtsalzburg_005-600x400.jpg 600w, https:\/\/www.salzburgerland.com\/de\/magazin\/wp-content\/uploads\/2018\/10\/hm_stadtsalzburg_005-1320x880.jpg 1320w\" sizes=\"auto, (max-width: 1600px) 100vw, 1600px\" \/><\/a><figcaption class=\"wp-element-caption\">Mit dem Rennrad durch Hallein, der letzten Ruhest\u00e4tte von Franz Xaver Gruber.<\/figcaption><\/figure>\n\n\n\n<h3 class=\"wp-block-heading\" id=\"h-tag-3-uber-den-tauern-nach-mariapfarr\">Tag 3: \u00dcber den Tauern nach Mariapfarr<\/h3>\n\n\n\n<p>Am letzten Tag der Tour wartet der Anstieg hoch nach Obertauern auf die Radfahrer. Zun\u00e4chst f\u00fchrt der Weg flach \u00fcber Radstadt nach Untertauern, bis die ersten Kehren den Weg nach oben einleiten. In Obertauern angekommen ist der anstrengende Teil des Tages vorbei. Es geht \u00fcber Tweng nur mehr bergab und dann flach weiter nach Mariapfarr dem Ziel der Tour. Hier wurde der Text des Stillen-Nacht-Liedes von Joseph Mohr geschrieben. Im Lungau verbrachte er die ersten Jahre seines Amtes, und er holte sich f\u00fcr den Text viele Inspirationen aus seiner unmittelbaren Umgebung. Die Tour ist hier zu Ende, es bleibt die Erinnerung an die vielen sch\u00f6nen Momente auf und neben der Radstrecke. Drei Tage mit dem Rad durch das sch\u00f6ne SalzburgerLand auf den Spuren des Stillen Nacht Liedes, auch f\u00fcr Radfahrer ein besonderes Erlebnis.<\/p>\n\n\n\n<figure class=\"wp-block-image size-full alignnone\"><a href=\"https:\/\/www.salzburgerland.com\/de\/magazin\/wp-content\/uploads\/2018\/10\/RS2383_GUT_4819.jpg\"><img loading=\"lazy\" decoding=\"async\" width=\"1600\" height=\"1067\" src=\"https:\/\/www.salzburgerland.com\/de\/magazin\/wp-content\/uploads\/2018\/10\/RS2383_GUT_4819.jpg\" alt=\"Gotischer Kirchenaltar mit kunstvollen religi\u00f6sen Malereien, goldenen Details und zwei Weihnachtsb\u00e4umen auf jeder Seite.\" class=\"wp-image-126452\" srcset=\"https:\/\/www.salzburgerland.com\/de\/magazin\/wp-content\/uploads\/2018\/10\/RS2383_GUT_4819.jpg 1600w, https:\/\/www.salzburgerland.com\/de\/magazin\/wp-content\/uploads\/2018\/10\/RS2383_GUT_4819-300x200.jpg 300w, https:\/\/www.salzburgerland.com\/de\/magazin\/wp-content\/uploads\/2018\/10\/RS2383_GUT_4819-825x550.jpg 825w, https:\/\/www.salzburgerland.com\/de\/magazin\/wp-content\/uploads\/2018\/10\/RS2383_GUT_4819-600x400.jpg 600w, https:\/\/www.salzburgerland.com\/de\/magazin\/wp-content\/uploads\/2018\/10\/RS2383_GUT_4819-1320x880.jpg 1320w\" sizes=\"auto, (max-width: 1600px) 100vw, 1600px\" \/><\/a><figcaption class=\"wp-element-caption\">Die Wallfahrtskirche in Mariapfarr ist das Ziel der Dreitagestour.<\/figcaption><\/figure>\n\n\n\n<p>Fotos&nbsp;\u00a9 Heiko Mandl<\/p>\n","protected":false},"excerpt":{"rendered":"<p>Mit dem Rad auf den Spuren des Stillen Nacht Liedes, oder anders gesagt von Oberndorf im Flachgau nach Mariapfarr im Lungau. Von Nord nach S\u00fcd, vom Flachland ins Gebirge \u2013 mit dem Rennrad, E-Bike oder Mountainbike \u2013 218 Kilometer und rund 4.400 H\u00f6henmeter! Eine sportliche Herausforderung die nur schwer an einem Tag zu schaffen ist. [&hellip;]<\/p>\n","protected":false},"author":10,"featured_media":126448,"comment_status":"open","ping_status":"open","sticky":false,"template":"","format":"standard","meta":{"_acf_changed":false,"wl_entities_gutenberg":"","_wl_entity_redirect_enabled":"","footnotes":""},"categories":[8],"tags":[],"wl_entity_type":[306],"monatsauswahl":[85,86,87,88,89,90,91],"class_list":["post-126444","post","type-post","status-publish","format-standard","has-post-thumbnail","hentry","category-outdoor-sport","wl_entity_type-article","monatsauswahl-monat_4","monatsauswahl-monat_5","monatsauswahl-monat_6","monatsauswahl-monat_7","monatsauswahl-monat_8","monatsauswahl-monat_9","monatsauswahl-monat_10"],"acf":[],"yoast_head":"<!-- This site is optimized with the Yoast SEO Premium plugin v27.4 (Yoast SEO v27.4) - https:\/\/yoast.com\/product\/yoast-seo-premium-wordpress\/ -->\n<title>Mit dem Rad durch das Stille-Nacht-Land - SalzburgerLand Magazin<\/title>\n<meta name=\"description\" content=\"Vor \u00fcber 200 Jahren haben Joseph Mohr und Franz Xaver Gruber das weltber\u00fchmte Stille Nacht Lied in Oberndorf bei Salzburg zum ersten Mal aufgef\u00fchrt. Das SalzburgerLand spielte im Leben der beiden eine wichtige Rolle. Oberndorf, Arnsdorf, Hintersee, Salzburg, Hallein, Wagrain und Mariapfarr sind die Orte, die mit dem Lied und den beiden K\u00fcnstlern in Zusammenhang gebracht werden. Die wenigsten werden die sieben Orte mit dem Rad besucht haben, dabei liegen sie auf den sch\u00f6nsten Radstrecken im SalzburgerLand.\" \/>\n<meta name=\"robots\" content=\"index, follow, max-snippet:-1, max-image-preview:large, max-video-preview:-1\" \/>\n<link rel=\"canonical\" href=\"https:\/\/www.salzburgerland.com\/de\/magazin\/mit-dem-rad-durch-das-stille-nacht-land\/\" \/>\n<meta property=\"og:locale\" content=\"de_DE\" \/>\n<meta property=\"og:type\" content=\"article\" \/>\n<meta property=\"og:title\" content=\"Mit dem Rad durch das Stille-Nacht-Land\" \/>\n<meta property=\"og:description\" content=\"Mit dem Rad auf den Spuren des Stillen Nacht Liedes, oder anders gesagt von Oberndorf im Flachgau nach Mariapfarr im Lungau. Von Nord nach S\u00fcd, vom Flachland ins Gebirge \u2013 mit dem Rennrad, E-Bike oder Mountainbike \u2013 218 Kilometer und rund 4.400 H\u00f6henmeter! Eine sportliche Herausforderung die nur schwer an einem Tag zu schaffen ist. [&hellip;]\" \/>\n<meta property=\"og:url\" content=\"https:\/\/www.salzburgerland.com\/de\/magazin\/mit-dem-rad-durch-das-stille-nacht-land\/\" \/>\n<meta property=\"og:site_name\" content=\"SalzburgerLand Magazin\" \/>\n<meta property=\"article:publisher\" content=\"https:\/\/www.facebook.com\/salzburgerland\/\" \/>\n<meta property=\"article:published_time\" content=\"2018-10-16T06:00:29+00:00\" \/>\n<meta property=\"article:modified_time\" content=\"2024-10-15T10:52:59+00:00\" \/>\n<meta property=\"og:image\" content=\"https:\/\/www.salzburgerland.com\/de\/magazin\/wp-content\/uploads\/2018\/10\/hm_stadtsalzburg_030.jpg\" \/>\n\t<meta property=\"og:image:width\" content=\"1600\" \/>\n\t<meta property=\"og:image:height\" content=\"1067\" \/>\n\t<meta property=\"og:image:type\" content=\"image\/jpeg\" \/>\n<meta name=\"author\" content=\"Heiko Mandl\" \/>\n<meta name=\"twitter:card\" content=\"summary_large_image\" \/>\n<meta name=\"twitter:creator\" content=\"@Salzburgerland\" \/>\n<meta name=\"twitter:site\" content=\"@Salzburgerland\" \/>\n<meta name=\"twitter:label1\" content=\"Verfasst von\" \/>\n\t<meta name=\"twitter:data1\" content=\"Heiko Mandl\" \/>\n\t<meta name=\"twitter:label2\" content=\"Gesch\u00e4tzte Lesezeit\" \/>\n\t<meta name=\"twitter:data2\" content=\"5\u00a0Minuten\" \/>\n<script type=\"application\/ld+json\" class=\"yoast-schema-graph\">{\"@context\":\"https:\\\/\\\/schema.org\",\"@graph\":[{\"@type\":\"Article\",\"@id\":\"https:\\\/\\\/www.salzburgerland.com\\\/de\\\/magazin\\\/mit-dem-rad-durch-das-stille-nacht-land\\\/#article\",\"isPartOf\":{\"@id\":\"https:\\\/\\\/www.salzburgerland.com\\\/de\\\/magazin\\\/mit-dem-rad-durch-das-stille-nacht-land\\\/\"},\"author\":{\"name\":\"Heiko Mandl\",\"@id\":\"https:\\\/\\\/www.salzburgerland.com\\\/de\\\/magazin\\\/#\\\/schema\\\/person\\\/8871c7c764fce6ea66752310e7fe9e98\"},\"headline\":\"Mit dem Rad durch das Stille-Nacht-Land\",\"datePublished\":\"2018-10-16T06:00:29+00:00\",\"dateModified\":\"2024-10-15T10:52:59+00:00\",\"mainEntityOfPage\":{\"@id\":\"https:\\\/\\\/www.salzburgerland.com\\\/de\\\/magazin\\\/mit-dem-rad-durch-das-stille-nacht-land\\\/\"},\"wordCount\":742,\"commentCount\":0,\"publisher\":{\"@id\":\"https:\\\/\\\/www.salzburgerland.com\\\/de\\\/magazin\\\/#organization\"},\"image\":{\"@id\":\"https:\\\/\\\/www.salzburgerland.com\\\/de\\\/magazin\\\/mit-dem-rad-durch-das-stille-nacht-land\\\/#primaryimage\"},\"thumbnailUrl\":\"https:\\\/\\\/www.salzburgerland.com\\\/de\\\/magazin\\\/wp-content\\\/uploads\\\/2018\\\/10\\\/hm_stadtsalzburg_030.jpg\",\"articleSection\":[\"Outdoor &amp; Sport\"],\"inLanguage\":\"de\",\"potentialAction\":[{\"@type\":\"CommentAction\",\"name\":\"Comment\",\"target\":[\"https:\\\/\\\/www.salzburgerland.com\\\/de\\\/magazin\\\/mit-dem-rad-durch-das-stille-nacht-land\\\/#respond\"]}]},{\"@type\":\"WebPage\",\"@id\":\"https:\\\/\\\/www.salzburgerland.com\\\/de\\\/magazin\\\/mit-dem-rad-durch-das-stille-nacht-land\\\/\",\"url\":\"https:\\\/\\\/www.salzburgerland.com\\\/de\\\/magazin\\\/mit-dem-rad-durch-das-stille-nacht-land\\\/\",\"name\":\"Mit dem Rad durch das Stille-Nacht-Land - SalzburgerLand Magazin\",\"isPartOf\":{\"@id\":\"https:\\\/\\\/www.salzburgerland.com\\\/de\\\/magazin\\\/#website\"},\"primaryImageOfPage\":{\"@id\":\"https:\\\/\\\/www.salzburgerland.com\\\/de\\\/magazin\\\/mit-dem-rad-durch-das-stille-nacht-land\\\/#primaryimage\"},\"image\":{\"@id\":\"https:\\\/\\\/www.salzburgerland.com\\\/de\\\/magazin\\\/mit-dem-rad-durch-das-stille-nacht-land\\\/#primaryimage\"},\"thumbnailUrl\":\"https:\\\/\\\/www.salzburgerland.com\\\/de\\\/magazin\\\/wp-content\\\/uploads\\\/2018\\\/10\\\/hm_stadtsalzburg_030.jpg\",\"datePublished\":\"2018-10-16T06:00:29+00:00\",\"dateModified\":\"2024-10-15T10:52:59+00:00\",\"breadcrumb\":{\"@id\":\"https:\\\/\\\/www.salzburgerland.com\\\/de\\\/magazin\\\/mit-dem-rad-durch-das-stille-nacht-land\\\/#breadcrumb\"},\"inLanguage\":\"de\",\"potentialAction\":[{\"@type\":\"ReadAction\",\"target\":[\"https:\\\/\\\/www.salzburgerland.com\\\/de\\\/magazin\\\/mit-dem-rad-durch-das-stille-nacht-land\\\/\"]}]},{\"@type\":\"ImageObject\",\"inLanguage\":\"de\",\"@id\":\"https:\\\/\\\/www.salzburgerland.com\\\/de\\\/magazin\\\/mit-dem-rad-durch-das-stille-nacht-land\\\/#primaryimage\",\"url\":\"https:\\\/\\\/www.salzburgerland.com\\\/de\\\/magazin\\\/wp-content\\\/uploads\\\/2018\\\/10\\\/hm_stadtsalzburg_030.jpg\",\"contentUrl\":\"https:\\\/\\\/www.salzburgerland.com\\\/de\\\/magazin\\\/wp-content\\\/uploads\\\/2018\\\/10\\\/hm_stadtsalzburg_030.jpg\",\"width\":1600,\"height\":1067,\"caption\":\"Zwei Radfahrer machen bei Sonnenaufgang auf einem grasbewachsenen H\u00fcgel eine Pause mit Blick auf ein nebliges Tal und ferne Berge.\"},{\"@type\":\"BreadcrumbList\",\"@id\":\"https:\\\/\\\/www.salzburgerland.com\\\/de\\\/magazin\\\/mit-dem-rad-durch-das-stille-nacht-land\\\/#breadcrumb\",\"itemListElement\":[{\"@type\":\"ListItem\",\"position\":1,\"name\":\"Startseite\",\"item\":\"https:\\\/\\\/www.salzburgerland.com\\\/de\\\/magazin\\\/\"},{\"@type\":\"ListItem\",\"position\":2,\"name\":\"Outdoor &amp; Sport\",\"item\":\"https:\\\/\\\/www.salzburgerland.com\\\/de\\\/magazin\\\/thema\\\/outdoor-sport\\\/\"},{\"@type\":\"ListItem\",\"position\":3,\"name\":\"Mit dem Rad durch das Stille-Nacht-Land\"}]},{\"@type\":\"WebSite\",\"@id\":\"https:\\\/\\\/www.salzburgerland.com\\\/de\\\/magazin\\\/#website\",\"url\":\"https:\\\/\\\/www.salzburgerland.com\\\/de\\\/magazin\\\/\",\"name\":\"SalzburgerLand Magazin\",\"description\":\"Geschichten und Interessantes aus dem SalzburgerLand\",\"publisher\":{\"@id\":\"https:\\\/\\\/www.salzburgerland.com\\\/de\\\/magazin\\\/#organization\"},\"potentialAction\":[{\"@type\":\"SearchAction\",\"target\":{\"@type\":\"EntryPoint\",\"urlTemplate\":\"https:\\\/\\\/www.salzburgerland.com\\\/de\\\/magazin\\\/?s={search_term_string}\"},\"query-input\":{\"@type\":\"PropertyValueSpecification\",\"valueRequired\":true,\"valueName\":\"search_term_string\"}}],\"inLanguage\":\"de\"},{\"@type\":\"Organization\",\"@id\":\"https:\\\/\\\/www.salzburgerland.com\\\/de\\\/magazin\\\/#organization\",\"name\":\"SalzburgerLand Tourismus\",\"url\":\"https:\\\/\\\/www.salzburgerland.com\\\/de\\\/magazin\\\/\",\"logo\":{\"@type\":\"ImageObject\",\"inLanguage\":\"de\",\"@id\":\"https:\\\/\\\/www.salzburgerland.com\\\/de\\\/magazin\\\/#\\\/schema\\\/logo\\\/image\\\/\",\"url\":\"https:\\\/\\\/www.salzburgerland.com\\\/de\\\/magazin\\\/wp-content\\\/uploads\\\/2019\\\/06\\\/salzburgerland-logo1.jpg\",\"contentUrl\":\"https:\\\/\\\/www.salzburgerland.com\\\/de\\\/magazin\\\/wp-content\\\/uploads\\\/2019\\\/06\\\/salzburgerland-logo1.jpg\",\"width\":2011,\"height\":866,\"caption\":\"SalzburgerLand Tourismus\"},\"image\":{\"@id\":\"https:\\\/\\\/www.salzburgerland.com\\\/de\\\/magazin\\\/#\\\/schema\\\/logo\\\/image\\\/\"},\"sameAs\":[\"https:\\\/\\\/www.facebook.com\\\/salzburgerland\\\/\",\"https:\\\/\\\/x.com\\\/Salzburgerland\",\"https:\\\/\\\/www.instagram.com\\\/salzburgerland\\\/\",\"https:\\\/\\\/at.linkedin.com\\\/company\\\/salzburgerland-tourismus-gmbh\",\"https:\\\/\\\/www.pinterest.at\\\/salzburgerland\\\/\",\"https:\\\/\\\/www.youtube.com\\\/user\\\/salzburgerland\",\"https:\\\/\\\/de.wikipedia.org\\\/wiki\\\/SalzburgerLand_Tourismus_GmbH\"]},{\"@type\":\"Person\",\"@id\":\"https:\\\/\\\/www.salzburgerland.com\\\/de\\\/magazin\\\/#\\\/schema\\\/person\\\/8871c7c764fce6ea66752310e7fe9e98\",\"name\":\"Heiko Mandl\",\"description\":\"Heiko Mandl, geboren 1976 in Salzburg, ist durch den Journalismus zur Fotografie gekommen und ist seit zehn Jahren als selbstst\u00e4ndiger Fotograf und Autor in Salzburg t\u00e4tig. Schon von Kindheit an haben ihn die Berge vor seiner Haust\u00fcr fasziniert. Heute z\u00e4hlen sie unter anderem zu seinem Arbeitsplatz. Er arbeitet f\u00fcr internationale Outdoor- und Reisemagazine sowie zahlreiche Firmen und Agenturen. Luxushotel oder Almh\u00fctte: Ich kann beides genie\u00dfen und ich gehe das nach dem Motto: Alles zur richtigen Zeit und zur passenden Gelegenheit an. Wandern oder Laufen: Auf jeden Fall wandern, ist gem\u00fctlicher und man kann sich mehr auf die Umgebung konzentrieren. Golfplatz oder Klettergarten: Klettergarten, zumindest noch die n\u00e4chsten 20 Jahre. Fr\u00fchling, sommer, herbst oder Winter? Fr\u00fchling und Sommer und Herbst und Winter! Im SalzburgerLand ist es das ganze Jahr traumhaft sch\u00f6n. Wellness oder Mountainbike? Zuerst eine Runde mit dem Mountainbike und dann ab in den Wellnesstempel. Das eine schlie\u00dft das andere nicht aus!\",\"url\":\"https:\\\/\\\/www.salzburgerland.com\\\/de\\\/magazin\\\/author\\\/heiko-mandl\\\/\"}]}<\/script>\n<!-- \/ Yoast SEO Premium plugin. -->","yoast_head_json":{"title":"Mit dem Rad durch das Stille-Nacht-Land - SalzburgerLand Magazin","description":"Vor \u00fcber 200 Jahren haben Joseph Mohr und Franz Xaver Gruber das weltber\u00fchmte Stille Nacht Lied in Oberndorf bei Salzburg zum ersten Mal aufgef\u00fchrt. Das SalzburgerLand spielte im Leben der beiden eine wichtige Rolle. Oberndorf, Arnsdorf, Hintersee, Salzburg, Hallein, Wagrain und Mariapfarr sind die Orte, die mit dem Lied und den beiden K\u00fcnstlern in Zusammenhang gebracht werden. Die wenigsten werden die sieben Orte mit dem Rad besucht haben, dabei liegen sie auf den sch\u00f6nsten Radstrecken im SalzburgerLand.","robots":{"index":"index","follow":"follow","max-snippet":"max-snippet:-1","max-image-preview":"max-image-preview:large","max-video-preview":"max-video-preview:-1"},"canonical":"https:\/\/www.salzburgerland.com\/de\/magazin\/mit-dem-rad-durch-das-stille-nacht-land\/","og_locale":"de_DE","og_type":"article","og_title":"Mit dem Rad durch das Stille-Nacht-Land","og_description":"Mit dem Rad auf den Spuren des Stillen Nacht Liedes, oder anders gesagt von Oberndorf im Flachgau nach Mariapfarr im Lungau. Von Nord nach S\u00fcd, vom Flachland ins Gebirge \u2013 mit dem Rennrad, E-Bike oder Mountainbike \u2013 218 Kilometer und rund 4.400 H\u00f6henmeter! Eine sportliche Herausforderung die nur schwer an einem Tag zu schaffen ist. [&hellip;]","og_url":"https:\/\/www.salzburgerland.com\/de\/magazin\/mit-dem-rad-durch-das-stille-nacht-land\/","og_site_name":"SalzburgerLand Magazin","article_publisher":"https:\/\/www.facebook.com\/salzburgerland\/","article_published_time":"2018-10-16T06:00:29+00:00","article_modified_time":"2024-10-15T10:52:59+00:00","og_image":[{"width":1600,"height":1067,"url":"https:\/\/www.salzburgerland.com\/de\/magazin\/wp-content\/uploads\/2018\/10\/hm_stadtsalzburg_030.jpg","type":"image\/jpeg"}],"author":"Heiko Mandl","twitter_card":"summary_large_image","twitter_creator":"@Salzburgerland","twitter_site":"@Salzburgerland","twitter_misc":{"Verfasst von":"Heiko Mandl","Gesch\u00e4tzte Lesezeit":"5\u00a0Minuten"},"schema":{"@context":"https:\/\/schema.org","@graph":[{"@type":"Article","@id":"https:\/\/www.salzburgerland.com\/de\/magazin\/mit-dem-rad-durch-das-stille-nacht-land\/#article","isPartOf":{"@id":"https:\/\/www.salzburgerland.com\/de\/magazin\/mit-dem-rad-durch-das-stille-nacht-land\/"},"author":{"name":"Heiko Mandl","@id":"https:\/\/www.salzburgerland.com\/de\/magazin\/#\/schema\/person\/8871c7c764fce6ea66752310e7fe9e98"},"headline":"Mit dem Rad durch das Stille-Nacht-Land","datePublished":"2018-10-16T06:00:29+00:00","dateModified":"2024-10-15T10:52:59+00:00","mainEntityOfPage":{"@id":"https:\/\/www.salzburgerland.com\/de\/magazin\/mit-dem-rad-durch-das-stille-nacht-land\/"},"wordCount":742,"commentCount":0,"publisher":{"@id":"https:\/\/www.salzburgerland.com\/de\/magazin\/#organization"},"image":{"@id":"https:\/\/www.salzburgerland.com\/de\/magazin\/mit-dem-rad-durch-das-stille-nacht-land\/#primaryimage"},"thumbnailUrl":"https:\/\/www.salzburgerland.com\/de\/magazin\/wp-content\/uploads\/2018\/10\/hm_stadtsalzburg_030.jpg","articleSection":["Outdoor &amp; Sport"],"inLanguage":"de","potentialAction":[{"@type":"CommentAction","name":"Comment","target":["https:\/\/www.salzburgerland.com\/de\/magazin\/mit-dem-rad-durch-das-stille-nacht-land\/#respond"]}]},{"@type":"WebPage","@id":"https:\/\/www.salzburgerland.com\/de\/magazin\/mit-dem-rad-durch-das-stille-nacht-land\/","url":"https:\/\/www.salzburgerland.com\/de\/magazin\/mit-dem-rad-durch-das-stille-nacht-land\/","name":"Mit dem Rad durch das Stille-Nacht-Land - SalzburgerLand Magazin","isPartOf":{"@id":"https:\/\/www.salzburgerland.com\/de\/magazin\/#website"},"primaryImageOfPage":{"@id":"https:\/\/www.salzburgerland.com\/de\/magazin\/mit-dem-rad-durch-das-stille-nacht-land\/#primaryimage"},"image":{"@id":"https:\/\/www.salzburgerland.com\/de\/magazin\/mit-dem-rad-durch-das-stille-nacht-land\/#primaryimage"},"thumbnailUrl":"https:\/\/www.salzburgerland.com\/de\/magazin\/wp-content\/uploads\/2018\/10\/hm_stadtsalzburg_030.jpg","datePublished":"2018-10-16T06:00:29+00:00","dateModified":"2024-10-15T10:52:59+00:00","breadcrumb":{"@id":"https:\/\/www.salzburgerland.com\/de\/magazin\/mit-dem-rad-durch-das-stille-nacht-land\/#breadcrumb"},"inLanguage":"de","potentialAction":[{"@type":"ReadAction","target":["https:\/\/www.salzburgerland.com\/de\/magazin\/mit-dem-rad-durch-das-stille-nacht-land\/"]}]},{"@type":"ImageObject","inLanguage":"de","@id":"https:\/\/www.salzburgerland.com\/de\/magazin\/mit-dem-rad-durch-das-stille-nacht-land\/#primaryimage","url":"https:\/\/www.salzburgerland.com\/de\/magazin\/wp-content\/uploads\/2018\/10\/hm_stadtsalzburg_030.jpg","contentUrl":"https:\/\/www.salzburgerland.com\/de\/magazin\/wp-content\/uploads\/2018\/10\/hm_stadtsalzburg_030.jpg","width":1600,"height":1067,"caption":"Zwei Radfahrer machen bei Sonnenaufgang auf einem grasbewachsenen H\u00fcgel eine Pause mit Blick auf ein nebliges Tal und ferne Berge."},{"@type":"BreadcrumbList","@id":"https:\/\/www.salzburgerland.com\/de\/magazin\/mit-dem-rad-durch-das-stille-nacht-land\/#breadcrumb","itemListElement":[{"@type":"ListItem","position":1,"name":"Startseite","item":"https:\/\/www.salzburgerland.com\/de\/magazin\/"},{"@type":"ListItem","position":2,"name":"Outdoor &amp; Sport","item":"https:\/\/www.salzburgerland.com\/de\/magazin\/thema\/outdoor-sport\/"},{"@type":"ListItem","position":3,"name":"Mit dem Rad durch das Stille-Nacht-Land"}]},{"@type":"WebSite","@id":"https:\/\/www.salzburgerland.com\/de\/magazin\/#website","url":"https:\/\/www.salzburgerland.com\/de\/magazin\/","name":"SalzburgerLand Magazin","description":"Geschichten und Interessantes aus dem SalzburgerLand","publisher":{"@id":"https:\/\/www.salzburgerland.com\/de\/magazin\/#organization"},"potentialAction":[{"@type":"SearchAction","target":{"@type":"EntryPoint","urlTemplate":"https:\/\/www.salzburgerland.com\/de\/magazin\/?s={search_term_string}"},"query-input":{"@type":"PropertyValueSpecification","valueRequired":true,"valueName":"search_term_string"}}],"inLanguage":"de"},{"@type":"Organization","@id":"https:\/\/www.salzburgerland.com\/de\/magazin\/#organization","name":"SalzburgerLand Tourismus","url":"https:\/\/www.salzburgerland.com\/de\/magazin\/","logo":{"@type":"ImageObject","inLanguage":"de","@id":"https:\/\/www.salzburgerland.com\/de\/magazin\/#\/schema\/logo\/image\/","url":"https:\/\/www.salzburgerland.com\/de\/magazin\/wp-content\/uploads\/2019\/06\/salzburgerland-logo1.jpg","contentUrl":"https:\/\/www.salzburgerland.com\/de\/magazin\/wp-content\/uploads\/2019\/06\/salzburgerland-logo1.jpg","width":2011,"height":866,"caption":"SalzburgerLand Tourismus"},"image":{"@id":"https:\/\/www.salzburgerland.com\/de\/magazin\/#\/schema\/logo\/image\/"},"sameAs":["https:\/\/www.facebook.com\/salzburgerland\/","https:\/\/x.com\/Salzburgerland","https:\/\/www.instagram.com\/salzburgerland\/","https:\/\/at.linkedin.com\/company\/salzburgerland-tourismus-gmbh","https:\/\/www.pinterest.at\/salzburgerland\/","https:\/\/www.youtube.com\/user\/salzburgerland","https:\/\/de.wikipedia.org\/wiki\/SalzburgerLand_Tourismus_GmbH"]},{"@type":"Person","@id":"https:\/\/www.salzburgerland.com\/de\/magazin\/#\/schema\/person\/8871c7c764fce6ea66752310e7fe9e98","name":"Heiko Mandl","description":"Heiko Mandl, geboren 1976 in Salzburg, ist durch den Journalismus zur Fotografie gekommen und ist seit zehn Jahren als selbstst\u00e4ndiger Fotograf und Autor in Salzburg t\u00e4tig. Schon von Kindheit an haben ihn die Berge vor seiner Haust\u00fcr fasziniert. Heute z\u00e4hlen sie unter anderem zu seinem Arbeitsplatz. Er arbeitet f\u00fcr internationale Outdoor- und Reisemagazine sowie zahlreiche Firmen und Agenturen. Luxushotel oder Almh\u00fctte: Ich kann beides genie\u00dfen und ich gehe das nach dem Motto: Alles zur richtigen Zeit und zur passenden Gelegenheit an. Wandern oder Laufen: Auf jeden Fall wandern, ist gem\u00fctlicher und man kann sich mehr auf die Umgebung konzentrieren. Golfplatz oder Klettergarten: Klettergarten, zumindest noch die n\u00e4chsten 20 Jahre. Fr\u00fchling, sommer, herbst oder Winter? Fr\u00fchling und Sommer und Herbst und Winter! Im SalzburgerLand ist es das ganze Jahr traumhaft sch\u00f6n. Wellness oder Mountainbike? Zuerst eine Runde mit dem Mountainbike und dann ab in den Wellnesstempel. Das eine schlie\u00dft das andere nicht aus!","url":"https:\/\/www.salzburgerland.com\/de\/magazin\/author\/heiko-mandl\/"}]}},"_wl_alt_label":[],"wl:entity_url":"http:\/\/open.salzburgerland.com\/magazin\/post\/mit_dem_rad_durch_das_stille-nacht-land","_links":{"self":[{"href":"https:\/\/www.salzburgerland.com\/de\/magazin\/wp-json\/wp\/v2\/posts\/126444","targetHints":{"allow":["GET"]}}],"collection":[{"href":"https:\/\/www.salzburgerland.com\/de\/magazin\/wp-json\/wp\/v2\/posts"}],"about":[{"href":"https:\/\/www.salzburgerland.com\/de\/magazin\/wp-json\/wp\/v2\/types\/post"}],"author":[{"embeddable":true,"href":"https:\/\/www.salzburgerland.com\/de\/magazin\/wp-json\/wp\/v2\/users\/10"}],"replies":[{"embeddable":true,"href":"https:\/\/www.salzburgerland.com\/de\/magazin\/wp-json\/wp\/v2\/comments?post=126444"}],"version-history":[{"count":3,"href":"https:\/\/www.salzburgerland.com\/de\/magazin\/wp-json\/wp\/v2\/posts\/126444\/revisions"}],"predecessor-version":[{"id":178854,"href":"https:\/\/www.salzburgerland.com\/de\/magazin\/wp-json\/wp\/v2\/posts\/126444\/revisions\/178854"}],"wp:featuredmedia":[{"embeddable":true,"href":"https:\/\/www.salzburgerland.com\/de\/magazin\/wp-json\/wp\/v2\/media\/126448"}],"wp:attachment":[{"href":"https:\/\/www.salzburgerland.com\/de\/magazin\/wp-json\/wp\/v2\/media?parent=126444"}],"wp:term":[{"taxonomy":"category","embeddable":true,"href":"https:\/\/www.salzburgerland.com\/de\/magazin\/wp-json\/wp\/v2\/categories?post=126444"},{"taxonomy":"post_tag","embeddable":true,"href":"https:\/\/www.salzburgerland.com\/de\/magazin\/wp-json\/wp\/v2\/tags?post=126444"},{"taxonomy":"wl_entity_type","embeddable":true,"href":"https:\/\/www.salzburgerland.com\/de\/magazin\/wp-json\/wp\/v2\/wl_entity_type?post=126444"},{"taxonomy":"monatsauswahl","embeddable":true,"href":"https:\/\/www.salzburgerland.com\/de\/magazin\/wp-json\/wp\/v2\/monatsauswahl?post=126444"}],"curies":[{"name":"wp","href":"https:\/\/api.w.org\/{rel}","templated":true}]}}