{"id":126292,"date":"2018-10-10T07:55:32","date_gmt":"2018-10-10T05:55:32","guid":{"rendered":"https:\/\/www.salzburgerland.com\/de\/magazin\/?p=126292"},"modified":"2019-06-26T18:26:38","modified_gmt":"2019-06-26T16:26:38","slug":"indian-summer-auf-der-radstaetter-huette","status":"publish","type":"post","link":"https:\/\/www.salzburgerland.com\/de\/magazin\/indian-summer-auf-der-radstaetter-huette\/","title":{"rendered":"Indian Summer auf der Radst\u00e4dter H\u00fctte"},"content":{"rendered":"<p><strong>Hinauf auf den Hausberg von Radstadt: Diese wunderbare Herbstwanderung auf den Rossbrand ist auch f\u00fcr Senioren und mit dem Kinderwagen bestens geeignet. Vom\u00a0Parkplatz\u00a0aus erreicht man in nur 15 Minuten die Radst\u00e4dter H\u00fctte. Oben angekommen wartet ein atemberaubendes 360 \u00b0 Panorama, endlose\u00a0Schwarzbeerfelder und herrliche Bauernkrapfen.\u00a0<\/strong><\/p>\n<p>Den Parkplatz der Radst\u00e4dter H\u00fctte erreicht man ganz bequem \u00fcber eine aussichtsreiche Stra\u00dfe, die direkt im Ortszentrum von Radstadt beginnt und gut ausgeschildert ist. Auf 1.768 m \u00fcber dem Meeresspiegel bittet die Radst\u00e4dter H\u00fctte dann zu Tisch. Die H\u00fcttenwirtsleut`Ilse und Manfred servieren selbst gemachte K\u00f6stlichkeiten.\u00a0<\/p>\n<div class=\"mag-gallery\"><div class=\"row\"><div class=\"col-6 col-sm-4\"><figure><a class=\"thumb-container\" href=\"https:\/\/www.salzburgerland.com\/de\/magazin\/wp-content\/uploads\/2018\/10\/Radstatt-Huette-Parkplatz--1280x1024.jpg\">\t<picture><source media=\"(min-width: 576px)\" srcset=\"https:\/\/www.salzburgerland.com\/de\/magazin\/wp-content\/uploads\/2018\/10\/Radstatt-Huette-Parkplatz--325x209.jpg 325w, https:\/\/www.salzburgerland.com\/de\/magazin\/wp-content\/uploads\/2018\/10\/Radstatt-Huette-Parkplatz--249x160.jpg 249w\" \/><source media=\"(min-width: 0)\" srcset=\"https:\/\/www.salzburgerland.com\/de\/magazin\/wp-content\/uploads\/2018\/10\/Radstatt-Huette-Parkplatz--249x160.jpg 249w, https:\/\/www.salzburgerland.com\/de\/magazin\/wp-content\/uploads\/2018\/10\/Radstatt-Huette-Parkplatz--325x209.jpg 325w\" \/><img decoding=\"async\" alt=\"Ein Wanderer steht an einem Wegweiser auf einem Schotterweg durch ein sonniges, bewaldetes Berggebiet mit geparkten Autos in der N\u00e4he.\" src=\"https:\/\/www.salzburgerland.com\/de\/magazin\/wp-content\/uploads\/2018\/10\/Radstatt-Huette-Parkplatz-.jpg\" \/>\t<\/picture><\/a><\/figure><\/div><div class=\"col-6 col-sm-4\"><figure><a class=\"thumb-container\" href=\"https:\/\/www.salzburgerland.com\/de\/magazin\/wp-content\/uploads\/2018\/10\/Radstatt-Huette-Wanderbus-1280x1024.jpg\">\t<picture><source media=\"(min-width: 576px)\" srcset=\"https:\/\/www.salzburgerland.com\/de\/magazin\/wp-content\/uploads\/2018\/10\/Radstatt-Huette-Wanderbus-325x209.jpg 325w, https:\/\/www.salzburgerland.com\/de\/magazin\/wp-content\/uploads\/2018\/10\/Radstatt-Huette-Wanderbus-249x160.jpg 249w\" \/><source media=\"(min-width: 0)\" srcset=\"https:\/\/www.salzburgerland.com\/de\/magazin\/wp-content\/uploads\/2018\/10\/Radstatt-Huette-Wanderbus-249x160.jpg 249w, https:\/\/www.salzburgerland.com\/de\/magazin\/wp-content\/uploads\/2018\/10\/Radstatt-Huette-Wanderbus-325x209.jpg 325w\" \/><img decoding=\"async\" alt=\"Wanderbus-Fahrplanschild f\u00fcr die Strecke Radstadt-Rossbrand, mit B\u00e4umen und Bergen im Hintergrund.\" src=\"https:\/\/www.salzburgerland.com\/de\/magazin\/wp-content\/uploads\/2018\/10\/Radstatt-Huette-Wanderbus.jpg\" \/>\t<\/picture><\/a><\/figure><\/div><div class=\"col-6 col-sm-4\"><figure><a class=\"thumb-container\" href=\"https:\/\/www.salzburgerland.com\/de\/magazin\/wp-content\/uploads\/2018\/10\/Radstatt-Huette-Rossbrand-Wegweiser-1280x1024.jpg\">\t<picture><source media=\"(min-width: 576px)\" srcset=\"https:\/\/www.salzburgerland.com\/de\/magazin\/wp-content\/uploads\/2018\/10\/Radstatt-Huette-Rossbrand-Wegweiser-325x209.jpg 325w, https:\/\/www.salzburgerland.com\/de\/magazin\/wp-content\/uploads\/2018\/10\/Radstatt-Huette-Rossbrand-Wegweiser-249x160.jpg 249w\" \/><source media=\"(min-width: 0)\" srcset=\"https:\/\/www.salzburgerland.com\/de\/magazin\/wp-content\/uploads\/2018\/10\/Radstatt-Huette-Rossbrand-Wegweiser-249x160.jpg 249w, https:\/\/www.salzburgerland.com\/de\/magazin\/wp-content\/uploads\/2018\/10\/Radstatt-Huette-Rossbrand-Wegweiser-325x209.jpg 325w\" \/><img decoding=\"async\" alt=\"Gelbe Wanderwegweiser mit Richtungen und Zeiten f\u00fcr Wanderungen vor einer Berglandschaft unter einem klaren blauen Himmel.\" src=\"https:\/\/www.salzburgerland.com\/de\/magazin\/wp-content\/uploads\/2018\/10\/Radstatt-Huette-Rossbrand-Wegweiser.jpg\" \/>\t<\/picture><\/a><\/figure><\/div><div class=\"col-6 col-sm-4\"><figure><a class=\"thumb-container\" href=\"https:\/\/www.salzburgerland.com\/de\/magazin\/wp-content\/uploads\/2018\/10\/Radstatt-Huette-Rossbrand-5-1280x1024.jpg\">\t<picture><source media=\"(min-width: 576px)\" srcset=\"https:\/\/www.salzburgerland.com\/de\/magazin\/wp-content\/uploads\/2018\/10\/Radstatt-Huette-Rossbrand-5-325x209.jpg 325w, https:\/\/www.salzburgerland.com\/de\/magazin\/wp-content\/uploads\/2018\/10\/Radstatt-Huette-Rossbrand-5-249x160.jpg 249w\" \/><source media=\"(min-width: 0)\" srcset=\"https:\/\/www.salzburgerland.com\/de\/magazin\/wp-content\/uploads\/2018\/10\/Radstatt-Huette-Rossbrand-5-249x160.jpg 249w, https:\/\/www.salzburgerland.com\/de\/magazin\/wp-content\/uploads\/2018\/10\/Radstatt-Huette-Rossbrand-5-325x209.jpg 325w\" \/><img decoding=\"async\" alt=\"Eine grasbewachsene Almwiese mit fernen B\u00e4umen und Gebirgsketten unter einem klaren blauen Himmel.\" src=\"https:\/\/www.salzburgerland.com\/de\/magazin\/wp-content\/uploads\/2018\/10\/Radstatt-Huette-Rossbrand-5.jpg\" \/>\t<\/picture><\/a><\/figure><\/div><div class=\"col-6 col-sm-4\"><figure><a class=\"thumb-container\" href=\"https:\/\/www.salzburgerland.com\/de\/magazin\/wp-content\/uploads\/2018\/10\/Radstatt-Huette-Aussicht-1280x1024.jpg\">\t<picture><source media=\"(min-width: 576px)\" srcset=\"https:\/\/www.salzburgerland.com\/de\/magazin\/wp-content\/uploads\/2018\/10\/Radstatt-Huette-Aussicht-325x209.jpg 325w, https:\/\/www.salzburgerland.com\/de\/magazin\/wp-content\/uploads\/2018\/10\/Radstatt-Huette-Aussicht-249x160.jpg 249w\" \/><source media=\"(min-width: 0)\" srcset=\"https:\/\/www.salzburgerland.com\/de\/magazin\/wp-content\/uploads\/2018\/10\/Radstatt-Huette-Aussicht-249x160.jpg 249w, https:\/\/www.salzburgerland.com\/de\/magazin\/wp-content\/uploads\/2018\/10\/Radstatt-Huette-Aussicht-325x209.jpg 325w\" \/><img decoding=\"async\" alt=\"Bergwiese mit herbstlichem Gras, vereinzelten B\u00e4umen und fernen Bergen unter einem klaren blauen Himmel.\" src=\"https:\/\/www.salzburgerland.com\/de\/magazin\/wp-content\/uploads\/2018\/10\/Radstatt-Huette-Aussicht.jpg\" \/>\t<\/picture><\/a><\/figure><\/div><div class=\"col-6 col-sm-4\"><figure><a class=\"thumb-container\" href=\"https:\/\/www.salzburgerland.com\/de\/magazin\/wp-content\/uploads\/2018\/10\/Radstatt-Huette-Rossbrand-18-1280x1024.png\">\t<picture><source media=\"(min-width: 576px)\" srcset=\"https:\/\/www.salzburgerland.com\/de\/magazin\/wp-content\/uploads\/2018\/10\/Radstatt-Huette-Rossbrand-18-325x209.png 325w, https:\/\/www.salzburgerland.com\/de\/magazin\/wp-content\/uploads\/2018\/10\/Radstatt-Huette-Rossbrand-18-249x160.png 249w\" \/><source media=\"(min-width: 0)\" srcset=\"https:\/\/www.salzburgerland.com\/de\/magazin\/wp-content\/uploads\/2018\/10\/Radstatt-Huette-Rossbrand-18-249x160.png 249w, https:\/\/www.salzburgerland.com\/de\/magazin\/wp-content\/uploads\/2018\/10\/Radstatt-Huette-Rossbrand-18-325x209.png 325w\" \/><img decoding=\"async\" alt=\"Ein Holzkreuz mit Metallakzenten steht vor einem klaren blauen Himmel.\" src=\"https:\/\/www.salzburgerland.com\/de\/magazin\/wp-content\/uploads\/2018\/10\/Radstatt-Huette-Rossbrand-18.png\" \/>\t<\/picture><\/a><\/figure><\/div><div class=\"col-6 col-sm-4\"><figure><a class=\"thumb-container\" href=\"https:\/\/www.salzburgerland.com\/de\/magazin\/wp-content\/uploads\/2018\/10\/Radstatt-Huette-Rossbrand-11-1280x1024.jpg\">\t<picture><source media=\"(min-width: 576px)\" srcset=\"https:\/\/www.salzburgerland.com\/de\/magazin\/wp-content\/uploads\/2018\/10\/Radstatt-Huette-Rossbrand-11-325x209.jpg 325w, https:\/\/www.salzburgerland.com\/de\/magazin\/wp-content\/uploads\/2018\/10\/Radstatt-Huette-Rossbrand-11-249x160.jpg 249w\" \/><source media=\"(min-width: 0)\" srcset=\"https:\/\/www.salzburgerland.com\/de\/magazin\/wp-content\/uploads\/2018\/10\/Radstatt-Huette-Rossbrand-11-249x160.jpg 249w, https:\/\/www.salzburgerland.com\/de\/magazin\/wp-content\/uploads\/2018\/10\/Radstatt-Huette-Rossbrand-11-325x209.jpg 325w\" \/><img decoding=\"async\" alt=\"Mensch und Hund stehen in der N\u00e4he eines kleinen Teichs auf einer grasbewachsenen H\u00fcgelkuppe, umgeben von B\u00e4umen und Bergen.\" src=\"https:\/\/www.salzburgerland.com\/de\/magazin\/wp-content\/uploads\/2018\/10\/Radstatt-Huette-Rossbrand-11.jpg\" \/>\t<\/picture><\/a><\/figure><\/div><div class=\"col-6 col-sm-4\"><figure><a class=\"thumb-container\" href=\"https:\/\/www.salzburgerland.com\/de\/magazin\/wp-content\/uploads\/2018\/10\/Radstatt-Huette-Rossbrand-13-1280x1024.jpg\">\t<picture><source media=\"(min-width: 576px)\" srcset=\"https:\/\/www.salzburgerland.com\/de\/magazin\/wp-content\/uploads\/2018\/10\/Radstatt-Huette-Rossbrand-13-325x209.jpg 325w, https:\/\/www.salzburgerland.com\/de\/magazin\/wp-content\/uploads\/2018\/10\/Radstatt-Huette-Rossbrand-13-249x160.jpg 249w\" \/><source media=\"(min-width: 0)\" srcset=\"https:\/\/www.salzburgerland.com\/de\/magazin\/wp-content\/uploads\/2018\/10\/Radstatt-Huette-Rossbrand-13-249x160.jpg 249w, https:\/\/www.salzburgerland.com\/de\/magazin\/wp-content\/uploads\/2018\/10\/Radstatt-Huette-Rossbrand-13-325x209.jpg 325w\" \/><img decoding=\"async\" alt=\"Ein mit roten Str\u00e4uchern bewachsener Hang mit hohen immergr\u00fcnen B\u00e4umen und fernen Bergen unter einem klaren blauen Himmel.\" src=\"https:\/\/www.salzburgerland.com\/de\/magazin\/wp-content\/uploads\/2018\/10\/Radstatt-Huette-Rossbrand-13.jpg\" \/>\t<\/picture><\/a><\/figure><\/div><div class=\"col-6 col-sm-4\"><figure><a class=\"thumb-container\" href=\"https:\/\/www.salzburgerland.com\/de\/magazin\/wp-content\/uploads\/2018\/10\/Radstatt-Huette-Rossbrand-17-1280x1024.jpg\">\t<picture><source media=\"(min-width: 576px)\" srcset=\"https:\/\/www.salzburgerland.com\/de\/magazin\/wp-content\/uploads\/2018\/10\/Radstatt-Huette-Rossbrand-17-325x209.jpg 325w, https:\/\/www.salzburgerland.com\/de\/magazin\/wp-content\/uploads\/2018\/10\/Radstatt-Huette-Rossbrand-17-249x160.jpg 249w\" \/><source media=\"(min-width: 0)\" srcset=\"https:\/\/www.salzburgerland.com\/de\/magazin\/wp-content\/uploads\/2018\/10\/Radstatt-Huette-Rossbrand-17-249x160.jpg 249w, https:\/\/www.salzburgerland.com\/de\/magazin\/wp-content\/uploads\/2018\/10\/Radstatt-Huette-Rossbrand-17-325x209.jpg 325w\" \/><img decoding=\"async\" alt=\"Ein grasbewachsener H\u00fcgel mit rotem und goldenem Herbstlaub, vereinzelten Kiefern und einem klaren blauen Himmel.\" src=\"https:\/\/www.salzburgerland.com\/de\/magazin\/wp-content\/uploads\/2018\/10\/Radstatt-Huette-Rossbrand-17.jpg\" \/>\t<\/picture><\/a><\/figure><\/div><div class=\"col-6 col-sm-4\"><figure><a class=\"thumb-container\" href=\"https:\/\/www.salzburgerland.com\/de\/magazin\/wp-content\/uploads\/2018\/10\/Radstatt-Huette-Rossbrand-15-1280x1024.jpg\">\t<picture><source media=\"(min-width: 576px)\" srcset=\"https:\/\/www.salzburgerland.com\/de\/magazin\/wp-content\/uploads\/2018\/10\/Radstatt-Huette-Rossbrand-15-325x209.jpg 325w, https:\/\/www.salzburgerland.com\/de\/magazin\/wp-content\/uploads\/2018\/10\/Radstatt-Huette-Rossbrand-15-249x160.jpg 249w\" \/><source media=\"(min-width: 0)\" srcset=\"https:\/\/www.salzburgerland.com\/de\/magazin\/wp-content\/uploads\/2018\/10\/Radstatt-Huette-Rossbrand-15-249x160.jpg 249w, https:\/\/www.salzburgerland.com\/de\/magazin\/wp-content\/uploads\/2018\/10\/Radstatt-Huette-Rossbrand-15-325x209.jpg 325w\" \/><img decoding=\"async\" alt=\"Sonnige Landschaft mit grasbewachsenem Feld, Kiefern und entfernten Bergen unter einem klaren blauen Himmel.\" src=\"https:\/\/www.salzburgerland.com\/de\/magazin\/wp-content\/uploads\/2018\/10\/Radstatt-Huette-Rossbrand-15.jpg\" \/>\t<\/picture><\/a><\/figure><\/div><div class=\"col-6 col-sm-4\"><figure><a class=\"thumb-container\" href=\"https:\/\/www.salzburgerland.com\/de\/magazin\/wp-content\/uploads\/2018\/10\/Radstatt-Huette-Rossbrand10-1280x1024.jpg\">\t<picture><source media=\"(min-width: 576px)\" srcset=\"https:\/\/www.salzburgerland.com\/de\/magazin\/wp-content\/uploads\/2018\/10\/Radstatt-Huette-Rossbrand10-325x209.jpg 325w, https:\/\/www.salzburgerland.com\/de\/magazin\/wp-content\/uploads\/2018\/10\/Radstatt-Huette-Rossbrand10-249x160.jpg 249w\" \/><source media=\"(min-width: 0)\" srcset=\"https:\/\/www.salzburgerland.com\/de\/magazin\/wp-content\/uploads\/2018\/10\/Radstatt-Huette-Rossbrand10-249x160.jpg 249w, https:\/\/www.salzburgerland.com\/de\/magazin\/wp-content\/uploads\/2018\/10\/Radstatt-Huette-Rossbrand10-325x209.jpg 325w\" \/><img decoding=\"async\" alt=\"Bergpfad mit B\u00e4umen und Herbststr\u00e4uchern mit Blick auf ferne blaue H\u00fcgel unter einem klaren Himmel.\" src=\"https:\/\/www.salzburgerland.com\/de\/magazin\/wp-content\/uploads\/2018\/10\/Radstatt-Huette-Rossbrand10.jpg\" \/>\t<\/picture><\/a><\/figure><\/div><div class=\"col-6 col-sm-4\"><figure><a class=\"thumb-container\" href=\"https:\/\/www.salzburgerland.com\/de\/magazin\/wp-content\/uploads\/2018\/10\/Radstatt-Huette-Rossbrand-Schwarzbeeren-1280x1024.jpg\">\t<picture><source media=\"(min-width: 576px)\" srcset=\"https:\/\/www.salzburgerland.com\/de\/magazin\/wp-content\/uploads\/2018\/10\/Radstatt-Huette-Rossbrand-Schwarzbeeren-325x209.jpg 325w, https:\/\/www.salzburgerland.com\/de\/magazin\/wp-content\/uploads\/2018\/10\/Radstatt-Huette-Rossbrand-Schwarzbeeren-249x160.jpg 249w\" \/><source media=\"(min-width: 0)\" srcset=\"https:\/\/www.salzburgerland.com\/de\/magazin\/wp-content\/uploads\/2018\/10\/Radstatt-Huette-Rossbrand-Schwarzbeeren-249x160.jpg 249w, https:\/\/www.salzburgerland.com\/de\/magazin\/wp-content\/uploads\/2018\/10\/Radstatt-Huette-Rossbrand-Schwarzbeeren-325x209.jpg 325w\" \/><img decoding=\"async\" alt=\"Nahaufnahme von wilden Heidelbeerstr\u00e4uchern mit blauen Beeren und r\u00f6tlichen Bl\u00e4ttern im Sonnenlicht.\" src=\"https:\/\/www.salzburgerland.com\/de\/magazin\/wp-content\/uploads\/2018\/10\/Radstatt-Huette-Rossbrand-Schwarzbeeren.jpg\" \/>\t<\/picture><\/a><\/figure><\/div><div class=\"col-6 col-sm-4\"><figure><a class=\"thumb-container\" href=\"https:\/\/www.salzburgerland.com\/de\/magazin\/wp-content\/uploads\/2018\/10\/Radstatt-Huette-Rossbrand-12-1280x1024.jpg\">\t<picture><source media=\"(min-width: 576px)\" srcset=\"https:\/\/www.salzburgerland.com\/de\/magazin\/wp-content\/uploads\/2018\/10\/Radstatt-Huette-Rossbrand-12-325x209.jpg 325w, https:\/\/www.salzburgerland.com\/de\/magazin\/wp-content\/uploads\/2018\/10\/Radstatt-Huette-Rossbrand-12-249x160.jpg 249w\" \/><source media=\"(min-width: 0)\" srcset=\"https:\/\/www.salzburgerland.com\/de\/magazin\/wp-content\/uploads\/2018\/10\/Radstatt-Huette-Rossbrand-12-249x160.jpg 249w, https:\/\/www.salzburgerland.com\/de\/magazin\/wp-content\/uploads\/2018\/10\/Radstatt-Huette-Rossbrand-12-325x209.jpg 325w\" \/><img decoding=\"async\" alt=\"Eine Hand h\u00e4lt drei kleine Heidelbeeren \u00fcber r\u00f6tlichem Laub im Freien.\" src=\"https:\/\/www.salzburgerland.com\/de\/magazin\/wp-content\/uploads\/2018\/10\/Radstatt-Huette-Rossbrand-12.jpg\" \/>\t<\/picture><\/a><\/figure><\/div><div class=\"col-6 col-sm-4\"><figure><a class=\"thumb-container\" href=\"https:\/\/www.salzburgerland.com\/de\/magazin\/wp-content\/uploads\/2018\/10\/Radstatt-Huette-Rossbrand-3-1280x1024.jpg\">\t<picture><source media=\"(min-width: 576px)\" srcset=\"https:\/\/www.salzburgerland.com\/de\/magazin\/wp-content\/uploads\/2018\/10\/Radstatt-Huette-Rossbrand-3-325x209.jpg 325w, https:\/\/www.salzburgerland.com\/de\/magazin\/wp-content\/uploads\/2018\/10\/Radstatt-Huette-Rossbrand-3-249x160.jpg 249w\" \/><source media=\"(min-width: 0)\" srcset=\"https:\/\/www.salzburgerland.com\/de\/magazin\/wp-content\/uploads\/2018\/10\/Radstatt-Huette-Rossbrand-3-249x160.jpg 249w, https:\/\/www.salzburgerland.com\/de\/magazin\/wp-content\/uploads\/2018\/10\/Radstatt-Huette-Rossbrand-3-325x209.jpg 325w\" \/><img decoding=\"async\" alt=\"Ein Holzhaus mit Blumenk\u00e4sten unter den Fenstern, einem Schild und einem klaren blauen Himmel dar\u00fcber.\" src=\"https:\/\/www.salzburgerland.com\/de\/magazin\/wp-content\/uploads\/2018\/10\/Radstatt-Huette-Rossbrand-3.jpg\" \/>\t<\/picture><\/a><\/figure><\/div><div class=\"col-6 col-sm-4\"><figure><a class=\"thumb-container\" href=\"https:\/\/www.salzburgerland.com\/de\/magazin\/wp-content\/uploads\/2018\/10\/Radstatt-Huette-Rossbrand-Brettljause-1280x1024.jpg\">\t<picture><source media=\"(min-width: 576px)\" srcset=\"https:\/\/www.salzburgerland.com\/de\/magazin\/wp-content\/uploads\/2018\/10\/Radstatt-Huette-Rossbrand-Brettljause-325x209.jpg 325w, https:\/\/www.salzburgerland.com\/de\/magazin\/wp-content\/uploads\/2018\/10\/Radstatt-Huette-Rossbrand-Brettljause-249x160.jpg 249w\" \/><source media=\"(min-width: 0)\" srcset=\"https:\/\/www.salzburgerland.com\/de\/magazin\/wp-content\/uploads\/2018\/10\/Radstatt-Huette-Rossbrand-Brettljause-249x160.jpg 249w, https:\/\/www.salzburgerland.com\/de\/magazin\/wp-content\/uploads\/2018\/10\/Radstatt-Huette-Rossbrand-Brettljause-325x209.jpg 325w\" \/><img decoding=\"async\" alt=\"Ein Teller mit verschiedenen Aufschnitten, Zwiebeln, Essiggurken und einem Glas Bier an einem Tisch im Freien mit Blick auf die Berge.\" src=\"https:\/\/www.salzburgerland.com\/de\/magazin\/wp-content\/uploads\/2018\/10\/Radstatt-Huette-Rossbrand-Brettljause.jpg\" \/>\t<\/picture><\/a><\/figure><\/div><div class=\"col-6 col-sm-4\"><figure><a class=\"thumb-container\" href=\"https:\/\/www.salzburgerland.com\/de\/magazin\/wp-content\/uploads\/2018\/10\/Radstatt-Huette-Bauernkrapfen-1280x1024.jpg\">\t<picture><source media=\"(min-width: 576px)\" srcset=\"https:\/\/www.salzburgerland.com\/de\/magazin\/wp-content\/uploads\/2018\/10\/Radstatt-Huette-Bauernkrapfen-325x209.jpg 325w, https:\/\/www.salzburgerland.com\/de\/magazin\/wp-content\/uploads\/2018\/10\/Radstatt-Huette-Bauernkrapfen-249x160.jpg 249w\" \/><source media=\"(min-width: 0)\" srcset=\"https:\/\/www.salzburgerland.com\/de\/magazin\/wp-content\/uploads\/2018\/10\/Radstatt-Huette-Bauernkrapfen-249x160.jpg 249w, https:\/\/www.salzburgerland.com\/de\/magazin\/wp-content\/uploads\/2018\/10\/Radstatt-Huette-Bauernkrapfen-325x209.jpg 325w\" \/><img decoding=\"async\" alt=\"Ein rundes Geb\u00e4ck mit Marmelade, Schlagsahne und Puderzucker auf einem wei\u00dfen Teller auf einem Marmortisch.\" src=\"https:\/\/www.salzburgerland.com\/de\/magazin\/wp-content\/uploads\/2018\/10\/Radstatt-Huette-Bauernkrapfen.jpg\" \/>\t<\/picture><\/a><\/figure><\/div><div class=\"col-6 col-sm-4\"><figure><a class=\"thumb-container\" href=\"https:\/\/www.salzburgerland.com\/de\/magazin\/wp-content\/uploads\/2018\/10\/Radstatt-Huette-Rossbrand-6-1280x1024.jpg\">\t<picture><source media=\"(min-width: 576px)\" srcset=\"https:\/\/www.salzburgerland.com\/de\/magazin\/wp-content\/uploads\/2018\/10\/Radstatt-Huette-Rossbrand-6-325x209.jpg 325w, https:\/\/www.salzburgerland.com\/de\/magazin\/wp-content\/uploads\/2018\/10\/Radstatt-Huette-Rossbrand-6-249x160.jpg 249w\" \/><source media=\"(min-width: 0)\" srcset=\"https:\/\/www.salzburgerland.com\/de\/magazin\/wp-content\/uploads\/2018\/10\/Radstatt-Huette-Rossbrand-6-249x160.jpg 249w, https:\/\/www.salzburgerland.com\/de\/magazin\/wp-content\/uploads\/2018\/10\/Radstatt-Huette-Rossbrand-6-325x209.jpg 325w\" \/><img decoding=\"async\" alt=\"Wei\u00dfes Metallschild mit der Aufschrift Filzmoos u. Mandling und einem Pfeil, montiert an einer Holzwand im Sonnenlicht.\" src=\"https:\/\/www.salzburgerland.com\/de\/magazin\/wp-content\/uploads\/2018\/10\/Radstatt-Huette-Rossbrand-6.jpg\" \/>\t<\/picture><\/a><\/figure><\/div><div class=\"col-6 col-sm-4\"><figure><a class=\"thumb-container\" href=\"https:\/\/www.salzburgerland.com\/de\/magazin\/wp-content\/uploads\/2018\/10\/Radstatt-Huette-Rossbrand-14-1280x1024.jpg\">\t<picture><source media=\"(min-width: 576px)\" srcset=\"https:\/\/www.salzburgerland.com\/de\/magazin\/wp-content\/uploads\/2018\/10\/Radstatt-Huette-Rossbrand-14-325x209.jpg 325w, https:\/\/www.salzburgerland.com\/de\/magazin\/wp-content\/uploads\/2018\/10\/Radstatt-Huette-Rossbrand-14-249x160.jpg 249w\" \/><source media=\"(min-width: 0)\" srcset=\"https:\/\/www.salzburgerland.com\/de\/magazin\/wp-content\/uploads\/2018\/10\/Radstatt-Huette-Rossbrand-14-249x160.jpg 249w, https:\/\/www.salzburgerland.com\/de\/magazin\/wp-content\/uploads\/2018\/10\/Radstatt-Huette-Rossbrand-14-325x209.jpg 325w\" \/><img decoding=\"async\" alt=\"Ein grasbewachsener H\u00fcgel mit herbstlichen Farben, vereinzelten immergr\u00fcnen B\u00e4umen und einem klaren blauen Himmel.\" src=\"https:\/\/www.salzburgerland.com\/de\/magazin\/wp-content\/uploads\/2018\/10\/Radstatt-Huette-Rossbrand-14.jpg\" \/>\t<\/picture><\/a><\/figure><\/div><div class=\"col-6 col-sm-4\"><figure><a class=\"thumb-container\" href=\"https:\/\/www.salzburgerland.com\/de\/magazin\/wp-content\/uploads\/2018\/10\/Radstatt-Huette-Rossbrand-4-1280x1024.jpg\">\t<picture><source media=\"(min-width: 576px)\" srcset=\"https:\/\/www.salzburgerland.com\/de\/magazin\/wp-content\/uploads\/2018\/10\/Radstatt-Huette-Rossbrand-4-325x209.jpg 325w, https:\/\/www.salzburgerland.com\/de\/magazin\/wp-content\/uploads\/2018\/10\/Radstatt-Huette-Rossbrand-4-249x160.jpg 249w\" \/><source media=\"(min-width: 0)\" srcset=\"https:\/\/www.salzburgerland.com\/de\/magazin\/wp-content\/uploads\/2018\/10\/Radstatt-Huette-Rossbrand-4-249x160.jpg 249w, https:\/\/www.salzburgerland.com\/de\/magazin\/wp-content\/uploads\/2018\/10\/Radstatt-Huette-Rossbrand-4-325x209.jpg 325w\" \/><img decoding=\"async\" alt=\"Gebirgskette mit blauem Himmel, bewaldeten H\u00fcgeln und grasbewachsener Wiese im Vordergrund.\" src=\"https:\/\/www.salzburgerland.com\/de\/magazin\/wp-content\/uploads\/2018\/10\/Radstatt-Huette-Rossbrand-4.jpg\" \/>\t<\/picture><\/a><\/figure><\/div><div class=\"col-6 col-sm-4\"><figure><a class=\"thumb-container\" href=\"https:\/\/www.salzburgerland.com\/de\/magazin\/wp-content\/uploads\/2018\/10\/Radstatt-Huette-Rossbrand-1-1280x1024.jpg\">\t<picture><source media=\"(min-width: 576px)\" srcset=\"https:\/\/www.salzburgerland.com\/de\/magazin\/wp-content\/uploads\/2018\/10\/Radstatt-Huette-Rossbrand-1-325x209.jpg 325w, https:\/\/www.salzburgerland.com\/de\/magazin\/wp-content\/uploads\/2018\/10\/Radstatt-Huette-Rossbrand-1-249x160.jpg 249w\" \/><source media=\"(min-width: 0)\" srcset=\"https:\/\/www.salzburgerland.com\/de\/magazin\/wp-content\/uploads\/2018\/10\/Radstatt-Huette-Rossbrand-1-249x160.jpg 249w, https:\/\/www.salzburgerland.com\/de\/magazin\/wp-content\/uploads\/2018\/10\/Radstatt-Huette-Rossbrand-1-325x209.jpg 325w\" \/><img decoding=\"async\" alt=\"Ein Golden Retriever steht in einem kleinen Teich auf einem grasbewachsenen H\u00fcgel mit Bergen im Hintergrund.\" src=\"https:\/\/www.salzburgerland.com\/de\/magazin\/wp-content\/uploads\/2018\/10\/Radstatt-Huette-Rossbrand-1.jpg\" \/>\t<\/picture><\/a><\/figure><\/div><div class=\"col-6 col-sm-4\"><figure><a class=\"thumb-container\" href=\"https:\/\/www.salzburgerland.com\/de\/magazin\/wp-content\/uploads\/2018\/10\/Radstatt-Huette-Rossbrand2-1280x1024.jpg\">\t<picture><source media=\"(min-width: 576px)\" srcset=\"https:\/\/www.salzburgerland.com\/de\/magazin\/wp-content\/uploads\/2018\/10\/Radstatt-Huette-Rossbrand2-325x209.jpg 325w, https:\/\/www.salzburgerland.com\/de\/magazin\/wp-content\/uploads\/2018\/10\/Radstatt-Huette-Rossbrand2-249x160.jpg 249w\" \/><source media=\"(min-width: 0)\" srcset=\"https:\/\/www.salzburgerland.com\/de\/magazin\/wp-content\/uploads\/2018\/10\/Radstatt-Huette-Rossbrand2-249x160.jpg 249w, https:\/\/www.salzburgerland.com\/de\/magazin\/wp-content\/uploads\/2018\/10\/Radstatt-Huette-Rossbrand2-325x209.jpg 325w\" \/><img decoding=\"async\" alt=\"Eine grasbewachsene Wiese mit herbstlichen Farben, Kiefern und einer entfernten Bergkette unter einem klaren blauen Himmel.\" src=\"https:\/\/www.salzburgerland.com\/de\/magazin\/wp-content\/uploads\/2018\/10\/Radstatt-Huette-Rossbrand2.jpg\" \/>\t<\/picture><\/a><\/figure><\/div><\/div><\/div><figcaption><\/figcaption>\n<p>&nbsp;<\/p>\n<p>&nbsp;<\/p>\n<p>&nbsp;<\/p>\n<p>Mehr \u00fcber <strong>den Hausberg von Radstadt: <a href=\"https:\/\/www.radstadt.com\/de\/ueber-radstadt\/rossbrand-1768-m.html\" target=\"_blank\" rel=\"noopener noreferrer\">radstadt.com<\/a><\/strong><\/p>\n","protected":false},"excerpt":{"rendered":"<p>Hinauf auf den Hausberg von Radstadt: Diese wunderbare Herbstwanderung auf den Rossbrand ist auch f\u00fcr Senioren und mit dem Kinderwagen bestens geeignet. Vom\u00a0Parkplatz\u00a0aus erreicht man in nur 15 Minuten die Radst\u00e4dter H\u00fctte. Oben angekommen wartet ein atemberaubendes 360 \u00b0 Panorama, endlose\u00a0Schwarzbeerfelder und herrliche Bauernkrapfen.\u00a0 Den Parkplatz der Radst\u00e4dter H\u00fctte erreicht man ganz bequem \u00fcber eine [&hellip;]<\/p>\n","protected":false},"author":482,"featured_media":126315,"comment_status":"open","ping_status":"open","sticky":false,"template":"","format":"standard","meta":{"_acf_changed":false,"wl_entities_gutenberg":"","_wl_entity_redirect_enabled":"","footnotes":""},"categories":[8],"tags":[],"wl_entity_type":[306],"monatsauswahl":[87,88,89,90,91],"class_list":["post-126292","post","type-post","status-publish","format-standard","has-post-thumbnail","hentry","category-outdoor-sport","wl_entity_type-article","monatsauswahl-monat_6","monatsauswahl-monat_7","monatsauswahl-monat_8","monatsauswahl-monat_9","monatsauswahl-monat_10"],"acf":[],"yoast_head":"<!-- This site is optimized with the Yoast SEO Premium plugin v27.4 (Yoast SEO v27.4) - https:\/\/yoast.com\/product\/yoast-seo-premium-wordpress\/ -->\n<title>Indian Summer auf der Radst\u00e4dter H\u00fctte - SalzburgerLand Magazin<\/title>\n<meta name=\"description\" content=\"Hinauf auf den Hausberg von Radstadt: Diese wunderbare Herbstwanderung auf den Rossbrand ist auch f\u00fcr Senioren und mit dem Kinderwagen bestens geeignet. Vom\u00a0Parkplatz\u00a0aus erreicht man in nur 15 Minuten die Radst\u00e4dter H\u00fctte. Oben angekommen wartet ein atemberaubendes 360 \u00b0 Panorama, endlose\u00a0Schwarzbeerfelder und herrliche Bauernkrapfen.\u00a0 Den Parkplatz der Radst\u00e4dter H\u00fctte erreicht man ganz bequem \u00fcber eine [&hellip;]\" \/>\n<meta name=\"robots\" content=\"index, follow, max-snippet:-1, max-image-preview:large, max-video-preview:-1\" \/>\n<link rel=\"canonical\" href=\"https:\/\/www.salzburgerland.com\/de\/magazin\/indian-summer-auf-der-radstaetter-huette\/\" \/>\n<meta property=\"og:locale\" content=\"de_DE\" \/>\n<meta property=\"og:type\" content=\"article\" \/>\n<meta property=\"og:title\" content=\"Indian Summer auf der Radst\u00e4dter H\u00fctte\" \/>\n<meta property=\"og:description\" content=\"Hinauf auf den Hausberg von Radstadt: Diese wunderbare Herbstwanderung auf den Rossbrand ist auch f\u00fcr Senioren und mit dem Kinderwagen bestens geeignet. Vom\u00a0Parkplatz\u00a0aus erreicht man in nur 15 Minuten die Radst\u00e4dter H\u00fctte. Oben angekommen wartet ein atemberaubendes 360 \u00b0 Panorama, endlose\u00a0Schwarzbeerfelder und herrliche Bauernkrapfen.\u00a0 Den Parkplatz der Radst\u00e4dter H\u00fctte erreicht man ganz bequem \u00fcber eine [&hellip;]\" \/>\n<meta property=\"og:url\" content=\"https:\/\/www.salzburgerland.com\/de\/magazin\/indian-summer-auf-der-radstaetter-huette\/\" \/>\n<meta property=\"og:site_name\" content=\"SalzburgerLand Magazin\" \/>\n<meta property=\"article:publisher\" content=\"https:\/\/www.facebook.com\/salzburgerland\/\" \/>\n<meta property=\"article:published_time\" content=\"2018-10-10T05:55:32+00:00\" \/>\n<meta property=\"article:modified_time\" content=\"2019-06-26T16:26:38+00:00\" \/>\n<meta property=\"og:image\" content=\"https:\/\/www.salzburgerland.com\/de\/magazin\/wp-content\/uploads\/2018\/10\/Radstatt-Huette-Rossbrand-15.jpg\" \/>\n\t<meta property=\"og:image:width\" content=\"1600\" \/>\n\t<meta property=\"og:image:height\" content=\"1200\" \/>\n\t<meta property=\"og:image:type\" content=\"image\/jpeg\" \/>\n<meta name=\"author\" content=\"Magdalena Lublasser-Fazal\" \/>\n<meta name=\"twitter:card\" content=\"summary_large_image\" \/>\n<meta name=\"twitter:creator\" content=\"@Salzburgerland\" \/>\n<meta name=\"twitter:site\" content=\"@Salzburgerland\" \/>\n<meta name=\"twitter:label1\" content=\"Verfasst von\" \/>\n\t<meta name=\"twitter:data1\" content=\"Magdalena Lublasser-Fazal\" \/>\n\t<meta name=\"twitter:label2\" content=\"Gesch\u00e4tzte Lesezeit\" \/>\n\t<meta name=\"twitter:data2\" content=\"1\u00a0Minute\" \/>\n<script type=\"application\/ld+json\" class=\"yoast-schema-graph\">{\"@context\":\"https:\\\/\\\/schema.org\",\"@graph\":[{\"@type\":\"Article\",\"@id\":\"https:\\\/\\\/www.salzburgerland.com\\\/de\\\/magazin\\\/indian-summer-auf-der-radstaetter-huette\\\/#article\",\"isPartOf\":{\"@id\":\"https:\\\/\\\/www.salzburgerland.com\\\/de\\\/magazin\\\/indian-summer-auf-der-radstaetter-huette\\\/\"},\"author\":{\"name\":\"Magdalena Lublasser-Fazal\",\"@id\":\"https:\\\/\\\/www.salzburgerland.com\\\/de\\\/magazin\\\/#\\\/schema\\\/person\\\/f4e5670b6a3cc9fcea30e5908634464b\"},\"headline\":\"Indian Summer auf der Radst\u00e4dter H\u00fctte\",\"datePublished\":\"2018-10-10T05:55:32+00:00\",\"dateModified\":\"2019-06-26T16:26:38+00:00\",\"mainEntityOfPage\":{\"@id\":\"https:\\\/\\\/www.salzburgerland.com\\\/de\\\/magazin\\\/indian-summer-auf-der-radstaetter-huette\\\/\"},\"wordCount\":124,\"commentCount\":0,\"publisher\":{\"@id\":\"https:\\\/\\\/www.salzburgerland.com\\\/de\\\/magazin\\\/#organization\"},\"image\":{\"@id\":\"https:\\\/\\\/www.salzburgerland.com\\\/de\\\/magazin\\\/indian-summer-auf-der-radstaetter-huette\\\/#primaryimage\"},\"thumbnailUrl\":\"https:\\\/\\\/www.salzburgerland.com\\\/de\\\/magazin\\\/wp-content\\\/uploads\\\/2018\\\/10\\\/Radstatt-Huette-Rossbrand-15.jpg\",\"articleSection\":[\"Outdoor &amp; Sport\"],\"inLanguage\":\"de\",\"potentialAction\":[{\"@type\":\"CommentAction\",\"name\":\"Comment\",\"target\":[\"https:\\\/\\\/www.salzburgerland.com\\\/de\\\/magazin\\\/indian-summer-auf-der-radstaetter-huette\\\/#respond\"]}]},{\"@type\":\"WebPage\",\"@id\":\"https:\\\/\\\/www.salzburgerland.com\\\/de\\\/magazin\\\/indian-summer-auf-der-radstaetter-huette\\\/\",\"url\":\"https:\\\/\\\/www.salzburgerland.com\\\/de\\\/magazin\\\/indian-summer-auf-der-radstaetter-huette\\\/\",\"name\":\"Indian Summer auf der Radst\u00e4dter H\u00fctte - SalzburgerLand Magazin\",\"isPartOf\":{\"@id\":\"https:\\\/\\\/www.salzburgerland.com\\\/de\\\/magazin\\\/#website\"},\"primaryImageOfPage\":{\"@id\":\"https:\\\/\\\/www.salzburgerland.com\\\/de\\\/magazin\\\/indian-summer-auf-der-radstaetter-huette\\\/#primaryimage\"},\"image\":{\"@id\":\"https:\\\/\\\/www.salzburgerland.com\\\/de\\\/magazin\\\/indian-summer-auf-der-radstaetter-huette\\\/#primaryimage\"},\"thumbnailUrl\":\"https:\\\/\\\/www.salzburgerland.com\\\/de\\\/magazin\\\/wp-content\\\/uploads\\\/2018\\\/10\\\/Radstatt-Huette-Rossbrand-15.jpg\",\"datePublished\":\"2018-10-10T05:55:32+00:00\",\"dateModified\":\"2019-06-26T16:26:38+00:00\",\"breadcrumb\":{\"@id\":\"https:\\\/\\\/www.salzburgerland.com\\\/de\\\/magazin\\\/indian-summer-auf-der-radstaetter-huette\\\/#breadcrumb\"},\"inLanguage\":\"de\",\"potentialAction\":[{\"@type\":\"ReadAction\",\"target\":[\"https:\\\/\\\/www.salzburgerland.com\\\/de\\\/magazin\\\/indian-summer-auf-der-radstaetter-huette\\\/\"]}]},{\"@type\":\"ImageObject\",\"inLanguage\":\"de\",\"@id\":\"https:\\\/\\\/www.salzburgerland.com\\\/de\\\/magazin\\\/indian-summer-auf-der-radstaetter-huette\\\/#primaryimage\",\"url\":\"https:\\\/\\\/www.salzburgerland.com\\\/de\\\/magazin\\\/wp-content\\\/uploads\\\/2018\\\/10\\\/Radstatt-Huette-Rossbrand-15.jpg\",\"contentUrl\":\"https:\\\/\\\/www.salzburgerland.com\\\/de\\\/magazin\\\/wp-content\\\/uploads\\\/2018\\\/10\\\/Radstatt-Huette-Rossbrand-15.jpg\",\"width\":1600,\"height\":1200,\"caption\":\"Indian summer im SalzburgerLand.\"},{\"@type\":\"BreadcrumbList\",\"@id\":\"https:\\\/\\\/www.salzburgerland.com\\\/de\\\/magazin\\\/indian-summer-auf-der-radstaetter-huette\\\/#breadcrumb\",\"itemListElement\":[{\"@type\":\"ListItem\",\"position\":1,\"name\":\"Startseite\",\"item\":\"https:\\\/\\\/www.salzburgerland.com\\\/de\\\/magazin\\\/\"},{\"@type\":\"ListItem\",\"position\":2,\"name\":\"Outdoor &amp; Sport\",\"item\":\"https:\\\/\\\/www.salzburgerland.com\\\/de\\\/magazin\\\/thema\\\/outdoor-sport\\\/\"},{\"@type\":\"ListItem\",\"position\":3,\"name\":\"Indian Summer auf der Radst\u00e4dter H\u00fctte\"}]},{\"@type\":\"WebSite\",\"@id\":\"https:\\\/\\\/www.salzburgerland.com\\\/de\\\/magazin\\\/#website\",\"url\":\"https:\\\/\\\/www.salzburgerland.com\\\/de\\\/magazin\\\/\",\"name\":\"SalzburgerLand Magazin\",\"description\":\"Geschichten und Interessantes aus dem SalzburgerLand\",\"publisher\":{\"@id\":\"https:\\\/\\\/www.salzburgerland.com\\\/de\\\/magazin\\\/#organization\"},\"potentialAction\":[{\"@type\":\"SearchAction\",\"target\":{\"@type\":\"EntryPoint\",\"urlTemplate\":\"https:\\\/\\\/www.salzburgerland.com\\\/de\\\/magazin\\\/?s={search_term_string}\"},\"query-input\":{\"@type\":\"PropertyValueSpecification\",\"valueRequired\":true,\"valueName\":\"search_term_string\"}}],\"inLanguage\":\"de\"},{\"@type\":\"Organization\",\"@id\":\"https:\\\/\\\/www.salzburgerland.com\\\/de\\\/magazin\\\/#organization\",\"name\":\"SalzburgerLand Tourismus\",\"url\":\"https:\\\/\\\/www.salzburgerland.com\\\/de\\\/magazin\\\/\",\"logo\":{\"@type\":\"ImageObject\",\"inLanguage\":\"de\",\"@id\":\"https:\\\/\\\/www.salzburgerland.com\\\/de\\\/magazin\\\/#\\\/schema\\\/logo\\\/image\\\/\",\"url\":\"https:\\\/\\\/www.salzburgerland.com\\\/de\\\/magazin\\\/wp-content\\\/uploads\\\/2019\\\/06\\\/salzburgerland-logo1.jpg\",\"contentUrl\":\"https:\\\/\\\/www.salzburgerland.com\\\/de\\\/magazin\\\/wp-content\\\/uploads\\\/2019\\\/06\\\/salzburgerland-logo1.jpg\",\"width\":2011,\"height\":866,\"caption\":\"SalzburgerLand Tourismus\"},\"image\":{\"@id\":\"https:\\\/\\\/www.salzburgerland.com\\\/de\\\/magazin\\\/#\\\/schema\\\/logo\\\/image\\\/\"},\"sameAs\":[\"https:\\\/\\\/www.facebook.com\\\/salzburgerland\\\/\",\"https:\\\/\\\/x.com\\\/Salzburgerland\",\"https:\\\/\\\/www.instagram.com\\\/salzburgerland\\\/\",\"https:\\\/\\\/at.linkedin.com\\\/company\\\/salzburgerland-tourismus-gmbh\",\"https:\\\/\\\/www.pinterest.at\\\/salzburgerland\\\/\",\"https:\\\/\\\/www.youtube.com\\\/user\\\/salzburgerland\",\"https:\\\/\\\/de.wikipedia.org\\\/wiki\\\/SalzburgerLand_Tourismus_GmbH\"]},{\"@type\":\"Person\",\"@id\":\"https:\\\/\\\/www.salzburgerland.com\\\/de\\\/magazin\\\/#\\\/schema\\\/person\\\/f4e5670b6a3cc9fcea30e5908634464b\",\"name\":\"Magdalena Lublasser-Fazal\",\"description\":\"Geboren im sch\u00f6nen Pinzgau, aufgewachsen in der kulturtr\u00e4chtigen Salzburger Altstadt und sesshaft geworden im Flachgau ist Magdalena Fazal-Ahmad ein Salzburgerin mit Leib und Seele. Dabei ist es die einzigartige Mischung, die f\u00fcr sie die Faszination ihrer Heimat ausmacht. An einem fr\u00fchen Fr\u00fchlingsmorgen den Sonnenaufgang hinter den Berggipfeln erleben, mit dem Fahrrad durch die Altstadt radeln und dabei Geschichte und Architektur bewundern und den Nachmittagskaffee auf der Sonnenterasse am M\u00f6nchsberg genie\u00dfen - so sieht ihr perfekter Tag aus. Wenn der Abend dann noch mit einem Sonnenuntergang am Gaisberg ausklingt, ist die Idylle perfekt.\u00a0 In Ihrer Freizeit besch\u00e4ftigt sie sich gerne mit Sport, Kultur, Kulinarik und Tradition. Und gl\u00fccklicherweise kann sie diese Interessen in ihrer Berufung als Freie Journalistin so sch\u00f6n vereinen. Fr\u00fchling, Sommer, Herbst oder Winter? Jede Jahreszeit hat ihre sch\u00f6nen Seiten und gerade diese Vielfalt ist es, die mir bestimmt abgehen w\u00fcrde, wenn ich in einer anderen Klimazone wohnen w\u00fcrde. Meine Mama sagt immer, das man die Jahreszeit am liebsten mag, in der man geboren ist. Und als M\u00e4rz-Kind hab ich den Fr\u00fchling schon besonders gerne. Morgen- oder Abendmensch? Definitiv Morgenmensch! Nichts ist sch\u00f6ner, als das Gef\u00fchl bereits vor Sonnenaufgang unterwegs zu sein und die einzigartige Stimmung beim Morgenlauf zu genie\u00dfen. So kann der Tag nur gut werden. Den Abend lasse ich am liebsten gem\u00fctlich bei einer Tasse Tee ausklingen. Salzburger Nockerl oder Schwarzbeernocken? Auch wenn der s\u00fc\u00dfe Eischnee f\u00fcr die imposanten Gipfel der Salzburger Berge steht sind mir die Schwarzbeernocken schon lieber - weniger s\u00fc\u00df und daf\u00fcr umso fruchtiger. Am besten schmecken sie nat\u00fcrlich mit selbstgepfl\u00fcckten Schwoazbeern von der morgendlichen Almwanderung. Haubenlokal oder Ab-Hof-Laden? So ein f\u00fcnf G\u00e4nge Men\u00fc mit ausgefallenen Kreationen ist schon ein besonderes Erlebnis und ein Mal im Jahr freue ich mich \u00fcber einen Ausflug in die Haute Cuisine. Der w\u00f6chentlichen Einkauf beim Bauern ums Eck ist ein fixer Bestandteil meines Alltags. Mountainbike oder Rennrad? Je nach Stimmung: Zum richtigen Auspowern und Wadlst\u00e4hlen geht`s mit dem Mountainbike \u00fcber Stock und Stein auf den Gaisberg, um den Kopf frei zu machen wird mit dem Rennrad eine Runde durchs Salzburger Seengebiet gedreht. &nbsp; &nbsp; &nbsp; &nbsp;\",\"url\":\"https:\\\/\\\/www.salzburgerland.com\\\/de\\\/magazin\\\/author\\\/magdalena-lublasser-fazal\\\/\"}]}<\/script>\n<!-- \/ Yoast SEO Premium plugin. -->","yoast_head_json":{"title":"Indian Summer auf der Radst\u00e4dter H\u00fctte - SalzburgerLand Magazin","description":"Hinauf auf den Hausberg von Radstadt: Diese wunderbare Herbstwanderung auf den Rossbrand ist auch f\u00fcr Senioren und mit dem Kinderwagen bestens geeignet. Vom\u00a0Parkplatz\u00a0aus erreicht man in nur 15 Minuten die Radst\u00e4dter H\u00fctte. Oben angekommen wartet ein atemberaubendes 360 \u00b0 Panorama, endlose\u00a0Schwarzbeerfelder und herrliche Bauernkrapfen.\u00a0 Den Parkplatz der Radst\u00e4dter H\u00fctte erreicht man ganz bequem \u00fcber eine [&hellip;]","robots":{"index":"index","follow":"follow","max-snippet":"max-snippet:-1","max-image-preview":"max-image-preview:large","max-video-preview":"max-video-preview:-1"},"canonical":"https:\/\/www.salzburgerland.com\/de\/magazin\/indian-summer-auf-der-radstaetter-huette\/","og_locale":"de_DE","og_type":"article","og_title":"Indian Summer auf der Radst\u00e4dter H\u00fctte","og_description":"Hinauf auf den Hausberg von Radstadt: Diese wunderbare Herbstwanderung auf den Rossbrand ist auch f\u00fcr Senioren und mit dem Kinderwagen bestens geeignet. Vom\u00a0Parkplatz\u00a0aus erreicht man in nur 15 Minuten die Radst\u00e4dter H\u00fctte. Oben angekommen wartet ein atemberaubendes 360 \u00b0 Panorama, endlose\u00a0Schwarzbeerfelder und herrliche Bauernkrapfen.\u00a0 Den Parkplatz der Radst\u00e4dter H\u00fctte erreicht man ganz bequem \u00fcber eine [&hellip;]","og_url":"https:\/\/www.salzburgerland.com\/de\/magazin\/indian-summer-auf-der-radstaetter-huette\/","og_site_name":"SalzburgerLand Magazin","article_publisher":"https:\/\/www.facebook.com\/salzburgerland\/","article_published_time":"2018-10-10T05:55:32+00:00","article_modified_time":"2019-06-26T16:26:38+00:00","og_image":[{"width":1600,"height":1200,"url":"https:\/\/www.salzburgerland.com\/de\/magazin\/wp-content\/uploads\/2018\/10\/Radstatt-Huette-Rossbrand-15.jpg","type":"image\/jpeg"}],"author":"Magdalena Lublasser-Fazal","twitter_card":"summary_large_image","twitter_creator":"@Salzburgerland","twitter_site":"@Salzburgerland","twitter_misc":{"Verfasst von":"Magdalena Lublasser-Fazal","Gesch\u00e4tzte Lesezeit":"1\u00a0Minute"},"schema":{"@context":"https:\/\/schema.org","@graph":[{"@type":"Article","@id":"https:\/\/www.salzburgerland.com\/de\/magazin\/indian-summer-auf-der-radstaetter-huette\/#article","isPartOf":{"@id":"https:\/\/www.salzburgerland.com\/de\/magazin\/indian-summer-auf-der-radstaetter-huette\/"},"author":{"name":"Magdalena Lublasser-Fazal","@id":"https:\/\/www.salzburgerland.com\/de\/magazin\/#\/schema\/person\/f4e5670b6a3cc9fcea30e5908634464b"},"headline":"Indian Summer auf der Radst\u00e4dter H\u00fctte","datePublished":"2018-10-10T05:55:32+00:00","dateModified":"2019-06-26T16:26:38+00:00","mainEntityOfPage":{"@id":"https:\/\/www.salzburgerland.com\/de\/magazin\/indian-summer-auf-der-radstaetter-huette\/"},"wordCount":124,"commentCount":0,"publisher":{"@id":"https:\/\/www.salzburgerland.com\/de\/magazin\/#organization"},"image":{"@id":"https:\/\/www.salzburgerland.com\/de\/magazin\/indian-summer-auf-der-radstaetter-huette\/#primaryimage"},"thumbnailUrl":"https:\/\/www.salzburgerland.com\/de\/magazin\/wp-content\/uploads\/2018\/10\/Radstatt-Huette-Rossbrand-15.jpg","articleSection":["Outdoor &amp; Sport"],"inLanguage":"de","potentialAction":[{"@type":"CommentAction","name":"Comment","target":["https:\/\/www.salzburgerland.com\/de\/magazin\/indian-summer-auf-der-radstaetter-huette\/#respond"]}]},{"@type":"WebPage","@id":"https:\/\/www.salzburgerland.com\/de\/magazin\/indian-summer-auf-der-radstaetter-huette\/","url":"https:\/\/www.salzburgerland.com\/de\/magazin\/indian-summer-auf-der-radstaetter-huette\/","name":"Indian Summer auf der Radst\u00e4dter H\u00fctte - SalzburgerLand Magazin","isPartOf":{"@id":"https:\/\/www.salzburgerland.com\/de\/magazin\/#website"},"primaryImageOfPage":{"@id":"https:\/\/www.salzburgerland.com\/de\/magazin\/indian-summer-auf-der-radstaetter-huette\/#primaryimage"},"image":{"@id":"https:\/\/www.salzburgerland.com\/de\/magazin\/indian-summer-auf-der-radstaetter-huette\/#primaryimage"},"thumbnailUrl":"https:\/\/www.salzburgerland.com\/de\/magazin\/wp-content\/uploads\/2018\/10\/Radstatt-Huette-Rossbrand-15.jpg","datePublished":"2018-10-10T05:55:32+00:00","dateModified":"2019-06-26T16:26:38+00:00","breadcrumb":{"@id":"https:\/\/www.salzburgerland.com\/de\/magazin\/indian-summer-auf-der-radstaetter-huette\/#breadcrumb"},"inLanguage":"de","potentialAction":[{"@type":"ReadAction","target":["https:\/\/www.salzburgerland.com\/de\/magazin\/indian-summer-auf-der-radstaetter-huette\/"]}]},{"@type":"ImageObject","inLanguage":"de","@id":"https:\/\/www.salzburgerland.com\/de\/magazin\/indian-summer-auf-der-radstaetter-huette\/#primaryimage","url":"https:\/\/www.salzburgerland.com\/de\/magazin\/wp-content\/uploads\/2018\/10\/Radstatt-Huette-Rossbrand-15.jpg","contentUrl":"https:\/\/www.salzburgerland.com\/de\/magazin\/wp-content\/uploads\/2018\/10\/Radstatt-Huette-Rossbrand-15.jpg","width":1600,"height":1200,"caption":"Indian summer im SalzburgerLand."},{"@type":"BreadcrumbList","@id":"https:\/\/www.salzburgerland.com\/de\/magazin\/indian-summer-auf-der-radstaetter-huette\/#breadcrumb","itemListElement":[{"@type":"ListItem","position":1,"name":"Startseite","item":"https:\/\/www.salzburgerland.com\/de\/magazin\/"},{"@type":"ListItem","position":2,"name":"Outdoor &amp; Sport","item":"https:\/\/www.salzburgerland.com\/de\/magazin\/thema\/outdoor-sport\/"},{"@type":"ListItem","position":3,"name":"Indian Summer auf der Radst\u00e4dter H\u00fctte"}]},{"@type":"WebSite","@id":"https:\/\/www.salzburgerland.com\/de\/magazin\/#website","url":"https:\/\/www.salzburgerland.com\/de\/magazin\/","name":"SalzburgerLand Magazin","description":"Geschichten und Interessantes aus dem SalzburgerLand","publisher":{"@id":"https:\/\/www.salzburgerland.com\/de\/magazin\/#organization"},"potentialAction":[{"@type":"SearchAction","target":{"@type":"EntryPoint","urlTemplate":"https:\/\/www.salzburgerland.com\/de\/magazin\/?s={search_term_string}"},"query-input":{"@type":"PropertyValueSpecification","valueRequired":true,"valueName":"search_term_string"}}],"inLanguage":"de"},{"@type":"Organization","@id":"https:\/\/www.salzburgerland.com\/de\/magazin\/#organization","name":"SalzburgerLand Tourismus","url":"https:\/\/www.salzburgerland.com\/de\/magazin\/","logo":{"@type":"ImageObject","inLanguage":"de","@id":"https:\/\/www.salzburgerland.com\/de\/magazin\/#\/schema\/logo\/image\/","url":"https:\/\/www.salzburgerland.com\/de\/magazin\/wp-content\/uploads\/2019\/06\/salzburgerland-logo1.jpg","contentUrl":"https:\/\/www.salzburgerland.com\/de\/magazin\/wp-content\/uploads\/2019\/06\/salzburgerland-logo1.jpg","width":2011,"height":866,"caption":"SalzburgerLand Tourismus"},"image":{"@id":"https:\/\/www.salzburgerland.com\/de\/magazin\/#\/schema\/logo\/image\/"},"sameAs":["https:\/\/www.facebook.com\/salzburgerland\/","https:\/\/x.com\/Salzburgerland","https:\/\/www.instagram.com\/salzburgerland\/","https:\/\/at.linkedin.com\/company\/salzburgerland-tourismus-gmbh","https:\/\/www.pinterest.at\/salzburgerland\/","https:\/\/www.youtube.com\/user\/salzburgerland","https:\/\/de.wikipedia.org\/wiki\/SalzburgerLand_Tourismus_GmbH"]},{"@type":"Person","@id":"https:\/\/www.salzburgerland.com\/de\/magazin\/#\/schema\/person\/f4e5670b6a3cc9fcea30e5908634464b","name":"Magdalena Lublasser-Fazal","description":"Geboren im sch\u00f6nen Pinzgau, aufgewachsen in der kulturtr\u00e4chtigen Salzburger Altstadt und sesshaft geworden im Flachgau ist Magdalena Fazal-Ahmad ein Salzburgerin mit Leib und Seele. Dabei ist es die einzigartige Mischung, die f\u00fcr sie die Faszination ihrer Heimat ausmacht. An einem fr\u00fchen Fr\u00fchlingsmorgen den Sonnenaufgang hinter den Berggipfeln erleben, mit dem Fahrrad durch die Altstadt radeln und dabei Geschichte und Architektur bewundern und den Nachmittagskaffee auf der Sonnenterasse am M\u00f6nchsberg genie\u00dfen - so sieht ihr perfekter Tag aus. Wenn der Abend dann noch mit einem Sonnenuntergang am Gaisberg ausklingt, ist die Idylle perfekt.\u00a0 In Ihrer Freizeit besch\u00e4ftigt sie sich gerne mit Sport, Kultur, Kulinarik und Tradition. Und gl\u00fccklicherweise kann sie diese Interessen in ihrer Berufung als Freie Journalistin so sch\u00f6n vereinen. Fr\u00fchling, Sommer, Herbst oder Winter? Jede Jahreszeit hat ihre sch\u00f6nen Seiten und gerade diese Vielfalt ist es, die mir bestimmt abgehen w\u00fcrde, wenn ich in einer anderen Klimazone wohnen w\u00fcrde. Meine Mama sagt immer, das man die Jahreszeit am liebsten mag, in der man geboren ist. Und als M\u00e4rz-Kind hab ich den Fr\u00fchling schon besonders gerne. Morgen- oder Abendmensch? Definitiv Morgenmensch! Nichts ist sch\u00f6ner, als das Gef\u00fchl bereits vor Sonnenaufgang unterwegs zu sein und die einzigartige Stimmung beim Morgenlauf zu genie\u00dfen. So kann der Tag nur gut werden. Den Abend lasse ich am liebsten gem\u00fctlich bei einer Tasse Tee ausklingen. Salzburger Nockerl oder Schwarzbeernocken? Auch wenn der s\u00fc\u00dfe Eischnee f\u00fcr die imposanten Gipfel der Salzburger Berge steht sind mir die Schwarzbeernocken schon lieber - weniger s\u00fc\u00df und daf\u00fcr umso fruchtiger. Am besten schmecken sie nat\u00fcrlich mit selbstgepfl\u00fcckten Schwoazbeern von der morgendlichen Almwanderung. Haubenlokal oder Ab-Hof-Laden? So ein f\u00fcnf G\u00e4nge Men\u00fc mit ausgefallenen Kreationen ist schon ein besonderes Erlebnis und ein Mal im Jahr freue ich mich \u00fcber einen Ausflug in die Haute Cuisine. Der w\u00f6chentlichen Einkauf beim Bauern ums Eck ist ein fixer Bestandteil meines Alltags. Mountainbike oder Rennrad? Je nach Stimmung: Zum richtigen Auspowern und Wadlst\u00e4hlen geht`s mit dem Mountainbike \u00fcber Stock und Stein auf den Gaisberg, um den Kopf frei zu machen wird mit dem Rennrad eine Runde durchs Salzburger Seengebiet gedreht. &nbsp; &nbsp; &nbsp; &nbsp;","url":"https:\/\/www.salzburgerland.com\/de\/magazin\/author\/magdalena-lublasser-fazal\/"}]}},"_wl_alt_label":[],"wl:entity_url":"http:\/\/open.salzburgerland.com\/magazin\/post\/indian_summer_auf_der_radstaedter_huette","_links":{"self":[{"href":"https:\/\/www.salzburgerland.com\/de\/magazin\/wp-json\/wp\/v2\/posts\/126292","targetHints":{"allow":["GET"]}}],"collection":[{"href":"https:\/\/www.salzburgerland.com\/de\/magazin\/wp-json\/wp\/v2\/posts"}],"about":[{"href":"https:\/\/www.salzburgerland.com\/de\/magazin\/wp-json\/wp\/v2\/types\/post"}],"author":[{"embeddable":true,"href":"https:\/\/www.salzburgerland.com\/de\/magazin\/wp-json\/wp\/v2\/users\/482"}],"replies":[{"embeddable":true,"href":"https:\/\/www.salzburgerland.com\/de\/magazin\/wp-json\/wp\/v2\/comments?post=126292"}],"version-history":[{"count":0,"href":"https:\/\/www.salzburgerland.com\/de\/magazin\/wp-json\/wp\/v2\/posts\/126292\/revisions"}],"wp:featuredmedia":[{"embeddable":true,"href":"https:\/\/www.salzburgerland.com\/de\/magazin\/wp-json\/wp\/v2\/media\/126315"}],"wp:attachment":[{"href":"https:\/\/www.salzburgerland.com\/de\/magazin\/wp-json\/wp\/v2\/media?parent=126292"}],"wp:term":[{"taxonomy":"category","embeddable":true,"href":"https:\/\/www.salzburgerland.com\/de\/magazin\/wp-json\/wp\/v2\/categories?post=126292"},{"taxonomy":"post_tag","embeddable":true,"href":"https:\/\/www.salzburgerland.com\/de\/magazin\/wp-json\/wp\/v2\/tags?post=126292"},{"taxonomy":"wl_entity_type","embeddable":true,"href":"https:\/\/www.salzburgerland.com\/de\/magazin\/wp-json\/wp\/v2\/wl_entity_type?post=126292"},{"taxonomy":"monatsauswahl","embeddable":true,"href":"https:\/\/www.salzburgerland.com\/de\/magazin\/wp-json\/wp\/v2\/monatsauswahl?post=126292"}],"curies":[{"name":"wp","href":"https:\/\/api.w.org\/{rel}","templated":true}]}}