{"id":125395,"date":"2018-09-12T08:00:06","date_gmt":"2018-09-12T06:00:06","guid":{"rendered":"https:\/\/www.salzburgerland.com\/de\/magazin\/?p=125395"},"modified":"2024-10-10T10:40:17","modified_gmt":"2024-10-10T08:40:17","slug":"tour-auf-die-bleckwand","status":"publish","type":"post","link":"https:\/\/www.salzburgerland.com\/de\/magazin\/tour-auf-die-bleckwand\/","title":{"rendered":"Tour auf die Bleckwand"},"content":{"rendered":"\n<h2 class=\"wp-block-slt-subtitle\">Mit Panaoramablick auf den Wolfgangsee<\/h2>\n\n\n\n<p class=\"wp-block-slt-intro\">Eine Tour auf die Bleckwand bei Strobl am Wolfgangsee ist ein ganz besonderes Erlebnis. Sie ist sozusagen DER Aussichtsberg vieler Einheimischer und das nicht ohne Grund: Das Panorama am Gipfelkreuz ist einfach atemberaubend, vor allem der Wolfgangsee, der ringsum von den umliegenden Bergen eingekesselt wird, erinnert an einen Blick ins M\u00e4rchenbuch.<\/p>\n\n\n\n<p>Auch wir haben uns an den Aufstieg gewagt. Zuerst der Flei\u00df, dann der Preis. Wobei der Aufwand den man zum Gipfel investieren m\u00f6chte, je nach k\u00f6rperlicher Verfassung und Tatendrang sehr individuell gew\u00e4hlt werden kann. Im Grunde gibt es drei M\u00f6glichkeiten, die Bleckwand zu erklimmen. Mit dem Auto, mit dem Rad oder zu Fu\u00df, wobei bei jeder M\u00f6glichkeit ein Fu\u00dfmarsch auf die letzten circa 200 H\u00f6henmeter nicht ausbleibt.<\/p>\n\n\n\n<p>Mit dem Auto f\u00e4hrt man von der B158 Richtung Bleckwand. Nach etwa einem Kilometer erreicht man einen Schranken bei welchem eine Mautgeb\u00fchr von \u20ac 8,- f\u00fcr PKW&#8217;s zu entrichten ist. Von der Mautschranke bis zum Parkplatz Bleckwandh\u00fctte f\u00e4hrt man noch ca. 10 bis 15 Minuten die relativ schmale Mautstra\u00dfe entlang. Sollte dieser \u00fcberf\u00fcllt sein \u2013 ein paar Meter weiter befindet sich ein weiterer Parkplatz an der Jausenstation Illigbauer. Von dort geht man noch ungef\u00e4hr 40 Minuten auf den Gipfel.<\/p>\n\n\n\n<p>Mit dem Rad verh\u00e4lt es sich gleich wie mit der Autoanfahrt, allerdings wird f\u00fcr Radfahrer keine Mautgeb\u00fchr f\u00e4llig.<\/p>\n\n\n\n<h2 class=\"wp-block-heading\" id=\"h-schritt-fur-schritt-bergauf\">Schritt f\u00fcr Schritt bergauf<\/h2>\n\n\n\n<p>Zu Fu\u00df startet man am besten bei der Sommerrodelbahn in Strobl. Von dort geht man beim &#8222;Leitnerbauern&#8220; vorbei hinein in den schattigen Wald. An der Abzweigung Rundweg 15 folgt man dem Steig 876. Man erreicht schlie\u00dflich die Bleckwandh\u00fctte, die ebenfalls mit einer top Aussicht begeistert. Weiter geht es \u00fcber einige Forststra\u00dfen, bis man sich schlie\u00dflich am Gipfelr\u00fccken befindet. Nur noch wenige Meter sind es von dieser Stelle bis zum 1.541 m hoch gelegenen Gipfelkreuz. Circa 3 Stunden dauert der Aufstieg zum Gipfelkreuz, der mit einer fulminaten Aussicht \u00fcber die Wolfgangseeregion belohnt wird.<\/p>\n\n\n\n<figure class=\"wp-block-embed is-type-video is-provider-youtube wp-block-embed-youtube wp-embed-aspect-16-9 wp-has-aspect-ratio\"><div class=\"wp-block-embed__wrapper\">\n<iframe loading=\"lazy\" title=\"Bleckwand\/\/Strobl am Wolfgangsee\" width=\"640\" height=\"360\" src=\"https:\/\/www.youtube-nocookie.com\/embed\/GpWnVeXZov8?feature=oembed&#038;rel=0&#038;modestbranding=1\" frameborder=\"0\" allow=\"accelerometer; autoplay; clipboard-write; encrypted-media; gyroscope; picture-in-picture; web-share\" referrerpolicy=\"strict-origin-when-cross-origin\" allowfullscreen><\/iframe>\n<\/div><\/figure>\n\n\n\n<h2 class=\"wp-block-heading\" id=\"h-grandiose-aussicht\">Grandiose Aussicht<\/h2>\n\n\n\n<p>Einmal das Gipfelkreuz erreicht, kommt man aus dem Staunen oft gar nicht mehr raus. Egal in welche Himmelsrichtung man sich dreht, entweder imponieren facettenreiche Bergketten den Sehnerv oder das klare, schillernde Blau des Wolfgangsee l\u00e4sst den Beobachter in Trance fallen.<\/p>\n\n\n<div class=\"mag-gallery\"><div class=\"row\"><div class=\"col-6 col-sm-4\"><figure><a class=\"thumb-container\" href=\"https:\/\/www.salzburgerland.com\/de\/magazin\/wp-content\/uploads\/2018\/08\/DSC2317-1280x1024.jpg\">\t<picture><source media=\"(min-width: 576px)\" srcset=\"https:\/\/www.salzburgerland.com\/de\/magazin\/wp-content\/uploads\/2018\/08\/DSC2317-325x209.jpg 325w, https:\/\/www.salzburgerland.com\/de\/magazin\/wp-content\/uploads\/2018\/08\/DSC2317-249x160.jpg 249w\"><\/source><source media=\"(min-width: 0)\" srcset=\"https:\/\/www.salzburgerland.com\/de\/magazin\/wp-content\/uploads\/2018\/08\/DSC2317-249x160.jpg 249w, https:\/\/www.salzburgerland.com\/de\/magazin\/wp-content\/uploads\/2018\/08\/DSC2317-325x209.jpg 325w\"><\/source><img decoding=\"async\" alt=\"Gelbe Wandertafel mit Wegweiser zur Bleckwand und Bleckwandh&uuml;tte auf 1516 Metern H&ouml;he, im Hintergrund ein Wanderweg.\" src=\"https:\/\/www.salzburgerland.com\/de\/magazin\/wp-content\/uploads\/2018\/08\/DSC2317.jpg\">\t<\/picture><\/a><\/figure><\/div><div class=\"col-6 col-sm-4\"><figure><a class=\"thumb-container\" href=\"https:\/\/www.salzburgerland.com\/de\/magazin\/wp-content\/uploads\/2018\/08\/DSC2319-1280x1024.jpg\">\t<picture><source media=\"(min-width: 576px)\" srcset=\"https:\/\/www.salzburgerland.com\/de\/magazin\/wp-content\/uploads\/2018\/08\/DSC2319-325x209.jpg 325w, https:\/\/www.salzburgerland.com\/de\/magazin\/wp-content\/uploads\/2018\/08\/DSC2319-249x160.jpg 249w\"><\/source><source media=\"(min-width: 0)\" srcset=\"https:\/\/www.salzburgerland.com\/de\/magazin\/wp-content\/uploads\/2018\/08\/DSC2319-249x160.jpg 249w, https:\/\/www.salzburgerland.com\/de\/magazin\/wp-content\/uploads\/2018\/08\/DSC2319-325x209.jpg 325w\"><\/source><img decoding=\"async\" alt=\"Eine braun-wei&szlig;e Kuh, die im Gras liegt, mit einer Scheune und Bergen im Hintergrund.\" src=\"https:\/\/www.salzburgerland.com\/de\/magazin\/wp-content\/uploads\/2018\/08\/DSC2319.jpg\">\t<\/picture><\/a><\/figure><\/div><div class=\"col-6 col-sm-4\"><figure><a class=\"thumb-container\" href=\"https:\/\/www.salzburgerland.com\/de\/magazin\/wp-content\/uploads\/2018\/08\/DSC2407-1280x1024.jpg\">\t<picture><source media=\"(min-width: 576px)\" srcset=\"https:\/\/www.salzburgerland.com\/de\/magazin\/wp-content\/uploads\/2018\/08\/DSC2407-325x209.jpg 325w, https:\/\/www.salzburgerland.com\/de\/magazin\/wp-content\/uploads\/2018\/08\/DSC2407-249x160.jpg 249w\"><\/source><source media=\"(min-width: 0)\" srcset=\"https:\/\/www.salzburgerland.com\/de\/magazin\/wp-content\/uploads\/2018\/08\/DSC2407-249x160.jpg 249w, https:\/\/www.salzburgerland.com\/de\/magazin\/wp-content\/uploads\/2018\/08\/DSC2407-325x209.jpg 325w\"><\/source><img decoding=\"async\" alt=\"Sonnenuntergang &uuml;ber den Bergen mit hohen Kiefern als Silhouette im Vordergrund und Wolken am Himmel.\" src=\"https:\/\/www.salzburgerland.com\/de\/magazin\/wp-content\/uploads\/2018\/08\/DSC2407.jpg\">\t<\/picture><\/a><\/figure><\/div><\/div><figcaption><\/figcaption><\/div>\n\n\n<div class=\"mag-gallery\"><div class=\"row\"><div class=\"col-6 col-sm-4\"><figure><a class=\"thumb-container\" href=\"https:\/\/www.salzburgerland.com\/de\/magazin\/wp-content\/uploads\/2018\/08\/20180820_111416-1280x1024.jpg\">\t<picture><source media=\"(min-width: 576px)\" srcset=\"https:\/\/www.salzburgerland.com\/de\/magazin\/wp-content\/uploads\/2018\/08\/20180820_111416-325x209.jpg 325w, https:\/\/www.salzburgerland.com\/de\/magazin\/wp-content\/uploads\/2018\/08\/20180820_111416-249x160.jpg 249w\"><\/source><source media=\"(min-width: 0)\" srcset=\"https:\/\/www.salzburgerland.com\/de\/magazin\/wp-content\/uploads\/2018\/08\/20180820_111416-249x160.jpg 249w, https:\/\/www.salzburgerland.com\/de\/magazin\/wp-content\/uploads\/2018\/08\/20180820_111416-325x209.jpg 325w\"><\/source><img decoding=\"async\" alt=\"Eine Landstra&szlig;e mit einer Schranke und einem deutschen Schild, das besagt, dass am Haus kein Bargeld umgetauscht werden darf und kein Pf&ouml;rtner anwesend ist.\" src=\"https:\/\/www.salzburgerland.com\/de\/magazin\/wp-content\/uploads\/2018\/08\/20180820_111416.jpg\">\t<\/picture><\/a><\/figure><\/div><div class=\"col-6 col-sm-4\"><figure><a class=\"thumb-container\" href=\"https:\/\/www.salzburgerland.com\/de\/magazin\/wp-content\/uploads\/2018\/08\/20180820_110724-1280x1024.jpg\">\t<picture><source media=\"(min-width: 576px)\" srcset=\"https:\/\/www.salzburgerland.com\/de\/magazin\/wp-content\/uploads\/2018\/08\/20180820_110724-325x209.jpg 325w, https:\/\/www.salzburgerland.com\/de\/magazin\/wp-content\/uploads\/2018\/08\/20180820_110724-249x160.jpg 249w\"><\/source><source media=\"(min-width: 0)\" srcset=\"https:\/\/www.salzburgerland.com\/de\/magazin\/wp-content\/uploads\/2018\/08\/20180820_110724-249x160.jpg 249w, https:\/\/www.salzburgerland.com\/de\/magazin\/wp-content\/uploads\/2018\/08\/20180820_110724-325x209.jpg 325w\"><\/source><img decoding=\"async\" alt=\"Ein Stra&szlig;enrand mit Holzstapeln, Wald, Stra&szlig;enschildern und einem kleinen Holzschuppen im Hintergrund.\" src=\"https:\/\/www.salzburgerland.com\/de\/magazin\/wp-content\/uploads\/2018\/08\/20180820_110724.jpg\">\t<\/picture><\/a><\/figure><\/div><div class=\"col-6 col-sm-4\"><figure><a class=\"thumb-container\" href=\"https:\/\/www.salzburgerland.com\/de\/magazin\/wp-content\/uploads\/2018\/08\/20180820_111423-1280x1024.jpg\">\t<picture><source media=\"(min-width: 576px)\" srcset=\"https:\/\/www.salzburgerland.com\/de\/magazin\/wp-content\/uploads\/2018\/08\/20180820_111423-325x209.jpg 325w, https:\/\/www.salzburgerland.com\/de\/magazin\/wp-content\/uploads\/2018\/08\/20180820_111423-249x160.jpg 249w\"><\/source><source media=\"(min-width: 0)\" srcset=\"https:\/\/www.salzburgerland.com\/de\/magazin\/wp-content\/uploads\/2018\/08\/20180820_111423-249x160.jpg 249w, https:\/\/www.salzburgerland.com\/de\/magazin\/wp-content\/uploads\/2018\/08\/20180820_111423-325x209.jpg 325w\"><\/source><img decoding=\"async\" alt=\"Eine geschlossene Schranke blockiert eine Landstra&szlig;e mit Bergen und B&auml;umen im Hintergrund unter einem teilweise bew&ouml;lkten Himmel.\" src=\"https:\/\/www.salzburgerland.com\/de\/magazin\/wp-content\/uploads\/2018\/08\/20180820_111423.jpg\">\t<\/picture><\/a><\/figure><\/div><\/div><figcaption><\/figcaption><\/div>\n\n\n<div class=\"mag-gallery\"><div class=\"row\"><div class=\"col-6 col-sm-4\"><figure><a class=\"thumb-container\" href=\"https:\/\/www.salzburgerland.com\/de\/magazin\/wp-content\/uploads\/2018\/08\/DSC2326-1280x1024.jpg\">\t<picture><source media=\"(min-width: 576px)\" srcset=\"https:\/\/www.salzburgerland.com\/de\/magazin\/wp-content\/uploads\/2018\/08\/DSC2326-325x209.jpg 325w, https:\/\/www.salzburgerland.com\/de\/magazin\/wp-content\/uploads\/2018\/08\/DSC2326-249x160.jpg 249w\"><\/source><source media=\"(min-width: 0)\" srcset=\"https:\/\/www.salzburgerland.com\/de\/magazin\/wp-content\/uploads\/2018\/08\/DSC2326-249x160.jpg 249w, https:\/\/www.salzburgerland.com\/de\/magazin\/wp-content\/uploads\/2018\/08\/DSC2326-325x209.jpg 325w\"><\/source><img decoding=\"async\" alt=\"Mountainbikes, die auf einem grasbewachsenen H&uuml;gel in der N&auml;he eines felsigen Weges mit B&auml;umen und blauem Himmel im Hintergrund ruhen.\" src=\"https:\/\/www.salzburgerland.com\/de\/magazin\/wp-content\/uploads\/2018\/08\/DSC2326.jpg\">\t<\/picture><\/a><\/figure><\/div><div class=\"col-6 col-sm-4\"><figure><a class=\"thumb-container\" href=\"https:\/\/www.salzburgerland.com\/de\/magazin\/wp-content\/uploads\/2018\/08\/DSC2334-1280x1024.jpg\">\t<picture><source media=\"(min-width: 576px)\" srcset=\"https:\/\/www.salzburgerland.com\/de\/magazin\/wp-content\/uploads\/2018\/08\/DSC2334-325x209.jpg 325w, https:\/\/www.salzburgerland.com\/de\/magazin\/wp-content\/uploads\/2018\/08\/DSC2334-249x160.jpg 249w\"><\/source><source media=\"(min-width: 0)\" srcset=\"https:\/\/www.salzburgerland.com\/de\/magazin\/wp-content\/uploads\/2018\/08\/DSC2334-249x160.jpg 249w, https:\/\/www.salzburgerland.com\/de\/magazin\/wp-content\/uploads\/2018\/08\/DSC2334-325x209.jpg 325w\"><\/source><img decoding=\"async\" alt=\"Ein Rennrad ruht in einem Geb&uuml;sch mit Blick auf ein malerisches Bergtal und einen entfernten blauen See.\" src=\"https:\/\/www.salzburgerland.com\/de\/magazin\/wp-content\/uploads\/2018\/08\/DSC2334.jpg\">\t<\/picture><\/a><\/figure><\/div><div class=\"col-6 col-sm-4\"><figure><a class=\"thumb-container\" href=\"https:\/\/www.salzburgerland.com\/de\/magazin\/wp-content\/uploads\/2018\/08\/DSC2324-1280x1024.jpg\">\t<picture><source media=\"(min-width: 576px)\" srcset=\"https:\/\/www.salzburgerland.com\/de\/magazin\/wp-content\/uploads\/2018\/08\/DSC2324-325x209.jpg 325w, https:\/\/www.salzburgerland.com\/de\/magazin\/wp-content\/uploads\/2018\/08\/DSC2324-249x160.jpg 249w\"><\/source><source media=\"(min-width: 0)\" srcset=\"https:\/\/www.salzburgerland.com\/de\/magazin\/wp-content\/uploads\/2018\/08\/DSC2324-249x160.jpg 249w, https:\/\/www.salzburgerland.com\/de\/magazin\/wp-content\/uploads\/2018\/08\/DSC2324-325x209.jpg 325w\"><\/source><img decoding=\"async\" alt=\"Zerkl&uuml;fteter Berggipfel mit bew&ouml;lktem Himmel, bewaldeten H&auml;ngen und grasbewachsenem Vordergrund.\" src=\"https:\/\/www.salzburgerland.com\/de\/magazin\/wp-content\/uploads\/2018\/08\/DSC2324.jpg\">\t<\/picture><\/a><\/figure><\/div><\/div><figcaption><\/figcaption><\/div>\n\n\n<div class=\"mag-gallery\"><div class=\"row\"><div class=\"col-6 col-sm-4\"><figure><a class=\"thumb-container\" href=\"https:\/\/www.salzburgerland.com\/de\/magazin\/wp-content\/uploads\/2018\/08\/DSC2392-1280x1024.jpg\">\t<picture><source media=\"(min-width: 576px)\" srcset=\"https:\/\/www.salzburgerland.com\/de\/magazin\/wp-content\/uploads\/2018\/08\/DSC2392-325x209.jpg 325w, https:\/\/www.salzburgerland.com\/de\/magazin\/wp-content\/uploads\/2018\/08\/DSC2392-249x160.jpg 249w\"><\/source><source media=\"(min-width: 0)\" srcset=\"https:\/\/www.salzburgerland.com\/de\/magazin\/wp-content\/uploads\/2018\/08\/DSC2392-249x160.jpg 249w, https:\/\/www.salzburgerland.com\/de\/magazin\/wp-content\/uploads\/2018\/08\/DSC2392-325x209.jpg 325w\"><\/source><img decoding=\"async\" alt=\"Eine Person in einem blauen Hemd blickt auf ein malerisches Tal mit Seen, Feldern und fernen Bergen.\" src=\"https:\/\/www.salzburgerland.com\/de\/magazin\/wp-content\/uploads\/2018\/08\/DSC2392.jpg\">\t<\/picture><\/a><\/figure><\/div><div class=\"col-6 col-sm-4\"><figure><a class=\"thumb-container\" href=\"https:\/\/www.salzburgerland.com\/de\/magazin\/wp-content\/uploads\/2018\/08\/DSC2390-1280x1024.jpg\">\t<picture><source media=\"(min-width: 576px)\" srcset=\"https:\/\/www.salzburgerland.com\/de\/magazin\/wp-content\/uploads\/2018\/08\/DSC2390-325x209.jpg 325w, https:\/\/www.salzburgerland.com\/de\/magazin\/wp-content\/uploads\/2018\/08\/DSC2390-249x160.jpg 249w\"><\/source><source media=\"(min-width: 0)\" srcset=\"https:\/\/www.salzburgerland.com\/de\/magazin\/wp-content\/uploads\/2018\/08\/DSC2390-249x160.jpg 249w, https:\/\/www.salzburgerland.com\/de\/magazin\/wp-content\/uploads\/2018\/08\/DSC2390-325x209.jpg 325w\"><\/source><img decoding=\"async\" alt=\"Drei Personen sitzen und ruhen sich in der N&auml;he eines Holzkreuzes auf einem Berg aus, mit B&auml;umen und felsigen Gipfeln im Hintergrund.\" src=\"https:\/\/www.salzburgerland.com\/de\/magazin\/wp-content\/uploads\/2018\/08\/DSC2390.jpg\">\t<\/picture><\/a><\/figure><\/div><div class=\"col-6 col-sm-4\"><figure><a class=\"thumb-container\" href=\"https:\/\/www.salzburgerland.com\/de\/magazin\/wp-content\/uploads\/2018\/08\/DSC2398-1-1280x1024.jpg\">\t<picture><source media=\"(min-width: 576px)\" srcset=\"https:\/\/www.salzburgerland.com\/de\/magazin\/wp-content\/uploads\/2018\/08\/DSC2398-1-325x209.jpg 325w, https:\/\/www.salzburgerland.com\/de\/magazin\/wp-content\/uploads\/2018\/08\/DSC2398-1-249x160.jpg 249w\"><\/source><source media=\"(min-width: 0)\" srcset=\"https:\/\/www.salzburgerland.com\/de\/magazin\/wp-content\/uploads\/2018\/08\/DSC2398-1-249x160.jpg 249w, https:\/\/www.salzburgerland.com\/de\/magazin\/wp-content\/uploads\/2018\/08\/DSC2398-1-325x209.jpg 325w\"><\/source><img decoding=\"async\" alt=\"Gebirgskamm mit B&auml;umen und Blick auf Seen, T&auml;ler und ferne Berge unter einem dunstigen Himmel.\" src=\"https:\/\/www.salzburgerland.com\/de\/magazin\/wp-content\/uploads\/2018\/08\/DSC2398-1.jpg\">\t<\/picture><\/a><\/figure><\/div><div class=\"col-6 col-sm-4\"><figure><a class=\"thumb-container\" href=\"https:\/\/www.salzburgerland.com\/de\/magazin\/wp-content\/uploads\/2018\/08\/DSC2403-1280x1024.jpg\">\t<picture><source media=\"(min-width: 576px)\" srcset=\"https:\/\/www.salzburgerland.com\/de\/magazin\/wp-content\/uploads\/2018\/08\/DSC2403-325x209.jpg 325w, https:\/\/www.salzburgerland.com\/de\/magazin\/wp-content\/uploads\/2018\/08\/DSC2403-249x160.jpg 249w\"><\/source><source media=\"(min-width: 0)\" srcset=\"https:\/\/www.salzburgerland.com\/de\/magazin\/wp-content\/uploads\/2018\/08\/DSC2403-249x160.jpg 249w, https:\/\/www.salzburgerland.com\/de\/magazin\/wp-content\/uploads\/2018\/08\/DSC2403-325x209.jpg 325w\"><\/source><img decoding=\"async\" alt=\"Sonnenuntergang hinter Kiefern mit vereinzelten Wolken am Himmel und Bergen in der Ferne.\" src=\"https:\/\/www.salzburgerland.com\/de\/magazin\/wp-content\/uploads\/2018\/08\/DSC2403.jpg\">\t<\/picture><\/a><\/figure><\/div><div class=\"col-6 col-sm-4\"><figure><a class=\"thumb-container\" href=\"https:\/\/www.salzburgerland.com\/de\/magazin\/wp-content\/uploads\/2018\/08\/DSC2408-1280x1024.jpg\">\t<picture><source media=\"(min-width: 576px)\" srcset=\"https:\/\/www.salzburgerland.com\/de\/magazin\/wp-content\/uploads\/2018\/08\/DSC2408-325x209.jpg 325w, https:\/\/www.salzburgerland.com\/de\/magazin\/wp-content\/uploads\/2018\/08\/DSC2408-249x160.jpg 249w\"><\/source><source media=\"(min-width: 0)\" srcset=\"https:\/\/www.salzburgerland.com\/de\/magazin\/wp-content\/uploads\/2018\/08\/DSC2408-249x160.jpg 249w, https:\/\/www.salzburgerland.com\/de\/magazin\/wp-content\/uploads\/2018\/08\/DSC2408-325x209.jpg 325w\"><\/source><img decoding=\"async\" alt=\"Dunkle Silhouetten von Kiefern vor einem d&uuml;steren Himmel, w&auml;hrend die Sonne hinter fernen Bergen untergeht.\" src=\"https:\/\/www.salzburgerland.com\/de\/magazin\/wp-content\/uploads\/2018\/08\/DSC2408.jpg\">\t<\/picture><\/a><\/figure><\/div><div class=\"col-6 col-sm-4\"><figure><a class=\"thumb-container\" href=\"https:\/\/www.salzburgerland.com\/de\/magazin\/wp-content\/uploads\/2018\/08\/DSC2416-1280x1024.jpg\">\t<picture><source media=\"(min-width: 576px)\" srcset=\"https:\/\/www.salzburgerland.com\/de\/magazin\/wp-content\/uploads\/2018\/08\/DSC2416-325x209.jpg 325w, https:\/\/www.salzburgerland.com\/de\/magazin\/wp-content\/uploads\/2018\/08\/DSC2416-249x160.jpg 249w\"><\/source><source media=\"(min-width: 0)\" srcset=\"https:\/\/www.salzburgerland.com\/de\/magazin\/wp-content\/uploads\/2018\/08\/DSC2416-249x160.jpg 249w, https:\/\/www.salzburgerland.com\/de\/magazin\/wp-content\/uploads\/2018\/08\/DSC2416-325x209.jpg 325w\"><\/source><img decoding=\"async\" alt=\"Eine Person mit blondem Haar beobachtet einen Sonnenuntergang &uuml;ber den Bergen, mit B&auml;umen im Vordergrund.\" src=\"https:\/\/www.salzburgerland.com\/de\/magazin\/wp-content\/uploads\/2018\/08\/DSC2416.jpg\">\t<\/picture><\/a><\/figure><\/div><\/div><figcaption><\/figcaption><\/div>\n\n\n\n<p>Fotos&nbsp;\u00a9 Thomas Lahnsteiner<\/p>\n","protected":false},"excerpt":{"rendered":"<p>Auch wir haben uns an den Aufstieg gewagt. Zuerst der Flei\u00df, dann der Preis. Wobei der Aufwand den man zum Gipfel investieren m\u00f6chte, je nach k\u00f6rperlicher Verfassung und Tatendrang sehr individuell gew\u00e4hlt werden kann. Im Grunde gibt es drei M\u00f6glichkeiten, die Bleckwand zu erklimmen. Mit dem Auto, mit dem Rad oder zu Fu\u00df, wobei bei [&hellip;]<\/p>\n","protected":false},"author":542,"featured_media":125509,"comment_status":"open","ping_status":"open","sticky":false,"template":"","format":"standard","meta":{"_acf_changed":false,"wl_entities_gutenberg":"","_wl_entity_redirect_enabled":"","footnotes":""},"categories":[8],"tags":[],"wl_entity_type":[306],"monatsauswahl":[82,83,84,85,86,87,88,89,90,91,92,93],"class_list":["post-125395","post","type-post","status-publish","format-standard","has-post-thumbnail","hentry","category-outdoor-sport","wl_entity_type-article","monatsauswahl-monat_1","monatsauswahl-monat_2","monatsauswahl-monat_3","monatsauswahl-monat_4","monatsauswahl-monat_5","monatsauswahl-monat_6","monatsauswahl-monat_7","monatsauswahl-monat_8","monatsauswahl-monat_9","monatsauswahl-monat_10","monatsauswahl-monat_11","monatsauswahl-monat_12"],"acf":[],"yoast_head":"<!-- This site is optimized with the Yoast SEO Premium plugin v27.4 (Yoast SEO v27.4) - https:\/\/yoast.com\/product\/yoast-seo-premium-wordpress\/ -->\n<title>Tour auf die Bleckwand - SalzburgerLand Magazin<\/title>\n<meta name=\"description\" content=\"Eine Tour auf die Bleckwand bei Strobl am Wolfgangsee ist ein ganz besonderes Erlebnis. Sie ist sozusagen DER Aussichtsberg vieler Einheimischer und das nicht ohne Grund: Das Panorama am Gipfelkreuz ist einfach atemberaubend, vor allem der Wolfgangsee, der ringsum von den umliegenden Bergen eingekesselt wird, erinnert an einen Blick ins M\u00e4rchenbuch.\" \/>\n<meta name=\"robots\" content=\"index, follow, max-snippet:-1, max-image-preview:large, max-video-preview:-1\" \/>\n<link rel=\"canonical\" href=\"https:\/\/www.salzburgerland.com\/de\/magazin\/tour-auf-die-bleckwand\/\" \/>\n<meta property=\"og:locale\" content=\"de_DE\" \/>\n<meta property=\"og:type\" content=\"article\" \/>\n<meta property=\"og:title\" content=\"Tour auf die Bleckwand\" \/>\n<meta property=\"og:description\" content=\"Auch wir haben uns an den Aufstieg gewagt. Zuerst der Flei\u00df, dann der Preis. Wobei der Aufwand den man zum Gipfel investieren m\u00f6chte, je nach k\u00f6rperlicher Verfassung und Tatendrang sehr individuell gew\u00e4hlt werden kann. Im Grunde gibt es drei M\u00f6glichkeiten, die Bleckwand zu erklimmen. Mit dem Auto, mit dem Rad oder zu Fu\u00df, wobei bei [&hellip;]\" \/>\n<meta property=\"og:url\" content=\"https:\/\/www.salzburgerland.com\/de\/magazin\/tour-auf-die-bleckwand\/\" \/>\n<meta property=\"og:site_name\" content=\"SalzburgerLand Magazin\" \/>\n<meta property=\"article:publisher\" content=\"https:\/\/www.facebook.com\/salzburgerland\/\" \/>\n<meta property=\"article:author\" content=\"https:\/\/www.facebook.com\/oculus.filme\/\" \/>\n<meta property=\"article:published_time\" content=\"2018-09-12T06:00:06+00:00\" \/>\n<meta property=\"article:modified_time\" content=\"2024-10-10T08:40:17+00:00\" \/>\n<meta property=\"og:image\" content=\"https:\/\/www.salzburgerland.com\/de\/magazin\/wp-content\/uploads\/2018\/08\/Bleckwand-Wali-Kopf.jpg\" \/>\n\t<meta property=\"og:image:width\" content=\"1600\" \/>\n\t<meta property=\"og:image:height\" content=\"1067\" \/>\n\t<meta property=\"og:image:type\" content=\"image\/jpeg\" \/>\n<meta name=\"author\" content=\"Thomas Lahnsteiner\" \/>\n<meta name=\"twitter:card\" content=\"summary_large_image\" \/>\n<meta name=\"twitter:creator\" content=\"@Salzburgerland\" \/>\n<meta name=\"twitter:site\" content=\"@Salzburgerland\" \/>\n<meta name=\"twitter:label1\" content=\"Verfasst von\" \/>\n\t<meta name=\"twitter:data1\" content=\"Thomas Lahnsteiner\" \/>\n\t<meta name=\"twitter:label2\" content=\"Gesch\u00e4tzte Lesezeit\" \/>\n\t<meta name=\"twitter:data2\" content=\"6\u00a0Minuten\" \/>\n<script type=\"application\/ld+json\" class=\"yoast-schema-graph\">{\"@context\":\"https:\\\/\\\/schema.org\",\"@graph\":[{\"@type\":\"Article\",\"@id\":\"https:\\\/\\\/www.salzburgerland.com\\\/de\\\/magazin\\\/tour-auf-die-bleckwand\\\/#article\",\"isPartOf\":{\"@id\":\"https:\\\/\\\/www.salzburgerland.com\\\/de\\\/magazin\\\/tour-auf-die-bleckwand\\\/\"},\"author\":{\"name\":\"Thomas Lahnsteiner\",\"@id\":\"https:\\\/\\\/www.salzburgerland.com\\\/de\\\/magazin\\\/#\\\/schema\\\/person\\\/e35af5192c5cd0f60c9a342b7a0175f2\"},\"headline\":\"Tour auf die Bleckwand\",\"datePublished\":\"2018-09-12T06:00:06+00:00\",\"dateModified\":\"2024-10-10T08:40:17+00:00\",\"mainEntityOfPage\":{\"@id\":\"https:\\\/\\\/www.salzburgerland.com\\\/de\\\/magazin\\\/tour-auf-die-bleckwand\\\/\"},\"wordCount\":391,\"commentCount\":0,\"publisher\":{\"@id\":\"https:\\\/\\\/www.salzburgerland.com\\\/de\\\/magazin\\\/#organization\"},\"image\":{\"@id\":\"https:\\\/\\\/www.salzburgerland.com\\\/de\\\/magazin\\\/tour-auf-die-bleckwand\\\/#primaryimage\"},\"thumbnailUrl\":\"https:\\\/\\\/www.salzburgerland.com\\\/de\\\/magazin\\\/wp-content\\\/uploads\\\/2018\\\/08\\\/Bleckwand-Wali-Kopf.jpg\",\"articleSection\":[\"Outdoor &amp; Sport\"],\"inLanguage\":\"de\",\"potentialAction\":[{\"@type\":\"CommentAction\",\"name\":\"Comment\",\"target\":[\"https:\\\/\\\/www.salzburgerland.com\\\/de\\\/magazin\\\/tour-auf-die-bleckwand\\\/#respond\"]}]},{\"@type\":\"WebPage\",\"@id\":\"https:\\\/\\\/www.salzburgerland.com\\\/de\\\/magazin\\\/tour-auf-die-bleckwand\\\/\",\"url\":\"https:\\\/\\\/www.salzburgerland.com\\\/de\\\/magazin\\\/tour-auf-die-bleckwand\\\/\",\"name\":\"Tour auf die Bleckwand - SalzburgerLand Magazin\",\"isPartOf\":{\"@id\":\"https:\\\/\\\/www.salzburgerland.com\\\/de\\\/magazin\\\/#website\"},\"primaryImageOfPage\":{\"@id\":\"https:\\\/\\\/www.salzburgerland.com\\\/de\\\/magazin\\\/tour-auf-die-bleckwand\\\/#primaryimage\"},\"image\":{\"@id\":\"https:\\\/\\\/www.salzburgerland.com\\\/de\\\/magazin\\\/tour-auf-die-bleckwand\\\/#primaryimage\"},\"thumbnailUrl\":\"https:\\\/\\\/www.salzburgerland.com\\\/de\\\/magazin\\\/wp-content\\\/uploads\\\/2018\\\/08\\\/Bleckwand-Wali-Kopf.jpg\",\"datePublished\":\"2018-09-12T06:00:06+00:00\",\"dateModified\":\"2024-10-10T08:40:17+00:00\",\"breadcrumb\":{\"@id\":\"https:\\\/\\\/www.salzburgerland.com\\\/de\\\/magazin\\\/tour-auf-die-bleckwand\\\/#breadcrumb\"},\"inLanguage\":\"de\",\"potentialAction\":[{\"@type\":\"ReadAction\",\"target\":[\"https:\\\/\\\/www.salzburgerland.com\\\/de\\\/magazin\\\/tour-auf-die-bleckwand\\\/\"]}]},{\"@type\":\"ImageObject\",\"inLanguage\":\"de\",\"@id\":\"https:\\\/\\\/www.salzburgerland.com\\\/de\\\/magazin\\\/tour-auf-die-bleckwand\\\/#primaryimage\",\"url\":\"https:\\\/\\\/www.salzburgerland.com\\\/de\\\/magazin\\\/wp-content\\\/uploads\\\/2018\\\/08\\\/Bleckwand-Wali-Kopf.jpg\",\"contentUrl\":\"https:\\\/\\\/www.salzburgerland.com\\\/de\\\/magazin\\\/wp-content\\\/uploads\\\/2018\\\/08\\\/Bleckwand-Wali-Kopf.jpg\",\"width\":1600,\"height\":1067,\"caption\":\"Eine Frau mit blondem Haar blickt auf eine malerische Berglandschaft mit Seen und einer kleinen Stadt unter ihr.\"},{\"@type\":\"BreadcrumbList\",\"@id\":\"https:\\\/\\\/www.salzburgerland.com\\\/de\\\/magazin\\\/tour-auf-die-bleckwand\\\/#breadcrumb\",\"itemListElement\":[{\"@type\":\"ListItem\",\"position\":1,\"name\":\"Startseite\",\"item\":\"https:\\\/\\\/www.salzburgerland.com\\\/de\\\/magazin\\\/\"},{\"@type\":\"ListItem\",\"position\":2,\"name\":\"Outdoor &amp; Sport\",\"item\":\"https:\\\/\\\/www.salzburgerland.com\\\/de\\\/magazin\\\/thema\\\/outdoor-sport\\\/\"},{\"@type\":\"ListItem\",\"position\":3,\"name\":\"Tour auf die Bleckwand\"}]},{\"@type\":\"WebSite\",\"@id\":\"https:\\\/\\\/www.salzburgerland.com\\\/de\\\/magazin\\\/#website\",\"url\":\"https:\\\/\\\/www.salzburgerland.com\\\/de\\\/magazin\\\/\",\"name\":\"SalzburgerLand Magazin\",\"description\":\"Geschichten und Interessantes aus dem SalzburgerLand\",\"publisher\":{\"@id\":\"https:\\\/\\\/www.salzburgerland.com\\\/de\\\/magazin\\\/#organization\"},\"potentialAction\":[{\"@type\":\"SearchAction\",\"target\":{\"@type\":\"EntryPoint\",\"urlTemplate\":\"https:\\\/\\\/www.salzburgerland.com\\\/de\\\/magazin\\\/?s={search_term_string}\"},\"query-input\":{\"@type\":\"PropertyValueSpecification\",\"valueRequired\":true,\"valueName\":\"search_term_string\"}}],\"inLanguage\":\"de\"},{\"@type\":\"Organization\",\"@id\":\"https:\\\/\\\/www.salzburgerland.com\\\/de\\\/magazin\\\/#organization\",\"name\":\"SalzburgerLand Tourismus\",\"url\":\"https:\\\/\\\/www.salzburgerland.com\\\/de\\\/magazin\\\/\",\"logo\":{\"@type\":\"ImageObject\",\"inLanguage\":\"de\",\"@id\":\"https:\\\/\\\/www.salzburgerland.com\\\/de\\\/magazin\\\/#\\\/schema\\\/logo\\\/image\\\/\",\"url\":\"https:\\\/\\\/www.salzburgerland.com\\\/de\\\/magazin\\\/wp-content\\\/uploads\\\/2019\\\/06\\\/salzburgerland-logo1.jpg\",\"contentUrl\":\"https:\\\/\\\/www.salzburgerland.com\\\/de\\\/magazin\\\/wp-content\\\/uploads\\\/2019\\\/06\\\/salzburgerland-logo1.jpg\",\"width\":2011,\"height\":866,\"caption\":\"SalzburgerLand Tourismus\"},\"image\":{\"@id\":\"https:\\\/\\\/www.salzburgerland.com\\\/de\\\/magazin\\\/#\\\/schema\\\/logo\\\/image\\\/\"},\"sameAs\":[\"https:\\\/\\\/www.facebook.com\\\/salzburgerland\\\/\",\"https:\\\/\\\/x.com\\\/Salzburgerland\",\"https:\\\/\\\/www.instagram.com\\\/salzburgerland\\\/\",\"https:\\\/\\\/at.linkedin.com\\\/company\\\/salzburgerland-tourismus-gmbh\",\"https:\\\/\\\/www.pinterest.at\\\/salzburgerland\\\/\",\"https:\\\/\\\/www.youtube.com\\\/user\\\/salzburgerland\",\"https:\\\/\\\/de.wikipedia.org\\\/wiki\\\/SalzburgerLand_Tourismus_GmbH\"]},{\"@type\":\"Person\",\"@id\":\"https:\\\/\\\/www.salzburgerland.com\\\/de\\\/magazin\\\/#\\\/schema\\\/person\\\/e35af5192c5cd0f60c9a342b7a0175f2\",\"name\":\"Thomas Lahnsteiner\",\"description\":\"Neben der T\u00e4tigkeit als Autor beim Salzburger Land Magazin liegt meine Leidenschaft vor allem im Bereich der Videoproduktion. Eine perfekte Symbiose wie ich meine. Denn wie hei\u00dft es so sch\u00f6n: Ein Bild sagt mehr als tausend Worte. Umso aussagekr\u00e4ftiger sind also Bewegtbilder. Diese Bilder verschmelzt mit einem wohl\u00fcberlegten, kreativen Text sorgen f\u00fcr eine perfekte Kombination und sollen dem Leser ein bestm\u00f6gliches audiovisuelles Leseerlebnis erm\u00f6glichen. Neben dem Bachelorstudium der Kommunikationswissenschaften ist diese T\u00e4tigkeit gleich doppelt von Vorteil, da die im Studium erlernte Theorie durch die Mitarbeit am besagten Medium sofort in die Praxis umgesetzt werden kann. Doch die gr\u00f6\u00dfte Motivation ist und bleibt das Offensichtliche: \u00dcber das wundersch\u00f6ne Salzburger Land zu schreiben, samt all seinen landschaftlichen, kulinarischen und kulturellen Gegebenheiten. &nbsp; &nbsp; Dein pers\u00f6nlicher Logenplatz in Salzburg? Im Prinzip das ganze Salzburger Land, da jede Region ihre eigenen Reize und Vorz\u00fcge hat. Wohnbedingt und durch die traumhafte Kombination von Bergen, Wasser und wundersch\u00f6nen Panoramastra\u00dfen (Motorrad) steht bei mir die Wolfgangseeregion an erster Stelle. &nbsp; Fr\u00fchling, Sommer, Herbst oder Winter? Sommer. Schon aufgrund der Tatsache, dass sich eine meiner Lieblingsaktivit\u00e4ten, das Motorradfahren, in dieser Jahreszeit am besten praktizieren l\u00e4sst. &nbsp; Bergschuhe oder Fu\u00dfballschuhe? Beides. Im Fu\u00dfballverein das Stollenprofil und bei Wanderungen die solide Sohle der Bergschuhe. &nbsp; Ausstellung oder Bergpanorma? Das Bergpanorama bei uns ist die sch\u00f6nste Ausstellung. &nbsp; Lederhose oder Smoking? Kommt ganz auf den Anlass an. Jedoch l\u00e4sst sich so ziemlich jeder Anlass sehr gut mit Tracht vereinen. &nbsp; Bergtour oder Seentour? Am besten und sch\u00f6nsten kombiniert. &nbsp;\",\"sameAs\":[\"https:\\\/\\\/allesumssalzkammergut.wordpress.com\\\/\",\"https:\\\/\\\/www.facebook.com\\\/oculus.filme\\\/\"],\"url\":\"https:\\\/\\\/www.salzburgerland.com\\\/de\\\/magazin\\\/author\\\/thomas-lahnsteiner\\\/\"}]}<\/script>\n<meta property=\"og:video\" content=\"https:\/\/www.youtube.com\/embed\/GpWnVeXZov8\" \/>\n<meta property=\"og:video:type\" content=\"text\/html\" \/>\n<meta property=\"og:video:duration\" content=\"235\" \/>\n<meta property=\"og:video:width\" content=\"480\" \/>\n<meta property=\"og:video:height\" content=\"270\" \/>\n<meta property=\"ya:ovs:adult\" content=\"false\" \/>\n<meta property=\"ya:ovs:upload_date\" content=\"2018-09-12T06:00:06+00:00\" \/>\n<meta property=\"ya:ovs:allow_embed\" content=\"true\" \/>\n<!-- \/ Yoast SEO Premium plugin. -->","yoast_head_json":{"title":"Tour auf die Bleckwand - SalzburgerLand Magazin","description":"Eine Tour auf die Bleckwand bei Strobl am Wolfgangsee ist ein ganz besonderes Erlebnis. Sie ist sozusagen DER Aussichtsberg vieler Einheimischer und das nicht ohne Grund: Das Panorama am Gipfelkreuz ist einfach atemberaubend, vor allem der Wolfgangsee, der ringsum von den umliegenden Bergen eingekesselt wird, erinnert an einen Blick ins M\u00e4rchenbuch.","robots":{"index":"index","follow":"follow","max-snippet":"max-snippet:-1","max-image-preview":"max-image-preview:large","max-video-preview":"max-video-preview:-1"},"canonical":"https:\/\/www.salzburgerland.com\/de\/magazin\/tour-auf-die-bleckwand\/","og_locale":"de_DE","og_type":"article","og_title":"Tour auf die Bleckwand","og_description":"Auch wir haben uns an den Aufstieg gewagt. Zuerst der Flei\u00df, dann der Preis. Wobei der Aufwand den man zum Gipfel investieren m\u00f6chte, je nach k\u00f6rperlicher Verfassung und Tatendrang sehr individuell gew\u00e4hlt werden kann. Im Grunde gibt es drei M\u00f6glichkeiten, die Bleckwand zu erklimmen. Mit dem Auto, mit dem Rad oder zu Fu\u00df, wobei bei [&hellip;]","og_url":"https:\/\/www.salzburgerland.com\/de\/magazin\/tour-auf-die-bleckwand\/","og_site_name":"SalzburgerLand Magazin","article_publisher":"https:\/\/www.facebook.com\/salzburgerland\/","article_author":"https:\/\/www.facebook.com\/oculus.filme\/","article_published_time":"2018-09-12T06:00:06+00:00","article_modified_time":"2024-10-10T08:40:17+00:00","og_image":[{"width":1600,"height":1067,"url":"https:\/\/www.salzburgerland.com\/de\/magazin\/wp-content\/uploads\/2018\/08\/Bleckwand-Wali-Kopf.jpg","type":"image\/jpeg"}],"author":"Thomas Lahnsteiner","twitter_card":"summary_large_image","twitter_creator":"@Salzburgerland","twitter_site":"@Salzburgerland","twitter_misc":{"Verfasst von":"Thomas Lahnsteiner","Gesch\u00e4tzte Lesezeit":"6\u00a0Minuten"},"schema":{"@context":"https:\/\/schema.org","@graph":[{"@type":"Article","@id":"https:\/\/www.salzburgerland.com\/de\/magazin\/tour-auf-die-bleckwand\/#article","isPartOf":{"@id":"https:\/\/www.salzburgerland.com\/de\/magazin\/tour-auf-die-bleckwand\/"},"author":{"name":"Thomas Lahnsteiner","@id":"https:\/\/www.salzburgerland.com\/de\/magazin\/#\/schema\/person\/e35af5192c5cd0f60c9a342b7a0175f2"},"headline":"Tour auf die Bleckwand","datePublished":"2018-09-12T06:00:06+00:00","dateModified":"2024-10-10T08:40:17+00:00","mainEntityOfPage":{"@id":"https:\/\/www.salzburgerland.com\/de\/magazin\/tour-auf-die-bleckwand\/"},"wordCount":391,"commentCount":0,"publisher":{"@id":"https:\/\/www.salzburgerland.com\/de\/magazin\/#organization"},"image":{"@id":"https:\/\/www.salzburgerland.com\/de\/magazin\/tour-auf-die-bleckwand\/#primaryimage"},"thumbnailUrl":"https:\/\/www.salzburgerland.com\/de\/magazin\/wp-content\/uploads\/2018\/08\/Bleckwand-Wali-Kopf.jpg","articleSection":["Outdoor &amp; Sport"],"inLanguage":"de","potentialAction":[{"@type":"CommentAction","name":"Comment","target":["https:\/\/www.salzburgerland.com\/de\/magazin\/tour-auf-die-bleckwand\/#respond"]}]},{"@type":"WebPage","@id":"https:\/\/www.salzburgerland.com\/de\/magazin\/tour-auf-die-bleckwand\/","url":"https:\/\/www.salzburgerland.com\/de\/magazin\/tour-auf-die-bleckwand\/","name":"Tour auf die Bleckwand - SalzburgerLand Magazin","isPartOf":{"@id":"https:\/\/www.salzburgerland.com\/de\/magazin\/#website"},"primaryImageOfPage":{"@id":"https:\/\/www.salzburgerland.com\/de\/magazin\/tour-auf-die-bleckwand\/#primaryimage"},"image":{"@id":"https:\/\/www.salzburgerland.com\/de\/magazin\/tour-auf-die-bleckwand\/#primaryimage"},"thumbnailUrl":"https:\/\/www.salzburgerland.com\/de\/magazin\/wp-content\/uploads\/2018\/08\/Bleckwand-Wali-Kopf.jpg","datePublished":"2018-09-12T06:00:06+00:00","dateModified":"2024-10-10T08:40:17+00:00","breadcrumb":{"@id":"https:\/\/www.salzburgerland.com\/de\/magazin\/tour-auf-die-bleckwand\/#breadcrumb"},"inLanguage":"de","potentialAction":[{"@type":"ReadAction","target":["https:\/\/www.salzburgerland.com\/de\/magazin\/tour-auf-die-bleckwand\/"]}]},{"@type":"ImageObject","inLanguage":"de","@id":"https:\/\/www.salzburgerland.com\/de\/magazin\/tour-auf-die-bleckwand\/#primaryimage","url":"https:\/\/www.salzburgerland.com\/de\/magazin\/wp-content\/uploads\/2018\/08\/Bleckwand-Wali-Kopf.jpg","contentUrl":"https:\/\/www.salzburgerland.com\/de\/magazin\/wp-content\/uploads\/2018\/08\/Bleckwand-Wali-Kopf.jpg","width":1600,"height":1067,"caption":"Eine Frau mit blondem Haar blickt auf eine malerische Berglandschaft mit Seen und einer kleinen Stadt unter ihr."},{"@type":"BreadcrumbList","@id":"https:\/\/www.salzburgerland.com\/de\/magazin\/tour-auf-die-bleckwand\/#breadcrumb","itemListElement":[{"@type":"ListItem","position":1,"name":"Startseite","item":"https:\/\/www.salzburgerland.com\/de\/magazin\/"},{"@type":"ListItem","position":2,"name":"Outdoor &amp; Sport","item":"https:\/\/www.salzburgerland.com\/de\/magazin\/thema\/outdoor-sport\/"},{"@type":"ListItem","position":3,"name":"Tour auf die Bleckwand"}]},{"@type":"WebSite","@id":"https:\/\/www.salzburgerland.com\/de\/magazin\/#website","url":"https:\/\/www.salzburgerland.com\/de\/magazin\/","name":"SalzburgerLand Magazin","description":"Geschichten und Interessantes aus dem SalzburgerLand","publisher":{"@id":"https:\/\/www.salzburgerland.com\/de\/magazin\/#organization"},"potentialAction":[{"@type":"SearchAction","target":{"@type":"EntryPoint","urlTemplate":"https:\/\/www.salzburgerland.com\/de\/magazin\/?s={search_term_string}"},"query-input":{"@type":"PropertyValueSpecification","valueRequired":true,"valueName":"search_term_string"}}],"inLanguage":"de"},{"@type":"Organization","@id":"https:\/\/www.salzburgerland.com\/de\/magazin\/#organization","name":"SalzburgerLand Tourismus","url":"https:\/\/www.salzburgerland.com\/de\/magazin\/","logo":{"@type":"ImageObject","inLanguage":"de","@id":"https:\/\/www.salzburgerland.com\/de\/magazin\/#\/schema\/logo\/image\/","url":"https:\/\/www.salzburgerland.com\/de\/magazin\/wp-content\/uploads\/2019\/06\/salzburgerland-logo1.jpg","contentUrl":"https:\/\/www.salzburgerland.com\/de\/magazin\/wp-content\/uploads\/2019\/06\/salzburgerland-logo1.jpg","width":2011,"height":866,"caption":"SalzburgerLand Tourismus"},"image":{"@id":"https:\/\/www.salzburgerland.com\/de\/magazin\/#\/schema\/logo\/image\/"},"sameAs":["https:\/\/www.facebook.com\/salzburgerland\/","https:\/\/x.com\/Salzburgerland","https:\/\/www.instagram.com\/salzburgerland\/","https:\/\/at.linkedin.com\/company\/salzburgerland-tourismus-gmbh","https:\/\/www.pinterest.at\/salzburgerland\/","https:\/\/www.youtube.com\/user\/salzburgerland","https:\/\/de.wikipedia.org\/wiki\/SalzburgerLand_Tourismus_GmbH"]},{"@type":"Person","@id":"https:\/\/www.salzburgerland.com\/de\/magazin\/#\/schema\/person\/e35af5192c5cd0f60c9a342b7a0175f2","name":"Thomas Lahnsteiner","description":"Neben der T\u00e4tigkeit als Autor beim Salzburger Land Magazin liegt meine Leidenschaft vor allem im Bereich der Videoproduktion. Eine perfekte Symbiose wie ich meine. Denn wie hei\u00dft es so sch\u00f6n: Ein Bild sagt mehr als tausend Worte. Umso aussagekr\u00e4ftiger sind also Bewegtbilder. Diese Bilder verschmelzt mit einem wohl\u00fcberlegten, kreativen Text sorgen f\u00fcr eine perfekte Kombination und sollen dem Leser ein bestm\u00f6gliches audiovisuelles Leseerlebnis erm\u00f6glichen. Neben dem Bachelorstudium der Kommunikationswissenschaften ist diese T\u00e4tigkeit gleich doppelt von Vorteil, da die im Studium erlernte Theorie durch die Mitarbeit am besagten Medium sofort in die Praxis umgesetzt werden kann. Doch die gr\u00f6\u00dfte Motivation ist und bleibt das Offensichtliche: \u00dcber das wundersch\u00f6ne Salzburger Land zu schreiben, samt all seinen landschaftlichen, kulinarischen und kulturellen Gegebenheiten. &nbsp; &nbsp; Dein pers\u00f6nlicher Logenplatz in Salzburg? Im Prinzip das ganze Salzburger Land, da jede Region ihre eigenen Reize und Vorz\u00fcge hat. Wohnbedingt und durch die traumhafte Kombination von Bergen, Wasser und wundersch\u00f6nen Panoramastra\u00dfen (Motorrad) steht bei mir die Wolfgangseeregion an erster Stelle. &nbsp; Fr\u00fchling, Sommer, Herbst oder Winter? Sommer. Schon aufgrund der Tatsache, dass sich eine meiner Lieblingsaktivit\u00e4ten, das Motorradfahren, in dieser Jahreszeit am besten praktizieren l\u00e4sst. &nbsp; Bergschuhe oder Fu\u00dfballschuhe? Beides. Im Fu\u00dfballverein das Stollenprofil und bei Wanderungen die solide Sohle der Bergschuhe. &nbsp; Ausstellung oder Bergpanorma? Das Bergpanorama bei uns ist die sch\u00f6nste Ausstellung. &nbsp; Lederhose oder Smoking? Kommt ganz auf den Anlass an. Jedoch l\u00e4sst sich so ziemlich jeder Anlass sehr gut mit Tracht vereinen. &nbsp; Bergtour oder Seentour? Am besten und sch\u00f6nsten kombiniert. &nbsp;","sameAs":["https:\/\/allesumssalzkammergut.wordpress.com\/","https:\/\/www.facebook.com\/oculus.filme\/"],"url":"https:\/\/www.salzburgerland.com\/de\/magazin\/author\/thomas-lahnsteiner\/"}]},"og_video":"https:\/\/www.youtube.com\/embed\/GpWnVeXZov8","og_video_type":"text\/html","og_video_duration":"235","og_video_width":"480","og_video_height":"270","ya_ovs_adult":"false","ya_ovs_upload_date":"2018-09-12T06:00:06+00:00","ya_ovs_allow_embed":"true"},"_wl_alt_label":[],"wl:entity_url":"http:\/\/open.salzburgerland.com\/magazin\/post\/tour_auf_die_bleckwand","_links":{"self":[{"href":"https:\/\/www.salzburgerland.com\/de\/magazin\/wp-json\/wp\/v2\/posts\/125395","targetHints":{"allow":["GET"]}}],"collection":[{"href":"https:\/\/www.salzburgerland.com\/de\/magazin\/wp-json\/wp\/v2\/posts"}],"about":[{"href":"https:\/\/www.salzburgerland.com\/de\/magazin\/wp-json\/wp\/v2\/types\/post"}],"author":[{"embeddable":true,"href":"https:\/\/www.salzburgerland.com\/de\/magazin\/wp-json\/wp\/v2\/users\/542"}],"replies":[{"embeddable":true,"href":"https:\/\/www.salzburgerland.com\/de\/magazin\/wp-json\/wp\/v2\/comments?post=125395"}],"version-history":[{"count":2,"href":"https:\/\/www.salzburgerland.com\/de\/magazin\/wp-json\/wp\/v2\/posts\/125395\/revisions"}],"predecessor-version":[{"id":178785,"href":"https:\/\/www.salzburgerland.com\/de\/magazin\/wp-json\/wp\/v2\/posts\/125395\/revisions\/178785"}],"wp:featuredmedia":[{"embeddable":true,"href":"https:\/\/www.salzburgerland.com\/de\/magazin\/wp-json\/wp\/v2\/media\/125509"}],"wp:attachment":[{"href":"https:\/\/www.salzburgerland.com\/de\/magazin\/wp-json\/wp\/v2\/media?parent=125395"}],"wp:term":[{"taxonomy":"category","embeddable":true,"href":"https:\/\/www.salzburgerland.com\/de\/magazin\/wp-json\/wp\/v2\/categories?post=125395"},{"taxonomy":"post_tag","embeddable":true,"href":"https:\/\/www.salzburgerland.com\/de\/magazin\/wp-json\/wp\/v2\/tags?post=125395"},{"taxonomy":"wl_entity_type","embeddable":true,"href":"https:\/\/www.salzburgerland.com\/de\/magazin\/wp-json\/wp\/v2\/wl_entity_type?post=125395"},{"taxonomy":"monatsauswahl","embeddable":true,"href":"https:\/\/www.salzburgerland.com\/de\/magazin\/wp-json\/wp\/v2\/monatsauswahl?post=125395"}],"curies":[{"name":"wp","href":"https:\/\/api.w.org\/{rel}","templated":true}]}}