{"id":125274,"date":"2018-08-16T08:09:32","date_gmt":"2018-08-16T06:09:32","guid":{"rendered":"https:\/\/www.salzburgerland.com\/de\/magazin\/?p=125274"},"modified":"2019-06-26T18:27:04","modified_gmt":"2019-06-26T16:27:04","slug":"kugeln-und-herzen-aus-bioheu-fuer-den-bauernherbst","status":"publish","type":"post","link":"https:\/\/www.salzburgerland.com\/de\/magazin\/kugeln-und-herzen-aus-bioheu-fuer-den-bauernherbst\/","title":{"rendered":"Kugeln und Herzen aus BioHeu f\u00fcr den Bauernherbst"},"content":{"rendered":"<p><strong>Wenn die Tage wieder k\u00fcrzer werden, Nebelschwaden aufsteigen und sich der Almsommer dem Ende zuneigt, beginnt im ganzen SalzburgerLand der<a href=\"https:\/\/www.salzburgerland.com\/de\/bauernherbst\/\" target=\"_blank\" rel=\"noopener noreferrer\"> Bauernherbst<\/a>. In dieser &#8222;f\u00fcnften Jahreszeit&#8220; finden von Ende August bis Anfang November rund 2.000 Veranstaltungen statt. Dazu z\u00e4hlen Handwerksvorf\u00fchrungen genauso wie das HeuArt-Fest im Lammertal, Themen-Wanderungen und Erntedank-Feste. Das Bauernherbst-Logo zieren Kugeln aus Lammertaler BioHeu. <br \/>\n<\/strong><\/p>\n<p>Strahlend scheint die Sonne vom Himmel. Auf der Wiese des <a href=\"http:\/\/edt-hof.at\/\" target=\"_blank\" rel=\"noopener noreferrer\">Edt-Hof in Lung\u00f6tz im hinteren Lammertal.<\/a> duftet es nach Heu. Die Berge leuchten am Morgen mit der Sonne um die Wette. Claudia Erlbacher von der <a href=\"https:\/\/www.facebook.com\/search\/top\/?q=kreativwerkstatt%20abtenau\" target=\"_blank\" rel=\"noopener noreferrer\">Kreativ Werkstatt,<\/a> hat es sich vor dem idyllischen Bauernhaus\u00a0 gem\u00fctlich gemacht. Edtbauer Rudolf Eder bringt ihr duftendes Bioheu und ein Glas Wasser. &#8222;Heute wird es wieder hei\u00df&#8220;, sagt er schmunzelnd. Claudia nickt, trinkt und beginnt das Heu zu gut 40 Zentimeter gro\u00dfe Kugeln zu wickeln. Den Auftrag dazu hat Salzburger Land Tourismus gegeben.<\/p>\n<h3>Heuherzen und Heukugeln<\/h3>\n<p>Diese duftenden Kugeln aus Bioheu zieren das Logo des Salzburger Bauernherbstes. W\u00e4hrend des Herbstes schm\u00fccken sie Tourismusb\u00fcros, Gasth\u00e4user und Hotels. Zu Mittag wird es hei\u00df. Claudia packt Heu, Schere, Wickeldraht\u00a0und rustikal gemusterte Schleifen zusammen. F\u00fcr diesen Tag ist Schluss. Weitergearbeitet wird in der k\u00fchlen Werkstatt in Abtenau gemeinsam mit Kollegin und Freundin Hilde Winkler. Au\u00dfer Heukugeln fertigen die Lammertalerinnen auch kleine Heuherzen an. Ehreng\u00e4ste bekommen sie zum Anstecken anl\u00e4sslich der landesweiten Bauernherbst-Er\u00f6ffnung Ende August.<\/p>\n<h3>Materialien aus der Natur<\/h3>\n<p>Claudia und Hilde arbeiten in ihrer Werkstatt mit Materialien aus der Natur. So verbinden sie Schwemmholz mit Blumen, Herzen aus Altholz und rostigem Eisen. Auch Bilder in verschiedenen Techniken zieren die W\u00e4nde. Wer m\u00f6chte kann \u00fcbrigens das eigene Bild oder die Dekoration f\u00fcr daheim selber anfertigen. Hilde und Claudia bieten dazu Workshops an. Einfach anmelden unter den Telefonnummern Claudia: +43 676 97 61 116 oder Hilde: + 43 650 84 30 337.<\/p>\n<h3>Ruhe und traumhafte Bergkulisse<\/h3>\n<p>Das BioHeu f\u00fcr Bauernherbst-Kugeln und Herzen gedeiht auf den Wiesen des Edt-Hofes in 900 Meter Seeh\u00f6he und besteht aus duftenden Blumen und Gr\u00e4sern. Wer Lust hat, verbringt auf dem Edt-Hof den Urlaub. Zwei Appartments vermieten die Bauersleute Claudia und Rudolf Eder. Nicht nur die Ruhe sondern auch die grandiose Aussicht auf das Tennengebirge sowie Gosaukamm samt Bischofsm\u00fctze und Dachstein begeistern die G\u00e4ste. Diese ruhige Gegend l\u00e4dt zum Wandern, Biken, Skifahren und Langlaufen ein. F\u00fcr Kinder gibt es jede Menge zum Klettern, Toben und Herumtollen.<\/p>\n<p>&nbsp;<\/p>\n<div class=\"mag-gallery\"><div class=\"row\"><div class=\"col-6 col-sm-4\"><figure><a class=\"thumb-container\" href=\"https:\/\/www.salzburgerland.com\/de\/magazin\/wp-content\/uploads\/2018\/08\/Hilde-und-Claudia_q-1280x1024.jpg\">\t<picture><source media=\"(min-width: 576px)\" srcset=\"https:\/\/www.salzburgerland.com\/de\/magazin\/wp-content\/uploads\/2018\/08\/Hilde-und-Claudia_q-325x209.jpg 325w, https:\/\/www.salzburgerland.com\/de\/magazin\/wp-content\/uploads\/2018\/08\/Hilde-und-Claudia_q-249x160.jpg 249w\" \/><source media=\"(min-width: 0)\" srcset=\"https:\/\/www.salzburgerland.com\/de\/magazin\/wp-content\/uploads\/2018\/08\/Hilde-und-Claudia_q-249x160.jpg 249w, https:\/\/www.salzburgerland.com\/de\/magazin\/wp-content\/uploads\/2018\/08\/Hilde-und-Claudia_q-325x209.jpg 325w\" \/><img decoding=\"async\" alt=\"Holzschild mit dem Umriss eines Baumes und der Aufschrift &quot;Bauern Herbst&quot; in gr\u00fcner Farbe.\" src=\"https:\/\/www.salzburgerland.com\/de\/magazin\/wp-content\/uploads\/2018\/08\/Hilde-und-Claudia_q.jpg\" \/>\t<\/picture><\/a><\/figure><\/div><div class=\"col-6 col-sm-4\"><figure><a class=\"thumb-container\" href=\"https:\/\/www.salzburgerland.com\/de\/magazin\/wp-content\/uploads\/2018\/08\/416b8315-7003-4d19-8add-b18b209957b0-1280x1024.jpg\">\t<picture><source media=\"(min-width: 576px)\" srcset=\"https:\/\/www.salzburgerland.com\/de\/magazin\/wp-content\/uploads\/2018\/08\/416b8315-7003-4d19-8add-b18b209957b0-325x209.jpg 325w, https:\/\/www.salzburgerland.com\/de\/magazin\/wp-content\/uploads\/2018\/08\/416b8315-7003-4d19-8add-b18b209957b0-249x160.jpg 249w\" \/><source media=\"(min-width: 0)\" srcset=\"https:\/\/www.salzburgerland.com\/de\/magazin\/wp-content\/uploads\/2018\/08\/416b8315-7003-4d19-8add-b18b209957b0-249x160.jpg 249w, https:\/\/www.salzburgerland.com\/de\/magazin\/wp-content\/uploads\/2018\/08\/416b8315-7003-4d19-8add-b18b209957b0-325x209.jpg 325w\" \/><img decoding=\"async\" alt=\"Gro\u00dfe Heuballen, die auf Holzkisten angeordnet sind, mit rot-kariertem Tuch und herzf\u00f6rmigem Steindekor.\" src=\"https:\/\/www.salzburgerland.com\/de\/magazin\/wp-content\/uploads\/2018\/08\/416b8315-7003-4d19-8add-b18b209957b0.jpg\" \/>\t<\/picture><\/a><\/figure><\/div><div class=\"col-6 col-sm-4\"><figure><a class=\"thumb-container\" href=\"https:\/\/www.salzburgerland.com\/de\/magazin\/wp-content\/uploads\/2018\/08\/Hilde-und-Claudia_o-1280x1024.jpg\">\t<picture><source media=\"(min-width: 576px)\" srcset=\"https:\/\/www.salzburgerland.com\/de\/magazin\/wp-content\/uploads\/2018\/08\/Hilde-und-Claudia_o-325x209.jpg 325w, https:\/\/www.salzburgerland.com\/de\/magazin\/wp-content\/uploads\/2018\/08\/Hilde-und-Claudia_o-249x160.jpg 249w\" \/><source media=\"(min-width: 0)\" srcset=\"https:\/\/www.salzburgerland.com\/de\/magazin\/wp-content\/uploads\/2018\/08\/Hilde-und-Claudia_o-249x160.jpg 249w, https:\/\/www.salzburgerland.com\/de\/magazin\/wp-content\/uploads\/2018\/08\/Hilde-und-Claudia_o-325x209.jpg 325w\" \/><img decoding=\"async\" alt=\"Eine Frau steht auf einem Feld und h\u00e4lt ein gro\u00dfes B\u00fcndel Heu in der Hand, im Hintergrund sind die \u00f6sterreichischen Berge und B\u00e4ume zu sehen.\" src=\"https:\/\/www.salzburgerland.com\/de\/magazin\/wp-content\/uploads\/2018\/08\/Hilde-und-Claudia_o.jpg\" \/>\t<\/picture><\/a><\/figure><\/div><div class=\"col-6 col-sm-4\"><figure><a class=\"thumb-container\" href=\"https:\/\/www.salzburgerland.com\/de\/magazin\/wp-content\/uploads\/2018\/08\/Hilde-und-Claudia_c-1280x1024.jpg\">\t<picture><source media=\"(min-width: 576px)\" srcset=\"https:\/\/www.salzburgerland.com\/de\/magazin\/wp-content\/uploads\/2018\/08\/Hilde-und-Claudia_c-325x209.jpg 325w, https:\/\/www.salzburgerland.com\/de\/magazin\/wp-content\/uploads\/2018\/08\/Hilde-und-Claudia_c-249x160.jpg 249w\" \/><source media=\"(min-width: 0)\" srcset=\"https:\/\/www.salzburgerland.com\/de\/magazin\/wp-content\/uploads\/2018\/08\/Hilde-und-Claudia_c-249x160.jpg 249w, https:\/\/www.salzburgerland.com\/de\/magazin\/wp-content\/uploads\/2018\/08\/Hilde-und-Claudia_c-325x209.jpg 325w\" \/><img decoding=\"async\" alt=\"Zwei Frauen im Freien mit Heudekoration an einem Tisch mit Blumen, Gem\u00fcse und einem Schild unter blauem Himmel.\" src=\"https:\/\/www.salzburgerland.com\/de\/magazin\/wp-content\/uploads\/2018\/08\/Hilde-und-Claudia_c.jpg\" \/>\t<\/picture><\/a><\/figure><\/div><div class=\"col-6 col-sm-4\"><figure><a class=\"thumb-container\" href=\"https:\/\/www.salzburgerland.com\/de\/magazin\/wp-content\/uploads\/2018\/08\/Hilde-und-Claudia_f-1280x1024.jpg\">\t<picture><source media=\"(min-width: 576px)\" srcset=\"\" \/><source media=\"(min-width: 0)\" srcset=\"https:\/\/www.salzburgerland.com\/de\/magazin\/wp-content\/uploads\/2018\/08\/Hilde-und-Claudia_f.jpg 784w, https:\/\/www.salzburgerland.com\/de\/magazin\/wp-content\/uploads\/2018\/08\/Hilde-und-Claudia_f-199x300.jpg 199w, https:\/\/www.salzburgerland.com\/de\/magazin\/wp-content\/uploads\/2018\/08\/Hilde-und-Claudia_f-364x550.jpg 364w, https:\/\/www.salzburgerland.com\/de\/magazin\/wp-content\/uploads\/2018\/08\/Hilde-und-Claudia_f-265x400.jpg 265w\" \/><img decoding=\"async\" alt=\"Eine Frau l\u00e4chelt, w\u00e4hrend sie in einer Werkstatt mit rustikalen Herzdekorationen und Kunstzubeh\u00f6r auf dem Tisch bastelt.\" src=\"https:\/\/www.salzburgerland.com\/de\/magazin\/wp-content\/uploads\/2018\/08\/Hilde-und-Claudia_f.jpg\" \/>\t<\/picture><\/a><\/figure><\/div><div class=\"col-6 col-sm-4\"><figure><a class=\"thumb-container\" href=\"https:\/\/www.salzburgerland.com\/de\/magazin\/wp-content\/uploads\/2018\/08\/Hilde-und-Claudia_i-1280x1024.jpg\">\t<picture><source media=\"(min-width: 576px)\" srcset=\"\" \/><source media=\"(min-width: 0)\" srcset=\"https:\/\/www.salzburgerland.com\/de\/magazin\/wp-content\/uploads\/2018\/08\/Hilde-und-Claudia_i.jpg 548w, https:\/\/www.salzburgerland.com\/de\/magazin\/wp-content\/uploads\/2018\/08\/Hilde-und-Claudia_i-199x300.jpg 199w, https:\/\/www.salzburgerland.com\/de\/magazin\/wp-content\/uploads\/2018\/08\/Hilde-und-Claudia_i-364x550.jpg 364w, https:\/\/www.salzburgerland.com\/de\/magazin\/wp-content\/uploads\/2018\/08\/Hilde-und-Claudia_i-265x400.jpg 265w\" \/><img decoding=\"async\" alt=\"Eine rustikale Auslage mit Holzherzen, Mooskugeln und einem Schild, auf dem &quot;Bauernherbst&quot; auf Deutsch steht.\" src=\"https:\/\/www.salzburgerland.com\/de\/magazin\/wp-content\/uploads\/2018\/08\/Hilde-und-Claudia_i.jpg\" \/>\t<\/picture><\/a><\/figure><\/div><div class=\"col-6 col-sm-4\"><figure><a class=\"thumb-container\" href=\"https:\/\/www.salzburgerland.com\/de\/magazin\/wp-content\/uploads\/2018\/08\/Hilde-und-Claudia_h-1280x1024.jpg\">\t<picture><source media=\"(min-width: 576px)\" srcset=\"https:\/\/www.salzburgerland.com\/de\/magazin\/wp-content\/uploads\/2018\/08\/Hilde-und-Claudia_h-325x209.jpg 325w, https:\/\/www.salzburgerland.com\/de\/magazin\/wp-content\/uploads\/2018\/08\/Hilde-und-Claudia_h-249x160.jpg 249w\" \/><source media=\"(min-width: 0)\" srcset=\"https:\/\/www.salzburgerland.com\/de\/magazin\/wp-content\/uploads\/2018\/08\/Hilde-und-Claudia_h-249x160.jpg 249w, https:\/\/www.salzburgerland.com\/de\/magazin\/wp-content\/uploads\/2018\/08\/Hilde-und-Claudia_h-325x209.jpg 325w\" \/><img decoding=\"async\" alt=\"Eine Frau l\u00e4chelt hinter einer rustikalen Auslage mit Pflanzen, Laternen und einem Bauern Herbst Schild.\" src=\"https:\/\/www.salzburgerland.com\/de\/magazin\/wp-content\/uploads\/2018\/08\/Hilde-und-Claudia_h.jpg\" \/>\t<\/picture><\/a><\/figure><\/div><div class=\"col-6 col-sm-4\"><figure><a class=\"thumb-container\" href=\"https:\/\/www.salzburgerland.com\/de\/magazin\/wp-content\/uploads\/2018\/08\/Hilde-und-Claudia_p-1280x1024.jpg\">\t<picture><source media=\"(min-width: 576px)\" srcset=\"https:\/\/www.salzburgerland.com\/de\/magazin\/wp-content\/uploads\/2018\/08\/Hilde-und-Claudia_p-325x209.jpg 325w, https:\/\/www.salzburgerland.com\/de\/magazin\/wp-content\/uploads\/2018\/08\/Hilde-und-Claudia_p-249x160.jpg 249w\" \/><source media=\"(min-width: 0)\" srcset=\"https:\/\/www.salzburgerland.com\/de\/magazin\/wp-content\/uploads\/2018\/08\/Hilde-und-Claudia_p-249x160.jpg 249w, https:\/\/www.salzburgerland.com\/de\/magazin\/wp-content\/uploads\/2018\/08\/Hilde-und-Claudia_p-325x209.jpg 325w\" \/><img decoding=\"async\" alt=\"Zwei Frauen l\u00e4cheln, w\u00e4hrend sie an einem rustikalen, mit Blumen und einem K\u00fcrbis dekorierten Tisch mit Heu basteln.\" src=\"https:\/\/www.salzburgerland.com\/de\/magazin\/wp-content\/uploads\/2018\/08\/Hilde-und-Claudia_p.jpg\" \/>\t<\/picture><\/a><\/figure><\/div><div class=\"col-6 col-sm-4\"><figure><a class=\"thumb-container\" href=\"https:\/\/www.salzburgerland.com\/de\/magazin\/wp-content\/uploads\/2018\/08\/Hilde-und-Claudia_d-1280x1024.jpg\">\t<picture><source media=\"(min-width: 576px)\" srcset=\"https:\/\/www.salzburgerland.com\/de\/magazin\/wp-content\/uploads\/2018\/08\/Hilde-und-Claudia_d-325x209.jpg 325w, https:\/\/www.salzburgerland.com\/de\/magazin\/wp-content\/uploads\/2018\/08\/Hilde-und-Claudia_d-249x160.jpg 249w\" \/><source media=\"(min-width: 0)\" srcset=\"https:\/\/www.salzburgerland.com\/de\/magazin\/wp-content\/uploads\/2018\/08\/Hilde-und-Claudia_d-249x160.jpg 249w, https:\/\/www.salzburgerland.com\/de\/magazin\/wp-content\/uploads\/2018\/08\/Hilde-und-Claudia_d-325x209.jpg 325w\" \/><img decoding=\"async\" alt=\"Zwei Frauen im Freien, die gemeinsam an einem Tisch Stroh weben, mit Gras und blauem Himmel im Hintergrund.\" src=\"https:\/\/www.salzburgerland.com\/de\/magazin\/wp-content\/uploads\/2018\/08\/Hilde-und-Claudia_d.jpg\" \/>\t<\/picture><\/a><\/figure><\/div><div class=\"col-6 col-sm-4\"><figure><a class=\"thumb-container\" href=\"https:\/\/www.salzburgerland.com\/de\/magazin\/wp-content\/uploads\/2018\/08\/Hilde-und-Claudia_e-1280x1024.jpg\">\t<picture><source media=\"(min-width: 576px)\" srcset=\"https:\/\/www.salzburgerland.com\/de\/magazin\/wp-content\/uploads\/2018\/08\/Hilde-und-Claudia_e-325x209.jpg 325w, https:\/\/www.salzburgerland.com\/de\/magazin\/wp-content\/uploads\/2018\/08\/Hilde-und-Claudia_e-249x160.jpg 249w\" \/><source media=\"(min-width: 0)\" srcset=\"https:\/\/www.salzburgerland.com\/de\/magazin\/wp-content\/uploads\/2018\/08\/Hilde-und-Claudia_e-249x160.jpg 249w, https:\/\/www.salzburgerland.com\/de\/magazin\/wp-content\/uploads\/2018\/08\/Hilde-und-Claudia_e-325x209.jpg 325w\" \/><img decoding=\"async\" alt=\"Drei Personen formen und binden an einem sonnigen Tag im Freien Heu mit einer Schnur.\" src=\"https:\/\/www.salzburgerland.com\/de\/magazin\/wp-content\/uploads\/2018\/08\/Hilde-und-Claudia_e.jpg\" \/>\t<\/picture><\/a><\/figure><\/div><div class=\"col-6 col-sm-4\"><figure><a class=\"thumb-container\" href=\"https:\/\/www.salzburgerland.com\/de\/magazin\/wp-content\/uploads\/2018\/08\/Hilde-und-Claudia_k-1280x1024.jpg\">\t<picture><source media=\"(min-width: 576px)\" srcset=\"https:\/\/www.salzburgerland.com\/de\/magazin\/wp-content\/uploads\/2018\/08\/Hilde-und-Claudia_k-325x209.jpg 325w, https:\/\/www.salzburgerland.com\/de\/magazin\/wp-content\/uploads\/2018\/08\/Hilde-und-Claudia_k-249x160.jpg 249w\" \/><source media=\"(min-width: 0)\" srcset=\"https:\/\/www.salzburgerland.com\/de\/magazin\/wp-content\/uploads\/2018\/08\/Hilde-und-Claudia_k-249x160.jpg 249w, https:\/\/www.salzburgerland.com\/de\/magazin\/wp-content\/uploads\/2018\/08\/Hilde-und-Claudia_k-325x209.jpg 325w\" \/><img decoding=\"async\" alt=\"Nahaufnahme von H\u00e4nden, die an einem sonnigen Tag im Freien ein kleines Objekt aus getrocknetem Gras herstellen.\" src=\"https:\/\/www.salzburgerland.com\/de\/magazin\/wp-content\/uploads\/2018\/08\/Hilde-und-Claudia_k.jpg\" \/>\t<\/picture><\/a><\/figure><\/div><div class=\"col-6 col-sm-4\"><figure><a class=\"thumb-container\" href=\"https:\/\/www.salzburgerland.com\/de\/magazin\/wp-content\/uploads\/2018\/08\/Hilde-und-Claudia_m-1280x1024.jpg\">\t<picture><source media=\"(min-width: 576px)\" srcset=\"https:\/\/www.salzburgerland.com\/de\/magazin\/wp-content\/uploads\/2018\/08\/Hilde-und-Claudia_m-325x209.jpg 325w, https:\/\/www.salzburgerland.com\/de\/magazin\/wp-content\/uploads\/2018\/08\/Hilde-und-Claudia_m-249x160.jpg 249w\" \/><source media=\"(min-width: 0)\" srcset=\"https:\/\/www.salzburgerland.com\/de\/magazin\/wp-content\/uploads\/2018\/08\/Hilde-und-Claudia_m-249x160.jpg 249w, https:\/\/www.salzburgerland.com\/de\/magazin\/wp-content\/uploads\/2018\/08\/Hilde-und-Claudia_m-325x209.jpg 325w\" \/><img decoding=\"async\" alt=\"Eine Picknickbank mit Heuballen, ein rotkariertes Tuch und die Berge im Hintergrund.\" src=\"https:\/\/www.salzburgerland.com\/de\/magazin\/wp-content\/uploads\/2018\/08\/Hilde-und-Claudia_m.jpg\" \/>\t<\/picture><\/a><\/figure><\/div><div class=\"col-6 col-sm-4\"><figure><a class=\"thumb-container\" href=\"https:\/\/www.salzburgerland.com\/de\/magazin\/wp-content\/uploads\/2018\/08\/Hilde-und-Claudia_l-1280x1024.jpg\">\t<picture><source media=\"(min-width: 576px)\" srcset=\"https:\/\/www.salzburgerland.com\/de\/magazin\/wp-content\/uploads\/2018\/08\/Hilde-und-Claudia_l-325x209.jpg 325w, https:\/\/www.salzburgerland.com\/de\/magazin\/wp-content\/uploads\/2018\/08\/Hilde-und-Claudia_l-249x160.jpg 249w\" \/><source media=\"(min-width: 0)\" srcset=\"https:\/\/www.salzburgerland.com\/de\/magazin\/wp-content\/uploads\/2018\/08\/Hilde-und-Claudia_l-249x160.jpg 249w, https:\/\/www.salzburgerland.com\/de\/magazin\/wp-content\/uploads\/2018\/08\/Hilde-und-Claudia_l-325x209.jpg 325w\" \/><img decoding=\"async\" alt=\"Kleines Dorf mit H\u00e4usern im Chalet-Stil, eingebettet in ein gr\u00fcnes Tal, umgeben von hohen Bergen und Kiefern.\" src=\"https:\/\/www.salzburgerland.com\/de\/magazin\/wp-content\/uploads\/2018\/08\/Hilde-und-Claudia_l.jpg\" \/>\t<\/picture><\/a><\/figure><\/div><div class=\"col-6 col-sm-4\"><figure><a class=\"thumb-container\" href=\"https:\/\/www.salzburgerland.com\/de\/magazin\/wp-content\/uploads\/2018\/08\/Hilde-und-Claudia_n-1280x1024.jpg\">\t<picture><source media=\"(min-width: 576px)\" srcset=\"https:\/\/www.salzburgerland.com\/de\/magazin\/wp-content\/uploads\/2018\/08\/Hilde-und-Claudia_n-325x209.jpg 325w, https:\/\/www.salzburgerland.com\/de\/magazin\/wp-content\/uploads\/2018\/08\/Hilde-und-Claudia_n-249x160.jpg 249w\" \/><source media=\"(min-width: 0)\" srcset=\"https:\/\/www.salzburgerland.com\/de\/magazin\/wp-content\/uploads\/2018\/08\/Hilde-und-Claudia_n-249x160.jpg 249w, https:\/\/www.salzburgerland.com\/de\/magazin\/wp-content\/uploads\/2018\/08\/Hilde-und-Claudia_n-325x209.jpg 325w\" \/><img decoding=\"async\" alt=\"Ein l\u00e4chelndes Paar sitzt auf einer Bank in einem grasbewachsenen Feld mit Strohballen und Bergen im Hintergrund.\" src=\"https:\/\/www.salzburgerland.com\/de\/magazin\/wp-content\/uploads\/2018\/08\/Hilde-und-Claudia_n.jpg\" \/>\t<\/picture><\/a><\/figure><\/div><\/div><\/div><figcaption><\/figcaption>\n<p>Fotos \u00a9 Christine Fr\u00f6schl<\/p>\n","protected":false},"excerpt":{"rendered":"<p>Wenn die Tage wieder k\u00fcrzer werden, Nebelschwaden aufsteigen und sich der Almsommer dem Ende zuneigt, beginnt im ganzen SalzburgerLand der Bauernherbst. In dieser &#8222;f\u00fcnften Jahreszeit&#8220; finden von Ende August bis Anfang November rund 2.000 Veranstaltungen statt. Dazu z\u00e4hlen Handwerksvorf\u00fchrungen genauso wie das HeuArt-Fest im Lammertal, Themen-Wanderungen und Erntedank-Feste. Das Bauernherbst-Logo zieren Kugeln aus Lammertaler BioHeu. [&hellip;]<\/p>\n","protected":false},"author":236,"featured_media":125278,"comment_status":"open","ping_status":"open","sticky":false,"template":"","format":"standard","meta":{"_acf_changed":false,"wl_entities_gutenberg":"","_wl_entity_redirect_enabled":"","footnotes":""},"categories":[6],"tags":[],"wl_entity_type":[306],"monatsauswahl":[89,90,91,92],"class_list":["post-125274","post","type-post","status-publish","format-standard","has-post-thumbnail","hentry","category-kunst-kultur","wl_entity_type-article","monatsauswahl-monat_8","monatsauswahl-monat_9","monatsauswahl-monat_10","monatsauswahl-monat_11"],"acf":[],"yoast_head":"<!-- This site is optimized with the Yoast SEO Premium plugin v27.4 (Yoast SEO v27.4) - https:\/\/yoast.com\/product\/yoast-seo-premium-wordpress\/ -->\n<title>Kugeln und Herzen aus BioHeu f\u00fcr den Bauernherbst - SalzburgerLand Magazin<\/title>\n<meta name=\"description\" content=\"Wenn die Tage wieder k\u00fcrzer werden, Nebelschwaden aufsteigen und sich der Almsommer dem Ende zuneigt, beginnt im ganzen SalzburgerLand der Bauernherbst. In dieser &#8222;f\u00fcnften Jahreszeit&#8220; finden von Ende August bis Anfang November rund 2.000 Veranstaltungen statt. Dazu z\u00e4hlen Handwerksvorf\u00fchrungen genauso wie das HeuArt-Fest im Lammertal, Themen-Wanderungen und Erntedank-Feste. Das Bauernherbst-Logo zieren Kugeln aus Lammertaler BioHeu. [&hellip;]\" \/>\n<meta name=\"robots\" content=\"index, follow, max-snippet:-1, max-image-preview:large, max-video-preview:-1\" \/>\n<link rel=\"canonical\" href=\"https:\/\/www.salzburgerland.com\/de\/magazin\/kugeln-und-herzen-aus-bioheu-fuer-den-bauernherbst\/\" \/>\n<meta property=\"og:locale\" content=\"de_DE\" \/>\n<meta property=\"og:type\" content=\"article\" \/>\n<meta property=\"og:title\" content=\"Kugeln und Herzen aus BioHeu f\u00fcr den Bauernherbst\" \/>\n<meta property=\"og:description\" content=\"Wenn die Tage wieder k\u00fcrzer werden, Nebelschwaden aufsteigen und sich der Almsommer dem Ende zuneigt, beginnt im ganzen SalzburgerLand der Bauernherbst. In dieser &#8222;f\u00fcnften Jahreszeit&#8220; finden von Ende August bis Anfang November rund 2.000 Veranstaltungen statt. Dazu z\u00e4hlen Handwerksvorf\u00fchrungen genauso wie das HeuArt-Fest im Lammertal, Themen-Wanderungen und Erntedank-Feste. Das Bauernherbst-Logo zieren Kugeln aus Lammertaler BioHeu. [&hellip;]\" \/>\n<meta property=\"og:url\" content=\"https:\/\/www.salzburgerland.com\/de\/magazin\/kugeln-und-herzen-aus-bioheu-fuer-den-bauernherbst\/\" \/>\n<meta property=\"og:site_name\" content=\"SalzburgerLand Magazin\" \/>\n<meta property=\"article:publisher\" content=\"https:\/\/www.facebook.com\/salzburgerland\/\" \/>\n<meta property=\"article:published_time\" content=\"2018-08-16T06:09:32+00:00\" \/>\n<meta property=\"article:modified_time\" content=\"2019-06-26T16:27:04+00:00\" \/>\n<meta property=\"og:image\" content=\"https:\/\/www.salzburgerland.com\/de\/magazin\/wp-content\/uploads\/2018\/08\/Hilde-und-Claudia_c.jpg\" \/>\n\t<meta property=\"og:image:width\" content=\"794\" \/>\n\t<meta property=\"og:image:height\" content=\"526\" \/>\n\t<meta property=\"og:image:type\" content=\"image\/jpeg\" \/>\n<meta name=\"author\" content=\"Christine Fr\u00f6schl\" \/>\n<meta name=\"twitter:card\" content=\"summary_large_image\" \/>\n<meta name=\"twitter:creator\" content=\"@Salzburgerland\" \/>\n<meta name=\"twitter:site\" content=\"@Salzburgerland\" \/>\n<meta name=\"twitter:label1\" content=\"Verfasst von\" \/>\n\t<meta name=\"twitter:data1\" content=\"Christine Fr\u00f6schl\" \/>\n\t<meta name=\"twitter:label2\" content=\"Gesch\u00e4tzte Lesezeit\" \/>\n\t<meta name=\"twitter:data2\" content=\"2\u00a0Minuten\" \/>\n<script type=\"application\/ld+json\" class=\"yoast-schema-graph\">{\"@context\":\"https:\\\/\\\/schema.org\",\"@graph\":[{\"@type\":\"Article\",\"@id\":\"https:\\\/\\\/www.salzburgerland.com\\\/de\\\/magazin\\\/kugeln-und-herzen-aus-bioheu-fuer-den-bauernherbst\\\/#article\",\"isPartOf\":{\"@id\":\"https:\\\/\\\/www.salzburgerland.com\\\/de\\\/magazin\\\/kugeln-und-herzen-aus-bioheu-fuer-den-bauernherbst\\\/\"},\"author\":{\"name\":\"Christine Fr\u00f6schl\",\"@id\":\"https:\\\/\\\/www.salzburgerland.com\\\/de\\\/magazin\\\/#\\\/schema\\\/person\\\/7932db74f19d9640620859cb2b794c4e\"},\"headline\":\"Kugeln und Herzen aus BioHeu f\u00fcr den Bauernherbst\",\"datePublished\":\"2018-08-16T06:09:32+00:00\",\"dateModified\":\"2019-06-26T16:27:04+00:00\",\"mainEntityOfPage\":{\"@id\":\"https:\\\/\\\/www.salzburgerland.com\\\/de\\\/magazin\\\/kugeln-und-herzen-aus-bioheu-fuer-den-bauernherbst\\\/\"},\"wordCount\":416,\"commentCount\":0,\"publisher\":{\"@id\":\"https:\\\/\\\/www.salzburgerland.com\\\/de\\\/magazin\\\/#organization\"},\"image\":{\"@id\":\"https:\\\/\\\/www.salzburgerland.com\\\/de\\\/magazin\\\/kugeln-und-herzen-aus-bioheu-fuer-den-bauernherbst\\\/#primaryimage\"},\"thumbnailUrl\":\"https:\\\/\\\/www.salzburgerland.com\\\/de\\\/magazin\\\/wp-content\\\/uploads\\\/2018\\\/08\\\/Hilde-und-Claudia_c.jpg\",\"articleSection\":[\"Kunst &amp; Kultur\"],\"inLanguage\":\"de\",\"potentialAction\":[{\"@type\":\"CommentAction\",\"name\":\"Comment\",\"target\":[\"https:\\\/\\\/www.salzburgerland.com\\\/de\\\/magazin\\\/kugeln-und-herzen-aus-bioheu-fuer-den-bauernherbst\\\/#respond\"]}]},{\"@type\":\"WebPage\",\"@id\":\"https:\\\/\\\/www.salzburgerland.com\\\/de\\\/magazin\\\/kugeln-und-herzen-aus-bioheu-fuer-den-bauernherbst\\\/\",\"url\":\"https:\\\/\\\/www.salzburgerland.com\\\/de\\\/magazin\\\/kugeln-und-herzen-aus-bioheu-fuer-den-bauernherbst\\\/\",\"name\":\"Kugeln und Herzen aus BioHeu f\u00fcr den Bauernherbst - SalzburgerLand Magazin\",\"isPartOf\":{\"@id\":\"https:\\\/\\\/www.salzburgerland.com\\\/de\\\/magazin\\\/#website\"},\"primaryImageOfPage\":{\"@id\":\"https:\\\/\\\/www.salzburgerland.com\\\/de\\\/magazin\\\/kugeln-und-herzen-aus-bioheu-fuer-den-bauernherbst\\\/#primaryimage\"},\"image\":{\"@id\":\"https:\\\/\\\/www.salzburgerland.com\\\/de\\\/magazin\\\/kugeln-und-herzen-aus-bioheu-fuer-den-bauernherbst\\\/#primaryimage\"},\"thumbnailUrl\":\"https:\\\/\\\/www.salzburgerland.com\\\/de\\\/magazin\\\/wp-content\\\/uploads\\\/2018\\\/08\\\/Hilde-und-Claudia_c.jpg\",\"datePublished\":\"2018-08-16T06:09:32+00:00\",\"dateModified\":\"2019-06-26T16:27:04+00:00\",\"breadcrumb\":{\"@id\":\"https:\\\/\\\/www.salzburgerland.com\\\/de\\\/magazin\\\/kugeln-und-herzen-aus-bioheu-fuer-den-bauernherbst\\\/#breadcrumb\"},\"inLanguage\":\"de\",\"potentialAction\":[{\"@type\":\"ReadAction\",\"target\":[\"https:\\\/\\\/www.salzburgerland.com\\\/de\\\/magazin\\\/kugeln-und-herzen-aus-bioheu-fuer-den-bauernherbst\\\/\"]}]},{\"@type\":\"ImageObject\",\"inLanguage\":\"de\",\"@id\":\"https:\\\/\\\/www.salzburgerland.com\\\/de\\\/magazin\\\/kugeln-und-herzen-aus-bioheu-fuer-den-bauernherbst\\\/#primaryimage\",\"url\":\"https:\\\/\\\/www.salzburgerland.com\\\/de\\\/magazin\\\/wp-content\\\/uploads\\\/2018\\\/08\\\/Hilde-und-Claudia_c.jpg\",\"contentUrl\":\"https:\\\/\\\/www.salzburgerland.com\\\/de\\\/magazin\\\/wp-content\\\/uploads\\\/2018\\\/08\\\/Hilde-und-Claudia_c.jpg\",\"width\":794,\"height\":526,\"caption\":\"Claudia Erlbacher und Hilde Winkler\"},{\"@type\":\"BreadcrumbList\",\"@id\":\"https:\\\/\\\/www.salzburgerland.com\\\/de\\\/magazin\\\/kugeln-und-herzen-aus-bioheu-fuer-den-bauernherbst\\\/#breadcrumb\",\"itemListElement\":[{\"@type\":\"ListItem\",\"position\":1,\"name\":\"Startseite\",\"item\":\"https:\\\/\\\/www.salzburgerland.com\\\/de\\\/magazin\\\/\"},{\"@type\":\"ListItem\",\"position\":2,\"name\":\"Kunst &amp; Kultur\",\"item\":\"https:\\\/\\\/www.salzburgerland.com\\\/de\\\/magazin\\\/thema\\\/kunst-kultur\\\/\"},{\"@type\":\"ListItem\",\"position\":3,\"name\":\"Kugeln und Herzen aus BioHeu f\u00fcr den Bauernherbst\"}]},{\"@type\":\"WebSite\",\"@id\":\"https:\\\/\\\/www.salzburgerland.com\\\/de\\\/magazin\\\/#website\",\"url\":\"https:\\\/\\\/www.salzburgerland.com\\\/de\\\/magazin\\\/\",\"name\":\"SalzburgerLand Magazin\",\"description\":\"Geschichten und Interessantes aus dem SalzburgerLand\",\"publisher\":{\"@id\":\"https:\\\/\\\/www.salzburgerland.com\\\/de\\\/magazin\\\/#organization\"},\"potentialAction\":[{\"@type\":\"SearchAction\",\"target\":{\"@type\":\"EntryPoint\",\"urlTemplate\":\"https:\\\/\\\/www.salzburgerland.com\\\/de\\\/magazin\\\/?s={search_term_string}\"},\"query-input\":{\"@type\":\"PropertyValueSpecification\",\"valueRequired\":true,\"valueName\":\"search_term_string\"}}],\"inLanguage\":\"de\"},{\"@type\":\"Organization\",\"@id\":\"https:\\\/\\\/www.salzburgerland.com\\\/de\\\/magazin\\\/#organization\",\"name\":\"SalzburgerLand Tourismus\",\"url\":\"https:\\\/\\\/www.salzburgerland.com\\\/de\\\/magazin\\\/\",\"logo\":{\"@type\":\"ImageObject\",\"inLanguage\":\"de\",\"@id\":\"https:\\\/\\\/www.salzburgerland.com\\\/de\\\/magazin\\\/#\\\/schema\\\/logo\\\/image\\\/\",\"url\":\"https:\\\/\\\/www.salzburgerland.com\\\/de\\\/magazin\\\/wp-content\\\/uploads\\\/2019\\\/06\\\/salzburgerland-logo1.jpg\",\"contentUrl\":\"https:\\\/\\\/www.salzburgerland.com\\\/de\\\/magazin\\\/wp-content\\\/uploads\\\/2019\\\/06\\\/salzburgerland-logo1.jpg\",\"width\":2011,\"height\":866,\"caption\":\"SalzburgerLand Tourismus\"},\"image\":{\"@id\":\"https:\\\/\\\/www.salzburgerland.com\\\/de\\\/magazin\\\/#\\\/schema\\\/logo\\\/image\\\/\"},\"sameAs\":[\"https:\\\/\\\/www.facebook.com\\\/salzburgerland\\\/\",\"https:\\\/\\\/x.com\\\/Salzburgerland\",\"https:\\\/\\\/www.instagram.com\\\/salzburgerland\\\/\",\"https:\\\/\\\/at.linkedin.com\\\/company\\\/salzburgerland-tourismus-gmbh\",\"https:\\\/\\\/www.pinterest.at\\\/salzburgerland\\\/\",\"https:\\\/\\\/www.youtube.com\\\/user\\\/salzburgerland\",\"https:\\\/\\\/de.wikipedia.org\\\/wiki\\\/SalzburgerLand_Tourismus_GmbH\"]},{\"@type\":\"Person\",\"@id\":\"https:\\\/\\\/www.salzburgerland.com\\\/de\\\/magazin\\\/#\\\/schema\\\/person\\\/7932db74f19d9640620859cb2b794c4e\",\"name\":\"Christine Fr\u00f6schl\",\"description\":\"Dein pers\u00f6nlicher Logenplatz im SalzburgerLand? Am liebsten gehe ich auf den Einberg im Salzburger Tennengau. Der Berg in der Osterhorn-Gruppe gl\u00e4nzt das ganze Jahr im Sonnenschein, auf dem Gipfel heben Paragleiter ab und die Aussicht auf das Tennengebirge, den Dachstein und die Bischofsm\u00fctze ist traumhaft. Dosige(r) oder Zuagroast? Zuagroast aus dem sch\u00f6nen Nieder\u00f6sterreich. Fr\u00fchling, Sommer, Herbst oder Winter? Alle Jahreszeiten begeistern mich. Momentan freue ich mich auf den Fr\u00fchling, das Zwitschern der V\u00f6gel und auf die sattgr\u00fcnen Wiesen. Salzburger Nockerl oder Schwarzbeernocken? Eindeutig Schwarzbeernocken. Rindsroulade vom Pinzgauer Biorind oder Saibling fangfrisch aus dem Fuschlsee? Mhhhh. Da kann ich mich nicht entscheiden. Bergtour oder Seentour? Mich zieht es auf jeden Fall hinauf. Begeistert bin ich auch von tiefblauen Bergseen in denen sich die Umgebung spiegelt und von der Aussicht w\u00e4hrend des Weges auf einen der wundersch\u00f6nen Seen im Salzburger Land.\",\"url\":\"https:\\\/\\\/www.salzburgerland.com\\\/de\\\/magazin\\\/author\\\/christine-froeschl\\\/\"}]}<\/script>\n<!-- \/ Yoast SEO Premium plugin. -->","yoast_head_json":{"title":"Kugeln und Herzen aus BioHeu f\u00fcr den Bauernherbst - SalzburgerLand Magazin","description":"Wenn die Tage wieder k\u00fcrzer werden, Nebelschwaden aufsteigen und sich der Almsommer dem Ende zuneigt, beginnt im ganzen SalzburgerLand der Bauernherbst. In dieser &#8222;f\u00fcnften Jahreszeit&#8220; finden von Ende August bis Anfang November rund 2.000 Veranstaltungen statt. Dazu z\u00e4hlen Handwerksvorf\u00fchrungen genauso wie das HeuArt-Fest im Lammertal, Themen-Wanderungen und Erntedank-Feste. Das Bauernherbst-Logo zieren Kugeln aus Lammertaler BioHeu. [&hellip;]","robots":{"index":"index","follow":"follow","max-snippet":"max-snippet:-1","max-image-preview":"max-image-preview:large","max-video-preview":"max-video-preview:-1"},"canonical":"https:\/\/www.salzburgerland.com\/de\/magazin\/kugeln-und-herzen-aus-bioheu-fuer-den-bauernherbst\/","og_locale":"de_DE","og_type":"article","og_title":"Kugeln und Herzen aus BioHeu f\u00fcr den Bauernherbst","og_description":"Wenn die Tage wieder k\u00fcrzer werden, Nebelschwaden aufsteigen und sich der Almsommer dem Ende zuneigt, beginnt im ganzen SalzburgerLand der Bauernherbst. In dieser &#8222;f\u00fcnften Jahreszeit&#8220; finden von Ende August bis Anfang November rund 2.000 Veranstaltungen statt. Dazu z\u00e4hlen Handwerksvorf\u00fchrungen genauso wie das HeuArt-Fest im Lammertal, Themen-Wanderungen und Erntedank-Feste. Das Bauernherbst-Logo zieren Kugeln aus Lammertaler BioHeu. [&hellip;]","og_url":"https:\/\/www.salzburgerland.com\/de\/magazin\/kugeln-und-herzen-aus-bioheu-fuer-den-bauernherbst\/","og_site_name":"SalzburgerLand Magazin","article_publisher":"https:\/\/www.facebook.com\/salzburgerland\/","article_published_time":"2018-08-16T06:09:32+00:00","article_modified_time":"2019-06-26T16:27:04+00:00","og_image":[{"width":794,"height":526,"url":"https:\/\/www.salzburgerland.com\/de\/magazin\/wp-content\/uploads\/2018\/08\/Hilde-und-Claudia_c.jpg","type":"image\/jpeg"}],"author":"Christine Fr\u00f6schl","twitter_card":"summary_large_image","twitter_creator":"@Salzburgerland","twitter_site":"@Salzburgerland","twitter_misc":{"Verfasst von":"Christine Fr\u00f6schl","Gesch\u00e4tzte Lesezeit":"2\u00a0Minuten"},"schema":{"@context":"https:\/\/schema.org","@graph":[{"@type":"Article","@id":"https:\/\/www.salzburgerland.com\/de\/magazin\/kugeln-und-herzen-aus-bioheu-fuer-den-bauernherbst\/#article","isPartOf":{"@id":"https:\/\/www.salzburgerland.com\/de\/magazin\/kugeln-und-herzen-aus-bioheu-fuer-den-bauernherbst\/"},"author":{"name":"Christine Fr\u00f6schl","@id":"https:\/\/www.salzburgerland.com\/de\/magazin\/#\/schema\/person\/7932db74f19d9640620859cb2b794c4e"},"headline":"Kugeln und Herzen aus BioHeu f\u00fcr den Bauernherbst","datePublished":"2018-08-16T06:09:32+00:00","dateModified":"2019-06-26T16:27:04+00:00","mainEntityOfPage":{"@id":"https:\/\/www.salzburgerland.com\/de\/magazin\/kugeln-und-herzen-aus-bioheu-fuer-den-bauernherbst\/"},"wordCount":416,"commentCount":0,"publisher":{"@id":"https:\/\/www.salzburgerland.com\/de\/magazin\/#organization"},"image":{"@id":"https:\/\/www.salzburgerland.com\/de\/magazin\/kugeln-und-herzen-aus-bioheu-fuer-den-bauernherbst\/#primaryimage"},"thumbnailUrl":"https:\/\/www.salzburgerland.com\/de\/magazin\/wp-content\/uploads\/2018\/08\/Hilde-und-Claudia_c.jpg","articleSection":["Kunst &amp; Kultur"],"inLanguage":"de","potentialAction":[{"@type":"CommentAction","name":"Comment","target":["https:\/\/www.salzburgerland.com\/de\/magazin\/kugeln-und-herzen-aus-bioheu-fuer-den-bauernherbst\/#respond"]}]},{"@type":"WebPage","@id":"https:\/\/www.salzburgerland.com\/de\/magazin\/kugeln-und-herzen-aus-bioheu-fuer-den-bauernherbst\/","url":"https:\/\/www.salzburgerland.com\/de\/magazin\/kugeln-und-herzen-aus-bioheu-fuer-den-bauernherbst\/","name":"Kugeln und Herzen aus BioHeu f\u00fcr den Bauernherbst - SalzburgerLand Magazin","isPartOf":{"@id":"https:\/\/www.salzburgerland.com\/de\/magazin\/#website"},"primaryImageOfPage":{"@id":"https:\/\/www.salzburgerland.com\/de\/magazin\/kugeln-und-herzen-aus-bioheu-fuer-den-bauernherbst\/#primaryimage"},"image":{"@id":"https:\/\/www.salzburgerland.com\/de\/magazin\/kugeln-und-herzen-aus-bioheu-fuer-den-bauernherbst\/#primaryimage"},"thumbnailUrl":"https:\/\/www.salzburgerland.com\/de\/magazin\/wp-content\/uploads\/2018\/08\/Hilde-und-Claudia_c.jpg","datePublished":"2018-08-16T06:09:32+00:00","dateModified":"2019-06-26T16:27:04+00:00","breadcrumb":{"@id":"https:\/\/www.salzburgerland.com\/de\/magazin\/kugeln-und-herzen-aus-bioheu-fuer-den-bauernherbst\/#breadcrumb"},"inLanguage":"de","potentialAction":[{"@type":"ReadAction","target":["https:\/\/www.salzburgerland.com\/de\/magazin\/kugeln-und-herzen-aus-bioheu-fuer-den-bauernherbst\/"]}]},{"@type":"ImageObject","inLanguage":"de","@id":"https:\/\/www.salzburgerland.com\/de\/magazin\/kugeln-und-herzen-aus-bioheu-fuer-den-bauernherbst\/#primaryimage","url":"https:\/\/www.salzburgerland.com\/de\/magazin\/wp-content\/uploads\/2018\/08\/Hilde-und-Claudia_c.jpg","contentUrl":"https:\/\/www.salzburgerland.com\/de\/magazin\/wp-content\/uploads\/2018\/08\/Hilde-und-Claudia_c.jpg","width":794,"height":526,"caption":"Claudia Erlbacher und Hilde Winkler"},{"@type":"BreadcrumbList","@id":"https:\/\/www.salzburgerland.com\/de\/magazin\/kugeln-und-herzen-aus-bioheu-fuer-den-bauernherbst\/#breadcrumb","itemListElement":[{"@type":"ListItem","position":1,"name":"Startseite","item":"https:\/\/www.salzburgerland.com\/de\/magazin\/"},{"@type":"ListItem","position":2,"name":"Kunst &amp; Kultur","item":"https:\/\/www.salzburgerland.com\/de\/magazin\/thema\/kunst-kultur\/"},{"@type":"ListItem","position":3,"name":"Kugeln und Herzen aus BioHeu f\u00fcr den Bauernherbst"}]},{"@type":"WebSite","@id":"https:\/\/www.salzburgerland.com\/de\/magazin\/#website","url":"https:\/\/www.salzburgerland.com\/de\/magazin\/","name":"SalzburgerLand Magazin","description":"Geschichten und Interessantes aus dem SalzburgerLand","publisher":{"@id":"https:\/\/www.salzburgerland.com\/de\/magazin\/#organization"},"potentialAction":[{"@type":"SearchAction","target":{"@type":"EntryPoint","urlTemplate":"https:\/\/www.salzburgerland.com\/de\/magazin\/?s={search_term_string}"},"query-input":{"@type":"PropertyValueSpecification","valueRequired":true,"valueName":"search_term_string"}}],"inLanguage":"de"},{"@type":"Organization","@id":"https:\/\/www.salzburgerland.com\/de\/magazin\/#organization","name":"SalzburgerLand Tourismus","url":"https:\/\/www.salzburgerland.com\/de\/magazin\/","logo":{"@type":"ImageObject","inLanguage":"de","@id":"https:\/\/www.salzburgerland.com\/de\/magazin\/#\/schema\/logo\/image\/","url":"https:\/\/www.salzburgerland.com\/de\/magazin\/wp-content\/uploads\/2019\/06\/salzburgerland-logo1.jpg","contentUrl":"https:\/\/www.salzburgerland.com\/de\/magazin\/wp-content\/uploads\/2019\/06\/salzburgerland-logo1.jpg","width":2011,"height":866,"caption":"SalzburgerLand Tourismus"},"image":{"@id":"https:\/\/www.salzburgerland.com\/de\/magazin\/#\/schema\/logo\/image\/"},"sameAs":["https:\/\/www.facebook.com\/salzburgerland\/","https:\/\/x.com\/Salzburgerland","https:\/\/www.instagram.com\/salzburgerland\/","https:\/\/at.linkedin.com\/company\/salzburgerland-tourismus-gmbh","https:\/\/www.pinterest.at\/salzburgerland\/","https:\/\/www.youtube.com\/user\/salzburgerland","https:\/\/de.wikipedia.org\/wiki\/SalzburgerLand_Tourismus_GmbH"]},{"@type":"Person","@id":"https:\/\/www.salzburgerland.com\/de\/magazin\/#\/schema\/person\/7932db74f19d9640620859cb2b794c4e","name":"Christine Fr\u00f6schl","description":"Dein pers\u00f6nlicher Logenplatz im SalzburgerLand? Am liebsten gehe ich auf den Einberg im Salzburger Tennengau. Der Berg in der Osterhorn-Gruppe gl\u00e4nzt das ganze Jahr im Sonnenschein, auf dem Gipfel heben Paragleiter ab und die Aussicht auf das Tennengebirge, den Dachstein und die Bischofsm\u00fctze ist traumhaft. Dosige(r) oder Zuagroast? Zuagroast aus dem sch\u00f6nen Nieder\u00f6sterreich. Fr\u00fchling, Sommer, Herbst oder Winter? Alle Jahreszeiten begeistern mich. Momentan freue ich mich auf den Fr\u00fchling, das Zwitschern der V\u00f6gel und auf die sattgr\u00fcnen Wiesen. Salzburger Nockerl oder Schwarzbeernocken? Eindeutig Schwarzbeernocken. Rindsroulade vom Pinzgauer Biorind oder Saibling fangfrisch aus dem Fuschlsee? Mhhhh. Da kann ich mich nicht entscheiden. Bergtour oder Seentour? Mich zieht es auf jeden Fall hinauf. Begeistert bin ich auch von tiefblauen Bergseen in denen sich die Umgebung spiegelt und von der Aussicht w\u00e4hrend des Weges auf einen der wundersch\u00f6nen Seen im Salzburger Land.","url":"https:\/\/www.salzburgerland.com\/de\/magazin\/author\/christine-froeschl\/"}]}},"_wl_alt_label":[],"wl:entity_url":"http:\/\/open.salzburgerland.com\/magazin\/post\/kugeln_und_herzen_aus_bioheu_fuer_den_bauernherbst","_links":{"self":[{"href":"https:\/\/www.salzburgerland.com\/de\/magazin\/wp-json\/wp\/v2\/posts\/125274","targetHints":{"allow":["GET"]}}],"collection":[{"href":"https:\/\/www.salzburgerland.com\/de\/magazin\/wp-json\/wp\/v2\/posts"}],"about":[{"href":"https:\/\/www.salzburgerland.com\/de\/magazin\/wp-json\/wp\/v2\/types\/post"}],"author":[{"embeddable":true,"href":"https:\/\/www.salzburgerland.com\/de\/magazin\/wp-json\/wp\/v2\/users\/236"}],"replies":[{"embeddable":true,"href":"https:\/\/www.salzburgerland.com\/de\/magazin\/wp-json\/wp\/v2\/comments?post=125274"}],"version-history":[{"count":0,"href":"https:\/\/www.salzburgerland.com\/de\/magazin\/wp-json\/wp\/v2\/posts\/125274\/revisions"}],"wp:featuredmedia":[{"embeddable":true,"href":"https:\/\/www.salzburgerland.com\/de\/magazin\/wp-json\/wp\/v2\/media\/125278"}],"wp:attachment":[{"href":"https:\/\/www.salzburgerland.com\/de\/magazin\/wp-json\/wp\/v2\/media?parent=125274"}],"wp:term":[{"taxonomy":"category","embeddable":true,"href":"https:\/\/www.salzburgerland.com\/de\/magazin\/wp-json\/wp\/v2\/categories?post=125274"},{"taxonomy":"post_tag","embeddable":true,"href":"https:\/\/www.salzburgerland.com\/de\/magazin\/wp-json\/wp\/v2\/tags?post=125274"},{"taxonomy":"wl_entity_type","embeddable":true,"href":"https:\/\/www.salzburgerland.com\/de\/magazin\/wp-json\/wp\/v2\/wl_entity_type?post=125274"},{"taxonomy":"monatsauswahl","embeddable":true,"href":"https:\/\/www.salzburgerland.com\/de\/magazin\/wp-json\/wp\/v2\/monatsauswahl?post=125274"}],"curies":[{"name":"wp","href":"https:\/\/api.w.org\/{rel}","templated":true}]}}