{"id":125247,"date":"2018-08-14T08:00:44","date_gmt":"2018-08-14T06:00:44","guid":{"rendered":"https:\/\/www.salzburgerland.com\/de\/magazin\/?p=125247"},"modified":"2025-07-31T15:12:58","modified_gmt":"2025-07-31T13:12:58","slug":"sommerliche-schwammerl-variante","status":"publish","type":"post","link":"https:\/\/www.salzburgerland.com\/de\/magazin\/sommerliche-schwammerl-variante\/","title":{"rendered":"Sommerliche Schwammerl-Variante&#8230;"},"content":{"rendered":"\n<h2 class=\"wp-block-slt-subtitle\">&#8230; und die 7 Gebote des Schwammerl-Kodex!\u00a0<\/h2>\n\n\n\n<p class=\"wp-block-slt-intro\">Es ist Schwammerlzeit im SalzburgerLand. Schon bevor man im Wald die braunen oder gelben Kappen ersp\u00e4ht, str\u00f6mt das Aroma in die Nase und der versierte Schwammerlsucher braucht nur noch seiner Nase zu folgen. Und der nicht-versierte Schwammerlsucher? Der geht am besten in eines der vielen ausgezeichneten Restaurants und l\u00e4sst sich mit traditionellen oder ausgefallenen Schwammerlgerichten bekochen!<\/p>\n\n\n\n<p>\u201eEs muss nicht immer Schwammerl-Gulasch sein!\u201c Ein l\u00e4ssiges Schwammerl-Gericht w\u00e4re mal gefragt, meinte die Redaktion und schon klicken die Synapsen in meinem Hirn. \u201eL\u00e4ssig\u201c und vor allem unheimlich gut wird vom jungen Koch-Rebell Lukas Ziesel gekocht, bekannt aus dem Restaurant\u00a0<strong>V\u00f6llerei<\/strong>\u00a0im Hotel Hindenburg in Saalfelden am Steinernen Meer oder der Puls-4-TV-Sendung\u00a0<strong>\u201eLuggi, mach was draus\u201c<\/strong>. Der Pinzgauer Spitzenkoch, der inzwischen f\u00fcr die &#8222;<strong><a href=\"https:\/\/www.theedercollection.com\/essen-trinken\/\" target=\"_blank\" rel=\"noreferrer noopener\">The Eder Collection<\/a>&#8222;<\/strong>\u00a0in Maria Alm t\u00e4tig ist, begeistert die Kreation eines kreativen Pilzgerichtes, und er meint: \u201eBring mir du den Pilz, ich sorg f\u00fcr ein l\u00e4ssiges Rezept.\u201c Gesagt, getan! Rauf auf den Berg und rein in den Wald und auf geht\u00b4s zur Schwammlerjagd. Halali! Da steht er schon. Ein Prachtexemplar von einem Herrenpilz. Schneiden oder Herausdrehen? Dar\u00fcber steht nichts im Schwammerl-Kodex! (Mehr dazu am Ende dieses Artikels.)<\/p>\n\n\n\n<figure class=\"wp-block-image size-full alignnone\"><a href=\"https:\/\/www.salzburgerland.com\/de\/magazin\/wp-content\/uploads\/2018\/08\/schwammerlsaibling-22.jpg\"><img loading=\"lazy\" decoding=\"async\" width=\"1600\" height=\"1065\" src=\"https:\/\/www.salzburgerland.com\/de\/magazin\/wp-content\/uploads\/2018\/08\/schwammerlsaibling-22.jpg\" alt=\"Roher Saibling mit Steinpilz. c Edith Danzer\" class=\"wp-image-125258\" srcset=\"https:\/\/www.salzburgerland.com\/de\/magazin\/wp-content\/uploads\/2018\/08\/schwammerlsaibling-22.jpg 1600w, https:\/\/www.salzburgerland.com\/de\/magazin\/wp-content\/uploads\/2018\/08\/schwammerlsaibling-22-300x200.jpg 300w, https:\/\/www.salzburgerland.com\/de\/magazin\/wp-content\/uploads\/2018\/08\/schwammerlsaibling-22-826x550.jpg 826w, https:\/\/www.salzburgerland.com\/de\/magazin\/wp-content\/uploads\/2018\/08\/schwammerlsaibling-22-601x400.jpg 601w, https:\/\/www.salzburgerland.com\/de\/magazin\/wp-content\/uploads\/2018\/08\/schwammerlsaibling-22-1320x879.jpg 1320w\" sizes=\"auto, (max-width: 1600px) 100vw, 1600px\" \/><\/a><figcaption class=\"wp-element-caption\">Roher Saibling mit Steinpilz. c Edith Danzer<\/figcaption><\/figure>\n\n\n\n<p>Mit meinem Herrenpilz (das ist \u00fcbrigens nur ein anderer Name f\u00fcr den Steinpilz, da einst dieser vorz\u00fcgliche Speisepilz den hohen Herren vorbehalten war) in der Hand klopfe ich an die K\u00fcchent\u00fcr von Lukas Ziesel. Der nimmt kritisch meinen Steinpilz unter die Lupe. \u201eSteinhart, schneewei\u00df \u2013 frisch und knackig! Genau, was ich f\u00fcr mein Gericht brauche.\u201c<\/p>\n\n\n\n<h2 class=\"wp-block-heading\" id=\"h-roher-saibling\">Roher Saibling<\/h2>\n\n\n\n<p>Das l\u00e4ssige Schwammerl-Gericht, das Lukas f\u00fcr das SalzburgerLand Magazin kreiert hat, ist sommerlich leicht und hat mit Schwammerlgulasch nichts am Hut. \u201eFangfrischer Fisch passt super zu Pilzen und den sommerlichen Temperaturen. Ich habe den Saibling soeben von Stefan Magg von der <a href=\"https:\/\/fischzucht.wordpress.com\/\" target=\"_blank\" rel=\"noopener noreferrer\">Fischzucht Kehlbach<\/a> bekommen. F\u00fcr das Gericht wird der Saibling roh serviert \u2013 da ist absolute Frische sehr wichtig. Nach dem Hautabziehen kommt der Fisch hauchd\u00fcnn geschnitten auf den Teller und wird mit Salz, Pfeffer, Oliven\u00f6l und Zitronensaft mariniert. Dekoriert wird optional mit Saiblingskaviar. Dazu serviere ich vier verschiedene Bohnensorten von der eigenen Dachterrasse. Auf exotische Gew\u00fcrze verzichte ich \u2013 ich lasse lieber den Eigengeschmack des Fischs und des Pilzes wirken. Ist der Fisch mariniert am Teller, hoble ich vom rohen Herrenpilz wie vom Tr\u00fcffel hauchd\u00fcnne Scheiben dar\u00fcber. So erh\u00e4lt das Gericht eine ganz feine, elegante Note. F\u00fcr den Bohnensalat die Bohnen blanchieren und mit den Zutaten marinieren. F\u00fcr die Mayonnaise die beiden \u00d6le langsam mit dem Dotter aufziehen und abschmecken.\u201c Das Ergebnis dieses schnellen und einfachen Gerichts ist \u00fcberraschend! Eine wahre Geschmacksexplosion an frischen Zutaten und selbst in der sommerlichen Hitze ein echter Genuss.<\/p>\n\n\n\n<figure class=\"wp-block-image size-full alignnone\"><a href=\"https:\/\/www.salzburgerland.com\/de\/magazin\/wp-content\/uploads\/2018\/08\/schwammerlsaibling-18.jpg\"><img loading=\"lazy\" decoding=\"async\" width=\"1600\" height=\"1065\" src=\"https:\/\/www.salzburgerland.com\/de\/magazin\/wp-content\/uploads\/2018\/08\/schwammerlsaibling-18.jpg\" alt=\"Lukas Ziesel. c Edith Danzer\" class=\"wp-image-125256\" srcset=\"https:\/\/www.salzburgerland.com\/de\/magazin\/wp-content\/uploads\/2018\/08\/schwammerlsaibling-18.jpg 1600w, https:\/\/www.salzburgerland.com\/de\/magazin\/wp-content\/uploads\/2018\/08\/schwammerlsaibling-18-300x200.jpg 300w, https:\/\/www.salzburgerland.com\/de\/magazin\/wp-content\/uploads\/2018\/08\/schwammerlsaibling-18-826x550.jpg 826w, https:\/\/www.salzburgerland.com\/de\/magazin\/wp-content\/uploads\/2018\/08\/schwammerlsaibling-18-601x400.jpg 601w, https:\/\/www.salzburgerland.com\/de\/magazin\/wp-content\/uploads\/2018\/08\/schwammerlsaibling-18-1320x879.jpg 1320w\" sizes=\"auto, (max-width: 1600px) 100vw, 1600px\" \/><\/a><figcaption class=\"wp-element-caption\">Lukas Ziesel. c Edith Danzer<\/figcaption><\/figure>\n\n\n\n<h2 class=\"wp-block-heading\" id=\"h-marinierter-saibling-mit-bohnensalat-sauerrahm-mayonnaise-amp-steinpilz\">Marinierter Saibling mit Bohnensalat, Sauerrahm-Mayonnaise &amp; Steinpilz<\/h2>\n\n\n\n<p><strong>Saibling:<br><\/strong>2 Seiten frischer, entgr\u00e4teter Saibling, d\u00fcnn geschnitten<br>Salz, schwarzer Pfeffer, Zitronensaft<br>bestes Oliven\u00f6l<br>Saiblings Kaviar bzw. Forellen Kaviar<\/p>\n\n\n\n<p><strong>Bohnensalat:<br><\/strong>100 g blanchierte, frische Bohnen aus dem Garten oder vom Bauern<br>(Fisolen, breite Bohnen, Kenia-Bohnen, Soja-Bohnen, Erbsen, Saubohnen)<br>1 Schalotte, fein geschnitten<br>1\/3 Knoblauch<br>5 Blatt gehackte Petersilie&nbsp;&nbsp;&nbsp;&nbsp;&nbsp;&nbsp;&nbsp;&nbsp;&nbsp;&nbsp;&nbsp;&nbsp;&nbsp;&nbsp;&nbsp;&nbsp;&nbsp;&nbsp;&nbsp;&nbsp;&nbsp;&nbsp;&nbsp;&nbsp;&nbsp;&nbsp;&nbsp;&nbsp;&nbsp;&nbsp;&nbsp;&nbsp;&nbsp;<br>1 TL Creme Fraiche oder Sauerrahm<br>Zitronen-Zeste<br>1 EL bestes Oliven\u00f6l<br>\u00bd EL wei\u00dfer Balsamico<\/p>\n\n\n\n<p><strong>Distel-Mayonnaise<br><\/strong>1 Bio-Ei-Dotter<br>20 ml Distel\u00f6l<br>50 ml bestes Oliven\u00f6l&nbsp;&nbsp;&nbsp;&nbsp;&nbsp;&nbsp;&nbsp;&nbsp;&nbsp;&nbsp;&nbsp;&nbsp;&nbsp;&nbsp;&nbsp;&nbsp;&nbsp;&nbsp;&nbsp;&nbsp;&nbsp;&nbsp;&nbsp;&nbsp;&nbsp;&nbsp;&nbsp;&nbsp;&nbsp;<br>2 TL Zitronensaft<br>1 TL Dijon-Senf<br>1 EL Sauerrahm<br>Salz, schwarzer Pfeffer<\/p>\n\n\n\n<figure class=\"wp-block-image size-full alignnone\"><a href=\"https:\/\/www.salzburgerland.com\/de\/magazin\/wp-content\/uploads\/2018\/08\/schwammerlsaibling.jpg\"><img loading=\"lazy\" decoding=\"async\" width=\"1600\" height=\"1068\" src=\"https:\/\/www.salzburgerland.com\/de\/magazin\/wp-content\/uploads\/2018\/08\/schwammerlsaibling.jpg\" alt=\"Lukas richtet mit viel Liebe an. c Edith Danzer\" class=\"wp-image-125259\" srcset=\"https:\/\/www.salzburgerland.com\/de\/magazin\/wp-content\/uploads\/2018\/08\/schwammerlsaibling.jpg 1600w, https:\/\/www.salzburgerland.com\/de\/magazin\/wp-content\/uploads\/2018\/08\/schwammerlsaibling-300x200.jpg 300w, https:\/\/www.salzburgerland.com\/de\/magazin\/wp-content\/uploads\/2018\/08\/schwammerlsaibling-824x550.jpg 824w, https:\/\/www.salzburgerland.com\/de\/magazin\/wp-content\/uploads\/2018\/08\/schwammerlsaibling-599x400.jpg 599w, https:\/\/www.salzburgerland.com\/de\/magazin\/wp-content\/uploads\/2018\/08\/schwammerlsaibling-1320x881.jpg 1320w\" sizes=\"auto, (max-width: 1600px) 100vw, 1600px\" \/><\/a><figcaption class=\"wp-element-caption\">Lukas richtet mit viel Liebe an. c Edith Danzer<\/figcaption><\/figure>\n\n\n\n<h2 class=\"wp-block-heading\" id=\"h-der-kodex-die-dos-and-dont-s-des-schwammerl-suchens\">Der Kodex: Die \u201eDos and Dont\u2019s\u201c des Schwammerl-Suchens<\/h2>\n\n\n\n<p>Es gibt keine fixen Richtlinien f\u00fcr Schwammerlsucher. Doch f\u00fcr echte Pilzj\u00e4ger sind gewisse Verhaltensregeln Ehrensache. Von den 8.800 in \u00d6sterreich bekannten Pilzarten, die \u00fcbrigens eine eigene Gattung bilden und weder zu den Tieren noch zu den Pflanzen geh\u00f6ren, z\u00e4hlen nur 100 Arten zu den Speisepilzen. Die Verwechslungsgefahr ist gro\u00df und selbst ein Vergleich mit Abbildungen in Pilz-F\u00fchrern ist oft nicht ausreichend f\u00fcr die Bestimmung.<\/p>\n\n\n\n<ol class=\"wp-block-list\">\n<li><strong>Nichts pfl\u00fccken, was man nicht eindeutig als Speisepilz deklarieren kann! <\/strong><\/li>\n\n\n\n<li><strong>Angefaulte Pilz-Exemplare bleiben stehen! <\/strong>Ihre Sporen sorgen f\u00fcr die Vermehrung. Auch einen vermeintlichen Giftpilz tritt man nicht um \u2013 denn er hat eine wichtige Rolle im Wald und dient eventuell anderen Tieren als Nahrung. Ob geschnitten oder gepfl\u00fcckt wird ist Ansichtssache \u2013 bei mir ist ein scharfes Schwammerlmesser st\u00e4ndiger Begleiter, da ich die Pilze auch gleich direkt im Wald putze.<\/li>\n\n\n\n<li><strong>Keine Plastiks\u00e4cke zum Sammeln verwenden! <\/strong>Darin schwitzen die Pilze, werden matschig und verderben. Besser: Korb oder Stofftasche. Und die Schwammerl m\u00f6glichst k\u00fchl nach Hause bringen und rasch verarbeiten.<\/li>\n\n\n\n<li><strong>Keinen Fr\u00fchstart in den Wald <\/strong>\u2013 Schwammerlsuchen nur zu den erlaubten Uhrzeiten. In Salzburg darf man im Zeitraum von 7:00 Uhr bis 19:00 Uhr (ab Oktober bis 17:00 Uhr) Pilze suchen. Betretungsverbote und ausgewiesene Schutzgebiete gelten nat\u00fcrlich auch f\u00fcr Schwammerlsucher. Das Wild sagt Danke!<\/li>\n\n\n\n<li><strong>Rudel-Schwammerlsucher: <\/strong>Ruhe im Wald! In Sichtweite bleiben und Gehrichtung und Zwischen-Ziele ausmachen. Nicht \u00fcberall ist Handyempfang, also zwischendurch immer einen Blick auf die anderen werfen.<\/li>\n\n\n\n<li><strong>Pro Person d\u00fcrfen nicht mehr als 2 Kilogramm Pilze pro Tag gesammelt werden. <\/strong>Geht man in der Gruppe gilt eine H\u00f6chstgrenze von 8 Kilogramm, wenn die Schwammerl nicht getrennt gesammelt wurden und zugeordnet werden k\u00f6nnen. (Diese Regelung gilt nicht f\u00fcr die Grundeigent\u00fcmer!) Die Salzburger Berg- und Naturwacht \u00fcbernimmt die \u00dcberwachung dieser Richtlinie. Die Aufsichtsorgane sind auch berechtigt einen Blick in den Rucksack zu werfen und Pilze gegebenenfalls zu beschlagnahmen und Anzeige zu erstatten.<\/li>\n\n\n\n<li><strong>Das Haus der Natur in Salzburg <\/strong>bietet jeden Montag bis 22.10. von 15:00 bis 17:00 Uhr eine kostenlose Pilzberatung. Wenn man ein fragliches Schwammerl aus dem Wald mitnimmt: unbedingt gesondert transportieren! Bei hochgiftigen Pilzen gen\u00fcgt ein abgebrochener Teil, um das Pilzgericht ungenie\u00dfbar zu machen.<\/li>\n<\/ol>\n\n\n\n<h2 class=\"wp-block-heading\" id=\"h-der-schwammerl-experte-im-haus-der-natur\">Der Schwammerl-Experte im Haus der Natur<\/h2>\n\n\n\n<p>Dr. Thomas R\u00fccker ist Biologe und Kurator f\u00fcr Mykologie <a href=\"https:\/\/www.hausdernatur.at\/de\/startseite.html\" target=\"_blank\" rel=\"noopener noreferrer\">im Haus der Natur.<\/a> Seine mont\u00e4gliche Pilzberatung wird von vielen Besuchern beansprucht und die h\u00e4ufigste Frage mit der er konfrontiert wird, lautet: \u201eKann ich den essen?\u201c Seit einigen Jahren wird dieser kostenlose Service angeboten, und Einheimische und G\u00e4ste kommen mit ihren Pilzfunden. Der Schwammerl-Experte, der sich seit \u00fcber 30 Jahren als Wissenschaftler mit der Materie befasst, erz\u00e4hlt: \u201eAm \u00f6ftesten liegen der Steinpilz und seine Verwechslungs-Kandidaten bei mir auf dem Tisch. Eines ist klar, wir sortieren keine Schwammerl-K\u00f6rbe aus \u2013 es werden nur einzelne und vollst\u00e4ndige Pilze zur \u00dcberpr\u00fcfung gebracht. Ich freue mich \u00fcber das rege Interesse an der Schwammerlkunde. Ohne der Symbiose mit den Pilzen w\u00fcrden gerade in einem hei\u00dfen Sommer wie in diesem Jahr die W\u00e4lder austrocknen!\u201c Das Land Salzburg hat zum Thema \u201ePilzschutz in Salzburg\u201c <a href=\"https:\/\/www.salzburg.gv.at\/umweltnaturwasser_\/Documents\/Publikationen%20Natur\/pilzschutz.pdf\" target=\"_blank\" rel=\"noopener noreferrer\">eine eigene Brosch\u00fcre<\/a> aufgelegt, in der man Wissenswertes zum Pilzschutz, Verbote und Gebote findet.<\/p>\n\n\n\n<div class=\"mag-gallery\"><div class=\"row\"><div class=\"col-6 col-sm-4\"><figure><a class=\"thumb-container\" href=\"https:\/\/www.salzburgerland.com\/de\/magazin\/wp-content\/uploads\/2018\/08\/schwammerlsaibling-3-1280x1024.jpg\">\t<picture><source media=\"(min-width: 576px)\" srcset=\"https:\/\/www.salzburgerland.com\/de\/magazin\/wp-content\/uploads\/2018\/08\/schwammerlsaibling-3-325x209.jpg 325w, https:\/\/www.salzburgerland.com\/de\/magazin\/wp-content\/uploads\/2018\/08\/schwammerlsaibling-3-249x160.jpg 249w\" \/><source media=\"(min-width: 0)\" srcset=\"https:\/\/www.salzburgerland.com\/de\/magazin\/wp-content\/uploads\/2018\/08\/schwammerlsaibling-3-249x160.jpg 249w, https:\/\/www.salzburgerland.com\/de\/magazin\/wp-content\/uploads\/2018\/08\/schwammerlsaibling-3-325x209.jpg 325w\" \/><img decoding=\"async\" alt=\"Bohnen von der Dachterrasse. c Edith Danzer\" src=\"https:\/\/www.salzburgerland.com\/de\/magazin\/wp-content\/uploads\/2018\/08\/schwammerlsaibling-3.jpg\" \/>\t<\/picture><\/a><\/figure><\/div><div class=\"col-6 col-sm-4\"><figure><a class=\"thumb-container\" href=\"https:\/\/www.salzburgerland.com\/de\/magazin\/wp-content\/uploads\/2018\/08\/schwammerlsaibling-9-1280x1024.jpg\">\t<picture><source media=\"(min-width: 576px)\" srcset=\"https:\/\/www.salzburgerland.com\/de\/magazin\/wp-content\/uploads\/2018\/08\/schwammerlsaibling-9-325x209.jpg 325w, https:\/\/www.salzburgerland.com\/de\/magazin\/wp-content\/uploads\/2018\/08\/schwammerlsaibling-9-249x160.jpg 249w\" \/><source media=\"(min-width: 0)\" srcset=\"https:\/\/www.salzburgerland.com\/de\/magazin\/wp-content\/uploads\/2018\/08\/schwammerlsaibling-9-249x160.jpg 249w, https:\/\/www.salzburgerland.com\/de\/magazin\/wp-content\/uploads\/2018\/08\/schwammerlsaibling-9-325x209.jpg 325w\" \/><img decoding=\"async\" alt=\"Roher Saibling mit Steinpilz. c Edith Danzer\" src=\"https:\/\/www.salzburgerland.com\/de\/magazin\/wp-content\/uploads\/2018\/08\/schwammerlsaibling-9.jpg\" \/>\t<\/picture><\/a><\/figure><\/div><div class=\"col-6 col-sm-4\"><figure><a class=\"thumb-container\" href=\"https:\/\/www.salzburgerland.com\/de\/magazin\/wp-content\/uploads\/2018\/08\/schwammerlsaibling-11-1280x1024.jpg\">\t<picture><source media=\"(min-width: 576px)\" srcset=\"https:\/\/www.salzburgerland.com\/de\/magazin\/wp-content\/uploads\/2018\/08\/schwammerlsaibling-11-325x209.jpg 325w, https:\/\/www.salzburgerland.com\/de\/magazin\/wp-content\/uploads\/2018\/08\/schwammerlsaibling-11-249x160.jpg 249w\" \/><source media=\"(min-width: 0)\" srcset=\"https:\/\/www.salzburgerland.com\/de\/magazin\/wp-content\/uploads\/2018\/08\/schwammerlsaibling-11-249x160.jpg 249w, https:\/\/www.salzburgerland.com\/de\/magazin\/wp-content\/uploads\/2018\/08\/schwammerlsaibling-11-325x209.jpg 325w\" \/><img decoding=\"async\" alt=\"Bestes Oliven\u00f6l kommt \u00fcber den rohen Fisch. c Edith Danzer\" src=\"https:\/\/www.salzburgerland.com\/de\/magazin\/wp-content\/uploads\/2018\/08\/schwammerlsaibling-11.jpg\" \/>\t<\/picture><\/a><\/figure><\/div><div class=\"col-6 col-sm-4\"><figure><a class=\"thumb-container\" href=\"https:\/\/www.salzburgerland.com\/de\/magazin\/wp-content\/uploads\/2018\/08\/schwammerlsaibling-12-1280x1024.jpg\">\t<picture><source media=\"(min-width: 576px)\" srcset=\"https:\/\/www.salzburgerland.com\/de\/magazin\/wp-content\/uploads\/2018\/08\/schwammerlsaibling-12-325x209.jpg 325w, https:\/\/www.salzburgerland.com\/de\/magazin\/wp-content\/uploads\/2018\/08\/schwammerlsaibling-12-249x160.jpg 249w\" \/><source media=\"(min-width: 0)\" srcset=\"https:\/\/www.salzburgerland.com\/de\/magazin\/wp-content\/uploads\/2018\/08\/schwammerlsaibling-12-249x160.jpg 249w, https:\/\/www.salzburgerland.com\/de\/magazin\/wp-content\/uploads\/2018\/08\/schwammerlsaibling-12-325x209.jpg 325w\" \/><img decoding=\"async\" alt=\"Ein K\u00fcchenchef reibt Tr\u00fcffel \u00fcber einen Gourmetsalat, w\u00e4hrend daneben ein anderes Gericht auf Eis serviert wird.\" src=\"https:\/\/www.salzburgerland.com\/de\/magazin\/wp-content\/uploads\/2018\/08\/schwammerlsaibling-12.jpg\" \/>\t<\/picture><\/a><\/figure><\/div><div class=\"col-6 col-sm-4\"><figure><a class=\"thumb-container\" href=\"https:\/\/www.salzburgerland.com\/de\/magazin\/wp-content\/uploads\/2018\/08\/schwammerlsaibling-14-1280x1024.jpg\">\t<picture><source media=\"(min-width: 576px)\" srcset=\"https:\/\/www.salzburgerland.com\/de\/magazin\/wp-content\/uploads\/2018\/08\/schwammerlsaibling-14-325x209.jpg 325w, https:\/\/www.salzburgerland.com\/de\/magazin\/wp-content\/uploads\/2018\/08\/schwammerlsaibling-14-249x160.jpg 249w\" \/><source media=\"(min-width: 0)\" srcset=\"https:\/\/www.salzburgerland.com\/de\/magazin\/wp-content\/uploads\/2018\/08\/schwammerlsaibling-14-249x160.jpg 249w, https:\/\/www.salzburgerland.com\/de\/magazin\/wp-content\/uploads\/2018\/08\/schwammerlsaibling-14-325x209.jpg 325w\" \/><img decoding=\"async\" alt=\"Wo gehobelt wird... c Edith Danzer\" src=\"https:\/\/www.salzburgerland.com\/de\/magazin\/wp-content\/uploads\/2018\/08\/schwammerlsaibling-14.jpg\" \/>\t<\/picture><\/a><\/figure><\/div><div class=\"col-6 col-sm-4\"><figure><a class=\"thumb-container\" href=\"https:\/\/www.salzburgerland.com\/de\/magazin\/wp-content\/uploads\/2018\/08\/schwammerlsaibling-18-1280x1024.jpg\">\t<picture><source media=\"(min-width: 576px)\" srcset=\"https:\/\/www.salzburgerland.com\/de\/magazin\/wp-content\/uploads\/2018\/08\/schwammerlsaibling-18-325x209.jpg 325w, https:\/\/www.salzburgerland.com\/de\/magazin\/wp-content\/uploads\/2018\/08\/schwammerlsaibling-18-249x160.jpg 249w\" \/><source media=\"(min-width: 0)\" srcset=\"https:\/\/www.salzburgerland.com\/de\/magazin\/wp-content\/uploads\/2018\/08\/schwammerlsaibling-18-249x160.jpg 249w, https:\/\/www.salzburgerland.com\/de\/magazin\/wp-content\/uploads\/2018\/08\/schwammerlsaibling-18-325x209.jpg 325w\" \/><img decoding=\"async\" alt=\"Lukas Ziesel. c Edith Danzer\" src=\"https:\/\/www.salzburgerland.com\/de\/magazin\/wp-content\/uploads\/2018\/08\/schwammerlsaibling-18.jpg\" \/>\t<\/picture><\/a><\/figure><\/div><div class=\"col-6 col-sm-4\"><figure><a class=\"thumb-container\" href=\"https:\/\/www.salzburgerland.com\/de\/magazin\/wp-content\/uploads\/2018\/08\/schwammerlsaibling-22-1280x1024.jpg\">\t<picture><source media=\"(min-width: 576px)\" srcset=\"https:\/\/www.salzburgerland.com\/de\/magazin\/wp-content\/uploads\/2018\/08\/schwammerlsaibling-22-325x209.jpg 325w, https:\/\/www.salzburgerland.com\/de\/magazin\/wp-content\/uploads\/2018\/08\/schwammerlsaibling-22-249x160.jpg 249w\" \/><source media=\"(min-width: 0)\" srcset=\"https:\/\/www.salzburgerland.com\/de\/magazin\/wp-content\/uploads\/2018\/08\/schwammerlsaibling-22-249x160.jpg 249w, https:\/\/www.salzburgerland.com\/de\/magazin\/wp-content\/uploads\/2018\/08\/schwammerlsaibling-22-325x209.jpg 325w\" \/><img decoding=\"async\" alt=\"Roher Saibling mit Steinpilz. c Edith Danzer\" src=\"https:\/\/www.salzburgerland.com\/de\/magazin\/wp-content\/uploads\/2018\/08\/schwammerlsaibling-22.jpg\" \/>\t<\/picture><\/a><\/figure><\/div><div class=\"col-6 col-sm-4\"><figure><a class=\"thumb-container\" href=\"https:\/\/www.salzburgerland.com\/de\/magazin\/wp-content\/uploads\/2018\/08\/schwammerlsaibling-1280x1024.jpg\">\t<picture><source media=\"(min-width: 576px)\" srcset=\"https:\/\/www.salzburgerland.com\/de\/magazin\/wp-content\/uploads\/2018\/08\/schwammerlsaibling-325x209.jpg 325w, https:\/\/www.salzburgerland.com\/de\/magazin\/wp-content\/uploads\/2018\/08\/schwammerlsaibling-249x160.jpg 249w\" \/><source media=\"(min-width: 0)\" srcset=\"https:\/\/www.salzburgerland.com\/de\/magazin\/wp-content\/uploads\/2018\/08\/schwammerlsaibling-249x160.jpg 249w, https:\/\/www.salzburgerland.com\/de\/magazin\/wp-content\/uploads\/2018\/08\/schwammerlsaibling-325x209.jpg 325w\" \/><img decoding=\"async\" alt=\"Lukas richtet mit viel Liebe an. c Edith Danzer\" src=\"https:\/\/www.salzburgerland.com\/de\/magazin\/wp-content\/uploads\/2018\/08\/schwammerlsaibling.jpg\" \/>\t<\/picture><\/a><\/figure><\/div><\/div><\/div><figcaption><\/figcaption>\n","protected":false},"excerpt":{"rendered":"<p>\u201eEs muss nicht immer Schwammerl-Gulasch sein!\u201c Ein l\u00e4ssiges Schwammerl-Gericht w\u00e4re mal gefragt, meinte die Redaktion und schon klicken die Synapsen in meinem Hirn. \u201eL\u00e4ssig\u201c und vor allem unheimlich gut wird vom jungen Koch-Rebell Lukas Ziesel gekocht, bekannt aus dem Restaurant\u00a0V\u00f6llerei\u00a0im Hotel Hindenburg in Saalfelden am Steinernen Meer oder der Puls-4-TV-Sendung\u00a0\u201eLuggi, mach was draus\u201c. Der Pinzgauer [&hellip;]<\/p>\n","protected":false},"author":11,"featured_media":125254,"comment_status":"open","ping_status":"open","sticky":false,"template":"","format":"standard","meta":{"_acf_changed":false,"wl_entities_gutenberg":"","_wl_entity_redirect_enabled":"","footnotes":""},"categories":[3],"tags":[],"wl_entity_type":[306,871],"monatsauswahl":[88,89,90,91],"class_list":["post-125247","post","type-post","status-publish","format-standard","has-post-thumbnail","hentry","category-essen-trinken","wl_entity_type-article","wl_entity_type-recipe","monatsauswahl-monat_7","monatsauswahl-monat_8","monatsauswahl-monat_9","monatsauswahl-monat_10"],"acf":[],"yoast_head":"<!-- This site is optimized with the Yoast SEO Premium plugin v27.4 (Yoast SEO v27.4) - https:\/\/yoast.com\/product\/yoast-seo-premium-wordpress\/ -->\n<title>Sommerliche Schwammerl-Variante... - SalzburgerLand Magazin<\/title>\n<meta name=\"description\" content=\"Es ist Schwammerlzeit im SalzburgerLand. Schon bevor man im Wald die braunen oder gelben Kappen ersp\u00e4ht, str\u00f6mt das Aroma in die Nase und der versierte Schwammerlsucher braucht nur noch seiner Nase zu folgen. Und der nicht-versierte Schwammerlsucher? Der geht am besten in eines der vielen ausgezeichneten Restaurants und l\u00e4sst sich mit traditionellen oder ausgefallenen Schwammerlgerichten bekochen!\" \/>\n<meta name=\"robots\" content=\"index, follow, max-snippet:-1, max-image-preview:large, max-video-preview:-1\" \/>\n<link rel=\"canonical\" href=\"https:\/\/www.salzburgerland.com\/de\/magazin\/sommerliche-schwammerl-variante\/\" \/>\n<meta property=\"og:locale\" content=\"de_DE\" \/>\n<meta property=\"og:type\" content=\"article\" \/>\n<meta property=\"og:title\" content=\"Sommerliche Schwammerl-Variante...\" \/>\n<meta property=\"og:description\" content=\"\u201eEs muss nicht immer Schwammerl-Gulasch sein!\u201c Ein l\u00e4ssiges Schwammerl-Gericht w\u00e4re mal gefragt, meinte die Redaktion und schon klicken die Synapsen in meinem Hirn. \u201eL\u00e4ssig\u201c und vor allem unheimlich gut wird vom jungen Koch-Rebell Lukas Ziesel gekocht, bekannt aus dem Restaurant\u00a0V\u00f6llerei\u00a0im Hotel Hindenburg in Saalfelden am Steinernen Meer oder der Puls-4-TV-Sendung\u00a0\u201eLuggi, mach was draus\u201c. Der Pinzgauer [&hellip;]\" \/>\n<meta property=\"og:url\" content=\"https:\/\/www.salzburgerland.com\/de\/magazin\/sommerliche-schwammerl-variante\/\" \/>\n<meta property=\"og:site_name\" content=\"SalzburgerLand Magazin\" \/>\n<meta property=\"article:publisher\" content=\"https:\/\/www.facebook.com\/salzburgerland\/\" \/>\n<meta property=\"article:published_time\" content=\"2018-08-14T06:00:44+00:00\" \/>\n<meta property=\"article:modified_time\" content=\"2025-07-31T13:12:58+00:00\" \/>\n<meta property=\"og:image\" content=\"https:\/\/www.salzburgerland.com\/de\/magazin\/wp-content\/uploads\/2018\/08\/schwammerlsaibling-12.jpg\" \/>\n\t<meta property=\"og:image:width\" content=\"1600\" \/>\n\t<meta property=\"og:image:height\" content=\"1068\" \/>\n\t<meta property=\"og:image:type\" content=\"image\/jpeg\" \/>\n<meta name=\"author\" content=\"Edith Danzer\" \/>\n<meta name=\"twitter:card\" content=\"summary_large_image\" \/>\n<meta name=\"twitter:creator\" content=\"@Salzburgerland\" \/>\n<meta name=\"twitter:site\" content=\"@Salzburgerland\" \/>\n<meta name=\"twitter:label1\" content=\"Verfasst von\" \/>\n\t<meta name=\"twitter:data1\" content=\"Edith Danzer\" \/>\n\t<meta name=\"twitter:label2\" content=\"Gesch\u00e4tzte Lesezeit\" \/>\n\t<meta name=\"twitter:data2\" content=\"7\u00a0Minuten\" \/>\n<script type=\"application\/ld+json\" class=\"yoast-schema-graph\">{\"@context\":\"https:\\\/\\\/schema.org\",\"@graph\":[{\"@type\":\"Article\",\"@id\":\"https:\\\/\\\/www.salzburgerland.com\\\/de\\\/magazin\\\/sommerliche-schwammerl-variante\\\/#article\",\"isPartOf\":{\"@id\":\"https:\\\/\\\/www.salzburgerland.com\\\/de\\\/magazin\\\/sommerliche-schwammerl-variante\\\/\"},\"author\":{\"name\":\"Edith Danzer\",\"@id\":\"https:\\\/\\\/www.salzburgerland.com\\\/de\\\/magazin\\\/#\\\/schema\\\/person\\\/79452c699c410aa31a119426313748de\"},\"headline\":\"Sommerliche Schwammerl-Variante&#8230;\",\"datePublished\":\"2018-08-14T06:00:44+00:00\",\"dateModified\":\"2025-07-31T13:12:58+00:00\",\"mainEntityOfPage\":{\"@id\":\"https:\\\/\\\/www.salzburgerland.com\\\/de\\\/magazin\\\/sommerliche-schwammerl-variante\\\/\"},\"wordCount\":1165,\"commentCount\":0,\"publisher\":{\"@id\":\"https:\\\/\\\/www.salzburgerland.com\\\/de\\\/magazin\\\/#organization\"},\"image\":{\"@id\":\"https:\\\/\\\/www.salzburgerland.com\\\/de\\\/magazin\\\/sommerliche-schwammerl-variante\\\/#primaryimage\"},\"thumbnailUrl\":\"https:\\\/\\\/www.salzburgerland.com\\\/de\\\/magazin\\\/wp-content\\\/uploads\\\/2018\\\/08\\\/schwammerlsaibling-12.jpg\",\"articleSection\":[\"Essen &amp; Trinken\"],\"inLanguage\":\"de\",\"potentialAction\":[{\"@type\":\"CommentAction\",\"name\":\"Comment\",\"target\":[\"https:\\\/\\\/www.salzburgerland.com\\\/de\\\/magazin\\\/sommerliche-schwammerl-variante\\\/#respond\"]}]},{\"@type\":\"WebPage\",\"@id\":\"https:\\\/\\\/www.salzburgerland.com\\\/de\\\/magazin\\\/sommerliche-schwammerl-variante\\\/\",\"url\":\"https:\\\/\\\/www.salzburgerland.com\\\/de\\\/magazin\\\/sommerliche-schwammerl-variante\\\/\",\"name\":\"Sommerliche Schwammerl-Variante... - SalzburgerLand Magazin\",\"isPartOf\":{\"@id\":\"https:\\\/\\\/www.salzburgerland.com\\\/de\\\/magazin\\\/#website\"},\"primaryImageOfPage\":{\"@id\":\"https:\\\/\\\/www.salzburgerland.com\\\/de\\\/magazin\\\/sommerliche-schwammerl-variante\\\/#primaryimage\"},\"image\":{\"@id\":\"https:\\\/\\\/www.salzburgerland.com\\\/de\\\/magazin\\\/sommerliche-schwammerl-variante\\\/#primaryimage\"},\"thumbnailUrl\":\"https:\\\/\\\/www.salzburgerland.com\\\/de\\\/magazin\\\/wp-content\\\/uploads\\\/2018\\\/08\\\/schwammerlsaibling-12.jpg\",\"datePublished\":\"2018-08-14T06:00:44+00:00\",\"dateModified\":\"2025-07-31T13:12:58+00:00\",\"breadcrumb\":{\"@id\":\"https:\\\/\\\/www.salzburgerland.com\\\/de\\\/magazin\\\/sommerliche-schwammerl-variante\\\/#breadcrumb\"},\"inLanguage\":\"de\",\"potentialAction\":[{\"@type\":\"ReadAction\",\"target\":[\"https:\\\/\\\/www.salzburgerland.com\\\/de\\\/magazin\\\/sommerliche-schwammerl-variante\\\/\"]}]},{\"@type\":\"ImageObject\",\"inLanguage\":\"de\",\"@id\":\"https:\\\/\\\/www.salzburgerland.com\\\/de\\\/magazin\\\/sommerliche-schwammerl-variante\\\/#primaryimage\",\"url\":\"https:\\\/\\\/www.salzburgerland.com\\\/de\\\/magazin\\\/wp-content\\\/uploads\\\/2018\\\/08\\\/schwammerlsaibling-12.jpg\",\"contentUrl\":\"https:\\\/\\\/www.salzburgerland.com\\\/de\\\/magazin\\\/wp-content\\\/uploads\\\/2018\\\/08\\\/schwammerlsaibling-12.jpg\",\"width\":1600,\"height\":1068,\"caption\":\"Header Roher Saibiling. c Edith Danzer\"},{\"@type\":\"BreadcrumbList\",\"@id\":\"https:\\\/\\\/www.salzburgerland.com\\\/de\\\/magazin\\\/sommerliche-schwammerl-variante\\\/#breadcrumb\",\"itemListElement\":[{\"@type\":\"ListItem\",\"position\":1,\"name\":\"Startseite\",\"item\":\"https:\\\/\\\/www.salzburgerland.com\\\/de\\\/magazin\\\/\"},{\"@type\":\"ListItem\",\"position\":2,\"name\":\"Essen &amp; Trinken\",\"item\":\"https:\\\/\\\/www.salzburgerland.com\\\/de\\\/magazin\\\/thema\\\/essen-trinken\\\/\"},{\"@type\":\"ListItem\",\"position\":3,\"name\":\"Sommerliche Schwammerl-Variante&#8230;\"}]},{\"@type\":\"WebSite\",\"@id\":\"https:\\\/\\\/www.salzburgerland.com\\\/de\\\/magazin\\\/#website\",\"url\":\"https:\\\/\\\/www.salzburgerland.com\\\/de\\\/magazin\\\/\",\"name\":\"SalzburgerLand Magazin\",\"description\":\"Geschichten und Interessantes aus dem SalzburgerLand\",\"publisher\":{\"@id\":\"https:\\\/\\\/www.salzburgerland.com\\\/de\\\/magazin\\\/#organization\"},\"potentialAction\":[{\"@type\":\"SearchAction\",\"target\":{\"@type\":\"EntryPoint\",\"urlTemplate\":\"https:\\\/\\\/www.salzburgerland.com\\\/de\\\/magazin\\\/?s={search_term_string}\"},\"query-input\":{\"@type\":\"PropertyValueSpecification\",\"valueRequired\":true,\"valueName\":\"search_term_string\"}}],\"inLanguage\":\"de\"},{\"@type\":\"Organization\",\"@id\":\"https:\\\/\\\/www.salzburgerland.com\\\/de\\\/magazin\\\/#organization\",\"name\":\"SalzburgerLand Tourismus\",\"url\":\"https:\\\/\\\/www.salzburgerland.com\\\/de\\\/magazin\\\/\",\"logo\":{\"@type\":\"ImageObject\",\"inLanguage\":\"de\",\"@id\":\"https:\\\/\\\/www.salzburgerland.com\\\/de\\\/magazin\\\/#\\\/schema\\\/logo\\\/image\\\/\",\"url\":\"https:\\\/\\\/www.salzburgerland.com\\\/de\\\/magazin\\\/wp-content\\\/uploads\\\/2019\\\/06\\\/salzburgerland-logo1.jpg\",\"contentUrl\":\"https:\\\/\\\/www.salzburgerland.com\\\/de\\\/magazin\\\/wp-content\\\/uploads\\\/2019\\\/06\\\/salzburgerland-logo1.jpg\",\"width\":2011,\"height\":866,\"caption\":\"SalzburgerLand Tourismus\"},\"image\":{\"@id\":\"https:\\\/\\\/www.salzburgerland.com\\\/de\\\/magazin\\\/#\\\/schema\\\/logo\\\/image\\\/\"},\"sameAs\":[\"https:\\\/\\\/www.facebook.com\\\/salzburgerland\\\/\",\"https:\\\/\\\/x.com\\\/Salzburgerland\",\"https:\\\/\\\/www.instagram.com\\\/salzburgerland\\\/\",\"https:\\\/\\\/at.linkedin.com\\\/company\\\/salzburgerland-tourismus-gmbh\",\"https:\\\/\\\/www.pinterest.at\\\/salzburgerland\\\/\",\"https:\\\/\\\/www.youtube.com\\\/user\\\/salzburgerland\",\"https:\\\/\\\/de.wikipedia.org\\\/wiki\\\/SalzburgerLand_Tourismus_GmbH\"]},{\"@type\":\"Person\",\"@id\":\"https:\\\/\\\/www.salzburgerland.com\\\/de\\\/magazin\\\/#\\\/schema\\\/person\\\/79452c699c410aa31a119426313748de\",\"name\":\"Edith Danzer\",\"description\":\"Seit Jahren arbeite ich als freie Redakteurin und Fotografin im SalzburgerLand. Schreiben ist f\u00fcr mich nicht blo\u00df das Erstellen eines Textes. Es ist ein Komponieren einer wundervollen Melodie, ein Malen mit Buchstaben und Worten. Ich liebe die Begegnungen mit Menschen, die mir ihre Geschichte anvertrauen. Wenn man mich sucht, bin ich entweder am Schreibtisch (der auch mal am sonnigen H\u00fcttenbankerl stehen kann) oder mit meinem Husky-M\u00e4dl Ylvi am Berg, am See oder im Wald. Ich \u2026 \u2026 in ein paar Worten. \u2022 Lieber drau\u00dfen, als drinnen. \u2022 Lieber Norden, als S\u00fcden. \u2022 Lieber Buchstaben, als Zahlen. \u2022 Lieber Schnee, als Strand. \u2022 Lieber Berg, als Tal. \u2022 Lieber Nordlichter, als S\u00fcdseezauber. \u2022 Lieber H\u00fctte, als F\u00fcnfsternschuppen. \u2022 Lieber Hund, als Katze. \u2022 Lieber grader Michl, als falscher Fufzga. \u2022 Lieber mittendurch, als drumherum \u2022 Lieber Almleben, als Couchpotato\",\"url\":\"https:\\\/\\\/www.salzburgerland.com\\\/de\\\/magazin\\\/author\\\/edith-danzer\\\/\"}]}<\/script>\n<!-- \/ Yoast SEO Premium plugin. -->","yoast_head_json":{"title":"Sommerliche Schwammerl-Variante... - SalzburgerLand Magazin","description":"Es ist Schwammerlzeit im SalzburgerLand. Schon bevor man im Wald die braunen oder gelben Kappen ersp\u00e4ht, str\u00f6mt das Aroma in die Nase und der versierte Schwammerlsucher braucht nur noch seiner Nase zu folgen. Und der nicht-versierte Schwammerlsucher? Der geht am besten in eines der vielen ausgezeichneten Restaurants und l\u00e4sst sich mit traditionellen oder ausgefallenen Schwammerlgerichten bekochen!","robots":{"index":"index","follow":"follow","max-snippet":"max-snippet:-1","max-image-preview":"max-image-preview:large","max-video-preview":"max-video-preview:-1"},"canonical":"https:\/\/www.salzburgerland.com\/de\/magazin\/sommerliche-schwammerl-variante\/","og_locale":"de_DE","og_type":"article","og_title":"Sommerliche Schwammerl-Variante...","og_description":"\u201eEs muss nicht immer Schwammerl-Gulasch sein!\u201c Ein l\u00e4ssiges Schwammerl-Gericht w\u00e4re mal gefragt, meinte die Redaktion und schon klicken die Synapsen in meinem Hirn. \u201eL\u00e4ssig\u201c und vor allem unheimlich gut wird vom jungen Koch-Rebell Lukas Ziesel gekocht, bekannt aus dem Restaurant\u00a0V\u00f6llerei\u00a0im Hotel Hindenburg in Saalfelden am Steinernen Meer oder der Puls-4-TV-Sendung\u00a0\u201eLuggi, mach was draus\u201c. Der Pinzgauer [&hellip;]","og_url":"https:\/\/www.salzburgerland.com\/de\/magazin\/sommerliche-schwammerl-variante\/","og_site_name":"SalzburgerLand Magazin","article_publisher":"https:\/\/www.facebook.com\/salzburgerland\/","article_published_time":"2018-08-14T06:00:44+00:00","article_modified_time":"2025-07-31T13:12:58+00:00","og_image":[{"width":1600,"height":1068,"url":"https:\/\/www.salzburgerland.com\/de\/magazin\/wp-content\/uploads\/2018\/08\/schwammerlsaibling-12.jpg","type":"image\/jpeg"}],"author":"Edith Danzer","twitter_card":"summary_large_image","twitter_creator":"@Salzburgerland","twitter_site":"@Salzburgerland","twitter_misc":{"Verfasst von":"Edith Danzer","Gesch\u00e4tzte Lesezeit":"7\u00a0Minuten"},"schema":{"@context":"https:\/\/schema.org","@graph":[{"@type":"Article","@id":"https:\/\/www.salzburgerland.com\/de\/magazin\/sommerliche-schwammerl-variante\/#article","isPartOf":{"@id":"https:\/\/www.salzburgerland.com\/de\/magazin\/sommerliche-schwammerl-variante\/"},"author":{"name":"Edith Danzer","@id":"https:\/\/www.salzburgerland.com\/de\/magazin\/#\/schema\/person\/79452c699c410aa31a119426313748de"},"headline":"Sommerliche Schwammerl-Variante&#8230;","datePublished":"2018-08-14T06:00:44+00:00","dateModified":"2025-07-31T13:12:58+00:00","mainEntityOfPage":{"@id":"https:\/\/www.salzburgerland.com\/de\/magazin\/sommerliche-schwammerl-variante\/"},"wordCount":1165,"commentCount":0,"publisher":{"@id":"https:\/\/www.salzburgerland.com\/de\/magazin\/#organization"},"image":{"@id":"https:\/\/www.salzburgerland.com\/de\/magazin\/sommerliche-schwammerl-variante\/#primaryimage"},"thumbnailUrl":"https:\/\/www.salzburgerland.com\/de\/magazin\/wp-content\/uploads\/2018\/08\/schwammerlsaibling-12.jpg","articleSection":["Essen &amp; Trinken"],"inLanguage":"de","potentialAction":[{"@type":"CommentAction","name":"Comment","target":["https:\/\/www.salzburgerland.com\/de\/magazin\/sommerliche-schwammerl-variante\/#respond"]}]},{"@type":"WebPage","@id":"https:\/\/www.salzburgerland.com\/de\/magazin\/sommerliche-schwammerl-variante\/","url":"https:\/\/www.salzburgerland.com\/de\/magazin\/sommerliche-schwammerl-variante\/","name":"Sommerliche Schwammerl-Variante... - SalzburgerLand Magazin","isPartOf":{"@id":"https:\/\/www.salzburgerland.com\/de\/magazin\/#website"},"primaryImageOfPage":{"@id":"https:\/\/www.salzburgerland.com\/de\/magazin\/sommerliche-schwammerl-variante\/#primaryimage"},"image":{"@id":"https:\/\/www.salzburgerland.com\/de\/magazin\/sommerliche-schwammerl-variante\/#primaryimage"},"thumbnailUrl":"https:\/\/www.salzburgerland.com\/de\/magazin\/wp-content\/uploads\/2018\/08\/schwammerlsaibling-12.jpg","datePublished":"2018-08-14T06:00:44+00:00","dateModified":"2025-07-31T13:12:58+00:00","breadcrumb":{"@id":"https:\/\/www.salzburgerland.com\/de\/magazin\/sommerliche-schwammerl-variante\/#breadcrumb"},"inLanguage":"de","potentialAction":[{"@type":"ReadAction","target":["https:\/\/www.salzburgerland.com\/de\/magazin\/sommerliche-schwammerl-variante\/"]}]},{"@type":"ImageObject","inLanguage":"de","@id":"https:\/\/www.salzburgerland.com\/de\/magazin\/sommerliche-schwammerl-variante\/#primaryimage","url":"https:\/\/www.salzburgerland.com\/de\/magazin\/wp-content\/uploads\/2018\/08\/schwammerlsaibling-12.jpg","contentUrl":"https:\/\/www.salzburgerland.com\/de\/magazin\/wp-content\/uploads\/2018\/08\/schwammerlsaibling-12.jpg","width":1600,"height":1068,"caption":"Header Roher Saibiling. c Edith Danzer"},{"@type":"BreadcrumbList","@id":"https:\/\/www.salzburgerland.com\/de\/magazin\/sommerliche-schwammerl-variante\/#breadcrumb","itemListElement":[{"@type":"ListItem","position":1,"name":"Startseite","item":"https:\/\/www.salzburgerland.com\/de\/magazin\/"},{"@type":"ListItem","position":2,"name":"Essen &amp; Trinken","item":"https:\/\/www.salzburgerland.com\/de\/magazin\/thema\/essen-trinken\/"},{"@type":"ListItem","position":3,"name":"Sommerliche Schwammerl-Variante&#8230;"}]},{"@type":"WebSite","@id":"https:\/\/www.salzburgerland.com\/de\/magazin\/#website","url":"https:\/\/www.salzburgerland.com\/de\/magazin\/","name":"SalzburgerLand Magazin","description":"Geschichten und Interessantes aus dem SalzburgerLand","publisher":{"@id":"https:\/\/www.salzburgerland.com\/de\/magazin\/#organization"},"potentialAction":[{"@type":"SearchAction","target":{"@type":"EntryPoint","urlTemplate":"https:\/\/www.salzburgerland.com\/de\/magazin\/?s={search_term_string}"},"query-input":{"@type":"PropertyValueSpecification","valueRequired":true,"valueName":"search_term_string"}}],"inLanguage":"de"},{"@type":"Organization","@id":"https:\/\/www.salzburgerland.com\/de\/magazin\/#organization","name":"SalzburgerLand Tourismus","url":"https:\/\/www.salzburgerland.com\/de\/magazin\/","logo":{"@type":"ImageObject","inLanguage":"de","@id":"https:\/\/www.salzburgerland.com\/de\/magazin\/#\/schema\/logo\/image\/","url":"https:\/\/www.salzburgerland.com\/de\/magazin\/wp-content\/uploads\/2019\/06\/salzburgerland-logo1.jpg","contentUrl":"https:\/\/www.salzburgerland.com\/de\/magazin\/wp-content\/uploads\/2019\/06\/salzburgerland-logo1.jpg","width":2011,"height":866,"caption":"SalzburgerLand Tourismus"},"image":{"@id":"https:\/\/www.salzburgerland.com\/de\/magazin\/#\/schema\/logo\/image\/"},"sameAs":["https:\/\/www.facebook.com\/salzburgerland\/","https:\/\/x.com\/Salzburgerland","https:\/\/www.instagram.com\/salzburgerland\/","https:\/\/at.linkedin.com\/company\/salzburgerland-tourismus-gmbh","https:\/\/www.pinterest.at\/salzburgerland\/","https:\/\/www.youtube.com\/user\/salzburgerland","https:\/\/de.wikipedia.org\/wiki\/SalzburgerLand_Tourismus_GmbH"]},{"@type":"Person","@id":"https:\/\/www.salzburgerland.com\/de\/magazin\/#\/schema\/person\/79452c699c410aa31a119426313748de","name":"Edith Danzer","description":"Seit Jahren arbeite ich als freie Redakteurin und Fotografin im SalzburgerLand. Schreiben ist f\u00fcr mich nicht blo\u00df das Erstellen eines Textes. Es ist ein Komponieren einer wundervollen Melodie, ein Malen mit Buchstaben und Worten. Ich liebe die Begegnungen mit Menschen, die mir ihre Geschichte anvertrauen. Wenn man mich sucht, bin ich entweder am Schreibtisch (der auch mal am sonnigen H\u00fcttenbankerl stehen kann) oder mit meinem Husky-M\u00e4dl Ylvi am Berg, am See oder im Wald. Ich \u2026 \u2026 in ein paar Worten. \u2022 Lieber drau\u00dfen, als drinnen. \u2022 Lieber Norden, als S\u00fcden. \u2022 Lieber Buchstaben, als Zahlen. \u2022 Lieber Schnee, als Strand. \u2022 Lieber Berg, als Tal. \u2022 Lieber Nordlichter, als S\u00fcdseezauber. \u2022 Lieber H\u00fctte, als F\u00fcnfsternschuppen. \u2022 Lieber Hund, als Katze. \u2022 Lieber grader Michl, als falscher Fufzga. \u2022 Lieber mittendurch, als drumherum \u2022 Lieber Almleben, als Couchpotato","url":"https:\/\/www.salzburgerland.com\/de\/magazin\/author\/edith-danzer\/"}]}},"_wl_alt_label":[],"wl:entity_url":"http:\/\/open.salzburgerland.com\/magazin\/post\/sommerliche_schwammerl-variante","_links":{"self":[{"href":"https:\/\/www.salzburgerland.com\/de\/magazin\/wp-json\/wp\/v2\/posts\/125247","targetHints":{"allow":["GET"]}}],"collection":[{"href":"https:\/\/www.salzburgerland.com\/de\/magazin\/wp-json\/wp\/v2\/posts"}],"about":[{"href":"https:\/\/www.salzburgerland.com\/de\/magazin\/wp-json\/wp\/v2\/types\/post"}],"author":[{"embeddable":true,"href":"https:\/\/www.salzburgerland.com\/de\/magazin\/wp-json\/wp\/v2\/users\/11"}],"replies":[{"embeddable":true,"href":"https:\/\/www.salzburgerland.com\/de\/magazin\/wp-json\/wp\/v2\/comments?post=125247"}],"version-history":[{"count":9,"href":"https:\/\/www.salzburgerland.com\/de\/magazin\/wp-json\/wp\/v2\/posts\/125247\/revisions"}],"predecessor-version":[{"id":183777,"href":"https:\/\/www.salzburgerland.com\/de\/magazin\/wp-json\/wp\/v2\/posts\/125247\/revisions\/183777"}],"wp:featuredmedia":[{"embeddable":true,"href":"https:\/\/www.salzburgerland.com\/de\/magazin\/wp-json\/wp\/v2\/media\/125254"}],"wp:attachment":[{"href":"https:\/\/www.salzburgerland.com\/de\/magazin\/wp-json\/wp\/v2\/media?parent=125247"}],"wp:term":[{"taxonomy":"category","embeddable":true,"href":"https:\/\/www.salzburgerland.com\/de\/magazin\/wp-json\/wp\/v2\/categories?post=125247"},{"taxonomy":"post_tag","embeddable":true,"href":"https:\/\/www.salzburgerland.com\/de\/magazin\/wp-json\/wp\/v2\/tags?post=125247"},{"taxonomy":"wl_entity_type","embeddable":true,"href":"https:\/\/www.salzburgerland.com\/de\/magazin\/wp-json\/wp\/v2\/wl_entity_type?post=125247"},{"taxonomy":"monatsauswahl","embeddable":true,"href":"https:\/\/www.salzburgerland.com\/de\/magazin\/wp-json\/wp\/v2\/monatsauswahl?post=125247"}],"curies":[{"name":"wp","href":"https:\/\/api.w.org\/{rel}","templated":true}]}}