{"id":124739,"date":"2018-07-22T08:00:00","date_gmt":"2018-07-22T06:00:00","guid":{"rendered":"https:\/\/www.salzburgerland.com\/de\/magazin\/?p=124739"},"modified":"2021-07-22T16:11:11","modified_gmt":"2021-07-22T14:11:11","slug":"almenwelt-lofer-oesterreichs-schoenste-wanderalm","status":"publish","type":"post","link":"https:\/\/www.salzburgerland.com\/de\/magazin\/almenwelt-lofer-oesterreichs-schoenste-wanderalm\/","title":{"rendered":"Almenwelt Lofer"},"content":{"rendered":"\n<h2 class=\"wp-block-slt-subtitle\">\u00d6sterreichs sch\u00f6nste Wanderalm<\/h2>\n\n\n\n<p class=\"wp-block-slt-intro\">Die Almenwelt Lofer geh\u00f6rt zu \u00d6sterreichs besten Sommerbergbahnen. Statt eines schwei\u00dftreibenden Aufstiegs geht es gem\u00fctlich mit der Gondel&nbsp; hinauf ins Almparadies.&nbsp; Dank der sieben Runderwanderwege kommt das Wandern dennoch nicht zu kurz.<\/p>\n\n\n\n<p>Ein neuer Sommer-Ferientag bricht heran, doch irgendwie meint es die Sonne heute nicht ganz so gut. Zumindest reicht es nicht f\u00fcr einen Tag am See. Also entschlie\u00dfen wir uns, stattdessen die festen Schuhe anzuziehen und ab in die Berge. Unsere Wahl f\u00e4llt auf die <a href=\"https:\/\/www.skialm-lofer.com\" target=\"_blank\" rel=\"noopener noreferrer\">Almenwelt Lofer<\/a>, deren beide Almbahnen seit Sommer 2018 zu den <a href=\"https:\/\/www.wko.at\/Content.Node\/kampagnen\/Sommerbergbahnen\/index.html#sommerbergbahnen\" target=\"_blank\" rel=\"noopener noreferrer\">ausgezeichneten Sommerbergbahnen<\/a> geh\u00f6ren. Ist doch herrlich, wenn man sich einen langen Fu\u00dfmarsch ersparen kann, um in die wunderbare Bergwelt des SalzburgerLandes eintauchen zu k\u00f6nnen. Vor allem auch Familien mit kleinen Kindern wissen den Vorzug zu sch\u00e4tzen. Um das Wandern selber noch ein wenig spannender zu machen, bekommen Kids bei der Talstation eine <a href=\"https:\/\/www.skialm-lofer.com\/wandern\/lofi-schatzsuche\" target=\"_blank\" rel=\"noreferrer noopener\">Schatzkarte<\/a> in die Hand gedr\u00fcckt. Kuh Lofi hat in der gesamten Almenwelt n\u00e4mlich f\u00fcnf Sch\u00e4tze versteckt, die es zu entdecken gibt. Da gibt es den Panoramaschatz, den Landschaftsschatz, den Wasserfallschatz, den Wiesenblumenschatz und den M\u00e4rchenschatz. Mal schauen, ob wir die alle entdecken.<\/p>\n\n\n\n<h2 class=\"wp-block-heading\" id=\"h-entlang-des-wasserfallweges-nach-oben\">Entlang des Wasserfallweges nach oben<\/h2>\n\n\n\n<p>Jetzt geht es aber endlich los. Wir nehmen die Gondel \u201enur\u201c bis zur Mittelstation, denn von dort f\u00fchrt der <a href=\"https:\/\/www.skialm-lofer.com\/wandern\/wasserfallweg-auf-die-alm\" target=\"_blank\" rel=\"noopener noreferrer\">Wasserfallweg<\/a> nach oben. Mittlerweile blinzelt auch die Sonne hinter den Wolken hervor, und wir tauchen in den schattig, k\u00fchlen Wald ein. Schon h\u00f6ren wir weiter vorne den ersten Wasserfall pl\u00e4tschern, das Spiel zwischen Licht und Schatten erzeugt einzigartige Muster, die V\u00f6gel zwitschern \u2013 es k\u00f6nnte nicht sch\u00f6ner sein. Da und dort lichtet sich der Wald und wir erhaschen einen Blick auf die nach oben schwebenden Gondeln. Doch bereuen wir es keineswegs, die Wandervariante gew\u00e4hlt zu haben, denn der Wasserfallweg ist ein echter (Geheim)tipp. Nach und nach werden aus den kleinen, sprudelnden Quellen richtig ordentliche Wasserf\u00e4lle, die tosend ins Tal st\u00fcrzen. Schon beeindruckend diese Kraft des Wassers. Langsam schl\u00e4ngelt sich der Weg so \u00fcber gut drei Kilometer nach oben bis der Wald schlie\u00dflich aufh\u00f6rt und herrlichen, Blumen \u00fcbers\u00e4ten Almwiesen Platz macht.<\/p>\n\n\n\n<p>Bald passieren wir die Bergstation der 6er Almbahn II. Von hier ist es nur mehr ein ganz kurzes Wegst\u00fcck bis zum neu errichteten Alm-Erlebnisspielplatz, der nat\u00fcrlich bei den kleinen Wanderern hoch begehrt ist.<\/p>\n\n\n\n<h2 class=\"wp-block-heading\" id=\"h-sieben-rundwanderwege-vier-aussichtsgipfel\">Sieben Rundwanderwege, vier Aussichtsgipfel<\/h2>\n\n\n\n<p>Wer noch weiter will, hat jetzt die Qual der Wahl. Ist doch die Bergstation Ausgangspunkt f\u00fcr<a href=\"https:\/\/www.skialm-lofer.com\/wandern\/rundwanderwege\" target=\"_blank\" rel=\"noopener noreferrer\"> sieben Rundwanderwege<\/a>, einer sch\u00f6ner als der andere, und vier herrlichen Aussichtsgipfeln. Besonders idyllisch sind die beiden Speicherteiche, der Almsee und der Rote Marmorsee. Auf ersterem werden \u00fcbrigens auch <a href=\"https:\/\/www.lofer.com\/stories\/sup-tour-am-almsee-ndash-stand-up-paddling-im-salzburger-land-47\/\" target=\"_blank\" rel=\"noopener noreferrer\">Stand-up-paddle Kurse<\/a> angeboten. Da die Wolken mittlerweile wieder etwas dichter geworden sind, wandern wir \u2013 ohne gro\u00dfartiges&nbsp; Ziel \u2013 einfach ein St\u00fcck weiter hinauf. Von hier hat man einen grandiosen Rund-um-Blick auf diese einzigartige, weitl\u00e4ufige Hochalm. Die Idylle perfekt macht das Gebimmel der Kuhglocken \u2013 an die 400 Tiere verbringen hier heroben gemeinsam mit ihren Sennern den Almsommer.<br>Nach einer kurzen Rast nehmen wir denselben Weg, den wir heraufgekommen sind auch wieder zur\u00fcck zur Mittelstation. Runter geht es ja bekanntlich immer schneller als rauf.<\/p>\n\n\n\n<p><strong>Noch ein paar Tipps:<\/strong><\/p>\n\n\n\n<ul class=\"wp-block-list\"><li>Auch Mountainbikes werden mit den Gondeln kostenlos transportiert. Attraktive Biketouren f\u00fchren etwa nach Unken\/Heutal oder nach Waidring\/Steinplatte.<\/li><li>In zahlreichen Gasth\u00e4usern und H\u00fctten genie\u00dft man regionale, traditionelle Gerichte.<\/li><li>Der Wichtel-Rundwanderweg mit Streichelzoo an der Bergstation Loderbichl (Almbahn I) ist ein echter Hit f\u00fcr die Kleinsten.<\/li><li>Die Wege auf der Alm sind gro\u00dfteils Kinderwagen tauglich, nicht aber der Wasserfallweg.<\/li><\/ul>\n\n\n\n<p>\u00dcbrigens \u2013 wir waren als Schatzsucher erfolgreich und durften uns an der Talstation unsere Belohnung abholen!<\/p>\n\n\n<div class=\"mag-gallery\"><div class=\"row\"><div class=\"col-6 col-sm-4\"><figure><a class=\"thumb-container\" href=\"https:\/\/www.salzburgerland.com\/de\/magazin\/wp-content\/uploads\/2018\/07\/DSC07800-1280x1024.jpg\">\t<picture><source media=\"(min-width: 576px)\" srcset=\"https:\/\/www.salzburgerland.com\/de\/magazin\/wp-content\/uploads\/2018\/07\/DSC07800-325x209.jpg 325w, https:\/\/www.salzburgerland.com\/de\/magazin\/wp-content\/uploads\/2018\/07\/DSC07800-249x160.jpg 249w\"><\/source><source media=\"(min-width: 0)\" srcset=\"https:\/\/www.salzburgerland.com\/de\/magazin\/wp-content\/uploads\/2018\/07\/DSC07800-249x160.jpg 249w, https:\/\/www.salzburgerland.com\/de\/magazin\/wp-content\/uploads\/2018\/07\/DSC07800-325x209.jpg 325w\"><\/source><img decoding=\"async\" alt=\"Eine blaue Gondelbahn f&auml;hrt &uuml;ber gr&uuml;ne B&auml;ume gegen einen teilweise bew&ouml;lkten Himmel.\" src=\"https:\/\/www.salzburgerland.com\/de\/magazin\/wp-content\/uploads\/2018\/07\/DSC07800.jpg\">\t<\/picture><\/a><\/figure><\/div><div class=\"col-6 col-sm-4\"><figure><a class=\"thumb-container\" href=\"https:\/\/www.salzburgerland.com\/de\/magazin\/wp-content\/uploads\/2018\/07\/DSC07803-1280x1024.jpg\">\t<picture><source media=\"(min-width: 576px)\" srcset=\"https:\/\/www.salzburgerland.com\/de\/magazin\/wp-content\/uploads\/2018\/07\/DSC07803-325x209.jpg 325w, https:\/\/www.salzburgerland.com\/de\/magazin\/wp-content\/uploads\/2018\/07\/DSC07803-249x160.jpg 249w\"><\/source><source media=\"(min-width: 0)\" srcset=\"https:\/\/www.salzburgerland.com\/de\/magazin\/wp-content\/uploads\/2018\/07\/DSC07803-249x160.jpg 249w, https:\/\/www.salzburgerland.com\/de\/magazin\/wp-content\/uploads\/2018\/07\/DSC07803-325x209.jpg 325w\"><\/source><img decoding=\"async\" alt=\"Eine Person mit einem Zopf schaut auf einen Wegweiser in einem Wald, auf dem Auf die Alm Wasserfallweg steht.\" src=\"https:\/\/www.salzburgerland.com\/de\/magazin\/wp-content\/uploads\/2018\/07\/DSC07803.jpg\">\t<\/picture><\/a><\/figure><\/div><div class=\"col-6 col-sm-4\"><figure><a class=\"thumb-container\" href=\"https:\/\/www.salzburgerland.com\/de\/magazin\/wp-content\/uploads\/2018\/07\/DSC07824-1280x1024.jpg\">\t<picture><source media=\"(min-width: 576px)\" srcset=\"https:\/\/www.salzburgerland.com\/de\/magazin\/wp-content\/uploads\/2018\/07\/DSC07824-325x209.jpg 325w, https:\/\/www.salzburgerland.com\/de\/magazin\/wp-content\/uploads\/2018\/07\/DSC07824-249x160.jpg 249w\"><\/source><source media=\"(min-width: 0)\" srcset=\"https:\/\/www.salzburgerland.com\/de\/magazin\/wp-content\/uploads\/2018\/07\/DSC07824-249x160.jpg 249w, https:\/\/www.salzburgerland.com\/de\/magazin\/wp-content\/uploads\/2018\/07\/DSC07824-325x209.jpg 325w\"><\/source><img decoding=\"async\" alt=\"Ein unbefestigter Weg mit einem Holzzaun f&uuml;hrt durch einen &uuml;ppigen, gr&uuml;nen Wald im Sonnenlicht.\" src=\"https:\/\/www.salzburgerland.com\/de\/magazin\/wp-content\/uploads\/2018\/07\/DSC07824.jpg\">\t<\/picture><\/a><\/figure><\/div><div class=\"col-6 col-sm-4\"><figure><a class=\"thumb-container\" href=\"https:\/\/www.salzburgerland.com\/de\/magazin\/wp-content\/uploads\/2018\/07\/DSC07868-1280x1024.jpg\">\t<picture><source media=\"(min-width: 576px)\" srcset=\"https:\/\/www.salzburgerland.com\/de\/magazin\/wp-content\/uploads\/2018\/07\/DSC07868-325x209.jpg 325w, https:\/\/www.salzburgerland.com\/de\/magazin\/wp-content\/uploads\/2018\/07\/DSC07868-249x160.jpg 249w\"><\/source><source media=\"(min-width: 0)\" srcset=\"https:\/\/www.salzburgerland.com\/de\/magazin\/wp-content\/uploads\/2018\/07\/DSC07868-249x160.jpg 249w, https:\/\/www.salzburgerland.com\/de\/magazin\/wp-content\/uploads\/2018\/07\/DSC07868-325x209.jpg 325w\"><\/source><img decoding=\"async\" alt=\"Blick von hinten auf einen Wasserfall mit flie&szlig;endem Wasser, Felsen und gr&uuml;nen Waldb&auml;umen im Hintergrund.\" src=\"https:\/\/www.salzburgerland.com\/de\/magazin\/wp-content\/uploads\/2018\/07\/DSC07868.jpg\">\t<\/picture><\/a><\/figure><\/div><div class=\"col-6 col-sm-4\"><figure><a class=\"thumb-container\" href=\"https:\/\/www.salzburgerland.com\/de\/magazin\/wp-content\/uploads\/2018\/07\/DSC07863-1280x1024.jpg\">\t<picture><source media=\"(min-width: 576px)\" srcset=\"https:\/\/www.salzburgerland.com\/de\/magazin\/wp-content\/uploads\/2018\/07\/DSC07863-325x209.jpg 325w, https:\/\/www.salzburgerland.com\/de\/magazin\/wp-content\/uploads\/2018\/07\/DSC07863-249x160.jpg 249w\"><\/source><source media=\"(min-width: 0)\" srcset=\"https:\/\/www.salzburgerland.com\/de\/magazin\/wp-content\/uploads\/2018\/07\/DSC07863-249x160.jpg 249w, https:\/\/www.salzburgerland.com\/de\/magazin\/wp-content\/uploads\/2018\/07\/DSC07863-325x209.jpg 325w\"><\/source><img decoding=\"async\" alt=\"Berglandschaft mit Kiefern, grasbewachsenem Hang und einem kleinen Teich unter bew&ouml;lktem Himmel.\" src=\"https:\/\/www.salzburgerland.com\/de\/magazin\/wp-content\/uploads\/2018\/07\/DSC07863.jpg\">\t<\/picture><\/a><\/figure><\/div><div class=\"col-6 col-sm-4\"><figure><a class=\"thumb-container\" href=\"https:\/\/www.salzburgerland.com\/de\/magazin\/wp-content\/uploads\/2018\/07\/DSC07808-1280x1024.jpg\">\t<picture><source media=\"(min-width: 576px)\" srcset=\"https:\/\/www.salzburgerland.com\/de\/magazin\/wp-content\/uploads\/2018\/07\/DSC07808-325x209.jpg 325w, https:\/\/www.salzburgerland.com\/de\/magazin\/wp-content\/uploads\/2018\/07\/DSC07808-249x160.jpg 249w\"><\/source><source media=\"(min-width: 0)\" srcset=\"https:\/\/www.salzburgerland.com\/de\/magazin\/wp-content\/uploads\/2018\/07\/DSC07808-249x160.jpg 249w, https:\/\/www.salzburgerland.com\/de\/magazin\/wp-content\/uploads\/2018\/07\/DSC07808-325x209.jpg 325w\"><\/source><img decoding=\"async\" alt=\"Eine Seilbahn f&auml;hrt an Dr&auml;hten entlang gegen einen blauen Himmel mit vereinzelten Wolken, von unten gesehen.\" src=\"https:\/\/www.salzburgerland.com\/de\/magazin\/wp-content\/uploads\/2018\/07\/DSC07808.jpg\">\t<\/picture><\/a><\/figure><\/div><div class=\"col-6 col-sm-4\"><figure><a class=\"thumb-container\" href=\"https:\/\/www.salzburgerland.com\/de\/magazin\/wp-content\/uploads\/2018\/07\/DSC07853-1280x1024.jpg\">\t<picture><source media=\"(min-width: 576px)\" srcset=\"https:\/\/www.salzburgerland.com\/de\/magazin\/wp-content\/uploads\/2018\/07\/DSC07853-325x209.jpg 325w, https:\/\/www.salzburgerland.com\/de\/magazin\/wp-content\/uploads\/2018\/07\/DSC07853-249x160.jpg 249w\"><\/source><source media=\"(min-width: 0)\" srcset=\"https:\/\/www.salzburgerland.com\/de\/magazin\/wp-content\/uploads\/2018\/07\/DSC07853-249x160.jpg 249w, https:\/\/www.salzburgerland.com\/de\/magazin\/wp-content\/uploads\/2018\/07\/DSC07853-325x209.jpg 325w\"><\/source><img decoding=\"async\" alt=\"Person in blauer Jacke springt auf einen grasbewachsenen H&uuml;gel, mit gr&uuml;nen H&uuml;geln, B&auml;umen und H&auml;usern im Hintergrund.\" src=\"https:\/\/www.salzburgerland.com\/de\/magazin\/wp-content\/uploads\/2018\/07\/DSC07853.jpg\">\t<\/picture><\/a><\/figure><\/div><div class=\"col-6 col-sm-4\"><figure><a class=\"thumb-container\" href=\"https:\/\/www.salzburgerland.com\/de\/magazin\/wp-content\/uploads\/2018\/07\/DSC07846-1280x1024.jpg\">\t<picture><source media=\"(min-width: 576px)\" srcset=\"https:\/\/www.salzburgerland.com\/de\/magazin\/wp-content\/uploads\/2018\/07\/DSC07846-325x209.jpg 325w, https:\/\/www.salzburgerland.com\/de\/magazin\/wp-content\/uploads\/2018\/07\/DSC07846-249x160.jpg 249w\"><\/source><source media=\"(min-width: 0)\" srcset=\"https:\/\/www.salzburgerland.com\/de\/magazin\/wp-content\/uploads\/2018\/07\/DSC07846-249x160.jpg 249w, https:\/\/www.salzburgerland.com\/de\/magazin\/wp-content\/uploads\/2018\/07\/DSC07846-325x209.jpg 325w\"><\/source><img decoding=\"async\" alt=\"Hohes Gras und Wildblumen im Vordergrund und ferne Berge unter einem bew&ouml;lkten Himmel im Hintergrund.\" src=\"https:\/\/www.salzburgerland.com\/de\/magazin\/wp-content\/uploads\/2018\/07\/DSC07846.jpg\">\t<\/picture><\/a><\/figure><\/div><div class=\"col-6 col-sm-4\"><figure><a class=\"thumb-container\" href=\"https:\/\/www.salzburgerland.com\/de\/magazin\/wp-content\/uploads\/2018\/07\/DSC07842-1280x1024.jpg\">\t<picture><source media=\"(min-width: 576px)\" srcset=\"https:\/\/www.salzburgerland.com\/de\/magazin\/wp-content\/uploads\/2018\/07\/DSC07842-325x209.jpg 325w, https:\/\/www.salzburgerland.com\/de\/magazin\/wp-content\/uploads\/2018\/07\/DSC07842-249x160.jpg 249w\"><\/source><source media=\"(min-width: 0)\" srcset=\"https:\/\/www.salzburgerland.com\/de\/magazin\/wp-content\/uploads\/2018\/07\/DSC07842-249x160.jpg 249w, https:\/\/www.salzburgerland.com\/de\/magazin\/wp-content\/uploads\/2018\/07\/DSC07842-325x209.jpg 325w\"><\/source><img decoding=\"async\" alt=\"Eine kleine Holzh&uuml;tte steht auf einem grasbewachsenen H&uuml;gel unter einem wolkenverhangenen Himmel, mit Bergen in der Ferne.\" src=\"https:\/\/www.salzburgerland.com\/de\/magazin\/wp-content\/uploads\/2018\/07\/DSC07842.jpg\">\t<\/picture><\/a><\/figure><\/div><div class=\"col-6 col-sm-4\"><figure><a class=\"thumb-container\" href=\"https:\/\/www.salzburgerland.com\/de\/magazin\/wp-content\/uploads\/2018\/07\/DSC07823-1280x1024.jpg\">\t<picture><source media=\"(min-width: 576px)\" srcset=\"https:\/\/www.salzburgerland.com\/de\/magazin\/wp-content\/uploads\/2018\/07\/DSC07823-325x209.jpg 325w, https:\/\/www.salzburgerland.com\/de\/magazin\/wp-content\/uploads\/2018\/07\/DSC07823-249x160.jpg 249w\"><\/source><source media=\"(min-width: 0)\" srcset=\"https:\/\/www.salzburgerland.com\/de\/magazin\/wp-content\/uploads\/2018\/07\/DSC07823-249x160.jpg 249w, https:\/\/www.salzburgerland.com\/de\/magazin\/wp-content\/uploads\/2018\/07\/DSC07823-325x209.jpg 325w\"><\/source><img decoding=\"async\" alt=\"Ein klarer Bach flie&szlig;t &uuml;ber moosbewachsene Felsen durch einen &uuml;ppig gr&uuml;nen Wald, in dem das Sonnenlicht durch die B&auml;ume f&auml;llt.\" src=\"https:\/\/www.salzburgerland.com\/de\/magazin\/wp-content\/uploads\/2018\/07\/DSC07823.jpg\">\t<\/picture><\/a><\/figure><\/div><div class=\"col-6 col-sm-4\"><figure><a class=\"thumb-container\" href=\"https:\/\/www.salzburgerland.com\/de\/magazin\/wp-content\/uploads\/2018\/07\/DSC07819-1280x1024.jpg\">\t<picture><source media=\"(min-width: 576px)\" srcset=\"https:\/\/www.salzburgerland.com\/de\/magazin\/wp-content\/uploads\/2018\/07\/DSC07819-325x209.jpg 325w, https:\/\/www.salzburgerland.com\/de\/magazin\/wp-content\/uploads\/2018\/07\/DSC07819-249x160.jpg 249w\"><\/source><source media=\"(min-width: 0)\" srcset=\"https:\/\/www.salzburgerland.com\/de\/magazin\/wp-content\/uploads\/2018\/07\/DSC07819-249x160.jpg 249w, https:\/\/www.salzburgerland.com\/de\/magazin\/wp-content\/uploads\/2018\/07\/DSC07819-325x209.jpg 325w\"><\/source><img decoding=\"async\" alt=\"Ein kleiner Wasserfall flie&szlig;t in ein klares, felsiges Becken, das von einem &uuml;ppigen gr&uuml;nen Wald und moosbewachsenen Felsen umgeben ist.\" src=\"https:\/\/www.salzburgerland.com\/de\/magazin\/wp-content\/uploads\/2018\/07\/DSC07819.jpg\">\t<\/picture><\/a><\/figure><\/div><div class=\"col-6 col-sm-4\"><figure><a class=\"thumb-container\" href=\"https:\/\/www.salzburgerland.com\/de\/magazin\/wp-content\/uploads\/2018\/07\/DSC07868-1-1280x1024.jpg\">\t<picture><source media=\"(min-width: 576px)\" srcset=\"https:\/\/www.salzburgerland.com\/de\/magazin\/wp-content\/uploads\/2018\/07\/DSC07868-1-325x209.jpg 325w, https:\/\/www.salzburgerland.com\/de\/magazin\/wp-content\/uploads\/2018\/07\/DSC07868-1-249x160.jpg 249w\"><\/source><source media=\"(min-width: 0)\" srcset=\"https:\/\/www.salzburgerland.com\/de\/magazin\/wp-content\/uploads\/2018\/07\/DSC07868-1-249x160.jpg 249w, https:\/\/www.salzburgerland.com\/de\/magazin\/wp-content\/uploads\/2018\/07\/DSC07868-1-325x209.jpg 325w\"><\/source><img decoding=\"async\" alt=\"Blick von hinten auf einen Wasserfall mit gr&uuml;nem Wald und Felsen, die durch das fallende Wasser sichtbar sind.\" src=\"https:\/\/www.salzburgerland.com\/de\/magazin\/wp-content\/uploads\/2018\/07\/DSC07868-1.jpg\">\t<\/picture><\/a><\/figure><\/div><\/div><figcaption><\/figcaption><\/div>\n\n\n\n<p>Fotos \u00a9 Hammerl&nbsp;&nbsp;&nbsp;&nbsp;&nbsp;&nbsp;&nbsp;<\/p>\n","protected":false},"excerpt":{"rendered":"<p>Ein neuer Sommer-Ferientag bricht heran, doch irgendwie meint es die Sonne heute nicht ganz so gut. Zumindest reicht es nicht f\u00fcr einen Tag am See. Also entschlie\u00dfen wir uns, stattdessen die festen Schuhe anzuziehen und ab in die Berge. Unsere Wahl f\u00e4llt auf die Almenwelt Lofer, deren beide Almbahnen seit Sommer 2018 zu den ausgezeichneten [&hellip;]<\/p>\n","protected":false},"author":90,"featured_media":124762,"comment_status":"open","ping_status":"open","sticky":false,"template":"","format":"standard","meta":{"_acf_changed":false,"wl_entities_gutenberg":"","_wl_entity_redirect_enabled":"","footnotes":""},"categories":[8],"tags":[6709],"wl_entity_type":[306],"monatsauswahl":[86,87,88,89,90,91],"class_list":["post-124739","post","type-post","status-publish","format-standard","has-post-thumbnail","hentry","category-outdoor-sport","tag-salzburgerland-card","wl_entity_type-article","monatsauswahl-monat_5","monatsauswahl-monat_6","monatsauswahl-monat_7","monatsauswahl-monat_8","monatsauswahl-monat_9","monatsauswahl-monat_10"],"acf":[],"yoast_head":"<!-- This site is optimized with the Yoast SEO Premium plugin v27.4 (Yoast SEO v27.4) - https:\/\/yoast.com\/product\/yoast-seo-premium-wordpress\/ -->\n<title>Almenwelt Lofer - SalzburgerLand Magazin<\/title>\n<meta name=\"description\" content=\"Die Almenwelt Lofer geh\u00f6rt zu \u00d6sterreichs besten Sommerbergbahnen. Statt eines schwei\u00dftreibenden Aufstiegs geht es gem\u00fctlich mit der Gondel&nbsp; hinauf ins Almparadies.&nbsp; Dank der sieben Runderwanderwege kommt das Wandern dennoch nicht zu kurz.\" \/>\n<meta name=\"robots\" content=\"index, follow, max-snippet:-1, max-image-preview:large, max-video-preview:-1\" \/>\n<link rel=\"canonical\" href=\"https:\/\/www.salzburgerland.com\/de\/magazin\/almenwelt-lofer-oesterreichs-schoenste-wanderalm\/\" \/>\n<meta property=\"og:locale\" content=\"de_DE\" \/>\n<meta property=\"og:type\" content=\"article\" \/>\n<meta property=\"og:title\" content=\"Almenwelt Lofer\" \/>\n<meta property=\"og:description\" content=\"Ein neuer Sommer-Ferientag bricht heran, doch irgendwie meint es die Sonne heute nicht ganz so gut. Zumindest reicht es nicht f\u00fcr einen Tag am See. Also entschlie\u00dfen wir uns, stattdessen die festen Schuhe anzuziehen und ab in die Berge. Unsere Wahl f\u00e4llt auf die Almenwelt Lofer, deren beide Almbahnen seit Sommer 2018 zu den ausgezeichneten [&hellip;]\" \/>\n<meta property=\"og:url\" content=\"https:\/\/www.salzburgerland.com\/de\/magazin\/almenwelt-lofer-oesterreichs-schoenste-wanderalm\/\" \/>\n<meta property=\"og:site_name\" content=\"SalzburgerLand Magazin\" \/>\n<meta property=\"article:publisher\" content=\"https:\/\/www.facebook.com\/salzburgerland\/\" \/>\n<meta property=\"article:published_time\" content=\"2018-07-22T06:00:00+00:00\" \/>\n<meta property=\"article:modified_time\" content=\"2021-07-22T14:11:11+00:00\" \/>\n<meta property=\"og:image\" content=\"https:\/\/www.salzburgerland.com\/de\/magazin\/wp-content\/uploads\/2018\/07\/DSC07853.jpg\" \/>\n\t<meta property=\"og:image:width\" content=\"1600\" \/>\n\t<meta property=\"og:image:height\" content=\"1071\" \/>\n\t<meta property=\"og:image:type\" content=\"image\/jpeg\" \/>\n<meta name=\"author\" content=\"Ulli Hammerl\" \/>\n<meta name=\"twitter:card\" content=\"summary_large_image\" \/>\n<meta name=\"twitter:creator\" content=\"@Salzburgerland\" \/>\n<meta name=\"twitter:site\" content=\"@Salzburgerland\" \/>\n<meta name=\"twitter:label1\" content=\"Verfasst von\" \/>\n\t<meta name=\"twitter:data1\" content=\"Ulli Hammerl\" \/>\n\t<meta name=\"twitter:label2\" content=\"Gesch\u00e4tzte Lesezeit\" \/>\n\t<meta name=\"twitter:data2\" content=\"5\u00a0Minuten\" \/>\n<script type=\"application\/ld+json\" class=\"yoast-schema-graph\">{\"@context\":\"https:\\\/\\\/schema.org\",\"@graph\":[{\"@type\":\"Article\",\"@id\":\"https:\\\/\\\/www.salzburgerland.com\\\/de\\\/magazin\\\/almenwelt-lofer-oesterreichs-schoenste-wanderalm\\\/#article\",\"isPartOf\":{\"@id\":\"https:\\\/\\\/www.salzburgerland.com\\\/de\\\/magazin\\\/almenwelt-lofer-oesterreichs-schoenste-wanderalm\\\/\"},\"author\":{\"name\":\"Ulli Hammerl\",\"@id\":\"https:\\\/\\\/www.salzburgerland.com\\\/de\\\/magazin\\\/#\\\/schema\\\/person\\\/a55a4fee1009b9e458d298480a18a9f7\"},\"headline\":\"Almenwelt Lofer\",\"datePublished\":\"2018-07-22T06:00:00+00:00\",\"dateModified\":\"2021-07-22T14:11:11+00:00\",\"mainEntityOfPage\":{\"@id\":\"https:\\\/\\\/www.salzburgerland.com\\\/de\\\/magazin\\\/almenwelt-lofer-oesterreichs-schoenste-wanderalm\\\/\"},\"wordCount\":633,\"commentCount\":0,\"publisher\":{\"@id\":\"https:\\\/\\\/www.salzburgerland.com\\\/de\\\/magazin\\\/#organization\"},\"image\":{\"@id\":\"https:\\\/\\\/www.salzburgerland.com\\\/de\\\/magazin\\\/almenwelt-lofer-oesterreichs-schoenste-wanderalm\\\/#primaryimage\"},\"thumbnailUrl\":\"https:\\\/\\\/www.salzburgerland.com\\\/de\\\/magazin\\\/wp-content\\\/uploads\\\/2018\\\/07\\\/DSC07853.jpg\",\"keywords\":[\"SalzburgerLand Card\"],\"articleSection\":[\"Outdoor &amp; Sport\"],\"inLanguage\":\"de\",\"potentialAction\":[{\"@type\":\"CommentAction\",\"name\":\"Comment\",\"target\":[\"https:\\\/\\\/www.salzburgerland.com\\\/de\\\/magazin\\\/almenwelt-lofer-oesterreichs-schoenste-wanderalm\\\/#respond\"]}]},{\"@type\":\"WebPage\",\"@id\":\"https:\\\/\\\/www.salzburgerland.com\\\/de\\\/magazin\\\/almenwelt-lofer-oesterreichs-schoenste-wanderalm\\\/\",\"url\":\"https:\\\/\\\/www.salzburgerland.com\\\/de\\\/magazin\\\/almenwelt-lofer-oesterreichs-schoenste-wanderalm\\\/\",\"name\":\"Almenwelt Lofer - SalzburgerLand Magazin\",\"isPartOf\":{\"@id\":\"https:\\\/\\\/www.salzburgerland.com\\\/de\\\/magazin\\\/#website\"},\"primaryImageOfPage\":{\"@id\":\"https:\\\/\\\/www.salzburgerland.com\\\/de\\\/magazin\\\/almenwelt-lofer-oesterreichs-schoenste-wanderalm\\\/#primaryimage\"},\"image\":{\"@id\":\"https:\\\/\\\/www.salzburgerland.com\\\/de\\\/magazin\\\/almenwelt-lofer-oesterreichs-schoenste-wanderalm\\\/#primaryimage\"},\"thumbnailUrl\":\"https:\\\/\\\/www.salzburgerland.com\\\/de\\\/magazin\\\/wp-content\\\/uploads\\\/2018\\\/07\\\/DSC07853.jpg\",\"datePublished\":\"2018-07-22T06:00:00+00:00\",\"dateModified\":\"2021-07-22T14:11:11+00:00\",\"breadcrumb\":{\"@id\":\"https:\\\/\\\/www.salzburgerland.com\\\/de\\\/magazin\\\/almenwelt-lofer-oesterreichs-schoenste-wanderalm\\\/#breadcrumb\"},\"inLanguage\":\"de\",\"potentialAction\":[{\"@type\":\"ReadAction\",\"target\":[\"https:\\\/\\\/www.salzburgerland.com\\\/de\\\/magazin\\\/almenwelt-lofer-oesterreichs-schoenste-wanderalm\\\/\"]}]},{\"@type\":\"ImageObject\",\"inLanguage\":\"de\",\"@id\":\"https:\\\/\\\/www.salzburgerland.com\\\/de\\\/magazin\\\/almenwelt-lofer-oesterreichs-schoenste-wanderalm\\\/#primaryimage\",\"url\":\"https:\\\/\\\/www.salzburgerland.com\\\/de\\\/magazin\\\/wp-content\\\/uploads\\\/2018\\\/07\\\/DSC07853.jpg\",\"contentUrl\":\"https:\\\/\\\/www.salzburgerland.com\\\/de\\\/magazin\\\/wp-content\\\/uploads\\\/2018\\\/07\\\/DSC07853.jpg\",\"width\":1600,\"height\":1071,\"caption\":\"Person in blauer Jacke springt auf einen grasbewachsenen H\u00fcgel, mit gr\u00fcnen H\u00fcgeln, B\u00e4umen und H\u00e4usern im Hintergrund.\"},{\"@type\":\"BreadcrumbList\",\"@id\":\"https:\\\/\\\/www.salzburgerland.com\\\/de\\\/magazin\\\/almenwelt-lofer-oesterreichs-schoenste-wanderalm\\\/#breadcrumb\",\"itemListElement\":[{\"@type\":\"ListItem\",\"position\":1,\"name\":\"Startseite\",\"item\":\"https:\\\/\\\/www.salzburgerland.com\\\/de\\\/magazin\\\/\"},{\"@type\":\"ListItem\",\"position\":2,\"name\":\"Outdoor &amp; Sport\",\"item\":\"https:\\\/\\\/www.salzburgerland.com\\\/de\\\/magazin\\\/thema\\\/outdoor-sport\\\/\"},{\"@type\":\"ListItem\",\"position\":3,\"name\":\"Almenwelt Lofer\"}]},{\"@type\":\"WebSite\",\"@id\":\"https:\\\/\\\/www.salzburgerland.com\\\/de\\\/magazin\\\/#website\",\"url\":\"https:\\\/\\\/www.salzburgerland.com\\\/de\\\/magazin\\\/\",\"name\":\"SalzburgerLand Magazin\",\"description\":\"Geschichten und Interessantes aus dem SalzburgerLand\",\"publisher\":{\"@id\":\"https:\\\/\\\/www.salzburgerland.com\\\/de\\\/magazin\\\/#organization\"},\"potentialAction\":[{\"@type\":\"SearchAction\",\"target\":{\"@type\":\"EntryPoint\",\"urlTemplate\":\"https:\\\/\\\/www.salzburgerland.com\\\/de\\\/magazin\\\/?s={search_term_string}\"},\"query-input\":{\"@type\":\"PropertyValueSpecification\",\"valueRequired\":true,\"valueName\":\"search_term_string\"}}],\"inLanguage\":\"de\"},{\"@type\":\"Organization\",\"@id\":\"https:\\\/\\\/www.salzburgerland.com\\\/de\\\/magazin\\\/#organization\",\"name\":\"SalzburgerLand Tourismus\",\"url\":\"https:\\\/\\\/www.salzburgerland.com\\\/de\\\/magazin\\\/\",\"logo\":{\"@type\":\"ImageObject\",\"inLanguage\":\"de\",\"@id\":\"https:\\\/\\\/www.salzburgerland.com\\\/de\\\/magazin\\\/#\\\/schema\\\/logo\\\/image\\\/\",\"url\":\"https:\\\/\\\/www.salzburgerland.com\\\/de\\\/magazin\\\/wp-content\\\/uploads\\\/2019\\\/06\\\/salzburgerland-logo1.jpg\",\"contentUrl\":\"https:\\\/\\\/www.salzburgerland.com\\\/de\\\/magazin\\\/wp-content\\\/uploads\\\/2019\\\/06\\\/salzburgerland-logo1.jpg\",\"width\":2011,\"height\":866,\"caption\":\"SalzburgerLand Tourismus\"},\"image\":{\"@id\":\"https:\\\/\\\/www.salzburgerland.com\\\/de\\\/magazin\\\/#\\\/schema\\\/logo\\\/image\\\/\"},\"sameAs\":[\"https:\\\/\\\/www.facebook.com\\\/salzburgerland\\\/\",\"https:\\\/\\\/x.com\\\/Salzburgerland\",\"https:\\\/\\\/www.instagram.com\\\/salzburgerland\\\/\",\"https:\\\/\\\/at.linkedin.com\\\/company\\\/salzburgerland-tourismus-gmbh\",\"https:\\\/\\\/www.pinterest.at\\\/salzburgerland\\\/\",\"https:\\\/\\\/www.youtube.com\\\/user\\\/salzburgerland\",\"https:\\\/\\\/de.wikipedia.org\\\/wiki\\\/SalzburgerLand_Tourismus_GmbH\"]},{\"@type\":\"Person\",\"@id\":\"https:\\\/\\\/www.salzburgerland.com\\\/de\\\/magazin\\\/#\\\/schema\\\/person\\\/a55a4fee1009b9e458d298480a18a9f7\",\"name\":\"Ulli Hammerl\",\"description\":\"Geboren und aufgewachsen in der Stadt Salzburg war Ulli Hammerl fr\u00fch bewusst, in einer der sch\u00f6nsten St\u00e4dte der Welt zu leben. So ist sie auch w\u00e4hrend ihres Studiums der Kommunikationswissenschaft und \u00d6kologie ihrer Heimatstadt treu geblieben. Gleich nach dem Studium ist sie zu SalzburgerLand Tourismus (SLTG) gegangen und hat hier von 1998 - 2004 u.a. die SalzburgerLand Card betreut. Dabei ist sie viel herumgekommen, wodurch auch die Liebe zum SalzburgerLand enstanden und gewachsen ist. Nach der Geburt ihrer Tochter im September 2004 hat sich Ulli Hammerl 2007 mit einer Agentur selbst\u00e4ndig gemacht. Mein pers\u00f6nlicher Logenplatz: Hoch \u00fcber Salzburg, abseits der stark begangenen Wege mit Blick auf die D\u00e4cher und Kircht\u00fcrme der Stadt \u2013 hier geht mir das Herz auf! Morgen- oder Abendmensch: Ganz klar: Morgenmensch. Wenn um 5.00 Uhr fr\u00fch die V\u00f6gel zwitschern und rund herum noch alles in tiefer Ruhe versinkt, dann ist meine Zeit. Ausgeschlafen, Energie geladen und voller Tatendrang starte ich am liebsten in den fr\u00fchen Morgenstunden in den Tag. Daf\u00fcr kann man nach 21.00 Uhr nicht mehr mit mir rechnen. Buch oder Film: Es gibt nichts Sch\u00f6neres, als es sich am Ende des Tages auf der Couch gem\u00fctlich zu machen und in die Gedankenwelt eines guten Buches einzutauchen \u2013 Lesen ist Abenteuer im Kopf. Wandern, Spazierengehen oder Laufen: alles drei und zwar am besten jeden Tag. Mit ein bisschen Zeiteinteilung geht es sich tats\u00e4chlich fast gehen Tag aus, drau\u00dfen unterwegs zu sein. Fr\u00fchling, Sommer, Herbst oder Winter: Ich kann es im Fr\u00fchling kaum erwarten, die ersten Gr\u00fcnschattierungen in der Natur zu entdecken. Ich liebe hei\u00dfe Sommertage am See und laue Sommerabende am Balkon. Ich mag es, wenn im Herbst die W\u00e4lder in einem Meer aus Farben erstrahlen, Laubrascheln und Kastanien sammeln. Und ich freue mich wie ein Kind, wenn im Dezember die ersten Schneeflocken vom Himmel schweben. Die vier Jahreszeiten sind etwas Wunderbares.\",\"url\":\"https:\\\/\\\/www.salzburgerland.com\\\/de\\\/magazin\\\/author\\\/ulli-hammerl\\\/\"}]}<\/script>\n<!-- \/ Yoast SEO Premium plugin. -->","yoast_head_json":{"title":"Almenwelt Lofer - SalzburgerLand Magazin","description":"Die Almenwelt Lofer geh\u00f6rt zu \u00d6sterreichs besten Sommerbergbahnen. Statt eines schwei\u00dftreibenden Aufstiegs geht es gem\u00fctlich mit der Gondel&nbsp; hinauf ins Almparadies.&nbsp; Dank der sieben Runderwanderwege kommt das Wandern dennoch nicht zu kurz.","robots":{"index":"index","follow":"follow","max-snippet":"max-snippet:-1","max-image-preview":"max-image-preview:large","max-video-preview":"max-video-preview:-1"},"canonical":"https:\/\/www.salzburgerland.com\/de\/magazin\/almenwelt-lofer-oesterreichs-schoenste-wanderalm\/","og_locale":"de_DE","og_type":"article","og_title":"Almenwelt Lofer","og_description":"Ein neuer Sommer-Ferientag bricht heran, doch irgendwie meint es die Sonne heute nicht ganz so gut. Zumindest reicht es nicht f\u00fcr einen Tag am See. Also entschlie\u00dfen wir uns, stattdessen die festen Schuhe anzuziehen und ab in die Berge. Unsere Wahl f\u00e4llt auf die Almenwelt Lofer, deren beide Almbahnen seit Sommer 2018 zu den ausgezeichneten [&hellip;]","og_url":"https:\/\/www.salzburgerland.com\/de\/magazin\/almenwelt-lofer-oesterreichs-schoenste-wanderalm\/","og_site_name":"SalzburgerLand Magazin","article_publisher":"https:\/\/www.facebook.com\/salzburgerland\/","article_published_time":"2018-07-22T06:00:00+00:00","article_modified_time":"2021-07-22T14:11:11+00:00","og_image":[{"width":1600,"height":1071,"url":"https:\/\/www.salzburgerland.com\/de\/magazin\/wp-content\/uploads\/2018\/07\/DSC07853.jpg","type":"image\/jpeg"}],"author":"Ulli Hammerl","twitter_card":"summary_large_image","twitter_creator":"@Salzburgerland","twitter_site":"@Salzburgerland","twitter_misc":{"Verfasst von":"Ulli Hammerl","Gesch\u00e4tzte Lesezeit":"5\u00a0Minuten"},"schema":{"@context":"https:\/\/schema.org","@graph":[{"@type":"Article","@id":"https:\/\/www.salzburgerland.com\/de\/magazin\/almenwelt-lofer-oesterreichs-schoenste-wanderalm\/#article","isPartOf":{"@id":"https:\/\/www.salzburgerland.com\/de\/magazin\/almenwelt-lofer-oesterreichs-schoenste-wanderalm\/"},"author":{"name":"Ulli Hammerl","@id":"https:\/\/www.salzburgerland.com\/de\/magazin\/#\/schema\/person\/a55a4fee1009b9e458d298480a18a9f7"},"headline":"Almenwelt Lofer","datePublished":"2018-07-22T06:00:00+00:00","dateModified":"2021-07-22T14:11:11+00:00","mainEntityOfPage":{"@id":"https:\/\/www.salzburgerland.com\/de\/magazin\/almenwelt-lofer-oesterreichs-schoenste-wanderalm\/"},"wordCount":633,"commentCount":0,"publisher":{"@id":"https:\/\/www.salzburgerland.com\/de\/magazin\/#organization"},"image":{"@id":"https:\/\/www.salzburgerland.com\/de\/magazin\/almenwelt-lofer-oesterreichs-schoenste-wanderalm\/#primaryimage"},"thumbnailUrl":"https:\/\/www.salzburgerland.com\/de\/magazin\/wp-content\/uploads\/2018\/07\/DSC07853.jpg","keywords":["SalzburgerLand Card"],"articleSection":["Outdoor &amp; Sport"],"inLanguage":"de","potentialAction":[{"@type":"CommentAction","name":"Comment","target":["https:\/\/www.salzburgerland.com\/de\/magazin\/almenwelt-lofer-oesterreichs-schoenste-wanderalm\/#respond"]}]},{"@type":"WebPage","@id":"https:\/\/www.salzburgerland.com\/de\/magazin\/almenwelt-lofer-oesterreichs-schoenste-wanderalm\/","url":"https:\/\/www.salzburgerland.com\/de\/magazin\/almenwelt-lofer-oesterreichs-schoenste-wanderalm\/","name":"Almenwelt Lofer - SalzburgerLand Magazin","isPartOf":{"@id":"https:\/\/www.salzburgerland.com\/de\/magazin\/#website"},"primaryImageOfPage":{"@id":"https:\/\/www.salzburgerland.com\/de\/magazin\/almenwelt-lofer-oesterreichs-schoenste-wanderalm\/#primaryimage"},"image":{"@id":"https:\/\/www.salzburgerland.com\/de\/magazin\/almenwelt-lofer-oesterreichs-schoenste-wanderalm\/#primaryimage"},"thumbnailUrl":"https:\/\/www.salzburgerland.com\/de\/magazin\/wp-content\/uploads\/2018\/07\/DSC07853.jpg","datePublished":"2018-07-22T06:00:00+00:00","dateModified":"2021-07-22T14:11:11+00:00","breadcrumb":{"@id":"https:\/\/www.salzburgerland.com\/de\/magazin\/almenwelt-lofer-oesterreichs-schoenste-wanderalm\/#breadcrumb"},"inLanguage":"de","potentialAction":[{"@type":"ReadAction","target":["https:\/\/www.salzburgerland.com\/de\/magazin\/almenwelt-lofer-oesterreichs-schoenste-wanderalm\/"]}]},{"@type":"ImageObject","inLanguage":"de","@id":"https:\/\/www.salzburgerland.com\/de\/magazin\/almenwelt-lofer-oesterreichs-schoenste-wanderalm\/#primaryimage","url":"https:\/\/www.salzburgerland.com\/de\/magazin\/wp-content\/uploads\/2018\/07\/DSC07853.jpg","contentUrl":"https:\/\/www.salzburgerland.com\/de\/magazin\/wp-content\/uploads\/2018\/07\/DSC07853.jpg","width":1600,"height":1071,"caption":"Person in blauer Jacke springt auf einen grasbewachsenen H\u00fcgel, mit gr\u00fcnen H\u00fcgeln, B\u00e4umen und H\u00e4usern im Hintergrund."},{"@type":"BreadcrumbList","@id":"https:\/\/www.salzburgerland.com\/de\/magazin\/almenwelt-lofer-oesterreichs-schoenste-wanderalm\/#breadcrumb","itemListElement":[{"@type":"ListItem","position":1,"name":"Startseite","item":"https:\/\/www.salzburgerland.com\/de\/magazin\/"},{"@type":"ListItem","position":2,"name":"Outdoor &amp; Sport","item":"https:\/\/www.salzburgerland.com\/de\/magazin\/thema\/outdoor-sport\/"},{"@type":"ListItem","position":3,"name":"Almenwelt Lofer"}]},{"@type":"WebSite","@id":"https:\/\/www.salzburgerland.com\/de\/magazin\/#website","url":"https:\/\/www.salzburgerland.com\/de\/magazin\/","name":"SalzburgerLand Magazin","description":"Geschichten und Interessantes aus dem SalzburgerLand","publisher":{"@id":"https:\/\/www.salzburgerland.com\/de\/magazin\/#organization"},"potentialAction":[{"@type":"SearchAction","target":{"@type":"EntryPoint","urlTemplate":"https:\/\/www.salzburgerland.com\/de\/magazin\/?s={search_term_string}"},"query-input":{"@type":"PropertyValueSpecification","valueRequired":true,"valueName":"search_term_string"}}],"inLanguage":"de"},{"@type":"Organization","@id":"https:\/\/www.salzburgerland.com\/de\/magazin\/#organization","name":"SalzburgerLand Tourismus","url":"https:\/\/www.salzburgerland.com\/de\/magazin\/","logo":{"@type":"ImageObject","inLanguage":"de","@id":"https:\/\/www.salzburgerland.com\/de\/magazin\/#\/schema\/logo\/image\/","url":"https:\/\/www.salzburgerland.com\/de\/magazin\/wp-content\/uploads\/2019\/06\/salzburgerland-logo1.jpg","contentUrl":"https:\/\/www.salzburgerland.com\/de\/magazin\/wp-content\/uploads\/2019\/06\/salzburgerland-logo1.jpg","width":2011,"height":866,"caption":"SalzburgerLand Tourismus"},"image":{"@id":"https:\/\/www.salzburgerland.com\/de\/magazin\/#\/schema\/logo\/image\/"},"sameAs":["https:\/\/www.facebook.com\/salzburgerland\/","https:\/\/x.com\/Salzburgerland","https:\/\/www.instagram.com\/salzburgerland\/","https:\/\/at.linkedin.com\/company\/salzburgerland-tourismus-gmbh","https:\/\/www.pinterest.at\/salzburgerland\/","https:\/\/www.youtube.com\/user\/salzburgerland","https:\/\/de.wikipedia.org\/wiki\/SalzburgerLand_Tourismus_GmbH"]},{"@type":"Person","@id":"https:\/\/www.salzburgerland.com\/de\/magazin\/#\/schema\/person\/a55a4fee1009b9e458d298480a18a9f7","name":"Ulli Hammerl","description":"Geboren und aufgewachsen in der Stadt Salzburg war Ulli Hammerl fr\u00fch bewusst, in einer der sch\u00f6nsten St\u00e4dte der Welt zu leben. So ist sie auch w\u00e4hrend ihres Studiums der Kommunikationswissenschaft und \u00d6kologie ihrer Heimatstadt treu geblieben. Gleich nach dem Studium ist sie zu SalzburgerLand Tourismus (SLTG) gegangen und hat hier von 1998 - 2004 u.a. die SalzburgerLand Card betreut. Dabei ist sie viel herumgekommen, wodurch auch die Liebe zum SalzburgerLand enstanden und gewachsen ist. Nach der Geburt ihrer Tochter im September 2004 hat sich Ulli Hammerl 2007 mit einer Agentur selbst\u00e4ndig gemacht. Mein pers\u00f6nlicher Logenplatz: Hoch \u00fcber Salzburg, abseits der stark begangenen Wege mit Blick auf die D\u00e4cher und Kircht\u00fcrme der Stadt \u2013 hier geht mir das Herz auf! Morgen- oder Abendmensch: Ganz klar: Morgenmensch. Wenn um 5.00 Uhr fr\u00fch die V\u00f6gel zwitschern und rund herum noch alles in tiefer Ruhe versinkt, dann ist meine Zeit. Ausgeschlafen, Energie geladen und voller Tatendrang starte ich am liebsten in den fr\u00fchen Morgenstunden in den Tag. Daf\u00fcr kann man nach 21.00 Uhr nicht mehr mit mir rechnen. Buch oder Film: Es gibt nichts Sch\u00f6neres, als es sich am Ende des Tages auf der Couch gem\u00fctlich zu machen und in die Gedankenwelt eines guten Buches einzutauchen \u2013 Lesen ist Abenteuer im Kopf. Wandern, Spazierengehen oder Laufen: alles drei und zwar am besten jeden Tag. Mit ein bisschen Zeiteinteilung geht es sich tats\u00e4chlich fast gehen Tag aus, drau\u00dfen unterwegs zu sein. Fr\u00fchling, Sommer, Herbst oder Winter: Ich kann es im Fr\u00fchling kaum erwarten, die ersten Gr\u00fcnschattierungen in der Natur zu entdecken. Ich liebe hei\u00dfe Sommertage am See und laue Sommerabende am Balkon. Ich mag es, wenn im Herbst die W\u00e4lder in einem Meer aus Farben erstrahlen, Laubrascheln und Kastanien sammeln. Und ich freue mich wie ein Kind, wenn im Dezember die ersten Schneeflocken vom Himmel schweben. Die vier Jahreszeiten sind etwas Wunderbares.","url":"https:\/\/www.salzburgerland.com\/de\/magazin\/author\/ulli-hammerl\/"}]}},"_wl_alt_label":[],"wl:entity_url":"http:\/\/open.salzburgerland.com\/magazin\/post\/almenwelt_lofer_-_oesterreichs_schoenste_wanderalm","_links":{"self":[{"href":"https:\/\/www.salzburgerland.com\/de\/magazin\/wp-json\/wp\/v2\/posts\/124739","targetHints":{"allow":["GET"]}}],"collection":[{"href":"https:\/\/www.salzburgerland.com\/de\/magazin\/wp-json\/wp\/v2\/posts"}],"about":[{"href":"https:\/\/www.salzburgerland.com\/de\/magazin\/wp-json\/wp\/v2\/types\/post"}],"author":[{"embeddable":true,"href":"https:\/\/www.salzburgerland.com\/de\/magazin\/wp-json\/wp\/v2\/users\/90"}],"replies":[{"embeddable":true,"href":"https:\/\/www.salzburgerland.com\/de\/magazin\/wp-json\/wp\/v2\/comments?post=124739"}],"version-history":[{"count":5,"href":"https:\/\/www.salzburgerland.com\/de\/magazin\/wp-json\/wp\/v2\/posts\/124739\/revisions"}],"predecessor-version":[{"id":156297,"href":"https:\/\/www.salzburgerland.com\/de\/magazin\/wp-json\/wp\/v2\/posts\/124739\/revisions\/156297"}],"wp:featuredmedia":[{"embeddable":true,"href":"https:\/\/www.salzburgerland.com\/de\/magazin\/wp-json\/wp\/v2\/media\/124762"}],"wp:attachment":[{"href":"https:\/\/www.salzburgerland.com\/de\/magazin\/wp-json\/wp\/v2\/media?parent=124739"}],"wp:term":[{"taxonomy":"category","embeddable":true,"href":"https:\/\/www.salzburgerland.com\/de\/magazin\/wp-json\/wp\/v2\/categories?post=124739"},{"taxonomy":"post_tag","embeddable":true,"href":"https:\/\/www.salzburgerland.com\/de\/magazin\/wp-json\/wp\/v2\/tags?post=124739"},{"taxonomy":"wl_entity_type","embeddable":true,"href":"https:\/\/www.salzburgerland.com\/de\/magazin\/wp-json\/wp\/v2\/wl_entity_type?post=124739"},{"taxonomy":"monatsauswahl","embeddable":true,"href":"https:\/\/www.salzburgerland.com\/de\/magazin\/wp-json\/wp\/v2\/monatsauswahl?post=124739"}],"curies":[{"name":"wp","href":"https:\/\/api.w.org\/{rel}","templated":true}]}}