{"id":124343,"date":"2018-08-21T08:00:56","date_gmt":"2018-08-21T06:00:56","guid":{"rendered":"https:\/\/www.salzburgerland.com\/de\/magazin\/?p=124343"},"modified":"2021-03-23T06:44:32","modified_gmt":"2021-03-23T05:44:32","slug":"sommerrodeln-mit-schwung-durch-den-sommer","status":"publish","type":"post","link":"https:\/\/www.salzburgerland.com\/de\/magazin\/sommerrodeln-mit-schwung-durch-den-sommer\/","title":{"rendered":"Sommerrodeln"},"content":{"rendered":"\n<h2 class=\"wp-block-slt-subtitle\">Mit Schwung durch den Sommer<\/h2>\n\n\n\n<p class=\"wp-block-slt-intro\">Der Winter ist l\u00e4ngst vorbei, ebenso der Schnee, der nur noch in hohen Bergregionen vorzufinden ist.&nbsp;Wer aber das Rodeln vermisst, muss nicht unbedingt 3000 H\u00f6henmeter oder mehr erklimmen, es gibt auch eine andere, entspanntere Art Wintergef\u00fchle wieder hochleben zu lassen: Sommerrodeln.<\/p>\n\n\n\n<h2 class=\"wp-block-heading\">Sommerrodelbahn in Strobl<\/h2>\n\n\n\n<p>Die <a href=\"http:\/\/www.rodelbahnen.at\/\" target=\"_blank\" rel=\"noopener noreferrer\">Sommerrodelbahn in Strobl<\/a> zieht w\u00f6chentlich hunderte Besucher an. Wenig verwunderlich, wenn man bedenkt, wie viel Spa\u00df so eine Sommerrodelbahnfahrt machen kann. Noch dazu bieten sich in der Wolfgangseeregion spektakul\u00e4re Aussichten auf die Umgebung, n\u00e4mlich nicht nur beim Rodeln selbst, sondern auch beim Raufziehen der Rodel samt Rodler. Beim Herabrodeln hat der Besucher die M\u00f6glichkeit zwischen eine der beiden rund 1300 Meter langen Bahnen zu w\u00e4hlen. Die einzige Frage die man sich stellen muss ist: Soll ich durch den Wald brausen oder will ich auf der Wiesenbahn den Grasnarben Hallo sagen? So oder so ist die Sommerrodelbahn in Strobl immer einen Besuch wert. Schon die ca. 8 Minuten lange Auffahrt ist ein Erlebnis f\u00fcr sich. Dabei wird die Rodel samt Rodler an einem Lifthaken eingeh\u00e4ngt, der dann die Rodel bergauf bef\u00f6rdert. Des Besuchers Blick ist aber immer auf den atemberaubenden Wolfgangsee gerichtet. Die Rodelbahn Strobl hat von Mai bis September ab 10:00 Uhr ge\u00f6ffnet.&nbsp;<\/p>\n\n\n<div class=\"mag-gallery\"><div class=\"row\"><div class=\"col-6 col-sm-4\"><figure><a class=\"thumb-container\" href=\"https:\/\/www.salzburgerland.com\/de\/magazin\/wp-content\/uploads\/2018\/08\/DSC2120-1280x1024.jpg\">\t<picture><source media=\"(min-width: 576px)\" srcset=\"https:\/\/www.salzburgerland.com\/de\/magazin\/wp-content\/uploads\/2018\/08\/DSC2120-325x209.jpg 325w, https:\/\/www.salzburgerland.com\/de\/magazin\/wp-content\/uploads\/2018\/08\/DSC2120-249x160.jpg 249w\"><\/source><source media=\"(min-width: 0)\" srcset=\"https:\/\/www.salzburgerland.com\/de\/magazin\/wp-content\/uploads\/2018\/08\/DSC2120-249x160.jpg 249w, https:\/\/www.salzburgerland.com\/de\/magazin\/wp-content\/uploads\/2018\/08\/DSC2120-325x209.jpg 325w\"><\/source><img decoding=\"async\" alt=\"Au&szlig;encaf&eacute; mit Menschen, die unter roten Sonnenschirmen sitzen, umgeben von B&auml;umen und Bergen im Hintergrund.\" src=\"https:\/\/www.salzburgerland.com\/de\/magazin\/wp-content\/uploads\/2018\/08\/DSC2120.jpg\">\t<\/picture><\/a><\/figure><\/div><div class=\"col-6 col-sm-4\"><figure><a class=\"thumb-container\" href=\"https:\/\/www.salzburgerland.com\/de\/magazin\/wp-content\/uploads\/2018\/08\/DSC2121-1280x1024.jpg\">\t<picture><source media=\"(min-width: 576px)\" srcset=\"https:\/\/www.salzburgerland.com\/de\/magazin\/wp-content\/uploads\/2018\/08\/DSC2121-325x209.jpg 325w, https:\/\/www.salzburgerland.com\/de\/magazin\/wp-content\/uploads\/2018\/08\/DSC2121-249x160.jpg 249w\"><\/source><source media=\"(min-width: 0)\" srcset=\"https:\/\/www.salzburgerland.com\/de\/magazin\/wp-content\/uploads\/2018\/08\/DSC2121-249x160.jpg 249w, https:\/\/www.salzburgerland.com\/de\/magazin\/wp-content\/uploads\/2018\/08\/DSC2121-325x209.jpg 325w\"><\/source><img decoding=\"async\" alt=\"Ein Erwachsener und ein Kind fahren an einem sonnigen Tag mit einer Sommerrodelbahn einen grasbewachsenen Hang hinunter.\" src=\"https:\/\/www.salzburgerland.com\/de\/magazin\/wp-content\/uploads\/2018\/08\/DSC2121.jpg\">\t<\/picture><\/a><\/figure><\/div><div class=\"col-6 col-sm-4\"><figure><a class=\"thumb-container\" href=\"https:\/\/www.salzburgerland.com\/de\/magazin\/wp-content\/uploads\/2018\/08\/DSC2122-1280x1024.jpg\">\t<picture><source media=\"(min-width: 576px)\" srcset=\"https:\/\/www.salzburgerland.com\/de\/magazin\/wp-content\/uploads\/2018\/08\/DSC2122-325x209.jpg 325w, https:\/\/www.salzburgerland.com\/de\/magazin\/wp-content\/uploads\/2018\/08\/DSC2122-249x160.jpg 249w\"><\/source><source media=\"(min-width: 0)\" srcset=\"https:\/\/www.salzburgerland.com\/de\/magazin\/wp-content\/uploads\/2018\/08\/DSC2122-249x160.jpg 249w, https:\/\/www.salzburgerland.com\/de\/magazin\/wp-content\/uploads\/2018\/08\/DSC2122-325x209.jpg 325w\"><\/source><img decoding=\"async\" alt=\"Busch mit roten Beeren im Vordergrund, See und Berge im Hintergrund unter einem bew&ouml;lkten Himmel.\" src=\"https:\/\/www.salzburgerland.com\/de\/magazin\/wp-content\/uploads\/2018\/08\/DSC2122.jpg\">\t<\/picture><\/a><\/figure><\/div><div class=\"col-6 col-sm-4\"><figure><a class=\"thumb-container\" href=\"https:\/\/www.salzburgerland.com\/de\/magazin\/wp-content\/uploads\/2018\/08\/DSC2123-1280x1024.jpg\">\t<picture><source media=\"(min-width: 576px)\" srcset=\"https:\/\/www.salzburgerland.com\/de\/magazin\/wp-content\/uploads\/2018\/08\/DSC2123-325x209.jpg 325w, https:\/\/www.salzburgerland.com\/de\/magazin\/wp-content\/uploads\/2018\/08\/DSC2123-249x160.jpg 249w\"><\/source><source media=\"(min-width: 0)\" srcset=\"https:\/\/www.salzburgerland.com\/de\/magazin\/wp-content\/uploads\/2018\/08\/DSC2123-249x160.jpg 249w, https:\/\/www.salzburgerland.com\/de\/magazin\/wp-content\/uploads\/2018\/08\/DSC2123-325x209.jpg 325w\"><\/source><img decoding=\"async\" alt=\"Eine Gruppe schwarzer Doppelschlitten, gestapelt in einer Holzh&uuml;tte mit Plakaten und einem blauen Schild an der Wand.\" src=\"https:\/\/www.salzburgerland.com\/de\/magazin\/wp-content\/uploads\/2018\/08\/DSC2123.jpg\">\t<\/picture><\/a><\/figure><\/div><div class=\"col-6 col-sm-4\"><figure><a class=\"thumb-container\" href=\"https:\/\/www.salzburgerland.com\/de\/magazin\/wp-content\/uploads\/2018\/08\/DSC2126-1280x1024.jpg\">\t<picture><source media=\"(min-width: 576px)\" srcset=\"https:\/\/www.salzburgerland.com\/de\/magazin\/wp-content\/uploads\/2018\/08\/DSC2126-325x209.jpg 325w, https:\/\/www.salzburgerland.com\/de\/magazin\/wp-content\/uploads\/2018\/08\/DSC2126-249x160.jpg 249w\"><\/source><source media=\"(min-width: 0)\" srcset=\"https:\/\/www.salzburgerland.com\/de\/magazin\/wp-content\/uploads\/2018\/08\/DSC2126-249x160.jpg 249w, https:\/\/www.salzburgerland.com\/de\/magazin\/wp-content\/uploads\/2018\/08\/DSC2126-325x209.jpg 325w\"><\/source><img decoding=\"async\" alt=\"Ein Kind f&auml;hrt auf einer Sommerrodelbahn auf einer Wiese mit B&auml;umen und Bergen im Hintergrund.\" src=\"https:\/\/www.salzburgerland.com\/de\/magazin\/wp-content\/uploads\/2018\/08\/DSC2126.jpg\">\t<\/picture><\/a><\/figure><\/div><div class=\"col-6 col-sm-4\"><figure><a class=\"thumb-container\" href=\"https:\/\/www.salzburgerland.com\/de\/magazin\/wp-content\/uploads\/2018\/08\/DJI_0045-1280x1024.jpg\">\t<picture><source media=\"(min-width: 576px)\" srcset=\"https:\/\/www.salzburgerland.com\/de\/magazin\/wp-content\/uploads\/2018\/08\/DJI_0045-325x209.jpg 325w, https:\/\/www.salzburgerland.com\/de\/magazin\/wp-content\/uploads\/2018\/08\/DJI_0045-249x160.jpg 249w\"><\/source><source media=\"(min-width: 0)\" srcset=\"https:\/\/www.salzburgerland.com\/de\/magazin\/wp-content\/uploads\/2018\/08\/DJI_0045-249x160.jpg 249w, https:\/\/www.salzburgerland.com\/de\/magazin\/wp-content\/uploads\/2018\/08\/DJI_0045-325x209.jpg 325w\"><\/source><img decoding=\"async\" alt=\"Luftaufnahme von H&auml;usern und B&auml;umen, eingebettet in gr&uuml;ne H&uuml;gel mit bewaldeten Bergen im Hintergrund.\" src=\"https:\/\/www.salzburgerland.com\/de\/magazin\/wp-content\/uploads\/2018\/08\/DJI_0045.jpg\">\t<\/picture><\/a><\/figure><\/div><\/div><figcaption><\/figcaption><\/div>\n\n\n\n<h2 class=\"wp-block-heading\">Sommerrodelbahn Fuschl<\/h2>\n\n\n\n<p>Auch die <a rel=\"noopener noreferrer\" href=\"http:\/\/www.rodelbahnen.at\/\" target=\"_blank\">Sommerrodelbahn in Fuschl am See<\/a> ist ein beliebtes Ausflugsziel f\u00fcr jung und alt. Beim gem\u00fctlichen Bergauffahren durch Wiese und Wald genie\u00dft man die herrliche Aussicht auf Fuschl, um dann anschlie\u00dfend rasant durch winkelige Kurven und enge Tunnel in das Tal zu rodeln. Die Geschwindigkeit bestimmt man selbst. Weniger Mutige oder Kleinkinder k\u00f6nnen auf einem Doppelschlitten mitrodeln. F\u00fcr Familien gibt es die M\u00f6glichkeit g\u00fcnstige Mehrfahrtenkarten zu kaufen. Die Bahnl\u00e4nge bel\u00e4uft sich auf etwa 600 Meter. Nahe der Rodelbahn gibt es einen gro\u00dfz\u00fcgigen Parkplatz. Auch die Anfahrt zu diesem einzigartigen Erlebnis kann einfacher kaum sein. Auf der Bundesstra\u00dfe Richtung Salzburg, beziehungsweise St. Gilgen, befindet sich kurz nach der Ortseinfahrt ein gr\u00fcnes Schild &#8222;zur Sommerrodelbahn&#8220;. Nach etwa 400 Meter hat man dann sein Ziel erreicht.&nbsp;<\/p>\n\n\n\n<figure class=\"wp-block-embed is-type-video is-provider-youtube wp-block-embed-youtube wp-embed-aspect-16-9 wp-has-aspect-ratio\"><div class=\"wp-block-embed__wrapper\">\n<iframe loading=\"lazy\" title=\"Sommerrodelbahn in Fuschl am See\" width=\"640\" height=\"360\" src=\"https:\/\/www.youtube-nocookie.com\/embed\/jX6mmlMAAhg?feature=oembed&#038;rel=0&#038;modestbranding=1\" frameborder=\"0\" allow=\"accelerometer; autoplay; clipboard-write; encrypted-media; gyroscope; picture-in-picture; web-share\" referrerpolicy=\"strict-origin-when-cross-origin\" allowfullscreen><\/iframe>\n<\/div><\/figure>\n\n\n<div class=\"mag-gallery\"><div class=\"row\"><div class=\"col-6 col-sm-4\"><figure><a class=\"thumb-container\" href=\"https:\/\/www.salzburgerland.com\/de\/magazin\/wp-content\/uploads\/2018\/08\/DJI_0045-1280x1024.jpg\">\t<picture><source media=\"(min-width: 576px)\" srcset=\"https:\/\/www.salzburgerland.com\/de\/magazin\/wp-content\/uploads\/2018\/08\/DJI_0045-325x209.jpg 325w, https:\/\/www.salzburgerland.com\/de\/magazin\/wp-content\/uploads\/2018\/08\/DJI_0045-249x160.jpg 249w\"><\/source><source media=\"(min-width: 0)\" srcset=\"https:\/\/www.salzburgerland.com\/de\/magazin\/wp-content\/uploads\/2018\/08\/DJI_0045-249x160.jpg 249w, https:\/\/www.salzburgerland.com\/de\/magazin\/wp-content\/uploads\/2018\/08\/DJI_0045-325x209.jpg 325w\"><\/source><img decoding=\"async\" alt=\"Luftaufnahme von H&auml;usern und B&auml;umen, eingebettet in gr&uuml;ne H&uuml;gel mit bewaldeten Bergen im Hintergrund.\" src=\"https:\/\/www.salzburgerland.com\/de\/magazin\/wp-content\/uploads\/2018\/08\/DJI_0045.jpg\">\t<\/picture><\/a><\/figure><\/div><div class=\"col-6 col-sm-4\"><figure><a class=\"thumb-container\" href=\"https:\/\/www.salzburgerland.com\/de\/magazin\/wp-content\/uploads\/2018\/08\/DSC2133-1280x1024.jpg\">\t<picture><source media=\"(min-width: 576px)\" srcset=\"https:\/\/www.salzburgerland.com\/de\/magazin\/wp-content\/uploads\/2018\/08\/DSC2133-325x209.jpg 325w, https:\/\/www.salzburgerland.com\/de\/magazin\/wp-content\/uploads\/2018\/08\/DSC2133-249x160.jpg 249w\"><\/source><source media=\"(min-width: 0)\" srcset=\"https:\/\/www.salzburgerland.com\/de\/magazin\/wp-content\/uploads\/2018\/08\/DSC2133-249x160.jpg 249w, https:\/\/www.salzburgerland.com\/de\/magazin\/wp-content\/uploads\/2018\/08\/DSC2133-325x209.jpg 325w\"><\/source><img decoding=\"async\" alt=\"Eine alpine Metallrutsche mit Gras, B&auml;umen und einem Berg im Hintergrund an einem klaren Tag.\" src=\"https:\/\/www.salzburgerland.com\/de\/magazin\/wp-content\/uploads\/2018\/08\/DSC2133.jpg\">\t<\/picture><\/a><\/figure><\/div><div class=\"col-6 col-sm-4\"><figure><a class=\"thumb-container\" href=\"https:\/\/www.salzburgerland.com\/de\/magazin\/wp-content\/uploads\/2018\/08\/DSC2137-1280x1024.jpg\">\t<picture><source media=\"(min-width: 576px)\" srcset=\"https:\/\/www.salzburgerland.com\/de\/magazin\/wp-content\/uploads\/2018\/08\/DSC2137-325x209.jpg 325w, https:\/\/www.salzburgerland.com\/de\/magazin\/wp-content\/uploads\/2018\/08\/DSC2137-249x160.jpg 249w\"><\/source><source media=\"(min-width: 0)\" srcset=\"https:\/\/www.salzburgerland.com\/de\/magazin\/wp-content\/uploads\/2018\/08\/DSC2137-249x160.jpg 249w, https:\/\/www.salzburgerland.com\/de\/magazin\/wp-content\/uploads\/2018\/08\/DSC2137-325x209.jpg 325w\"><\/source><img decoding=\"async\" alt=\"Au&szlig;encaf&eacute; mit roten Sonnenschirmen auf der Terrasse, umgeben von gr&uuml;nen H&uuml;geln und B&auml;umen, in der N&auml;he eines rustikalen Geb&auml;udes.\" src=\"https:\/\/www.salzburgerland.com\/de\/magazin\/wp-content\/uploads\/2018\/08\/DSC2137.jpg\">\t<\/picture><\/a><\/figure><\/div><div class=\"col-6 col-sm-4\"><figure><a class=\"thumb-container\" href=\"https:\/\/www.salzburgerland.com\/de\/magazin\/wp-content\/uploads\/2018\/08\/DJI_0052-1280x1024.jpg\">\t<picture><source media=\"(min-width: 576px)\" srcset=\"https:\/\/www.salzburgerland.com\/de\/magazin\/wp-content\/uploads\/2018\/08\/DJI_0052-325x209.jpg 325w, https:\/\/www.salzburgerland.com\/de\/magazin\/wp-content\/uploads\/2018\/08\/DJI_0052-249x160.jpg 249w\"><\/source><source media=\"(min-width: 0)\" srcset=\"https:\/\/www.salzburgerland.com\/de\/magazin\/wp-content\/uploads\/2018\/08\/DJI_0052-249x160.jpg 249w, https:\/\/www.salzburgerland.com\/de\/magazin\/wp-content\/uploads\/2018\/08\/DJI_0052-325x209.jpg 325w\"><\/source><img decoding=\"async\" alt=\"Ein grasbewachsener Hang mit einer Skiliftstange, umgeben von dichten gr&uuml;nen B&auml;umen unter einem klaren Himmel.\" src=\"https:\/\/www.salzburgerland.com\/de\/magazin\/wp-content\/uploads\/2018\/08\/DJI_0052.jpg\">\t<\/picture><\/a><\/figure><\/div><div class=\"col-6 col-sm-4\"><figure><a class=\"thumb-container\" href=\"https:\/\/www.salzburgerland.com\/de\/magazin\/wp-content\/uploads\/2018\/08\/DJI_0054-1280x1024.jpg\">\t<picture><source media=\"(min-width: 576px)\" srcset=\"https:\/\/www.salzburgerland.com\/de\/magazin\/wp-content\/uploads\/2018\/08\/DJI_0054-325x209.jpg 325w, https:\/\/www.salzburgerland.com\/de\/magazin\/wp-content\/uploads\/2018\/08\/DJI_0054-249x160.jpg 249w\"><\/source><source media=\"(min-width: 0)\" srcset=\"https:\/\/www.salzburgerland.com\/de\/magazin\/wp-content\/uploads\/2018\/08\/DJI_0054-249x160.jpg 249w, https:\/\/www.salzburgerland.com\/de\/magazin\/wp-content\/uploads\/2018\/08\/DJI_0054-325x209.jpg 325w\"><\/source><img decoding=\"async\" alt=\"Ein See, umgeben von bewaldeten H&uuml;geln, einem Dorf und offenen Feldern unter einem teilweise bew&ouml;lkten Himmel.\" src=\"https:\/\/www.salzburgerland.com\/de\/magazin\/wp-content\/uploads\/2018\/08\/DJI_0054.jpg\">\t<\/picture><\/a><\/figure><\/div><div class=\"col-6 col-sm-4\"><figure><a class=\"thumb-container\" href=\"https:\/\/www.salzburgerland.com\/de\/magazin\/wp-content\/uploads\/2018\/08\/DJI_0059-1280x1024.jpg\">\t<picture><source media=\"(min-width: 576px)\" srcset=\"https:\/\/www.salzburgerland.com\/de\/magazin\/wp-content\/uploads\/2018\/08\/DJI_0059-325x209.jpg 325w, https:\/\/www.salzburgerland.com\/de\/magazin\/wp-content\/uploads\/2018\/08\/DJI_0059-249x160.jpg 249w\"><\/source><source media=\"(min-width: 0)\" srcset=\"https:\/\/www.salzburgerland.com\/de\/magazin\/wp-content\/uploads\/2018\/08\/DJI_0059-249x160.jpg 249w, https:\/\/www.salzburgerland.com\/de\/magazin\/wp-content\/uploads\/2018\/08\/DJI_0059-325x209.jpg 325w\"><\/source><img decoding=\"async\" alt=\"Eine gewundene alpine Rutsche verl&auml;uft durch grasbewachsene H&uuml;gel und W&auml;lder in der N&auml;he von Geb&auml;uden und einer Stra&szlig;e, von oben gesehen.\" src=\"https:\/\/www.salzburgerland.com\/de\/magazin\/wp-content\/uploads\/2018\/08\/DJI_0059.jpg\">\t<\/picture><\/a><\/figure><\/div><\/div><figcaption><\/figcaption><\/div>\n\n\n\n<h2 class=\"wp-block-heading\">Sommerrodelbahn in Saalfelden Leogang<\/h2>\n\n\n\n<p>Gleich zwei Sommerrodelbahnen sorgen in <a href=\"https:\/\/www.saalfelden-leogang.com\/de\/region-erleben\/ausflugsziele\/sommerrodelbahnen\" target=\"_blank\" rel=\"noopener noreferrer\">Saalfelden Leogang<\/a> f\u00fcr Action im Sommerurlaub: Am Saalfeldner Biberg schl\u00e4ngelt sich die 1,6 km lange Sommerrodelbahn mit lustigen Kurven, Jumps und einer grandiosen Aussicht auf das Saalfeldner Becken ins Tal. Die Leoganger Sommerrodelbahn, \u201eLeo\u2019s Kufengaudi\u201c oder auch \u201eLeoklang\u201c genannt, begeistert Gro\u00df und Klein an der Asitz Bergstation auf 1.800 m Seeh\u00f6he mit einem besonderen Klangerlebnis sowie unvergesslichen Blicken auf das Steinerne Meer und die Leoganger Steinberge.<\/p>\n\n\n<div class=\"mag-gallery\"><div class=\"row\"><div class=\"col-6 col-sm-4\"><figure><a class=\"thumb-container\" href=\"https:\/\/www.salzburgerland.com\/de\/magazin\/wp-content\/uploads\/2018\/08\/familie-sommerrodeln-saalfelden-3-klein-1280x1024.jpg\">\t<picture><source media=\"(min-width: 576px)\" srcset=\"https:\/\/www.salzburgerland.com\/de\/magazin\/wp-content\/uploads\/2018\/08\/familie-sommerrodeln-saalfelden-3-klein-325x209.jpg 325w, https:\/\/www.salzburgerland.com\/de\/magazin\/wp-content\/uploads\/2018\/08\/familie-sommerrodeln-saalfelden-3-klein-249x160.jpg 249w\"><\/source><source media=\"(min-width: 0)\" srcset=\"https:\/\/www.salzburgerland.com\/de\/magazin\/wp-content\/uploads\/2018\/08\/familie-sommerrodeln-saalfelden-3-klein-249x160.jpg 249w, https:\/\/www.salzburgerland.com\/de\/magazin\/wp-content\/uploads\/2018\/08\/familie-sommerrodeln-saalfelden-3-klein-325x209.jpg 325w\"><\/source><img decoding=\"async\" alt=\"Menschen fahren mit einem Skilift &uuml;ber ein gr&uuml;nes Tal mit Bergen unter einem hellen, sonnigen Himmel.\" src=\"https:\/\/www.salzburgerland.com\/de\/magazin\/wp-content\/uploads\/2018\/08\/familie-sommerrodeln-saalfelden-3-klein.jpg\">\t<\/picture><\/a><\/figure><\/div><div class=\"col-6 col-sm-4\"><figure><a class=\"thumb-container\" href=\"https:\/\/www.salzburgerland.com\/de\/magazin\/wp-content\/uploads\/2018\/08\/sommerrodelbahn-leo-klang_47560-1280x1024.jpeg\">\t<picture><source media=\"(min-width: 576px)\" srcset=\"https:\/\/www.salzburgerland.com\/de\/magazin\/wp-content\/uploads\/2018\/08\/sommerrodelbahn-leo-klang_47560-325x209.jpeg 325w, https:\/\/www.salzburgerland.com\/de\/magazin\/wp-content\/uploads\/2018\/08\/sommerrodelbahn-leo-klang_47560-249x160.jpeg 249w\"><\/source><source media=\"(min-width: 0)\" srcset=\"https:\/\/www.salzburgerland.com\/de\/magazin\/wp-content\/uploads\/2018\/08\/sommerrodelbahn-leo-klang_47560-249x160.jpeg 249w, https:\/\/www.salzburgerland.com\/de\/magazin\/wp-content\/uploads\/2018\/08\/sommerrodelbahn-leo-klang_47560-325x209.jpeg 325w\"><\/source><img decoding=\"async\" alt=\"Ein Kind mit Hut f&auml;hrt auf einem Alpine Coaster durch gr&uuml;ne H&uuml;gel mit Bergen und Seilbahnen im Hintergrund.\" src=\"https:\/\/www.salzburgerland.com\/de\/magazin\/wp-content\/uploads\/2018\/08\/sommerrodelbahn-leo-klang_47560.jpeg\">\t<\/picture><\/a><\/figure><\/div><div class=\"col-6 col-sm-4\"><figure><a class=\"thumb-container\" href=\"https:\/\/www.salzburgerland.com\/de\/magazin\/wp-content\/uploads\/2018\/08\/sommerrodeln-saalfelden-familie-klein-1280x1024.jpg\">\t<picture><source media=\"(min-width: 576px)\" srcset=\"https:\/\/www.salzburgerland.com\/de\/magazin\/wp-content\/uploads\/2018\/08\/sommerrodeln-saalfelden-familie-klein-325x209.jpg 325w, https:\/\/www.salzburgerland.com\/de\/magazin\/wp-content\/uploads\/2018\/08\/sommerrodeln-saalfelden-familie-klein-249x160.jpg 249w\"><\/source><source media=\"(min-width: 0)\" srcset=\"https:\/\/www.salzburgerland.com\/de\/magazin\/wp-content\/uploads\/2018\/08\/sommerrodeln-saalfelden-familie-klein-249x160.jpg 249w, https:\/\/www.salzburgerland.com\/de\/magazin\/wp-content\/uploads\/2018\/08\/sommerrodeln-saalfelden-familie-klein-325x209.jpg 325w\"><\/source><img decoding=\"async\" alt=\"Ein Mann und ein Kind auf einer Rutsche.\" src=\"https:\/\/www.salzburgerland.com\/de\/magazin\/wp-content\/uploads\/2018\/08\/sommerrodeln-saalfelden-familie-klein.jpg\">\t<\/picture><\/a><\/figure><\/div><\/div><figcaption><\/figcaption><\/div>\n\n\n\n<h2 class=\"wp-block-heading\">Sommerrodelbahn D\u00fcrrnberg<\/h2>\n\n\n\n<p>Die spektakul\u00e4re und \u00e4u\u00dferst lange <a href=\"https:\/\/www.duerrnberg.at\/index.php\/de\/sommer\/keltenblitz\" target=\"_blank\" rel=\"noopener noreferrer\">Sommerrodelbahn ist ein Top Ausflugsziel am D\u00fcrrnberg<\/a>. Mit 2,2 km bietet der Keltenblitz puren Fahrspa\u00df f\u00fcr die ganze Familie. Schnell ist der D\u00fcrrnberg mit dem Auto oder den \u00f6ffentlichen Verkehrsmitteln von Salzburg bzw. Hallein aus erreichbar. Sie k\u00f6nnen sich f\u00fcr zwei Wege entscheiden, die Spitze des Zinkenkogels zu erreichen. Entscheiden Sie sich f\u00fcr eine gem\u00fctliche Bergfahrt mit dem Doppelsessellift erreichen Sie die Bergstation in knapp 15 Minuten oder aber sie anderen zu Fu\u00df hinauf.<\/p>\n\n\n<div class=\"mag-gallery\"><div class=\"row\"><div class=\"col-6 col-sm-4\"><figure><a class=\"thumb-container\" href=\"https:\/\/www.salzburgerland.com\/de\/magazin\/wp-content\/uploads\/2018\/08\/Aussicht-vom-Stockergut-c-TVB-Maislinger2-1280x1024.jpg\">\t<picture><source media=\"(min-width: 576px)\" srcset=\"https:\/\/www.salzburgerland.com\/de\/magazin\/wp-content\/uploads\/2018\/08\/Aussicht-vom-Stockergut-c-TVB-Maislinger2-325x209.jpg 325w, https:\/\/www.salzburgerland.com\/de\/magazin\/wp-content\/uploads\/2018\/08\/Aussicht-vom-Stockergut-c-TVB-Maislinger2-249x160.jpg 249w\"><\/source><source media=\"(min-width: 0)\" srcset=\"https:\/\/www.salzburgerland.com\/de\/magazin\/wp-content\/uploads\/2018\/08\/Aussicht-vom-Stockergut-c-TVB-Maislinger2-249x160.jpg 249w, https:\/\/www.salzburgerland.com\/de\/magazin\/wp-content\/uploads\/2018\/08\/Aussicht-vom-Stockergut-c-TVB-Maislinger2-325x209.jpg 325w\"><\/source><img decoding=\"async\" alt=\"Eine malerische Aussicht auf gr&uuml;ne T&auml;ler und sanfte H&uuml;gel mit hohen Bergen im Hintergrund unter einem blauen Himmel.\" src=\"https:\/\/www.salzburgerland.com\/de\/magazin\/wp-content\/uploads\/2018\/08\/Aussicht-vom-Stockergut-c-TVB-Maislinger2.jpg\">\t<\/picture><\/a><\/figure><\/div><div class=\"col-6 col-sm-4\"><figure><a class=\"thumb-container\" href=\"https:\/\/www.salzburgerland.com\/de\/magazin\/wp-content\/uploads\/2018\/08\/Sommerrodelbahn_Salzburg-1280x1024.jpg\">\t<picture><source media=\"(min-width: 576px)\" srcset=\"https:\/\/www.salzburgerland.com\/de\/magazin\/wp-content\/uploads\/2018\/08\/Sommerrodelbahn_Salzburg-325x209.jpg 325w, https:\/\/www.salzburgerland.com\/de\/magazin\/wp-content\/uploads\/2018\/08\/Sommerrodelbahn_Salzburg-249x160.jpg 249w\"><\/source><source media=\"(min-width: 0)\" srcset=\"https:\/\/www.salzburgerland.com\/de\/magazin\/wp-content\/uploads\/2018\/08\/Sommerrodelbahn_Salzburg-249x160.jpg 249w, https:\/\/www.salzburgerland.com\/de\/magazin\/wp-content\/uploads\/2018\/08\/Sommerrodelbahn_Salzburg-325x209.jpg 325w\"><\/source><img decoding=\"async\" alt=\"Frau und Kind auf einer alpinen Rutsche mit einer malerischen Berg- und Tallandschaft im Hintergrund.\" src=\"https:\/\/www.salzburgerland.com\/de\/magazin\/wp-content\/uploads\/2018\/08\/Sommerrodelbahn_Salzburg.jpg\">\t<\/picture><\/a><\/figure><\/div><div class=\"col-6 col-sm-4\"><figure><a class=\"thumb-container\" href=\"https:\/\/www.salzburgerland.com\/de\/magazin\/wp-content\/uploads\/2018\/08\/ZInkenkogel_Sommerpanorama_Sommerrodelbahn-1280x1024.jpg\">\t<picture><source media=\"(min-width: 576px)\" srcset=\"https:\/\/www.salzburgerland.com\/de\/magazin\/wp-content\/uploads\/2018\/08\/ZInkenkogel_Sommerpanorama_Sommerrodelbahn-325x209.jpg 325w, https:\/\/www.salzburgerland.com\/de\/magazin\/wp-content\/uploads\/2018\/08\/ZInkenkogel_Sommerpanorama_Sommerrodelbahn-249x160.jpg 249w\"><\/source><source media=\"(min-width: 0)\" srcset=\"https:\/\/www.salzburgerland.com\/de\/magazin\/wp-content\/uploads\/2018\/08\/ZInkenkogel_Sommerpanorama_Sommerrodelbahn-249x160.jpg 249w, https:\/\/www.salzburgerland.com\/de\/magazin\/wp-content\/uploads\/2018\/08\/ZInkenkogel_Sommerpanorama_Sommerrodelbahn-325x209.jpg 325w\"><\/source><img decoding=\"async\" alt=\"Illustrierte Karte des Skigebiets Zinkenlifte mit eingezeichneten Pisten, Skiliften, W&auml;ldern und umliegenden Gebieten.\" src=\"https:\/\/www.salzburgerland.com\/de\/magazin\/wp-content\/uploads\/2018\/08\/ZInkenkogel_Sommerpanorama_Sommerrodelbahn.jpg\">\t<\/picture><\/a><\/figure><\/div><\/div><figcaption><\/figcaption><\/div>\n\n\n\n<h2 class=\"wp-block-heading\">Sommerrodelbahn in Abtenau<\/h2>\n\n\n\n<p>Auf der <a href=\"https:\/\/karkogel.abtenau-info.at\/sommer\/sommerrodelbahn\/\" target=\"_blank\" rel=\"noopener noreferrer\">Sommerrodelbahn in der Tennengauer Gemeinde Abtenau<\/a> geht es von Mai bis Oktober rasant talw\u00e4rts. Das Auto parkt man auf dem kostenlosen Parkplatz direkt an der Talstation der Karkogel-Bergbahn. Mit der komfortablen Kabinenbahn geht es binnen weniger Minuten zum Startpunkt des alpinen Rodelparcours: Hier warten windschnittige gelbe Sommerrodeln auf mutige Fahrer! Auf 1.133 m geht es durch Kurven, Schussstrecken und Tunnels insgesamt fast 2 Kilometer dem Tal entgegen.<\/p>\n\n\n<div class=\"mag-gallery\"><div class=\"row\"><div class=\"col-6 col-sm-4\"><figure><a class=\"thumb-container\" href=\"https:\/\/www.salzburgerland.com\/de\/magazin\/wp-content\/uploads\/2018\/08\/karkogel-sommer-cabtenauer-bergbahnen-34-1280x1024.jpg\">\t<picture><source media=\"(min-width: 576px)\" srcset=\"https:\/\/www.salzburgerland.com\/de\/magazin\/wp-content\/uploads\/2018\/08\/karkogel-sommer-cabtenauer-bergbahnen-34-325x209.jpg 325w, https:\/\/www.salzburgerland.com\/de\/magazin\/wp-content\/uploads\/2018\/08\/karkogel-sommer-cabtenauer-bergbahnen-34-249x160.jpg 249w\"><\/source><source media=\"(min-width: 0)\" srcset=\"https:\/\/www.salzburgerland.com\/de\/magazin\/wp-content\/uploads\/2018\/08\/karkogel-sommer-cabtenauer-bergbahnen-34-249x160.jpg 249w, https:\/\/www.salzburgerland.com\/de\/magazin\/wp-content\/uploads\/2018\/08\/karkogel-sommer-cabtenauer-bergbahnen-34-325x209.jpg 325w\"><\/source><img decoding=\"async\" alt=\"Eine Frau und ein Kind fahren auf einer gelben Alpenachterbahn in einer gr&uuml;nen Berglandschaft.\" src=\"https:\/\/www.salzburgerland.com\/de\/magazin\/wp-content\/uploads\/2018\/08\/karkogel-sommer-cabtenauer-bergbahnen-34.jpg\">\t<\/picture><\/a><\/figure><\/div><div class=\"col-6 col-sm-4\"><figure><a class=\"thumb-container\" href=\"https:\/\/www.salzburgerland.com\/de\/magazin\/wp-content\/uploads\/2018\/08\/sommerrodel_abtenau-1280x1024.jpg\">\t<picture><source media=\"(min-width: 576px)\" srcset=\"https:\/\/www.salzburgerland.com\/de\/magazin\/wp-content\/uploads\/2018\/08\/sommerrodel_abtenau-325x209.jpg 325w, https:\/\/www.salzburgerland.com\/de\/magazin\/wp-content\/uploads\/2018\/08\/sommerrodel_abtenau-249x160.jpg 249w\"><\/source><source media=\"(min-width: 0)\" srcset=\"https:\/\/www.salzburgerland.com\/de\/magazin\/wp-content\/uploads\/2018\/08\/sommerrodel_abtenau-249x160.jpg 249w, https:\/\/www.salzburgerland.com\/de\/magazin\/wp-content\/uploads\/2018\/08\/sommerrodel_abtenau-325x209.jpg 325w\"><\/source><img decoding=\"async\" alt=\"Eine Frau und zwei Kinder fahren an einem sonnigen Tag mit einem gelben Alpine Coaster an einer Bergstation vorbei.\" src=\"https:\/\/www.salzburgerland.com\/de\/magazin\/wp-content\/uploads\/2018\/08\/sommerrodel_abtenau.jpg\">\t<\/picture><\/a><\/figure><\/div><div class=\"col-6 col-sm-4\"><figure><a class=\"thumb-container\" href=\"https:\/\/www.salzburgerland.com\/de\/magazin\/wp-content\/uploads\/2018\/08\/sommerrodeln_panorama-1280x1024.jpg\">\t<picture><source media=\"(min-width: 576px)\" srcset=\"https:\/\/www.salzburgerland.com\/de\/magazin\/wp-content\/uploads\/2018\/08\/sommerrodeln_panorama-325x209.jpg 325w, https:\/\/www.salzburgerland.com\/de\/magazin\/wp-content\/uploads\/2018\/08\/sommerrodeln_panorama-249x160.jpg 249w\"><\/source><source media=\"(min-width: 0)\" srcset=\"https:\/\/www.salzburgerland.com\/de\/magazin\/wp-content\/uploads\/2018\/08\/sommerrodeln_panorama-249x160.jpg 249w, https:\/\/www.salzburgerland.com\/de\/magazin\/wp-content\/uploads\/2018\/08\/sommerrodeln_panorama-325x209.jpg 325w\"><\/source><img decoding=\"async\" alt=\"Eine Frau f&auml;hrt auf einer Alpenachterbahn mit einem Bergdorf, einer Seilbahn und gr&uuml;nen H&uuml;geln im Hintergrund.\" src=\"https:\/\/www.salzburgerland.com\/de\/magazin\/wp-content\/uploads\/2018\/08\/sommerrodeln_panorama.jpg\">\t<\/picture><\/a><\/figure><\/div><\/div><figcaption><\/figcaption><\/div>\n\n\n\n<p>\u00a9Fotos: Thomas Lahnsteiner\/hoechkoenig.at\/karkogel.abtenau-info.at\/duerrnberg.at<br>\u00a9Video: Thomas Lahnsteiner<\/p>\n","protected":false},"excerpt":{"rendered":"<p>Sommerrodelbahn in Strobl Die Sommerrodelbahn in Strobl zieht w\u00f6chentlich hunderte Besucher an. Wenig verwunderlich, wenn man bedenkt, wie viel Spa\u00df so eine Sommerrodelbahnfahrt machen kann. Noch dazu bieten sich in der Wolfgangseeregion spektakul\u00e4re Aussichten auf die Umgebung, n\u00e4mlich nicht nur beim Rodeln selbst, sondern auch beim Raufziehen der Rodel samt Rodler. Beim Herabrodeln hat der [&hellip;]<\/p>\n","protected":false},"author":542,"featured_media":20483,"comment_status":"open","ping_status":"open","sticky":false,"template":"","format":"standard","meta":{"_acf_changed":false,"wl_entities_gutenberg":"","_wl_entity_redirect_enabled":"","footnotes":""},"categories":[8],"tags":[231,6709],"wl_entity_type":[306],"monatsauswahl":[87,88,89,90,91],"class_list":["post-124343","post","type-post","status-publish","format-standard","has-post-thumbnail","hentry","category-outdoor-sport","tag-family","tag-salzburgerland-card","wl_entity_type-article","monatsauswahl-monat_6","monatsauswahl-monat_7","monatsauswahl-monat_8","monatsauswahl-monat_9","monatsauswahl-monat_10"],"acf":[],"yoast_head":"<!-- This site is optimized with the Yoast SEO Premium plugin v27.4 (Yoast SEO v27.4) - https:\/\/yoast.com\/product\/yoast-seo-premium-wordpress\/ -->\n<title>Sommerrodeln - SalzburgerLand Magazin<\/title>\n<meta name=\"description\" content=\"Der Winter ist l\u00e4ngst vorbei, ebenso der Schnee, der nur noch in hohen Bergregionen vorzufinden ist.&nbsp;Wer aber das Rodeln vermisst, muss nicht unbedingt 3000 H\u00f6henmeter oder mehr erklimmen, es gibt auch eine andere, entspanntere Art Wintergef\u00fchle wieder hochleben zu lassen: Sommerrodeln.\" \/>\n<meta name=\"robots\" content=\"index, follow, max-snippet:-1, max-image-preview:large, max-video-preview:-1\" \/>\n<link rel=\"canonical\" href=\"https:\/\/www.salzburgerland.com\/de\/magazin\/sommerrodeln-mit-schwung-durch-den-sommer\/\" \/>\n<meta property=\"og:locale\" content=\"de_DE\" \/>\n<meta property=\"og:type\" content=\"article\" \/>\n<meta property=\"og:title\" content=\"Sommerrodeln\" \/>\n<meta property=\"og:description\" content=\"Sommerrodelbahn in Strobl Die Sommerrodelbahn in Strobl zieht w\u00f6chentlich hunderte Besucher an. Wenig verwunderlich, wenn man bedenkt, wie viel Spa\u00df so eine Sommerrodelbahnfahrt machen kann. Noch dazu bieten sich in der Wolfgangseeregion spektakul\u00e4re Aussichten auf die Umgebung, n\u00e4mlich nicht nur beim Rodeln selbst, sondern auch beim Raufziehen der Rodel samt Rodler. Beim Herabrodeln hat der [&hellip;]\" \/>\n<meta property=\"og:url\" content=\"https:\/\/www.salzburgerland.com\/de\/magazin\/sommerrodeln-mit-schwung-durch-den-sommer\/\" \/>\n<meta property=\"og:site_name\" content=\"SalzburgerLand Magazin\" \/>\n<meta property=\"article:publisher\" content=\"https:\/\/www.facebook.com\/salzburgerland\/\" \/>\n<meta property=\"article:author\" content=\"https:\/\/www.facebook.com\/oculus.filme\/\" \/>\n<meta property=\"article:published_time\" content=\"2018-08-21T06:00:56+00:00\" \/>\n<meta property=\"article:modified_time\" content=\"2021-03-23T05:44:32+00:00\" \/>\n<meta property=\"og:image\" content=\"https:\/\/www.salzburgerland.com\/de\/magazin\/wp-content\/uploads\/2012\/07\/Sommerrodelbahn.jpg\" \/>\n\t<meta property=\"og:image:width\" content=\"1600\" \/>\n\t<meta property=\"og:image:height\" content=\"1071\" \/>\n\t<meta property=\"og:image:type\" content=\"image\/jpeg\" \/>\n<meta name=\"author\" content=\"Thomas Lahnsteiner\" \/>\n<meta name=\"twitter:card\" content=\"summary_large_image\" \/>\n<meta name=\"twitter:creator\" content=\"@Salzburgerland\" \/>\n<meta name=\"twitter:site\" content=\"@Salzburgerland\" \/>\n<meta name=\"twitter:label1\" content=\"Verfasst von\" \/>\n\t<meta name=\"twitter:data1\" content=\"Thomas Lahnsteiner\" \/>\n\t<meta name=\"twitter:label2\" content=\"Gesch\u00e4tzte Lesezeit\" \/>\n\t<meta name=\"twitter:data2\" content=\"7\u00a0Minuten\" \/>\n<script type=\"application\/ld+json\" class=\"yoast-schema-graph\">{\"@context\":\"https:\\\/\\\/schema.org\",\"@graph\":[{\"@type\":\"Article\",\"@id\":\"https:\\\/\\\/www.salzburgerland.com\\\/de\\\/magazin\\\/sommerrodeln-mit-schwung-durch-den-sommer\\\/#article\",\"isPartOf\":{\"@id\":\"https:\\\/\\\/www.salzburgerland.com\\\/de\\\/magazin\\\/sommerrodeln-mit-schwung-durch-den-sommer\\\/\"},\"author\":{\"name\":\"Thomas Lahnsteiner\",\"@id\":\"https:\\\/\\\/www.salzburgerland.com\\\/de\\\/magazin\\\/#\\\/schema\\\/person\\\/e35af5192c5cd0f60c9a342b7a0175f2\"},\"headline\":\"Sommerrodeln\",\"datePublished\":\"2018-08-21T06:00:56+00:00\",\"dateModified\":\"2021-03-23T05:44:32+00:00\",\"mainEntityOfPage\":{\"@id\":\"https:\\\/\\\/www.salzburgerland.com\\\/de\\\/magazin\\\/sommerrodeln-mit-schwung-durch-den-sommer\\\/\"},\"wordCount\":609,\"commentCount\":0,\"publisher\":{\"@id\":\"https:\\\/\\\/www.salzburgerland.com\\\/de\\\/magazin\\\/#organization\"},\"image\":{\"@id\":\"https:\\\/\\\/www.salzburgerland.com\\\/de\\\/magazin\\\/sommerrodeln-mit-schwung-durch-den-sommer\\\/#primaryimage\"},\"thumbnailUrl\":\"https:\\\/\\\/www.salzburgerland.com\\\/de\\\/magazin\\\/wp-content\\\/uploads\\\/2012\\\/07\\\/Sommerrodelbahn.jpg\",\"keywords\":[\"Family-Time im SalzburgerLand\",\"SalzburgerLand Card\"],\"articleSection\":[\"Outdoor &amp; Sport\"],\"inLanguage\":\"de\",\"potentialAction\":[{\"@type\":\"CommentAction\",\"name\":\"Comment\",\"target\":[\"https:\\\/\\\/www.salzburgerland.com\\\/de\\\/magazin\\\/sommerrodeln-mit-schwung-durch-den-sommer\\\/#respond\"]}]},{\"@type\":\"WebPage\",\"@id\":\"https:\\\/\\\/www.salzburgerland.com\\\/de\\\/magazin\\\/sommerrodeln-mit-schwung-durch-den-sommer\\\/\",\"url\":\"https:\\\/\\\/www.salzburgerland.com\\\/de\\\/magazin\\\/sommerrodeln-mit-schwung-durch-den-sommer\\\/\",\"name\":\"Sommerrodeln - SalzburgerLand Magazin\",\"isPartOf\":{\"@id\":\"https:\\\/\\\/www.salzburgerland.com\\\/de\\\/magazin\\\/#website\"},\"primaryImageOfPage\":{\"@id\":\"https:\\\/\\\/www.salzburgerland.com\\\/de\\\/magazin\\\/sommerrodeln-mit-schwung-durch-den-sommer\\\/#primaryimage\"},\"image\":{\"@id\":\"https:\\\/\\\/www.salzburgerland.com\\\/de\\\/magazin\\\/sommerrodeln-mit-schwung-durch-den-sommer\\\/#primaryimage\"},\"thumbnailUrl\":\"https:\\\/\\\/www.salzburgerland.com\\\/de\\\/magazin\\\/wp-content\\\/uploads\\\/2012\\\/07\\\/Sommerrodelbahn.jpg\",\"datePublished\":\"2018-08-21T06:00:56+00:00\",\"dateModified\":\"2021-03-23T05:44:32+00:00\",\"breadcrumb\":{\"@id\":\"https:\\\/\\\/www.salzburgerland.com\\\/de\\\/magazin\\\/sommerrodeln-mit-schwung-durch-den-sommer\\\/#breadcrumb\"},\"inLanguage\":\"de\",\"potentialAction\":[{\"@type\":\"ReadAction\",\"target\":[\"https:\\\/\\\/www.salzburgerland.com\\\/de\\\/magazin\\\/sommerrodeln-mit-schwung-durch-den-sommer\\\/\"]}]},{\"@type\":\"ImageObject\",\"inLanguage\":\"de\",\"@id\":\"https:\\\/\\\/www.salzburgerland.com\\\/de\\\/magazin\\\/sommerrodeln-mit-schwung-durch-den-sommer\\\/#primaryimage\",\"url\":\"https:\\\/\\\/www.salzburgerland.com\\\/de\\\/magazin\\\/wp-content\\\/uploads\\\/2012\\\/07\\\/Sommerrodelbahn.jpg\",\"contentUrl\":\"https:\\\/\\\/www.salzburgerland.com\\\/de\\\/magazin\\\/wp-content\\\/uploads\\\/2012\\\/07\\\/Sommerrodelbahn.jpg\",\"width\":1600,\"height\":1071,\"caption\":\"Bergab mit der Sommerrodelbahn\"},{\"@type\":\"BreadcrumbList\",\"@id\":\"https:\\\/\\\/www.salzburgerland.com\\\/de\\\/magazin\\\/sommerrodeln-mit-schwung-durch-den-sommer\\\/#breadcrumb\",\"itemListElement\":[{\"@type\":\"ListItem\",\"position\":1,\"name\":\"Startseite\",\"item\":\"https:\\\/\\\/www.salzburgerland.com\\\/de\\\/magazin\\\/\"},{\"@type\":\"ListItem\",\"position\":2,\"name\":\"Outdoor &amp; Sport\",\"item\":\"https:\\\/\\\/www.salzburgerland.com\\\/de\\\/magazin\\\/thema\\\/outdoor-sport\\\/\"},{\"@type\":\"ListItem\",\"position\":3,\"name\":\"Sommerrodeln\"}]},{\"@type\":\"WebSite\",\"@id\":\"https:\\\/\\\/www.salzburgerland.com\\\/de\\\/magazin\\\/#website\",\"url\":\"https:\\\/\\\/www.salzburgerland.com\\\/de\\\/magazin\\\/\",\"name\":\"SalzburgerLand Magazin\",\"description\":\"Geschichten und Interessantes aus dem SalzburgerLand\",\"publisher\":{\"@id\":\"https:\\\/\\\/www.salzburgerland.com\\\/de\\\/magazin\\\/#organization\"},\"potentialAction\":[{\"@type\":\"SearchAction\",\"target\":{\"@type\":\"EntryPoint\",\"urlTemplate\":\"https:\\\/\\\/www.salzburgerland.com\\\/de\\\/magazin\\\/?s={search_term_string}\"},\"query-input\":{\"@type\":\"PropertyValueSpecification\",\"valueRequired\":true,\"valueName\":\"search_term_string\"}}],\"inLanguage\":\"de\"},{\"@type\":\"Organization\",\"@id\":\"https:\\\/\\\/www.salzburgerland.com\\\/de\\\/magazin\\\/#organization\",\"name\":\"SalzburgerLand Tourismus\",\"url\":\"https:\\\/\\\/www.salzburgerland.com\\\/de\\\/magazin\\\/\",\"logo\":{\"@type\":\"ImageObject\",\"inLanguage\":\"de\",\"@id\":\"https:\\\/\\\/www.salzburgerland.com\\\/de\\\/magazin\\\/#\\\/schema\\\/logo\\\/image\\\/\",\"url\":\"https:\\\/\\\/www.salzburgerland.com\\\/de\\\/magazin\\\/wp-content\\\/uploads\\\/2019\\\/06\\\/salzburgerland-logo1.jpg\",\"contentUrl\":\"https:\\\/\\\/www.salzburgerland.com\\\/de\\\/magazin\\\/wp-content\\\/uploads\\\/2019\\\/06\\\/salzburgerland-logo1.jpg\",\"width\":2011,\"height\":866,\"caption\":\"SalzburgerLand Tourismus\"},\"image\":{\"@id\":\"https:\\\/\\\/www.salzburgerland.com\\\/de\\\/magazin\\\/#\\\/schema\\\/logo\\\/image\\\/\"},\"sameAs\":[\"https:\\\/\\\/www.facebook.com\\\/salzburgerland\\\/\",\"https:\\\/\\\/x.com\\\/Salzburgerland\",\"https:\\\/\\\/www.instagram.com\\\/salzburgerland\\\/\",\"https:\\\/\\\/at.linkedin.com\\\/company\\\/salzburgerland-tourismus-gmbh\",\"https:\\\/\\\/www.pinterest.at\\\/salzburgerland\\\/\",\"https:\\\/\\\/www.youtube.com\\\/user\\\/salzburgerland\",\"https:\\\/\\\/de.wikipedia.org\\\/wiki\\\/SalzburgerLand_Tourismus_GmbH\"]},{\"@type\":\"Person\",\"@id\":\"https:\\\/\\\/www.salzburgerland.com\\\/de\\\/magazin\\\/#\\\/schema\\\/person\\\/e35af5192c5cd0f60c9a342b7a0175f2\",\"name\":\"Thomas Lahnsteiner\",\"description\":\"Neben der T\u00e4tigkeit als Autor beim Salzburger Land Magazin liegt meine Leidenschaft vor allem im Bereich der Videoproduktion. Eine perfekte Symbiose wie ich meine. Denn wie hei\u00dft es so sch\u00f6n: Ein Bild sagt mehr als tausend Worte. Umso aussagekr\u00e4ftiger sind also Bewegtbilder. Diese Bilder verschmelzt mit einem wohl\u00fcberlegten, kreativen Text sorgen f\u00fcr eine perfekte Kombination und sollen dem Leser ein bestm\u00f6gliches audiovisuelles Leseerlebnis erm\u00f6glichen. Neben dem Bachelorstudium der Kommunikationswissenschaften ist diese T\u00e4tigkeit gleich doppelt von Vorteil, da die im Studium erlernte Theorie durch die Mitarbeit am besagten Medium sofort in die Praxis umgesetzt werden kann. Doch die gr\u00f6\u00dfte Motivation ist und bleibt das Offensichtliche: \u00dcber das wundersch\u00f6ne Salzburger Land zu schreiben, samt all seinen landschaftlichen, kulinarischen und kulturellen Gegebenheiten. &nbsp; &nbsp; Dein pers\u00f6nlicher Logenplatz in Salzburg? Im Prinzip das ganze Salzburger Land, da jede Region ihre eigenen Reize und Vorz\u00fcge hat. Wohnbedingt und durch die traumhafte Kombination von Bergen, Wasser und wundersch\u00f6nen Panoramastra\u00dfen (Motorrad) steht bei mir die Wolfgangseeregion an erster Stelle. &nbsp; Fr\u00fchling, Sommer, Herbst oder Winter? Sommer. Schon aufgrund der Tatsache, dass sich eine meiner Lieblingsaktivit\u00e4ten, das Motorradfahren, in dieser Jahreszeit am besten praktizieren l\u00e4sst. &nbsp; Bergschuhe oder Fu\u00dfballschuhe? Beides. Im Fu\u00dfballverein das Stollenprofil und bei Wanderungen die solide Sohle der Bergschuhe. &nbsp; Ausstellung oder Bergpanorma? Das Bergpanorama bei uns ist die sch\u00f6nste Ausstellung. &nbsp; Lederhose oder Smoking? Kommt ganz auf den Anlass an. Jedoch l\u00e4sst sich so ziemlich jeder Anlass sehr gut mit Tracht vereinen. &nbsp; Bergtour oder Seentour? Am besten und sch\u00f6nsten kombiniert. &nbsp;\",\"sameAs\":[\"https:\\\/\\\/allesumssalzkammergut.wordpress.com\\\/\",\"https:\\\/\\\/www.facebook.com\\\/oculus.filme\\\/\"],\"url\":\"https:\\\/\\\/www.salzburgerland.com\\\/de\\\/magazin\\\/author\\\/thomas-lahnsteiner\\\/\"}]}<\/script>\n<meta property=\"og:video\" content=\"https:\/\/www.youtube.com\/embed\/jX6mmlMAAhg\" \/>\n<meta property=\"og:video:type\" content=\"text\/html\" \/>\n<meta property=\"og:video:duration\" content=\"178\" \/>\n<meta property=\"og:video:width\" content=\"480\" \/>\n<meta property=\"og:video:height\" content=\"270\" \/>\n<meta property=\"ya:ovs:adult\" content=\"false\" \/>\n<meta property=\"ya:ovs:upload_date\" content=\"2018-08-21T06:00:56+00:00\" \/>\n<meta property=\"ya:ovs:allow_embed\" content=\"true\" \/>\n<!-- \/ Yoast SEO Premium plugin. -->","yoast_head_json":{"title":"Sommerrodeln - SalzburgerLand Magazin","description":"Der Winter ist l\u00e4ngst vorbei, ebenso der Schnee, der nur noch in hohen Bergregionen vorzufinden ist.&nbsp;Wer aber das Rodeln vermisst, muss nicht unbedingt 3000 H\u00f6henmeter oder mehr erklimmen, es gibt auch eine andere, entspanntere Art Wintergef\u00fchle wieder hochleben zu lassen: Sommerrodeln.","robots":{"index":"index","follow":"follow","max-snippet":"max-snippet:-1","max-image-preview":"max-image-preview:large","max-video-preview":"max-video-preview:-1"},"canonical":"https:\/\/www.salzburgerland.com\/de\/magazin\/sommerrodeln-mit-schwung-durch-den-sommer\/","og_locale":"de_DE","og_type":"article","og_title":"Sommerrodeln","og_description":"Sommerrodelbahn in Strobl Die Sommerrodelbahn in Strobl zieht w\u00f6chentlich hunderte Besucher an. Wenig verwunderlich, wenn man bedenkt, wie viel Spa\u00df so eine Sommerrodelbahnfahrt machen kann. Noch dazu bieten sich in der Wolfgangseeregion spektakul\u00e4re Aussichten auf die Umgebung, n\u00e4mlich nicht nur beim Rodeln selbst, sondern auch beim Raufziehen der Rodel samt Rodler. Beim Herabrodeln hat der [&hellip;]","og_url":"https:\/\/www.salzburgerland.com\/de\/magazin\/sommerrodeln-mit-schwung-durch-den-sommer\/","og_site_name":"SalzburgerLand Magazin","article_publisher":"https:\/\/www.facebook.com\/salzburgerland\/","article_author":"https:\/\/www.facebook.com\/oculus.filme\/","article_published_time":"2018-08-21T06:00:56+00:00","article_modified_time":"2021-03-23T05:44:32+00:00","og_image":[{"width":1600,"height":1071,"url":"https:\/\/www.salzburgerland.com\/de\/magazin\/wp-content\/uploads\/2012\/07\/Sommerrodelbahn.jpg","type":"image\/jpeg"}],"author":"Thomas Lahnsteiner","twitter_card":"summary_large_image","twitter_creator":"@Salzburgerland","twitter_site":"@Salzburgerland","twitter_misc":{"Verfasst von":"Thomas Lahnsteiner","Gesch\u00e4tzte Lesezeit":"7\u00a0Minuten"},"schema":{"@context":"https:\/\/schema.org","@graph":[{"@type":"Article","@id":"https:\/\/www.salzburgerland.com\/de\/magazin\/sommerrodeln-mit-schwung-durch-den-sommer\/#article","isPartOf":{"@id":"https:\/\/www.salzburgerland.com\/de\/magazin\/sommerrodeln-mit-schwung-durch-den-sommer\/"},"author":{"name":"Thomas Lahnsteiner","@id":"https:\/\/www.salzburgerland.com\/de\/magazin\/#\/schema\/person\/e35af5192c5cd0f60c9a342b7a0175f2"},"headline":"Sommerrodeln","datePublished":"2018-08-21T06:00:56+00:00","dateModified":"2021-03-23T05:44:32+00:00","mainEntityOfPage":{"@id":"https:\/\/www.salzburgerland.com\/de\/magazin\/sommerrodeln-mit-schwung-durch-den-sommer\/"},"wordCount":609,"commentCount":0,"publisher":{"@id":"https:\/\/www.salzburgerland.com\/de\/magazin\/#organization"},"image":{"@id":"https:\/\/www.salzburgerland.com\/de\/magazin\/sommerrodeln-mit-schwung-durch-den-sommer\/#primaryimage"},"thumbnailUrl":"https:\/\/www.salzburgerland.com\/de\/magazin\/wp-content\/uploads\/2012\/07\/Sommerrodelbahn.jpg","keywords":["Family-Time im SalzburgerLand","SalzburgerLand Card"],"articleSection":["Outdoor &amp; Sport"],"inLanguage":"de","potentialAction":[{"@type":"CommentAction","name":"Comment","target":["https:\/\/www.salzburgerland.com\/de\/magazin\/sommerrodeln-mit-schwung-durch-den-sommer\/#respond"]}]},{"@type":"WebPage","@id":"https:\/\/www.salzburgerland.com\/de\/magazin\/sommerrodeln-mit-schwung-durch-den-sommer\/","url":"https:\/\/www.salzburgerland.com\/de\/magazin\/sommerrodeln-mit-schwung-durch-den-sommer\/","name":"Sommerrodeln - SalzburgerLand Magazin","isPartOf":{"@id":"https:\/\/www.salzburgerland.com\/de\/magazin\/#website"},"primaryImageOfPage":{"@id":"https:\/\/www.salzburgerland.com\/de\/magazin\/sommerrodeln-mit-schwung-durch-den-sommer\/#primaryimage"},"image":{"@id":"https:\/\/www.salzburgerland.com\/de\/magazin\/sommerrodeln-mit-schwung-durch-den-sommer\/#primaryimage"},"thumbnailUrl":"https:\/\/www.salzburgerland.com\/de\/magazin\/wp-content\/uploads\/2012\/07\/Sommerrodelbahn.jpg","datePublished":"2018-08-21T06:00:56+00:00","dateModified":"2021-03-23T05:44:32+00:00","breadcrumb":{"@id":"https:\/\/www.salzburgerland.com\/de\/magazin\/sommerrodeln-mit-schwung-durch-den-sommer\/#breadcrumb"},"inLanguage":"de","potentialAction":[{"@type":"ReadAction","target":["https:\/\/www.salzburgerland.com\/de\/magazin\/sommerrodeln-mit-schwung-durch-den-sommer\/"]}]},{"@type":"ImageObject","inLanguage":"de","@id":"https:\/\/www.salzburgerland.com\/de\/magazin\/sommerrodeln-mit-schwung-durch-den-sommer\/#primaryimage","url":"https:\/\/www.salzburgerland.com\/de\/magazin\/wp-content\/uploads\/2012\/07\/Sommerrodelbahn.jpg","contentUrl":"https:\/\/www.salzburgerland.com\/de\/magazin\/wp-content\/uploads\/2012\/07\/Sommerrodelbahn.jpg","width":1600,"height":1071,"caption":"Bergab mit der Sommerrodelbahn"},{"@type":"BreadcrumbList","@id":"https:\/\/www.salzburgerland.com\/de\/magazin\/sommerrodeln-mit-schwung-durch-den-sommer\/#breadcrumb","itemListElement":[{"@type":"ListItem","position":1,"name":"Startseite","item":"https:\/\/www.salzburgerland.com\/de\/magazin\/"},{"@type":"ListItem","position":2,"name":"Outdoor &amp; Sport","item":"https:\/\/www.salzburgerland.com\/de\/magazin\/thema\/outdoor-sport\/"},{"@type":"ListItem","position":3,"name":"Sommerrodeln"}]},{"@type":"WebSite","@id":"https:\/\/www.salzburgerland.com\/de\/magazin\/#website","url":"https:\/\/www.salzburgerland.com\/de\/magazin\/","name":"SalzburgerLand Magazin","description":"Geschichten und Interessantes aus dem SalzburgerLand","publisher":{"@id":"https:\/\/www.salzburgerland.com\/de\/magazin\/#organization"},"potentialAction":[{"@type":"SearchAction","target":{"@type":"EntryPoint","urlTemplate":"https:\/\/www.salzburgerland.com\/de\/magazin\/?s={search_term_string}"},"query-input":{"@type":"PropertyValueSpecification","valueRequired":true,"valueName":"search_term_string"}}],"inLanguage":"de"},{"@type":"Organization","@id":"https:\/\/www.salzburgerland.com\/de\/magazin\/#organization","name":"SalzburgerLand Tourismus","url":"https:\/\/www.salzburgerland.com\/de\/magazin\/","logo":{"@type":"ImageObject","inLanguage":"de","@id":"https:\/\/www.salzburgerland.com\/de\/magazin\/#\/schema\/logo\/image\/","url":"https:\/\/www.salzburgerland.com\/de\/magazin\/wp-content\/uploads\/2019\/06\/salzburgerland-logo1.jpg","contentUrl":"https:\/\/www.salzburgerland.com\/de\/magazin\/wp-content\/uploads\/2019\/06\/salzburgerland-logo1.jpg","width":2011,"height":866,"caption":"SalzburgerLand Tourismus"},"image":{"@id":"https:\/\/www.salzburgerland.com\/de\/magazin\/#\/schema\/logo\/image\/"},"sameAs":["https:\/\/www.facebook.com\/salzburgerland\/","https:\/\/x.com\/Salzburgerland","https:\/\/www.instagram.com\/salzburgerland\/","https:\/\/at.linkedin.com\/company\/salzburgerland-tourismus-gmbh","https:\/\/www.pinterest.at\/salzburgerland\/","https:\/\/www.youtube.com\/user\/salzburgerland","https:\/\/de.wikipedia.org\/wiki\/SalzburgerLand_Tourismus_GmbH"]},{"@type":"Person","@id":"https:\/\/www.salzburgerland.com\/de\/magazin\/#\/schema\/person\/e35af5192c5cd0f60c9a342b7a0175f2","name":"Thomas Lahnsteiner","description":"Neben der T\u00e4tigkeit als Autor beim Salzburger Land Magazin liegt meine Leidenschaft vor allem im Bereich der Videoproduktion. Eine perfekte Symbiose wie ich meine. Denn wie hei\u00dft es so sch\u00f6n: Ein Bild sagt mehr als tausend Worte. Umso aussagekr\u00e4ftiger sind also Bewegtbilder. Diese Bilder verschmelzt mit einem wohl\u00fcberlegten, kreativen Text sorgen f\u00fcr eine perfekte Kombination und sollen dem Leser ein bestm\u00f6gliches audiovisuelles Leseerlebnis erm\u00f6glichen. Neben dem Bachelorstudium der Kommunikationswissenschaften ist diese T\u00e4tigkeit gleich doppelt von Vorteil, da die im Studium erlernte Theorie durch die Mitarbeit am besagten Medium sofort in die Praxis umgesetzt werden kann. Doch die gr\u00f6\u00dfte Motivation ist und bleibt das Offensichtliche: \u00dcber das wundersch\u00f6ne Salzburger Land zu schreiben, samt all seinen landschaftlichen, kulinarischen und kulturellen Gegebenheiten. &nbsp; &nbsp; Dein pers\u00f6nlicher Logenplatz in Salzburg? Im Prinzip das ganze Salzburger Land, da jede Region ihre eigenen Reize und Vorz\u00fcge hat. Wohnbedingt und durch die traumhafte Kombination von Bergen, Wasser und wundersch\u00f6nen Panoramastra\u00dfen (Motorrad) steht bei mir die Wolfgangseeregion an erster Stelle. &nbsp; Fr\u00fchling, Sommer, Herbst oder Winter? Sommer. Schon aufgrund der Tatsache, dass sich eine meiner Lieblingsaktivit\u00e4ten, das Motorradfahren, in dieser Jahreszeit am besten praktizieren l\u00e4sst. &nbsp; Bergschuhe oder Fu\u00dfballschuhe? Beides. Im Fu\u00dfballverein das Stollenprofil und bei Wanderungen die solide Sohle der Bergschuhe. &nbsp; Ausstellung oder Bergpanorma? Das Bergpanorama bei uns ist die sch\u00f6nste Ausstellung. &nbsp; Lederhose oder Smoking? Kommt ganz auf den Anlass an. Jedoch l\u00e4sst sich so ziemlich jeder Anlass sehr gut mit Tracht vereinen. &nbsp; Bergtour oder Seentour? Am besten und sch\u00f6nsten kombiniert. &nbsp;","sameAs":["https:\/\/allesumssalzkammergut.wordpress.com\/","https:\/\/www.facebook.com\/oculus.filme\/"],"url":"https:\/\/www.salzburgerland.com\/de\/magazin\/author\/thomas-lahnsteiner\/"}]},"og_video":"https:\/\/www.youtube.com\/embed\/jX6mmlMAAhg","og_video_type":"text\/html","og_video_duration":"178","og_video_width":"480","og_video_height":"270","ya_ovs_adult":"false","ya_ovs_upload_date":"2018-08-21T06:00:56+00:00","ya_ovs_allow_embed":"true"},"_wl_alt_label":[],"wl:entity_url":"http:\/\/open.salzburgerland.com\/magazin\/post\/sommerrodeln_-_mit_schwung_durch_den_sommer","_links":{"self":[{"href":"https:\/\/www.salzburgerland.com\/de\/magazin\/wp-json\/wp\/v2\/posts\/124343","targetHints":{"allow":["GET"]}}],"collection":[{"href":"https:\/\/www.salzburgerland.com\/de\/magazin\/wp-json\/wp\/v2\/posts"}],"about":[{"href":"https:\/\/www.salzburgerland.com\/de\/magazin\/wp-json\/wp\/v2\/types\/post"}],"author":[{"embeddable":true,"href":"https:\/\/www.salzburgerland.com\/de\/magazin\/wp-json\/wp\/v2\/users\/542"}],"replies":[{"embeddable":true,"href":"https:\/\/www.salzburgerland.com\/de\/magazin\/wp-json\/wp\/v2\/comments?post=124343"}],"version-history":[{"count":2,"href":"https:\/\/www.salzburgerland.com\/de\/magazin\/wp-json\/wp\/v2\/posts\/124343\/revisions"}],"predecessor-version":[{"id":151321,"href":"https:\/\/www.salzburgerland.com\/de\/magazin\/wp-json\/wp\/v2\/posts\/124343\/revisions\/151321"}],"wp:featuredmedia":[{"embeddable":true,"href":"https:\/\/www.salzburgerland.com\/de\/magazin\/wp-json\/wp\/v2\/media\/20483"}],"wp:attachment":[{"href":"https:\/\/www.salzburgerland.com\/de\/magazin\/wp-json\/wp\/v2\/media?parent=124343"}],"wp:term":[{"taxonomy":"category","embeddable":true,"href":"https:\/\/www.salzburgerland.com\/de\/magazin\/wp-json\/wp\/v2\/categories?post=124343"},{"taxonomy":"post_tag","embeddable":true,"href":"https:\/\/www.salzburgerland.com\/de\/magazin\/wp-json\/wp\/v2\/tags?post=124343"},{"taxonomy":"wl_entity_type","embeddable":true,"href":"https:\/\/www.salzburgerland.com\/de\/magazin\/wp-json\/wp\/v2\/wl_entity_type?post=124343"},{"taxonomy":"monatsauswahl","embeddable":true,"href":"https:\/\/www.salzburgerland.com\/de\/magazin\/wp-json\/wp\/v2\/monatsauswahl?post=124343"}],"curies":[{"name":"wp","href":"https:\/\/api.w.org\/{rel}","templated":true}]}}