{"id":124244,"date":"2018-07-23T08:00:55","date_gmt":"2018-07-23T06:00:55","guid":{"rendered":"https:\/\/www.salzburgerland.com\/de\/magazin\/?p=124244"},"modified":"2020-04-15T08:35:48","modified_gmt":"2020-04-15T06:35:48","slug":"die-fuenf-schoensten-panoramaplaetze-gasteins","status":"publish","type":"post","link":"https:\/\/www.salzburgerland.com\/de\/magazin\/die-fuenf-schoensten-panoramaplaetze-gasteins\/","title":{"rendered":"Die f\u00fcnf sch\u00f6nsten Panoramapl\u00e4tze Gasteins"},"content":{"rendered":"\n<p class=\"wp-block-slt-intro\">Ein sch\u00f6nes Panorama ist so viel mehr als nur ein imposanter Blick. Es inspiriert, fesselt, l\u00e4sst die Zeit still stehen und l\u00e4dt die inneren Akkus wieder auf. Vor allem in der spektakul\u00e4ren\u00a0Bergwelt unseres SalzburgerLandes, werden so Erinnerungen geschaffen, die uns ein Leben lang nicht mehr loslassen. Die immer wieder\u00a0Sehnsucht erzeugen. So wie an diesen f\u00fcnf Orten, die ohne Zweifel zu den sch\u00f6nsten Panoramapl\u00e4tzen des\u00a0Gasteinertals z\u00e4hlen.\u00a0<\/p>\n\n\n\n<h2 class=\"wp-block-heading\">Nassfeld<\/h2>\n\n\n\n<p>Dort, wo die Hohen Tauern vor uns in die H\u00f6he steigen und sich der Talschluss des langen Gasteinertals befindet, liegt das Nassfeld. Ein Paradies f\u00fcr all unsere Sinne. Unz\u00e4hlige Wasserf\u00e4lle dominieren das Schauspiel, in den sich durch die gr\u00fcnen Talwiesen schl\u00e4ngelnden B\u00e4chen pl\u00e4tschert das Wasser ruhig vor sich hin und gemeinsam mit dem Zwitschern und Piepsen der V\u00f6gel vervollst\u00e4ndigt es so die vollendete Symphonie der Natur an diesem besonderen Ort. Alles scheint im Einklang zu sein. Mensch und Natur, Berg und Tal, Almbauern und Wanderer. Apropos Wanderer: ein gutes Stichwort. Denn auch wenn man im Nassfeld einfach nur staunend und beobachtend ein paar Stunden verbringen kann, so finden sich hier auch unz\u00e4hlige M\u00f6glichkeiten, die umliegenden Gipfel zu Fu\u00df zu erkunden.<\/p>\n\n\n\n<figure class=\"wp-block-image\"><img decoding=\"async\" src=\"https:\/\/www.salzburgerland.com\/de\/magazin\/wp-content\/uploads\/2018\/06\/DSC03280-1-650x435.jpg\" alt=\"Die Bergwelt im Nassfeld in Gastein\" class=\"wp-image-124253\"\/><\/figure>\n\n\n\n<h2 class=\"wp-block-heading\">Fulseck<\/h2>\n\n\n\n<p>Auch wenn der Fulseck haupts\u00e4chlich als Wintersportberg bekannt ist, so hat der Dorfgasteiner Hausberg auch im Sommer so einiges zu bieten. Egal ob man zu Fu\u00df, mit dem Bike, oder der Seilbahn den Gipfel erklimmt: belohnt wird man mit dem Panorama \u00fcber das ganze Gasteinertal und die umliegende Bergwelt. Die HohenTauern, Graukogel, Gro\u00dfglockner und wie sie alle hei\u00dfen m\u00f6gen. Sie alle sind zum Greifen nahe.&nbsp;<\/p>\n\n\n\n<figure class=\"wp-block-image\"><img decoding=\"async\" src=\"https:\/\/www.salzburgerland.com\/de\/magazin\/wp-content\/uploads\/2018\/06\/DSC03342-1-650x435.jpg\" alt=\"Blick auf das Gasteinertal vom Buseck aus. \" class=\"wp-image-124251\"\/><\/figure>\n\n\n\n<h2 class=\"wp-block-heading\">Weinetsberg<\/h2>\n\n\n\n<p>Dieser Platz ist besonders zum Sonnenaufgang zu empfehlen. Denn warum in die Ferne schweifen, wenn das Gute so nahe liegt. Oder in die H\u00f6he steigen, wenn man auch von weiter unten einen wirklich sch\u00f6nen Blick auf Bad Hofgastein zu sehen bekommt. Obwohl, ein paar Meter m\u00fcssen Sie schon zu Fu\u00df gehen, um hierhin zu kommen. Aber wirklich nur kurz, versprochen. Die Rede ist, vielleicht kann es sich der eine oder andere schon denken, vom Weinetsberg, westlich des Ortszentrums gelegen. Kein Wunder, dass das Hotel \u201aDas Goldberg\u2018, f\u00fcr mich eines der besten im ganzen Tal, an genau diese Stelle gebaut wurde.<\/p>\n\n\n<div class=\"mag-gallery\"><div class=\"row\"><div class=\"col-6 col-sm-4\"><figure><a class=\"thumb-container\" href=\"https:\/\/www.salzburgerland.com\/de\/magazin\/wp-content\/uploads\/2018\/06\/DSC03362-1-1280x1024.jpg\">\t<picture><source media=\"(min-width: 576px)\" srcset=\"https:\/\/www.salzburgerland.com\/de\/magazin\/wp-content\/uploads\/2018\/06\/DSC03362-1-325x209.jpg 325w, https:\/\/www.salzburgerland.com\/de\/magazin\/wp-content\/uploads\/2018\/06\/DSC03362-1-249x160.jpg 249w\"><\/source><source media=\"(min-width: 0)\" srcset=\"https:\/\/www.salzburgerland.com\/de\/magazin\/wp-content\/uploads\/2018\/06\/DSC03362-1-249x160.jpg 249w, https:\/\/www.salzburgerland.com\/de\/magazin\/wp-content\/uploads\/2018\/06\/DSC03362-1-325x209.jpg 325w\"><\/source><img decoding=\"async\" alt=\"Das n&auml;chtliche Bad Hofgastein\" src=\"https:\/\/www.salzburgerland.com\/de\/magazin\/wp-content\/uploads\/2018\/06\/DSC03362-1.jpg\">\t<\/picture><\/a><\/figure><\/div><div class=\"col-6 col-sm-4\"><figure><a class=\"thumb-container\" href=\"https:\/\/www.salzburgerland.com\/de\/magazin\/wp-content\/uploads\/2018\/06\/DSC03364-1-1280x1024.jpg\">\t<picture><source media=\"(min-width: 576px)\" srcset=\"https:\/\/www.salzburgerland.com\/de\/magazin\/wp-content\/uploads\/2018\/06\/DSC03364-1-325x209.jpg 325w, https:\/\/www.salzburgerland.com\/de\/magazin\/wp-content\/uploads\/2018\/06\/DSC03364-1-249x160.jpg 249w\"><\/source><source media=\"(min-width: 0)\" srcset=\"https:\/\/www.salzburgerland.com\/de\/magazin\/wp-content\/uploads\/2018\/06\/DSC03364-1-249x160.jpg 249w, https:\/\/www.salzburgerland.com\/de\/magazin\/wp-content\/uploads\/2018\/06\/DSC03364-1-325x209.jpg 325w\"><\/source><img decoding=\"async\" alt=\"Sonnenaufgang in den Bergen &uuml;ber Bad Hofgastein\" src=\"https:\/\/www.salzburgerland.com\/de\/magazin\/wp-content\/uploads\/2018\/06\/DSC03364-1.jpg\">\t<\/picture><\/a><\/figure><\/div><div class=\"col-6 col-sm-4\"><figure><a class=\"thumb-container\" href=\"https:\/\/www.salzburgerland.com\/de\/magazin\/wp-content\/uploads\/2018\/06\/DSC03370-1-1280x1024.jpg\">\t<picture><source media=\"(min-width: 576px)\" srcset=\"https:\/\/www.salzburgerland.com\/de\/magazin\/wp-content\/uploads\/2018\/06\/DSC03370-1-325x209.jpg 325w, https:\/\/www.salzburgerland.com\/de\/magazin\/wp-content\/uploads\/2018\/06\/DSC03370-1-249x160.jpg 249w\"><\/source><source media=\"(min-width: 0)\" srcset=\"https:\/\/www.salzburgerland.com\/de\/magazin\/wp-content\/uploads\/2018\/06\/DSC03370-1-249x160.jpg 249w, https:\/\/www.salzburgerland.com\/de\/magazin\/wp-content\/uploads\/2018\/06\/DSC03370-1-325x209.jpg 325w\"><\/source><img decoding=\"async\" alt=\"Morgendlicher Blick auf Bad Hofgastein\" src=\"https:\/\/www.salzburgerland.com\/de\/magazin\/wp-content\/uploads\/2018\/06\/DSC03370-1.jpg\">\t<\/picture><\/a><\/figure><\/div><\/div><figcaption><\/figcaption><\/div>\n\n\n\n<h2 class=\"wp-block-heading\">Graukogel<\/h2>\n\n\n\n<p>Kaum ein Berg pr\u00e4gte und pr\u00e4gt das Gasteinertal so sehr, wie der Graukogel. Das Thermalwasser, das herrliche Trinkwasser Gasteins, den Beginn des Wintersports, die Ski-Weltmeisterschaften 1958 und nat\u00fcrlich auch die legend\u00e4ren Silberkrugrennen: das alles und noch so viel mehr haben wir dem Graukogel, UNSEREM Graukogel, zu verdanken. Und auch wenn er mit einer wahrlich gro\u00dfen Geschichte gesegnet ist, so ist es doch auch die Gegenwart, die ihn immer noch so spannend und interessant macht. Egal ob man nur f\u00fcr einen Spaziergang am relativ neuen Zirbenerlebnisweg mit dem Sessellift auff\u00e4hrt, zu Fu\u00df zur Mittelstation wandert, oder am Graukogel eine Tour zum Palfnersee und schlie\u00dflich noch zur Palfnerscharte startet: man sollte immer wieder einmal innehalten, sich umsehen und den Blick hinunter ins Tal und hinein in die Bergwelt des Nationalparks Hohe Tauern genie\u00dfen. Zu sehen gibt es viel: Bad Bastein, Bad Hofgastein, das Nassfeld und unz\u00e4hlige Bergspitzen.<\/p>\n\n\n\n<figure class=\"wp-block-image\"><img decoding=\"async\" src=\"https:\/\/www.salzburgerland.com\/de\/magazin\/wp-content\/uploads\/2018\/06\/DSC03330-1-650x435.jpg\" alt=\"Blick in die Hohen Tauern vom Graukogel aus\" class=\"wp-image-124252\"\/><\/figure>\n\n\n\n<h2 class=\"wp-block-heading\">Bad Gastein<\/h2>\n\n\n\n<figure class=\"wp-block-image\"><img decoding=\"async\" src=\"https:\/\/www.salzburgerland.com\/de\/magazin\/wp-content\/uploads\/2018\/06\/DSC03303-1-650x435.jpg\" alt=\"Mann mit Sonnenbrille lehnt an einem Holzzaun mit Bergen, B\u00e4umen und Geb\u00e4uden im Hintergrund.\" class=\"wp-image-124254\"\/><\/figure>\n\n\n\n<p>Wenn damit auch sicherlich niemand gerechnet h\u00e4tte, f\u00fcr mich z\u00e4hlt der Ort Bad Gastein selbst zu den sch\u00f6nsten Panoramapunkten des Tales. Direkt im Zentrum, am Wasserfallweg, finden sich hier Blickwinkel, die so einzigartig, so pittoresk sind, dass man gar nicht anders kann, als sie f\u00fcr immer in sich aufzusaugen. Hinunter auf den Wasserfall, der sich einer Wunde gleich durch den Ortskern schneidet. Nach oben, wo sich die Sonne so sch\u00f6n im Wasserdampf bricht. Oder auch durch die B\u00e4ume hinunter zum Kongresshaus, dem h\u00f6chst untersch\u00e4tzten architektonischen Kunstwerk des Brutalismusses aus der Feder des gro\u00dfen Gerhard Garstenauer. Und schlie\u00dflich hin\u00fcber zum ehrw\u00fcrdigen Hotel de l\u2019Europe, in dessen Mauern gro\u00dfe Vergangenheit stattfand und zum Miramonte, wo die Gegenwart und Zukunft Gasteins mitgeschrieben wird. Welcher ist Ihr Lieblingsblick auf Bad Gastein?<\/p>\n\n\n\n<figure class=\"wp-block-embed-youtube wp-block-embed is-type-video is-provider-youtube wp-embed-aspect-16-9 wp-has-aspect-ratio\"><div class=\"wp-block-embed__wrapper\">\n<iframe loading=\"lazy\" title=\"Neues Projekt\" width=\"640\" height=\"360\" src=\"https:\/\/www.youtube-nocookie.com\/embed\/eMaum5SSLjQ?feature=oembed&#038;rel=0&#038;modestbranding=1\" frameborder=\"0\" allow=\"accelerometer; autoplay; clipboard-write; encrypted-media; gyroscope; picture-in-picture; web-share\" referrerpolicy=\"strict-origin-when-cross-origin\" allowfullscreen><\/iframe>\n<\/div><\/figure>\n\n\n\n<p>\u00a9alle Bilder und Videos: Peter Zeitlhofer<\/p>\n","protected":false},"excerpt":{"rendered":"<p>Nassfeld Dort, wo die Hohen Tauern vor uns in die H\u00f6he steigen und sich der Talschluss des langen Gasteinertals befindet, liegt das Nassfeld. Ein Paradies f\u00fcr all unsere Sinne. Unz\u00e4hlige Wasserf\u00e4lle dominieren das Schauspiel, in den sich durch die gr\u00fcnen Talwiesen schl\u00e4ngelnden B\u00e4chen pl\u00e4tschert das Wasser ruhig vor sich hin und gemeinsam mit dem Zwitschern [&hellip;]<\/p>\n","protected":false},"author":505,"featured_media":124247,"comment_status":"open","ping_status":"open","sticky":false,"template":"","format":"standard","meta":{"_acf_changed":false,"wl_entities_gutenberg":"","_wl_entity_redirect_enabled":"","footnotes":""},"categories":[8],"tags":[],"wl_entity_type":[306],"monatsauswahl":[85,86,87,88,89,90,91],"class_list":["post-124244","post","type-post","status-publish","format-standard","has-post-thumbnail","hentry","category-outdoor-sport","wl_entity_type-article","monatsauswahl-monat_4","monatsauswahl-monat_5","monatsauswahl-monat_6","monatsauswahl-monat_7","monatsauswahl-monat_8","monatsauswahl-monat_9","monatsauswahl-monat_10"],"acf":[],"yoast_head":"<!-- This site is optimized with the Yoast SEO Premium plugin v27.4 (Yoast SEO v27.4) - https:\/\/yoast.com\/product\/yoast-seo-premium-wordpress\/ -->\n<title>Die f\u00fcnf sch\u00f6nsten Panoramapl\u00e4tze Gasteins - SalzburgerLand Magazin<\/title>\n<meta name=\"description\" content=\"Ein sch\u00f6nes Panorama ist so viel mehr als nur ein imposanter Blick. Es inspiriert, fesselt, l\u00e4sst die Zeit still stehen und l\u00e4dt die inneren Akkus wieder auf. Vor allem in der spektakul\u00e4ren\u00a0Bergwelt unseres SalzburgerLandes, werden so Erinnerungen geschaffen, die uns ein Leben lang nicht mehr loslassen. Die immer wieder\u00a0Sehnsucht erzeugen. So wie an diesen f\u00fcnf Orten, die ohne Zweifel zu den sch\u00f6nsten Panoramapl\u00e4tzen des\u00a0Gasteinertals z\u00e4hlen.\u00a0\" \/>\n<meta name=\"robots\" content=\"index, follow, max-snippet:-1, max-image-preview:large, max-video-preview:-1\" \/>\n<link rel=\"canonical\" href=\"https:\/\/www.salzburgerland.com\/de\/magazin\/die-fuenf-schoensten-panoramaplaetze-gasteins\/\" \/>\n<meta property=\"og:locale\" content=\"de_DE\" \/>\n<meta property=\"og:type\" content=\"article\" \/>\n<meta property=\"og:title\" content=\"Die f\u00fcnf sch\u00f6nsten Panoramapl\u00e4tze Gasteins\" \/>\n<meta property=\"og:description\" content=\"Nassfeld Dort, wo die Hohen Tauern vor uns in die H\u00f6he steigen und sich der Talschluss des langen Gasteinertals befindet, liegt das Nassfeld. Ein Paradies f\u00fcr all unsere Sinne. Unz\u00e4hlige Wasserf\u00e4lle dominieren das Schauspiel, in den sich durch die gr\u00fcnen Talwiesen schl\u00e4ngelnden B\u00e4chen pl\u00e4tschert das Wasser ruhig vor sich hin und gemeinsam mit dem Zwitschern [&hellip;]\" \/>\n<meta property=\"og:url\" content=\"https:\/\/www.salzburgerland.com\/de\/magazin\/die-fuenf-schoensten-panoramaplaetze-gasteins\/\" \/>\n<meta property=\"og:site_name\" content=\"SalzburgerLand Magazin\" \/>\n<meta property=\"article:publisher\" content=\"https:\/\/www.facebook.com\/salzburgerland\/\" \/>\n<meta property=\"article:published_time\" content=\"2018-07-23T06:00:55+00:00\" \/>\n<meta property=\"article:modified_time\" content=\"2020-04-15T06:35:48+00:00\" \/>\n<meta property=\"og:image\" content=\"https:\/\/www.salzburgerland.com\/de\/magazin\/wp-content\/uploads\/2018\/06\/DSC03300-1.jpg\" \/>\n\t<meta property=\"og:image:width\" content=\"1600\" \/>\n\t<meta property=\"og:image:height\" content=\"1067\" \/>\n\t<meta property=\"og:image:type\" content=\"image\/jpeg\" \/>\n<meta name=\"author\" content=\"Peter Zeitlhofer\" \/>\n<meta name=\"twitter:card\" content=\"summary_large_image\" \/>\n<meta name=\"twitter:creator\" content=\"@Salzburgerland\" \/>\n<meta name=\"twitter:site\" content=\"@Salzburgerland\" \/>\n<meta name=\"twitter:label1\" content=\"Verfasst von\" \/>\n\t<meta name=\"twitter:data1\" content=\"Peter Zeitlhofer\" \/>\n\t<meta name=\"twitter:label2\" content=\"Gesch\u00e4tzte Lesezeit\" \/>\n\t<meta name=\"twitter:data2\" content=\"3\u00a0Minuten\" \/>\n<script type=\"application\/ld+json\" class=\"yoast-schema-graph\">{\"@context\":\"https:\\\/\\\/schema.org\",\"@graph\":[{\"@type\":\"Article\",\"@id\":\"https:\\\/\\\/www.salzburgerland.com\\\/de\\\/magazin\\\/die-fuenf-schoensten-panoramaplaetze-gasteins\\\/#article\",\"isPartOf\":{\"@id\":\"https:\\\/\\\/www.salzburgerland.com\\\/de\\\/magazin\\\/die-fuenf-schoensten-panoramaplaetze-gasteins\\\/\"},\"author\":{\"name\":\"Peter Zeitlhofer\",\"@id\":\"https:\\\/\\\/www.salzburgerland.com\\\/de\\\/magazin\\\/#\\\/schema\\\/person\\\/ebd2c9f244aeea71e30f3b5d5e309de4\"},\"headline\":\"Die f\u00fcnf sch\u00f6nsten Panoramapl\u00e4tze Gasteins\",\"datePublished\":\"2018-07-23T06:00:55+00:00\",\"dateModified\":\"2020-04-15T06:35:48+00:00\",\"mainEntityOfPage\":{\"@id\":\"https:\\\/\\\/www.salzburgerland.com\\\/de\\\/magazin\\\/die-fuenf-schoensten-panoramaplaetze-gasteins\\\/\"},\"wordCount\":703,\"commentCount\":0,\"publisher\":{\"@id\":\"https:\\\/\\\/www.salzburgerland.com\\\/de\\\/magazin\\\/#organization\"},\"image\":{\"@id\":\"https:\\\/\\\/www.salzburgerland.com\\\/de\\\/magazin\\\/die-fuenf-schoensten-panoramaplaetze-gasteins\\\/#primaryimage\"},\"thumbnailUrl\":\"https:\\\/\\\/www.salzburgerland.com\\\/de\\\/magazin\\\/wp-content\\\/uploads\\\/2018\\\/06\\\/DSC03300-1.jpg\",\"articleSection\":[\"Outdoor &amp; Sport\"],\"inLanguage\":\"de\",\"potentialAction\":[{\"@type\":\"CommentAction\",\"name\":\"Comment\",\"target\":[\"https:\\\/\\\/www.salzburgerland.com\\\/de\\\/magazin\\\/die-fuenf-schoensten-panoramaplaetze-gasteins\\\/#respond\"]}]},{\"@type\":\"WebPage\",\"@id\":\"https:\\\/\\\/www.salzburgerland.com\\\/de\\\/magazin\\\/die-fuenf-schoensten-panoramaplaetze-gasteins\\\/\",\"url\":\"https:\\\/\\\/www.salzburgerland.com\\\/de\\\/magazin\\\/die-fuenf-schoensten-panoramaplaetze-gasteins\\\/\",\"name\":\"Die f\u00fcnf sch\u00f6nsten Panoramapl\u00e4tze Gasteins - SalzburgerLand Magazin\",\"isPartOf\":{\"@id\":\"https:\\\/\\\/www.salzburgerland.com\\\/de\\\/magazin\\\/#website\"},\"primaryImageOfPage\":{\"@id\":\"https:\\\/\\\/www.salzburgerland.com\\\/de\\\/magazin\\\/die-fuenf-schoensten-panoramaplaetze-gasteins\\\/#primaryimage\"},\"image\":{\"@id\":\"https:\\\/\\\/www.salzburgerland.com\\\/de\\\/magazin\\\/die-fuenf-schoensten-panoramaplaetze-gasteins\\\/#primaryimage\"},\"thumbnailUrl\":\"https:\\\/\\\/www.salzburgerland.com\\\/de\\\/magazin\\\/wp-content\\\/uploads\\\/2018\\\/06\\\/DSC03300-1.jpg\",\"datePublished\":\"2018-07-23T06:00:55+00:00\",\"dateModified\":\"2020-04-15T06:35:48+00:00\",\"breadcrumb\":{\"@id\":\"https:\\\/\\\/www.salzburgerland.com\\\/de\\\/magazin\\\/die-fuenf-schoensten-panoramaplaetze-gasteins\\\/#breadcrumb\"},\"inLanguage\":\"de\",\"potentialAction\":[{\"@type\":\"ReadAction\",\"target\":[\"https:\\\/\\\/www.salzburgerland.com\\\/de\\\/magazin\\\/die-fuenf-schoensten-panoramaplaetze-gasteins\\\/\"]}]},{\"@type\":\"ImageObject\",\"inLanguage\":\"de\",\"@id\":\"https:\\\/\\\/www.salzburgerland.com\\\/de\\\/magazin\\\/die-fuenf-schoensten-panoramaplaetze-gasteins\\\/#primaryimage\",\"url\":\"https:\\\/\\\/www.salzburgerland.com\\\/de\\\/magazin\\\/wp-content\\\/uploads\\\/2018\\\/06\\\/DSC03300-1.jpg\",\"contentUrl\":\"https:\\\/\\\/www.salzburgerland.com\\\/de\\\/magazin\\\/wp-content\\\/uploads\\\/2018\\\/06\\\/DSC03300-1.jpg\",\"width\":1600,\"height\":1067,\"caption\":\"Blick auf Bad Gastein\"},{\"@type\":\"BreadcrumbList\",\"@id\":\"https:\\\/\\\/www.salzburgerland.com\\\/de\\\/magazin\\\/die-fuenf-schoensten-panoramaplaetze-gasteins\\\/#breadcrumb\",\"itemListElement\":[{\"@type\":\"ListItem\",\"position\":1,\"name\":\"Startseite\",\"item\":\"https:\\\/\\\/www.salzburgerland.com\\\/de\\\/magazin\\\/\"},{\"@type\":\"ListItem\",\"position\":2,\"name\":\"Outdoor &amp; Sport\",\"item\":\"https:\\\/\\\/www.salzburgerland.com\\\/de\\\/magazin\\\/thema\\\/outdoor-sport\\\/\"},{\"@type\":\"ListItem\",\"position\":3,\"name\":\"Die f\u00fcnf sch\u00f6nsten Panoramapl\u00e4tze Gasteins\"}]},{\"@type\":\"WebSite\",\"@id\":\"https:\\\/\\\/www.salzburgerland.com\\\/de\\\/magazin\\\/#website\",\"url\":\"https:\\\/\\\/www.salzburgerland.com\\\/de\\\/magazin\\\/\",\"name\":\"SalzburgerLand Magazin\",\"description\":\"Geschichten und Interessantes aus dem SalzburgerLand\",\"publisher\":{\"@id\":\"https:\\\/\\\/www.salzburgerland.com\\\/de\\\/magazin\\\/#organization\"},\"potentialAction\":[{\"@type\":\"SearchAction\",\"target\":{\"@type\":\"EntryPoint\",\"urlTemplate\":\"https:\\\/\\\/www.salzburgerland.com\\\/de\\\/magazin\\\/?s={search_term_string}\"},\"query-input\":{\"@type\":\"PropertyValueSpecification\",\"valueRequired\":true,\"valueName\":\"search_term_string\"}}],\"inLanguage\":\"de\"},{\"@type\":\"Organization\",\"@id\":\"https:\\\/\\\/www.salzburgerland.com\\\/de\\\/magazin\\\/#organization\",\"name\":\"SalzburgerLand Tourismus\",\"url\":\"https:\\\/\\\/www.salzburgerland.com\\\/de\\\/magazin\\\/\",\"logo\":{\"@type\":\"ImageObject\",\"inLanguage\":\"de\",\"@id\":\"https:\\\/\\\/www.salzburgerland.com\\\/de\\\/magazin\\\/#\\\/schema\\\/logo\\\/image\\\/\",\"url\":\"https:\\\/\\\/www.salzburgerland.com\\\/de\\\/magazin\\\/wp-content\\\/uploads\\\/2019\\\/06\\\/salzburgerland-logo1.jpg\",\"contentUrl\":\"https:\\\/\\\/www.salzburgerland.com\\\/de\\\/magazin\\\/wp-content\\\/uploads\\\/2019\\\/06\\\/salzburgerland-logo1.jpg\",\"width\":2011,\"height\":866,\"caption\":\"SalzburgerLand Tourismus\"},\"image\":{\"@id\":\"https:\\\/\\\/www.salzburgerland.com\\\/de\\\/magazin\\\/#\\\/schema\\\/logo\\\/image\\\/\"},\"sameAs\":[\"https:\\\/\\\/www.facebook.com\\\/salzburgerland\\\/\",\"https:\\\/\\\/x.com\\\/Salzburgerland\",\"https:\\\/\\\/www.instagram.com\\\/salzburgerland\\\/\",\"https:\\\/\\\/at.linkedin.com\\\/company\\\/salzburgerland-tourismus-gmbh\",\"https:\\\/\\\/www.pinterest.at\\\/salzburgerland\\\/\",\"https:\\\/\\\/www.youtube.com\\\/user\\\/salzburgerland\",\"https:\\\/\\\/de.wikipedia.org\\\/wiki\\\/SalzburgerLand_Tourismus_GmbH\"]},{\"@type\":\"Person\",\"@id\":\"https:\\\/\\\/www.salzburgerland.com\\\/de\\\/magazin\\\/#\\\/schema\\\/person\\\/ebd2c9f244aeea71e30f3b5d5e309de4\",\"name\":\"Peter Zeitlhofer\",\"description\":\"'Von Neugier getrieben' - diese Worte kommen Peter Zeitlhofer wohl schon ziemlich nahe. Egal ob am Segelboot, im Tiefschnee, unterwegs in Stadt und Land, oder auf einer seinen vielen Reisen - er ist immer auf der Suche nach Neuem, nach dem Besonderen, probiert so ziemlich alles aus und liebt es, dar\u00fcber zu reden und zu berichten. Womit man auch schon fast bei seiner zweiten Leidenschaft w\u00e4re - dem Schreiben. Immer und \u00fcberall ausgestattet\u00a0mit seinem Notebook, hat der Salzburger, mit Wurzeln am Attersee, sein Office\u00a0im wahrsten Sinne des Wortes unterm Arm und k\u00f6nnte sich nichts besseres vorstellen, als die Geschichten dort zu erz\u00e4hlen, wo sie passieren. Fr\u00fchling, Sommer, Herbst oder Winter? Als Mensch der Extreme, mag ich auch bei den Jahreszeiten den Sommer und den Winter am liebsten. Obwohl nat\u00fcrlich auch der Fr\u00fchling seine Reize hat. Aber der Herbst? Rindsroulade vom Pinzgauer Biorind oder Saibling fangfrisch aus dem Fuschlsee? Immer diese Entscheidungen! Kann ich auch beides haben? Mundharmonika oder Stradivari? Weder noch - als Gitarrist k\u00f6nnte ich mit beiden Instrumenten nichts anfangen. Lederhose oder Smoking? Eindeutig Lederhose, die bei mir mittlerweile sogar den Einzug in den sommerlichen Alltag gefunden hat. Und der LederhosnDonnerstag ist \u00a0ohnehin Pflicht. Alpinski, Offpist oder Skitour? Hauptsache rauf auf den Berg! Was dann tats\u00e4chlich auf dem Programm steht ist zweitrangig. Nur so viel: wenn der Schnee passt, dann h\u00e4lt mich nichts oder niemand auf der Piste. Bergtour oder Seentour? F\u00fcr mich gibt es im Sommer nichts Sch\u00f6neres, als mit dem Segelboot auf unseren herrlichen Seen unterwegs zu sein. Also wenn ich die Wahl habe, dann nehme ich im Sommer die Berge h\u00f6chstens als Kulisse. Haubenlokal oder Ab-Hof-Laden? Auch hier nehme ich von beidem ein bisschen. Aber bei der Oma schmeckt's dann doch am besten.\",\"url\":\"https:\\\/\\\/www.salzburgerland.com\\\/de\\\/magazin\\\/author\\\/peter-zeitlhofer\\\/\"}]}<\/script>\n<meta property=\"og:video\" content=\"https:\/\/www.youtube.com\/embed\/eMaum5SSLjQ\" \/>\n<meta property=\"og:video:type\" content=\"text\/html\" \/>\n<meta property=\"og:video:duration\" content=\"71\" \/>\n<meta property=\"og:video:width\" content=\"480\" \/>\n<meta property=\"og:video:height\" content=\"270\" \/>\n<meta property=\"ya:ovs:adult\" content=\"false\" \/>\n<meta property=\"ya:ovs:upload_date\" content=\"2018-07-23T06:00:55+00:00\" \/>\n<meta property=\"ya:ovs:allow_embed\" content=\"true\" \/>\n<!-- \/ Yoast SEO Premium plugin. -->","yoast_head_json":{"title":"Die f\u00fcnf sch\u00f6nsten Panoramapl\u00e4tze Gasteins - SalzburgerLand Magazin","description":"Ein sch\u00f6nes Panorama ist so viel mehr als nur ein imposanter Blick. Es inspiriert, fesselt, l\u00e4sst die Zeit still stehen und l\u00e4dt die inneren Akkus wieder auf. Vor allem in der spektakul\u00e4ren\u00a0Bergwelt unseres SalzburgerLandes, werden so Erinnerungen geschaffen, die uns ein Leben lang nicht mehr loslassen. Die immer wieder\u00a0Sehnsucht erzeugen. So wie an diesen f\u00fcnf Orten, die ohne Zweifel zu den sch\u00f6nsten Panoramapl\u00e4tzen des\u00a0Gasteinertals z\u00e4hlen.\u00a0","robots":{"index":"index","follow":"follow","max-snippet":"max-snippet:-1","max-image-preview":"max-image-preview:large","max-video-preview":"max-video-preview:-1"},"canonical":"https:\/\/www.salzburgerland.com\/de\/magazin\/die-fuenf-schoensten-panoramaplaetze-gasteins\/","og_locale":"de_DE","og_type":"article","og_title":"Die f\u00fcnf sch\u00f6nsten Panoramapl\u00e4tze Gasteins","og_description":"Nassfeld Dort, wo die Hohen Tauern vor uns in die H\u00f6he steigen und sich der Talschluss des langen Gasteinertals befindet, liegt das Nassfeld. Ein Paradies f\u00fcr all unsere Sinne. Unz\u00e4hlige Wasserf\u00e4lle dominieren das Schauspiel, in den sich durch die gr\u00fcnen Talwiesen schl\u00e4ngelnden B\u00e4chen pl\u00e4tschert das Wasser ruhig vor sich hin und gemeinsam mit dem Zwitschern [&hellip;]","og_url":"https:\/\/www.salzburgerland.com\/de\/magazin\/die-fuenf-schoensten-panoramaplaetze-gasteins\/","og_site_name":"SalzburgerLand Magazin","article_publisher":"https:\/\/www.facebook.com\/salzburgerland\/","article_published_time":"2018-07-23T06:00:55+00:00","article_modified_time":"2020-04-15T06:35:48+00:00","og_image":[{"width":1600,"height":1067,"url":"https:\/\/www.salzburgerland.com\/de\/magazin\/wp-content\/uploads\/2018\/06\/DSC03300-1.jpg","type":"image\/jpeg"}],"author":"Peter Zeitlhofer","twitter_card":"summary_large_image","twitter_creator":"@Salzburgerland","twitter_site":"@Salzburgerland","twitter_misc":{"Verfasst von":"Peter Zeitlhofer","Gesch\u00e4tzte Lesezeit":"3\u00a0Minuten"},"schema":{"@context":"https:\/\/schema.org","@graph":[{"@type":"Article","@id":"https:\/\/www.salzburgerland.com\/de\/magazin\/die-fuenf-schoensten-panoramaplaetze-gasteins\/#article","isPartOf":{"@id":"https:\/\/www.salzburgerland.com\/de\/magazin\/die-fuenf-schoensten-panoramaplaetze-gasteins\/"},"author":{"name":"Peter Zeitlhofer","@id":"https:\/\/www.salzburgerland.com\/de\/magazin\/#\/schema\/person\/ebd2c9f244aeea71e30f3b5d5e309de4"},"headline":"Die f\u00fcnf sch\u00f6nsten Panoramapl\u00e4tze Gasteins","datePublished":"2018-07-23T06:00:55+00:00","dateModified":"2020-04-15T06:35:48+00:00","mainEntityOfPage":{"@id":"https:\/\/www.salzburgerland.com\/de\/magazin\/die-fuenf-schoensten-panoramaplaetze-gasteins\/"},"wordCount":703,"commentCount":0,"publisher":{"@id":"https:\/\/www.salzburgerland.com\/de\/magazin\/#organization"},"image":{"@id":"https:\/\/www.salzburgerland.com\/de\/magazin\/die-fuenf-schoensten-panoramaplaetze-gasteins\/#primaryimage"},"thumbnailUrl":"https:\/\/www.salzburgerland.com\/de\/magazin\/wp-content\/uploads\/2018\/06\/DSC03300-1.jpg","articleSection":["Outdoor &amp; Sport"],"inLanguage":"de","potentialAction":[{"@type":"CommentAction","name":"Comment","target":["https:\/\/www.salzburgerland.com\/de\/magazin\/die-fuenf-schoensten-panoramaplaetze-gasteins\/#respond"]}]},{"@type":"WebPage","@id":"https:\/\/www.salzburgerland.com\/de\/magazin\/die-fuenf-schoensten-panoramaplaetze-gasteins\/","url":"https:\/\/www.salzburgerland.com\/de\/magazin\/die-fuenf-schoensten-panoramaplaetze-gasteins\/","name":"Die f\u00fcnf sch\u00f6nsten Panoramapl\u00e4tze Gasteins - SalzburgerLand Magazin","isPartOf":{"@id":"https:\/\/www.salzburgerland.com\/de\/magazin\/#website"},"primaryImageOfPage":{"@id":"https:\/\/www.salzburgerland.com\/de\/magazin\/die-fuenf-schoensten-panoramaplaetze-gasteins\/#primaryimage"},"image":{"@id":"https:\/\/www.salzburgerland.com\/de\/magazin\/die-fuenf-schoensten-panoramaplaetze-gasteins\/#primaryimage"},"thumbnailUrl":"https:\/\/www.salzburgerland.com\/de\/magazin\/wp-content\/uploads\/2018\/06\/DSC03300-1.jpg","datePublished":"2018-07-23T06:00:55+00:00","dateModified":"2020-04-15T06:35:48+00:00","breadcrumb":{"@id":"https:\/\/www.salzburgerland.com\/de\/magazin\/die-fuenf-schoensten-panoramaplaetze-gasteins\/#breadcrumb"},"inLanguage":"de","potentialAction":[{"@type":"ReadAction","target":["https:\/\/www.salzburgerland.com\/de\/magazin\/die-fuenf-schoensten-panoramaplaetze-gasteins\/"]}]},{"@type":"ImageObject","inLanguage":"de","@id":"https:\/\/www.salzburgerland.com\/de\/magazin\/die-fuenf-schoensten-panoramaplaetze-gasteins\/#primaryimage","url":"https:\/\/www.salzburgerland.com\/de\/magazin\/wp-content\/uploads\/2018\/06\/DSC03300-1.jpg","contentUrl":"https:\/\/www.salzburgerland.com\/de\/magazin\/wp-content\/uploads\/2018\/06\/DSC03300-1.jpg","width":1600,"height":1067,"caption":"Blick auf Bad Gastein"},{"@type":"BreadcrumbList","@id":"https:\/\/www.salzburgerland.com\/de\/magazin\/die-fuenf-schoensten-panoramaplaetze-gasteins\/#breadcrumb","itemListElement":[{"@type":"ListItem","position":1,"name":"Startseite","item":"https:\/\/www.salzburgerland.com\/de\/magazin\/"},{"@type":"ListItem","position":2,"name":"Outdoor &amp; Sport","item":"https:\/\/www.salzburgerland.com\/de\/magazin\/thema\/outdoor-sport\/"},{"@type":"ListItem","position":3,"name":"Die f\u00fcnf sch\u00f6nsten Panoramapl\u00e4tze Gasteins"}]},{"@type":"WebSite","@id":"https:\/\/www.salzburgerland.com\/de\/magazin\/#website","url":"https:\/\/www.salzburgerland.com\/de\/magazin\/","name":"SalzburgerLand Magazin","description":"Geschichten und Interessantes aus dem SalzburgerLand","publisher":{"@id":"https:\/\/www.salzburgerland.com\/de\/magazin\/#organization"},"potentialAction":[{"@type":"SearchAction","target":{"@type":"EntryPoint","urlTemplate":"https:\/\/www.salzburgerland.com\/de\/magazin\/?s={search_term_string}"},"query-input":{"@type":"PropertyValueSpecification","valueRequired":true,"valueName":"search_term_string"}}],"inLanguage":"de"},{"@type":"Organization","@id":"https:\/\/www.salzburgerland.com\/de\/magazin\/#organization","name":"SalzburgerLand Tourismus","url":"https:\/\/www.salzburgerland.com\/de\/magazin\/","logo":{"@type":"ImageObject","inLanguage":"de","@id":"https:\/\/www.salzburgerland.com\/de\/magazin\/#\/schema\/logo\/image\/","url":"https:\/\/www.salzburgerland.com\/de\/magazin\/wp-content\/uploads\/2019\/06\/salzburgerland-logo1.jpg","contentUrl":"https:\/\/www.salzburgerland.com\/de\/magazin\/wp-content\/uploads\/2019\/06\/salzburgerland-logo1.jpg","width":2011,"height":866,"caption":"SalzburgerLand Tourismus"},"image":{"@id":"https:\/\/www.salzburgerland.com\/de\/magazin\/#\/schema\/logo\/image\/"},"sameAs":["https:\/\/www.facebook.com\/salzburgerland\/","https:\/\/x.com\/Salzburgerland","https:\/\/www.instagram.com\/salzburgerland\/","https:\/\/at.linkedin.com\/company\/salzburgerland-tourismus-gmbh","https:\/\/www.pinterest.at\/salzburgerland\/","https:\/\/www.youtube.com\/user\/salzburgerland","https:\/\/de.wikipedia.org\/wiki\/SalzburgerLand_Tourismus_GmbH"]},{"@type":"Person","@id":"https:\/\/www.salzburgerland.com\/de\/magazin\/#\/schema\/person\/ebd2c9f244aeea71e30f3b5d5e309de4","name":"Peter Zeitlhofer","description":"'Von Neugier getrieben' - diese Worte kommen Peter Zeitlhofer wohl schon ziemlich nahe. Egal ob am Segelboot, im Tiefschnee, unterwegs in Stadt und Land, oder auf einer seinen vielen Reisen - er ist immer auf der Suche nach Neuem, nach dem Besonderen, probiert so ziemlich alles aus und liebt es, dar\u00fcber zu reden und zu berichten. Womit man auch schon fast bei seiner zweiten Leidenschaft w\u00e4re - dem Schreiben. Immer und \u00fcberall ausgestattet\u00a0mit seinem Notebook, hat der Salzburger, mit Wurzeln am Attersee, sein Office\u00a0im wahrsten Sinne des Wortes unterm Arm und k\u00f6nnte sich nichts besseres vorstellen, als die Geschichten dort zu erz\u00e4hlen, wo sie passieren. Fr\u00fchling, Sommer, Herbst oder Winter? Als Mensch der Extreme, mag ich auch bei den Jahreszeiten den Sommer und den Winter am liebsten. Obwohl nat\u00fcrlich auch der Fr\u00fchling seine Reize hat. Aber der Herbst? Rindsroulade vom Pinzgauer Biorind oder Saibling fangfrisch aus dem Fuschlsee? Immer diese Entscheidungen! Kann ich auch beides haben? Mundharmonika oder Stradivari? Weder noch - als Gitarrist k\u00f6nnte ich mit beiden Instrumenten nichts anfangen. Lederhose oder Smoking? Eindeutig Lederhose, die bei mir mittlerweile sogar den Einzug in den sommerlichen Alltag gefunden hat. Und der LederhosnDonnerstag ist \u00a0ohnehin Pflicht. Alpinski, Offpist oder Skitour? Hauptsache rauf auf den Berg! Was dann tats\u00e4chlich auf dem Programm steht ist zweitrangig. Nur so viel: wenn der Schnee passt, dann h\u00e4lt mich nichts oder niemand auf der Piste. Bergtour oder Seentour? F\u00fcr mich gibt es im Sommer nichts Sch\u00f6neres, als mit dem Segelboot auf unseren herrlichen Seen unterwegs zu sein. Also wenn ich die Wahl habe, dann nehme ich im Sommer die Berge h\u00f6chstens als Kulisse. Haubenlokal oder Ab-Hof-Laden? Auch hier nehme ich von beidem ein bisschen. Aber bei der Oma schmeckt's dann doch am besten.","url":"https:\/\/www.salzburgerland.com\/de\/magazin\/author\/peter-zeitlhofer\/"}]},"og_video":"https:\/\/www.youtube.com\/embed\/eMaum5SSLjQ","og_video_type":"text\/html","og_video_duration":"71","og_video_width":"480","og_video_height":"270","ya_ovs_adult":"false","ya_ovs_upload_date":"2018-07-23T06:00:55+00:00","ya_ovs_allow_embed":"true"},"_wl_alt_label":[],"wl:entity_url":"http:\/\/open.salzburgerland.com\/magazin\/post\/die_fuenf_schoensten_panoramaplaetze_gasteins","_links":{"self":[{"href":"https:\/\/www.salzburgerland.com\/de\/magazin\/wp-json\/wp\/v2\/posts\/124244","targetHints":{"allow":["GET"]}}],"collection":[{"href":"https:\/\/www.salzburgerland.com\/de\/magazin\/wp-json\/wp\/v2\/posts"}],"about":[{"href":"https:\/\/www.salzburgerland.com\/de\/magazin\/wp-json\/wp\/v2\/types\/post"}],"author":[{"embeddable":true,"href":"https:\/\/www.salzburgerland.com\/de\/magazin\/wp-json\/wp\/v2\/users\/505"}],"replies":[{"embeddable":true,"href":"https:\/\/www.salzburgerland.com\/de\/magazin\/wp-json\/wp\/v2\/comments?post=124244"}],"version-history":[{"count":1,"href":"https:\/\/www.salzburgerland.com\/de\/magazin\/wp-json\/wp\/v2\/posts\/124244\/revisions"}],"predecessor-version":[{"id":143881,"href":"https:\/\/www.salzburgerland.com\/de\/magazin\/wp-json\/wp\/v2\/posts\/124244\/revisions\/143881"}],"wp:featuredmedia":[{"embeddable":true,"href":"https:\/\/www.salzburgerland.com\/de\/magazin\/wp-json\/wp\/v2\/media\/124247"}],"wp:attachment":[{"href":"https:\/\/www.salzburgerland.com\/de\/magazin\/wp-json\/wp\/v2\/media?parent=124244"}],"wp:term":[{"taxonomy":"category","embeddable":true,"href":"https:\/\/www.salzburgerland.com\/de\/magazin\/wp-json\/wp\/v2\/categories?post=124244"},{"taxonomy":"post_tag","embeddable":true,"href":"https:\/\/www.salzburgerland.com\/de\/magazin\/wp-json\/wp\/v2\/tags?post=124244"},{"taxonomy":"wl_entity_type","embeddable":true,"href":"https:\/\/www.salzburgerland.com\/de\/magazin\/wp-json\/wp\/v2\/wl_entity_type?post=124244"},{"taxonomy":"monatsauswahl","embeddable":true,"href":"https:\/\/www.salzburgerland.com\/de\/magazin\/wp-json\/wp\/v2\/monatsauswahl?post=124244"}],"curies":[{"name":"wp","href":"https:\/\/api.w.org\/{rel}","templated":true}]}}