{"id":123219,"date":"2018-06-16T08:00:25","date_gmt":"2018-06-16T06:00:25","guid":{"rendered":"https:\/\/www.salzburgerland.com\/de\/magazin\/?p=123219"},"modified":"2019-06-26T18:28:08","modified_gmt":"2019-06-26T16:28:08","slug":"der-sommer-haelt-einzug-am-grossglockner","status":"publish","type":"post","link":"https:\/\/www.salzburgerland.com\/de\/magazin\/der-sommer-haelt-einzug-am-grossglockner\/","title":{"rendered":"Der Sommer h\u00e4lt Einzug am Gro\u00dfglockner"},"content":{"rendered":"<p><strong>Die Gro\u00dfglockner Hochalpenstra\u00dfe geh\u00f6rt zu den beliebtesten Ausflugszielen in ganz \u00d6sterreich. Wer das SalzburgerLand besucht, hat die Gro\u00dfglockner Hochalpenstra\u00dfe bestimmt auf der Must-See-Liste. <\/strong><\/p>\n<p>W\u00e4hrend im Tal schon die Badesaison er\u00f6ffnet hat, ist dort oben in luftiger H\u00f6he alles ein bisschen verz\u00f6gert. Die Schneer\u00e4um-Fahrzeuge erledigen Anfang Juni noch ihre letzten Dienste, damit auch der Rest des bis vor kurzem noch meterhohen Schnees sich bis zum n\u00e4chsten Winter verabschiedet.<\/p>\n<figure id=\"attachment_123886\" aria-describedby=\"caption-attachment-123886\" style=\"width: 650px\" class=\"wp-caption aligncenter\"><img loading=\"lazy\" decoding=\"async\" class=\"size-singlePost wp-image-123886\" src=\"https:\/\/www.salzburgerland.com\/de\/magazin\/wp-content\/uploads\/2018\/06\/grossglockner-hochalpenstrasse-10-650x435.jpg\" alt=\"\" width=\"650\" height=\"435\" \/><figcaption id=\"caption-attachment-123886\" class=\"wp-caption-text\">Bereits bei der Einfahrt zur Gro\u00dfglockner Hochalpenstra\u00dfe warten beeindruckende Ausblicke<\/figcaption><\/figure>\n<h3><strong>\u00a0Ein Tag auf der Gro\u00dfglockner Hochalpenstra\u00dfe<\/strong><\/h3>\n<p>Der Gro\u00dfglockner ist ein erfahr- und erlebbares Naturparadies. Bereits der Weg durch den Pinzgau ist ein Erlebnis f\u00fcr sich, beim Abbiegen nach Fusch sp\u00fcrt man schon: Seine Majest\u00e4t kommt n\u00e4her! Links und recht ist das Tal ges\u00e4umt von hohen Bergen, sattgr\u00fcnen Wiesen und herrlicher Natur. Bei der Mautstelle zur Gro\u00dfglockner Hochalpenstra\u00dfe erh\u00e4lt man neben einem freundlichen L\u00e4cheln auch eine \u00dcbersichtsbrosch\u00fcre mit genauem Plan von allen Highlights entlang des Weges. \u00dcber 36 Kehren geht es dann hinauf, doch um den einen oder anderen Halt an einem der zahlreichen Parkpl\u00e4tze kommt man nicht herum. Viel zu sch\u00f6n ist die umliegende Landschaft, als dass man einfach weiter fahren k\u00f6nnte. Zeit sollte man also genug mitbringen. Zeit zum Stehenbleiben, Zeit zum Schauen, Zeit zum Staunen. Wie hat die Natur es nur blo\u00df geschafft, solch eine Vielfalt und solch ein Paradies hervorzubringen? Stundenlang k\u00f6nnte man dar\u00fcber philosophieren. Dieses Paradies zieht neben passionierten Autofahrern (viele Cabrios) und Motoradfans vor allem Rennradfahrer an. Kein Wunder, denn wenn der schwei\u00dftreibende Sport mit solchen Ausblicken belohnt wird, fallen auch die 12 Prozent Steigung nicht mehr ganz so schwer. Entlang der Gro\u00dfglockner Hochalpenstra\u00dfe gibt es viel zu entdecken. In speziellen Ausstellungen, Erkl\u00e4rwegen und Museen wird viel erz\u00e4hlt \u00fcber den Bau der Hochalpenstra\u00dfe im Jahr 1935, \u00fcber die Geschichte dieser Sehensw\u00fcrdigkeit, \u00fcber die artenreiche Flora und Fauna. Ein besonderer H\u00f6hepunkt sind die frechen Bewohner der umliegenden Almwelt: Die Murmeltiere! Wer genau schaut, kann auch einen Steinbock entdecken.<\/p>\n<p><figure id=\"attachment_123884\" aria-describedby=\"caption-attachment-123884\" style=\"width: 650px\" class=\"wp-caption aligncenter\"><img loading=\"lazy\" decoding=\"async\" class=\"size-singlePost wp-image-123884\" src=\"https:\/\/www.salzburgerland.com\/de\/magazin\/wp-content\/uploads\/2018\/06\/grossglockner-hochalpenstrasse-8-650x435.jpg\" alt=\"\" width=\"650\" height=\"435\" \/><figcaption id=\"caption-attachment-123884\" class=\"wp-caption-text\">Kurvenreiche Stra\u00dfen locken Motorradfahrer, Sportw\u00e4gen und Genussfahrer.<\/figcaption><\/figure> <figure id=\"attachment_123881\" aria-describedby=\"caption-attachment-123881\" style=\"width: 650px\" class=\"wp-caption aligncenter\"><img loading=\"lazy\" decoding=\"async\" class=\"size-singlePost wp-image-123881\" src=\"https:\/\/www.salzburgerland.com\/de\/magazin\/wp-content\/uploads\/2018\/06\/grossglockner-hochalpenstrasse-4-650x435.jpg\" alt=\"\" width=\"650\" height=\"435\" \/><figcaption id=\"caption-attachment-123881\" class=\"wp-caption-text\">Noch 21 km bis zum Gipfel<\/figcaption><\/figure> <figure id=\"attachment_123879\" aria-describedby=\"caption-attachment-123879\" style=\"width: 650px\" class=\"wp-caption aligncenter\"><img loading=\"lazy\" decoding=\"async\" class=\"size-singlePost wp-image-123879\" src=\"https:\/\/www.salzburgerland.com\/de\/magazin\/wp-content\/uploads\/2018\/06\/grossglockner-hochaloenstrasse-7-650x435.jpg\" alt=\"\" width=\"650\" height=\"435\" \/><figcaption id=\"caption-attachment-123879\" class=\"wp-caption-text\">Das Fuscher T\u00f6rl: Ziel f\u00fcr viele Radfahrer<\/figcaption><\/figure><\/p>\n<h3>Hinauf zum h\u00f6chsten Punkt der Alpen<\/h3>\n<p>Zur kulinarischen Einkehr bitten mehrere H\u00fctten. Direkt neben dem Fuscher T\u00f6rl, einem der beliebtesten Ziele f\u00fcr die Ausdauersportler, liegt auch ein kulinarischer H\u00f6hepunkt. Die <a href=\"http:\/\/www.edelweissspitze.at\/de\/\" target=\"_blank\" rel=\"noopener noreferrer\">Edelwei\u00dfh\u00fctte<\/a>, die sich mit ihrer Lage auf 2.571 Metern Seeh\u00f6he am h\u00f6chsten mit dem Auto erreichbaren Punkt der Alpen befindet. Bereits in dritter Generation f\u00fchrt die Wirtsfamilie Lederer diese Genussadresse. Wer m\u00f6chte, kann hier auch \u00fcbernachten und einen atemberaubenden Sonnenuntergang, umgeben von 34 Dreitausendern erleben.<\/p>\n<p>Dem Alpenk\u00f6nig am n\u00e4chsten kommt man \u00fcbrigens auf der Franz-Josef-H\u00f6he. Dort, wo die Pasterze in einen Gletschersee m\u00fcndet, l\u00e4dt auch spannender Rundwanderweg zum Entdecken ein. Der Ausblick ist hier, wie \u00fcberall auf der Hochalpenstra\u00dfe, einfach umwerfend.<\/p>\n<figure id=\"attachment_123880\" aria-describedby=\"caption-attachment-123880\" style=\"width: 650px\" class=\"wp-caption aligncenter\"><img loading=\"lazy\" decoding=\"async\" class=\"size-singlePost wp-image-123880\" src=\"https:\/\/www.salzburgerland.com\/de\/magazin\/wp-content\/uploads\/2018\/06\/grossglockner-hochalpenstrasse--650x435.jpg\" alt=\"\" width=\"650\" height=\"435\" \/><figcaption id=\"caption-attachment-123880\" class=\"wp-caption-text\">Atemberaubende Blicke am Fu\u00dfe des Gro\u00dfglockners<\/figcaption><\/figure>\n<p>Die Gro\u00dfglockner Hochalpenstra\u00dfe hat von Anfang Mai bis Anfang November ge\u00f6ffnet. N\u00e4here Infos: <a href=\"http:\/\/www.gro\u00dfglockner.at\" target=\"_blank\" rel=\"noopener noreferrer\">www.gro\u00dfglockner.at<\/a><\/p>\n<p>Fotos\u00a0\u00a9 Magdalena Lublasser<\/p>\n<p>Tolle Eindr\u00fccke gibt es in unserem Video:\u00a0<\/p>\n<p><iframe loading=\"lazy\" title=\"Logenplatz: Im Bann Ihrer Majest\u00e4t - Erlebnis Gro\u00dfglockner Hochalpenstra\u00dfe\" width=\"640\" height=\"360\" src=\"https:\/\/www.youtube-nocookie.com\/embed\/uC9jaFe7Q8g?feature=oembed&#038;rel=0&#038;modestbranding=1\" frameborder=\"0\" allow=\"accelerometer; autoplay; clipboard-write; encrypted-media; gyroscope; picture-in-picture; web-share\" referrerpolicy=\"strict-origin-when-cross-origin\" allowfullscreen><\/iframe><\/p>\n","protected":false},"excerpt":{"rendered":"<p>Die Gro\u00dfglockner Hochalpenstra\u00dfe geh\u00f6rt zu den beliebtesten Ausflugszielen in ganz \u00d6sterreich. Wer das SalzburgerLand besucht, hat die Gro\u00dfglockner Hochalpenstra\u00dfe bestimmt auf der Must-See-Liste. W\u00e4hrend im Tal schon die Badesaison er\u00f6ffnet hat, ist dort oben in luftiger H\u00f6he alles ein bisschen verz\u00f6gert. Die Schneer\u00e4um-Fahrzeuge erledigen Anfang Juni noch ihre letzten Dienste, damit auch der Rest des [&hellip;]<\/p>\n","protected":false},"author":482,"featured_media":123879,"comment_status":"open","ping_status":"open","sticky":false,"template":"","format":"standard","meta":{"_acf_changed":false,"wl_entities_gutenberg":"","_wl_entity_redirect_enabled":"","footnotes":""},"categories":[9],"tags":[],"wl_entity_type":[306],"monatsauswahl":[87,88,89,90,91],"class_list":["post-123219","post","type-post","status-publish","format-standard","has-post-thumbnail","hentry","category-sehenswurdig","wl_entity_type-article","monatsauswahl-monat_6","monatsauswahl-monat_7","monatsauswahl-monat_8","monatsauswahl-monat_9","monatsauswahl-monat_10"],"acf":[],"yoast_head":"<!-- This site is optimized with the Yoast SEO Premium plugin v27.4 (Yoast SEO v27.4) - https:\/\/yoast.com\/product\/yoast-seo-premium-wordpress\/ -->\n<title>Der Sommer h\u00e4lt Einzug am Gro\u00dfglockner - SalzburgerLand Magazin<\/title>\n<meta name=\"description\" content=\"Die Gro\u00dfglockner Hochalpenstra\u00dfe geh\u00f6rt zu den beliebtesten Ausflugszielen in ganz \u00d6sterreich. Wer das SalzburgerLand besucht, hat die Gro\u00dfglockner Hochalpenstra\u00dfe bestimmt auf der Must-See-Liste. W\u00e4hrend im Tal schon die Badesaison er\u00f6ffnet hat, ist dort oben in luftiger H\u00f6he alles ein bisschen verz\u00f6gert. Die Schneer\u00e4um-Fahrzeuge erledigen Anfang Juni noch ihre letzten Dienste, damit auch der Rest des [&hellip;]\" \/>\n<meta name=\"robots\" content=\"index, follow, max-snippet:-1, max-image-preview:large, max-video-preview:-1\" \/>\n<link rel=\"canonical\" href=\"https:\/\/www.salzburgerland.com\/de\/magazin\/der-sommer-haelt-einzug-am-grossglockner\/\" \/>\n<meta property=\"og:locale\" content=\"de_DE\" \/>\n<meta property=\"og:type\" content=\"article\" \/>\n<meta property=\"og:title\" content=\"Der Sommer h\u00e4lt Einzug am Gro\u00dfglockner\" \/>\n<meta property=\"og:description\" content=\"Die Gro\u00dfglockner Hochalpenstra\u00dfe geh\u00f6rt zu den beliebtesten Ausflugszielen in ganz \u00d6sterreich. Wer das SalzburgerLand besucht, hat die Gro\u00dfglockner Hochalpenstra\u00dfe bestimmt auf der Must-See-Liste. W\u00e4hrend im Tal schon die Badesaison er\u00f6ffnet hat, ist dort oben in luftiger H\u00f6he alles ein bisschen verz\u00f6gert. Die Schneer\u00e4um-Fahrzeuge erledigen Anfang Juni noch ihre letzten Dienste, damit auch der Rest des [&hellip;]\" \/>\n<meta property=\"og:url\" content=\"https:\/\/www.salzburgerland.com\/de\/magazin\/der-sommer-haelt-einzug-am-grossglockner\/\" \/>\n<meta property=\"og:site_name\" content=\"SalzburgerLand Magazin\" \/>\n<meta property=\"article:publisher\" content=\"https:\/\/www.facebook.com\/salzburgerland\/\" \/>\n<meta property=\"article:published_time\" content=\"2018-06-16T06:00:25+00:00\" \/>\n<meta property=\"article:modified_time\" content=\"2019-06-26T16:28:08+00:00\" \/>\n<meta property=\"og:image\" content=\"https:\/\/www.salzburgerland.com\/de\/magazin\/wp-content\/uploads\/2018\/06\/grossglockner-hochaloenstrasse-7.jpg\" \/>\n\t<meta property=\"og:image:width\" content=\"1600\" \/>\n\t<meta property=\"og:image:height\" content=\"1153\" \/>\n\t<meta property=\"og:image:type\" content=\"image\/jpeg\" \/>\n<meta name=\"author\" content=\"Magdalena Lublasser-Fazal\" \/>\n<meta name=\"twitter:card\" content=\"summary_large_image\" \/>\n<meta name=\"twitter:creator\" content=\"@Salzburgerland\" \/>\n<meta name=\"twitter:site\" content=\"@Salzburgerland\" \/>\n<meta name=\"twitter:label1\" content=\"Verfasst von\" \/>\n\t<meta name=\"twitter:data1\" content=\"Magdalena Lublasser-Fazal\" \/>\n\t<meta name=\"twitter:label2\" content=\"Gesch\u00e4tzte Lesezeit\" \/>\n\t<meta name=\"twitter:data2\" content=\"3\u00a0Minuten\" \/>\n<script type=\"application\/ld+json\" class=\"yoast-schema-graph\">{\"@context\":\"https:\\\/\\\/schema.org\",\"@graph\":[{\"@type\":\"Article\",\"@id\":\"https:\\\/\\\/www.salzburgerland.com\\\/de\\\/magazin\\\/der-sommer-haelt-einzug-am-grossglockner\\\/#article\",\"isPartOf\":{\"@id\":\"https:\\\/\\\/www.salzburgerland.com\\\/de\\\/magazin\\\/der-sommer-haelt-einzug-am-grossglockner\\\/\"},\"author\":{\"name\":\"Magdalena Lublasser-Fazal\",\"@id\":\"https:\\\/\\\/www.salzburgerland.com\\\/de\\\/magazin\\\/#\\\/schema\\\/person\\\/f4e5670b6a3cc9fcea30e5908634464b\"},\"headline\":\"Der Sommer h\u00e4lt Einzug am Gro\u00dfglockner\",\"datePublished\":\"2018-06-16T06:00:25+00:00\",\"dateModified\":\"2019-06-26T16:28:08+00:00\",\"mainEntityOfPage\":{\"@id\":\"https:\\\/\\\/www.salzburgerland.com\\\/de\\\/magazin\\\/der-sommer-haelt-einzug-am-grossglockner\\\/\"},\"wordCount\":598,\"commentCount\":0,\"publisher\":{\"@id\":\"https:\\\/\\\/www.salzburgerland.com\\\/de\\\/magazin\\\/#organization\"},\"image\":{\"@id\":\"https:\\\/\\\/www.salzburgerland.com\\\/de\\\/magazin\\\/der-sommer-haelt-einzug-am-grossglockner\\\/#primaryimage\"},\"thumbnailUrl\":\"https:\\\/\\\/www.salzburgerland.com\\\/de\\\/magazin\\\/wp-content\\\/uploads\\\/2018\\\/06\\\/grossglockner-hochaloenstrasse-7.jpg\",\"articleSection\":[\"Sehensw\u00fcrdig\"],\"inLanguage\":\"de\",\"potentialAction\":[{\"@type\":\"CommentAction\",\"name\":\"Comment\",\"target\":[\"https:\\\/\\\/www.salzburgerland.com\\\/de\\\/magazin\\\/der-sommer-haelt-einzug-am-grossglockner\\\/#respond\"]}]},{\"@type\":\"WebPage\",\"@id\":\"https:\\\/\\\/www.salzburgerland.com\\\/de\\\/magazin\\\/der-sommer-haelt-einzug-am-grossglockner\\\/\",\"url\":\"https:\\\/\\\/www.salzburgerland.com\\\/de\\\/magazin\\\/der-sommer-haelt-einzug-am-grossglockner\\\/\",\"name\":\"Der Sommer h\u00e4lt Einzug am Gro\u00dfglockner - SalzburgerLand Magazin\",\"isPartOf\":{\"@id\":\"https:\\\/\\\/www.salzburgerland.com\\\/de\\\/magazin\\\/#website\"},\"primaryImageOfPage\":{\"@id\":\"https:\\\/\\\/www.salzburgerland.com\\\/de\\\/magazin\\\/der-sommer-haelt-einzug-am-grossglockner\\\/#primaryimage\"},\"image\":{\"@id\":\"https:\\\/\\\/www.salzburgerland.com\\\/de\\\/magazin\\\/der-sommer-haelt-einzug-am-grossglockner\\\/#primaryimage\"},\"thumbnailUrl\":\"https:\\\/\\\/www.salzburgerland.com\\\/de\\\/magazin\\\/wp-content\\\/uploads\\\/2018\\\/06\\\/grossglockner-hochaloenstrasse-7.jpg\",\"datePublished\":\"2018-06-16T06:00:25+00:00\",\"dateModified\":\"2019-06-26T16:28:08+00:00\",\"breadcrumb\":{\"@id\":\"https:\\\/\\\/www.salzburgerland.com\\\/de\\\/magazin\\\/der-sommer-haelt-einzug-am-grossglockner\\\/#breadcrumb\"},\"inLanguage\":\"de\",\"potentialAction\":[{\"@type\":\"ReadAction\",\"target\":[\"https:\\\/\\\/www.salzburgerland.com\\\/de\\\/magazin\\\/der-sommer-haelt-einzug-am-grossglockner\\\/\"]}]},{\"@type\":\"ImageObject\",\"inLanguage\":\"de\",\"@id\":\"https:\\\/\\\/www.salzburgerland.com\\\/de\\\/magazin\\\/der-sommer-haelt-einzug-am-grossglockner\\\/#primaryimage\",\"url\":\"https:\\\/\\\/www.salzburgerland.com\\\/de\\\/magazin\\\/wp-content\\\/uploads\\\/2018\\\/06\\\/grossglockner-hochaloenstrasse-7.jpg\",\"contentUrl\":\"https:\\\/\\\/www.salzburgerland.com\\\/de\\\/magazin\\\/wp-content\\\/uploads\\\/2018\\\/06\\\/grossglockner-hochaloenstrasse-7.jpg\",\"width\":1600,\"height\":1153,\"caption\":\"Das Fuscher T\u00f6rl\"},{\"@type\":\"BreadcrumbList\",\"@id\":\"https:\\\/\\\/www.salzburgerland.com\\\/de\\\/magazin\\\/der-sommer-haelt-einzug-am-grossglockner\\\/#breadcrumb\",\"itemListElement\":[{\"@type\":\"ListItem\",\"position\":1,\"name\":\"Startseite\",\"item\":\"https:\\\/\\\/www.salzburgerland.com\\\/de\\\/magazin\\\/\"},{\"@type\":\"ListItem\",\"position\":2,\"name\":\"Sehensw\u00fcrdig\",\"item\":\"https:\\\/\\\/www.salzburgerland.com\\\/de\\\/magazin\\\/thema\\\/sehenswurdig\\\/\"},{\"@type\":\"ListItem\",\"position\":3,\"name\":\"Der Sommer h\u00e4lt Einzug am Gro\u00dfglockner\"}]},{\"@type\":\"WebSite\",\"@id\":\"https:\\\/\\\/www.salzburgerland.com\\\/de\\\/magazin\\\/#website\",\"url\":\"https:\\\/\\\/www.salzburgerland.com\\\/de\\\/magazin\\\/\",\"name\":\"SalzburgerLand Magazin\",\"description\":\"Geschichten und Interessantes aus dem SalzburgerLand\",\"publisher\":{\"@id\":\"https:\\\/\\\/www.salzburgerland.com\\\/de\\\/magazin\\\/#organization\"},\"potentialAction\":[{\"@type\":\"SearchAction\",\"target\":{\"@type\":\"EntryPoint\",\"urlTemplate\":\"https:\\\/\\\/www.salzburgerland.com\\\/de\\\/magazin\\\/?s={search_term_string}\"},\"query-input\":{\"@type\":\"PropertyValueSpecification\",\"valueRequired\":true,\"valueName\":\"search_term_string\"}}],\"inLanguage\":\"de\"},{\"@type\":\"Organization\",\"@id\":\"https:\\\/\\\/www.salzburgerland.com\\\/de\\\/magazin\\\/#organization\",\"name\":\"SalzburgerLand Tourismus\",\"url\":\"https:\\\/\\\/www.salzburgerland.com\\\/de\\\/magazin\\\/\",\"logo\":{\"@type\":\"ImageObject\",\"inLanguage\":\"de\",\"@id\":\"https:\\\/\\\/www.salzburgerland.com\\\/de\\\/magazin\\\/#\\\/schema\\\/logo\\\/image\\\/\",\"url\":\"https:\\\/\\\/www.salzburgerland.com\\\/de\\\/magazin\\\/wp-content\\\/uploads\\\/2019\\\/06\\\/salzburgerland-logo1.jpg\",\"contentUrl\":\"https:\\\/\\\/www.salzburgerland.com\\\/de\\\/magazin\\\/wp-content\\\/uploads\\\/2019\\\/06\\\/salzburgerland-logo1.jpg\",\"width\":2011,\"height\":866,\"caption\":\"SalzburgerLand Tourismus\"},\"image\":{\"@id\":\"https:\\\/\\\/www.salzburgerland.com\\\/de\\\/magazin\\\/#\\\/schema\\\/logo\\\/image\\\/\"},\"sameAs\":[\"https:\\\/\\\/www.facebook.com\\\/salzburgerland\\\/\",\"https:\\\/\\\/x.com\\\/Salzburgerland\",\"https:\\\/\\\/www.instagram.com\\\/salzburgerland\\\/\",\"https:\\\/\\\/at.linkedin.com\\\/company\\\/salzburgerland-tourismus-gmbh\",\"https:\\\/\\\/www.pinterest.at\\\/salzburgerland\\\/\",\"https:\\\/\\\/www.youtube.com\\\/user\\\/salzburgerland\",\"https:\\\/\\\/de.wikipedia.org\\\/wiki\\\/SalzburgerLand_Tourismus_GmbH\"]},{\"@type\":\"Person\",\"@id\":\"https:\\\/\\\/www.salzburgerland.com\\\/de\\\/magazin\\\/#\\\/schema\\\/person\\\/f4e5670b6a3cc9fcea30e5908634464b\",\"name\":\"Magdalena Lublasser-Fazal\",\"description\":\"Geboren im sch\u00f6nen Pinzgau, aufgewachsen in der kulturtr\u00e4chtigen Salzburger Altstadt und sesshaft geworden im Flachgau ist Magdalena Fazal-Ahmad ein Salzburgerin mit Leib und Seele. Dabei ist es die einzigartige Mischung, die f\u00fcr sie die Faszination ihrer Heimat ausmacht. An einem fr\u00fchen Fr\u00fchlingsmorgen den Sonnenaufgang hinter den Berggipfeln erleben, mit dem Fahrrad durch die Altstadt radeln und dabei Geschichte und Architektur bewundern und den Nachmittagskaffee auf der Sonnenterasse am M\u00f6nchsberg genie\u00dfen - so sieht ihr perfekter Tag aus. Wenn der Abend dann noch mit einem Sonnenuntergang am Gaisberg ausklingt, ist die Idylle perfekt.\u00a0 In Ihrer Freizeit besch\u00e4ftigt sie sich gerne mit Sport, Kultur, Kulinarik und Tradition. Und gl\u00fccklicherweise kann sie diese Interessen in ihrer Berufung als Freie Journalistin so sch\u00f6n vereinen. Fr\u00fchling, Sommer, Herbst oder Winter? Jede Jahreszeit hat ihre sch\u00f6nen Seiten und gerade diese Vielfalt ist es, die mir bestimmt abgehen w\u00fcrde, wenn ich in einer anderen Klimazone wohnen w\u00fcrde. Meine Mama sagt immer, das man die Jahreszeit am liebsten mag, in der man geboren ist. Und als M\u00e4rz-Kind hab ich den Fr\u00fchling schon besonders gerne. Morgen- oder Abendmensch? Definitiv Morgenmensch! Nichts ist sch\u00f6ner, als das Gef\u00fchl bereits vor Sonnenaufgang unterwegs zu sein und die einzigartige Stimmung beim Morgenlauf zu genie\u00dfen. So kann der Tag nur gut werden. Den Abend lasse ich am liebsten gem\u00fctlich bei einer Tasse Tee ausklingen. Salzburger Nockerl oder Schwarzbeernocken? Auch wenn der s\u00fc\u00dfe Eischnee f\u00fcr die imposanten Gipfel der Salzburger Berge steht sind mir die Schwarzbeernocken schon lieber - weniger s\u00fc\u00df und daf\u00fcr umso fruchtiger. Am besten schmecken sie nat\u00fcrlich mit selbstgepfl\u00fcckten Schwoazbeern von der morgendlichen Almwanderung. Haubenlokal oder Ab-Hof-Laden? So ein f\u00fcnf G\u00e4nge Men\u00fc mit ausgefallenen Kreationen ist schon ein besonderes Erlebnis und ein Mal im Jahr freue ich mich \u00fcber einen Ausflug in die Haute Cuisine. Der w\u00f6chentlichen Einkauf beim Bauern ums Eck ist ein fixer Bestandteil meines Alltags. Mountainbike oder Rennrad? Je nach Stimmung: Zum richtigen Auspowern und Wadlst\u00e4hlen geht`s mit dem Mountainbike \u00fcber Stock und Stein auf den Gaisberg, um den Kopf frei zu machen wird mit dem Rennrad eine Runde durchs Salzburger Seengebiet gedreht. &nbsp; &nbsp; &nbsp; &nbsp;\",\"url\":\"https:\\\/\\\/www.salzburgerland.com\\\/de\\\/magazin\\\/author\\\/magdalena-lublasser-fazal\\\/\"}]}<\/script>\n<meta property=\"og:video\" content=\"https:\/\/www.youtube.com\/embed\/uC9jaFe7Q8g\" \/>\n<meta property=\"og:video:type\" content=\"text\/html\" \/>\n<meta property=\"og:video:duration\" content=\"70\" \/>\n<meta property=\"og:video:width\" content=\"480\" \/>\n<meta property=\"og:video:height\" content=\"270\" \/>\n<meta property=\"ya:ovs:adult\" content=\"false\" \/>\n<meta property=\"ya:ovs:upload_date\" content=\"2018-06-16T06:00:25+00:00\" \/>\n<meta property=\"ya:ovs:allow_embed\" content=\"true\" \/>\n<!-- \/ Yoast SEO Premium plugin. -->","yoast_head_json":{"title":"Der Sommer h\u00e4lt Einzug am Gro\u00dfglockner - SalzburgerLand Magazin","description":"Die Gro\u00dfglockner Hochalpenstra\u00dfe geh\u00f6rt zu den beliebtesten Ausflugszielen in ganz \u00d6sterreich. Wer das SalzburgerLand besucht, hat die Gro\u00dfglockner Hochalpenstra\u00dfe bestimmt auf der Must-See-Liste. W\u00e4hrend im Tal schon die Badesaison er\u00f6ffnet hat, ist dort oben in luftiger H\u00f6he alles ein bisschen verz\u00f6gert. Die Schneer\u00e4um-Fahrzeuge erledigen Anfang Juni noch ihre letzten Dienste, damit auch der Rest des [&hellip;]","robots":{"index":"index","follow":"follow","max-snippet":"max-snippet:-1","max-image-preview":"max-image-preview:large","max-video-preview":"max-video-preview:-1"},"canonical":"https:\/\/www.salzburgerland.com\/de\/magazin\/der-sommer-haelt-einzug-am-grossglockner\/","og_locale":"de_DE","og_type":"article","og_title":"Der Sommer h\u00e4lt Einzug am Gro\u00dfglockner","og_description":"Die Gro\u00dfglockner Hochalpenstra\u00dfe geh\u00f6rt zu den beliebtesten Ausflugszielen in ganz \u00d6sterreich. Wer das SalzburgerLand besucht, hat die Gro\u00dfglockner Hochalpenstra\u00dfe bestimmt auf der Must-See-Liste. W\u00e4hrend im Tal schon die Badesaison er\u00f6ffnet hat, ist dort oben in luftiger H\u00f6he alles ein bisschen verz\u00f6gert. Die Schneer\u00e4um-Fahrzeuge erledigen Anfang Juni noch ihre letzten Dienste, damit auch der Rest des [&hellip;]","og_url":"https:\/\/www.salzburgerland.com\/de\/magazin\/der-sommer-haelt-einzug-am-grossglockner\/","og_site_name":"SalzburgerLand Magazin","article_publisher":"https:\/\/www.facebook.com\/salzburgerland\/","article_published_time":"2018-06-16T06:00:25+00:00","article_modified_time":"2019-06-26T16:28:08+00:00","og_image":[{"width":1600,"height":1153,"url":"https:\/\/www.salzburgerland.com\/de\/magazin\/wp-content\/uploads\/2018\/06\/grossglockner-hochaloenstrasse-7.jpg","type":"image\/jpeg"}],"author":"Magdalena Lublasser-Fazal","twitter_card":"summary_large_image","twitter_creator":"@Salzburgerland","twitter_site":"@Salzburgerland","twitter_misc":{"Verfasst von":"Magdalena Lublasser-Fazal","Gesch\u00e4tzte Lesezeit":"3\u00a0Minuten"},"schema":{"@context":"https:\/\/schema.org","@graph":[{"@type":"Article","@id":"https:\/\/www.salzburgerland.com\/de\/magazin\/der-sommer-haelt-einzug-am-grossglockner\/#article","isPartOf":{"@id":"https:\/\/www.salzburgerland.com\/de\/magazin\/der-sommer-haelt-einzug-am-grossglockner\/"},"author":{"name":"Magdalena Lublasser-Fazal","@id":"https:\/\/www.salzburgerland.com\/de\/magazin\/#\/schema\/person\/f4e5670b6a3cc9fcea30e5908634464b"},"headline":"Der Sommer h\u00e4lt Einzug am Gro\u00dfglockner","datePublished":"2018-06-16T06:00:25+00:00","dateModified":"2019-06-26T16:28:08+00:00","mainEntityOfPage":{"@id":"https:\/\/www.salzburgerland.com\/de\/magazin\/der-sommer-haelt-einzug-am-grossglockner\/"},"wordCount":598,"commentCount":0,"publisher":{"@id":"https:\/\/www.salzburgerland.com\/de\/magazin\/#organization"},"image":{"@id":"https:\/\/www.salzburgerland.com\/de\/magazin\/der-sommer-haelt-einzug-am-grossglockner\/#primaryimage"},"thumbnailUrl":"https:\/\/www.salzburgerland.com\/de\/magazin\/wp-content\/uploads\/2018\/06\/grossglockner-hochaloenstrasse-7.jpg","articleSection":["Sehensw\u00fcrdig"],"inLanguage":"de","potentialAction":[{"@type":"CommentAction","name":"Comment","target":["https:\/\/www.salzburgerland.com\/de\/magazin\/der-sommer-haelt-einzug-am-grossglockner\/#respond"]}]},{"@type":"WebPage","@id":"https:\/\/www.salzburgerland.com\/de\/magazin\/der-sommer-haelt-einzug-am-grossglockner\/","url":"https:\/\/www.salzburgerland.com\/de\/magazin\/der-sommer-haelt-einzug-am-grossglockner\/","name":"Der Sommer h\u00e4lt Einzug am Gro\u00dfglockner - SalzburgerLand Magazin","isPartOf":{"@id":"https:\/\/www.salzburgerland.com\/de\/magazin\/#website"},"primaryImageOfPage":{"@id":"https:\/\/www.salzburgerland.com\/de\/magazin\/der-sommer-haelt-einzug-am-grossglockner\/#primaryimage"},"image":{"@id":"https:\/\/www.salzburgerland.com\/de\/magazin\/der-sommer-haelt-einzug-am-grossglockner\/#primaryimage"},"thumbnailUrl":"https:\/\/www.salzburgerland.com\/de\/magazin\/wp-content\/uploads\/2018\/06\/grossglockner-hochaloenstrasse-7.jpg","datePublished":"2018-06-16T06:00:25+00:00","dateModified":"2019-06-26T16:28:08+00:00","breadcrumb":{"@id":"https:\/\/www.salzburgerland.com\/de\/magazin\/der-sommer-haelt-einzug-am-grossglockner\/#breadcrumb"},"inLanguage":"de","potentialAction":[{"@type":"ReadAction","target":["https:\/\/www.salzburgerland.com\/de\/magazin\/der-sommer-haelt-einzug-am-grossglockner\/"]}]},{"@type":"ImageObject","inLanguage":"de","@id":"https:\/\/www.salzburgerland.com\/de\/magazin\/der-sommer-haelt-einzug-am-grossglockner\/#primaryimage","url":"https:\/\/www.salzburgerland.com\/de\/magazin\/wp-content\/uploads\/2018\/06\/grossglockner-hochaloenstrasse-7.jpg","contentUrl":"https:\/\/www.salzburgerland.com\/de\/magazin\/wp-content\/uploads\/2018\/06\/grossglockner-hochaloenstrasse-7.jpg","width":1600,"height":1153,"caption":"Das Fuscher T\u00f6rl"},{"@type":"BreadcrumbList","@id":"https:\/\/www.salzburgerland.com\/de\/magazin\/der-sommer-haelt-einzug-am-grossglockner\/#breadcrumb","itemListElement":[{"@type":"ListItem","position":1,"name":"Startseite","item":"https:\/\/www.salzburgerland.com\/de\/magazin\/"},{"@type":"ListItem","position":2,"name":"Sehensw\u00fcrdig","item":"https:\/\/www.salzburgerland.com\/de\/magazin\/thema\/sehenswurdig\/"},{"@type":"ListItem","position":3,"name":"Der Sommer h\u00e4lt Einzug am Gro\u00dfglockner"}]},{"@type":"WebSite","@id":"https:\/\/www.salzburgerland.com\/de\/magazin\/#website","url":"https:\/\/www.salzburgerland.com\/de\/magazin\/","name":"SalzburgerLand Magazin","description":"Geschichten und Interessantes aus dem SalzburgerLand","publisher":{"@id":"https:\/\/www.salzburgerland.com\/de\/magazin\/#organization"},"potentialAction":[{"@type":"SearchAction","target":{"@type":"EntryPoint","urlTemplate":"https:\/\/www.salzburgerland.com\/de\/magazin\/?s={search_term_string}"},"query-input":{"@type":"PropertyValueSpecification","valueRequired":true,"valueName":"search_term_string"}}],"inLanguage":"de"},{"@type":"Organization","@id":"https:\/\/www.salzburgerland.com\/de\/magazin\/#organization","name":"SalzburgerLand Tourismus","url":"https:\/\/www.salzburgerland.com\/de\/magazin\/","logo":{"@type":"ImageObject","inLanguage":"de","@id":"https:\/\/www.salzburgerland.com\/de\/magazin\/#\/schema\/logo\/image\/","url":"https:\/\/www.salzburgerland.com\/de\/magazin\/wp-content\/uploads\/2019\/06\/salzburgerland-logo1.jpg","contentUrl":"https:\/\/www.salzburgerland.com\/de\/magazin\/wp-content\/uploads\/2019\/06\/salzburgerland-logo1.jpg","width":2011,"height":866,"caption":"SalzburgerLand Tourismus"},"image":{"@id":"https:\/\/www.salzburgerland.com\/de\/magazin\/#\/schema\/logo\/image\/"},"sameAs":["https:\/\/www.facebook.com\/salzburgerland\/","https:\/\/x.com\/Salzburgerland","https:\/\/www.instagram.com\/salzburgerland\/","https:\/\/at.linkedin.com\/company\/salzburgerland-tourismus-gmbh","https:\/\/www.pinterest.at\/salzburgerland\/","https:\/\/www.youtube.com\/user\/salzburgerland","https:\/\/de.wikipedia.org\/wiki\/SalzburgerLand_Tourismus_GmbH"]},{"@type":"Person","@id":"https:\/\/www.salzburgerland.com\/de\/magazin\/#\/schema\/person\/f4e5670b6a3cc9fcea30e5908634464b","name":"Magdalena Lublasser-Fazal","description":"Geboren im sch\u00f6nen Pinzgau, aufgewachsen in der kulturtr\u00e4chtigen Salzburger Altstadt und sesshaft geworden im Flachgau ist Magdalena Fazal-Ahmad ein Salzburgerin mit Leib und Seele. Dabei ist es die einzigartige Mischung, die f\u00fcr sie die Faszination ihrer Heimat ausmacht. An einem fr\u00fchen Fr\u00fchlingsmorgen den Sonnenaufgang hinter den Berggipfeln erleben, mit dem Fahrrad durch die Altstadt radeln und dabei Geschichte und Architektur bewundern und den Nachmittagskaffee auf der Sonnenterasse am M\u00f6nchsberg genie\u00dfen - so sieht ihr perfekter Tag aus. Wenn der Abend dann noch mit einem Sonnenuntergang am Gaisberg ausklingt, ist die Idylle perfekt.\u00a0 In Ihrer Freizeit besch\u00e4ftigt sie sich gerne mit Sport, Kultur, Kulinarik und Tradition. Und gl\u00fccklicherweise kann sie diese Interessen in ihrer Berufung als Freie Journalistin so sch\u00f6n vereinen. Fr\u00fchling, Sommer, Herbst oder Winter? Jede Jahreszeit hat ihre sch\u00f6nen Seiten und gerade diese Vielfalt ist es, die mir bestimmt abgehen w\u00fcrde, wenn ich in einer anderen Klimazone wohnen w\u00fcrde. Meine Mama sagt immer, das man die Jahreszeit am liebsten mag, in der man geboren ist. Und als M\u00e4rz-Kind hab ich den Fr\u00fchling schon besonders gerne. Morgen- oder Abendmensch? Definitiv Morgenmensch! Nichts ist sch\u00f6ner, als das Gef\u00fchl bereits vor Sonnenaufgang unterwegs zu sein und die einzigartige Stimmung beim Morgenlauf zu genie\u00dfen. So kann der Tag nur gut werden. Den Abend lasse ich am liebsten gem\u00fctlich bei einer Tasse Tee ausklingen. Salzburger Nockerl oder Schwarzbeernocken? Auch wenn der s\u00fc\u00dfe Eischnee f\u00fcr die imposanten Gipfel der Salzburger Berge steht sind mir die Schwarzbeernocken schon lieber - weniger s\u00fc\u00df und daf\u00fcr umso fruchtiger. Am besten schmecken sie nat\u00fcrlich mit selbstgepfl\u00fcckten Schwoazbeern von der morgendlichen Almwanderung. Haubenlokal oder Ab-Hof-Laden? So ein f\u00fcnf G\u00e4nge Men\u00fc mit ausgefallenen Kreationen ist schon ein besonderes Erlebnis und ein Mal im Jahr freue ich mich \u00fcber einen Ausflug in die Haute Cuisine. Der w\u00f6chentlichen Einkauf beim Bauern ums Eck ist ein fixer Bestandteil meines Alltags. Mountainbike oder Rennrad? Je nach Stimmung: Zum richtigen Auspowern und Wadlst\u00e4hlen geht`s mit dem Mountainbike \u00fcber Stock und Stein auf den Gaisberg, um den Kopf frei zu machen wird mit dem Rennrad eine Runde durchs Salzburger Seengebiet gedreht. &nbsp; &nbsp; &nbsp; &nbsp;","url":"https:\/\/www.salzburgerland.com\/de\/magazin\/author\/magdalena-lublasser-fazal\/"}]},"og_video":"https:\/\/www.youtube.com\/embed\/uC9jaFe7Q8g","og_video_type":"text\/html","og_video_duration":"70","og_video_width":"480","og_video_height":"270","ya_ovs_adult":"false","ya_ovs_upload_date":"2018-06-16T06:00:25+00:00","ya_ovs_allow_embed":"true"},"_wl_alt_label":[],"wl:entity_url":"http:\/\/open.salzburgerland.com\/magazin\/post\/der_sommer_haelt_einzug_am_grossglockner","_links":{"self":[{"href":"https:\/\/www.salzburgerland.com\/de\/magazin\/wp-json\/wp\/v2\/posts\/123219","targetHints":{"allow":["GET"]}}],"collection":[{"href":"https:\/\/www.salzburgerland.com\/de\/magazin\/wp-json\/wp\/v2\/posts"}],"about":[{"href":"https:\/\/www.salzburgerland.com\/de\/magazin\/wp-json\/wp\/v2\/types\/post"}],"author":[{"embeddable":true,"href":"https:\/\/www.salzburgerland.com\/de\/magazin\/wp-json\/wp\/v2\/users\/482"}],"replies":[{"embeddable":true,"href":"https:\/\/www.salzburgerland.com\/de\/magazin\/wp-json\/wp\/v2\/comments?post=123219"}],"version-history":[{"count":0,"href":"https:\/\/www.salzburgerland.com\/de\/magazin\/wp-json\/wp\/v2\/posts\/123219\/revisions"}],"wp:featuredmedia":[{"embeddable":true,"href":"https:\/\/www.salzburgerland.com\/de\/magazin\/wp-json\/wp\/v2\/media\/123879"}],"wp:attachment":[{"href":"https:\/\/www.salzburgerland.com\/de\/magazin\/wp-json\/wp\/v2\/media?parent=123219"}],"wp:term":[{"taxonomy":"category","embeddable":true,"href":"https:\/\/www.salzburgerland.com\/de\/magazin\/wp-json\/wp\/v2\/categories?post=123219"},{"taxonomy":"post_tag","embeddable":true,"href":"https:\/\/www.salzburgerland.com\/de\/magazin\/wp-json\/wp\/v2\/tags?post=123219"},{"taxonomy":"wl_entity_type","embeddable":true,"href":"https:\/\/www.salzburgerland.com\/de\/magazin\/wp-json\/wp\/v2\/wl_entity_type?post=123219"},{"taxonomy":"monatsauswahl","embeddable":true,"href":"https:\/\/www.salzburgerland.com\/de\/magazin\/wp-json\/wp\/v2\/monatsauswahl?post=123219"}],"curies":[{"name":"wp","href":"https:\/\/api.w.org\/{rel}","templated":true}]}}