{"id":123140,"date":"2018-05-18T08:00:39","date_gmt":"2018-05-18T06:00:39","guid":{"rendered":"https:\/\/www.salzburgerland.com\/de\/magazin\/?p=123140"},"modified":"2023-06-22T08:22:41","modified_gmt":"2023-06-22T06:22:41","slug":"bewegt-das-neue-halleiner-aktivprogramm","status":"publish","type":"post","link":"https:\/\/www.salzburgerland.com\/de\/magazin\/bewegt-das-neue-halleiner-aktivprogramm\/","title":{"rendered":"Bewegt: das neue Halleiner Aktivprogramm"},"content":{"rendered":"<p><strong>\u00dcber saftige Bergwiesen wandern und vorbei an hochaufragenden Felsw\u00e4nden, die Stadt Hallein zu F\u00fc\u00dfen und die beeindruckende Bergwelt am Horizont: Das neue Halleiner Aktivprogramm bietet f\u00fcr Wanderbegeisterte und Naturliebhaber eine bunte Vielfalt an M\u00f6glichkeiten. Aber auch Freunde kulinarischer Gen\u00fcsse, historischer Stadtf\u00fchrungen, kultureller Highlights und mehr kommen beim Aktivprogramm voll auf ihre Kosten.<\/strong><\/p>\n<p>Wir haben uns aus der F\u00fclle an M\u00f6glichkeiten, die das <a href=\"http:\/\/www.hallein.com\/unterkuenfte-angebote\/449-aktivprogramm\" target=\"_blank\" rel=\"noopener noreferrer\">Halleiner Aktivprogramm<\/a> bietet, drei Angebote ausgesucht: Eine gef\u00fchrte Wanderung, ein Besuch im Keltendorf Salina und ein feines Picknick samt&nbsp;Picknickkorb am D\u00fcrrnberg.&nbsp;<\/p>\n<h3>Kommt, wir machen ein Picknick<\/h3>\n<p>Es ist Samstag, die Sonne strahlt von einem fast wolkenlosen Himmel \u2013 genau der richtige Tag f\u00fcr ein Picknick am D\u00fcrrnberg. Wir haben uns am Vortag kurzentschlossen f\u00fcr den Picknickkorb angemeldet und k\u00f6nnen ihn am Samstag bei der B\u00e4ckerei Rosenmayer am Unteren Markt in Hallein abholen. F\u00fcr den gef\u00fcllten Picknickkorb, der genug K\u00f6stlichkeiten f\u00fcr zwei Personen beinhaltet, zahlen wir 25,- Euro. Eine kleine Karte mit den besten Picknickpl\u00e4tzen rund um Hallein und Bad D\u00fcrrnberg gibt es gratis dazu. Die Abholung des Korbes klappt wunderbar, der Inhalt schaut verlockend aus. Uns knurrt schon der Magen, also suchen wir uns auf der Karte einen Picknickplatz aus und spazieren los. Wir finden das lauschige Platzerl auf Anhieb, breiten unsere Decke aus und machen es uns in der freien Natur gem\u00fctlich. Bevor wir den Inhalt des Korbes in Angriff nehmen, halten wir kurz inne und atmen tief durch. Herrlich ist es hier \u2013 die Wiesen in ihrem saftig-gr\u00fcnen Sommerkleid, die V\u00f6gel, die rings um uns herum ihre Lieder zwitschern. Langsam packen wir die Schmankerl aus unserem Korb aus \u2013 und genie\u00dfen.&nbsp;<\/p>\n<p><img loading=\"lazy\" decoding=\"async\" class=\"alignnone size-singlePost wp-image-123146\" src=\"https:\/\/www.salzburgerland.com\/de\/magazin\/wp-content\/uploads\/2018\/05\/Picknick-Raspenho\u0308he-c-TVB-wildbild-650x435.jpg\" alt=\"\" width=\"650\" height=\"435\"><\/p>\n<h3>Auf Schusters Rappen \u00fcber den D\u00fcrrnberg<\/h3>\n<p>Am zweiten Tag schlie\u00dfen wir uns der gef\u00fchrten Wanderung an. Wir treffen uns um 10 Uhr mit anderen Wanderfreunden auf der Pernerinsel, direkt vorm B\u00fcro des <a href=\"http:\/\/www.hallein.com\/\" target=\"_blank\" rel=\"noopener noreferrer\">Tourismusverbands Hallein\/Bad D\u00fcrrnberg<\/a>. Hier haben wir uns telefonisch ein paar Tage vorher f\u00fcr die Wanderung angemeldet. Vor Ort zahlen wir 19,- Euro pro Nase. Wolfgang Kinz, ein zertifizierter Wanderf\u00fchrer, ist schon da \u2013 es kann also gleich losgehen.Vier Stunden dauert die Wanderung insgesamt, die uns \u00fcber wundersch\u00f6ne Wege rund um Hallein und Bad D\u00fcrrnberg f\u00fchrt. Wir wandern in einer kleinen Gruppe \u2013 insgesamt sind wir zu f\u00fcnft. Der Schwierigkeitsgrad der Wanderung ist individuell und richtet sich immer nach den Anspr\u00fcchen der Teilnehmer. Was bei allen Wanderungen im Fokus steht, ist die Idee, eine Auszeit vom Alltag zu genie\u00dfen und die Seele baumeln zu lassen. Und das gelingt wirklich gut. Wir erhaschen beim gem\u00fctlichen Marschieren immer wieder spektakul\u00e4re Ausblicke auf das Salzachtal, die bayerische Bergwelt und die Stadt Hallein. Unter uns bahnt sich die Salzach als glitzernder Streifen ihren Weg in Richtung Mozartstadt. Die H\u00e4user von Hallein reflektieren das Sonnenlicht und bilden einen reizvollen Kontrast zu den gr\u00fcnen Wiesen des D\u00fcrrnbergs. Wanderf\u00fchrer Wolfgang weist uns immer wieder auf Besonderheiten entlang des Weges hin und steht uns auch sonst mit Rat und Tat zur Seite. Nach etwas mehr als vier Stunden kommen wir wieder auf der Pernerinsel an \u2013 mit etwas schweren Beinen, aber gl\u00fccklich und entspannt.&nbsp;<\/p>\n<p><img loading=\"lazy\" decoding=\"async\" class=\"alignnone size-singlePost wp-image-123144\" src=\"https:\/\/www.salzburgerland.com\/de\/magazin\/wp-content\/uploads\/2018\/05\/Die-Barmsteine-c-TVB-Hallein_wildbild-650x435.jpg\" alt=\"\" width=\"650\" height=\"435\"><\/p>\n<h3>In die Welt der Kelten eintauchen<\/h3>\n<p>Unser zweiter Ausflug f\u00fchrt uns zur\u00fcck in die Zeit der Kelten. Rund sechs Stunden dauert diese gef\u00fchrte Tour, bei der wir das <a href=\"http:\/\/www.keltenmuseum.at\/index.php?id=2115&amp;no_cache=1\" target=\"_blank\" rel=\"noopener noreferrer\">Keltenmuseum und das Keltendorf Salina am D\u00fcrrnberg<\/a> erkunden. Auch f\u00fcr diese Tour, die 22,90 Euro pro Kopf kostet, haben wir uns vorab beim Tourismusverband Hallein angemeldet.&nbsp;Wir starten diesmal direkt beim Keltenmuseum in der Halleiner Altstadt. Unser Guide erz\u00e4hlt uns spannende Details zur Urgeschichte Salzburgs und zur Stadtgeschichte von Hallein. Wir erfahren auch, dass das Keltenmuseum nicht nur weit \u00fcber die Grenzen des Landes hinaus bekannt ist. Es ist auch eines der gr\u00f6\u00dften Museen f\u00fcr keltische Kultur, Geschichte und Kunst in Europa. Beeindruckt schlendern wir von Vitrine zu Vitrine, lassen die Exponate auf uns wirken und wagen einen Blick in die Grabkammern und die begehbaren Stollen. Auch das Highlight des Keltenmuseums lassen wir uns freilich nicht entgehen: eine 2.500 Jahre alte keltische Schnabelkanne vom D\u00fcrrnberg. Zu viele Details wollen wir an dieser Stelle aber gar nicht verraten \u2013 das muss man einfach einmal selbst erlebt haben.&nbsp;<br \/>\nWeiter gehts mit unserer gef\u00fchrten Tagestour. Wir schlendern quer durch die Stadt und marschieren \u00fcber den historischen, knapp 400 Meter langen \u201eKnappensteig&#8220; auf den D\u00fcrrnberg. Hier, in luftiger H\u00f6he, befindet sich das ber\u00fchmte Keltendorf Salina. Bereits vor mehr als 2.500 Jahren haben die Menschen am D\u00fcrrnberg nach einem wertvollen Mineral gegraben: Salz. Wie der Alltag der Kelten ausgesehen hat, wie sie gelebt und gearbeitet haben, ist im Keltendorf Salina beeindruckend nachgestellt. Die originalgetreuen Requisiten, die Wohnh\u00e4user der Bergleute, die Atmosph\u00e4re \u2013 all das tr\u00e4gt dazu bei, dass wir uns tats\u00e4chlich in die Zeit der Kelten zur\u00fcckversetzt f\u00fchlen. Wir schlendern gem\u00fctlich umher, werfen einen Blick in die Bergarbeiter-H\u00fctten und wandern zum H\u00fcgelgrab. Uns f\u00e4llt auf, dass viele Eltern mit ihren Kindern unterwegs sind. Tats\u00e4chlich wird f\u00fcr Kinder hier viel geboten \u2013 abgesehen von der Faszination des Keltendorfs an sich gibt es im Informationsgeb\u00e4ude unter anderem auch einen kurzen Film, der die spannende Arbeit der Arch\u00e4ologen zeigt. So viel Abenteuer und Information macht hungrig. Also kommt der Einkehrschwung in einem gutb\u00fcrgerlichen Gasthaus, der bei der Tagestour mit eingeplant ist, genau recht. Danach treten wir zufrieden und mit neuem Wissen im Gep\u00e4ck die Heimreise an.&nbsp;<\/p>\n<p><img loading=\"lazy\" decoding=\"async\" class=\"alignnone size-singlePost wp-image-123148\" src=\"https:\/\/www.salzburgerland.com\/de\/magazin\/wp-content\/uploads\/2018\/05\/salzwelten_hallein_keltendorf_salina-650x435.jpg\" alt=\"\" width=\"650\" height=\"435\"><\/p>\n<p>&nbsp;<\/p>\n<div class=\"mag-gallery\"><div class=\"row\"><div class=\"col-6 col-sm-4\"><figure><a class=\"thumb-container\" href=\"https:\/\/www.salzburgerland.com\/de\/magazin\/wp-content\/uploads\/2018\/05\/Alpakas-on-tour-c-Bergerhof-Alpakas-1280x1024.jpeg\">\t<picture><source media=\"(min-width: 576px)\" srcset=\"https:\/\/www.salzburgerland.com\/de\/magazin\/wp-content\/uploads\/2018\/05\/Alpakas-on-tour-c-Bergerhof-Alpakas-325x209.jpeg 325w, https:\/\/www.salzburgerland.com\/de\/magazin\/wp-content\/uploads\/2018\/05\/Alpakas-on-tour-c-Bergerhof-Alpakas-249x160.jpeg 249w\" \/><source media=\"(min-width: 0)\" srcset=\"https:\/\/www.salzburgerland.com\/de\/magazin\/wp-content\/uploads\/2018\/05\/Alpakas-on-tour-c-Bergerhof-Alpakas-249x160.jpeg 249w, https:\/\/www.salzburgerland.com\/de\/magazin\/wp-content\/uploads\/2018\/05\/Alpakas-on-tour-c-Bergerhof-Alpakas-325x209.jpeg 325w\" \/><img decoding=\"async\" alt=\"\" src=\"https:\/\/www.salzburgerland.com\/de\/magazin\/wp-content\/uploads\/2018\/05\/Alpakas-on-tour-c-Bergerhof-Alpakas.jpeg\" \/>\t<\/picture><\/a><\/figure><\/div><div class=\"col-6 col-sm-4\"><figure><a class=\"thumb-container\" href=\"https:\/\/www.salzburgerland.com\/de\/magazin\/wp-content\/uploads\/2018\/05\/Oberer-Knappenrundwanderweg-c-TVB-Hallein-1280x1024.jpg\">\t<picture><source media=\"(min-width: 576px)\" srcset=\"https:\/\/www.salzburgerland.com\/de\/magazin\/wp-content\/uploads\/2018\/05\/Oberer-Knappenrundwanderweg-c-TVB-Hallein-325x209.jpg 325w, https:\/\/www.salzburgerland.com\/de\/magazin\/wp-content\/uploads\/2018\/05\/Oberer-Knappenrundwanderweg-c-TVB-Hallein-249x160.jpg 249w\" \/><source media=\"(min-width: 0)\" srcset=\"https:\/\/www.salzburgerland.com\/de\/magazin\/wp-content\/uploads\/2018\/05\/Oberer-Knappenrundwanderweg-c-TVB-Hallein-249x160.jpg 249w, https:\/\/www.salzburgerland.com\/de\/magazin\/wp-content\/uploads\/2018\/05\/Oberer-Knappenrundwanderweg-c-TVB-Hallein-325x209.jpg 325w\" \/><img decoding=\"async\" alt=\"\" src=\"https:\/\/www.salzburgerland.com\/de\/magazin\/wp-content\/uploads\/2018\/05\/Oberer-Knappenrundwanderweg-c-TVB-Hallein.jpg\" \/>\t<\/picture><\/a><\/figure><\/div><div class=\"col-6 col-sm-4\"><figure><a class=\"thumb-container\" href=\"https:\/\/www.salzburgerland.com\/de\/magazin\/wp-content\/uploads\/2018\/05\/Prof-Wintersteller-c-TVB-Hallein_wildbild-1280x1024.jpg\">\t<picture><source media=\"(min-width: 576px)\" srcset=\"https:\/\/www.salzburgerland.com\/de\/magazin\/wp-content\/uploads\/2018\/05\/Prof-Wintersteller-c-TVB-Hallein_wildbild-325x209.jpg 325w, https:\/\/www.salzburgerland.com\/de\/magazin\/wp-content\/uploads\/2018\/05\/Prof-Wintersteller-c-TVB-Hallein_wildbild-249x160.jpg 249w\" \/><source media=\"(min-width: 0)\" srcset=\"https:\/\/www.salzburgerland.com\/de\/magazin\/wp-content\/uploads\/2018\/05\/Prof-Wintersteller-c-TVB-Hallein_wildbild-249x160.jpg 249w, https:\/\/www.salzburgerland.com\/de\/magazin\/wp-content\/uploads\/2018\/05\/Prof-Wintersteller-c-TVB-Hallein_wildbild-325x209.jpg 325w\" \/><img decoding=\"async\" alt=\"\" src=\"https:\/\/www.salzburgerland.com\/de\/magazin\/wp-content\/uploads\/2018\/05\/Prof-Wintersteller-c-TVB-Hallein_wildbild.jpg\" \/>\t<\/picture><\/a><\/figure><\/div><\/div><\/div><figcaption><\/figcaption>\n<p><em>Fotocredits: \u00a9 <span id=\"urn:text-annotation-abfcb0a3-3f2d-4d1e-a4e6-53fbc9fdfd7e\" class=\"textannotation disambiguated wl-other\" itemid=\"http:\/\/open.salzburgerland.com\/de\/entity\/tourismusverband_hallein\">TVB Hallein\/Bad D\u00fcrrnberg<\/span>_wildbild<\/em><br \/>\n<em>Titelfoto: \u00a9Maislinger<\/em><\/p>\n","protected":false},"excerpt":{"rendered":"<p>\u00dcber saftige Bergwiesen wandern und vorbei an hochaufragenden Felsw\u00e4nden, die Stadt Hallein zu F\u00fc\u00dfen und die beeindruckende Bergwelt am Horizont: Das neue Halleiner Aktivprogramm bietet f\u00fcr Wanderbegeisterte und Naturliebhaber eine bunte Vielfalt an M\u00f6glichkeiten. Aber auch Freunde kulinarischer Gen\u00fcsse, historischer Stadtf\u00fchrungen, kultureller Highlights und mehr kommen beim Aktivprogramm voll auf ihre Kosten. Wir haben uns [&hellip;]<\/p>\n","protected":false},"author":333,"featured_media":123149,"comment_status":"open","ping_status":"open","sticky":false,"template":"","format":"standard","meta":{"_acf_changed":false,"wl_entities_gutenberg":"","_wl_entity_redirect_enabled":"","footnotes":""},"categories":[7551],"tags":[],"wl_entity_type":[306],"monatsauswahl":[82,83,84,85,86,87,88,89,90,91,92,93],"class_list":["post-123140","post","type-post","status-publish","format-standard","has-post-thumbnail","hentry","category-archiv","wl_entity_type-article","monatsauswahl-monat_1","monatsauswahl-monat_2","monatsauswahl-monat_3","monatsauswahl-monat_4","monatsauswahl-monat_5","monatsauswahl-monat_6","monatsauswahl-monat_7","monatsauswahl-monat_8","monatsauswahl-monat_9","monatsauswahl-monat_10","monatsauswahl-monat_11","monatsauswahl-monat_12"],"acf":[],"yoast_head":"<!-- This site is optimized with the Yoast SEO Premium plugin v27.4 (Yoast SEO v27.4) - https:\/\/yoast.com\/product\/yoast-seo-premium-wordpress\/ -->\n<title>Bewegt: das neue Halleiner Aktivprogramm - SalzburgerLand Magazin<\/title>\n<meta name=\"description\" content=\"\u00dcber saftige Bergwiesen wandern und vorbei an hochaufragenden Felsw\u00e4nden, die Stadt Hallein zu F\u00fc\u00dfen und die beeindruckende Bergwelt am Horizont: Das neue Halleiner Aktivprogramm bietet f\u00fcr Wanderbegeisterte und Naturliebhaber eine bunte Vielfalt an M\u00f6glichkeiten. Aber auch Freunde kulinarischer Gen\u00fcsse, historischer Stadtf\u00fchrungen, kultureller Highlights und mehr kommen beim Aktivprogramm voll auf ihre Kosten. Wir haben uns [&hellip;]\" \/>\n<meta name=\"robots\" content=\"noindex, nofollow\" \/>\n<meta property=\"og:locale\" content=\"de_DE\" \/>\n<meta property=\"og:type\" content=\"article\" \/>\n<meta property=\"og:title\" content=\"Bewegt: das neue Halleiner Aktivprogramm\" \/>\n<meta property=\"og:description\" content=\"\u00dcber saftige Bergwiesen wandern und vorbei an hochaufragenden Felsw\u00e4nden, die Stadt Hallein zu F\u00fc\u00dfen und die beeindruckende Bergwelt am Horizont: Das neue Halleiner Aktivprogramm bietet f\u00fcr Wanderbegeisterte und Naturliebhaber eine bunte Vielfalt an M\u00f6glichkeiten. Aber auch Freunde kulinarischer Gen\u00fcsse, historischer Stadtf\u00fchrungen, kultureller Highlights und mehr kommen beim Aktivprogramm voll auf ihre Kosten. Wir haben uns [&hellip;]\" \/>\n<meta property=\"og:url\" content=\"https:\/\/www.salzburgerland.com\/de\/magazin\/bewegt-das-neue-halleiner-aktivprogramm\/\" \/>\n<meta property=\"og:site_name\" content=\"SalzburgerLand Magazin\" \/>\n<meta property=\"article:publisher\" content=\"https:\/\/www.facebook.com\/salzburgerland\/\" \/>\n<meta property=\"article:published_time\" content=\"2018-05-18T06:00:39+00:00\" \/>\n<meta property=\"article:modified_time\" content=\"2023-06-22T06:22:41+00:00\" \/>\n<meta property=\"og:image\" content=\"https:\/\/www.salzburgerland.com\/de\/magazin\/wp-content\/uploads\/2018\/05\/Wandern-in-Bad-Du\u0308rrnberg-11-c-TVB-Maislinger.jpg\" \/>\n\t<meta property=\"og:image:width\" content=\"1600\" \/>\n\t<meta property=\"og:image:height\" content=\"1067\" \/>\n\t<meta property=\"og:image:type\" content=\"image\/jpeg\" \/>\n<meta name=\"author\" content=\"Christina Knauseder-Csipek\" \/>\n<meta name=\"twitter:card\" content=\"summary_large_image\" \/>\n<meta name=\"twitter:creator\" content=\"@Salzburgerland\" \/>\n<meta name=\"twitter:site\" content=\"@Salzburgerland\" \/>\n<meta name=\"twitter:label1\" content=\"Verfasst von\" \/>\n\t<meta name=\"twitter:data1\" content=\"Christina Knauseder-Csipek\" \/>\n\t<meta name=\"twitter:label2\" content=\"Gesch\u00e4tzte Lesezeit\" \/>\n\t<meta name=\"twitter:data2\" content=\"6\u00a0Minuten\" \/>\n<script type=\"application\/ld+json\" class=\"yoast-schema-graph\">{\"@context\":\"https:\\\/\\\/schema.org\",\"@graph\":[{\"@type\":\"Article\",\"@id\":\"https:\\\/\\\/www.salzburgerland.com\\\/de\\\/magazin\\\/bewegt-das-neue-halleiner-aktivprogramm\\\/#article\",\"isPartOf\":{\"@id\":\"https:\\\/\\\/www.salzburgerland.com\\\/de\\\/magazin\\\/bewegt-das-neue-halleiner-aktivprogramm\\\/\"},\"author\":{\"name\":\"Christina Knauseder-Csipek\",\"@id\":\"https:\\\/\\\/www.salzburgerland.com\\\/de\\\/magazin\\\/#\\\/schema\\\/person\\\/c8d118fb84adefa6fa30b3220457409a\"},\"headline\":\"Bewegt: das neue Halleiner Aktivprogramm\",\"datePublished\":\"2018-05-18T06:00:39+00:00\",\"dateModified\":\"2023-06-22T06:22:41+00:00\",\"mainEntityOfPage\":{\"@id\":\"https:\\\/\\\/www.salzburgerland.com\\\/de\\\/magazin\\\/bewegt-das-neue-halleiner-aktivprogramm\\\/\"},\"wordCount\":958,\"commentCount\":0,\"publisher\":{\"@id\":\"https:\\\/\\\/www.salzburgerland.com\\\/de\\\/magazin\\\/#organization\"},\"image\":{\"@id\":\"https:\\\/\\\/www.salzburgerland.com\\\/de\\\/magazin\\\/bewegt-das-neue-halleiner-aktivprogramm\\\/#primaryimage\"},\"thumbnailUrl\":\"https:\\\/\\\/www.salzburgerland.com\\\/de\\\/magazin\\\/wp-content\\\/uploads\\\/2018\\\/05\\\/Wandern-in-Bad-Du\u0308rrnberg-11-c-TVB-Maislinger.jpg\",\"articleSection\":[\"Archiv\"],\"inLanguage\":\"de\",\"potentialAction\":[{\"@type\":\"CommentAction\",\"name\":\"Comment\",\"target\":[\"https:\\\/\\\/www.salzburgerland.com\\\/de\\\/magazin\\\/bewegt-das-neue-halleiner-aktivprogramm\\\/#respond\"]}]},{\"@type\":\"WebPage\",\"@id\":\"https:\\\/\\\/www.salzburgerland.com\\\/de\\\/magazin\\\/bewegt-das-neue-halleiner-aktivprogramm\\\/\",\"url\":\"https:\\\/\\\/www.salzburgerland.com\\\/de\\\/magazin\\\/bewegt-das-neue-halleiner-aktivprogramm\\\/\",\"name\":\"Bewegt: das neue Halleiner Aktivprogramm - SalzburgerLand Magazin\",\"isPartOf\":{\"@id\":\"https:\\\/\\\/www.salzburgerland.com\\\/de\\\/magazin\\\/#website\"},\"primaryImageOfPage\":{\"@id\":\"https:\\\/\\\/www.salzburgerland.com\\\/de\\\/magazin\\\/bewegt-das-neue-halleiner-aktivprogramm\\\/#primaryimage\"},\"image\":{\"@id\":\"https:\\\/\\\/www.salzburgerland.com\\\/de\\\/magazin\\\/bewegt-das-neue-halleiner-aktivprogramm\\\/#primaryimage\"},\"thumbnailUrl\":\"https:\\\/\\\/www.salzburgerland.com\\\/de\\\/magazin\\\/wp-content\\\/uploads\\\/2018\\\/05\\\/Wandern-in-Bad-Du\u0308rrnberg-11-c-TVB-Maislinger.jpg\",\"datePublished\":\"2018-05-18T06:00:39+00:00\",\"dateModified\":\"2023-06-22T06:22:41+00:00\",\"breadcrumb\":{\"@id\":\"https:\\\/\\\/www.salzburgerland.com\\\/de\\\/magazin\\\/bewegt-das-neue-halleiner-aktivprogramm\\\/#breadcrumb\"},\"inLanguage\":\"de\",\"potentialAction\":[{\"@type\":\"ReadAction\",\"target\":[\"https:\\\/\\\/www.salzburgerland.com\\\/de\\\/magazin\\\/bewegt-das-neue-halleiner-aktivprogramm\\\/\"]}]},{\"@type\":\"ImageObject\",\"inLanguage\":\"de\",\"@id\":\"https:\\\/\\\/www.salzburgerland.com\\\/de\\\/magazin\\\/bewegt-das-neue-halleiner-aktivprogramm\\\/#primaryimage\",\"url\":\"https:\\\/\\\/www.salzburgerland.com\\\/de\\\/magazin\\\/wp-content\\\/uploads\\\/2018\\\/05\\\/Wandern-in-Bad-Du\u0308rrnberg-11-c-TVB-Maislinger.jpg\",\"contentUrl\":\"https:\\\/\\\/www.salzburgerland.com\\\/de\\\/magazin\\\/wp-content\\\/uploads\\\/2018\\\/05\\\/Wandern-in-Bad-Du\u0308rrnberg-11-c-TVB-Maislinger.jpg\",\"width\":1600,\"height\":1067},{\"@type\":\"BreadcrumbList\",\"@id\":\"https:\\\/\\\/www.salzburgerland.com\\\/de\\\/magazin\\\/bewegt-das-neue-halleiner-aktivprogramm\\\/#breadcrumb\",\"itemListElement\":[{\"@type\":\"ListItem\",\"position\":1,\"name\":\"Startseite\",\"item\":\"https:\\\/\\\/www.salzburgerland.com\\\/de\\\/magazin\\\/\"},{\"@type\":\"ListItem\",\"position\":2,\"name\":\"Archiv\",\"item\":\"https:\\\/\\\/www.salzburgerland.com\\\/de\\\/magazin\\\/thema\\\/archiv\\\/\"},{\"@type\":\"ListItem\",\"position\":3,\"name\":\"Bewegt: das neue Halleiner Aktivprogramm\"}]},{\"@type\":\"WebSite\",\"@id\":\"https:\\\/\\\/www.salzburgerland.com\\\/de\\\/magazin\\\/#website\",\"url\":\"https:\\\/\\\/www.salzburgerland.com\\\/de\\\/magazin\\\/\",\"name\":\"SalzburgerLand Magazin\",\"description\":\"Geschichten und Interessantes aus dem SalzburgerLand\",\"publisher\":{\"@id\":\"https:\\\/\\\/www.salzburgerland.com\\\/de\\\/magazin\\\/#organization\"},\"potentialAction\":[{\"@type\":\"SearchAction\",\"target\":{\"@type\":\"EntryPoint\",\"urlTemplate\":\"https:\\\/\\\/www.salzburgerland.com\\\/de\\\/magazin\\\/?s={search_term_string}\"},\"query-input\":{\"@type\":\"PropertyValueSpecification\",\"valueRequired\":true,\"valueName\":\"search_term_string\"}}],\"inLanguage\":\"de\"},{\"@type\":\"Organization\",\"@id\":\"https:\\\/\\\/www.salzburgerland.com\\\/de\\\/magazin\\\/#organization\",\"name\":\"SalzburgerLand Tourismus\",\"url\":\"https:\\\/\\\/www.salzburgerland.com\\\/de\\\/magazin\\\/\",\"logo\":{\"@type\":\"ImageObject\",\"inLanguage\":\"de\",\"@id\":\"https:\\\/\\\/www.salzburgerland.com\\\/de\\\/magazin\\\/#\\\/schema\\\/logo\\\/image\\\/\",\"url\":\"https:\\\/\\\/www.salzburgerland.com\\\/de\\\/magazin\\\/wp-content\\\/uploads\\\/2019\\\/06\\\/salzburgerland-logo1.jpg\",\"contentUrl\":\"https:\\\/\\\/www.salzburgerland.com\\\/de\\\/magazin\\\/wp-content\\\/uploads\\\/2019\\\/06\\\/salzburgerland-logo1.jpg\",\"width\":2011,\"height\":866,\"caption\":\"SalzburgerLand Tourismus\"},\"image\":{\"@id\":\"https:\\\/\\\/www.salzburgerland.com\\\/de\\\/magazin\\\/#\\\/schema\\\/logo\\\/image\\\/\"},\"sameAs\":[\"https:\\\/\\\/www.facebook.com\\\/salzburgerland\\\/\",\"https:\\\/\\\/x.com\\\/Salzburgerland\",\"https:\\\/\\\/www.instagram.com\\\/salzburgerland\\\/\",\"https:\\\/\\\/at.linkedin.com\\\/company\\\/salzburgerland-tourismus-gmbh\",\"https:\\\/\\\/www.pinterest.at\\\/salzburgerland\\\/\",\"https:\\\/\\\/www.youtube.com\\\/user\\\/salzburgerland\",\"https:\\\/\\\/de.wikipedia.org\\\/wiki\\\/SalzburgerLand_Tourismus_GmbH\"]},{\"@type\":\"Person\",\"@id\":\"https:\\\/\\\/www.salzburgerland.com\\\/de\\\/magazin\\\/#\\\/schema\\\/person\\\/c8d118fb84adefa6fa30b3220457409a\",\"name\":\"Christina Knauseder-Csipek\",\"description\":\"Ob interessante Menschen, besondere Landstriche oder bedeutsame Orte: Geschichten von Land und Leuten liegen Christina als studierte Historikerin und Kommunikationswissenschaftlerin besonders am Herzen. In ihrer Freizeit ist sie am liebsten in der Natur unterwegs oder begibt sich mit einer Tasse Tee in der Hand in fremde (Buch-)Welten. Das SalzburgerLand hat die Redakteurin schon als Kind sch\u00e4tzen und lieben gelernt. Heute genie\u00dft sie dessen Sch\u00f6nheiten noch immer so oft wie m\u00f6glich, zieht ihre Kreise aber auch gerne mal etwas gr\u00f6\u00dfer. Freunde munkeln \u00fcber einen Schuss Zigeunerblut in ihren Adern. So tingelt sie am liebsten entweder mit dem Rucksack durch Asien oder mit dem alten VW-Bus quer durch Europa. Und \u00fcberall warten spannende Geschichten darauf, bemerkt und niedergeschrieben zu werden. Fr\u00fchling, Sommer, Herbst oder Winter? Als geb\u00fcrtiges \u201eHerbstkatzerl\u201c liegt mir diese Jahreszeit besonders am Herzen. So sehr ich auch Fr\u00fchling, Sommer und Winter genie\u00dfe, ein klarer, sonniger Herbsttag mit seiner opulenten Farbenpracht \u2013 das hat schon einen ganz besonderen Zauber. Luxushotel oder Almh\u00fctte? Klar lasse ich mich auch gerne mal in einem Luxushotel verw\u00f6hnen, alles andere w\u00e4re geschwindelt. Aber gegen ein bodenst\u00e4ndiges Reise-Erlebnis nah an der Natur, ob auf einer urigen Alm oder am spartanischen Campingplatz auf Korsika, tausche ich einen Luxus-Urlaub gerne ein. Jederzeit und immer wieder. Kr\u00e4utertee oder Zirbenschnaps? Ein Schnapserl in Ehren kann ich schwer verwehren, wobei auch da eher den selbstgemachten Nusschnaps vom Onkel als die Zirbe. Grunds\u00e4tzlich bin ich aber ein leidenschaftlicher Tee-Genie\u00dfer und fr\u00f6ne dieser Leidenschaft literweise. Ob Gr\u00fcntee, Kr\u00e4utertee oder ganz klassisch \u201eEarl Grey\u201c: Eine Tasse Tee ist f\u00fcr mich Entspannung und Antrieb gleicherma\u00dfen. Buch oder Film? Ich bin ein absoluter B\u00fccherwurm, von Kindesbeinen an. B\u00f6se Zungen behaupten, dieser Zeit (Lesen bei, naja, nicht immer optimalen Bedingungen) h\u00e4tte ich auch meine Fehlsichtigkeit zu verdanken. Ob \u201eDer Herr der Ringe\u201c oder \u201eGame of Thrones\u201c \u2013 vor allem in fantastischen Welten kann ich mich komplett verlieren. Guten Filmen bin ich trotzdem nicht abgeneigt, da haben es mir vor allem \u00f6sterreichische und d\u00e4nische Produktionen angetan. Meistens herrlich skurril und oft zum Br\u00fcllen komisch. Yoga oder Mountainbike Auch wenn ich\u00b4s mir fr\u00fcher nicht gedacht h\u00e4tte: Yoga ist wirklich eine geniale Sache. Das mehr auf Kraft ausgerichtete Ashtanga Yoga hat einen fixen Platz in meinem Wochenplan gefunden, obwohl meine eigentliche Leidenschaft den Pferden geh\u00f6rt. Grunds\u00e4tzlich bevorzuge ich sportliche Aktivit\u00e4ten unter freiem Himmel. Von Laufen bis hin zum Paragleiten ist da alles mit dabei.\",\"url\":\"https:\\\/\\\/www.salzburgerland.com\\\/de\\\/magazin\\\/author\\\/christina-knauseder-csipek\\\/\"}]}<\/script>\n<!-- \/ Yoast SEO Premium plugin. -->","yoast_head_json":{"title":"Bewegt: das neue Halleiner Aktivprogramm - SalzburgerLand Magazin","description":"\u00dcber saftige Bergwiesen wandern und vorbei an hochaufragenden Felsw\u00e4nden, die Stadt Hallein zu F\u00fc\u00dfen und die beeindruckende Bergwelt am Horizont: Das neue Halleiner Aktivprogramm bietet f\u00fcr Wanderbegeisterte und Naturliebhaber eine bunte Vielfalt an M\u00f6glichkeiten. Aber auch Freunde kulinarischer Gen\u00fcsse, historischer Stadtf\u00fchrungen, kultureller Highlights und mehr kommen beim Aktivprogramm voll auf ihre Kosten. Wir haben uns [&hellip;]","robots":{"index":"noindex","follow":"nofollow"},"og_locale":"de_DE","og_type":"article","og_title":"Bewegt: das neue Halleiner Aktivprogramm","og_description":"\u00dcber saftige Bergwiesen wandern und vorbei an hochaufragenden Felsw\u00e4nden, die Stadt Hallein zu F\u00fc\u00dfen und die beeindruckende Bergwelt am Horizont: Das neue Halleiner Aktivprogramm bietet f\u00fcr Wanderbegeisterte und Naturliebhaber eine bunte Vielfalt an M\u00f6glichkeiten. Aber auch Freunde kulinarischer Gen\u00fcsse, historischer Stadtf\u00fchrungen, kultureller Highlights und mehr kommen beim Aktivprogramm voll auf ihre Kosten. Wir haben uns [&hellip;]","og_url":"https:\/\/www.salzburgerland.com\/de\/magazin\/bewegt-das-neue-halleiner-aktivprogramm\/","og_site_name":"SalzburgerLand Magazin","article_publisher":"https:\/\/www.facebook.com\/salzburgerland\/","article_published_time":"2018-05-18T06:00:39+00:00","article_modified_time":"2023-06-22T06:22:41+00:00","og_image":[{"width":1600,"height":1067,"url":"https:\/\/www.salzburgerland.com\/de\/magazin\/wp-content\/uploads\/2018\/05\/Wandern-in-Bad-Du\u0308rrnberg-11-c-TVB-Maislinger.jpg","type":"image\/jpeg"}],"author":"Christina Knauseder-Csipek","twitter_card":"summary_large_image","twitter_creator":"@Salzburgerland","twitter_site":"@Salzburgerland","twitter_misc":{"Verfasst von":"Christina Knauseder-Csipek","Gesch\u00e4tzte Lesezeit":"6\u00a0Minuten"},"schema":{"@context":"https:\/\/schema.org","@graph":[{"@type":"Article","@id":"https:\/\/www.salzburgerland.com\/de\/magazin\/bewegt-das-neue-halleiner-aktivprogramm\/#article","isPartOf":{"@id":"https:\/\/www.salzburgerland.com\/de\/magazin\/bewegt-das-neue-halleiner-aktivprogramm\/"},"author":{"name":"Christina Knauseder-Csipek","@id":"https:\/\/www.salzburgerland.com\/de\/magazin\/#\/schema\/person\/c8d118fb84adefa6fa30b3220457409a"},"headline":"Bewegt: das neue Halleiner Aktivprogramm","datePublished":"2018-05-18T06:00:39+00:00","dateModified":"2023-06-22T06:22:41+00:00","mainEntityOfPage":{"@id":"https:\/\/www.salzburgerland.com\/de\/magazin\/bewegt-das-neue-halleiner-aktivprogramm\/"},"wordCount":958,"commentCount":0,"publisher":{"@id":"https:\/\/www.salzburgerland.com\/de\/magazin\/#organization"},"image":{"@id":"https:\/\/www.salzburgerland.com\/de\/magazin\/bewegt-das-neue-halleiner-aktivprogramm\/#primaryimage"},"thumbnailUrl":"https:\/\/www.salzburgerland.com\/de\/magazin\/wp-content\/uploads\/2018\/05\/Wandern-in-Bad-Du\u0308rrnberg-11-c-TVB-Maislinger.jpg","articleSection":["Archiv"],"inLanguage":"de","potentialAction":[{"@type":"CommentAction","name":"Comment","target":["https:\/\/www.salzburgerland.com\/de\/magazin\/bewegt-das-neue-halleiner-aktivprogramm\/#respond"]}]},{"@type":"WebPage","@id":"https:\/\/www.salzburgerland.com\/de\/magazin\/bewegt-das-neue-halleiner-aktivprogramm\/","url":"https:\/\/www.salzburgerland.com\/de\/magazin\/bewegt-das-neue-halleiner-aktivprogramm\/","name":"Bewegt: das neue Halleiner Aktivprogramm - SalzburgerLand Magazin","isPartOf":{"@id":"https:\/\/www.salzburgerland.com\/de\/magazin\/#website"},"primaryImageOfPage":{"@id":"https:\/\/www.salzburgerland.com\/de\/magazin\/bewegt-das-neue-halleiner-aktivprogramm\/#primaryimage"},"image":{"@id":"https:\/\/www.salzburgerland.com\/de\/magazin\/bewegt-das-neue-halleiner-aktivprogramm\/#primaryimage"},"thumbnailUrl":"https:\/\/www.salzburgerland.com\/de\/magazin\/wp-content\/uploads\/2018\/05\/Wandern-in-Bad-Du\u0308rrnberg-11-c-TVB-Maislinger.jpg","datePublished":"2018-05-18T06:00:39+00:00","dateModified":"2023-06-22T06:22:41+00:00","breadcrumb":{"@id":"https:\/\/www.salzburgerland.com\/de\/magazin\/bewegt-das-neue-halleiner-aktivprogramm\/#breadcrumb"},"inLanguage":"de","potentialAction":[{"@type":"ReadAction","target":["https:\/\/www.salzburgerland.com\/de\/magazin\/bewegt-das-neue-halleiner-aktivprogramm\/"]}]},{"@type":"ImageObject","inLanguage":"de","@id":"https:\/\/www.salzburgerland.com\/de\/magazin\/bewegt-das-neue-halleiner-aktivprogramm\/#primaryimage","url":"https:\/\/www.salzburgerland.com\/de\/magazin\/wp-content\/uploads\/2018\/05\/Wandern-in-Bad-Du\u0308rrnberg-11-c-TVB-Maislinger.jpg","contentUrl":"https:\/\/www.salzburgerland.com\/de\/magazin\/wp-content\/uploads\/2018\/05\/Wandern-in-Bad-Du\u0308rrnberg-11-c-TVB-Maislinger.jpg","width":1600,"height":1067},{"@type":"BreadcrumbList","@id":"https:\/\/www.salzburgerland.com\/de\/magazin\/bewegt-das-neue-halleiner-aktivprogramm\/#breadcrumb","itemListElement":[{"@type":"ListItem","position":1,"name":"Startseite","item":"https:\/\/www.salzburgerland.com\/de\/magazin\/"},{"@type":"ListItem","position":2,"name":"Archiv","item":"https:\/\/www.salzburgerland.com\/de\/magazin\/thema\/archiv\/"},{"@type":"ListItem","position":3,"name":"Bewegt: das neue Halleiner Aktivprogramm"}]},{"@type":"WebSite","@id":"https:\/\/www.salzburgerland.com\/de\/magazin\/#website","url":"https:\/\/www.salzburgerland.com\/de\/magazin\/","name":"SalzburgerLand Magazin","description":"Geschichten und Interessantes aus dem SalzburgerLand","publisher":{"@id":"https:\/\/www.salzburgerland.com\/de\/magazin\/#organization"},"potentialAction":[{"@type":"SearchAction","target":{"@type":"EntryPoint","urlTemplate":"https:\/\/www.salzburgerland.com\/de\/magazin\/?s={search_term_string}"},"query-input":{"@type":"PropertyValueSpecification","valueRequired":true,"valueName":"search_term_string"}}],"inLanguage":"de"},{"@type":"Organization","@id":"https:\/\/www.salzburgerland.com\/de\/magazin\/#organization","name":"SalzburgerLand Tourismus","url":"https:\/\/www.salzburgerland.com\/de\/magazin\/","logo":{"@type":"ImageObject","inLanguage":"de","@id":"https:\/\/www.salzburgerland.com\/de\/magazin\/#\/schema\/logo\/image\/","url":"https:\/\/www.salzburgerland.com\/de\/magazin\/wp-content\/uploads\/2019\/06\/salzburgerland-logo1.jpg","contentUrl":"https:\/\/www.salzburgerland.com\/de\/magazin\/wp-content\/uploads\/2019\/06\/salzburgerland-logo1.jpg","width":2011,"height":866,"caption":"SalzburgerLand Tourismus"},"image":{"@id":"https:\/\/www.salzburgerland.com\/de\/magazin\/#\/schema\/logo\/image\/"},"sameAs":["https:\/\/www.facebook.com\/salzburgerland\/","https:\/\/x.com\/Salzburgerland","https:\/\/www.instagram.com\/salzburgerland\/","https:\/\/at.linkedin.com\/company\/salzburgerland-tourismus-gmbh","https:\/\/www.pinterest.at\/salzburgerland\/","https:\/\/www.youtube.com\/user\/salzburgerland","https:\/\/de.wikipedia.org\/wiki\/SalzburgerLand_Tourismus_GmbH"]},{"@type":"Person","@id":"https:\/\/www.salzburgerland.com\/de\/magazin\/#\/schema\/person\/c8d118fb84adefa6fa30b3220457409a","name":"Christina Knauseder-Csipek","description":"Ob interessante Menschen, besondere Landstriche oder bedeutsame Orte: Geschichten von Land und Leuten liegen Christina als studierte Historikerin und Kommunikationswissenschaftlerin besonders am Herzen. In ihrer Freizeit ist sie am liebsten in der Natur unterwegs oder begibt sich mit einer Tasse Tee in der Hand in fremde (Buch-)Welten. Das SalzburgerLand hat die Redakteurin schon als Kind sch\u00e4tzen und lieben gelernt. Heute genie\u00dft sie dessen Sch\u00f6nheiten noch immer so oft wie m\u00f6glich, zieht ihre Kreise aber auch gerne mal etwas gr\u00f6\u00dfer. Freunde munkeln \u00fcber einen Schuss Zigeunerblut in ihren Adern. So tingelt sie am liebsten entweder mit dem Rucksack durch Asien oder mit dem alten VW-Bus quer durch Europa. Und \u00fcberall warten spannende Geschichten darauf, bemerkt und niedergeschrieben zu werden. Fr\u00fchling, Sommer, Herbst oder Winter? Als geb\u00fcrtiges \u201eHerbstkatzerl\u201c liegt mir diese Jahreszeit besonders am Herzen. So sehr ich auch Fr\u00fchling, Sommer und Winter genie\u00dfe, ein klarer, sonniger Herbsttag mit seiner opulenten Farbenpracht \u2013 das hat schon einen ganz besonderen Zauber. Luxushotel oder Almh\u00fctte? Klar lasse ich mich auch gerne mal in einem Luxushotel verw\u00f6hnen, alles andere w\u00e4re geschwindelt. Aber gegen ein bodenst\u00e4ndiges Reise-Erlebnis nah an der Natur, ob auf einer urigen Alm oder am spartanischen Campingplatz auf Korsika, tausche ich einen Luxus-Urlaub gerne ein. Jederzeit und immer wieder. Kr\u00e4utertee oder Zirbenschnaps? Ein Schnapserl in Ehren kann ich schwer verwehren, wobei auch da eher den selbstgemachten Nusschnaps vom Onkel als die Zirbe. Grunds\u00e4tzlich bin ich aber ein leidenschaftlicher Tee-Genie\u00dfer und fr\u00f6ne dieser Leidenschaft literweise. Ob Gr\u00fcntee, Kr\u00e4utertee oder ganz klassisch \u201eEarl Grey\u201c: Eine Tasse Tee ist f\u00fcr mich Entspannung und Antrieb gleicherma\u00dfen. Buch oder Film? Ich bin ein absoluter B\u00fccherwurm, von Kindesbeinen an. B\u00f6se Zungen behaupten, dieser Zeit (Lesen bei, naja, nicht immer optimalen Bedingungen) h\u00e4tte ich auch meine Fehlsichtigkeit zu verdanken. Ob \u201eDer Herr der Ringe\u201c oder \u201eGame of Thrones\u201c \u2013 vor allem in fantastischen Welten kann ich mich komplett verlieren. Guten Filmen bin ich trotzdem nicht abgeneigt, da haben es mir vor allem \u00f6sterreichische und d\u00e4nische Produktionen angetan. Meistens herrlich skurril und oft zum Br\u00fcllen komisch. Yoga oder Mountainbike Auch wenn ich\u00b4s mir fr\u00fcher nicht gedacht h\u00e4tte: Yoga ist wirklich eine geniale Sache. Das mehr auf Kraft ausgerichtete Ashtanga Yoga hat einen fixen Platz in meinem Wochenplan gefunden, obwohl meine eigentliche Leidenschaft den Pferden geh\u00f6rt. Grunds\u00e4tzlich bevorzuge ich sportliche Aktivit\u00e4ten unter freiem Himmel. Von Laufen bis hin zum Paragleiten ist da alles mit dabei.","url":"https:\/\/www.salzburgerland.com\/de\/magazin\/author\/christina-knauseder-csipek\/"}]}},"_wl_alt_label":[],"wl:entity_url":"http:\/\/open.salzburgerland.com\/magazin\/post\/bewegt__das_neue_halleiner_aktivprogramm","_links":{"self":[{"href":"https:\/\/www.salzburgerland.com\/de\/magazin\/wp-json\/wp\/v2\/posts\/123140","targetHints":{"allow":["GET"]}}],"collection":[{"href":"https:\/\/www.salzburgerland.com\/de\/magazin\/wp-json\/wp\/v2\/posts"}],"about":[{"href":"https:\/\/www.salzburgerland.com\/de\/magazin\/wp-json\/wp\/v2\/types\/post"}],"author":[{"embeddable":true,"href":"https:\/\/www.salzburgerland.com\/de\/magazin\/wp-json\/wp\/v2\/users\/333"}],"replies":[{"embeddable":true,"href":"https:\/\/www.salzburgerland.com\/de\/magazin\/wp-json\/wp\/v2\/comments?post=123140"}],"version-history":[{"count":2,"href":"https:\/\/www.salzburgerland.com\/de\/magazin\/wp-json\/wp\/v2\/posts\/123140\/revisions"}],"predecessor-version":[{"id":167588,"href":"https:\/\/www.salzburgerland.com\/de\/magazin\/wp-json\/wp\/v2\/posts\/123140\/revisions\/167588"}],"wp:featuredmedia":[{"embeddable":true,"href":"https:\/\/www.salzburgerland.com\/de\/magazin\/wp-json\/wp\/v2\/media\/123149"}],"wp:attachment":[{"href":"https:\/\/www.salzburgerland.com\/de\/magazin\/wp-json\/wp\/v2\/media?parent=123140"}],"wp:term":[{"taxonomy":"category","embeddable":true,"href":"https:\/\/www.salzburgerland.com\/de\/magazin\/wp-json\/wp\/v2\/categories?post=123140"},{"taxonomy":"post_tag","embeddable":true,"href":"https:\/\/www.salzburgerland.com\/de\/magazin\/wp-json\/wp\/v2\/tags?post=123140"},{"taxonomy":"wl_entity_type","embeddable":true,"href":"https:\/\/www.salzburgerland.com\/de\/magazin\/wp-json\/wp\/v2\/wl_entity_type?post=123140"},{"taxonomy":"monatsauswahl","embeddable":true,"href":"https:\/\/www.salzburgerland.com\/de\/magazin\/wp-json\/wp\/v2\/monatsauswahl?post=123140"}],"curies":[{"name":"wp","href":"https:\/\/api.w.org\/{rel}","templated":true}]}}