{"id":122798,"date":"2018-05-08T08:00:07","date_gmt":"2018-05-08T06:00:07","guid":{"rendered":"https:\/\/www.salzburgerland.com\/de\/magazin\/?p=122798"},"modified":"2019-10-09T11:46:47","modified_gmt":"2019-10-09T09:46:47","slug":"wandern-und-wyda-in-adnet","status":"publish","type":"post","link":"https:\/\/www.salzburgerland.com\/de\/magazin\/wandern-und-wyda-in-adnet\/","title":{"rendered":"Wandern und Wyda in Adnet"},"content":{"rendered":"<p><strong>Im Fr\u00fchling ist der <a href=\"http:\/\/marmormuseum.adnet.at\/\">Adneter Marmorweg<\/a> besonders sch\u00f6n: Das frische Gr\u00fcn, der beschilderte Weg und die Marmor-Steinbr\u00fcche laden zum Wandern, Entdecken und Staunen ein. Sandra Leis geht diesen Weg gerne und macht auf besonderen Pl\u00e4tzen &#8222;Wyda-\u00dcbungen&#8220;.<\/strong><\/p>\n<p>Die Sonne brennt an diesem Fr\u00fchlingstag vom Himmel. In <span class=\"textannotation disambiguated wl-place\" id=\"urn:text-annotation-fddc64c8-5533-426f-96bc-961fb93be519\" itemid=\"http:\/\/open.salzburgerland.com\/de\/entity\/adnet\">Adnet<\/span> bl\u00fchen Obstb\u00e4ume, die Wiesen erstrahlen in saftigem Gr\u00fcn, Schmetterlinge gaukeln durch die Luft und V\u00f6gel zwitschern ihr fr\u00f6hliches Lied. Ausgangspunkt des Ausfluges zum Marmorweg ist der Parkplatz in der N\u00e4he der Pfarrkirche. Hier begr\u00fc\u00dft <a href=\"http:\/\/www.kraeuterpunkt.at\/\" target=\"_blank\" rel=\"noopener noreferrer\">TEM-Wyda-Trainerin (Traditionell-Europ\u00e4ische-Medizin) Sandra Leis<\/a> die Teilnehmerinnen. Ich bin neugierig auf Wyda und freue mich auf eine Wanderung zu den Adneter Steinbr\u00fcchen. Die Wanderung f\u00fchrt vorbei an der Kirche und dem <a href=\"http:\/\/marmormuseum.adnet.at\/\" target=\"_blank\" rel=\"noopener noreferrer\">Marmormuseum<\/a>. Beide sind einen Besuch wert. Heute allerdings wandern wir den Hang hinauf zum Waldrand. Bei einer Bank mit wunderbarer Aussicht auf <span class=\"textannotation disambiguated wl-place\" id=\"urn:text-annotation-b38e07f1-c36a-41e2-a5d3-df62260ec728\" itemid=\"http:\/\/open.salzburgerland.com\/de\/entity\/adnet\">Adnet<\/span> und die umliegende Bergwelt machen wir Halt. Unter dem schattigen Bl\u00e4tterdach einer Eiche erkl\u00e4rt Leis: &#8222;Wyda ist Achtsamkeit, Erkenntnis und Freude. Die Bewegungs\u00fcbungen und -meditation gehen auf die Druiden, die geistige Elite der Kelten, zur\u00fcck. Sie sollen Energie, Beweglichkeit und innere Zentriertheit bringen. Leis empfiehlt Wyda am besten in der Natur t\u00e4glich rund 20 Minuten lang durchzuf\u00fchren.<\/p>\n<h3>Veilchen, Infotafel und Kletterstation<\/h3>\n<p>Nach der Einf\u00fchrung und einfachen \u00dcbungen wandern wir durch den <span class=\"textannotation disambiguated wl-other\" id=\"urn:text-annotation-0be967f4-8d72-4b51-9fba-f32f5985ef93\" itemid=\"http:\/\/open.salzburgerland.com\/magazin\/entity\/wald\">Wald<\/span>. Die pharmazeutisch-kaufm\u00e4nnische Assistentin, TEH Praktikerin und Kr\u00e4uterp\u00e4dagogin zeigt Kr\u00e4uter wie das Bingelkraut, Veilchen und kostet zarte Buchenbl\u00e4tter. Viele Waldwanderwege f\u00fchren durch den schattigen <span class=\"textannotation disambiguated wl-other\" id=\"urn:text-annotation-2c3eec70-7526-47bd-be77-c1af10abfa9a\" itemid=\"http:\/\/open.salzburgerland.com\/magazin\/entity\/wald\">Wald<\/span>. Besonders beeindruckend sind die Steinbr\u00fcche. Fr\u00fcher wurde Marmor an etwa 15 Stellen abgebaut, heute nur mehr an sechs.<\/p>\n<p>Der leicht begehbare, <span style=\"float: none;background-color: #ffffff;color: #191e23;cursor: text;font-family: 'Noto Serif';font-size: 16px;font-style: normal;font-variant: normal;font-weight: 400;letter-spacing: normal;text-align: left;text-decoration: none;text-indent: 0px;text-transform: none\">etwa 3,5 Kilometer lang<\/span>e <a href=\"https:\/\/www.tennengau.com\/de\/dein-tennengau\/die-orte\/adnet\/marmor\" target=\"_blank\" rel=\"noopener noreferrer\">Adneter Marmorweg<\/a> ist bei jedem Wetter und zu jeder Jahreszeit empfehlenswert. Tafeln berichten \u00fcber den Marmorabbau und \u00fcber die Entstehung und die Zusammensetzung des Gesteins. Schaukeln, Kletterstationen, Geschicklichkeitsspiele und Kneippanlage laden zum Verweilen und Bewegen ein.<\/p>\n<p>Ab 1. Oktober 2019 bietet Sandra Leis die <b>WYDA<\/b> <b>\u2013 Energie\u00fcbungen der Kelten, <\/b>immer Dienstag, von 19.15 bis 20.30 Uhr im <a href=\"https:\/\/www.energiezentrum.info\/\">Energiezentrum in Hallein<\/a> an. Zudem findet ein&nbsp;TEM-Kochworkshop (Traditionell Europ\u00e4ische Medizin) unter dem Motto&nbsp;<b><a href=\"https:\/\/www.energiezentrum.info\/ttem-koch-workshop-temperamentvolle-naturkueche-mit-sandra-leis-wilfried-bedek-salzburg-hallein\/\">Temperamentvolle NATURK\u00dcCHE,<\/a>&nbsp;<\/b>am<br \/>\nSamstag, 5. Oktober 2019, 9.00 &#8211; ca. 15.00 Uhr, statt<\/p>\n<p><strong>SAMMELN &#8211; VERARBEITEN &#8211; GENIESSEN<\/strong><\/p>\n<p>&#8222;Voller Elan starten wir mit Sammelk\u00f6rben ausger\u00fcstet in die gebende F\u00fclle der Natur. <span style=\"float: none;background-color: #ffffff;color: #191e23;cursor: text;font-family: 'Noto Serif';font-size: 16px;font-style: normal;font-variant: normal;font-weight: 400;letter-spacing: normal;text-align: left;text-decoration: none;text-indent: 0px;text-transform: none\">Wie es unsere naturverbundenen Vorfahren schon vor Jahrtausenden taten, sammeln wir je nach dem saisonalen Wald- und Wiesenangebot einen Gro\u00dfteil unserer frischen Zutaten selbst: Wildkr\u00e4uter, Bl\u00fcten, Wurzeln, Beeren und Pilze<\/span>&#8222;, sagt Leis.<br \/>\nAus den gesammelten Sch\u00e4tzen bereiten die Kursteilnehmerinnen und Kursteilnehmer mit Inspiration der Rezepte und dem eigenen Bauchgef\u00fchl ein einfaches und leckeres Men\u00fc, das auch unseren keltischen Vorfahren gemundet h\u00e4tte. Beim Kochen und der Verwendung der Zutaten bezieht sich Leis auf die vier traditionellen europ\u00e4ischen Naturelemente (Erde, Feuer, Wasser und Luft) und ihre zugeh\u00f6rigen Temperamente. Leis: &#8222;So verbinden wir urspr\u00fcngliche Nahrungssuche und individuelle Zubereitung nach den Grunds\u00e4tzen der TEM zur Erlangung genussvoller Nachhaltigkeit, Harmonie und Gesundheit.<\/p>\n<div class=\"mag-gallery\"><div class=\"row\"><div class=\"col-6 col-sm-4\"><figure><a class=\"thumb-container\" href=\"https:\/\/www.salzburgerland.com\/de\/magazin\/wp-content\/uploads\/2018\/04\/Marmorweg_n-1280x1024.jpg\">\t<picture><source media=\"(min-width: 576px)\" srcset=\"https:\/\/www.salzburgerland.com\/de\/magazin\/wp-content\/uploads\/2018\/04\/Marmorweg_n-325x209.jpg 325w, https:\/\/www.salzburgerland.com\/de\/magazin\/wp-content\/uploads\/2018\/04\/Marmorweg_n-249x160.jpg 249w\" \/><source media=\"(min-width: 0)\" srcset=\"https:\/\/www.salzburgerland.com\/de\/magazin\/wp-content\/uploads\/2018\/04\/Marmorweg_n-249x160.jpg 249w, https:\/\/www.salzburgerland.com\/de\/magazin\/wp-content\/uploads\/2018\/04\/Marmorweg_n-617x400.jpg 617w, https:\/\/www.salzburgerland.com\/de\/magazin\/wp-content\/uploads\/2018\/04\/Marmorweg_n-325x209.jpg 325w, https:\/\/www.salzburgerland.com\/de\/magazin\/wp-content\/uploads\/2018\/04\/Marmorweg_n.jpg 700w\" \/><img decoding=\"async\" alt=\"Eine Kirche mit einem Glockenturm steht hinter gr\u00fcnen B\u00e4umen und Stra\u00dfenschildern in einer malerischen l\u00e4ndlichen Gegend.\" src=\"https:\/\/www.salzburgerland.com\/de\/magazin\/wp-content\/uploads\/2018\/04\/Marmorweg_n.jpg\" \/>\t<\/picture><\/a><\/figure><\/div><div class=\"col-6 col-sm-4\"><figure><a class=\"thumb-container\" href=\"https:\/\/www.salzburgerland.com\/de\/magazin\/wp-content\/uploads\/2018\/04\/Marmorweg_b-1280x1024.jpg\">\t<picture><source media=\"(min-width: 576px)\" srcset=\"\" \/><source media=\"(min-width: 0)\" srcset=\"https:\/\/www.salzburgerland.com\/de\/magazin\/wp-content\/uploads\/2018\/04\/Marmorweg_b.jpg 800w, https:\/\/www.salzburgerland.com\/de\/magazin\/wp-content\/uploads\/2018\/04\/Marmorweg_b-199x300.jpg 199w, https:\/\/www.salzburgerland.com\/de\/magazin\/wp-content\/uploads\/2018\/04\/Marmorweg_b-364x550.jpg 364w, https:\/\/www.salzburgerland.com\/de\/magazin\/wp-content\/uploads\/2018\/04\/Marmorweg_b-265x400.jpg 265w\" \/><img decoding=\"async\" alt=\"Wegweiser in deutscher Sprache weisen auf Ziele hin, darunter ein Marmormuseum und Wanderwege, hinter denen sich H\u00e4user befinden.\" src=\"https:\/\/www.salzburgerland.com\/de\/magazin\/wp-content\/uploads\/2018\/04\/Marmorweg_b.jpg\" \/>\t<\/picture><\/a><\/figure><\/div><div class=\"col-6 col-sm-4\"><figure><a class=\"thumb-container\" href=\"https:\/\/www.salzburgerland.com\/de\/magazin\/wp-content\/uploads\/2018\/04\/Marmorweg_c-1280x1024.jpg\">\t<picture><source media=\"(min-width: 576px)\" srcset=\"https:\/\/www.salzburgerland.com\/de\/magazin\/wp-content\/uploads\/2018\/04\/Marmorweg_c-325x209.jpg 325w, https:\/\/www.salzburgerland.com\/de\/magazin\/wp-content\/uploads\/2018\/04\/Marmorweg_c-249x160.jpg 249w\" \/><source media=\"(min-width: 0)\" srcset=\"https:\/\/www.salzburgerland.com\/de\/magazin\/wp-content\/uploads\/2018\/04\/Marmorweg_c-249x160.jpg 249w, https:\/\/www.salzburgerland.com\/de\/magazin\/wp-content\/uploads\/2018\/04\/Marmorweg_c-325x209.jpg 325w\" \/><img decoding=\"async\" alt=\"Schild f\u00fcr das Marmor-Museum Adnet auf rosa Stein, mit Blumen und Geb\u00e4uden im Hintergrund.\" src=\"https:\/\/www.salzburgerland.com\/de\/magazin\/wp-content\/uploads\/2018\/04\/Marmorweg_c.jpg\" \/>\t<\/picture><\/a><\/figure><\/div><div class=\"col-6 col-sm-4\"><figure><a class=\"thumb-container\" href=\"https:\/\/www.salzburgerland.com\/de\/magazin\/wp-content\/uploads\/2018\/04\/Marmorweg_e-1280x1024.jpg\">\t<picture><source media=\"(min-width: 576px)\" srcset=\"https:\/\/www.salzburgerland.com\/de\/magazin\/wp-content\/uploads\/2018\/04\/Marmorweg_e-325x209.jpg 325w, https:\/\/www.salzburgerland.com\/de\/magazin\/wp-content\/uploads\/2018\/04\/Marmorweg_e-249x160.jpg 249w\" \/><source media=\"(min-width: 0)\" srcset=\"https:\/\/www.salzburgerland.com\/de\/magazin\/wp-content\/uploads\/2018\/04\/Marmorweg_e-249x160.jpg 249w, https:\/\/www.salzburgerland.com\/de\/magazin\/wp-content\/uploads\/2018\/04\/Marmorweg_e-325x209.jpg 325w\" \/><img decoding=\"async\" alt=\"Ein gr\u00fcner Pl\u00fcschfrosch sitzt auf einem gro\u00dfen rosafarbenen Felsen vor einem Baum, hinter dem sich eine malerische Graslandschaft befindet.\" src=\"https:\/\/www.salzburgerland.com\/de\/magazin\/wp-content\/uploads\/2018\/04\/Marmorweg_e.jpg\" \/>\t<\/picture><\/a><\/figure><\/div><div class=\"col-6 col-sm-4\"><figure><a class=\"thumb-container\" href=\"https:\/\/www.salzburgerland.com\/de\/magazin\/wp-content\/uploads\/2018\/04\/Marmorweg_f-1280x1024.jpg\">\t<picture><source media=\"(min-width: 576px)\" srcset=\"https:\/\/www.salzburgerland.com\/de\/magazin\/wp-content\/uploads\/2018\/04\/Marmorweg_f-325x209.jpg 325w, https:\/\/www.salzburgerland.com\/de\/magazin\/wp-content\/uploads\/2018\/04\/Marmorweg_f-249x160.jpg 249w\" \/><source media=\"(min-width: 0)\" srcset=\"https:\/\/www.salzburgerland.com\/de\/magazin\/wp-content\/uploads\/2018\/04\/Marmorweg_f-249x160.jpg 249w, https:\/\/www.salzburgerland.com\/de\/magazin\/wp-content\/uploads\/2018\/04\/Marmorweg_f-325x209.jpg 325w\" \/><img decoding=\"async\" alt=\"Gro\u00dfes Informationsschild mit Text und Bildern \u00fcber die Natur, aufgestellt zwischen B\u00e4umen in einem bewaldeten Gebiet.\" src=\"https:\/\/www.salzburgerland.com\/de\/magazin\/wp-content\/uploads\/2018\/04\/Marmorweg_f.jpg\" \/>\t<\/picture><\/a><\/figure><\/div><div class=\"col-6 col-sm-4\"><figure><a class=\"thumb-container\" href=\"https:\/\/www.salzburgerland.com\/de\/magazin\/wp-content\/uploads\/2018\/04\/Marmorweg_g-1280x1024.jpg\">\t<picture><source media=\"(min-width: 576px)\" srcset=\"https:\/\/www.salzburgerland.com\/de\/magazin\/wp-content\/uploads\/2018\/04\/Marmorweg_g-325x209.jpg 325w, https:\/\/www.salzburgerland.com\/de\/magazin\/wp-content\/uploads\/2018\/04\/Marmorweg_g-249x160.jpg 249w\" \/><source media=\"(min-width: 0)\" srcset=\"https:\/\/www.salzburgerland.com\/de\/magazin\/wp-content\/uploads\/2018\/04\/Marmorweg_g-249x160.jpg 249w, https:\/\/www.salzburgerland.com\/de\/magazin\/wp-content\/uploads\/2018\/04\/Marmorweg_g-325x209.jpg 325w\" \/><img decoding=\"async\" alt=\"Bronzestatue eines Arbeiters mit Hammer und Mei\u00dfel, mit B\u00e4umen im Hintergrund.\" src=\"https:\/\/www.salzburgerland.com\/de\/magazin\/wp-content\/uploads\/2018\/04\/Marmorweg_g.jpg\" \/>\t<\/picture><\/a><\/figure><\/div><div class=\"col-6 col-sm-4\"><figure><a class=\"thumb-container\" href=\"https:\/\/www.salzburgerland.com\/de\/magazin\/wp-content\/uploads\/2018\/04\/Marmorweg_h-1280x1024.jpg\">\t<picture><source media=\"(min-width: 576px)\" srcset=\"https:\/\/www.salzburgerland.com\/de\/magazin\/wp-content\/uploads\/2018\/04\/Marmorweg_h-325x209.jpg 325w, https:\/\/www.salzburgerland.com\/de\/magazin\/wp-content\/uploads\/2018\/04\/Marmorweg_h-249x160.jpg 249w\" \/><source media=\"(min-width: 0)\" srcset=\"https:\/\/www.salzburgerland.com\/de\/magazin\/wp-content\/uploads\/2018\/04\/Marmorweg_h-249x160.jpg 249w, https:\/\/www.salzburgerland.com\/de\/magazin\/wp-content\/uploads\/2018\/04\/Marmorweg_h-325x209.jpg 325w\" \/><img decoding=\"async\" alt=\"Hohe Holzpf\u00e4hle stehen aufrecht in einer sonnenbeschienenen Waldlichtung, umgeben von dichten gr\u00fcnen B\u00e4umen und Schatten.\" src=\"https:\/\/www.salzburgerland.com\/de\/magazin\/wp-content\/uploads\/2018\/04\/Marmorweg_h.jpg\" \/>\t<\/picture><\/a><\/figure><\/div><div class=\"col-6 col-sm-4\"><figure><a class=\"thumb-container\" href=\"https:\/\/www.salzburgerland.com\/de\/magazin\/wp-content\/uploads\/2018\/04\/Marmorweg_i-1280x1024.jpg\">\t<picture><source media=\"(min-width: 576px)\" srcset=\"https:\/\/www.salzburgerland.com\/de\/magazin\/wp-content\/uploads\/2018\/04\/Marmorweg_i-325x209.jpg 325w, https:\/\/www.salzburgerland.com\/de\/magazin\/wp-content\/uploads\/2018\/04\/Marmorweg_i-249x160.jpg 249w\" \/><source media=\"(min-width: 0)\" srcset=\"https:\/\/www.salzburgerland.com\/de\/magazin\/wp-content\/uploads\/2018\/04\/Marmorweg_i-249x160.jpg 249w, https:\/\/www.salzburgerland.com\/de\/magazin\/wp-content\/uploads\/2018\/04\/Marmorweg_i-325x209.jpg 325w\" \/><img decoding=\"async\" alt=\"Gro\u00dfe r\u00f6tliche Steinplatten und -bl\u00f6cke, die neben einer unbefestigten Stra\u00dfe gestapelt sind, mit B\u00e4umen und einer felsigen Klippe im Hintergrund.\" src=\"https:\/\/www.salzburgerland.com\/de\/magazin\/wp-content\/uploads\/2018\/04\/Marmorweg_i.jpg\" \/>\t<\/picture><\/a><\/figure><\/div><div class=\"col-6 col-sm-4\"><figure><a class=\"thumb-container\" href=\"https:\/\/www.salzburgerland.com\/de\/magazin\/wp-content\/uploads\/2018\/04\/Marmorweg_k-1280x1024.jpg\">\t<picture><source media=\"(min-width: 576px)\" srcset=\"\" \/><source media=\"(min-width: 0)\" srcset=\"https:\/\/www.salzburgerland.com\/de\/magazin\/wp-content\/uploads\/2018\/04\/Marmorweg_k.jpg 700w, https:\/\/www.salzburgerland.com\/de\/magazin\/wp-content\/uploads\/2018\/04\/Marmorweg_k-199x300.jpg 199w, https:\/\/www.salzburgerland.com\/de\/magazin\/wp-content\/uploads\/2018\/04\/Marmorweg_k-364x550.jpg 364w, https:\/\/www.salzburgerland.com\/de\/magazin\/wp-content\/uploads\/2018\/04\/Marmorweg_k-265x400.jpg 265w\" \/><img decoding=\"async\" alt=\"Gro\u00dfer moosbewachsener Stein mit Metallt\u00fclle in einem \u00fcppigen gr\u00fcnen Wald.\" src=\"https:\/\/www.salzburgerland.com\/de\/magazin\/wp-content\/uploads\/2018\/04\/Marmorweg_k.jpg\" \/>\t<\/picture><\/a><\/figure><\/div><div class=\"col-6 col-sm-4\"><figure><a class=\"thumb-container\" href=\"https:\/\/www.salzburgerland.com\/de\/magazin\/wp-content\/uploads\/2018\/04\/Marmorweg_l-1280x1024.jpg\">\t<picture><source media=\"(min-width: 576px)\" srcset=\"https:\/\/www.salzburgerland.com\/de\/magazin\/wp-content\/uploads\/2018\/04\/Marmorweg_l-325x209.jpg 325w, https:\/\/www.salzburgerland.com\/de\/magazin\/wp-content\/uploads\/2018\/04\/Marmorweg_l-249x160.jpg 249w\" \/><source media=\"(min-width: 0)\" srcset=\"https:\/\/www.salzburgerland.com\/de\/magazin\/wp-content\/uploads\/2018\/04\/Marmorweg_l-249x160.jpg 249w, https:\/\/www.salzburgerland.com\/de\/magazin\/wp-content\/uploads\/2018\/04\/Marmorweg_l-325x209.jpg 325w\" \/><img decoding=\"async\" alt=\"Eine Waldszene mit hohen B\u00e4umen und einem Baum, der in einem perfekten Bogen inmitten des Gr\u00fcns gebogen ist.\" src=\"https:\/\/www.salzburgerland.com\/de\/magazin\/wp-content\/uploads\/2018\/04\/Marmorweg_l.jpg\" \/>\t<\/picture><\/a><\/figure><\/div><div class=\"col-6 col-sm-4\"><figure><a class=\"thumb-container\" href=\"https:\/\/www.salzburgerland.com\/de\/magazin\/wp-content\/uploads\/2018\/04\/Marmorweg_m-1280x1024.jpg\">\t<picture><source media=\"(min-width: 576px)\" srcset=\"https:\/\/www.salzburgerland.com\/de\/magazin\/wp-content\/uploads\/2018\/04\/Marmorweg_m-325x209.jpg 325w, https:\/\/www.salzburgerland.com\/de\/magazin\/wp-content\/uploads\/2018\/04\/Marmorweg_m-249x160.jpg 249w\" \/><source media=\"(min-width: 0)\" srcset=\"https:\/\/www.salzburgerland.com\/de\/magazin\/wp-content\/uploads\/2018\/04\/Marmorweg_m-249x160.jpg 249w, https:\/\/www.salzburgerland.com\/de\/magazin\/wp-content\/uploads\/2018\/04\/Marmorweg_m-325x209.jpg 325w\" \/><img decoding=\"async\" alt=\"Holzbank und Pavillon in einem sonnenbeschienenen Wald, neben einem flachen, von Steinen ges\u00e4umten Bach.\" src=\"https:\/\/www.salzburgerland.com\/de\/magazin\/wp-content\/uploads\/2018\/04\/Marmorweg_m.jpg\" \/>\t<\/picture><\/a><\/figure><\/div><div class=\"col-6 col-sm-4\"><figure><a class=\"thumb-container\" href=\"https:\/\/www.salzburgerland.com\/de\/magazin\/wp-content\/uploads\/2018\/04\/Wyda_l-1280x1024.jpg\">\t<picture><source media=\"(min-width: 576px)\" srcset=\"https:\/\/www.salzburgerland.com\/de\/magazin\/wp-content\/uploads\/2018\/04\/Wyda_l-325x209.jpg 325w, https:\/\/www.salzburgerland.com\/de\/magazin\/wp-content\/uploads\/2018\/04\/Wyda_l-249x160.jpg 249w\" \/><source media=\"(min-width: 0)\" srcset=\"https:\/\/www.salzburgerland.com\/de\/magazin\/wp-content\/uploads\/2018\/04\/Wyda_l-249x160.jpg 249w, https:\/\/www.salzburgerland.com\/de\/magazin\/wp-content\/uploads\/2018\/04\/Wyda_l-325x209.jpg 325w\" \/><img decoding=\"async\" alt=\"Sieben Frauen unterschiedlichen Alters stehen an einem sonnigen Tag im Freien, l\u00e4cheln und halten Getr\u00e4nke in der Hand.\" src=\"https:\/\/www.salzburgerland.com\/de\/magazin\/wp-content\/uploads\/2018\/04\/Wyda_l.jpg\" \/>\t<\/picture><\/a><\/figure><\/div><div class=\"col-6 col-sm-4\"><figure><a class=\"thumb-container\" href=\"https:\/\/www.salzburgerland.com\/de\/magazin\/wp-content\/uploads\/2018\/04\/Wyda_e-1280x1024.jpg\">\t<picture><source media=\"(min-width: 576px)\" srcset=\"\" \/><source media=\"(min-width: 0)\" srcset=\"https:\/\/www.salzburgerland.com\/de\/magazin\/wp-content\/uploads\/2018\/04\/Wyda_e.jpg 700w, https:\/\/www.salzburgerland.com\/de\/magazin\/wp-content\/uploads\/2018\/04\/Wyda_e-199x300.jpg 199w, https:\/\/www.salzburgerland.com\/de\/magazin\/wp-content\/uploads\/2018\/04\/Wyda_e-364x550.jpg 364w, https:\/\/www.salzburgerland.com\/de\/magazin\/wp-content\/uploads\/2018\/04\/Wyda_e-265x400.jpg 265w\" \/><img decoding=\"async\" alt=\"Frau, die barfu\u00df auf einem Felsen steht, mit erhobenen Armen, vor einer strukturierten r\u00f6tlich-braunen Steinwand im Sonnenlicht.\" src=\"https:\/\/www.salzburgerland.com\/de\/magazin\/wp-content\/uploads\/2018\/04\/Wyda_e.jpg\" \/>\t<\/picture><\/a><\/figure><\/div><div class=\"col-6 col-sm-4\"><figure><a class=\"thumb-container\" href=\"https:\/\/www.salzburgerland.com\/de\/magazin\/wp-content\/uploads\/2018\/04\/Wyda_b-1280x1024.jpg\">\t<picture><source media=\"(min-width: 576px)\" srcset=\"https:\/\/www.salzburgerland.com\/de\/magazin\/wp-content\/uploads\/2018\/04\/Wyda_b-325x209.jpg 325w, https:\/\/www.salzburgerland.com\/de\/magazin\/wp-content\/uploads\/2018\/04\/Wyda_b-249x160.jpg 249w\" \/><source media=\"(min-width: 0)\" srcset=\"https:\/\/www.salzburgerland.com\/de\/magazin\/wp-content\/uploads\/2018\/04\/Wyda_b-249x160.jpg 249w, https:\/\/www.salzburgerland.com\/de\/magazin\/wp-content\/uploads\/2018\/04\/Wyda_b-325x209.jpg 325w\" \/><img decoding=\"async\" alt=\"Zwei H\u00e4nde, die eine Herzform bilden und verschiedene Perlen- und Flechtarmb\u00e4nder tragen, auf einem dunklen Hemd.\" src=\"https:\/\/www.salzburgerland.com\/de\/magazin\/wp-content\/uploads\/2018\/04\/Wyda_b.jpg\" \/>\t<\/picture><\/a><\/figure><\/div><div class=\"col-6 col-sm-4\"><figure><a class=\"thumb-container\" href=\"https:\/\/www.salzburgerland.com\/de\/magazin\/wp-content\/uploads\/2018\/04\/Wyda_f-1280x1024.jpg\">\t<picture><source media=\"(min-width: 576px)\" srcset=\"\" \/><source media=\"(min-width: 0)\" srcset=\"https:\/\/www.salzburgerland.com\/de\/magazin\/wp-content\/uploads\/2018\/04\/Wyda_f.jpg 800w, https:\/\/www.salzburgerland.com\/de\/magazin\/wp-content\/uploads\/2018\/04\/Wyda_f-199x300.jpg 199w, https:\/\/www.salzburgerland.com\/de\/magazin\/wp-content\/uploads\/2018\/04\/Wyda_f-364x550.jpg 364w, https:\/\/www.salzburgerland.com\/de\/magazin\/wp-content\/uploads\/2018\/04\/Wyda_f-265x400.jpg 265w\" \/><img decoding=\"async\" alt=\"Zwei Frauen stehen auf Felsen vor einer sonnenbeschienenen Steinmauer, die F\u00e4uste geballt und die Arme angewinkelt.\" src=\"https:\/\/www.salzburgerland.com\/de\/magazin\/wp-content\/uploads\/2018\/04\/Wyda_f.jpg\" \/>\t<\/picture><\/a><\/figure><\/div><div class=\"col-6 col-sm-4\"><figure><a class=\"thumb-container\" href=\"https:\/\/www.salzburgerland.com\/de\/magazin\/wp-content\/uploads\/2018\/04\/Wyda_h-1280x1024.jpg\">\t<picture><source media=\"(min-width: 576px)\" srcset=\"https:\/\/www.salzburgerland.com\/de\/magazin\/wp-content\/uploads\/2018\/04\/Wyda_h-325x209.jpg 325w, https:\/\/www.salzburgerland.com\/de\/magazin\/wp-content\/uploads\/2018\/04\/Wyda_h-249x160.jpg 249w\" \/><source media=\"(min-width: 0)\" srcset=\"https:\/\/www.salzburgerland.com\/de\/magazin\/wp-content\/uploads\/2018\/04\/Wyda_h-249x160.jpg 249w, https:\/\/www.salzburgerland.com\/de\/magazin\/wp-content\/uploads\/2018\/04\/Wyda_h-325x209.jpg 325w\" \/><img decoding=\"async\" alt=\"Person, die an einem sonnigen Tag mit ausgestreckten Armen an einem Fluss sitzt und auf das Wasser blickt.\" src=\"https:\/\/www.salzburgerland.com\/de\/magazin\/wp-content\/uploads\/2018\/04\/Wyda_h.jpg\" \/>\t<\/picture><\/a><\/figure><\/div><div class=\"col-6 col-sm-4\"><figure><a class=\"thumb-container\" href=\"https:\/\/www.salzburgerland.com\/de\/magazin\/wp-content\/uploads\/2018\/04\/Wyda_r-1280x1024.jpg\">\t<picture><source media=\"(min-width: 576px)\" srcset=\"https:\/\/www.salzburgerland.com\/de\/magazin\/wp-content\/uploads\/2018\/04\/Wyda_r-325x209.jpg 325w, https:\/\/www.salzburgerland.com\/de\/magazin\/wp-content\/uploads\/2018\/04\/Wyda_r-249x160.jpg 249w\" \/><source media=\"(min-width: 0)\" srcset=\"https:\/\/www.salzburgerland.com\/de\/magazin\/wp-content\/uploads\/2018\/04\/Wyda_r-249x160.jpg 249w, https:\/\/www.salzburgerland.com\/de\/magazin\/wp-content\/uploads\/2018\/04\/Wyda_r-325x209.jpg 325w\" \/><img decoding=\"async\" alt=\"Frau im roten Blumenkleid meditiert mit geschlossenen Augen in einem sonnenbeschienenen Wald.\" src=\"https:\/\/www.salzburgerland.com\/de\/magazin\/wp-content\/uploads\/2018\/04\/Wyda_r.jpg\" \/>\t<\/picture><\/a><\/figure><\/div><div class=\"col-6 col-sm-4\"><figure><a class=\"thumb-container\" href=\"https:\/\/www.salzburgerland.com\/de\/magazin\/wp-content\/uploads\/2018\/04\/Wyda_m-1280x1024.jpg\">\t<picture><source media=\"(min-width: 576px)\" srcset=\"https:\/\/www.salzburgerland.com\/de\/magazin\/wp-content\/uploads\/2018\/04\/Wyda_m-325x209.jpg 325w, https:\/\/www.salzburgerland.com\/de\/magazin\/wp-content\/uploads\/2018\/04\/Wyda_m-249x160.jpg 249w\" \/><source media=\"(min-width: 0)\" srcset=\"https:\/\/www.salzburgerland.com\/de\/magazin\/wp-content\/uploads\/2018\/04\/Wyda_m-249x160.jpg 249w, https:\/\/www.salzburgerland.com\/de\/magazin\/wp-content\/uploads\/2018\/04\/Wyda_m-325x209.jpg 325w\" \/><img decoding=\"async\" alt=\"Eine Hand, die Holzperlenarmb\u00e4nder tr\u00e4gt, ber\u00fchrt gr\u00fcne Bl\u00e4tter an einem Busch im Sonnenlicht.\" src=\"https:\/\/www.salzburgerland.com\/de\/magazin\/wp-content\/uploads\/2018\/04\/Wyda_m.jpg\" \/>\t<\/picture><\/a><\/figure><\/div><div class=\"col-6 col-sm-4\"><figure><a class=\"thumb-container\" href=\"https:\/\/www.salzburgerland.com\/de\/magazin\/wp-content\/uploads\/2018\/04\/Wyda_n-1280x1024.jpg\">\t<picture><source media=\"(min-width: 576px)\" srcset=\"https:\/\/www.salzburgerland.com\/de\/magazin\/wp-content\/uploads\/2018\/04\/Wyda_n-325x209.jpg 325w, https:\/\/www.salzburgerland.com\/de\/magazin\/wp-content\/uploads\/2018\/04\/Wyda_n-249x160.jpg 249w\" \/><source media=\"(min-width: 0)\" srcset=\"https:\/\/www.salzburgerland.com\/de\/magazin\/wp-content\/uploads\/2018\/04\/Wyda_n-249x160.jpg 249w, https:\/\/www.salzburgerland.com\/de\/magazin\/wp-content\/uploads\/2018\/04\/Wyda_n-325x209.jpg 325w\" \/><img decoding=\"async\" alt=\"Nahaufnahme von frischen gr\u00fcnen Bl\u00e4ttern an einem Zweig, mit einem unscharfen Hintergrund aus weiterem Laub.\" src=\"https:\/\/www.salzburgerland.com\/de\/magazin\/wp-content\/uploads\/2018\/04\/Wyda_n.jpg\" \/>\t<\/picture><\/a><\/figure><\/div><div class=\"col-6 col-sm-4\"><figure><a class=\"thumb-container\" href=\"https:\/\/www.salzburgerland.com\/de\/magazin\/wp-content\/uploads\/2018\/04\/Wyda_p-1280x1024.jpg\">\t<picture><source media=\"(min-width: 576px)\" srcset=\"https:\/\/www.salzburgerland.com\/de\/magazin\/wp-content\/uploads\/2018\/04\/Wyda_p-325x209.jpg 325w, https:\/\/www.salzburgerland.com\/de\/magazin\/wp-content\/uploads\/2018\/04\/Wyda_p-249x160.jpg 249w\" \/><source media=\"(min-width: 0)\" srcset=\"https:\/\/www.salzburgerland.com\/de\/magazin\/wp-content\/uploads\/2018\/04\/Wyda_p-249x160.jpg 249w, https:\/\/www.salzburgerland.com\/de\/magazin\/wp-content\/uploads\/2018\/04\/Wyda_p-325x209.jpg 325w\" \/><img decoding=\"async\" alt=\"Kleine lilafarbene Wildblumen mit gr\u00fcnen Bl\u00e4ttern, die im ged\u00e4mpften Sonnenlicht auf dem Waldboden wachsen.\" src=\"https:\/\/www.salzburgerland.com\/de\/magazin\/wp-content\/uploads\/2018\/04\/Wyda_p.jpg\" \/>\t<\/picture><\/a><\/figure><\/div><div class=\"col-6 col-sm-4\"><figure><a class=\"thumb-container\" href=\"https:\/\/www.salzburgerland.com\/de\/magazin\/wp-content\/uploads\/2018\/04\/Wyda_q-1280x1024.jpg\">\t<picture><source media=\"(min-width: 576px)\" srcset=\"https:\/\/www.salzburgerland.com\/de\/magazin\/wp-content\/uploads\/2018\/04\/Wyda_q-325x209.jpg 325w, https:\/\/www.salzburgerland.com\/de\/magazin\/wp-content\/uploads\/2018\/04\/Wyda_q-249x160.jpg 249w\" \/><source media=\"(min-width: 0)\" srcset=\"https:\/\/www.salzburgerland.com\/de\/magazin\/wp-content\/uploads\/2018\/04\/Wyda_q-249x160.jpg 249w, https:\/\/www.salzburgerland.com\/de\/magazin\/wp-content\/uploads\/2018\/04\/Wyda_q-325x209.jpg 325w\" \/><img decoding=\"async\" alt=\"Ein Dorf mit einer Kirche und H\u00e4usern liegt in einem gr\u00fcnen Tal, umgeben von bewaldeten H\u00fcgeln und fernen Bergen.\" src=\"https:\/\/www.salzburgerland.com\/de\/magazin\/wp-content\/uploads\/2018\/04\/Wyda_q.jpg\" \/>\t<\/picture><\/a><\/figure><\/div><\/div><\/div><figcaption><\/figcaption>\n<p>Fotos: Christine Fr\u00f6schl<\/p>\n","protected":false},"excerpt":{"rendered":"<p>Im Fr\u00fchling ist der Adneter Marmorweg besonders sch\u00f6n: Das frische Gr\u00fcn, der beschilderte Weg und die Marmor-Steinbr\u00fcche laden zum Wandern, Entdecken und Staunen ein. Sandra Leis geht diesen Weg gerne und macht auf besonderen Pl\u00e4tzen &#8222;Wyda-\u00dcbungen&#8220;. Die Sonne brennt an diesem Fr\u00fchlingstag vom Himmel. In Adnet bl\u00fchen Obstb\u00e4ume, die Wiesen erstrahlen in saftigem Gr\u00fcn, Schmetterlinge [&hellip;]<\/p>\n","protected":false},"author":236,"featured_media":122807,"comment_status":"open","ping_status":"open","sticky":false,"template":"","format":"standard","meta":{"_acf_changed":false,"wl_entities_gutenberg":"","_wl_entity_redirect_enabled":"","footnotes":""},"categories":[9],"tags":[],"wl_entity_type":[306],"monatsauswahl":[82,83,84,85,86,87,88,89,90,91,92,93],"class_list":["post-122798","post","type-post","status-publish","format-standard","has-post-thumbnail","hentry","category-sehenswurdig","wl_entity_type-article","monatsauswahl-monat_1","monatsauswahl-monat_2","monatsauswahl-monat_3","monatsauswahl-monat_4","monatsauswahl-monat_5","monatsauswahl-monat_6","monatsauswahl-monat_7","monatsauswahl-monat_8","monatsauswahl-monat_9","monatsauswahl-monat_10","monatsauswahl-monat_11","monatsauswahl-monat_12"],"acf":[],"yoast_head":"<!-- This site is optimized with the Yoast SEO Premium plugin v27.4 (Yoast SEO v27.4) - https:\/\/yoast.com\/product\/yoast-seo-premium-wordpress\/ -->\n<title>Wandern und Wyda in Adnet - SalzburgerLand Magazin<\/title>\n<meta name=\"description\" content=\"Im Fr\u00fchling ist der Adneter Marmorweg besonders sch\u00f6n: Das frische Gr\u00fcn, der beschilderte Weg und die Marmor-Steinbr\u00fcche laden zum Wandern, Entdecken und Staunen ein. Sandra Leis geht diesen Weg gerne und macht auf besonderen Pl\u00e4tzen &#8222;Wyda-\u00dcbungen&#8220;. Die Sonne brennt an diesem Fr\u00fchlingstag vom Himmel. In Adnet bl\u00fchen Obstb\u00e4ume, die Wiesen erstrahlen in saftigem Gr\u00fcn, Schmetterlinge [&hellip;]\" \/>\n<meta name=\"robots\" content=\"index, follow, max-snippet:-1, max-image-preview:large, max-video-preview:-1\" \/>\n<link rel=\"canonical\" href=\"https:\/\/www.salzburgerland.com\/de\/magazin\/wandern-und-wyda-in-adnet\/\" \/>\n<meta property=\"og:locale\" content=\"de_DE\" \/>\n<meta property=\"og:type\" content=\"article\" \/>\n<meta property=\"og:title\" content=\"Wandern und Wyda in Adnet\" \/>\n<meta property=\"og:description\" content=\"Im Fr\u00fchling ist der Adneter Marmorweg besonders sch\u00f6n: Das frische Gr\u00fcn, der beschilderte Weg und die Marmor-Steinbr\u00fcche laden zum Wandern, Entdecken und Staunen ein. Sandra Leis geht diesen Weg gerne und macht auf besonderen Pl\u00e4tzen &#8222;Wyda-\u00dcbungen&#8220;. Die Sonne brennt an diesem Fr\u00fchlingstag vom Himmel. In Adnet bl\u00fchen Obstb\u00e4ume, die Wiesen erstrahlen in saftigem Gr\u00fcn, Schmetterlinge [&hellip;]\" \/>\n<meta property=\"og:url\" content=\"https:\/\/www.salzburgerland.com\/de\/magazin\/wandern-und-wyda-in-adnet\/\" \/>\n<meta property=\"og:site_name\" content=\"SalzburgerLand Magazin\" \/>\n<meta property=\"article:publisher\" content=\"https:\/\/www.facebook.com\/salzburgerland\/\" \/>\n<meta property=\"article:published_time\" content=\"2018-05-08T06:00:07+00:00\" \/>\n<meta property=\"article:modified_time\" content=\"2019-10-09T09:46:47+00:00\" \/>\n<meta property=\"og:image\" content=\"https:\/\/www.salzburgerland.com\/de\/magazin\/wp-content\/uploads\/2018\/04\/Marmorweg_i.jpg\" \/>\n\t<meta property=\"og:image:width\" content=\"700\" \/>\n\t<meta property=\"og:image:height\" content=\"464\" \/>\n\t<meta property=\"og:image:type\" content=\"image\/jpeg\" \/>\n<meta name=\"author\" content=\"Christine Fr\u00f6schl\" \/>\n<meta name=\"twitter:card\" content=\"summary_large_image\" \/>\n<meta name=\"twitter:creator\" content=\"@Salzburgerland\" \/>\n<meta name=\"twitter:site\" content=\"@Salzburgerland\" \/>\n<meta name=\"twitter:label1\" content=\"Verfasst von\" \/>\n\t<meta name=\"twitter:data1\" content=\"Christine Fr\u00f6schl\" \/>\n\t<meta name=\"twitter:label2\" content=\"Gesch\u00e4tzte Lesezeit\" \/>\n\t<meta name=\"twitter:data2\" content=\"3\u00a0Minuten\" \/>\n<script type=\"application\/ld+json\" class=\"yoast-schema-graph\">{\"@context\":\"https:\\\/\\\/schema.org\",\"@graph\":[{\"@type\":\"Article\",\"@id\":\"https:\\\/\\\/www.salzburgerland.com\\\/de\\\/magazin\\\/wandern-und-wyda-in-adnet\\\/#article\",\"isPartOf\":{\"@id\":\"https:\\\/\\\/www.salzburgerland.com\\\/de\\\/magazin\\\/wandern-und-wyda-in-adnet\\\/\"},\"author\":{\"name\":\"Christine Fr\u00f6schl\",\"@id\":\"https:\\\/\\\/www.salzburgerland.com\\\/de\\\/magazin\\\/#\\\/schema\\\/person\\\/7932db74f19d9640620859cb2b794c4e\"},\"headline\":\"Wandern und Wyda in Adnet\",\"datePublished\":\"2018-05-08T06:00:07+00:00\",\"dateModified\":\"2019-10-09T09:46:47+00:00\",\"mainEntityOfPage\":{\"@id\":\"https:\\\/\\\/www.salzburgerland.com\\\/de\\\/magazin\\\/wandern-und-wyda-in-adnet\\\/\"},\"wordCount\":515,\"commentCount\":0,\"publisher\":{\"@id\":\"https:\\\/\\\/www.salzburgerland.com\\\/de\\\/magazin\\\/#organization\"},\"image\":{\"@id\":\"https:\\\/\\\/www.salzburgerland.com\\\/de\\\/magazin\\\/wandern-und-wyda-in-adnet\\\/#primaryimage\"},\"thumbnailUrl\":\"https:\\\/\\\/www.salzburgerland.com\\\/de\\\/magazin\\\/wp-content\\\/uploads\\\/2018\\\/04\\\/Marmorweg_i.jpg\",\"articleSection\":[\"Sehensw\u00fcrdig\"],\"inLanguage\":\"de\",\"potentialAction\":[{\"@type\":\"CommentAction\",\"name\":\"Comment\",\"target\":[\"https:\\\/\\\/www.salzburgerland.com\\\/de\\\/magazin\\\/wandern-und-wyda-in-adnet\\\/#respond\"]}]},{\"@type\":\"WebPage\",\"@id\":\"https:\\\/\\\/www.salzburgerland.com\\\/de\\\/magazin\\\/wandern-und-wyda-in-adnet\\\/\",\"url\":\"https:\\\/\\\/www.salzburgerland.com\\\/de\\\/magazin\\\/wandern-und-wyda-in-adnet\\\/\",\"name\":\"Wandern und Wyda in Adnet - SalzburgerLand Magazin\",\"isPartOf\":{\"@id\":\"https:\\\/\\\/www.salzburgerland.com\\\/de\\\/magazin\\\/#website\"},\"primaryImageOfPage\":{\"@id\":\"https:\\\/\\\/www.salzburgerland.com\\\/de\\\/magazin\\\/wandern-und-wyda-in-adnet\\\/#primaryimage\"},\"image\":{\"@id\":\"https:\\\/\\\/www.salzburgerland.com\\\/de\\\/magazin\\\/wandern-und-wyda-in-adnet\\\/#primaryimage\"},\"thumbnailUrl\":\"https:\\\/\\\/www.salzburgerland.com\\\/de\\\/magazin\\\/wp-content\\\/uploads\\\/2018\\\/04\\\/Marmorweg_i.jpg\",\"datePublished\":\"2018-05-08T06:00:07+00:00\",\"dateModified\":\"2019-10-09T09:46:47+00:00\",\"breadcrumb\":{\"@id\":\"https:\\\/\\\/www.salzburgerland.com\\\/de\\\/magazin\\\/wandern-und-wyda-in-adnet\\\/#breadcrumb\"},\"inLanguage\":\"de\",\"potentialAction\":[{\"@type\":\"ReadAction\",\"target\":[\"https:\\\/\\\/www.salzburgerland.com\\\/de\\\/magazin\\\/wandern-und-wyda-in-adnet\\\/\"]}]},{\"@type\":\"ImageObject\",\"inLanguage\":\"de\",\"@id\":\"https:\\\/\\\/www.salzburgerland.com\\\/de\\\/magazin\\\/wandern-und-wyda-in-adnet\\\/#primaryimage\",\"url\":\"https:\\\/\\\/www.salzburgerland.com\\\/de\\\/magazin\\\/wp-content\\\/uploads\\\/2018\\\/04\\\/Marmorweg_i.jpg\",\"contentUrl\":\"https:\\\/\\\/www.salzburgerland.com\\\/de\\\/magazin\\\/wp-content\\\/uploads\\\/2018\\\/04\\\/Marmorweg_i.jpg\",\"width\":700,\"height\":464,\"caption\":\"Marmorsteinbruch\"},{\"@type\":\"BreadcrumbList\",\"@id\":\"https:\\\/\\\/www.salzburgerland.com\\\/de\\\/magazin\\\/wandern-und-wyda-in-adnet\\\/#breadcrumb\",\"itemListElement\":[{\"@type\":\"ListItem\",\"position\":1,\"name\":\"Startseite\",\"item\":\"https:\\\/\\\/www.salzburgerland.com\\\/de\\\/magazin\\\/\"},{\"@type\":\"ListItem\",\"position\":2,\"name\":\"Sehensw\u00fcrdig\",\"item\":\"https:\\\/\\\/www.salzburgerland.com\\\/de\\\/magazin\\\/thema\\\/sehenswurdig\\\/\"},{\"@type\":\"ListItem\",\"position\":3,\"name\":\"Wandern und Wyda in Adnet\"}]},{\"@type\":\"WebSite\",\"@id\":\"https:\\\/\\\/www.salzburgerland.com\\\/de\\\/magazin\\\/#website\",\"url\":\"https:\\\/\\\/www.salzburgerland.com\\\/de\\\/magazin\\\/\",\"name\":\"SalzburgerLand Magazin\",\"description\":\"Geschichten und Interessantes aus dem SalzburgerLand\",\"publisher\":{\"@id\":\"https:\\\/\\\/www.salzburgerland.com\\\/de\\\/magazin\\\/#organization\"},\"potentialAction\":[{\"@type\":\"SearchAction\",\"target\":{\"@type\":\"EntryPoint\",\"urlTemplate\":\"https:\\\/\\\/www.salzburgerland.com\\\/de\\\/magazin\\\/?s={search_term_string}\"},\"query-input\":{\"@type\":\"PropertyValueSpecification\",\"valueRequired\":true,\"valueName\":\"search_term_string\"}}],\"inLanguage\":\"de\"},{\"@type\":\"Organization\",\"@id\":\"https:\\\/\\\/www.salzburgerland.com\\\/de\\\/magazin\\\/#organization\",\"name\":\"SalzburgerLand Tourismus\",\"url\":\"https:\\\/\\\/www.salzburgerland.com\\\/de\\\/magazin\\\/\",\"logo\":{\"@type\":\"ImageObject\",\"inLanguage\":\"de\",\"@id\":\"https:\\\/\\\/www.salzburgerland.com\\\/de\\\/magazin\\\/#\\\/schema\\\/logo\\\/image\\\/\",\"url\":\"https:\\\/\\\/www.salzburgerland.com\\\/de\\\/magazin\\\/wp-content\\\/uploads\\\/2019\\\/06\\\/salzburgerland-logo1.jpg\",\"contentUrl\":\"https:\\\/\\\/www.salzburgerland.com\\\/de\\\/magazin\\\/wp-content\\\/uploads\\\/2019\\\/06\\\/salzburgerland-logo1.jpg\",\"width\":2011,\"height\":866,\"caption\":\"SalzburgerLand Tourismus\"},\"image\":{\"@id\":\"https:\\\/\\\/www.salzburgerland.com\\\/de\\\/magazin\\\/#\\\/schema\\\/logo\\\/image\\\/\"},\"sameAs\":[\"https:\\\/\\\/www.facebook.com\\\/salzburgerland\\\/\",\"https:\\\/\\\/x.com\\\/Salzburgerland\",\"https:\\\/\\\/www.instagram.com\\\/salzburgerland\\\/\",\"https:\\\/\\\/at.linkedin.com\\\/company\\\/salzburgerland-tourismus-gmbh\",\"https:\\\/\\\/www.pinterest.at\\\/salzburgerland\\\/\",\"https:\\\/\\\/www.youtube.com\\\/user\\\/salzburgerland\",\"https:\\\/\\\/de.wikipedia.org\\\/wiki\\\/SalzburgerLand_Tourismus_GmbH\"]},{\"@type\":\"Person\",\"@id\":\"https:\\\/\\\/www.salzburgerland.com\\\/de\\\/magazin\\\/#\\\/schema\\\/person\\\/7932db74f19d9640620859cb2b794c4e\",\"name\":\"Christine Fr\u00f6schl\",\"description\":\"Dein pers\u00f6nlicher Logenplatz im SalzburgerLand? Am liebsten gehe ich auf den Einberg im Salzburger Tennengau. Der Berg in der Osterhorn-Gruppe gl\u00e4nzt das ganze Jahr im Sonnenschein, auf dem Gipfel heben Paragleiter ab und die Aussicht auf das Tennengebirge, den Dachstein und die Bischofsm\u00fctze ist traumhaft. Dosige(r) oder Zuagroast? Zuagroast aus dem sch\u00f6nen Nieder\u00f6sterreich. Fr\u00fchling, Sommer, Herbst oder Winter? Alle Jahreszeiten begeistern mich. Momentan freue ich mich auf den Fr\u00fchling, das Zwitschern der V\u00f6gel und auf die sattgr\u00fcnen Wiesen. Salzburger Nockerl oder Schwarzbeernocken? Eindeutig Schwarzbeernocken. Rindsroulade vom Pinzgauer Biorind oder Saibling fangfrisch aus dem Fuschlsee? Mhhhh. Da kann ich mich nicht entscheiden. Bergtour oder Seentour? Mich zieht es auf jeden Fall hinauf. Begeistert bin ich auch von tiefblauen Bergseen in denen sich die Umgebung spiegelt und von der Aussicht w\u00e4hrend des Weges auf einen der wundersch\u00f6nen Seen im Salzburger Land.\",\"url\":\"https:\\\/\\\/www.salzburgerland.com\\\/de\\\/magazin\\\/author\\\/christine-froeschl\\\/\"}]}<\/script>\n<!-- \/ Yoast SEO Premium plugin. -->","yoast_head_json":{"title":"Wandern und Wyda in Adnet - SalzburgerLand Magazin","description":"Im Fr\u00fchling ist der Adneter Marmorweg besonders sch\u00f6n: Das frische Gr\u00fcn, der beschilderte Weg und die Marmor-Steinbr\u00fcche laden zum Wandern, Entdecken und Staunen ein. Sandra Leis geht diesen Weg gerne und macht auf besonderen Pl\u00e4tzen &#8222;Wyda-\u00dcbungen&#8220;. Die Sonne brennt an diesem Fr\u00fchlingstag vom Himmel. In Adnet bl\u00fchen Obstb\u00e4ume, die Wiesen erstrahlen in saftigem Gr\u00fcn, Schmetterlinge [&hellip;]","robots":{"index":"index","follow":"follow","max-snippet":"max-snippet:-1","max-image-preview":"max-image-preview:large","max-video-preview":"max-video-preview:-1"},"canonical":"https:\/\/www.salzburgerland.com\/de\/magazin\/wandern-und-wyda-in-adnet\/","og_locale":"de_DE","og_type":"article","og_title":"Wandern und Wyda in Adnet","og_description":"Im Fr\u00fchling ist der Adneter Marmorweg besonders sch\u00f6n: Das frische Gr\u00fcn, der beschilderte Weg und die Marmor-Steinbr\u00fcche laden zum Wandern, Entdecken und Staunen ein. Sandra Leis geht diesen Weg gerne und macht auf besonderen Pl\u00e4tzen &#8222;Wyda-\u00dcbungen&#8220;. Die Sonne brennt an diesem Fr\u00fchlingstag vom Himmel. In Adnet bl\u00fchen Obstb\u00e4ume, die Wiesen erstrahlen in saftigem Gr\u00fcn, Schmetterlinge [&hellip;]","og_url":"https:\/\/www.salzburgerland.com\/de\/magazin\/wandern-und-wyda-in-adnet\/","og_site_name":"SalzburgerLand Magazin","article_publisher":"https:\/\/www.facebook.com\/salzburgerland\/","article_published_time":"2018-05-08T06:00:07+00:00","article_modified_time":"2019-10-09T09:46:47+00:00","og_image":[{"width":700,"height":464,"url":"https:\/\/www.salzburgerland.com\/de\/magazin\/wp-content\/uploads\/2018\/04\/Marmorweg_i.jpg","type":"image\/jpeg"}],"author":"Christine Fr\u00f6schl","twitter_card":"summary_large_image","twitter_creator":"@Salzburgerland","twitter_site":"@Salzburgerland","twitter_misc":{"Verfasst von":"Christine Fr\u00f6schl","Gesch\u00e4tzte Lesezeit":"3\u00a0Minuten"},"schema":{"@context":"https:\/\/schema.org","@graph":[{"@type":"Article","@id":"https:\/\/www.salzburgerland.com\/de\/magazin\/wandern-und-wyda-in-adnet\/#article","isPartOf":{"@id":"https:\/\/www.salzburgerland.com\/de\/magazin\/wandern-und-wyda-in-adnet\/"},"author":{"name":"Christine Fr\u00f6schl","@id":"https:\/\/www.salzburgerland.com\/de\/magazin\/#\/schema\/person\/7932db74f19d9640620859cb2b794c4e"},"headline":"Wandern und Wyda in Adnet","datePublished":"2018-05-08T06:00:07+00:00","dateModified":"2019-10-09T09:46:47+00:00","mainEntityOfPage":{"@id":"https:\/\/www.salzburgerland.com\/de\/magazin\/wandern-und-wyda-in-adnet\/"},"wordCount":515,"commentCount":0,"publisher":{"@id":"https:\/\/www.salzburgerland.com\/de\/magazin\/#organization"},"image":{"@id":"https:\/\/www.salzburgerland.com\/de\/magazin\/wandern-und-wyda-in-adnet\/#primaryimage"},"thumbnailUrl":"https:\/\/www.salzburgerland.com\/de\/magazin\/wp-content\/uploads\/2018\/04\/Marmorweg_i.jpg","articleSection":["Sehensw\u00fcrdig"],"inLanguage":"de","potentialAction":[{"@type":"CommentAction","name":"Comment","target":["https:\/\/www.salzburgerland.com\/de\/magazin\/wandern-und-wyda-in-adnet\/#respond"]}]},{"@type":"WebPage","@id":"https:\/\/www.salzburgerland.com\/de\/magazin\/wandern-und-wyda-in-adnet\/","url":"https:\/\/www.salzburgerland.com\/de\/magazin\/wandern-und-wyda-in-adnet\/","name":"Wandern und Wyda in Adnet - SalzburgerLand Magazin","isPartOf":{"@id":"https:\/\/www.salzburgerland.com\/de\/magazin\/#website"},"primaryImageOfPage":{"@id":"https:\/\/www.salzburgerland.com\/de\/magazin\/wandern-und-wyda-in-adnet\/#primaryimage"},"image":{"@id":"https:\/\/www.salzburgerland.com\/de\/magazin\/wandern-und-wyda-in-adnet\/#primaryimage"},"thumbnailUrl":"https:\/\/www.salzburgerland.com\/de\/magazin\/wp-content\/uploads\/2018\/04\/Marmorweg_i.jpg","datePublished":"2018-05-08T06:00:07+00:00","dateModified":"2019-10-09T09:46:47+00:00","breadcrumb":{"@id":"https:\/\/www.salzburgerland.com\/de\/magazin\/wandern-und-wyda-in-adnet\/#breadcrumb"},"inLanguage":"de","potentialAction":[{"@type":"ReadAction","target":["https:\/\/www.salzburgerland.com\/de\/magazin\/wandern-und-wyda-in-adnet\/"]}]},{"@type":"ImageObject","inLanguage":"de","@id":"https:\/\/www.salzburgerland.com\/de\/magazin\/wandern-und-wyda-in-adnet\/#primaryimage","url":"https:\/\/www.salzburgerland.com\/de\/magazin\/wp-content\/uploads\/2018\/04\/Marmorweg_i.jpg","contentUrl":"https:\/\/www.salzburgerland.com\/de\/magazin\/wp-content\/uploads\/2018\/04\/Marmorweg_i.jpg","width":700,"height":464,"caption":"Marmorsteinbruch"},{"@type":"BreadcrumbList","@id":"https:\/\/www.salzburgerland.com\/de\/magazin\/wandern-und-wyda-in-adnet\/#breadcrumb","itemListElement":[{"@type":"ListItem","position":1,"name":"Startseite","item":"https:\/\/www.salzburgerland.com\/de\/magazin\/"},{"@type":"ListItem","position":2,"name":"Sehensw\u00fcrdig","item":"https:\/\/www.salzburgerland.com\/de\/magazin\/thema\/sehenswurdig\/"},{"@type":"ListItem","position":3,"name":"Wandern und Wyda in Adnet"}]},{"@type":"WebSite","@id":"https:\/\/www.salzburgerland.com\/de\/magazin\/#website","url":"https:\/\/www.salzburgerland.com\/de\/magazin\/","name":"SalzburgerLand Magazin","description":"Geschichten und Interessantes aus dem SalzburgerLand","publisher":{"@id":"https:\/\/www.salzburgerland.com\/de\/magazin\/#organization"},"potentialAction":[{"@type":"SearchAction","target":{"@type":"EntryPoint","urlTemplate":"https:\/\/www.salzburgerland.com\/de\/magazin\/?s={search_term_string}"},"query-input":{"@type":"PropertyValueSpecification","valueRequired":true,"valueName":"search_term_string"}}],"inLanguage":"de"},{"@type":"Organization","@id":"https:\/\/www.salzburgerland.com\/de\/magazin\/#organization","name":"SalzburgerLand Tourismus","url":"https:\/\/www.salzburgerland.com\/de\/magazin\/","logo":{"@type":"ImageObject","inLanguage":"de","@id":"https:\/\/www.salzburgerland.com\/de\/magazin\/#\/schema\/logo\/image\/","url":"https:\/\/www.salzburgerland.com\/de\/magazin\/wp-content\/uploads\/2019\/06\/salzburgerland-logo1.jpg","contentUrl":"https:\/\/www.salzburgerland.com\/de\/magazin\/wp-content\/uploads\/2019\/06\/salzburgerland-logo1.jpg","width":2011,"height":866,"caption":"SalzburgerLand Tourismus"},"image":{"@id":"https:\/\/www.salzburgerland.com\/de\/magazin\/#\/schema\/logo\/image\/"},"sameAs":["https:\/\/www.facebook.com\/salzburgerland\/","https:\/\/x.com\/Salzburgerland","https:\/\/www.instagram.com\/salzburgerland\/","https:\/\/at.linkedin.com\/company\/salzburgerland-tourismus-gmbh","https:\/\/www.pinterest.at\/salzburgerland\/","https:\/\/www.youtube.com\/user\/salzburgerland","https:\/\/de.wikipedia.org\/wiki\/SalzburgerLand_Tourismus_GmbH"]},{"@type":"Person","@id":"https:\/\/www.salzburgerland.com\/de\/magazin\/#\/schema\/person\/7932db74f19d9640620859cb2b794c4e","name":"Christine Fr\u00f6schl","description":"Dein pers\u00f6nlicher Logenplatz im SalzburgerLand? Am liebsten gehe ich auf den Einberg im Salzburger Tennengau. Der Berg in der Osterhorn-Gruppe gl\u00e4nzt das ganze Jahr im Sonnenschein, auf dem Gipfel heben Paragleiter ab und die Aussicht auf das Tennengebirge, den Dachstein und die Bischofsm\u00fctze ist traumhaft. Dosige(r) oder Zuagroast? Zuagroast aus dem sch\u00f6nen Nieder\u00f6sterreich. Fr\u00fchling, Sommer, Herbst oder Winter? Alle Jahreszeiten begeistern mich. Momentan freue ich mich auf den Fr\u00fchling, das Zwitschern der V\u00f6gel und auf die sattgr\u00fcnen Wiesen. Salzburger Nockerl oder Schwarzbeernocken? Eindeutig Schwarzbeernocken. Rindsroulade vom Pinzgauer Biorind oder Saibling fangfrisch aus dem Fuschlsee? Mhhhh. Da kann ich mich nicht entscheiden. Bergtour oder Seentour? Mich zieht es auf jeden Fall hinauf. Begeistert bin ich auch von tiefblauen Bergseen in denen sich die Umgebung spiegelt und von der Aussicht w\u00e4hrend des Weges auf einen der wundersch\u00f6nen Seen im Salzburger Land.","url":"https:\/\/www.salzburgerland.com\/de\/magazin\/author\/christine-froeschl\/"}]}},"_wl_alt_label":[],"wl:entity_url":"http:\/\/open.salzburgerland.com\/magazin\/post\/wandern_und_wyda_in_adnet","_links":{"self":[{"href":"https:\/\/www.salzburgerland.com\/de\/magazin\/wp-json\/wp\/v2\/posts\/122798","targetHints":{"allow":["GET"]}}],"collection":[{"href":"https:\/\/www.salzburgerland.com\/de\/magazin\/wp-json\/wp\/v2\/posts"}],"about":[{"href":"https:\/\/www.salzburgerland.com\/de\/magazin\/wp-json\/wp\/v2\/types\/post"}],"author":[{"embeddable":true,"href":"https:\/\/www.salzburgerland.com\/de\/magazin\/wp-json\/wp\/v2\/users\/236"}],"replies":[{"embeddable":true,"href":"https:\/\/www.salzburgerland.com\/de\/magazin\/wp-json\/wp\/v2\/comments?post=122798"}],"version-history":[{"count":0,"href":"https:\/\/www.salzburgerland.com\/de\/magazin\/wp-json\/wp\/v2\/posts\/122798\/revisions"}],"wp:featuredmedia":[{"embeddable":true,"href":"https:\/\/www.salzburgerland.com\/de\/magazin\/wp-json\/wp\/v2\/media\/122807"}],"wp:attachment":[{"href":"https:\/\/www.salzburgerland.com\/de\/magazin\/wp-json\/wp\/v2\/media?parent=122798"}],"wp:term":[{"taxonomy":"category","embeddable":true,"href":"https:\/\/www.salzburgerland.com\/de\/magazin\/wp-json\/wp\/v2\/categories?post=122798"},{"taxonomy":"post_tag","embeddable":true,"href":"https:\/\/www.salzburgerland.com\/de\/magazin\/wp-json\/wp\/v2\/tags?post=122798"},{"taxonomy":"wl_entity_type","embeddable":true,"href":"https:\/\/www.salzburgerland.com\/de\/magazin\/wp-json\/wp\/v2\/wl_entity_type?post=122798"},{"taxonomy":"monatsauswahl","embeddable":true,"href":"https:\/\/www.salzburgerland.com\/de\/magazin\/wp-json\/wp\/v2\/monatsauswahl?post=122798"}],"curies":[{"name":"wp","href":"https:\/\/api.w.org\/{rel}","templated":true}]}}