{"id":122009,"date":"2018-04-05T08:32:13","date_gmt":"2018-04-05T06:32:13","guid":{"rendered":"https:\/\/www.salzburgerland.com\/de\/magazin\/?p=122009"},"modified":"2019-06-26T18:28:47","modified_gmt":"2019-06-26T16:28:47","slug":"meditation-urlaub-fuer-die-seele","status":"publish","type":"post","link":"https:\/\/www.salzburgerland.com\/de\/magazin\/meditation-urlaub-fuer-die-seele\/","title":{"rendered":"Meditation &#8211; Urlaub f\u00fcr die Seele"},"content":{"rendered":"<p><strong>Meditation &#8211; der Weg nach Innen, in die Innere Stille &#8211; ist auch, oder gerade im Urlaub eine gro\u00dfe Bereicherung f\u00fcr Entspannung, nachhaltige Erholung und Entschleunigung. Im SalzburgerLand gibt es zahlreiche unterschiedliche Angebote f\u00fcr jeden Geschmack und jedes Urlaubs-Programm.<\/strong><\/p>\n<h3>Urlaub f\u00fcr die Seele<\/h3>\n<p>Wenn die Gedanken schweigen und der Geist zur Ruhe kommt, kann die Seele aufatmen und echte Kraft aus dem inneren Selbst sch\u00f6pfen. Im Urlaub darf neben all den Aktivit\u00e4ten, den Erkundungs-, Sport- und Kulturangeboten auch einmal die Stille in den Vordergrund treten. Der Weg zur Inneren Stille ist ein Weg zu Achtsamkeit, zu Gesundheit und Dankbarkeit &#8211; Wellness f\u00fcr die Seele eben.<\/p>\n<p>Meditation l\u00e4sst sich auch als Souvenir wunderbar mit nach Hause nehmen und in den Alltag integrieren.<\/p>\n<h3>Ein Weg moderner Lebensf\u00fchrung<\/h3>\n<p>Viele Hotels haben bereits Meditationen ins Erholungs-, Freizeit- und Entspannungsprogramm aufgenommen. Zahlreiche private Anbieter und Vereine treffen sich zu Auszeiten f\u00fcr Meditation und Achtsamkeit &#8211; Einheimische wie Besucher sind immer willkommen. \u00d6stliche, jahrtausendealte Praktiken und Traditionen vermengen sich mit den Anspr\u00fcchen westlicher Lebensf\u00fchrung und werden immer mehr praktiziert, gelehrt und angeboten.<\/p>\n<p>Qigong, gef\u00fchrte Meditationen, Sitzen in Stille, Pilgern, Schweigen, Yoga, Kontemplation,&#8230; sind nur einige der zahlreichen Methoden, die angeboten werden.<\/p>\n<figure id=\"attachment_122140\" aria-describedby=\"caption-attachment-122140\" style=\"width: 650px\" class=\"wp-caption aligncenter\"><img loading=\"lazy\" decoding=\"async\" class=\"wp-image-122140 size-singlePost\" src=\"https:\/\/www.salzburgerland.com\/de\/magazin\/wp-content\/uploads\/2018\/04\/Qi-Gong-cstonemotion.at_-650x435.jpg\" alt=\"\" width=\"650\" height=\"435\" \/><figcaption id=\"caption-attachment-122140\" class=\"wp-caption-text\">Qi Gong im SalzburgerLand \u00a9stonemotion.at<\/figcaption><\/figure>\n<h3>Meditation \u2013 so vielf\u00e4ltig wie die Menschen<\/h3>\n<p>Die Art zu meditieren ist so einzigartig wie der Mensch \u2013 und so vielf\u00e4ltig ist auch das Angebot. In buddhistischen Zentren, Fitness-Studios, Hotels und Ayurveda-H\u00e4usern bis hin zu christlichen Einrichtungen werden Meditations- und Achtsamkeits-Kurse, -Stunden, -Tage, -Wochen angeboten. Wer Lust hat, sich in die eigene Innere Stille zu begeben, kann umfangreiche Packages, oft in Kombination mit Yoga, Wandern, Meditation und gesunder Ern\u00e4hrung buchen.<\/p>\n<p>Wer seinen Urlaub wie gewohnt verbringen m\u00f6chte und sich nur zwischendurch kurze Auszeiten in der Stille w\u00fcnscht, erkundigt sich am besten direkt am Urlaubsort, welche M\u00f6glichkeiten sich bieten und welche Anbieter vielleicht direkt um&#8217;s Eck sind.<\/p>\n<h3>Wege in die Stille &#8211; Meditation im SalzburgerLand<\/h3>\n<p>In der Salzburger Altstadt, in der Linzer Gasse gelegen, bietet das <a href=\"https:\/\/www.diamantweg.at\/salzburg\/\" target=\"_blank\" rel=\"noopener noreferrer\">Diamantweg Buddhismus Zentrum<\/a> jeden Dienstag und Freitag um 20:00 Uhr offene, kostenfreie Meditationen an. Jeden ersten Dienstag im Monat findet um 19:00 Uhr eine Einf\u00fchrung statt. Keine Anmeldung erforderlich.\u00a0<\/p>\n<p>Selma Brenner,\u00a0<a href=\"http:\/\/www.yogaplace.at\/home.html\" target=\"_blank\" rel=\"noopener noreferrer\" data-saferedirecturl=\"https:\/\/www.google.com\/url?hl=de&amp;q=http:\/\/www.yogaplace.at\/home.html&amp;source=gmail&amp;ust=1523607255531000&amp;usg=AFQjCNF03YXZgXSahl-_eoBvLMGwxPPUoQ\">Yoga Place Salzburg Akademie,<\/a>\u00a0bietet eine Meditationstrainerausbildung in Kooperation mit dem WIFI Salzburg an. Diese findet bei <a href=\"https:\/\/www.blissyogasalzburg.com\/\" target=\"_blank\" rel=\"noopener noreferrer\">Bliss Yoga Salzburg<\/a> in der Franz-Joseph-Stra\u00dfe oder in anderen Locations in Salzburg statt. An zwei Wochenenden und einem \u00dcbungstag k\u00f6nnen Sie im Herzen Salzburgs in die Ausbildung zum Kursleiter f\u00fcr Meditation und Entspannung eintauchen und dazu den Flair von Salzburg genie\u00dfen. Direkt gegen\u00fcber befindet sich das <a href=\"https:\/\/www.meditationsalzburg.org\/\" target=\"_blank\" rel=\"noopener noreferrer\">Sri Chinmoy Center<\/a> &#8211; im angeschlossenen <a href=\"https:\/\/www.heartofjoy.at\/\" target=\"_blank\" rel=\"noopener noreferrer\">Heart of Joy Caf\u00e9<\/a> genie\u00dfen Sie k\u00f6stliche vegetarische und vegane St\u00e4rkung f\u00fcr jede Art von Meditation.\u00a0<\/p>\n<p>In der <a href=\"http:\/\/www.zenlounge.at\/\" target=\"_blank\" rel=\"noopener noreferrer\">Vita Zen Lounge<\/a> \u2013 im Vita Club Salzburg S\u00fcd &#8211; finden Sie ein ansprechendes Programm rund um die Zen-Meditation. Anmeldung \u00fcber die Homepage.\u00a0<\/p>\n<p>Die <a href=\"https:\/\/www.wds-online.eu\/kontakt-salzburg.html\" target=\"_blank\" rel=\"noopener noreferrer\">\u201eWissenschaft der Spiritualit\u00e4t e.V.\u201c<\/a> ist eine weltweit vernetzte, gemeinn\u00fctzige Organisation, engagiert sich ehrenamtlich f\u00fcr inneren und \u00e4u\u00dferen Frieden und f\u00fcr vegetarische Lebensweise. Eines der \u00fcber 2600 Zentren der Organisation befindet sich in der Linzer Bundesstra\u00dfe in Salzburg, eines in Schwarzach im Pongau und eine kleinere Gruppe trifft sich sogar in Mariapfarr im Lungau. Jeder Meditierende ist willkommen, um Anmeldung wird gebeten.\u00a0<\/p>\n<p>Das <a href=\"http:\/\/www.geistliches-zentrum.at\" target=\"_blank\" rel=\"noopener noreferrer\">Geistliche Zentrum der Erzdi\u00f6zese Salzburg in Embach<\/a> bietet das ganze Jahr \u00fcber Meditation und Gelegenheit, zur Ruhe zu kommen. Der Raum der Stille ist immer zug\u00e4nglich und kann jederzeit besucht werden. 14-t\u00e4gig finden Kontemplationsabende statt, t\u00e4glich um 7:00 Uhr ein Morgenlob und um 22:30 ein Abendlob. Alle Angebote sind kostenfrei. Bei ein- und mehrt\u00e4gigen Pilgerwanderungen k\u00f6nnen Stillesuchende Schweigen, Einkehr und urspr\u00fcngliche Salzburger Natur erleben. Wer eine l\u00e4ngere Auszeit m\u00f6chte, kann sich auch im Zentrum einquartieren und alle Angebote vor Ort nutzen. L\u00e4ngere Aufenthalte sind auch im <a href=\"http:\/\/www.puregg.org\" target=\"_blank\" rel=\"noopener noreferrer\">Haus der Stille Puregg<\/a> in Dienten am Hochk\u00f6nig m\u00f6glich.\u00a0<\/p>\n<p>Wer in Hallein oder Umgebung Urlaub macht, ist jeden Freitag um 06:30 zu Qigong und Meditation und am Dienstag um 20:00 im <a href=\"http:\/\/www.ayurveda-hallein.com\/\" target=\"_blank\" rel=\"noopener noreferrer\">Ayurveda Forsthaus in Hallein<\/a> willkommen. Um Anmeldung wird gebeten.\u00a0<\/p>\n<p>Gerd Valentinelli ist einer von vielen, die das Meditationsprogramm im Salzburger Land so vielf\u00e4ltig und einzigartig machen, wie es ist. Er bietet zB\u00a0<a href=\"https:\/\/www.gerdvalentinelli.com\/events-1\/wanderungen\/\" target=\"_blank\" rel=\"noopener noreferrer\">Meditative Wanderungen<\/a> zu den Kraftpl\u00e4tzen am Untersberg an.\u00a0<\/p>\n<blockquote>\n<p>Lassen Sie die Seele baumeln und g\u00f6nnen Sie sich Ihre ganz pers\u00f6nlichen meditativen Auszeiten, die Sie nach Ihrem Urlaub voller Kraft und Ruhe in den Alltag zur\u00fcck kehren lassen!<\/p>\n<\/blockquote>\n","protected":false},"excerpt":{"rendered":"<p>Meditation &#8211; der Weg nach Innen, in die Innere Stille &#8211; ist auch, oder gerade im Urlaub eine gro\u00dfe Bereicherung f\u00fcr Entspannung, nachhaltige Erholung und Entschleunigung. Im SalzburgerLand gibt es zahlreiche unterschiedliche Angebote f\u00fcr jeden Geschmack und jedes Urlaubs-Programm. Urlaub f\u00fcr die Seele Wenn die Gedanken schweigen und der Geist zur Ruhe kommt, kann die [&hellip;]<\/p>\n","protected":false},"author":535,"featured_media":122138,"comment_status":"open","ping_status":"open","sticky":false,"template":"","format":"standard","meta":{"_acf_changed":false,"wl_entities_gutenberg":"","_wl_entity_redirect_enabled":"","footnotes":""},"categories":[7],"tags":[],"wl_entity_type":[306],"monatsauswahl":[82,83,84,85,86,87,88,89,90,91,92,93],"class_list":["post-122009","post","type-post","status-publish","format-standard","has-post-thumbnail","hentry","category-lifestyle","wl_entity_type-article","monatsauswahl-monat_1","monatsauswahl-monat_2","monatsauswahl-monat_3","monatsauswahl-monat_4","monatsauswahl-monat_5","monatsauswahl-monat_6","monatsauswahl-monat_7","monatsauswahl-monat_8","monatsauswahl-monat_9","monatsauswahl-monat_10","monatsauswahl-monat_11","monatsauswahl-monat_12"],"acf":[],"yoast_head":"<!-- This site is optimized with the Yoast SEO Premium plugin v27.4 (Yoast SEO v27.4) - https:\/\/yoast.com\/product\/yoast-seo-premium-wordpress\/ -->\n<title>Meditation - Urlaub f\u00fcr die Seele - SalzburgerLand Magazin<\/title>\n<meta name=\"description\" content=\"Meditation &#8211; der Weg nach Innen, in die Innere Stille &#8211; ist auch, oder gerade im Urlaub eine gro\u00dfe Bereicherung f\u00fcr Entspannung, nachhaltige Erholung und Entschleunigung. Im SalzburgerLand gibt es zahlreiche unterschiedliche Angebote f\u00fcr jeden Geschmack und jedes Urlaubs-Programm. Urlaub f\u00fcr die Seele Wenn die Gedanken schweigen und der Geist zur Ruhe kommt, kann die [&hellip;]\" \/>\n<meta name=\"robots\" content=\"index, follow, max-snippet:-1, max-image-preview:large, max-video-preview:-1\" \/>\n<link rel=\"canonical\" href=\"https:\/\/www.salzburgerland.com\/de\/magazin\/meditation-urlaub-fuer-die-seele\/\" \/>\n<meta property=\"og:locale\" content=\"de_DE\" \/>\n<meta property=\"og:type\" content=\"article\" \/>\n<meta property=\"og:title\" content=\"Meditation - Urlaub f\u00fcr die Seele\" \/>\n<meta property=\"og:description\" content=\"Meditation &#8211; der Weg nach Innen, in die Innere Stille &#8211; ist auch, oder gerade im Urlaub eine gro\u00dfe Bereicherung f\u00fcr Entspannung, nachhaltige Erholung und Entschleunigung. Im SalzburgerLand gibt es zahlreiche unterschiedliche Angebote f\u00fcr jeden Geschmack und jedes Urlaubs-Programm. Urlaub f\u00fcr die Seele Wenn die Gedanken schweigen und der Geist zur Ruhe kommt, kann die [&hellip;]\" \/>\n<meta property=\"og:url\" content=\"https:\/\/www.salzburgerland.com\/de\/magazin\/meditation-urlaub-fuer-die-seele\/\" \/>\n<meta property=\"og:site_name\" content=\"SalzburgerLand Magazin\" \/>\n<meta property=\"article:publisher\" content=\"https:\/\/www.facebook.com\/salzburgerland\/\" \/>\n<meta property=\"article:published_time\" content=\"2018-04-05T06:32:13+00:00\" \/>\n<meta property=\"article:modified_time\" content=\"2019-06-26T16:28:47+00:00\" \/>\n<meta property=\"og:image\" content=\"https:\/\/www.salzburgerland.com\/de\/magazin\/wp-content\/uploads\/2018\/04\/Meditation-im-Salzburger-Land.jpg\" \/>\n\t<meta property=\"og:image:width\" content=\"1600\" \/>\n\t<meta property=\"og:image:height\" content=\"1067\" \/>\n\t<meta property=\"og:image:type\" content=\"image\/jpeg\" \/>\n<meta name=\"author\" content=\"Andrea Conrad\" \/>\n<meta name=\"twitter:card\" content=\"summary_large_image\" \/>\n<meta name=\"twitter:creator\" content=\"@Salzburgerland\" \/>\n<meta name=\"twitter:site\" content=\"@Salzburgerland\" \/>\n<meta name=\"twitter:label1\" content=\"Verfasst von\" \/>\n\t<meta name=\"twitter:data1\" content=\"Andrea Conrad\" \/>\n\t<meta name=\"twitter:label2\" content=\"Gesch\u00e4tzte Lesezeit\" \/>\n\t<meta name=\"twitter:data2\" content=\"4\u00a0Minuten\" \/>\n<script type=\"application\/ld+json\" class=\"yoast-schema-graph\">{\"@context\":\"https:\\\/\\\/schema.org\",\"@graph\":[{\"@type\":\"Article\",\"@id\":\"https:\\\/\\\/www.salzburgerland.com\\\/de\\\/magazin\\\/meditation-urlaub-fuer-die-seele\\\/#article\",\"isPartOf\":{\"@id\":\"https:\\\/\\\/www.salzburgerland.com\\\/de\\\/magazin\\\/meditation-urlaub-fuer-die-seele\\\/\"},\"author\":{\"name\":\"Andrea Conrad\",\"@id\":\"https:\\\/\\\/www.salzburgerland.com\\\/de\\\/magazin\\\/#\\\/schema\\\/person\\\/c767f4347f744071f6184dcceaa12e1e\"},\"headline\":\"Meditation &#8211; Urlaub f\u00fcr die Seele\",\"datePublished\":\"2018-04-05T06:32:13+00:00\",\"dateModified\":\"2019-06-26T16:28:47+00:00\",\"mainEntityOfPage\":{\"@id\":\"https:\\\/\\\/www.salzburgerland.com\\\/de\\\/magazin\\\/meditation-urlaub-fuer-die-seele\\\/\"},\"wordCount\":776,\"commentCount\":0,\"publisher\":{\"@id\":\"https:\\\/\\\/www.salzburgerland.com\\\/de\\\/magazin\\\/#organization\"},\"image\":{\"@id\":\"https:\\\/\\\/www.salzburgerland.com\\\/de\\\/magazin\\\/meditation-urlaub-fuer-die-seele\\\/#primaryimage\"},\"thumbnailUrl\":\"https:\\\/\\\/www.salzburgerland.com\\\/de\\\/magazin\\\/wp-content\\\/uploads\\\/2018\\\/04\\\/Meditation-im-Salzburger-Land.jpg\",\"articleSection\":[\"Lifestyle\"],\"inLanguage\":\"de\",\"potentialAction\":[{\"@type\":\"CommentAction\",\"name\":\"Comment\",\"target\":[\"https:\\\/\\\/www.salzburgerland.com\\\/de\\\/magazin\\\/meditation-urlaub-fuer-die-seele\\\/#respond\"]}]},{\"@type\":\"WebPage\",\"@id\":\"https:\\\/\\\/www.salzburgerland.com\\\/de\\\/magazin\\\/meditation-urlaub-fuer-die-seele\\\/\",\"url\":\"https:\\\/\\\/www.salzburgerland.com\\\/de\\\/magazin\\\/meditation-urlaub-fuer-die-seele\\\/\",\"name\":\"Meditation - Urlaub f\u00fcr die Seele - SalzburgerLand Magazin\",\"isPartOf\":{\"@id\":\"https:\\\/\\\/www.salzburgerland.com\\\/de\\\/magazin\\\/#website\"},\"primaryImageOfPage\":{\"@id\":\"https:\\\/\\\/www.salzburgerland.com\\\/de\\\/magazin\\\/meditation-urlaub-fuer-die-seele\\\/#primaryimage\"},\"image\":{\"@id\":\"https:\\\/\\\/www.salzburgerland.com\\\/de\\\/magazin\\\/meditation-urlaub-fuer-die-seele\\\/#primaryimage\"},\"thumbnailUrl\":\"https:\\\/\\\/www.salzburgerland.com\\\/de\\\/magazin\\\/wp-content\\\/uploads\\\/2018\\\/04\\\/Meditation-im-Salzburger-Land.jpg\",\"datePublished\":\"2018-04-05T06:32:13+00:00\",\"dateModified\":\"2019-06-26T16:28:47+00:00\",\"breadcrumb\":{\"@id\":\"https:\\\/\\\/www.salzburgerland.com\\\/de\\\/magazin\\\/meditation-urlaub-fuer-die-seele\\\/#breadcrumb\"},\"inLanguage\":\"de\",\"potentialAction\":[{\"@type\":\"ReadAction\",\"target\":[\"https:\\\/\\\/www.salzburgerland.com\\\/de\\\/magazin\\\/meditation-urlaub-fuer-die-seele\\\/\"]}]},{\"@type\":\"ImageObject\",\"inLanguage\":\"de\",\"@id\":\"https:\\\/\\\/www.salzburgerland.com\\\/de\\\/magazin\\\/meditation-urlaub-fuer-die-seele\\\/#primaryimage\",\"url\":\"https:\\\/\\\/www.salzburgerland.com\\\/de\\\/magazin\\\/wp-content\\\/uploads\\\/2018\\\/04\\\/Meditation-im-Salzburger-Land.jpg\",\"contentUrl\":\"https:\\\/\\\/www.salzburgerland.com\\\/de\\\/magazin\\\/wp-content\\\/uploads\\\/2018\\\/04\\\/Meditation-im-Salzburger-Land.jpg\",\"width\":1600,\"height\":1067,\"caption\":\"Im Schneidersitz sitzende Person, die bei Sonnenuntergang am Wasser meditiert, wobei sich das Sonnenlicht auf der Wasseroberfl\u00e4che spiegelt.\"},{\"@type\":\"BreadcrumbList\",\"@id\":\"https:\\\/\\\/www.salzburgerland.com\\\/de\\\/magazin\\\/meditation-urlaub-fuer-die-seele\\\/#breadcrumb\",\"itemListElement\":[{\"@type\":\"ListItem\",\"position\":1,\"name\":\"Startseite\",\"item\":\"https:\\\/\\\/www.salzburgerland.com\\\/de\\\/magazin\\\/\"},{\"@type\":\"ListItem\",\"position\":2,\"name\":\"Lifestyle\",\"item\":\"https:\\\/\\\/www.salzburgerland.com\\\/de\\\/magazin\\\/thema\\\/lifestyle\\\/\"},{\"@type\":\"ListItem\",\"position\":3,\"name\":\"Meditation &#8211; Urlaub f\u00fcr die Seele\"}]},{\"@type\":\"WebSite\",\"@id\":\"https:\\\/\\\/www.salzburgerland.com\\\/de\\\/magazin\\\/#website\",\"url\":\"https:\\\/\\\/www.salzburgerland.com\\\/de\\\/magazin\\\/\",\"name\":\"SalzburgerLand Magazin\",\"description\":\"Geschichten und Interessantes aus dem SalzburgerLand\",\"publisher\":{\"@id\":\"https:\\\/\\\/www.salzburgerland.com\\\/de\\\/magazin\\\/#organization\"},\"potentialAction\":[{\"@type\":\"SearchAction\",\"target\":{\"@type\":\"EntryPoint\",\"urlTemplate\":\"https:\\\/\\\/www.salzburgerland.com\\\/de\\\/magazin\\\/?s={search_term_string}\"},\"query-input\":{\"@type\":\"PropertyValueSpecification\",\"valueRequired\":true,\"valueName\":\"search_term_string\"}}],\"inLanguage\":\"de\"},{\"@type\":\"Organization\",\"@id\":\"https:\\\/\\\/www.salzburgerland.com\\\/de\\\/magazin\\\/#organization\",\"name\":\"SalzburgerLand Tourismus\",\"url\":\"https:\\\/\\\/www.salzburgerland.com\\\/de\\\/magazin\\\/\",\"logo\":{\"@type\":\"ImageObject\",\"inLanguage\":\"de\",\"@id\":\"https:\\\/\\\/www.salzburgerland.com\\\/de\\\/magazin\\\/#\\\/schema\\\/logo\\\/image\\\/\",\"url\":\"https:\\\/\\\/www.salzburgerland.com\\\/de\\\/magazin\\\/wp-content\\\/uploads\\\/2019\\\/06\\\/salzburgerland-logo1.jpg\",\"contentUrl\":\"https:\\\/\\\/www.salzburgerland.com\\\/de\\\/magazin\\\/wp-content\\\/uploads\\\/2019\\\/06\\\/salzburgerland-logo1.jpg\",\"width\":2011,\"height\":866,\"caption\":\"SalzburgerLand Tourismus\"},\"image\":{\"@id\":\"https:\\\/\\\/www.salzburgerland.com\\\/de\\\/magazin\\\/#\\\/schema\\\/logo\\\/image\\\/\"},\"sameAs\":[\"https:\\\/\\\/www.facebook.com\\\/salzburgerland\\\/\",\"https:\\\/\\\/x.com\\\/Salzburgerland\",\"https:\\\/\\\/www.instagram.com\\\/salzburgerland\\\/\",\"https:\\\/\\\/at.linkedin.com\\\/company\\\/salzburgerland-tourismus-gmbh\",\"https:\\\/\\\/www.pinterest.at\\\/salzburgerland\\\/\",\"https:\\\/\\\/www.youtube.com\\\/user\\\/salzburgerland\",\"https:\\\/\\\/de.wikipedia.org\\\/wiki\\\/SalzburgerLand_Tourismus_GmbH\"]},{\"@type\":\"Person\",\"@id\":\"https:\\\/\\\/www.salzburgerland.com\\\/de\\\/magazin\\\/#\\\/schema\\\/person\\\/c767f4347f744071f6184dcceaa12e1e\",\"name\":\"Andrea Conrad\",\"description\":\"Aufgewachsen in Anif, Salzburgs gr\u00fcnem S\u00fcden, und zur Schule gegangen in der sch\u00f6nen Keltenstadt Hallein zog es sie nach der Matura nach Wien. Nach der Ausbildung zur Diplomierten Tourismuskauffrau im Modul in Wien und einigen Jahren im Wiener Tourismus kehrte sie \u00fcber S\u00fcdtirol und Hinterglemm nach Salzburg zur\u00fcck. 2010 und 2012 bekam sie hier ihre beiden T\u00f6chter, mit denen sie wieder in Anif heimisch geworden ist. Seit einigen Jahren ist sie nun als bed\u00fcrfnis- und l\u00f6sungsorientierte, ganzheitliche Humanenergetikerin und Systemische Coachin in eigener Praxis in Anif t\u00e4tig. Derzeit befindet sie sich in Ausbildung zur Lebens- und Sozialberaterin. Ehrenamtlich engagiert sie sich f\u00fcr den Verein #estutnichtweh, der sich unter dem Motto \\\"Mit uns wandert der M\u00fcll vom Berg ins Tal\\\" um die S\u00e4uberung der Bergwelt k\u00fcmmert. Wie hat da auch noch das Schreiben Platz? Geschichten zu schreiben ist ihr kreatives Ventil; eher unbeachtete, regionale Nischenthemen zu entdecken und bekannt zu machen, ihre gro\u00dfe Leidenschaft. Hobbies? Ihre freie Zeit verbringt sie am liebsten mit ihren Kindern und ihren Ausbildungen. Die Phantasie l\u00e4sst sie durch B\u00fccher reisen, Erdung holt sie sich in ihrem Blumen- und Gem\u00fcsegarten und beim Wandern und M\u00fcllsammeln in den Bergen des SalzburgerLandes. Fr\u00fchling, Sommer, Herbst oder Winter? Alle! Sommer wie Winter in die Berge - im Sommer wandern, im Winter Schifahren. Im Fr\u00fchling liebe ich es, mit meinen T\u00f6chtern Blumen zu pfl\u00fccken, im Herbst Bl\u00e4tter und Kastanien zu sammeln. Im Sommer k\u00f6nnte ich tagesf\u00fcllend durch die Salzburger und die Halleiner Altstadt flanieren, im Winter die Christkindlm\u00e4rkte im ganzen SalzburgerLand genie\u00dfen. Es ist einfach immer sch\u00f6n bei uns! Morgen- oder Abendmensch? Irgendwie beides! Zeitig raus aus den Federn und den Vormittag f\u00fcr die Schreiberei nutzen und mit meinen Kund*innen genie\u00dfen. Nachmittags sind meine Kids dran und wenn Abends noch Energie \u00fcbrig ist, darf es gerne eine gem\u00fctliche Runde mit Freunden und guten Gespr\u00e4chen sein. Buch oder Film? Ich habe schon immer gern gelesen. Seit ich mich auch intensiv dem Schreiben widme, brauche ich fast \u00fcberhaupt keine Filme mehr zum Zeitvertreib. Kr\u00e4utertee oder Zirbenschnaps? Ich liebe die frischen Kr\u00e4utertees der zahlreichen Kr\u00e4uterfeen, die in und um Salzburg das alte Wissen um Heilkr\u00e4uter, Wald- und Wiesensch\u00e4tze bewahren und weitergeben. Zirbenschnaps mag ich aber auch ;-) Dirndl oder Abendrobe? Dirndl und Lederhose! Immer fesch, immer gem\u00fctlich und immer passend! Ich freue mich unglaublich, dass beides in den letzten Jahren wieder Einzug in den Salzburger Alltag gehalten hat. Dein pers\u00f6nlicher Logenplatz im SalzburgerLand? Ich sch\u00e4tze meine Heimatgemeinde Anif sehr. Von hier aus ist man in wenigen Minuten in Salzburg oder Hallein und direkt im Gr\u00fcnen. Mein pers\u00f6nlicher Kraftplatz liegt im Lungau am Fanningberg, wo ich mit Vorliebe Energie tanke.\",\"url\":\"https:\\\/\\\/www.salzburgerland.com\\\/de\\\/magazin\\\/author\\\/andrea-conrad\\\/\"}]}<\/script>\n<!-- \/ Yoast SEO Premium plugin. -->","yoast_head_json":{"title":"Meditation - Urlaub f\u00fcr die Seele - SalzburgerLand Magazin","description":"Meditation &#8211; der Weg nach Innen, in die Innere Stille &#8211; ist auch, oder gerade im Urlaub eine gro\u00dfe Bereicherung f\u00fcr Entspannung, nachhaltige Erholung und Entschleunigung. Im SalzburgerLand gibt es zahlreiche unterschiedliche Angebote f\u00fcr jeden Geschmack und jedes Urlaubs-Programm. Urlaub f\u00fcr die Seele Wenn die Gedanken schweigen und der Geist zur Ruhe kommt, kann die [&hellip;]","robots":{"index":"index","follow":"follow","max-snippet":"max-snippet:-1","max-image-preview":"max-image-preview:large","max-video-preview":"max-video-preview:-1"},"canonical":"https:\/\/www.salzburgerland.com\/de\/magazin\/meditation-urlaub-fuer-die-seele\/","og_locale":"de_DE","og_type":"article","og_title":"Meditation - Urlaub f\u00fcr die Seele","og_description":"Meditation &#8211; der Weg nach Innen, in die Innere Stille &#8211; ist auch, oder gerade im Urlaub eine gro\u00dfe Bereicherung f\u00fcr Entspannung, nachhaltige Erholung und Entschleunigung. Im SalzburgerLand gibt es zahlreiche unterschiedliche Angebote f\u00fcr jeden Geschmack und jedes Urlaubs-Programm. Urlaub f\u00fcr die Seele Wenn die Gedanken schweigen und der Geist zur Ruhe kommt, kann die [&hellip;]","og_url":"https:\/\/www.salzburgerland.com\/de\/magazin\/meditation-urlaub-fuer-die-seele\/","og_site_name":"SalzburgerLand Magazin","article_publisher":"https:\/\/www.facebook.com\/salzburgerland\/","article_published_time":"2018-04-05T06:32:13+00:00","article_modified_time":"2019-06-26T16:28:47+00:00","og_image":[{"width":1600,"height":1067,"url":"https:\/\/www.salzburgerland.com\/de\/magazin\/wp-content\/uploads\/2018\/04\/Meditation-im-Salzburger-Land.jpg","type":"image\/jpeg"}],"author":"Andrea Conrad","twitter_card":"summary_large_image","twitter_creator":"@Salzburgerland","twitter_site":"@Salzburgerland","twitter_misc":{"Verfasst von":"Andrea Conrad","Gesch\u00e4tzte Lesezeit":"4\u00a0Minuten"},"schema":{"@context":"https:\/\/schema.org","@graph":[{"@type":"Article","@id":"https:\/\/www.salzburgerland.com\/de\/magazin\/meditation-urlaub-fuer-die-seele\/#article","isPartOf":{"@id":"https:\/\/www.salzburgerland.com\/de\/magazin\/meditation-urlaub-fuer-die-seele\/"},"author":{"name":"Andrea Conrad","@id":"https:\/\/www.salzburgerland.com\/de\/magazin\/#\/schema\/person\/c767f4347f744071f6184dcceaa12e1e"},"headline":"Meditation &#8211; Urlaub f\u00fcr die Seele","datePublished":"2018-04-05T06:32:13+00:00","dateModified":"2019-06-26T16:28:47+00:00","mainEntityOfPage":{"@id":"https:\/\/www.salzburgerland.com\/de\/magazin\/meditation-urlaub-fuer-die-seele\/"},"wordCount":776,"commentCount":0,"publisher":{"@id":"https:\/\/www.salzburgerland.com\/de\/magazin\/#organization"},"image":{"@id":"https:\/\/www.salzburgerland.com\/de\/magazin\/meditation-urlaub-fuer-die-seele\/#primaryimage"},"thumbnailUrl":"https:\/\/www.salzburgerland.com\/de\/magazin\/wp-content\/uploads\/2018\/04\/Meditation-im-Salzburger-Land.jpg","articleSection":["Lifestyle"],"inLanguage":"de","potentialAction":[{"@type":"CommentAction","name":"Comment","target":["https:\/\/www.salzburgerland.com\/de\/magazin\/meditation-urlaub-fuer-die-seele\/#respond"]}]},{"@type":"WebPage","@id":"https:\/\/www.salzburgerland.com\/de\/magazin\/meditation-urlaub-fuer-die-seele\/","url":"https:\/\/www.salzburgerland.com\/de\/magazin\/meditation-urlaub-fuer-die-seele\/","name":"Meditation - Urlaub f\u00fcr die Seele - SalzburgerLand Magazin","isPartOf":{"@id":"https:\/\/www.salzburgerland.com\/de\/magazin\/#website"},"primaryImageOfPage":{"@id":"https:\/\/www.salzburgerland.com\/de\/magazin\/meditation-urlaub-fuer-die-seele\/#primaryimage"},"image":{"@id":"https:\/\/www.salzburgerland.com\/de\/magazin\/meditation-urlaub-fuer-die-seele\/#primaryimage"},"thumbnailUrl":"https:\/\/www.salzburgerland.com\/de\/magazin\/wp-content\/uploads\/2018\/04\/Meditation-im-Salzburger-Land.jpg","datePublished":"2018-04-05T06:32:13+00:00","dateModified":"2019-06-26T16:28:47+00:00","breadcrumb":{"@id":"https:\/\/www.salzburgerland.com\/de\/magazin\/meditation-urlaub-fuer-die-seele\/#breadcrumb"},"inLanguage":"de","potentialAction":[{"@type":"ReadAction","target":["https:\/\/www.salzburgerland.com\/de\/magazin\/meditation-urlaub-fuer-die-seele\/"]}]},{"@type":"ImageObject","inLanguage":"de","@id":"https:\/\/www.salzburgerland.com\/de\/magazin\/meditation-urlaub-fuer-die-seele\/#primaryimage","url":"https:\/\/www.salzburgerland.com\/de\/magazin\/wp-content\/uploads\/2018\/04\/Meditation-im-Salzburger-Land.jpg","contentUrl":"https:\/\/www.salzburgerland.com\/de\/magazin\/wp-content\/uploads\/2018\/04\/Meditation-im-Salzburger-Land.jpg","width":1600,"height":1067,"caption":"Im Schneidersitz sitzende Person, die bei Sonnenuntergang am Wasser meditiert, wobei sich das Sonnenlicht auf der Wasseroberfl\u00e4che spiegelt."},{"@type":"BreadcrumbList","@id":"https:\/\/www.salzburgerland.com\/de\/magazin\/meditation-urlaub-fuer-die-seele\/#breadcrumb","itemListElement":[{"@type":"ListItem","position":1,"name":"Startseite","item":"https:\/\/www.salzburgerland.com\/de\/magazin\/"},{"@type":"ListItem","position":2,"name":"Lifestyle","item":"https:\/\/www.salzburgerland.com\/de\/magazin\/thema\/lifestyle\/"},{"@type":"ListItem","position":3,"name":"Meditation &#8211; Urlaub f\u00fcr die Seele"}]},{"@type":"WebSite","@id":"https:\/\/www.salzburgerland.com\/de\/magazin\/#website","url":"https:\/\/www.salzburgerland.com\/de\/magazin\/","name":"SalzburgerLand Magazin","description":"Geschichten und Interessantes aus dem SalzburgerLand","publisher":{"@id":"https:\/\/www.salzburgerland.com\/de\/magazin\/#organization"},"potentialAction":[{"@type":"SearchAction","target":{"@type":"EntryPoint","urlTemplate":"https:\/\/www.salzburgerland.com\/de\/magazin\/?s={search_term_string}"},"query-input":{"@type":"PropertyValueSpecification","valueRequired":true,"valueName":"search_term_string"}}],"inLanguage":"de"},{"@type":"Organization","@id":"https:\/\/www.salzburgerland.com\/de\/magazin\/#organization","name":"SalzburgerLand Tourismus","url":"https:\/\/www.salzburgerland.com\/de\/magazin\/","logo":{"@type":"ImageObject","inLanguage":"de","@id":"https:\/\/www.salzburgerland.com\/de\/magazin\/#\/schema\/logo\/image\/","url":"https:\/\/www.salzburgerland.com\/de\/magazin\/wp-content\/uploads\/2019\/06\/salzburgerland-logo1.jpg","contentUrl":"https:\/\/www.salzburgerland.com\/de\/magazin\/wp-content\/uploads\/2019\/06\/salzburgerland-logo1.jpg","width":2011,"height":866,"caption":"SalzburgerLand Tourismus"},"image":{"@id":"https:\/\/www.salzburgerland.com\/de\/magazin\/#\/schema\/logo\/image\/"},"sameAs":["https:\/\/www.facebook.com\/salzburgerland\/","https:\/\/x.com\/Salzburgerland","https:\/\/www.instagram.com\/salzburgerland\/","https:\/\/at.linkedin.com\/company\/salzburgerland-tourismus-gmbh","https:\/\/www.pinterest.at\/salzburgerland\/","https:\/\/www.youtube.com\/user\/salzburgerland","https:\/\/de.wikipedia.org\/wiki\/SalzburgerLand_Tourismus_GmbH"]},{"@type":"Person","@id":"https:\/\/www.salzburgerland.com\/de\/magazin\/#\/schema\/person\/c767f4347f744071f6184dcceaa12e1e","name":"Andrea Conrad","description":"Aufgewachsen in Anif, Salzburgs gr\u00fcnem S\u00fcden, und zur Schule gegangen in der sch\u00f6nen Keltenstadt Hallein zog es sie nach der Matura nach Wien. Nach der Ausbildung zur Diplomierten Tourismuskauffrau im Modul in Wien und einigen Jahren im Wiener Tourismus kehrte sie \u00fcber S\u00fcdtirol und Hinterglemm nach Salzburg zur\u00fcck. 2010 und 2012 bekam sie hier ihre beiden T\u00f6chter, mit denen sie wieder in Anif heimisch geworden ist. Seit einigen Jahren ist sie nun als bed\u00fcrfnis- und l\u00f6sungsorientierte, ganzheitliche Humanenergetikerin und Systemische Coachin in eigener Praxis in Anif t\u00e4tig. Derzeit befindet sie sich in Ausbildung zur Lebens- und Sozialberaterin. Ehrenamtlich engagiert sie sich f\u00fcr den Verein #estutnichtweh, der sich unter dem Motto \"Mit uns wandert der M\u00fcll vom Berg ins Tal\" um die S\u00e4uberung der Bergwelt k\u00fcmmert. Wie hat da auch noch das Schreiben Platz? Geschichten zu schreiben ist ihr kreatives Ventil; eher unbeachtete, regionale Nischenthemen zu entdecken und bekannt zu machen, ihre gro\u00dfe Leidenschaft. Hobbies? Ihre freie Zeit verbringt sie am liebsten mit ihren Kindern und ihren Ausbildungen. Die Phantasie l\u00e4sst sie durch B\u00fccher reisen, Erdung holt sie sich in ihrem Blumen- und Gem\u00fcsegarten und beim Wandern und M\u00fcllsammeln in den Bergen des SalzburgerLandes. Fr\u00fchling, Sommer, Herbst oder Winter? Alle! Sommer wie Winter in die Berge - im Sommer wandern, im Winter Schifahren. Im Fr\u00fchling liebe ich es, mit meinen T\u00f6chtern Blumen zu pfl\u00fccken, im Herbst Bl\u00e4tter und Kastanien zu sammeln. Im Sommer k\u00f6nnte ich tagesf\u00fcllend durch die Salzburger und die Halleiner Altstadt flanieren, im Winter die Christkindlm\u00e4rkte im ganzen SalzburgerLand genie\u00dfen. Es ist einfach immer sch\u00f6n bei uns! Morgen- oder Abendmensch? Irgendwie beides! Zeitig raus aus den Federn und den Vormittag f\u00fcr die Schreiberei nutzen und mit meinen Kund*innen genie\u00dfen. Nachmittags sind meine Kids dran und wenn Abends noch Energie \u00fcbrig ist, darf es gerne eine gem\u00fctliche Runde mit Freunden und guten Gespr\u00e4chen sein. Buch oder Film? Ich habe schon immer gern gelesen. Seit ich mich auch intensiv dem Schreiben widme, brauche ich fast \u00fcberhaupt keine Filme mehr zum Zeitvertreib. Kr\u00e4utertee oder Zirbenschnaps? Ich liebe die frischen Kr\u00e4utertees der zahlreichen Kr\u00e4uterfeen, die in und um Salzburg das alte Wissen um Heilkr\u00e4uter, Wald- und Wiesensch\u00e4tze bewahren und weitergeben. Zirbenschnaps mag ich aber auch ;-) Dirndl oder Abendrobe? Dirndl und Lederhose! Immer fesch, immer gem\u00fctlich und immer passend! Ich freue mich unglaublich, dass beides in den letzten Jahren wieder Einzug in den Salzburger Alltag gehalten hat. Dein pers\u00f6nlicher Logenplatz im SalzburgerLand? Ich sch\u00e4tze meine Heimatgemeinde Anif sehr. Von hier aus ist man in wenigen Minuten in Salzburg oder Hallein und direkt im Gr\u00fcnen. Mein pers\u00f6nlicher Kraftplatz liegt im Lungau am Fanningberg, wo ich mit Vorliebe Energie tanke.","url":"https:\/\/www.salzburgerland.com\/de\/magazin\/author\/andrea-conrad\/"}]}},"_wl_alt_label":[],"wl:entity_url":"http:\/\/open.salzburgerland.com\/magazin\/post\/meditation_-_urlaub_fuer_die_seele","_links":{"self":[{"href":"https:\/\/www.salzburgerland.com\/de\/magazin\/wp-json\/wp\/v2\/posts\/122009","targetHints":{"allow":["GET"]}}],"collection":[{"href":"https:\/\/www.salzburgerland.com\/de\/magazin\/wp-json\/wp\/v2\/posts"}],"about":[{"href":"https:\/\/www.salzburgerland.com\/de\/magazin\/wp-json\/wp\/v2\/types\/post"}],"author":[{"embeddable":true,"href":"https:\/\/www.salzburgerland.com\/de\/magazin\/wp-json\/wp\/v2\/users\/535"}],"replies":[{"embeddable":true,"href":"https:\/\/www.salzburgerland.com\/de\/magazin\/wp-json\/wp\/v2\/comments?post=122009"}],"version-history":[{"count":0,"href":"https:\/\/www.salzburgerland.com\/de\/magazin\/wp-json\/wp\/v2\/posts\/122009\/revisions"}],"wp:featuredmedia":[{"embeddable":true,"href":"https:\/\/www.salzburgerland.com\/de\/magazin\/wp-json\/wp\/v2\/media\/122138"}],"wp:attachment":[{"href":"https:\/\/www.salzburgerland.com\/de\/magazin\/wp-json\/wp\/v2\/media?parent=122009"}],"wp:term":[{"taxonomy":"category","embeddable":true,"href":"https:\/\/www.salzburgerland.com\/de\/magazin\/wp-json\/wp\/v2\/categories?post=122009"},{"taxonomy":"post_tag","embeddable":true,"href":"https:\/\/www.salzburgerland.com\/de\/magazin\/wp-json\/wp\/v2\/tags?post=122009"},{"taxonomy":"wl_entity_type","embeddable":true,"href":"https:\/\/www.salzburgerland.com\/de\/magazin\/wp-json\/wp\/v2\/wl_entity_type?post=122009"},{"taxonomy":"monatsauswahl","embeddable":true,"href":"https:\/\/www.salzburgerland.com\/de\/magazin\/wp-json\/wp\/v2\/monatsauswahl?post=122009"}],"curies":[{"name":"wp","href":"https:\/\/api.w.org\/{rel}","templated":true}]}}