{"id":121989,"date":"2018-03-24T08:00:05","date_gmt":"2018-03-24T07:00:05","guid":{"rendered":"https:\/\/www.salzburgerland.com\/de\/magazin\/?p=121989"},"modified":"2019-06-26T18:28:49","modified_gmt":"2019-06-26T16:28:49","slug":"luxuschalet-im-troadkasten","status":"publish","type":"post","link":"https:\/\/www.salzburgerland.com\/de\/magazin\/luxuschalet-im-troadkasten\/","title":{"rendered":"Luxuschalet im Troadkasten"},"content":{"rendered":"<p><strong>Der ganze Stolz der Familie Rettensteiner in Bischofshofen ist ein alter Troadkasten, der mit viel Liebe zu einem kleinen Luxuschalet umgebaut wurde.\u00a0<\/strong><\/p>\n<p>Ich betrete das gute St\u00fcck und bin bet\u00f6rt schon alleine von dem Duft des Holzes. \u201cWow, sieht sogar noch sch\u00f6ner aus als auf den Fotos\u201c, denke ich mir und mein Blick schweift umher, um das ganze Ambiente einzufangen.<\/p>\n<h3>Aus Alt wird Neu<\/h3>\n<p>\u201cWir haben einen Faible f\u00fcr Altes\u201d, erz\u00e4hlt mir Sonja, die Gastgeberin. Sie strahlt und erz\u00e4hlt weiter. Schon lange h\u00e4tten sie und ihr\u00a0 Mann den Gedanken gehegt, einen alten Getreidespeicher hier am <a href=\"http:\/\/www.troadkastn.com\/\" target=\"_blank\" rel=\"noopener noreferrer\">Schloif-Hof<\/a>, einem mit f\u00fcnf Blumen ausgezeichneten Hof,\u00a0zu\u00a0 platzieren. Durch Zufall haben sie den Troadkasten gefunden. Das Dach war kaputt und man h\u00e4tte ihn bald abrei\u00dfen m\u00fcssen. Doch Sonja und Johann nahmen ihn mit nach Hause, hegten und pflegten ihn und machten ihn zu dem, was er urspr\u00fcnglich war: eine Schatzkammer, fr\u00fcher f\u00fcr das wertvolle Getreide, heute f\u00fcr die wertvolle Auszeit, die wir alle hin und wieder n\u00f6tig haben.<\/p>\n<p>W\u00e4hrend ich mit Sonja plaudere, gesellt sich auch Johann zu uns. Er erz\u00e4hlt mir von den vielen Arbeitsstunden, die er hier investiert hat. Gelernter Tischler ist er nicht, f\u00fcr Holz hat er sich aber immer schon interessiert. Alte, verkommene Schr\u00e4nke hat er abgebeizt und zu neuem Leben erweckt. Der Troadkasten war eine Herausforderung f\u00fcr ihn.<\/p>\n<h3>Der Troadkasten als Urlaubsdomizil<\/h3>\n<p>Erst als der Troadkasten fertig war, kam die Idee mit der Vermietung. Im Oktober 2012 begann Familie Rettensteiner, das kleine Chalet an G\u00e4ste zu vermieten und somit begann eine Erfolgsgeschichte. Johann h\u00e4ngte seinen Job bei der Post an den Nagel und die Familie gewann an Lebensqualit\u00e4t und Freude. Die Berufung wurde zum Beruf. 2017 wurde noch ein Zubau errichtet, der den G\u00e4sten nun auch einen kleinen, feinen Wellnessbereich bietet. Im selben Jahr wurde der Schloif-Troadkasten vom Verein Urlaub am Bauernhof mit 5 Blumen ausgezeichnet, eine Auszeichnung, die nur ganz wenige Urlaub am Bauernhof-Betriebe tragen d\u00fcrfen.<\/p>\n<h3>Gaumenfreuden ab Hof<\/h3>\n<p>Ich bin mehr als beeindruckt und lasse mich gerne noch etwas am Hof herumf\u00fchren. Gackernde H\u00fchner und Laufenten kommen mir entgegen. Die Eier, die den G\u00e4sten zum Fr\u00fchst\u00fcck serviert werden, kommen nat\u00fcrlich direkt aus dem H\u00fchnerstall. Als mir Sonja erz\u00e4hlt, was sie ihren G\u00e4sten noch alles zum Fr\u00fchst\u00fcck serviert, l\u00e4uft mir das Wasser im Mund zusammen. Frischk\u00e4se und Topfenaufstriche kreiert sie von der Milch der eigenen K\u00fche. Der Speck ist ebenfalls von den eigenen Schweinen, und aus ihrem Kr\u00e4utergarten zaubert sie wohlschmeckende Tees. Jeden Tag werden frisches Holzofenbrot und Dinkelsemmerl gebacken. Ich deute auf die Obstb\u00e4ume und frage, ob sie daraus auch etwas macht. \u201cJa, nat\u00fcrlich\u201c, lacht Sonja, \u201cS\u00e4fte und Marmeladen\u201d. Schon bei der Ankunft werden die G\u00e4ste mit einer Jause begr\u00fc\u00dft. Manchmal macht sie Hefezopf oder typische Mehlspeisen wie Kaiserschmarren. Je nach Saison zaubert sie leckere Gerichte aus allem, was die eigene Landwirtschaft so hergibt. \u201cHier m\u00fcsste man Gast sein\u201d, denke ich mir und hege insgeheim den Wunsch, einmal zur\u00fcckzukehren, um ein paar Tage im Troadkasten zu verbringen.<\/p>\n<p>Ich verabschiede mich und bekomme noch ein frisches Holzofenbrot mit. Der Duft des Brotes begleitet mich die ganze Heimfahrt und ich schwelge in Erinnerungen\u2026<\/p>\n<div class=\"mag-gallery\"><div class=\"row\"><div class=\"col-6 col-sm-4\"><figure><a class=\"thumb-container\" href=\"https:\/\/www.salzburgerland.com\/de\/magazin\/wp-content\/uploads\/2018\/03\/K1600__MAX0463-1280x1024.jpg\">\t<picture><source media=\"(min-width: 576px)\" srcset=\"https:\/\/www.salzburgerland.com\/de\/magazin\/wp-content\/uploads\/2018\/03\/K1600__MAX0463-325x209.jpg 325w, https:\/\/www.salzburgerland.com\/de\/magazin\/wp-content\/uploads\/2018\/03\/K1600__MAX0463-249x160.jpg 249w\" \/><source media=\"(min-width: 0)\" srcset=\"https:\/\/www.salzburgerland.com\/de\/magazin\/wp-content\/uploads\/2018\/03\/K1600__MAX0463-249x160.jpg 249w, https:\/\/www.salzburgerland.com\/de\/magazin\/wp-content\/uploads\/2018\/03\/K1600__MAX0463-325x209.jpg 325w\" \/><img decoding=\"async\" alt=\"Gem\u00fctliches Badezimmer mit runder Badewanne, Waschbecken, Holzdekor und einem Fenster mit Pflanzen und Tageslicht.\" src=\"https:\/\/www.salzburgerland.com\/de\/magazin\/wp-content\/uploads\/2018\/03\/K1600__MAX0463.jpg\" \/>\t<\/picture><\/a><\/figure><\/div><div class=\"col-6 col-sm-4\"><figure><a class=\"thumb-container\" href=\"https:\/\/www.salzburgerland.com\/de\/magazin\/wp-content\/uploads\/2018\/03\/K1600__MAX0473-1280x1024.jpg\">\t<picture><source media=\"(min-width: 576px)\" srcset=\"https:\/\/www.salzburgerland.com\/de\/magazin\/wp-content\/uploads\/2018\/03\/K1600__MAX0473-325x209.jpg 325w, https:\/\/www.salzburgerland.com\/de\/magazin\/wp-content\/uploads\/2018\/03\/K1600__MAX0473-249x160.jpg 249w\" \/><source media=\"(min-width: 0)\" srcset=\"https:\/\/www.salzburgerland.com\/de\/magazin\/wp-content\/uploads\/2018\/03\/K1600__MAX0473-249x160.jpg 249w, https:\/\/www.salzburgerland.com\/de\/magazin\/wp-content\/uploads\/2018\/03\/K1600__MAX0473-325x209.jpg 325w\" \/><img decoding=\"async\" alt=\"Ein moderner, verglaster Kamin mit einem brennenden Feuer in einer gem\u00fctlichen Ecke aus Stein und wei\u00dfem Putz.\" src=\"https:\/\/www.salzburgerland.com\/de\/magazin\/wp-content\/uploads\/2018\/03\/K1600__MAX0473.jpg\" \/>\t<\/picture><\/a><\/figure><\/div><div class=\"col-6 col-sm-4\"><figure><a class=\"thumb-container\" href=\"https:\/\/www.salzburgerland.com\/de\/magazin\/wp-content\/uploads\/2018\/03\/K1600__MAX0477-1280x1024.jpg\">\t<picture><source media=\"(min-width: 576px)\" srcset=\"https:\/\/www.salzburgerland.com\/de\/magazin\/wp-content\/uploads\/2018\/03\/K1600__MAX0477-325x209.jpg 325w, https:\/\/www.salzburgerland.com\/de\/magazin\/wp-content\/uploads\/2018\/03\/K1600__MAX0477-249x160.jpg 249w\" \/><source media=\"(min-width: 0)\" srcset=\"https:\/\/www.salzburgerland.com\/de\/magazin\/wp-content\/uploads\/2018\/03\/K1600__MAX0477-249x160.jpg 249w, https:\/\/www.salzburgerland.com\/de\/magazin\/wp-content\/uploads\/2018\/03\/K1600__MAX0477-325x209.jpg 325w\" \/><img decoding=\"async\" alt=\"Eine rustikale Holzschale mit gr\u00fcnen Trauben, roten \u00c4pfeln und Birnen steht auf einem Holztisch am Fenster.\" src=\"https:\/\/www.salzburgerland.com\/de\/magazin\/wp-content\/uploads\/2018\/03\/K1600__MAX0477.jpg\" \/>\t<\/picture><\/a><\/figure><\/div><div class=\"col-6 col-sm-4\"><figure><a class=\"thumb-container\" href=\"https:\/\/www.salzburgerland.com\/de\/magazin\/wp-content\/uploads\/2018\/03\/K1600__MAX0514-1280x1024.jpg\">\t<picture><source media=\"(min-width: 576px)\" srcset=\"https:\/\/www.salzburgerland.com\/de\/magazin\/wp-content\/uploads\/2018\/03\/K1600__MAX0514-325x209.jpg 325w, https:\/\/www.salzburgerland.com\/de\/magazin\/wp-content\/uploads\/2018\/03\/K1600__MAX0514-249x160.jpg 249w\" \/><source media=\"(min-width: 0)\" srcset=\"https:\/\/www.salzburgerland.com\/de\/magazin\/wp-content\/uploads\/2018\/03\/K1600__MAX0514-249x160.jpg 249w, https:\/\/www.salzburgerland.com\/de\/magazin\/wp-content\/uploads\/2018\/03\/K1600__MAX0514-325x209.jpg 325w\" \/><img decoding=\"async\" alt=\"Gem\u00fctliches, rustikales Zimmer mit einem beleuchteten Kamin, Holzbalken, einem Korb und einer Glast\u00fcr, die in eine Sauna f\u00fchrt.\" src=\"https:\/\/www.salzburgerland.com\/de\/magazin\/wp-content\/uploads\/2018\/03\/K1600__MAX0514.jpg\" \/>\t<\/picture><\/a><\/figure><\/div><div class=\"col-6 col-sm-4\"><figure><a class=\"thumb-container\" href=\"https:\/\/www.salzburgerland.com\/de\/magazin\/wp-content\/uploads\/2018\/03\/K1600__MAX0520-1280x1024.jpg\">\t<picture><source media=\"(min-width: 576px)\" srcset=\"https:\/\/www.salzburgerland.com\/de\/magazin\/wp-content\/uploads\/2018\/03\/K1600__MAX0520-325x209.jpg 325w, https:\/\/www.salzburgerland.com\/de\/magazin\/wp-content\/uploads\/2018\/03\/K1600__MAX0520-249x160.jpg 249w\" \/><source media=\"(min-width: 0)\" srcset=\"https:\/\/www.salzburgerland.com\/de\/magazin\/wp-content\/uploads\/2018\/03\/K1600__MAX0520-249x160.jpg 249w, https:\/\/www.salzburgerland.com\/de\/magazin\/wp-content\/uploads\/2018\/03\/K1600__MAX0520-325x209.jpg 325w\" \/><img decoding=\"async\" alt=\"Rustikales Badezimmer mit Holzbalken, freistehender Badewanne, Badem\u00e4nteln und nat\u00fcrlichem Licht durch ein Fenster.\" src=\"https:\/\/www.salzburgerland.com\/de\/magazin\/wp-content\/uploads\/2018\/03\/K1600__MAX0520.jpg\" \/>\t<\/picture><\/a><\/figure><\/div><div class=\"col-6 col-sm-4\"><figure><a class=\"thumb-container\" href=\"https:\/\/www.salzburgerland.com\/de\/magazin\/wp-content\/uploads\/2018\/03\/K1600__MAX0526-1280x1024.jpg\">\t<picture><source media=\"(min-width: 576px)\" srcset=\"https:\/\/www.salzburgerland.com\/de\/magazin\/wp-content\/uploads\/2018\/03\/K1600__MAX0526-325x209.jpg 325w, https:\/\/www.salzburgerland.com\/de\/magazin\/wp-content\/uploads\/2018\/03\/K1600__MAX0526-249x160.jpg 249w\" \/><source media=\"(min-width: 0)\" srcset=\"https:\/\/www.salzburgerland.com\/de\/magazin\/wp-content\/uploads\/2018\/03\/K1600__MAX0526-249x160.jpg 249w, https:\/\/www.salzburgerland.com\/de\/magazin\/wp-content\/uploads\/2018\/03\/K1600__MAX0526-325x209.jpg 325w\" \/><img decoding=\"async\" alt=\"Gem\u00fctliches, rustikales Wohnzimmer mit Steinkamin, Holzdecke und einer Schlafcouch mit Kissen und Decke.\" src=\"https:\/\/www.salzburgerland.com\/de\/magazin\/wp-content\/uploads\/2018\/03\/K1600__MAX0526.jpg\" \/>\t<\/picture><\/a><\/figure><\/div><div class=\"col-6 col-sm-4\"><figure><a class=\"thumb-container\" href=\"https:\/\/www.salzburgerland.com\/de\/magazin\/wp-content\/uploads\/2018\/03\/K1600__MAX0544-1280x1024.jpg\">\t<picture><source media=\"(min-width: 576px)\" srcset=\"https:\/\/www.salzburgerland.com\/de\/magazin\/wp-content\/uploads\/2018\/03\/K1600__MAX0544-325x209.jpg 325w, https:\/\/www.salzburgerland.com\/de\/magazin\/wp-content\/uploads\/2018\/03\/K1600__MAX0544-249x160.jpg 249w\" \/><source media=\"(min-width: 0)\" srcset=\"https:\/\/www.salzburgerland.com\/de\/magazin\/wp-content\/uploads\/2018\/03\/K1600__MAX0544-249x160.jpg 249w, https:\/\/www.salzburgerland.com\/de\/magazin\/wp-content\/uploads\/2018\/03\/K1600__MAX0544-325x209.jpg 325w\" \/><img decoding=\"async\" alt=\"Rustikales Badezimmer mit freistehender Wanne, Holzm\u00f6beln, Steinfliesen und Pendelleuchten aus Korb.\" src=\"https:\/\/www.salzburgerland.com\/de\/magazin\/wp-content\/uploads\/2018\/03\/K1600__MAX0544.jpg\" \/>\t<\/picture><\/a><\/figure><\/div><div class=\"col-6 col-sm-4\"><figure><a class=\"thumb-container\" href=\"https:\/\/www.salzburgerland.com\/de\/magazin\/wp-content\/uploads\/2018\/03\/K1600__MAX0575-1280x1024.jpg\">\t<picture><source media=\"(min-width: 576px)\" srcset=\"https:\/\/www.salzburgerland.com\/de\/magazin\/wp-content\/uploads\/2018\/03\/K1600__MAX0575-325x209.jpg 325w, https:\/\/www.salzburgerland.com\/de\/magazin\/wp-content\/uploads\/2018\/03\/K1600__MAX0575-249x160.jpg 249w\" \/><source media=\"(min-width: 0)\" srcset=\"https:\/\/www.salzburgerland.com\/de\/magazin\/wp-content\/uploads\/2018\/03\/K1600__MAX0575-249x160.jpg 249w, https:\/\/www.salzburgerland.com\/de\/magazin\/wp-content\/uploads\/2018\/03\/K1600__MAX0575-325x209.jpg 325w\" \/><img decoding=\"async\" alt=\"Eine rustikale Holzh\u00fctte mit schneebedecktem Boden, Holzzaun und Winterdekoration am Fenster.\" src=\"https:\/\/www.salzburgerland.com\/de\/magazin\/wp-content\/uploads\/2018\/03\/K1600__MAX0575.jpg\" \/>\t<\/picture><\/a><\/figure><\/div><div class=\"col-6 col-sm-4\"><figure><a class=\"thumb-container\" href=\"https:\/\/www.salzburgerland.com\/de\/magazin\/wp-content\/uploads\/2018\/03\/K1600__MAX0598-1280x1024.jpg\">\t<picture><source media=\"(min-width: 576px)\" srcset=\"https:\/\/www.salzburgerland.com\/de\/magazin\/wp-content\/uploads\/2018\/03\/K1600__MAX0598-325x209.jpg 325w, https:\/\/www.salzburgerland.com\/de\/magazin\/wp-content\/uploads\/2018\/03\/K1600__MAX0598-249x160.jpg 249w\" \/><source media=\"(min-width: 0)\" srcset=\"https:\/\/www.salzburgerland.com\/de\/magazin\/wp-content\/uploads\/2018\/03\/K1600__MAX0598-249x160.jpg 249w, https:\/\/www.salzburgerland.com\/de\/magazin\/wp-content\/uploads\/2018\/03\/K1600__MAX0598-325x209.jpg 325w\" \/><img decoding=\"async\" alt=\"Eine rustikale Holzh\u00fctte mit verschneitem Dach und Balkon, umgeben von B\u00e4umen und Winterlandschaften.\" src=\"https:\/\/www.salzburgerland.com\/de\/magazin\/wp-content\/uploads\/2018\/03\/K1600__MAX0598.jpg\" \/>\t<\/picture><\/a><\/figure><\/div><div class=\"col-6 col-sm-4\"><figure><a class=\"thumb-container\" href=\"https:\/\/www.salzburgerland.com\/de\/magazin\/wp-content\/uploads\/2018\/03\/K1600__MAX0659_2-1280x1024.jpg\">\t<picture><source media=\"(min-width: 576px)\" srcset=\"https:\/\/www.salzburgerland.com\/de\/magazin\/wp-content\/uploads\/2018\/03\/K1600__MAX0659_2-325x209.jpg 325w, https:\/\/www.salzburgerland.com\/de\/magazin\/wp-content\/uploads\/2018\/03\/K1600__MAX0659_2-249x160.jpg 249w\" \/><source media=\"(min-width: 0)\" srcset=\"https:\/\/www.salzburgerland.com\/de\/magazin\/wp-content\/uploads\/2018\/03\/K1600__MAX0659_2-249x160.jpg 249w, https:\/\/www.salzburgerland.com\/de\/magazin\/wp-content\/uploads\/2018\/03\/K1600__MAX0659_2-325x209.jpg 325w\" \/><img decoding=\"async\" alt=\"Ein l\u00e4chelnder Mann und eine l\u00e4chelnde Frau sitzen auf einer Holzbank im Freien in einer verschneiten, rustikalen Umgebung.\" src=\"https:\/\/www.salzburgerland.com\/de\/magazin\/wp-content\/uploads\/2018\/03\/K1600__MAX0659_2.jpg\" \/>\t<\/picture><\/a><\/figure><\/div><div class=\"col-6 col-sm-4\"><figure><a class=\"thumb-container\" href=\"https:\/\/www.salzburgerland.com\/de\/magazin\/wp-content\/uploads\/2018\/03\/K1600_057-fine-1280x1024.jpg\">\t<picture><source media=\"(min-width: 576px)\" srcset=\"https:\/\/www.salzburgerland.com\/de\/magazin\/wp-content\/uploads\/2018\/03\/K1600_057-fine-325x209.jpg 325w, https:\/\/www.salzburgerland.com\/de\/magazin\/wp-content\/uploads\/2018\/03\/K1600_057-fine-249x160.jpg 249w\" \/><source media=\"(min-width: 0)\" srcset=\"https:\/\/www.salzburgerland.com\/de\/magazin\/wp-content\/uploads\/2018\/03\/K1600_057-fine-249x160.jpg 249w, https:\/\/www.salzburgerland.com\/de\/magazin\/wp-content\/uploads\/2018\/03\/K1600_057-fine-325x209.jpg 325w\" \/><img decoding=\"async\" alt=\"Zwei rustikale Holzh\u00e4user, umgeben von \u00fcppigem Gr\u00fcn und G\u00e4rten in einer malerischen l\u00e4ndlichen Umgebung.\" src=\"https:\/\/www.salzburgerland.com\/de\/magazin\/wp-content\/uploads\/2018\/03\/K1600_057-fine.jpg\" \/>\t<\/picture><\/a><\/figure><\/div><div class=\"col-6 col-sm-4\"><figure><a class=\"thumb-container\" href=\"https:\/\/www.salzburgerland.com\/de\/magazin\/wp-content\/uploads\/2018\/03\/K1600__MAX0455-1280x1024.jpg\">\t<picture><source media=\"(min-width: 576px)\" srcset=\"https:\/\/www.salzburgerland.com\/de\/magazin\/wp-content\/uploads\/2018\/03\/K1600__MAX0455-325x209.jpg 325w, https:\/\/www.salzburgerland.com\/de\/magazin\/wp-content\/uploads\/2018\/03\/K1600__MAX0455-249x160.jpg 249w\" \/><source media=\"(min-width: 0)\" srcset=\"https:\/\/www.salzburgerland.com\/de\/magazin\/wp-content\/uploads\/2018\/03\/K1600__MAX0455-249x160.jpg 249w, https:\/\/www.salzburgerland.com\/de\/magazin\/wp-content\/uploads\/2018\/03\/K1600__MAX0455-325x209.jpg 325w\" \/><img decoding=\"async\" alt=\"Drei B\u00fcndel mit getrockneten Kr\u00e4utern h\u00e4ngen an einem rustikalen Holzbalken in einem warm beleuchteten Raum.\" src=\"https:\/\/www.salzburgerland.com\/de\/magazin\/wp-content\/uploads\/2018\/03\/K1600__MAX0455.jpg\" \/>\t<\/picture><\/a><\/figure><\/div><\/div><\/div><figcaption><\/figcaption>\n<p>Fotos \u00a9 Schwoif<\/p>\n","protected":false},"excerpt":{"rendered":"<p>Der ganze Stolz der Familie Rettensteiner in Bischofshofen ist ein alter Troadkasten, der mit viel Liebe zu einem kleinen Luxuschalet umgebaut wurde.\u00a0 Ich betrete das gute St\u00fcck und bin bet\u00f6rt schon alleine von dem Duft des Holzes. \u201cWow, sieht sogar noch sch\u00f6ner aus als auf den Fotos\u201c, denke ich mir und mein Blick schweift umher, [&hellip;]<\/p>\n","protected":false},"author":90,"featured_media":122002,"comment_status":"open","ping_status":"open","sticky":false,"template":"","format":"standard","meta":{"_acf_changed":false,"wl_entities_gutenberg":"","_wl_entity_redirect_enabled":"","footnotes":""},"categories":[5],"tags":[],"wl_entity_type":[306],"monatsauswahl":[82,83,84,85,86,87,88,89,90,91,92,93],"class_list":["post-121989","post","type-post","status-publish","format-standard","has-post-thumbnail","hentry","category-hotel-reise","wl_entity_type-article","monatsauswahl-monat_1","monatsauswahl-monat_2","monatsauswahl-monat_3","monatsauswahl-monat_4","monatsauswahl-monat_5","monatsauswahl-monat_6","monatsauswahl-monat_7","monatsauswahl-monat_8","monatsauswahl-monat_9","monatsauswahl-monat_10","monatsauswahl-monat_11","monatsauswahl-monat_12"],"acf":[],"yoast_head":"<!-- This site is optimized with the Yoast SEO Premium plugin v27.4 (Yoast SEO v27.4) - https:\/\/yoast.com\/product\/yoast-seo-premium-wordpress\/ -->\n<title>Luxuschalet im Troadkasten - SalzburgerLand Magazin<\/title>\n<meta name=\"description\" content=\"Der ganze Stolz der Familie Rettensteiner in Bischofshofen ist ein alter Troadkasten, der mit viel Liebe zu einem kleinen Luxuschalet umgebaut wurde.\u00a0 Ich betrete das gute St\u00fcck und bin bet\u00f6rt schon alleine von dem Duft des Holzes. \u201cWow, sieht sogar noch sch\u00f6ner aus als auf den Fotos\u201c, denke ich mir und mein Blick schweift umher, [&hellip;]\" \/>\n<meta name=\"robots\" content=\"index, follow, max-snippet:-1, max-image-preview:large, max-video-preview:-1\" \/>\n<link rel=\"canonical\" href=\"https:\/\/www.salzburgerland.com\/de\/magazin\/luxuschalet-im-troadkasten\/\" \/>\n<meta property=\"og:locale\" content=\"de_DE\" \/>\n<meta property=\"og:type\" content=\"article\" \/>\n<meta property=\"og:title\" content=\"Luxuschalet im Troadkasten\" \/>\n<meta property=\"og:description\" content=\"Der ganze Stolz der Familie Rettensteiner in Bischofshofen ist ein alter Troadkasten, der mit viel Liebe zu einem kleinen Luxuschalet umgebaut wurde.\u00a0 Ich betrete das gute St\u00fcck und bin bet\u00f6rt schon alleine von dem Duft des Holzes. \u201cWow, sieht sogar noch sch\u00f6ner aus als auf den Fotos\u201c, denke ich mir und mein Blick schweift umher, [&hellip;]\" \/>\n<meta property=\"og:url\" content=\"https:\/\/www.salzburgerland.com\/de\/magazin\/luxuschalet-im-troadkasten\/\" \/>\n<meta property=\"og:site_name\" content=\"SalzburgerLand Magazin\" \/>\n<meta property=\"article:publisher\" content=\"https:\/\/www.facebook.com\/salzburgerland\/\" \/>\n<meta property=\"article:published_time\" content=\"2018-03-24T07:00:05+00:00\" \/>\n<meta property=\"article:modified_time\" content=\"2019-06-26T16:28:49+00:00\" \/>\n<meta property=\"og:image\" content=\"https:\/\/www.salzburgerland.com\/de\/magazin\/wp-content\/uploads\/2018\/03\/K1600__MAX0525.jpg\" \/>\n\t<meta property=\"og:image:width\" content=\"1200\" \/>\n\t<meta property=\"og:image:height\" content=\"801\" \/>\n\t<meta property=\"og:image:type\" content=\"image\/jpeg\" \/>\n<meta name=\"author\" content=\"Ulli Hammerl\" \/>\n<meta name=\"twitter:card\" content=\"summary_large_image\" \/>\n<meta name=\"twitter:creator\" content=\"@Salzburgerland\" \/>\n<meta name=\"twitter:site\" content=\"@Salzburgerland\" \/>\n<meta name=\"twitter:label1\" content=\"Verfasst von\" \/>\n\t<meta name=\"twitter:data1\" content=\"Ulli Hammerl\" \/>\n\t<meta name=\"twitter:label2\" content=\"Gesch\u00e4tzte Lesezeit\" \/>\n\t<meta name=\"twitter:data2\" content=\"3\u00a0Minuten\" \/>\n<script type=\"application\/ld+json\" class=\"yoast-schema-graph\">{\"@context\":\"https:\\\/\\\/schema.org\",\"@graph\":[{\"@type\":\"Article\",\"@id\":\"https:\\\/\\\/www.salzburgerland.com\\\/de\\\/magazin\\\/luxuschalet-im-troadkasten\\\/#article\",\"isPartOf\":{\"@id\":\"https:\\\/\\\/www.salzburgerland.com\\\/de\\\/magazin\\\/luxuschalet-im-troadkasten\\\/\"},\"author\":{\"name\":\"Ulli Hammerl\",\"@id\":\"https:\\\/\\\/www.salzburgerland.com\\\/de\\\/magazin\\\/#\\\/schema\\\/person\\\/a55a4fee1009b9e458d298480a18a9f7\"},\"headline\":\"Luxuschalet im Troadkasten\",\"datePublished\":\"2018-03-24T07:00:05+00:00\",\"dateModified\":\"2019-06-26T16:28:49+00:00\",\"mainEntityOfPage\":{\"@id\":\"https:\\\/\\\/www.salzburgerland.com\\\/de\\\/magazin\\\/luxuschalet-im-troadkasten\\\/\"},\"wordCount\":568,\"commentCount\":0,\"publisher\":{\"@id\":\"https:\\\/\\\/www.salzburgerland.com\\\/de\\\/magazin\\\/#organization\"},\"image\":{\"@id\":\"https:\\\/\\\/www.salzburgerland.com\\\/de\\\/magazin\\\/luxuschalet-im-troadkasten\\\/#primaryimage\"},\"thumbnailUrl\":\"https:\\\/\\\/www.salzburgerland.com\\\/de\\\/magazin\\\/wp-content\\\/uploads\\\/2018\\\/03\\\/K1600__MAX0525.jpg\",\"articleSection\":[\"Hotel &amp; Reise\"],\"inLanguage\":\"de\",\"potentialAction\":[{\"@type\":\"CommentAction\",\"name\":\"Comment\",\"target\":[\"https:\\\/\\\/www.salzburgerland.com\\\/de\\\/magazin\\\/luxuschalet-im-troadkasten\\\/#respond\"]}]},{\"@type\":\"WebPage\",\"@id\":\"https:\\\/\\\/www.salzburgerland.com\\\/de\\\/magazin\\\/luxuschalet-im-troadkasten\\\/\",\"url\":\"https:\\\/\\\/www.salzburgerland.com\\\/de\\\/magazin\\\/luxuschalet-im-troadkasten\\\/\",\"name\":\"Luxuschalet im Troadkasten - SalzburgerLand Magazin\",\"isPartOf\":{\"@id\":\"https:\\\/\\\/www.salzburgerland.com\\\/de\\\/magazin\\\/#website\"},\"primaryImageOfPage\":{\"@id\":\"https:\\\/\\\/www.salzburgerland.com\\\/de\\\/magazin\\\/luxuschalet-im-troadkasten\\\/#primaryimage\"},\"image\":{\"@id\":\"https:\\\/\\\/www.salzburgerland.com\\\/de\\\/magazin\\\/luxuschalet-im-troadkasten\\\/#primaryimage\"},\"thumbnailUrl\":\"https:\\\/\\\/www.salzburgerland.com\\\/de\\\/magazin\\\/wp-content\\\/uploads\\\/2018\\\/03\\\/K1600__MAX0525.jpg\",\"datePublished\":\"2018-03-24T07:00:05+00:00\",\"dateModified\":\"2019-06-26T16:28:49+00:00\",\"breadcrumb\":{\"@id\":\"https:\\\/\\\/www.salzburgerland.com\\\/de\\\/magazin\\\/luxuschalet-im-troadkasten\\\/#breadcrumb\"},\"inLanguage\":\"de\",\"potentialAction\":[{\"@type\":\"ReadAction\",\"target\":[\"https:\\\/\\\/www.salzburgerland.com\\\/de\\\/magazin\\\/luxuschalet-im-troadkasten\\\/\"]}]},{\"@type\":\"ImageObject\",\"inLanguage\":\"de\",\"@id\":\"https:\\\/\\\/www.salzburgerland.com\\\/de\\\/magazin\\\/luxuschalet-im-troadkasten\\\/#primaryimage\",\"url\":\"https:\\\/\\\/www.salzburgerland.com\\\/de\\\/magazin\\\/wp-content\\\/uploads\\\/2018\\\/03\\\/K1600__MAX0525.jpg\",\"contentUrl\":\"https:\\\/\\\/www.salzburgerland.com\\\/de\\\/magazin\\\/wp-content\\\/uploads\\\/2018\\\/03\\\/K1600__MAX0525.jpg\",\"width\":1200,\"height\":801,\"caption\":\"Gem\u00fctliches, rustikales Badezimmer mit freistehender Badewanne, Holzbalken, Kamin und nat\u00fcrlichem Licht.\"},{\"@type\":\"BreadcrumbList\",\"@id\":\"https:\\\/\\\/www.salzburgerland.com\\\/de\\\/magazin\\\/luxuschalet-im-troadkasten\\\/#breadcrumb\",\"itemListElement\":[{\"@type\":\"ListItem\",\"position\":1,\"name\":\"Startseite\",\"item\":\"https:\\\/\\\/www.salzburgerland.com\\\/de\\\/magazin\\\/\"},{\"@type\":\"ListItem\",\"position\":2,\"name\":\"Hotel &amp; Reise\",\"item\":\"https:\\\/\\\/www.salzburgerland.com\\\/de\\\/magazin\\\/thema\\\/hotel-reise\\\/\"},{\"@type\":\"ListItem\",\"position\":3,\"name\":\"Luxuschalet im Troadkasten\"}]},{\"@type\":\"WebSite\",\"@id\":\"https:\\\/\\\/www.salzburgerland.com\\\/de\\\/magazin\\\/#website\",\"url\":\"https:\\\/\\\/www.salzburgerland.com\\\/de\\\/magazin\\\/\",\"name\":\"SalzburgerLand Magazin\",\"description\":\"Geschichten und Interessantes aus dem SalzburgerLand\",\"publisher\":{\"@id\":\"https:\\\/\\\/www.salzburgerland.com\\\/de\\\/magazin\\\/#organization\"},\"potentialAction\":[{\"@type\":\"SearchAction\",\"target\":{\"@type\":\"EntryPoint\",\"urlTemplate\":\"https:\\\/\\\/www.salzburgerland.com\\\/de\\\/magazin\\\/?s={search_term_string}\"},\"query-input\":{\"@type\":\"PropertyValueSpecification\",\"valueRequired\":true,\"valueName\":\"search_term_string\"}}],\"inLanguage\":\"de\"},{\"@type\":\"Organization\",\"@id\":\"https:\\\/\\\/www.salzburgerland.com\\\/de\\\/magazin\\\/#organization\",\"name\":\"SalzburgerLand Tourismus\",\"url\":\"https:\\\/\\\/www.salzburgerland.com\\\/de\\\/magazin\\\/\",\"logo\":{\"@type\":\"ImageObject\",\"inLanguage\":\"de\",\"@id\":\"https:\\\/\\\/www.salzburgerland.com\\\/de\\\/magazin\\\/#\\\/schema\\\/logo\\\/image\\\/\",\"url\":\"https:\\\/\\\/www.salzburgerland.com\\\/de\\\/magazin\\\/wp-content\\\/uploads\\\/2019\\\/06\\\/salzburgerland-logo1.jpg\",\"contentUrl\":\"https:\\\/\\\/www.salzburgerland.com\\\/de\\\/magazin\\\/wp-content\\\/uploads\\\/2019\\\/06\\\/salzburgerland-logo1.jpg\",\"width\":2011,\"height\":866,\"caption\":\"SalzburgerLand Tourismus\"},\"image\":{\"@id\":\"https:\\\/\\\/www.salzburgerland.com\\\/de\\\/magazin\\\/#\\\/schema\\\/logo\\\/image\\\/\"},\"sameAs\":[\"https:\\\/\\\/www.facebook.com\\\/salzburgerland\\\/\",\"https:\\\/\\\/x.com\\\/Salzburgerland\",\"https:\\\/\\\/www.instagram.com\\\/salzburgerland\\\/\",\"https:\\\/\\\/at.linkedin.com\\\/company\\\/salzburgerland-tourismus-gmbh\",\"https:\\\/\\\/www.pinterest.at\\\/salzburgerland\\\/\",\"https:\\\/\\\/www.youtube.com\\\/user\\\/salzburgerland\",\"https:\\\/\\\/de.wikipedia.org\\\/wiki\\\/SalzburgerLand_Tourismus_GmbH\"]},{\"@type\":\"Person\",\"@id\":\"https:\\\/\\\/www.salzburgerland.com\\\/de\\\/magazin\\\/#\\\/schema\\\/person\\\/a55a4fee1009b9e458d298480a18a9f7\",\"name\":\"Ulli Hammerl\",\"description\":\"Geboren und aufgewachsen in der Stadt Salzburg war Ulli Hammerl fr\u00fch bewusst, in einer der sch\u00f6nsten St\u00e4dte der Welt zu leben. So ist sie auch w\u00e4hrend ihres Studiums der Kommunikationswissenschaft und \u00d6kologie ihrer Heimatstadt treu geblieben. Gleich nach dem Studium ist sie zu SalzburgerLand Tourismus (SLTG) gegangen und hat hier von 1998 - 2004 u.a. die SalzburgerLand Card betreut. Dabei ist sie viel herumgekommen, wodurch auch die Liebe zum SalzburgerLand enstanden und gewachsen ist. Nach der Geburt ihrer Tochter im September 2004 hat sich Ulli Hammerl 2007 mit einer Agentur selbst\u00e4ndig gemacht. Mein pers\u00f6nlicher Logenplatz: Hoch \u00fcber Salzburg, abseits der stark begangenen Wege mit Blick auf die D\u00e4cher und Kircht\u00fcrme der Stadt \u2013 hier geht mir das Herz auf! Morgen- oder Abendmensch: Ganz klar: Morgenmensch. Wenn um 5.00 Uhr fr\u00fch die V\u00f6gel zwitschern und rund herum noch alles in tiefer Ruhe versinkt, dann ist meine Zeit. Ausgeschlafen, Energie geladen und voller Tatendrang starte ich am liebsten in den fr\u00fchen Morgenstunden in den Tag. Daf\u00fcr kann man nach 21.00 Uhr nicht mehr mit mir rechnen. Buch oder Film: Es gibt nichts Sch\u00f6neres, als es sich am Ende des Tages auf der Couch gem\u00fctlich zu machen und in die Gedankenwelt eines guten Buches einzutauchen \u2013 Lesen ist Abenteuer im Kopf. Wandern, Spazierengehen oder Laufen: alles drei und zwar am besten jeden Tag. Mit ein bisschen Zeiteinteilung geht es sich tats\u00e4chlich fast gehen Tag aus, drau\u00dfen unterwegs zu sein. Fr\u00fchling, Sommer, Herbst oder Winter: Ich kann es im Fr\u00fchling kaum erwarten, die ersten Gr\u00fcnschattierungen in der Natur zu entdecken. Ich liebe hei\u00dfe Sommertage am See und laue Sommerabende am Balkon. Ich mag es, wenn im Herbst die W\u00e4lder in einem Meer aus Farben erstrahlen, Laubrascheln und Kastanien sammeln. Und ich freue mich wie ein Kind, wenn im Dezember die ersten Schneeflocken vom Himmel schweben. Die vier Jahreszeiten sind etwas Wunderbares.\",\"url\":\"https:\\\/\\\/www.salzburgerland.com\\\/de\\\/magazin\\\/author\\\/ulli-hammerl\\\/\"}]}<\/script>\n<!-- \/ Yoast SEO Premium plugin. -->","yoast_head_json":{"title":"Luxuschalet im Troadkasten - SalzburgerLand Magazin","description":"Der ganze Stolz der Familie Rettensteiner in Bischofshofen ist ein alter Troadkasten, der mit viel Liebe zu einem kleinen Luxuschalet umgebaut wurde.\u00a0 Ich betrete das gute St\u00fcck und bin bet\u00f6rt schon alleine von dem Duft des Holzes. \u201cWow, sieht sogar noch sch\u00f6ner aus als auf den Fotos\u201c, denke ich mir und mein Blick schweift umher, [&hellip;]","robots":{"index":"index","follow":"follow","max-snippet":"max-snippet:-1","max-image-preview":"max-image-preview:large","max-video-preview":"max-video-preview:-1"},"canonical":"https:\/\/www.salzburgerland.com\/de\/magazin\/luxuschalet-im-troadkasten\/","og_locale":"de_DE","og_type":"article","og_title":"Luxuschalet im Troadkasten","og_description":"Der ganze Stolz der Familie Rettensteiner in Bischofshofen ist ein alter Troadkasten, der mit viel Liebe zu einem kleinen Luxuschalet umgebaut wurde.\u00a0 Ich betrete das gute St\u00fcck und bin bet\u00f6rt schon alleine von dem Duft des Holzes. \u201cWow, sieht sogar noch sch\u00f6ner aus als auf den Fotos\u201c, denke ich mir und mein Blick schweift umher, [&hellip;]","og_url":"https:\/\/www.salzburgerland.com\/de\/magazin\/luxuschalet-im-troadkasten\/","og_site_name":"SalzburgerLand Magazin","article_publisher":"https:\/\/www.facebook.com\/salzburgerland\/","article_published_time":"2018-03-24T07:00:05+00:00","article_modified_time":"2019-06-26T16:28:49+00:00","og_image":[{"width":1200,"height":801,"url":"https:\/\/www.salzburgerland.com\/de\/magazin\/wp-content\/uploads\/2018\/03\/K1600__MAX0525.jpg","type":"image\/jpeg"}],"author":"Ulli Hammerl","twitter_card":"summary_large_image","twitter_creator":"@Salzburgerland","twitter_site":"@Salzburgerland","twitter_misc":{"Verfasst von":"Ulli Hammerl","Gesch\u00e4tzte Lesezeit":"3\u00a0Minuten"},"schema":{"@context":"https:\/\/schema.org","@graph":[{"@type":"Article","@id":"https:\/\/www.salzburgerland.com\/de\/magazin\/luxuschalet-im-troadkasten\/#article","isPartOf":{"@id":"https:\/\/www.salzburgerland.com\/de\/magazin\/luxuschalet-im-troadkasten\/"},"author":{"name":"Ulli Hammerl","@id":"https:\/\/www.salzburgerland.com\/de\/magazin\/#\/schema\/person\/a55a4fee1009b9e458d298480a18a9f7"},"headline":"Luxuschalet im Troadkasten","datePublished":"2018-03-24T07:00:05+00:00","dateModified":"2019-06-26T16:28:49+00:00","mainEntityOfPage":{"@id":"https:\/\/www.salzburgerland.com\/de\/magazin\/luxuschalet-im-troadkasten\/"},"wordCount":568,"commentCount":0,"publisher":{"@id":"https:\/\/www.salzburgerland.com\/de\/magazin\/#organization"},"image":{"@id":"https:\/\/www.salzburgerland.com\/de\/magazin\/luxuschalet-im-troadkasten\/#primaryimage"},"thumbnailUrl":"https:\/\/www.salzburgerland.com\/de\/magazin\/wp-content\/uploads\/2018\/03\/K1600__MAX0525.jpg","articleSection":["Hotel &amp; Reise"],"inLanguage":"de","potentialAction":[{"@type":"CommentAction","name":"Comment","target":["https:\/\/www.salzburgerland.com\/de\/magazin\/luxuschalet-im-troadkasten\/#respond"]}]},{"@type":"WebPage","@id":"https:\/\/www.salzburgerland.com\/de\/magazin\/luxuschalet-im-troadkasten\/","url":"https:\/\/www.salzburgerland.com\/de\/magazin\/luxuschalet-im-troadkasten\/","name":"Luxuschalet im Troadkasten - SalzburgerLand Magazin","isPartOf":{"@id":"https:\/\/www.salzburgerland.com\/de\/magazin\/#website"},"primaryImageOfPage":{"@id":"https:\/\/www.salzburgerland.com\/de\/magazin\/luxuschalet-im-troadkasten\/#primaryimage"},"image":{"@id":"https:\/\/www.salzburgerland.com\/de\/magazin\/luxuschalet-im-troadkasten\/#primaryimage"},"thumbnailUrl":"https:\/\/www.salzburgerland.com\/de\/magazin\/wp-content\/uploads\/2018\/03\/K1600__MAX0525.jpg","datePublished":"2018-03-24T07:00:05+00:00","dateModified":"2019-06-26T16:28:49+00:00","breadcrumb":{"@id":"https:\/\/www.salzburgerland.com\/de\/magazin\/luxuschalet-im-troadkasten\/#breadcrumb"},"inLanguage":"de","potentialAction":[{"@type":"ReadAction","target":["https:\/\/www.salzburgerland.com\/de\/magazin\/luxuschalet-im-troadkasten\/"]}]},{"@type":"ImageObject","inLanguage":"de","@id":"https:\/\/www.salzburgerland.com\/de\/magazin\/luxuschalet-im-troadkasten\/#primaryimage","url":"https:\/\/www.salzburgerland.com\/de\/magazin\/wp-content\/uploads\/2018\/03\/K1600__MAX0525.jpg","contentUrl":"https:\/\/www.salzburgerland.com\/de\/magazin\/wp-content\/uploads\/2018\/03\/K1600__MAX0525.jpg","width":1200,"height":801,"caption":"Gem\u00fctliches, rustikales Badezimmer mit freistehender Badewanne, Holzbalken, Kamin und nat\u00fcrlichem Licht."},{"@type":"BreadcrumbList","@id":"https:\/\/www.salzburgerland.com\/de\/magazin\/luxuschalet-im-troadkasten\/#breadcrumb","itemListElement":[{"@type":"ListItem","position":1,"name":"Startseite","item":"https:\/\/www.salzburgerland.com\/de\/magazin\/"},{"@type":"ListItem","position":2,"name":"Hotel &amp; Reise","item":"https:\/\/www.salzburgerland.com\/de\/magazin\/thema\/hotel-reise\/"},{"@type":"ListItem","position":3,"name":"Luxuschalet im Troadkasten"}]},{"@type":"WebSite","@id":"https:\/\/www.salzburgerland.com\/de\/magazin\/#website","url":"https:\/\/www.salzburgerland.com\/de\/magazin\/","name":"SalzburgerLand Magazin","description":"Geschichten und Interessantes aus dem SalzburgerLand","publisher":{"@id":"https:\/\/www.salzburgerland.com\/de\/magazin\/#organization"},"potentialAction":[{"@type":"SearchAction","target":{"@type":"EntryPoint","urlTemplate":"https:\/\/www.salzburgerland.com\/de\/magazin\/?s={search_term_string}"},"query-input":{"@type":"PropertyValueSpecification","valueRequired":true,"valueName":"search_term_string"}}],"inLanguage":"de"},{"@type":"Organization","@id":"https:\/\/www.salzburgerland.com\/de\/magazin\/#organization","name":"SalzburgerLand Tourismus","url":"https:\/\/www.salzburgerland.com\/de\/magazin\/","logo":{"@type":"ImageObject","inLanguage":"de","@id":"https:\/\/www.salzburgerland.com\/de\/magazin\/#\/schema\/logo\/image\/","url":"https:\/\/www.salzburgerland.com\/de\/magazin\/wp-content\/uploads\/2019\/06\/salzburgerland-logo1.jpg","contentUrl":"https:\/\/www.salzburgerland.com\/de\/magazin\/wp-content\/uploads\/2019\/06\/salzburgerland-logo1.jpg","width":2011,"height":866,"caption":"SalzburgerLand Tourismus"},"image":{"@id":"https:\/\/www.salzburgerland.com\/de\/magazin\/#\/schema\/logo\/image\/"},"sameAs":["https:\/\/www.facebook.com\/salzburgerland\/","https:\/\/x.com\/Salzburgerland","https:\/\/www.instagram.com\/salzburgerland\/","https:\/\/at.linkedin.com\/company\/salzburgerland-tourismus-gmbh","https:\/\/www.pinterest.at\/salzburgerland\/","https:\/\/www.youtube.com\/user\/salzburgerland","https:\/\/de.wikipedia.org\/wiki\/SalzburgerLand_Tourismus_GmbH"]},{"@type":"Person","@id":"https:\/\/www.salzburgerland.com\/de\/magazin\/#\/schema\/person\/a55a4fee1009b9e458d298480a18a9f7","name":"Ulli Hammerl","description":"Geboren und aufgewachsen in der Stadt Salzburg war Ulli Hammerl fr\u00fch bewusst, in einer der sch\u00f6nsten St\u00e4dte der Welt zu leben. So ist sie auch w\u00e4hrend ihres Studiums der Kommunikationswissenschaft und \u00d6kologie ihrer Heimatstadt treu geblieben. Gleich nach dem Studium ist sie zu SalzburgerLand Tourismus (SLTG) gegangen und hat hier von 1998 - 2004 u.a. die SalzburgerLand Card betreut. Dabei ist sie viel herumgekommen, wodurch auch die Liebe zum SalzburgerLand enstanden und gewachsen ist. Nach der Geburt ihrer Tochter im September 2004 hat sich Ulli Hammerl 2007 mit einer Agentur selbst\u00e4ndig gemacht. Mein pers\u00f6nlicher Logenplatz: Hoch \u00fcber Salzburg, abseits der stark begangenen Wege mit Blick auf die D\u00e4cher und Kircht\u00fcrme der Stadt \u2013 hier geht mir das Herz auf! Morgen- oder Abendmensch: Ganz klar: Morgenmensch. Wenn um 5.00 Uhr fr\u00fch die V\u00f6gel zwitschern und rund herum noch alles in tiefer Ruhe versinkt, dann ist meine Zeit. Ausgeschlafen, Energie geladen und voller Tatendrang starte ich am liebsten in den fr\u00fchen Morgenstunden in den Tag. Daf\u00fcr kann man nach 21.00 Uhr nicht mehr mit mir rechnen. Buch oder Film: Es gibt nichts Sch\u00f6neres, als es sich am Ende des Tages auf der Couch gem\u00fctlich zu machen und in die Gedankenwelt eines guten Buches einzutauchen \u2013 Lesen ist Abenteuer im Kopf. Wandern, Spazierengehen oder Laufen: alles drei und zwar am besten jeden Tag. Mit ein bisschen Zeiteinteilung geht es sich tats\u00e4chlich fast gehen Tag aus, drau\u00dfen unterwegs zu sein. Fr\u00fchling, Sommer, Herbst oder Winter: Ich kann es im Fr\u00fchling kaum erwarten, die ersten Gr\u00fcnschattierungen in der Natur zu entdecken. Ich liebe hei\u00dfe Sommertage am See und laue Sommerabende am Balkon. Ich mag es, wenn im Herbst die W\u00e4lder in einem Meer aus Farben erstrahlen, Laubrascheln und Kastanien sammeln. Und ich freue mich wie ein Kind, wenn im Dezember die ersten Schneeflocken vom Himmel schweben. Die vier Jahreszeiten sind etwas Wunderbares.","url":"https:\/\/www.salzburgerland.com\/de\/magazin\/author\/ulli-hammerl\/"}]}},"_wl_alt_label":[],"wl:entity_url":"http:\/\/open.salzburgerland.com\/magazin\/post\/luxuschalet_im_troadkasten","_links":{"self":[{"href":"https:\/\/www.salzburgerland.com\/de\/magazin\/wp-json\/wp\/v2\/posts\/121989","targetHints":{"allow":["GET"]}}],"collection":[{"href":"https:\/\/www.salzburgerland.com\/de\/magazin\/wp-json\/wp\/v2\/posts"}],"about":[{"href":"https:\/\/www.salzburgerland.com\/de\/magazin\/wp-json\/wp\/v2\/types\/post"}],"author":[{"embeddable":true,"href":"https:\/\/www.salzburgerland.com\/de\/magazin\/wp-json\/wp\/v2\/users\/90"}],"replies":[{"embeddable":true,"href":"https:\/\/www.salzburgerland.com\/de\/magazin\/wp-json\/wp\/v2\/comments?post=121989"}],"version-history":[{"count":0,"href":"https:\/\/www.salzburgerland.com\/de\/magazin\/wp-json\/wp\/v2\/posts\/121989\/revisions"}],"wp:featuredmedia":[{"embeddable":true,"href":"https:\/\/www.salzburgerland.com\/de\/magazin\/wp-json\/wp\/v2\/media\/122002"}],"wp:attachment":[{"href":"https:\/\/www.salzburgerland.com\/de\/magazin\/wp-json\/wp\/v2\/media?parent=121989"}],"wp:term":[{"taxonomy":"category","embeddable":true,"href":"https:\/\/www.salzburgerland.com\/de\/magazin\/wp-json\/wp\/v2\/categories?post=121989"},{"taxonomy":"post_tag","embeddable":true,"href":"https:\/\/www.salzburgerland.com\/de\/magazin\/wp-json\/wp\/v2\/tags?post=121989"},{"taxonomy":"wl_entity_type","embeddable":true,"href":"https:\/\/www.salzburgerland.com\/de\/magazin\/wp-json\/wp\/v2\/wl_entity_type?post=121989"},{"taxonomy":"monatsauswahl","embeddable":true,"href":"https:\/\/www.salzburgerland.com\/de\/magazin\/wp-json\/wp\/v2\/monatsauswahl?post=121989"}],"curies":[{"name":"wp","href":"https:\/\/api.w.org\/{rel}","templated":true}]}}