{"id":121662,"date":"2018-03-15T10:15:02","date_gmt":"2018-03-15T09:15:02","guid":{"rendered":"https:\/\/www.salzburgerland.com\/de\/magazin\/?p=121662"},"modified":"2022-03-01T08:13:37","modified_gmt":"2022-03-01T07:13:37","slug":"fruehlingserwachen-es-ruehrt-sich-was-in-wald-und-hecke","status":"publish","type":"post","link":"https:\/\/www.salzburgerland.com\/de\/magazin\/fruehlingserwachen-es-ruehrt-sich-was-in-wald-und-hecke\/","title":{"rendered":"Fr\u00fchlingserwachen"},"content":{"rendered":"\n<h2 class=\"wp-block-slt-subtitle\">Wald und Hecke als Vorratskammer<\/h2>\n\n\n\n<p class=\"wp-block-slt-intro\">Prall gef\u00fcllt schaukeln im Fr\u00fchjahr die Bl\u00fcten der Haselnuss-Str\u00e4ucher im Wind. Blaue Leberbl\u00fcmchen und wei\u00dfe Schneerosen recken ihr K\u00f6pfchen der Sonne entgegen. Ameisen krabbeln aus ihrem Bau und Amseln tr\u00e4llern ihr Fr\u00fchlingslied. Ein Spaziergang in die Natur bl\u00e4st die Fr\u00fchlingsm\u00fcdigkeit fort.<\/p>\n\n\n\n<h2 class=\"wp-block-heading\" id=\"h-amseln-und-stare-tr-llern-ihr-lied\">Amseln und Stare tr\u00e4llern ihr Lied<\/h2>\n\n\n\n<p>Entlang des Weges strecken Schneegl\u00f6ckchen und Krokusse ihre K\u00f6pfe aus dem feuchten Boden, und so manche Tiere, wie der Igel, erwachen aus ihrem Winterschlaf. Ameisen krabbeln aus ihrem Nest und w\u00e4rmen sich in der Sonne. Feuersalamander wandern zu ihren Laichpl\u00e4tzen. Bienen sammeln Pollen von den Haselstauden und erste Schmetterlinge gaukeln durch die Luft. Kohlmeisen, Stare, Amseln und Stieglitze zwitschern was ihre Kehlchen hergeben.  <\/p>\n\n\n\n<p>W\u00e4hrend einer Wanderung im Wald oder entlang einer Hecke gibt es im Fr\u00fchling so Einiges zu entdecken: Zum Beispiel erste Brennnesseln, B\u00e4rlauch und G\u00e4nsebl\u00fcmchen.  Biologe und TEH-Experte  Willi Bedek bereitet aus jungen Brennnesselbl\u00e4ttern etwa einen Kaltauszug zu: Einfach junge Bl\u00e4tter sammeln, waschen, in kaltes Wasser geben und \u00fcber Nacht stehen lassen. Dabei entsteht eine r\u00f6tlich-gr\u00fcne Fl\u00fcssigkeit. Bedek: &#8222;Ein Kaltauszug l\u00f6st in schonender Weise das Eiwei\u00df, die Mineralien und Spurenelemente. Au\u00dferdem schmeckt dieses Getr\u00e4nk milder als ein Tee.&#8220; Im kleinen Buch &#8222;<a href=\"https:\/\/buch-findr.de\/buecher\/das-grosse-kleine-buch-hausmittel-zur-inneren-reinigung\/\" target=\"_blank\" rel=\"noreferrer noopener\">Hausmittel zur innerer Reinigung. Kr\u00e4uterportr\u00e4ts und Rezepturen&#8220;<\/a>, erschienen im Servus Verlag, sind \u00fcbrigens viele einfache Rezepte f\u00fcr Heilfasten, Fr\u00fchjahrs- und Teekuren beschrieben. Die dazu n\u00f6tigen Pflanzen k\u00f6nnen gesammelt oder in der Apotheke gekauft werden.<\/p>\n\n\n\n<h2 class=\"wp-block-heading\">Energielieferant Haselnussstrauch<\/h2>\n\n\n\n<p>Richtig hoch her geht es im Haselstrauch. Sobald die Sonne warm genug scheint, sammeln Bienen erste Pollen und fliegen mit gelben &#8222;H\u00f6schen&#8220; an den Beinen zur\u00fcck in ihren Stock. Die m\u00e4nnlichen Bl\u00fctenst\u00e4nde oder &#8222;W\u00fcrstchen&#8220; der Hasel (Corylus avellana) baumeln von den feinen Zweigen im Wind. Nur wer genau hinsieht, entdeckt die weiblichen Bl\u00fcten. Am selben Strauch leuchten ihre kleinen und feinen Narbenf\u00e4den rot. &#8222;Wie die Farbe der Liebe. So kann man sich das leichter merken&#8220;, sagt Biologe und TEH-Experte\u00a0Willi Bedek.<\/p>\n\n\n\n<p>Bei der Hasel sind die weiblichen und m\u00e4nnlichen Bl\u00fcten getrennt, aber auf einer Pflanze. So wie bei der Birke, der Hainbuche oder der Erle. <\/p>\n\n\n\n<h2 class=\"wp-block-heading\" id=\"h-pollen-liefern-eiwei\">Pollen liefern Eiwei\u00df<\/h2>\n\n\n\n<p>Sobald aus den Hasel-Bl\u00fcten gelbe Staubwolken aufsteigen, kann man die Pollen ernten, denn die sine ein super Eiwei\u00df-Lieferant. Tats\u00e4chlich kann man sie wie Mehl als Zutat beim Backen verwenden. Schnell ist eine Handvoll davon beisammen, die man zu Hause dann auf einer K\u00fcchenrolle oder Backpapier trocknen l\u00e4sst. Im M\u00f6rser oder der K\u00fcchenmaschinen werden die getrockneten Pollen zu feinem Mehl gemahlen. Bedek bereichert damit zum Beispiel sein M\u00fcsli und mischt es in das Weizenmehl. Aus der Mehlmischung kann man dann richtige Fr\u00fchlings-Power-Kekse backen. <\/p>\n\n\n\n<h3 class=\"wp-block-heading\">M\u00fcrbteigkekse mit Haselnusspollen<\/h3>\n\n\n\n<p><strong>Zutaten<\/strong><\/p>\n\n\n\n<ul class=\"wp-block-list\"><li>250 g Mehl (glatt)<\/li><li>150 g Haselnussw\u00fcrstchen, getrocknet, zerrieben (z.B. Thermomix, M\u00f6rser)<\/li><li>280 g Butter<\/li><li>100 g Staubzucker (fein gesiebt oder Feinkristallzucker)<\/li><li>Zitronenschale (frisch gerieben oder Zitronenschalenpulver)<\/li><li>1 Dotter<\/li><li>10 g Vanillezucker<\/li><li>1 Prise Salz<\/li><\/ul>\n\n\n\n<p>F\u00fcr den M\u00fcrbteig alle Zutaten in eine Sch\u00fcssel oder auf eine Arbeitsfl\u00e4che geben und mit den H\u00e4nden zu einem  zusammenkneten. Vor dem Verarbeiten im K\u00fchlschrank mit Klarsichtfolie abgedeckt 2 bis 3 Stunden rasten lassen.  <br>Ein Backblech mit Backpapier auslegen. Das Backrohr auf 170 \u00b0C vorheizen.<br>Die Arbeitsfl\u00e4che mit wenig Mehl ausstauben und den Teig darauf ausrollen. Kekse ausstechen und auf das Backblech legen. <br>Die M\u00fcrbteigkekse ca. 12 Minuten backen.<\/p>\n\n\n\n<p><\/p>\n\n\n<div class=\"mag-gallery\"><div class=\"row\"><div class=\"col-6 col-sm-4\"><figure><a class=\"thumb-container\" href=\"https:\/\/www.salzburgerland.com\/de\/magazin\/wp-content\/uploads\/2018\/03\/WaldundHecke_m-1280x1024.jpg\">\t<picture><source media=\"(min-width: 576px)\" srcset=\"\"><\/source><source media=\"(min-width: 0)\" srcset=\"https:\/\/www.salzburgerland.com\/de\/magazin\/wp-content\/uploads\/2018\/03\/WaldundHecke_m.jpg 548w, https:\/\/www.salzburgerland.com\/de\/magazin\/wp-content\/uploads\/2018\/03\/WaldundHecke_m-199x300.jpg 199w, https:\/\/www.salzburgerland.com\/de\/magazin\/wp-content\/uploads\/2018\/03\/WaldundHecke_m-364x550.jpg 364w, https:\/\/www.salzburgerland.com\/de\/magazin\/wp-content\/uploads\/2018\/03\/WaldundHecke_m-265x400.jpg 265w\"><\/source><img decoding=\"async\" alt=\"Laublose Zweige mit h&auml;ngenden K&auml;tzchen vor einem strahlend blauen Himmel mit vereinzelten Wolken.\" src=\"https:\/\/www.salzburgerland.com\/de\/magazin\/wp-content\/uploads\/2018\/03\/WaldundHecke_m.jpg\">\t<\/picture><\/a><\/figure><\/div><div class=\"col-6 col-sm-4\"><figure><a class=\"thumb-container\" href=\"https:\/\/www.salzburgerland.com\/de\/magazin\/wp-content\/uploads\/2018\/03\/WaldundHecke_e-1280x1024.jpg\">\t<picture><source media=\"(min-width: 576px)\" srcset=\"https:\/\/www.salzburgerland.com\/de\/magazin\/wp-content\/uploads\/2018\/03\/WaldundHecke_e-325x209.jpg 325w, https:\/\/www.salzburgerland.com\/de\/magazin\/wp-content\/uploads\/2018\/03\/WaldundHecke_e-249x160.jpg 249w\"><\/source><source media=\"(min-width: 0)\" srcset=\"https:\/\/www.salzburgerland.com\/de\/magazin\/wp-content\/uploads\/2018\/03\/WaldundHecke_e-249x160.jpg 249w, https:\/\/www.salzburgerland.com\/de\/magazin\/wp-content\/uploads\/2018\/03\/WaldundHecke_e-325x209.jpg 325w\"><\/source><img decoding=\"async\" alt=\"Wei&szlig;e Schneegl&ouml;ckchen bl&uuml;hen zwischen braunem Laub und gr&uuml;nem Laub auf einem Waldboden im Sonnenlicht.\" src=\"https:\/\/www.salzburgerland.com\/de\/magazin\/wp-content\/uploads\/2018\/03\/WaldundHecke_e.jpg\">\t<\/picture><\/a><\/figure><\/div><div class=\"col-6 col-sm-4\"><figure><a class=\"thumb-container\" href=\"https:\/\/www.salzburgerland.com\/de\/magazin\/wp-content\/uploads\/2018\/03\/WaldundHecke_d-1280x1024.jpg\">\t<picture><source media=\"(min-width: 576px)\" srcset=\"https:\/\/www.salzburgerland.com\/de\/magazin\/wp-content\/uploads\/2018\/03\/WaldundHecke_d-325x209.jpg 325w, https:\/\/www.salzburgerland.com\/de\/magazin\/wp-content\/uploads\/2018\/03\/WaldundHecke_d-249x160.jpg 249w\"><\/source><source media=\"(min-width: 0)\" srcset=\"https:\/\/www.salzburgerland.com\/de\/magazin\/wp-content\/uploads\/2018\/03\/WaldundHecke_d-249x160.jpg 249w, https:\/\/www.salzburgerland.com\/de\/magazin\/wp-content\/uploads\/2018\/03\/WaldundHecke_d-325x209.jpg 325w\"><\/source><img decoding=\"async\" alt=\"Eine Hand ber&uuml;hrt sanft kleine Brennnesselpflanzen, die zwischen trockenem Gras und St&auml;ngeln wachsen.\" src=\"https:\/\/www.salzburgerland.com\/de\/magazin\/wp-content\/uploads\/2018\/03\/WaldundHecke_d.jpg\">\t<\/picture><\/a><\/figure><\/div><div class=\"col-6 col-sm-4\"><figure><a class=\"thumb-container\" href=\"https:\/\/www.salzburgerland.com\/de\/magazin\/wp-content\/uploads\/2018\/03\/WaldundHeckeApfelmoos-1280x1024.jpg\">\t<picture><source media=\"(min-width: 576px)\" srcset=\"\"><\/source><source media=\"(min-width: 0)\" srcset=\"https:\/\/www.salzburgerland.com\/de\/magazin\/wp-content\/uploads\/2018\/03\/WaldundHeckeApfelmoos.jpg 1050w, https:\/\/www.salzburgerland.com\/de\/magazin\/wp-content\/uploads\/2018\/03\/WaldundHeckeApfelmoos-283x300.jpg 283w, https:\/\/www.salzburgerland.com\/de\/magazin\/wp-content\/uploads\/2018\/03\/WaldundHeckeApfelmoos-519x550.jpg 519w, https:\/\/www.salzburgerland.com\/de\/magazin\/wp-content\/uploads\/2018\/03\/WaldundHeckeApfelmoos-378x400.jpg 378w\"><\/source><img decoding=\"async\" alt=\"Nahaufnahme von gr&uuml;nem Moos mit schlanken St&auml;ngeln und runden Sporenkapseln, das auf einem Baumstamm w&auml;chst.\" src=\"https:\/\/www.salzburgerland.com\/de\/magazin\/wp-content\/uploads\/2018\/03\/WaldundHeckeApfelmoos.jpg\">\t<\/picture><\/a><\/figure><\/div><div class=\"col-6 col-sm-4\"><figure><a class=\"thumb-container\" href=\"https:\/\/www.salzburgerland.com\/de\/magazin\/wp-content\/uploads\/2018\/03\/GartenrotschwanzJosefLimberger-9d28893b-1280x1024.jpg\">\t<picture><source media=\"(min-width: 576px)\" srcset=\"https:\/\/www.salzburgerland.com\/de\/magazin\/wp-content\/uploads\/2018\/03\/GartenrotschwanzJosefLimberger-9d28893b-325x209.jpg 325w, https:\/\/www.salzburgerland.com\/de\/magazin\/wp-content\/uploads\/2018\/03\/GartenrotschwanzJosefLimberger-9d28893b-249x160.jpg 249w\"><\/source><source media=\"(min-width: 0)\" srcset=\"https:\/\/www.salzburgerland.com\/de\/magazin\/wp-content\/uploads\/2018\/03\/GartenrotschwanzJosefLimberger-9d28893b-249x160.jpg 249w, https:\/\/www.salzburgerland.com\/de\/magazin\/wp-content\/uploads\/2018\/03\/GartenrotschwanzJosefLimberger-9d28893b-325x209.jpg 325w\"><\/source><img decoding=\"async\" alt=\"Ein kleiner Vogel mit grauem Kopf und orangefarbener Brust steht auf gr&uuml;nem Gras im Sonnenlicht.\" src=\"https:\/\/www.salzburgerland.com\/de\/magazin\/wp-content\/uploads\/2018\/03\/GartenrotschwanzJosefLimberger-9d28893b.jpg\">\t<\/picture><\/a><\/figure><\/div><div class=\"col-6 col-sm-4\"><figure><a class=\"thumb-container\" href=\"https:\/\/www.salzburgerland.com\/de\/magazin\/wp-content\/uploads\/2018\/03\/Wald-und-Hecke_s-1280x1024.jpg\">\t<picture><source media=\"(min-width: 576px)\" srcset=\"https:\/\/www.salzburgerland.com\/de\/magazin\/wp-content\/uploads\/2018\/03\/Wald-und-Hecke_s-325x209.jpg 325w, https:\/\/www.salzburgerland.com\/de\/magazin\/wp-content\/uploads\/2018\/03\/Wald-und-Hecke_s-249x160.jpg 249w\"><\/source><source media=\"(min-width: 0)\" srcset=\"https:\/\/www.salzburgerland.com\/de\/magazin\/wp-content\/uploads\/2018\/03\/Wald-und-Hecke_s-249x160.jpg 249w, https:\/\/www.salzburgerland.com\/de\/magazin\/wp-content\/uploads\/2018\/03\/Wald-und-Hecke_s-325x209.jpg 325w\"><\/source><img decoding=\"async\" alt=\"Ein gelb-schwarzer Salamander krabbelt auf einem Waldboden, der mit Bl&auml;ttern, Tannennadeln und kleinen Pflanzen bedeckt ist.\" src=\"https:\/\/www.salzburgerland.com\/de\/magazin\/wp-content\/uploads\/2018\/03\/Wald-und-Hecke_s.jpg\">\t<\/picture><\/a><\/figure><\/div><div class=\"col-6 col-sm-4\"><figure><a class=\"thumb-container\" href=\"https:\/\/www.salzburgerland.com\/de\/magazin\/wp-content\/uploads\/2018\/03\/Wald-und-Hecke_u-1280x1024.jpg\">\t<picture><source media=\"(min-width: 576px)\" srcset=\"https:\/\/www.salzburgerland.com\/de\/magazin\/wp-content\/uploads\/2018\/03\/Wald-und-Hecke_u-325x209.jpg 325w, https:\/\/www.salzburgerland.com\/de\/magazin\/wp-content\/uploads\/2018\/03\/Wald-und-Hecke_u-249x160.jpg 249w\"><\/source><source media=\"(min-width: 0)\" srcset=\"https:\/\/www.salzburgerland.com\/de\/magazin\/wp-content\/uploads\/2018\/03\/Wald-und-Hecke_u-249x160.jpg 249w, https:\/\/www.salzburgerland.com\/de\/magazin\/wp-content\/uploads\/2018\/03\/Wald-und-Hecke_u-325x209.jpg 325w\"><\/source><img decoding=\"async\" alt=\"Eine braune Spinne mit langen Beinen krabbelt auf einer rauen, felsigen Oberfl&auml;che.\" src=\"https:\/\/www.salzburgerland.com\/de\/magazin\/wp-content\/uploads\/2018\/03\/Wald-und-Hecke_u.jpg\">\t<\/picture><\/a><\/figure><\/div><div class=\"col-6 col-sm-4\"><figure><a class=\"thumb-container\" href=\"https:\/\/www.salzburgerland.com\/de\/magazin\/wp-content\/uploads\/2018\/03\/WaldundHecke_tjpg-1280x1024.png\">\t<picture><source media=\"(min-width: 576px)\" srcset=\"https:\/\/www.salzburgerland.com\/de\/magazin\/wp-content\/uploads\/2018\/03\/WaldundHecke_tjpg-325x209.png 325w, https:\/\/www.salzburgerland.com\/de\/magazin\/wp-content\/uploads\/2018\/03\/WaldundHecke_tjpg-249x160.png 249w\"><\/source><source media=\"(min-width: 0)\" srcset=\"https:\/\/www.salzburgerland.com\/de\/magazin\/wp-content\/uploads\/2018\/03\/WaldundHecke_tjpg-249x160.png 249w, https:\/\/www.salzburgerland.com\/de\/magazin\/wp-content\/uploads\/2018\/03\/WaldundHecke_tjpg-325x209.png 325w\"><\/source><img decoding=\"async\" alt=\"Ein Star mit schillerndem schwarzen Gefieder und wei&szlig;en Flecken sitzt auf einem d&uuml;nnen Ast vor einem unscharfen Hintergrund.\" src=\"https:\/\/www.salzburgerland.com\/de\/magazin\/wp-content\/uploads\/2018\/03\/WaldundHecke_tjpg.png\">\t<\/picture><\/a><\/figure><\/div><div class=\"col-6 col-sm-4\"><figure><a class=\"thumb-container\" href=\"https:\/\/www.salzburgerland.com\/de\/magazin\/wp-content\/uploads\/2018\/03\/Stieglitz_c_HansGlader-1280x1024.jpg\">\t<picture><source media=\"(min-width: 576px)\" srcset=\"https:\/\/www.salzburgerland.com\/de\/magazin\/wp-content\/uploads\/2018\/03\/Stieglitz_c_HansGlader-325x209.jpg 325w, https:\/\/www.salzburgerland.com\/de\/magazin\/wp-content\/uploads\/2018\/03\/Stieglitz_c_HansGlader-249x160.jpg 249w\"><\/source><source media=\"(min-width: 0)\" srcset=\"https:\/\/www.salzburgerland.com\/de\/magazin\/wp-content\/uploads\/2018\/03\/Stieglitz_c_HansGlader-249x160.jpg 249w, https:\/\/www.salzburgerland.com\/de\/magazin\/wp-content\/uploads\/2018\/03\/Stieglitz_c_HansGlader-325x209.jpg 325w\"><\/source><img decoding=\"async\" alt=\"Ein Stieglitz mit roter, schwarzer und gelber Zeichnung sitzt auf einem mit Flechten bedeckten Ast.\" src=\"https:\/\/www.salzburgerland.com\/de\/magazin\/wp-content\/uploads\/2018\/03\/Stieglitz_c_HansGlader.jpg\">\t<\/picture><\/a><\/figure><\/div><div class=\"col-6 col-sm-4\"><figure><a class=\"thumb-container\" href=\"https:\/\/www.salzburgerland.com\/de\/magazin\/wp-content\/uploads\/2018\/03\/Wald-und-Hecke_z-1280x1024.jpg\">\t<picture><source media=\"(min-width: 576px)\" srcset=\"https:\/\/www.salzburgerland.com\/de\/magazin\/wp-content\/uploads\/2018\/03\/Wald-und-Hecke_z-325x209.jpg 325w, https:\/\/www.salzburgerland.com\/de\/magazin\/wp-content\/uploads\/2018\/03\/Wald-und-Hecke_z-249x160.jpg 249w\"><\/source><source media=\"(min-width: 0)\" srcset=\"https:\/\/www.salzburgerland.com\/de\/magazin\/wp-content\/uploads\/2018\/03\/Wald-und-Hecke_z-249x160.jpg 249w, https:\/\/www.salzburgerland.com\/de\/magazin\/wp-content\/uploads\/2018\/03\/Wald-und-Hecke_z-325x209.jpg 325w\"><\/source><img decoding=\"async\" alt=\"Ein Igel mit stacheligem Fell sitzt auf dem Boden in der N&auml;he von gr&uuml;nen Bl&auml;ttern und Pflanzen.\" src=\"https:\/\/www.salzburgerland.com\/de\/magazin\/wp-content\/uploads\/2018\/03\/Wald-und-Hecke_z.jpg\">\t<\/picture><\/a><\/figure><\/div><div class=\"col-6 col-sm-4\"><figure><a class=\"thumb-container\" href=\"https:\/\/www.salzburgerland.com\/de\/magazin\/wp-content\/uploads\/2018\/03\/WaldundHecke_j-1280x1024.jpg\">\t<picture><source media=\"(min-width: 576px)\" srcset=\"https:\/\/www.salzburgerland.com\/de\/magazin\/wp-content\/uploads\/2018\/03\/WaldundHecke_j-325x209.jpg 325w, https:\/\/www.salzburgerland.com\/de\/magazin\/wp-content\/uploads\/2018\/03\/WaldundHecke_j-249x160.jpg 249w\"><\/source><source media=\"(min-width: 0)\" srcset=\"https:\/\/www.salzburgerland.com\/de\/magazin\/wp-content\/uploads\/2018\/03\/WaldundHecke_j-249x160.jpg 249w, https:\/\/www.salzburgerland.com\/de\/magazin\/wp-content\/uploads\/2018\/03\/WaldundHecke_j-325x209.jpg 325w\"><\/source><img decoding=\"async\" alt=\"Ein Mensch geht durch einen dichten Wald, in dem das Sonnenlicht durch die B&auml;ume und &Auml;ste f&auml;llt.\" src=\"https:\/\/www.salzburgerland.com\/de\/magazin\/wp-content\/uploads\/2018\/03\/WaldundHecke_j.jpg\">\t<\/picture><\/a><\/figure><\/div><div class=\"col-6 col-sm-4\"><figure><a class=\"thumb-container\" href=\"https:\/\/www.salzburgerland.com\/de\/magazin\/wp-content\/uploads\/2018\/03\/WaldundHecke_b-1280x1024.jpg\">\t<picture><source media=\"(min-width: 576px)\" srcset=\"https:\/\/www.salzburgerland.com\/de\/magazin\/wp-content\/uploads\/2018\/03\/WaldundHecke_b-325x209.jpg 325w, https:\/\/www.salzburgerland.com\/de\/magazin\/wp-content\/uploads\/2018\/03\/WaldundHecke_b-249x160.jpg 249w\"><\/source><source media=\"(min-width: 0)\" srcset=\"https:\/\/www.salzburgerland.com\/de\/magazin\/wp-content\/uploads\/2018\/03\/WaldundHecke_b-249x160.jpg 249w, https:\/\/www.salzburgerland.com\/de\/magazin\/wp-content\/uploads\/2018\/03\/WaldundHecke_b-325x209.jpg 325w\"><\/source><img decoding=\"async\" alt=\"Eine Hand h&auml;lt einen Ast mit mehreren braunen K&auml;tzchen in einer Waldlandschaft.\" src=\"https:\/\/www.salzburgerland.com\/de\/magazin\/wp-content\/uploads\/2018\/03\/WaldundHecke_b.jpg\">\t<\/picture><\/a><\/figure><\/div><\/div><figcaption><\/figcaption><\/div>\n\n\n\n<p>Fotos: Christine Fr\u00f6schl, Naturschutzbund, Willi Bedek, Wikipedia<\/p>\n","protected":false},"excerpt":{"rendered":"<p>Amseln und Stare tr\u00e4llern ihr Lied Entlang des Weges strecken Schneegl\u00f6ckchen und Krokusse ihre K\u00f6pfe aus dem feuchten Boden, und so manche Tiere, wie der Igel, erwachen aus ihrem Winterschlaf. Ameisen krabbeln aus ihrem Nest und w\u00e4rmen sich in der Sonne. Feuersalamander wandern zu ihren Laichpl\u00e4tzen. Bienen sammeln Pollen von den Haselstauden und erste Schmetterlinge [&hellip;]<\/p>\n","protected":false},"author":236,"featured_media":121673,"comment_status":"open","ping_status":"open","sticky":false,"template":"","format":"standard","meta":{"_acf_changed":false,"wl_entities_gutenberg":"","_wl_entity_redirect_enabled":"","footnotes":""},"categories":[4],"tags":[],"wl_entity_type":[306],"monatsauswahl":[83,84,85],"class_list":["post-121662","post","type-post","status-publish","format-standard","has-post-thumbnail","hentry","category-gesundheit","wl_entity_type-article","monatsauswahl-monat_2","monatsauswahl-monat_3","monatsauswahl-monat_4"],"acf":[],"yoast_head":"<!-- This site is optimized with the Yoast SEO Premium plugin v27.4 (Yoast SEO v27.4) - https:\/\/yoast.com\/product\/yoast-seo-premium-wordpress\/ -->\n<title>Fr\u00fchlingserwachen - SalzburgerLand Magazin<\/title>\n<meta name=\"description\" content=\"Prall gef\u00fcllt schaukeln im Fr\u00fchjahr die Bl\u00fcten der Haselnuss-Str\u00e4ucher im Wind. Blaue Leberbl\u00fcmchen und wei\u00dfe Schneerosen recken ihr K\u00f6pfchen der Sonne entgegen. Ameisen krabbeln aus ihrem Bau und Amseln tr\u00e4llern ihr Fr\u00fchlingslied. Ein Spaziergang in die Natur bl\u00e4st die Fr\u00fchlingsm\u00fcdigkeit fort.\" \/>\n<meta name=\"robots\" content=\"index, follow, max-snippet:-1, max-image-preview:large, max-video-preview:-1\" \/>\n<link rel=\"canonical\" href=\"https:\/\/www.salzburgerland.com\/de\/magazin\/fruehlingserwachen-es-ruehrt-sich-was-in-wald-und-hecke\/\" \/>\n<meta property=\"og:locale\" content=\"de_DE\" \/>\n<meta property=\"og:type\" content=\"article\" \/>\n<meta property=\"og:title\" content=\"Fr\u00fchlingserwachen\" \/>\n<meta property=\"og:description\" content=\"Amseln und Stare tr\u00e4llern ihr Lied Entlang des Weges strecken Schneegl\u00f6ckchen und Krokusse ihre K\u00f6pfe aus dem feuchten Boden, und so manche Tiere, wie der Igel, erwachen aus ihrem Winterschlaf. Ameisen krabbeln aus ihrem Nest und w\u00e4rmen sich in der Sonne. Feuersalamander wandern zu ihren Laichpl\u00e4tzen. Bienen sammeln Pollen von den Haselstauden und erste Schmetterlinge [&hellip;]\" \/>\n<meta property=\"og:url\" content=\"https:\/\/www.salzburgerland.com\/de\/magazin\/fruehlingserwachen-es-ruehrt-sich-was-in-wald-und-hecke\/\" \/>\n<meta property=\"og:site_name\" content=\"SalzburgerLand Magazin\" \/>\n<meta property=\"article:publisher\" content=\"https:\/\/www.facebook.com\/salzburgerland\/\" \/>\n<meta property=\"article:published_time\" content=\"2018-03-15T09:15:02+00:00\" \/>\n<meta property=\"article:modified_time\" content=\"2022-03-01T07:13:37+00:00\" \/>\n<meta property=\"og:image\" content=\"https:\/\/www.salzburgerland.com\/de\/magazin\/wp-content\/uploads\/2018\/03\/WaldundHecke_e.jpg\" \/>\n\t<meta property=\"og:image:width\" content=\"557\" \/>\n\t<meta property=\"og:image:height\" content=\"369\" \/>\n\t<meta property=\"og:image:type\" content=\"image\/jpeg\" \/>\n<meta name=\"author\" content=\"Christine Fr\u00f6schl\" \/>\n<meta name=\"twitter:card\" content=\"summary_large_image\" \/>\n<meta name=\"twitter:creator\" content=\"@Salzburgerland\" \/>\n<meta name=\"twitter:site\" content=\"@Salzburgerland\" \/>\n<meta name=\"twitter:label1\" content=\"Verfasst von\" \/>\n\t<meta name=\"twitter:data1\" content=\"Christine Fr\u00f6schl\" \/>\n\t<meta name=\"twitter:label2\" content=\"Gesch\u00e4tzte Lesezeit\" \/>\n\t<meta name=\"twitter:data2\" content=\"5\u00a0Minuten\" \/>\n<script type=\"application\/ld+json\" class=\"yoast-schema-graph\">{\"@context\":\"https:\\\/\\\/schema.org\",\"@graph\":[{\"@type\":\"Article\",\"@id\":\"https:\\\/\\\/www.salzburgerland.com\\\/de\\\/magazin\\\/fruehlingserwachen-es-ruehrt-sich-was-in-wald-und-hecke\\\/#article\",\"isPartOf\":{\"@id\":\"https:\\\/\\\/www.salzburgerland.com\\\/de\\\/magazin\\\/fruehlingserwachen-es-ruehrt-sich-was-in-wald-und-hecke\\\/\"},\"author\":{\"name\":\"Christine Fr\u00f6schl\",\"@id\":\"https:\\\/\\\/www.salzburgerland.com\\\/de\\\/magazin\\\/#\\\/schema\\\/person\\\/7932db74f19d9640620859cb2b794c4e\"},\"headline\":\"Fr\u00fchlingserwachen\",\"datePublished\":\"2018-03-15T09:15:02+00:00\",\"dateModified\":\"2022-03-01T07:13:37+00:00\",\"mainEntityOfPage\":{\"@id\":\"https:\\\/\\\/www.salzburgerland.com\\\/de\\\/magazin\\\/fruehlingserwachen-es-ruehrt-sich-was-in-wald-und-hecke\\\/\"},\"wordCount\":595,\"commentCount\":0,\"publisher\":{\"@id\":\"https:\\\/\\\/www.salzburgerland.com\\\/de\\\/magazin\\\/#organization\"},\"image\":{\"@id\":\"https:\\\/\\\/www.salzburgerland.com\\\/de\\\/magazin\\\/fruehlingserwachen-es-ruehrt-sich-was-in-wald-und-hecke\\\/#primaryimage\"},\"thumbnailUrl\":\"https:\\\/\\\/www.salzburgerland.com\\\/de\\\/magazin\\\/wp-content\\\/uploads\\\/2018\\\/03\\\/WaldundHecke_e.jpg\",\"articleSection\":[\"Gesundheit\"],\"inLanguage\":\"de\",\"potentialAction\":[{\"@type\":\"CommentAction\",\"name\":\"Comment\",\"target\":[\"https:\\\/\\\/www.salzburgerland.com\\\/de\\\/magazin\\\/fruehlingserwachen-es-ruehrt-sich-was-in-wald-und-hecke\\\/#respond\"]}]},{\"@type\":\"WebPage\",\"@id\":\"https:\\\/\\\/www.salzburgerland.com\\\/de\\\/magazin\\\/fruehlingserwachen-es-ruehrt-sich-was-in-wald-und-hecke\\\/\",\"url\":\"https:\\\/\\\/www.salzburgerland.com\\\/de\\\/magazin\\\/fruehlingserwachen-es-ruehrt-sich-was-in-wald-und-hecke\\\/\",\"name\":\"Fr\u00fchlingserwachen - SalzburgerLand Magazin\",\"isPartOf\":{\"@id\":\"https:\\\/\\\/www.salzburgerland.com\\\/de\\\/magazin\\\/#website\"},\"primaryImageOfPage\":{\"@id\":\"https:\\\/\\\/www.salzburgerland.com\\\/de\\\/magazin\\\/fruehlingserwachen-es-ruehrt-sich-was-in-wald-und-hecke\\\/#primaryimage\"},\"image\":{\"@id\":\"https:\\\/\\\/www.salzburgerland.com\\\/de\\\/magazin\\\/fruehlingserwachen-es-ruehrt-sich-was-in-wald-und-hecke\\\/#primaryimage\"},\"thumbnailUrl\":\"https:\\\/\\\/www.salzburgerland.com\\\/de\\\/magazin\\\/wp-content\\\/uploads\\\/2018\\\/03\\\/WaldundHecke_e.jpg\",\"datePublished\":\"2018-03-15T09:15:02+00:00\",\"dateModified\":\"2022-03-01T07:13:37+00:00\",\"breadcrumb\":{\"@id\":\"https:\\\/\\\/www.salzburgerland.com\\\/de\\\/magazin\\\/fruehlingserwachen-es-ruehrt-sich-was-in-wald-und-hecke\\\/#breadcrumb\"},\"inLanguage\":\"de\",\"potentialAction\":[{\"@type\":\"ReadAction\",\"target\":[\"https:\\\/\\\/www.salzburgerland.com\\\/de\\\/magazin\\\/fruehlingserwachen-es-ruehrt-sich-was-in-wald-und-hecke\\\/\"]}]},{\"@type\":\"ImageObject\",\"inLanguage\":\"de\",\"@id\":\"https:\\\/\\\/www.salzburgerland.com\\\/de\\\/magazin\\\/fruehlingserwachen-es-ruehrt-sich-was-in-wald-und-hecke\\\/#primaryimage\",\"url\":\"https:\\\/\\\/www.salzburgerland.com\\\/de\\\/magazin\\\/wp-content\\\/uploads\\\/2018\\\/03\\\/WaldundHecke_e.jpg\",\"contentUrl\":\"https:\\\/\\\/www.salzburgerland.com\\\/de\\\/magazin\\\/wp-content\\\/uploads\\\/2018\\\/03\\\/WaldundHecke_e.jpg\",\"width\":557,\"height\":369,\"caption\":\"Schneegl\u00f6cken\"},{\"@type\":\"BreadcrumbList\",\"@id\":\"https:\\\/\\\/www.salzburgerland.com\\\/de\\\/magazin\\\/fruehlingserwachen-es-ruehrt-sich-was-in-wald-und-hecke\\\/#breadcrumb\",\"itemListElement\":[{\"@type\":\"ListItem\",\"position\":1,\"name\":\"Startseite\",\"item\":\"https:\\\/\\\/www.salzburgerland.com\\\/de\\\/magazin\\\/\"},{\"@type\":\"ListItem\",\"position\":2,\"name\":\"Gesundheit\",\"item\":\"https:\\\/\\\/www.salzburgerland.com\\\/de\\\/magazin\\\/thema\\\/gesundheit\\\/\"},{\"@type\":\"ListItem\",\"position\":3,\"name\":\"Fr\u00fchlingserwachen\"}]},{\"@type\":\"WebSite\",\"@id\":\"https:\\\/\\\/www.salzburgerland.com\\\/de\\\/magazin\\\/#website\",\"url\":\"https:\\\/\\\/www.salzburgerland.com\\\/de\\\/magazin\\\/\",\"name\":\"SalzburgerLand Magazin\",\"description\":\"Geschichten und Interessantes aus dem SalzburgerLand\",\"publisher\":{\"@id\":\"https:\\\/\\\/www.salzburgerland.com\\\/de\\\/magazin\\\/#organization\"},\"potentialAction\":[{\"@type\":\"SearchAction\",\"target\":{\"@type\":\"EntryPoint\",\"urlTemplate\":\"https:\\\/\\\/www.salzburgerland.com\\\/de\\\/magazin\\\/?s={search_term_string}\"},\"query-input\":{\"@type\":\"PropertyValueSpecification\",\"valueRequired\":true,\"valueName\":\"search_term_string\"}}],\"inLanguage\":\"de\"},{\"@type\":\"Organization\",\"@id\":\"https:\\\/\\\/www.salzburgerland.com\\\/de\\\/magazin\\\/#organization\",\"name\":\"SalzburgerLand Tourismus\",\"url\":\"https:\\\/\\\/www.salzburgerland.com\\\/de\\\/magazin\\\/\",\"logo\":{\"@type\":\"ImageObject\",\"inLanguage\":\"de\",\"@id\":\"https:\\\/\\\/www.salzburgerland.com\\\/de\\\/magazin\\\/#\\\/schema\\\/logo\\\/image\\\/\",\"url\":\"https:\\\/\\\/www.salzburgerland.com\\\/de\\\/magazin\\\/wp-content\\\/uploads\\\/2019\\\/06\\\/salzburgerland-logo1.jpg\",\"contentUrl\":\"https:\\\/\\\/www.salzburgerland.com\\\/de\\\/magazin\\\/wp-content\\\/uploads\\\/2019\\\/06\\\/salzburgerland-logo1.jpg\",\"width\":2011,\"height\":866,\"caption\":\"SalzburgerLand Tourismus\"},\"image\":{\"@id\":\"https:\\\/\\\/www.salzburgerland.com\\\/de\\\/magazin\\\/#\\\/schema\\\/logo\\\/image\\\/\"},\"sameAs\":[\"https:\\\/\\\/www.facebook.com\\\/salzburgerland\\\/\",\"https:\\\/\\\/x.com\\\/Salzburgerland\",\"https:\\\/\\\/www.instagram.com\\\/salzburgerland\\\/\",\"https:\\\/\\\/at.linkedin.com\\\/company\\\/salzburgerland-tourismus-gmbh\",\"https:\\\/\\\/www.pinterest.at\\\/salzburgerland\\\/\",\"https:\\\/\\\/www.youtube.com\\\/user\\\/salzburgerland\",\"https:\\\/\\\/de.wikipedia.org\\\/wiki\\\/SalzburgerLand_Tourismus_GmbH\"]},{\"@type\":\"Person\",\"@id\":\"https:\\\/\\\/www.salzburgerland.com\\\/de\\\/magazin\\\/#\\\/schema\\\/person\\\/7932db74f19d9640620859cb2b794c4e\",\"name\":\"Christine Fr\u00f6schl\",\"description\":\"Dein pers\u00f6nlicher Logenplatz im SalzburgerLand? Am liebsten gehe ich auf den Einberg im Salzburger Tennengau. Der Berg in der Osterhorn-Gruppe gl\u00e4nzt das ganze Jahr im Sonnenschein, auf dem Gipfel heben Paragleiter ab und die Aussicht auf das Tennengebirge, den Dachstein und die Bischofsm\u00fctze ist traumhaft. Dosige(r) oder Zuagroast? Zuagroast aus dem sch\u00f6nen Nieder\u00f6sterreich. Fr\u00fchling, Sommer, Herbst oder Winter? Alle Jahreszeiten begeistern mich. Momentan freue ich mich auf den Fr\u00fchling, das Zwitschern der V\u00f6gel und auf die sattgr\u00fcnen Wiesen. Salzburger Nockerl oder Schwarzbeernocken? Eindeutig Schwarzbeernocken. Rindsroulade vom Pinzgauer Biorind oder Saibling fangfrisch aus dem Fuschlsee? Mhhhh. Da kann ich mich nicht entscheiden. Bergtour oder Seentour? Mich zieht es auf jeden Fall hinauf. Begeistert bin ich auch von tiefblauen Bergseen in denen sich die Umgebung spiegelt und von der Aussicht w\u00e4hrend des Weges auf einen der wundersch\u00f6nen Seen im Salzburger Land.\",\"url\":\"https:\\\/\\\/www.salzburgerland.com\\\/de\\\/magazin\\\/author\\\/christine-froeschl\\\/\"}]}<\/script>\n<!-- \/ Yoast SEO Premium plugin. -->","yoast_head_json":{"title":"Fr\u00fchlingserwachen - SalzburgerLand Magazin","description":"Prall gef\u00fcllt schaukeln im Fr\u00fchjahr die Bl\u00fcten der Haselnuss-Str\u00e4ucher im Wind. Blaue Leberbl\u00fcmchen und wei\u00dfe Schneerosen recken ihr K\u00f6pfchen der Sonne entgegen. Ameisen krabbeln aus ihrem Bau und Amseln tr\u00e4llern ihr Fr\u00fchlingslied. Ein Spaziergang in die Natur bl\u00e4st die Fr\u00fchlingsm\u00fcdigkeit fort.","robots":{"index":"index","follow":"follow","max-snippet":"max-snippet:-1","max-image-preview":"max-image-preview:large","max-video-preview":"max-video-preview:-1"},"canonical":"https:\/\/www.salzburgerland.com\/de\/magazin\/fruehlingserwachen-es-ruehrt-sich-was-in-wald-und-hecke\/","og_locale":"de_DE","og_type":"article","og_title":"Fr\u00fchlingserwachen","og_description":"Amseln und Stare tr\u00e4llern ihr Lied Entlang des Weges strecken Schneegl\u00f6ckchen und Krokusse ihre K\u00f6pfe aus dem feuchten Boden, und so manche Tiere, wie der Igel, erwachen aus ihrem Winterschlaf. Ameisen krabbeln aus ihrem Nest und w\u00e4rmen sich in der Sonne. Feuersalamander wandern zu ihren Laichpl\u00e4tzen. Bienen sammeln Pollen von den Haselstauden und erste Schmetterlinge [&hellip;]","og_url":"https:\/\/www.salzburgerland.com\/de\/magazin\/fruehlingserwachen-es-ruehrt-sich-was-in-wald-und-hecke\/","og_site_name":"SalzburgerLand Magazin","article_publisher":"https:\/\/www.facebook.com\/salzburgerland\/","article_published_time":"2018-03-15T09:15:02+00:00","article_modified_time":"2022-03-01T07:13:37+00:00","og_image":[{"width":557,"height":369,"url":"https:\/\/www.salzburgerland.com\/de\/magazin\/wp-content\/uploads\/2018\/03\/WaldundHecke_e.jpg","type":"image\/jpeg"}],"author":"Christine Fr\u00f6schl","twitter_card":"summary_large_image","twitter_creator":"@Salzburgerland","twitter_site":"@Salzburgerland","twitter_misc":{"Verfasst von":"Christine Fr\u00f6schl","Gesch\u00e4tzte Lesezeit":"5\u00a0Minuten"},"schema":{"@context":"https:\/\/schema.org","@graph":[{"@type":"Article","@id":"https:\/\/www.salzburgerland.com\/de\/magazin\/fruehlingserwachen-es-ruehrt-sich-was-in-wald-und-hecke\/#article","isPartOf":{"@id":"https:\/\/www.salzburgerland.com\/de\/magazin\/fruehlingserwachen-es-ruehrt-sich-was-in-wald-und-hecke\/"},"author":{"name":"Christine Fr\u00f6schl","@id":"https:\/\/www.salzburgerland.com\/de\/magazin\/#\/schema\/person\/7932db74f19d9640620859cb2b794c4e"},"headline":"Fr\u00fchlingserwachen","datePublished":"2018-03-15T09:15:02+00:00","dateModified":"2022-03-01T07:13:37+00:00","mainEntityOfPage":{"@id":"https:\/\/www.salzburgerland.com\/de\/magazin\/fruehlingserwachen-es-ruehrt-sich-was-in-wald-und-hecke\/"},"wordCount":595,"commentCount":0,"publisher":{"@id":"https:\/\/www.salzburgerland.com\/de\/magazin\/#organization"},"image":{"@id":"https:\/\/www.salzburgerland.com\/de\/magazin\/fruehlingserwachen-es-ruehrt-sich-was-in-wald-und-hecke\/#primaryimage"},"thumbnailUrl":"https:\/\/www.salzburgerland.com\/de\/magazin\/wp-content\/uploads\/2018\/03\/WaldundHecke_e.jpg","articleSection":["Gesundheit"],"inLanguage":"de","potentialAction":[{"@type":"CommentAction","name":"Comment","target":["https:\/\/www.salzburgerland.com\/de\/magazin\/fruehlingserwachen-es-ruehrt-sich-was-in-wald-und-hecke\/#respond"]}]},{"@type":"WebPage","@id":"https:\/\/www.salzburgerland.com\/de\/magazin\/fruehlingserwachen-es-ruehrt-sich-was-in-wald-und-hecke\/","url":"https:\/\/www.salzburgerland.com\/de\/magazin\/fruehlingserwachen-es-ruehrt-sich-was-in-wald-und-hecke\/","name":"Fr\u00fchlingserwachen - SalzburgerLand Magazin","isPartOf":{"@id":"https:\/\/www.salzburgerland.com\/de\/magazin\/#website"},"primaryImageOfPage":{"@id":"https:\/\/www.salzburgerland.com\/de\/magazin\/fruehlingserwachen-es-ruehrt-sich-was-in-wald-und-hecke\/#primaryimage"},"image":{"@id":"https:\/\/www.salzburgerland.com\/de\/magazin\/fruehlingserwachen-es-ruehrt-sich-was-in-wald-und-hecke\/#primaryimage"},"thumbnailUrl":"https:\/\/www.salzburgerland.com\/de\/magazin\/wp-content\/uploads\/2018\/03\/WaldundHecke_e.jpg","datePublished":"2018-03-15T09:15:02+00:00","dateModified":"2022-03-01T07:13:37+00:00","breadcrumb":{"@id":"https:\/\/www.salzburgerland.com\/de\/magazin\/fruehlingserwachen-es-ruehrt-sich-was-in-wald-und-hecke\/#breadcrumb"},"inLanguage":"de","potentialAction":[{"@type":"ReadAction","target":["https:\/\/www.salzburgerland.com\/de\/magazin\/fruehlingserwachen-es-ruehrt-sich-was-in-wald-und-hecke\/"]}]},{"@type":"ImageObject","inLanguage":"de","@id":"https:\/\/www.salzburgerland.com\/de\/magazin\/fruehlingserwachen-es-ruehrt-sich-was-in-wald-und-hecke\/#primaryimage","url":"https:\/\/www.salzburgerland.com\/de\/magazin\/wp-content\/uploads\/2018\/03\/WaldundHecke_e.jpg","contentUrl":"https:\/\/www.salzburgerland.com\/de\/magazin\/wp-content\/uploads\/2018\/03\/WaldundHecke_e.jpg","width":557,"height":369,"caption":"Schneegl\u00f6cken"},{"@type":"BreadcrumbList","@id":"https:\/\/www.salzburgerland.com\/de\/magazin\/fruehlingserwachen-es-ruehrt-sich-was-in-wald-und-hecke\/#breadcrumb","itemListElement":[{"@type":"ListItem","position":1,"name":"Startseite","item":"https:\/\/www.salzburgerland.com\/de\/magazin\/"},{"@type":"ListItem","position":2,"name":"Gesundheit","item":"https:\/\/www.salzburgerland.com\/de\/magazin\/thema\/gesundheit\/"},{"@type":"ListItem","position":3,"name":"Fr\u00fchlingserwachen"}]},{"@type":"WebSite","@id":"https:\/\/www.salzburgerland.com\/de\/magazin\/#website","url":"https:\/\/www.salzburgerland.com\/de\/magazin\/","name":"SalzburgerLand Magazin","description":"Geschichten und Interessantes aus dem SalzburgerLand","publisher":{"@id":"https:\/\/www.salzburgerland.com\/de\/magazin\/#organization"},"potentialAction":[{"@type":"SearchAction","target":{"@type":"EntryPoint","urlTemplate":"https:\/\/www.salzburgerland.com\/de\/magazin\/?s={search_term_string}"},"query-input":{"@type":"PropertyValueSpecification","valueRequired":true,"valueName":"search_term_string"}}],"inLanguage":"de"},{"@type":"Organization","@id":"https:\/\/www.salzburgerland.com\/de\/magazin\/#organization","name":"SalzburgerLand Tourismus","url":"https:\/\/www.salzburgerland.com\/de\/magazin\/","logo":{"@type":"ImageObject","inLanguage":"de","@id":"https:\/\/www.salzburgerland.com\/de\/magazin\/#\/schema\/logo\/image\/","url":"https:\/\/www.salzburgerland.com\/de\/magazin\/wp-content\/uploads\/2019\/06\/salzburgerland-logo1.jpg","contentUrl":"https:\/\/www.salzburgerland.com\/de\/magazin\/wp-content\/uploads\/2019\/06\/salzburgerland-logo1.jpg","width":2011,"height":866,"caption":"SalzburgerLand Tourismus"},"image":{"@id":"https:\/\/www.salzburgerland.com\/de\/magazin\/#\/schema\/logo\/image\/"},"sameAs":["https:\/\/www.facebook.com\/salzburgerland\/","https:\/\/x.com\/Salzburgerland","https:\/\/www.instagram.com\/salzburgerland\/","https:\/\/at.linkedin.com\/company\/salzburgerland-tourismus-gmbh","https:\/\/www.pinterest.at\/salzburgerland\/","https:\/\/www.youtube.com\/user\/salzburgerland","https:\/\/de.wikipedia.org\/wiki\/SalzburgerLand_Tourismus_GmbH"]},{"@type":"Person","@id":"https:\/\/www.salzburgerland.com\/de\/magazin\/#\/schema\/person\/7932db74f19d9640620859cb2b794c4e","name":"Christine Fr\u00f6schl","description":"Dein pers\u00f6nlicher Logenplatz im SalzburgerLand? Am liebsten gehe ich auf den Einberg im Salzburger Tennengau. Der Berg in der Osterhorn-Gruppe gl\u00e4nzt das ganze Jahr im Sonnenschein, auf dem Gipfel heben Paragleiter ab und die Aussicht auf das Tennengebirge, den Dachstein und die Bischofsm\u00fctze ist traumhaft. Dosige(r) oder Zuagroast? Zuagroast aus dem sch\u00f6nen Nieder\u00f6sterreich. Fr\u00fchling, Sommer, Herbst oder Winter? Alle Jahreszeiten begeistern mich. Momentan freue ich mich auf den Fr\u00fchling, das Zwitschern der V\u00f6gel und auf die sattgr\u00fcnen Wiesen. Salzburger Nockerl oder Schwarzbeernocken? Eindeutig Schwarzbeernocken. Rindsroulade vom Pinzgauer Biorind oder Saibling fangfrisch aus dem Fuschlsee? Mhhhh. Da kann ich mich nicht entscheiden. Bergtour oder Seentour? Mich zieht es auf jeden Fall hinauf. Begeistert bin ich auch von tiefblauen Bergseen in denen sich die Umgebung spiegelt und von der Aussicht w\u00e4hrend des Weges auf einen der wundersch\u00f6nen Seen im Salzburger Land.","url":"https:\/\/www.salzburgerland.com\/de\/magazin\/author\/christine-froeschl\/"}]}},"_wl_alt_label":[],"wl:entity_url":"http:\/\/open.salzburgerland.com\/magazin\/post\/fruehlingserwachen__es_ruehrt_sich_was_in_wald_und_hecke","_links":{"self":[{"href":"https:\/\/www.salzburgerland.com\/de\/magazin\/wp-json\/wp\/v2\/posts\/121662","targetHints":{"allow":["GET"]}}],"collection":[{"href":"https:\/\/www.salzburgerland.com\/de\/magazin\/wp-json\/wp\/v2\/posts"}],"about":[{"href":"https:\/\/www.salzburgerland.com\/de\/magazin\/wp-json\/wp\/v2\/types\/post"}],"author":[{"embeddable":true,"href":"https:\/\/www.salzburgerland.com\/de\/magazin\/wp-json\/wp\/v2\/users\/236"}],"replies":[{"embeddable":true,"href":"https:\/\/www.salzburgerland.com\/de\/magazin\/wp-json\/wp\/v2\/comments?post=121662"}],"version-history":[{"count":1,"href":"https:\/\/www.salzburgerland.com\/de\/magazin\/wp-json\/wp\/v2\/posts\/121662\/revisions"}],"predecessor-version":[{"id":161108,"href":"https:\/\/www.salzburgerland.com\/de\/magazin\/wp-json\/wp\/v2\/posts\/121662\/revisions\/161108"}],"wp:featuredmedia":[{"embeddable":true,"href":"https:\/\/www.salzburgerland.com\/de\/magazin\/wp-json\/wp\/v2\/media\/121673"}],"wp:attachment":[{"href":"https:\/\/www.salzburgerland.com\/de\/magazin\/wp-json\/wp\/v2\/media?parent=121662"}],"wp:term":[{"taxonomy":"category","embeddable":true,"href":"https:\/\/www.salzburgerland.com\/de\/magazin\/wp-json\/wp\/v2\/categories?post=121662"},{"taxonomy":"post_tag","embeddable":true,"href":"https:\/\/www.salzburgerland.com\/de\/magazin\/wp-json\/wp\/v2\/tags?post=121662"},{"taxonomy":"wl_entity_type","embeddable":true,"href":"https:\/\/www.salzburgerland.com\/de\/magazin\/wp-json\/wp\/v2\/wl_entity_type?post=121662"},{"taxonomy":"monatsauswahl","embeddable":true,"href":"https:\/\/www.salzburgerland.com\/de\/magazin\/wp-json\/wp\/v2\/monatsauswahl?post=121662"}],"curies":[{"name":"wp","href":"https:\/\/api.w.org\/{rel}","templated":true}]}}