{"id":121445,"date":"2021-07-01T08:00:00","date_gmt":"2021-07-01T06:00:00","guid":{"rendered":"https:\/\/www.salzburgerland.com\/de\/magazin\/?p=121445"},"modified":"2023-06-21T15:55:06","modified_gmt":"2023-06-21T13:55:06","slug":"24h-wander-trophy","status":"publish","type":"post","link":"https:\/\/www.salzburgerland.com\/de\/magazin\/24h-wander-trophy\/","title":{"rendered":"24h Wander-Trophy"},"content":{"rendered":"\n<h2 class=\"wp-block-slt-subtitle\">Lust auf Wandern in der Fuschlseeregion<\/h2>\n\n\n\n<p class=\"wp-block-slt-intro\">In der Fuschlseeregion fand bereits mehrmals die 24h Wander-Trophy statt. Das Wanderfestival, bei dem man mit Gleichgesinnten an seine Grenzen gehen konnte. Wem 24 Stunden zu heftig waren, der konnte auch an der 12h oder 6h Wanderung teilnehmen. Hier gibt&#8217;s alle Infos zur Trophy sowie die Highlights der Strecken.<\/p>\n\n\n\n<h2 class=\"wp-block-heading\" id=\"h-wanderfestival-tage-im-zeichen-des-wanderns\">Wanderfestival: Tage im Zeichen des Wanderns<\/h2>\n\n\n\n<p>Die 24h Wander-Trophy war ein Highlight des Wanderherbstes in der Fuschlseeregion. Durch das sch\u00f6ne Bewegungs-Programm konnte sich die Region am Fuschlsee f\u00fcr Tages- und Urlaubsg\u00e4ste sowie f\u00fcr die einheimische Bev\u00f6lkerung wieder einmal als Kompetenzzentrum rund um Wandern, Sport, Gesundheit und Outdoor pr\u00e4sentieren.<\/p>\n\n\n\n<figure class=\"wp-block-image size-full\"><img loading=\"lazy\" decoding=\"async\" width=\"1140\" height=\"640\" src=\"https:\/\/www.salzburgerland.com\/de\/magazin\/wp-content\/uploads\/2018\/03\/csm_Parchen_wandert_vor_Holzeck_c_Fuschlseeregion-Erber_c54e356686.jpg\" alt=\"Zwei Personen wandern auf einem grasbewachsenen Bergpfad w\u00e4hrend der 24h Trophy, mit einem Gipfel und blauem Himmel im Hintergrund.\" class=\"wp-image-121960\" srcset=\"https:\/\/www.salzburgerland.com\/de\/magazin\/wp-content\/uploads\/2018\/03\/csm_Parchen_wandert_vor_Holzeck_c_Fuschlseeregion-Erber_c54e356686.jpg 1140w, https:\/\/www.salzburgerland.com\/de\/magazin\/wp-content\/uploads\/2018\/03\/csm_Parchen_wandert_vor_Holzeck_c_Fuschlseeregion-Erber_c54e356686-300x168.jpg 300w, https:\/\/www.salzburgerland.com\/de\/magazin\/wp-content\/uploads\/2018\/03\/csm_Parchen_wandert_vor_Holzeck_c_Fuschlseeregion-Erber_c54e356686-980x550.jpg 980w, https:\/\/www.salzburgerland.com\/de\/magazin\/wp-content\/uploads\/2018\/03\/csm_Parchen_wandert_vor_Holzeck_c_Fuschlseeregion-Erber_c54e356686-713x400.jpg 713w, https:\/\/www.salzburgerland.com\/de\/magazin\/wp-content\/uploads\/2018\/03\/csm_Parchen_wandert_vor_Holzeck_c_Fuschlseeregion-Erber_c54e356686-250x140.jpg 250w, https:\/\/www.salzburgerland.com\/de\/magazin\/wp-content\/uploads\/2018\/03\/csm_Parchen_wandert_vor_Holzeck_c_Fuschlseeregion-Erber_c54e356686-1200x675.jpg 1200w\" sizes=\"auto, (max-width: 1140px) 100vw, 1140px\" \/><\/figure>\n\n\n\n<h2 class=\"wp-block-heading\" id=\"h-biolectra-24h-trophy\">Biolectra 24h Trophy<\/h2>\n\n\n\n<p>Bei der Biolectra 24h Trophy stand der Spa\u00df am Wandern, das Kennenlernen anderer Menschen und die eigenen Grenzen im Vordergrund. Es ging darum, dieses besondere Wandererlebnis mit all seinen Sinnen zu erleben. Und sollten die Beine gegen Ende mal schwer werden, trug einen der Teamgeist&nbsp;ins Ziel. Freunde des Langzeitwanderns konnten auf einer rundum organisierten 6 h, 12h oder 24h Panoramawanderung die Besonderheiten des alpinen Paradieses bei Tag und Nacht kennen und lieben lernen. <\/p>\n\n\n\n<p>Den Start- und Zielpunkt der drei Wanderungen bildete die Gemeinde Fuschl am See. Es gab jeweils 3 Varianten des Langzeit-Wander-Erlebnisses. Da war f\u00fcr jedes Level und jeden Geschmack das passende Wandererlebnis dabei. <\/p>\n\n\n\n<h3 class=\"wp-block-heading\" id=\"h-24h-trophy-2021\">24h Trophy 2021<\/h3>\n\n\n\n<p>Die <strong><em>24h Salzkammergut Wanderung &#8222;4 Berge 3 Seen&#8220; <\/em><\/strong>startete am Samstagabend in Fuschl am See. Highlights der 24h Trophy 2021 waren der <a href=\"https:\/\/www.salzburgerland.com\/de\/magazin\/nostalgischer-tagesausflug-ins-salzkammergut\/\">Schafberg <\/a>(1.782 m) und das Zw\u00f6lferhorn (1.521 m).<\/p>\n\n\n\n<h3 class=\"wp-block-heading\" id=\"h-12h-trophy-2021\">12h Trophy 2021<\/h3>\n\n\n\n<p>Die <strong>12h Salzkammergut Wanderung &#8222;4 Berge 3 Seen&#8220; &#8211; light<\/strong> startete am Sonntagmorgen in Fuschl am See. Der h\u00f6chste Punkt der Light-Variante lag am 1.521 m hohen Zw\u00f6lferhorn.<\/p>\n\n\n\n<h3 class=\"wp-block-heading\" id=\"h-6h-trophy-2021\">6h Trophy 2021<\/h3>\n\n\n\n<p>Die <strong>6h Fuschlsee Genusstour<\/strong> startete am Sonntag zu Mittag und f\u00fchrte \u00fcber den Startpunkt in Fuschl am See auf die Ruine Wartenfels (924 m) bevor sie dann den gesamten Fuschlsee umrundete. <\/p>\n\n\n\n<p>Ob mit der 6h Wanderung (ca. 16 km), der 12-st\u00fcndigen Variante (ca. 30 km) oder der 24h Trophy (ca. 54 km) &#8211; es war f\u00fcr jedes Level, jedes Alter und jeden Geschmack das passende Wandererlebnis dabei.<\/p>\n\n\n<div class=\"mag-gallery\"><div class=\"row\"><div class=\"col-6 col-sm-4\"><figure><a class=\"thumb-container\" href=\"https:\/\/www.salzburgerland.com\/de\/magazin\/wp-content\/uploads\/2018\/03\/csm_Paerchen_vor_Hutte_mit_Ausblick_c_Fuschlseeregion-Erber_cce61ea52a-1280x1024.jpg\">\t<picture><source media=\"(min-width: 576px)\" srcset=\"https:\/\/www.salzburgerland.com\/de\/magazin\/wp-content\/uploads\/2018\/03\/csm_Paerchen_vor_Hutte_mit_Ausblick_c_Fuschlseeregion-Erber_cce61ea52a-325x209.jpg 325w, https:\/\/www.salzburgerland.com\/de\/magazin\/wp-content\/uploads\/2018\/03\/csm_Paerchen_vor_Hutte_mit_Ausblick_c_Fuschlseeregion-Erber_cce61ea52a-249x160.jpg 249w\"><\/source><source media=\"(min-width: 0)\" srcset=\"https:\/\/www.salzburgerland.com\/de\/magazin\/wp-content\/uploads\/2018\/03\/csm_Paerchen_vor_Hutte_mit_Ausblick_c_Fuschlseeregion-Erber_cce61ea52a-249x160.jpg 249w, https:\/\/www.salzburgerland.com\/de\/magazin\/wp-content\/uploads\/2018\/03\/csm_Paerchen_vor_Hutte_mit_Ausblick_c_Fuschlseeregion-Erber_cce61ea52a-325x209.jpg 325w\"><\/source><img decoding=\"async\" alt=\"Ein Paar sitzt an einer rustikalen H&uuml;tte und tr&auml;umt von seiner n&auml;chsten 24-Stunden-Troph&auml;e in einem malerischen Bergtal.\" src=\"https:\/\/www.salzburgerland.com\/de\/magazin\/wp-content\/uploads\/2018\/03\/csm_Paerchen_vor_Hutte_mit_Ausblick_c_Fuschlseeregion-Erber_cce61ea52a.jpg\">\t<\/picture><figcaption>wunderbare Aussicht<\/figcaption><\/a><\/figure><\/div><div class=\"col-6 col-sm-4\"><figure><a class=\"thumb-container\" href=\"https:\/\/www.salzburgerland.com\/de\/magazin\/wp-content\/uploads\/2014\/05\/Blick-Fuschlsee-1280x1024.jpg\">\t<picture><source media=\"(min-width: 576px)\" srcset=\"https:\/\/www.salzburgerland.com\/de\/magazin\/wp-content\/uploads\/2014\/05\/Blick-Fuschlsee-325x209.jpg 325w, https:\/\/www.salzburgerland.com\/de\/magazin\/wp-content\/uploads\/2014\/05\/Blick-Fuschlsee-249x160.jpg 249w\"><\/source><source media=\"(min-width: 0)\" srcset=\"https:\/\/www.salzburgerland.com\/de\/magazin\/wp-content\/uploads\/2014\/05\/Blick-Fuschlsee-249x160.jpg 249w, https:\/\/www.salzburgerland.com\/de\/magazin\/wp-content\/uploads\/2014\/05\/Blick-Fuschlsee-325x209.jpg 325w\"><\/source><img decoding=\"async\" alt=\"Ein malerischer Blick auf einen blauen See, umgeben von gr&uuml;nen H&uuml;geln und B&auml;umen unter einem klaren Himmel.\" src=\"https:\/\/www.salzburgerland.com\/de\/magazin\/wp-content\/uploads\/2014\/05\/Blick-Fuschlsee.jpg\">\t<\/picture><figcaption>Der Fuschlsee in seiner ganzen Pracht&#8230;<\/figcaption><\/a><\/figure><\/div><div class=\"col-6 col-sm-4\"><figure><a class=\"thumb-container\" href=\"https:\/\/www.salzburgerland.com\/de\/magazin\/wp-content\/uploads\/2018\/03\/csm_Salzkammergut_Trail_Bild_vor_Zinken_auf_Genneralm_c_Fuschlseeregion-Erber_d371c9fae3-1280x1024.jpg\">\t<picture><source media=\"(min-width: 576px)\" srcset=\"https:\/\/www.salzburgerland.com\/de\/magazin\/wp-content\/uploads\/2018\/03\/csm_Salzkammergut_Trail_Bild_vor_Zinken_auf_Genneralm_c_Fuschlseeregion-Erber_d371c9fae3-325x209.jpg 325w, https:\/\/www.salzburgerland.com\/de\/magazin\/wp-content\/uploads\/2018\/03\/csm_Salzkammergut_Trail_Bild_vor_Zinken_auf_Genneralm_c_Fuschlseeregion-Erber_d371c9fae3-249x160.jpg 249w\"><\/source><source media=\"(min-width: 0)\" srcset=\"https:\/\/www.salzburgerland.com\/de\/magazin\/wp-content\/uploads\/2018\/03\/csm_Salzkammergut_Trail_Bild_vor_Zinken_auf_Genneralm_c_Fuschlseeregion-Erber_d371c9fae3-249x160.jpg 249w, https:\/\/www.salzburgerland.com\/de\/magazin\/wp-content\/uploads\/2018\/03\/csm_Salzkammergut_Trail_Bild_vor_Zinken_auf_Genneralm_c_Fuschlseeregion-Erber_d371c9fae3-325x209.jpg 325w\"><\/source><img decoding=\"async\" alt=\"Zwei Wanderer passieren w&auml;hrend der 24-Stunden-Trophy in einer gr&uuml;nen Berglandschaft ein gelbes Wanderschild an einer rustikalen H&uuml;tte.\" src=\"https:\/\/www.salzburgerland.com\/de\/magazin\/wp-content\/uploads\/2018\/03\/csm_Salzkammergut_Trail_Bild_vor_Zinken_auf_Genneralm_c_Fuschlseeregion-Erber_d371c9fae3.jpg\">\t<\/picture><figcaption>unz&auml;hlige Wanderwege<\/figcaption><\/a><\/figure><\/div><\/div><figcaption><\/figcaption><\/div>\n\n\n\n<h2 class=\"wp-block-heading\" id=\"h-ablauf-versorgung\">Ablauf &amp; Versorgung<\/h2>\n\n\n\n<p>Die Mission &#8222;Langzeitwanderung&#8220; begann f\u00fcr die Wander-Trophy Teilnehmer zu drei unterschiedlichen Start-Terminen. Auf den ca. 16 bis 54 Kilometer langen Wanderstrecken wurde den Teilnehmern einiges abverlangt. <\/p>\n\n\n\n<p>Um diese Herausforderung zu meistern, bot der Veranstalter ein Rundum-Sorglos-Paket an: Zum einen begleiteten ortskundige Guides die Naturliebhaber \u00fcber die ganze Tour hinweg, zum anderen standen an ausgew\u00e4hlten Punkten Notfall-Shuttles bereit, um ersch\u00f6pfte Wanderer zur\u00fcck zum Ausgangspunkt zu transportieren. Getr\u00e4nke und Verpflegung waren genauso inkludiert, wie Teilnehmergeschenk und Finisher-Urkunde. Ebenso belohnten die kulturellen und landschaftlichen Highlights auf und abseits der Pfade die Teilnehmer f\u00fcr ihre M\u00fchen. Der besondere Reiz lag f\u00fcr viele aber auch darin, die vorgegebene Distanz in einer bestimmten Zeit zu bewandern. Seit nun schon \u00fcber zehn Jahren ist die \u201eBiolectra 24h Trophy\u201c Kult. \u201eSpeziell das gemeinsame \u00fcber Grenzen gehen und die famili\u00e4re Atmosph\u00e4re bei unseren Events, heben sich von anderen Veranstaltungen ab\u201c, erkl\u00e4rte Veranstalter Toni Grassl.&nbsp;<\/p>\n\n\n<div class=\"mag-gallery\"><div class=\"row\"><div class=\"col-6 col-sm-4\"><figure><a class=\"thumb-container\" href=\"https:\/\/www.salzburgerland.com\/de\/magazin\/wp-content\/uploads\/2019\/04\/Biolectra_24h_Trophy_Fuschlseeregion_Start_c_Philipp_Reiter-1280x1024.jpg\">\t<picture><source media=\"(min-width: 576px)\" srcset=\"https:\/\/www.salzburgerland.com\/de\/magazin\/wp-content\/uploads\/2019\/04\/Biolectra_24h_Trophy_Fuschlseeregion_Start_c_Philipp_Reiter-325x209.jpg 325w, https:\/\/www.salzburgerland.com\/de\/magazin\/wp-content\/uploads\/2019\/04\/Biolectra_24h_Trophy_Fuschlseeregion_Start_c_Philipp_Reiter-249x160.jpg 249w\"><\/source><source media=\"(min-width: 0)\" srcset=\"https:\/\/www.salzburgerland.com\/de\/magazin\/wp-content\/uploads\/2019\/04\/Biolectra_24h_Trophy_Fuschlseeregion_Start_c_Philipp_Reiter-249x160.jpg 249w, https:\/\/www.salzburgerland.com\/de\/magazin\/wp-content\/uploads\/2019\/04\/Biolectra_24h_Trophy_Fuschlseeregion_Start_c_Philipp_Reiter-325x209.jpg 325w\"><\/source><img decoding=\"async\" alt=\"Eine Gruppe in Sportkleidung l&auml;uft unter einem Startbogen bei der 24h-Trophy-Veranstaltung im Freien.\" src=\"https:\/\/www.salzburgerland.com\/de\/magazin\/wp-content\/uploads\/2019\/04\/Biolectra_24h_Trophy_Fuschlseeregion_Start_c_Philipp_Reiter.jpg\">\t<\/picture><figcaption>Start der Biolectra 24h Trophy<\/figcaption><\/a><\/figure><\/div><div class=\"col-6 col-sm-4\"><figure><a class=\"thumb-container\" href=\"https:\/\/www.salzburgerland.com\/de\/magazin\/wp-content\/uploads\/2019\/04\/Biolectra_24h_Trophy_Fuschlseeregion_Ausblick_c_Philipp_Reiter-1280x1024.jpg\">\t<picture><source media=\"(min-width: 576px)\" srcset=\"https:\/\/www.salzburgerland.com\/de\/magazin\/wp-content\/uploads\/2019\/04\/Biolectra_24h_Trophy_Fuschlseeregion_Ausblick_c_Philipp_Reiter-325x209.jpg 325w, https:\/\/www.salzburgerland.com\/de\/magazin\/wp-content\/uploads\/2019\/04\/Biolectra_24h_Trophy_Fuschlseeregion_Ausblick_c_Philipp_Reiter-249x160.jpg 249w\"><\/source><source media=\"(min-width: 0)\" srcset=\"https:\/\/www.salzburgerland.com\/de\/magazin\/wp-content\/uploads\/2019\/04\/Biolectra_24h_Trophy_Fuschlseeregion_Ausblick_c_Philipp_Reiter-249x160.jpg 249w, https:\/\/www.salzburgerland.com\/de\/magazin\/wp-content\/uploads\/2019\/04\/Biolectra_24h_Trophy_Fuschlseeregion_Ausblick_c_Philipp_Reiter-325x209.jpg 325w\"><\/source><img decoding=\"async\" alt=\"Eine Gruppe von 24h-Trophy-Wanderern mit Rucks&auml;cken und St&ouml;cken wandert auf einem bewaldeten Bergpfad unter bew&ouml;lktem Himmel.\" src=\"https:\/\/www.salzburgerland.com\/de\/magazin\/wp-content\/uploads\/2019\/04\/Biolectra_24h_Trophy_Fuschlseeregion_Ausblick_c_Philipp_Reiter.jpg\">\t<\/picture><figcaption>Wandern im Team<\/figcaption><\/a><\/figure><\/div><div class=\"col-6 col-sm-4\"><figure><a class=\"thumb-container\" href=\"https:\/\/www.salzburgerland.com\/de\/magazin\/wp-content\/uploads\/2019\/04\/Biolectra_24h_Trophy_Fuschlseeregion_Wanderer_c_Philipp_Reiter-1280x1024.jpg\">\t<picture><source media=\"(min-width: 576px)\" srcset=\"https:\/\/www.salzburgerland.com\/de\/magazin\/wp-content\/uploads\/2019\/04\/Biolectra_24h_Trophy_Fuschlseeregion_Wanderer_c_Philipp_Reiter-325x209.jpg 325w, https:\/\/www.salzburgerland.com\/de\/magazin\/wp-content\/uploads\/2019\/04\/Biolectra_24h_Trophy_Fuschlseeregion_Wanderer_c_Philipp_Reiter-249x160.jpg 249w\"><\/source><source media=\"(min-width: 0)\" srcset=\"https:\/\/www.salzburgerland.com\/de\/magazin\/wp-content\/uploads\/2019\/04\/Biolectra_24h_Trophy_Fuschlseeregion_Wanderer_c_Philipp_Reiter-249x160.jpg 249w, https:\/\/www.salzburgerland.com\/de\/magazin\/wp-content\/uploads\/2019\/04\/Biolectra_24h_Trophy_Fuschlseeregion_Wanderer_c_Philipp_Reiter-325x209.jpg 325w\"><\/source><img decoding=\"async\" alt=\"Zwei M&auml;nner, die w&auml;hrend der 24h Trophy auf einem Waldweg bergauf wandern, l&auml;chelnd und mit Trekkingst&ouml;cken.\" src=\"https:\/\/www.salzburgerland.com\/de\/magazin\/wp-content\/uploads\/2019\/04\/Biolectra_24h_Trophy_Fuschlseeregion_Wanderer_c_Philipp_Reiter.jpg\">\t<\/picture><figcaption>Wandern im Wald<\/figcaption><\/a><\/figure><\/div><\/div><figcaption><\/figcaption><\/div>\n\n\n\n<h2 class=\"wp-block-heading\" id=\"h-wanderregion-fuschlsee\">Wanderregion Fuschlsee<\/h2>\n\n\n\n<p>Du m\u00f6chtest auf den Spuren der 24h Trophy in der Fuschlseeregion wandern? Tipp: Unabh\u00e4ngig von der Veranstaltung, kann man die Strecken der 24h Wander-Trophy auch im Rahmen einer Mehrtageswanderung auf vier Etappen absolvieren. <a href=\"http:\/\/www.4berge3seen.at\" target=\"_blank\" rel=\"noreferrer noopener\">www.4berge3seen.at<\/a><\/p>\n\n\n\n<p>Alle Informationen und viele weitere sch\u00f6ne Wanderideen gibt&#8217;s <a href=\"https:\/\/fuschlsee.salzkammergut.at\/urlaub-am-see-salzburg-sommer\/wandern-almen\/wanderwege-in-der-fuschlseeregion.html#cat=Wandern-main,Wanderung,Themenweg&amp;filter=r-fullyTranslatedLangus-,r-onlyOpened-,sb-sortedBy-0\" target=\"_blank\" rel=\"noreferrer noopener\">hier zum Nachlesen<\/a>. Die Fuschlseeregion eignet sich \u00fcbrigens auch perfekt als Destination f\u00fcr einen <a href=\"https:\/\/fuschlsee.salzkammergut.at\/wanderurlaub.html\" target=\"_blank\" rel=\"noreferrer noopener\">Wanderurlaub im Salzburgerland<\/a> f\u00fcr die ganze Familie.<\/p>\n\n\n\n<p><\/p>\n\n\n\n<ul class=\"wp-block-list\">\n<li><\/li>\n<\/ul>\n\n\n\n\n\n<h2 class=\"wp-block-heading\" id=\"h-24h-im-biospharenpark-salzburger-lungau\">24h im Biosph\u00e4renpark Salzburger Lungau&nbsp;<\/h2>\n\n\n\n<p>Im August k\u00f6nnen sich Wanderbegeisterte im Salzburger Lungau auf einen langen Wanderweg machen. Die sonnenreichste Region \u00d6sterreichs,&nbsp;St. Michael im Biosph\u00e4renpark Salzburger Lungau,&nbsp;pr\u00e4sentiert sich Langzeitwanderfans von 25.-26. August 2023 von ihrer sch\u00f6nsten Seite.<br><strong>Info und Anmeldung unter <a href=\"https:\/\/24h-trophy.de\/st-michael-im-lungau-raufkommen-um-runterzukommen\/\" target=\"_blank\" rel=\"noreferrer noopener\">24h-trophy.de<\/a>.<\/strong><\/p>\n","protected":false},"excerpt":{"rendered":"<p>Wanderfestival: Tage im Zeichen des Wanderns Die 24h Wander-Trophy war ein Highlight des Wanderherbstes in der Fuschlseeregion. Durch das sch\u00f6ne Bewegungs-Programm konnte sich die Region am Fuschlsee f\u00fcr Tages- und Urlaubsg\u00e4ste sowie f\u00fcr die einheimische Bev\u00f6lkerung wieder einmal als Kompetenzzentrum rund um Wandern, Sport, Gesundheit und Outdoor pr\u00e4sentieren. Biolectra 24h Trophy Bei der Biolectra 24h [&hellip;]<\/p>\n","protected":false},"author":565,"featured_media":121959,"comment_status":"open","ping_status":"open","sticky":false,"template":"","format":"standard","meta":{"_acf_changed":false,"wl_entities_gutenberg":"","_wl_entity_redirect_enabled":"","footnotes":""},"categories":[7551],"tags":[],"wl_entity_type":[306],"monatsauswahl":[86,87,88,89,90,91],"class_list":["post-121445","post","type-post","status-publish","format-standard","has-post-thumbnail","hentry","category-archiv","wl_entity_type-article","monatsauswahl-monat_5","monatsauswahl-monat_6","monatsauswahl-monat_7","monatsauswahl-monat_8","monatsauswahl-monat_9","monatsauswahl-monat_10"],"acf":[],"yoast_head":"<!-- This site is optimized with the Yoast SEO Premium plugin v27.4 (Yoast SEO v27.4) - https:\/\/yoast.com\/product\/yoast-seo-premium-wordpress\/ -->\n<title>24h Trophy: Wandern in der Fuschlseeregion<\/title>\n<meta name=\"description\" content=\"R\u00fcckblick auf das Wanderfestival in der Fuschlseeregion. Hier gibt&#039;s noch weitere sch\u00f6ne Ideen zum Wandern zwischen Bergen und Seen.\" \/>\n<meta name=\"robots\" content=\"noindex, nofollow\" \/>\n<meta property=\"og:locale\" content=\"de_DE\" \/>\n<meta property=\"og:type\" content=\"article\" \/>\n<meta property=\"og:title\" content=\"24h Wander-Trophy\" \/>\n<meta property=\"og:description\" content=\"R\u00fcckblick auf das Wanderfestival in der Fuschlseeregion. Hier gibt&#039;s noch weitere sch\u00f6ne Ideen zum Wandern zwischen Bergen und Seen.\" \/>\n<meta property=\"og:url\" content=\"https:\/\/www.salzburgerland.com\/de\/magazin\/24h-wander-trophy\/\" \/>\n<meta property=\"og:site_name\" content=\"SalzburgerLand Magazin\" \/>\n<meta property=\"article:publisher\" content=\"https:\/\/www.facebook.com\/salzburgerland\/\" \/>\n<meta property=\"article:author\" content=\"https:\/\/www.facebook.com\/urlaubsgeschichten\/\" \/>\n<meta property=\"article:published_time\" content=\"2021-07-01T06:00:00+00:00\" \/>\n<meta property=\"article:modified_time\" content=\"2023-06-21T13:55:06+00:00\" \/>\n<meta property=\"og:image\" content=\"https:\/\/www.salzburgerland.com\/de\/magazin\/wp-content\/uploads\/2018\/03\/csm_Parchen_wandert_vor_Genner_c_Fuschlseeregion-Erber_4a5fdef057.jpg\" \/>\n\t<meta property=\"og:image:width\" content=\"1140\" \/>\n\t<meta property=\"og:image:height\" content=\"640\" \/>\n\t<meta property=\"og:image:type\" content=\"image\/jpeg\" \/>\n<meta name=\"author\" content=\"Melanie Deisl\" \/>\n<meta name=\"twitter:card\" content=\"summary_large_image\" \/>\n<meta name=\"twitter:creator\" content=\"@Salzburgerland\" \/>\n<meta name=\"twitter:site\" content=\"@Salzburgerland\" \/>\n<meta name=\"twitter:label1\" content=\"Verfasst von\" \/>\n\t<meta name=\"twitter:data1\" content=\"Melanie Deisl\" \/>\n\t<meta name=\"twitter:label2\" content=\"Gesch\u00e4tzte Lesezeit\" \/>\n\t<meta name=\"twitter:data2\" content=\"5\u00a0Minuten\" \/>\n<script type=\"application\/ld+json\" class=\"yoast-schema-graph\">{\"@context\":\"https:\\\/\\\/schema.org\",\"@graph\":[{\"@type\":\"Article\",\"@id\":\"https:\\\/\\\/www.salzburgerland.com\\\/de\\\/magazin\\\/24h-wander-trophy\\\/#article\",\"isPartOf\":{\"@id\":\"https:\\\/\\\/www.salzburgerland.com\\\/de\\\/magazin\\\/24h-wander-trophy\\\/\"},\"author\":{\"name\":\"Melanie Deisl\",\"@id\":\"https:\\\/\\\/www.salzburgerland.com\\\/de\\\/magazin\\\/#\\\/schema\\\/person\\\/3d66364225257aad8b700259f8d80a69\"},\"headline\":\"24h Wander-Trophy\",\"datePublished\":\"2021-07-01T06:00:00+00:00\",\"dateModified\":\"2023-06-21T13:55:06+00:00\",\"mainEntityOfPage\":{\"@id\":\"https:\\\/\\\/www.salzburgerland.com\\\/de\\\/magazin\\\/24h-wander-trophy\\\/\"},\"wordCount\":651,\"commentCount\":0,\"publisher\":{\"@id\":\"https:\\\/\\\/www.salzburgerland.com\\\/de\\\/magazin\\\/#organization\"},\"image\":{\"@id\":\"https:\\\/\\\/www.salzburgerland.com\\\/de\\\/magazin\\\/24h-wander-trophy\\\/#primaryimage\"},\"thumbnailUrl\":\"https:\\\/\\\/www.salzburgerland.com\\\/de\\\/magazin\\\/wp-content\\\/uploads\\\/2018\\\/03\\\/csm_Parchen_wandert_vor_Genner_c_Fuschlseeregion-Erber_4a5fdef057.jpg\",\"articleSection\":[\"Archiv\"],\"inLanguage\":\"de\",\"potentialAction\":[{\"@type\":\"CommentAction\",\"name\":\"Comment\",\"target\":[\"https:\\\/\\\/www.salzburgerland.com\\\/de\\\/magazin\\\/24h-wander-trophy\\\/#respond\"]}]},{\"@type\":\"WebPage\",\"@id\":\"https:\\\/\\\/www.salzburgerland.com\\\/de\\\/magazin\\\/24h-wander-trophy\\\/\",\"url\":\"https:\\\/\\\/www.salzburgerland.com\\\/de\\\/magazin\\\/24h-wander-trophy\\\/\",\"name\":\"24h Trophy: Wandern in der Fuschlseeregion\",\"isPartOf\":{\"@id\":\"https:\\\/\\\/www.salzburgerland.com\\\/de\\\/magazin\\\/#website\"},\"primaryImageOfPage\":{\"@id\":\"https:\\\/\\\/www.salzburgerland.com\\\/de\\\/magazin\\\/24h-wander-trophy\\\/#primaryimage\"},\"image\":{\"@id\":\"https:\\\/\\\/www.salzburgerland.com\\\/de\\\/magazin\\\/24h-wander-trophy\\\/#primaryimage\"},\"thumbnailUrl\":\"https:\\\/\\\/www.salzburgerland.com\\\/de\\\/magazin\\\/wp-content\\\/uploads\\\/2018\\\/03\\\/csm_Parchen_wandert_vor_Genner_c_Fuschlseeregion-Erber_4a5fdef057.jpg\",\"datePublished\":\"2021-07-01T06:00:00+00:00\",\"dateModified\":\"2023-06-21T13:55:06+00:00\",\"description\":\"R\u00fcckblick auf das Wanderfestival in der Fuschlseeregion. Hier gibt's noch weitere sch\u00f6ne Ideen zum Wandern zwischen Bergen und Seen.\",\"breadcrumb\":{\"@id\":\"https:\\\/\\\/www.salzburgerland.com\\\/de\\\/magazin\\\/24h-wander-trophy\\\/#breadcrumb\"},\"inLanguage\":\"de\",\"potentialAction\":[{\"@type\":\"ReadAction\",\"target\":[\"https:\\\/\\\/www.salzburgerland.com\\\/de\\\/magazin\\\/24h-wander-trophy\\\/\"]}]},{\"@type\":\"ImageObject\",\"inLanguage\":\"de\",\"@id\":\"https:\\\/\\\/www.salzburgerland.com\\\/de\\\/magazin\\\/24h-wander-trophy\\\/#primaryimage\",\"url\":\"https:\\\/\\\/www.salzburgerland.com\\\/de\\\/magazin\\\/wp-content\\\/uploads\\\/2018\\\/03\\\/csm_Parchen_wandert_vor_Genner_c_Fuschlseeregion-Erber_4a5fdef057.jpg\",\"contentUrl\":\"https:\\\/\\\/www.salzburgerland.com\\\/de\\\/magazin\\\/wp-content\\\/uploads\\\/2018\\\/03\\\/csm_Parchen_wandert_vor_Genner_c_Fuschlseeregion-Erber_4a5fdef057.jpg\",\"width\":1140,\"height\":640,\"caption\":\"Wandern in der Fuschlseeregion\"},{\"@type\":\"BreadcrumbList\",\"@id\":\"https:\\\/\\\/www.salzburgerland.com\\\/de\\\/magazin\\\/24h-wander-trophy\\\/#breadcrumb\",\"itemListElement\":[{\"@type\":\"ListItem\",\"position\":1,\"name\":\"Startseite\",\"item\":\"https:\\\/\\\/www.salzburgerland.com\\\/de\\\/magazin\\\/\"},{\"@type\":\"ListItem\",\"position\":2,\"name\":\"Archiv\",\"item\":\"https:\\\/\\\/www.salzburgerland.com\\\/de\\\/magazin\\\/thema\\\/archiv\\\/\"},{\"@type\":\"ListItem\",\"position\":3,\"name\":\"24h Wander-Trophy\"}]},{\"@type\":\"WebSite\",\"@id\":\"https:\\\/\\\/www.salzburgerland.com\\\/de\\\/magazin\\\/#website\",\"url\":\"https:\\\/\\\/www.salzburgerland.com\\\/de\\\/magazin\\\/\",\"name\":\"SalzburgerLand Magazin\",\"description\":\"Geschichten und Interessantes aus dem SalzburgerLand\",\"publisher\":{\"@id\":\"https:\\\/\\\/www.salzburgerland.com\\\/de\\\/magazin\\\/#organization\"},\"potentialAction\":[{\"@type\":\"SearchAction\",\"target\":{\"@type\":\"EntryPoint\",\"urlTemplate\":\"https:\\\/\\\/www.salzburgerland.com\\\/de\\\/magazin\\\/?s={search_term_string}\"},\"query-input\":{\"@type\":\"PropertyValueSpecification\",\"valueRequired\":true,\"valueName\":\"search_term_string\"}}],\"inLanguage\":\"de\"},{\"@type\":\"Organization\",\"@id\":\"https:\\\/\\\/www.salzburgerland.com\\\/de\\\/magazin\\\/#organization\",\"name\":\"SalzburgerLand Tourismus\",\"url\":\"https:\\\/\\\/www.salzburgerland.com\\\/de\\\/magazin\\\/\",\"logo\":{\"@type\":\"ImageObject\",\"inLanguage\":\"de\",\"@id\":\"https:\\\/\\\/www.salzburgerland.com\\\/de\\\/magazin\\\/#\\\/schema\\\/logo\\\/image\\\/\",\"url\":\"https:\\\/\\\/www.salzburgerland.com\\\/de\\\/magazin\\\/wp-content\\\/uploads\\\/2019\\\/06\\\/salzburgerland-logo1.jpg\",\"contentUrl\":\"https:\\\/\\\/www.salzburgerland.com\\\/de\\\/magazin\\\/wp-content\\\/uploads\\\/2019\\\/06\\\/salzburgerland-logo1.jpg\",\"width\":2011,\"height\":866,\"caption\":\"SalzburgerLand Tourismus\"},\"image\":{\"@id\":\"https:\\\/\\\/www.salzburgerland.com\\\/de\\\/magazin\\\/#\\\/schema\\\/logo\\\/image\\\/\"},\"sameAs\":[\"https:\\\/\\\/www.facebook.com\\\/salzburgerland\\\/\",\"https:\\\/\\\/x.com\\\/Salzburgerland\",\"https:\\\/\\\/www.instagram.com\\\/salzburgerland\\\/\",\"https:\\\/\\\/at.linkedin.com\\\/company\\\/salzburgerland-tourismus-gmbh\",\"https:\\\/\\\/www.pinterest.at\\\/salzburgerland\\\/\",\"https:\\\/\\\/www.youtube.com\\\/user\\\/salzburgerland\",\"https:\\\/\\\/de.wikipedia.org\\\/wiki\\\/SalzburgerLand_Tourismus_GmbH\"]},{\"@type\":\"Person\",\"@id\":\"https:\\\/\\\/www.salzburgerland.com\\\/de\\\/magazin\\\/#\\\/schema\\\/person\\\/3d66364225257aad8b700259f8d80a69\",\"name\":\"Melanie Deisl\",\"description\":\"Ihre Liebe zum Reisen teilt Melanie genauso gerne, wie ihre Liebe zum SalzburgerLand. Die geb\u00fcrtige Faistenauerin ist in Koppl aufgewachsen und in der Fuschlseeregion zuhause. Und die kennt sie auch wie ihre Westentasche. Ihre erste, noch sehr analoge, Tourismuserfahrung konnte sie bereits w\u00e4hrend der Schulzeit beim SalzburgerLand Tourismus (SLTG) und sp\u00e4ter beim TVB Fuschl am See sammeln. Beruflich ist sie seit ihrem Studium der Kommunikationswissenschaften im Bereich SEO, Text &amp; Content Marketing zuhause. Was dazu f\u00fchrte, dass sie sich ans Reisebloggen wagte. Schnell wurde aus reinem Interesse, pure Passion. Dem Ausflug in ferne L\u00e4nder folgte eine Revision der Qualit\u00e4ten der eigenen Heimat als Urlaubsziel. Und diese fiel mehr als positiv aus. Die Liebe zu Ihrer Heimat ist ihr in die Wiege gelegt, und wie sie sagt, wird diese auch immer st\u00e4rker. Na, sie muss es ja wissen. Immerhin bietet sie auf \\\"urlaubsgeschichten.at\\\" Inspiration f\u00fcr Reisen in ferne L\u00e4nder und gibt Insidertipps f\u00fcr \u00d6sterreich-Liebhaber. Ihr ist es ein pers\u00f6nliches Anliegen zu zeigen, dass man auch auf kurzen Reisen einzigartige Erfahrungen sammeln kann. Da z\u00e4hlt das SalzburgerLand nat\u00fcrlich zu ihren TOP-Favoriten. Ihre Reisen verbindet Sie selbst am liebsten mit Wandern, Skifahren und Genuss. Vor allem regionale Produkte aus der Heimat haben es der bodenst\u00e4ndigen Salzburgerin angetan.\u00a0In der Freizeit zieht es Melanie, wie soll es anders sein, hinaus. Mal auf den Berg, mal an den See, mal in die Stadt Salzburg. Aber nie ohne Kamera und Notizbuch. Es k\u00f6nnte ja eine gute Urlaubsgeschichte dabei sein ... Mein pers\u00f6nlicher Logenplatz im SalzburgerLand Eine Runde um den Hintersee. Das geht immer und macht den Kopf frei. Bei einer Runde um den See kann ich mich gut entspannen. Aber ich drehe auch gerne mal eine gem\u00fctliche \\\"Tratschrunde\\\" mit einer Freundin um den sch\u00f6nen See. Salzburger Nockerl oder Schwarzbeernocken? Die Wahl f\u00e4llt mir sehr leicht. Ich liebe \\\"Zeckbeerdatscherln\\\", wie man bei uns zu den Schwarzbeernocken sagt. Nat\u00fcrlich mit selbstgepfl\u00fcckten Schwarzbeeren zubereitet und sch\u00f6n dunkelblau. Mozart oder Hubert von Goisern? Beides. Ich mag Musik in fast jeder Form. Ich spiele selbst Gitarre und singe sehr gerne - das f\u00e4llt mir bei Hubert von Goisern, Austropop und Rockmusik leichter ;-) aber ich hab auch f\u00fcr Mozart und klassische Musik was \u00fcbrig. Ich bin musikalisch \u00fcberhaupt sehr aufgeschlossen und vor allem immer interessiert Neues zu entdecken. Musik, die mir gef\u00e4llt eben. Luxushotel oder Almh\u00fctte? Mal dies mal das. Zu einem Wellness-Wochenende im Luxushotel braucht man mich nicht lange \u00fcberreden, das versteht sich von selbst. Zu einem Urlaub auf der Alm aber auch nicht. Ich wei\u00df jedoch, dass man das hervorragend miteinander verbinden kann. Die Antwort lautet also: beides! Ausstellung oder Bergpanorama? Ich muss gestehen, ich bin eher erlebnisorientiert, deshalb entscheide ich mich immer f\u00fcr das Bergpanorama. Morgen- oder Abendmensch? Ich war schon immer ein Fr\u00fchaufsteher und bin schon vor dem ersten Kaffee hellwach, diskussionsfreudig und sehr produktiv. Ich erlebe aber in meiner Tageskurve das typische Nachmittagstief, daher w\u00e4re ich voll f\u00fcr die Einf\u00fchrung der \\\"Siesta\\\". Daf\u00fcr bin ich in aber in den Abendstunden auch wieder hellwach und voller Energie.\",\"sameAs\":[\"https:\\\/\\\/urlaubsgeschichten.at\",\"https:\\\/\\\/www.facebook.com\\\/urlaubsgeschichten\\\/\",\"https:\\\/\\\/www.instagram.com\\\/urlaubsgeschichten\\\/\",\"https:\\\/\\\/www.linkedin.com\\\/in\\\/urlaubsgeschichten\\\/\",\"https:\\\/\\\/www.pinterest.at\\\/mytravelstories\\\/\"],\"url\":\"https:\\\/\\\/www.salzburgerland.com\\\/de\\\/magazin\\\/author\\\/melanie_deisl\\\/\"}]}<\/script>\n<!-- \/ Yoast SEO Premium plugin. -->","yoast_head_json":{"title":"24h Trophy: Wandern in der Fuschlseeregion","description":"R\u00fcckblick auf das Wanderfestival in der Fuschlseeregion. Hier gibt's noch weitere sch\u00f6ne Ideen zum Wandern zwischen Bergen und Seen.","robots":{"index":"noindex","follow":"nofollow"},"og_locale":"de_DE","og_type":"article","og_title":"24h Wander-Trophy","og_description":"R\u00fcckblick auf das Wanderfestival in der Fuschlseeregion. Hier gibt's noch weitere sch\u00f6ne Ideen zum Wandern zwischen Bergen und Seen.","og_url":"https:\/\/www.salzburgerland.com\/de\/magazin\/24h-wander-trophy\/","og_site_name":"SalzburgerLand Magazin","article_publisher":"https:\/\/www.facebook.com\/salzburgerland\/","article_author":"https:\/\/www.facebook.com\/urlaubsgeschichten\/","article_published_time":"2021-07-01T06:00:00+00:00","article_modified_time":"2023-06-21T13:55:06+00:00","og_image":[{"width":1140,"height":640,"url":"https:\/\/www.salzburgerland.com\/de\/magazin\/wp-content\/uploads\/2018\/03\/csm_Parchen_wandert_vor_Genner_c_Fuschlseeregion-Erber_4a5fdef057.jpg","type":"image\/jpeg"}],"author":"Melanie Deisl","twitter_card":"summary_large_image","twitter_creator":"@Salzburgerland","twitter_site":"@Salzburgerland","twitter_misc":{"Verfasst von":"Melanie Deisl","Gesch\u00e4tzte Lesezeit":"5\u00a0Minuten"},"schema":{"@context":"https:\/\/schema.org","@graph":[{"@type":"Article","@id":"https:\/\/www.salzburgerland.com\/de\/magazin\/24h-wander-trophy\/#article","isPartOf":{"@id":"https:\/\/www.salzburgerland.com\/de\/magazin\/24h-wander-trophy\/"},"author":{"name":"Melanie Deisl","@id":"https:\/\/www.salzburgerland.com\/de\/magazin\/#\/schema\/person\/3d66364225257aad8b700259f8d80a69"},"headline":"24h Wander-Trophy","datePublished":"2021-07-01T06:00:00+00:00","dateModified":"2023-06-21T13:55:06+00:00","mainEntityOfPage":{"@id":"https:\/\/www.salzburgerland.com\/de\/magazin\/24h-wander-trophy\/"},"wordCount":651,"commentCount":0,"publisher":{"@id":"https:\/\/www.salzburgerland.com\/de\/magazin\/#organization"},"image":{"@id":"https:\/\/www.salzburgerland.com\/de\/magazin\/24h-wander-trophy\/#primaryimage"},"thumbnailUrl":"https:\/\/www.salzburgerland.com\/de\/magazin\/wp-content\/uploads\/2018\/03\/csm_Parchen_wandert_vor_Genner_c_Fuschlseeregion-Erber_4a5fdef057.jpg","articleSection":["Archiv"],"inLanguage":"de","potentialAction":[{"@type":"CommentAction","name":"Comment","target":["https:\/\/www.salzburgerland.com\/de\/magazin\/24h-wander-trophy\/#respond"]}]},{"@type":"WebPage","@id":"https:\/\/www.salzburgerland.com\/de\/magazin\/24h-wander-trophy\/","url":"https:\/\/www.salzburgerland.com\/de\/magazin\/24h-wander-trophy\/","name":"24h Trophy: Wandern in der Fuschlseeregion","isPartOf":{"@id":"https:\/\/www.salzburgerland.com\/de\/magazin\/#website"},"primaryImageOfPage":{"@id":"https:\/\/www.salzburgerland.com\/de\/magazin\/24h-wander-trophy\/#primaryimage"},"image":{"@id":"https:\/\/www.salzburgerland.com\/de\/magazin\/24h-wander-trophy\/#primaryimage"},"thumbnailUrl":"https:\/\/www.salzburgerland.com\/de\/magazin\/wp-content\/uploads\/2018\/03\/csm_Parchen_wandert_vor_Genner_c_Fuschlseeregion-Erber_4a5fdef057.jpg","datePublished":"2021-07-01T06:00:00+00:00","dateModified":"2023-06-21T13:55:06+00:00","description":"R\u00fcckblick auf das Wanderfestival in der Fuschlseeregion. Hier gibt's noch weitere sch\u00f6ne Ideen zum Wandern zwischen Bergen und Seen.","breadcrumb":{"@id":"https:\/\/www.salzburgerland.com\/de\/magazin\/24h-wander-trophy\/#breadcrumb"},"inLanguage":"de","potentialAction":[{"@type":"ReadAction","target":["https:\/\/www.salzburgerland.com\/de\/magazin\/24h-wander-trophy\/"]}]},{"@type":"ImageObject","inLanguage":"de","@id":"https:\/\/www.salzburgerland.com\/de\/magazin\/24h-wander-trophy\/#primaryimage","url":"https:\/\/www.salzburgerland.com\/de\/magazin\/wp-content\/uploads\/2018\/03\/csm_Parchen_wandert_vor_Genner_c_Fuschlseeregion-Erber_4a5fdef057.jpg","contentUrl":"https:\/\/www.salzburgerland.com\/de\/magazin\/wp-content\/uploads\/2018\/03\/csm_Parchen_wandert_vor_Genner_c_Fuschlseeregion-Erber_4a5fdef057.jpg","width":1140,"height":640,"caption":"Wandern in der Fuschlseeregion"},{"@type":"BreadcrumbList","@id":"https:\/\/www.salzburgerland.com\/de\/magazin\/24h-wander-trophy\/#breadcrumb","itemListElement":[{"@type":"ListItem","position":1,"name":"Startseite","item":"https:\/\/www.salzburgerland.com\/de\/magazin\/"},{"@type":"ListItem","position":2,"name":"Archiv","item":"https:\/\/www.salzburgerland.com\/de\/magazin\/thema\/archiv\/"},{"@type":"ListItem","position":3,"name":"24h Wander-Trophy"}]},{"@type":"WebSite","@id":"https:\/\/www.salzburgerland.com\/de\/magazin\/#website","url":"https:\/\/www.salzburgerland.com\/de\/magazin\/","name":"SalzburgerLand Magazin","description":"Geschichten und Interessantes aus dem SalzburgerLand","publisher":{"@id":"https:\/\/www.salzburgerland.com\/de\/magazin\/#organization"},"potentialAction":[{"@type":"SearchAction","target":{"@type":"EntryPoint","urlTemplate":"https:\/\/www.salzburgerland.com\/de\/magazin\/?s={search_term_string}"},"query-input":{"@type":"PropertyValueSpecification","valueRequired":true,"valueName":"search_term_string"}}],"inLanguage":"de"},{"@type":"Organization","@id":"https:\/\/www.salzburgerland.com\/de\/magazin\/#organization","name":"SalzburgerLand Tourismus","url":"https:\/\/www.salzburgerland.com\/de\/magazin\/","logo":{"@type":"ImageObject","inLanguage":"de","@id":"https:\/\/www.salzburgerland.com\/de\/magazin\/#\/schema\/logo\/image\/","url":"https:\/\/www.salzburgerland.com\/de\/magazin\/wp-content\/uploads\/2019\/06\/salzburgerland-logo1.jpg","contentUrl":"https:\/\/www.salzburgerland.com\/de\/magazin\/wp-content\/uploads\/2019\/06\/salzburgerland-logo1.jpg","width":2011,"height":866,"caption":"SalzburgerLand Tourismus"},"image":{"@id":"https:\/\/www.salzburgerland.com\/de\/magazin\/#\/schema\/logo\/image\/"},"sameAs":["https:\/\/www.facebook.com\/salzburgerland\/","https:\/\/x.com\/Salzburgerland","https:\/\/www.instagram.com\/salzburgerland\/","https:\/\/at.linkedin.com\/company\/salzburgerland-tourismus-gmbh","https:\/\/www.pinterest.at\/salzburgerland\/","https:\/\/www.youtube.com\/user\/salzburgerland","https:\/\/de.wikipedia.org\/wiki\/SalzburgerLand_Tourismus_GmbH"]},{"@type":"Person","@id":"https:\/\/www.salzburgerland.com\/de\/magazin\/#\/schema\/person\/3d66364225257aad8b700259f8d80a69","name":"Melanie Deisl","description":"Ihre Liebe zum Reisen teilt Melanie genauso gerne, wie ihre Liebe zum SalzburgerLand. Die geb\u00fcrtige Faistenauerin ist in Koppl aufgewachsen und in der Fuschlseeregion zuhause. Und die kennt sie auch wie ihre Westentasche. Ihre erste, noch sehr analoge, Tourismuserfahrung konnte sie bereits w\u00e4hrend der Schulzeit beim SalzburgerLand Tourismus (SLTG) und sp\u00e4ter beim TVB Fuschl am See sammeln. Beruflich ist sie seit ihrem Studium der Kommunikationswissenschaften im Bereich SEO, Text &amp; Content Marketing zuhause. Was dazu f\u00fchrte, dass sie sich ans Reisebloggen wagte. Schnell wurde aus reinem Interesse, pure Passion. Dem Ausflug in ferne L\u00e4nder folgte eine Revision der Qualit\u00e4ten der eigenen Heimat als Urlaubsziel. Und diese fiel mehr als positiv aus. Die Liebe zu Ihrer Heimat ist ihr in die Wiege gelegt, und wie sie sagt, wird diese auch immer st\u00e4rker. Na, sie muss es ja wissen. Immerhin bietet sie auf \"urlaubsgeschichten.at\" Inspiration f\u00fcr Reisen in ferne L\u00e4nder und gibt Insidertipps f\u00fcr \u00d6sterreich-Liebhaber. Ihr ist es ein pers\u00f6nliches Anliegen zu zeigen, dass man auch auf kurzen Reisen einzigartige Erfahrungen sammeln kann. Da z\u00e4hlt das SalzburgerLand nat\u00fcrlich zu ihren TOP-Favoriten. Ihre Reisen verbindet Sie selbst am liebsten mit Wandern, Skifahren und Genuss. Vor allem regionale Produkte aus der Heimat haben es der bodenst\u00e4ndigen Salzburgerin angetan.\u00a0In der Freizeit zieht es Melanie, wie soll es anders sein, hinaus. Mal auf den Berg, mal an den See, mal in die Stadt Salzburg. Aber nie ohne Kamera und Notizbuch. Es k\u00f6nnte ja eine gute Urlaubsgeschichte dabei sein ... Mein pers\u00f6nlicher Logenplatz im SalzburgerLand Eine Runde um den Hintersee. Das geht immer und macht den Kopf frei. Bei einer Runde um den See kann ich mich gut entspannen. Aber ich drehe auch gerne mal eine gem\u00fctliche \"Tratschrunde\" mit einer Freundin um den sch\u00f6nen See. Salzburger Nockerl oder Schwarzbeernocken? Die Wahl f\u00e4llt mir sehr leicht. Ich liebe \"Zeckbeerdatscherln\", wie man bei uns zu den Schwarzbeernocken sagt. Nat\u00fcrlich mit selbstgepfl\u00fcckten Schwarzbeeren zubereitet und sch\u00f6n dunkelblau. Mozart oder Hubert von Goisern? Beides. Ich mag Musik in fast jeder Form. Ich spiele selbst Gitarre und singe sehr gerne - das f\u00e4llt mir bei Hubert von Goisern, Austropop und Rockmusik leichter ;-) aber ich hab auch f\u00fcr Mozart und klassische Musik was \u00fcbrig. Ich bin musikalisch \u00fcberhaupt sehr aufgeschlossen und vor allem immer interessiert Neues zu entdecken. Musik, die mir gef\u00e4llt eben. Luxushotel oder Almh\u00fctte? Mal dies mal das. Zu einem Wellness-Wochenende im Luxushotel braucht man mich nicht lange \u00fcberreden, das versteht sich von selbst. Zu einem Urlaub auf der Alm aber auch nicht. Ich wei\u00df jedoch, dass man das hervorragend miteinander verbinden kann. Die Antwort lautet also: beides! Ausstellung oder Bergpanorama? Ich muss gestehen, ich bin eher erlebnisorientiert, deshalb entscheide ich mich immer f\u00fcr das Bergpanorama. Morgen- oder Abendmensch? Ich war schon immer ein Fr\u00fchaufsteher und bin schon vor dem ersten Kaffee hellwach, diskussionsfreudig und sehr produktiv. Ich erlebe aber in meiner Tageskurve das typische Nachmittagstief, daher w\u00e4re ich voll f\u00fcr die Einf\u00fchrung der \"Siesta\". Daf\u00fcr bin ich in aber in den Abendstunden auch wieder hellwach und voller Energie.","sameAs":["https:\/\/urlaubsgeschichten.at","https:\/\/www.facebook.com\/urlaubsgeschichten\/","https:\/\/www.instagram.com\/urlaubsgeschichten\/","https:\/\/www.linkedin.com\/in\/urlaubsgeschichten\/","https:\/\/www.pinterest.at\/mytravelstories\/"],"url":"https:\/\/www.salzburgerland.com\/de\/magazin\/author\/melanie_deisl\/"}]}},"_wl_alt_label":[],"wl:entity_url":"http:\/\/open.salzburgerland.com\/magazin\/post\/wanderfestival___12_24h_trophy","_links":{"self":[{"href":"https:\/\/www.salzburgerland.com\/de\/magazin\/wp-json\/wp\/v2\/posts\/121445","targetHints":{"allow":["GET"]}}],"collection":[{"href":"https:\/\/www.salzburgerland.com\/de\/magazin\/wp-json\/wp\/v2\/posts"}],"about":[{"href":"https:\/\/www.salzburgerland.com\/de\/magazin\/wp-json\/wp\/v2\/types\/post"}],"author":[{"embeddable":true,"href":"https:\/\/www.salzburgerland.com\/de\/magazin\/wp-json\/wp\/v2\/users\/565"}],"replies":[{"embeddable":true,"href":"https:\/\/www.salzburgerland.com\/de\/magazin\/wp-json\/wp\/v2\/comments?post=121445"}],"version-history":[{"count":5,"href":"https:\/\/www.salzburgerland.com\/de\/magazin\/wp-json\/wp\/v2\/posts\/121445\/revisions"}],"predecessor-version":[{"id":171734,"href":"https:\/\/www.salzburgerland.com\/de\/magazin\/wp-json\/wp\/v2\/posts\/121445\/revisions\/171734"}],"wp:featuredmedia":[{"embeddable":true,"href":"https:\/\/www.salzburgerland.com\/de\/magazin\/wp-json\/wp\/v2\/media\/121959"}],"wp:attachment":[{"href":"https:\/\/www.salzburgerland.com\/de\/magazin\/wp-json\/wp\/v2\/media?parent=121445"}],"wp:term":[{"taxonomy":"category","embeddable":true,"href":"https:\/\/www.salzburgerland.com\/de\/magazin\/wp-json\/wp\/v2\/categories?post=121445"},{"taxonomy":"post_tag","embeddable":true,"href":"https:\/\/www.salzburgerland.com\/de\/magazin\/wp-json\/wp\/v2\/tags?post=121445"},{"taxonomy":"wl_entity_type","embeddable":true,"href":"https:\/\/www.salzburgerland.com\/de\/magazin\/wp-json\/wp\/v2\/wl_entity_type?post=121445"},{"taxonomy":"monatsauswahl","embeddable":true,"href":"https:\/\/www.salzburgerland.com\/de\/magazin\/wp-json\/wp\/v2\/monatsauswahl?post=121445"}],"curies":[{"name":"wp","href":"https:\/\/api.w.org\/{rel}","templated":true}]}}