{"id":121401,"date":"2018-03-03T08:36:50","date_gmt":"2018-03-03T07:36:50","guid":{"rendered":"https:\/\/www.salzburgerland.com\/de\/magazin\/?p=121401"},"modified":"2019-06-26T18:29:15","modified_gmt":"2019-06-26T16:29:15","slug":"ski-amade-made-my-day","status":"publish","type":"post","link":"https:\/\/www.salzburgerland.com\/de\/magazin\/ski-amade-made-my-day\/","title":{"rendered":"Ski Amad\u00e9: Made my day"},"content":{"rendered":"<p><strong>In diesem Fall wird mein Tag von den Ski Amad\u00e9 Wintersportorten gemacht. Und es ist nicht irgendein Tag. Er ist bis oben hin gef\u00fcllt mit den tollsten Abenteuer, die man sich nur vorstellen kann.<\/strong><\/p>\n<h3>So viel Urlaub an einem Tag<\/h3>\n<p>Aber der Reihe nach. Wer gerne auf den Brettern die Skih\u00e4nge erobert, ist in <a href=\"https:\/\/www.skiamade.com\/de\/winter\" target=\"_blank\" rel=\"noopener noreferrer\">Ski Amad\u00e9<\/a> schon einmal bestens aufgehoben. Aber warum sich nur mit dem Pistenspa\u00df begn\u00fcgen, wenn es doch so viel mehr zu erleben gibt. Genau das haben sich auch die zust\u00e4ndigen Damen und Herren von Ski Amad\u00e9 gedacht, und schon war die Idee zu \u201e<a href=\"https:\/\/www.skiamade.com\/de\/mademyday\" target=\"_blank\" rel=\"noopener noreferrer\">made my day<\/a>\u201c geboren. Da gibt es etwa den <em>Absolut Park Tag<\/em> in der Salzburger Sportwelt, den <em>Kingstour \u2013 Highley delicious -Tag<\/em> am Hochk\u00f6nig, den <em>4-Berge Naschtour-Tag<\/em> in Schladming-Dachstein, den <em>Rock die Alpen Tag<\/em> im Gro\u00dfarltal oder den <em>Abheben in Bad Gastein-Tag<\/em>, um nur einige zu nennen. <br \/>\n Da f\u00e4llt die Wahl ganz sch\u00f6n schwer, aber zumindest eines dieser un\u00fcbertroffenen Angebote wollten wir gleich in diesem Winter teste. Schlie\u00dflich f\u00e4llt die Entscheidung auf den \u2026<\/p>\n<h3>\u201e Link to Heaven\u201c- Tag im Snow Space Salzburg Wagrain<\/h3>\n<p>Gondelfr\u00fchst\u00fcck, Fotoshooting und Massage Drive-in \u2013 das klingt ja schon mal sehr viel versprechend. Im absoluten Morgengrauen trafen wir uns um 7:20 Uhr mit den anderen Fr\u00fchaufstehern an der Talstation der Grafenbergbahn in Wagrain. Obwohl es noch nicht mal richtig hell und nat\u00fcrlich auch ganz sch\u00f6n kalt war, waren wir voller Vorfreude. F\u00fcr beste Stimmung sorgte auch die gute Laune unseres Guides Rudi. Die ersten H\u00f6henmeter bis zur Mittelstation \u00fcberwanden wir mit dem Grafenberg Express 1, der extra f\u00fcr uns schon um diese Zeit startete.<\/p>\n<h3>Gondelfr\u00fchst\u00fcck im G-LINK<\/h3>\n<p>Die erste \u00dcberraschung des Tages erwartete uns, als sich an der Mittelstation die T\u00fcren des, an sich schon spektakul\u00e4ren, G-LINKS \u00f6ffneten. Dort wo sich \u00fcblicherweise Wintersportler zusammendr\u00e4ngen, stand ein wunderbar gedeckter Fr\u00fchst\u00fcckstisch mit den herrlichsten K\u00f6stlichkeiten \u2013 Schinken, K\u00e4se, Marmelade, frisches Geb\u00e4ck, Saft, Kaffee&#8230; So schnell wir konnten, verstauten wir die Skiausr\u00fcstung und machten es uns gem\u00fctlich. Gl\u00fccklicherweise wurde das Tempo der Bahn gedrosselt und so schwebten wir gem\u00e4chlich \u00fcbers Tal und konnten uns das Fr\u00fchst\u00fcck so richtig schmecken lassen. Und\u00a0 nicht nur das \u2013 w\u00e4hrend der Fahrt ging die Sonne auf und tauchte die Welt um uns herum in zauberhaftes Licht. Fast schade, dass wir nach gut 50 Minuten Fahrzeit angekommen waren. Aber der Tag hatte ja gerade erst begonnen.<\/p>\n<figure id=\"attachment_121406\" aria-describedby=\"caption-attachment-121406\" style=\"width: 650px\" class=\"wp-caption alignleft\"><a href=\"https:\/\/www.salzburgerland.com\/de\/magazin\/wp-content\/uploads\/2018\/03\/IMG-20180221-WA0002.jpg\"><img loading=\"lazy\" decoding=\"async\" class=\"wp-image-121406 size-singlePost\" src=\"https:\/\/www.salzburgerland.com\/de\/magazin\/wp-content\/uploads\/2018\/03\/IMG-20180221-WA0002-650x435.jpg\" alt=\"\" width=\"650\" height=\"435\" \/><\/a><figcaption id=\"caption-attachment-121406\" class=\"wp-caption-text\">Fr\u00fchst\u00fcck im G-LINK<\/figcaption><\/figure>\n<h3>Als erster auf der Piste<\/h3>\n<p>Denn jetzt geh\u00f6rte die Piste zun\u00e4chst einmal nur uns. Schnell fand jeder sein Tempo und genoss die freie Fahrt bis hinunter ins Tal. Es war ein unglaubliches Gef\u00fchl der Freiheit, scheinbar ganz alleine mit sich und der Welt die frisch pr\u00e4parierte Piste hinunter zu schwingen. Unten angekommen holte uns die Realit\u00e4t eines normalen Skitages schnell ein, denn mittlerweile herrschte hier Normalbetrieb.<\/p>\n<figure id=\"attachment_121407\" aria-describedby=\"caption-attachment-121407\" style=\"width: 650px\" class=\"wp-caption alignleft\"><a href=\"https:\/\/www.salzburgerland.com\/de\/magazin\/wp-content\/uploads\/2018\/03\/Piste-Grafenberg-14-01-2016.jpg\"><img loading=\"lazy\" decoding=\"async\" class=\"wp-image-121407 size-singlePost\" src=\"https:\/\/www.salzburgerland.com\/de\/magazin\/wp-content\/uploads\/2018\/03\/Piste-Grafenberg-14-01-2016-650x435.jpg\" alt=\"\" width=\"650\" height=\"435\" \/><\/a><figcaption id=\"caption-attachment-121407\" class=\"wp-caption-text\">Freie Fahrt \u00fcber leere Pisten<\/figcaption><\/figure>\n<h3>Fotoshooting und Massage<\/h3>\n<p>Gemeinsam mit\u00a0 anderen Skisportlern ging es wieder nach oben. Dort wartete als n\u00e4chster Programmpunkt des \u201e Link to Heaven\u201c- Tags ein professionelles Fotoshooting auf uns. W\u00e4hrend sich die einen vor der herrlichen Bergkulisse in Pose warfen, genossen die anderen eine Entspannung im Massage Drive-in. Als Erinnerung an diesen ganz besonderen Tag bekommt jeder Teilnehmer eine Holzbox mit seinen Fotos nach Hause geschickt.<\/p>\n<figure id=\"attachment_121408\" aria-describedby=\"caption-attachment-121408\" style=\"width: 650px\" class=\"wp-caption alignleft\"><a href=\"https:\/\/www.salzburgerland.com\/de\/magazin\/wp-content\/uploads\/2018\/03\/SFP_0864.jpg\"><img loading=\"lazy\" decoding=\"async\" class=\"wp-image-121408 size-singlePost\" src=\"https:\/\/www.salzburgerland.com\/de\/magazin\/wp-content\/uploads\/2018\/03\/SFP_0864-650x435.jpg\" alt=\"\" width=\"650\" height=\"435\" \/><\/a><figcaption id=\"caption-attachment-121408\" class=\"wp-caption-text\">Entspannende Massage im Schnee<\/figcaption><\/figure>\n<h3>Wettlauf gegen die Zeit<\/h3>\n<p>Die Entspannung tat auch not, denn danach hie\u00df es, auf der Riesentorlauf Zeitmess-Strecke alles geben. Da wurde uns erst so richtig bewusst, welche Leistungen unsere Spitzen-Skisportler bringen. Wir legten uns alle m\u00e4chtig ins Zeug, aber unser Guide Rudi war uns dennoch um Weiten voraus. Kein Wunder, erreichte er doch als \u00f6sterreichischer Skirennl\u00e4ufer einige Top-Platzierungen im Weltcup.<\/p>\n<figure id=\"attachment_121410\" aria-describedby=\"caption-attachment-121410\" style=\"width: 650px\" class=\"wp-caption alignleft\"><a href=\"https:\/\/www.salzburgerland.com\/de\/magazin\/wp-content\/uploads\/2018\/03\/SFP_5402.jpg\"><img loading=\"lazy\" decoding=\"async\" class=\"wp-image-121410 size-singlePost\" src=\"https:\/\/www.salzburgerland.com\/de\/magazin\/wp-content\/uploads\/2018\/03\/SFP_5402-650x435.jpg\" alt=\"\" width=\"650\" height=\"435\" \/><\/a><figcaption id=\"caption-attachment-121410\" class=\"wp-caption-text\">Auf der Zeitmess-Strecke<\/figcaption><\/figure>\n<h3>Kulinarische K\u00f6stlichkeiten\u00a0<\/h3>\n<p>Die Mittagspause auf der <a href=\"http:\/\/www.auhofalm.at\/\" target=\"_blank\" rel=\"noopener noreferrer\">Auhofalm<\/a> hatten wir uns nach diesem intensiven Vormittag jedenfalls redlich verdient. F\u00fcr uns waren auf der gro\u00dfz\u00fcgigen Sonnenterrasse extra zwei sch\u00f6n gedeckte Tische reserviert. Der Blick in die Speisekarte\u00a0 machte uns die Wahl nicht leicht \u2013 w\u00fcrzige Spinatkn\u00f6del mit Butter, Rucola und Parmesan oder doch lieber einen klassischen Kaiserschmarrn. Wir lie\u00dfen es uns jedenfalls schmecken und lie\u00dfen den vergangenen Stunden noch einmal Revue passieren, bevor es dann am Nachmittag wieder hinunter ins Tal ging.<\/p>\n<p>Wow \u2013 so viele Eindr\u00fccke und Erlebnisse an einem Tag sind nicht zu toppen. Mal schauen, welches der \u201e<a href=\"https:\/\/www.skiamade.com\/de\/mademyday\" target=\"_blank\" rel=\"noopener noreferrer\">made my day<\/a>\u201c Angebote wir uns als n\u00e4chste vornehmen.<\/p>\n<div class=\"mag-gallery\"><div class=\"row\"><div class=\"col-6 col-sm-4\"><figure><a class=\"thumb-container\" href=\"https:\/\/www.salzburgerland.com\/de\/magazin\/wp-content\/uploads\/2018\/03\/SFP_2183-1280x1024.jpg\">\t<picture><source media=\"(min-width: 576px)\" srcset=\"https:\/\/www.salzburgerland.com\/de\/magazin\/wp-content\/uploads\/2018\/03\/SFP_2183-325x209.jpg 325w, https:\/\/www.salzburgerland.com\/de\/magazin\/wp-content\/uploads\/2018\/03\/SFP_2183-249x160.jpg 249w\" \/><source media=\"(min-width: 0)\" srcset=\"https:\/\/www.salzburgerland.com\/de\/magazin\/wp-content\/uploads\/2018\/03\/SFP_2183-249x160.jpg 249w, https:\/\/www.salzburgerland.com\/de\/magazin\/wp-content\/uploads\/2018\/03\/SFP_2183-325x209.jpg 325w\" \/><img decoding=\"async\" alt=\"Eine Gruppe von Skifahrern in bunten Outfits posiert und l\u00e4chelt auf einem verschneiten Berg mit Skiern und St\u00f6cken.\" src=\"https:\/\/www.salzburgerland.com\/de\/magazin\/wp-content\/uploads\/2018\/03\/SFP_2183.jpg\" \/>\t<\/picture><\/a><\/figure><\/div><div class=\"col-6 col-sm-4\"><figure><a class=\"thumb-container\" href=\"https:\/\/www.salzburgerland.com\/de\/magazin\/wp-content\/uploads\/2018\/03\/20180219_084522-1280x1024.jpg\">\t<picture><source media=\"(min-width: 576px)\" srcset=\"https:\/\/www.salzburgerland.com\/de\/magazin\/wp-content\/uploads\/2018\/03\/20180219_084522-325x209.jpg 325w, https:\/\/www.salzburgerland.com\/de\/magazin\/wp-content\/uploads\/2018\/03\/20180219_084522-249x160.jpg 249w\" \/><source media=\"(min-width: 0)\" srcset=\"https:\/\/www.salzburgerland.com\/de\/magazin\/wp-content\/uploads\/2018\/03\/20180219_084522-249x160.jpg 249w, https:\/\/www.salzburgerland.com\/de\/magazin\/wp-content\/uploads\/2018\/03\/20180219_084522-325x209.jpg 325w\" \/><img decoding=\"async\" alt=\"Frisch pr\u00e4parierte Skipiste mit Skiliften, umgeben von verschneiten Bergen und Kiefern unter blauem Himmel.\" src=\"https:\/\/www.salzburgerland.com\/de\/magazin\/wp-content\/uploads\/2018\/03\/20180219_084522.jpg\" \/>\t<\/picture><\/a><\/figure><\/div><div class=\"col-6 col-sm-4\"><figure><a class=\"thumb-container\" href=\"https:\/\/www.salzburgerland.com\/de\/magazin\/wp-content\/uploads\/2018\/03\/MG_8646-1280x1024.jpg\">\t<picture><source media=\"(min-width: 576px)\" srcset=\"https:\/\/www.salzburgerland.com\/de\/magazin\/wp-content\/uploads\/2018\/03\/MG_8646-325x209.jpg 325w, https:\/\/www.salzburgerland.com\/de\/magazin\/wp-content\/uploads\/2018\/03\/MG_8646-249x160.jpg 249w\" \/><source media=\"(min-width: 0)\" srcset=\"https:\/\/www.salzburgerland.com\/de\/magazin\/wp-content\/uploads\/2018\/03\/MG_8646-249x160.jpg 249w, https:\/\/www.salzburgerland.com\/de\/magazin\/wp-content\/uploads\/2018\/03\/MG_8646-325x209.jpg 325w\" \/><img decoding=\"async\" alt=\"Ein verschneites Skigebiet mit Skifahrern, mit Blick auf einen Wald und eine Stadt in einem Tal darunter.\" src=\"https:\/\/www.salzburgerland.com\/de\/magazin\/wp-content\/uploads\/2018\/03\/MG_8646.jpg\" \/>\t<\/picture><\/a><\/figure><\/div><\/div><\/div><figcaption><\/figcaption>\n<p>Fotos \u00a9Erwin_Trampitsch, \u00a9Wagrain-Kleinarl Tourismus, \u00a9BeneOberhuber<\/p>\n","protected":false},"excerpt":{"rendered":"<p>In diesem Fall wird mein Tag von den Ski Amad\u00e9 Wintersportorten gemacht. Und es ist nicht irgendein Tag. Er ist bis oben hin gef\u00fcllt mit den tollsten Abenteuer, die man sich nur vorstellen kann. So viel Urlaub an einem Tag Aber der Reihe nach. Wer gerne auf den Brettern die Skih\u00e4nge erobert, ist in Ski [&hellip;]<\/p>\n","protected":false},"author":90,"featured_media":121403,"comment_status":"open","ping_status":"open","sticky":false,"template":"","format":"standard","meta":{"_acf_changed":false,"wl_entities_gutenberg":"","_wl_entity_redirect_enabled":"","footnotes":""},"categories":[8],"tags":[],"wl_entity_type":[306],"monatsauswahl":[82,83,84],"class_list":["post-121401","post","type-post","status-publish","format-standard","has-post-thumbnail","hentry","category-outdoor-sport","wl_entity_type-article","monatsauswahl-monat_1","monatsauswahl-monat_2","monatsauswahl-monat_3"],"acf":[],"yoast_head":"<!-- This site is optimized with the Yoast SEO Premium plugin v27.4 (Yoast SEO v27.4) - https:\/\/yoast.com\/product\/yoast-seo-premium-wordpress\/ -->\n<title>Ski Amad\u00e9: Made my day - SalzburgerLand Magazin<\/title>\n<meta name=\"description\" content=\"In diesem Fall wird mein Tag von den Ski Amad\u00e9 Wintersportorten gemacht. Und es ist nicht irgendein Tag. Er ist bis oben hin gef\u00fcllt mit den tollsten Abenteuer, die man sich nur vorstellen kann. So viel Urlaub an einem Tag Aber der Reihe nach. Wer gerne auf den Brettern die Skih\u00e4nge erobert, ist in Ski [&hellip;]\" \/>\n<meta name=\"robots\" content=\"index, follow, max-snippet:-1, max-image-preview:large, max-video-preview:-1\" \/>\n<link rel=\"canonical\" href=\"https:\/\/www.salzburgerland.com\/de\/magazin\/ski-amade-made-my-day\/\" \/>\n<meta property=\"og:locale\" content=\"de_DE\" \/>\n<meta property=\"og:type\" content=\"article\" \/>\n<meta property=\"og:title\" content=\"Ski Amad\u00e9: Made my day\" \/>\n<meta property=\"og:description\" content=\"In diesem Fall wird mein Tag von den Ski Amad\u00e9 Wintersportorten gemacht. Und es ist nicht irgendein Tag. Er ist bis oben hin gef\u00fcllt mit den tollsten Abenteuer, die man sich nur vorstellen kann. So viel Urlaub an einem Tag Aber der Reihe nach. Wer gerne auf den Brettern die Skih\u00e4nge erobert, ist in Ski [&hellip;]\" \/>\n<meta property=\"og:url\" content=\"https:\/\/www.salzburgerland.com\/de\/magazin\/ski-amade-made-my-day\/\" \/>\n<meta property=\"og:site_name\" content=\"SalzburgerLand Magazin\" \/>\n<meta property=\"article:publisher\" content=\"https:\/\/www.facebook.com\/salzburgerland\/\" \/>\n<meta property=\"article:published_time\" content=\"2018-03-03T07:36:50+00:00\" \/>\n<meta property=\"article:modified_time\" content=\"2019-06-26T16:29:15+00:00\" \/>\n<meta property=\"og:image\" content=\"https:\/\/www.salzburgerland.com\/de\/magazin\/wp-content\/uploads\/2018\/03\/MG_7650.jpg\" \/>\n\t<meta property=\"og:image:width\" content=\"1200\" \/>\n\t<meta property=\"og:image:height\" content=\"800\" \/>\n\t<meta property=\"og:image:type\" content=\"image\/jpeg\" \/>\n<meta name=\"author\" content=\"Ulli Hammerl\" \/>\n<meta name=\"twitter:card\" content=\"summary_large_image\" \/>\n<meta name=\"twitter:creator\" content=\"@Salzburgerland\" \/>\n<meta name=\"twitter:site\" content=\"@Salzburgerland\" \/>\n<meta name=\"twitter:label1\" content=\"Verfasst von\" \/>\n\t<meta name=\"twitter:data1\" content=\"Ulli Hammerl\" \/>\n\t<meta name=\"twitter:label2\" content=\"Gesch\u00e4tzte Lesezeit\" \/>\n\t<meta name=\"twitter:data2\" content=\"4\u00a0Minuten\" \/>\n<script type=\"application\/ld+json\" class=\"yoast-schema-graph\">{\"@context\":\"https:\\\/\\\/schema.org\",\"@graph\":[{\"@type\":\"Article\",\"@id\":\"https:\\\/\\\/www.salzburgerland.com\\\/de\\\/magazin\\\/ski-amade-made-my-day\\\/#article\",\"isPartOf\":{\"@id\":\"https:\\\/\\\/www.salzburgerland.com\\\/de\\\/magazin\\\/ski-amade-made-my-day\\\/\"},\"author\":{\"name\":\"Ulli Hammerl\",\"@id\":\"https:\\\/\\\/www.salzburgerland.com\\\/de\\\/magazin\\\/#\\\/schema\\\/person\\\/a55a4fee1009b9e458d298480a18a9f7\"},\"headline\":\"Ski Amad\u00e9: Made my day\",\"datePublished\":\"2018-03-03T07:36:50+00:00\",\"dateModified\":\"2019-06-26T16:29:15+00:00\",\"mainEntityOfPage\":{\"@id\":\"https:\\\/\\\/www.salzburgerland.com\\\/de\\\/magazin\\\/ski-amade-made-my-day\\\/\"},\"wordCount\":794,\"commentCount\":0,\"publisher\":{\"@id\":\"https:\\\/\\\/www.salzburgerland.com\\\/de\\\/magazin\\\/#organization\"},\"image\":{\"@id\":\"https:\\\/\\\/www.salzburgerland.com\\\/de\\\/magazin\\\/ski-amade-made-my-day\\\/#primaryimage\"},\"thumbnailUrl\":\"https:\\\/\\\/www.salzburgerland.com\\\/de\\\/magazin\\\/wp-content\\\/uploads\\\/2018\\\/03\\\/MG_7650.jpg\",\"articleSection\":[\"Outdoor &amp; Sport\"],\"inLanguage\":\"de\",\"potentialAction\":[{\"@type\":\"CommentAction\",\"name\":\"Comment\",\"target\":[\"https:\\\/\\\/www.salzburgerland.com\\\/de\\\/magazin\\\/ski-amade-made-my-day\\\/#respond\"]}]},{\"@type\":\"WebPage\",\"@id\":\"https:\\\/\\\/www.salzburgerland.com\\\/de\\\/magazin\\\/ski-amade-made-my-day\\\/\",\"url\":\"https:\\\/\\\/www.salzburgerland.com\\\/de\\\/magazin\\\/ski-amade-made-my-day\\\/\",\"name\":\"Ski Amad\u00e9: Made my day - SalzburgerLand Magazin\",\"isPartOf\":{\"@id\":\"https:\\\/\\\/www.salzburgerland.com\\\/de\\\/magazin\\\/#website\"},\"primaryImageOfPage\":{\"@id\":\"https:\\\/\\\/www.salzburgerland.com\\\/de\\\/magazin\\\/ski-amade-made-my-day\\\/#primaryimage\"},\"image\":{\"@id\":\"https:\\\/\\\/www.salzburgerland.com\\\/de\\\/magazin\\\/ski-amade-made-my-day\\\/#primaryimage\"},\"thumbnailUrl\":\"https:\\\/\\\/www.salzburgerland.com\\\/de\\\/magazin\\\/wp-content\\\/uploads\\\/2018\\\/03\\\/MG_7650.jpg\",\"datePublished\":\"2018-03-03T07:36:50+00:00\",\"dateModified\":\"2019-06-26T16:29:15+00:00\",\"breadcrumb\":{\"@id\":\"https:\\\/\\\/www.salzburgerland.com\\\/de\\\/magazin\\\/ski-amade-made-my-day\\\/#breadcrumb\"},\"inLanguage\":\"de\",\"potentialAction\":[{\"@type\":\"ReadAction\",\"target\":[\"https:\\\/\\\/www.salzburgerland.com\\\/de\\\/magazin\\\/ski-amade-made-my-day\\\/\"]}]},{\"@type\":\"ImageObject\",\"inLanguage\":\"de\",\"@id\":\"https:\\\/\\\/www.salzburgerland.com\\\/de\\\/magazin\\\/ski-amade-made-my-day\\\/#primaryimage\",\"url\":\"https:\\\/\\\/www.salzburgerland.com\\\/de\\\/magazin\\\/wp-content\\\/uploads\\\/2018\\\/03\\\/MG_7650.jpg\",\"contentUrl\":\"https:\\\/\\\/www.salzburgerland.com\\\/de\\\/magazin\\\/wp-content\\\/uploads\\\/2018\\\/03\\\/MG_7650.jpg\",\"width\":1200,\"height\":800,\"caption\":\"Rote Seilbahn f\u00e4hrt \u00fcber verschneite Berge an einem sonnigen Tag mit strahlend blauem Himmel.\"},{\"@type\":\"BreadcrumbList\",\"@id\":\"https:\\\/\\\/www.salzburgerland.com\\\/de\\\/magazin\\\/ski-amade-made-my-day\\\/#breadcrumb\",\"itemListElement\":[{\"@type\":\"ListItem\",\"position\":1,\"name\":\"Startseite\",\"item\":\"https:\\\/\\\/www.salzburgerland.com\\\/de\\\/magazin\\\/\"},{\"@type\":\"ListItem\",\"position\":2,\"name\":\"Outdoor &amp; Sport\",\"item\":\"https:\\\/\\\/www.salzburgerland.com\\\/de\\\/magazin\\\/thema\\\/outdoor-sport\\\/\"},{\"@type\":\"ListItem\",\"position\":3,\"name\":\"Ski Amad\u00e9: Made my day\"}]},{\"@type\":\"WebSite\",\"@id\":\"https:\\\/\\\/www.salzburgerland.com\\\/de\\\/magazin\\\/#website\",\"url\":\"https:\\\/\\\/www.salzburgerland.com\\\/de\\\/magazin\\\/\",\"name\":\"SalzburgerLand Magazin\",\"description\":\"Geschichten und Interessantes aus dem SalzburgerLand\",\"publisher\":{\"@id\":\"https:\\\/\\\/www.salzburgerland.com\\\/de\\\/magazin\\\/#organization\"},\"potentialAction\":[{\"@type\":\"SearchAction\",\"target\":{\"@type\":\"EntryPoint\",\"urlTemplate\":\"https:\\\/\\\/www.salzburgerland.com\\\/de\\\/magazin\\\/?s={search_term_string}\"},\"query-input\":{\"@type\":\"PropertyValueSpecification\",\"valueRequired\":true,\"valueName\":\"search_term_string\"}}],\"inLanguage\":\"de\"},{\"@type\":\"Organization\",\"@id\":\"https:\\\/\\\/www.salzburgerland.com\\\/de\\\/magazin\\\/#organization\",\"name\":\"SalzburgerLand Tourismus\",\"url\":\"https:\\\/\\\/www.salzburgerland.com\\\/de\\\/magazin\\\/\",\"logo\":{\"@type\":\"ImageObject\",\"inLanguage\":\"de\",\"@id\":\"https:\\\/\\\/www.salzburgerland.com\\\/de\\\/magazin\\\/#\\\/schema\\\/logo\\\/image\\\/\",\"url\":\"https:\\\/\\\/www.salzburgerland.com\\\/de\\\/magazin\\\/wp-content\\\/uploads\\\/2019\\\/06\\\/salzburgerland-logo1.jpg\",\"contentUrl\":\"https:\\\/\\\/www.salzburgerland.com\\\/de\\\/magazin\\\/wp-content\\\/uploads\\\/2019\\\/06\\\/salzburgerland-logo1.jpg\",\"width\":2011,\"height\":866,\"caption\":\"SalzburgerLand Tourismus\"},\"image\":{\"@id\":\"https:\\\/\\\/www.salzburgerland.com\\\/de\\\/magazin\\\/#\\\/schema\\\/logo\\\/image\\\/\"},\"sameAs\":[\"https:\\\/\\\/www.facebook.com\\\/salzburgerland\\\/\",\"https:\\\/\\\/x.com\\\/Salzburgerland\",\"https:\\\/\\\/www.instagram.com\\\/salzburgerland\\\/\",\"https:\\\/\\\/at.linkedin.com\\\/company\\\/salzburgerland-tourismus-gmbh\",\"https:\\\/\\\/www.pinterest.at\\\/salzburgerland\\\/\",\"https:\\\/\\\/www.youtube.com\\\/user\\\/salzburgerland\",\"https:\\\/\\\/de.wikipedia.org\\\/wiki\\\/SalzburgerLand_Tourismus_GmbH\"]},{\"@type\":\"Person\",\"@id\":\"https:\\\/\\\/www.salzburgerland.com\\\/de\\\/magazin\\\/#\\\/schema\\\/person\\\/a55a4fee1009b9e458d298480a18a9f7\",\"name\":\"Ulli Hammerl\",\"description\":\"Geboren und aufgewachsen in der Stadt Salzburg war Ulli Hammerl fr\u00fch bewusst, in einer der sch\u00f6nsten St\u00e4dte der Welt zu leben. So ist sie auch w\u00e4hrend ihres Studiums der Kommunikationswissenschaft und \u00d6kologie ihrer Heimatstadt treu geblieben. Gleich nach dem Studium ist sie zu SalzburgerLand Tourismus (SLTG) gegangen und hat hier von 1998 - 2004 u.a. die SalzburgerLand Card betreut. Dabei ist sie viel herumgekommen, wodurch auch die Liebe zum SalzburgerLand enstanden und gewachsen ist. Nach der Geburt ihrer Tochter im September 2004 hat sich Ulli Hammerl 2007 mit einer Agentur selbst\u00e4ndig gemacht. Mein pers\u00f6nlicher Logenplatz: Hoch \u00fcber Salzburg, abseits der stark begangenen Wege mit Blick auf die D\u00e4cher und Kircht\u00fcrme der Stadt \u2013 hier geht mir das Herz auf! Morgen- oder Abendmensch: Ganz klar: Morgenmensch. Wenn um 5.00 Uhr fr\u00fch die V\u00f6gel zwitschern und rund herum noch alles in tiefer Ruhe versinkt, dann ist meine Zeit. Ausgeschlafen, Energie geladen und voller Tatendrang starte ich am liebsten in den fr\u00fchen Morgenstunden in den Tag. Daf\u00fcr kann man nach 21.00 Uhr nicht mehr mit mir rechnen. Buch oder Film: Es gibt nichts Sch\u00f6neres, als es sich am Ende des Tages auf der Couch gem\u00fctlich zu machen und in die Gedankenwelt eines guten Buches einzutauchen \u2013 Lesen ist Abenteuer im Kopf. Wandern, Spazierengehen oder Laufen: alles drei und zwar am besten jeden Tag. Mit ein bisschen Zeiteinteilung geht es sich tats\u00e4chlich fast gehen Tag aus, drau\u00dfen unterwegs zu sein. Fr\u00fchling, Sommer, Herbst oder Winter: Ich kann es im Fr\u00fchling kaum erwarten, die ersten Gr\u00fcnschattierungen in der Natur zu entdecken. Ich liebe hei\u00dfe Sommertage am See und laue Sommerabende am Balkon. Ich mag es, wenn im Herbst die W\u00e4lder in einem Meer aus Farben erstrahlen, Laubrascheln und Kastanien sammeln. Und ich freue mich wie ein Kind, wenn im Dezember die ersten Schneeflocken vom Himmel schweben. Die vier Jahreszeiten sind etwas Wunderbares.\",\"url\":\"https:\\\/\\\/www.salzburgerland.com\\\/de\\\/magazin\\\/author\\\/ulli-hammerl\\\/\"}]}<\/script>\n<!-- \/ Yoast SEO Premium plugin. -->","yoast_head_json":{"title":"Ski Amad\u00e9: Made my day - SalzburgerLand Magazin","description":"In diesem Fall wird mein Tag von den Ski Amad\u00e9 Wintersportorten gemacht. Und es ist nicht irgendein Tag. Er ist bis oben hin gef\u00fcllt mit den tollsten Abenteuer, die man sich nur vorstellen kann. So viel Urlaub an einem Tag Aber der Reihe nach. Wer gerne auf den Brettern die Skih\u00e4nge erobert, ist in Ski [&hellip;]","robots":{"index":"index","follow":"follow","max-snippet":"max-snippet:-1","max-image-preview":"max-image-preview:large","max-video-preview":"max-video-preview:-1"},"canonical":"https:\/\/www.salzburgerland.com\/de\/magazin\/ski-amade-made-my-day\/","og_locale":"de_DE","og_type":"article","og_title":"Ski Amad\u00e9: Made my day","og_description":"In diesem Fall wird mein Tag von den Ski Amad\u00e9 Wintersportorten gemacht. Und es ist nicht irgendein Tag. Er ist bis oben hin gef\u00fcllt mit den tollsten Abenteuer, die man sich nur vorstellen kann. So viel Urlaub an einem Tag Aber der Reihe nach. Wer gerne auf den Brettern die Skih\u00e4nge erobert, ist in Ski [&hellip;]","og_url":"https:\/\/www.salzburgerland.com\/de\/magazin\/ski-amade-made-my-day\/","og_site_name":"SalzburgerLand Magazin","article_publisher":"https:\/\/www.facebook.com\/salzburgerland\/","article_published_time":"2018-03-03T07:36:50+00:00","article_modified_time":"2019-06-26T16:29:15+00:00","og_image":[{"width":1200,"height":800,"url":"https:\/\/www.salzburgerland.com\/de\/magazin\/wp-content\/uploads\/2018\/03\/MG_7650.jpg","type":"image\/jpeg"}],"author":"Ulli Hammerl","twitter_card":"summary_large_image","twitter_creator":"@Salzburgerland","twitter_site":"@Salzburgerland","twitter_misc":{"Verfasst von":"Ulli Hammerl","Gesch\u00e4tzte Lesezeit":"4\u00a0Minuten"},"schema":{"@context":"https:\/\/schema.org","@graph":[{"@type":"Article","@id":"https:\/\/www.salzburgerland.com\/de\/magazin\/ski-amade-made-my-day\/#article","isPartOf":{"@id":"https:\/\/www.salzburgerland.com\/de\/magazin\/ski-amade-made-my-day\/"},"author":{"name":"Ulli Hammerl","@id":"https:\/\/www.salzburgerland.com\/de\/magazin\/#\/schema\/person\/a55a4fee1009b9e458d298480a18a9f7"},"headline":"Ski Amad\u00e9: Made my day","datePublished":"2018-03-03T07:36:50+00:00","dateModified":"2019-06-26T16:29:15+00:00","mainEntityOfPage":{"@id":"https:\/\/www.salzburgerland.com\/de\/magazin\/ski-amade-made-my-day\/"},"wordCount":794,"commentCount":0,"publisher":{"@id":"https:\/\/www.salzburgerland.com\/de\/magazin\/#organization"},"image":{"@id":"https:\/\/www.salzburgerland.com\/de\/magazin\/ski-amade-made-my-day\/#primaryimage"},"thumbnailUrl":"https:\/\/www.salzburgerland.com\/de\/magazin\/wp-content\/uploads\/2018\/03\/MG_7650.jpg","articleSection":["Outdoor &amp; Sport"],"inLanguage":"de","potentialAction":[{"@type":"CommentAction","name":"Comment","target":["https:\/\/www.salzburgerland.com\/de\/magazin\/ski-amade-made-my-day\/#respond"]}]},{"@type":"WebPage","@id":"https:\/\/www.salzburgerland.com\/de\/magazin\/ski-amade-made-my-day\/","url":"https:\/\/www.salzburgerland.com\/de\/magazin\/ski-amade-made-my-day\/","name":"Ski Amad\u00e9: Made my day - SalzburgerLand Magazin","isPartOf":{"@id":"https:\/\/www.salzburgerland.com\/de\/magazin\/#website"},"primaryImageOfPage":{"@id":"https:\/\/www.salzburgerland.com\/de\/magazin\/ski-amade-made-my-day\/#primaryimage"},"image":{"@id":"https:\/\/www.salzburgerland.com\/de\/magazin\/ski-amade-made-my-day\/#primaryimage"},"thumbnailUrl":"https:\/\/www.salzburgerland.com\/de\/magazin\/wp-content\/uploads\/2018\/03\/MG_7650.jpg","datePublished":"2018-03-03T07:36:50+00:00","dateModified":"2019-06-26T16:29:15+00:00","breadcrumb":{"@id":"https:\/\/www.salzburgerland.com\/de\/magazin\/ski-amade-made-my-day\/#breadcrumb"},"inLanguage":"de","potentialAction":[{"@type":"ReadAction","target":["https:\/\/www.salzburgerland.com\/de\/magazin\/ski-amade-made-my-day\/"]}]},{"@type":"ImageObject","inLanguage":"de","@id":"https:\/\/www.salzburgerland.com\/de\/magazin\/ski-amade-made-my-day\/#primaryimage","url":"https:\/\/www.salzburgerland.com\/de\/magazin\/wp-content\/uploads\/2018\/03\/MG_7650.jpg","contentUrl":"https:\/\/www.salzburgerland.com\/de\/magazin\/wp-content\/uploads\/2018\/03\/MG_7650.jpg","width":1200,"height":800,"caption":"Rote Seilbahn f\u00e4hrt \u00fcber verschneite Berge an einem sonnigen Tag mit strahlend blauem Himmel."},{"@type":"BreadcrumbList","@id":"https:\/\/www.salzburgerland.com\/de\/magazin\/ski-amade-made-my-day\/#breadcrumb","itemListElement":[{"@type":"ListItem","position":1,"name":"Startseite","item":"https:\/\/www.salzburgerland.com\/de\/magazin\/"},{"@type":"ListItem","position":2,"name":"Outdoor &amp; Sport","item":"https:\/\/www.salzburgerland.com\/de\/magazin\/thema\/outdoor-sport\/"},{"@type":"ListItem","position":3,"name":"Ski Amad\u00e9: Made my day"}]},{"@type":"WebSite","@id":"https:\/\/www.salzburgerland.com\/de\/magazin\/#website","url":"https:\/\/www.salzburgerland.com\/de\/magazin\/","name":"SalzburgerLand Magazin","description":"Geschichten und Interessantes aus dem SalzburgerLand","publisher":{"@id":"https:\/\/www.salzburgerland.com\/de\/magazin\/#organization"},"potentialAction":[{"@type":"SearchAction","target":{"@type":"EntryPoint","urlTemplate":"https:\/\/www.salzburgerland.com\/de\/magazin\/?s={search_term_string}"},"query-input":{"@type":"PropertyValueSpecification","valueRequired":true,"valueName":"search_term_string"}}],"inLanguage":"de"},{"@type":"Organization","@id":"https:\/\/www.salzburgerland.com\/de\/magazin\/#organization","name":"SalzburgerLand Tourismus","url":"https:\/\/www.salzburgerland.com\/de\/magazin\/","logo":{"@type":"ImageObject","inLanguage":"de","@id":"https:\/\/www.salzburgerland.com\/de\/magazin\/#\/schema\/logo\/image\/","url":"https:\/\/www.salzburgerland.com\/de\/magazin\/wp-content\/uploads\/2019\/06\/salzburgerland-logo1.jpg","contentUrl":"https:\/\/www.salzburgerland.com\/de\/magazin\/wp-content\/uploads\/2019\/06\/salzburgerland-logo1.jpg","width":2011,"height":866,"caption":"SalzburgerLand Tourismus"},"image":{"@id":"https:\/\/www.salzburgerland.com\/de\/magazin\/#\/schema\/logo\/image\/"},"sameAs":["https:\/\/www.facebook.com\/salzburgerland\/","https:\/\/x.com\/Salzburgerland","https:\/\/www.instagram.com\/salzburgerland\/","https:\/\/at.linkedin.com\/company\/salzburgerland-tourismus-gmbh","https:\/\/www.pinterest.at\/salzburgerland\/","https:\/\/www.youtube.com\/user\/salzburgerland","https:\/\/de.wikipedia.org\/wiki\/SalzburgerLand_Tourismus_GmbH"]},{"@type":"Person","@id":"https:\/\/www.salzburgerland.com\/de\/magazin\/#\/schema\/person\/a55a4fee1009b9e458d298480a18a9f7","name":"Ulli Hammerl","description":"Geboren und aufgewachsen in der Stadt Salzburg war Ulli Hammerl fr\u00fch bewusst, in einer der sch\u00f6nsten St\u00e4dte der Welt zu leben. So ist sie auch w\u00e4hrend ihres Studiums der Kommunikationswissenschaft und \u00d6kologie ihrer Heimatstadt treu geblieben. Gleich nach dem Studium ist sie zu SalzburgerLand Tourismus (SLTG) gegangen und hat hier von 1998 - 2004 u.a. die SalzburgerLand Card betreut. Dabei ist sie viel herumgekommen, wodurch auch die Liebe zum SalzburgerLand enstanden und gewachsen ist. Nach der Geburt ihrer Tochter im September 2004 hat sich Ulli Hammerl 2007 mit einer Agentur selbst\u00e4ndig gemacht. Mein pers\u00f6nlicher Logenplatz: Hoch \u00fcber Salzburg, abseits der stark begangenen Wege mit Blick auf die D\u00e4cher und Kircht\u00fcrme der Stadt \u2013 hier geht mir das Herz auf! Morgen- oder Abendmensch: Ganz klar: Morgenmensch. Wenn um 5.00 Uhr fr\u00fch die V\u00f6gel zwitschern und rund herum noch alles in tiefer Ruhe versinkt, dann ist meine Zeit. Ausgeschlafen, Energie geladen und voller Tatendrang starte ich am liebsten in den fr\u00fchen Morgenstunden in den Tag. Daf\u00fcr kann man nach 21.00 Uhr nicht mehr mit mir rechnen. Buch oder Film: Es gibt nichts Sch\u00f6neres, als es sich am Ende des Tages auf der Couch gem\u00fctlich zu machen und in die Gedankenwelt eines guten Buches einzutauchen \u2013 Lesen ist Abenteuer im Kopf. Wandern, Spazierengehen oder Laufen: alles drei und zwar am besten jeden Tag. Mit ein bisschen Zeiteinteilung geht es sich tats\u00e4chlich fast gehen Tag aus, drau\u00dfen unterwegs zu sein. Fr\u00fchling, Sommer, Herbst oder Winter: Ich kann es im Fr\u00fchling kaum erwarten, die ersten Gr\u00fcnschattierungen in der Natur zu entdecken. Ich liebe hei\u00dfe Sommertage am See und laue Sommerabende am Balkon. Ich mag es, wenn im Herbst die W\u00e4lder in einem Meer aus Farben erstrahlen, Laubrascheln und Kastanien sammeln. Und ich freue mich wie ein Kind, wenn im Dezember die ersten Schneeflocken vom Himmel schweben. Die vier Jahreszeiten sind etwas Wunderbares.","url":"https:\/\/www.salzburgerland.com\/de\/magazin\/author\/ulli-hammerl\/"}]}},"_wl_alt_label":[],"wl:entity_url":"http:\/\/open.salzburgerland.com\/magazin\/post\/ski_amade__made_my_day","_links":{"self":[{"href":"https:\/\/www.salzburgerland.com\/de\/magazin\/wp-json\/wp\/v2\/posts\/121401","targetHints":{"allow":["GET"]}}],"collection":[{"href":"https:\/\/www.salzburgerland.com\/de\/magazin\/wp-json\/wp\/v2\/posts"}],"about":[{"href":"https:\/\/www.salzburgerland.com\/de\/magazin\/wp-json\/wp\/v2\/types\/post"}],"author":[{"embeddable":true,"href":"https:\/\/www.salzburgerland.com\/de\/magazin\/wp-json\/wp\/v2\/users\/90"}],"replies":[{"embeddable":true,"href":"https:\/\/www.salzburgerland.com\/de\/magazin\/wp-json\/wp\/v2\/comments?post=121401"}],"version-history":[{"count":0,"href":"https:\/\/www.salzburgerland.com\/de\/magazin\/wp-json\/wp\/v2\/posts\/121401\/revisions"}],"wp:featuredmedia":[{"embeddable":true,"href":"https:\/\/www.salzburgerland.com\/de\/magazin\/wp-json\/wp\/v2\/media\/121403"}],"wp:attachment":[{"href":"https:\/\/www.salzburgerland.com\/de\/magazin\/wp-json\/wp\/v2\/media?parent=121401"}],"wp:term":[{"taxonomy":"category","embeddable":true,"href":"https:\/\/www.salzburgerland.com\/de\/magazin\/wp-json\/wp\/v2\/categories?post=121401"},{"taxonomy":"post_tag","embeddable":true,"href":"https:\/\/www.salzburgerland.com\/de\/magazin\/wp-json\/wp\/v2\/tags?post=121401"},{"taxonomy":"wl_entity_type","embeddable":true,"href":"https:\/\/www.salzburgerland.com\/de\/magazin\/wp-json\/wp\/v2\/wl_entity_type?post=121401"},{"taxonomy":"monatsauswahl","embeddable":true,"href":"https:\/\/www.salzburgerland.com\/de\/magazin\/wp-json\/wp\/v2\/monatsauswahl?post=121401"}],"curies":[{"name":"wp","href":"https:\/\/api.w.org\/{rel}","templated":true}]}}