{"id":120162,"date":"2017-12-12T12:01:32","date_gmt":"2017-12-12T11:01:32","guid":{"rendered":"https:\/\/www.salzburgerland.com\/de\/magazin\/?p=120162"},"modified":"2023-06-22T08:33:43","modified_gmt":"2023-06-22T06:33:43","slug":"myinstaweekend-im-salzburgerland","status":"publish","type":"post","link":"https:\/\/www.salzburgerland.com\/de\/magazin\/myinstaweekend-im-salzburgerland\/","title":{"rendered":"#MYINSTAWEEKEND IM SALZBURGERLAND"},"content":{"rendered":"<p><strong>Von seiner sch\u00f6nsten Seite zeigte sich Altenmarkt-Zauchensee beim vierten Stopp der SalzburgerLand <a href=\"https:\/\/www.instagram.com\/explore\/tags\/myinstaweekend\" target=\"_blank\" rel=\"noopener noreferrer\">#myinstaweekend<\/a> Tournee mit neun Outdoor-Influencern aus \u00d6sterreich und Deutschland. Und auch Lokalmatador &amp; Ski-Weltmeister Michael Walchhofer lie\u00df es sich nicht nehmen, mit den Instagram-Stars pers\u00f6nlich durch \u201esein\u201c Zauchensee zu carven.<\/strong><\/p>\n<h3>Winter-Wonderland Altenmarkt-Zauchensee<\/h3>\n<p>Strahlender Sonnenschein, perfekt pr\u00e4parierte Pisten, Powder f\u00fcr geniales Freeriden, ein abwechslungsreiches Abendprogramm und nat\u00fcrlich ein weltmeisterliches Ski-Date mit dem ehemaligen \u00d6SV-Abfahrtsstar und Hotelier Michael Walchhofer in \u201eseinem\u201c <a href=\"http:\/\/www.zauchensee.at\/\" target=\"_blank\" rel=\"noopener noreferrer\">Zauchensee<\/a>: Das waren die absoluten Highlights des vierten \u201eInsta-Weekends\u201c von 6. bis 10. Dezember 2017 in <a href=\"http:\/\/www.zauchensee.at\/\" target=\"_blank\" rel=\"noopener noreferrer\">Altenmarkt-Zauchensee<\/a>.<\/p>\n<p><img loading=\"lazy\" decoding=\"async\" class=\"alignleft wp-image-120170 size-magazine-halb\" src=\"https:\/\/www.salzburgerland.com\/de\/magazin\/wp-content\/uploads\/2017\/12\/cLisaBinderberger_BoomCreativeLabGmbH-24-300x225.jpg\" alt=\"#myinstaweekend SalzburgerLand, Bluemoonthecrew\" width=\"300\" height=\"225\">\u201eAltenmarkt und Zauchensee haben sich uns als wahres Winter-Wonderland pr\u00e4sentiert\u201c, schw\u00e4rmen die Instagram-Stars Viktoria &amp; Michael (<a href=\"https:\/\/www.instagram.com\/bluemoonthecrew\/\" target=\"_blank\" rel=\"noopener noreferrer\">@bluemoonthecrew<\/a>) aus der Steiermark. \u201eWir waren zum ersten Mal hier und sind wunschlos gl\u00fccklich. Vom Freeriden \u00fcbers Tourengehen und Schneeschuhwandern bis zum Nachtrodeln und Carven auf der optimal pr\u00e4parierten Piste haben wir alles ausprobiert \u2013 und es war einfach traumhaft. Das haben wir auch unseren Instagram-Fans mit Fotos und Videos weitererz\u00e4hlt. Wir kommen auf jeden Fall wieder!\u201c<br \/>\nAuch Veronika Scheffer, Gesch\u00e4ftsf\u00fchrerin der Seilbahngesellschaft Zauchensee, war live dabei beim Insta-Weekend mit den Outdoor-Influencern. Sie gew\u00e4hrte ihnen bei einem gemeinsamen Fr\u00fchst\u00fcck auf der Gamskogelh\u00fctte Einblicke hinter die Kulissen der Seilbahngesellschaft Zauchensee und der <a href=\"http:\/\/www.zauchensee.at\" target=\"_blank\" rel=\"noopener noreferrer\">Wander- und Skiregion Altenmarkt-Zauchensee<\/a>.<\/p>\n<h3>Skifahren mit dem Weltmeister<\/h3>\n<p><img loading=\"lazy\" decoding=\"async\" class=\"alignnone size-singlePost wp-image-120157\" src=\"https:\/\/www.salzburgerland.com\/de\/magazin\/wp-content\/uploads\/2017\/12\/cLisaBinderberger_BoomCreativeLabGmbH-9-650x435.jpg\" alt=\"Michael Walchhofer, Altenmarkt-Zauchensee, #myinstaweekend, SalzburgerLand\" width=\"650\" height=\"435\"><\/p>\n<p>F\u00fcr Ex-\u00d6SV-Star Michael Walchhofer, seines Zeichens auch Lokalmatador und Inhaber dreier Hotels in Zauchensee, war es der erste Kontakt mit Influencern \u2013 und es hat ihm sichtlich Spa\u00df gemacht. W\u00e4hrend der Guided Tour durch seine \u201ePisten-Heimat\u201c schnappte er sich auch mal die GoPro von Silvio Hartert (<a href=\"https:\/\/www.instagram.com\/silvio.ha\/\" target=\"_blank\" rel=\"noopener noreferrer\">@silvio.ha<\/a>) und filmte sich bei einer rasanten Abfahrt nach Zauchensee. Privat ist der ehemalige Ski-Star und jetzige \u00d6SV-Vizepr\u00e4sident selten auf Facebook und Instagram anzutreffen, seine Kinder jedoch nutzen die sozialen Medien nat\u00fcrlich schon. \u201eSie kennen sich da besser aus als ich\u201c, schmunzelt Michael Walchhofer.&nbsp;<\/p>\n<p><strong>Unser Tipp:<\/strong> Das Skifahren mit dem Weltmeister ist kein Privileg f\u00fcr internationale Social Influencer, sondern ist ein spezielles Angebot von <a href=\"https:\/\/www.walchhofer.at\/michael-walchhofer\/\" target=\"_blank\" rel=\"noopener noreferrer\">Michael Walchhofer<\/a> f\u00fcr seine Hotelg\u00e4ste. An drei bis vier ausgew\u00e4hlten Terminen k\u00f6nnen G\u00e4ste seiner drei Hotels <a href=\"https:\/\/www.zauchenseehof.com\/\" target=\"_blank\" rel=\"noopener noreferrer\">Familienhotel Zauchenseehof<\/a>, <a href=\"https:\/\/www.zentral.at\/\" target=\"_blank\" rel=\"noopener noreferrer\">Hotel Zauchensee Zentral<\/a> und <a href=\"https:\/\/www.hotel-sportwelt.com\/\" target=\"_blank\" rel=\"noopener noreferrer\">Hotel Sportwelt Walchhofer<\/a> mit dem ehemaligen Abfahrts-Weltmeister carven \u2013 und das ganz ohne Extrakosten.<\/p>\n<h3>Perfekte Pistenverh\u00e4ltnisse in Altenmarkt-Zauchensee<\/h3>\n<p>Die neun Outdoor-Influencer waren nicht nur beeindruckt ob der traumhaften Kulisse des <a href=\"https:\/\/www.instagram.com\/explore\/tags\/myinstaweekend\" target=\"_blank\" rel=\"noopener noreferrer\">#myinstaweekend<\/a> im <a href=\"http:\/\/www.zauchensee.at\/\" target=\"_blank\" rel=\"noopener noreferrer\">Ski- und Wandergebiet Zauchensee<\/a> und von den perfekten Schneebedingungen Anfang Dezember, sondern auch vom Ruhepol <a href=\"https:\/\/www.gasthof-rosner.at\/\" target=\"_blank\" rel=\"noopener noreferrer\">Hotel Rosner<\/a> in Altenmarkt. Das renovierte Traditionshotel pr\u00e4sentierte sich als ideale Homebase f\u00fcr das #myinstaweekend \u2013 die modernen Zimmer und vor allem Sauna und Infrarotkabine sorgten daf\u00fcr, dass sie auch nach einem langen Skitag am n\u00e4chsten Morgen mit frischen Beinen auf der Piste standen.<\/p>\n<h3>Abwechslungsreiches Abendprogramm abseits der Skipiste<\/h3>\n<p>Apropos Abend: Neben den sportlichen Aktivit\u00e4ten rund ums Skifahren, Freeriden und Tourengehen durften die Instagram-Influencer auch das bunte Rahmenprogramm in Altenmarkt-Zauchensee erleben, das den Skig\u00e4sten in der Wintersaison geboten wird: von R\u00e4ucherwanderungen und Nachtrodeln, \u00fcber romantische Kutschenfahrten durch das verschneite Altenmarkt und dem Besuch am stimmungsvollen Altenmarkter Adventmarkt bis hin zum Jodel-Training und Brotbackkurs beim Winterbauer. Die Urlaubsregion Altenmarkt-Zauchensee bewies an diesem Insta-Weekend eindrucksvoll, warum es zu einem der beliebtesten Winterurlaubs-Regionen im SalzburgerLand geh\u00f6rt. \u201eIch war beeindruckt, was man hier in Altenmarkt-Zauchensee auch abseits der Skipiste erleben kann\u201c, betont die Wiener Instagram-Ikone und &#8222;Instagramers Austria&#8220;-Mitbegr\u00fcnder Claudio (<a href=\"https:\/\/www.instagram.com\/claudio.x\/\" target=\"_blank\" rel=\"noopener noreferrer\">@claudio.x<\/a>), der seine Follower auf seinem Instagram-Channel via InstaStorys \u201elive\u201c an seinem Ausflug ins SalzburgerLand teilhaben lie\u00df. \u201eUnd dass \u201aLocal Hero\u2019 Michael Walchhofer mit uns auf der Skipiste unterwegs war und uns seine H\u00fctten- und Freeride-Geheimtipps verraten hat, war nat\u00fcrlich das i-T\u00fcpfelchen beim einfach atemberaubenden Insta-Weekend!\u201c<\/p>\n<p>https:\/\/www.instagram.com\/p\/Bcaihvwj9jL\/?tagged=myinstaweekend<\/p>\n<h3>#MYINSTAWEEKEND GEHT IN DIE N\u00c4CHSTE RUNDE<\/h3>\n<p>Lass dich \u00fcberraschen, wohin die Reise beim n\u00e4chsten SalzburgerLand <a href=\"https:\/\/www.instagram.com\/explore\/tags\/myinstaweekend\" target=\"_blank\" rel=\"noopener noreferrer\">#myinstaweekend<\/a> geht. Aber keine Sorge: In der Zwischenzeit findest du die genialsten Spots und Urlaubs-Tipps f\u00fcrs SalzburgerLand auf unserem Instagram-Channel: <a href=\"https:\/\/www.instagram.com\/salzburgerland\/\" target=\"_blank\" rel=\"noopener noreferrer\">www.instagram.com\/salzburgerland<\/a><\/p>\n","protected":false},"excerpt":{"rendered":"<p>Von seiner sch\u00f6nsten Seite zeigte sich Altenmarkt-Zauchensee beim vierten Stopp der SalzburgerLand #myinstaweekend Tournee mit neun Outdoor-Influencern aus \u00d6sterreich und Deutschland. Und auch Lokalmatador &amp; Ski-Weltmeister Michael Walchhofer lie\u00df es sich nicht nehmen, mit den Instagram-Stars pers\u00f6nlich durch \u201esein\u201c Zauchensee zu carven. Winter-Wonderland Altenmarkt-Zauchensee Strahlender Sonnenschein, perfekt pr\u00e4parierte Pisten, Powder f\u00fcr geniales Freeriden, ein abwechslungsreiches [&hellip;]<\/p>\n","protected":false},"author":544,"featured_media":120171,"comment_status":"open","ping_status":"open","sticky":false,"template":"","format":"standard","meta":{"_acf_changed":false,"wl_entities_gutenberg":"","_wl_entity_redirect_enabled":"","footnotes":""},"categories":[7551],"tags":[],"wl_entity_type":[306],"monatsauswahl":[82,83,84,85,91,92,93],"class_list":["post-120162","post","type-post","status-publish","format-standard","has-post-thumbnail","hentry","category-archiv","wl_entity_type-article","monatsauswahl-monat_1","monatsauswahl-monat_2","monatsauswahl-monat_3","monatsauswahl-monat_4","monatsauswahl-monat_10","monatsauswahl-monat_11","monatsauswahl-monat_12"],"acf":[],"yoast_head":"<!-- This site is optimized with the Yoast SEO Premium plugin v27.4 (Yoast SEO v27.4) - https:\/\/yoast.com\/product\/yoast-seo-premium-wordpress\/ -->\n<title>#MYINSTAWEEKEND IM SALZBURGERLAND - SalzburgerLand Magazin<\/title>\n<meta name=\"description\" content=\"Von seiner sch\u00f6nsten Seite zeigte sich Altenmarkt-Zauchensee beim vierten Stopp der SalzburgerLand #myinstaweekend Tournee mit neun Outdoor-Influencern aus \u00d6sterreich und Deutschland. Und auch Lokalmatador &amp; Ski-Weltmeister Michael Walchhofer lie\u00df es sich nicht nehmen, mit den Instagram-Stars pers\u00f6nlich durch \u201esein\u201c Zauchensee zu carven. Winter-Wonderland Altenmarkt-Zauchensee Strahlender Sonnenschein, perfekt pr\u00e4parierte Pisten, Powder f\u00fcr geniales Freeriden, ein abwechslungsreiches [&hellip;]\" \/>\n<meta name=\"robots\" content=\"noindex, nofollow\" \/>\n<meta property=\"og:locale\" content=\"de_DE\" \/>\n<meta property=\"og:type\" content=\"article\" \/>\n<meta property=\"og:title\" content=\"#MYINSTAWEEKEND IM SALZBURGERLAND\" \/>\n<meta property=\"og:description\" content=\"Von seiner sch\u00f6nsten Seite zeigte sich Altenmarkt-Zauchensee beim vierten Stopp der SalzburgerLand #myinstaweekend Tournee mit neun Outdoor-Influencern aus \u00d6sterreich und Deutschland. Und auch Lokalmatador &amp; Ski-Weltmeister Michael Walchhofer lie\u00df es sich nicht nehmen, mit den Instagram-Stars pers\u00f6nlich durch \u201esein\u201c Zauchensee zu carven. Winter-Wonderland Altenmarkt-Zauchensee Strahlender Sonnenschein, perfekt pr\u00e4parierte Pisten, Powder f\u00fcr geniales Freeriden, ein abwechslungsreiches [&hellip;]\" \/>\n<meta property=\"og:url\" content=\"https:\/\/www.salzburgerland.com\/de\/magazin\/myinstaweekend-im-salzburgerland\/\" \/>\n<meta property=\"og:site_name\" content=\"SalzburgerLand Magazin\" \/>\n<meta property=\"article:publisher\" content=\"https:\/\/www.facebook.com\/salzburgerland\/\" \/>\n<meta property=\"article:published_time\" content=\"2017-12-12T11:01:32+00:00\" \/>\n<meta property=\"article:modified_time\" content=\"2023-06-22T06:33:43+00:00\" \/>\n<meta property=\"og:image\" content=\"https:\/\/www.salzburgerland.com\/de\/magazin\/wp-content\/uploads\/2017\/12\/SLT_myinstaweekend_zweibaum_2.jpg\" \/>\n\t<meta property=\"og:image:width\" content=\"1600\" \/>\n\t<meta property=\"og:image:height\" content=\"1067\" \/>\n\t<meta property=\"og:image:type\" content=\"image\/jpeg\" \/>\n<meta name=\"author\" content=\"G\u00fcnter Baumgartner\" \/>\n<meta name=\"twitter:card\" content=\"summary_large_image\" \/>\n<meta name=\"twitter:creator\" content=\"@Salzburgerland\" \/>\n<meta name=\"twitter:site\" content=\"@Salzburgerland\" \/>\n<meta name=\"twitter:label1\" content=\"Verfasst von\" \/>\n\t<meta name=\"twitter:data1\" content=\"G\u00fcnter Baumgartner\" \/>\n\t<meta name=\"twitter:label2\" content=\"Gesch\u00e4tzte Lesezeit\" \/>\n\t<meta name=\"twitter:data2\" content=\"4\u00a0Minuten\" \/>\n<script type=\"application\/ld+json\" class=\"yoast-schema-graph\">{\"@context\":\"https:\\\/\\\/schema.org\",\"@graph\":[{\"@type\":\"Article\",\"@id\":\"https:\\\/\\\/www.salzburgerland.com\\\/de\\\/magazin\\\/myinstaweekend-im-salzburgerland\\\/#article\",\"isPartOf\":{\"@id\":\"https:\\\/\\\/www.salzburgerland.com\\\/de\\\/magazin\\\/myinstaweekend-im-salzburgerland\\\/\"},\"author\":{\"name\":\"G\u00fcnter Baumgartner\",\"@id\":\"https:\\\/\\\/www.salzburgerland.com\\\/de\\\/magazin\\\/#\\\/schema\\\/person\\\/2e0abbe9392136e19ff0d5c5721aea87\"},\"headline\":\"#MYINSTAWEEKEND IM SALZBURGERLAND\",\"datePublished\":\"2017-12-12T11:01:32+00:00\",\"dateModified\":\"2023-06-22T06:33:43+00:00\",\"mainEntityOfPage\":{\"@id\":\"https:\\\/\\\/www.salzburgerland.com\\\/de\\\/magazin\\\/myinstaweekend-im-salzburgerland\\\/\"},\"wordCount\":664,\"commentCount\":0,\"publisher\":{\"@id\":\"https:\\\/\\\/www.salzburgerland.com\\\/de\\\/magazin\\\/#organization\"},\"image\":{\"@id\":\"https:\\\/\\\/www.salzburgerland.com\\\/de\\\/magazin\\\/myinstaweekend-im-salzburgerland\\\/#primaryimage\"},\"thumbnailUrl\":\"https:\\\/\\\/www.salzburgerland.com\\\/de\\\/magazin\\\/wp-content\\\/uploads\\\/2017\\\/12\\\/SLT_myinstaweekend_zweibaum_2.jpg\",\"articleSection\":[\"Archiv\"],\"inLanguage\":\"de\",\"potentialAction\":[{\"@type\":\"CommentAction\",\"name\":\"Comment\",\"target\":[\"https:\\\/\\\/www.salzburgerland.com\\\/de\\\/magazin\\\/myinstaweekend-im-salzburgerland\\\/#respond\"]}]},{\"@type\":\"WebPage\",\"@id\":\"https:\\\/\\\/www.salzburgerland.com\\\/de\\\/magazin\\\/myinstaweekend-im-salzburgerland\\\/\",\"url\":\"https:\\\/\\\/www.salzburgerland.com\\\/de\\\/magazin\\\/myinstaweekend-im-salzburgerland\\\/\",\"name\":\"#MYINSTAWEEKEND IM SALZBURGERLAND - SalzburgerLand Magazin\",\"isPartOf\":{\"@id\":\"https:\\\/\\\/www.salzburgerland.com\\\/de\\\/magazin\\\/#website\"},\"primaryImageOfPage\":{\"@id\":\"https:\\\/\\\/www.salzburgerland.com\\\/de\\\/magazin\\\/myinstaweekend-im-salzburgerland\\\/#primaryimage\"},\"image\":{\"@id\":\"https:\\\/\\\/www.salzburgerland.com\\\/de\\\/magazin\\\/myinstaweekend-im-salzburgerland\\\/#primaryimage\"},\"thumbnailUrl\":\"https:\\\/\\\/www.salzburgerland.com\\\/de\\\/magazin\\\/wp-content\\\/uploads\\\/2017\\\/12\\\/SLT_myinstaweekend_zweibaum_2.jpg\",\"datePublished\":\"2017-12-12T11:01:32+00:00\",\"dateModified\":\"2023-06-22T06:33:43+00:00\",\"breadcrumb\":{\"@id\":\"https:\\\/\\\/www.salzburgerland.com\\\/de\\\/magazin\\\/myinstaweekend-im-salzburgerland\\\/#breadcrumb\"},\"inLanguage\":\"de\",\"potentialAction\":[{\"@type\":\"ReadAction\",\"target\":[\"https:\\\/\\\/www.salzburgerland.com\\\/de\\\/magazin\\\/myinstaweekend-im-salzburgerland\\\/\"]}]},{\"@type\":\"ImageObject\",\"inLanguage\":\"de\",\"@id\":\"https:\\\/\\\/www.salzburgerland.com\\\/de\\\/magazin\\\/myinstaweekend-im-salzburgerland\\\/#primaryimage\",\"url\":\"https:\\\/\\\/www.salzburgerland.com\\\/de\\\/magazin\\\/wp-content\\\/uploads\\\/2017\\\/12\\\/SLT_myinstaweekend_zweibaum_2.jpg\",\"contentUrl\":\"https:\\\/\\\/www.salzburgerland.com\\\/de\\\/magazin\\\/wp-content\\\/uploads\\\/2017\\\/12\\\/SLT_myinstaweekend_zweibaum_2.jpg\",\"width\":1600,\"height\":1067,\"caption\":\"#myinstaweekend SalzburgerLand\"},{\"@type\":\"BreadcrumbList\",\"@id\":\"https:\\\/\\\/www.salzburgerland.com\\\/de\\\/magazin\\\/myinstaweekend-im-salzburgerland\\\/#breadcrumb\",\"itemListElement\":[{\"@type\":\"ListItem\",\"position\":1,\"name\":\"Startseite\",\"item\":\"https:\\\/\\\/www.salzburgerland.com\\\/de\\\/magazin\\\/\"},{\"@type\":\"ListItem\",\"position\":2,\"name\":\"Archiv\",\"item\":\"https:\\\/\\\/www.salzburgerland.com\\\/de\\\/magazin\\\/thema\\\/archiv\\\/\"},{\"@type\":\"ListItem\",\"position\":3,\"name\":\"#MYINSTAWEEKEND IM SALZBURGERLAND\"}]},{\"@type\":\"WebSite\",\"@id\":\"https:\\\/\\\/www.salzburgerland.com\\\/de\\\/magazin\\\/#website\",\"url\":\"https:\\\/\\\/www.salzburgerland.com\\\/de\\\/magazin\\\/\",\"name\":\"SalzburgerLand Magazin\",\"description\":\"Geschichten und Interessantes aus dem SalzburgerLand\",\"publisher\":{\"@id\":\"https:\\\/\\\/www.salzburgerland.com\\\/de\\\/magazin\\\/#organization\"},\"potentialAction\":[{\"@type\":\"SearchAction\",\"target\":{\"@type\":\"EntryPoint\",\"urlTemplate\":\"https:\\\/\\\/www.salzburgerland.com\\\/de\\\/magazin\\\/?s={search_term_string}\"},\"query-input\":{\"@type\":\"PropertyValueSpecification\",\"valueRequired\":true,\"valueName\":\"search_term_string\"}}],\"inLanguage\":\"de\"},{\"@type\":\"Organization\",\"@id\":\"https:\\\/\\\/www.salzburgerland.com\\\/de\\\/magazin\\\/#organization\",\"name\":\"SalzburgerLand Tourismus\",\"url\":\"https:\\\/\\\/www.salzburgerland.com\\\/de\\\/magazin\\\/\",\"logo\":{\"@type\":\"ImageObject\",\"inLanguage\":\"de\",\"@id\":\"https:\\\/\\\/www.salzburgerland.com\\\/de\\\/magazin\\\/#\\\/schema\\\/logo\\\/image\\\/\",\"url\":\"https:\\\/\\\/www.salzburgerland.com\\\/de\\\/magazin\\\/wp-content\\\/uploads\\\/2019\\\/06\\\/salzburgerland-logo1.jpg\",\"contentUrl\":\"https:\\\/\\\/www.salzburgerland.com\\\/de\\\/magazin\\\/wp-content\\\/uploads\\\/2019\\\/06\\\/salzburgerland-logo1.jpg\",\"width\":2011,\"height\":866,\"caption\":\"SalzburgerLand Tourismus\"},\"image\":{\"@id\":\"https:\\\/\\\/www.salzburgerland.com\\\/de\\\/magazin\\\/#\\\/schema\\\/logo\\\/image\\\/\"},\"sameAs\":[\"https:\\\/\\\/www.facebook.com\\\/salzburgerland\\\/\",\"https:\\\/\\\/x.com\\\/Salzburgerland\",\"https:\\\/\\\/www.instagram.com\\\/salzburgerland\\\/\",\"https:\\\/\\\/at.linkedin.com\\\/company\\\/salzburgerland-tourismus-gmbh\",\"https:\\\/\\\/www.pinterest.at\\\/salzburgerland\\\/\",\"https:\\\/\\\/www.youtube.com\\\/user\\\/salzburgerland\",\"https:\\\/\\\/de.wikipedia.org\\\/wiki\\\/SalzburgerLand_Tourismus_GmbH\"]},{\"@type\":\"Person\",\"@id\":\"https:\\\/\\\/www.salzburgerland.com\\\/de\\\/magazin\\\/#\\\/schema\\\/person\\\/2e0abbe9392136e19ff0d5c5721aea87\",\"name\":\"G\u00fcnter Baumgartner\",\"url\":\"https:\\\/\\\/www.salzburgerland.com\\\/de\\\/magazin\\\/author\\\/guenter-baumgartner\\\/\"}]}<\/script>\n<!-- \/ Yoast SEO Premium plugin. -->","yoast_head_json":{"title":"#MYINSTAWEEKEND IM SALZBURGERLAND - SalzburgerLand Magazin","description":"Von seiner sch\u00f6nsten Seite zeigte sich Altenmarkt-Zauchensee beim vierten Stopp der SalzburgerLand #myinstaweekend Tournee mit neun Outdoor-Influencern aus \u00d6sterreich und Deutschland. Und auch Lokalmatador &amp; Ski-Weltmeister Michael Walchhofer lie\u00df es sich nicht nehmen, mit den Instagram-Stars pers\u00f6nlich durch \u201esein\u201c Zauchensee zu carven. Winter-Wonderland Altenmarkt-Zauchensee Strahlender Sonnenschein, perfekt pr\u00e4parierte Pisten, Powder f\u00fcr geniales Freeriden, ein abwechslungsreiches [&hellip;]","robots":{"index":"noindex","follow":"nofollow"},"og_locale":"de_DE","og_type":"article","og_title":"#MYINSTAWEEKEND IM SALZBURGERLAND","og_description":"Von seiner sch\u00f6nsten Seite zeigte sich Altenmarkt-Zauchensee beim vierten Stopp der SalzburgerLand #myinstaweekend Tournee mit neun Outdoor-Influencern aus \u00d6sterreich und Deutschland. Und auch Lokalmatador &amp; Ski-Weltmeister Michael Walchhofer lie\u00df es sich nicht nehmen, mit den Instagram-Stars pers\u00f6nlich durch \u201esein\u201c Zauchensee zu carven. Winter-Wonderland Altenmarkt-Zauchensee Strahlender Sonnenschein, perfekt pr\u00e4parierte Pisten, Powder f\u00fcr geniales Freeriden, ein abwechslungsreiches [&hellip;]","og_url":"https:\/\/www.salzburgerland.com\/de\/magazin\/myinstaweekend-im-salzburgerland\/","og_site_name":"SalzburgerLand Magazin","article_publisher":"https:\/\/www.facebook.com\/salzburgerland\/","article_published_time":"2017-12-12T11:01:32+00:00","article_modified_time":"2023-06-22T06:33:43+00:00","og_image":[{"width":1600,"height":1067,"url":"https:\/\/www.salzburgerland.com\/de\/magazin\/wp-content\/uploads\/2017\/12\/SLT_myinstaweekend_zweibaum_2.jpg","type":"image\/jpeg"}],"author":"G\u00fcnter Baumgartner","twitter_card":"summary_large_image","twitter_creator":"@Salzburgerland","twitter_site":"@Salzburgerland","twitter_misc":{"Verfasst von":"G\u00fcnter Baumgartner","Gesch\u00e4tzte Lesezeit":"4\u00a0Minuten"},"schema":{"@context":"https:\/\/schema.org","@graph":[{"@type":"Article","@id":"https:\/\/www.salzburgerland.com\/de\/magazin\/myinstaweekend-im-salzburgerland\/#article","isPartOf":{"@id":"https:\/\/www.salzburgerland.com\/de\/magazin\/myinstaweekend-im-salzburgerland\/"},"author":{"name":"G\u00fcnter Baumgartner","@id":"https:\/\/www.salzburgerland.com\/de\/magazin\/#\/schema\/person\/2e0abbe9392136e19ff0d5c5721aea87"},"headline":"#MYINSTAWEEKEND IM SALZBURGERLAND","datePublished":"2017-12-12T11:01:32+00:00","dateModified":"2023-06-22T06:33:43+00:00","mainEntityOfPage":{"@id":"https:\/\/www.salzburgerland.com\/de\/magazin\/myinstaweekend-im-salzburgerland\/"},"wordCount":664,"commentCount":0,"publisher":{"@id":"https:\/\/www.salzburgerland.com\/de\/magazin\/#organization"},"image":{"@id":"https:\/\/www.salzburgerland.com\/de\/magazin\/myinstaweekend-im-salzburgerland\/#primaryimage"},"thumbnailUrl":"https:\/\/www.salzburgerland.com\/de\/magazin\/wp-content\/uploads\/2017\/12\/SLT_myinstaweekend_zweibaum_2.jpg","articleSection":["Archiv"],"inLanguage":"de","potentialAction":[{"@type":"CommentAction","name":"Comment","target":["https:\/\/www.salzburgerland.com\/de\/magazin\/myinstaweekend-im-salzburgerland\/#respond"]}]},{"@type":"WebPage","@id":"https:\/\/www.salzburgerland.com\/de\/magazin\/myinstaweekend-im-salzburgerland\/","url":"https:\/\/www.salzburgerland.com\/de\/magazin\/myinstaweekend-im-salzburgerland\/","name":"#MYINSTAWEEKEND IM SALZBURGERLAND - SalzburgerLand Magazin","isPartOf":{"@id":"https:\/\/www.salzburgerland.com\/de\/magazin\/#website"},"primaryImageOfPage":{"@id":"https:\/\/www.salzburgerland.com\/de\/magazin\/myinstaweekend-im-salzburgerland\/#primaryimage"},"image":{"@id":"https:\/\/www.salzburgerland.com\/de\/magazin\/myinstaweekend-im-salzburgerland\/#primaryimage"},"thumbnailUrl":"https:\/\/www.salzburgerland.com\/de\/magazin\/wp-content\/uploads\/2017\/12\/SLT_myinstaweekend_zweibaum_2.jpg","datePublished":"2017-12-12T11:01:32+00:00","dateModified":"2023-06-22T06:33:43+00:00","breadcrumb":{"@id":"https:\/\/www.salzburgerland.com\/de\/magazin\/myinstaweekend-im-salzburgerland\/#breadcrumb"},"inLanguage":"de","potentialAction":[{"@type":"ReadAction","target":["https:\/\/www.salzburgerland.com\/de\/magazin\/myinstaweekend-im-salzburgerland\/"]}]},{"@type":"ImageObject","inLanguage":"de","@id":"https:\/\/www.salzburgerland.com\/de\/magazin\/myinstaweekend-im-salzburgerland\/#primaryimage","url":"https:\/\/www.salzburgerland.com\/de\/magazin\/wp-content\/uploads\/2017\/12\/SLT_myinstaweekend_zweibaum_2.jpg","contentUrl":"https:\/\/www.salzburgerland.com\/de\/magazin\/wp-content\/uploads\/2017\/12\/SLT_myinstaweekend_zweibaum_2.jpg","width":1600,"height":1067,"caption":"#myinstaweekend SalzburgerLand"},{"@type":"BreadcrumbList","@id":"https:\/\/www.salzburgerland.com\/de\/magazin\/myinstaweekend-im-salzburgerland\/#breadcrumb","itemListElement":[{"@type":"ListItem","position":1,"name":"Startseite","item":"https:\/\/www.salzburgerland.com\/de\/magazin\/"},{"@type":"ListItem","position":2,"name":"Archiv","item":"https:\/\/www.salzburgerland.com\/de\/magazin\/thema\/archiv\/"},{"@type":"ListItem","position":3,"name":"#MYINSTAWEEKEND IM SALZBURGERLAND"}]},{"@type":"WebSite","@id":"https:\/\/www.salzburgerland.com\/de\/magazin\/#website","url":"https:\/\/www.salzburgerland.com\/de\/magazin\/","name":"SalzburgerLand Magazin","description":"Geschichten und Interessantes aus dem SalzburgerLand","publisher":{"@id":"https:\/\/www.salzburgerland.com\/de\/magazin\/#organization"},"potentialAction":[{"@type":"SearchAction","target":{"@type":"EntryPoint","urlTemplate":"https:\/\/www.salzburgerland.com\/de\/magazin\/?s={search_term_string}"},"query-input":{"@type":"PropertyValueSpecification","valueRequired":true,"valueName":"search_term_string"}}],"inLanguage":"de"},{"@type":"Organization","@id":"https:\/\/www.salzburgerland.com\/de\/magazin\/#organization","name":"SalzburgerLand Tourismus","url":"https:\/\/www.salzburgerland.com\/de\/magazin\/","logo":{"@type":"ImageObject","inLanguage":"de","@id":"https:\/\/www.salzburgerland.com\/de\/magazin\/#\/schema\/logo\/image\/","url":"https:\/\/www.salzburgerland.com\/de\/magazin\/wp-content\/uploads\/2019\/06\/salzburgerland-logo1.jpg","contentUrl":"https:\/\/www.salzburgerland.com\/de\/magazin\/wp-content\/uploads\/2019\/06\/salzburgerland-logo1.jpg","width":2011,"height":866,"caption":"SalzburgerLand Tourismus"},"image":{"@id":"https:\/\/www.salzburgerland.com\/de\/magazin\/#\/schema\/logo\/image\/"},"sameAs":["https:\/\/www.facebook.com\/salzburgerland\/","https:\/\/x.com\/Salzburgerland","https:\/\/www.instagram.com\/salzburgerland\/","https:\/\/at.linkedin.com\/company\/salzburgerland-tourismus-gmbh","https:\/\/www.pinterest.at\/salzburgerland\/","https:\/\/www.youtube.com\/user\/salzburgerland","https:\/\/de.wikipedia.org\/wiki\/SalzburgerLand_Tourismus_GmbH"]},{"@type":"Person","@id":"https:\/\/www.salzburgerland.com\/de\/magazin\/#\/schema\/person\/2e0abbe9392136e19ff0d5c5721aea87","name":"G\u00fcnter Baumgartner","url":"https:\/\/www.salzburgerland.com\/de\/magazin\/author\/guenter-baumgartner\/"}]}},"_wl_alt_label":[],"wl:entity_url":"http:\/\/open.salzburgerland.com\/magazin\/post\/myinstaweekend_im_salzburgerland","_links":{"self":[{"href":"https:\/\/www.salzburgerland.com\/de\/magazin\/wp-json\/wp\/v2\/posts\/120162","targetHints":{"allow":["GET"]}}],"collection":[{"href":"https:\/\/www.salzburgerland.com\/de\/magazin\/wp-json\/wp\/v2\/posts"}],"about":[{"href":"https:\/\/www.salzburgerland.com\/de\/magazin\/wp-json\/wp\/v2\/types\/post"}],"author":[{"embeddable":true,"href":"https:\/\/www.salzburgerland.com\/de\/magazin\/wp-json\/wp\/v2\/users\/544"}],"replies":[{"embeddable":true,"href":"https:\/\/www.salzburgerland.com\/de\/magazin\/wp-json\/wp\/v2\/comments?post=120162"}],"version-history":[{"count":1,"href":"https:\/\/www.salzburgerland.com\/de\/magazin\/wp-json\/wp\/v2\/posts\/120162\/revisions"}],"predecessor-version":[{"id":167686,"href":"https:\/\/www.salzburgerland.com\/de\/magazin\/wp-json\/wp\/v2\/posts\/120162\/revisions\/167686"}],"wp:featuredmedia":[{"embeddable":true,"href":"https:\/\/www.salzburgerland.com\/de\/magazin\/wp-json\/wp\/v2\/media\/120171"}],"wp:attachment":[{"href":"https:\/\/www.salzburgerland.com\/de\/magazin\/wp-json\/wp\/v2\/media?parent=120162"}],"wp:term":[{"taxonomy":"category","embeddable":true,"href":"https:\/\/www.salzburgerland.com\/de\/magazin\/wp-json\/wp\/v2\/categories?post=120162"},{"taxonomy":"post_tag","embeddable":true,"href":"https:\/\/www.salzburgerland.com\/de\/magazin\/wp-json\/wp\/v2\/tags?post=120162"},{"taxonomy":"wl_entity_type","embeddable":true,"href":"https:\/\/www.salzburgerland.com\/de\/magazin\/wp-json\/wp\/v2\/wl_entity_type?post=120162"},{"taxonomy":"monatsauswahl","embeddable":true,"href":"https:\/\/www.salzburgerland.com\/de\/magazin\/wp-json\/wp\/v2\/monatsauswahl?post=120162"}],"curies":[{"name":"wp","href":"https:\/\/api.w.org\/{rel}","templated":true}]}}