{"id":119748,"date":"2017-12-05T13:52:54","date_gmt":"2017-12-05T12:52:54","guid":{"rendered":"https:\/\/www.salzburgerland.com\/de\/magazin\/?p=119748"},"modified":"2024-11-08T15:26:21","modified_gmt":"2024-11-08T14:26:21","slug":"zauberhafte-weihnachtswunderwelt-st-peter","status":"publish","type":"post","link":"https:\/\/www.salzburgerland.com\/de\/magazin\/zauberhafte-weihnachtswunderwelt-st-peter\/","title":{"rendered":"Zauberhafte Weihnachtswunderwelt St. Peter"},"content":{"rendered":"<p><strong>In Stadt und Land Salzburg gibt es zahlreiche M\u00f6glichkeiten, den Adentzauber auf den traditionellen Advent- und Weihnachtsm\u00e4rkten zu erleben. Zu diesen besonderen Weihnachtsm\u00e4rkten geh\u00f6rt auch die Weihnachtswunderwelt in St. Peter.<\/strong><\/p>\n<p>Der Advent ist f\u00fcr viele die sch\u00f6nste Zeit des Jahres. Die Wochen vor dem Heiligen Abend sind im SalzburgerLand als die &#8222;staade Zeit&#8220; bekannt. Ob beim Kekserlbacken (<strong><a href=\"https:\/\/www.salzburgerland.com\/de\/magazin\/index.php?s=kekse\" target=\"_blank\" rel=\"noopener noreferrer\">hier<\/a> <\/strong>geht`s zu unseren liebsten Rezepten) oder bei den stimmungsvollen Adventm\u00e4rkten, in der Vorweihnachtszeit liegt dieser besondere Zauber in der Luft.<\/p>\n<h3>Hei\u00dfer Punsch &amp; feine K\u00f6stlichkeiten<\/h3>\n<p>Schon beim Eingang zum Stiftskulinarium St. Peter , das seit 803 als eine der \u00e4ltesten Genussadressen der Stadt Salzburg bekannt ist, laden die sattgr\u00fcnen Tannen- und Fichtenzweige zum N\u00e4herkommen ein. Durch den gr\u00fcn geschm\u00fcckten Bogen f\u00fchrt der Weg hinein zu den Katakomben. Klein und fein ist dieser Weihnachtsmarkt, daf\u00fcr umso romantischer. Geschmackvolle Dekorationen mit viel Naturmaterialien wie Holz und Tannenzweigen machen diesen Adventmarkt so authentisch. W\u00e4hrend unweit beim Salzburger Christkindlmarkt zahlreiche St\u00e4nde und H\u00fctten mit Geschenkideen und Leckereien locken, gibt es in der Weihnachtswunderwelt St. Peter einen traditionellen Punschstand. Neben hei\u00dfem Kinderpunsch und k\u00f6stlichem Gl\u00fchwein, s\u00fc\u00dfem Orangenpunsch und Gl\u00fchmost\u00a0 gibt es dort auch pikante Gen\u00fcsse wie Sauerteigbrot mit wahlweise Speck, Verhackertem oder Erd\u00e4pfelk\u00e4se.<\/p>\n<div class=\"mag-gallery\"><div class=\"row\"><div class=\"col-6 col-sm-4\"><figure><a class=\"thumb-container\" href=\"https:\/\/www.salzburgerland.com\/de\/magazin\/wp-content\/uploads\/2017\/12\/stpeteradventeingang-1280x1024.jpg\">\t<picture><source media=\"(min-width: 576px)\" srcset=\"https:\/\/www.salzburgerland.com\/de\/magazin\/wp-content\/uploads\/2017\/12\/stpeteradventeingang-325x209.jpg 325w, https:\/\/www.salzburgerland.com\/de\/magazin\/wp-content\/uploads\/2017\/12\/stpeteradventeingang-249x160.jpg 249w\" \/><source media=\"(min-width: 0)\" srcset=\"https:\/\/www.salzburgerland.com\/de\/magazin\/wp-content\/uploads\/2017\/12\/stpeteradventeingang-249x160.jpg 249w, https:\/\/www.salzburgerland.com\/de\/magazin\/wp-content\/uploads\/2017\/12\/stpeteradventeingang-325x209.jpg 325w\" \/><img decoding=\"async\" alt=\"Eingangstor mit der Aufschrift ERZABTEI ST. PETER, der zu einem Innenhof f\u00fchrt, in dem in der Ferne Menschen zu sehen sind.\" src=\"https:\/\/www.salzburgerland.com\/de\/magazin\/wp-content\/uploads\/2017\/12\/stpeteradventeingang.jpg\" \/>\t<\/picture><\/a><\/figure><\/div><div class=\"col-6 col-sm-4\"><figure><a class=\"thumb-container\" href=\"https:\/\/www.salzburgerland.com\/de\/magazin\/wp-content\/uploads\/2017\/12\/stpeterkirche-1280x1024.jpg\">\t<picture><source media=\"(min-width: 576px)\" srcset=\"https:\/\/www.salzburgerland.com\/de\/magazin\/wp-content\/uploads\/2017\/12\/stpeterkirche-325x209.jpg 325w, https:\/\/www.salzburgerland.com\/de\/magazin\/wp-content\/uploads\/2017\/12\/stpeterkirche-249x160.jpg 249w\" \/><source media=\"(min-width: 0)\" srcset=\"https:\/\/www.salzburgerland.com\/de\/magazin\/wp-content\/uploads\/2017\/12\/stpeterkirche-249x160.jpg 249w, https:\/\/www.salzburgerland.com\/de\/magazin\/wp-content\/uploads\/2017\/12\/stpeterkirche-325x209.jpg 325w\" \/><img decoding=\"async\" alt=\"Ein hoher Kirchturm erhebt sich neben einem historischen Geb\u00e4ude, mit einem verschneiten H\u00fcgel und einem bew\u00f6lkten Himmel im Hintergrund.\" src=\"https:\/\/www.salzburgerland.com\/de\/magazin\/wp-content\/uploads\/2017\/12\/stpeterkirche.jpg\" \/>\t<\/picture><\/a><\/figure><\/div><div class=\"col-6 col-sm-4\"><figure><a class=\"thumb-container\" href=\"https:\/\/www.salzburgerland.com\/de\/magazin\/wp-content\/uploads\/2017\/12\/stpeterschlitten-1280x1024.jpg\">\t<picture><source media=\"(min-width: 576px)\" srcset=\"https:\/\/www.salzburgerland.com\/de\/magazin\/wp-content\/uploads\/2017\/12\/stpeterschlitten-325x209.jpg 325w, https:\/\/www.salzburgerland.com\/de\/magazin\/wp-content\/uploads\/2017\/12\/stpeterschlitten-249x160.jpg 249w\" \/><source media=\"(min-width: 0)\" srcset=\"https:\/\/www.salzburgerland.com\/de\/magazin\/wp-content\/uploads\/2017\/12\/stpeterschlitten-249x160.jpg 249w, https:\/\/www.salzburgerland.com\/de\/magazin\/wp-content\/uploads\/2017\/12\/stpeterschlitten-325x209.jpg 325w\" \/><img decoding=\"async\" alt=\"Ein Weihnachtsbaum mit roten Schleifen auf einem mit Heu gef\u00fcllten Schlitten, aufgestellt auf einer Kopfsteinpflasterstra\u00dfe neben festlich geschm\u00fcckten Fenstern.\" src=\"https:\/\/www.salzburgerland.com\/de\/magazin\/wp-content\/uploads\/2017\/12\/stpeterschlitten.jpg\" \/>\t<\/picture><\/a><\/figure><\/div><div class=\"col-6 col-sm-4\"><figure><a class=\"thumb-container\" href=\"https:\/\/www.salzburgerland.com\/de\/magazin\/wp-content\/uploads\/2017\/12\/stpetertannen-1280x1024.jpg\">\t<picture><source media=\"(min-width: 576px)\" srcset=\"https:\/\/www.salzburgerland.com\/de\/magazin\/wp-content\/uploads\/2017\/12\/stpetertannen-325x209.jpg 325w, https:\/\/www.salzburgerland.com\/de\/magazin\/wp-content\/uploads\/2017\/12\/stpetertannen-249x160.jpg 249w\" \/><source media=\"(min-width: 0)\" srcset=\"https:\/\/www.salzburgerland.com\/de\/magazin\/wp-content\/uploads\/2017\/12\/stpetertannen-249x160.jpg 249w, https:\/\/www.salzburgerland.com\/de\/magazin\/wp-content\/uploads\/2017\/12\/stpetertannen-325x209.jpg 325w\" \/><img decoding=\"async\" alt=\"Ein gew\u00f6lbter Eingang, geschm\u00fcckt mit zwei in Sackleinen eingewickelten Weihnachtsb\u00e4umen, f\u00fchrt in einen festlichen Innenraum.\" src=\"https:\/\/www.salzburgerland.com\/de\/magazin\/wp-content\/uploads\/2017\/12\/stpetertannen.jpg\" \/>\t<\/picture><\/a><\/figure><\/div><div class=\"col-6 col-sm-4\"><figure><a class=\"thumb-container\" href=\"https:\/\/www.salzburgerland.com\/de\/magazin\/wp-content\/uploads\/2017\/12\/stpeterweihnachtsmarkt-1280x1024.jpg\">\t<picture><source media=\"(min-width: 576px)\" srcset=\"https:\/\/www.salzburgerland.com\/de\/magazin\/wp-content\/uploads\/2017\/12\/stpeterweihnachtsmarkt-325x209.jpg 325w, https:\/\/www.salzburgerland.com\/de\/magazin\/wp-content\/uploads\/2017\/12\/stpeterweihnachtsmarkt-249x160.jpg 249w\" \/><source media=\"(min-width: 0)\" srcset=\"https:\/\/www.salzburgerland.com\/de\/magazin\/wp-content\/uploads\/2017\/12\/stpeterweihnachtsmarkt-249x160.jpg 249w, https:\/\/www.salzburgerland.com\/de\/magazin\/wp-content\/uploads\/2017\/12\/stpeterweihnachtsmarkt-325x209.jpg 325w\" \/><img decoding=\"async\" alt=\"Ein gem\u00fctlicher Raum mit warmen Lichtern und weihnachtlicher Dekoration, gesehen durch ein Milchglasfenster mit einer wei\u00dfen Engelsfigur.\" src=\"https:\/\/www.salzburgerland.com\/de\/magazin\/wp-content\/uploads\/2017\/12\/stpeterweihnachtsmarkt.jpg\" \/>\t<\/picture><\/a><\/figure><\/div><div class=\"col-6 col-sm-4\"><figure><a class=\"thumb-container\" href=\"https:\/\/www.salzburgerland.com\/de\/magazin\/wp-content\/uploads\/2017\/12\/adventstpeter-1-1280x1024.jpg\">\t<picture><source media=\"(min-width: 576px)\" srcset=\"https:\/\/www.salzburgerland.com\/de\/magazin\/wp-content\/uploads\/2017\/12\/adventstpeter-1-325x209.jpg 325w, https:\/\/www.salzburgerland.com\/de\/magazin\/wp-content\/uploads\/2017\/12\/adventstpeter-1-249x160.jpg 249w\" \/><source media=\"(min-width: 0)\" srcset=\"https:\/\/www.salzburgerland.com\/de\/magazin\/wp-content\/uploads\/2017\/12\/adventstpeter-1-249x160.jpg 249w, https:\/\/www.salzburgerland.com\/de\/magazin\/wp-content\/uploads\/2017\/12\/adventstpeter-1-325x209.jpg 325w\" \/><img decoding=\"async\" alt=\"Menschen stehen an einem h\u00f6lzernen Marktstand im Freien, der mit Schnee, Gr\u00fcnzeug und Weihnachtsschmuck dekoriert ist.\" src=\"https:\/\/www.salzburgerland.com\/de\/magazin\/wp-content\/uploads\/2017\/12\/adventstpeter-1.jpg\" \/>\t<\/picture><\/a><\/figure><\/div><div class=\"col-6 col-sm-4\"><figure><a class=\"thumb-container\" href=\"https:\/\/www.salzburgerland.com\/de\/magazin\/wp-content\/uploads\/2017\/12\/stpeterkerze-1280x1024.jpg\">\t<picture><source media=\"(min-width: 576px)\" srcset=\"https:\/\/www.salzburgerland.com\/de\/magazin\/wp-content\/uploads\/2017\/12\/stpeterkerze-325x209.jpg 325w, https:\/\/www.salzburgerland.com\/de\/magazin\/wp-content\/uploads\/2017\/12\/stpeterkerze-249x160.jpg 249w\" \/><source media=\"(min-width: 0)\" srcset=\"https:\/\/www.salzburgerland.com\/de\/magazin\/wp-content\/uploads\/2017\/12\/stpeterkerze-249x160.jpg 249w, https:\/\/www.salzburgerland.com\/de\/magazin\/wp-content\/uploads\/2017\/12\/stpeterkerze-325x209.jpg 325w\" \/><img decoding=\"async\" alt=\"Ein schwarzer Becher und eine brennende Kerze stehen auf einem Holztisch, im Hintergrund sind Weihnachtsbeleuchtung und B\u00e4ume zu sehen.\" src=\"https:\/\/www.salzburgerland.com\/de\/magazin\/wp-content\/uploads\/2017\/12\/stpeterkerze.jpg\" \/>\t<\/picture><\/a><\/figure><\/div><div class=\"col-6 col-sm-4\"><figure><a class=\"thumb-container\" href=\"https:\/\/www.salzburgerland.com\/de\/magazin\/wp-content\/uploads\/2017\/12\/stpeterhirschadvent-1280x1024.jpg\">\t<picture><source media=\"(min-width: 576px)\" srcset=\"https:\/\/www.salzburgerland.com\/de\/magazin\/wp-content\/uploads\/2017\/12\/stpeterhirschadvent-325x209.jpg 325w, https:\/\/www.salzburgerland.com\/de\/magazin\/wp-content\/uploads\/2017\/12\/stpeterhirschadvent-249x160.jpg 249w\" \/><source media=\"(min-width: 0)\" srcset=\"https:\/\/www.salzburgerland.com\/de\/magazin\/wp-content\/uploads\/2017\/12\/stpeterhirschadvent-249x160.jpg 249w, https:\/\/www.salzburgerland.com\/de\/magazin\/wp-content\/uploads\/2017\/12\/stpeterhirschadvent-325x209.jpg 325w\" \/><img decoding=\"async\" alt=\"Eine Rentierdekoration aus Metall neben gr\u00fcnen Tannenzweigen und einem Fenster mit festlicher Beleuchtung.\" src=\"https:\/\/www.salzburgerland.com\/de\/magazin\/wp-content\/uploads\/2017\/12\/stpeterhirschadvent.jpg\" \/>\t<\/picture><\/a><\/figure><\/div><div class=\"col-6 col-sm-4\"><figure><a class=\"thumb-container\" href=\"https:\/\/www.salzburgerland.com\/de\/magazin\/wp-content\/uploads\/2017\/12\/stpeterheiligefamilie-1280x1024.jpg\">\t<picture><source media=\"(min-width: 576px)\" srcset=\"https:\/\/www.salzburgerland.com\/de\/magazin\/wp-content\/uploads\/2017\/12\/stpeterheiligefamilie-325x209.jpg 325w, https:\/\/www.salzburgerland.com\/de\/magazin\/wp-content\/uploads\/2017\/12\/stpeterheiligefamilie-249x160.jpg 249w\" \/><source media=\"(min-width: 0)\" srcset=\"https:\/\/www.salzburgerland.com\/de\/magazin\/wp-content\/uploads\/2017\/12\/stpeterheiligefamilie-249x160.jpg 249w, https:\/\/www.salzburgerland.com\/de\/magazin\/wp-content\/uploads\/2017\/12\/stpeterheiligefamilie-325x209.jpg 325w\" \/><img decoding=\"async\" alt=\"H\u00f6lzerne Krippe mit Maria, Josef, Jesuskind, Tieren und Weihnachtsbaumbeleuchtung im Hintergrund.\" src=\"https:\/\/www.salzburgerland.com\/de\/magazin\/wp-content\/uploads\/2017\/12\/stpeterheiligefamilie.jpg\" \/>\t<\/picture><\/a><\/figure><\/div><\/div><\/div><figcaption><\/figcaption>\n<p>In den ebenso reich mit Tannen- und Fichtenzweigen geschm\u00fcckten Katakomben gibt es viele lauschige Pl\u00e4tzchen,wo Besucher auf Lammfellen die besondere Adventstimmung genie\u00dfen k\u00f6nnen. Besonders sch\u00f6n ist die kunstvolle Krippe mit geschnitzten Holzfiguren. Die Bl\u00e4ser geben dieser Stimmung den perfekten musikalischen Rahmen. Dieser Duft auf gr\u00fcnen Zweigen, herrlichem Punsch, Zimt und Zucker macht den Adventzauber komplett. Wer die Weihnachtswunderwelt im Stiftskulinarium St. Peter besucht, betritt einen Ort, an dem echte Adventstimmung sp\u00fcrbar ist. Die Zeit scheint stehen geblieben zu sein, vom Trubel und Hektik ist nichts zu sp\u00fcren. Die Weihnachtswunderwelt l\u00e4dt Besucher auch hinein in die Gaststube des Stiftskulinariums.<\/p>\n<div class=\"mag-gallery\"><div class=\"row\"><div class=\"col-6 col-sm-4\"><figure><a class=\"thumb-container\" href=\"https:\/\/www.salzburgerland.com\/de\/magazin\/wp-content\/uploads\/2017\/12\/stpeteradventrentiere-1280x1024.jpg\">\t<picture><source media=\"(min-width: 576px)\" srcset=\"https:\/\/www.salzburgerland.com\/de\/magazin\/wp-content\/uploads\/2017\/12\/stpeteradventrentiere-325x209.jpg 325w, https:\/\/www.salzburgerland.com\/de\/magazin\/wp-content\/uploads\/2017\/12\/stpeteradventrentiere-249x160.jpg 249w\" \/><source media=\"(min-width: 0)\" srcset=\"https:\/\/www.salzburgerland.com\/de\/magazin\/wp-content\/uploads\/2017\/12\/stpeteradventrentiere-249x160.jpg 249w, https:\/\/www.salzburgerland.com\/de\/magazin\/wp-content\/uploads\/2017\/12\/stpeteradventrentiere-325x209.jpg 325w\" \/><img decoding=\"async\" alt=\"Zwei Rentiere aus Weidengeflecht und festliche Dekoration in einem gem\u00fctlichen Raum mit Weihnachtsb\u00e4umen und funkelnden Lichtern.\" src=\"https:\/\/www.salzburgerland.com\/de\/magazin\/wp-content\/uploads\/2017\/12\/stpeteradventrentiere.jpg\" \/>\t<\/picture><\/a><\/figure><\/div><div class=\"col-6 col-sm-4\"><figure><a class=\"thumb-container\" href=\"https:\/\/www.salzburgerland.com\/de\/magazin\/wp-content\/uploads\/2017\/12\/stpeterausblickadvent-1280x1024.jpg\">\t<picture><source media=\"(min-width: 576px)\" srcset=\"https:\/\/www.salzburgerland.com\/de\/magazin\/wp-content\/uploads\/2017\/12\/stpeterausblickadvent-325x209.jpg 325w, https:\/\/www.salzburgerland.com\/de\/magazin\/wp-content\/uploads\/2017\/12\/stpeterausblickadvent-249x160.jpg 249w\" \/><source media=\"(min-width: 0)\" srcset=\"https:\/\/www.salzburgerland.com\/de\/magazin\/wp-content\/uploads\/2017\/12\/stpeterausblickadvent-249x160.jpg 249w, https:\/\/www.salzburgerland.com\/de\/magazin\/wp-content\/uploads\/2017\/12\/stpeterausblickadvent-325x209.jpg 325w\" \/><img decoding=\"async\" alt=\"Die Menschen versammeln sich in einem festlich geschm\u00fcckten Innenhof mit Weihnachtsstr\u00fcmpfen und Lichterb\u00e4umen.\" src=\"https:\/\/www.salzburgerland.com\/de\/magazin\/wp-content\/uploads\/2017\/12\/stpeterausblickadvent.jpg\" \/>\t<\/picture><\/a><\/figure><\/div><div class=\"col-6 col-sm-4\"><figure><a class=\"thumb-container\" href=\"https:\/\/www.salzburgerland.com\/de\/magazin\/wp-content\/uploads\/2017\/12\/IMG-20171203-WA0126-1280x1024.jpg\">\t<picture><source media=\"(min-width: 576px)\" srcset=\"https:\/\/www.salzburgerland.com\/de\/magazin\/wp-content\/uploads\/2017\/12\/IMG-20171203-WA0126-325x209.jpg 325w, https:\/\/www.salzburgerland.com\/de\/magazin\/wp-content\/uploads\/2017\/12\/IMG-20171203-WA0126-249x160.jpg 249w\" \/><source media=\"(min-width: 0)\" srcset=\"https:\/\/www.salzburgerland.com\/de\/magazin\/wp-content\/uploads\/2017\/12\/IMG-20171203-WA0126-249x160.jpg 249w, https:\/\/www.salzburgerland.com\/de\/magazin\/wp-content\/uploads\/2017\/12\/IMG-20171203-WA0126-325x209.jpg 325w\" \/><img decoding=\"async\" alt=\"Ein kleiner Weihnachtsbaum mit roten B\u00e4ndern steht in einer Fensternische vor einem roten Hintergrund.\" src=\"https:\/\/www.salzburgerland.com\/de\/magazin\/wp-content\/uploads\/2017\/12\/IMG-20171203-WA0126.jpg\" \/>\t<\/picture><\/a><\/figure><\/div><div class=\"col-6 col-sm-4\"><figure><a class=\"thumb-container\" href=\"https:\/\/www.salzburgerland.com\/de\/magazin\/wp-content\/uploads\/2017\/12\/stpeteradventdekoherz-1280x1024.jpg\">\t<picture><source media=\"(min-width: 576px)\" srcset=\"https:\/\/www.salzburgerland.com\/de\/magazin\/wp-content\/uploads\/2017\/12\/stpeteradventdekoherz-325x209.jpg 325w, https:\/\/www.salzburgerland.com\/de\/magazin\/wp-content\/uploads\/2017\/12\/stpeteradventdekoherz-249x160.jpg 249w\" \/><source media=\"(min-width: 0)\" srcset=\"https:\/\/www.salzburgerland.com\/de\/magazin\/wp-content\/uploads\/2017\/12\/stpeteradventdekoherz-249x160.jpg 249w, https:\/\/www.salzburgerland.com\/de\/magazin\/wp-content\/uploads\/2017\/12\/stpeteradventdekoherz-325x209.jpg 325w\" \/><img decoding=\"async\" alt=\"Weihnachtsbaum, geschm\u00fcckt mit Holzsternen, Herz-Ornamenten, Zimtstangen und roten B\u00e4ndern.\" src=\"https:\/\/www.salzburgerland.com\/de\/magazin\/wp-content\/uploads\/2017\/12\/stpeteradventdekoherz.jpg\" \/>\t<\/picture><\/a><\/figure><\/div><div class=\"col-6 col-sm-4\"><figure><a class=\"thumb-container\" href=\"https:\/\/www.salzburgerland.com\/de\/magazin\/wp-content\/uploads\/2017\/12\/adventstpeterkatakomben-1280x1024.jpg\">\t<picture><source media=\"(min-width: 576px)\" srcset=\"https:\/\/www.salzburgerland.com\/de\/magazin\/wp-content\/uploads\/2017\/12\/adventstpeterkatakomben-325x209.jpg 325w, https:\/\/www.salzburgerland.com\/de\/magazin\/wp-content\/uploads\/2017\/12\/adventstpeterkatakomben-249x160.jpg 249w\" \/><source media=\"(min-width: 0)\" srcset=\"https:\/\/www.salzburgerland.com\/de\/magazin\/wp-content\/uploads\/2017\/12\/adventstpeterkatakomben-249x160.jpg 249w, https:\/\/www.salzburgerland.com\/de\/magazin\/wp-content\/uploads\/2017\/12\/adventstpeterkatakomben-325x209.jpg 325w\" \/><img decoding=\"async\" alt=\"Weihnachtsb\u00e4ume mit Lichtern und roten Schleifen in einem Steinsaal, mit Kerzen auf einem runden, mit wei\u00dfem Tuch gedeckten Tisch.\" src=\"https:\/\/www.salzburgerland.com\/de\/magazin\/wp-content\/uploads\/2017\/12\/adventstpeterkatakomben.jpg\" \/>\t<\/picture><\/a><\/figure><\/div><div class=\"col-6 col-sm-4\"><figure><a class=\"thumb-container\" href=\"https:\/\/www.salzburgerland.com\/de\/magazin\/wp-content\/uploads\/2017\/12\/stpeteradventholzherz-1280x1024.jpg\">\t<picture><source media=\"(min-width: 576px)\" srcset=\"https:\/\/www.salzburgerland.com\/de\/magazin\/wp-content\/uploads\/2017\/12\/stpeteradventholzherz-325x209.jpg 325w, https:\/\/www.salzburgerland.com\/de\/magazin\/wp-content\/uploads\/2017\/12\/stpeteradventholzherz-249x160.jpg 249w\" \/><source media=\"(min-width: 0)\" srcset=\"https:\/\/www.salzburgerland.com\/de\/magazin\/wp-content\/uploads\/2017\/12\/stpeteradventholzherz-249x160.jpg 249w, https:\/\/www.salzburgerland.com\/de\/magazin\/wp-content\/uploads\/2017\/12\/stpeteradventholzherz-325x209.jpg 325w\" \/><img decoding=\"async\" alt=\"Holzherz-Ornamente h\u00e4ngen an einem Weihnachtsbaum mit warmwei\u00dfen Lichterketten.\" src=\"https:\/\/www.salzburgerland.com\/de\/magazin\/wp-content\/uploads\/2017\/12\/stpeteradventholzherz.jpg\" \/>\t<\/picture><\/a><\/figure><\/div><\/div><\/div><figcaption><\/figcaption>\n<p>\u00d6ffnungszeiten:<\/p>\n<p>ab 15. November 2024<br \/>\nMontag bis Donnerstag ab 14:00 Uhr<br \/>\nFreitag bis Sonntag ab 12:00 Uhr<\/p>\n<p><strong>Mehr Informationen: <a href=\"https:\/\/www.stpeter.at\/adventmarkt-salzburg\/\" target=\"_blank\" rel=\"noopener noreferrer\">www.stpeter.at<\/a><\/strong><\/p>\n<p><em>fotocredits (c) Magdalena Lublasser-F.<\/em><\/p>\n","protected":false},"excerpt":{"rendered":"<p>In Stadt und Land Salzburg gibt es zahlreiche M\u00f6glichkeiten, den Adentzauber auf den traditionellen Advent- und Weihnachtsm\u00e4rkten zu erleben. Zu diesen besonderen Weihnachtsm\u00e4rkten geh\u00f6rt auch die Weihnachtswunderwelt in St. Peter. Der Advent ist f\u00fcr viele die sch\u00f6nste Zeit des Jahres. Die Wochen vor dem Heiligen Abend sind im SalzburgerLand als die &#8222;staade Zeit&#8220; bekannt. Ob [&hellip;]<\/p>\n","protected":false},"author":482,"featured_media":119762,"comment_status":"open","ping_status":"open","sticky":false,"template":"","format":"standard","meta":{"_acf_changed":false,"wl_entities_gutenberg":"","_wl_entity_redirect_enabled":"","footnotes":""},"categories":[7],"tags":[],"wl_entity_type":[306],"monatsauswahl":[93],"class_list":["post-119748","post","type-post","status-publish","format-standard","has-post-thumbnail","hentry","category-lifestyle","wl_entity_type-article","monatsauswahl-monat_12"],"acf":[],"yoast_head":"<!-- This site is optimized with the Yoast SEO Premium plugin v27.4 (Yoast SEO v27.4) - https:\/\/yoast.com\/product\/yoast-seo-premium-wordpress\/ -->\n<title>Zauberhafte Weihnachtswunderwelt St. Peter - SalzburgerLand Magazin<\/title>\n<meta name=\"description\" content=\"In Stadt und Land Salzburg gibt es zahlreiche M\u00f6glichkeiten, den Adentzauber auf den traditionellen Advent- und Weihnachtsm\u00e4rkten zu erleben. Zu diesen besonderen Weihnachtsm\u00e4rkten geh\u00f6rt auch die Weihnachtswunderwelt in St. Peter. Der Advent ist f\u00fcr viele die sch\u00f6nste Zeit des Jahres. Die Wochen vor dem Heiligen Abend sind im SalzburgerLand als die &#8222;staade Zeit&#8220; bekannt. Ob [&hellip;]\" \/>\n<meta name=\"robots\" content=\"index, follow, max-snippet:-1, max-image-preview:large, max-video-preview:-1\" \/>\n<link rel=\"canonical\" href=\"https:\/\/www.salzburgerland.com\/de\/magazin\/zauberhafte-weihnachtswunderwelt-st-peter\/\" \/>\n<meta property=\"og:locale\" content=\"de_DE\" \/>\n<meta property=\"og:type\" content=\"article\" \/>\n<meta property=\"og:title\" content=\"Zauberhafte Weihnachtswunderwelt St. Peter\" \/>\n<meta property=\"og:description\" content=\"In Stadt und Land Salzburg gibt es zahlreiche M\u00f6glichkeiten, den Adentzauber auf den traditionellen Advent- und Weihnachtsm\u00e4rkten zu erleben. Zu diesen besonderen Weihnachtsm\u00e4rkten geh\u00f6rt auch die Weihnachtswunderwelt in St. Peter. Der Advent ist f\u00fcr viele die sch\u00f6nste Zeit des Jahres. Die Wochen vor dem Heiligen Abend sind im SalzburgerLand als die &#8222;staade Zeit&#8220; bekannt. Ob [&hellip;]\" \/>\n<meta property=\"og:url\" content=\"https:\/\/www.salzburgerland.com\/de\/magazin\/zauberhafte-weihnachtswunderwelt-st-peter\/\" \/>\n<meta property=\"og:site_name\" content=\"SalzburgerLand Magazin\" \/>\n<meta property=\"article:publisher\" content=\"https:\/\/www.facebook.com\/salzburgerland\/\" \/>\n<meta property=\"article:published_time\" content=\"2017-12-05T12:52:54+00:00\" \/>\n<meta property=\"article:modified_time\" content=\"2024-11-08T14:26:21+00:00\" \/>\n<meta property=\"og:image\" content=\"https:\/\/www.salzburgerland.com\/de\/magazin\/wp-content\/uploads\/2017\/12\/stpeterrentiere.jpg\" \/>\n\t<meta property=\"og:image:width\" content=\"1600\" \/>\n\t<meta property=\"og:image:height\" content=\"1200\" \/>\n\t<meta property=\"og:image:type\" content=\"image\/jpeg\" \/>\n<meta name=\"author\" content=\"Magdalena Lublasser-Fazal\" \/>\n<meta name=\"twitter:card\" content=\"summary_large_image\" \/>\n<meta name=\"twitter:creator\" content=\"@Salzburgerland\" \/>\n<meta name=\"twitter:site\" content=\"@Salzburgerland\" \/>\n<meta name=\"twitter:label1\" content=\"Verfasst von\" \/>\n\t<meta name=\"twitter:data1\" content=\"Magdalena Lublasser-Fazal\" \/>\n\t<meta name=\"twitter:label2\" content=\"Gesch\u00e4tzte Lesezeit\" \/>\n\t<meta name=\"twitter:data2\" content=\"2\u00a0Minuten\" \/>\n<script type=\"application\/ld+json\" class=\"yoast-schema-graph\">{\"@context\":\"https:\\\/\\\/schema.org\",\"@graph\":[{\"@type\":\"Article\",\"@id\":\"https:\\\/\\\/www.salzburgerland.com\\\/de\\\/magazin\\\/zauberhafte-weihnachtswunderwelt-st-peter\\\/#article\",\"isPartOf\":{\"@id\":\"https:\\\/\\\/www.salzburgerland.com\\\/de\\\/magazin\\\/zauberhafte-weihnachtswunderwelt-st-peter\\\/\"},\"author\":{\"name\":\"Magdalena Lublasser-Fazal\",\"@id\":\"https:\\\/\\\/www.salzburgerland.com\\\/de\\\/magazin\\\/#\\\/schema\\\/person\\\/f4e5670b6a3cc9fcea30e5908634464b\"},\"headline\":\"Zauberhafte Weihnachtswunderwelt St. Peter\",\"datePublished\":\"2017-12-05T12:52:54+00:00\",\"dateModified\":\"2024-11-08T14:26:21+00:00\",\"mainEntityOfPage\":{\"@id\":\"https:\\\/\\\/www.salzburgerland.com\\\/de\\\/magazin\\\/zauberhafte-weihnachtswunderwelt-st-peter\\\/\"},\"wordCount\":364,\"commentCount\":0,\"publisher\":{\"@id\":\"https:\\\/\\\/www.salzburgerland.com\\\/de\\\/magazin\\\/#organization\"},\"image\":{\"@id\":\"https:\\\/\\\/www.salzburgerland.com\\\/de\\\/magazin\\\/zauberhafte-weihnachtswunderwelt-st-peter\\\/#primaryimage\"},\"thumbnailUrl\":\"https:\\\/\\\/www.salzburgerland.com\\\/de\\\/magazin\\\/wp-content\\\/uploads\\\/2017\\\/12\\\/stpeterrentiere.jpg\",\"articleSection\":[\"Lifestyle\"],\"inLanguage\":\"de\",\"potentialAction\":[{\"@type\":\"CommentAction\",\"name\":\"Comment\",\"target\":[\"https:\\\/\\\/www.salzburgerland.com\\\/de\\\/magazin\\\/zauberhafte-weihnachtswunderwelt-st-peter\\\/#respond\"]}]},{\"@type\":\"WebPage\",\"@id\":\"https:\\\/\\\/www.salzburgerland.com\\\/de\\\/magazin\\\/zauberhafte-weihnachtswunderwelt-st-peter\\\/\",\"url\":\"https:\\\/\\\/www.salzburgerland.com\\\/de\\\/magazin\\\/zauberhafte-weihnachtswunderwelt-st-peter\\\/\",\"name\":\"Zauberhafte Weihnachtswunderwelt St. Peter - SalzburgerLand Magazin\",\"isPartOf\":{\"@id\":\"https:\\\/\\\/www.salzburgerland.com\\\/de\\\/magazin\\\/#website\"},\"primaryImageOfPage\":{\"@id\":\"https:\\\/\\\/www.salzburgerland.com\\\/de\\\/magazin\\\/zauberhafte-weihnachtswunderwelt-st-peter\\\/#primaryimage\"},\"image\":{\"@id\":\"https:\\\/\\\/www.salzburgerland.com\\\/de\\\/magazin\\\/zauberhafte-weihnachtswunderwelt-st-peter\\\/#primaryimage\"},\"thumbnailUrl\":\"https:\\\/\\\/www.salzburgerland.com\\\/de\\\/magazin\\\/wp-content\\\/uploads\\\/2017\\\/12\\\/stpeterrentiere.jpg\",\"datePublished\":\"2017-12-05T12:52:54+00:00\",\"dateModified\":\"2024-11-08T14:26:21+00:00\",\"breadcrumb\":{\"@id\":\"https:\\\/\\\/www.salzburgerland.com\\\/de\\\/magazin\\\/zauberhafte-weihnachtswunderwelt-st-peter\\\/#breadcrumb\"},\"inLanguage\":\"de\",\"potentialAction\":[{\"@type\":\"ReadAction\",\"target\":[\"https:\\\/\\\/www.salzburgerland.com\\\/de\\\/magazin\\\/zauberhafte-weihnachtswunderwelt-st-peter\\\/\"]}]},{\"@type\":\"ImageObject\",\"inLanguage\":\"de\",\"@id\":\"https:\\\/\\\/www.salzburgerland.com\\\/de\\\/magazin\\\/zauberhafte-weihnachtswunderwelt-st-peter\\\/#primaryimage\",\"url\":\"https:\\\/\\\/www.salzburgerland.com\\\/de\\\/magazin\\\/wp-content\\\/uploads\\\/2017\\\/12\\\/stpeterrentiere.jpg\",\"contentUrl\":\"https:\\\/\\\/www.salzburgerland.com\\\/de\\\/magazin\\\/wp-content\\\/uploads\\\/2017\\\/12\\\/stpeterrentiere.jpg\",\"width\":1600,\"height\":1200,\"caption\":\"Zwei Rentiere mit Lichterketten, ein Schlitten, Weihnachtsb\u00e4ume und eine brennende Kerze auf einem Holzst\u00e4nder.\"},{\"@type\":\"BreadcrumbList\",\"@id\":\"https:\\\/\\\/www.salzburgerland.com\\\/de\\\/magazin\\\/zauberhafte-weihnachtswunderwelt-st-peter\\\/#breadcrumb\",\"itemListElement\":[{\"@type\":\"ListItem\",\"position\":1,\"name\":\"Startseite\",\"item\":\"https:\\\/\\\/www.salzburgerland.com\\\/de\\\/magazin\\\/\"},{\"@type\":\"ListItem\",\"position\":2,\"name\":\"Lifestyle\",\"item\":\"https:\\\/\\\/www.salzburgerland.com\\\/de\\\/magazin\\\/thema\\\/lifestyle\\\/\"},{\"@type\":\"ListItem\",\"position\":3,\"name\":\"Zauberhafte Weihnachtswunderwelt St. Peter\"}]},{\"@type\":\"WebSite\",\"@id\":\"https:\\\/\\\/www.salzburgerland.com\\\/de\\\/magazin\\\/#website\",\"url\":\"https:\\\/\\\/www.salzburgerland.com\\\/de\\\/magazin\\\/\",\"name\":\"SalzburgerLand Magazin\",\"description\":\"Geschichten und Interessantes aus dem SalzburgerLand\",\"publisher\":{\"@id\":\"https:\\\/\\\/www.salzburgerland.com\\\/de\\\/magazin\\\/#organization\"},\"potentialAction\":[{\"@type\":\"SearchAction\",\"target\":{\"@type\":\"EntryPoint\",\"urlTemplate\":\"https:\\\/\\\/www.salzburgerland.com\\\/de\\\/magazin\\\/?s={search_term_string}\"},\"query-input\":{\"@type\":\"PropertyValueSpecification\",\"valueRequired\":true,\"valueName\":\"search_term_string\"}}],\"inLanguage\":\"de\"},{\"@type\":\"Organization\",\"@id\":\"https:\\\/\\\/www.salzburgerland.com\\\/de\\\/magazin\\\/#organization\",\"name\":\"SalzburgerLand Tourismus\",\"url\":\"https:\\\/\\\/www.salzburgerland.com\\\/de\\\/magazin\\\/\",\"logo\":{\"@type\":\"ImageObject\",\"inLanguage\":\"de\",\"@id\":\"https:\\\/\\\/www.salzburgerland.com\\\/de\\\/magazin\\\/#\\\/schema\\\/logo\\\/image\\\/\",\"url\":\"https:\\\/\\\/www.salzburgerland.com\\\/de\\\/magazin\\\/wp-content\\\/uploads\\\/2019\\\/06\\\/salzburgerland-logo1.jpg\",\"contentUrl\":\"https:\\\/\\\/www.salzburgerland.com\\\/de\\\/magazin\\\/wp-content\\\/uploads\\\/2019\\\/06\\\/salzburgerland-logo1.jpg\",\"width\":2011,\"height\":866,\"caption\":\"SalzburgerLand Tourismus\"},\"image\":{\"@id\":\"https:\\\/\\\/www.salzburgerland.com\\\/de\\\/magazin\\\/#\\\/schema\\\/logo\\\/image\\\/\"},\"sameAs\":[\"https:\\\/\\\/www.facebook.com\\\/salzburgerland\\\/\",\"https:\\\/\\\/x.com\\\/Salzburgerland\",\"https:\\\/\\\/www.instagram.com\\\/salzburgerland\\\/\",\"https:\\\/\\\/at.linkedin.com\\\/company\\\/salzburgerland-tourismus-gmbh\",\"https:\\\/\\\/www.pinterest.at\\\/salzburgerland\\\/\",\"https:\\\/\\\/www.youtube.com\\\/user\\\/salzburgerland\",\"https:\\\/\\\/de.wikipedia.org\\\/wiki\\\/SalzburgerLand_Tourismus_GmbH\"]},{\"@type\":\"Person\",\"@id\":\"https:\\\/\\\/www.salzburgerland.com\\\/de\\\/magazin\\\/#\\\/schema\\\/person\\\/f4e5670b6a3cc9fcea30e5908634464b\",\"name\":\"Magdalena Lublasser-Fazal\",\"description\":\"Geboren im sch\u00f6nen Pinzgau, aufgewachsen in der kulturtr\u00e4chtigen Salzburger Altstadt und sesshaft geworden im Flachgau ist Magdalena Fazal-Ahmad ein Salzburgerin mit Leib und Seele. Dabei ist es die einzigartige Mischung, die f\u00fcr sie die Faszination ihrer Heimat ausmacht. An einem fr\u00fchen Fr\u00fchlingsmorgen den Sonnenaufgang hinter den Berggipfeln erleben, mit dem Fahrrad durch die Altstadt radeln und dabei Geschichte und Architektur bewundern und den Nachmittagskaffee auf der Sonnenterasse am M\u00f6nchsberg genie\u00dfen - so sieht ihr perfekter Tag aus. Wenn der Abend dann noch mit einem Sonnenuntergang am Gaisberg ausklingt, ist die Idylle perfekt.\u00a0 In Ihrer Freizeit besch\u00e4ftigt sie sich gerne mit Sport, Kultur, Kulinarik und Tradition. Und gl\u00fccklicherweise kann sie diese Interessen in ihrer Berufung als Freie Journalistin so sch\u00f6n vereinen. Fr\u00fchling, Sommer, Herbst oder Winter? Jede Jahreszeit hat ihre sch\u00f6nen Seiten und gerade diese Vielfalt ist es, die mir bestimmt abgehen w\u00fcrde, wenn ich in einer anderen Klimazone wohnen w\u00fcrde. Meine Mama sagt immer, das man die Jahreszeit am liebsten mag, in der man geboren ist. Und als M\u00e4rz-Kind hab ich den Fr\u00fchling schon besonders gerne. Morgen- oder Abendmensch? Definitiv Morgenmensch! Nichts ist sch\u00f6ner, als das Gef\u00fchl bereits vor Sonnenaufgang unterwegs zu sein und die einzigartige Stimmung beim Morgenlauf zu genie\u00dfen. So kann der Tag nur gut werden. Den Abend lasse ich am liebsten gem\u00fctlich bei einer Tasse Tee ausklingen. Salzburger Nockerl oder Schwarzbeernocken? Auch wenn der s\u00fc\u00dfe Eischnee f\u00fcr die imposanten Gipfel der Salzburger Berge steht sind mir die Schwarzbeernocken schon lieber - weniger s\u00fc\u00df und daf\u00fcr umso fruchtiger. Am besten schmecken sie nat\u00fcrlich mit selbstgepfl\u00fcckten Schwoazbeern von der morgendlichen Almwanderung. Haubenlokal oder Ab-Hof-Laden? So ein f\u00fcnf G\u00e4nge Men\u00fc mit ausgefallenen Kreationen ist schon ein besonderes Erlebnis und ein Mal im Jahr freue ich mich \u00fcber einen Ausflug in die Haute Cuisine. Der w\u00f6chentlichen Einkauf beim Bauern ums Eck ist ein fixer Bestandteil meines Alltags. Mountainbike oder Rennrad? Je nach Stimmung: Zum richtigen Auspowern und Wadlst\u00e4hlen geht`s mit dem Mountainbike \u00fcber Stock und Stein auf den Gaisberg, um den Kopf frei zu machen wird mit dem Rennrad eine Runde durchs Salzburger Seengebiet gedreht. &nbsp; &nbsp; &nbsp; &nbsp;\",\"url\":\"https:\\\/\\\/www.salzburgerland.com\\\/de\\\/magazin\\\/author\\\/magdalena-lublasser-fazal\\\/\"}]}<\/script>\n<!-- \/ Yoast SEO Premium plugin. -->","yoast_head_json":{"title":"Zauberhafte Weihnachtswunderwelt St. Peter - SalzburgerLand Magazin","description":"In Stadt und Land Salzburg gibt es zahlreiche M\u00f6glichkeiten, den Adentzauber auf den traditionellen Advent- und Weihnachtsm\u00e4rkten zu erleben. Zu diesen besonderen Weihnachtsm\u00e4rkten geh\u00f6rt auch die Weihnachtswunderwelt in St. Peter. Der Advent ist f\u00fcr viele die sch\u00f6nste Zeit des Jahres. Die Wochen vor dem Heiligen Abend sind im SalzburgerLand als die &#8222;staade Zeit&#8220; bekannt. Ob [&hellip;]","robots":{"index":"index","follow":"follow","max-snippet":"max-snippet:-1","max-image-preview":"max-image-preview:large","max-video-preview":"max-video-preview:-1"},"canonical":"https:\/\/www.salzburgerland.com\/de\/magazin\/zauberhafte-weihnachtswunderwelt-st-peter\/","og_locale":"de_DE","og_type":"article","og_title":"Zauberhafte Weihnachtswunderwelt St. Peter","og_description":"In Stadt und Land Salzburg gibt es zahlreiche M\u00f6glichkeiten, den Adentzauber auf den traditionellen Advent- und Weihnachtsm\u00e4rkten zu erleben. Zu diesen besonderen Weihnachtsm\u00e4rkten geh\u00f6rt auch die Weihnachtswunderwelt in St. Peter. Der Advent ist f\u00fcr viele die sch\u00f6nste Zeit des Jahres. Die Wochen vor dem Heiligen Abend sind im SalzburgerLand als die &#8222;staade Zeit&#8220; bekannt. Ob [&hellip;]","og_url":"https:\/\/www.salzburgerland.com\/de\/magazin\/zauberhafte-weihnachtswunderwelt-st-peter\/","og_site_name":"SalzburgerLand Magazin","article_publisher":"https:\/\/www.facebook.com\/salzburgerland\/","article_published_time":"2017-12-05T12:52:54+00:00","article_modified_time":"2024-11-08T14:26:21+00:00","og_image":[{"width":1600,"height":1200,"url":"https:\/\/www.salzburgerland.com\/de\/magazin\/wp-content\/uploads\/2017\/12\/stpeterrentiere.jpg","type":"image\/jpeg"}],"author":"Magdalena Lublasser-Fazal","twitter_card":"summary_large_image","twitter_creator":"@Salzburgerland","twitter_site":"@Salzburgerland","twitter_misc":{"Verfasst von":"Magdalena Lublasser-Fazal","Gesch\u00e4tzte Lesezeit":"2\u00a0Minuten"},"schema":{"@context":"https:\/\/schema.org","@graph":[{"@type":"Article","@id":"https:\/\/www.salzburgerland.com\/de\/magazin\/zauberhafte-weihnachtswunderwelt-st-peter\/#article","isPartOf":{"@id":"https:\/\/www.salzburgerland.com\/de\/magazin\/zauberhafte-weihnachtswunderwelt-st-peter\/"},"author":{"name":"Magdalena Lublasser-Fazal","@id":"https:\/\/www.salzburgerland.com\/de\/magazin\/#\/schema\/person\/f4e5670b6a3cc9fcea30e5908634464b"},"headline":"Zauberhafte Weihnachtswunderwelt St. Peter","datePublished":"2017-12-05T12:52:54+00:00","dateModified":"2024-11-08T14:26:21+00:00","mainEntityOfPage":{"@id":"https:\/\/www.salzburgerland.com\/de\/magazin\/zauberhafte-weihnachtswunderwelt-st-peter\/"},"wordCount":364,"commentCount":0,"publisher":{"@id":"https:\/\/www.salzburgerland.com\/de\/magazin\/#organization"},"image":{"@id":"https:\/\/www.salzburgerland.com\/de\/magazin\/zauberhafte-weihnachtswunderwelt-st-peter\/#primaryimage"},"thumbnailUrl":"https:\/\/www.salzburgerland.com\/de\/magazin\/wp-content\/uploads\/2017\/12\/stpeterrentiere.jpg","articleSection":["Lifestyle"],"inLanguage":"de","potentialAction":[{"@type":"CommentAction","name":"Comment","target":["https:\/\/www.salzburgerland.com\/de\/magazin\/zauberhafte-weihnachtswunderwelt-st-peter\/#respond"]}]},{"@type":"WebPage","@id":"https:\/\/www.salzburgerland.com\/de\/magazin\/zauberhafte-weihnachtswunderwelt-st-peter\/","url":"https:\/\/www.salzburgerland.com\/de\/magazin\/zauberhafte-weihnachtswunderwelt-st-peter\/","name":"Zauberhafte Weihnachtswunderwelt St. Peter - SalzburgerLand Magazin","isPartOf":{"@id":"https:\/\/www.salzburgerland.com\/de\/magazin\/#website"},"primaryImageOfPage":{"@id":"https:\/\/www.salzburgerland.com\/de\/magazin\/zauberhafte-weihnachtswunderwelt-st-peter\/#primaryimage"},"image":{"@id":"https:\/\/www.salzburgerland.com\/de\/magazin\/zauberhafte-weihnachtswunderwelt-st-peter\/#primaryimage"},"thumbnailUrl":"https:\/\/www.salzburgerland.com\/de\/magazin\/wp-content\/uploads\/2017\/12\/stpeterrentiere.jpg","datePublished":"2017-12-05T12:52:54+00:00","dateModified":"2024-11-08T14:26:21+00:00","breadcrumb":{"@id":"https:\/\/www.salzburgerland.com\/de\/magazin\/zauberhafte-weihnachtswunderwelt-st-peter\/#breadcrumb"},"inLanguage":"de","potentialAction":[{"@type":"ReadAction","target":["https:\/\/www.salzburgerland.com\/de\/magazin\/zauberhafte-weihnachtswunderwelt-st-peter\/"]}]},{"@type":"ImageObject","inLanguage":"de","@id":"https:\/\/www.salzburgerland.com\/de\/magazin\/zauberhafte-weihnachtswunderwelt-st-peter\/#primaryimage","url":"https:\/\/www.salzburgerland.com\/de\/magazin\/wp-content\/uploads\/2017\/12\/stpeterrentiere.jpg","contentUrl":"https:\/\/www.salzburgerland.com\/de\/magazin\/wp-content\/uploads\/2017\/12\/stpeterrentiere.jpg","width":1600,"height":1200,"caption":"Zwei Rentiere mit Lichterketten, ein Schlitten, Weihnachtsb\u00e4ume und eine brennende Kerze auf einem Holzst\u00e4nder."},{"@type":"BreadcrumbList","@id":"https:\/\/www.salzburgerland.com\/de\/magazin\/zauberhafte-weihnachtswunderwelt-st-peter\/#breadcrumb","itemListElement":[{"@type":"ListItem","position":1,"name":"Startseite","item":"https:\/\/www.salzburgerland.com\/de\/magazin\/"},{"@type":"ListItem","position":2,"name":"Lifestyle","item":"https:\/\/www.salzburgerland.com\/de\/magazin\/thema\/lifestyle\/"},{"@type":"ListItem","position":3,"name":"Zauberhafte Weihnachtswunderwelt St. Peter"}]},{"@type":"WebSite","@id":"https:\/\/www.salzburgerland.com\/de\/magazin\/#website","url":"https:\/\/www.salzburgerland.com\/de\/magazin\/","name":"SalzburgerLand Magazin","description":"Geschichten und Interessantes aus dem SalzburgerLand","publisher":{"@id":"https:\/\/www.salzburgerland.com\/de\/magazin\/#organization"},"potentialAction":[{"@type":"SearchAction","target":{"@type":"EntryPoint","urlTemplate":"https:\/\/www.salzburgerland.com\/de\/magazin\/?s={search_term_string}"},"query-input":{"@type":"PropertyValueSpecification","valueRequired":true,"valueName":"search_term_string"}}],"inLanguage":"de"},{"@type":"Organization","@id":"https:\/\/www.salzburgerland.com\/de\/magazin\/#organization","name":"SalzburgerLand Tourismus","url":"https:\/\/www.salzburgerland.com\/de\/magazin\/","logo":{"@type":"ImageObject","inLanguage":"de","@id":"https:\/\/www.salzburgerland.com\/de\/magazin\/#\/schema\/logo\/image\/","url":"https:\/\/www.salzburgerland.com\/de\/magazin\/wp-content\/uploads\/2019\/06\/salzburgerland-logo1.jpg","contentUrl":"https:\/\/www.salzburgerland.com\/de\/magazin\/wp-content\/uploads\/2019\/06\/salzburgerland-logo1.jpg","width":2011,"height":866,"caption":"SalzburgerLand Tourismus"},"image":{"@id":"https:\/\/www.salzburgerland.com\/de\/magazin\/#\/schema\/logo\/image\/"},"sameAs":["https:\/\/www.facebook.com\/salzburgerland\/","https:\/\/x.com\/Salzburgerland","https:\/\/www.instagram.com\/salzburgerland\/","https:\/\/at.linkedin.com\/company\/salzburgerland-tourismus-gmbh","https:\/\/www.pinterest.at\/salzburgerland\/","https:\/\/www.youtube.com\/user\/salzburgerland","https:\/\/de.wikipedia.org\/wiki\/SalzburgerLand_Tourismus_GmbH"]},{"@type":"Person","@id":"https:\/\/www.salzburgerland.com\/de\/magazin\/#\/schema\/person\/f4e5670b6a3cc9fcea30e5908634464b","name":"Magdalena Lublasser-Fazal","description":"Geboren im sch\u00f6nen Pinzgau, aufgewachsen in der kulturtr\u00e4chtigen Salzburger Altstadt und sesshaft geworden im Flachgau ist Magdalena Fazal-Ahmad ein Salzburgerin mit Leib und Seele. Dabei ist es die einzigartige Mischung, die f\u00fcr sie die Faszination ihrer Heimat ausmacht. An einem fr\u00fchen Fr\u00fchlingsmorgen den Sonnenaufgang hinter den Berggipfeln erleben, mit dem Fahrrad durch die Altstadt radeln und dabei Geschichte und Architektur bewundern und den Nachmittagskaffee auf der Sonnenterasse am M\u00f6nchsberg genie\u00dfen - so sieht ihr perfekter Tag aus. Wenn der Abend dann noch mit einem Sonnenuntergang am Gaisberg ausklingt, ist die Idylle perfekt.\u00a0 In Ihrer Freizeit besch\u00e4ftigt sie sich gerne mit Sport, Kultur, Kulinarik und Tradition. Und gl\u00fccklicherweise kann sie diese Interessen in ihrer Berufung als Freie Journalistin so sch\u00f6n vereinen. Fr\u00fchling, Sommer, Herbst oder Winter? Jede Jahreszeit hat ihre sch\u00f6nen Seiten und gerade diese Vielfalt ist es, die mir bestimmt abgehen w\u00fcrde, wenn ich in einer anderen Klimazone wohnen w\u00fcrde. Meine Mama sagt immer, das man die Jahreszeit am liebsten mag, in der man geboren ist. Und als M\u00e4rz-Kind hab ich den Fr\u00fchling schon besonders gerne. Morgen- oder Abendmensch? Definitiv Morgenmensch! Nichts ist sch\u00f6ner, als das Gef\u00fchl bereits vor Sonnenaufgang unterwegs zu sein und die einzigartige Stimmung beim Morgenlauf zu genie\u00dfen. So kann der Tag nur gut werden. Den Abend lasse ich am liebsten gem\u00fctlich bei einer Tasse Tee ausklingen. Salzburger Nockerl oder Schwarzbeernocken? Auch wenn der s\u00fc\u00dfe Eischnee f\u00fcr die imposanten Gipfel der Salzburger Berge steht sind mir die Schwarzbeernocken schon lieber - weniger s\u00fc\u00df und daf\u00fcr umso fruchtiger. Am besten schmecken sie nat\u00fcrlich mit selbstgepfl\u00fcckten Schwoazbeern von der morgendlichen Almwanderung. Haubenlokal oder Ab-Hof-Laden? So ein f\u00fcnf G\u00e4nge Men\u00fc mit ausgefallenen Kreationen ist schon ein besonderes Erlebnis und ein Mal im Jahr freue ich mich \u00fcber einen Ausflug in die Haute Cuisine. Der w\u00f6chentlichen Einkauf beim Bauern ums Eck ist ein fixer Bestandteil meines Alltags. Mountainbike oder Rennrad? Je nach Stimmung: Zum richtigen Auspowern und Wadlst\u00e4hlen geht`s mit dem Mountainbike \u00fcber Stock und Stein auf den Gaisberg, um den Kopf frei zu machen wird mit dem Rennrad eine Runde durchs Salzburger Seengebiet gedreht. &nbsp; &nbsp; &nbsp; &nbsp;","url":"https:\/\/www.salzburgerland.com\/de\/magazin\/author\/magdalena-lublasser-fazal\/"}]}},"_wl_alt_label":[],"wl:entity_url":"http:\/\/open.salzburgerland.com\/magazin\/post\/zauberhafte_weihnachtswunderwelt_st-_peter","_links":{"self":[{"href":"https:\/\/www.salzburgerland.com\/de\/magazin\/wp-json\/wp\/v2\/posts\/119748","targetHints":{"allow":["GET"]}}],"collection":[{"href":"https:\/\/www.salzburgerland.com\/de\/magazin\/wp-json\/wp\/v2\/posts"}],"about":[{"href":"https:\/\/www.salzburgerland.com\/de\/magazin\/wp-json\/wp\/v2\/types\/post"}],"author":[{"embeddable":true,"href":"https:\/\/www.salzburgerland.com\/de\/magazin\/wp-json\/wp\/v2\/users\/482"}],"replies":[{"embeddable":true,"href":"https:\/\/www.salzburgerland.com\/de\/magazin\/wp-json\/wp\/v2\/comments?post=119748"}],"version-history":[{"count":1,"href":"https:\/\/www.salzburgerland.com\/de\/magazin\/wp-json\/wp\/v2\/posts\/119748\/revisions"}],"predecessor-version":[{"id":179197,"href":"https:\/\/www.salzburgerland.com\/de\/magazin\/wp-json\/wp\/v2\/posts\/119748\/revisions\/179197"}],"wp:featuredmedia":[{"embeddable":true,"href":"https:\/\/www.salzburgerland.com\/de\/magazin\/wp-json\/wp\/v2\/media\/119762"}],"wp:attachment":[{"href":"https:\/\/www.salzburgerland.com\/de\/magazin\/wp-json\/wp\/v2\/media?parent=119748"}],"wp:term":[{"taxonomy":"category","embeddable":true,"href":"https:\/\/www.salzburgerland.com\/de\/magazin\/wp-json\/wp\/v2\/categories?post=119748"},{"taxonomy":"post_tag","embeddable":true,"href":"https:\/\/www.salzburgerland.com\/de\/magazin\/wp-json\/wp\/v2\/tags?post=119748"},{"taxonomy":"wl_entity_type","embeddable":true,"href":"https:\/\/www.salzburgerland.com\/de\/magazin\/wp-json\/wp\/v2\/wl_entity_type?post=119748"},{"taxonomy":"monatsauswahl","embeddable":true,"href":"https:\/\/www.salzburgerland.com\/de\/magazin\/wp-json\/wp\/v2\/monatsauswahl?post=119748"}],"curies":[{"name":"wp","href":"https:\/\/api.w.org\/{rel}","templated":true}]}}