{"id":119717,"date":"2017-12-07T08:00:23","date_gmt":"2017-12-07T07:00:23","guid":{"rendered":"https:\/\/www.salzburgerland.com\/de\/magazin\/?p=119717"},"modified":"2021-03-23T06:38:21","modified_gmt":"2021-03-23T05:38:21","slug":"das-neue-stille-nacht-museum-in-wagrain","status":"publish","type":"post","link":"https:\/\/www.salzburgerland.com\/de\/magazin\/das-neue-stille-nacht-museum-in-wagrain\/","title":{"rendered":"Das neue Stille-Nacht-Museum in Wagrain"},"content":{"rendered":"\n<p class=\"wp-block-slt-intro\">Als eine von sieben Salzburger Stille-Nacht-Orten hat sich Wagrain besonders sch\u00f6n herausgeputzt. Seit 3. Dezember 2017 wird im neuen Museum im frisch restaurierten Pflegerschl\u00f6ssl das Leben und Wirken von Joseph Mohr genauso wie die internationale Verbreitung von \u201eStille Nacht! Heilige Nacht!&#8220; nachgezeichnet. <\/p>\n\n\n\n<p>Jetzt erstrahlt es wieder in neuem Glanz: Das&nbsp;Pflegerschl\u00f6ssl nahe dem Karl Heinrich Waggerl Haus ist ein echtes Architekturjuwel im barocken Stil, das feinf\u00fchlig&nbsp;restauriert und barrierefrei ausgebaut wurde. Gro\u00dfe metallene Lettern an einer Glasfront vor dem Geb\u00e4ude weisen darauf hin, was sich im Inneren befindet: \u201eUns der Gnaden F\u00fclle l\u00e4\u00dft sehn, Jesum in Menschengestalt.&#8220; So lautet der \u00fcberlieferte Liedtext von \u201e<span id=\"urn:text-annotation-9e8caf9e-c252-4a92-bd62-db6fa8ef43a1\" class=\"textannotation disambiguated wl-creative work wl-other\" itemid=\"http:\/\/open.salzburgerland.com\/magazin\/entity\/200_jahre_stille_nacht\">Stille Nacht! Heilige Nacht!&#8220;, den der ehemalige Dorfpfarrer Joseph Mohr verfasst hat. 2018 werden es 200 Jahre sein, dass <a href=\"https:\/\/www.salzburgerland.com\/de\/magazin\/stille-nacht-ort-oberndorf-die-urauffuehrung\/\" target=\"_blank\" rel=\"noopener noreferrer\">das Lied in Oberndorf bei Salzburg das erste Mal erklungen ist.<\/a>&nbsp;In der liebevoll gestalteten, modernen Ausstellung im Pflegerschl\u00f6ssl in Wagrain, die die Gesch\u00e4ftsf\u00fchrerin des Kulturvereins \u201eBlaues Fenster&#8220;, Carola Marie Schmidt, gemeinsam mit der Leiterin des Museums, Heidi Fritzenwallner, eingerichtet hat, erlebt man die Geschichte des ber\u00fchmten Liedes hautnah. Multimedia- und Mitmachstationen offenbaren die Hintergr\u00fcnde von \u201e<span id=\"urn:text-annotation-e23f80b5-6eb0-4f97-8397-cc63f6055f94\" class=\"textannotation disambiguated wl-creative work wl-other\" itemid=\"http:\/\/open.salzburgerland.com\/magazin\/entity\/200_jahre_stille_nacht\">Stille Nacht! Heilige Nacht!&#8220; und die ganz pers\u00f6nliche Geschichte des Textdichters Joseph Mohr.&nbsp;<\/span><\/span><\/p>\n\n\n\n<h2 class=\"wp-block-heading\" id=\"h-ein-lied-f-r-die-welt\">Ein Lied f\u00fcr die Welt<\/h2>\n\n\n\n<p>In Wagrain hatte Joseph Mohr die letzten elf Jahre bis zu seinem Tode 1848 als Vikar verbracht und k\u00fcmmerte sich um Kirche und Seelsorge, Armenf\u00fcrsorge und Schulwesen. Auch sein Grab befindet sich hier. Bei unserem Besuch in Wagrain machen wir erst eine Besichtigungstour durch das neue Museum. Im denkmalgesch\u00fctzten Altbau bleiben wir vor einer&nbsp;interaktiven Wand stehen, die die Geschichte Wagrains zeigt. Wir erfahren so einige interessante Dinge, die wir vorher noch nicht \u00fcber den Ort wussten. Weiter geht unsere Erkundungstour im oberen Gescho\u00df. Dort sind die ersten R\u00e4ume ganz und gar dem Leben und Wirken von Joseph Mohr in Wagrain gewidmet. Einen Gro\u00dfteil der Ausstellung nimmt dabei freilich die Entstehung des Liedes ein \u2013 von den Anf\u00e4ngen bis zur Urauff\u00fchrung gemeinsam mit Franz Xaver Gruber in der ehemaligen St. Nikolaus-Kirche in Oberndorf.<\/p>\n\n\n\n<figure class=\"wp-block-image alignnone size-full wp-image-119732 size-singlePost\"><img loading=\"lazy\" decoding=\"async\" width=\"1100\" height=\"734\" src=\"https:\/\/www.salzburgerland.com\/de\/magazin\/wp-content\/uploads\/2017\/12\/RS1089_kirche_und_schule02-scr.jpg\" alt=\"Eine Kirche mit einem hohen Kirchturm und leuchtenden Fenstern an einem verschneiten Abend in einem Dorf.\" class=\"wp-image-119732\" srcset=\"https:\/\/www.salzburgerland.com\/de\/magazin\/wp-content\/uploads\/2017\/12\/RS1089_kirche_und_schule02-scr.jpg 1100w, https:\/\/www.salzburgerland.com\/de\/magazin\/wp-content\/uploads\/2017\/12\/RS1089_kirche_und_schule02-scr-300x200.jpg 300w, https:\/\/www.salzburgerland.com\/de\/magazin\/wp-content\/uploads\/2017\/12\/RS1089_kirche_und_schule02-scr-824x550.jpg 824w, https:\/\/www.salzburgerland.com\/de\/magazin\/wp-content\/uploads\/2017\/12\/RS1089_kirche_und_schule02-scr-599x400.jpg 599w\" sizes=\"auto, (max-width: 1100px) 100vw, 1100px\" \/><figcaption>Die Pfarrkirche und die Schule.<\/figcaption><\/figure>\n\n\n\n<h2 class=\"wp-block-heading\" id=\"h-geschichte-wird-mit-neuen-methoden-lebendig\">Geschichte wird mit neuen Methoden lebendig<\/h2>\n\n\n\n<p>Wir wandern weiter in die n\u00e4chsten R\u00e4ume, wo das Lied selbst in den Fokus gestellt wird. Warum hatte dieses Weihnachtslied, das ein Vikar und ein Lehrer geschaffen haben, rund um den Globus einen so gro\u00dfen Erfolg? Wir lassen uns in einen der bequemen Ohrensessel fallen, die f\u00fcr die Besucher zur Verf\u00fcgung stehen und h\u00f6ren uns die unterschiedlichen Bearbeitungen des wunderbaren Liedes an. Wie wir erfahren, haben die Bearbeitungen und auch die verschiedenen Instrumentierungen, die man sich hier anh\u00f6ren kann, \u00fcbrigens Studierende des Salzburger Mozarteums eingespielt. Schlie\u00dflich sp\u00fcren wir der Verbreitung des Liedes auf der ganzen Welt nach, und zwar auf einem interaktiven Globus. So wird im neuen Museum im Pflegerschl\u00f6ssl eine alte Geschichte mithilfe von modernen Methoden auf ganz besondere Art und Weise lebendig. Eine wunderbare Sache, wie wir finden.&nbsp;<\/p>\n\n\n\n<figure class=\"wp-block-image alignnone size-full wp-image-119729 size-singlePost\"><img loading=\"lazy\" decoding=\"async\" width=\"1600\" height=\"900\" src=\"https:\/\/www.salzburgerland.com\/de\/magazin\/wp-content\/uploads\/2017\/12\/Stuckdecke-Stille-Nacht-Museum-im-Pflegerschli\u0302ssl-um-1800-c-Kulturverein-Blaues-Fenster.jpeg\" alt=\"Rundes Marmorrelief mit zentraler Bl\u00fcte, kleinen Bl\u00fcten und vier nach innen gerichteten, skulptierten Vogelk\u00f6pfen.\" class=\"wp-image-119729\" srcset=\"https:\/\/www.salzburgerland.com\/de\/magazin\/wp-content\/uploads\/2017\/12\/Stuckdecke-Stille-Nacht-Museum-im-Pflegerschli\u0302ssl-um-1800-c-Kulturverein-Blaues-Fenster.jpeg 1600w, https:\/\/www.salzburgerland.com\/de\/magazin\/wp-content\/uploads\/2017\/12\/Stuckdecke-Stille-Nacht-Museum-im-Pflegerschli\u0302ssl-um-1800-c-Kulturverein-Blaues-Fenster-300x169.jpeg 300w, https:\/\/www.salzburgerland.com\/de\/magazin\/wp-content\/uploads\/2017\/12\/Stuckdecke-Stille-Nacht-Museum-im-Pflegerschli\u0302ssl-um-1800-c-Kulturverein-Blaues-Fenster-978x550.jpeg 978w, https:\/\/www.salzburgerland.com\/de\/magazin\/wp-content\/uploads\/2017\/12\/Stuckdecke-Stille-Nacht-Museum-im-Pflegerschli\u0302ssl-um-1800-c-Kulturverein-Blaues-Fenster-711x400.jpeg 711w, https:\/\/www.salzburgerland.com\/de\/magazin\/wp-content\/uploads\/2017\/12\/Stuckdecke-Stille-Nacht-Museum-im-Pflegerschli\u0302ssl-um-1800-c-Kulturverein-Blaues-Fenster-560x316.jpeg 560w, https:\/\/www.salzburgerland.com\/de\/magazin\/wp-content\/uploads\/2017\/12\/Stuckdecke-Stille-Nacht-Museum-im-Pflegerschli\u0302ssl-um-1800-c-Kulturverein-Blaues-Fenster-250x140.jpeg 250w, https:\/\/www.salzburgerland.com\/de\/magazin\/wp-content\/uploads\/2017\/12\/Stuckdecke-Stille-Nacht-Museum-im-Pflegerschli\u0302ssl-um-1800-c-Kulturverein-Blaues-Fenster-1320x743.jpeg 1320w, https:\/\/www.salzburgerland.com\/de\/magazin\/wp-content\/uploads\/2017\/12\/Stuckdecke-Stille-Nacht-Museum-im-Pflegerschli\u0302ssl-um-1800-c-Kulturverein-Blaues-Fenster-1200x675.jpeg 1200w\" sizes=\"auto, (max-width: 1600px) 100vw, 1600px\" \/><figcaption>Die Stuckdecke im Stille-Nacht-Museum.<\/figcaption><\/figure>\n\n\n\n<h2 class=\"wp-block-heading\" id=\"h-kulturspaziergang-und-adventsingen-im-zeichen-von-stille-nacht\">Kulturspaziergang und Adventsingen im Zeichen von \u201eStille Nacht&#8220;<\/h2>\n\n\n\n<p>Doch auch wenn das neue Stille-Nacht-Museum ein echtes Highlight in Wagrain ist, was die Auseinandersetzung mit dem Jubil\u00e4umsjahr 2018 betrifft: es gibt noch viel mehr zu entdecken. Bei einem Wagrainer Kulturspaziergang erf\u00e4hrt man beispielsweise viel \u00fcber den Menschen Joseph Mohr \u2013 den Sozialreformer, dem seine Mitmenschen sehr am Herzen lagen. Man kann die Joseph-Mohr Schule besichtigen oder die kleine Pfarrkirche besuchen, in die 2006 die \u201eNeue Joseph Mohr Ged\u00e4chtnisorgel\u201c eingebaut wurde. Oder beim angrenzenden Friedhof verweilen, auf dem Mohr 1848 seine letzte Ruhest\u00e4tte fand. In der Adventszeit gibt es au\u00dferdem das traditionelle Joseph Mohr-Ged\u00e4chtnissingen oder das Stille Nacht-Adventssingen.<\/p>\n\n\n\n<p>Das und noch viel mehr l\u00e4sst sich im Stille-Nacht-Ort Wagrain entdecken. Und wenn man zwischendurch kurz inneh\u00e4lt, tief durchatmet in einer immer hektischer werdenden Zeit, dann kann man sie hier vielleicht wirklich noch sp\u00fcren: die Magie der Stille.<\/p>\n\n\n\n<p><em>Fotocredits:<br><\/em><em>\u00a9 SLTG (1 + 2)<br>\u00a9 Kulturverein Blaues Fenster (3)<\/em><\/p>\n","protected":false},"excerpt":{"rendered":"<p>Jetzt erstrahlt es wieder in neuem Glanz: Das&nbsp;Pflegerschl\u00f6ssl nahe dem Karl Heinrich Waggerl Haus ist ein echtes Architekturjuwel im barocken Stil, das feinf\u00fchlig&nbsp;restauriert und barrierefrei ausgebaut wurde. Gro\u00dfe metallene Lettern an einer Glasfront vor dem Geb\u00e4ude weisen darauf hin, was sich im Inneren befindet: \u201eUns der Gnaden F\u00fclle l\u00e4\u00dft sehn, Jesum in Menschengestalt.&#8220; So lautet [&hellip;]<\/p>\n","protected":false},"author":333,"featured_media":119726,"comment_status":"open","ping_status":"open","sticky":false,"template":"","format":"standard","meta":{"_acf_changed":false,"wl_entities_gutenberg":"","_wl_entity_redirect_enabled":"","footnotes":""},"categories":[6],"tags":[6709,6000],"wl_entity_type":[306],"monatsauswahl":[82,83,84,85,86,87,88,89,90,91,92,93],"class_list":["post-119717","post","type-post","status-publish","format-standard","has-post-thumbnail","hentry","category-kunst-kultur","tag-salzburgerland-card","tag-stille-nacht","wl_entity_type-article","monatsauswahl-monat_1","monatsauswahl-monat_2","monatsauswahl-monat_3","monatsauswahl-monat_4","monatsauswahl-monat_5","monatsauswahl-monat_6","monatsauswahl-monat_7","monatsauswahl-monat_8","monatsauswahl-monat_9","monatsauswahl-monat_10","monatsauswahl-monat_11","monatsauswahl-monat_12"],"acf":[],"yoast_head":"<!-- This site is optimized with the Yoast SEO Premium plugin v27.4 (Yoast SEO v27.4) - https:\/\/yoast.com\/product\/yoast-seo-premium-wordpress\/ -->\n<title>Das neue Stille-Nacht-Museum in Wagrain - SalzburgerLand Magazin<\/title>\n<meta name=\"description\" content=\"Als eine von sieben Salzburger Stille-Nacht-Orten hat sich Wagrain besonders sch\u00f6n herausgeputzt. Seit 3. Dezember 2017 wird im neuen Museum im frisch restaurierten Pflegerschl\u00f6ssl das Leben und Wirken von Joseph Mohr genauso wie die internationale Verbreitung von \u201eStille Nacht! Heilige Nacht!&quot; nachgezeichnet.\" \/>\n<meta name=\"robots\" content=\"index, follow, max-snippet:-1, max-image-preview:large, max-video-preview:-1\" \/>\n<link rel=\"canonical\" href=\"https:\/\/www.salzburgerland.com\/de\/magazin\/das-neue-stille-nacht-museum-in-wagrain\/\" \/>\n<meta property=\"og:locale\" content=\"de_DE\" \/>\n<meta property=\"og:type\" content=\"article\" \/>\n<meta property=\"og:title\" content=\"Das neue Stille-Nacht-Museum in Wagrain\" \/>\n<meta property=\"og:description\" content=\"Jetzt erstrahlt es wieder in neuem Glanz: Das&nbsp;Pflegerschl\u00f6ssl nahe dem Karl Heinrich Waggerl Haus ist ein echtes Architekturjuwel im barocken Stil, das feinf\u00fchlig&nbsp;restauriert und barrierefrei ausgebaut wurde. Gro\u00dfe metallene Lettern an einer Glasfront vor dem Geb\u00e4ude weisen darauf hin, was sich im Inneren befindet: \u201eUns der Gnaden F\u00fclle l\u00e4\u00dft sehn, Jesum in Menschengestalt.&#8220; So lautet [&hellip;]\" \/>\n<meta property=\"og:url\" content=\"https:\/\/www.salzburgerland.com\/de\/magazin\/das-neue-stille-nacht-museum-in-wagrain\/\" \/>\n<meta property=\"og:site_name\" content=\"SalzburgerLand Magazin\" \/>\n<meta property=\"article:publisher\" content=\"https:\/\/www.facebook.com\/salzburgerland\/\" \/>\n<meta property=\"article:published_time\" content=\"2017-12-07T07:00:23+00:00\" \/>\n<meta property=\"article:modified_time\" content=\"2021-03-23T05:38:21+00:00\" \/>\n<meta property=\"og:image\" content=\"https:\/\/www.salzburgerland.com\/de\/magazin\/wp-content\/uploads\/2017\/12\/Grab-Mohr-c-SalzburgerLand-Tourismus.jpg\" \/>\n\t<meta property=\"og:image:width\" content=\"1600\" \/>\n\t<meta property=\"og:image:height\" content=\"1068\" \/>\n\t<meta property=\"og:image:type\" content=\"image\/jpeg\" \/>\n<meta name=\"author\" content=\"Christina Knauseder-Csipek\" \/>\n<meta name=\"twitter:card\" content=\"summary_large_image\" \/>\n<meta name=\"twitter:creator\" content=\"@Salzburgerland\" \/>\n<meta name=\"twitter:site\" content=\"@Salzburgerland\" \/>\n<meta name=\"twitter:label1\" content=\"Verfasst von\" \/>\n\t<meta name=\"twitter:data1\" content=\"Christina Knauseder-Csipek\" \/>\n\t<meta name=\"twitter:label2\" content=\"Gesch\u00e4tzte Lesezeit\" \/>\n\t<meta name=\"twitter:data2\" content=\"4\u00a0Minuten\" \/>\n<script type=\"application\/ld+json\" class=\"yoast-schema-graph\">{\"@context\":\"https:\\\/\\\/schema.org\",\"@graph\":[{\"@type\":\"Article\",\"@id\":\"https:\\\/\\\/www.salzburgerland.com\\\/de\\\/magazin\\\/das-neue-stille-nacht-museum-in-wagrain\\\/#article\",\"isPartOf\":{\"@id\":\"https:\\\/\\\/www.salzburgerland.com\\\/de\\\/magazin\\\/das-neue-stille-nacht-museum-in-wagrain\\\/\"},\"author\":{\"name\":\"Christina Knauseder-Csipek\",\"@id\":\"https:\\\/\\\/www.salzburgerland.com\\\/de\\\/magazin\\\/#\\\/schema\\\/person\\\/c8d118fb84adefa6fa30b3220457409a\"},\"headline\":\"Das neue Stille-Nacht-Museum in Wagrain\",\"datePublished\":\"2017-12-07T07:00:23+00:00\",\"dateModified\":\"2021-03-23T05:38:21+00:00\",\"mainEntityOfPage\":{\"@id\":\"https:\\\/\\\/www.salzburgerland.com\\\/de\\\/magazin\\\/das-neue-stille-nacht-museum-in-wagrain\\\/\"},\"wordCount\":665,\"commentCount\":0,\"publisher\":{\"@id\":\"https:\\\/\\\/www.salzburgerland.com\\\/de\\\/magazin\\\/#organization\"},\"image\":{\"@id\":\"https:\\\/\\\/www.salzburgerland.com\\\/de\\\/magazin\\\/das-neue-stille-nacht-museum-in-wagrain\\\/#primaryimage\"},\"thumbnailUrl\":\"https:\\\/\\\/www.salzburgerland.com\\\/de\\\/magazin\\\/wp-content\\\/uploads\\\/2017\\\/12\\\/Grab-Mohr-c-SalzburgerLand-Tourismus.jpg\",\"keywords\":[\"SalzburgerLand Card\",\"Stille Nacht\"],\"articleSection\":[\"Kunst &amp; Kultur\"],\"inLanguage\":\"de\",\"potentialAction\":[{\"@type\":\"CommentAction\",\"name\":\"Comment\",\"target\":[\"https:\\\/\\\/www.salzburgerland.com\\\/de\\\/magazin\\\/das-neue-stille-nacht-museum-in-wagrain\\\/#respond\"]}]},{\"@type\":\"WebPage\",\"@id\":\"https:\\\/\\\/www.salzburgerland.com\\\/de\\\/magazin\\\/das-neue-stille-nacht-museum-in-wagrain\\\/\",\"url\":\"https:\\\/\\\/www.salzburgerland.com\\\/de\\\/magazin\\\/das-neue-stille-nacht-museum-in-wagrain\\\/\",\"name\":\"Das neue Stille-Nacht-Museum in Wagrain - SalzburgerLand Magazin\",\"isPartOf\":{\"@id\":\"https:\\\/\\\/www.salzburgerland.com\\\/de\\\/magazin\\\/#website\"},\"primaryImageOfPage\":{\"@id\":\"https:\\\/\\\/www.salzburgerland.com\\\/de\\\/magazin\\\/das-neue-stille-nacht-museum-in-wagrain\\\/#primaryimage\"},\"image\":{\"@id\":\"https:\\\/\\\/www.salzburgerland.com\\\/de\\\/magazin\\\/das-neue-stille-nacht-museum-in-wagrain\\\/#primaryimage\"},\"thumbnailUrl\":\"https:\\\/\\\/www.salzburgerland.com\\\/de\\\/magazin\\\/wp-content\\\/uploads\\\/2017\\\/12\\\/Grab-Mohr-c-SalzburgerLand-Tourismus.jpg\",\"datePublished\":\"2017-12-07T07:00:23+00:00\",\"dateModified\":\"2021-03-23T05:38:21+00:00\",\"breadcrumb\":{\"@id\":\"https:\\\/\\\/www.salzburgerland.com\\\/de\\\/magazin\\\/das-neue-stille-nacht-museum-in-wagrain\\\/#breadcrumb\"},\"inLanguage\":\"de\",\"potentialAction\":[{\"@type\":\"ReadAction\",\"target\":[\"https:\\\/\\\/www.salzburgerland.com\\\/de\\\/magazin\\\/das-neue-stille-nacht-museum-in-wagrain\\\/\"]}]},{\"@type\":\"ImageObject\",\"inLanguage\":\"de\",\"@id\":\"https:\\\/\\\/www.salzburgerland.com\\\/de\\\/magazin\\\/das-neue-stille-nacht-museum-in-wagrain\\\/#primaryimage\",\"url\":\"https:\\\/\\\/www.salzburgerland.com\\\/de\\\/magazin\\\/wp-content\\\/uploads\\\/2017\\\/12\\\/Grab-Mohr-c-SalzburgerLand-Tourismus.jpg\",\"contentUrl\":\"https:\\\/\\\/www.salzburgerland.com\\\/de\\\/magazin\\\/wp-content\\\/uploads\\\/2017\\\/12\\\/Grab-Mohr-c-SalzburgerLand-Tourismus.jpg\",\"width\":1600,\"height\":1068},{\"@type\":\"BreadcrumbList\",\"@id\":\"https:\\\/\\\/www.salzburgerland.com\\\/de\\\/magazin\\\/das-neue-stille-nacht-museum-in-wagrain\\\/#breadcrumb\",\"itemListElement\":[{\"@type\":\"ListItem\",\"position\":1,\"name\":\"Startseite\",\"item\":\"https:\\\/\\\/www.salzburgerland.com\\\/de\\\/magazin\\\/\"},{\"@type\":\"ListItem\",\"position\":2,\"name\":\"Kunst &amp; Kultur\",\"item\":\"https:\\\/\\\/www.salzburgerland.com\\\/de\\\/magazin\\\/thema\\\/kunst-kultur\\\/\"},{\"@type\":\"ListItem\",\"position\":3,\"name\":\"Das neue Stille-Nacht-Museum in Wagrain\"}]},{\"@type\":\"WebSite\",\"@id\":\"https:\\\/\\\/www.salzburgerland.com\\\/de\\\/magazin\\\/#website\",\"url\":\"https:\\\/\\\/www.salzburgerland.com\\\/de\\\/magazin\\\/\",\"name\":\"SalzburgerLand Magazin\",\"description\":\"Geschichten und Interessantes aus dem SalzburgerLand\",\"publisher\":{\"@id\":\"https:\\\/\\\/www.salzburgerland.com\\\/de\\\/magazin\\\/#organization\"},\"potentialAction\":[{\"@type\":\"SearchAction\",\"target\":{\"@type\":\"EntryPoint\",\"urlTemplate\":\"https:\\\/\\\/www.salzburgerland.com\\\/de\\\/magazin\\\/?s={search_term_string}\"},\"query-input\":{\"@type\":\"PropertyValueSpecification\",\"valueRequired\":true,\"valueName\":\"search_term_string\"}}],\"inLanguage\":\"de\"},{\"@type\":\"Organization\",\"@id\":\"https:\\\/\\\/www.salzburgerland.com\\\/de\\\/magazin\\\/#organization\",\"name\":\"SalzburgerLand Tourismus\",\"url\":\"https:\\\/\\\/www.salzburgerland.com\\\/de\\\/magazin\\\/\",\"logo\":{\"@type\":\"ImageObject\",\"inLanguage\":\"de\",\"@id\":\"https:\\\/\\\/www.salzburgerland.com\\\/de\\\/magazin\\\/#\\\/schema\\\/logo\\\/image\\\/\",\"url\":\"https:\\\/\\\/www.salzburgerland.com\\\/de\\\/magazin\\\/wp-content\\\/uploads\\\/2019\\\/06\\\/salzburgerland-logo1.jpg\",\"contentUrl\":\"https:\\\/\\\/www.salzburgerland.com\\\/de\\\/magazin\\\/wp-content\\\/uploads\\\/2019\\\/06\\\/salzburgerland-logo1.jpg\",\"width\":2011,\"height\":866,\"caption\":\"SalzburgerLand Tourismus\"},\"image\":{\"@id\":\"https:\\\/\\\/www.salzburgerland.com\\\/de\\\/magazin\\\/#\\\/schema\\\/logo\\\/image\\\/\"},\"sameAs\":[\"https:\\\/\\\/www.facebook.com\\\/salzburgerland\\\/\",\"https:\\\/\\\/x.com\\\/Salzburgerland\",\"https:\\\/\\\/www.instagram.com\\\/salzburgerland\\\/\",\"https:\\\/\\\/at.linkedin.com\\\/company\\\/salzburgerland-tourismus-gmbh\",\"https:\\\/\\\/www.pinterest.at\\\/salzburgerland\\\/\",\"https:\\\/\\\/www.youtube.com\\\/user\\\/salzburgerland\",\"https:\\\/\\\/de.wikipedia.org\\\/wiki\\\/SalzburgerLand_Tourismus_GmbH\"]},{\"@type\":\"Person\",\"@id\":\"https:\\\/\\\/www.salzburgerland.com\\\/de\\\/magazin\\\/#\\\/schema\\\/person\\\/c8d118fb84adefa6fa30b3220457409a\",\"name\":\"Christina Knauseder-Csipek\",\"description\":\"Ob interessante Menschen, besondere Landstriche oder bedeutsame Orte: Geschichten von Land und Leuten liegen Christina als studierte Historikerin und Kommunikationswissenschaftlerin besonders am Herzen. In ihrer Freizeit ist sie am liebsten in der Natur unterwegs oder begibt sich mit einer Tasse Tee in der Hand in fremde (Buch-)Welten. Das SalzburgerLand hat die Redakteurin schon als Kind sch\u00e4tzen und lieben gelernt. Heute genie\u00dft sie dessen Sch\u00f6nheiten noch immer so oft wie m\u00f6glich, zieht ihre Kreise aber auch gerne mal etwas gr\u00f6\u00dfer. Freunde munkeln \u00fcber einen Schuss Zigeunerblut in ihren Adern. So tingelt sie am liebsten entweder mit dem Rucksack durch Asien oder mit dem alten VW-Bus quer durch Europa. Und \u00fcberall warten spannende Geschichten darauf, bemerkt und niedergeschrieben zu werden. Fr\u00fchling, Sommer, Herbst oder Winter? Als geb\u00fcrtiges \u201eHerbstkatzerl\u201c liegt mir diese Jahreszeit besonders am Herzen. So sehr ich auch Fr\u00fchling, Sommer und Winter genie\u00dfe, ein klarer, sonniger Herbsttag mit seiner opulenten Farbenpracht \u2013 das hat schon einen ganz besonderen Zauber. Luxushotel oder Almh\u00fctte? Klar lasse ich mich auch gerne mal in einem Luxushotel verw\u00f6hnen, alles andere w\u00e4re geschwindelt. Aber gegen ein bodenst\u00e4ndiges Reise-Erlebnis nah an der Natur, ob auf einer urigen Alm oder am spartanischen Campingplatz auf Korsika, tausche ich einen Luxus-Urlaub gerne ein. Jederzeit und immer wieder. Kr\u00e4utertee oder Zirbenschnaps? Ein Schnapserl in Ehren kann ich schwer verwehren, wobei auch da eher den selbstgemachten Nusschnaps vom Onkel als die Zirbe. Grunds\u00e4tzlich bin ich aber ein leidenschaftlicher Tee-Genie\u00dfer und fr\u00f6ne dieser Leidenschaft literweise. Ob Gr\u00fcntee, Kr\u00e4utertee oder ganz klassisch \u201eEarl Grey\u201c: Eine Tasse Tee ist f\u00fcr mich Entspannung und Antrieb gleicherma\u00dfen. Buch oder Film? Ich bin ein absoluter B\u00fccherwurm, von Kindesbeinen an. B\u00f6se Zungen behaupten, dieser Zeit (Lesen bei, naja, nicht immer optimalen Bedingungen) h\u00e4tte ich auch meine Fehlsichtigkeit zu verdanken. Ob \u201eDer Herr der Ringe\u201c oder \u201eGame of Thrones\u201c \u2013 vor allem in fantastischen Welten kann ich mich komplett verlieren. Guten Filmen bin ich trotzdem nicht abgeneigt, da haben es mir vor allem \u00f6sterreichische und d\u00e4nische Produktionen angetan. Meistens herrlich skurril und oft zum Br\u00fcllen komisch. Yoga oder Mountainbike Auch wenn ich\u00b4s mir fr\u00fcher nicht gedacht h\u00e4tte: Yoga ist wirklich eine geniale Sache. Das mehr auf Kraft ausgerichtete Ashtanga Yoga hat einen fixen Platz in meinem Wochenplan gefunden, obwohl meine eigentliche Leidenschaft den Pferden geh\u00f6rt. Grunds\u00e4tzlich bevorzuge ich sportliche Aktivit\u00e4ten unter freiem Himmel. Von Laufen bis hin zum Paragleiten ist da alles mit dabei.\",\"url\":\"https:\\\/\\\/www.salzburgerland.com\\\/de\\\/magazin\\\/author\\\/christina-knauseder-csipek\\\/\"}]}<\/script>\n<!-- \/ Yoast SEO Premium plugin. -->","yoast_head_json":{"title":"Das neue Stille-Nacht-Museum in Wagrain - SalzburgerLand Magazin","description":"Als eine von sieben Salzburger Stille-Nacht-Orten hat sich Wagrain besonders sch\u00f6n herausgeputzt. Seit 3. Dezember 2017 wird im neuen Museum im frisch restaurierten Pflegerschl\u00f6ssl das Leben und Wirken von Joseph Mohr genauso wie die internationale Verbreitung von \u201eStille Nacht! Heilige Nacht!\" nachgezeichnet.","robots":{"index":"index","follow":"follow","max-snippet":"max-snippet:-1","max-image-preview":"max-image-preview:large","max-video-preview":"max-video-preview:-1"},"canonical":"https:\/\/www.salzburgerland.com\/de\/magazin\/das-neue-stille-nacht-museum-in-wagrain\/","og_locale":"de_DE","og_type":"article","og_title":"Das neue Stille-Nacht-Museum in Wagrain","og_description":"Jetzt erstrahlt es wieder in neuem Glanz: Das&nbsp;Pflegerschl\u00f6ssl nahe dem Karl Heinrich Waggerl Haus ist ein echtes Architekturjuwel im barocken Stil, das feinf\u00fchlig&nbsp;restauriert und barrierefrei ausgebaut wurde. Gro\u00dfe metallene Lettern an einer Glasfront vor dem Geb\u00e4ude weisen darauf hin, was sich im Inneren befindet: \u201eUns der Gnaden F\u00fclle l\u00e4\u00dft sehn, Jesum in Menschengestalt.&#8220; So lautet [&hellip;]","og_url":"https:\/\/www.salzburgerland.com\/de\/magazin\/das-neue-stille-nacht-museum-in-wagrain\/","og_site_name":"SalzburgerLand Magazin","article_publisher":"https:\/\/www.facebook.com\/salzburgerland\/","article_published_time":"2017-12-07T07:00:23+00:00","article_modified_time":"2021-03-23T05:38:21+00:00","og_image":[{"width":1600,"height":1068,"url":"https:\/\/www.salzburgerland.com\/de\/magazin\/wp-content\/uploads\/2017\/12\/Grab-Mohr-c-SalzburgerLand-Tourismus.jpg","type":"image\/jpeg"}],"author":"Christina Knauseder-Csipek","twitter_card":"summary_large_image","twitter_creator":"@Salzburgerland","twitter_site":"@Salzburgerland","twitter_misc":{"Verfasst von":"Christina Knauseder-Csipek","Gesch\u00e4tzte Lesezeit":"4\u00a0Minuten"},"schema":{"@context":"https:\/\/schema.org","@graph":[{"@type":"Article","@id":"https:\/\/www.salzburgerland.com\/de\/magazin\/das-neue-stille-nacht-museum-in-wagrain\/#article","isPartOf":{"@id":"https:\/\/www.salzburgerland.com\/de\/magazin\/das-neue-stille-nacht-museum-in-wagrain\/"},"author":{"name":"Christina Knauseder-Csipek","@id":"https:\/\/www.salzburgerland.com\/de\/magazin\/#\/schema\/person\/c8d118fb84adefa6fa30b3220457409a"},"headline":"Das neue Stille-Nacht-Museum in Wagrain","datePublished":"2017-12-07T07:00:23+00:00","dateModified":"2021-03-23T05:38:21+00:00","mainEntityOfPage":{"@id":"https:\/\/www.salzburgerland.com\/de\/magazin\/das-neue-stille-nacht-museum-in-wagrain\/"},"wordCount":665,"commentCount":0,"publisher":{"@id":"https:\/\/www.salzburgerland.com\/de\/magazin\/#organization"},"image":{"@id":"https:\/\/www.salzburgerland.com\/de\/magazin\/das-neue-stille-nacht-museum-in-wagrain\/#primaryimage"},"thumbnailUrl":"https:\/\/www.salzburgerland.com\/de\/magazin\/wp-content\/uploads\/2017\/12\/Grab-Mohr-c-SalzburgerLand-Tourismus.jpg","keywords":["SalzburgerLand Card","Stille Nacht"],"articleSection":["Kunst &amp; Kultur"],"inLanguage":"de","potentialAction":[{"@type":"CommentAction","name":"Comment","target":["https:\/\/www.salzburgerland.com\/de\/magazin\/das-neue-stille-nacht-museum-in-wagrain\/#respond"]}]},{"@type":"WebPage","@id":"https:\/\/www.salzburgerland.com\/de\/magazin\/das-neue-stille-nacht-museum-in-wagrain\/","url":"https:\/\/www.salzburgerland.com\/de\/magazin\/das-neue-stille-nacht-museum-in-wagrain\/","name":"Das neue Stille-Nacht-Museum in Wagrain - SalzburgerLand Magazin","isPartOf":{"@id":"https:\/\/www.salzburgerland.com\/de\/magazin\/#website"},"primaryImageOfPage":{"@id":"https:\/\/www.salzburgerland.com\/de\/magazin\/das-neue-stille-nacht-museum-in-wagrain\/#primaryimage"},"image":{"@id":"https:\/\/www.salzburgerland.com\/de\/magazin\/das-neue-stille-nacht-museum-in-wagrain\/#primaryimage"},"thumbnailUrl":"https:\/\/www.salzburgerland.com\/de\/magazin\/wp-content\/uploads\/2017\/12\/Grab-Mohr-c-SalzburgerLand-Tourismus.jpg","datePublished":"2017-12-07T07:00:23+00:00","dateModified":"2021-03-23T05:38:21+00:00","breadcrumb":{"@id":"https:\/\/www.salzburgerland.com\/de\/magazin\/das-neue-stille-nacht-museum-in-wagrain\/#breadcrumb"},"inLanguage":"de","potentialAction":[{"@type":"ReadAction","target":["https:\/\/www.salzburgerland.com\/de\/magazin\/das-neue-stille-nacht-museum-in-wagrain\/"]}]},{"@type":"ImageObject","inLanguage":"de","@id":"https:\/\/www.salzburgerland.com\/de\/magazin\/das-neue-stille-nacht-museum-in-wagrain\/#primaryimage","url":"https:\/\/www.salzburgerland.com\/de\/magazin\/wp-content\/uploads\/2017\/12\/Grab-Mohr-c-SalzburgerLand-Tourismus.jpg","contentUrl":"https:\/\/www.salzburgerland.com\/de\/magazin\/wp-content\/uploads\/2017\/12\/Grab-Mohr-c-SalzburgerLand-Tourismus.jpg","width":1600,"height":1068},{"@type":"BreadcrumbList","@id":"https:\/\/www.salzburgerland.com\/de\/magazin\/das-neue-stille-nacht-museum-in-wagrain\/#breadcrumb","itemListElement":[{"@type":"ListItem","position":1,"name":"Startseite","item":"https:\/\/www.salzburgerland.com\/de\/magazin\/"},{"@type":"ListItem","position":2,"name":"Kunst &amp; Kultur","item":"https:\/\/www.salzburgerland.com\/de\/magazin\/thema\/kunst-kultur\/"},{"@type":"ListItem","position":3,"name":"Das neue Stille-Nacht-Museum in Wagrain"}]},{"@type":"WebSite","@id":"https:\/\/www.salzburgerland.com\/de\/magazin\/#website","url":"https:\/\/www.salzburgerland.com\/de\/magazin\/","name":"SalzburgerLand Magazin","description":"Geschichten und Interessantes aus dem SalzburgerLand","publisher":{"@id":"https:\/\/www.salzburgerland.com\/de\/magazin\/#organization"},"potentialAction":[{"@type":"SearchAction","target":{"@type":"EntryPoint","urlTemplate":"https:\/\/www.salzburgerland.com\/de\/magazin\/?s={search_term_string}"},"query-input":{"@type":"PropertyValueSpecification","valueRequired":true,"valueName":"search_term_string"}}],"inLanguage":"de"},{"@type":"Organization","@id":"https:\/\/www.salzburgerland.com\/de\/magazin\/#organization","name":"SalzburgerLand Tourismus","url":"https:\/\/www.salzburgerland.com\/de\/magazin\/","logo":{"@type":"ImageObject","inLanguage":"de","@id":"https:\/\/www.salzburgerland.com\/de\/magazin\/#\/schema\/logo\/image\/","url":"https:\/\/www.salzburgerland.com\/de\/magazin\/wp-content\/uploads\/2019\/06\/salzburgerland-logo1.jpg","contentUrl":"https:\/\/www.salzburgerland.com\/de\/magazin\/wp-content\/uploads\/2019\/06\/salzburgerland-logo1.jpg","width":2011,"height":866,"caption":"SalzburgerLand Tourismus"},"image":{"@id":"https:\/\/www.salzburgerland.com\/de\/magazin\/#\/schema\/logo\/image\/"},"sameAs":["https:\/\/www.facebook.com\/salzburgerland\/","https:\/\/x.com\/Salzburgerland","https:\/\/www.instagram.com\/salzburgerland\/","https:\/\/at.linkedin.com\/company\/salzburgerland-tourismus-gmbh","https:\/\/www.pinterest.at\/salzburgerland\/","https:\/\/www.youtube.com\/user\/salzburgerland","https:\/\/de.wikipedia.org\/wiki\/SalzburgerLand_Tourismus_GmbH"]},{"@type":"Person","@id":"https:\/\/www.salzburgerland.com\/de\/magazin\/#\/schema\/person\/c8d118fb84adefa6fa30b3220457409a","name":"Christina Knauseder-Csipek","description":"Ob interessante Menschen, besondere Landstriche oder bedeutsame Orte: Geschichten von Land und Leuten liegen Christina als studierte Historikerin und Kommunikationswissenschaftlerin besonders am Herzen. In ihrer Freizeit ist sie am liebsten in der Natur unterwegs oder begibt sich mit einer Tasse Tee in der Hand in fremde (Buch-)Welten. Das SalzburgerLand hat die Redakteurin schon als Kind sch\u00e4tzen und lieben gelernt. Heute genie\u00dft sie dessen Sch\u00f6nheiten noch immer so oft wie m\u00f6glich, zieht ihre Kreise aber auch gerne mal etwas gr\u00f6\u00dfer. Freunde munkeln \u00fcber einen Schuss Zigeunerblut in ihren Adern. So tingelt sie am liebsten entweder mit dem Rucksack durch Asien oder mit dem alten VW-Bus quer durch Europa. Und \u00fcberall warten spannende Geschichten darauf, bemerkt und niedergeschrieben zu werden. Fr\u00fchling, Sommer, Herbst oder Winter? Als geb\u00fcrtiges \u201eHerbstkatzerl\u201c liegt mir diese Jahreszeit besonders am Herzen. So sehr ich auch Fr\u00fchling, Sommer und Winter genie\u00dfe, ein klarer, sonniger Herbsttag mit seiner opulenten Farbenpracht \u2013 das hat schon einen ganz besonderen Zauber. Luxushotel oder Almh\u00fctte? Klar lasse ich mich auch gerne mal in einem Luxushotel verw\u00f6hnen, alles andere w\u00e4re geschwindelt. Aber gegen ein bodenst\u00e4ndiges Reise-Erlebnis nah an der Natur, ob auf einer urigen Alm oder am spartanischen Campingplatz auf Korsika, tausche ich einen Luxus-Urlaub gerne ein. Jederzeit und immer wieder. Kr\u00e4utertee oder Zirbenschnaps? Ein Schnapserl in Ehren kann ich schwer verwehren, wobei auch da eher den selbstgemachten Nusschnaps vom Onkel als die Zirbe. Grunds\u00e4tzlich bin ich aber ein leidenschaftlicher Tee-Genie\u00dfer und fr\u00f6ne dieser Leidenschaft literweise. Ob Gr\u00fcntee, Kr\u00e4utertee oder ganz klassisch \u201eEarl Grey\u201c: Eine Tasse Tee ist f\u00fcr mich Entspannung und Antrieb gleicherma\u00dfen. Buch oder Film? Ich bin ein absoluter B\u00fccherwurm, von Kindesbeinen an. B\u00f6se Zungen behaupten, dieser Zeit (Lesen bei, naja, nicht immer optimalen Bedingungen) h\u00e4tte ich auch meine Fehlsichtigkeit zu verdanken. Ob \u201eDer Herr der Ringe\u201c oder \u201eGame of Thrones\u201c \u2013 vor allem in fantastischen Welten kann ich mich komplett verlieren. Guten Filmen bin ich trotzdem nicht abgeneigt, da haben es mir vor allem \u00f6sterreichische und d\u00e4nische Produktionen angetan. Meistens herrlich skurril und oft zum Br\u00fcllen komisch. Yoga oder Mountainbike Auch wenn ich\u00b4s mir fr\u00fcher nicht gedacht h\u00e4tte: Yoga ist wirklich eine geniale Sache. Das mehr auf Kraft ausgerichtete Ashtanga Yoga hat einen fixen Platz in meinem Wochenplan gefunden, obwohl meine eigentliche Leidenschaft den Pferden geh\u00f6rt. Grunds\u00e4tzlich bevorzuge ich sportliche Aktivit\u00e4ten unter freiem Himmel. Von Laufen bis hin zum Paragleiten ist da alles mit dabei.","url":"https:\/\/www.salzburgerland.com\/de\/magazin\/author\/christina-knauseder-csipek\/"}]}},"_wl_alt_label":[],"wl:entity_url":"http:\/\/open.salzburgerland.com\/magazin\/post\/das_neue_stille-nacht-museum_in_wagrain","_links":{"self":[{"href":"https:\/\/www.salzburgerland.com\/de\/magazin\/wp-json\/wp\/v2\/posts\/119717","targetHints":{"allow":["GET"]}}],"collection":[{"href":"https:\/\/www.salzburgerland.com\/de\/magazin\/wp-json\/wp\/v2\/posts"}],"about":[{"href":"https:\/\/www.salzburgerland.com\/de\/magazin\/wp-json\/wp\/v2\/types\/post"}],"author":[{"embeddable":true,"href":"https:\/\/www.salzburgerland.com\/de\/magazin\/wp-json\/wp\/v2\/users\/333"}],"replies":[{"embeddable":true,"href":"https:\/\/www.salzburgerland.com\/de\/magazin\/wp-json\/wp\/v2\/comments?post=119717"}],"version-history":[{"count":1,"href":"https:\/\/www.salzburgerland.com\/de\/magazin\/wp-json\/wp\/v2\/posts\/119717\/revisions"}],"predecessor-version":[{"id":151307,"href":"https:\/\/www.salzburgerland.com\/de\/magazin\/wp-json\/wp\/v2\/posts\/119717\/revisions\/151307"}],"wp:featuredmedia":[{"embeddable":true,"href":"https:\/\/www.salzburgerland.com\/de\/magazin\/wp-json\/wp\/v2\/media\/119726"}],"wp:attachment":[{"href":"https:\/\/www.salzburgerland.com\/de\/magazin\/wp-json\/wp\/v2\/media?parent=119717"}],"wp:term":[{"taxonomy":"category","embeddable":true,"href":"https:\/\/www.salzburgerland.com\/de\/magazin\/wp-json\/wp\/v2\/categories?post=119717"},{"taxonomy":"post_tag","embeddable":true,"href":"https:\/\/www.salzburgerland.com\/de\/magazin\/wp-json\/wp\/v2\/tags?post=119717"},{"taxonomy":"wl_entity_type","embeddable":true,"href":"https:\/\/www.salzburgerland.com\/de\/magazin\/wp-json\/wp\/v2\/wl_entity_type?post=119717"},{"taxonomy":"monatsauswahl","embeddable":true,"href":"https:\/\/www.salzburgerland.com\/de\/magazin\/wp-json\/wp\/v2\/monatsauswahl?post=119717"}],"curies":[{"name":"wp","href":"https:\/\/api.w.org\/{rel}","templated":true}]}}