{"id":119550,"date":"2017-11-28T08:00:17","date_gmt":"2017-11-28T07:00:17","guid":{"rendered":"https:\/\/www.salzburgerland.com\/de\/magazin\/?p=119550"},"modified":"2019-06-26T18:30:40","modified_gmt":"2019-06-26T16:30:40","slug":"kekse-kerzen-kinderspielzeug","status":"publish","type":"post","link":"https:\/\/www.salzburgerland.com\/de\/magazin\/kekse-kerzen-kinderspielzeug\/","title":{"rendered":"Kekse, Kerzen, Kinderspielzeug"},"content":{"rendered":"<p><strong>Leise schaukeln Schneeflocken zu Boden, Gl\u00fchweinduft verbreitet wohlige W\u00e4rme und die liebevoll geschm\u00fcckten H\u00fctten laden zum Schauen, Plaudern und Kaufen ein. Alle Mitarbeiterinnen und Mitarbeiter basteln, verkaufen und beraten auf dem <a href=\"http:\/\/www.advent-groedig.com\/de\/adventmarktsanktleonhard\/\" target=\"_blank\" rel=\"noopener noreferrer\">St. Leonharder Adventsmarkt<\/a> ehrenamtlich. Die gesamten Einnahmen kommen der <a href=\"https:\/\/www.lebenshilfe.de\/de\/index.php\" target=\"_blank\" rel=\"noopener noreferrer\">Lebenshilfe f\u00fcr Menschen mit Behinderungen<\/a> zugute.\u00a0\u00a0 <\/strong><\/p>\n<p>Strohsterne, Strickjacken und Wollhauben verkauft Ilse Ertl in ihrer H\u00fctte auf dem Adventmarkt in St. Leonhard. Die Salzburgerin bastelt die roten, blauen und strohgelben filigranen\u00a0 Sterne daheim in ihrer gem\u00fctlichen K\u00fcche. &#8222;Je l\u00e4nger ich mit dem Stroh arbeite, desto erfinderischer werde ich. Am liebsten probiere ich aus, was alles m\u00f6glich ist&#8220;, sagt sie mit strahlenden Augen.<\/p>\n<figure id=\"attachment_119567\" aria-describedby=\"caption-attachment-119567\" style=\"width: 650px\" class=\"wp-caption aligncenter\"><img loading=\"lazy\" decoding=\"async\" class=\"wp-image-119567 size-singlePost\" src=\"https:\/\/www.salzburgerland.com\/de\/magazin\/wp-content\/uploads\/2017\/11\/Strohsterne_8-650x435.jpg\" alt=\"\" width=\"650\" height=\"435\" \/><figcaption id=\"caption-attachment-119567\" class=\"wp-caption-text\">Der Stern bevor er in Form geschnitten wird.<\/figcaption><\/figure>\n<p>Ilse Ertl betreut seit 1975 eine der H\u00fctten am St. Leonharder Adventsmarkt, in der sie selbst Gesticktes, Gestricktes und Gebasteltes verkauft. Von allen H\u00fcttenbetreuerinnen und -betreuern ist die 76-J\u00e4hrige am l\u00e4ngsten dabei. Diesen Markt gibt es \u00fcbrigens seit 1973. Er war einer der ersten M\u00e4rkte im SalzburgerLand. Jahr f\u00fcr Jahr helfen rund 300 Freiwillige aus Salzburg, Gr\u00f6dig und Umgebung mit, dass der Adventsmarkt stattfinden kann. Die gesamten Einnahmen gehen an die Lebenshilfe f\u00fcr Menschen mit Behinderungen.<\/p>\n<h3>Vorweihnachtliche Veranstaltungen auf dem Adventmarkt St. Leonhard<\/h3>\n<p>In der Wallfahrtskirche St. Leonhard bei Gr\u00f6dig, am Fu\u00dfe des Untersberges, gestalten Sing- und Musiziergruppen aus Salzburg, K\u00e4rnten und Bayern die besinnlichen Adventsfeiern, das Turmblasen und die Festgottesdienste. Kinder backen in der Advent-Backstube mit ein wenig Unterst\u00fctzung Kekse und brutzeln Brat\u00e4pfel .<\/p>\n<p><strong>\u00d6ffnungzeiten<br \/>\n <\/strong>An Samstagen: von 14 bis 19 Uhr und an Sonntagen sowie am 8. Dezember von 11 bis 19 Uhr.<\/p>\n<p>Man kann \u00fcbrigens auch mit dem \u00f6ffentlichen Bus den Adventmarkt St. Leonhard erreichen. (Linie 25 von Salzburg bis Untersbergbahn, alle 20 Minuten)<\/p>\n<div class=\"mag-gallery\"><div class=\"row\"><div class=\"col-6 col-sm-4\"><figure><a class=\"thumb-container\" href=\"https:\/\/www.salzburgerland.com\/de\/magazin\/wp-content\/uploads\/2017\/11\/DSC_5578-1280x1024.jpg\">\t<picture><source media=\"(min-width: 576px)\" srcset=\"https:\/\/www.salzburgerland.com\/de\/magazin\/wp-content\/uploads\/2017\/11\/DSC_5578-325x209.jpg 325w, https:\/\/www.salzburgerland.com\/de\/magazin\/wp-content\/uploads\/2017\/11\/DSC_5578-249x160.jpg 249w\" \/><source media=\"(min-width: 0)\" srcset=\"https:\/\/www.salzburgerland.com\/de\/magazin\/wp-content\/uploads\/2017\/11\/DSC_5578-249x160.jpg 249w, https:\/\/www.salzburgerland.com\/de\/magazin\/wp-content\/uploads\/2017\/11\/DSC_5578-325x209.jpg 325w\" \/><img decoding=\"async\" alt=\"Verschneiter n\u00e4chtlicher Weihnachtsmarkt mit geschm\u00fcckten St\u00e4nden, blinkenden Lichtern und festlichen B\u00e4umen.\" src=\"https:\/\/www.salzburgerland.com\/de\/magazin\/wp-content\/uploads\/2017\/11\/DSC_5578.jpg\" \/>\t<\/picture><\/a><\/figure><\/div><div class=\"col-6 col-sm-4\"><figure><a class=\"thumb-container\" href=\"https:\/\/www.salzburgerland.com\/de\/magazin\/wp-content\/uploads\/2017\/11\/DSC_5568-1280x1024.jpg\">\t<picture><source media=\"(min-width: 576px)\" srcset=\"https:\/\/www.salzburgerland.com\/de\/magazin\/wp-content\/uploads\/2017\/11\/DSC_5568-325x209.jpg 325w, https:\/\/www.salzburgerland.com\/de\/magazin\/wp-content\/uploads\/2017\/11\/DSC_5568-249x160.jpg 249w\" \/><source media=\"(min-width: 0)\" srcset=\"https:\/\/www.salzburgerland.com\/de\/magazin\/wp-content\/uploads\/2017\/11\/DSC_5568-249x160.jpg 249w, https:\/\/www.salzburgerland.com\/de\/magazin\/wp-content\/uploads\/2017\/11\/DSC_5568-325x209.jpg 325w\" \/><img decoding=\"async\" alt=\"Ein schneebedeckter, mit wei\u00dfen Lichtern beleuchteter Weihnachtsbaum, umgeben von verschneiten, festlich beleuchteten H\u00fctten bei Nacht.\" src=\"https:\/\/www.salzburgerland.com\/de\/magazin\/wp-content\/uploads\/2017\/11\/DSC_5568.jpg\" \/>\t<\/picture><\/a><\/figure><\/div><div class=\"col-6 col-sm-4\"><figure><a class=\"thumb-container\" href=\"https:\/\/www.salzburgerland.com\/de\/magazin\/wp-content\/uploads\/2017\/11\/StLeonharder-Advent-de-1280x1024.jpg\">\t<picture><source media=\"(min-width: 576px)\" srcset=\"\" \/><source media=\"(min-width: 0)\" srcset=\"https:\/\/www.salzburgerland.com\/de\/magazin\/wp-content\/uploads\/2017\/11\/StLeonharder-Advent-de.jpg 1063w, https:\/\/www.salzburgerland.com\/de\/magazin\/wp-content\/uploads\/2017\/11\/StLeonharder-Advent-de-199x300.jpg 199w, https:\/\/www.salzburgerland.com\/de\/magazin\/wp-content\/uploads\/2017\/11\/StLeonharder-Advent-de-365x550.jpg 365w, https:\/\/www.salzburgerland.com\/de\/magazin\/wp-content\/uploads\/2017\/11\/StLeonharder-Advent-de-266x400.jpg 266w\" \/><img decoding=\"async\" alt=\"Verschneites Dorf bei Nacht mit einem beleuchteten Kirchturm, leuchtenden Lichtern, B\u00e4umen und festlichem Winterschmuck.\" src=\"https:\/\/www.salzburgerland.com\/de\/magazin\/wp-content\/uploads\/2017\/11\/StLeonharder-Advent-de.jpg\" \/>\t<\/picture><\/a><\/figure><\/div><div class=\"col-6 col-sm-4\"><figure><a class=\"thumb-container\" href=\"https:\/\/www.salzburgerland.com\/de\/magazin\/wp-content\/uploads\/2017\/11\/Ilse-Ertl_Strohsterne-1280x1024.jpg\">\t<picture><source media=\"(min-width: 576px)\" srcset=\"https:\/\/www.salzburgerland.com\/de\/magazin\/wp-content\/uploads\/2017\/11\/Ilse-Ertl_Strohsterne-325x209.jpg 325w, https:\/\/www.salzburgerland.com\/de\/magazin\/wp-content\/uploads\/2017\/11\/Ilse-Ertl_Strohsterne-249x160.jpg 249w\" \/><source media=\"(min-width: 0)\" srcset=\"https:\/\/www.salzburgerland.com\/de\/magazin\/wp-content\/uploads\/2017\/11\/Ilse-Ertl_Strohsterne-249x160.jpg 249w, https:\/\/www.salzburgerland.com\/de\/magazin\/wp-content\/uploads\/2017\/11\/Ilse-Ertl_Strohsterne-325x209.jpg 325w\" \/><img decoding=\"async\" alt=\"Eine l\u00e4chelnde Frau an einem Marktstand h\u00e4lt zwei handgefertigte Stern-Ornamente in der Hand, umgeben von H\u00fcten und Kunsthandwerk.\" src=\"https:\/\/www.salzburgerland.com\/de\/magazin\/wp-content\/uploads\/2017\/11\/Ilse-Ertl_Strohsterne.jpg\" \/>\t<\/picture><\/a><\/figure><\/div><div class=\"col-6 col-sm-4\"><figure><a class=\"thumb-container\" href=\"https:\/\/www.salzburgerland.com\/de\/magazin\/wp-content\/uploads\/2017\/11\/Strohstern-1280x1024.jpg\">\t<picture><source media=\"(min-width: 576px)\" srcset=\"\" \/><source media=\"(min-width: 0)\" srcset=\"https:\/\/www.salzburgerland.com\/de\/magazin\/wp-content\/uploads\/2017\/11\/Strohstern.jpg 660w, https:\/\/www.salzburgerland.com\/de\/magazin\/wp-content\/uploads\/2017\/11\/Strohstern-200x300.jpg 200w, https:\/\/www.salzburgerland.com\/de\/magazin\/wp-content\/uploads\/2017\/11\/Strohstern-367x550.jpg 367w, https:\/\/www.salzburgerland.com\/de\/magazin\/wp-content\/uploads\/2017\/11\/Strohstern-267x400.jpg 267w\" \/><img decoding=\"async\" alt=\"Strohsterne h\u00e4ngen an den Zweigen eines gr\u00fcnen Weihnachtsbaums.\" src=\"https:\/\/www.salzburgerland.com\/de\/magazin\/wp-content\/uploads\/2017\/11\/Strohstern.jpg\" \/>\t<\/picture><\/a><\/figure><\/div><div class=\"col-6 col-sm-4\"><figure><a class=\"thumb-container\" href=\"https:\/\/www.salzburgerland.com\/de\/magazin\/wp-content\/uploads\/2017\/11\/Kerzen-1280x1024.jpg\">\t<picture><source media=\"(min-width: 576px)\" srcset=\"\" \/><source media=\"(min-width: 0)\" srcset=\"https:\/\/www.salzburgerland.com\/de\/magazin\/wp-content\/uploads\/2017\/11\/Kerzen.jpg 509w, https:\/\/www.salzburgerland.com\/de\/magazin\/wp-content\/uploads\/2017\/11\/Kerzen-200x300.jpg 200w, https:\/\/www.salzburgerland.com\/de\/magazin\/wp-content\/uploads\/2017\/11\/Kerzen-367x550.jpg 367w, https:\/\/www.salzburgerland.com\/de\/magazin\/wp-content\/uploads\/2017\/11\/Kerzen-267x400.jpg 267w\" \/><img decoding=\"async\" alt=\"Verschiedene Formen und Gr\u00f6\u00dfen von Bienenwachskerzen auf einem Marktstand.\" src=\"https:\/\/www.salzburgerland.com\/de\/magazin\/wp-content\/uploads\/2017\/11\/Kerzen.jpg\" \/>\t<\/picture><\/a><\/figure><\/div><div class=\"col-6 col-sm-4\"><figure><a class=\"thumb-container\" href=\"https:\/\/www.salzburgerland.com\/de\/magazin\/wp-content\/uploads\/2017\/11\/Basteleien-1280x1024.jpg\">\t<picture><source media=\"(min-width: 576px)\" srcset=\"\" \/><source media=\"(min-width: 0)\" srcset=\"https:\/\/www.salzburgerland.com\/de\/magazin\/wp-content\/uploads\/2017\/11\/Basteleien.jpg 667w, https:\/\/www.salzburgerland.com\/de\/magazin\/wp-content\/uploads\/2017\/11\/Basteleien-200x300.jpg 200w, https:\/\/www.salzburgerland.com\/de\/magazin\/wp-content\/uploads\/2017\/11\/Basteleien-367x550.jpg 367w, https:\/\/www.salzburgerland.com\/de\/magazin\/wp-content\/uploads\/2017\/11\/Basteleien-267x400.jpg 267w\" \/><img decoding=\"async\" alt=\"Ein Willkommensschild mit einem Herzkranz in den Farben Rot, Gr\u00fcn und Wei\u00df, das in einem Fenster h\u00e4ngt.\" src=\"https:\/\/www.salzburgerland.com\/de\/magazin\/wp-content\/uploads\/2017\/11\/Basteleien.jpg\" \/>\t<\/picture><\/a><\/figure><\/div><div class=\"col-6 col-sm-4\"><figure><a class=\"thumb-container\" href=\"https:\/\/www.salzburgerland.com\/de\/magazin\/wp-content\/uploads\/2017\/11\/IMG_0815a-1280x1024.jpg\">\t<picture><source media=\"(min-width: 576px)\" srcset=\"https:\/\/www.salzburgerland.com\/de\/magazin\/wp-content\/uploads\/2017\/11\/IMG_0815a-325x209.jpg 325w, https:\/\/www.salzburgerland.com\/de\/magazin\/wp-content\/uploads\/2017\/11\/IMG_0815a-249x160.jpg 249w\" \/><source media=\"(min-width: 0)\" srcset=\"https:\/\/www.salzburgerland.com\/de\/magazin\/wp-content\/uploads\/2017\/11\/IMG_0815a-249x160.jpg 249w, https:\/\/www.salzburgerland.com\/de\/magazin\/wp-content\/uploads\/2017\/11\/IMG_0815a-325x209.jpg 325w\" \/><img decoding=\"async\" alt=\"Ein detailliertes Krippendiorama mit vielen Figuren in farbenfrohen Kost\u00fcmen und historischen Stadtgeb\u00e4uden.\" src=\"https:\/\/www.salzburgerland.com\/de\/magazin\/wp-content\/uploads\/2017\/11\/IMG_0815a.jpg\" \/>\t<\/picture><\/a><\/figure><\/div><div class=\"col-6 col-sm-4\"><figure><a class=\"thumb-container\" href=\"https:\/\/www.salzburgerland.com\/de\/magazin\/wp-content\/uploads\/2017\/11\/Dapra-Bildklein-1280x1024.jpg\">\t<picture><source media=\"(min-width: 576px)\" srcset=\"\" \/><source media=\"(min-width: 0)\" srcset=\"https:\/\/www.salzburgerland.com\/de\/magazin\/wp-content\/uploads\/2017\/11\/Dapra-Bildklein.jpg 658w, https:\/\/www.salzburgerland.com\/de\/magazin\/wp-content\/uploads\/2017\/11\/Dapra-Bildklein-264x300.jpg 264w, https:\/\/www.salzburgerland.com\/de\/magazin\/wp-content\/uploads\/2017\/11\/Dapra-Bildklein-484x550.jpg 484w, https:\/\/www.salzburgerland.com\/de\/magazin\/wp-content\/uploads\/2017\/11\/Dapra-Bildklein-352x400.jpg 352w\" \/><img decoding=\"async\" alt=\"Menschen st\u00f6bern auf einem verschneiten Markt im Freien vor einer Kirche mit kahlen B\u00e4umen und einem blassen Winterhimmel im Hintergrund.\" src=\"https:\/\/www.salzburgerland.com\/de\/magazin\/wp-content\/uploads\/2017\/11\/Dapra-Bildklein.jpg\" \/>\t<\/picture><\/a><\/figure><\/div><div class=\"col-6 col-sm-4\"><figure><a class=\"thumb-container\" href=\"https:\/\/www.salzburgerland.com\/de\/magazin\/wp-content\/uploads\/2017\/11\/MG_9010-1280x1024.jpg\">\t<picture><source media=\"(min-width: 576px)\" srcset=\"https:\/\/www.salzburgerland.com\/de\/magazin\/wp-content\/uploads\/2017\/11\/MG_9010-325x209.jpg 325w, https:\/\/www.salzburgerland.com\/de\/magazin\/wp-content\/uploads\/2017\/11\/MG_9010-249x160.jpg 249w\" \/><source media=\"(min-width: 0)\" srcset=\"https:\/\/www.salzburgerland.com\/de\/magazin\/wp-content\/uploads\/2017\/11\/MG_9010-249x160.jpg 249w, https:\/\/www.salzburgerland.com\/de\/magazin\/wp-content\/uploads\/2017\/11\/MG_9010-325x209.jpg 325w\" \/><img decoding=\"async\" alt=\"Holz brennt in einem gemauerten Pizzaofen mit bogenf\u00f6rmiger \u00d6ffnung und roten Zierlinien.\" src=\"https:\/\/www.salzburgerland.com\/de\/magazin\/wp-content\/uploads\/2017\/11\/MG_9010.jpg\" \/>\t<\/picture><\/a><\/figure><\/div><div class=\"col-6 col-sm-4\"><figure><a class=\"thumb-container\" href=\"https:\/\/www.salzburgerland.com\/de\/magazin\/wp-content\/uploads\/2017\/11\/8584267145_1c132ddee3_o-Kopie-Kopie-1280x1024.jpg\">\t<picture><source media=\"(min-width: 576px)\" srcset=\"https:\/\/www.salzburgerland.com\/de\/magazin\/wp-content\/uploads\/2017\/11\/8584267145_1c132ddee3_o-Kopie-Kopie-325x209.jpg 325w, https:\/\/www.salzburgerland.com\/de\/magazin\/wp-content\/uploads\/2017\/11\/8584267145_1c132ddee3_o-Kopie-Kopie-249x160.jpg 249w\" \/><source media=\"(min-width: 0)\" srcset=\"https:\/\/www.salzburgerland.com\/de\/magazin\/wp-content\/uploads\/2017\/11\/8584267145_1c132ddee3_o-Kopie-Kopie-249x160.jpg 249w, https:\/\/www.salzburgerland.com\/de\/magazin\/wp-content\/uploads\/2017\/11\/8584267145_1c132ddee3_o-Kopie-Kopie-325x209.jpg 325w\" \/><img decoding=\"async\" alt=\"Runde, rustikale Brotlaibe mit Mehl best\u00e4ubt auf einer Holzunterlage.\" src=\"https:\/\/www.salzburgerland.com\/de\/magazin\/wp-content\/uploads\/2017\/11\/8584267145_1c132ddee3_o-Kopie-Kopie.jpg\" \/>\t<\/picture><\/a><\/figure><\/div><div class=\"col-6 col-sm-4\"><figure><a class=\"thumb-container\" href=\"https:\/\/www.salzburgerland.com\/de\/magazin\/wp-content\/uploads\/2017\/11\/Kekse-backen-1280x1024.jpg\">\t<picture><source media=\"(min-width: 576px)\" srcset=\"https:\/\/www.salzburgerland.com\/de\/magazin\/wp-content\/uploads\/2017\/11\/Kekse-backen-325x209.jpg 325w, https:\/\/www.salzburgerland.com\/de\/magazin\/wp-content\/uploads\/2017\/11\/Kekse-backen-249x160.jpg 249w\" \/><source media=\"(min-width: 0)\" srcset=\"https:\/\/www.salzburgerland.com\/de\/magazin\/wp-content\/uploads\/2017\/11\/Kekse-backen-249x160.jpg 249w, https:\/\/www.salzburgerland.com\/de\/magazin\/wp-content\/uploads\/2017\/11\/Kekse-backen-325x209.jpg 325w\" \/><img decoding=\"async\" alt=\"Drei Kinder backen gemeinsam Kekse, rollen Teig aus und benutzen Ausstechformen an einem K\u00fcchentisch.\" src=\"https:\/\/www.salzburgerland.com\/de\/magazin\/wp-content\/uploads\/2017\/11\/Kekse-backen.jpg\" \/>\t<\/picture><\/a><\/figure><\/div><div class=\"col-6 col-sm-4\"><figure><a class=\"thumb-container\" href=\"https:\/\/www.salzburgerland.com\/de\/magazin\/wp-content\/uploads\/2017\/11\/blaser-1280x1024.jpg\">\t<picture><source media=\"(min-width: 576px)\" srcset=\"\" \/><source media=\"(min-width: 0)\" srcset=\"https:\/\/www.salzburgerland.com\/de\/magazin\/wp-content\/uploads\/2017\/11\/blaser.jpg 1067w, https:\/\/www.salzburgerland.com\/de\/magazin\/wp-content\/uploads\/2017\/11\/blaser-200x300.jpg 200w, https:\/\/www.salzburgerland.com\/de\/magazin\/wp-content\/uploads\/2017\/11\/blaser-367x550.jpg 367w, https:\/\/www.salzburgerland.com\/de\/magazin\/wp-content\/uploads\/2017\/11\/blaser-267x400.jpg 267w\" \/><img decoding=\"async\" alt=\"Drei Musiker mit schwarzen H\u00fcten spielen in der Abendd\u00e4mmerung im Freien Blechblasinstrumente.\" src=\"https:\/\/www.salzburgerland.com\/de\/magazin\/wp-content\/uploads\/2017\/11\/blaser.jpg\" \/>\t<\/picture><\/a><\/figure><\/div><div class=\"col-6 col-sm-4\"><figure><a class=\"thumb-container\" href=\"https:\/\/www.salzburgerland.com\/de\/magazin\/wp-content\/uploads\/2017\/11\/Musik-1280x1024.jpg\">\t<picture><source media=\"(min-width: 576px)\" srcset=\"\" \/><source media=\"(min-width: 0)\" srcset=\"https:\/\/www.salzburgerland.com\/de\/magazin\/wp-content\/uploads\/2017\/11\/Musik.jpg 667w, https:\/\/www.salzburgerland.com\/de\/magazin\/wp-content\/uploads\/2017\/11\/Musik-200x300.jpg 200w, https:\/\/www.salzburgerland.com\/de\/magazin\/wp-content\/uploads\/2017\/11\/Musik-367x550.jpg 367w, https:\/\/www.salzburgerland.com\/de\/magazin\/wp-content\/uploads\/2017\/11\/Musik-267x400.jpg 267w\" \/><img decoding=\"async\" alt=\"Eine Nahaufnahme einer Trompete mit verschwommenen warmen Lichtern im Hintergrund in der Abendd\u00e4mmerung.\" src=\"https:\/\/www.salzburgerland.com\/de\/magazin\/wp-content\/uploads\/2017\/11\/Musik.jpg\" \/>\t<\/picture><\/a><\/figure><\/div><div class=\"col-6 col-sm-4\"><figure><a class=\"thumb-container\" href=\"https:\/\/www.salzburgerland.com\/de\/magazin\/wp-content\/uploads\/2017\/11\/Kirche-innen-1280x1024.jpg\">\t<picture><source media=\"(min-width: 576px)\" srcset=\"\" \/><source media=\"(min-width: 0)\" srcset=\"https:\/\/www.salzburgerland.com\/de\/magazin\/wp-content\/uploads\/2017\/11\/Kirche-innen.jpg 311w, https:\/\/www.salzburgerland.com\/de\/magazin\/wp-content\/uploads\/2017\/11\/Kirche-innen-189x300.jpg 189w, https:\/\/www.salzburgerland.com\/de\/magazin\/wp-content\/uploads\/2017\/11\/Kirche-innen-252x400.jpg 252w\" \/><img decoding=\"async\" alt=\"Religi\u00f6ser Altar mit Kerzen und kunstvollen Verzierungen unter einem gro\u00dfen Gem\u00e4lde mit Heiligen und Engeln.\" src=\"https:\/\/www.salzburgerland.com\/de\/magazin\/wp-content\/uploads\/2017\/11\/Kirche-innen.jpg\" \/>\t<\/picture><\/a><\/figure><\/div><\/div><\/div><figcaption><\/figcaption>\n<p>Fotonachweis: TVB Gr\u00f6dig, Franz Fr\u00f6schl<\/p>\n","protected":false},"excerpt":{"rendered":"<p>Leise schaukeln Schneeflocken zu Boden, Gl\u00fchweinduft verbreitet wohlige W\u00e4rme und die liebevoll geschm\u00fcckten H\u00fctten laden zum Schauen, Plaudern und Kaufen ein. Alle Mitarbeiterinnen und Mitarbeiter basteln, verkaufen und beraten auf dem St. Leonharder Adventsmarkt ehrenamtlich. Die gesamten Einnahmen kommen der Lebenshilfe f\u00fcr Menschen mit Behinderungen zugute.\u00a0\u00a0 Strohsterne, Strickjacken und Wollhauben verkauft Ilse Ertl in ihrer [&hellip;]<\/p>\n","protected":false},"author":236,"featured_media":119559,"comment_status":"open","ping_status":"open","sticky":false,"template":"","format":"standard","meta":{"_acf_changed":false,"wl_entities_gutenberg":"","_wl_entity_redirect_enabled":"","footnotes":""},"categories":[6],"tags":[],"wl_entity_type":[306],"monatsauswahl":[92,93],"class_list":["post-119550","post","type-post","status-publish","format-standard","has-post-thumbnail","hentry","category-kunst-kultur","wl_entity_type-article","monatsauswahl-monat_11","monatsauswahl-monat_12"],"acf":[],"yoast_head":"<!-- This site is optimized with the Yoast SEO Premium plugin v27.4 (Yoast SEO v27.4) - https:\/\/yoast.com\/product\/yoast-seo-premium-wordpress\/ -->\n<title>Kekse, Kerzen, Kinderspielzeug - SalzburgerLand Magazin<\/title>\n<meta name=\"description\" content=\"Leise schaukeln Schneeflocken zu Boden, Gl\u00fchweinduft verbreitet wohlige W\u00e4rme und die liebevoll geschm\u00fcckten H\u00fctten laden zum Schauen, Plaudern und Kaufen ein. Alle Mitarbeiterinnen und Mitarbeiter basteln, verkaufen und beraten auf dem St. Leonharder Adventsmarkt ehrenamtlich. Die gesamten Einnahmen kommen der Lebenshilfe f\u00fcr Menschen mit Behinderungen zugute.\u00a0\u00a0 Strohsterne, Strickjacken und Wollhauben verkauft Ilse Ertl in ihrer [&hellip;]\" \/>\n<meta name=\"robots\" content=\"index, follow, max-snippet:-1, max-image-preview:large, max-video-preview:-1\" \/>\n<link rel=\"canonical\" href=\"https:\/\/www.salzburgerland.com\/de\/magazin\/kekse-kerzen-kinderspielzeug\/\" \/>\n<meta property=\"og:locale\" content=\"de_DE\" \/>\n<meta property=\"og:type\" content=\"article\" \/>\n<meta property=\"og:title\" content=\"Kekse, Kerzen, Kinderspielzeug\" \/>\n<meta property=\"og:description\" content=\"Leise schaukeln Schneeflocken zu Boden, Gl\u00fchweinduft verbreitet wohlige W\u00e4rme und die liebevoll geschm\u00fcckten H\u00fctten laden zum Schauen, Plaudern und Kaufen ein. Alle Mitarbeiterinnen und Mitarbeiter basteln, verkaufen und beraten auf dem St. Leonharder Adventsmarkt ehrenamtlich. Die gesamten Einnahmen kommen der Lebenshilfe f\u00fcr Menschen mit Behinderungen zugute.\u00a0\u00a0 Strohsterne, Strickjacken und Wollhauben verkauft Ilse Ertl in ihrer [&hellip;]\" \/>\n<meta property=\"og:url\" content=\"https:\/\/www.salzburgerland.com\/de\/magazin\/kekse-kerzen-kinderspielzeug\/\" \/>\n<meta property=\"og:site_name\" content=\"SalzburgerLand Magazin\" \/>\n<meta property=\"article:publisher\" content=\"https:\/\/www.facebook.com\/salzburgerland\/\" \/>\n<meta property=\"article:published_time\" content=\"2017-11-28T07:00:17+00:00\" \/>\n<meta property=\"article:modified_time\" content=\"2019-06-26T16:30:40+00:00\" \/>\n<meta property=\"og:image\" content=\"https:\/\/www.salzburgerland.com\/de\/magazin\/wp-content\/uploads\/2017\/11\/IMG_3608.jpg\" \/>\n\t<meta property=\"og:image:width\" content=\"1600\" \/>\n\t<meta property=\"og:image:height\" content=\"906\" \/>\n\t<meta property=\"og:image:type\" content=\"image\/jpeg\" \/>\n<meta name=\"author\" content=\"Christine Fr\u00f6schl\" \/>\n<meta name=\"twitter:card\" content=\"summary_large_image\" \/>\n<meta name=\"twitter:creator\" content=\"@Salzburgerland\" \/>\n<meta name=\"twitter:site\" content=\"@Salzburgerland\" \/>\n<meta name=\"twitter:label1\" content=\"Verfasst von\" \/>\n\t<meta name=\"twitter:data1\" content=\"Christine Fr\u00f6schl\" \/>\n\t<meta name=\"twitter:label2\" content=\"Gesch\u00e4tzte Lesezeit\" \/>\n\t<meta name=\"twitter:data2\" content=\"2\u00a0Minuten\" \/>\n<script type=\"application\/ld+json\" class=\"yoast-schema-graph\">{\"@context\":\"https:\\\/\\\/schema.org\",\"@graph\":[{\"@type\":\"Article\",\"@id\":\"https:\\\/\\\/www.salzburgerland.com\\\/de\\\/magazin\\\/kekse-kerzen-kinderspielzeug\\\/#article\",\"isPartOf\":{\"@id\":\"https:\\\/\\\/www.salzburgerland.com\\\/de\\\/magazin\\\/kekse-kerzen-kinderspielzeug\\\/\"},\"author\":{\"name\":\"Christine Fr\u00f6schl\",\"@id\":\"https:\\\/\\\/www.salzburgerland.com\\\/de\\\/magazin\\\/#\\\/schema\\\/person\\\/7932db74f19d9640620859cb2b794c4e\"},\"headline\":\"Kekse, Kerzen, Kinderspielzeug\",\"datePublished\":\"2017-11-28T07:00:17+00:00\",\"dateModified\":\"2019-06-26T16:30:40+00:00\",\"mainEntityOfPage\":{\"@id\":\"https:\\\/\\\/www.salzburgerland.com\\\/de\\\/magazin\\\/kekse-kerzen-kinderspielzeug\\\/\"},\"wordCount\":310,\"commentCount\":0,\"publisher\":{\"@id\":\"https:\\\/\\\/www.salzburgerland.com\\\/de\\\/magazin\\\/#organization\"},\"image\":{\"@id\":\"https:\\\/\\\/www.salzburgerland.com\\\/de\\\/magazin\\\/kekse-kerzen-kinderspielzeug\\\/#primaryimage\"},\"thumbnailUrl\":\"https:\\\/\\\/www.salzburgerland.com\\\/de\\\/magazin\\\/wp-content\\\/uploads\\\/2017\\\/11\\\/IMG_3608.jpg\",\"articleSection\":[\"Kunst &amp; Kultur\"],\"inLanguage\":\"de\",\"potentialAction\":[{\"@type\":\"CommentAction\",\"name\":\"Comment\",\"target\":[\"https:\\\/\\\/www.salzburgerland.com\\\/de\\\/magazin\\\/kekse-kerzen-kinderspielzeug\\\/#respond\"]}]},{\"@type\":\"WebPage\",\"@id\":\"https:\\\/\\\/www.salzburgerland.com\\\/de\\\/magazin\\\/kekse-kerzen-kinderspielzeug\\\/\",\"url\":\"https:\\\/\\\/www.salzburgerland.com\\\/de\\\/magazin\\\/kekse-kerzen-kinderspielzeug\\\/\",\"name\":\"Kekse, Kerzen, Kinderspielzeug - SalzburgerLand Magazin\",\"isPartOf\":{\"@id\":\"https:\\\/\\\/www.salzburgerland.com\\\/de\\\/magazin\\\/#website\"},\"primaryImageOfPage\":{\"@id\":\"https:\\\/\\\/www.salzburgerland.com\\\/de\\\/magazin\\\/kekse-kerzen-kinderspielzeug\\\/#primaryimage\"},\"image\":{\"@id\":\"https:\\\/\\\/www.salzburgerland.com\\\/de\\\/magazin\\\/kekse-kerzen-kinderspielzeug\\\/#primaryimage\"},\"thumbnailUrl\":\"https:\\\/\\\/www.salzburgerland.com\\\/de\\\/magazin\\\/wp-content\\\/uploads\\\/2017\\\/11\\\/IMG_3608.jpg\",\"datePublished\":\"2017-11-28T07:00:17+00:00\",\"dateModified\":\"2019-06-26T16:30:40+00:00\",\"breadcrumb\":{\"@id\":\"https:\\\/\\\/www.salzburgerland.com\\\/de\\\/magazin\\\/kekse-kerzen-kinderspielzeug\\\/#breadcrumb\"},\"inLanguage\":\"de\",\"potentialAction\":[{\"@type\":\"ReadAction\",\"target\":[\"https:\\\/\\\/www.salzburgerland.com\\\/de\\\/magazin\\\/kekse-kerzen-kinderspielzeug\\\/\"]}]},{\"@type\":\"ImageObject\",\"inLanguage\":\"de\",\"@id\":\"https:\\\/\\\/www.salzburgerland.com\\\/de\\\/magazin\\\/kekse-kerzen-kinderspielzeug\\\/#primaryimage\",\"url\":\"https:\\\/\\\/www.salzburgerland.com\\\/de\\\/magazin\\\/wp-content\\\/uploads\\\/2017\\\/11\\\/IMG_3608.jpg\",\"contentUrl\":\"https:\\\/\\\/www.salzburgerland.com\\\/de\\\/magazin\\\/wp-content\\\/uploads\\\/2017\\\/11\\\/IMG_3608.jpg\",\"width\":1600,\"height\":906,\"caption\":\"Drei l\u00e4chelnde Frauen stehen hinter einem Stand mit Backwaren und Leckereien, \u00fcber denen festliche Dekorationen angebracht sind.\"},{\"@type\":\"BreadcrumbList\",\"@id\":\"https:\\\/\\\/www.salzburgerland.com\\\/de\\\/magazin\\\/kekse-kerzen-kinderspielzeug\\\/#breadcrumb\",\"itemListElement\":[{\"@type\":\"ListItem\",\"position\":1,\"name\":\"Startseite\",\"item\":\"https:\\\/\\\/www.salzburgerland.com\\\/de\\\/magazin\\\/\"},{\"@type\":\"ListItem\",\"position\":2,\"name\":\"Kunst &amp; Kultur\",\"item\":\"https:\\\/\\\/www.salzburgerland.com\\\/de\\\/magazin\\\/thema\\\/kunst-kultur\\\/\"},{\"@type\":\"ListItem\",\"position\":3,\"name\":\"Kekse, Kerzen, Kinderspielzeug\"}]},{\"@type\":\"WebSite\",\"@id\":\"https:\\\/\\\/www.salzburgerland.com\\\/de\\\/magazin\\\/#website\",\"url\":\"https:\\\/\\\/www.salzburgerland.com\\\/de\\\/magazin\\\/\",\"name\":\"SalzburgerLand Magazin\",\"description\":\"Geschichten und Interessantes aus dem SalzburgerLand\",\"publisher\":{\"@id\":\"https:\\\/\\\/www.salzburgerland.com\\\/de\\\/magazin\\\/#organization\"},\"potentialAction\":[{\"@type\":\"SearchAction\",\"target\":{\"@type\":\"EntryPoint\",\"urlTemplate\":\"https:\\\/\\\/www.salzburgerland.com\\\/de\\\/magazin\\\/?s={search_term_string}\"},\"query-input\":{\"@type\":\"PropertyValueSpecification\",\"valueRequired\":true,\"valueName\":\"search_term_string\"}}],\"inLanguage\":\"de\"},{\"@type\":\"Organization\",\"@id\":\"https:\\\/\\\/www.salzburgerland.com\\\/de\\\/magazin\\\/#organization\",\"name\":\"SalzburgerLand Tourismus\",\"url\":\"https:\\\/\\\/www.salzburgerland.com\\\/de\\\/magazin\\\/\",\"logo\":{\"@type\":\"ImageObject\",\"inLanguage\":\"de\",\"@id\":\"https:\\\/\\\/www.salzburgerland.com\\\/de\\\/magazin\\\/#\\\/schema\\\/logo\\\/image\\\/\",\"url\":\"https:\\\/\\\/www.salzburgerland.com\\\/de\\\/magazin\\\/wp-content\\\/uploads\\\/2019\\\/06\\\/salzburgerland-logo1.jpg\",\"contentUrl\":\"https:\\\/\\\/www.salzburgerland.com\\\/de\\\/magazin\\\/wp-content\\\/uploads\\\/2019\\\/06\\\/salzburgerland-logo1.jpg\",\"width\":2011,\"height\":866,\"caption\":\"SalzburgerLand Tourismus\"},\"image\":{\"@id\":\"https:\\\/\\\/www.salzburgerland.com\\\/de\\\/magazin\\\/#\\\/schema\\\/logo\\\/image\\\/\"},\"sameAs\":[\"https:\\\/\\\/www.facebook.com\\\/salzburgerland\\\/\",\"https:\\\/\\\/x.com\\\/Salzburgerland\",\"https:\\\/\\\/www.instagram.com\\\/salzburgerland\\\/\",\"https:\\\/\\\/at.linkedin.com\\\/company\\\/salzburgerland-tourismus-gmbh\",\"https:\\\/\\\/www.pinterest.at\\\/salzburgerland\\\/\",\"https:\\\/\\\/www.youtube.com\\\/user\\\/salzburgerland\",\"https:\\\/\\\/de.wikipedia.org\\\/wiki\\\/SalzburgerLand_Tourismus_GmbH\"]},{\"@type\":\"Person\",\"@id\":\"https:\\\/\\\/www.salzburgerland.com\\\/de\\\/magazin\\\/#\\\/schema\\\/person\\\/7932db74f19d9640620859cb2b794c4e\",\"name\":\"Christine Fr\u00f6schl\",\"description\":\"Dein pers\u00f6nlicher Logenplatz im SalzburgerLand? Am liebsten gehe ich auf den Einberg im Salzburger Tennengau. Der Berg in der Osterhorn-Gruppe gl\u00e4nzt das ganze Jahr im Sonnenschein, auf dem Gipfel heben Paragleiter ab und die Aussicht auf das Tennengebirge, den Dachstein und die Bischofsm\u00fctze ist traumhaft. Dosige(r) oder Zuagroast? Zuagroast aus dem sch\u00f6nen Nieder\u00f6sterreich. Fr\u00fchling, Sommer, Herbst oder Winter? Alle Jahreszeiten begeistern mich. Momentan freue ich mich auf den Fr\u00fchling, das Zwitschern der V\u00f6gel und auf die sattgr\u00fcnen Wiesen. Salzburger Nockerl oder Schwarzbeernocken? Eindeutig Schwarzbeernocken. Rindsroulade vom Pinzgauer Biorind oder Saibling fangfrisch aus dem Fuschlsee? Mhhhh. Da kann ich mich nicht entscheiden. Bergtour oder Seentour? Mich zieht es auf jeden Fall hinauf. Begeistert bin ich auch von tiefblauen Bergseen in denen sich die Umgebung spiegelt und von der Aussicht w\u00e4hrend des Weges auf einen der wundersch\u00f6nen Seen im Salzburger Land.\",\"url\":\"https:\\\/\\\/www.salzburgerland.com\\\/de\\\/magazin\\\/author\\\/christine-froeschl\\\/\"}]}<\/script>\n<!-- \/ Yoast SEO Premium plugin. -->","yoast_head_json":{"title":"Kekse, Kerzen, Kinderspielzeug - SalzburgerLand Magazin","description":"Leise schaukeln Schneeflocken zu Boden, Gl\u00fchweinduft verbreitet wohlige W\u00e4rme und die liebevoll geschm\u00fcckten H\u00fctten laden zum Schauen, Plaudern und Kaufen ein. Alle Mitarbeiterinnen und Mitarbeiter basteln, verkaufen und beraten auf dem St. Leonharder Adventsmarkt ehrenamtlich. Die gesamten Einnahmen kommen der Lebenshilfe f\u00fcr Menschen mit Behinderungen zugute.\u00a0\u00a0 Strohsterne, Strickjacken und Wollhauben verkauft Ilse Ertl in ihrer [&hellip;]","robots":{"index":"index","follow":"follow","max-snippet":"max-snippet:-1","max-image-preview":"max-image-preview:large","max-video-preview":"max-video-preview:-1"},"canonical":"https:\/\/www.salzburgerland.com\/de\/magazin\/kekse-kerzen-kinderspielzeug\/","og_locale":"de_DE","og_type":"article","og_title":"Kekse, Kerzen, Kinderspielzeug","og_description":"Leise schaukeln Schneeflocken zu Boden, Gl\u00fchweinduft verbreitet wohlige W\u00e4rme und die liebevoll geschm\u00fcckten H\u00fctten laden zum Schauen, Plaudern und Kaufen ein. Alle Mitarbeiterinnen und Mitarbeiter basteln, verkaufen und beraten auf dem St. Leonharder Adventsmarkt ehrenamtlich. Die gesamten Einnahmen kommen der Lebenshilfe f\u00fcr Menschen mit Behinderungen zugute.\u00a0\u00a0 Strohsterne, Strickjacken und Wollhauben verkauft Ilse Ertl in ihrer [&hellip;]","og_url":"https:\/\/www.salzburgerland.com\/de\/magazin\/kekse-kerzen-kinderspielzeug\/","og_site_name":"SalzburgerLand Magazin","article_publisher":"https:\/\/www.facebook.com\/salzburgerland\/","article_published_time":"2017-11-28T07:00:17+00:00","article_modified_time":"2019-06-26T16:30:40+00:00","og_image":[{"width":1600,"height":906,"url":"https:\/\/www.salzburgerland.com\/de\/magazin\/wp-content\/uploads\/2017\/11\/IMG_3608.jpg","type":"image\/jpeg"}],"author":"Christine Fr\u00f6schl","twitter_card":"summary_large_image","twitter_creator":"@Salzburgerland","twitter_site":"@Salzburgerland","twitter_misc":{"Verfasst von":"Christine Fr\u00f6schl","Gesch\u00e4tzte Lesezeit":"2\u00a0Minuten"},"schema":{"@context":"https:\/\/schema.org","@graph":[{"@type":"Article","@id":"https:\/\/www.salzburgerland.com\/de\/magazin\/kekse-kerzen-kinderspielzeug\/#article","isPartOf":{"@id":"https:\/\/www.salzburgerland.com\/de\/magazin\/kekse-kerzen-kinderspielzeug\/"},"author":{"name":"Christine Fr\u00f6schl","@id":"https:\/\/www.salzburgerland.com\/de\/magazin\/#\/schema\/person\/7932db74f19d9640620859cb2b794c4e"},"headline":"Kekse, Kerzen, Kinderspielzeug","datePublished":"2017-11-28T07:00:17+00:00","dateModified":"2019-06-26T16:30:40+00:00","mainEntityOfPage":{"@id":"https:\/\/www.salzburgerland.com\/de\/magazin\/kekse-kerzen-kinderspielzeug\/"},"wordCount":310,"commentCount":0,"publisher":{"@id":"https:\/\/www.salzburgerland.com\/de\/magazin\/#organization"},"image":{"@id":"https:\/\/www.salzburgerland.com\/de\/magazin\/kekse-kerzen-kinderspielzeug\/#primaryimage"},"thumbnailUrl":"https:\/\/www.salzburgerland.com\/de\/magazin\/wp-content\/uploads\/2017\/11\/IMG_3608.jpg","articleSection":["Kunst &amp; Kultur"],"inLanguage":"de","potentialAction":[{"@type":"CommentAction","name":"Comment","target":["https:\/\/www.salzburgerland.com\/de\/magazin\/kekse-kerzen-kinderspielzeug\/#respond"]}]},{"@type":"WebPage","@id":"https:\/\/www.salzburgerland.com\/de\/magazin\/kekse-kerzen-kinderspielzeug\/","url":"https:\/\/www.salzburgerland.com\/de\/magazin\/kekse-kerzen-kinderspielzeug\/","name":"Kekse, Kerzen, Kinderspielzeug - SalzburgerLand Magazin","isPartOf":{"@id":"https:\/\/www.salzburgerland.com\/de\/magazin\/#website"},"primaryImageOfPage":{"@id":"https:\/\/www.salzburgerland.com\/de\/magazin\/kekse-kerzen-kinderspielzeug\/#primaryimage"},"image":{"@id":"https:\/\/www.salzburgerland.com\/de\/magazin\/kekse-kerzen-kinderspielzeug\/#primaryimage"},"thumbnailUrl":"https:\/\/www.salzburgerland.com\/de\/magazin\/wp-content\/uploads\/2017\/11\/IMG_3608.jpg","datePublished":"2017-11-28T07:00:17+00:00","dateModified":"2019-06-26T16:30:40+00:00","breadcrumb":{"@id":"https:\/\/www.salzburgerland.com\/de\/magazin\/kekse-kerzen-kinderspielzeug\/#breadcrumb"},"inLanguage":"de","potentialAction":[{"@type":"ReadAction","target":["https:\/\/www.salzburgerland.com\/de\/magazin\/kekse-kerzen-kinderspielzeug\/"]}]},{"@type":"ImageObject","inLanguage":"de","@id":"https:\/\/www.salzburgerland.com\/de\/magazin\/kekse-kerzen-kinderspielzeug\/#primaryimage","url":"https:\/\/www.salzburgerland.com\/de\/magazin\/wp-content\/uploads\/2017\/11\/IMG_3608.jpg","contentUrl":"https:\/\/www.salzburgerland.com\/de\/magazin\/wp-content\/uploads\/2017\/11\/IMG_3608.jpg","width":1600,"height":906,"caption":"Drei l\u00e4chelnde Frauen stehen hinter einem Stand mit Backwaren und Leckereien, \u00fcber denen festliche Dekorationen angebracht sind."},{"@type":"BreadcrumbList","@id":"https:\/\/www.salzburgerland.com\/de\/magazin\/kekse-kerzen-kinderspielzeug\/#breadcrumb","itemListElement":[{"@type":"ListItem","position":1,"name":"Startseite","item":"https:\/\/www.salzburgerland.com\/de\/magazin\/"},{"@type":"ListItem","position":2,"name":"Kunst &amp; Kultur","item":"https:\/\/www.salzburgerland.com\/de\/magazin\/thema\/kunst-kultur\/"},{"@type":"ListItem","position":3,"name":"Kekse, Kerzen, Kinderspielzeug"}]},{"@type":"WebSite","@id":"https:\/\/www.salzburgerland.com\/de\/magazin\/#website","url":"https:\/\/www.salzburgerland.com\/de\/magazin\/","name":"SalzburgerLand Magazin","description":"Geschichten und Interessantes aus dem SalzburgerLand","publisher":{"@id":"https:\/\/www.salzburgerland.com\/de\/magazin\/#organization"},"potentialAction":[{"@type":"SearchAction","target":{"@type":"EntryPoint","urlTemplate":"https:\/\/www.salzburgerland.com\/de\/magazin\/?s={search_term_string}"},"query-input":{"@type":"PropertyValueSpecification","valueRequired":true,"valueName":"search_term_string"}}],"inLanguage":"de"},{"@type":"Organization","@id":"https:\/\/www.salzburgerland.com\/de\/magazin\/#organization","name":"SalzburgerLand Tourismus","url":"https:\/\/www.salzburgerland.com\/de\/magazin\/","logo":{"@type":"ImageObject","inLanguage":"de","@id":"https:\/\/www.salzburgerland.com\/de\/magazin\/#\/schema\/logo\/image\/","url":"https:\/\/www.salzburgerland.com\/de\/magazin\/wp-content\/uploads\/2019\/06\/salzburgerland-logo1.jpg","contentUrl":"https:\/\/www.salzburgerland.com\/de\/magazin\/wp-content\/uploads\/2019\/06\/salzburgerland-logo1.jpg","width":2011,"height":866,"caption":"SalzburgerLand Tourismus"},"image":{"@id":"https:\/\/www.salzburgerland.com\/de\/magazin\/#\/schema\/logo\/image\/"},"sameAs":["https:\/\/www.facebook.com\/salzburgerland\/","https:\/\/x.com\/Salzburgerland","https:\/\/www.instagram.com\/salzburgerland\/","https:\/\/at.linkedin.com\/company\/salzburgerland-tourismus-gmbh","https:\/\/www.pinterest.at\/salzburgerland\/","https:\/\/www.youtube.com\/user\/salzburgerland","https:\/\/de.wikipedia.org\/wiki\/SalzburgerLand_Tourismus_GmbH"]},{"@type":"Person","@id":"https:\/\/www.salzburgerland.com\/de\/magazin\/#\/schema\/person\/7932db74f19d9640620859cb2b794c4e","name":"Christine Fr\u00f6schl","description":"Dein pers\u00f6nlicher Logenplatz im SalzburgerLand? Am liebsten gehe ich auf den Einberg im Salzburger Tennengau. Der Berg in der Osterhorn-Gruppe gl\u00e4nzt das ganze Jahr im Sonnenschein, auf dem Gipfel heben Paragleiter ab und die Aussicht auf das Tennengebirge, den Dachstein und die Bischofsm\u00fctze ist traumhaft. Dosige(r) oder Zuagroast? Zuagroast aus dem sch\u00f6nen Nieder\u00f6sterreich. Fr\u00fchling, Sommer, Herbst oder Winter? Alle Jahreszeiten begeistern mich. Momentan freue ich mich auf den Fr\u00fchling, das Zwitschern der V\u00f6gel und auf die sattgr\u00fcnen Wiesen. Salzburger Nockerl oder Schwarzbeernocken? Eindeutig Schwarzbeernocken. Rindsroulade vom Pinzgauer Biorind oder Saibling fangfrisch aus dem Fuschlsee? Mhhhh. Da kann ich mich nicht entscheiden. Bergtour oder Seentour? Mich zieht es auf jeden Fall hinauf. Begeistert bin ich auch von tiefblauen Bergseen in denen sich die Umgebung spiegelt und von der Aussicht w\u00e4hrend des Weges auf einen der wundersch\u00f6nen Seen im Salzburger Land.","url":"https:\/\/www.salzburgerland.com\/de\/magazin\/author\/christine-froeschl\/"}]}},"_wl_alt_label":[],"wl:entity_url":"http:\/\/open.salzburgerland.com\/magazin\/post\/kekse__kerzen__kinderspielzeug","_links":{"self":[{"href":"https:\/\/www.salzburgerland.com\/de\/magazin\/wp-json\/wp\/v2\/posts\/119550","targetHints":{"allow":["GET"]}}],"collection":[{"href":"https:\/\/www.salzburgerland.com\/de\/magazin\/wp-json\/wp\/v2\/posts"}],"about":[{"href":"https:\/\/www.salzburgerland.com\/de\/magazin\/wp-json\/wp\/v2\/types\/post"}],"author":[{"embeddable":true,"href":"https:\/\/www.salzburgerland.com\/de\/magazin\/wp-json\/wp\/v2\/users\/236"}],"replies":[{"embeddable":true,"href":"https:\/\/www.salzburgerland.com\/de\/magazin\/wp-json\/wp\/v2\/comments?post=119550"}],"version-history":[{"count":0,"href":"https:\/\/www.salzburgerland.com\/de\/magazin\/wp-json\/wp\/v2\/posts\/119550\/revisions"}],"wp:featuredmedia":[{"embeddable":true,"href":"https:\/\/www.salzburgerland.com\/de\/magazin\/wp-json\/wp\/v2\/media\/119559"}],"wp:attachment":[{"href":"https:\/\/www.salzburgerland.com\/de\/magazin\/wp-json\/wp\/v2\/media?parent=119550"}],"wp:term":[{"taxonomy":"category","embeddable":true,"href":"https:\/\/www.salzburgerland.com\/de\/magazin\/wp-json\/wp\/v2\/categories?post=119550"},{"taxonomy":"post_tag","embeddable":true,"href":"https:\/\/www.salzburgerland.com\/de\/magazin\/wp-json\/wp\/v2\/tags?post=119550"},{"taxonomy":"wl_entity_type","embeddable":true,"href":"https:\/\/www.salzburgerland.com\/de\/magazin\/wp-json\/wp\/v2\/wl_entity_type?post=119550"},{"taxonomy":"monatsauswahl","embeddable":true,"href":"https:\/\/www.salzburgerland.com\/de\/magazin\/wp-json\/wp\/v2\/monatsauswahl?post=119550"}],"curies":[{"name":"wp","href":"https:\/\/api.w.org\/{rel}","templated":true}]}}