{"id":119493,"date":"2018-01-23T08:00:02","date_gmt":"2018-01-23T07:00:02","guid":{"rendered":"https:\/\/www.salzburgerland.com\/de\/magazin\/?p=119493"},"modified":"2019-06-26T18:30:43","modified_gmt":"2019-06-26T16:30:43","slug":"stefan-gimpl-vom-snowboard-hinter-die-kamera","status":"publish","type":"post","link":"https:\/\/www.salzburgerland.com\/de\/magazin\/stefan-gimpl-vom-snowboard-hinter-die-kamera\/","title":{"rendered":"Stefan Gimpl \u2013 vom Snowboard hinter die Kamera"},"content":{"rendered":"<p><strong>Stefan Gimpl ist in der Salzburger Sportszene jedem ein Begriff. Der Leoganger hat drei Mal den legend\u00e4ren Air&amp;Style gewonnen und vier Mal den Gesamtweltcup im Big Air f\u00fcr sich entscheiden k\u00f6nnen. Heute lebt der sympathische Snowboarder in seiner Heimat und verewigt sie mit seiner Kamera. <\/strong><\/p>\n<p>Seine Landschaftaufnahmen sind in der Szene bekannt, und durch die Publikation seines Fotobuches \u201eJoy\u201c haben seine Motive weltweit Bekanntheit erlangt. Eine Fotoreise um die Welt aus den Augen des Snowboarders und Naturmenschen Stefan Gimpl, so k\u00f6nnte man seine Fotosammlung bezeichnen. Gesehen hat der Leoganger viel. Nicht nur die unz\u00e4hligen St\u00e4dte in denen die Big-Air-Events stattfanden, von Moskau \u00fcber London bis nach Seoul, nein, auch auf seinen vielen Snowboardtrips hat Gimpl unseren Planeten kennen lernen d\u00fcrfen. Meist im Winter und in der K\u00e4lte, aber das geh\u00f6rte zu seinem Job dazu.<\/p>\n<p><a href=\"https:\/\/www.salzburgerland.com\/de\/magazin\/wp-content\/uploads\/2017\/11\/DJI_0827_Kopie.jpg\"><img loading=\"lazy\" decoding=\"async\" class=\"alignnone size-singlePost wp-image-119541\" src=\"https:\/\/www.salzburgerland.com\/de\/magazin\/wp-content\/uploads\/2017\/11\/DJI_0827_Kopie-650x435.jpg\" alt=\"\" width=\"650\" height=\"435\" \/><\/a><\/p>\n<h3>Das Brett, das die Welt bedeutet<\/h3>\n<p>Angefangen hat f\u00fcr ihn alles mit 11 Jahren. Sein \u00e4lterer Bruder ist mit einem Brett nach Hause gekommen das \u00e4hnlich wie ein Ski aufgebaut ist, nur breiter und mit einer Bindung oben drauf. Snowboard hie\u00df das gute St\u00fcck und kam aus Amerika. \u201eDas Brett\u201c lie\u00df ihn seither nicht mehr los und hat sein Leben bis heute dominiert. Die ersten Schw\u00fcnge versuchte er noch mit den eigenen Skischuhen und offener Schnalle f\u00fcr die Beweglichkeit\u2013 aber ein paar Wochen sp\u00e4ter stand schon ein Freestyleboard mit eigener Bindung im Wohnzimmer. Die Begeisterung war nicht mehr zu Bremsen.<\/p>\n<p><a href=\"https:\/\/www.salzburgerland.com\/de\/magazin\/wp-content\/uploads\/2017\/11\/FBK_8046-Kopie.jpg\"><img loading=\"lazy\" decoding=\"async\" class=\"alignnone size-singlePost wp-image-119544\" src=\"https:\/\/www.salzburgerland.com\/de\/magazin\/wp-content\/uploads\/2017\/11\/FBK_8046-Kopie-650x435.jpg\" alt=\"\" width=\"650\" height=\"435\" \/><\/a><\/p>\n<h3>Nur Fliegen ist sch\u00f6ner<\/h3>\n<p>Bei seiner ersten WM in Japan konnte er internationale Luft schnuppern und ein Flugzeug das erste Mal von innen begutachten. \u201eIch bin bis dahin noch nie in einem Flugzeug gesessen und dann eben einfach nach Japan geflogen\u201c, schmunzelt Stefan Gimpl. Der Beginn der gro\u00dfen Snowboardkarriere lie\u00df nicht lange auf sich warten. In G\u00f6teborg stand er das erste Mal am internationlen Stockerl, bereits zwei Jahre danach konnte er den legend\u00e4ren Air&amp;Style f\u00fcr sich entscheiden. Dazwischen verbrachte er seine Zeit auf den vielen Bergen unseres Planeten. Ab wann er seine Kamera auf den vielen Trips im Gep\u00e4ck mit hatte, kann er sich heute nicht mehr erinnern. Doch irgendwann vermischte sich die Liebe zur Fotografie mit der Leidenschaft des Reisens und er brachte viele Momente, auf Zelluloid festgehalten, mit nach Hause.<\/p>\n<p><a href=\"https:\/\/www.salzburgerland.com\/de\/magazin\/wp-content\/uploads\/2017\/11\/Stefan-Gimpl-Moscow.jpg\"><img loading=\"lazy\" decoding=\"async\" class=\"alignnone size-singlePost wp-image-119547\" src=\"https:\/\/www.salzburgerland.com\/de\/magazin\/wp-content\/uploads\/2017\/11\/Stefan-Gimpl-Moscow-650x435.jpg\" alt=\"\" width=\"650\" height=\"435\" \/><\/a><\/p>\n<h3>JOY\u2013 Die Freude danach<\/h3>\n<p>2010\u00a0\u00a0beendete Gimpl seine aktive Karriere. Was blieb sind viele Erfolge, sch\u00f6ne Erinnerungen und unz\u00e4hlige Motive von seinen Erlebnissen auf der ganzen Welt. In der Zeit danach dominierte die Arbeit an seinem Buch, dem er den passenden Titel \u201eJoy\u201c gab. 132 Seiten \u00fcber seine 17 Jahre als Snowboardprofi. Die Fotos sprechen f\u00fcr sich.<br \/>\n Das Buch ist \u00fcbrigens ganz bequem online auf\u00a0 <a href=\"http:\/\/www.gimpi.st\/shop\/productdetails\/kategorie\/books\/artikel\/joy-mit-dem-snowboard-in-die-welt\" target=\"_blank\" rel=\"noopener noreferrer\">Gimpls Homepage<\/a> bestellbar.\u00a0<\/p>\n<p><a href=\"https:\/\/www.salzburgerland.com\/de\/magazin\/wp-content\/uploads\/2017\/11\/DSC0571-Kopie.jpg\"><img loading=\"lazy\" decoding=\"async\" class=\"alignnone size-singlePost wp-image-119537\" src=\"https:\/\/www.salzburgerland.com\/de\/magazin\/wp-content\/uploads\/2017\/11\/DSC0571-Kopie-650x435.jpg\" alt=\"\" width=\"650\" height=\"435\" \/><\/a><\/p>\n<h3>Snowboarden und Fotografieren<\/h3>\n<p>Neben der herk\u00f6mmlichen Fotografie besch\u00e4ftigte sich der Leoganger immer h\u00e4ufiger mit Zeitraffer-Aufnahmen und Videofilmen. Dennoch bleibt die Fotografie immer noch seine gro\u00dfe Leidenschaft. Vom Spielberg aus, seinem Lieblingsberg im Pinzgau, hielt er schon viele sch\u00f6ne Momente fest. Diese und viele andere Motive sind im Winter 2017\/2018\u00a0 in der Talstation des Steinbergliftes in Leogang zu bewundern. <a href=\"https:\/\/www.saalfelden-leogang.com\/de\/news-events\/events\/stefan-gimpl-fotoausstellung-best-of-von-reise-und-heimatfotografien_event_100269\">\u201eFernweh ist Heimweh, Landschaften aus Nah und Fern\u201c<\/a>, hei\u00dft seine Ausstellung, die fotografische Highlights der letzten Jahre zeigt. Wenn er mal nicht hinter der Kamera steht, dann packt er im Winter noch immer gerne sein Snowboard aus und schwebt \u00fcber die vielen Tiefschneeabfahrten seiner Heimatberge. Denn das, was vor knapp 30 Jahren begonnen hat, schl\u00e4gt noch immer in seinem Herzen: Die Leidenschaft zum Snowboarden. Ein Brett und ein sch\u00f6ner Wintertag in seiner Heimat mit vielen Powderabfahrten, es gibt fast nichts Sch\u00f6neres f\u00fcr ihn.<\/p>\n<p>&nbsp;<\/p>\n<p><em>Fotos: \u00a9heikomandl.at, Stefan Gimpl<\/em><\/p>\n<p>&nbsp;<\/p>\n<p>&nbsp;<\/p>\n","protected":false},"excerpt":{"rendered":"<p>Stefan Gimpl ist in der Salzburger Sportszene jedem ein Begriff. Der Leoganger hat drei Mal den legend\u00e4ren Air&amp;Style gewonnen und vier Mal den Gesamtweltcup im Big Air f\u00fcr sich entscheiden k\u00f6nnen. Heute lebt der sympathische Snowboarder in seiner Heimat und verewigt sie mit seiner Kamera. Seine Landschaftaufnahmen sind in der Szene bekannt, und durch die [&hellip;]<\/p>\n","protected":false},"author":10,"featured_media":119545,"comment_status":"open","ping_status":"open","sticky":false,"template":"","format":"standard","meta":{"_acf_changed":false,"wl_entities_gutenberg":"","_wl_entity_redirect_enabled":"","footnotes":""},"categories":[7],"tags":[],"wl_entity_type":[306],"monatsauswahl":[82,83,84,85,86,87,88,89,90,91,92,93],"class_list":["post-119493","post","type-post","status-publish","format-standard","has-post-thumbnail","hentry","category-lifestyle","wl_entity_type-article","monatsauswahl-monat_1","monatsauswahl-monat_2","monatsauswahl-monat_3","monatsauswahl-monat_4","monatsauswahl-monat_5","monatsauswahl-monat_6","monatsauswahl-monat_7","monatsauswahl-monat_8","monatsauswahl-monat_9","monatsauswahl-monat_10","monatsauswahl-monat_11","monatsauswahl-monat_12"],"acf":[],"yoast_head":"<!-- This site is optimized with the Yoast SEO Premium plugin v27.4 (Yoast SEO v27.4) - https:\/\/yoast.com\/product\/yoast-seo-premium-wordpress\/ -->\n<title>Stefan Gimpl \u2013 vom Snowboard hinter die Kamera - SalzburgerLand Magazin<\/title>\n<meta name=\"description\" content=\"Stefan Gimpl ist in der Salzburger Sportszene jedem ein Begriff. Der Leoganger hat drei Mal den legend\u00e4ren Air&amp;Style gewonnen und vier Mal den Gesamtweltcup im Big Air f\u00fcr sich entscheiden k\u00f6nnen. Heute lebt der sympathische Snowboarder in seiner Heimat und verewigt sie mit seiner Kamera. Seine Landschaftaufnahmen sind in der Szene bekannt, und durch die [&hellip;]\" \/>\n<meta name=\"robots\" content=\"index, follow, max-snippet:-1, max-image-preview:large, max-video-preview:-1\" \/>\n<link rel=\"canonical\" href=\"https:\/\/www.salzburgerland.com\/de\/magazin\/stefan-gimpl-vom-snowboard-hinter-die-kamera\/\" \/>\n<meta property=\"og:locale\" content=\"de_DE\" \/>\n<meta property=\"og:type\" content=\"article\" \/>\n<meta property=\"og:title\" content=\"Stefan Gimpl \u2013 vom Snowboard hinter die Kamera\" \/>\n<meta property=\"og:description\" content=\"Stefan Gimpl ist in der Salzburger Sportszene jedem ein Begriff. Der Leoganger hat drei Mal den legend\u00e4ren Air&amp;Style gewonnen und vier Mal den Gesamtweltcup im Big Air f\u00fcr sich entscheiden k\u00f6nnen. Heute lebt der sympathische Snowboarder in seiner Heimat und verewigt sie mit seiner Kamera. Seine Landschaftaufnahmen sind in der Szene bekannt, und durch die [&hellip;]\" \/>\n<meta property=\"og:url\" content=\"https:\/\/www.salzburgerland.com\/de\/magazin\/stefan-gimpl-vom-snowboard-hinter-die-kamera\/\" \/>\n<meta property=\"og:site_name\" content=\"SalzburgerLand Magazin\" \/>\n<meta property=\"article:publisher\" content=\"https:\/\/www.facebook.com\/salzburgerland\/\" \/>\n<meta property=\"article:published_time\" content=\"2018-01-23T07:00:02+00:00\" \/>\n<meta property=\"article:modified_time\" content=\"2019-06-26T16:30:43+00:00\" \/>\n<meta property=\"og:image\" content=\"https:\/\/www.salzburgerland.com\/de\/magazin\/wp-content\/uploads\/2017\/11\/hm_stefan_bearbeitet-Kopie.jpg\" \/>\n\t<meta property=\"og:image:width\" content=\"1800\" \/>\n\t<meta property=\"og:image:height\" content=\"1182\" \/>\n\t<meta property=\"og:image:type\" content=\"image\/jpeg\" \/>\n<meta name=\"author\" content=\"Heiko Mandl\" \/>\n<meta name=\"twitter:card\" content=\"summary_large_image\" \/>\n<meta name=\"twitter:creator\" content=\"@Salzburgerland\" \/>\n<meta name=\"twitter:site\" content=\"@Salzburgerland\" \/>\n<meta name=\"twitter:label1\" content=\"Verfasst von\" \/>\n\t<meta name=\"twitter:data1\" content=\"Heiko Mandl\" \/>\n\t<meta name=\"twitter:label2\" content=\"Gesch\u00e4tzte Lesezeit\" \/>\n\t<meta name=\"twitter:data2\" content=\"3\u00a0Minuten\" \/>\n<script type=\"application\/ld+json\" class=\"yoast-schema-graph\">{\"@context\":\"https:\\\/\\\/schema.org\",\"@graph\":[{\"@type\":\"Article\",\"@id\":\"https:\\\/\\\/www.salzburgerland.com\\\/de\\\/magazin\\\/stefan-gimpl-vom-snowboard-hinter-die-kamera\\\/#article\",\"isPartOf\":{\"@id\":\"https:\\\/\\\/www.salzburgerland.com\\\/de\\\/magazin\\\/stefan-gimpl-vom-snowboard-hinter-die-kamera\\\/\"},\"author\":{\"name\":\"Heiko Mandl\",\"@id\":\"https:\\\/\\\/www.salzburgerland.com\\\/de\\\/magazin\\\/#\\\/schema\\\/person\\\/8871c7c764fce6ea66752310e7fe9e98\"},\"headline\":\"Stefan Gimpl \u2013 vom Snowboard hinter die Kamera\",\"datePublished\":\"2018-01-23T07:00:02+00:00\",\"dateModified\":\"2019-06-26T16:30:43+00:00\",\"mainEntityOfPage\":{\"@id\":\"https:\\\/\\\/www.salzburgerland.com\\\/de\\\/magazin\\\/stefan-gimpl-vom-snowboard-hinter-die-kamera\\\/\"},\"wordCount\":621,\"commentCount\":0,\"publisher\":{\"@id\":\"https:\\\/\\\/www.salzburgerland.com\\\/de\\\/magazin\\\/#organization\"},\"image\":{\"@id\":\"https:\\\/\\\/www.salzburgerland.com\\\/de\\\/magazin\\\/stefan-gimpl-vom-snowboard-hinter-die-kamera\\\/#primaryimage\"},\"thumbnailUrl\":\"https:\\\/\\\/www.salzburgerland.com\\\/de\\\/magazin\\\/wp-content\\\/uploads\\\/2017\\\/11\\\/hm_stefan_bearbeitet-Kopie.jpg\",\"articleSection\":[\"Lifestyle\"],\"inLanguage\":\"de\",\"potentialAction\":[{\"@type\":\"CommentAction\",\"name\":\"Comment\",\"target\":[\"https:\\\/\\\/www.salzburgerland.com\\\/de\\\/magazin\\\/stefan-gimpl-vom-snowboard-hinter-die-kamera\\\/#respond\"]}]},{\"@type\":\"WebPage\",\"@id\":\"https:\\\/\\\/www.salzburgerland.com\\\/de\\\/magazin\\\/stefan-gimpl-vom-snowboard-hinter-die-kamera\\\/\",\"url\":\"https:\\\/\\\/www.salzburgerland.com\\\/de\\\/magazin\\\/stefan-gimpl-vom-snowboard-hinter-die-kamera\\\/\",\"name\":\"Stefan Gimpl \u2013 vom Snowboard hinter die Kamera - SalzburgerLand Magazin\",\"isPartOf\":{\"@id\":\"https:\\\/\\\/www.salzburgerland.com\\\/de\\\/magazin\\\/#website\"},\"primaryImageOfPage\":{\"@id\":\"https:\\\/\\\/www.salzburgerland.com\\\/de\\\/magazin\\\/stefan-gimpl-vom-snowboard-hinter-die-kamera\\\/#primaryimage\"},\"image\":{\"@id\":\"https:\\\/\\\/www.salzburgerland.com\\\/de\\\/magazin\\\/stefan-gimpl-vom-snowboard-hinter-die-kamera\\\/#primaryimage\"},\"thumbnailUrl\":\"https:\\\/\\\/www.salzburgerland.com\\\/de\\\/magazin\\\/wp-content\\\/uploads\\\/2017\\\/11\\\/hm_stefan_bearbeitet-Kopie.jpg\",\"datePublished\":\"2018-01-23T07:00:02+00:00\",\"dateModified\":\"2019-06-26T16:30:43+00:00\",\"breadcrumb\":{\"@id\":\"https:\\\/\\\/www.salzburgerland.com\\\/de\\\/magazin\\\/stefan-gimpl-vom-snowboard-hinter-die-kamera\\\/#breadcrumb\"},\"inLanguage\":\"de\",\"potentialAction\":[{\"@type\":\"ReadAction\",\"target\":[\"https:\\\/\\\/www.salzburgerland.com\\\/de\\\/magazin\\\/stefan-gimpl-vom-snowboard-hinter-die-kamera\\\/\"]}]},{\"@type\":\"ImageObject\",\"inLanguage\":\"de\",\"@id\":\"https:\\\/\\\/www.salzburgerland.com\\\/de\\\/magazin\\\/stefan-gimpl-vom-snowboard-hinter-die-kamera\\\/#primaryimage\",\"url\":\"https:\\\/\\\/www.salzburgerland.com\\\/de\\\/magazin\\\/wp-content\\\/uploads\\\/2017\\\/11\\\/hm_stefan_bearbeitet-Kopie.jpg\",\"contentUrl\":\"https:\\\/\\\/www.salzburgerland.com\\\/de\\\/magazin\\\/wp-content\\\/uploads\\\/2017\\\/11\\\/hm_stefan_bearbeitet-Kopie.jpg\",\"width\":1800,\"height\":1182,\"caption\":\"Snowboarder in farbenfrohen Klamotten carven durch den Tiefschnee und erzeugen dabei eine Schneefont\u00e4ne um sich herum.\"},{\"@type\":\"BreadcrumbList\",\"@id\":\"https:\\\/\\\/www.salzburgerland.com\\\/de\\\/magazin\\\/stefan-gimpl-vom-snowboard-hinter-die-kamera\\\/#breadcrumb\",\"itemListElement\":[{\"@type\":\"ListItem\",\"position\":1,\"name\":\"Startseite\",\"item\":\"https:\\\/\\\/www.salzburgerland.com\\\/de\\\/magazin\\\/\"},{\"@type\":\"ListItem\",\"position\":2,\"name\":\"Lifestyle\",\"item\":\"https:\\\/\\\/www.salzburgerland.com\\\/de\\\/magazin\\\/thema\\\/lifestyle\\\/\"},{\"@type\":\"ListItem\",\"position\":3,\"name\":\"Stefan Gimpl \u2013 vom Snowboard hinter die Kamera\"}]},{\"@type\":\"WebSite\",\"@id\":\"https:\\\/\\\/www.salzburgerland.com\\\/de\\\/magazin\\\/#website\",\"url\":\"https:\\\/\\\/www.salzburgerland.com\\\/de\\\/magazin\\\/\",\"name\":\"SalzburgerLand Magazin\",\"description\":\"Geschichten und Interessantes aus dem SalzburgerLand\",\"publisher\":{\"@id\":\"https:\\\/\\\/www.salzburgerland.com\\\/de\\\/magazin\\\/#organization\"},\"potentialAction\":[{\"@type\":\"SearchAction\",\"target\":{\"@type\":\"EntryPoint\",\"urlTemplate\":\"https:\\\/\\\/www.salzburgerland.com\\\/de\\\/magazin\\\/?s={search_term_string}\"},\"query-input\":{\"@type\":\"PropertyValueSpecification\",\"valueRequired\":true,\"valueName\":\"search_term_string\"}}],\"inLanguage\":\"de\"},{\"@type\":\"Organization\",\"@id\":\"https:\\\/\\\/www.salzburgerland.com\\\/de\\\/magazin\\\/#organization\",\"name\":\"SalzburgerLand Tourismus\",\"url\":\"https:\\\/\\\/www.salzburgerland.com\\\/de\\\/magazin\\\/\",\"logo\":{\"@type\":\"ImageObject\",\"inLanguage\":\"de\",\"@id\":\"https:\\\/\\\/www.salzburgerland.com\\\/de\\\/magazin\\\/#\\\/schema\\\/logo\\\/image\\\/\",\"url\":\"https:\\\/\\\/www.salzburgerland.com\\\/de\\\/magazin\\\/wp-content\\\/uploads\\\/2019\\\/06\\\/salzburgerland-logo1.jpg\",\"contentUrl\":\"https:\\\/\\\/www.salzburgerland.com\\\/de\\\/magazin\\\/wp-content\\\/uploads\\\/2019\\\/06\\\/salzburgerland-logo1.jpg\",\"width\":2011,\"height\":866,\"caption\":\"SalzburgerLand Tourismus\"},\"image\":{\"@id\":\"https:\\\/\\\/www.salzburgerland.com\\\/de\\\/magazin\\\/#\\\/schema\\\/logo\\\/image\\\/\"},\"sameAs\":[\"https:\\\/\\\/www.facebook.com\\\/salzburgerland\\\/\",\"https:\\\/\\\/x.com\\\/Salzburgerland\",\"https:\\\/\\\/www.instagram.com\\\/salzburgerland\\\/\",\"https:\\\/\\\/at.linkedin.com\\\/company\\\/salzburgerland-tourismus-gmbh\",\"https:\\\/\\\/www.pinterest.at\\\/salzburgerland\\\/\",\"https:\\\/\\\/www.youtube.com\\\/user\\\/salzburgerland\",\"https:\\\/\\\/de.wikipedia.org\\\/wiki\\\/SalzburgerLand_Tourismus_GmbH\"]},{\"@type\":\"Person\",\"@id\":\"https:\\\/\\\/www.salzburgerland.com\\\/de\\\/magazin\\\/#\\\/schema\\\/person\\\/8871c7c764fce6ea66752310e7fe9e98\",\"name\":\"Heiko Mandl\",\"description\":\"Heiko Mandl, geboren 1976 in Salzburg, ist durch den Journalismus zur Fotografie gekommen und ist seit zehn Jahren als selbstst\u00e4ndiger Fotograf und Autor in Salzburg t\u00e4tig. Schon von Kindheit an haben ihn die Berge vor seiner Haust\u00fcr fasziniert. Heute z\u00e4hlen sie unter anderem zu seinem Arbeitsplatz. Er arbeitet f\u00fcr internationale Outdoor- und Reisemagazine sowie zahlreiche Firmen und Agenturen. Luxushotel oder Almh\u00fctte: Ich kann beides genie\u00dfen und ich gehe das nach dem Motto: Alles zur richtigen Zeit und zur passenden Gelegenheit an. Wandern oder Laufen: Auf jeden Fall wandern, ist gem\u00fctlicher und man kann sich mehr auf die Umgebung konzentrieren. Golfplatz oder Klettergarten: Klettergarten, zumindest noch die n\u00e4chsten 20 Jahre. Fr\u00fchling, sommer, herbst oder Winter? Fr\u00fchling und Sommer und Herbst und Winter! Im SalzburgerLand ist es das ganze Jahr traumhaft sch\u00f6n. Wellness oder Mountainbike? Zuerst eine Runde mit dem Mountainbike und dann ab in den Wellnesstempel. Das eine schlie\u00dft das andere nicht aus!\",\"url\":\"https:\\\/\\\/www.salzburgerland.com\\\/de\\\/magazin\\\/author\\\/heiko-mandl\\\/\"}]}<\/script>\n<!-- \/ Yoast SEO Premium plugin. -->","yoast_head_json":{"title":"Stefan Gimpl \u2013 vom Snowboard hinter die Kamera - SalzburgerLand Magazin","description":"Stefan Gimpl ist in der Salzburger Sportszene jedem ein Begriff. Der Leoganger hat drei Mal den legend\u00e4ren Air&amp;Style gewonnen und vier Mal den Gesamtweltcup im Big Air f\u00fcr sich entscheiden k\u00f6nnen. Heute lebt der sympathische Snowboarder in seiner Heimat und verewigt sie mit seiner Kamera. Seine Landschaftaufnahmen sind in der Szene bekannt, und durch die [&hellip;]","robots":{"index":"index","follow":"follow","max-snippet":"max-snippet:-1","max-image-preview":"max-image-preview:large","max-video-preview":"max-video-preview:-1"},"canonical":"https:\/\/www.salzburgerland.com\/de\/magazin\/stefan-gimpl-vom-snowboard-hinter-die-kamera\/","og_locale":"de_DE","og_type":"article","og_title":"Stefan Gimpl \u2013 vom Snowboard hinter die Kamera","og_description":"Stefan Gimpl ist in der Salzburger Sportszene jedem ein Begriff. Der Leoganger hat drei Mal den legend\u00e4ren Air&amp;Style gewonnen und vier Mal den Gesamtweltcup im Big Air f\u00fcr sich entscheiden k\u00f6nnen. Heute lebt der sympathische Snowboarder in seiner Heimat und verewigt sie mit seiner Kamera. Seine Landschaftaufnahmen sind in der Szene bekannt, und durch die [&hellip;]","og_url":"https:\/\/www.salzburgerland.com\/de\/magazin\/stefan-gimpl-vom-snowboard-hinter-die-kamera\/","og_site_name":"SalzburgerLand Magazin","article_publisher":"https:\/\/www.facebook.com\/salzburgerland\/","article_published_time":"2018-01-23T07:00:02+00:00","article_modified_time":"2019-06-26T16:30:43+00:00","og_image":[{"width":1800,"height":1182,"url":"https:\/\/www.salzburgerland.com\/de\/magazin\/wp-content\/uploads\/2017\/11\/hm_stefan_bearbeitet-Kopie.jpg","type":"image\/jpeg"}],"author":"Heiko Mandl","twitter_card":"summary_large_image","twitter_creator":"@Salzburgerland","twitter_site":"@Salzburgerland","twitter_misc":{"Verfasst von":"Heiko Mandl","Gesch\u00e4tzte Lesezeit":"3\u00a0Minuten"},"schema":{"@context":"https:\/\/schema.org","@graph":[{"@type":"Article","@id":"https:\/\/www.salzburgerland.com\/de\/magazin\/stefan-gimpl-vom-snowboard-hinter-die-kamera\/#article","isPartOf":{"@id":"https:\/\/www.salzburgerland.com\/de\/magazin\/stefan-gimpl-vom-snowboard-hinter-die-kamera\/"},"author":{"name":"Heiko Mandl","@id":"https:\/\/www.salzburgerland.com\/de\/magazin\/#\/schema\/person\/8871c7c764fce6ea66752310e7fe9e98"},"headline":"Stefan Gimpl \u2013 vom Snowboard hinter die Kamera","datePublished":"2018-01-23T07:00:02+00:00","dateModified":"2019-06-26T16:30:43+00:00","mainEntityOfPage":{"@id":"https:\/\/www.salzburgerland.com\/de\/magazin\/stefan-gimpl-vom-snowboard-hinter-die-kamera\/"},"wordCount":621,"commentCount":0,"publisher":{"@id":"https:\/\/www.salzburgerland.com\/de\/magazin\/#organization"},"image":{"@id":"https:\/\/www.salzburgerland.com\/de\/magazin\/stefan-gimpl-vom-snowboard-hinter-die-kamera\/#primaryimage"},"thumbnailUrl":"https:\/\/www.salzburgerland.com\/de\/magazin\/wp-content\/uploads\/2017\/11\/hm_stefan_bearbeitet-Kopie.jpg","articleSection":["Lifestyle"],"inLanguage":"de","potentialAction":[{"@type":"CommentAction","name":"Comment","target":["https:\/\/www.salzburgerland.com\/de\/magazin\/stefan-gimpl-vom-snowboard-hinter-die-kamera\/#respond"]}]},{"@type":"WebPage","@id":"https:\/\/www.salzburgerland.com\/de\/magazin\/stefan-gimpl-vom-snowboard-hinter-die-kamera\/","url":"https:\/\/www.salzburgerland.com\/de\/magazin\/stefan-gimpl-vom-snowboard-hinter-die-kamera\/","name":"Stefan Gimpl \u2013 vom Snowboard hinter die Kamera - SalzburgerLand Magazin","isPartOf":{"@id":"https:\/\/www.salzburgerland.com\/de\/magazin\/#website"},"primaryImageOfPage":{"@id":"https:\/\/www.salzburgerland.com\/de\/magazin\/stefan-gimpl-vom-snowboard-hinter-die-kamera\/#primaryimage"},"image":{"@id":"https:\/\/www.salzburgerland.com\/de\/magazin\/stefan-gimpl-vom-snowboard-hinter-die-kamera\/#primaryimage"},"thumbnailUrl":"https:\/\/www.salzburgerland.com\/de\/magazin\/wp-content\/uploads\/2017\/11\/hm_stefan_bearbeitet-Kopie.jpg","datePublished":"2018-01-23T07:00:02+00:00","dateModified":"2019-06-26T16:30:43+00:00","breadcrumb":{"@id":"https:\/\/www.salzburgerland.com\/de\/magazin\/stefan-gimpl-vom-snowboard-hinter-die-kamera\/#breadcrumb"},"inLanguage":"de","potentialAction":[{"@type":"ReadAction","target":["https:\/\/www.salzburgerland.com\/de\/magazin\/stefan-gimpl-vom-snowboard-hinter-die-kamera\/"]}]},{"@type":"ImageObject","inLanguage":"de","@id":"https:\/\/www.salzburgerland.com\/de\/magazin\/stefan-gimpl-vom-snowboard-hinter-die-kamera\/#primaryimage","url":"https:\/\/www.salzburgerland.com\/de\/magazin\/wp-content\/uploads\/2017\/11\/hm_stefan_bearbeitet-Kopie.jpg","contentUrl":"https:\/\/www.salzburgerland.com\/de\/magazin\/wp-content\/uploads\/2017\/11\/hm_stefan_bearbeitet-Kopie.jpg","width":1800,"height":1182,"caption":"Snowboarder in farbenfrohen Klamotten carven durch den Tiefschnee und erzeugen dabei eine Schneefont\u00e4ne um sich herum."},{"@type":"BreadcrumbList","@id":"https:\/\/www.salzburgerland.com\/de\/magazin\/stefan-gimpl-vom-snowboard-hinter-die-kamera\/#breadcrumb","itemListElement":[{"@type":"ListItem","position":1,"name":"Startseite","item":"https:\/\/www.salzburgerland.com\/de\/magazin\/"},{"@type":"ListItem","position":2,"name":"Lifestyle","item":"https:\/\/www.salzburgerland.com\/de\/magazin\/thema\/lifestyle\/"},{"@type":"ListItem","position":3,"name":"Stefan Gimpl \u2013 vom Snowboard hinter die Kamera"}]},{"@type":"WebSite","@id":"https:\/\/www.salzburgerland.com\/de\/magazin\/#website","url":"https:\/\/www.salzburgerland.com\/de\/magazin\/","name":"SalzburgerLand Magazin","description":"Geschichten und Interessantes aus dem SalzburgerLand","publisher":{"@id":"https:\/\/www.salzburgerland.com\/de\/magazin\/#organization"},"potentialAction":[{"@type":"SearchAction","target":{"@type":"EntryPoint","urlTemplate":"https:\/\/www.salzburgerland.com\/de\/magazin\/?s={search_term_string}"},"query-input":{"@type":"PropertyValueSpecification","valueRequired":true,"valueName":"search_term_string"}}],"inLanguage":"de"},{"@type":"Organization","@id":"https:\/\/www.salzburgerland.com\/de\/magazin\/#organization","name":"SalzburgerLand Tourismus","url":"https:\/\/www.salzburgerland.com\/de\/magazin\/","logo":{"@type":"ImageObject","inLanguage":"de","@id":"https:\/\/www.salzburgerland.com\/de\/magazin\/#\/schema\/logo\/image\/","url":"https:\/\/www.salzburgerland.com\/de\/magazin\/wp-content\/uploads\/2019\/06\/salzburgerland-logo1.jpg","contentUrl":"https:\/\/www.salzburgerland.com\/de\/magazin\/wp-content\/uploads\/2019\/06\/salzburgerland-logo1.jpg","width":2011,"height":866,"caption":"SalzburgerLand Tourismus"},"image":{"@id":"https:\/\/www.salzburgerland.com\/de\/magazin\/#\/schema\/logo\/image\/"},"sameAs":["https:\/\/www.facebook.com\/salzburgerland\/","https:\/\/x.com\/Salzburgerland","https:\/\/www.instagram.com\/salzburgerland\/","https:\/\/at.linkedin.com\/company\/salzburgerland-tourismus-gmbh","https:\/\/www.pinterest.at\/salzburgerland\/","https:\/\/www.youtube.com\/user\/salzburgerland","https:\/\/de.wikipedia.org\/wiki\/SalzburgerLand_Tourismus_GmbH"]},{"@type":"Person","@id":"https:\/\/www.salzburgerland.com\/de\/magazin\/#\/schema\/person\/8871c7c764fce6ea66752310e7fe9e98","name":"Heiko Mandl","description":"Heiko Mandl, geboren 1976 in Salzburg, ist durch den Journalismus zur Fotografie gekommen und ist seit zehn Jahren als selbstst\u00e4ndiger Fotograf und Autor in Salzburg t\u00e4tig. Schon von Kindheit an haben ihn die Berge vor seiner Haust\u00fcr fasziniert. Heute z\u00e4hlen sie unter anderem zu seinem Arbeitsplatz. Er arbeitet f\u00fcr internationale Outdoor- und Reisemagazine sowie zahlreiche Firmen und Agenturen. Luxushotel oder Almh\u00fctte: Ich kann beides genie\u00dfen und ich gehe das nach dem Motto: Alles zur richtigen Zeit und zur passenden Gelegenheit an. Wandern oder Laufen: Auf jeden Fall wandern, ist gem\u00fctlicher und man kann sich mehr auf die Umgebung konzentrieren. Golfplatz oder Klettergarten: Klettergarten, zumindest noch die n\u00e4chsten 20 Jahre. Fr\u00fchling, sommer, herbst oder Winter? Fr\u00fchling und Sommer und Herbst und Winter! Im SalzburgerLand ist es das ganze Jahr traumhaft sch\u00f6n. Wellness oder Mountainbike? Zuerst eine Runde mit dem Mountainbike und dann ab in den Wellnesstempel. Das eine schlie\u00dft das andere nicht aus!","url":"https:\/\/www.salzburgerland.com\/de\/magazin\/author\/heiko-mandl\/"}]}},"_wl_alt_label":[],"wl:entity_url":"http:\/\/open.salzburgerland.com\/magazin\/post\/stefan_gimpl_-_vom_snowboard_hinter_die_kamera","_links":{"self":[{"href":"https:\/\/www.salzburgerland.com\/de\/magazin\/wp-json\/wp\/v2\/posts\/119493","targetHints":{"allow":["GET"]}}],"collection":[{"href":"https:\/\/www.salzburgerland.com\/de\/magazin\/wp-json\/wp\/v2\/posts"}],"about":[{"href":"https:\/\/www.salzburgerland.com\/de\/magazin\/wp-json\/wp\/v2\/types\/post"}],"author":[{"embeddable":true,"href":"https:\/\/www.salzburgerland.com\/de\/magazin\/wp-json\/wp\/v2\/users\/10"}],"replies":[{"embeddable":true,"href":"https:\/\/www.salzburgerland.com\/de\/magazin\/wp-json\/wp\/v2\/comments?post=119493"}],"version-history":[{"count":0,"href":"https:\/\/www.salzburgerland.com\/de\/magazin\/wp-json\/wp\/v2\/posts\/119493\/revisions"}],"wp:featuredmedia":[{"embeddable":true,"href":"https:\/\/www.salzburgerland.com\/de\/magazin\/wp-json\/wp\/v2\/media\/119545"}],"wp:attachment":[{"href":"https:\/\/www.salzburgerland.com\/de\/magazin\/wp-json\/wp\/v2\/media?parent=119493"}],"wp:term":[{"taxonomy":"category","embeddable":true,"href":"https:\/\/www.salzburgerland.com\/de\/magazin\/wp-json\/wp\/v2\/categories?post=119493"},{"taxonomy":"post_tag","embeddable":true,"href":"https:\/\/www.salzburgerland.com\/de\/magazin\/wp-json\/wp\/v2\/tags?post=119493"},{"taxonomy":"wl_entity_type","embeddable":true,"href":"https:\/\/www.salzburgerland.com\/de\/magazin\/wp-json\/wp\/v2\/wl_entity_type?post=119493"},{"taxonomy":"monatsauswahl","embeddable":true,"href":"https:\/\/www.salzburgerland.com\/de\/magazin\/wp-json\/wp\/v2\/monatsauswahl?post=119493"}],"curies":[{"name":"wp","href":"https:\/\/api.w.org\/{rel}","templated":true}]}}