{"id":119375,"date":"2017-11-21T11:59:51","date_gmt":"2017-11-21T10:59:51","guid":{"rendered":"https:\/\/www.salzburgerland.com\/de\/magazin\/?p=119375"},"modified":"2019-06-26T18:30:50","modified_gmt":"2019-06-26T16:30:50","slug":"buchtipp-stille-nacht-heilige-nacht","status":"publish","type":"post","link":"https:\/\/www.salzburgerland.com\/de\/magazin\/buchtipp-stille-nacht-heilige-nacht\/","title":{"rendered":"Buchtipp: Stille Nacht! Heilige Nacht!"},"content":{"rendered":"<p><strong>Rechtzeitig zum Jubil\u00e4umsjahr widmet Autorin Franziska Lipp ihr neuestes Buch dem ber\u00fchmten Weihnachtslied \u201eStille Nacht! Heilige Nacht!\u201c<\/strong><\/p>\n<p>24. Dezember, Heiliger Abend. Die Kerzen am Weihnachtsbaum leuchten mit den Augen der Kinder um die Wette. Doch bevor es ans Auspacken der Geschenke geht, wird in vielen Familien zun\u00e4chst die Weihnachtsgeschichte gelesen, und gemeinsam stimmen alle zusammen ein ganz besonderes Lied an. Die Rede ist von \u201eStille Nacht! Heilige Nacht!\u201c. Ob gesungen oder musiziert, dem Zauber dieser einfachen Melodie kann sich wohl kaum jemand entziehen. Und das auf der ganzen Welt \u2013 immerhin wurde das Lied in mehr als 300 Sprachen und Dialekte \u00fcbersetzt.<\/p>\n<h3>Auf den Spuren des beliebtesten Weihnachtsliedes der Welt<\/h3>\n<p>Grund genug also, die Geschichte(n) rund um das Weihnachtslied genauer zu beleuchten. Genau das macht Franziska Lipp in ihrem neusten Werk \u201eDas kleine Buch: Stille Nacht! Heilige Nacht! Auf den Spuren des beliebtesten Weihnachtsliedes der Welt\u201c, erschienen im Servus Verlag.<\/p>\n<p>Die Autorin erz\u00e4hlt von den historischen Hintergr\u00fcnden in Europa zur Zeit der Entstehung des Liedes, \u00fcber die beiden Urheber, den Hilfspfarrer Josef Mohr sowie den Lehrer Franz Xaver Gruber, ebenso wie \u00fcber die Verbreitung des Werkes. Auch weihnachtliche Rezepte aus den Stille-Nacht-L\u00e4ndern \u00d6sterreichs sind im Buch zu finden. Ganz nebenbei erf\u00e4hrt man noch interessante Details und informative Tipps. Wussten Sie etwa, dass der Text zu \u201eStille Nacht! Heilige Nacht!\u201c bereits im Jahr 1816 als Gedicht geschrieben wurde?\u00a0 Oder, dass Franz Xaver Gruber insgesamt sechs Strophen verfasst hat? <br \/>\n Lustig ist etwa auch eine Legende rund um die Erstauff\u00fchrung. Demnach musste Josef Mohr das Lied deshalb auf der Gitarre begleiten, weil eine Maus den Blasebalg der Kirchenorgel abgeknabbert hatte.<br \/>\n Und gut zu wissen f\u00fcr den n\u00e4chsten Brief ans Christkind: In Oberndorf bei Salzburg \u00f6ffnet jedes Jahr in der Vorweihnachtszeit das Stille Nacht Sonderpostamt seine Pforten.<\/p>\n<p>Sie wollen mehr erfahren? Das Buch ist erh\u00e4ltlich im Handel sowie auf Anfrage und nach Verf\u00fcgbarkeit unter der e-mail-Adresse\u00a0<a href=\"mailto:office@stillenacht.com\" target=\"_blank\" rel=\"noopener noreferrer\">office@stillenacht.com<\/a>.<\/p>\n<p>Tauchen Sie ein in die Geschichte von \u201eStille Nacht! Heilige Nacht!\u201c, und lassen Sie sich von den informativen Texten mit auf eine Reise in die Welt des ber\u00fchmtesten Weihnachtsliedes nehmen.<\/p>\n<div class=\"mag-gallery\"><div class=\"row\"><div class=\"col-6 col-sm-4\"><figure><a class=\"thumb-container\" href=\"https:\/\/www.salzburgerland.com\/de\/magazin\/wp-content\/uploads\/2017\/11\/RS92_faistenau_hintersee-20a-scr-1280x1024.jpg\">\t<picture><source media=\"(min-width: 576px)\" srcset=\"https:\/\/www.salzburgerland.com\/de\/magazin\/wp-content\/uploads\/2017\/11\/RS92_faistenau_hintersee-20a-scr-325x209.jpg 325w, https:\/\/www.salzburgerland.com\/de\/magazin\/wp-content\/uploads\/2017\/11\/RS92_faistenau_hintersee-20a-scr-249x160.jpg 249w\" \/><source media=\"(min-width: 0)\" srcset=\"https:\/\/www.salzburgerland.com\/de\/magazin\/wp-content\/uploads\/2017\/11\/RS92_faistenau_hintersee-20a-scr-249x160.jpg 249w, https:\/\/www.salzburgerland.com\/de\/magazin\/wp-content\/uploads\/2017\/11\/RS92_faistenau_hintersee-20a-scr-325x209.jpg 325w\" \/><img decoding=\"async\" alt=\"Eine kleine verschneite Kapelle leuchtet warm in der Nacht, umgeben von Schnee und fernen Lichtern im Hintergrund.\" src=\"https:\/\/www.salzburgerland.com\/de\/magazin\/wp-content\/uploads\/2017\/11\/RS92_faistenau_hintersee-20a-scr.jpg\" \/>\t<\/picture><\/a><\/figure><\/div><div class=\"col-6 col-sm-4\"><figure><a class=\"thumb-container\" href=\"https:\/\/www.salzburgerland.com\/de\/magazin\/wp-content\/uploads\/2017\/11\/RS1094_autograph01-scr-1280x1024.jpg\">\t<picture><source media=\"(min-width: 576px)\" srcset=\"https:\/\/www.salzburgerland.com\/de\/magazin\/wp-content\/uploads\/2017\/11\/RS1094_autograph01-scr-325x209.jpg 325w, https:\/\/www.salzburgerland.com\/de\/magazin\/wp-content\/uploads\/2017\/11\/RS1094_autograph01-scr-249x160.jpg 249w\" \/><source media=\"(min-width: 0)\" srcset=\"https:\/\/www.salzburgerland.com\/de\/magazin\/wp-content\/uploads\/2017\/11\/RS1094_autograph01-scr-249x160.jpg 249w, https:\/\/www.salzburgerland.com\/de\/magazin\/wp-content\/uploads\/2017\/11\/RS1094_autograph01-scr-325x209.jpg 325w\" \/><img decoding=\"async\" alt=\"Ein handgeschriebenes altes Notenblatt mit deutschem Text, musikalischen Notationen und Titel am oberen Rand.\" src=\"https:\/\/www.salzburgerland.com\/de\/magazin\/wp-content\/uploads\/2017\/11\/RS1094_autograph01-scr.jpg\" \/>\t<\/picture><\/a><\/figure><\/div><div class=\"col-6 col-sm-4\"><figure><a class=\"thumb-container\" href=\"https:\/\/www.salzburgerland.com\/de\/magazin\/wp-content\/uploads\/2017\/11\/RS1097_st-peter03-scr-1280x1024.jpg\">\t<picture><source media=\"(min-width: 576px)\" srcset=\"https:\/\/www.salzburgerland.com\/de\/magazin\/wp-content\/uploads\/2017\/11\/RS1097_st-peter03-scr-325x209.jpg 325w, https:\/\/www.salzburgerland.com\/de\/magazin\/wp-content\/uploads\/2017\/11\/RS1097_st-peter03-scr-249x160.jpg 249w\" \/><source media=\"(min-width: 0)\" srcset=\"https:\/\/www.salzburgerland.com\/de\/magazin\/wp-content\/uploads\/2017\/11\/RS1097_st-peter03-scr-249x160.jpg 249w, https:\/\/www.salzburgerland.com\/de\/magazin\/wp-content\/uploads\/2017\/11\/RS1097_st-peter03-scr-325x209.jpg 325w\" \/><img decoding=\"async\" alt=\"Der historische Salzburger Dom und die beleuchteten Stadtt\u00fcrme in der Abendd\u00e4mmerung vor einer Kulisse aus H\u00fcgeln und blauem Himmel.\" src=\"https:\/\/www.salzburgerland.com\/de\/magazin\/wp-content\/uploads\/2017\/11\/RS1097_st-peter03-scr.jpg\" \/>\t<\/picture><\/a><\/figure><\/div><div class=\"col-6 col-sm-4\"><figure><a class=\"thumb-container\" href=\"https:\/\/www.salzburgerland.com\/de\/magazin\/wp-content\/uploads\/2017\/11\/RS1427_SLT_Advent_Set2_113-scr-1280x1024.jpg\">\t<picture><source media=\"(min-width: 576px)\" srcset=\"https:\/\/www.salzburgerland.com\/de\/magazin\/wp-content\/uploads\/2017\/11\/RS1427_SLT_Advent_Set2_113-scr-325x209.jpg 325w, https:\/\/www.salzburgerland.com\/de\/magazin\/wp-content\/uploads\/2017\/11\/RS1427_SLT_Advent_Set2_113-scr-249x160.jpg 249w\" \/><source media=\"(min-width: 0)\" srcset=\"https:\/\/www.salzburgerland.com\/de\/magazin\/wp-content\/uploads\/2017\/11\/RS1427_SLT_Advent_Set2_113-scr-249x160.jpg 249w, https:\/\/www.salzburgerland.com\/de\/magazin\/wp-content\/uploads\/2017\/11\/RS1427_SLT_Advent_Set2_113-scr-325x209.jpg 325w\" \/><img decoding=\"async\" alt=\"Familie in gem\u00fctlichem Holzzimmer mit Weihnachtsbaum, gemeinsames Lesen am Tisch bei Kerzenschein, Weihnachtsdekoration rundherum.\" src=\"https:\/\/www.salzburgerland.com\/de\/magazin\/wp-content\/uploads\/2017\/11\/RS1427_SLT_Advent_Set2_113-scr.jpg\" \/>\t<\/picture><\/a><\/figure><\/div><div class=\"col-6 col-sm-4\"><figure><a class=\"thumb-container\" href=\"https:\/\/www.salzburgerland.com\/de\/magazin\/wp-content\/uploads\/2017\/11\/RS1077_gruber_und_gitarre03-scr-1280x1024.jpg\">\t<picture><source media=\"(min-width: 576px)\" srcset=\"https:\/\/www.salzburgerland.com\/de\/magazin\/wp-content\/uploads\/2017\/11\/RS1077_gruber_und_gitarre03-scr-325x209.jpg 325w, https:\/\/www.salzburgerland.com\/de\/magazin\/wp-content\/uploads\/2017\/11\/RS1077_gruber_und_gitarre03-scr-249x160.jpg 249w\" \/><source media=\"(min-width: 0)\" srcset=\"https:\/\/www.salzburgerland.com\/de\/magazin\/wp-content\/uploads\/2017\/11\/RS1077_gruber_und_gitarre03-scr-249x160.jpg 249w, https:\/\/www.salzburgerland.com\/de\/magazin\/wp-content\/uploads\/2017\/11\/RS1077_gruber_und_gitarre03-scr-325x209.jpg 325w\" \/><img decoding=\"async\" alt=\"Ein Mann in historischer Kleidung steht neben einer alten Gitarre und einem gerahmten Portr\u00e4t an der Wand.\" src=\"https:\/\/www.salzburgerland.com\/de\/magazin\/wp-content\/uploads\/2017\/11\/RS1077_gruber_und_gitarre03-scr.jpg\" \/>\t<\/picture><\/a><\/figure><\/div><div class=\"col-6 col-sm-4\"><figure><a class=\"thumb-container\" href=\"https:\/\/www.salzburgerland.com\/de\/magazin\/wp-content\/uploads\/2017\/11\/RS1078_stille_nacht_bezirk01-scr-1280x1024.jpg\">\t<picture><source media=\"(min-width: 576px)\" srcset=\"https:\/\/www.salzburgerland.com\/de\/magazin\/wp-content\/uploads\/2017\/11\/RS1078_stille_nacht_bezirk01-scr-325x209.jpg 325w, https:\/\/www.salzburgerland.com\/de\/magazin\/wp-content\/uploads\/2017\/11\/RS1078_stille_nacht_bezirk01-scr-249x160.jpg 249w\" \/><source media=\"(min-width: 0)\" srcset=\"https:\/\/www.salzburgerland.com\/de\/magazin\/wp-content\/uploads\/2017\/11\/RS1078_stille_nacht_bezirk01-scr-249x160.jpg 249w, https:\/\/www.salzburgerland.com\/de\/magazin\/wp-content\/uploads\/2017\/11\/RS1078_stille_nacht_bezirk01-scr-325x209.jpg 325w\" \/><img decoding=\"async\" alt=\"Schneebedeckte Stra\u00dfe mit warm beleuchteten Geb\u00e4uden, Tannenb\u00e4umen und einem geschm\u00fcckten Weihnachtsbaum in der Abendd\u00e4mmerung.\" src=\"https:\/\/www.salzburgerland.com\/de\/magazin\/wp-content\/uploads\/2017\/11\/RS1078_stille_nacht_bezirk01-scr.jpg\" \/>\t<\/picture><\/a><\/figure><\/div><\/div><\/div><figcaption><\/figcaption>\n<p>Fotos\u00a0\u00a9 SalzburgerLand Tourismus<\/p>\n<p>&nbsp;<\/p>\n","protected":false},"excerpt":{"rendered":"<p>Rechtzeitig zum Jubil\u00e4umsjahr widmet Autorin Franziska Lipp ihr neuestes Buch dem ber\u00fchmten Weihnachtslied \u201eStille Nacht! Heilige Nacht!\u201c 24. Dezember, Heiliger Abend. Die Kerzen am Weihnachtsbaum leuchten mit den Augen der Kinder um die Wette. Doch bevor es ans Auspacken der Geschenke geht, wird in vielen Familien zun\u00e4chst die Weihnachtsgeschichte gelesen, und gemeinsam stimmen alle zusammen [&hellip;]<\/p>\n","protected":false},"author":90,"featured_media":119377,"comment_status":"open","ping_status":"open","sticky":false,"template":"","format":"standard","meta":{"_acf_changed":false,"wl_entities_gutenberg":"","_wl_entity_redirect_enabled":"","footnotes":""},"categories":[6],"tags":[],"wl_entity_type":[306],"monatsauswahl":[92,93],"class_list":["post-119375","post","type-post","status-publish","format-standard","has-post-thumbnail","hentry","category-kunst-kultur","wl_entity_type-article","monatsauswahl-monat_11","monatsauswahl-monat_12"],"acf":[],"yoast_head":"<!-- This site is optimized with the Yoast SEO Premium plugin v27.4 (Yoast SEO v27.4) - https:\/\/yoast.com\/product\/yoast-seo-premium-wordpress\/ -->\n<title>Buchtipp: Stille Nacht! Heilige Nacht! - SalzburgerLand Magazin<\/title>\n<meta name=\"description\" content=\"Rechtzeitig zum Jubil\u00e4umsjahr widmet Autorin Franziska Lipp ihr neuestes Buch dem ber\u00fchmten Weihnachtslied \u201eStille Nacht! Heilige Nacht!\u201c 24. Dezember, Heiliger Abend. Die Kerzen am Weihnachtsbaum leuchten mit den Augen der Kinder um die Wette. Doch bevor es ans Auspacken der Geschenke geht, wird in vielen Familien zun\u00e4chst die Weihnachtsgeschichte gelesen, und gemeinsam stimmen alle zusammen [&hellip;]\" \/>\n<meta name=\"robots\" content=\"index, follow, max-snippet:-1, max-image-preview:large, max-video-preview:-1\" \/>\n<link rel=\"canonical\" href=\"https:\/\/www.salzburgerland.com\/de\/magazin\/buchtipp-stille-nacht-heilige-nacht\/\" \/>\n<meta property=\"og:locale\" content=\"de_DE\" \/>\n<meta property=\"og:type\" content=\"article\" \/>\n<meta property=\"og:title\" content=\"Buchtipp: Stille Nacht! Heilige Nacht!\" \/>\n<meta property=\"og:description\" content=\"Rechtzeitig zum Jubil\u00e4umsjahr widmet Autorin Franziska Lipp ihr neuestes Buch dem ber\u00fchmten Weihnachtslied \u201eStille Nacht! Heilige Nacht!\u201c 24. Dezember, Heiliger Abend. Die Kerzen am Weihnachtsbaum leuchten mit den Augen der Kinder um die Wette. Doch bevor es ans Auspacken der Geschenke geht, wird in vielen Familien zun\u00e4chst die Weihnachtsgeschichte gelesen, und gemeinsam stimmen alle zusammen [&hellip;]\" \/>\n<meta property=\"og:url\" content=\"https:\/\/www.salzburgerland.com\/de\/magazin\/buchtipp-stille-nacht-heilige-nacht\/\" \/>\n<meta property=\"og:site_name\" content=\"SalzburgerLand Magazin\" \/>\n<meta property=\"article:publisher\" content=\"https:\/\/www.facebook.com\/salzburgerland\/\" \/>\n<meta property=\"article:published_time\" content=\"2017-11-21T10:59:51+00:00\" \/>\n<meta property=\"article:modified_time\" content=\"2019-06-26T16:30:50+00:00\" \/>\n<meta property=\"og:image\" content=\"https:\/\/www.salzburgerland.com\/de\/magazin\/wp-content\/uploads\/2017\/11\/RS93_faistenau_hintersee-26.jpg\" \/>\n\t<meta property=\"og:image:width\" content=\"1100\" \/>\n\t<meta property=\"og:image:height\" content=\"733\" \/>\n\t<meta property=\"og:image:type\" content=\"image\/jpeg\" \/>\n<meta name=\"author\" content=\"Ulli Hammerl\" \/>\n<meta name=\"twitter:card\" content=\"summary_large_image\" \/>\n<meta name=\"twitter:creator\" content=\"@Salzburgerland\" \/>\n<meta name=\"twitter:site\" content=\"@Salzburgerland\" \/>\n<meta name=\"twitter:label1\" content=\"Verfasst von\" \/>\n\t<meta name=\"twitter:data1\" content=\"Ulli Hammerl\" \/>\n\t<meta name=\"twitter:label2\" content=\"Gesch\u00e4tzte Lesezeit\" \/>\n\t<meta name=\"twitter:data2\" content=\"2\u00a0Minuten\" \/>\n<script type=\"application\/ld+json\" class=\"yoast-schema-graph\">{\"@context\":\"https:\\\/\\\/schema.org\",\"@graph\":[{\"@type\":\"Article\",\"@id\":\"https:\\\/\\\/www.salzburgerland.com\\\/de\\\/magazin\\\/buchtipp-stille-nacht-heilige-nacht\\\/#article\",\"isPartOf\":{\"@id\":\"https:\\\/\\\/www.salzburgerland.com\\\/de\\\/magazin\\\/buchtipp-stille-nacht-heilige-nacht\\\/\"},\"author\":{\"name\":\"Ulli Hammerl\",\"@id\":\"https:\\\/\\\/www.salzburgerland.com\\\/de\\\/magazin\\\/#\\\/schema\\\/person\\\/a55a4fee1009b9e458d298480a18a9f7\"},\"headline\":\"Buchtipp: Stille Nacht! Heilige Nacht!\",\"datePublished\":\"2017-11-21T10:59:51+00:00\",\"dateModified\":\"2019-06-26T16:30:50+00:00\",\"mainEntityOfPage\":{\"@id\":\"https:\\\/\\\/www.salzburgerland.com\\\/de\\\/magazin\\\/buchtipp-stille-nacht-heilige-nacht\\\/\"},\"wordCount\":370,\"commentCount\":0,\"publisher\":{\"@id\":\"https:\\\/\\\/www.salzburgerland.com\\\/de\\\/magazin\\\/#organization\"},\"image\":{\"@id\":\"https:\\\/\\\/www.salzburgerland.com\\\/de\\\/magazin\\\/buchtipp-stille-nacht-heilige-nacht\\\/#primaryimage\"},\"thumbnailUrl\":\"https:\\\/\\\/www.salzburgerland.com\\\/de\\\/magazin\\\/wp-content\\\/uploads\\\/2017\\\/11\\\/RS93_faistenau_hintersee-26.jpg\",\"articleSection\":[\"Kunst &amp; Kultur\"],\"inLanguage\":\"de\",\"potentialAction\":[{\"@type\":\"CommentAction\",\"name\":\"Comment\",\"target\":[\"https:\\\/\\\/www.salzburgerland.com\\\/de\\\/magazin\\\/buchtipp-stille-nacht-heilige-nacht\\\/#respond\"]}]},{\"@type\":\"WebPage\",\"@id\":\"https:\\\/\\\/www.salzburgerland.com\\\/de\\\/magazin\\\/buchtipp-stille-nacht-heilige-nacht\\\/\",\"url\":\"https:\\\/\\\/www.salzburgerland.com\\\/de\\\/magazin\\\/buchtipp-stille-nacht-heilige-nacht\\\/\",\"name\":\"Buchtipp: Stille Nacht! Heilige Nacht! - SalzburgerLand Magazin\",\"isPartOf\":{\"@id\":\"https:\\\/\\\/www.salzburgerland.com\\\/de\\\/magazin\\\/#website\"},\"primaryImageOfPage\":{\"@id\":\"https:\\\/\\\/www.salzburgerland.com\\\/de\\\/magazin\\\/buchtipp-stille-nacht-heilige-nacht\\\/#primaryimage\"},\"image\":{\"@id\":\"https:\\\/\\\/www.salzburgerland.com\\\/de\\\/magazin\\\/buchtipp-stille-nacht-heilige-nacht\\\/#primaryimage\"},\"thumbnailUrl\":\"https:\\\/\\\/www.salzburgerland.com\\\/de\\\/magazin\\\/wp-content\\\/uploads\\\/2017\\\/11\\\/RS93_faistenau_hintersee-26.jpg\",\"datePublished\":\"2017-11-21T10:59:51+00:00\",\"dateModified\":\"2019-06-26T16:30:50+00:00\",\"breadcrumb\":{\"@id\":\"https:\\\/\\\/www.salzburgerland.com\\\/de\\\/magazin\\\/buchtipp-stille-nacht-heilige-nacht\\\/#breadcrumb\"},\"inLanguage\":\"de\",\"potentialAction\":[{\"@type\":\"ReadAction\",\"target\":[\"https:\\\/\\\/www.salzburgerland.com\\\/de\\\/magazin\\\/buchtipp-stille-nacht-heilige-nacht\\\/\"]}]},{\"@type\":\"ImageObject\",\"inLanguage\":\"de\",\"@id\":\"https:\\\/\\\/www.salzburgerland.com\\\/de\\\/magazin\\\/buchtipp-stille-nacht-heilige-nacht\\\/#primaryimage\",\"url\":\"https:\\\/\\\/www.salzburgerland.com\\\/de\\\/magazin\\\/wp-content\\\/uploads\\\/2017\\\/11\\\/RS93_faistenau_hintersee-26.jpg\",\"contentUrl\":\"https:\\\/\\\/www.salzburgerland.com\\\/de\\\/magazin\\\/wp-content\\\/uploads\\\/2017\\\/11\\\/RS93_faistenau_hintersee-26.jpg\",\"width\":1100,\"height\":733,\"caption\":\"Buchumschlag Stille Nacht! Heilige Nacht! mit Kirche und verschneiter Winterlandschaft im Hintergrund.\"},{\"@type\":\"BreadcrumbList\",\"@id\":\"https:\\\/\\\/www.salzburgerland.com\\\/de\\\/magazin\\\/buchtipp-stille-nacht-heilige-nacht\\\/#breadcrumb\",\"itemListElement\":[{\"@type\":\"ListItem\",\"position\":1,\"name\":\"Startseite\",\"item\":\"https:\\\/\\\/www.salzburgerland.com\\\/de\\\/magazin\\\/\"},{\"@type\":\"ListItem\",\"position\":2,\"name\":\"Kunst &amp; Kultur\",\"item\":\"https:\\\/\\\/www.salzburgerland.com\\\/de\\\/magazin\\\/thema\\\/kunst-kultur\\\/\"},{\"@type\":\"ListItem\",\"position\":3,\"name\":\"Buchtipp: Stille Nacht! Heilige Nacht!\"}]},{\"@type\":\"WebSite\",\"@id\":\"https:\\\/\\\/www.salzburgerland.com\\\/de\\\/magazin\\\/#website\",\"url\":\"https:\\\/\\\/www.salzburgerland.com\\\/de\\\/magazin\\\/\",\"name\":\"SalzburgerLand Magazin\",\"description\":\"Geschichten und Interessantes aus dem SalzburgerLand\",\"publisher\":{\"@id\":\"https:\\\/\\\/www.salzburgerland.com\\\/de\\\/magazin\\\/#organization\"},\"potentialAction\":[{\"@type\":\"SearchAction\",\"target\":{\"@type\":\"EntryPoint\",\"urlTemplate\":\"https:\\\/\\\/www.salzburgerland.com\\\/de\\\/magazin\\\/?s={search_term_string}\"},\"query-input\":{\"@type\":\"PropertyValueSpecification\",\"valueRequired\":true,\"valueName\":\"search_term_string\"}}],\"inLanguage\":\"de\"},{\"@type\":\"Organization\",\"@id\":\"https:\\\/\\\/www.salzburgerland.com\\\/de\\\/magazin\\\/#organization\",\"name\":\"SalzburgerLand Tourismus\",\"url\":\"https:\\\/\\\/www.salzburgerland.com\\\/de\\\/magazin\\\/\",\"logo\":{\"@type\":\"ImageObject\",\"inLanguage\":\"de\",\"@id\":\"https:\\\/\\\/www.salzburgerland.com\\\/de\\\/magazin\\\/#\\\/schema\\\/logo\\\/image\\\/\",\"url\":\"https:\\\/\\\/www.salzburgerland.com\\\/de\\\/magazin\\\/wp-content\\\/uploads\\\/2019\\\/06\\\/salzburgerland-logo1.jpg\",\"contentUrl\":\"https:\\\/\\\/www.salzburgerland.com\\\/de\\\/magazin\\\/wp-content\\\/uploads\\\/2019\\\/06\\\/salzburgerland-logo1.jpg\",\"width\":2011,\"height\":866,\"caption\":\"SalzburgerLand Tourismus\"},\"image\":{\"@id\":\"https:\\\/\\\/www.salzburgerland.com\\\/de\\\/magazin\\\/#\\\/schema\\\/logo\\\/image\\\/\"},\"sameAs\":[\"https:\\\/\\\/www.facebook.com\\\/salzburgerland\\\/\",\"https:\\\/\\\/x.com\\\/Salzburgerland\",\"https:\\\/\\\/www.instagram.com\\\/salzburgerland\\\/\",\"https:\\\/\\\/at.linkedin.com\\\/company\\\/salzburgerland-tourismus-gmbh\",\"https:\\\/\\\/www.pinterest.at\\\/salzburgerland\\\/\",\"https:\\\/\\\/www.youtube.com\\\/user\\\/salzburgerland\",\"https:\\\/\\\/de.wikipedia.org\\\/wiki\\\/SalzburgerLand_Tourismus_GmbH\"]},{\"@type\":\"Person\",\"@id\":\"https:\\\/\\\/www.salzburgerland.com\\\/de\\\/magazin\\\/#\\\/schema\\\/person\\\/a55a4fee1009b9e458d298480a18a9f7\",\"name\":\"Ulli Hammerl\",\"description\":\"Geboren und aufgewachsen in der Stadt Salzburg war Ulli Hammerl fr\u00fch bewusst, in einer der sch\u00f6nsten St\u00e4dte der Welt zu leben. So ist sie auch w\u00e4hrend ihres Studiums der Kommunikationswissenschaft und \u00d6kologie ihrer Heimatstadt treu geblieben. Gleich nach dem Studium ist sie zu SalzburgerLand Tourismus (SLTG) gegangen und hat hier von 1998 - 2004 u.a. die SalzburgerLand Card betreut. Dabei ist sie viel herumgekommen, wodurch auch die Liebe zum SalzburgerLand enstanden und gewachsen ist. Nach der Geburt ihrer Tochter im September 2004 hat sich Ulli Hammerl 2007 mit einer Agentur selbst\u00e4ndig gemacht. Mein pers\u00f6nlicher Logenplatz: Hoch \u00fcber Salzburg, abseits der stark begangenen Wege mit Blick auf die D\u00e4cher und Kircht\u00fcrme der Stadt \u2013 hier geht mir das Herz auf! Morgen- oder Abendmensch: Ganz klar: Morgenmensch. Wenn um 5.00 Uhr fr\u00fch die V\u00f6gel zwitschern und rund herum noch alles in tiefer Ruhe versinkt, dann ist meine Zeit. Ausgeschlafen, Energie geladen und voller Tatendrang starte ich am liebsten in den fr\u00fchen Morgenstunden in den Tag. Daf\u00fcr kann man nach 21.00 Uhr nicht mehr mit mir rechnen. Buch oder Film: Es gibt nichts Sch\u00f6neres, als es sich am Ende des Tages auf der Couch gem\u00fctlich zu machen und in die Gedankenwelt eines guten Buches einzutauchen \u2013 Lesen ist Abenteuer im Kopf. Wandern, Spazierengehen oder Laufen: alles drei und zwar am besten jeden Tag. Mit ein bisschen Zeiteinteilung geht es sich tats\u00e4chlich fast gehen Tag aus, drau\u00dfen unterwegs zu sein. Fr\u00fchling, Sommer, Herbst oder Winter: Ich kann es im Fr\u00fchling kaum erwarten, die ersten Gr\u00fcnschattierungen in der Natur zu entdecken. Ich liebe hei\u00dfe Sommertage am See und laue Sommerabende am Balkon. Ich mag es, wenn im Herbst die W\u00e4lder in einem Meer aus Farben erstrahlen, Laubrascheln und Kastanien sammeln. Und ich freue mich wie ein Kind, wenn im Dezember die ersten Schneeflocken vom Himmel schweben. Die vier Jahreszeiten sind etwas Wunderbares.\",\"url\":\"https:\\\/\\\/www.salzburgerland.com\\\/de\\\/magazin\\\/author\\\/ulli-hammerl\\\/\"}]}<\/script>\n<!-- \/ Yoast SEO Premium plugin. -->","yoast_head_json":{"title":"Buchtipp: Stille Nacht! Heilige Nacht! - SalzburgerLand Magazin","description":"Rechtzeitig zum Jubil\u00e4umsjahr widmet Autorin Franziska Lipp ihr neuestes Buch dem ber\u00fchmten Weihnachtslied \u201eStille Nacht! Heilige Nacht!\u201c 24. Dezember, Heiliger Abend. Die Kerzen am Weihnachtsbaum leuchten mit den Augen der Kinder um die Wette. Doch bevor es ans Auspacken der Geschenke geht, wird in vielen Familien zun\u00e4chst die Weihnachtsgeschichte gelesen, und gemeinsam stimmen alle zusammen [&hellip;]","robots":{"index":"index","follow":"follow","max-snippet":"max-snippet:-1","max-image-preview":"max-image-preview:large","max-video-preview":"max-video-preview:-1"},"canonical":"https:\/\/www.salzburgerland.com\/de\/magazin\/buchtipp-stille-nacht-heilige-nacht\/","og_locale":"de_DE","og_type":"article","og_title":"Buchtipp: Stille Nacht! Heilige Nacht!","og_description":"Rechtzeitig zum Jubil\u00e4umsjahr widmet Autorin Franziska Lipp ihr neuestes Buch dem ber\u00fchmten Weihnachtslied \u201eStille Nacht! Heilige Nacht!\u201c 24. Dezember, Heiliger Abend. Die Kerzen am Weihnachtsbaum leuchten mit den Augen der Kinder um die Wette. Doch bevor es ans Auspacken der Geschenke geht, wird in vielen Familien zun\u00e4chst die Weihnachtsgeschichte gelesen, und gemeinsam stimmen alle zusammen [&hellip;]","og_url":"https:\/\/www.salzburgerland.com\/de\/magazin\/buchtipp-stille-nacht-heilige-nacht\/","og_site_name":"SalzburgerLand Magazin","article_publisher":"https:\/\/www.facebook.com\/salzburgerland\/","article_published_time":"2017-11-21T10:59:51+00:00","article_modified_time":"2019-06-26T16:30:50+00:00","og_image":[{"width":1100,"height":733,"url":"https:\/\/www.salzburgerland.com\/de\/magazin\/wp-content\/uploads\/2017\/11\/RS93_faistenau_hintersee-26.jpg","type":"image\/jpeg"}],"author":"Ulli Hammerl","twitter_card":"summary_large_image","twitter_creator":"@Salzburgerland","twitter_site":"@Salzburgerland","twitter_misc":{"Verfasst von":"Ulli Hammerl","Gesch\u00e4tzte Lesezeit":"2\u00a0Minuten"},"schema":{"@context":"https:\/\/schema.org","@graph":[{"@type":"Article","@id":"https:\/\/www.salzburgerland.com\/de\/magazin\/buchtipp-stille-nacht-heilige-nacht\/#article","isPartOf":{"@id":"https:\/\/www.salzburgerland.com\/de\/magazin\/buchtipp-stille-nacht-heilige-nacht\/"},"author":{"name":"Ulli Hammerl","@id":"https:\/\/www.salzburgerland.com\/de\/magazin\/#\/schema\/person\/a55a4fee1009b9e458d298480a18a9f7"},"headline":"Buchtipp: Stille Nacht! Heilige Nacht!","datePublished":"2017-11-21T10:59:51+00:00","dateModified":"2019-06-26T16:30:50+00:00","mainEntityOfPage":{"@id":"https:\/\/www.salzburgerland.com\/de\/magazin\/buchtipp-stille-nacht-heilige-nacht\/"},"wordCount":370,"commentCount":0,"publisher":{"@id":"https:\/\/www.salzburgerland.com\/de\/magazin\/#organization"},"image":{"@id":"https:\/\/www.salzburgerland.com\/de\/magazin\/buchtipp-stille-nacht-heilige-nacht\/#primaryimage"},"thumbnailUrl":"https:\/\/www.salzburgerland.com\/de\/magazin\/wp-content\/uploads\/2017\/11\/RS93_faistenau_hintersee-26.jpg","articleSection":["Kunst &amp; Kultur"],"inLanguage":"de","potentialAction":[{"@type":"CommentAction","name":"Comment","target":["https:\/\/www.salzburgerland.com\/de\/magazin\/buchtipp-stille-nacht-heilige-nacht\/#respond"]}]},{"@type":"WebPage","@id":"https:\/\/www.salzburgerland.com\/de\/magazin\/buchtipp-stille-nacht-heilige-nacht\/","url":"https:\/\/www.salzburgerland.com\/de\/magazin\/buchtipp-stille-nacht-heilige-nacht\/","name":"Buchtipp: Stille Nacht! Heilige Nacht! - SalzburgerLand Magazin","isPartOf":{"@id":"https:\/\/www.salzburgerland.com\/de\/magazin\/#website"},"primaryImageOfPage":{"@id":"https:\/\/www.salzburgerland.com\/de\/magazin\/buchtipp-stille-nacht-heilige-nacht\/#primaryimage"},"image":{"@id":"https:\/\/www.salzburgerland.com\/de\/magazin\/buchtipp-stille-nacht-heilige-nacht\/#primaryimage"},"thumbnailUrl":"https:\/\/www.salzburgerland.com\/de\/magazin\/wp-content\/uploads\/2017\/11\/RS93_faistenau_hintersee-26.jpg","datePublished":"2017-11-21T10:59:51+00:00","dateModified":"2019-06-26T16:30:50+00:00","breadcrumb":{"@id":"https:\/\/www.salzburgerland.com\/de\/magazin\/buchtipp-stille-nacht-heilige-nacht\/#breadcrumb"},"inLanguage":"de","potentialAction":[{"@type":"ReadAction","target":["https:\/\/www.salzburgerland.com\/de\/magazin\/buchtipp-stille-nacht-heilige-nacht\/"]}]},{"@type":"ImageObject","inLanguage":"de","@id":"https:\/\/www.salzburgerland.com\/de\/magazin\/buchtipp-stille-nacht-heilige-nacht\/#primaryimage","url":"https:\/\/www.salzburgerland.com\/de\/magazin\/wp-content\/uploads\/2017\/11\/RS93_faistenau_hintersee-26.jpg","contentUrl":"https:\/\/www.salzburgerland.com\/de\/magazin\/wp-content\/uploads\/2017\/11\/RS93_faistenau_hintersee-26.jpg","width":1100,"height":733,"caption":"Buchumschlag Stille Nacht! Heilige Nacht! mit Kirche und verschneiter Winterlandschaft im Hintergrund."},{"@type":"BreadcrumbList","@id":"https:\/\/www.salzburgerland.com\/de\/magazin\/buchtipp-stille-nacht-heilige-nacht\/#breadcrumb","itemListElement":[{"@type":"ListItem","position":1,"name":"Startseite","item":"https:\/\/www.salzburgerland.com\/de\/magazin\/"},{"@type":"ListItem","position":2,"name":"Kunst &amp; Kultur","item":"https:\/\/www.salzburgerland.com\/de\/magazin\/thema\/kunst-kultur\/"},{"@type":"ListItem","position":3,"name":"Buchtipp: Stille Nacht! Heilige Nacht!"}]},{"@type":"WebSite","@id":"https:\/\/www.salzburgerland.com\/de\/magazin\/#website","url":"https:\/\/www.salzburgerland.com\/de\/magazin\/","name":"SalzburgerLand Magazin","description":"Geschichten und Interessantes aus dem SalzburgerLand","publisher":{"@id":"https:\/\/www.salzburgerland.com\/de\/magazin\/#organization"},"potentialAction":[{"@type":"SearchAction","target":{"@type":"EntryPoint","urlTemplate":"https:\/\/www.salzburgerland.com\/de\/magazin\/?s={search_term_string}"},"query-input":{"@type":"PropertyValueSpecification","valueRequired":true,"valueName":"search_term_string"}}],"inLanguage":"de"},{"@type":"Organization","@id":"https:\/\/www.salzburgerland.com\/de\/magazin\/#organization","name":"SalzburgerLand Tourismus","url":"https:\/\/www.salzburgerland.com\/de\/magazin\/","logo":{"@type":"ImageObject","inLanguage":"de","@id":"https:\/\/www.salzburgerland.com\/de\/magazin\/#\/schema\/logo\/image\/","url":"https:\/\/www.salzburgerland.com\/de\/magazin\/wp-content\/uploads\/2019\/06\/salzburgerland-logo1.jpg","contentUrl":"https:\/\/www.salzburgerland.com\/de\/magazin\/wp-content\/uploads\/2019\/06\/salzburgerland-logo1.jpg","width":2011,"height":866,"caption":"SalzburgerLand Tourismus"},"image":{"@id":"https:\/\/www.salzburgerland.com\/de\/magazin\/#\/schema\/logo\/image\/"},"sameAs":["https:\/\/www.facebook.com\/salzburgerland\/","https:\/\/x.com\/Salzburgerland","https:\/\/www.instagram.com\/salzburgerland\/","https:\/\/at.linkedin.com\/company\/salzburgerland-tourismus-gmbh","https:\/\/www.pinterest.at\/salzburgerland\/","https:\/\/www.youtube.com\/user\/salzburgerland","https:\/\/de.wikipedia.org\/wiki\/SalzburgerLand_Tourismus_GmbH"]},{"@type":"Person","@id":"https:\/\/www.salzburgerland.com\/de\/magazin\/#\/schema\/person\/a55a4fee1009b9e458d298480a18a9f7","name":"Ulli Hammerl","description":"Geboren und aufgewachsen in der Stadt Salzburg war Ulli Hammerl fr\u00fch bewusst, in einer der sch\u00f6nsten St\u00e4dte der Welt zu leben. So ist sie auch w\u00e4hrend ihres Studiums der Kommunikationswissenschaft und \u00d6kologie ihrer Heimatstadt treu geblieben. Gleich nach dem Studium ist sie zu SalzburgerLand Tourismus (SLTG) gegangen und hat hier von 1998 - 2004 u.a. die SalzburgerLand Card betreut. Dabei ist sie viel herumgekommen, wodurch auch die Liebe zum SalzburgerLand enstanden und gewachsen ist. Nach der Geburt ihrer Tochter im September 2004 hat sich Ulli Hammerl 2007 mit einer Agentur selbst\u00e4ndig gemacht. Mein pers\u00f6nlicher Logenplatz: Hoch \u00fcber Salzburg, abseits der stark begangenen Wege mit Blick auf die D\u00e4cher und Kircht\u00fcrme der Stadt \u2013 hier geht mir das Herz auf! Morgen- oder Abendmensch: Ganz klar: Morgenmensch. Wenn um 5.00 Uhr fr\u00fch die V\u00f6gel zwitschern und rund herum noch alles in tiefer Ruhe versinkt, dann ist meine Zeit. Ausgeschlafen, Energie geladen und voller Tatendrang starte ich am liebsten in den fr\u00fchen Morgenstunden in den Tag. Daf\u00fcr kann man nach 21.00 Uhr nicht mehr mit mir rechnen. Buch oder Film: Es gibt nichts Sch\u00f6neres, als es sich am Ende des Tages auf der Couch gem\u00fctlich zu machen und in die Gedankenwelt eines guten Buches einzutauchen \u2013 Lesen ist Abenteuer im Kopf. Wandern, Spazierengehen oder Laufen: alles drei und zwar am besten jeden Tag. Mit ein bisschen Zeiteinteilung geht es sich tats\u00e4chlich fast gehen Tag aus, drau\u00dfen unterwegs zu sein. Fr\u00fchling, Sommer, Herbst oder Winter: Ich kann es im Fr\u00fchling kaum erwarten, die ersten Gr\u00fcnschattierungen in der Natur zu entdecken. Ich liebe hei\u00dfe Sommertage am See und laue Sommerabende am Balkon. Ich mag es, wenn im Herbst die W\u00e4lder in einem Meer aus Farben erstrahlen, Laubrascheln und Kastanien sammeln. Und ich freue mich wie ein Kind, wenn im Dezember die ersten Schneeflocken vom Himmel schweben. Die vier Jahreszeiten sind etwas Wunderbares.","url":"https:\/\/www.salzburgerland.com\/de\/magazin\/author\/ulli-hammerl\/"}]}},"_wl_alt_label":[],"wl:entity_url":"http:\/\/open.salzburgerland.com\/magazin\/post\/buchtipp__stille_nacht_heilige_nacht","_links":{"self":[{"href":"https:\/\/www.salzburgerland.com\/de\/magazin\/wp-json\/wp\/v2\/posts\/119375","targetHints":{"allow":["GET"]}}],"collection":[{"href":"https:\/\/www.salzburgerland.com\/de\/magazin\/wp-json\/wp\/v2\/posts"}],"about":[{"href":"https:\/\/www.salzburgerland.com\/de\/magazin\/wp-json\/wp\/v2\/types\/post"}],"author":[{"embeddable":true,"href":"https:\/\/www.salzburgerland.com\/de\/magazin\/wp-json\/wp\/v2\/users\/90"}],"replies":[{"embeddable":true,"href":"https:\/\/www.salzburgerland.com\/de\/magazin\/wp-json\/wp\/v2\/comments?post=119375"}],"version-history":[{"count":0,"href":"https:\/\/www.salzburgerland.com\/de\/magazin\/wp-json\/wp\/v2\/posts\/119375\/revisions"}],"wp:featuredmedia":[{"embeddable":true,"href":"https:\/\/www.salzburgerland.com\/de\/magazin\/wp-json\/wp\/v2\/media\/119377"}],"wp:attachment":[{"href":"https:\/\/www.salzburgerland.com\/de\/magazin\/wp-json\/wp\/v2\/media?parent=119375"}],"wp:term":[{"taxonomy":"category","embeddable":true,"href":"https:\/\/www.salzburgerland.com\/de\/magazin\/wp-json\/wp\/v2\/categories?post=119375"},{"taxonomy":"post_tag","embeddable":true,"href":"https:\/\/www.salzburgerland.com\/de\/magazin\/wp-json\/wp\/v2\/tags?post=119375"},{"taxonomy":"wl_entity_type","embeddable":true,"href":"https:\/\/www.salzburgerland.com\/de\/magazin\/wp-json\/wp\/v2\/wl_entity_type?post=119375"},{"taxonomy":"monatsauswahl","embeddable":true,"href":"https:\/\/www.salzburgerland.com\/de\/magazin\/wp-json\/wp\/v2\/monatsauswahl?post=119375"}],"curies":[{"name":"wp","href":"https:\/\/api.w.org\/{rel}","templated":true}]}}