{"id":119229,"date":"2017-11-13T08:00:46","date_gmt":"2017-11-13T07:00:46","guid":{"rendered":"https:\/\/www.salzburgerland.com\/de\/magazin\/?p=119229"},"modified":"2019-06-26T18:31:01","modified_gmt":"2019-06-26T16:31:01","slug":"lehenriedl-chalets-wagrain","status":"publish","type":"post","link":"https:\/\/www.salzburgerland.com\/de\/magazin\/lehenriedl-chalets-wagrain\/","title":{"rendered":"Lehenriedl Chalets Wagrain"},"content":{"rendered":"<p><strong>E<\/strong><\/p>\n<p><strong>xklusiv, einzigartig, erholsam\u2026. wenn diese drei Schlagworte f\u00fcr Sie den perfekten Urlaub symbolisieren, dann sind Sie in den Lehenriedl Chalets genau richtig.<\/strong><\/p>\n<p>Ein Urlaub in den neuen <a href=\"http:\/\/www.lehenriedl.at\" target=\"_blank\" rel=\"noopener noreferrer\">Lehenriedl Chalets in Wagrain<\/a> ist wahrlich etwas ganz Besonderes. Nat\u00fcrlich ist die Ferienzeit immer etwas Besonderes, aber es geht einfach noch besser. Das ber\u00fchmte T\u00fcpfelchen auf dem i macht den Unterschied. In den Lehenriedl-Chalets sind es sogar viele T\u00fcpfelchen auf vielen is.<\/p>\n<p>Die sch\u00f6nen Holzh\u00e4user mit den klingenden Namen Edelrose, Wildrose und Alpenrose, liegen eingebettet in der wunderbaren Berglandschaft der Salzburger Sportwelt. Der Name Lehenriedl ist ganz bewusst gew\u00e4hlt \u2013 setzt er sich doch zusammen aus dem Wort \u201eLehen\u201c f\u00fcr Wiese oder Gutsfl\u00e4che und \u201eRiedl\u201c, gleichbedeutend mit sanfter Waldr\u00fccken.\u00a0 Und genau dort stehen die schmucken Chalets.<br \/>\n Die exklusiven Luxus-Ferienh\u00e4user sind in alpinem Lifestyle\u00a0eingerichtet, warme Holzfarbt\u00f6ne und liebevolle Dekos dominieren das Ambiente. Gro\u00dfer Wert wurde dabei auf die Verarbeitung nat\u00fcrlicher, regionaler Materialen gelegt.\u00a0<\/p>\n<h3>Von der privaten Wellnessoase bis zum gut best\u00fcckten Weinschrank<\/h3>\n<p>Und dann erst der Service! Da w\u00e4re einmal die private Wellnessoase mit Salzsteinsauna und Infrarot. Selbstverst\u00e4ndlich mit eigenen Ruheraum und Relaxliegen. Perfekt nach\u00a0 einem sportlichen Tag auf den Pisten der Ski Amad\u00e9 oder auf der Loipe.<br \/>\n Im Sommer hingegen l\u00e4sst es sich am hauseigenen Naturschwimmteich bestens entspannen. Zum sonnen geht es dann auf die gro\u00dfz\u00fcgige Terrasse, zu der pro Chalet auch je ein Kugelgrilll geh\u00f6rt. Ja, auch kulinarisch spielen die Lehenriedl Chalets alle St\u00fccke. Das beginnt schon beim reichhaltigen Genussfr\u00fchst\u00fcckskorb, den man sich individuell bef\u00fcllen und ins Chalet servieren lassen kann. Am Abend schwebt \u00a0man mit den Kochk\u00fcnsten von Spitzenkoch Ernst Sch\u00f6rghofer im siebten Kulinarikhimmel. Dazu gibt es die passenden Weine aus dem wohl temperierten Weinschrank, der in jedem Chalet mit einer Auswahl erlesener Tropfen best\u00fcckt ist.<\/p>\n<p>Verbringt man seinen Urlaub in diesen Luxuschalets, ist man fast versucht, die F\u00fc\u00dfe gar nicht mehr vor die T\u00fcr zu setzen. Dabei gibt es auch rundherum jede Menge Urlaubsfreude. Im Winter f\u00fchrt die t\u00e4glich gespurte Langlaufloipe direkt an den Chalets vorbei. Und nach einem Skitag k\u00f6nnen Sie direkt vor der Haust\u00fcr abschwingen.\u00a0 Im Sommer bieten sich die umliegenden Berge zum Wandern und Bergsteigen an. Und auch Kinder f\u00fchlen sich hier rundum wohl. Daf\u00fcr sorgt schon der Spielplatz mit Riesentrampolin und Slackline.<\/p>\n<p>Egal, ob Sie romantische Zweisamkeit suchen, oder sich die Ferientage mit der Familie oder Freunden teilen wollen, die Lehenriedl Chalets lassen keine W\u00fcnsche offen.<\/p>\n<p><strong><em>Lehenriedl &#8211; Chalets\u00a0&amp; Appartements<\/em><\/strong><br \/>\n <em> Familie Vorderegger<\/em><br \/>\n <em>5602 Wagrain<\/em><br \/>\n <em>T\u00a00043 6413 8462<\/em><br \/>\n <em><a href=\"mailto:info@lehenriedl.at\" target=\"_blank\" rel=\"noopener noreferrer\">info@lehenriedl.at<br \/>\n <\/a><a href=\"http:\/\/lehenriedl.algo.at\/\" target=\"_blank\" rel=\"noopener noreferrer\">www.lehenriedl.at<\/a><\/em><\/p>\n<p>&nbsp;<\/p>\n<div class=\"mag-gallery\"><div class=\"row\"><div class=\"col-6 col-sm-4\"><figure><a class=\"thumb-container\" href=\"https:\/\/www.salzburgerland.com\/de\/magazin\/wp-content\/uploads\/2017\/11\/Romantikchalet-Edelrose-1280x1024.jpg\">\t<picture><source media=\"(min-width: 576px)\" srcset=\"\" \/><source media=\"(min-width: 0)\" srcset=\"https:\/\/www.salzburgerland.com\/de\/magazin\/wp-content\/uploads\/2017\/11\/Romantikchalet-Edelrose.jpg 1150w, https:\/\/www.salzburgerland.com\/de\/magazin\/wp-content\/uploads\/2017\/11\/Romantikchalet-Edelrose-216x300.jpg 216w, https:\/\/www.salzburgerland.com\/de\/magazin\/wp-content\/uploads\/2017\/11\/Romantikchalet-Edelrose-395x550.jpg 395w, https:\/\/www.salzburgerland.com\/de\/magazin\/wp-content\/uploads\/2017\/11\/Romantikchalet-Edelrose-288x400.jpg 288w\" \/><img decoding=\"async\" alt=\"Eine Flasche Prosecco und zwei gef\u00fcllte Gl\u00e4ser auf einem Tisch mit Rosenbl\u00e4ttern, vor einem Kamin.\" src=\"https:\/\/www.salzburgerland.com\/de\/magazin\/wp-content\/uploads\/2017\/11\/Romantikchalet-Edelrose.jpg\" \/>\t<\/picture><\/a><\/figure><\/div><div class=\"col-6 col-sm-4\"><figure><a class=\"thumb-container\" href=\"https:\/\/www.salzburgerland.com\/de\/magazin\/wp-content\/uploads\/2017\/11\/rlw17_0264-1280x1024.jpg\">\t<picture><source media=\"(min-width: 576px)\" srcset=\"https:\/\/www.salzburgerland.com\/de\/magazin\/wp-content\/uploads\/2017\/11\/rlw17_0264-325x209.jpg 325w, https:\/\/www.salzburgerland.com\/de\/magazin\/wp-content\/uploads\/2017\/11\/rlw17_0264-249x160.jpg 249w\" \/><source media=\"(min-width: 0)\" srcset=\"https:\/\/www.salzburgerland.com\/de\/magazin\/wp-content\/uploads\/2017\/11\/rlw17_0264-249x160.jpg 249w, https:\/\/www.salzburgerland.com\/de\/magazin\/wp-content\/uploads\/2017\/11\/rlw17_0264-325x209.jpg 325w\" \/><img decoding=\"async\" alt=\"Drei Holzh\u00fctten an einem klaren Teich, mit roten Sonnenschirmen und Liegest\u00fchlen, inmitten einer gr\u00fcnen Berglandschaft.\" src=\"https:\/\/www.salzburgerland.com\/de\/magazin\/wp-content\/uploads\/2017\/11\/rlw17_0264.jpg\" \/>\t<\/picture><\/a><\/figure><\/div><div class=\"col-6 col-sm-4\"><figure><a class=\"thumb-container\" href=\"https:\/\/www.salzburgerland.com\/de\/magazin\/wp-content\/uploads\/2017\/11\/rlw17_0192-1280x1024.jpg\">\t<picture><source media=\"(min-width: 576px)\" srcset=\"https:\/\/www.salzburgerland.com\/de\/magazin\/wp-content\/uploads\/2017\/11\/rlw17_0192-325x209.jpg 325w, https:\/\/www.salzburgerland.com\/de\/magazin\/wp-content\/uploads\/2017\/11\/rlw17_0192-249x160.jpg 249w\" \/><source media=\"(min-width: 0)\" srcset=\"https:\/\/www.salzburgerland.com\/de\/magazin\/wp-content\/uploads\/2017\/11\/rlw17_0192-249x160.jpg 249w, https:\/\/www.salzburgerland.com\/de\/magazin\/wp-content\/uploads\/2017\/11\/rlw17_0192-325x209.jpg 325w\" \/><img decoding=\"async\" alt=\"Ein gem\u00fctlicher Saunaraum mit Holzw\u00e4nden, Glast\u00fcr und Liegest\u00fchlen an einem gro\u00dfen Fenster.\" src=\"https:\/\/www.salzburgerland.com\/de\/magazin\/wp-content\/uploads\/2017\/11\/rlw17_0192.jpg\" \/>\t<\/picture><\/a><\/figure><\/div><div class=\"col-6 col-sm-4\"><figure><a class=\"thumb-container\" href=\"https:\/\/www.salzburgerland.com\/de\/magazin\/wp-content\/uploads\/2017\/11\/rlw17_0152-1280x1024.jpg\">\t<picture><source media=\"(min-width: 576px)\" srcset=\"https:\/\/www.salzburgerland.com\/de\/magazin\/wp-content\/uploads\/2017\/11\/rlw17_0152-325x209.jpg 325w, https:\/\/www.salzburgerland.com\/de\/magazin\/wp-content\/uploads\/2017\/11\/rlw17_0152-249x160.jpg 249w\" \/><source media=\"(min-width: 0)\" srcset=\"https:\/\/www.salzburgerland.com\/de\/magazin\/wp-content\/uploads\/2017\/11\/rlw17_0152-249x160.jpg 249w, https:\/\/www.salzburgerland.com\/de\/magazin\/wp-content\/uploads\/2017\/11\/rlw17_0152-325x209.jpg 325w\" \/><img decoding=\"async\" alt=\"Modernes Badezimmer mit Steinw\u00e4nden, Holzdecke, gro\u00dfem Spiegel und Duschabtrennung aus Milchglas.\" src=\"https:\/\/www.salzburgerland.com\/de\/magazin\/wp-content\/uploads\/2017\/11\/rlw17_0152.jpg\" \/>\t<\/picture><\/a><\/figure><\/div><div class=\"col-6 col-sm-4\"><figure><a class=\"thumb-container\" href=\"https:\/\/www.salzburgerland.com\/de\/magazin\/wp-content\/uploads\/2017\/11\/rlw17_0125-1280x1024.jpg\">\t<picture><source media=\"(min-width: 576px)\" srcset=\"https:\/\/www.salzburgerland.com\/de\/magazin\/wp-content\/uploads\/2017\/11\/rlw17_0125-325x209.jpg 325w, https:\/\/www.salzburgerland.com\/de\/magazin\/wp-content\/uploads\/2017\/11\/rlw17_0125-249x160.jpg 249w\" \/><source media=\"(min-width: 0)\" srcset=\"https:\/\/www.salzburgerland.com\/de\/magazin\/wp-content\/uploads\/2017\/11\/rlw17_0125-249x160.jpg 249w, https:\/\/www.salzburgerland.com\/de\/magazin\/wp-content\/uploads\/2017\/11\/rlw17_0125-325x209.jpg 325w\" \/><img decoding=\"async\" alt=\"Gem\u00fctliches Holzschlafzimmer mit Doppelbett, Sonnenlicht, Balkon und malerischem Blick ins Gr\u00fcne vor dem Fenster.\" src=\"https:\/\/www.salzburgerland.com\/de\/magazin\/wp-content\/uploads\/2017\/11\/rlw17_0125.jpg\" \/>\t<\/picture><\/a><\/figure><\/div><div class=\"col-6 col-sm-4\"><figure><a class=\"thumb-container\" href=\"https:\/\/www.salzburgerland.com\/de\/magazin\/wp-content\/uploads\/2017\/11\/rlw17_0092-1280x1024.jpg\">\t<picture><source media=\"(min-width: 576px)\" srcset=\"https:\/\/www.salzburgerland.com\/de\/magazin\/wp-content\/uploads\/2017\/11\/rlw17_0092-325x209.jpg 325w, https:\/\/www.salzburgerland.com\/de\/magazin\/wp-content\/uploads\/2017\/11\/rlw17_0092-249x160.jpg 249w\" \/><source media=\"(min-width: 0)\" srcset=\"https:\/\/www.salzburgerland.com\/de\/magazin\/wp-content\/uploads\/2017\/11\/rlw17_0092-249x160.jpg 249w, https:\/\/www.salzburgerland.com\/de\/magazin\/wp-content\/uploads\/2017\/11\/rlw17_0092-325x209.jpg 325w\" \/><img decoding=\"async\" alt=\"Gem\u00fctliches Holz-Wohnzimmer mit Kamin, Sofa, Sessel, offenen T\u00fcren zu einer sonnigen Terrasse und gr\u00fcnem Rasen.\" src=\"https:\/\/www.salzburgerland.com\/de\/magazin\/wp-content\/uploads\/2017\/11\/rlw17_0092.jpg\" \/>\t<\/picture><\/a><\/figure><\/div><div class=\"col-6 col-sm-4\"><figure><a class=\"thumb-container\" href=\"https:\/\/www.salzburgerland.com\/de\/magazin\/wp-content\/uploads\/2017\/11\/rlw17_0059-1280x1024.jpg\">\t<picture><source media=\"(min-width: 576px)\" srcset=\"https:\/\/www.salzburgerland.com\/de\/magazin\/wp-content\/uploads\/2017\/11\/rlw17_0059-325x209.jpg 325w, https:\/\/www.salzburgerland.com\/de\/magazin\/wp-content\/uploads\/2017\/11\/rlw17_0059-249x160.jpg 249w\" \/><source media=\"(min-width: 0)\" srcset=\"https:\/\/www.salzburgerland.com\/de\/magazin\/wp-content\/uploads\/2017\/11\/rlw17_0059-249x160.jpg 249w, https:\/\/www.salzburgerland.com\/de\/magazin\/wp-content\/uploads\/2017\/11\/rlw17_0059-325x209.jpg 325w\" \/><img decoding=\"async\" alt=\"Weidenkorb mit verschiedenen Brotsorten, Gl\u00e4sern mit Saft, Joghurt und Marmelade auf einem f\u00fcr das Fr\u00fchst\u00fcck gedeckten Holztisch.\" src=\"https:\/\/www.salzburgerland.com\/de\/magazin\/wp-content\/uploads\/2017\/11\/rlw17_0059.jpg\" \/>\t<\/picture><\/a><\/figure><\/div><div class=\"col-6 col-sm-4\"><figure><a class=\"thumb-container\" href=\"https:\/\/www.salzburgerland.com\/de\/magazin\/wp-content\/uploads\/2017\/11\/rlw17_0030-1280x1024.jpg\">\t<picture><source media=\"(min-width: 576px)\" srcset=\"https:\/\/www.salzburgerland.com\/de\/magazin\/wp-content\/uploads\/2017\/11\/rlw17_0030-325x209.jpg 325w, https:\/\/www.salzburgerland.com\/de\/magazin\/wp-content\/uploads\/2017\/11\/rlw17_0030-249x160.jpg 249w\" \/><source media=\"(min-width: 0)\" srcset=\"https:\/\/www.salzburgerland.com\/de\/magazin\/wp-content\/uploads\/2017\/11\/rlw17_0030-249x160.jpg 249w, https:\/\/www.salzburgerland.com\/de\/magazin\/wp-content\/uploads\/2017\/11\/rlw17_0030-325x209.jpg 325w\" \/><img decoding=\"async\" alt=\"Gem\u00fctliche Holzk\u00fcche und Essbereich mit gedecktem Tisch, gepolsterter Bank, gro\u00dfen Fenstern und rustikalem Dekor.\" src=\"https:\/\/www.salzburgerland.com\/de\/magazin\/wp-content\/uploads\/2017\/11\/rlw17_0030.jpg\" \/>\t<\/picture><\/a><\/figure><\/div><div class=\"col-6 col-sm-4\"><figure><a class=\"thumb-container\" href=\"https:\/\/www.salzburgerland.com\/de\/magazin\/wp-content\/uploads\/2017\/11\/Pano-Rosenchalet-1280x1024.jpg\">\t<picture><source media=\"(min-width: 576px)\" srcset=\"https:\/\/www.salzburgerland.com\/de\/magazin\/wp-content\/uploads\/2017\/11\/Pano-Rosenchalet-325x209.jpg 325w, https:\/\/www.salzburgerland.com\/de\/magazin\/wp-content\/uploads\/2017\/11\/Pano-Rosenchalet-249x160.jpg 249w\" \/><source media=\"(min-width: 0)\" srcset=\"https:\/\/www.salzburgerland.com\/de\/magazin\/wp-content\/uploads\/2017\/11\/Pano-Rosenchalet-249x160.jpg 249w, https:\/\/www.salzburgerland.com\/de\/magazin\/wp-content\/uploads\/2017\/11\/Pano-Rosenchalet-325x209.jpg 325w\" \/><img decoding=\"async\" alt=\"Drei Holzh\u00e4user mit leuchtenden Fenstern in einer verschneiten Landschaft, umgeben von schneebedeckten B\u00e4umen und H\u00fcgeln in der Abendd\u00e4mmerung.\" src=\"https:\/\/www.salzburgerland.com\/de\/magazin\/wp-content\/uploads\/2017\/11\/Pano-Rosenchalet.jpg\" \/>\t<\/picture><\/a><\/figure><\/div><div class=\"col-6 col-sm-4\"><figure><a class=\"thumb-container\" href=\"https:\/\/www.salzburgerland.com\/de\/magazin\/wp-content\/uploads\/2017\/11\/Lehenriedl-mit-Kamin-1280x1024.jpg\">\t<picture><source media=\"(min-width: 576px)\" srcset=\"https:\/\/www.salzburgerland.com\/de\/magazin\/wp-content\/uploads\/2017\/11\/Lehenriedl-mit-Kamin-325x209.jpg 325w, https:\/\/www.salzburgerland.com\/de\/magazin\/wp-content\/uploads\/2017\/11\/Lehenriedl-mit-Kamin-249x160.jpg 249w\" \/><source media=\"(min-width: 0)\" srcset=\"https:\/\/www.salzburgerland.com\/de\/magazin\/wp-content\/uploads\/2017\/11\/Lehenriedl-mit-Kamin-249x160.jpg 249w, https:\/\/www.salzburgerland.com\/de\/magazin\/wp-content\/uploads\/2017\/11\/Lehenriedl-mit-Kamin-325x209.jpg 325w\" \/><img decoding=\"async\" alt=\"Gem\u00fctliches Wohnzimmer mit Steinkamin, TV, Holzschrank und einem Lehenriedl lesenden Handtuch auf einem Stuhl.\" src=\"https:\/\/www.salzburgerland.com\/de\/magazin\/wp-content\/uploads\/2017\/11\/Lehenriedl-mit-Kamin.jpg\" \/>\t<\/picture><\/a><\/figure><\/div><div class=\"col-6 col-sm-4\"><figure><a class=\"thumb-container\" href=\"https:\/\/www.salzburgerland.com\/de\/magazin\/wp-content\/uploads\/2017\/11\/Lehenriedl-Chalets-1280x1024.jpg\">\t<picture><source media=\"(min-width: 576px)\" srcset=\"https:\/\/www.salzburgerland.com\/de\/magazin\/wp-content\/uploads\/2017\/11\/Lehenriedl-Chalets-325x209.jpg 325w, https:\/\/www.salzburgerland.com\/de\/magazin\/wp-content\/uploads\/2017\/11\/Lehenriedl-Chalets-249x160.jpg 249w\" \/><source media=\"(min-width: 0)\" srcset=\"https:\/\/www.salzburgerland.com\/de\/magazin\/wp-content\/uploads\/2017\/11\/Lehenriedl-Chalets-249x160.jpg 249w, https:\/\/www.salzburgerland.com\/de\/magazin\/wp-content\/uploads\/2017\/11\/Lehenriedl-Chalets-325x209.jpg 325w\" \/><img decoding=\"async\" alt=\"F\u00fcnf Holzh\u00fctten in einer verschneiten Landschaft mit Kiefern und Bergen unter blauem Himmel.\" src=\"https:\/\/www.salzburgerland.com\/de\/magazin\/wp-content\/uploads\/2017\/11\/Lehenriedl-Chalets.jpg\" \/>\t<\/picture><\/a><\/figure><\/div><div class=\"col-6 col-sm-4\"><figure><a class=\"thumb-container\" href=\"https:\/\/www.salzburgerland.com\/de\/magazin\/wp-content\/uploads\/2017\/11\/3-Rosen-von-hinten-1280x1024.jpg\">\t<picture><source media=\"(min-width: 576px)\" srcset=\"https:\/\/www.salzburgerland.com\/de\/magazin\/wp-content\/uploads\/2017\/11\/3-Rosen-von-hinten-325x209.jpg 325w, https:\/\/www.salzburgerland.com\/de\/magazin\/wp-content\/uploads\/2017\/11\/3-Rosen-von-hinten-249x160.jpg 249w\" \/><source media=\"(min-width: 0)\" srcset=\"https:\/\/www.salzburgerland.com\/de\/magazin\/wp-content\/uploads\/2017\/11\/3-Rosen-von-hinten-249x160.jpg 249w, https:\/\/www.salzburgerland.com\/de\/magazin\/wp-content\/uploads\/2017\/11\/3-Rosen-von-hinten-325x209.jpg 325w\" \/><img decoding=\"async\" alt=\"Holzh\u00fctten in einer verschneiten Landschaft mit strahlendem Sonnenschein und Bergen im Hintergrund.\" src=\"https:\/\/www.salzburgerland.com\/de\/magazin\/wp-content\/uploads\/2017\/11\/3-Rosen-von-hinten.jpg\" \/>\t<\/picture><\/a><\/figure><\/div><\/div><\/div><figcaption><\/figcaption>\n<p>Fotos\u00a0\u00a9 Lehenriedl<\/p>\n","protected":false},"excerpt":{"rendered":"<p>E xklusiv, einzigartig, erholsam\u2026. wenn diese drei Schlagworte f\u00fcr Sie den perfekten Urlaub symbolisieren, dann sind Sie in den Lehenriedl Chalets genau richtig. Ein Urlaub in den neuen Lehenriedl Chalets in Wagrain ist wahrlich etwas ganz Besonderes. Nat\u00fcrlich ist die Ferienzeit immer etwas Besonderes, aber es geht einfach noch besser. Das ber\u00fchmte T\u00fcpfelchen auf dem [&hellip;]<\/p>\n","protected":false},"author":90,"featured_media":119232,"comment_status":"open","ping_status":"open","sticky":false,"template":"","format":"standard","meta":{"_acf_changed":false,"wl_entities_gutenberg":"","_wl_entity_redirect_enabled":"","footnotes":""},"categories":[5],"tags":[],"wl_entity_type":[306],"monatsauswahl":[82,83,84,85,86,87,88,89,90,91,92,93],"class_list":["post-119229","post","type-post","status-publish","format-standard","has-post-thumbnail","hentry","category-hotel-reise","wl_entity_type-article","monatsauswahl-monat_1","monatsauswahl-monat_2","monatsauswahl-monat_3","monatsauswahl-monat_4","monatsauswahl-monat_5","monatsauswahl-monat_6","monatsauswahl-monat_7","monatsauswahl-monat_8","monatsauswahl-monat_9","monatsauswahl-monat_10","monatsauswahl-monat_11","monatsauswahl-monat_12"],"acf":[],"yoast_head":"<!-- This site is optimized with the Yoast SEO Premium plugin v27.4 (Yoast SEO v27.4) - https:\/\/yoast.com\/product\/yoast-seo-premium-wordpress\/ -->\n<title>Lehenriedl Chalets Wagrain - SalzburgerLand Magazin<\/title>\n<meta name=\"description\" content=\"E xklusiv, einzigartig, erholsam\u2026. wenn diese drei Schlagworte f\u00fcr Sie den perfekten Urlaub symbolisieren, dann sind Sie in den Lehenriedl Chalets genau richtig. Ein Urlaub in den neuen Lehenriedl Chalets in Wagrain ist wahrlich etwas ganz Besonderes. Nat\u00fcrlich ist die Ferienzeit immer etwas Besonderes, aber es geht einfach noch besser. Das ber\u00fchmte T\u00fcpfelchen auf dem [&hellip;]\" \/>\n<meta name=\"robots\" content=\"index, follow, max-snippet:-1, max-image-preview:large, max-video-preview:-1\" \/>\n<link rel=\"canonical\" href=\"https:\/\/www.salzburgerland.com\/de\/magazin\/lehenriedl-chalets-wagrain\/\" \/>\n<meta property=\"og:locale\" content=\"de_DE\" \/>\n<meta property=\"og:type\" content=\"article\" \/>\n<meta property=\"og:title\" content=\"Lehenriedl Chalets Wagrain\" \/>\n<meta property=\"og:description\" content=\"E xklusiv, einzigartig, erholsam\u2026. wenn diese drei Schlagworte f\u00fcr Sie den perfekten Urlaub symbolisieren, dann sind Sie in den Lehenriedl Chalets genau richtig. Ein Urlaub in den neuen Lehenriedl Chalets in Wagrain ist wahrlich etwas ganz Besonderes. Nat\u00fcrlich ist die Ferienzeit immer etwas Besonderes, aber es geht einfach noch besser. Das ber\u00fchmte T\u00fcpfelchen auf dem [&hellip;]\" \/>\n<meta property=\"og:url\" content=\"https:\/\/www.salzburgerland.com\/de\/magazin\/lehenriedl-chalets-wagrain\/\" \/>\n<meta property=\"og:site_name\" content=\"SalzburgerLand Magazin\" \/>\n<meta property=\"article:publisher\" content=\"https:\/\/www.facebook.com\/salzburgerland\/\" \/>\n<meta property=\"article:published_time\" content=\"2017-11-13T07:00:46+00:00\" \/>\n<meta property=\"article:modified_time\" content=\"2019-06-26T16:31:01+00:00\" \/>\n<meta property=\"og:image\" content=\"https:\/\/www.salzburgerland.com\/de\/magazin\/wp-content\/uploads\/2017\/11\/Chalets-mit\u00fbbrist-Blick.jpg\" \/>\n\t<meta property=\"og:image:width\" content=\"1200\" \/>\n\t<meta property=\"og:image:height\" content=\"798\" \/>\n\t<meta property=\"og:image:type\" content=\"image\/jpeg\" \/>\n<meta name=\"author\" content=\"Ulli Hammerl\" \/>\n<meta name=\"twitter:card\" content=\"summary_large_image\" \/>\n<meta name=\"twitter:creator\" content=\"@Salzburgerland\" \/>\n<meta name=\"twitter:site\" content=\"@Salzburgerland\" \/>\n<meta name=\"twitter:label1\" content=\"Verfasst von\" \/>\n\t<meta name=\"twitter:data1\" content=\"Ulli Hammerl\" \/>\n\t<meta name=\"twitter:label2\" content=\"Gesch\u00e4tzte Lesezeit\" \/>\n\t<meta name=\"twitter:data2\" content=\"2\u00a0Minuten\" \/>\n<script type=\"application\/ld+json\" class=\"yoast-schema-graph\">{\"@context\":\"https:\\\/\\\/schema.org\",\"@graph\":[{\"@type\":\"Article\",\"@id\":\"https:\\\/\\\/www.salzburgerland.com\\\/de\\\/magazin\\\/lehenriedl-chalets-wagrain\\\/#article\",\"isPartOf\":{\"@id\":\"https:\\\/\\\/www.salzburgerland.com\\\/de\\\/magazin\\\/lehenriedl-chalets-wagrain\\\/\"},\"author\":{\"name\":\"Ulli Hammerl\",\"@id\":\"https:\\\/\\\/www.salzburgerland.com\\\/de\\\/magazin\\\/#\\\/schema\\\/person\\\/a55a4fee1009b9e458d298480a18a9f7\"},\"headline\":\"Lehenriedl Chalets Wagrain\",\"datePublished\":\"2017-11-13T07:00:46+00:00\",\"dateModified\":\"2019-06-26T16:31:01+00:00\",\"mainEntityOfPage\":{\"@id\":\"https:\\\/\\\/www.salzburgerland.com\\\/de\\\/magazin\\\/lehenriedl-chalets-wagrain\\\/\"},\"wordCount\":454,\"commentCount\":0,\"publisher\":{\"@id\":\"https:\\\/\\\/www.salzburgerland.com\\\/de\\\/magazin\\\/#organization\"},\"image\":{\"@id\":\"https:\\\/\\\/www.salzburgerland.com\\\/de\\\/magazin\\\/lehenriedl-chalets-wagrain\\\/#primaryimage\"},\"thumbnailUrl\":\"https:\\\/\\\/www.salzburgerland.com\\\/de\\\/magazin\\\/wp-content\\\/uploads\\\/2017\\\/11\\\/Chalets-mit\u00fbbrist-Blick.jpg\",\"articleSection\":[\"Hotel &amp; Reise\"],\"inLanguage\":\"de\",\"potentialAction\":[{\"@type\":\"CommentAction\",\"name\":\"Comment\",\"target\":[\"https:\\\/\\\/www.salzburgerland.com\\\/de\\\/magazin\\\/lehenriedl-chalets-wagrain\\\/#respond\"]}]},{\"@type\":\"WebPage\",\"@id\":\"https:\\\/\\\/www.salzburgerland.com\\\/de\\\/magazin\\\/lehenriedl-chalets-wagrain\\\/\",\"url\":\"https:\\\/\\\/www.salzburgerland.com\\\/de\\\/magazin\\\/lehenriedl-chalets-wagrain\\\/\",\"name\":\"Lehenriedl Chalets Wagrain - SalzburgerLand Magazin\",\"isPartOf\":{\"@id\":\"https:\\\/\\\/www.salzburgerland.com\\\/de\\\/magazin\\\/#website\"},\"primaryImageOfPage\":{\"@id\":\"https:\\\/\\\/www.salzburgerland.com\\\/de\\\/magazin\\\/lehenriedl-chalets-wagrain\\\/#primaryimage\"},\"image\":{\"@id\":\"https:\\\/\\\/www.salzburgerland.com\\\/de\\\/magazin\\\/lehenriedl-chalets-wagrain\\\/#primaryimage\"},\"thumbnailUrl\":\"https:\\\/\\\/www.salzburgerland.com\\\/de\\\/magazin\\\/wp-content\\\/uploads\\\/2017\\\/11\\\/Chalets-mit\u00fbbrist-Blick.jpg\",\"datePublished\":\"2017-11-13T07:00:46+00:00\",\"dateModified\":\"2019-06-26T16:31:01+00:00\",\"breadcrumb\":{\"@id\":\"https:\\\/\\\/www.salzburgerland.com\\\/de\\\/magazin\\\/lehenriedl-chalets-wagrain\\\/#breadcrumb\"},\"inLanguage\":\"de\",\"potentialAction\":[{\"@type\":\"ReadAction\",\"target\":[\"https:\\\/\\\/www.salzburgerland.com\\\/de\\\/magazin\\\/lehenriedl-chalets-wagrain\\\/\"]}]},{\"@type\":\"ImageObject\",\"inLanguage\":\"de\",\"@id\":\"https:\\\/\\\/www.salzburgerland.com\\\/de\\\/magazin\\\/lehenriedl-chalets-wagrain\\\/#primaryimage\",\"url\":\"https:\\\/\\\/www.salzburgerland.com\\\/de\\\/magazin\\\/wp-content\\\/uploads\\\/2017\\\/11\\\/Chalets-mit\u00fbbrist-Blick.jpg\",\"contentUrl\":\"https:\\\/\\\/www.salzburgerland.com\\\/de\\\/magazin\\\/wp-content\\\/uploads\\\/2017\\\/11\\\/Chalets-mit\u00fbbrist-Blick.jpg\",\"width\":1200,\"height\":798,\"caption\":\"Tief verschneite Holzh\u00fctten vor dem Hintergrund verschneiter Berge und eines strahlend blauen Himmels.\"},{\"@type\":\"BreadcrumbList\",\"@id\":\"https:\\\/\\\/www.salzburgerland.com\\\/de\\\/magazin\\\/lehenriedl-chalets-wagrain\\\/#breadcrumb\",\"itemListElement\":[{\"@type\":\"ListItem\",\"position\":1,\"name\":\"Startseite\",\"item\":\"https:\\\/\\\/www.salzburgerland.com\\\/de\\\/magazin\\\/\"},{\"@type\":\"ListItem\",\"position\":2,\"name\":\"Hotel &amp; Reise\",\"item\":\"https:\\\/\\\/www.salzburgerland.com\\\/de\\\/magazin\\\/thema\\\/hotel-reise\\\/\"},{\"@type\":\"ListItem\",\"position\":3,\"name\":\"Lehenriedl Chalets Wagrain\"}]},{\"@type\":\"WebSite\",\"@id\":\"https:\\\/\\\/www.salzburgerland.com\\\/de\\\/magazin\\\/#website\",\"url\":\"https:\\\/\\\/www.salzburgerland.com\\\/de\\\/magazin\\\/\",\"name\":\"SalzburgerLand Magazin\",\"description\":\"Geschichten und Interessantes aus dem SalzburgerLand\",\"publisher\":{\"@id\":\"https:\\\/\\\/www.salzburgerland.com\\\/de\\\/magazin\\\/#organization\"},\"potentialAction\":[{\"@type\":\"SearchAction\",\"target\":{\"@type\":\"EntryPoint\",\"urlTemplate\":\"https:\\\/\\\/www.salzburgerland.com\\\/de\\\/magazin\\\/?s={search_term_string}\"},\"query-input\":{\"@type\":\"PropertyValueSpecification\",\"valueRequired\":true,\"valueName\":\"search_term_string\"}}],\"inLanguage\":\"de\"},{\"@type\":\"Organization\",\"@id\":\"https:\\\/\\\/www.salzburgerland.com\\\/de\\\/magazin\\\/#organization\",\"name\":\"SalzburgerLand Tourismus\",\"url\":\"https:\\\/\\\/www.salzburgerland.com\\\/de\\\/magazin\\\/\",\"logo\":{\"@type\":\"ImageObject\",\"inLanguage\":\"de\",\"@id\":\"https:\\\/\\\/www.salzburgerland.com\\\/de\\\/magazin\\\/#\\\/schema\\\/logo\\\/image\\\/\",\"url\":\"https:\\\/\\\/www.salzburgerland.com\\\/de\\\/magazin\\\/wp-content\\\/uploads\\\/2019\\\/06\\\/salzburgerland-logo1.jpg\",\"contentUrl\":\"https:\\\/\\\/www.salzburgerland.com\\\/de\\\/magazin\\\/wp-content\\\/uploads\\\/2019\\\/06\\\/salzburgerland-logo1.jpg\",\"width\":2011,\"height\":866,\"caption\":\"SalzburgerLand Tourismus\"},\"image\":{\"@id\":\"https:\\\/\\\/www.salzburgerland.com\\\/de\\\/magazin\\\/#\\\/schema\\\/logo\\\/image\\\/\"},\"sameAs\":[\"https:\\\/\\\/www.facebook.com\\\/salzburgerland\\\/\",\"https:\\\/\\\/x.com\\\/Salzburgerland\",\"https:\\\/\\\/www.instagram.com\\\/salzburgerland\\\/\",\"https:\\\/\\\/at.linkedin.com\\\/company\\\/salzburgerland-tourismus-gmbh\",\"https:\\\/\\\/www.pinterest.at\\\/salzburgerland\\\/\",\"https:\\\/\\\/www.youtube.com\\\/user\\\/salzburgerland\",\"https:\\\/\\\/de.wikipedia.org\\\/wiki\\\/SalzburgerLand_Tourismus_GmbH\"]},{\"@type\":\"Person\",\"@id\":\"https:\\\/\\\/www.salzburgerland.com\\\/de\\\/magazin\\\/#\\\/schema\\\/person\\\/a55a4fee1009b9e458d298480a18a9f7\",\"name\":\"Ulli Hammerl\",\"description\":\"Geboren und aufgewachsen in der Stadt Salzburg war Ulli Hammerl fr\u00fch bewusst, in einer der sch\u00f6nsten St\u00e4dte der Welt zu leben. So ist sie auch w\u00e4hrend ihres Studiums der Kommunikationswissenschaft und \u00d6kologie ihrer Heimatstadt treu geblieben. Gleich nach dem Studium ist sie zu SalzburgerLand Tourismus (SLTG) gegangen und hat hier von 1998 - 2004 u.a. die SalzburgerLand Card betreut. Dabei ist sie viel herumgekommen, wodurch auch die Liebe zum SalzburgerLand enstanden und gewachsen ist. Nach der Geburt ihrer Tochter im September 2004 hat sich Ulli Hammerl 2007 mit einer Agentur selbst\u00e4ndig gemacht. Mein pers\u00f6nlicher Logenplatz: Hoch \u00fcber Salzburg, abseits der stark begangenen Wege mit Blick auf die D\u00e4cher und Kircht\u00fcrme der Stadt \u2013 hier geht mir das Herz auf! Morgen- oder Abendmensch: Ganz klar: Morgenmensch. Wenn um 5.00 Uhr fr\u00fch die V\u00f6gel zwitschern und rund herum noch alles in tiefer Ruhe versinkt, dann ist meine Zeit. Ausgeschlafen, Energie geladen und voller Tatendrang starte ich am liebsten in den fr\u00fchen Morgenstunden in den Tag. Daf\u00fcr kann man nach 21.00 Uhr nicht mehr mit mir rechnen. Buch oder Film: Es gibt nichts Sch\u00f6neres, als es sich am Ende des Tages auf der Couch gem\u00fctlich zu machen und in die Gedankenwelt eines guten Buches einzutauchen \u2013 Lesen ist Abenteuer im Kopf. Wandern, Spazierengehen oder Laufen: alles drei und zwar am besten jeden Tag. Mit ein bisschen Zeiteinteilung geht es sich tats\u00e4chlich fast gehen Tag aus, drau\u00dfen unterwegs zu sein. Fr\u00fchling, Sommer, Herbst oder Winter: Ich kann es im Fr\u00fchling kaum erwarten, die ersten Gr\u00fcnschattierungen in der Natur zu entdecken. Ich liebe hei\u00dfe Sommertage am See und laue Sommerabende am Balkon. Ich mag es, wenn im Herbst die W\u00e4lder in einem Meer aus Farben erstrahlen, Laubrascheln und Kastanien sammeln. Und ich freue mich wie ein Kind, wenn im Dezember die ersten Schneeflocken vom Himmel schweben. Die vier Jahreszeiten sind etwas Wunderbares.\",\"url\":\"https:\\\/\\\/www.salzburgerland.com\\\/de\\\/magazin\\\/author\\\/ulli-hammerl\\\/\"}]}<\/script>\n<!-- \/ Yoast SEO Premium plugin. -->","yoast_head_json":{"title":"Lehenriedl Chalets Wagrain - SalzburgerLand Magazin","description":"E xklusiv, einzigartig, erholsam\u2026. wenn diese drei Schlagworte f\u00fcr Sie den perfekten Urlaub symbolisieren, dann sind Sie in den Lehenriedl Chalets genau richtig. Ein Urlaub in den neuen Lehenriedl Chalets in Wagrain ist wahrlich etwas ganz Besonderes. Nat\u00fcrlich ist die Ferienzeit immer etwas Besonderes, aber es geht einfach noch besser. Das ber\u00fchmte T\u00fcpfelchen auf dem [&hellip;]","robots":{"index":"index","follow":"follow","max-snippet":"max-snippet:-1","max-image-preview":"max-image-preview:large","max-video-preview":"max-video-preview:-1"},"canonical":"https:\/\/www.salzburgerland.com\/de\/magazin\/lehenriedl-chalets-wagrain\/","og_locale":"de_DE","og_type":"article","og_title":"Lehenriedl Chalets Wagrain","og_description":"E xklusiv, einzigartig, erholsam\u2026. wenn diese drei Schlagworte f\u00fcr Sie den perfekten Urlaub symbolisieren, dann sind Sie in den Lehenriedl Chalets genau richtig. Ein Urlaub in den neuen Lehenriedl Chalets in Wagrain ist wahrlich etwas ganz Besonderes. Nat\u00fcrlich ist die Ferienzeit immer etwas Besonderes, aber es geht einfach noch besser. Das ber\u00fchmte T\u00fcpfelchen auf dem [&hellip;]","og_url":"https:\/\/www.salzburgerland.com\/de\/magazin\/lehenriedl-chalets-wagrain\/","og_site_name":"SalzburgerLand Magazin","article_publisher":"https:\/\/www.facebook.com\/salzburgerland\/","article_published_time":"2017-11-13T07:00:46+00:00","article_modified_time":"2019-06-26T16:31:01+00:00","og_image":[{"width":1200,"height":798,"url":"https:\/\/www.salzburgerland.com\/de\/magazin\/wp-content\/uploads\/2017\/11\/Chalets-mit\u00fbbrist-Blick.jpg","type":"image\/jpeg"}],"author":"Ulli Hammerl","twitter_card":"summary_large_image","twitter_creator":"@Salzburgerland","twitter_site":"@Salzburgerland","twitter_misc":{"Verfasst von":"Ulli Hammerl","Gesch\u00e4tzte Lesezeit":"2\u00a0Minuten"},"schema":{"@context":"https:\/\/schema.org","@graph":[{"@type":"Article","@id":"https:\/\/www.salzburgerland.com\/de\/magazin\/lehenriedl-chalets-wagrain\/#article","isPartOf":{"@id":"https:\/\/www.salzburgerland.com\/de\/magazin\/lehenriedl-chalets-wagrain\/"},"author":{"name":"Ulli Hammerl","@id":"https:\/\/www.salzburgerland.com\/de\/magazin\/#\/schema\/person\/a55a4fee1009b9e458d298480a18a9f7"},"headline":"Lehenriedl Chalets Wagrain","datePublished":"2017-11-13T07:00:46+00:00","dateModified":"2019-06-26T16:31:01+00:00","mainEntityOfPage":{"@id":"https:\/\/www.salzburgerland.com\/de\/magazin\/lehenriedl-chalets-wagrain\/"},"wordCount":454,"commentCount":0,"publisher":{"@id":"https:\/\/www.salzburgerland.com\/de\/magazin\/#organization"},"image":{"@id":"https:\/\/www.salzburgerland.com\/de\/magazin\/lehenriedl-chalets-wagrain\/#primaryimage"},"thumbnailUrl":"https:\/\/www.salzburgerland.com\/de\/magazin\/wp-content\/uploads\/2017\/11\/Chalets-mit\u00fbbrist-Blick.jpg","articleSection":["Hotel &amp; Reise"],"inLanguage":"de","potentialAction":[{"@type":"CommentAction","name":"Comment","target":["https:\/\/www.salzburgerland.com\/de\/magazin\/lehenriedl-chalets-wagrain\/#respond"]}]},{"@type":"WebPage","@id":"https:\/\/www.salzburgerland.com\/de\/magazin\/lehenriedl-chalets-wagrain\/","url":"https:\/\/www.salzburgerland.com\/de\/magazin\/lehenriedl-chalets-wagrain\/","name":"Lehenriedl Chalets Wagrain - SalzburgerLand Magazin","isPartOf":{"@id":"https:\/\/www.salzburgerland.com\/de\/magazin\/#website"},"primaryImageOfPage":{"@id":"https:\/\/www.salzburgerland.com\/de\/magazin\/lehenriedl-chalets-wagrain\/#primaryimage"},"image":{"@id":"https:\/\/www.salzburgerland.com\/de\/magazin\/lehenriedl-chalets-wagrain\/#primaryimage"},"thumbnailUrl":"https:\/\/www.salzburgerland.com\/de\/magazin\/wp-content\/uploads\/2017\/11\/Chalets-mit\u00fbbrist-Blick.jpg","datePublished":"2017-11-13T07:00:46+00:00","dateModified":"2019-06-26T16:31:01+00:00","breadcrumb":{"@id":"https:\/\/www.salzburgerland.com\/de\/magazin\/lehenriedl-chalets-wagrain\/#breadcrumb"},"inLanguage":"de","potentialAction":[{"@type":"ReadAction","target":["https:\/\/www.salzburgerland.com\/de\/magazin\/lehenriedl-chalets-wagrain\/"]}]},{"@type":"ImageObject","inLanguage":"de","@id":"https:\/\/www.salzburgerland.com\/de\/magazin\/lehenriedl-chalets-wagrain\/#primaryimage","url":"https:\/\/www.salzburgerland.com\/de\/magazin\/wp-content\/uploads\/2017\/11\/Chalets-mit\u00fbbrist-Blick.jpg","contentUrl":"https:\/\/www.salzburgerland.com\/de\/magazin\/wp-content\/uploads\/2017\/11\/Chalets-mit\u00fbbrist-Blick.jpg","width":1200,"height":798,"caption":"Tief verschneite Holzh\u00fctten vor dem Hintergrund verschneiter Berge und eines strahlend blauen Himmels."},{"@type":"BreadcrumbList","@id":"https:\/\/www.salzburgerland.com\/de\/magazin\/lehenriedl-chalets-wagrain\/#breadcrumb","itemListElement":[{"@type":"ListItem","position":1,"name":"Startseite","item":"https:\/\/www.salzburgerland.com\/de\/magazin\/"},{"@type":"ListItem","position":2,"name":"Hotel &amp; Reise","item":"https:\/\/www.salzburgerland.com\/de\/magazin\/thema\/hotel-reise\/"},{"@type":"ListItem","position":3,"name":"Lehenriedl Chalets Wagrain"}]},{"@type":"WebSite","@id":"https:\/\/www.salzburgerland.com\/de\/magazin\/#website","url":"https:\/\/www.salzburgerland.com\/de\/magazin\/","name":"SalzburgerLand Magazin","description":"Geschichten und Interessantes aus dem SalzburgerLand","publisher":{"@id":"https:\/\/www.salzburgerland.com\/de\/magazin\/#organization"},"potentialAction":[{"@type":"SearchAction","target":{"@type":"EntryPoint","urlTemplate":"https:\/\/www.salzburgerland.com\/de\/magazin\/?s={search_term_string}"},"query-input":{"@type":"PropertyValueSpecification","valueRequired":true,"valueName":"search_term_string"}}],"inLanguage":"de"},{"@type":"Organization","@id":"https:\/\/www.salzburgerland.com\/de\/magazin\/#organization","name":"SalzburgerLand Tourismus","url":"https:\/\/www.salzburgerland.com\/de\/magazin\/","logo":{"@type":"ImageObject","inLanguage":"de","@id":"https:\/\/www.salzburgerland.com\/de\/magazin\/#\/schema\/logo\/image\/","url":"https:\/\/www.salzburgerland.com\/de\/magazin\/wp-content\/uploads\/2019\/06\/salzburgerland-logo1.jpg","contentUrl":"https:\/\/www.salzburgerland.com\/de\/magazin\/wp-content\/uploads\/2019\/06\/salzburgerland-logo1.jpg","width":2011,"height":866,"caption":"SalzburgerLand Tourismus"},"image":{"@id":"https:\/\/www.salzburgerland.com\/de\/magazin\/#\/schema\/logo\/image\/"},"sameAs":["https:\/\/www.facebook.com\/salzburgerland\/","https:\/\/x.com\/Salzburgerland","https:\/\/www.instagram.com\/salzburgerland\/","https:\/\/at.linkedin.com\/company\/salzburgerland-tourismus-gmbh","https:\/\/www.pinterest.at\/salzburgerland\/","https:\/\/www.youtube.com\/user\/salzburgerland","https:\/\/de.wikipedia.org\/wiki\/SalzburgerLand_Tourismus_GmbH"]},{"@type":"Person","@id":"https:\/\/www.salzburgerland.com\/de\/magazin\/#\/schema\/person\/a55a4fee1009b9e458d298480a18a9f7","name":"Ulli Hammerl","description":"Geboren und aufgewachsen in der Stadt Salzburg war Ulli Hammerl fr\u00fch bewusst, in einer der sch\u00f6nsten St\u00e4dte der Welt zu leben. So ist sie auch w\u00e4hrend ihres Studiums der Kommunikationswissenschaft und \u00d6kologie ihrer Heimatstadt treu geblieben. Gleich nach dem Studium ist sie zu SalzburgerLand Tourismus (SLTG) gegangen und hat hier von 1998 - 2004 u.a. die SalzburgerLand Card betreut. Dabei ist sie viel herumgekommen, wodurch auch die Liebe zum SalzburgerLand enstanden und gewachsen ist. Nach der Geburt ihrer Tochter im September 2004 hat sich Ulli Hammerl 2007 mit einer Agentur selbst\u00e4ndig gemacht. Mein pers\u00f6nlicher Logenplatz: Hoch \u00fcber Salzburg, abseits der stark begangenen Wege mit Blick auf die D\u00e4cher und Kircht\u00fcrme der Stadt \u2013 hier geht mir das Herz auf! Morgen- oder Abendmensch: Ganz klar: Morgenmensch. Wenn um 5.00 Uhr fr\u00fch die V\u00f6gel zwitschern und rund herum noch alles in tiefer Ruhe versinkt, dann ist meine Zeit. Ausgeschlafen, Energie geladen und voller Tatendrang starte ich am liebsten in den fr\u00fchen Morgenstunden in den Tag. Daf\u00fcr kann man nach 21.00 Uhr nicht mehr mit mir rechnen. Buch oder Film: Es gibt nichts Sch\u00f6neres, als es sich am Ende des Tages auf der Couch gem\u00fctlich zu machen und in die Gedankenwelt eines guten Buches einzutauchen \u2013 Lesen ist Abenteuer im Kopf. Wandern, Spazierengehen oder Laufen: alles drei und zwar am besten jeden Tag. Mit ein bisschen Zeiteinteilung geht es sich tats\u00e4chlich fast gehen Tag aus, drau\u00dfen unterwegs zu sein. Fr\u00fchling, Sommer, Herbst oder Winter: Ich kann es im Fr\u00fchling kaum erwarten, die ersten Gr\u00fcnschattierungen in der Natur zu entdecken. Ich liebe hei\u00dfe Sommertage am See und laue Sommerabende am Balkon. Ich mag es, wenn im Herbst die W\u00e4lder in einem Meer aus Farben erstrahlen, Laubrascheln und Kastanien sammeln. Und ich freue mich wie ein Kind, wenn im Dezember die ersten Schneeflocken vom Himmel schweben. Die vier Jahreszeiten sind etwas Wunderbares.","url":"https:\/\/www.salzburgerland.com\/de\/magazin\/author\/ulli-hammerl\/"}]}},"_wl_alt_label":[],"wl:entity_url":"http:\/\/open.salzburgerland.com\/magazin\/post\/lehenriedl_chalets_wagrain","_links":{"self":[{"href":"https:\/\/www.salzburgerland.com\/de\/magazin\/wp-json\/wp\/v2\/posts\/119229","targetHints":{"allow":["GET"]}}],"collection":[{"href":"https:\/\/www.salzburgerland.com\/de\/magazin\/wp-json\/wp\/v2\/posts"}],"about":[{"href":"https:\/\/www.salzburgerland.com\/de\/magazin\/wp-json\/wp\/v2\/types\/post"}],"author":[{"embeddable":true,"href":"https:\/\/www.salzburgerland.com\/de\/magazin\/wp-json\/wp\/v2\/users\/90"}],"replies":[{"embeddable":true,"href":"https:\/\/www.salzburgerland.com\/de\/magazin\/wp-json\/wp\/v2\/comments?post=119229"}],"version-history":[{"count":0,"href":"https:\/\/www.salzburgerland.com\/de\/magazin\/wp-json\/wp\/v2\/posts\/119229\/revisions"}],"wp:featuredmedia":[{"embeddable":true,"href":"https:\/\/www.salzburgerland.com\/de\/magazin\/wp-json\/wp\/v2\/media\/119232"}],"wp:attachment":[{"href":"https:\/\/www.salzburgerland.com\/de\/magazin\/wp-json\/wp\/v2\/media?parent=119229"}],"wp:term":[{"taxonomy":"category","embeddable":true,"href":"https:\/\/www.salzburgerland.com\/de\/magazin\/wp-json\/wp\/v2\/categories?post=119229"},{"taxonomy":"post_tag","embeddable":true,"href":"https:\/\/www.salzburgerland.com\/de\/magazin\/wp-json\/wp\/v2\/tags?post=119229"},{"taxonomy":"wl_entity_type","embeddable":true,"href":"https:\/\/www.salzburgerland.com\/de\/magazin\/wp-json\/wp\/v2\/wl_entity_type?post=119229"},{"taxonomy":"monatsauswahl","embeddable":true,"href":"https:\/\/www.salzburgerland.com\/de\/magazin\/wp-json\/wp\/v2\/monatsauswahl?post=119229"}],"curies":[{"name":"wp","href":"https:\/\/api.w.org\/{rel}","templated":true}]}}