{"id":119047,"date":"2017-11-03T08:00:20","date_gmt":"2017-11-03T07:00:20","guid":{"rendered":"https:\/\/www.salzburgerland.com\/de\/magazin\/?p=119047"},"modified":"2020-10-09T07:53:27","modified_gmt":"2020-10-09T05:53:27","slug":"mandlkogel-herbstgold-in-den-salzburger-dolomiten","status":"publish","type":"post","link":"https:\/\/www.salzburgerland.com\/de\/magazin\/mandlkogel-herbstgold-in-den-salzburger-dolomiten\/","title":{"rendered":"Herbstgold in den Salzburger Dolomiten"},"content":{"rendered":"\n<h2 class=\"wp-block-slt-subtitle\">Wandertour auf den Gosaukamm<\/h2>\n\n\n\n<p class=\"wp-block-slt-intro\"><strong>Wer liebt sie nicht, die goldene Wanderzeit mit ihrem einzigartigen Licht- und Farbenspiel, wenn die Sonne sich nicht mehr so recht vom Horizont entfernen will? Steil aufragend bietet der Gosaukamm im Salzburger Pongau auch im Herbst noch anspruchsvolle aber gut <\/strong>erreichbare Wanderziele mit Dolomiten-Flair. Der 2.268m hohe Mandlkogel geh\u00f6rt zweifellos zu den anspruchsvolleren Gosaukamm-Zapfen.\u00a0<\/p>\n\n\n\n\n\n\n\n<p>Als wilde Aneinanderreihung steiler und zerkl\u00fcfteter Felst\u00fcrme markiert der Gosaukamm zwischen den Gebirgsmassiven des Tennengebirges und des Dachsteins die Grenze zwischen Salzburg und Ober\u00f6sterreich. Mit einem guten Dutzend Gipfeln zwischen 2.000 und 2.500 Metern ist das beliebte Klettergebiet auch ein begehrtes Wanderziel. An der S\u00fcd- und Westflanke der Kalkformation verlaufen mehrere attraktive Aufstiegsrouten. Aufgrund ihrer Exposition sind sie ein absoluter Leckerbissen f\u00fcr wandernde Sonnenanbeter, weshalb sich diese Region als perfekte Destination f\u00fcr den Herbst eignet.<\/p>\n\n\n\n<h2 class=\"wp-block-heading\" id=\"h-stuhlalm-h-tte-aus-dem-bergbilderbuch\">Stuhlalm &#8211; H\u00fctte aus dem Bergbilderbuch<\/h2>\n\n\n\n<p>Ausgangspunkt unserer Tour auf den als &#8222;schwer&#8220; markierten Mandlkogel ist der von Annaberg kommend, gut ausgeschilderte, Wanderparkplatz Pommerbauer. Die erste Stunde f\u00fchrt uns erst durch dichten Wald, dann \u00fcber satte Almwiesen zur Stuhlalm. Eingebettet in eine Almlandschaft wie sie sch\u00f6ner nicht sein k\u00f6nnte, bietet die urige H\u00fctte nicht nur k\u00f6stliche Schmankerl zum Auftanken sondern auch einen traumhaften Blick zum gegen\u00fcberliegenden Tennengebirge. Gern kann man hier bereits eine erste Rast einlegen.<\/p>\n\n\n\n<div class=\"wp-block-image\"><figure class=\"aligncenter\"><a href=\"https:\/\/www.salzburgerland.com\/de\/magazin\/wp-content\/uploads\/2017\/11\/Stuhlalm-copy.jpg\"><img decoding=\"async\" src=\"https:\/\/www.salzburgerland.com\/de\/magazin\/wp-content\/uploads\/2017\/11\/Stuhlalm-copy-650x435.jpg\" alt=\"Bergh\u00fctte auf einem grasbewachsenen H\u00fcgel mit felsigen Gipfeln, B\u00e4umen und einem klaren blauen Himmel im Hintergrund.\" class=\"wp-image-119096\"\/><\/a><figcaption>Die Stuhlalm am Fu\u00dfe des Gosaukamm<\/figcaption><\/figure><\/div>\n\n\n\n<h2 class=\"wp-block-heading\" id=\"h-keine-tour-f-r-flip-flops\">Keine Tour f\u00fcr Flip-Flops<\/h2>\n\n\n\n<p>Nachdem wir die Stuhlalm hinter uns gelassen haben, durchschreiten wir f\u00fcr ca. 30 Minuten einen Latscheng\u00fcrtel. In dessen Mitte zweigt der Weg an unscheinbarer Stelle rechts zu unserem erkl\u00e4rten Ziel ab. Da es hier an Beschilderung fehlt, kann diese Stelle schon mal \u00fcbersehen werden. Links hinauf f\u00fchrt der Weg zum Gipfel des Angerstein (2.100 m), den Sportliche ohne Weiteres als zweiten Gipfel mitnehmen k\u00f6nne (ca. 2 Stunden extra).<\/p>\n\n\n\n<figure class=\"wp-block-image size-large\"><img loading=\"lazy\" decoding=\"async\" width=\"1600\" height=\"1200\" src=\"https:\/\/www.salzburgerland.com\/de\/magazin\/wp-content\/uploads\/2017\/10\/P2020916.jpg\" alt=\"Zerkl\u00fcftete graue Berggipfel unter einem klaren blauen Himmel mit einigen Schneeflecken auf den Felsen.\" class=\"wp-image-119078\" srcset=\"https:\/\/www.salzburgerland.com\/de\/magazin\/wp-content\/uploads\/2017\/10\/P2020916.jpg 1600w, https:\/\/www.salzburgerland.com\/de\/magazin\/wp-content\/uploads\/2017\/10\/P2020916-300x225.jpg 300w, https:\/\/www.salzburgerland.com\/de\/magazin\/wp-content\/uploads\/2017\/10\/P2020916-733x550.jpg 733w, https:\/\/www.salzburgerland.com\/de\/magazin\/wp-content\/uploads\/2017\/10\/P2020916-140x105.jpg 140w, https:\/\/www.salzburgerland.com\/de\/magazin\/wp-content\/uploads\/2017\/10\/P2020916-533x400.jpg 533w, https:\/\/www.salzburgerland.com\/de\/magazin\/wp-content\/uploads\/2017\/10\/P2020916-960x720.jpg 960w, https:\/\/www.salzburgerland.com\/de\/magazin\/wp-content\/uploads\/2017\/10\/P2020916-1320x990.jpg 1320w, https:\/\/www.salzburgerland.com\/de\/magazin\/wp-content\/uploads\/2017\/10\/P2020916-1200x900.jpg 1200w\" sizes=\"auto, (max-width: 1600px) 100vw, 1600px\" \/><\/figure>\n\n\n\n<p>Ab Verlassen des Latscheng\u00fcrtels beginnt der anspruchsvolle Teil der Tour. Durch die Gamsfeldklamm steigen wir ein steiles und sehr lockeres Ger\u00f6llfeld hinauf. Kn\u00f6cheltiefes Einsinken und Ausrutschen am Groben Schutt erschweren hier den Aufstieg. Die anschlie\u00dfenden Felsstufen mit leichten aber ungesicherten Kletterpassagen verlangen uns so einiges ab. Festes Schuhwerk und Trittsicherheit sind sp\u00e4testens hier Pflicht.<\/p>\n\n\n<div class=\"mag-gallery\"><div class=\"row\"><div class=\"col-6 col-sm-4\"><figure><a class=\"thumb-container\" href=\"https:\/\/www.salzburgerland.com\/de\/magazin\/wp-content\/uploads\/2017\/11\/Abzweigung-1280x1024.jpg\">\t<picture><source media=\"(min-width: 576px)\" srcset=\"https:\/\/www.salzburgerland.com\/de\/magazin\/wp-content\/uploads\/2017\/11\/Abzweigung-325x209.jpg 325w, https:\/\/www.salzburgerland.com\/de\/magazin\/wp-content\/uploads\/2017\/11\/Abzweigung-249x160.jpg 249w\"><\/source><source media=\"(min-width: 0)\" srcset=\"https:\/\/www.salzburgerland.com\/de\/magazin\/wp-content\/uploads\/2017\/11\/Abzweigung-249x160.jpg 249w, https:\/\/www.salzburgerland.com\/de\/magazin\/wp-content\/uploads\/2017\/11\/Abzweigung-325x209.jpg 325w\"><\/source><img decoding=\"async\" alt=\"Felsige Berglandschaft mit gr&uuml;nen B&uuml;schen unter einem klaren blauen Himmel an einem sonnigen Tag.\" src=\"https:\/\/www.salzburgerland.com\/de\/magazin\/wp-content\/uploads\/2017\/11\/Abzweigung.jpg\">\t<\/picture><\/a><\/figure><\/div><div class=\"col-6 col-sm-4\"><figure><a class=\"thumb-container\" href=\"https:\/\/www.salzburgerland.com\/de\/magazin\/wp-content\/uploads\/2017\/10\/P2020945-1280x1024.jpg\">\t<picture><source media=\"(min-width: 576px)\" srcset=\"https:\/\/www.salzburgerland.com\/de\/magazin\/wp-content\/uploads\/2017\/10\/P2020945-325x209.jpg 325w, https:\/\/www.salzburgerland.com\/de\/magazin\/wp-content\/uploads\/2017\/10\/P2020945-249x160.jpg 249w\"><\/source><source media=\"(min-width: 0)\" srcset=\"https:\/\/www.salzburgerland.com\/de\/magazin\/wp-content\/uploads\/2017\/10\/P2020945-249x160.jpg 249w, https:\/\/www.salzburgerland.com\/de\/magazin\/wp-content\/uploads\/2017\/10\/P2020945-325x209.jpg 325w\"><\/source><img decoding=\"async\" alt=\"Felsiger Berghang mit steilen Klippen unter einem klaren, tiefblauen Himmel.\" src=\"https:\/\/www.salzburgerland.com\/de\/magazin\/wp-content\/uploads\/2017\/10\/P2020945.jpg\">\t<\/picture><\/a><\/figure><\/div><div class=\"col-6 col-sm-4\"><figure><a class=\"thumb-container\" href=\"https:\/\/www.salzburgerland.com\/de\/magazin\/wp-content\/uploads\/2017\/10\/Scharte-1280x1024.jpg\">\t<picture><source media=\"(min-width: 576px)\" srcset=\"https:\/\/www.salzburgerland.com\/de\/magazin\/wp-content\/uploads\/2017\/10\/Scharte-325x209.jpg 325w, https:\/\/www.salzburgerland.com\/de\/magazin\/wp-content\/uploads\/2017\/10\/Scharte-249x160.jpg 249w\"><\/source><source media=\"(min-width: 0)\" srcset=\"https:\/\/www.salzburgerland.com\/de\/magazin\/wp-content\/uploads\/2017\/10\/Scharte-249x160.jpg 249w, https:\/\/www.salzburgerland.com\/de\/magazin\/wp-content\/uploads\/2017\/10\/Scharte-325x209.jpg 325w\"><\/source><img decoding=\"async\" alt=\"Die Sonne scheint &uuml;ber einen felsigen Gebirgspass mit entfernten blauen H&uuml;geln und einem klaren Himmel im Hintergrund.\" src=\"https:\/\/www.salzburgerland.com\/de\/magazin\/wp-content\/uploads\/2017\/10\/Scharte.jpg\">\t<\/picture><\/a><\/figure><\/div><\/div><figcaption><\/figcaption><\/div>\n\n\n\n<h2 class=\"wp-block-heading\" id=\"h-zu-gast-bei-den-g-msen\">Zu Gast bei den G\u00e4msen<\/h2>\n\n\n\n<p>Unterhalb der Gipfelformation steigen wir, den Markierungen folgend, steile Bergwiesen hinauf. Der treffenderweise als Gamsfeld bezeichnete Abschnitt macht uns bewusst, dass wir Menschen nur Gast in den Bergen sind. Das merken wir auch am entspannten Verhalten der G\u00e4msen, die hier oben ihr Zuhause haben. Seelenruhig verfolgen ihre wachsamen Blicke unsere langsamen und beschwerlichen Aufstiegsm\u00fchen. Keinen Grund haben sie zu Angst oder Eile, wissen sie doch um ihren eklatanten Vorteil in diesem Gel\u00e4nde Bescheid.<\/p>\n\n\n\n<figure class=\"wp-block-image size-large\"><img loading=\"lazy\" decoding=\"async\" width=\"1600\" height=\"1200\" src=\"https:\/\/www.salzburgerland.com\/de\/magazin\/wp-content\/uploads\/2017\/10\/P2020830.jpg\" alt=\"Eine G\u00e4mse steht an einem felsigen Berghang in der N\u00e4he einer rot-wei\u00dfen Wanderwegmarkierung unter einem klaren blauen Himmel.\" class=\"wp-image-119074\" srcset=\"https:\/\/www.salzburgerland.com\/de\/magazin\/wp-content\/uploads\/2017\/10\/P2020830.jpg 1600w, https:\/\/www.salzburgerland.com\/de\/magazin\/wp-content\/uploads\/2017\/10\/P2020830-300x225.jpg 300w, https:\/\/www.salzburgerland.com\/de\/magazin\/wp-content\/uploads\/2017\/10\/P2020830-733x550.jpg 733w, https:\/\/www.salzburgerland.com\/de\/magazin\/wp-content\/uploads\/2017\/10\/P2020830-140x105.jpg 140w, https:\/\/www.salzburgerland.com\/de\/magazin\/wp-content\/uploads\/2017\/10\/P2020830-533x400.jpg 533w, https:\/\/www.salzburgerland.com\/de\/magazin\/wp-content\/uploads\/2017\/10\/P2020830-960x720.jpg 960w, https:\/\/www.salzburgerland.com\/de\/magazin\/wp-content\/uploads\/2017\/10\/P2020830-1320x990.jpg 1320w, https:\/\/www.salzburgerland.com\/de\/magazin\/wp-content\/uploads\/2017\/10\/P2020830-1200x900.jpg 1200w\" sizes=\"auto, (max-width: 1600px) 100vw, 1600px\" \/><\/figure>\n\n\n\n<h2 class=\"wp-block-heading\" id=\"h-ein-gipfel-f-r-nervenstarke\">Ein Gipfel f\u00fcr Nervenstarke<\/h2>\n\n\n\n<p>Die letzten hundert H\u00f6henmeter absolvieren wir unter starker Mithilfe unserer H\u00e4nde \u00fcber steile und schroffe Felsstufen, und versuchen uns dabei streng an die sp\u00e4rlichen Markierungen zu halten. Je n\u00e4her wir dem Gipfel kommen, umso steiler f\u00e4llt links und rechts von uns das Gel\u00e4nde ab. Wer mit der H\u00f6he keine allzu gro\u00dfen Probleme hat, genie\u00dft hier oben ein \u00fcberw\u00e4ltigendes 360-Grad Panorama. Nord\u00f6stlich glitzern die Dachsteingletscher her\u00fcber, in direkter N\u00e4he prangt die m\u00e4chtige Bischofsm\u00fctze wie eine S\u00e4ule im Land. Nach S\u00fcden hin wandert der erfahrene Blick die Hohen Tauern entlang und erkennt s\u00e4mtliche namhaften Berggipfel des Salzburger Landes.<\/p>\n\n\n\n<h2 class=\"wp-block-heading\" id=\"h-lichtdurchfluteter-abstieg\">Lichtdurchfluteter Abstieg<\/h2>\n\n\n\n<figure class=\"wp-block-image size-large\"><img loading=\"lazy\" decoding=\"async\" width=\"1600\" height=\"1200\" src=\"https:\/\/www.salzburgerland.com\/de\/magazin\/wp-content\/uploads\/2017\/10\/P2020960-copy.jpg\" alt=\"Zwei Wanderer erklimmen einen felsigen Bergpfad bei Sonnenuntergang, w\u00e4hrend das Sonnenlicht \u00fcber die fernen H\u00fcgel f\u00e4llt.\" class=\"wp-image-119081\" srcset=\"https:\/\/www.salzburgerland.com\/de\/magazin\/wp-content\/uploads\/2017\/10\/P2020960-copy.jpg 1600w, https:\/\/www.salzburgerland.com\/de\/magazin\/wp-content\/uploads\/2017\/10\/P2020960-copy-300x225.jpg 300w, https:\/\/www.salzburgerland.com\/de\/magazin\/wp-content\/uploads\/2017\/10\/P2020960-copy-733x550.jpg 733w, https:\/\/www.salzburgerland.com\/de\/magazin\/wp-content\/uploads\/2017\/10\/P2020960-copy-140x105.jpg 140w, https:\/\/www.salzburgerland.com\/de\/magazin\/wp-content\/uploads\/2017\/10\/P2020960-copy-533x400.jpg 533w, https:\/\/www.salzburgerland.com\/de\/magazin\/wp-content\/uploads\/2017\/10\/P2020960-copy-960x720.jpg 960w, https:\/\/www.salzburgerland.com\/de\/magazin\/wp-content\/uploads\/2017\/10\/P2020960-copy-1320x990.jpg 1320w, https:\/\/www.salzburgerland.com\/de\/magazin\/wp-content\/uploads\/2017\/10\/P2020960-copy-1200x900.jpg 1200w\" sizes=\"auto, (max-width: 1600px) 100vw, 1600px\" \/><\/figure>\n\n\n\n<p>Der R\u00fcckweg erfolgt entlang der Aufstiegsroute. Aufgrund der S\u00fcdwest-Ausrichtung wandern wir durchgehend dem Panorama und der Sonne entgegen, was den kompletten Abstieg zu einem Wechselspiel aus Wandern und Pausen macht. Zur\u00fcck auf der Stuhlalm sollte auf den erfolgreichen Gipfelsturm angesto\u00dfen, ein letztes Mal die Aussicht genossen und vielleicht auch kurz innegehalten werden. Hinter uns liegt zweifellos eine der sch\u00f6nsten Herbsttouren, die das SalzburgerLand zu bieten hat.<\/p>\n\n\n\n<p><strong>Tourdaten:<\/strong><\/p>\n\n\n\n<ul class=\"wp-block-list\"><li>Ausgangspunkt: Parkplatz Pommerbauer<\/li><li>Gehzeit: 3,5 Std. Aufstieg,&nbsp;2 Std. Abstieg<\/li><li>1.250 H\u00f6henmeter<\/li><\/ul>\n\n\n\n<p class=\"oax_h2 oax_marg_bottom_6 oax_marg_top_20\"><strong>Stuhlalm<br><\/strong>Tel.&nbsp;+43 664 1131152<br>ge\u00f6ffnet von Mai bis Oktober<br><a href=\"http:\/\/stuhlalm.at\/\" target=\"_blank\" rel=\"noopener noreferrer\">www.stuhlalm.at<\/a><\/p>\n\n\n<div class=\"mag-gallery\"><div class=\"row\"><div class=\"col-6 col-sm-4\"><figure><a class=\"thumb-container\" href=\"https:\/\/www.salzburgerland.com\/de\/magazin\/wp-content\/uploads\/2017\/10\/P2020725-1280x1024.jpg\">\t<picture><source media=\"(min-width: 576px)\" srcset=\"https:\/\/www.salzburgerland.com\/de\/magazin\/wp-content\/uploads\/2017\/10\/P2020725-325x209.jpg 325w, https:\/\/www.salzburgerland.com\/de\/magazin\/wp-content\/uploads\/2017\/10\/P2020725-249x160.jpg 249w\"><\/source><source media=\"(min-width: 0)\" srcset=\"https:\/\/www.salzburgerland.com\/de\/magazin\/wp-content\/uploads\/2017\/10\/P2020725-249x160.jpg 249w, https:\/\/www.salzburgerland.com\/de\/magazin\/wp-content\/uploads\/2017\/10\/P2020725-325x209.jpg 325w\"><\/source><img decoding=\"async\" alt=\"Person beim Wandern auf einem sonnigen, grasbewachsenen H&uuml;gel, eingerahmt von Kiefernzweigen, mit Bergen im Hintergrund.\" src=\"https:\/\/www.salzburgerland.com\/de\/magazin\/wp-content\/uploads\/2017\/10\/P2020725.jpg\">\t<\/picture><\/a><\/figure><\/div><div class=\"col-6 col-sm-4\"><figure><a class=\"thumb-container\" href=\"https:\/\/www.salzburgerland.com\/de\/magazin\/wp-content\/uploads\/2017\/10\/P2020782-1280x1024.jpg\">\t<picture><source media=\"(min-width: 576px)\" srcset=\"https:\/\/www.salzburgerland.com\/de\/magazin\/wp-content\/uploads\/2017\/10\/P2020782-325x209.jpg 325w, https:\/\/www.salzburgerland.com\/de\/magazin\/wp-content\/uploads\/2017\/10\/P2020782-249x160.jpg 249w\"><\/source><source media=\"(min-width: 0)\" srcset=\"https:\/\/www.salzburgerland.com\/de\/magazin\/wp-content\/uploads\/2017\/10\/P2020782-249x160.jpg 249w, https:\/\/www.salzburgerland.com\/de\/magazin\/wp-content\/uploads\/2017\/10\/P2020782-325x209.jpg 325w\"><\/source><img decoding=\"async\" alt=\"Person in Wanderschuhen auf einer Wiese mit felsigen Bergen und blauem Himmel im Hintergrund.\" src=\"https:\/\/www.salzburgerland.com\/de\/magazin\/wp-content\/uploads\/2017\/10\/P2020782.jpg\">\t<\/picture><\/a><\/figure><\/div><div class=\"col-6 col-sm-4\"><figure><a class=\"thumb-container\" href=\"https:\/\/www.salzburgerland.com\/de\/magazin\/wp-content\/uploads\/2017\/10\/P2020986-copy-1280x1024.jpg\">\t<picture><source media=\"(min-width: 576px)\" srcset=\"https:\/\/www.salzburgerland.com\/de\/magazin\/wp-content\/uploads\/2017\/10\/P2020986-copy-325x209.jpg 325w, https:\/\/www.salzburgerland.com\/de\/magazin\/wp-content\/uploads\/2017\/10\/P2020986-copy-249x160.jpg 249w\"><\/source><source media=\"(min-width: 0)\" srcset=\"https:\/\/www.salzburgerland.com\/de\/magazin\/wp-content\/uploads\/2017\/10\/P2020986-copy-249x160.jpg 249w, https:\/\/www.salzburgerland.com\/de\/magazin\/wp-content\/uploads\/2017\/10\/P2020986-copy-325x209.jpg 325w\"><\/source><img decoding=\"async\" alt=\"Gebirgszug unter blauem Himmel mit Wiese und vereinzelten B&auml;umen im Vordergrund.\" src=\"https:\/\/www.salzburgerland.com\/de\/magazin\/wp-content\/uploads\/2017\/10\/P2020986-copy.jpg\">\t<\/picture><\/a><\/figure><\/div><div class=\"col-6 col-sm-4\"><figure><a class=\"thumb-container\" href=\"https:\/\/www.salzburgerland.com\/de\/magazin\/wp-content\/uploads\/2017\/10\/P2020783-1280x1024.jpg\">\t<picture><source media=\"(min-width: 576px)\" srcset=\"https:\/\/www.salzburgerland.com\/de\/magazin\/wp-content\/uploads\/2017\/10\/P2020783-325x209.jpg 325w, https:\/\/www.salzburgerland.com\/de\/magazin\/wp-content\/uploads\/2017\/10\/P2020783-249x160.jpg 249w\"><\/source><source media=\"(min-width: 0)\" srcset=\"https:\/\/www.salzburgerland.com\/de\/magazin\/wp-content\/uploads\/2017\/10\/P2020783-249x160.jpg 249w, https:\/\/www.salzburgerland.com\/de\/magazin\/wp-content\/uploads\/2017\/10\/P2020783-325x209.jpg 325w\"><\/source><img decoding=\"async\" alt=\"Zwei hohe B&auml;ume, ein gr&uuml;ner und ein gelber, stehen vor entfernten Bergen unter einem klaren blauen Himmel.\" src=\"https:\/\/www.salzburgerland.com\/de\/magazin\/wp-content\/uploads\/2017\/10\/P2020783.jpg\">\t<\/picture><\/a><\/figure><\/div><div class=\"col-6 col-sm-4\"><figure><a class=\"thumb-container\" href=\"https:\/\/www.salzburgerland.com\/de\/magazin\/wp-content\/uploads\/2017\/10\/P2020840-1280x1024.jpg\">\t<picture><source media=\"(min-width: 576px)\" srcset=\"https:\/\/www.salzburgerland.com\/de\/magazin\/wp-content\/uploads\/2017\/10\/P2020840-325x209.jpg 325w, https:\/\/www.salzburgerland.com\/de\/magazin\/wp-content\/uploads\/2017\/10\/P2020840-249x160.jpg 249w\"><\/source><source media=\"(min-width: 0)\" srcset=\"https:\/\/www.salzburgerland.com\/de\/magazin\/wp-content\/uploads\/2017\/10\/P2020840-249x160.jpg 249w, https:\/\/www.salzburgerland.com\/de\/magazin\/wp-content\/uploads\/2017\/10\/P2020840-325x209.jpg 325w\"><\/source><img decoding=\"async\" alt=\"Ein Wanderer erklimmt felsige Berggipfel mit blauen H&uuml;geln und einem klaren Himmel im Hintergrund.\" src=\"https:\/\/www.salzburgerland.com\/de\/magazin\/wp-content\/uploads\/2017\/10\/P2020840.jpg\">\t<\/picture><\/a><\/figure><\/div><div class=\"col-6 col-sm-4\"><figure><a class=\"thumb-container\" href=\"https:\/\/www.salzburgerland.com\/de\/magazin\/wp-content\/uploads\/2017\/10\/P2020948-copy-1280x1024.jpg\">\t<picture><source media=\"(min-width: 576px)\" srcset=\"https:\/\/www.salzburgerland.com\/de\/magazin\/wp-content\/uploads\/2017\/10\/P2020948-copy-325x209.jpg 325w, https:\/\/www.salzburgerland.com\/de\/magazin\/wp-content\/uploads\/2017\/10\/P2020948-copy-249x160.jpg 249w\"><\/source><source media=\"(min-width: 0)\" srcset=\"https:\/\/www.salzburgerland.com\/de\/magazin\/wp-content\/uploads\/2017\/10\/P2020948-copy-249x160.jpg 249w, https:\/\/www.salzburgerland.com\/de\/magazin\/wp-content\/uploads\/2017\/10\/P2020948-copy-325x209.jpg 325w\"><\/source><img decoding=\"async\" alt=\"Eine Person, die auf einem felsigen Berghang wandert, w&auml;hrend die Sonne &uuml;ber entfernten Gipfeln und einem klaren blauen Himmel scheint.\" src=\"https:\/\/www.salzburgerland.com\/de\/magazin\/wp-content\/uploads\/2017\/10\/P2020948-copy.jpg\">\t<\/picture><\/a><\/figure><\/div><div class=\"col-6 col-sm-4\"><figure><a class=\"thumb-container\" href=\"https:\/\/www.salzburgerland.com\/de\/magazin\/wp-content\/uploads\/2017\/10\/P2020916-1280x1024.jpg\">\t<picture><source media=\"(min-width: 576px)\" srcset=\"https:\/\/www.salzburgerland.com\/de\/magazin\/wp-content\/uploads\/2017\/10\/P2020916-325x209.jpg 325w, https:\/\/www.salzburgerland.com\/de\/magazin\/wp-content\/uploads\/2017\/10\/P2020916-249x160.jpg 249w\"><\/source><source media=\"(min-width: 0)\" srcset=\"https:\/\/www.salzburgerland.com\/de\/magazin\/wp-content\/uploads\/2017\/10\/P2020916-249x160.jpg 249w, https:\/\/www.salzburgerland.com\/de\/magazin\/wp-content\/uploads\/2017\/10\/P2020916-325x209.jpg 325w\"><\/source><img decoding=\"async\" alt=\"Zerkl&uuml;ftete graue Berggipfel unter einem klaren blauen Himmel mit einigen Schneeflecken auf den Felsen.\" src=\"https:\/\/www.salzburgerland.com\/de\/magazin\/wp-content\/uploads\/2017\/10\/P2020916.jpg\">\t<\/picture><\/a><\/figure><\/div><div class=\"col-6 col-sm-4\"><figure><a class=\"thumb-container\" href=\"https:\/\/www.salzburgerland.com\/de\/magazin\/wp-content\/uploads\/2017\/10\/P2020902-1280x1024.jpg\">\t<picture><source media=\"(min-width: 576px)\" srcset=\"https:\/\/www.salzburgerland.com\/de\/magazin\/wp-content\/uploads\/2017\/10\/P2020902-325x209.jpg 325w, https:\/\/www.salzburgerland.com\/de\/magazin\/wp-content\/uploads\/2017\/10\/P2020902-249x160.jpg 249w\"><\/source><source media=\"(min-width: 0)\" srcset=\"https:\/\/www.salzburgerland.com\/de\/magazin\/wp-content\/uploads\/2017\/10\/P2020902-249x160.jpg 249w, https:\/\/www.salzburgerland.com\/de\/magazin\/wp-content\/uploads\/2017\/10\/P2020902-325x209.jpg 325w\"><\/source><img decoding=\"async\" alt=\"Eine Person steht auf einem felsigen Berggipfel und &uuml;berblickt eine malerische Aussicht auf T&auml;ler und ferne Berge unter einem klaren Himmel.\" src=\"https:\/\/www.salzburgerland.com\/de\/magazin\/wp-content\/uploads\/2017\/10\/P2020902.jpg\">\t<\/picture><\/a><\/figure><\/div><div class=\"col-6 col-sm-4\"><figure><a class=\"thumb-container\" href=\"https:\/\/www.salzburgerland.com\/de\/magazin\/wp-content\/uploads\/2017\/10\/P2020877-1280x1024.jpg\">\t<picture><source media=\"(min-width: 576px)\" srcset=\"https:\/\/www.salzburgerland.com\/de\/magazin\/wp-content\/uploads\/2017\/10\/P2020877-325x209.jpg 325w, https:\/\/www.salzburgerland.com\/de\/magazin\/wp-content\/uploads\/2017\/10\/P2020877-249x160.jpg 249w\"><\/source><source media=\"(min-width: 0)\" srcset=\"https:\/\/www.salzburgerland.com\/de\/magazin\/wp-content\/uploads\/2017\/10\/P2020877-249x160.jpg 249w, https:\/\/www.salzburgerland.com\/de\/magazin\/wp-content\/uploads\/2017\/10\/P2020877-325x209.jpg 325w\"><\/source><img decoding=\"async\" alt=\"Schneebedeckte Berggipfel unter einem strahlend blauen Himmel, das Sonnenlicht wirft Schatten auf die H&auml;nge.\" src=\"https:\/\/www.salzburgerland.com\/de\/magazin\/wp-content\/uploads\/2017\/10\/P2020877.jpg\">\t<\/picture><\/a><\/figure><\/div><div class=\"col-6 col-sm-4\"><figure><a class=\"thumb-container\" href=\"https:\/\/www.salzburgerland.com\/de\/magazin\/wp-content\/uploads\/2017\/10\/Gipfel-1280x1024.jpg\">\t<picture><source media=\"(min-width: 576px)\" srcset=\"https:\/\/www.salzburgerland.com\/de\/magazin\/wp-content\/uploads\/2017\/10\/Gipfel-325x209.jpg 325w, https:\/\/www.salzburgerland.com\/de\/magazin\/wp-content\/uploads\/2017\/10\/Gipfel-249x160.jpg 249w\"><\/source><source media=\"(min-width: 0)\" srcset=\"https:\/\/www.salzburgerland.com\/de\/magazin\/wp-content\/uploads\/2017\/10\/Gipfel-249x160.jpg 249w, https:\/\/www.salzburgerland.com\/de\/magazin\/wp-content\/uploads\/2017\/10\/Gipfel-325x209.jpg 325w\"><\/source><img decoding=\"async\" alt=\"Zerkl&uuml;ftete, felsige Berggipfel unter einem klaren, blauen Himmel, mit schneebedeckten Bergr&uuml;cken und weit entfernten Gebirgsz&uuml;gen.\" src=\"https:\/\/www.salzburgerland.com\/de\/magazin\/wp-content\/uploads\/2017\/10\/Gipfel.jpg\">\t<\/picture><\/a><\/figure><\/div><div class=\"col-6 col-sm-4\"><figure><a class=\"thumb-container\" href=\"https:\/\/www.salzburgerland.com\/de\/magazin\/wp-content\/uploads\/2017\/10\/Stuhlalm-Aussicht-1280x1024.jpg\">\t<picture><source media=\"(min-width: 576px)\" srcset=\"https:\/\/www.salzburgerland.com\/de\/magazin\/wp-content\/uploads\/2017\/10\/Stuhlalm-Aussicht-325x209.jpg 325w, https:\/\/www.salzburgerland.com\/de\/magazin\/wp-content\/uploads\/2017\/10\/Stuhlalm-Aussicht-249x160.jpg 249w\"><\/source><source media=\"(min-width: 0)\" srcset=\"https:\/\/www.salzburgerland.com\/de\/magazin\/wp-content\/uploads\/2017\/10\/Stuhlalm-Aussicht-249x160.jpg 249w, https:\/\/www.salzburgerland.com\/de\/magazin\/wp-content\/uploads\/2017\/10\/Stuhlalm-Aussicht-325x209.jpg 325w\"><\/source><img decoding=\"async\" alt=\"Holzst&uuml;hle und ein Tisch mit Blumen &uuml;berblicken die Berge bei Sonnenaufgang, neben einem Zaun und einer Flagge.\" src=\"https:\/\/www.salzburgerland.com\/de\/magazin\/wp-content\/uploads\/2017\/10\/Stuhlalm-Aussicht.jpg\">\t<\/picture><\/a><\/figure><\/div><div class=\"col-6 col-sm-4\"><figure><a class=\"thumb-container\" href=\"https:\/\/www.salzburgerland.com\/de\/magazin\/wp-content\/uploads\/2017\/10\/P2020974-copy-1-1280x1024.jpg\">\t<picture><source media=\"(min-width: 576px)\" srcset=\"https:\/\/www.salzburgerland.com\/de\/magazin\/wp-content\/uploads\/2017\/10\/P2020974-copy-1-325x209.jpg 325w, https:\/\/www.salzburgerland.com\/de\/magazin\/wp-content\/uploads\/2017\/10\/P2020974-copy-1-249x160.jpg 249w\"><\/source><source media=\"(min-width: 0)\" srcset=\"https:\/\/www.salzburgerland.com\/de\/magazin\/wp-content\/uploads\/2017\/10\/P2020974-copy-1-249x160.jpg 249w, https:\/\/www.salzburgerland.com\/de\/magazin\/wp-content\/uploads\/2017\/10\/P2020974-copy-1-325x209.jpg 325w\"><\/source><img decoding=\"async\" alt=\"Drei Wanderer gehen durch eine sonnige, grasbewachsene Berglandschaft mit weit entfernten Gipfeln und einem hellen Himmel.\" src=\"https:\/\/www.salzburgerland.com\/de\/magazin\/wp-content\/uploads\/2017\/10\/P2020974-copy-1.jpg\">\t<\/picture><\/a><\/figure><\/div><\/div><figcaption><\/figcaption><\/div>\n\n\n\n<p>Fotos&nbsp;\u00a9 Lukas Uitz<\/p>\n","protected":false},"excerpt":{"rendered":"<p>Als wilde Aneinanderreihung steiler und zerkl\u00fcfteter Felst\u00fcrme markiert der Gosaukamm zwischen den Gebirgsmassiven des Tennengebirges und des Dachsteins die Grenze zwischen Salzburg und Ober\u00f6sterreich. Mit einem guten Dutzend Gipfeln zwischen 2.000 und 2.500 Metern ist das beliebte Klettergebiet auch ein begehrtes Wanderziel. An der S\u00fcd- und Westflanke der Kalkformation verlaufen mehrere attraktive Aufstiegsrouten. Aufgrund ihrer [&hellip;]<\/p>\n","protected":false},"author":538,"featured_media":119085,"comment_status":"open","ping_status":"open","sticky":false,"template":"","format":"standard","meta":{"_acf_changed":false,"wl_entities_gutenberg":"","_wl_entity_redirect_enabled":"","footnotes":""},"categories":[8],"tags":[],"wl_entity_type":[306],"monatsauswahl":[86,87,88,89,90,91,92],"class_list":["post-119047","post","type-post","status-publish","format-standard","has-post-thumbnail","hentry","category-outdoor-sport","wl_entity_type-article","monatsauswahl-monat_5","monatsauswahl-monat_6","monatsauswahl-monat_7","monatsauswahl-monat_8","monatsauswahl-monat_9","monatsauswahl-monat_10","monatsauswahl-monat_11"],"acf":[],"yoast_head":"<!-- This site is optimized with the Yoast SEO Premium plugin v27.4 (Yoast SEO v27.4) - https:\/\/yoast.com\/product\/yoast-seo-premium-wordpress\/ -->\n<title>Herbstgold in den Salzburger Dolomiten - SalzburgerLand Magazin<\/title>\n<meta name=\"description\" content=\"Wer liebt sie nicht, die goldene Wanderzeit mit ihrem einzigartigen Licht- und Farbenspiel, wenn die Sonne sich nicht mehr so recht vom Horizont entfernen will? Steil aufragend bietet der Gosaukamm im Salzburger Pongau auch im Herbst noch anspruchsvolle aber gut erreichbare Wanderziele mit Dolomiten-Flair. Der 2.268m hohe Mandlkogel geh\u00f6rt zweifellos zu den anspruchsvolleren Gosaukamm-Zapfen.\u00a0\" \/>\n<meta name=\"robots\" content=\"index, follow, max-snippet:-1, max-image-preview:large, max-video-preview:-1\" \/>\n<link rel=\"canonical\" href=\"https:\/\/www.salzburgerland.com\/de\/magazin\/mandlkogel-herbstgold-in-den-salzburger-dolomiten\/\" \/>\n<meta property=\"og:locale\" content=\"de_DE\" \/>\n<meta property=\"og:type\" content=\"article\" \/>\n<meta property=\"og:title\" content=\"Herbstgold in den Salzburger Dolomiten\" \/>\n<meta property=\"og:description\" content=\"Als wilde Aneinanderreihung steiler und zerkl\u00fcfteter Felst\u00fcrme markiert der Gosaukamm zwischen den Gebirgsmassiven des Tennengebirges und des Dachsteins die Grenze zwischen Salzburg und Ober\u00f6sterreich. Mit einem guten Dutzend Gipfeln zwischen 2.000 und 2.500 Metern ist das beliebte Klettergebiet auch ein begehrtes Wanderziel. An der S\u00fcd- und Westflanke der Kalkformation verlaufen mehrere attraktive Aufstiegsrouten. Aufgrund ihrer [&hellip;]\" \/>\n<meta property=\"og:url\" content=\"https:\/\/www.salzburgerland.com\/de\/magazin\/mandlkogel-herbstgold-in-den-salzburger-dolomiten\/\" \/>\n<meta property=\"og:site_name\" content=\"SalzburgerLand Magazin\" \/>\n<meta property=\"article:publisher\" content=\"https:\/\/www.facebook.com\/salzburgerland\/\" \/>\n<meta property=\"article:published_time\" content=\"2017-11-03T07:00:20+00:00\" \/>\n<meta property=\"article:modified_time\" content=\"2020-10-09T05:53:27+00:00\" \/>\n<meta property=\"og:image\" content=\"https:\/\/www.salzburgerland.com\/de\/magazin\/wp-content\/uploads\/2017\/10\/P2030005-copy.jpg\" \/>\n\t<meta property=\"og:image:width\" content=\"1600\" \/>\n\t<meta property=\"og:image:height\" content=\"1200\" \/>\n\t<meta property=\"og:image:type\" content=\"image\/jpeg\" \/>\n<meta name=\"author\" content=\"Lukas Uitz\" \/>\n<meta name=\"twitter:card\" content=\"summary_large_image\" \/>\n<meta name=\"twitter:creator\" content=\"@Salzburgerland\" \/>\n<meta name=\"twitter:site\" content=\"@Salzburgerland\" \/>\n<meta name=\"twitter:label1\" content=\"Verfasst von\" \/>\n\t<meta name=\"twitter:data1\" content=\"Lukas Uitz\" \/>\n\t<meta name=\"twitter:label2\" content=\"Gesch\u00e4tzte Lesezeit\" \/>\n\t<meta name=\"twitter:data2\" content=\"3\u00a0Minuten\" \/>\n<script type=\"application\/ld+json\" class=\"yoast-schema-graph\">{\"@context\":\"https:\\\/\\\/schema.org\",\"@graph\":[{\"@type\":\"Article\",\"@id\":\"https:\\\/\\\/www.salzburgerland.com\\\/de\\\/magazin\\\/mandlkogel-herbstgold-in-den-salzburger-dolomiten\\\/#article\",\"isPartOf\":{\"@id\":\"https:\\\/\\\/www.salzburgerland.com\\\/de\\\/magazin\\\/mandlkogel-herbstgold-in-den-salzburger-dolomiten\\\/\"},\"author\":{\"name\":\"Lukas Uitz\",\"@id\":\"https:\\\/\\\/www.salzburgerland.com\\\/de\\\/magazin\\\/#\\\/schema\\\/person\\\/3ff7e193e2c8cac782e170e1d616dc9e\"},\"headline\":\"Herbstgold in den Salzburger Dolomiten\",\"datePublished\":\"2017-11-03T07:00:20+00:00\",\"dateModified\":\"2020-10-09T05:53:27+00:00\",\"mainEntityOfPage\":{\"@id\":\"https:\\\/\\\/www.salzburgerland.com\\\/de\\\/magazin\\\/mandlkogel-herbstgold-in-den-salzburger-dolomiten\\\/\"},\"wordCount\":669,\"commentCount\":0,\"publisher\":{\"@id\":\"https:\\\/\\\/www.salzburgerland.com\\\/de\\\/magazin\\\/#organization\"},\"image\":{\"@id\":\"https:\\\/\\\/www.salzburgerland.com\\\/de\\\/magazin\\\/mandlkogel-herbstgold-in-den-salzburger-dolomiten\\\/#primaryimage\"},\"thumbnailUrl\":\"https:\\\/\\\/www.salzburgerland.com\\\/de\\\/magazin\\\/wp-content\\\/uploads\\\/2017\\\/10\\\/P2030005-copy.jpg\",\"articleSection\":[\"Outdoor &amp; Sport\"],\"inLanguage\":\"de\",\"potentialAction\":[{\"@type\":\"CommentAction\",\"name\":\"Comment\",\"target\":[\"https:\\\/\\\/www.salzburgerland.com\\\/de\\\/magazin\\\/mandlkogel-herbstgold-in-den-salzburger-dolomiten\\\/#respond\"]}]},{\"@type\":\"WebPage\",\"@id\":\"https:\\\/\\\/www.salzburgerland.com\\\/de\\\/magazin\\\/mandlkogel-herbstgold-in-den-salzburger-dolomiten\\\/\",\"url\":\"https:\\\/\\\/www.salzburgerland.com\\\/de\\\/magazin\\\/mandlkogel-herbstgold-in-den-salzburger-dolomiten\\\/\",\"name\":\"Herbstgold in den Salzburger Dolomiten - SalzburgerLand Magazin\",\"isPartOf\":{\"@id\":\"https:\\\/\\\/www.salzburgerland.com\\\/de\\\/magazin\\\/#website\"},\"primaryImageOfPage\":{\"@id\":\"https:\\\/\\\/www.salzburgerland.com\\\/de\\\/magazin\\\/mandlkogel-herbstgold-in-den-salzburger-dolomiten\\\/#primaryimage\"},\"image\":{\"@id\":\"https:\\\/\\\/www.salzburgerland.com\\\/de\\\/magazin\\\/mandlkogel-herbstgold-in-den-salzburger-dolomiten\\\/#primaryimage\"},\"thumbnailUrl\":\"https:\\\/\\\/www.salzburgerland.com\\\/de\\\/magazin\\\/wp-content\\\/uploads\\\/2017\\\/10\\\/P2030005-copy.jpg\",\"datePublished\":\"2017-11-03T07:00:20+00:00\",\"dateModified\":\"2020-10-09T05:53:27+00:00\",\"breadcrumb\":{\"@id\":\"https:\\\/\\\/www.salzburgerland.com\\\/de\\\/magazin\\\/mandlkogel-herbstgold-in-den-salzburger-dolomiten\\\/#breadcrumb\"},\"inLanguage\":\"de\",\"potentialAction\":[{\"@type\":\"ReadAction\",\"target\":[\"https:\\\/\\\/www.salzburgerland.com\\\/de\\\/magazin\\\/mandlkogel-herbstgold-in-den-salzburger-dolomiten\\\/\"]}]},{\"@type\":\"ImageObject\",\"inLanguage\":\"de\",\"@id\":\"https:\\\/\\\/www.salzburgerland.com\\\/de\\\/magazin\\\/mandlkogel-herbstgold-in-den-salzburger-dolomiten\\\/#primaryimage\",\"url\":\"https:\\\/\\\/www.salzburgerland.com\\\/de\\\/magazin\\\/wp-content\\\/uploads\\\/2017\\\/10\\\/P2030005-copy.jpg\",\"contentUrl\":\"https:\\\/\\\/www.salzburgerland.com\\\/de\\\/magazin\\\/wp-content\\\/uploads\\\/2017\\\/10\\\/P2030005-copy.jpg\",\"width\":1600,\"height\":1200,\"caption\":\"Person, die sich auf einem grasbewachsenen H\u00fcgel mit Blick auf die Berge bei Sonnenuntergang ausruht, Schuhe im Vordergrund sichtbar, Wildblumen in der N\u00e4he.\"},{\"@type\":\"BreadcrumbList\",\"@id\":\"https:\\\/\\\/www.salzburgerland.com\\\/de\\\/magazin\\\/mandlkogel-herbstgold-in-den-salzburger-dolomiten\\\/#breadcrumb\",\"itemListElement\":[{\"@type\":\"ListItem\",\"position\":1,\"name\":\"Startseite\",\"item\":\"https:\\\/\\\/www.salzburgerland.com\\\/de\\\/magazin\\\/\"},{\"@type\":\"ListItem\",\"position\":2,\"name\":\"Outdoor &amp; Sport\",\"item\":\"https:\\\/\\\/www.salzburgerland.com\\\/de\\\/magazin\\\/thema\\\/outdoor-sport\\\/\"},{\"@type\":\"ListItem\",\"position\":3,\"name\":\"Herbstgold in den Salzburger Dolomiten\"}]},{\"@type\":\"WebSite\",\"@id\":\"https:\\\/\\\/www.salzburgerland.com\\\/de\\\/magazin\\\/#website\",\"url\":\"https:\\\/\\\/www.salzburgerland.com\\\/de\\\/magazin\\\/\",\"name\":\"SalzburgerLand Magazin\",\"description\":\"Geschichten und Interessantes aus dem SalzburgerLand\",\"publisher\":{\"@id\":\"https:\\\/\\\/www.salzburgerland.com\\\/de\\\/magazin\\\/#organization\"},\"potentialAction\":[{\"@type\":\"SearchAction\",\"target\":{\"@type\":\"EntryPoint\",\"urlTemplate\":\"https:\\\/\\\/www.salzburgerland.com\\\/de\\\/magazin\\\/?s={search_term_string}\"},\"query-input\":{\"@type\":\"PropertyValueSpecification\",\"valueRequired\":true,\"valueName\":\"search_term_string\"}}],\"inLanguage\":\"de\"},{\"@type\":\"Organization\",\"@id\":\"https:\\\/\\\/www.salzburgerland.com\\\/de\\\/magazin\\\/#organization\",\"name\":\"SalzburgerLand Tourismus\",\"url\":\"https:\\\/\\\/www.salzburgerland.com\\\/de\\\/magazin\\\/\",\"logo\":{\"@type\":\"ImageObject\",\"inLanguage\":\"de\",\"@id\":\"https:\\\/\\\/www.salzburgerland.com\\\/de\\\/magazin\\\/#\\\/schema\\\/logo\\\/image\\\/\",\"url\":\"https:\\\/\\\/www.salzburgerland.com\\\/de\\\/magazin\\\/wp-content\\\/uploads\\\/2019\\\/06\\\/salzburgerland-logo1.jpg\",\"contentUrl\":\"https:\\\/\\\/www.salzburgerland.com\\\/de\\\/magazin\\\/wp-content\\\/uploads\\\/2019\\\/06\\\/salzburgerland-logo1.jpg\",\"width\":2011,\"height\":866,\"caption\":\"SalzburgerLand Tourismus\"},\"image\":{\"@id\":\"https:\\\/\\\/www.salzburgerland.com\\\/de\\\/magazin\\\/#\\\/schema\\\/logo\\\/image\\\/\"},\"sameAs\":[\"https:\\\/\\\/www.facebook.com\\\/salzburgerland\\\/\",\"https:\\\/\\\/x.com\\\/Salzburgerland\",\"https:\\\/\\\/www.instagram.com\\\/salzburgerland\\\/\",\"https:\\\/\\\/at.linkedin.com\\\/company\\\/salzburgerland-tourismus-gmbh\",\"https:\\\/\\\/www.pinterest.at\\\/salzburgerland\\\/\",\"https:\\\/\\\/www.youtube.com\\\/user\\\/salzburgerland\",\"https:\\\/\\\/de.wikipedia.org\\\/wiki\\\/SalzburgerLand_Tourismus_GmbH\"]},{\"@type\":\"Person\",\"@id\":\"https:\\\/\\\/www.salzburgerland.com\\\/de\\\/magazin\\\/#\\\/schema\\\/person\\\/3ff7e193e2c8cac782e170e1d616dc9e\",\"name\":\"Lukas Uitz\",\"description\":\"Im Leben von Lukas Uitz dreht sich vieles\u00a0um Umwelt, Berge und Natur. Der geb\u00fcrtige Salzburger studierte erst Geographie in Wien, bis ihn durch die Ankunft seines heute 9-j\u00e4hrigen Sohns die Vaterpflicht und nicht zuletzt\u00a0die Sehnsucht nach den Bergen zur\u00fcck in die Heimat riefen. Sein Studium in Salzburg fortsetzend setzt er sich seither\u00a0stark in verschiedenen\u00a0Umwelt- und Verkehrsinitiativen f\u00fcr Mensch und Natur ein und hat sein Leben\u00a0der Aufkl\u00e4rung \u00fcber die Notwendigkeit von Umweltschutz und nachhaltiger Lebensweisen verschrieben. Daneben arbeitet er als selbstst\u00e4ndiger Filmemacher. Seit er denken kann, lebt Lukas in tiefer Verbundenheit mit der heimischen Bergwelt und besucht sie so oft es geht auf\u00a0unterschiedliche\u00a0Art und Weise. Ob mit Bergschuhen, Tourenski, Mountainbike oder Schneeschuhen. Das Gef\u00fchl, einen Gipfel zu erklimmen, die absolute Stille zu erfahren und auf die weite Welt hinunter zu blicken, z\u00e4hlt f\u00fcr ihn zu den h\u00f6chsten Dingen im Leben.\u00a0 Fr\u00fchling, Sommer, Herbst oder Winter? H\u00e4ufiger tr\u00e4ume ich im Sommer vom Winter als umgekehrt. Am Ende ist es aber die Summe und Vielfalt aller vier Jahreszeiten, die mich begeistert und die das Klima in unseren Breiten so besonders macht. Durchgehend Winter k\u00f6nnte ich genau so wenig aushalten, wie andauerndes Warmwetter. 3 Monate von jedem ist die perfekte Mischung f\u00fcr jemanden, der die Abwechslung liebt. Luxushotel oder Almh\u00fctte? Definitiv Almh\u00fctte! Nirgends sonst komme ich gedanklich und emotional so gut runter, als mehrere Tage auf einer abgelegenen Selbstversorgerh\u00fctte hoch oben in den Bergen. Allerdings ist auch ein Tag im Luxushotel nach wochenlanger Enthaltsamkeit durchaus nicht zu verschm\u00e4hen. Bergsee oder Kr\u00e4utergarten? Beides hat seinen besonderen Reiz. Der See l\u00e4dt zur absoluten Entspannung ein. Daneben z\u00e4hlt das \\\"Blattln\\\" mit flachen Steinen zu meinen Leidenschaften. Im Garten habe ich eine rechte\u00a0Freude, den Dingen beim Wachsen zuzuschauen und mein eigenes Essen anzupflanzen, das dadurch viel besser schmeckt und eine h\u00f6here Wertsch\u00e4tzung erf\u00e4hrt, als die Normware aus dem Regal. Ausstellung oder Bergpanorama? Berg und Natur sind die Ausstellung meiner Wahl. Alpinski, Offpist oder Skitour? Nach M\u00f6glichkeit\u00a0ziehe ich eine Skitour mit meinem Splitboard vor. Eine gut preparierte Piste zum Carven hat aber ebenso reizvolle Aspekte, die ich gerne genie\u00dfe. Mozart oder Hubert von Goisern? Beides Weltmusiker! Der Hubert hat es mir aber schon in der Kindheit angetan und ist seit jeher fester Bestandteil meiner pers\u00f6nlichen Berg-Playlist.\",\"url\":\"https:\\\/\\\/www.salzburgerland.com\\\/de\\\/magazin\\\/author\\\/lukas-uitz\\\/\"}]}<\/script>\n<!-- \/ Yoast SEO Premium plugin. -->","yoast_head_json":{"title":"Herbstgold in den Salzburger Dolomiten - SalzburgerLand Magazin","description":"Wer liebt sie nicht, die goldene Wanderzeit mit ihrem einzigartigen Licht- und Farbenspiel, wenn die Sonne sich nicht mehr so recht vom Horizont entfernen will? Steil aufragend bietet der Gosaukamm im Salzburger Pongau auch im Herbst noch anspruchsvolle aber gut erreichbare Wanderziele mit Dolomiten-Flair. Der 2.268m hohe Mandlkogel geh\u00f6rt zweifellos zu den anspruchsvolleren Gosaukamm-Zapfen.\u00a0","robots":{"index":"index","follow":"follow","max-snippet":"max-snippet:-1","max-image-preview":"max-image-preview:large","max-video-preview":"max-video-preview:-1"},"canonical":"https:\/\/www.salzburgerland.com\/de\/magazin\/mandlkogel-herbstgold-in-den-salzburger-dolomiten\/","og_locale":"de_DE","og_type":"article","og_title":"Herbstgold in den Salzburger Dolomiten","og_description":"Als wilde Aneinanderreihung steiler und zerkl\u00fcfteter Felst\u00fcrme markiert der Gosaukamm zwischen den Gebirgsmassiven des Tennengebirges und des Dachsteins die Grenze zwischen Salzburg und Ober\u00f6sterreich. Mit einem guten Dutzend Gipfeln zwischen 2.000 und 2.500 Metern ist das beliebte Klettergebiet auch ein begehrtes Wanderziel. An der S\u00fcd- und Westflanke der Kalkformation verlaufen mehrere attraktive Aufstiegsrouten. Aufgrund ihrer [&hellip;]","og_url":"https:\/\/www.salzburgerland.com\/de\/magazin\/mandlkogel-herbstgold-in-den-salzburger-dolomiten\/","og_site_name":"SalzburgerLand Magazin","article_publisher":"https:\/\/www.facebook.com\/salzburgerland\/","article_published_time":"2017-11-03T07:00:20+00:00","article_modified_time":"2020-10-09T05:53:27+00:00","og_image":[{"width":1600,"height":1200,"url":"https:\/\/www.salzburgerland.com\/de\/magazin\/wp-content\/uploads\/2017\/10\/P2030005-copy.jpg","type":"image\/jpeg"}],"author":"Lukas Uitz","twitter_card":"summary_large_image","twitter_creator":"@Salzburgerland","twitter_site":"@Salzburgerland","twitter_misc":{"Verfasst von":"Lukas Uitz","Gesch\u00e4tzte Lesezeit":"3\u00a0Minuten"},"schema":{"@context":"https:\/\/schema.org","@graph":[{"@type":"Article","@id":"https:\/\/www.salzburgerland.com\/de\/magazin\/mandlkogel-herbstgold-in-den-salzburger-dolomiten\/#article","isPartOf":{"@id":"https:\/\/www.salzburgerland.com\/de\/magazin\/mandlkogel-herbstgold-in-den-salzburger-dolomiten\/"},"author":{"name":"Lukas Uitz","@id":"https:\/\/www.salzburgerland.com\/de\/magazin\/#\/schema\/person\/3ff7e193e2c8cac782e170e1d616dc9e"},"headline":"Herbstgold in den Salzburger Dolomiten","datePublished":"2017-11-03T07:00:20+00:00","dateModified":"2020-10-09T05:53:27+00:00","mainEntityOfPage":{"@id":"https:\/\/www.salzburgerland.com\/de\/magazin\/mandlkogel-herbstgold-in-den-salzburger-dolomiten\/"},"wordCount":669,"commentCount":0,"publisher":{"@id":"https:\/\/www.salzburgerland.com\/de\/magazin\/#organization"},"image":{"@id":"https:\/\/www.salzburgerland.com\/de\/magazin\/mandlkogel-herbstgold-in-den-salzburger-dolomiten\/#primaryimage"},"thumbnailUrl":"https:\/\/www.salzburgerland.com\/de\/magazin\/wp-content\/uploads\/2017\/10\/P2030005-copy.jpg","articleSection":["Outdoor &amp; Sport"],"inLanguage":"de","potentialAction":[{"@type":"CommentAction","name":"Comment","target":["https:\/\/www.salzburgerland.com\/de\/magazin\/mandlkogel-herbstgold-in-den-salzburger-dolomiten\/#respond"]}]},{"@type":"WebPage","@id":"https:\/\/www.salzburgerland.com\/de\/magazin\/mandlkogel-herbstgold-in-den-salzburger-dolomiten\/","url":"https:\/\/www.salzburgerland.com\/de\/magazin\/mandlkogel-herbstgold-in-den-salzburger-dolomiten\/","name":"Herbstgold in den Salzburger Dolomiten - SalzburgerLand Magazin","isPartOf":{"@id":"https:\/\/www.salzburgerland.com\/de\/magazin\/#website"},"primaryImageOfPage":{"@id":"https:\/\/www.salzburgerland.com\/de\/magazin\/mandlkogel-herbstgold-in-den-salzburger-dolomiten\/#primaryimage"},"image":{"@id":"https:\/\/www.salzburgerland.com\/de\/magazin\/mandlkogel-herbstgold-in-den-salzburger-dolomiten\/#primaryimage"},"thumbnailUrl":"https:\/\/www.salzburgerland.com\/de\/magazin\/wp-content\/uploads\/2017\/10\/P2030005-copy.jpg","datePublished":"2017-11-03T07:00:20+00:00","dateModified":"2020-10-09T05:53:27+00:00","breadcrumb":{"@id":"https:\/\/www.salzburgerland.com\/de\/magazin\/mandlkogel-herbstgold-in-den-salzburger-dolomiten\/#breadcrumb"},"inLanguage":"de","potentialAction":[{"@type":"ReadAction","target":["https:\/\/www.salzburgerland.com\/de\/magazin\/mandlkogel-herbstgold-in-den-salzburger-dolomiten\/"]}]},{"@type":"ImageObject","inLanguage":"de","@id":"https:\/\/www.salzburgerland.com\/de\/magazin\/mandlkogel-herbstgold-in-den-salzburger-dolomiten\/#primaryimage","url":"https:\/\/www.salzburgerland.com\/de\/magazin\/wp-content\/uploads\/2017\/10\/P2030005-copy.jpg","contentUrl":"https:\/\/www.salzburgerland.com\/de\/magazin\/wp-content\/uploads\/2017\/10\/P2030005-copy.jpg","width":1600,"height":1200,"caption":"Person, die sich auf einem grasbewachsenen H\u00fcgel mit Blick auf die Berge bei Sonnenuntergang ausruht, Schuhe im Vordergrund sichtbar, Wildblumen in der N\u00e4he."},{"@type":"BreadcrumbList","@id":"https:\/\/www.salzburgerland.com\/de\/magazin\/mandlkogel-herbstgold-in-den-salzburger-dolomiten\/#breadcrumb","itemListElement":[{"@type":"ListItem","position":1,"name":"Startseite","item":"https:\/\/www.salzburgerland.com\/de\/magazin\/"},{"@type":"ListItem","position":2,"name":"Outdoor &amp; Sport","item":"https:\/\/www.salzburgerland.com\/de\/magazin\/thema\/outdoor-sport\/"},{"@type":"ListItem","position":3,"name":"Herbstgold in den Salzburger Dolomiten"}]},{"@type":"WebSite","@id":"https:\/\/www.salzburgerland.com\/de\/magazin\/#website","url":"https:\/\/www.salzburgerland.com\/de\/magazin\/","name":"SalzburgerLand Magazin","description":"Geschichten und Interessantes aus dem SalzburgerLand","publisher":{"@id":"https:\/\/www.salzburgerland.com\/de\/magazin\/#organization"},"potentialAction":[{"@type":"SearchAction","target":{"@type":"EntryPoint","urlTemplate":"https:\/\/www.salzburgerland.com\/de\/magazin\/?s={search_term_string}"},"query-input":{"@type":"PropertyValueSpecification","valueRequired":true,"valueName":"search_term_string"}}],"inLanguage":"de"},{"@type":"Organization","@id":"https:\/\/www.salzburgerland.com\/de\/magazin\/#organization","name":"SalzburgerLand Tourismus","url":"https:\/\/www.salzburgerland.com\/de\/magazin\/","logo":{"@type":"ImageObject","inLanguage":"de","@id":"https:\/\/www.salzburgerland.com\/de\/magazin\/#\/schema\/logo\/image\/","url":"https:\/\/www.salzburgerland.com\/de\/magazin\/wp-content\/uploads\/2019\/06\/salzburgerland-logo1.jpg","contentUrl":"https:\/\/www.salzburgerland.com\/de\/magazin\/wp-content\/uploads\/2019\/06\/salzburgerland-logo1.jpg","width":2011,"height":866,"caption":"SalzburgerLand Tourismus"},"image":{"@id":"https:\/\/www.salzburgerland.com\/de\/magazin\/#\/schema\/logo\/image\/"},"sameAs":["https:\/\/www.facebook.com\/salzburgerland\/","https:\/\/x.com\/Salzburgerland","https:\/\/www.instagram.com\/salzburgerland\/","https:\/\/at.linkedin.com\/company\/salzburgerland-tourismus-gmbh","https:\/\/www.pinterest.at\/salzburgerland\/","https:\/\/www.youtube.com\/user\/salzburgerland","https:\/\/de.wikipedia.org\/wiki\/SalzburgerLand_Tourismus_GmbH"]},{"@type":"Person","@id":"https:\/\/www.salzburgerland.com\/de\/magazin\/#\/schema\/person\/3ff7e193e2c8cac782e170e1d616dc9e","name":"Lukas Uitz","description":"Im Leben von Lukas Uitz dreht sich vieles\u00a0um Umwelt, Berge und Natur. Der geb\u00fcrtige Salzburger studierte erst Geographie in Wien, bis ihn durch die Ankunft seines heute 9-j\u00e4hrigen Sohns die Vaterpflicht und nicht zuletzt\u00a0die Sehnsucht nach den Bergen zur\u00fcck in die Heimat riefen. Sein Studium in Salzburg fortsetzend setzt er sich seither\u00a0stark in verschiedenen\u00a0Umwelt- und Verkehrsinitiativen f\u00fcr Mensch und Natur ein und hat sein Leben\u00a0der Aufkl\u00e4rung \u00fcber die Notwendigkeit von Umweltschutz und nachhaltiger Lebensweisen verschrieben. Daneben arbeitet er als selbstst\u00e4ndiger Filmemacher. Seit er denken kann, lebt Lukas in tiefer Verbundenheit mit der heimischen Bergwelt und besucht sie so oft es geht auf\u00a0unterschiedliche\u00a0Art und Weise. Ob mit Bergschuhen, Tourenski, Mountainbike oder Schneeschuhen. Das Gef\u00fchl, einen Gipfel zu erklimmen, die absolute Stille zu erfahren und auf die weite Welt hinunter zu blicken, z\u00e4hlt f\u00fcr ihn zu den h\u00f6chsten Dingen im Leben.\u00a0 Fr\u00fchling, Sommer, Herbst oder Winter? H\u00e4ufiger tr\u00e4ume ich im Sommer vom Winter als umgekehrt. Am Ende ist es aber die Summe und Vielfalt aller vier Jahreszeiten, die mich begeistert und die das Klima in unseren Breiten so besonders macht. Durchgehend Winter k\u00f6nnte ich genau so wenig aushalten, wie andauerndes Warmwetter. 3 Monate von jedem ist die perfekte Mischung f\u00fcr jemanden, der die Abwechslung liebt. Luxushotel oder Almh\u00fctte? Definitiv Almh\u00fctte! Nirgends sonst komme ich gedanklich und emotional so gut runter, als mehrere Tage auf einer abgelegenen Selbstversorgerh\u00fctte hoch oben in den Bergen. Allerdings ist auch ein Tag im Luxushotel nach wochenlanger Enthaltsamkeit durchaus nicht zu verschm\u00e4hen. Bergsee oder Kr\u00e4utergarten? Beides hat seinen besonderen Reiz. Der See l\u00e4dt zur absoluten Entspannung ein. Daneben z\u00e4hlt das \"Blattln\" mit flachen Steinen zu meinen Leidenschaften. Im Garten habe ich eine rechte\u00a0Freude, den Dingen beim Wachsen zuzuschauen und mein eigenes Essen anzupflanzen, das dadurch viel besser schmeckt und eine h\u00f6here Wertsch\u00e4tzung erf\u00e4hrt, als die Normware aus dem Regal. Ausstellung oder Bergpanorama? Berg und Natur sind die Ausstellung meiner Wahl. Alpinski, Offpist oder Skitour? Nach M\u00f6glichkeit\u00a0ziehe ich eine Skitour mit meinem Splitboard vor. Eine gut preparierte Piste zum Carven hat aber ebenso reizvolle Aspekte, die ich gerne genie\u00dfe. Mozart oder Hubert von Goisern? Beides Weltmusiker! Der Hubert hat es mir aber schon in der Kindheit angetan und ist seit jeher fester Bestandteil meiner pers\u00f6nlichen Berg-Playlist.","url":"https:\/\/www.salzburgerland.com\/de\/magazin\/author\/lukas-uitz\/"}]}},"_wl_alt_label":[],"wl:entity_url":"http:\/\/open.salzburgerland.com\/magazin\/post\/herbstgold_in_den_salzburger_dolomiten","_links":{"self":[{"href":"https:\/\/www.salzburgerland.com\/de\/magazin\/wp-json\/wp\/v2\/posts\/119047","targetHints":{"allow":["GET"]}}],"collection":[{"href":"https:\/\/www.salzburgerland.com\/de\/magazin\/wp-json\/wp\/v2\/posts"}],"about":[{"href":"https:\/\/www.salzburgerland.com\/de\/magazin\/wp-json\/wp\/v2\/types\/post"}],"author":[{"embeddable":true,"href":"https:\/\/www.salzburgerland.com\/de\/magazin\/wp-json\/wp\/v2\/users\/538"}],"replies":[{"embeddable":true,"href":"https:\/\/www.salzburgerland.com\/de\/magazin\/wp-json\/wp\/v2\/comments?post=119047"}],"version-history":[{"count":1,"href":"https:\/\/www.salzburgerland.com\/de\/magazin\/wp-json\/wp\/v2\/posts\/119047\/revisions"}],"predecessor-version":[{"id":146722,"href":"https:\/\/www.salzburgerland.com\/de\/magazin\/wp-json\/wp\/v2\/posts\/119047\/revisions\/146722"}],"wp:featuredmedia":[{"embeddable":true,"href":"https:\/\/www.salzburgerland.com\/de\/magazin\/wp-json\/wp\/v2\/media\/119085"}],"wp:attachment":[{"href":"https:\/\/www.salzburgerland.com\/de\/magazin\/wp-json\/wp\/v2\/media?parent=119047"}],"wp:term":[{"taxonomy":"category","embeddable":true,"href":"https:\/\/www.salzburgerland.com\/de\/magazin\/wp-json\/wp\/v2\/categories?post=119047"},{"taxonomy":"post_tag","embeddable":true,"href":"https:\/\/www.salzburgerland.com\/de\/magazin\/wp-json\/wp\/v2\/tags?post=119047"},{"taxonomy":"wl_entity_type","embeddable":true,"href":"https:\/\/www.salzburgerland.com\/de\/magazin\/wp-json\/wp\/v2\/wl_entity_type?post=119047"},{"taxonomy":"monatsauswahl","embeddable":true,"href":"https:\/\/www.salzburgerland.com\/de\/magazin\/wp-json\/wp\/v2\/monatsauswahl?post=119047"}],"curies":[{"name":"wp","href":"https:\/\/api.w.org\/{rel}","templated":true}]}}