{"id":118881,"date":"2021-06-18T08:16:00","date_gmt":"2021-06-18T06:16:00","guid":{"rendered":"https:\/\/www.salzburgerland.com\/de\/magazin\/?p=118881"},"modified":"2024-04-16T16:11:25","modified_gmt":"2024-04-16T14:11:25","slug":"genuss-pur-beim-schuetzenwirt","status":"publish","type":"post","link":"https:\/\/www.salzburgerland.com\/de\/magazin\/genuss-pur-beim-schuetzenwirt\/","title":{"rendered":"Genuss pur beim Sch\u00fctzenwirt"},"content":{"rendered":"\n<h2 class=\"wp-block-slt-subtitle\">Ein Ort, wo man &#8222;zam\u2019kommt\u201c<\/h2>\n\n\n\n<p class=\"wp-block-slt-intro\">H\u00f6chste kulinarische Gen\u00fcsse in bester regionaler Qualit\u00e4t an einem ganz besonderen Ort  &#8211; das  verspricht &#8222;Der Sch\u00fctzenwirt&#8220; in St. Jakob am Thurn. Da schmeckt es uns doch besonders gut!<\/p>\n\n\n\n<p>Wer hinauf f\u00e4hrt nach St. Jakob am Thurn, empfindet gleich dieses besondere Gef\u00fchl. Einklang mit der Natur, Ruhe, Zufriedenheit. In diesem kleinen Ort mit seinen rund 500 Einwohnern scheint die Zeit still zu stehen. Sanft ruht der Weiher, in dem sich der Turm des Schlosses spiegelt. Umgeben vom herrlichen Bergpanorama des Tennengaus l\u00e4dt der Ort zum Verweilen und Genie\u00dfen ein. Gut, dass der Sch\u00fctzenwirt gleich direkt am Weiher liegt. Ein Blick in die Speisekarte l\u00e4sst auf gar keinen Zweifel aufkommen, dass hier mit viel Liebe, Geschick und K\u00f6nnen gekocht und aufgetischt wird. <\/p>\n\n\n<div class=\"mag-gallery\"><div class=\"row\"><div class=\"col-6 col-sm-4\"><figure><a class=\"thumb-container\" href=\"https:\/\/www.salzburgerland.com\/de\/magazin\/wp-content\/uploads\/2017\/10\/schuetzenwirt_3704-1280x1024.jpg\">\t<picture><source media=\"(min-width: 576px)\" srcset=\"https:\/\/www.salzburgerland.com\/de\/magazin\/wp-content\/uploads\/2017\/10\/schuetzenwirt_3704-325x209.jpg 325w, https:\/\/www.salzburgerland.com\/de\/magazin\/wp-content\/uploads\/2017\/10\/schuetzenwirt_3704-249x160.jpg 249w\"><\/source><source media=\"(min-width: 0)\" srcset=\"https:\/\/www.salzburgerland.com\/de\/magazin\/wp-content\/uploads\/2017\/10\/schuetzenwirt_3704-249x160.jpg 249w, https:\/\/www.salzburgerland.com\/de\/magazin\/wp-content\/uploads\/2017\/10\/schuetzenwirt_3704-325x209.jpg 325w\"><\/source><img decoding=\"async\" alt=\"Gem&uuml;tliches, modernes Restaurantinterieur mit Holzm&ouml;beln, runden Tischen und warmer Beleuchtung.\" src=\"https:\/\/www.salzburgerland.com\/de\/magazin\/wp-content\/uploads\/2017\/10\/schuetzenwirt_3704.jpg\">\t<\/picture><figcaption>&copy; Sch&uuml;tzenwirt<\/figcaption><\/a><\/figure><\/div><div class=\"col-6 col-sm-4\"><figure><a class=\"thumb-container\" href=\"https:\/\/www.salzburgerland.com\/de\/magazin\/wp-content\/uploads\/2017\/10\/schuetzenwirt_3926-1280x1024.jpg\">\t<picture><source media=\"(min-width: 576px)\" srcset=\"https:\/\/www.salzburgerland.com\/de\/magazin\/wp-content\/uploads\/2017\/10\/schuetzenwirt_3926-325x209.jpg 325w, https:\/\/www.salzburgerland.com\/de\/magazin\/wp-content\/uploads\/2017\/10\/schuetzenwirt_3926-249x160.jpg 249w\"><\/source><source media=\"(min-width: 0)\" srcset=\"https:\/\/www.salzburgerland.com\/de\/magazin\/wp-content\/uploads\/2017\/10\/schuetzenwirt_3926-249x160.jpg 249w, https:\/\/www.salzburgerland.com\/de\/magazin\/wp-content\/uploads\/2017\/10\/schuetzenwirt_3926-325x209.jpg 325w\"><\/source><img decoding=\"async\" alt=\"Sch&uuml;ssel mit cremiger Suppe mit Samen und einer Scheibe Toast auf einem Holztisch, daneben ein L&ouml;ffel und ein Glas Wasser.\" src=\"https:\/\/www.salzburgerland.com\/de\/magazin\/wp-content\/uploads\/2017\/10\/schuetzenwirt_3926.jpg\">\t<\/picture><figcaption>&copy; Sch&uuml;tzenwirt<\/figcaption><\/a><\/figure><\/div><div class=\"col-6 col-sm-4\"><figure><a class=\"thumb-container\" href=\"https:\/\/www.salzburgerland.com\/de\/magazin\/wp-content\/uploads\/2017\/10\/schuetzenwirt_4014-1280x1024.jpg\">\t<picture><source media=\"(min-width: 576px)\" srcset=\"https:\/\/www.salzburgerland.com\/de\/magazin\/wp-content\/uploads\/2017\/10\/schuetzenwirt_4014-325x209.jpg 325w, https:\/\/www.salzburgerland.com\/de\/magazin\/wp-content\/uploads\/2017\/10\/schuetzenwirt_4014-249x160.jpg 249w\"><\/source><source media=\"(min-width: 0)\" srcset=\"https:\/\/www.salzburgerland.com\/de\/magazin\/wp-content\/uploads\/2017\/10\/schuetzenwirt_4014-249x160.jpg 249w, https:\/\/www.salzburgerland.com\/de\/magazin\/wp-content\/uploads\/2017\/10\/schuetzenwirt_4014-325x209.jpg 325w\"><\/source><img decoding=\"async\" alt=\"Eine Schale mit drei mit Sesam bestrichenen B&auml;llchen, Gem&uuml;se und So&szlig;e, auf einem Holztisch mit Gabel und Serviette.\" src=\"https:\/\/www.salzburgerland.com\/de\/magazin\/wp-content\/uploads\/2017\/10\/schuetzenwirt_4014.jpg\">\t<\/picture><figcaption>&copy; Sch&uuml;tzenwirt<\/figcaption><\/a><\/figure><\/div><\/div><figcaption>&copy; Sch&uuml;tzenwirt &#8211; Kulinarische Gen&uuml;sse<\/figcaption><\/div>\n\n\n\n<h2 class=\"wp-block-heading\" id=\"h-saisonal-regional-und-einfach-gut\">Saisonal, regional und einfach gut<\/h2>\n\n\n\n<p>Dabei geht es nicht darum, die K\u00fcche neu zu erfinden, sondern bekannten Gerichten ein neues Gesicht &#8211; nein einen neuen, verfeinerten Geschmack zu geben. Da gibt es dann als Vorspeise einen knackigen Salat vom <a href=\"https:\/\/www.dandlhof.at\/\" target=\"_blank\" rel=\"noreferrer noopener\">Dandlhof<\/a> aus Wals mit frischem Geb\u00e4ck der <a href=\"https:\/\/www.pfoess.com\/de\/\" target=\"_blank\" rel=\"noreferrer noopener\">B\u00e4ckerei Pf\u00f6\u00df<\/a>, als Hauptgang feines Rind von der <a href=\"http:\/\/obauer.at\/\" target=\"_blank\" rel=\"noreferrer noopener\">Metzgerei Obauer <\/a>aus Wagrain und als Dessert flaumige Topfen-Mohnkn\u00f6del. <\/p>\n\n\n\n<figure class=\"wp-block-image size-large\"><img loading=\"lazy\" decoding=\"async\" width=\"1920\" height=\"1280\" src=\"https:\/\/www.salzburgerland.com\/de\/magazin\/wp-content\/uploads\/2017\/10\/schuetzenwirt_4550.jpg\" alt=\"Eine Person h\u00e4lt eine Schale mit Topfen-Mohnkn\u00f6del mit So\u00dfe und Mandelscheiben neben einer Kreidekarte.\" class=\"wp-image-154768\" srcset=\"https:\/\/www.salzburgerland.com\/de\/magazin\/wp-content\/uploads\/2017\/10\/schuetzenwirt_4550.jpg 1920w, https:\/\/www.salzburgerland.com\/de\/magazin\/wp-content\/uploads\/2017\/10\/schuetzenwirt_4550-300x200.jpg 300w, https:\/\/www.salzburgerland.com\/de\/magazin\/wp-content\/uploads\/2017\/10\/schuetzenwirt_4550-1536x1024.jpg 1536w, https:\/\/www.salzburgerland.com\/de\/magazin\/wp-content\/uploads\/2017\/10\/schuetzenwirt_4550-825x550.jpg 825w, https:\/\/www.salzburgerland.com\/de\/magazin\/wp-content\/uploads\/2017\/10\/schuetzenwirt_4550-600x400.jpg 600w, https:\/\/www.salzburgerland.com\/de\/magazin\/wp-content\/uploads\/2017\/10\/schuetzenwirt_4550-1320x880.jpg 1320w, https:\/\/www.salzburgerland.com\/de\/magazin\/wp-content\/uploads\/2017\/10\/schuetzenwirt_4550-150x100.jpg 150w\" sizes=\"auto, (max-width: 1920px) 100vw, 1920px\" \/><figcaption class=\"wp-element-caption\">\u00a9 Sch\u00fctzenwirt &#8211; Flaumige Topfen-Mohnkn\u00f6del<\/figcaption><\/figure>\n\n\n\n<p>Die sind \u00fcbrigens auch das Lieblingsgericht von Hausherr und Koch Robert. Gemeinsam mit Andrea hat er seinen Traum von eigenen Wirtshaus hier im Sch\u00fctzenwirt verwirklicht. Nach Lehrjahren, die die beiden bis nach Portugal gebracht haben (und wo sie sich \u00fcbrigens auch gefunden haben), sind die beiden seit 2020 nun mit gro\u00dfer Begeisterung hier im SalzburgerLand am Werk. <\/p>\n\n\n\n<figure class=\"wp-block-image size-large\"><img loading=\"lazy\" decoding=\"async\" width=\"1024\" height=\"578\" src=\"https:\/\/www.salzburgerland.com\/de\/magazin\/wp-content\/uploads\/2021\/06\/foto-team-new-1024x578-1.jpg\" alt=\"Vier Personen sitzen um einen Holztisch herum, sch\u00e4len Kartoffeln und l\u00e4cheln gemeinsam in einem gem\u00fctlichen Raum.\" class=\"wp-image-154786\" srcset=\"https:\/\/www.salzburgerland.com\/de\/magazin\/wp-content\/uploads\/2021\/06\/foto-team-new-1024x578-1.jpg 1024w, https:\/\/www.salzburgerland.com\/de\/magazin\/wp-content\/uploads\/2021\/06\/foto-team-new-1024x578-1-300x169.jpg 300w, https:\/\/www.salzburgerland.com\/de\/magazin\/wp-content\/uploads\/2021\/06\/foto-team-new-1024x578-1-974x550.jpg 974w, https:\/\/www.salzburgerland.com\/de\/magazin\/wp-content\/uploads\/2021\/06\/foto-team-new-1024x578-1-709x400.jpg 709w, https:\/\/www.salzburgerland.com\/de\/magazin\/wp-content\/uploads\/2021\/06\/foto-team-new-1024x578-1-560x316.jpg 560w, https:\/\/www.salzburgerland.com\/de\/magazin\/wp-content\/uploads\/2021\/06\/foto-team-new-1024x578-1-250x140.jpg 250w, https:\/\/www.salzburgerland.com\/de\/magazin\/wp-content\/uploads\/2021\/06\/foto-team-new-1024x578-1-150x85.jpg 150w\" sizes=\"auto, (max-width: 1024px) 100vw, 1024px\" \/><figcaption class=\"wp-element-caption\">\u00a9 Sch\u00fctzenwirt &#8211; das Sch\u00fctzenwirt-Team<\/figcaption><\/figure>\n\n\n\n<p><\/p>\n\n\n\n<p>Der Sch\u00fctzenwirt\u00a0<br>Sch\u00fctzenweg 3\u00a0<br>5412 Sankt Jakob am Thurn\u00a0<br>T +43 662633000<br><a href=\"http:\/\/www.der-schuetzenwirt.at\" target=\"_blank\" rel=\"noreferrer noopener\">www.der-schuetzenwirt.at\u00a0<\/a><br><a href=\"mailto:info@der-schuetzenwirt.at\" target=\"_blank\" rel=\"noreferrer noopener\">info@der-schuetzenwirt.at\u00a0<\/a><\/p>\n\n\n<div class=\"mag-gallery\"><div class=\"row\"><div class=\"col-6 col-sm-4\"><figure><a class=\"thumb-container\" href=\"https:\/\/www.salzburgerland.com\/de\/magazin\/wp-content\/uploads\/2021\/06\/schuetzenwirt_4084-1280x1024.jpg\">\t<picture><source media=\"(min-width: 576px)\" srcset=\"https:\/\/www.salzburgerland.com\/de\/magazin\/wp-content\/uploads\/2021\/06\/schuetzenwirt_4084-325x209.jpg 325w, https:\/\/www.salzburgerland.com\/de\/magazin\/wp-content\/uploads\/2021\/06\/schuetzenwirt_4084-249x160.jpg 249w\"><\/source><source media=\"(min-width: 0)\" srcset=\"https:\/\/www.salzburgerland.com\/de\/magazin\/wp-content\/uploads\/2021\/06\/schuetzenwirt_4084-249x160.jpg 249w, https:\/\/www.salzburgerland.com\/de\/magazin\/wp-content\/uploads\/2021\/06\/schuetzenwirt_4084-325x209.jpg 325w\"><\/source><img decoding=\"async\" alt=\"Menschen, die mit Puderzucker bestreutes Geb&auml;ck von einem Teller essen, mit So&szlig;en in kleinen Sch&uuml;sseln auf dem Tisch.\" src=\"https:\/\/www.salzburgerland.com\/de\/magazin\/wp-content\/uploads\/2021\/06\/schuetzenwirt_4084.jpg\">\t<\/picture><\/a><\/figure><\/div><div class=\"col-6 col-sm-4\"><figure><a class=\"thumb-container\" href=\"https:\/\/www.salzburgerland.com\/de\/magazin\/wp-content\/uploads\/2021\/06\/schuetzenwirt_4237-1280x1024.jpg\">\t<picture><source media=\"(min-width: 576px)\" srcset=\"https:\/\/www.salzburgerland.com\/de\/magazin\/wp-content\/uploads\/2021\/06\/schuetzenwirt_4237-325x209.jpg 325w, https:\/\/www.salzburgerland.com\/de\/magazin\/wp-content\/uploads\/2021\/06\/schuetzenwirt_4237-249x160.jpg 249w\"><\/source><source media=\"(min-width: 0)\" srcset=\"https:\/\/www.salzburgerland.com\/de\/magazin\/wp-content\/uploads\/2021\/06\/schuetzenwirt_4237-249x160.jpg 249w, https:\/\/www.salzburgerland.com\/de\/magazin\/wp-content\/uploads\/2021\/06\/schuetzenwirt_4237-325x209.jpg 325w\"><\/source><img decoding=\"async\" alt=\"Eine Schale mit Gourmet-Essen mit Kroketten, Gr&uuml;nzeug, Schaum und Garnierungen auf einem braunen Tischset.\" src=\"https:\/\/www.salzburgerland.com\/de\/magazin\/wp-content\/uploads\/2021\/06\/schuetzenwirt_4237.jpg\">\t<\/picture><\/a><\/figure><\/div><div class=\"col-6 col-sm-4\"><figure><a class=\"thumb-container\" href=\"https:\/\/www.salzburgerland.com\/de\/magazin\/wp-content\/uploads\/2021\/06\/schuetzenwirt_4343-1280x1024.jpg\">\t<picture><source media=\"(min-width: 576px)\" srcset=\"https:\/\/www.salzburgerland.com\/de\/magazin\/wp-content\/uploads\/2021\/06\/schuetzenwirt_4343-325x209.jpg 325w, https:\/\/www.salzburgerland.com\/de\/magazin\/wp-content\/uploads\/2021\/06\/schuetzenwirt_4343-249x160.jpg 249w\"><\/source><source media=\"(min-width: 0)\" srcset=\"https:\/\/www.salzburgerland.com\/de\/magazin\/wp-content\/uploads\/2021\/06\/schuetzenwirt_4343-249x160.jpg 249w, https:\/\/www.salzburgerland.com\/de\/magazin\/wp-content\/uploads\/2021\/06\/schuetzenwirt_4343-325x209.jpg 325w\"><\/source><img decoding=\"async\" alt=\"Vier Personen, die an einem Holztisch mit verschiedenen Gerichten, Getr&auml;nken und Utensilien gemeinsam eine Mahlzeit einnehmen.\" src=\"https:\/\/www.salzburgerland.com\/de\/magazin\/wp-content\/uploads\/2021\/06\/schuetzenwirt_4343.jpg\">\t<\/picture><\/a><\/figure><\/div><div class=\"col-6 col-sm-4\"><figure><a class=\"thumb-container\" href=\"https:\/\/www.salzburgerland.com\/de\/magazin\/wp-content\/uploads\/2021\/06\/schuetzenwirt_4404-1280x1024.jpg\">\t<picture><source media=\"(min-width: 576px)\" srcset=\"https:\/\/www.salzburgerland.com\/de\/magazin\/wp-content\/uploads\/2021\/06\/schuetzenwirt_4404-325x209.jpg 325w, https:\/\/www.salzburgerland.com\/de\/magazin\/wp-content\/uploads\/2021\/06\/schuetzenwirt_4404-249x160.jpg 249w\"><\/source><source media=\"(min-width: 0)\" srcset=\"https:\/\/www.salzburgerland.com\/de\/magazin\/wp-content\/uploads\/2021\/06\/schuetzenwirt_4404-249x160.jpg 249w, https:\/\/www.salzburgerland.com\/de\/magazin\/wp-content\/uploads\/2021\/06\/schuetzenwirt_4404-325x209.jpg 325w\"><\/source><img decoding=\"async\" alt=\"Eine schwarze Speisekarte mit handgeschriebenem deutschen Text ist an einer hellen Wand in einem Restaurant angebracht.\" src=\"https:\/\/www.salzburgerland.com\/de\/magazin\/wp-content\/uploads\/2021\/06\/schuetzenwirt_4404.jpg\">\t<\/picture><\/a><\/figure><\/div><div class=\"col-6 col-sm-4\"><figure><a class=\"thumb-container\" href=\"https:\/\/www.salzburgerland.com\/de\/magazin\/wp-content\/uploads\/2021\/06\/schuetzenwirt_4450-1280x1024.jpg\">\t<picture><source media=\"(min-width: 576px)\" srcset=\"https:\/\/www.salzburgerland.com\/de\/magazin\/wp-content\/uploads\/2021\/06\/schuetzenwirt_4450-325x209.jpg 325w, https:\/\/www.salzburgerland.com\/de\/magazin\/wp-content\/uploads\/2021\/06\/schuetzenwirt_4450-249x160.jpg 249w\"><\/source><source media=\"(min-width: 0)\" srcset=\"https:\/\/www.salzburgerland.com\/de\/magazin\/wp-content\/uploads\/2021\/06\/schuetzenwirt_4450-249x160.jpg 249w, https:\/\/www.salzburgerland.com\/de\/magazin\/wp-content\/uploads\/2021\/06\/schuetzenwirt_4450-325x209.jpg 325w\"><\/source><img decoding=\"async\" alt=\"Eine Holztafel mit gebratenem Fleisch, Brot, So&szlig;en und Krautsalat auf einem hellen Holztisch.\" src=\"https:\/\/www.salzburgerland.com\/de\/magazin\/wp-content\/uploads\/2021\/06\/schuetzenwirt_4450.jpg\">\t<\/picture><\/a><\/figure><\/div><div class=\"col-6 col-sm-4\"><figure><a class=\"thumb-container\" href=\"https:\/\/www.salzburgerland.com\/de\/magazin\/wp-content\/uploads\/2021\/06\/20210531_201344-1280x1024.jpg\">\t<picture><source media=\"(min-width: 576px)\" srcset=\"https:\/\/www.salzburgerland.com\/de\/magazin\/wp-content\/uploads\/2021\/06\/20210531_201344-325x209.jpg 325w, https:\/\/www.salzburgerland.com\/de\/magazin\/wp-content\/uploads\/2021\/06\/20210531_201344-249x160.jpg 249w\"><\/source><source media=\"(min-width: 0)\" srcset=\"https:\/\/www.salzburgerland.com\/de\/magazin\/wp-content\/uploads\/2021\/06\/20210531_201344-249x160.jpg 249w, https:\/\/www.salzburgerland.com\/de\/magazin\/wp-content\/uploads\/2021\/06\/20210531_201344-325x209.jpg 325w\"><\/source><img decoding=\"async\" alt=\"Eine Sch&uuml;ssel mit geschnittenem Steak mit Gem&uuml;se und So&szlig;e, dazu knusprige Kartoffeln.\" src=\"https:\/\/www.salzburgerland.com\/de\/magazin\/wp-content\/uploads\/2021\/06\/20210531_201344.jpg\">\t<\/picture><\/a><\/figure><\/div><\/div><figcaption><\/figcaption><\/div>\n","protected":false},"excerpt":{"rendered":"<p>Wer hinauf f\u00e4hrt nach St. Jakob am Thurn, empfindet gleich dieses besondere Gef\u00fchl. Einklang mit der Natur, Ruhe, Zufriedenheit. In diesem kleinen Ort mit seinen rund 500 Einwohnern scheint die Zeit still zu stehen. Sanft ruht der Weiher, in dem sich der Turm des Schlosses spiegelt. Umgeben vom herrlichen Bergpanorama des Tennengaus l\u00e4dt der Ort [&hellip;]<\/p>\n","protected":false},"author":90,"featured_media":118894,"comment_status":"open","ping_status":"open","sticky":false,"template":"","format":"standard","meta":{"_acf_changed":false,"wl_entities_gutenberg":"","_wl_entity_redirect_enabled":"","footnotes":""},"categories":[3],"tags":[],"wl_entity_type":[306],"monatsauswahl":[82,83,84,85,86,87,88,89,90,91,92,93],"class_list":["post-118881","post","type-post","status-publish","format-standard","has-post-thumbnail","hentry","category-essen-trinken","wl_entity_type-article","monatsauswahl-monat_1","monatsauswahl-monat_2","monatsauswahl-monat_3","monatsauswahl-monat_4","monatsauswahl-monat_5","monatsauswahl-monat_6","monatsauswahl-monat_7","monatsauswahl-monat_8","monatsauswahl-monat_9","monatsauswahl-monat_10","monatsauswahl-monat_11","monatsauswahl-monat_12"],"acf":[],"yoast_head":"<!-- This site is optimized with the Yoast SEO Premium plugin v27.4 (Yoast SEO v27.4) - https:\/\/yoast.com\/product\/yoast-seo-premium-wordpress\/ -->\n<title>Genuss pur beim Sch\u00fctzenwirt - SalzburgerLand Magazin<\/title>\n<meta name=\"description\" content=\"H\u00f6chste kulinarische Gen\u00fcsse in bester regionaler Qualit\u00e4t an einem ganz besonderen Ort  - das  verspricht &quot;Der Sch\u00fctzenwirt&quot; in St. Jakob am Thurn. Da schmeckt es uns doch besonders gut!\" \/>\n<meta name=\"robots\" content=\"index, follow, max-snippet:-1, max-image-preview:large, max-video-preview:-1\" \/>\n<link rel=\"canonical\" href=\"https:\/\/www.salzburgerland.com\/de\/magazin\/genuss-pur-beim-schuetzenwirt\/\" \/>\n<meta property=\"og:locale\" content=\"de_DE\" \/>\n<meta property=\"og:type\" content=\"article\" \/>\n<meta property=\"og:title\" content=\"Genuss pur beim Sch\u00fctzenwirt\" \/>\n<meta property=\"og:description\" content=\"Wer hinauf f\u00e4hrt nach St. Jakob am Thurn, empfindet gleich dieses besondere Gef\u00fchl. Einklang mit der Natur, Ruhe, Zufriedenheit. In diesem kleinen Ort mit seinen rund 500 Einwohnern scheint die Zeit still zu stehen. Sanft ruht der Weiher, in dem sich der Turm des Schlosses spiegelt. Umgeben vom herrlichen Bergpanorama des Tennengaus l\u00e4dt der Ort [&hellip;]\" \/>\n<meta property=\"og:url\" content=\"https:\/\/www.salzburgerland.com\/de\/magazin\/genuss-pur-beim-schuetzenwirt\/\" \/>\n<meta property=\"og:site_name\" content=\"SalzburgerLand Magazin\" \/>\n<meta property=\"article:publisher\" content=\"https:\/\/www.facebook.com\/salzburgerland\/\" \/>\n<meta property=\"article:published_time\" content=\"2021-06-18T06:16:00+00:00\" \/>\n<meta property=\"article:modified_time\" content=\"2024-04-16T14:11:25+00:00\" \/>\n<meta property=\"og:image\" content=\"https:\/\/www.salzburgerland.com\/de\/magazin\/wp-content\/uploads\/2017\/10\/Schuetzenwirt_Garten_1--e1624012116264.jpg\" \/>\n\t<meta property=\"og:image:width\" content=\"1588\" \/>\n\t<meta property=\"og:image:height\" content=\"720\" \/>\n\t<meta property=\"og:image:type\" content=\"image\/jpeg\" \/>\n<meta name=\"author\" content=\"Ulli Hammerl\" \/>\n<meta name=\"twitter:card\" content=\"summary_large_image\" \/>\n<meta name=\"twitter:creator\" content=\"@Salzburgerland\" \/>\n<meta name=\"twitter:site\" content=\"@Salzburgerland\" \/>\n<meta name=\"twitter:label1\" content=\"Verfasst von\" \/>\n\t<meta name=\"twitter:data1\" content=\"Ulli Hammerl\" \/>\n\t<meta name=\"twitter:label2\" content=\"Gesch\u00e4tzte Lesezeit\" \/>\n\t<meta name=\"twitter:data2\" content=\"4\u00a0Minuten\" \/>\n<script type=\"application\/ld+json\" class=\"yoast-schema-graph\">{\"@context\":\"https:\\\/\\\/schema.org\",\"@graph\":[{\"@type\":\"Article\",\"@id\":\"https:\\\/\\\/www.salzburgerland.com\\\/de\\\/magazin\\\/genuss-pur-beim-schuetzenwirt\\\/#article\",\"isPartOf\":{\"@id\":\"https:\\\/\\\/www.salzburgerland.com\\\/de\\\/magazin\\\/genuss-pur-beim-schuetzenwirt\\\/\"},\"author\":{\"name\":\"Ulli Hammerl\",\"@id\":\"https:\\\/\\\/www.salzburgerland.com\\\/de\\\/magazin\\\/#\\\/schema\\\/person\\\/a55a4fee1009b9e458d298480a18a9f7\"},\"headline\":\"Genuss pur beim Sch\u00fctzenwirt\",\"datePublished\":\"2021-06-18T06:16:00+00:00\",\"dateModified\":\"2024-04-16T14:11:25+00:00\",\"mainEntityOfPage\":{\"@id\":\"https:\\\/\\\/www.salzburgerland.com\\\/de\\\/magazin\\\/genuss-pur-beim-schuetzenwirt\\\/\"},\"wordCount\":307,\"commentCount\":0,\"publisher\":{\"@id\":\"https:\\\/\\\/www.salzburgerland.com\\\/de\\\/magazin\\\/#organization\"},\"image\":{\"@id\":\"https:\\\/\\\/www.salzburgerland.com\\\/de\\\/magazin\\\/genuss-pur-beim-schuetzenwirt\\\/#primaryimage\"},\"thumbnailUrl\":\"https:\\\/\\\/www.salzburgerland.com\\\/de\\\/magazin\\\/wp-content\\\/uploads\\\/2017\\\/10\\\/Schuetzenwirt_Garten_1--e1624012116264.jpg\",\"articleSection\":[\"Essen &amp; Trinken\"],\"inLanguage\":\"de\",\"potentialAction\":[{\"@type\":\"CommentAction\",\"name\":\"Comment\",\"target\":[\"https:\\\/\\\/www.salzburgerland.com\\\/de\\\/magazin\\\/genuss-pur-beim-schuetzenwirt\\\/#respond\"]}]},{\"@type\":\"WebPage\",\"@id\":\"https:\\\/\\\/www.salzburgerland.com\\\/de\\\/magazin\\\/genuss-pur-beim-schuetzenwirt\\\/\",\"url\":\"https:\\\/\\\/www.salzburgerland.com\\\/de\\\/magazin\\\/genuss-pur-beim-schuetzenwirt\\\/\",\"name\":\"Genuss pur beim Sch\u00fctzenwirt - SalzburgerLand Magazin\",\"isPartOf\":{\"@id\":\"https:\\\/\\\/www.salzburgerland.com\\\/de\\\/magazin\\\/#website\"},\"primaryImageOfPage\":{\"@id\":\"https:\\\/\\\/www.salzburgerland.com\\\/de\\\/magazin\\\/genuss-pur-beim-schuetzenwirt\\\/#primaryimage\"},\"image\":{\"@id\":\"https:\\\/\\\/www.salzburgerland.com\\\/de\\\/magazin\\\/genuss-pur-beim-schuetzenwirt\\\/#primaryimage\"},\"thumbnailUrl\":\"https:\\\/\\\/www.salzburgerland.com\\\/de\\\/magazin\\\/wp-content\\\/uploads\\\/2017\\\/10\\\/Schuetzenwirt_Garten_1--e1624012116264.jpg\",\"datePublished\":\"2021-06-18T06:16:00+00:00\",\"dateModified\":\"2024-04-16T14:11:25+00:00\",\"breadcrumb\":{\"@id\":\"https:\\\/\\\/www.salzburgerland.com\\\/de\\\/magazin\\\/genuss-pur-beim-schuetzenwirt\\\/#breadcrumb\"},\"inLanguage\":\"de\",\"potentialAction\":[{\"@type\":\"ReadAction\",\"target\":[\"https:\\\/\\\/www.salzburgerland.com\\\/de\\\/magazin\\\/genuss-pur-beim-schuetzenwirt\\\/\"]}]},{\"@type\":\"ImageObject\",\"inLanguage\":\"de\",\"@id\":\"https:\\\/\\\/www.salzburgerland.com\\\/de\\\/magazin\\\/genuss-pur-beim-schuetzenwirt\\\/#primaryimage\",\"url\":\"https:\\\/\\\/www.salzburgerland.com\\\/de\\\/magazin\\\/wp-content\\\/uploads\\\/2017\\\/10\\\/Schuetzenwirt_Garten_1--e1624012116264.jpg\",\"contentUrl\":\"https:\\\/\\\/www.salzburgerland.com\\\/de\\\/magazin\\\/wp-content\\\/uploads\\\/2017\\\/10\\\/Schuetzenwirt_Garten_1--e1624012116264.jpg\",\"width\":1588,\"height\":720,\"caption\":\"Ein gro\u00dfes Geb\u00e4ude im Chalet-Stil mit Sitzpl\u00e4tzen im Freien und gr\u00fcnen Sonnenschirmen, umgeben von B\u00e4umen und blauem Himmel.\"},{\"@type\":\"BreadcrumbList\",\"@id\":\"https:\\\/\\\/www.salzburgerland.com\\\/de\\\/magazin\\\/genuss-pur-beim-schuetzenwirt\\\/#breadcrumb\",\"itemListElement\":[{\"@type\":\"ListItem\",\"position\":1,\"name\":\"Startseite\",\"item\":\"https:\\\/\\\/www.salzburgerland.com\\\/de\\\/magazin\\\/\"},{\"@type\":\"ListItem\",\"position\":2,\"name\":\"Essen &amp; Trinken\",\"item\":\"https:\\\/\\\/www.salzburgerland.com\\\/de\\\/magazin\\\/thema\\\/essen-trinken\\\/\"},{\"@type\":\"ListItem\",\"position\":3,\"name\":\"Genuss pur beim Sch\u00fctzenwirt\"}]},{\"@type\":\"WebSite\",\"@id\":\"https:\\\/\\\/www.salzburgerland.com\\\/de\\\/magazin\\\/#website\",\"url\":\"https:\\\/\\\/www.salzburgerland.com\\\/de\\\/magazin\\\/\",\"name\":\"SalzburgerLand Magazin\",\"description\":\"Geschichten und Interessantes aus dem SalzburgerLand\",\"publisher\":{\"@id\":\"https:\\\/\\\/www.salzburgerland.com\\\/de\\\/magazin\\\/#organization\"},\"potentialAction\":[{\"@type\":\"SearchAction\",\"target\":{\"@type\":\"EntryPoint\",\"urlTemplate\":\"https:\\\/\\\/www.salzburgerland.com\\\/de\\\/magazin\\\/?s={search_term_string}\"},\"query-input\":{\"@type\":\"PropertyValueSpecification\",\"valueRequired\":true,\"valueName\":\"search_term_string\"}}],\"inLanguage\":\"de\"},{\"@type\":\"Organization\",\"@id\":\"https:\\\/\\\/www.salzburgerland.com\\\/de\\\/magazin\\\/#organization\",\"name\":\"SalzburgerLand Tourismus\",\"url\":\"https:\\\/\\\/www.salzburgerland.com\\\/de\\\/magazin\\\/\",\"logo\":{\"@type\":\"ImageObject\",\"inLanguage\":\"de\",\"@id\":\"https:\\\/\\\/www.salzburgerland.com\\\/de\\\/magazin\\\/#\\\/schema\\\/logo\\\/image\\\/\",\"url\":\"https:\\\/\\\/www.salzburgerland.com\\\/de\\\/magazin\\\/wp-content\\\/uploads\\\/2019\\\/06\\\/salzburgerland-logo1.jpg\",\"contentUrl\":\"https:\\\/\\\/www.salzburgerland.com\\\/de\\\/magazin\\\/wp-content\\\/uploads\\\/2019\\\/06\\\/salzburgerland-logo1.jpg\",\"width\":2011,\"height\":866,\"caption\":\"SalzburgerLand Tourismus\"},\"image\":{\"@id\":\"https:\\\/\\\/www.salzburgerland.com\\\/de\\\/magazin\\\/#\\\/schema\\\/logo\\\/image\\\/\"},\"sameAs\":[\"https:\\\/\\\/www.facebook.com\\\/salzburgerland\\\/\",\"https:\\\/\\\/x.com\\\/Salzburgerland\",\"https:\\\/\\\/www.instagram.com\\\/salzburgerland\\\/\",\"https:\\\/\\\/at.linkedin.com\\\/company\\\/salzburgerland-tourismus-gmbh\",\"https:\\\/\\\/www.pinterest.at\\\/salzburgerland\\\/\",\"https:\\\/\\\/www.youtube.com\\\/user\\\/salzburgerland\",\"https:\\\/\\\/de.wikipedia.org\\\/wiki\\\/SalzburgerLand_Tourismus_GmbH\"]},{\"@type\":\"Person\",\"@id\":\"https:\\\/\\\/www.salzburgerland.com\\\/de\\\/magazin\\\/#\\\/schema\\\/person\\\/a55a4fee1009b9e458d298480a18a9f7\",\"name\":\"Ulli Hammerl\",\"description\":\"Geboren und aufgewachsen in der Stadt Salzburg war Ulli Hammerl fr\u00fch bewusst, in einer der sch\u00f6nsten St\u00e4dte der Welt zu leben. So ist sie auch w\u00e4hrend ihres Studiums der Kommunikationswissenschaft und \u00d6kologie ihrer Heimatstadt treu geblieben. Gleich nach dem Studium ist sie zu SalzburgerLand Tourismus (SLTG) gegangen und hat hier von 1998 - 2004 u.a. die SalzburgerLand Card betreut. Dabei ist sie viel herumgekommen, wodurch auch die Liebe zum SalzburgerLand enstanden und gewachsen ist. Nach der Geburt ihrer Tochter im September 2004 hat sich Ulli Hammerl 2007 mit einer Agentur selbst\u00e4ndig gemacht. Mein pers\u00f6nlicher Logenplatz: Hoch \u00fcber Salzburg, abseits der stark begangenen Wege mit Blick auf die D\u00e4cher und Kircht\u00fcrme der Stadt \u2013 hier geht mir das Herz auf! Morgen- oder Abendmensch: Ganz klar: Morgenmensch. Wenn um 5.00 Uhr fr\u00fch die V\u00f6gel zwitschern und rund herum noch alles in tiefer Ruhe versinkt, dann ist meine Zeit. Ausgeschlafen, Energie geladen und voller Tatendrang starte ich am liebsten in den fr\u00fchen Morgenstunden in den Tag. Daf\u00fcr kann man nach 21.00 Uhr nicht mehr mit mir rechnen. Buch oder Film: Es gibt nichts Sch\u00f6neres, als es sich am Ende des Tages auf der Couch gem\u00fctlich zu machen und in die Gedankenwelt eines guten Buches einzutauchen \u2013 Lesen ist Abenteuer im Kopf. Wandern, Spazierengehen oder Laufen: alles drei und zwar am besten jeden Tag. Mit ein bisschen Zeiteinteilung geht es sich tats\u00e4chlich fast gehen Tag aus, drau\u00dfen unterwegs zu sein. Fr\u00fchling, Sommer, Herbst oder Winter: Ich kann es im Fr\u00fchling kaum erwarten, die ersten Gr\u00fcnschattierungen in der Natur zu entdecken. Ich liebe hei\u00dfe Sommertage am See und laue Sommerabende am Balkon. Ich mag es, wenn im Herbst die W\u00e4lder in einem Meer aus Farben erstrahlen, Laubrascheln und Kastanien sammeln. Und ich freue mich wie ein Kind, wenn im Dezember die ersten Schneeflocken vom Himmel schweben. Die vier Jahreszeiten sind etwas Wunderbares.\",\"url\":\"https:\\\/\\\/www.salzburgerland.com\\\/de\\\/magazin\\\/author\\\/ulli-hammerl\\\/\"}]}<\/script>\n<!-- \/ Yoast SEO Premium plugin. -->","yoast_head_json":{"title":"Genuss pur beim Sch\u00fctzenwirt - SalzburgerLand Magazin","description":"H\u00f6chste kulinarische Gen\u00fcsse in bester regionaler Qualit\u00e4t an einem ganz besonderen Ort  - das  verspricht \"Der Sch\u00fctzenwirt\" in St. Jakob am Thurn. Da schmeckt es uns doch besonders gut!","robots":{"index":"index","follow":"follow","max-snippet":"max-snippet:-1","max-image-preview":"max-image-preview:large","max-video-preview":"max-video-preview:-1"},"canonical":"https:\/\/www.salzburgerland.com\/de\/magazin\/genuss-pur-beim-schuetzenwirt\/","og_locale":"de_DE","og_type":"article","og_title":"Genuss pur beim Sch\u00fctzenwirt","og_description":"Wer hinauf f\u00e4hrt nach St. Jakob am Thurn, empfindet gleich dieses besondere Gef\u00fchl. Einklang mit der Natur, Ruhe, Zufriedenheit. In diesem kleinen Ort mit seinen rund 500 Einwohnern scheint die Zeit still zu stehen. Sanft ruht der Weiher, in dem sich der Turm des Schlosses spiegelt. Umgeben vom herrlichen Bergpanorama des Tennengaus l\u00e4dt der Ort [&hellip;]","og_url":"https:\/\/www.salzburgerland.com\/de\/magazin\/genuss-pur-beim-schuetzenwirt\/","og_site_name":"SalzburgerLand Magazin","article_publisher":"https:\/\/www.facebook.com\/salzburgerland\/","article_published_time":"2021-06-18T06:16:00+00:00","article_modified_time":"2024-04-16T14:11:25+00:00","og_image":[{"width":1588,"height":720,"url":"https:\/\/www.salzburgerland.com\/de\/magazin\/wp-content\/uploads\/2017\/10\/Schuetzenwirt_Garten_1--e1624012116264.jpg","type":"image\/jpeg"}],"author":"Ulli Hammerl","twitter_card":"summary_large_image","twitter_creator":"@Salzburgerland","twitter_site":"@Salzburgerland","twitter_misc":{"Verfasst von":"Ulli Hammerl","Gesch\u00e4tzte Lesezeit":"4\u00a0Minuten"},"schema":{"@context":"https:\/\/schema.org","@graph":[{"@type":"Article","@id":"https:\/\/www.salzburgerland.com\/de\/magazin\/genuss-pur-beim-schuetzenwirt\/#article","isPartOf":{"@id":"https:\/\/www.salzburgerland.com\/de\/magazin\/genuss-pur-beim-schuetzenwirt\/"},"author":{"name":"Ulli Hammerl","@id":"https:\/\/www.salzburgerland.com\/de\/magazin\/#\/schema\/person\/a55a4fee1009b9e458d298480a18a9f7"},"headline":"Genuss pur beim Sch\u00fctzenwirt","datePublished":"2021-06-18T06:16:00+00:00","dateModified":"2024-04-16T14:11:25+00:00","mainEntityOfPage":{"@id":"https:\/\/www.salzburgerland.com\/de\/magazin\/genuss-pur-beim-schuetzenwirt\/"},"wordCount":307,"commentCount":0,"publisher":{"@id":"https:\/\/www.salzburgerland.com\/de\/magazin\/#organization"},"image":{"@id":"https:\/\/www.salzburgerland.com\/de\/magazin\/genuss-pur-beim-schuetzenwirt\/#primaryimage"},"thumbnailUrl":"https:\/\/www.salzburgerland.com\/de\/magazin\/wp-content\/uploads\/2017\/10\/Schuetzenwirt_Garten_1--e1624012116264.jpg","articleSection":["Essen &amp; Trinken"],"inLanguage":"de","potentialAction":[{"@type":"CommentAction","name":"Comment","target":["https:\/\/www.salzburgerland.com\/de\/magazin\/genuss-pur-beim-schuetzenwirt\/#respond"]}]},{"@type":"WebPage","@id":"https:\/\/www.salzburgerland.com\/de\/magazin\/genuss-pur-beim-schuetzenwirt\/","url":"https:\/\/www.salzburgerland.com\/de\/magazin\/genuss-pur-beim-schuetzenwirt\/","name":"Genuss pur beim Sch\u00fctzenwirt - SalzburgerLand Magazin","isPartOf":{"@id":"https:\/\/www.salzburgerland.com\/de\/magazin\/#website"},"primaryImageOfPage":{"@id":"https:\/\/www.salzburgerland.com\/de\/magazin\/genuss-pur-beim-schuetzenwirt\/#primaryimage"},"image":{"@id":"https:\/\/www.salzburgerland.com\/de\/magazin\/genuss-pur-beim-schuetzenwirt\/#primaryimage"},"thumbnailUrl":"https:\/\/www.salzburgerland.com\/de\/magazin\/wp-content\/uploads\/2017\/10\/Schuetzenwirt_Garten_1--e1624012116264.jpg","datePublished":"2021-06-18T06:16:00+00:00","dateModified":"2024-04-16T14:11:25+00:00","breadcrumb":{"@id":"https:\/\/www.salzburgerland.com\/de\/magazin\/genuss-pur-beim-schuetzenwirt\/#breadcrumb"},"inLanguage":"de","potentialAction":[{"@type":"ReadAction","target":["https:\/\/www.salzburgerland.com\/de\/magazin\/genuss-pur-beim-schuetzenwirt\/"]}]},{"@type":"ImageObject","inLanguage":"de","@id":"https:\/\/www.salzburgerland.com\/de\/magazin\/genuss-pur-beim-schuetzenwirt\/#primaryimage","url":"https:\/\/www.salzburgerland.com\/de\/magazin\/wp-content\/uploads\/2017\/10\/Schuetzenwirt_Garten_1--e1624012116264.jpg","contentUrl":"https:\/\/www.salzburgerland.com\/de\/magazin\/wp-content\/uploads\/2017\/10\/Schuetzenwirt_Garten_1--e1624012116264.jpg","width":1588,"height":720,"caption":"Ein gro\u00dfes Geb\u00e4ude im Chalet-Stil mit Sitzpl\u00e4tzen im Freien und gr\u00fcnen Sonnenschirmen, umgeben von B\u00e4umen und blauem Himmel."},{"@type":"BreadcrumbList","@id":"https:\/\/www.salzburgerland.com\/de\/magazin\/genuss-pur-beim-schuetzenwirt\/#breadcrumb","itemListElement":[{"@type":"ListItem","position":1,"name":"Startseite","item":"https:\/\/www.salzburgerland.com\/de\/magazin\/"},{"@type":"ListItem","position":2,"name":"Essen &amp; Trinken","item":"https:\/\/www.salzburgerland.com\/de\/magazin\/thema\/essen-trinken\/"},{"@type":"ListItem","position":3,"name":"Genuss pur beim Sch\u00fctzenwirt"}]},{"@type":"WebSite","@id":"https:\/\/www.salzburgerland.com\/de\/magazin\/#website","url":"https:\/\/www.salzburgerland.com\/de\/magazin\/","name":"SalzburgerLand Magazin","description":"Geschichten und Interessantes aus dem SalzburgerLand","publisher":{"@id":"https:\/\/www.salzburgerland.com\/de\/magazin\/#organization"},"potentialAction":[{"@type":"SearchAction","target":{"@type":"EntryPoint","urlTemplate":"https:\/\/www.salzburgerland.com\/de\/magazin\/?s={search_term_string}"},"query-input":{"@type":"PropertyValueSpecification","valueRequired":true,"valueName":"search_term_string"}}],"inLanguage":"de"},{"@type":"Organization","@id":"https:\/\/www.salzburgerland.com\/de\/magazin\/#organization","name":"SalzburgerLand Tourismus","url":"https:\/\/www.salzburgerland.com\/de\/magazin\/","logo":{"@type":"ImageObject","inLanguage":"de","@id":"https:\/\/www.salzburgerland.com\/de\/magazin\/#\/schema\/logo\/image\/","url":"https:\/\/www.salzburgerland.com\/de\/magazin\/wp-content\/uploads\/2019\/06\/salzburgerland-logo1.jpg","contentUrl":"https:\/\/www.salzburgerland.com\/de\/magazin\/wp-content\/uploads\/2019\/06\/salzburgerland-logo1.jpg","width":2011,"height":866,"caption":"SalzburgerLand Tourismus"},"image":{"@id":"https:\/\/www.salzburgerland.com\/de\/magazin\/#\/schema\/logo\/image\/"},"sameAs":["https:\/\/www.facebook.com\/salzburgerland\/","https:\/\/x.com\/Salzburgerland","https:\/\/www.instagram.com\/salzburgerland\/","https:\/\/at.linkedin.com\/company\/salzburgerland-tourismus-gmbh","https:\/\/www.pinterest.at\/salzburgerland\/","https:\/\/www.youtube.com\/user\/salzburgerland","https:\/\/de.wikipedia.org\/wiki\/SalzburgerLand_Tourismus_GmbH"]},{"@type":"Person","@id":"https:\/\/www.salzburgerland.com\/de\/magazin\/#\/schema\/person\/a55a4fee1009b9e458d298480a18a9f7","name":"Ulli Hammerl","description":"Geboren und aufgewachsen in der Stadt Salzburg war Ulli Hammerl fr\u00fch bewusst, in einer der sch\u00f6nsten St\u00e4dte der Welt zu leben. So ist sie auch w\u00e4hrend ihres Studiums der Kommunikationswissenschaft und \u00d6kologie ihrer Heimatstadt treu geblieben. Gleich nach dem Studium ist sie zu SalzburgerLand Tourismus (SLTG) gegangen und hat hier von 1998 - 2004 u.a. die SalzburgerLand Card betreut. Dabei ist sie viel herumgekommen, wodurch auch die Liebe zum SalzburgerLand enstanden und gewachsen ist. Nach der Geburt ihrer Tochter im September 2004 hat sich Ulli Hammerl 2007 mit einer Agentur selbst\u00e4ndig gemacht. Mein pers\u00f6nlicher Logenplatz: Hoch \u00fcber Salzburg, abseits der stark begangenen Wege mit Blick auf die D\u00e4cher und Kircht\u00fcrme der Stadt \u2013 hier geht mir das Herz auf! Morgen- oder Abendmensch: Ganz klar: Morgenmensch. Wenn um 5.00 Uhr fr\u00fch die V\u00f6gel zwitschern und rund herum noch alles in tiefer Ruhe versinkt, dann ist meine Zeit. Ausgeschlafen, Energie geladen und voller Tatendrang starte ich am liebsten in den fr\u00fchen Morgenstunden in den Tag. Daf\u00fcr kann man nach 21.00 Uhr nicht mehr mit mir rechnen. Buch oder Film: Es gibt nichts Sch\u00f6neres, als es sich am Ende des Tages auf der Couch gem\u00fctlich zu machen und in die Gedankenwelt eines guten Buches einzutauchen \u2013 Lesen ist Abenteuer im Kopf. Wandern, Spazierengehen oder Laufen: alles drei und zwar am besten jeden Tag. Mit ein bisschen Zeiteinteilung geht es sich tats\u00e4chlich fast gehen Tag aus, drau\u00dfen unterwegs zu sein. Fr\u00fchling, Sommer, Herbst oder Winter: Ich kann es im Fr\u00fchling kaum erwarten, die ersten Gr\u00fcnschattierungen in der Natur zu entdecken. Ich liebe hei\u00dfe Sommertage am See und laue Sommerabende am Balkon. Ich mag es, wenn im Herbst die W\u00e4lder in einem Meer aus Farben erstrahlen, Laubrascheln und Kastanien sammeln. Und ich freue mich wie ein Kind, wenn im Dezember die ersten Schneeflocken vom Himmel schweben. Die vier Jahreszeiten sind etwas Wunderbares.","url":"https:\/\/www.salzburgerland.com\/de\/magazin\/author\/ulli-hammerl\/"}]}},"_wl_alt_label":[],"wl:entity_url":"http:\/\/open.salzburgerland.com\/magazin\/post\/biogenuss_pur_beim_schuetzenwirt","_links":{"self":[{"href":"https:\/\/www.salzburgerland.com\/de\/magazin\/wp-json\/wp\/v2\/posts\/118881","targetHints":{"allow":["GET"]}}],"collection":[{"href":"https:\/\/www.salzburgerland.com\/de\/magazin\/wp-json\/wp\/v2\/posts"}],"about":[{"href":"https:\/\/www.salzburgerland.com\/de\/magazin\/wp-json\/wp\/v2\/types\/post"}],"author":[{"embeddable":true,"href":"https:\/\/www.salzburgerland.com\/de\/magazin\/wp-json\/wp\/v2\/users\/90"}],"replies":[{"embeddable":true,"href":"https:\/\/www.salzburgerland.com\/de\/magazin\/wp-json\/wp\/v2\/comments?post=118881"}],"version-history":[{"count":5,"href":"https:\/\/www.salzburgerland.com\/de\/magazin\/wp-json\/wp\/v2\/posts\/118881\/revisions"}],"predecessor-version":[{"id":176556,"href":"https:\/\/www.salzburgerland.com\/de\/magazin\/wp-json\/wp\/v2\/posts\/118881\/revisions\/176556"}],"wp:featuredmedia":[{"embeddable":true,"href":"https:\/\/www.salzburgerland.com\/de\/magazin\/wp-json\/wp\/v2\/media\/118894"}],"wp:attachment":[{"href":"https:\/\/www.salzburgerland.com\/de\/magazin\/wp-json\/wp\/v2\/media?parent=118881"}],"wp:term":[{"taxonomy":"category","embeddable":true,"href":"https:\/\/www.salzburgerland.com\/de\/magazin\/wp-json\/wp\/v2\/categories?post=118881"},{"taxonomy":"post_tag","embeddable":true,"href":"https:\/\/www.salzburgerland.com\/de\/magazin\/wp-json\/wp\/v2\/tags?post=118881"},{"taxonomy":"wl_entity_type","embeddable":true,"href":"https:\/\/www.salzburgerland.com\/de\/magazin\/wp-json\/wp\/v2\/wl_entity_type?post=118881"},{"taxonomy":"monatsauswahl","embeddable":true,"href":"https:\/\/www.salzburgerland.com\/de\/magazin\/wp-json\/wp\/v2\/monatsauswahl?post=118881"}],"curies":[{"name":"wp","href":"https:\/\/api.w.org\/{rel}","templated":true}]}}