{"id":118622,"date":"2017-10-13T12:28:37","date_gmt":"2017-10-13T10:28:37","guid":{"rendered":"https:\/\/www.salzburgerland.com\/de\/magazin\/?p=118622"},"modified":"2019-06-26T18:31:33","modified_gmt":"2019-06-26T16:31:33","slug":"wenn-der-nachtwaechter-erzaehlt","status":"publish","type":"post","link":"https:\/\/www.salzburgerland.com\/de\/magazin\/wenn-der-nachtwaechter-erzaehlt\/","title":{"rendered":"Wenn der Nachtw\u00e4chter erz\u00e4hlt&#8230;"},"content":{"rendered":"<p><strong>Bei einem Rundgang mit dem Halleiner Nachtw\u00e4chter erf\u00e4hrt man vieles. Viel Kurioses, viel Spannendes und auch viel Sagenhaftes. Wir durften den Nachtw\u00e4chter bei seiner Tour begleiten.\u00a0<\/strong><\/p>\n<p>Im <a href=\"http:\/\/www.hallein.com\/unterkuenfte-angebote\/545-aktivprogrammbox\" target=\"_blank\" rel=\"noopener noreferrer\">neuen Aktivprogramm des Tourismusverbandes Hallein<\/a> steht seit kurzem auch ein Nachtw\u00e4chter-Rundgang auf dem Plan. Das m\u00fcssen wir ausprobieren, und so stehen wir um 20.00 Uhr gemeinsam mit rund 15 anderen Interessierten am Platz vor dem Tourismusverband Hallein\/Bad D\u00fcrrnberg. Lange m\u00fcssen wir nicht warten, da kommt er schon, sch\u00e4lt sich aus der Nacht. Mit einem langen Mantel ist er angetan, der Halleiner Nachtw\u00e4chter, er tr\u00e4gt einen Hut auf dem Kopf, hat eine Laterne in der einen und eine Hellebarde in der anderen Hand, auf dem R\u00fccken tr\u00e4gt er eine Gitarre. Und mit dieser beginnt er auch sogleich zu spielen \u2013 schlie\u00dflich muss er seine Wacht antreten: <em>\u201eH\u00f6rt, ihr Leut, und lasst euch sagen, unsre Uhr hat acht geschlagen. Ist nur ein Gott in der Welt, ihm sei all\u00b4s anheim gestellt. Menschenwachen kann nichts n\u00fctzen. Gott muss wachen, Gott muss sch\u00fctzen!&#8220;<\/em><\/p>\n<p><img loading=\"lazy\" decoding=\"async\" class=\"alignnone size-singlePost wp-image-118650\" src=\"https:\/\/www.salzburgerland.com\/de\/magazin\/wp-content\/uploads\/2017\/10\/NachtWaechterTour_Hallein_knaro_22-650x435.jpg\" alt=\"\" width=\"650\" height=\"435\" \/><\/p>\n<h3>Vom Teufel und den Gnomen: die etwas andere Stadtf\u00fchrung<\/h3>\n<p>Nach diesem Lied setzt sich die kleine Prozession in Bewegung. Wir gehen hinunter an die Salzach, die fr\u00fcher als Transportweg f\u00fcr das Salz eine essenzielle Bedeutung f\u00fcr Hallein hatte. Der Nachtw\u00e4chter macht uns auf die Skulptur einer Hallasche aufmerksam. Mit diesem 16 Meter langen Boot wurde das Salz von Hallein Richtung Donau transportiert. Salz, das \u201eWei\u00dfe Gold&#8220;, war allgegenw\u00e4rtig in der Keltenstadt.\u00a0Im 18. Jahrhundert gab es gar eine Salz-Hymne, erz\u00e4hlt der Nachtw\u00e4chter, die den Menschen erkl\u00e4rte, wie wichtig das Wei\u00dfe Gold f\u00fcr <em>\u201eden Menschen, Thieren und Erdfr\u00fcchten\u201c<\/em> sei. Und schon stimmt er mit seiner Gitarre das Salzlied an, und wir alle lauschen and\u00e4chtig. Schlie\u00dflich geht es weiter durch die mittelalterlichen Gassen der sch\u00f6nen Stadt, \u00fcber gro\u00dfe und kleine Pl\u00e4tze, durch Durchg\u00e4nge und an den alten Stadttoren vorbei.<\/p>\n<p><img loading=\"lazy\" decoding=\"async\" class=\"alignnone size-singlePost wp-image-118635\" src=\"https:\/\/www.salzburgerland.com\/de\/magazin\/wp-content\/uploads\/2017\/10\/NachtWaechterTour_Hallein_knaro_7-650x435.jpg\" alt=\"\" width=\"650\" height=\"435\" \/><\/p>\n<h3>Die \u201eZeiserlf\u00e4nger&#8220;<\/h3>\n<p>Wir sind froh, dass einige aus der Gruppe so schlau waren und eigene kleine Laternen mitgebracht haben. So wandern wir im Laternenschein durch die anbrechende Nacht, h\u00f6ren mit Humor vorgetragene Geschichten \u00fcber den Teufel auf den Barmsteinen, kleinen Gnomen am D\u00fcrrnberg und erfahren, warum die Halleiner oftmals \u201eZeiserlf\u00e4nger&#8220; genannt werden. Nach etwas mehr als einer Stunde kommen wir schlie\u00dflich wieder an unserem Ausgangsort auf der Pernerinsel an. Zum Ende seiner Wacht singt der Nachtw\u00e4cher noch einmal das Nachtw\u00e4chterlied und entl\u00e4sst uns schlie\u00dflich in die Nacht. Auf dem Weg zum Auto blicken wir hinauf zu den Barmsteinen, den Wahrzeichen von Hallein, und erinnern uns an die Sage, wie diese entstanden sind. Und was der Teufel damit zu tun hat. Wir schmunzeln vor uns hin und nehmen uns vor, bald wieder mit dem Nachtw\u00e4chter durch die mittelalterliche Stadt zu streifen.\u00a0<\/p>\n<p> Wer \u00fcbrigens noch tiefer in die Welt der Nachtw\u00e4chter eintauchen m\u00f6chte, dem sei ein Buchtipp ans Herz gelegt:\u00a0Ulrich Metzner blickt in seinem im September 2017 im Verlag Anton Pustet erschienenen Buch \u201eNachtw\u00e4chter und T\u00fcrmer&#8220; auf vergangene Generationen und heutige Vertreter sowohl der Nachtw\u00e4chter als auch der sogenannten T\u00fcrmer zur\u00fcck. Und berichtet dabei von den Traditionen dieser alteingesessenen Zunft.\u00a0<\/p>\n<p><img loading=\"lazy\" decoding=\"async\" class=\"alignnone size-singlePost wp-image-118654\" src=\"https:\/\/www.salzburgerland.com\/de\/magazin\/wp-content\/uploads\/2017\/10\/NachtWaechterTour_Hallein_knaro_26-650x435.jpg\" alt=\"\" width=\"650\" height=\"435\" \/><\/p>\n<p><em>Fotocredits: \u00a9 knaro.at<\/em><\/p>\n","protected":false},"excerpt":{"rendered":"<p>Bei einem Rundgang mit dem Halleiner Nachtw\u00e4chter erf\u00e4hrt man vieles. Viel Kurioses, viel Spannendes und auch viel Sagenhaftes. Wir durften den Nachtw\u00e4chter bei seiner Tour begleiten.\u00a0 Im neuen Aktivprogramm des Tourismusverbandes Hallein steht seit kurzem auch ein Nachtw\u00e4chter-Rundgang auf dem Plan. Das m\u00fcssen wir ausprobieren, und so stehen wir um 20.00 Uhr gemeinsam mit rund [&hellip;]<\/p>\n","protected":false},"author":333,"featured_media":118631,"comment_status":"open","ping_status":"open","sticky":false,"template":"","format":"standard","meta":{"_acf_changed":false,"wl_entities_gutenberg":"","_wl_entity_redirect_enabled":"","footnotes":""},"categories":[9],"tags":[],"wl_entity_type":[306],"monatsauswahl":[90,91,92,93],"class_list":["post-118622","post","type-post","status-publish","format-standard","has-post-thumbnail","hentry","category-sehenswurdig","wl_entity_type-article","monatsauswahl-monat_9","monatsauswahl-monat_10","monatsauswahl-monat_11","monatsauswahl-monat_12"],"acf":[],"yoast_head":"<!-- This site is optimized with the Yoast SEO Premium plugin v27.4 (Yoast SEO v27.4) - https:\/\/yoast.com\/product\/yoast-seo-premium-wordpress\/ -->\n<title>Wenn der Nachtw\u00e4chter erz\u00e4hlt... - SalzburgerLand Magazin<\/title>\n<meta name=\"description\" content=\"Bei einem Rundgang mit dem Halleiner Nachtw\u00e4chter erf\u00e4hrt man vieles. Viel Kurioses, viel Spannendes und auch viel Sagenhaftes. Wir durften den Nachtw\u00e4chter bei seiner Tour begleiten.\u00a0 Im neuen Aktivprogramm des Tourismusverbandes Hallein steht seit kurzem auch ein Nachtw\u00e4chter-Rundgang auf dem Plan. Das m\u00fcssen wir ausprobieren, und so stehen wir um 20.00 Uhr gemeinsam mit rund [&hellip;]\" \/>\n<meta name=\"robots\" content=\"index, follow, max-snippet:-1, max-image-preview:large, max-video-preview:-1\" \/>\n<link rel=\"canonical\" href=\"https:\/\/www.salzburgerland.com\/de\/magazin\/wenn-der-nachtwaechter-erzaehlt\/\" \/>\n<meta property=\"og:locale\" content=\"de_DE\" \/>\n<meta property=\"og:type\" content=\"article\" \/>\n<meta property=\"og:title\" content=\"Wenn der Nachtw\u00e4chter erz\u00e4hlt...\" \/>\n<meta property=\"og:description\" content=\"Bei einem Rundgang mit dem Halleiner Nachtw\u00e4chter erf\u00e4hrt man vieles. Viel Kurioses, viel Spannendes und auch viel Sagenhaftes. Wir durften den Nachtw\u00e4chter bei seiner Tour begleiten.\u00a0 Im neuen Aktivprogramm des Tourismusverbandes Hallein steht seit kurzem auch ein Nachtw\u00e4chter-Rundgang auf dem Plan. Das m\u00fcssen wir ausprobieren, und so stehen wir um 20.00 Uhr gemeinsam mit rund [&hellip;]\" \/>\n<meta property=\"og:url\" content=\"https:\/\/www.salzburgerland.com\/de\/magazin\/wenn-der-nachtwaechter-erzaehlt\/\" \/>\n<meta property=\"og:site_name\" content=\"SalzburgerLand Magazin\" \/>\n<meta property=\"article:publisher\" content=\"https:\/\/www.facebook.com\/salzburgerland\/\" \/>\n<meta property=\"article:published_time\" content=\"2017-10-13T10:28:37+00:00\" \/>\n<meta property=\"article:modified_time\" content=\"2019-06-26T16:31:33+00:00\" \/>\n<meta property=\"og:image\" content=\"https:\/\/www.salzburgerland.com\/de\/magazin\/wp-content\/uploads\/2017\/10\/NachtWaechterTour_Hallein_knaro_3.jpg\" \/>\n\t<meta property=\"og:image:width\" content=\"1600\" \/>\n\t<meta property=\"og:image:height\" content=\"1067\" \/>\n\t<meta property=\"og:image:type\" content=\"image\/jpeg\" \/>\n<meta name=\"author\" content=\"Christina Knauseder-Csipek\" \/>\n<meta name=\"twitter:card\" content=\"summary_large_image\" \/>\n<meta name=\"twitter:creator\" content=\"@Salzburgerland\" \/>\n<meta name=\"twitter:site\" content=\"@Salzburgerland\" \/>\n<meta name=\"twitter:label1\" content=\"Verfasst von\" \/>\n\t<meta name=\"twitter:data1\" content=\"Christina Knauseder-Csipek\" \/>\n\t<meta name=\"twitter:label2\" content=\"Gesch\u00e4tzte Lesezeit\" \/>\n\t<meta name=\"twitter:data2\" content=\"3\u00a0Minuten\" \/>\n<script type=\"application\/ld+json\" class=\"yoast-schema-graph\">{\"@context\":\"https:\\\/\\\/schema.org\",\"@graph\":[{\"@type\":\"Article\",\"@id\":\"https:\\\/\\\/www.salzburgerland.com\\\/de\\\/magazin\\\/wenn-der-nachtwaechter-erzaehlt\\\/#article\",\"isPartOf\":{\"@id\":\"https:\\\/\\\/www.salzburgerland.com\\\/de\\\/magazin\\\/wenn-der-nachtwaechter-erzaehlt\\\/\"},\"author\":{\"name\":\"Christina Knauseder-Csipek\",\"@id\":\"https:\\\/\\\/www.salzburgerland.com\\\/de\\\/magazin\\\/#\\\/schema\\\/person\\\/c8d118fb84adefa6fa30b3220457409a\"},\"headline\":\"Wenn der Nachtw\u00e4chter erz\u00e4hlt&#8230;\",\"datePublished\":\"2017-10-13T10:28:37+00:00\",\"dateModified\":\"2019-06-26T16:31:33+00:00\",\"mainEntityOfPage\":{\"@id\":\"https:\\\/\\\/www.salzburgerland.com\\\/de\\\/magazin\\\/wenn-der-nachtwaechter-erzaehlt\\\/\"},\"wordCount\":559,\"commentCount\":0,\"publisher\":{\"@id\":\"https:\\\/\\\/www.salzburgerland.com\\\/de\\\/magazin\\\/#organization\"},\"image\":{\"@id\":\"https:\\\/\\\/www.salzburgerland.com\\\/de\\\/magazin\\\/wenn-der-nachtwaechter-erzaehlt\\\/#primaryimage\"},\"thumbnailUrl\":\"https:\\\/\\\/www.salzburgerland.com\\\/de\\\/magazin\\\/wp-content\\\/uploads\\\/2017\\\/10\\\/NachtWaechterTour_Hallein_knaro_3.jpg\",\"articleSection\":[\"Sehensw\u00fcrdig\"],\"inLanguage\":\"de\",\"potentialAction\":[{\"@type\":\"CommentAction\",\"name\":\"Comment\",\"target\":[\"https:\\\/\\\/www.salzburgerland.com\\\/de\\\/magazin\\\/wenn-der-nachtwaechter-erzaehlt\\\/#respond\"]}]},{\"@type\":\"WebPage\",\"@id\":\"https:\\\/\\\/www.salzburgerland.com\\\/de\\\/magazin\\\/wenn-der-nachtwaechter-erzaehlt\\\/\",\"url\":\"https:\\\/\\\/www.salzburgerland.com\\\/de\\\/magazin\\\/wenn-der-nachtwaechter-erzaehlt\\\/\",\"name\":\"Wenn der Nachtw\u00e4chter erz\u00e4hlt... - SalzburgerLand Magazin\",\"isPartOf\":{\"@id\":\"https:\\\/\\\/www.salzburgerland.com\\\/de\\\/magazin\\\/#website\"},\"primaryImageOfPage\":{\"@id\":\"https:\\\/\\\/www.salzburgerland.com\\\/de\\\/magazin\\\/wenn-der-nachtwaechter-erzaehlt\\\/#primaryimage\"},\"image\":{\"@id\":\"https:\\\/\\\/www.salzburgerland.com\\\/de\\\/magazin\\\/wenn-der-nachtwaechter-erzaehlt\\\/#primaryimage\"},\"thumbnailUrl\":\"https:\\\/\\\/www.salzburgerland.com\\\/de\\\/magazin\\\/wp-content\\\/uploads\\\/2017\\\/10\\\/NachtWaechterTour_Hallein_knaro_3.jpg\",\"datePublished\":\"2017-10-13T10:28:37+00:00\",\"dateModified\":\"2019-06-26T16:31:33+00:00\",\"breadcrumb\":{\"@id\":\"https:\\\/\\\/www.salzburgerland.com\\\/de\\\/magazin\\\/wenn-der-nachtwaechter-erzaehlt\\\/#breadcrumb\"},\"inLanguage\":\"de\",\"potentialAction\":[{\"@type\":\"ReadAction\",\"target\":[\"https:\\\/\\\/www.salzburgerland.com\\\/de\\\/magazin\\\/wenn-der-nachtwaechter-erzaehlt\\\/\"]}]},{\"@type\":\"ImageObject\",\"inLanguage\":\"de\",\"@id\":\"https:\\\/\\\/www.salzburgerland.com\\\/de\\\/magazin\\\/wenn-der-nachtwaechter-erzaehlt\\\/#primaryimage\",\"url\":\"https:\\\/\\\/www.salzburgerland.com\\\/de\\\/magazin\\\/wp-content\\\/uploads\\\/2017\\\/10\\\/NachtWaechterTour_Hallein_knaro_3.jpg\",\"contentUrl\":\"https:\\\/\\\/www.salzburgerland.com\\\/de\\\/magazin\\\/wp-content\\\/uploads\\\/2017\\\/10\\\/NachtWaechterTour_Hallein_knaro_3.jpg\",\"width\":1600,\"height\":1067},{\"@type\":\"BreadcrumbList\",\"@id\":\"https:\\\/\\\/www.salzburgerland.com\\\/de\\\/magazin\\\/wenn-der-nachtwaechter-erzaehlt\\\/#breadcrumb\",\"itemListElement\":[{\"@type\":\"ListItem\",\"position\":1,\"name\":\"Startseite\",\"item\":\"https:\\\/\\\/www.salzburgerland.com\\\/de\\\/magazin\\\/\"},{\"@type\":\"ListItem\",\"position\":2,\"name\":\"Sehensw\u00fcrdig\",\"item\":\"https:\\\/\\\/www.salzburgerland.com\\\/de\\\/magazin\\\/thema\\\/sehenswurdig\\\/\"},{\"@type\":\"ListItem\",\"position\":3,\"name\":\"Wenn der Nachtw\u00e4chter erz\u00e4hlt&#8230;\"}]},{\"@type\":\"WebSite\",\"@id\":\"https:\\\/\\\/www.salzburgerland.com\\\/de\\\/magazin\\\/#website\",\"url\":\"https:\\\/\\\/www.salzburgerland.com\\\/de\\\/magazin\\\/\",\"name\":\"SalzburgerLand Magazin\",\"description\":\"Geschichten und Interessantes aus dem SalzburgerLand\",\"publisher\":{\"@id\":\"https:\\\/\\\/www.salzburgerland.com\\\/de\\\/magazin\\\/#organization\"},\"potentialAction\":[{\"@type\":\"SearchAction\",\"target\":{\"@type\":\"EntryPoint\",\"urlTemplate\":\"https:\\\/\\\/www.salzburgerland.com\\\/de\\\/magazin\\\/?s={search_term_string}\"},\"query-input\":{\"@type\":\"PropertyValueSpecification\",\"valueRequired\":true,\"valueName\":\"search_term_string\"}}],\"inLanguage\":\"de\"},{\"@type\":\"Organization\",\"@id\":\"https:\\\/\\\/www.salzburgerland.com\\\/de\\\/magazin\\\/#organization\",\"name\":\"SalzburgerLand Tourismus\",\"url\":\"https:\\\/\\\/www.salzburgerland.com\\\/de\\\/magazin\\\/\",\"logo\":{\"@type\":\"ImageObject\",\"inLanguage\":\"de\",\"@id\":\"https:\\\/\\\/www.salzburgerland.com\\\/de\\\/magazin\\\/#\\\/schema\\\/logo\\\/image\\\/\",\"url\":\"https:\\\/\\\/www.salzburgerland.com\\\/de\\\/magazin\\\/wp-content\\\/uploads\\\/2019\\\/06\\\/salzburgerland-logo1.jpg\",\"contentUrl\":\"https:\\\/\\\/www.salzburgerland.com\\\/de\\\/magazin\\\/wp-content\\\/uploads\\\/2019\\\/06\\\/salzburgerland-logo1.jpg\",\"width\":2011,\"height\":866,\"caption\":\"SalzburgerLand Tourismus\"},\"image\":{\"@id\":\"https:\\\/\\\/www.salzburgerland.com\\\/de\\\/magazin\\\/#\\\/schema\\\/logo\\\/image\\\/\"},\"sameAs\":[\"https:\\\/\\\/www.facebook.com\\\/salzburgerland\\\/\",\"https:\\\/\\\/x.com\\\/Salzburgerland\",\"https:\\\/\\\/www.instagram.com\\\/salzburgerland\\\/\",\"https:\\\/\\\/at.linkedin.com\\\/company\\\/salzburgerland-tourismus-gmbh\",\"https:\\\/\\\/www.pinterest.at\\\/salzburgerland\\\/\",\"https:\\\/\\\/www.youtube.com\\\/user\\\/salzburgerland\",\"https:\\\/\\\/de.wikipedia.org\\\/wiki\\\/SalzburgerLand_Tourismus_GmbH\"]},{\"@type\":\"Person\",\"@id\":\"https:\\\/\\\/www.salzburgerland.com\\\/de\\\/magazin\\\/#\\\/schema\\\/person\\\/c8d118fb84adefa6fa30b3220457409a\",\"name\":\"Christina Knauseder-Csipek\",\"description\":\"Ob interessante Menschen, besondere Landstriche oder bedeutsame Orte: Geschichten von Land und Leuten liegen Christina als studierte Historikerin und Kommunikationswissenschaftlerin besonders am Herzen. In ihrer Freizeit ist sie am liebsten in der Natur unterwegs oder begibt sich mit einer Tasse Tee in der Hand in fremde (Buch-)Welten. Das SalzburgerLand hat die Redakteurin schon als Kind sch\u00e4tzen und lieben gelernt. Heute genie\u00dft sie dessen Sch\u00f6nheiten noch immer so oft wie m\u00f6glich, zieht ihre Kreise aber auch gerne mal etwas gr\u00f6\u00dfer. Freunde munkeln \u00fcber einen Schuss Zigeunerblut in ihren Adern. So tingelt sie am liebsten entweder mit dem Rucksack durch Asien oder mit dem alten VW-Bus quer durch Europa. Und \u00fcberall warten spannende Geschichten darauf, bemerkt und niedergeschrieben zu werden. Fr\u00fchling, Sommer, Herbst oder Winter? Als geb\u00fcrtiges \u201eHerbstkatzerl\u201c liegt mir diese Jahreszeit besonders am Herzen. So sehr ich auch Fr\u00fchling, Sommer und Winter genie\u00dfe, ein klarer, sonniger Herbsttag mit seiner opulenten Farbenpracht \u2013 das hat schon einen ganz besonderen Zauber. Luxushotel oder Almh\u00fctte? Klar lasse ich mich auch gerne mal in einem Luxushotel verw\u00f6hnen, alles andere w\u00e4re geschwindelt. Aber gegen ein bodenst\u00e4ndiges Reise-Erlebnis nah an der Natur, ob auf einer urigen Alm oder am spartanischen Campingplatz auf Korsika, tausche ich einen Luxus-Urlaub gerne ein. Jederzeit und immer wieder. Kr\u00e4utertee oder Zirbenschnaps? Ein Schnapserl in Ehren kann ich schwer verwehren, wobei auch da eher den selbstgemachten Nusschnaps vom Onkel als die Zirbe. Grunds\u00e4tzlich bin ich aber ein leidenschaftlicher Tee-Genie\u00dfer und fr\u00f6ne dieser Leidenschaft literweise. Ob Gr\u00fcntee, Kr\u00e4utertee oder ganz klassisch \u201eEarl Grey\u201c: Eine Tasse Tee ist f\u00fcr mich Entspannung und Antrieb gleicherma\u00dfen. Buch oder Film? Ich bin ein absoluter B\u00fccherwurm, von Kindesbeinen an. B\u00f6se Zungen behaupten, dieser Zeit (Lesen bei, naja, nicht immer optimalen Bedingungen) h\u00e4tte ich auch meine Fehlsichtigkeit zu verdanken. Ob \u201eDer Herr der Ringe\u201c oder \u201eGame of Thrones\u201c \u2013 vor allem in fantastischen Welten kann ich mich komplett verlieren. Guten Filmen bin ich trotzdem nicht abgeneigt, da haben es mir vor allem \u00f6sterreichische und d\u00e4nische Produktionen angetan. Meistens herrlich skurril und oft zum Br\u00fcllen komisch. Yoga oder Mountainbike Auch wenn ich\u00b4s mir fr\u00fcher nicht gedacht h\u00e4tte: Yoga ist wirklich eine geniale Sache. Das mehr auf Kraft ausgerichtete Ashtanga Yoga hat einen fixen Platz in meinem Wochenplan gefunden, obwohl meine eigentliche Leidenschaft den Pferden geh\u00f6rt. Grunds\u00e4tzlich bevorzuge ich sportliche Aktivit\u00e4ten unter freiem Himmel. Von Laufen bis hin zum Paragleiten ist da alles mit dabei.\",\"url\":\"https:\\\/\\\/www.salzburgerland.com\\\/de\\\/magazin\\\/author\\\/christina-knauseder-csipek\\\/\"}]}<\/script>\n<!-- \/ Yoast SEO Premium plugin. -->","yoast_head_json":{"title":"Wenn der Nachtw\u00e4chter erz\u00e4hlt... - SalzburgerLand Magazin","description":"Bei einem Rundgang mit dem Halleiner Nachtw\u00e4chter erf\u00e4hrt man vieles. Viel Kurioses, viel Spannendes und auch viel Sagenhaftes. Wir durften den Nachtw\u00e4chter bei seiner Tour begleiten.\u00a0 Im neuen Aktivprogramm des Tourismusverbandes Hallein steht seit kurzem auch ein Nachtw\u00e4chter-Rundgang auf dem Plan. Das m\u00fcssen wir ausprobieren, und so stehen wir um 20.00 Uhr gemeinsam mit rund [&hellip;]","robots":{"index":"index","follow":"follow","max-snippet":"max-snippet:-1","max-image-preview":"max-image-preview:large","max-video-preview":"max-video-preview:-1"},"canonical":"https:\/\/www.salzburgerland.com\/de\/magazin\/wenn-der-nachtwaechter-erzaehlt\/","og_locale":"de_DE","og_type":"article","og_title":"Wenn der Nachtw\u00e4chter erz\u00e4hlt...","og_description":"Bei einem Rundgang mit dem Halleiner Nachtw\u00e4chter erf\u00e4hrt man vieles. Viel Kurioses, viel Spannendes und auch viel Sagenhaftes. Wir durften den Nachtw\u00e4chter bei seiner Tour begleiten.\u00a0 Im neuen Aktivprogramm des Tourismusverbandes Hallein steht seit kurzem auch ein Nachtw\u00e4chter-Rundgang auf dem Plan. Das m\u00fcssen wir ausprobieren, und so stehen wir um 20.00 Uhr gemeinsam mit rund [&hellip;]","og_url":"https:\/\/www.salzburgerland.com\/de\/magazin\/wenn-der-nachtwaechter-erzaehlt\/","og_site_name":"SalzburgerLand Magazin","article_publisher":"https:\/\/www.facebook.com\/salzburgerland\/","article_published_time":"2017-10-13T10:28:37+00:00","article_modified_time":"2019-06-26T16:31:33+00:00","og_image":[{"width":1600,"height":1067,"url":"https:\/\/www.salzburgerland.com\/de\/magazin\/wp-content\/uploads\/2017\/10\/NachtWaechterTour_Hallein_knaro_3.jpg","type":"image\/jpeg"}],"author":"Christina Knauseder-Csipek","twitter_card":"summary_large_image","twitter_creator":"@Salzburgerland","twitter_site":"@Salzburgerland","twitter_misc":{"Verfasst von":"Christina Knauseder-Csipek","Gesch\u00e4tzte Lesezeit":"3\u00a0Minuten"},"schema":{"@context":"https:\/\/schema.org","@graph":[{"@type":"Article","@id":"https:\/\/www.salzburgerland.com\/de\/magazin\/wenn-der-nachtwaechter-erzaehlt\/#article","isPartOf":{"@id":"https:\/\/www.salzburgerland.com\/de\/magazin\/wenn-der-nachtwaechter-erzaehlt\/"},"author":{"name":"Christina Knauseder-Csipek","@id":"https:\/\/www.salzburgerland.com\/de\/magazin\/#\/schema\/person\/c8d118fb84adefa6fa30b3220457409a"},"headline":"Wenn der Nachtw\u00e4chter erz\u00e4hlt&#8230;","datePublished":"2017-10-13T10:28:37+00:00","dateModified":"2019-06-26T16:31:33+00:00","mainEntityOfPage":{"@id":"https:\/\/www.salzburgerland.com\/de\/magazin\/wenn-der-nachtwaechter-erzaehlt\/"},"wordCount":559,"commentCount":0,"publisher":{"@id":"https:\/\/www.salzburgerland.com\/de\/magazin\/#organization"},"image":{"@id":"https:\/\/www.salzburgerland.com\/de\/magazin\/wenn-der-nachtwaechter-erzaehlt\/#primaryimage"},"thumbnailUrl":"https:\/\/www.salzburgerland.com\/de\/magazin\/wp-content\/uploads\/2017\/10\/NachtWaechterTour_Hallein_knaro_3.jpg","articleSection":["Sehensw\u00fcrdig"],"inLanguage":"de","potentialAction":[{"@type":"CommentAction","name":"Comment","target":["https:\/\/www.salzburgerland.com\/de\/magazin\/wenn-der-nachtwaechter-erzaehlt\/#respond"]}]},{"@type":"WebPage","@id":"https:\/\/www.salzburgerland.com\/de\/magazin\/wenn-der-nachtwaechter-erzaehlt\/","url":"https:\/\/www.salzburgerland.com\/de\/magazin\/wenn-der-nachtwaechter-erzaehlt\/","name":"Wenn der Nachtw\u00e4chter erz\u00e4hlt... - SalzburgerLand Magazin","isPartOf":{"@id":"https:\/\/www.salzburgerland.com\/de\/magazin\/#website"},"primaryImageOfPage":{"@id":"https:\/\/www.salzburgerland.com\/de\/magazin\/wenn-der-nachtwaechter-erzaehlt\/#primaryimage"},"image":{"@id":"https:\/\/www.salzburgerland.com\/de\/magazin\/wenn-der-nachtwaechter-erzaehlt\/#primaryimage"},"thumbnailUrl":"https:\/\/www.salzburgerland.com\/de\/magazin\/wp-content\/uploads\/2017\/10\/NachtWaechterTour_Hallein_knaro_3.jpg","datePublished":"2017-10-13T10:28:37+00:00","dateModified":"2019-06-26T16:31:33+00:00","breadcrumb":{"@id":"https:\/\/www.salzburgerland.com\/de\/magazin\/wenn-der-nachtwaechter-erzaehlt\/#breadcrumb"},"inLanguage":"de","potentialAction":[{"@type":"ReadAction","target":["https:\/\/www.salzburgerland.com\/de\/magazin\/wenn-der-nachtwaechter-erzaehlt\/"]}]},{"@type":"ImageObject","inLanguage":"de","@id":"https:\/\/www.salzburgerland.com\/de\/magazin\/wenn-der-nachtwaechter-erzaehlt\/#primaryimage","url":"https:\/\/www.salzburgerland.com\/de\/magazin\/wp-content\/uploads\/2017\/10\/NachtWaechterTour_Hallein_knaro_3.jpg","contentUrl":"https:\/\/www.salzburgerland.com\/de\/magazin\/wp-content\/uploads\/2017\/10\/NachtWaechterTour_Hallein_knaro_3.jpg","width":1600,"height":1067},{"@type":"BreadcrumbList","@id":"https:\/\/www.salzburgerland.com\/de\/magazin\/wenn-der-nachtwaechter-erzaehlt\/#breadcrumb","itemListElement":[{"@type":"ListItem","position":1,"name":"Startseite","item":"https:\/\/www.salzburgerland.com\/de\/magazin\/"},{"@type":"ListItem","position":2,"name":"Sehensw\u00fcrdig","item":"https:\/\/www.salzburgerland.com\/de\/magazin\/thema\/sehenswurdig\/"},{"@type":"ListItem","position":3,"name":"Wenn der Nachtw\u00e4chter erz\u00e4hlt&#8230;"}]},{"@type":"WebSite","@id":"https:\/\/www.salzburgerland.com\/de\/magazin\/#website","url":"https:\/\/www.salzburgerland.com\/de\/magazin\/","name":"SalzburgerLand Magazin","description":"Geschichten und Interessantes aus dem SalzburgerLand","publisher":{"@id":"https:\/\/www.salzburgerland.com\/de\/magazin\/#organization"},"potentialAction":[{"@type":"SearchAction","target":{"@type":"EntryPoint","urlTemplate":"https:\/\/www.salzburgerland.com\/de\/magazin\/?s={search_term_string}"},"query-input":{"@type":"PropertyValueSpecification","valueRequired":true,"valueName":"search_term_string"}}],"inLanguage":"de"},{"@type":"Organization","@id":"https:\/\/www.salzburgerland.com\/de\/magazin\/#organization","name":"SalzburgerLand Tourismus","url":"https:\/\/www.salzburgerland.com\/de\/magazin\/","logo":{"@type":"ImageObject","inLanguage":"de","@id":"https:\/\/www.salzburgerland.com\/de\/magazin\/#\/schema\/logo\/image\/","url":"https:\/\/www.salzburgerland.com\/de\/magazin\/wp-content\/uploads\/2019\/06\/salzburgerland-logo1.jpg","contentUrl":"https:\/\/www.salzburgerland.com\/de\/magazin\/wp-content\/uploads\/2019\/06\/salzburgerland-logo1.jpg","width":2011,"height":866,"caption":"SalzburgerLand Tourismus"},"image":{"@id":"https:\/\/www.salzburgerland.com\/de\/magazin\/#\/schema\/logo\/image\/"},"sameAs":["https:\/\/www.facebook.com\/salzburgerland\/","https:\/\/x.com\/Salzburgerland","https:\/\/www.instagram.com\/salzburgerland\/","https:\/\/at.linkedin.com\/company\/salzburgerland-tourismus-gmbh","https:\/\/www.pinterest.at\/salzburgerland\/","https:\/\/www.youtube.com\/user\/salzburgerland","https:\/\/de.wikipedia.org\/wiki\/SalzburgerLand_Tourismus_GmbH"]},{"@type":"Person","@id":"https:\/\/www.salzburgerland.com\/de\/magazin\/#\/schema\/person\/c8d118fb84adefa6fa30b3220457409a","name":"Christina Knauseder-Csipek","description":"Ob interessante Menschen, besondere Landstriche oder bedeutsame Orte: Geschichten von Land und Leuten liegen Christina als studierte Historikerin und Kommunikationswissenschaftlerin besonders am Herzen. In ihrer Freizeit ist sie am liebsten in der Natur unterwegs oder begibt sich mit einer Tasse Tee in der Hand in fremde (Buch-)Welten. Das SalzburgerLand hat die Redakteurin schon als Kind sch\u00e4tzen und lieben gelernt. Heute genie\u00dft sie dessen Sch\u00f6nheiten noch immer so oft wie m\u00f6glich, zieht ihre Kreise aber auch gerne mal etwas gr\u00f6\u00dfer. Freunde munkeln \u00fcber einen Schuss Zigeunerblut in ihren Adern. So tingelt sie am liebsten entweder mit dem Rucksack durch Asien oder mit dem alten VW-Bus quer durch Europa. Und \u00fcberall warten spannende Geschichten darauf, bemerkt und niedergeschrieben zu werden. Fr\u00fchling, Sommer, Herbst oder Winter? Als geb\u00fcrtiges \u201eHerbstkatzerl\u201c liegt mir diese Jahreszeit besonders am Herzen. So sehr ich auch Fr\u00fchling, Sommer und Winter genie\u00dfe, ein klarer, sonniger Herbsttag mit seiner opulenten Farbenpracht \u2013 das hat schon einen ganz besonderen Zauber. Luxushotel oder Almh\u00fctte? Klar lasse ich mich auch gerne mal in einem Luxushotel verw\u00f6hnen, alles andere w\u00e4re geschwindelt. Aber gegen ein bodenst\u00e4ndiges Reise-Erlebnis nah an der Natur, ob auf einer urigen Alm oder am spartanischen Campingplatz auf Korsika, tausche ich einen Luxus-Urlaub gerne ein. Jederzeit und immer wieder. Kr\u00e4utertee oder Zirbenschnaps? Ein Schnapserl in Ehren kann ich schwer verwehren, wobei auch da eher den selbstgemachten Nusschnaps vom Onkel als die Zirbe. Grunds\u00e4tzlich bin ich aber ein leidenschaftlicher Tee-Genie\u00dfer und fr\u00f6ne dieser Leidenschaft literweise. Ob Gr\u00fcntee, Kr\u00e4utertee oder ganz klassisch \u201eEarl Grey\u201c: Eine Tasse Tee ist f\u00fcr mich Entspannung und Antrieb gleicherma\u00dfen. Buch oder Film? Ich bin ein absoluter B\u00fccherwurm, von Kindesbeinen an. B\u00f6se Zungen behaupten, dieser Zeit (Lesen bei, naja, nicht immer optimalen Bedingungen) h\u00e4tte ich auch meine Fehlsichtigkeit zu verdanken. Ob \u201eDer Herr der Ringe\u201c oder \u201eGame of Thrones\u201c \u2013 vor allem in fantastischen Welten kann ich mich komplett verlieren. Guten Filmen bin ich trotzdem nicht abgeneigt, da haben es mir vor allem \u00f6sterreichische und d\u00e4nische Produktionen angetan. Meistens herrlich skurril und oft zum Br\u00fcllen komisch. Yoga oder Mountainbike Auch wenn ich\u00b4s mir fr\u00fcher nicht gedacht h\u00e4tte: Yoga ist wirklich eine geniale Sache. Das mehr auf Kraft ausgerichtete Ashtanga Yoga hat einen fixen Platz in meinem Wochenplan gefunden, obwohl meine eigentliche Leidenschaft den Pferden geh\u00f6rt. Grunds\u00e4tzlich bevorzuge ich sportliche Aktivit\u00e4ten unter freiem Himmel. Von Laufen bis hin zum Paragleiten ist da alles mit dabei.","url":"https:\/\/www.salzburgerland.com\/de\/magazin\/author\/christina-knauseder-csipek\/"}]}},"_wl_alt_label":[],"wl:entity_url":"http:\/\/open.salzburgerland.com\/magazin\/post\/wenn_der_nachtwaechter_erzaehlt","_links":{"self":[{"href":"https:\/\/www.salzburgerland.com\/de\/magazin\/wp-json\/wp\/v2\/posts\/118622","targetHints":{"allow":["GET"]}}],"collection":[{"href":"https:\/\/www.salzburgerland.com\/de\/magazin\/wp-json\/wp\/v2\/posts"}],"about":[{"href":"https:\/\/www.salzburgerland.com\/de\/magazin\/wp-json\/wp\/v2\/types\/post"}],"author":[{"embeddable":true,"href":"https:\/\/www.salzburgerland.com\/de\/magazin\/wp-json\/wp\/v2\/users\/333"}],"replies":[{"embeddable":true,"href":"https:\/\/www.salzburgerland.com\/de\/magazin\/wp-json\/wp\/v2\/comments?post=118622"}],"version-history":[{"count":0,"href":"https:\/\/www.salzburgerland.com\/de\/magazin\/wp-json\/wp\/v2\/posts\/118622\/revisions"}],"wp:featuredmedia":[{"embeddable":true,"href":"https:\/\/www.salzburgerland.com\/de\/magazin\/wp-json\/wp\/v2\/media\/118631"}],"wp:attachment":[{"href":"https:\/\/www.salzburgerland.com\/de\/magazin\/wp-json\/wp\/v2\/media?parent=118622"}],"wp:term":[{"taxonomy":"category","embeddable":true,"href":"https:\/\/www.salzburgerland.com\/de\/magazin\/wp-json\/wp\/v2\/categories?post=118622"},{"taxonomy":"post_tag","embeddable":true,"href":"https:\/\/www.salzburgerland.com\/de\/magazin\/wp-json\/wp\/v2\/tags?post=118622"},{"taxonomy":"wl_entity_type","embeddable":true,"href":"https:\/\/www.salzburgerland.com\/de\/magazin\/wp-json\/wp\/v2\/wl_entity_type?post=118622"},{"taxonomy":"monatsauswahl","embeddable":true,"href":"https:\/\/www.salzburgerland.com\/de\/magazin\/wp-json\/wp\/v2\/monatsauswahl?post=118622"}],"curies":[{"name":"wp","href":"https:\/\/api.w.org\/{rel}","templated":true}]}}