{"id":118374,"date":"2017-09-29T08:52:55","date_gmt":"2017-09-29T06:52:55","guid":{"rendered":"https:\/\/www.salzburgerland.com\/de\/magazin\/?p=118374"},"modified":"2019-06-26T18:31:46","modified_gmt":"2019-06-26T16:31:46","slug":"der-kramer-ums-eck","status":"publish","type":"post","link":"https:\/\/www.salzburgerland.com\/de\/magazin\/der-kramer-ums-eck\/","title":{"rendered":"Der Kramer ums Eck"},"content":{"rendered":"<p class=\"p2\"><b>Sie sind die Nahversorger und Kommunikationsknoten in d\u00f6rflichen Strukturen.<span class=\"Apple-converted-space\">\u00a0 <\/span>F\u00fcr manche sind sie unverzichtbar, und trotzdem verschwanden sie in den letzten Jahrzehnten fast von der Bildfl\u00e4che: die Kramer, Grei\u00dfler, Tante-Emma-L\u00e4den und kleine Gemischtwarenh\u00e4ndler im SalzburgerLand. <\/b><\/p>\n<p class=\"p1\">Gro\u00dfe Diskonter und Supermarktketten, online Schn\u00e4ppchenjagd oder das Verlangen nach grenzenloser Produktauswahl haben landesweit zu einem \u201eGrei\u00dfler-Sterben\u201c gef\u00fchrt. Die \u00fcberlebenden Kramer im SalzburgerLand haben sich spezialisiert, setzen auf Nischenprodukte, Delikatessen, Bio oder selbsterzeugte Produkte aus dem Dorf. F\u00fcr die einen verstr\u00f6men sie einen Hauch von Vintage und die kunterbunte Mischung birgt einen besonderen Charme. F\u00fcr die anderen sind die Kramer \u00fcberlebenswichtige Nahversorger und auch ein wenig Seelentr\u00f6ster, Anlaufpunkt f\u00fcr Fragen und Quelle f\u00fcr Neuigkeiten. Ich habe zwei echte Kramer-Urgesteine im SalzburgerLand besucht.<\/p>\n<div class=\"mag-gallery\"><div class=\"row\"><div class=\"col-6 col-sm-4\"><figure><a class=\"thumb-container\" href=\"https:\/\/www.salzburgerland.com\/de\/magazin\/wp-content\/uploads\/2017\/09\/kramer-c-Edith-Danzer-8-1280x1024.jpg\">\t<picture><source media=\"(min-width: 576px)\" srcset=\"https:\/\/www.salzburgerland.com\/de\/magazin\/wp-content\/uploads\/2017\/09\/kramer-c-Edith-Danzer-8-325x209.jpg 325w, https:\/\/www.salzburgerland.com\/de\/magazin\/wp-content\/uploads\/2017\/09\/kramer-c-Edith-Danzer-8-249x160.jpg 249w\" \/><source media=\"(min-width: 0)\" srcset=\"https:\/\/www.salzburgerland.com\/de\/magazin\/wp-content\/uploads\/2017\/09\/kramer-c-Edith-Danzer-8-249x160.jpg 249w, https:\/\/www.salzburgerland.com\/de\/magazin\/wp-content\/uploads\/2017\/09\/kramer-c-Edith-Danzer-8-325x209.jpg 325w\" \/><img decoding=\"async\" alt=\"Der Bichl-Kramer im Oberpinzgau.\" src=\"https:\/\/www.salzburgerland.com\/de\/magazin\/wp-content\/uploads\/2017\/09\/kramer-c-Edith-Danzer-8.jpg\" \/>\t<\/picture><\/a><\/figure><\/div><div class=\"col-6 col-sm-4\"><figure><a class=\"thumb-container\" href=\"https:\/\/www.salzburgerland.com\/de\/magazin\/wp-content\/uploads\/2017\/09\/kramer-c-Edith-Danzer-7-1280x1024.jpg\">\t<picture><source media=\"(min-width: 576px)\" srcset=\"https:\/\/www.salzburgerland.com\/de\/magazin\/wp-content\/uploads\/2017\/09\/kramer-c-Edith-Danzer-7-325x209.jpg 325w, https:\/\/www.salzburgerland.com\/de\/magazin\/wp-content\/uploads\/2017\/09\/kramer-c-Edith-Danzer-7-249x160.jpg 249w\" \/><source media=\"(min-width: 0)\" srcset=\"https:\/\/www.salzburgerland.com\/de\/magazin\/wp-content\/uploads\/2017\/09\/kramer-c-Edith-Danzer-7-249x160.jpg 249w, https:\/\/www.salzburgerland.com\/de\/magazin\/wp-content\/uploads\/2017\/09\/kramer-c-Edith-Danzer-7-325x209.jpg 325w\" \/><img decoding=\"async\" alt=\"Stoff ist l\u00e4ngst mehr als ein zweites Standbein.\" src=\"https:\/\/www.salzburgerland.com\/de\/magazin\/wp-content\/uploads\/2017\/09\/kramer-c-Edith-Danzer-7.jpg\" \/>\t<\/picture><\/a><\/figure><\/div><div class=\"col-6 col-sm-4\"><figure><a class=\"thumb-container\" href=\"https:\/\/www.salzburgerland.com\/de\/magazin\/wp-content\/uploads\/2017\/09\/kramer-c-Edith-Danzer-4-1280x1024.jpg\">\t<picture><source media=\"(min-width: 576px)\" srcset=\"https:\/\/www.salzburgerland.com\/de\/magazin\/wp-content\/uploads\/2017\/09\/kramer-c-Edith-Danzer-4-325x209.jpg 325w, https:\/\/www.salzburgerland.com\/de\/magazin\/wp-content\/uploads\/2017\/09\/kramer-c-Edith-Danzer-4-249x160.jpg 249w\" \/><source media=\"(min-width: 0)\" srcset=\"https:\/\/www.salzburgerland.com\/de\/magazin\/wp-content\/uploads\/2017\/09\/kramer-c-Edith-Danzer-4-249x160.jpg 249w, https:\/\/www.salzburgerland.com\/de\/magazin\/wp-content\/uploads\/2017\/09\/kramer-c-Edith-Danzer-4-325x209.jpg 325w\" \/><img decoding=\"async\" alt=\"Kleines aber feines Frische-Sortiment. c Edith Danzer\" src=\"https:\/\/www.salzburgerland.com\/de\/magazin\/wp-content\/uploads\/2017\/09\/kramer-c-Edith-Danzer-4.jpg\" \/>\t<\/picture><\/a><\/figure><\/div><\/div><\/div><figcaption><\/figcaption>\n<h3 class=\"p1\">Da Stoff-Kramer in Bichl<\/h3>\n<p class=\"p1\">So h\u00f6rte ich schon vor einigen Jahren &#8211; <a href=\"https:\/\/www.salzburgerland.com\/de\/magazin\/jedem-jager-sein-madel\/\" target=\"_blank\" rel=\"noopener noreferrer\">bei einem Artikel \u00fcber das Dirndlschneidern<\/a> &#8211; von diesem kleinen Laden im Ortsteil Bichl bei Bramberg. \u00a0\u201eWenn du ausgefallene Dirndlstoffe, Loden oder Leinen willst, dann musst zur Hanna Brandst\u00e4tter in den Oberpinzgau fahren!\u201c, so riet man mir schon damals. Und jetzt f\u00fchrte mich meine Recherche zur Hanna vom \u201eKaufhaus Wieser\u201c in Bichln. Etwas versteckt, doch allseits bekannt, finde ich nach kurzer Nachfrage schnell zum kleinen Kaufhaus. Hanna ist gerade mit Kundschaft besch\u00e4ftigt \u2013 mit einer alten Dame verf\u00e4llt sie in einen fr\u00f6hlichen Dialog \u201eResi, was weigt di heid o?\u201c (Resi, wonach steht dir heut der Sinn?), worauf die Resi meint: \u201eMarillen und eine Dreiviertelhose!\u201c \u201eDie nimmst dir zum Probieren mit nach Hause, und wenn sie nicht passt, n\u00e4hen wir sie um!\u201c, versichert die Hanna.<\/p>\n<p class=\"p2\">N\u00e4hservice beim Kramer? Das erkl\u00e4rt sich so: Der Bichl-Kramer hat sich schon vor Jahren auf Stoffe und Zubeh\u00f6r spezialisiert und konnte sich so sein \u00dcberleben sichern. Hanna und ihre Schwester Doris k\u00fcmmern sich mit den helfenden H\u00e4nden von Christl und Helga um den Laden \u2013 und das schon seit 40 Jahren. Blickt man sich um, sind die Regale bunt gef\u00fcllt und bieten alles, was das Herz begehrt. Man muss schon wissen, wo man sucht, denn die Grabkerzen stehen zwischen den S\u00fc\u00dfigkeiten und die Muskatnuss versteckt sich hinter dem Sommerkleid. \u201eEs herrscht ziemlicher Platzmangel f\u00fcr unser breites Sortiment\u201c, erkl\u00e4rt Hanna Brandst\u00e4tter lachend, die sich mittlerweile von Resi verabschiedet hat. \u201eWir haben zwar keine 52 Sorten Fruchtgummi und auch nur die g\u00e4ngigsten Sorten Katzenfutter \u2013 doch es gibt kaum etwas, was man bei uns nicht findet.\u201c Ob man beim Bichl-Kramer auch etwas findet, was man sonst nicht mehr bekommt, m\u00f6chte ich wissen und prompt antwortet die Kauffrau: \u201eHosentr\u00e4ger und Stofftaschent\u00fccher!\u201c<\/p>\n<div class=\"mag-gallery\"><div class=\"row\"><div class=\"col-6 col-sm-4\"><figure><a class=\"thumb-container\" href=\"https:\/\/www.salzburgerland.com\/de\/magazin\/wp-content\/uploads\/2017\/09\/kramer-c-Edith-Danzer-2-1280x1024.jpg\">\t<picture><source media=\"(min-width: 576px)\" srcset=\"https:\/\/www.salzburgerland.com\/de\/magazin\/wp-content\/uploads\/2017\/09\/kramer-c-Edith-Danzer-2-325x209.jpg 325w, https:\/\/www.salzburgerland.com\/de\/magazin\/wp-content\/uploads\/2017\/09\/kramer-c-Edith-Danzer-2-249x160.jpg 249w\" \/><source media=\"(min-width: 0)\" srcset=\"https:\/\/www.salzburgerland.com\/de\/magazin\/wp-content\/uploads\/2017\/09\/kramer-c-Edith-Danzer-2-249x160.jpg 249w, https:\/\/www.salzburgerland.com\/de\/magazin\/wp-content\/uploads\/2017\/09\/kramer-c-Edith-Danzer-2-325x209.jpg 325w\" \/><img decoding=\"async\" alt=\"Wo war nochmal der Muskat?\" src=\"https:\/\/www.salzburgerland.com\/de\/magazin\/wp-content\/uploads\/2017\/09\/kramer-c-Edith-Danzer-2.jpg\" \/>\t<\/picture><\/a><\/figure><\/div><div class=\"col-6 col-sm-4\"><figure><a class=\"thumb-container\" href=\"https:\/\/www.salzburgerland.com\/de\/magazin\/wp-content\/uploads\/2017\/09\/kramer-c-Edith-Danzer-5-1280x1024.jpg\">\t<picture><source media=\"(min-width: 576px)\" srcset=\"https:\/\/www.salzburgerland.com\/de\/magazin\/wp-content\/uploads\/2017\/09\/kramer-c-Edith-Danzer-5-325x209.jpg 325w, https:\/\/www.salzburgerland.com\/de\/magazin\/wp-content\/uploads\/2017\/09\/kramer-c-Edith-Danzer-5-249x160.jpg 249w\" \/><source media=\"(min-width: 0)\" srcset=\"https:\/\/www.salzburgerland.com\/de\/magazin\/wp-content\/uploads\/2017\/09\/kramer-c-Edith-Danzer-5-249x160.jpg 249w, https:\/\/www.salzburgerland.com\/de\/magazin\/wp-content\/uploads\/2017\/09\/kramer-c-Edith-Danzer-5-325x209.jpg 325w\" \/><img decoding=\"async\" alt=\"Hanna f\u00fchrt den Bichl-Kramer mit ihrer Schwester Doris (links im Bild)\" src=\"https:\/\/www.salzburgerland.com\/de\/magazin\/wp-content\/uploads\/2017\/09\/kramer-c-Edith-Danzer-5.jpg\" \/>\t<\/picture><\/a><\/figure><\/div><div class=\"col-6 col-sm-4\"><figure><a class=\"thumb-container\" href=\"https:\/\/www.salzburgerland.com\/de\/magazin\/wp-content\/uploads\/2017\/09\/kramer-c-Edith-Danzer-1280x1024.jpg\">\t<picture><source media=\"(min-width: 576px)\" srcset=\"https:\/\/www.salzburgerland.com\/de\/magazin\/wp-content\/uploads\/2017\/09\/kramer-c-Edith-Danzer-325x209.jpg 325w, https:\/\/www.salzburgerland.com\/de\/magazin\/wp-content\/uploads\/2017\/09\/kramer-c-Edith-Danzer-249x160.jpg 249w\" \/><source media=\"(min-width: 0)\" srcset=\"https:\/\/www.salzburgerland.com\/de\/magazin\/wp-content\/uploads\/2017\/09\/kramer-c-Edith-Danzer-249x160.jpg 249w, https:\/\/www.salzburgerland.com\/de\/magazin\/wp-content\/uploads\/2017\/09\/kramer-c-Edith-Danzer-325x209.jpg 325w\" \/><img decoding=\"async\" alt=\"Die Schnitten neben den Grabkerzen.\" src=\"https:\/\/www.salzburgerland.com\/de\/magazin\/wp-content\/uploads\/2017\/09\/kramer-c-Edith-Danzer.jpg\" \/>\t<\/picture><\/a><\/figure><\/div><\/div><\/div><figcaption><\/figcaption>\n<h3 class=\"p1\">Stoff-Wechsel als \u00dcberlebensstrategie<\/h3>\n<p class=\"p1\">Stoffe gab es beim Bichl-Kramer immer schon, doch seit etwa 15 Jahren sind Stoffe und Kurzwaren mehr als nur ein zweites Standbein. \u201eViele Kunden kommen von weit her. So passiert es nicht selten, dass N\u00e4herinnen aus Gastein, St.Martin bei Lofer oder Bischofshofen zu uns finden. N\u00e4hen ist ,in\u2019 und beim Verkauf eines Rei\u00dfverschlusses bleibt uns mehr, als beim Verkauf von 10 Kilo Zucker. Doch wenn ich in Pension gehe, bedeutet dies auch das Ende des Bichl-Kramers\u201c, verr\u00e4t Hanna w\u00e4hrend sie schon die n\u00e4chste Kundin, eine junge Mutter, an der kleinen Frischetheke bedient.<\/p>\n<div class=\"mag-gallery\"><div class=\"row\"><div class=\"col-6 col-sm-4\"><figure><a class=\"thumb-container\" href=\"https:\/\/www.salzburgerland.com\/de\/magazin\/wp-content\/uploads\/2017\/09\/kramer-c-Edith-Danzer-12-1280x1024.jpg\">\t<picture><source media=\"(min-width: 576px)\" srcset=\"https:\/\/www.salzburgerland.com\/de\/magazin\/wp-content\/uploads\/2017\/09\/kramer-c-Edith-Danzer-12-325x209.jpg 325w, https:\/\/www.salzburgerland.com\/de\/magazin\/wp-content\/uploads\/2017\/09\/kramer-c-Edith-Danzer-12-249x160.jpg 249w\" \/><source media=\"(min-width: 0)\" srcset=\"https:\/\/www.salzburgerland.com\/de\/magazin\/wp-content\/uploads\/2017\/09\/kramer-c-Edith-Danzer-12-249x160.jpg 249w, https:\/\/www.salzburgerland.com\/de\/magazin\/wp-content\/uploads\/2017\/09\/kramer-c-Edith-Danzer-12-325x209.jpg 325w\" \/><img decoding=\"async\" alt=\"Hannes und Dagmar Dreiseitl.\" src=\"https:\/\/www.salzburgerland.com\/de\/magazin\/wp-content\/uploads\/2017\/09\/kramer-c-Edith-Danzer-12.jpg\" \/>\t<\/picture><\/a><\/figure><\/div><div class=\"col-6 col-sm-4\"><figure><a class=\"thumb-container\" href=\"https:\/\/www.salzburgerland.com\/de\/magazin\/wp-content\/uploads\/2017\/09\/kramer-c-Edith-Danzer-14-1280x1024.jpg\">\t<picture><source media=\"(min-width: 576px)\" srcset=\"https:\/\/www.salzburgerland.com\/de\/magazin\/wp-content\/uploads\/2017\/09\/kramer-c-Edith-Danzer-14-325x209.jpg 325w, https:\/\/www.salzburgerland.com\/de\/magazin\/wp-content\/uploads\/2017\/09\/kramer-c-Edith-Danzer-14-249x160.jpg 249w\" \/><source media=\"(min-width: 0)\" srcset=\"https:\/\/www.salzburgerland.com\/de\/magazin\/wp-content\/uploads\/2017\/09\/kramer-c-Edith-Danzer-14-249x160.jpg 249w, https:\/\/www.salzburgerland.com\/de\/magazin\/wp-content\/uploads\/2017\/09\/kramer-c-Edith-Danzer-14-325x209.jpg 325w\" \/><img decoding=\"async\" alt=\"Langj\u00e4hrige Mitarbeiterinnen geh\u00f6ren fast zur Familie.\" src=\"https:\/\/www.salzburgerland.com\/de\/magazin\/wp-content\/uploads\/2017\/09\/kramer-c-Edith-Danzer-14.jpg\" \/>\t<\/picture><\/a><\/figure><\/div><div class=\"col-6 col-sm-4\"><figure><a class=\"thumb-container\" href=\"https:\/\/www.salzburgerland.com\/de\/magazin\/wp-content\/uploads\/2017\/09\/kramer-c-Edith-Danzer-13-1280x1024.jpg\">\t<picture><source media=\"(min-width: 576px)\" srcset=\"https:\/\/www.salzburgerland.com\/de\/magazin\/wp-content\/uploads\/2017\/09\/kramer-c-Edith-Danzer-13-325x209.jpg 325w, https:\/\/www.salzburgerland.com\/de\/magazin\/wp-content\/uploads\/2017\/09\/kramer-c-Edith-Danzer-13-249x160.jpg 249w\" \/><source media=\"(min-width: 0)\" srcset=\"https:\/\/www.salzburgerland.com\/de\/magazin\/wp-content\/uploads\/2017\/09\/kramer-c-Edith-Danzer-13-249x160.jpg 249w, https:\/\/www.salzburgerland.com\/de\/magazin\/wp-content\/uploads\/2017\/09\/kramer-c-Edith-Danzer-13-325x209.jpg 325w\" \/><img decoding=\"async\" alt=\"Da ist was wahres dran.\" src=\"https:\/\/www.salzburgerland.com\/de\/magazin\/wp-content\/uploads\/2017\/09\/kramer-c-Edith-Danzer-13.jpg\" \/>\t<\/picture><\/a><\/figure><\/div><\/div><\/div><figcaption><\/figcaption>\n<h3 class=\"p1\">Dreiseitl \u2013 Kramer mit langer Geschichte<\/h3>\n<p class=\"p1\">In Thumersbach, am Ostufer des Zeller Sees, treffe ich Dagmar und Hannes Dreiseitl, die Kaufleute vom Kaufhaus Dreiseitl. Sie geben mir einen Einblick in die lange Geschichte der Kr\u00e4merei in Thumersbach: \u201eBereits 1903 befand sich im Sagh\u00e4usl \u2013 etwas weiter drinnen im Tal \u2013 eine kleine Kr\u00e4merei. Aus einem Kasten im Vorhaus wurden Nadeln, Zwirn und Kn\u00f6pfe \u2013 aber auch Zucker und Salz verkauft. Nach und nach wurde ein richtiger Laden eingerichtet und man holte die Waren mit dem Pferdefuhrwerk vom Bahnhof in Zell am See. Schon 1930 war es eine echte Gemischtwarenhandlung wo man N\u00e4gel, Petroleum f\u00fcr die Lampen, Stoffe, Futtermittel und Lebensmittel erhielt. Durch den Aufschwung der Sommerfrische baute man in Seen\u00e4he einen Verkaufskiosk mit Ansichtskarten, Obst, S\u00fc\u00dfigkeiten und Tabakwaren. Das Brot kam per Boot vom B\u00e4cker und wurde mit der Schubkarre zum Kiosk gebracht.\u201c Am 11. Juni 1956 er\u00f6ffnete dann das heutige Kaufhaus am Dorfplatz und seit 1991 f\u00fchrt Hannes die Familientradition der \u201eKromara\u201c fort. Die Kunden sind einerseits Touristen aus den nahen Pensionen oder Arbeiter, die sich am Weg zu den umliegenden Baustellen mit Leberk\u00e4s-Semmeln und Getr\u00e4nken eindecken. Aber auch sehr viel Stammkundschaft aus dem Ort kauft trotz der gro\u00dfen Einkaufszentren rundum immer wieder beim Kramer.<\/p>\n<div class=\"mag-gallery\"><div class=\"row\"><div class=\"col-6 col-sm-4\"><figure><a class=\"thumb-container\" href=\"https:\/\/www.salzburgerland.com\/de\/magazin\/wp-content\/uploads\/2017\/09\/kramer-c-Edith-Danzer-9-1280x1024.jpg\">\t<picture><source media=\"(min-width: 576px)\" srcset=\"https:\/\/www.salzburgerland.com\/de\/magazin\/wp-content\/uploads\/2017\/09\/kramer-c-Edith-Danzer-9-325x209.jpg 325w, https:\/\/www.salzburgerland.com\/de\/magazin\/wp-content\/uploads\/2017\/09\/kramer-c-Edith-Danzer-9-249x160.jpg 249w\" \/><source media=\"(min-width: 0)\" srcset=\"https:\/\/www.salzburgerland.com\/de\/magazin\/wp-content\/uploads\/2017\/09\/kramer-c-Edith-Danzer-9-249x160.jpg 249w, https:\/\/www.salzburgerland.com\/de\/magazin\/wp-content\/uploads\/2017\/09\/kramer-c-Edith-Danzer-9-325x209.jpg 325w\" \/><img decoding=\"async\" alt=\"Mausefalle und Maggi gehen hier eine nachbarschaftliche Partnerschaft ein.\" src=\"https:\/\/www.salzburgerland.com\/de\/magazin\/wp-content\/uploads\/2017\/09\/kramer-c-Edith-Danzer-9.jpg\" \/>\t<\/picture><\/a><\/figure><\/div><div class=\"col-6 col-sm-4\"><figure><a class=\"thumb-container\" href=\"https:\/\/www.salzburgerland.com\/de\/magazin\/wp-content\/uploads\/2017\/09\/kramer-c-Edith-Danzer-11-1280x1024.jpg\">\t<picture><source media=\"(min-width: 576px)\" srcset=\"https:\/\/www.salzburgerland.com\/de\/magazin\/wp-content\/uploads\/2017\/09\/kramer-c-Edith-Danzer-11-325x209.jpg 325w, https:\/\/www.salzburgerland.com\/de\/magazin\/wp-content\/uploads\/2017\/09\/kramer-c-Edith-Danzer-11-249x160.jpg 249w\" \/><source media=\"(min-width: 0)\" srcset=\"https:\/\/www.salzburgerland.com\/de\/magazin\/wp-content\/uploads\/2017\/09\/kramer-c-Edith-Danzer-11-249x160.jpg 249w, https:\/\/www.salzburgerland.com\/de\/magazin\/wp-content\/uploads\/2017\/09\/kramer-c-Edith-Danzer-11-325x209.jpg 325w\" \/><img decoding=\"async\" alt=\"Die Amigos in guter Gesellschaft.\" src=\"https:\/\/www.salzburgerland.com\/de\/magazin\/wp-content\/uploads\/2017\/09\/kramer-c-Edith-Danzer-11.jpg\" \/>\t<\/picture><\/a><\/figure><\/div><div class=\"col-6 col-sm-4\"><figure><a class=\"thumb-container\" href=\"https:\/\/www.salzburgerland.com\/de\/magazin\/wp-content\/uploads\/2017\/09\/kramer-c-Edith-Danzer-10-1280x1024.jpg\">\t<picture><source media=\"(min-width: 576px)\" srcset=\"https:\/\/www.salzburgerland.com\/de\/magazin\/wp-content\/uploads\/2017\/09\/kramer-c-Edith-Danzer-10-325x209.jpg 325w, https:\/\/www.salzburgerland.com\/de\/magazin\/wp-content\/uploads\/2017\/09\/kramer-c-Edith-Danzer-10-249x160.jpg 249w\" \/><source media=\"(min-width: 0)\" srcset=\"https:\/\/www.salzburgerland.com\/de\/magazin\/wp-content\/uploads\/2017\/09\/kramer-c-Edith-Danzer-10-249x160.jpg 249w, https:\/\/www.salzburgerland.com\/de\/magazin\/wp-content\/uploads\/2017\/09\/kramer-c-Edith-Danzer-10-325x209.jpg 325w\" \/><img decoding=\"async\" alt=\"Wo bekomm ich im Sommer Wunderkerzen? Beim Dreiseitl!\" src=\"https:\/\/www.salzburgerland.com\/de\/magazin\/wp-content\/uploads\/2017\/09\/kramer-c-Edith-Danzer-10.jpg\" \/>\t<\/picture><\/a><\/figure><\/div><\/div><\/div><figcaption><\/figcaption>\n<h3 class=\"p1\">Das Kaspresskn\u00f6del-SMS<\/h3>\n<p class=\"p1\">\u201eWir haben alles, was Sie brauchen \u2013 was wir nicht haben, brauchen Sie nicht\u201c, prangt am Eingang und genau so ist es auch. Doch neben dem breiten Sortiment ist das Kaufhaus Dreiseitl auch Anlaufstelle f\u00fcr allerlei kleine und gro\u00dfe Notf\u00e4lle. \u201eNicht selten erreicht uns am Wochenende ein Notruf, dass Windeln, Bier oder Milch zur Neige gehen \u2013 dann springen wir selbst am Sonntag schnell in den Laden. Wir kennen unsere Kunden und machen uns auch schon mal Sorgen, wenn jemand nicht kommt. Schwere Eink\u00e4ufe werden \u00e4lteren Stammkunden auch direkt vor die T\u00fcr geliefert \u2013 das ist unser Service\u201c, verr\u00e4t Hannes. Und ein weiteres Service ist das Kaspresskn\u00f6del-SMS, das die Dreiseitl-Kunden alle sechs Wochen erhalten. N\u00e4mlich dann, wenn Dagmar wieder rund 400 Kaspresskn\u00f6del f\u00fcr den Verkauf zubereitet. \u201eDa hei\u00dft es, schnell bestellen, denn die Kn\u00f6del sind ein wahrer Renner\u201c, lacht sie und verabschiedet sich, denn Kundschaft wartet an der Kasse. \u00a0<\/p>\n<h3 class=\"p1\">Gutes aus der Nachbarschaft<\/h3>\n<p class=\"p1\">Neben Luftmatratzen, Zwirn, Konfetti, Schokoladezigaretten, Brausepulver, Trachtenh\u00fcten und Tischtennisb\u00e4llen findet man im Kaufhaus Dreiseitl aber auch regionale Spezialit\u00e4ten. Mit der Initiative \u201eGutes aus der Nachbarschaft\u201c werden selbsterzeugte Produkte der einheimischen Bauern vermarktet. So kann hier etwa der beliebte K\u00e4se vom Thumersbacher T\u00f6dlingbauern, Bio-XXL-Eier aus Saalfelden oder Honig von der Tante Annemarie Brandst\u00e4tter gekauft werden. Nat\u00fcrlich setzen die Superm\u00e4rkte auch diesem Kaufhaus zu, doch Hannes sieht es gelassen: \u201eReich wirst du als Kramer ohnehin nicht. Du arbeitest f\u00fcnf Tage von 7 bis 18 Uhr und auch am Samstag ist in der Saison nachmittags ge\u00f6ffnet. Am Sonntag mache ich meine Bestellungen. Doch die Kramerei ist mein Leben und selbst wenn wir manchmal nur L\u00fcckenf\u00fcller f\u00fcr die im Gro\u00dfeinkauf vergessenen Lebensmittel sind, oder wenn eben schnell mal die Milch ausgeht, dann k\u00f6nnen wir auch schon \u00fcberleben. Und bei \u00e4lteren Einwohnern, die nicht mehr mobil genug sind, um zu den Superm\u00e4rkten zu fahren, merken wir die Dankbarkeit f\u00fcr den ,Kramer um\u2019s Eck\u2019.\u201c<\/p>\n<p>Fotos\u00a0\u00a9 Edith Danzer<\/p>\n","protected":false},"excerpt":{"rendered":"<p>Sie sind die Nahversorger und Kommunikationsknoten in d\u00f6rflichen Strukturen.\u00a0 F\u00fcr manche sind sie unverzichtbar, und trotzdem verschwanden sie in den letzten Jahrzehnten fast von der Bildfl\u00e4che: die Kramer, Grei\u00dfler, Tante-Emma-L\u00e4den und kleine Gemischtwarenh\u00e4ndler im SalzburgerLand. Gro\u00dfe Diskonter und Supermarktketten, online Schn\u00e4ppchenjagd oder das Verlangen nach grenzenloser Produktauswahl haben landesweit zu einem \u201eGrei\u00dfler-Sterben\u201c gef\u00fchrt. Die \u00fcberlebenden [&hellip;]<\/p>\n","protected":false},"author":11,"featured_media":118394,"comment_status":"open","ping_status":"open","sticky":false,"template":"","format":"standard","meta":{"_acf_changed":false,"wl_entities_gutenberg":"","_wl_entity_redirect_enabled":"","footnotes":""},"categories":[7],"tags":[],"wl_entity_type":[306],"monatsauswahl":[82,83,84,85,86,87,88,89,90,91,92,93],"class_list":["post-118374","post","type-post","status-publish","format-standard","has-post-thumbnail","hentry","category-lifestyle","wl_entity_type-article","monatsauswahl-monat_1","monatsauswahl-monat_2","monatsauswahl-monat_3","monatsauswahl-monat_4","monatsauswahl-monat_5","monatsauswahl-monat_6","monatsauswahl-monat_7","monatsauswahl-monat_8","monatsauswahl-monat_9","monatsauswahl-monat_10","monatsauswahl-monat_11","monatsauswahl-monat_12"],"acf":[],"yoast_head":"<!-- This site is optimized with the Yoast SEO Premium plugin v27.4 (Yoast SEO v27.4) - https:\/\/yoast.com\/product\/yoast-seo-premium-wordpress\/ -->\n<title>Der Kramer ums Eck - SalzburgerLand Magazin<\/title>\n<meta name=\"description\" content=\"Sie sind die Nahversorger und Kommunikationsknoten in d\u00f6rflichen Strukturen.\u00a0 F\u00fcr manche sind sie unverzichtbar, und trotzdem verschwanden sie in den letzten Jahrzehnten fast von der Bildfl\u00e4che: die Kramer, Grei\u00dfler, Tante-Emma-L\u00e4den und kleine Gemischtwarenh\u00e4ndler im SalzburgerLand. Gro\u00dfe Diskonter und Supermarktketten, online Schn\u00e4ppchenjagd oder das Verlangen nach grenzenloser Produktauswahl haben landesweit zu einem \u201eGrei\u00dfler-Sterben\u201c gef\u00fchrt. Die \u00fcberlebenden [&hellip;]\" \/>\n<meta name=\"robots\" content=\"index, follow, max-snippet:-1, max-image-preview:large, max-video-preview:-1\" \/>\n<link rel=\"canonical\" href=\"https:\/\/www.salzburgerland.com\/de\/magazin\/der-kramer-ums-eck\/\" \/>\n<meta property=\"og:locale\" content=\"de_DE\" \/>\n<meta property=\"og:type\" content=\"article\" \/>\n<meta property=\"og:title\" content=\"Der Kramer ums Eck\" \/>\n<meta property=\"og:description\" content=\"Sie sind die Nahversorger und Kommunikationsknoten in d\u00f6rflichen Strukturen.\u00a0 F\u00fcr manche sind sie unverzichtbar, und trotzdem verschwanden sie in den letzten Jahrzehnten fast von der Bildfl\u00e4che: die Kramer, Grei\u00dfler, Tante-Emma-L\u00e4den und kleine Gemischtwarenh\u00e4ndler im SalzburgerLand. Gro\u00dfe Diskonter und Supermarktketten, online Schn\u00e4ppchenjagd oder das Verlangen nach grenzenloser Produktauswahl haben landesweit zu einem \u201eGrei\u00dfler-Sterben\u201c gef\u00fchrt. Die \u00fcberlebenden [&hellip;]\" \/>\n<meta property=\"og:url\" content=\"https:\/\/www.salzburgerland.com\/de\/magazin\/der-kramer-ums-eck\/\" \/>\n<meta property=\"og:site_name\" content=\"SalzburgerLand Magazin\" \/>\n<meta property=\"article:publisher\" content=\"https:\/\/www.facebook.com\/salzburgerland\/\" \/>\n<meta property=\"article:published_time\" content=\"2017-09-29T06:52:55+00:00\" \/>\n<meta property=\"article:modified_time\" content=\"2019-06-26T16:31:46+00:00\" \/>\n<meta property=\"og:image\" content=\"https:\/\/www.salzburgerland.com\/de\/magazin\/wp-content\/uploads\/2017\/09\/kramer-c-Edith-Danzer-6.jpg\" \/>\n\t<meta property=\"og:image:width\" content=\"1600\" \/>\n\t<meta property=\"og:image:height\" content=\"1068\" \/>\n\t<meta property=\"og:image:type\" content=\"image\/jpeg\" \/>\n<meta name=\"author\" content=\"Edith Danzer\" \/>\n<meta name=\"twitter:card\" content=\"summary_large_image\" \/>\n<meta name=\"twitter:creator\" content=\"@Salzburgerland\" \/>\n<meta name=\"twitter:site\" content=\"@Salzburgerland\" \/>\n<meta name=\"twitter:label1\" content=\"Verfasst von\" \/>\n\t<meta name=\"twitter:data1\" content=\"Edith Danzer\" \/>\n\t<meta name=\"twitter:label2\" content=\"Gesch\u00e4tzte Lesezeit\" \/>\n\t<meta name=\"twitter:data2\" content=\"6\u00a0Minuten\" \/>\n<script type=\"application\/ld+json\" class=\"yoast-schema-graph\">{\"@context\":\"https:\\\/\\\/schema.org\",\"@graph\":[{\"@type\":\"Article\",\"@id\":\"https:\\\/\\\/www.salzburgerland.com\\\/de\\\/magazin\\\/der-kramer-ums-eck\\\/#article\",\"isPartOf\":{\"@id\":\"https:\\\/\\\/www.salzburgerland.com\\\/de\\\/magazin\\\/der-kramer-ums-eck\\\/\"},\"author\":{\"name\":\"Edith Danzer\",\"@id\":\"https:\\\/\\\/www.salzburgerland.com\\\/de\\\/magazin\\\/#\\\/schema\\\/person\\\/79452c699c410aa31a119426313748de\"},\"headline\":\"Der Kramer ums Eck\",\"datePublished\":\"2017-09-29T06:52:55+00:00\",\"dateModified\":\"2019-06-26T16:31:46+00:00\",\"mainEntityOfPage\":{\"@id\":\"https:\\\/\\\/www.salzburgerland.com\\\/de\\\/magazin\\\/der-kramer-ums-eck\\\/\"},\"wordCount\":1123,\"commentCount\":0,\"publisher\":{\"@id\":\"https:\\\/\\\/www.salzburgerland.com\\\/de\\\/magazin\\\/#organization\"},\"image\":{\"@id\":\"https:\\\/\\\/www.salzburgerland.com\\\/de\\\/magazin\\\/der-kramer-ums-eck\\\/#primaryimage\"},\"thumbnailUrl\":\"https:\\\/\\\/www.salzburgerland.com\\\/de\\\/magazin\\\/wp-content\\\/uploads\\\/2017\\\/09\\\/kramer-c-Edith-Danzer-6.jpg\",\"articleSection\":[\"Lifestyle\"],\"inLanguage\":\"de\",\"potentialAction\":[{\"@type\":\"CommentAction\",\"name\":\"Comment\",\"target\":[\"https:\\\/\\\/www.salzburgerland.com\\\/de\\\/magazin\\\/der-kramer-ums-eck\\\/#respond\"]}]},{\"@type\":\"WebPage\",\"@id\":\"https:\\\/\\\/www.salzburgerland.com\\\/de\\\/magazin\\\/der-kramer-ums-eck\\\/\",\"url\":\"https:\\\/\\\/www.salzburgerland.com\\\/de\\\/magazin\\\/der-kramer-ums-eck\\\/\",\"name\":\"Der Kramer ums Eck - SalzburgerLand Magazin\",\"isPartOf\":{\"@id\":\"https:\\\/\\\/www.salzburgerland.com\\\/de\\\/magazin\\\/#website\"},\"primaryImageOfPage\":{\"@id\":\"https:\\\/\\\/www.salzburgerland.com\\\/de\\\/magazin\\\/der-kramer-ums-eck\\\/#primaryimage\"},\"image\":{\"@id\":\"https:\\\/\\\/www.salzburgerland.com\\\/de\\\/magazin\\\/der-kramer-ums-eck\\\/#primaryimage\"},\"thumbnailUrl\":\"https:\\\/\\\/www.salzburgerland.com\\\/de\\\/magazin\\\/wp-content\\\/uploads\\\/2017\\\/09\\\/kramer-c-Edith-Danzer-6.jpg\",\"datePublished\":\"2017-09-29T06:52:55+00:00\",\"dateModified\":\"2019-06-26T16:31:46+00:00\",\"breadcrumb\":{\"@id\":\"https:\\\/\\\/www.salzburgerland.com\\\/de\\\/magazin\\\/der-kramer-ums-eck\\\/#breadcrumb\"},\"inLanguage\":\"de\",\"potentialAction\":[{\"@type\":\"ReadAction\",\"target\":[\"https:\\\/\\\/www.salzburgerland.com\\\/de\\\/magazin\\\/der-kramer-ums-eck\\\/\"]}]},{\"@type\":\"ImageObject\",\"inLanguage\":\"de\",\"@id\":\"https:\\\/\\\/www.salzburgerland.com\\\/de\\\/magazin\\\/der-kramer-ums-eck\\\/#primaryimage\",\"url\":\"https:\\\/\\\/www.salzburgerland.com\\\/de\\\/magazin\\\/wp-content\\\/uploads\\\/2017\\\/09\\\/kramer-c-Edith-Danzer-6.jpg\",\"contentUrl\":\"https:\\\/\\\/www.salzburgerland.com\\\/de\\\/magazin\\\/wp-content\\\/uploads\\\/2017\\\/09\\\/kramer-c-Edith-Danzer-6.jpg\",\"width\":1600,\"height\":1068,\"caption\":\"Hanna Brandst\u00e4tter Bichl-Kramerin c Edith Danzer\"},{\"@type\":\"BreadcrumbList\",\"@id\":\"https:\\\/\\\/www.salzburgerland.com\\\/de\\\/magazin\\\/der-kramer-ums-eck\\\/#breadcrumb\",\"itemListElement\":[{\"@type\":\"ListItem\",\"position\":1,\"name\":\"Startseite\",\"item\":\"https:\\\/\\\/www.salzburgerland.com\\\/de\\\/magazin\\\/\"},{\"@type\":\"ListItem\",\"position\":2,\"name\":\"Lifestyle\",\"item\":\"https:\\\/\\\/www.salzburgerland.com\\\/de\\\/magazin\\\/thema\\\/lifestyle\\\/\"},{\"@type\":\"ListItem\",\"position\":3,\"name\":\"Der Kramer ums Eck\"}]},{\"@type\":\"WebSite\",\"@id\":\"https:\\\/\\\/www.salzburgerland.com\\\/de\\\/magazin\\\/#website\",\"url\":\"https:\\\/\\\/www.salzburgerland.com\\\/de\\\/magazin\\\/\",\"name\":\"SalzburgerLand Magazin\",\"description\":\"Geschichten und Interessantes aus dem SalzburgerLand\",\"publisher\":{\"@id\":\"https:\\\/\\\/www.salzburgerland.com\\\/de\\\/magazin\\\/#organization\"},\"potentialAction\":[{\"@type\":\"SearchAction\",\"target\":{\"@type\":\"EntryPoint\",\"urlTemplate\":\"https:\\\/\\\/www.salzburgerland.com\\\/de\\\/magazin\\\/?s={search_term_string}\"},\"query-input\":{\"@type\":\"PropertyValueSpecification\",\"valueRequired\":true,\"valueName\":\"search_term_string\"}}],\"inLanguage\":\"de\"},{\"@type\":\"Organization\",\"@id\":\"https:\\\/\\\/www.salzburgerland.com\\\/de\\\/magazin\\\/#organization\",\"name\":\"SalzburgerLand Tourismus\",\"url\":\"https:\\\/\\\/www.salzburgerland.com\\\/de\\\/magazin\\\/\",\"logo\":{\"@type\":\"ImageObject\",\"inLanguage\":\"de\",\"@id\":\"https:\\\/\\\/www.salzburgerland.com\\\/de\\\/magazin\\\/#\\\/schema\\\/logo\\\/image\\\/\",\"url\":\"https:\\\/\\\/www.salzburgerland.com\\\/de\\\/magazin\\\/wp-content\\\/uploads\\\/2019\\\/06\\\/salzburgerland-logo1.jpg\",\"contentUrl\":\"https:\\\/\\\/www.salzburgerland.com\\\/de\\\/magazin\\\/wp-content\\\/uploads\\\/2019\\\/06\\\/salzburgerland-logo1.jpg\",\"width\":2011,\"height\":866,\"caption\":\"SalzburgerLand Tourismus\"},\"image\":{\"@id\":\"https:\\\/\\\/www.salzburgerland.com\\\/de\\\/magazin\\\/#\\\/schema\\\/logo\\\/image\\\/\"},\"sameAs\":[\"https:\\\/\\\/www.facebook.com\\\/salzburgerland\\\/\",\"https:\\\/\\\/x.com\\\/Salzburgerland\",\"https:\\\/\\\/www.instagram.com\\\/salzburgerland\\\/\",\"https:\\\/\\\/at.linkedin.com\\\/company\\\/salzburgerland-tourismus-gmbh\",\"https:\\\/\\\/www.pinterest.at\\\/salzburgerland\\\/\",\"https:\\\/\\\/www.youtube.com\\\/user\\\/salzburgerland\",\"https:\\\/\\\/de.wikipedia.org\\\/wiki\\\/SalzburgerLand_Tourismus_GmbH\"]},{\"@type\":\"Person\",\"@id\":\"https:\\\/\\\/www.salzburgerland.com\\\/de\\\/magazin\\\/#\\\/schema\\\/person\\\/79452c699c410aa31a119426313748de\",\"name\":\"Edith Danzer\",\"description\":\"Seit Jahren arbeite ich als freie Redakteurin und Fotografin im SalzburgerLand. Schreiben ist f\u00fcr mich nicht blo\u00df das Erstellen eines Textes. Es ist ein Komponieren einer wundervollen Melodie, ein Malen mit Buchstaben und Worten. Ich liebe die Begegnungen mit Menschen, die mir ihre Geschichte anvertrauen. Wenn man mich sucht, bin ich entweder am Schreibtisch (der auch mal am sonnigen H\u00fcttenbankerl stehen kann) oder mit meinem Husky-M\u00e4dl Ylvi am Berg, am See oder im Wald. Ich \u2026 \u2026 in ein paar Worten. \u2022 Lieber drau\u00dfen, als drinnen. \u2022 Lieber Norden, als S\u00fcden. \u2022 Lieber Buchstaben, als Zahlen. \u2022 Lieber Schnee, als Strand. \u2022 Lieber Berg, als Tal. \u2022 Lieber Nordlichter, als S\u00fcdseezauber. \u2022 Lieber H\u00fctte, als F\u00fcnfsternschuppen. \u2022 Lieber Hund, als Katze. \u2022 Lieber grader Michl, als falscher Fufzga. \u2022 Lieber mittendurch, als drumherum \u2022 Lieber Almleben, als Couchpotato\",\"url\":\"https:\\\/\\\/www.salzburgerland.com\\\/de\\\/magazin\\\/author\\\/edith-danzer\\\/\"}]}<\/script>\n<!-- \/ Yoast SEO Premium plugin. -->","yoast_head_json":{"title":"Der Kramer ums Eck - SalzburgerLand Magazin","description":"Sie sind die Nahversorger und Kommunikationsknoten in d\u00f6rflichen Strukturen.\u00a0 F\u00fcr manche sind sie unverzichtbar, und trotzdem verschwanden sie in den letzten Jahrzehnten fast von der Bildfl\u00e4che: die Kramer, Grei\u00dfler, Tante-Emma-L\u00e4den und kleine Gemischtwarenh\u00e4ndler im SalzburgerLand. Gro\u00dfe Diskonter und Supermarktketten, online Schn\u00e4ppchenjagd oder das Verlangen nach grenzenloser Produktauswahl haben landesweit zu einem \u201eGrei\u00dfler-Sterben\u201c gef\u00fchrt. Die \u00fcberlebenden [&hellip;]","robots":{"index":"index","follow":"follow","max-snippet":"max-snippet:-1","max-image-preview":"max-image-preview:large","max-video-preview":"max-video-preview:-1"},"canonical":"https:\/\/www.salzburgerland.com\/de\/magazin\/der-kramer-ums-eck\/","og_locale":"de_DE","og_type":"article","og_title":"Der Kramer ums Eck","og_description":"Sie sind die Nahversorger und Kommunikationsknoten in d\u00f6rflichen Strukturen.\u00a0 F\u00fcr manche sind sie unverzichtbar, und trotzdem verschwanden sie in den letzten Jahrzehnten fast von der Bildfl\u00e4che: die Kramer, Grei\u00dfler, Tante-Emma-L\u00e4den und kleine Gemischtwarenh\u00e4ndler im SalzburgerLand. Gro\u00dfe Diskonter und Supermarktketten, online Schn\u00e4ppchenjagd oder das Verlangen nach grenzenloser Produktauswahl haben landesweit zu einem \u201eGrei\u00dfler-Sterben\u201c gef\u00fchrt. Die \u00fcberlebenden [&hellip;]","og_url":"https:\/\/www.salzburgerland.com\/de\/magazin\/der-kramer-ums-eck\/","og_site_name":"SalzburgerLand Magazin","article_publisher":"https:\/\/www.facebook.com\/salzburgerland\/","article_published_time":"2017-09-29T06:52:55+00:00","article_modified_time":"2019-06-26T16:31:46+00:00","og_image":[{"width":1600,"height":1068,"url":"https:\/\/www.salzburgerland.com\/de\/magazin\/wp-content\/uploads\/2017\/09\/kramer-c-Edith-Danzer-6.jpg","type":"image\/jpeg"}],"author":"Edith Danzer","twitter_card":"summary_large_image","twitter_creator":"@Salzburgerland","twitter_site":"@Salzburgerland","twitter_misc":{"Verfasst von":"Edith Danzer","Gesch\u00e4tzte Lesezeit":"6\u00a0Minuten"},"schema":{"@context":"https:\/\/schema.org","@graph":[{"@type":"Article","@id":"https:\/\/www.salzburgerland.com\/de\/magazin\/der-kramer-ums-eck\/#article","isPartOf":{"@id":"https:\/\/www.salzburgerland.com\/de\/magazin\/der-kramer-ums-eck\/"},"author":{"name":"Edith Danzer","@id":"https:\/\/www.salzburgerland.com\/de\/magazin\/#\/schema\/person\/79452c699c410aa31a119426313748de"},"headline":"Der Kramer ums Eck","datePublished":"2017-09-29T06:52:55+00:00","dateModified":"2019-06-26T16:31:46+00:00","mainEntityOfPage":{"@id":"https:\/\/www.salzburgerland.com\/de\/magazin\/der-kramer-ums-eck\/"},"wordCount":1123,"commentCount":0,"publisher":{"@id":"https:\/\/www.salzburgerland.com\/de\/magazin\/#organization"},"image":{"@id":"https:\/\/www.salzburgerland.com\/de\/magazin\/der-kramer-ums-eck\/#primaryimage"},"thumbnailUrl":"https:\/\/www.salzburgerland.com\/de\/magazin\/wp-content\/uploads\/2017\/09\/kramer-c-Edith-Danzer-6.jpg","articleSection":["Lifestyle"],"inLanguage":"de","potentialAction":[{"@type":"CommentAction","name":"Comment","target":["https:\/\/www.salzburgerland.com\/de\/magazin\/der-kramer-ums-eck\/#respond"]}]},{"@type":"WebPage","@id":"https:\/\/www.salzburgerland.com\/de\/magazin\/der-kramer-ums-eck\/","url":"https:\/\/www.salzburgerland.com\/de\/magazin\/der-kramer-ums-eck\/","name":"Der Kramer ums Eck - SalzburgerLand Magazin","isPartOf":{"@id":"https:\/\/www.salzburgerland.com\/de\/magazin\/#website"},"primaryImageOfPage":{"@id":"https:\/\/www.salzburgerland.com\/de\/magazin\/der-kramer-ums-eck\/#primaryimage"},"image":{"@id":"https:\/\/www.salzburgerland.com\/de\/magazin\/der-kramer-ums-eck\/#primaryimage"},"thumbnailUrl":"https:\/\/www.salzburgerland.com\/de\/magazin\/wp-content\/uploads\/2017\/09\/kramer-c-Edith-Danzer-6.jpg","datePublished":"2017-09-29T06:52:55+00:00","dateModified":"2019-06-26T16:31:46+00:00","breadcrumb":{"@id":"https:\/\/www.salzburgerland.com\/de\/magazin\/der-kramer-ums-eck\/#breadcrumb"},"inLanguage":"de","potentialAction":[{"@type":"ReadAction","target":["https:\/\/www.salzburgerland.com\/de\/magazin\/der-kramer-ums-eck\/"]}]},{"@type":"ImageObject","inLanguage":"de","@id":"https:\/\/www.salzburgerland.com\/de\/magazin\/der-kramer-ums-eck\/#primaryimage","url":"https:\/\/www.salzburgerland.com\/de\/magazin\/wp-content\/uploads\/2017\/09\/kramer-c-Edith-Danzer-6.jpg","contentUrl":"https:\/\/www.salzburgerland.com\/de\/magazin\/wp-content\/uploads\/2017\/09\/kramer-c-Edith-Danzer-6.jpg","width":1600,"height":1068,"caption":"Hanna Brandst\u00e4tter Bichl-Kramerin c Edith Danzer"},{"@type":"BreadcrumbList","@id":"https:\/\/www.salzburgerland.com\/de\/magazin\/der-kramer-ums-eck\/#breadcrumb","itemListElement":[{"@type":"ListItem","position":1,"name":"Startseite","item":"https:\/\/www.salzburgerland.com\/de\/magazin\/"},{"@type":"ListItem","position":2,"name":"Lifestyle","item":"https:\/\/www.salzburgerland.com\/de\/magazin\/thema\/lifestyle\/"},{"@type":"ListItem","position":3,"name":"Der Kramer ums Eck"}]},{"@type":"WebSite","@id":"https:\/\/www.salzburgerland.com\/de\/magazin\/#website","url":"https:\/\/www.salzburgerland.com\/de\/magazin\/","name":"SalzburgerLand Magazin","description":"Geschichten und Interessantes aus dem SalzburgerLand","publisher":{"@id":"https:\/\/www.salzburgerland.com\/de\/magazin\/#organization"},"potentialAction":[{"@type":"SearchAction","target":{"@type":"EntryPoint","urlTemplate":"https:\/\/www.salzburgerland.com\/de\/magazin\/?s={search_term_string}"},"query-input":{"@type":"PropertyValueSpecification","valueRequired":true,"valueName":"search_term_string"}}],"inLanguage":"de"},{"@type":"Organization","@id":"https:\/\/www.salzburgerland.com\/de\/magazin\/#organization","name":"SalzburgerLand Tourismus","url":"https:\/\/www.salzburgerland.com\/de\/magazin\/","logo":{"@type":"ImageObject","inLanguage":"de","@id":"https:\/\/www.salzburgerland.com\/de\/magazin\/#\/schema\/logo\/image\/","url":"https:\/\/www.salzburgerland.com\/de\/magazin\/wp-content\/uploads\/2019\/06\/salzburgerland-logo1.jpg","contentUrl":"https:\/\/www.salzburgerland.com\/de\/magazin\/wp-content\/uploads\/2019\/06\/salzburgerland-logo1.jpg","width":2011,"height":866,"caption":"SalzburgerLand Tourismus"},"image":{"@id":"https:\/\/www.salzburgerland.com\/de\/magazin\/#\/schema\/logo\/image\/"},"sameAs":["https:\/\/www.facebook.com\/salzburgerland\/","https:\/\/x.com\/Salzburgerland","https:\/\/www.instagram.com\/salzburgerland\/","https:\/\/at.linkedin.com\/company\/salzburgerland-tourismus-gmbh","https:\/\/www.pinterest.at\/salzburgerland\/","https:\/\/www.youtube.com\/user\/salzburgerland","https:\/\/de.wikipedia.org\/wiki\/SalzburgerLand_Tourismus_GmbH"]},{"@type":"Person","@id":"https:\/\/www.salzburgerland.com\/de\/magazin\/#\/schema\/person\/79452c699c410aa31a119426313748de","name":"Edith Danzer","description":"Seit Jahren arbeite ich als freie Redakteurin und Fotografin im SalzburgerLand. Schreiben ist f\u00fcr mich nicht blo\u00df das Erstellen eines Textes. Es ist ein Komponieren einer wundervollen Melodie, ein Malen mit Buchstaben und Worten. Ich liebe die Begegnungen mit Menschen, die mir ihre Geschichte anvertrauen. Wenn man mich sucht, bin ich entweder am Schreibtisch (der auch mal am sonnigen H\u00fcttenbankerl stehen kann) oder mit meinem Husky-M\u00e4dl Ylvi am Berg, am See oder im Wald. Ich \u2026 \u2026 in ein paar Worten. \u2022 Lieber drau\u00dfen, als drinnen. \u2022 Lieber Norden, als S\u00fcden. \u2022 Lieber Buchstaben, als Zahlen. \u2022 Lieber Schnee, als Strand. \u2022 Lieber Berg, als Tal. \u2022 Lieber Nordlichter, als S\u00fcdseezauber. \u2022 Lieber H\u00fctte, als F\u00fcnfsternschuppen. \u2022 Lieber Hund, als Katze. \u2022 Lieber grader Michl, als falscher Fufzga. \u2022 Lieber mittendurch, als drumherum \u2022 Lieber Almleben, als Couchpotato","url":"https:\/\/www.salzburgerland.com\/de\/magazin\/author\/edith-danzer\/"}]}},"_wl_alt_label":[],"wl:entity_url":"http:\/\/open.salzburgerland.com\/magazin\/post\/der_kramer_ums_eck","_links":{"self":[{"href":"https:\/\/www.salzburgerland.com\/de\/magazin\/wp-json\/wp\/v2\/posts\/118374","targetHints":{"allow":["GET"]}}],"collection":[{"href":"https:\/\/www.salzburgerland.com\/de\/magazin\/wp-json\/wp\/v2\/posts"}],"about":[{"href":"https:\/\/www.salzburgerland.com\/de\/magazin\/wp-json\/wp\/v2\/types\/post"}],"author":[{"embeddable":true,"href":"https:\/\/www.salzburgerland.com\/de\/magazin\/wp-json\/wp\/v2\/users\/11"}],"replies":[{"embeddable":true,"href":"https:\/\/www.salzburgerland.com\/de\/magazin\/wp-json\/wp\/v2\/comments?post=118374"}],"version-history":[{"count":0,"href":"https:\/\/www.salzburgerland.com\/de\/magazin\/wp-json\/wp\/v2\/posts\/118374\/revisions"}],"wp:featuredmedia":[{"embeddable":true,"href":"https:\/\/www.salzburgerland.com\/de\/magazin\/wp-json\/wp\/v2\/media\/118394"}],"wp:attachment":[{"href":"https:\/\/www.salzburgerland.com\/de\/magazin\/wp-json\/wp\/v2\/media?parent=118374"}],"wp:term":[{"taxonomy":"category","embeddable":true,"href":"https:\/\/www.salzburgerland.com\/de\/magazin\/wp-json\/wp\/v2\/categories?post=118374"},{"taxonomy":"post_tag","embeddable":true,"href":"https:\/\/www.salzburgerland.com\/de\/magazin\/wp-json\/wp\/v2\/tags?post=118374"},{"taxonomy":"wl_entity_type","embeddable":true,"href":"https:\/\/www.salzburgerland.com\/de\/magazin\/wp-json\/wp\/v2\/wl_entity_type?post=118374"},{"taxonomy":"monatsauswahl","embeddable":true,"href":"https:\/\/www.salzburgerland.com\/de\/magazin\/wp-json\/wp\/v2\/monatsauswahl?post=118374"}],"curies":[{"name":"wp","href":"https:\/\/api.w.org\/{rel}","templated":true}]}}