{"id":118039,"date":"2017-09-20T12:00:09","date_gmt":"2017-09-20T10:00:09","guid":{"rendered":"https:\/\/www.salzburgerland.com\/de\/magazin\/?p=118039"},"modified":"2019-06-26T18:32:21","modified_gmt":"2019-06-26T16:32:21","slug":"mit-dem-bike-von-alm-zu-alm","status":"publish","type":"post","link":"https:\/\/www.salzburgerland.com\/de\/magazin\/mit-dem-bike-von-alm-zu-alm\/","title":{"rendered":"Mit dem Bike von Alm zu Alm"},"content":{"rendered":"<p><strong>Nach guter Planung und Vorbereitung war es an einem der letzten Wochenenden soweit. Wir starten zur\u00a0<a href=\"https:\/\/www.tennengau.com\/de\/erlebnis-ausflug\/fruehling-sommer-herbst\/almentour\" target=\"_blank\" rel=\"noopener noreferrer\">Salzburger Almentour<\/a>. Drei Tage geht es durch die Osterhorngruppe bis in das Salzkammergut und wieder zur\u00fcck. Hohe Berge finden wir hier zwar nicht, doch die sanften Wiesenlandschaften, die dunkelgr\u00fcnen W\u00e4lder und die gem\u00fctlichen H\u00fctten sind ein ideales Terrain, um den Alltagsstress der Arbeitswoche hinter uns zu lassen.<\/strong><\/p>\n<p>Gestartet sind wir in Abtenau, nach einem l\u00e4ngeren Anstieg und einer kleinen Pause am Seewaldsee haben wir die vielen Serpentinen rauf zu den Bergalmen hinter uns gebracht. Nach einer kurzen Rast \u2013 die Brettljause ist wirklich einmalig \u2013 geht es f\u00fcr uns weiter bergab Richtung Tal. Der Trail, den wir im Tourenplan haben, f\u00fchrt zuerst flach \u00fcber die Almwiesen bis er an der Kante steil bergab ins Tal sticht. Unglaublich, hinter dem n\u00e4chsten Berg beginnt schon die Stadt Salzburg, bekannt durch Wolfgang Amadeus Mozart und die Salzburger Festspiele. Kultur gepaart mit Natur und Berge \u2013 auch das kann man hier ohne gro\u00dfen Aufwand haben. Wir bleiben aber lieber auf den Trails und fahren zu unserem ersten Etappenziel, dem Gasthof Hintersee, wo wir die Nacht verbringen wollen.<\/p>\n<p><a href=\"https:\/\/www.salzburgerland.com\/de\/magazin\/wp-content\/uploads\/2017\/09\/hm_almentour_osterhorngruppe_0137.jpg\"><img loading=\"lazy\" decoding=\"async\" class=\"alignnone size-singlePost wp-image-118040\" src=\"https:\/\/www.salzburgerland.com\/de\/magazin\/wp-content\/uploads\/2017\/09\/hm_almentour_osterhorngruppe_0137-650x435.jpg\" alt=\"\" width=\"650\" height=\"435\" \/><\/a><\/p>\n<p>Am n\u00e4chsten Morgen starten wir schon in aller Herrgottsfr\u00fch. Die zweite Etappe ist zwar mit rund 35 Kilometern nicht tagesf\u00fcllend, doch wir wollen eine l\u00e4ngere Pause beim Wolfgangsee einlegen und uns in dem k\u00fchlen Nass erfrischen. Doch bis dahin ist es schon noch ein St\u00fcck. Zun\u00e4chst f\u00fchrt der Weg durch ausgedehnte W\u00e4lder und \u00fcber gut ausgebaute Forststra\u00dfen hoch zur Schafbachalm. Die Alm liegt auf einer Lichtung in einem versteckten Bergsattel und ist einer der Highlights am zweiten Tag. F\u00fcr uns ist es jetzt aber noch zu fr\u00fch f\u00fcr eine Einkehr und so lassen wir die Alm links liegen und folgen dem Weg bergab.<\/p>\n<p><a href=\"https:\/\/www.salzburgerland.com\/de\/magazin\/wp-content\/uploads\/2017\/09\/hm_almentour_osterhorngruppe_0760.jpg\"><img loading=\"lazy\" decoding=\"async\" class=\"alignnone size-singlePost wp-image-118049\" src=\"https:\/\/www.salzburgerland.com\/de\/magazin\/wp-content\/uploads\/2017\/09\/hm_almentour_osterhorngruppe_0760-650x435.jpg\" alt=\"\" width=\"650\" height=\"435\" \/><\/a><\/p>\n<h3>Rauf aufs Zw\u00f6lferhorn<\/h3>\n<p>Wir stehen nun vor dem l\u00e4ngsten Anstieg der Almentour. Bis zum Gipfel des Zw\u00f6lferhorns sind es knapp 800 H\u00f6henmeter und viele Serpentinen. Da hei\u00dft es kr\u00e4ftig in die Pedale treten. Bereits jetzt schon sind auch einige Wanderer und Biker unterwegs, die den Aussichtsberg erklimmen wollen. Unter den Einheimischen ist das Zw\u00f6lferhorn sehr beliebt. Wir gehen die ersten Meter langsam an und verstecken uns unter dem dichten Wald vor der Sonne, die selbst im Herbst noch immer mit geballter Kraft vom Himmel scheint. Nach ungef\u00e4hr halber Wegstrecke hoch zum Gipfel verl\u00e4uft die Forststra\u00dfe \u00fcber freie Fl\u00e4chen und erst jetzt bemerken wir die Hitze, die ungebremst auf unsere K\u00f6pfe einwirkt. Ein kr\u00e4ftiger Schluck aus unseren Camelbacks gibt uns die n\u00f6tige Fl\u00fcssigkeit f\u00fcr den Gipfelsprint. <br \/>\n Vom Gipfel des Zw\u00f6lferhorns aus genie\u00dfen wir dann den einmaligen 360-Grad-Blick. Unter uns leuchtet der Wolfgangsee mit seinem t\u00fcrkisblauen Karibikwasser und gegen\u00fcber sehen wir die Rauchschwaden der Schafberg-Zahnradbahn aus der gr\u00fcnen Alpenlandschaft hervorstechen, wie sie sich den Weg bis zum Gipfel des Schafberges hochqu\u00e4lt. Richtung S\u00fcden leuchten die wei\u00dfen Gipfel des Dachsteinmassivs und nach Norden hin beginnt das Flachland. Wie von einem K\u00fcnstler gemalt, so k\u00f6nnte man die Landschaft hier beschreiben.<\/p>\n<p><a href=\"https:\/\/www.salzburgerland.com\/de\/magazin\/wp-content\/uploads\/2017\/09\/hm_almentour_osterhorngruppe_0794.jpg\"><img loading=\"lazy\" decoding=\"async\" class=\"alignnone size-singlePost wp-image-118050\" src=\"https:\/\/www.salzburgerland.com\/de\/magazin\/wp-content\/uploads\/2017\/09\/hm_almentour_osterhorngruppe_0794-650x435.jpg\" alt=\"\" width=\"650\" height=\"435\" \/><\/a><\/p>\n<p>Nach den schwei\u00dftreibenden Rampen bergauf geht es jetzt den Berg hinab zum Wolfgangsee. Zuerst \u00fcber Schotterwege, dann \u00fcber einen schmalen Trail durch die W\u00e4lder des Salzkammergutes, bis zum Ufer des Sees. Wir k\u00fchlen unsere F\u00fc\u00dfe in dem frischen Wasser und denken schon an den letzten Tag. \u00dcber die Postalm geht es dann wieder zur\u00fcck nach Abtenau, dem Start unserer Almentour.<\/p>\n<div class=\"mag-gallery\"><div class=\"row\"><div class=\"col-6 col-sm-4\"><figure><a class=\"thumb-container\" href=\"https:\/\/www.salzburgerland.com\/de\/magazin\/wp-content\/uploads\/2017\/09\/hm_almentour_osterhorngruppe_0736-1280x1024.jpg\">\t<picture><source media=\"(min-width: 576px)\" srcset=\"https:\/\/www.salzburgerland.com\/de\/magazin\/wp-content\/uploads\/2017\/09\/hm_almentour_osterhorngruppe_0736-325x209.jpg 325w, https:\/\/www.salzburgerland.com\/de\/magazin\/wp-content\/uploads\/2017\/09\/hm_almentour_osterhorngruppe_0736-249x160.jpg 249w\" \/><source media=\"(min-width: 0)\" srcset=\"https:\/\/www.salzburgerland.com\/de\/magazin\/wp-content\/uploads\/2017\/09\/hm_almentour_osterhorngruppe_0736-249x160.jpg 249w, https:\/\/www.salzburgerland.com\/de\/magazin\/wp-content\/uploads\/2017\/09\/hm_almentour_osterhorngruppe_0736-325x209.jpg 325w\" \/><img decoding=\"async\" alt=\"Zwei Radfahrer fahren an einem rustikalen \u00f6sterreichischen Berggasthof mit Sitzgelegenheiten im Freien vorbei, umgeben von Gr\u00fcn und B\u00e4umen.\" src=\"https:\/\/www.salzburgerland.com\/de\/magazin\/wp-content\/uploads\/2017\/09\/hm_almentour_osterhorngruppe_0736.jpg\" \/>\t<\/picture><\/a><\/figure><\/div><div class=\"col-6 col-sm-4\"><figure><a class=\"thumb-container\" href=\"https:\/\/www.salzburgerland.com\/de\/magazin\/wp-content\/uploads\/2017\/09\/hm_almentour_osterhorngruppe_0593-1280x1024.jpg\">\t<picture><source media=\"(min-width: 576px)\" srcset=\"https:\/\/www.salzburgerland.com\/de\/magazin\/wp-content\/uploads\/2017\/09\/hm_almentour_osterhorngruppe_0593-325x209.jpg 325w, https:\/\/www.salzburgerland.com\/de\/magazin\/wp-content\/uploads\/2017\/09\/hm_almentour_osterhorngruppe_0593-249x160.jpg 249w\" \/><source media=\"(min-width: 0)\" srcset=\"https:\/\/www.salzburgerland.com\/de\/magazin\/wp-content\/uploads\/2017\/09\/hm_almentour_osterhorngruppe_0593-249x160.jpg 249w, https:\/\/www.salzburgerland.com\/de\/magazin\/wp-content\/uploads\/2017\/09\/hm_almentour_osterhorngruppe_0593-325x209.jpg 325w\" \/><img decoding=\"async\" alt=\"Eine braun-wei\u00dfe Kuh steht auf einer grasbewachsenen Wiese, w\u00e4hrend im Hintergrund zwei Radfahrer auf einem Weg fahren.\" src=\"https:\/\/www.salzburgerland.com\/de\/magazin\/wp-content\/uploads\/2017\/09\/hm_almentour_osterhorngruppe_0593.jpg\" \/>\t<\/picture><\/a><\/figure><\/div><div class=\"col-6 col-sm-4\"><figure><a class=\"thumb-container\" href=\"https:\/\/www.salzburgerland.com\/de\/magazin\/wp-content\/uploads\/2017\/09\/hm_almentour_osterhorngruppe_0560-1280x1024.jpg\">\t<picture><source media=\"(min-width: 576px)\" srcset=\"https:\/\/www.salzburgerland.com\/de\/magazin\/wp-content\/uploads\/2017\/09\/hm_almentour_osterhorngruppe_0560-325x209.jpg 325w, https:\/\/www.salzburgerland.com\/de\/magazin\/wp-content\/uploads\/2017\/09\/hm_almentour_osterhorngruppe_0560-249x160.jpg 249w\" \/><source media=\"(min-width: 0)\" srcset=\"https:\/\/www.salzburgerland.com\/de\/magazin\/wp-content\/uploads\/2017\/09\/hm_almentour_osterhorngruppe_0560-249x160.jpg 249w, https:\/\/www.salzburgerland.com\/de\/magazin\/wp-content\/uploads\/2017\/09\/hm_almentour_osterhorngruppe_0560-325x209.jpg 325w\" \/><img decoding=\"async\" alt=\"Zwei Radfahrer fahren auf einem Bergweg unter einem Regenbogen, mit grasbewachsenen H\u00fcgeln und bew\u00f6lktem Himmel im Hintergrund.\" src=\"https:\/\/www.salzburgerland.com\/de\/magazin\/wp-content\/uploads\/2017\/09\/hm_almentour_osterhorngruppe_0560.jpg\" \/>\t<\/picture><\/a><\/figure><\/div><div class=\"col-6 col-sm-4\"><figure><a class=\"thumb-container\" href=\"https:\/\/www.salzburgerland.com\/de\/magazin\/wp-content\/uploads\/2017\/09\/hm_almentour_osterhorngruppe_0534-1280x1024.jpg\">\t<picture><source media=\"(min-width: 576px)\" srcset=\"https:\/\/www.salzburgerland.com\/de\/magazin\/wp-content\/uploads\/2017\/09\/hm_almentour_osterhorngruppe_0534-325x209.jpg 325w, https:\/\/www.salzburgerland.com\/de\/magazin\/wp-content\/uploads\/2017\/09\/hm_almentour_osterhorngruppe_0534-249x160.jpg 249w\" \/><source media=\"(min-width: 0)\" srcset=\"https:\/\/www.salzburgerland.com\/de\/magazin\/wp-content\/uploads\/2017\/09\/hm_almentour_osterhorngruppe_0534-249x160.jpg 249w, https:\/\/www.salzburgerland.com\/de\/magazin\/wp-content\/uploads\/2017\/09\/hm_almentour_osterhorngruppe_0534-325x209.jpg 325w\" \/><img decoding=\"async\" alt=\"Zwei Radfahrer auf einem grasbewachsenen H\u00fcgel unter einem Regenbogen mit bew\u00f6lktem Himmel und bewaldeten Bergen im Hintergrund.\" src=\"https:\/\/www.salzburgerland.com\/de\/magazin\/wp-content\/uploads\/2017\/09\/hm_almentour_osterhorngruppe_0534.jpg\" \/>\t<\/picture><\/a><\/figure><\/div><div class=\"col-6 col-sm-4\"><figure><a class=\"thumb-container\" href=\"https:\/\/www.salzburgerland.com\/de\/magazin\/wp-content\/uploads\/2017\/09\/hm_almentour_osterhorngruppe_0275-1280x1024.jpg\">\t<picture><source media=\"(min-width: 576px)\" srcset=\"https:\/\/www.salzburgerland.com\/de\/magazin\/wp-content\/uploads\/2017\/09\/hm_almentour_osterhorngruppe_0275-325x209.jpg 325w, https:\/\/www.salzburgerland.com\/de\/magazin\/wp-content\/uploads\/2017\/09\/hm_almentour_osterhorngruppe_0275-249x160.jpg 249w\" \/><source media=\"(min-width: 0)\" srcset=\"https:\/\/www.salzburgerland.com\/de\/magazin\/wp-content\/uploads\/2017\/09\/hm_almentour_osterhorngruppe_0275-249x160.jpg 249w, https:\/\/www.salzburgerland.com\/de\/magazin\/wp-content\/uploads\/2017\/09\/hm_almentour_osterhorngruppe_0275-325x209.jpg 325w\" \/><img decoding=\"async\" alt=\"Zwei Personen fahren mit dem Mountainbike auf einem grasbewachsenen Hangweg mit B\u00e4umen und Bergen im Hintergrund.\" src=\"https:\/\/www.salzburgerland.com\/de\/magazin\/wp-content\/uploads\/2017\/09\/hm_almentour_osterhorngruppe_0275.jpg\" \/>\t<\/picture><\/a><\/figure><\/div><div class=\"col-6 col-sm-4\"><figure><a class=\"thumb-container\" href=\"https:\/\/www.salzburgerland.com\/de\/magazin\/wp-content\/uploads\/2017\/09\/hm_almentour_osterhorngruppe_0265-1280x1024.jpg\">\t<picture><source media=\"(min-width: 576px)\" srcset=\"https:\/\/www.salzburgerland.com\/de\/magazin\/wp-content\/uploads\/2017\/09\/hm_almentour_osterhorngruppe_0265-325x209.jpg 325w, https:\/\/www.salzburgerland.com\/de\/magazin\/wp-content\/uploads\/2017\/09\/hm_almentour_osterhorngruppe_0265-249x160.jpg 249w\" \/><source media=\"(min-width: 0)\" srcset=\"https:\/\/www.salzburgerland.com\/de\/magazin\/wp-content\/uploads\/2017\/09\/hm_almentour_osterhorngruppe_0265-249x160.jpg 249w, https:\/\/www.salzburgerland.com\/de\/magazin\/wp-content\/uploads\/2017\/09\/hm_almentour_osterhorngruppe_0265-325x209.jpg 325w\" \/><img decoding=\"async\" alt=\"Eine Sch\u00fcssel Suppe mit Gem\u00fcse und Kn\u00f6deln steht auf einem rustikalen Holztisch im Sonnenlicht.\" src=\"https:\/\/www.salzburgerland.com\/de\/magazin\/wp-content\/uploads\/2017\/09\/hm_almentour_osterhorngruppe_0265.jpg\" \/>\t<\/picture><\/a><\/figure><\/div><\/div><\/div><figcaption><\/figcaption>\n<p>Fotos\u00a0\u00a9 Heiko Mandl<\/p>\n","protected":false},"excerpt":{"rendered":"<p>Nach guter Planung und Vorbereitung war es an einem der letzten Wochenenden soweit. Wir starten zur\u00a0Salzburger Almentour. Drei Tage geht es durch die Osterhorngruppe bis in das Salzkammergut und wieder zur\u00fcck. Hohe Berge finden wir hier zwar nicht, doch die sanften Wiesenlandschaften, die dunkelgr\u00fcnen W\u00e4lder und die gem\u00fctlichen H\u00fctten sind ein ideales Terrain, um den [&hellip;]<\/p>\n","protected":false},"author":10,"featured_media":118047,"comment_status":"open","ping_status":"open","sticky":false,"template":"","format":"standard","meta":{"_acf_changed":false,"wl_entities_gutenberg":"","_wl_entity_redirect_enabled":"","footnotes":""},"categories":[8],"tags":[],"wl_entity_type":[306],"monatsauswahl":[85,86,87,88,89,90,91],"class_list":["post-118039","post","type-post","status-publish","format-standard","has-post-thumbnail","hentry","category-outdoor-sport","wl_entity_type-article","monatsauswahl-monat_4","monatsauswahl-monat_5","monatsauswahl-monat_6","monatsauswahl-monat_7","monatsauswahl-monat_8","monatsauswahl-monat_9","monatsauswahl-monat_10"],"acf":[],"yoast_head":"<!-- This site is optimized with the Yoast SEO Premium plugin v27.4 (Yoast SEO v27.4) - https:\/\/yoast.com\/product\/yoast-seo-premium-wordpress\/ -->\n<title>Mit dem Bike von Alm zu Alm - SalzburgerLand Magazin<\/title>\n<meta name=\"description\" content=\"Nach guter Planung und Vorbereitung war es an einem der letzten Wochenenden soweit. Wir starten zur\u00a0Salzburger Almentour. Drei Tage geht es durch die Osterhorngruppe bis in das Salzkammergut und wieder zur\u00fcck. Hohe Berge finden wir hier zwar nicht, doch die sanften Wiesenlandschaften, die dunkelgr\u00fcnen W\u00e4lder und die gem\u00fctlichen H\u00fctten sind ein ideales Terrain, um den [&hellip;]\" \/>\n<meta name=\"robots\" content=\"index, follow, max-snippet:-1, max-image-preview:large, max-video-preview:-1\" \/>\n<link rel=\"canonical\" href=\"https:\/\/www.salzburgerland.com\/de\/magazin\/mit-dem-bike-von-alm-zu-alm\/\" \/>\n<meta property=\"og:locale\" content=\"de_DE\" \/>\n<meta property=\"og:type\" content=\"article\" \/>\n<meta property=\"og:title\" content=\"Mit dem Bike von Alm zu Alm\" \/>\n<meta property=\"og:description\" content=\"Nach guter Planung und Vorbereitung war es an einem der letzten Wochenenden soweit. Wir starten zur\u00a0Salzburger Almentour. Drei Tage geht es durch die Osterhorngruppe bis in das Salzkammergut und wieder zur\u00fcck. Hohe Berge finden wir hier zwar nicht, doch die sanften Wiesenlandschaften, die dunkelgr\u00fcnen W\u00e4lder und die gem\u00fctlichen H\u00fctten sind ein ideales Terrain, um den [&hellip;]\" \/>\n<meta property=\"og:url\" content=\"https:\/\/www.salzburgerland.com\/de\/magazin\/mit-dem-bike-von-alm-zu-alm\/\" \/>\n<meta property=\"og:site_name\" content=\"SalzburgerLand Magazin\" \/>\n<meta property=\"article:publisher\" content=\"https:\/\/www.facebook.com\/salzburgerland\/\" \/>\n<meta property=\"article:published_time\" content=\"2017-09-20T10:00:09+00:00\" \/>\n<meta property=\"article:modified_time\" content=\"2019-06-26T16:32:21+00:00\" \/>\n<meta property=\"og:image\" content=\"https:\/\/www.salzburgerland.com\/de\/magazin\/wp-content\/uploads\/2017\/09\/hm_almentour_osterhorngruppe_0619.jpg\" \/>\n\t<meta property=\"og:image:width\" content=\"1600\" \/>\n\t<meta property=\"og:image:height\" content=\"1067\" \/>\n\t<meta property=\"og:image:type\" content=\"image\/jpeg\" \/>\n<meta name=\"author\" content=\"Heiko Mandl\" \/>\n<meta name=\"twitter:card\" content=\"summary_large_image\" \/>\n<meta name=\"twitter:creator\" content=\"@Salzburgerland\" \/>\n<meta name=\"twitter:site\" content=\"@Salzburgerland\" \/>\n<meta name=\"twitter:label1\" content=\"Verfasst von\" \/>\n\t<meta name=\"twitter:data1\" content=\"Heiko Mandl\" \/>\n\t<meta name=\"twitter:label2\" content=\"Gesch\u00e4tzte Lesezeit\" \/>\n\t<meta name=\"twitter:data2\" content=\"3\u00a0Minuten\" \/>\n<script type=\"application\/ld+json\" class=\"yoast-schema-graph\">{\"@context\":\"https:\\\/\\\/schema.org\",\"@graph\":[{\"@type\":\"Article\",\"@id\":\"https:\\\/\\\/www.salzburgerland.com\\\/de\\\/magazin\\\/mit-dem-bike-von-alm-zu-alm\\\/#article\",\"isPartOf\":{\"@id\":\"https:\\\/\\\/www.salzburgerland.com\\\/de\\\/magazin\\\/mit-dem-bike-von-alm-zu-alm\\\/\"},\"author\":{\"name\":\"Heiko Mandl\",\"@id\":\"https:\\\/\\\/www.salzburgerland.com\\\/de\\\/magazin\\\/#\\\/schema\\\/person\\\/8871c7c764fce6ea66752310e7fe9e98\"},\"headline\":\"Mit dem Bike von Alm zu Alm\",\"datePublished\":\"2017-09-20T10:00:09+00:00\",\"dateModified\":\"2019-06-26T16:32:21+00:00\",\"mainEntityOfPage\":{\"@id\":\"https:\\\/\\\/www.salzburgerland.com\\\/de\\\/magazin\\\/mit-dem-bike-von-alm-zu-alm\\\/\"},\"wordCount\":609,\"commentCount\":0,\"publisher\":{\"@id\":\"https:\\\/\\\/www.salzburgerland.com\\\/de\\\/magazin\\\/#organization\"},\"image\":{\"@id\":\"https:\\\/\\\/www.salzburgerland.com\\\/de\\\/magazin\\\/mit-dem-bike-von-alm-zu-alm\\\/#primaryimage\"},\"thumbnailUrl\":\"https:\\\/\\\/www.salzburgerland.com\\\/de\\\/magazin\\\/wp-content\\\/uploads\\\/2017\\\/09\\\/hm_almentour_osterhorngruppe_0619.jpg\",\"articleSection\":[\"Outdoor &amp; Sport\"],\"inLanguage\":\"de\",\"potentialAction\":[{\"@type\":\"CommentAction\",\"name\":\"Comment\",\"target\":[\"https:\\\/\\\/www.salzburgerland.com\\\/de\\\/magazin\\\/mit-dem-bike-von-alm-zu-alm\\\/#respond\"]}]},{\"@type\":\"WebPage\",\"@id\":\"https:\\\/\\\/www.salzburgerland.com\\\/de\\\/magazin\\\/mit-dem-bike-von-alm-zu-alm\\\/\",\"url\":\"https:\\\/\\\/www.salzburgerland.com\\\/de\\\/magazin\\\/mit-dem-bike-von-alm-zu-alm\\\/\",\"name\":\"Mit dem Bike von Alm zu Alm - SalzburgerLand Magazin\",\"isPartOf\":{\"@id\":\"https:\\\/\\\/www.salzburgerland.com\\\/de\\\/magazin\\\/#website\"},\"primaryImageOfPage\":{\"@id\":\"https:\\\/\\\/www.salzburgerland.com\\\/de\\\/magazin\\\/mit-dem-bike-von-alm-zu-alm\\\/#primaryimage\"},\"image\":{\"@id\":\"https:\\\/\\\/www.salzburgerland.com\\\/de\\\/magazin\\\/mit-dem-bike-von-alm-zu-alm\\\/#primaryimage\"},\"thumbnailUrl\":\"https:\\\/\\\/www.salzburgerland.com\\\/de\\\/magazin\\\/wp-content\\\/uploads\\\/2017\\\/09\\\/hm_almentour_osterhorngruppe_0619.jpg\",\"datePublished\":\"2017-09-20T10:00:09+00:00\",\"dateModified\":\"2019-06-26T16:32:21+00:00\",\"breadcrumb\":{\"@id\":\"https:\\\/\\\/www.salzburgerland.com\\\/de\\\/magazin\\\/mit-dem-bike-von-alm-zu-alm\\\/#breadcrumb\"},\"inLanguage\":\"de\",\"potentialAction\":[{\"@type\":\"ReadAction\",\"target\":[\"https:\\\/\\\/www.salzburgerland.com\\\/de\\\/magazin\\\/mit-dem-bike-von-alm-zu-alm\\\/\"]}]},{\"@type\":\"ImageObject\",\"inLanguage\":\"de\",\"@id\":\"https:\\\/\\\/www.salzburgerland.com\\\/de\\\/magazin\\\/mit-dem-bike-von-alm-zu-alm\\\/#primaryimage\",\"url\":\"https:\\\/\\\/www.salzburgerland.com\\\/de\\\/magazin\\\/wp-content\\\/uploads\\\/2017\\\/09\\\/hm_almentour_osterhorngruppe_0619.jpg\",\"contentUrl\":\"https:\\\/\\\/www.salzburgerland.com\\\/de\\\/magazin\\\/wp-content\\\/uploads\\\/2017\\\/09\\\/hm_almentour_osterhorngruppe_0619.jpg\",\"width\":1600,\"height\":1067,\"caption\":\"Eine Kuh steht auf einer Wiese, w\u00e4hrend zwei Radfahrer vorbeifahren, mit Bergen und B\u00e4umen im Hintergrund bei Sonnenuntergang.\"},{\"@type\":\"BreadcrumbList\",\"@id\":\"https:\\\/\\\/www.salzburgerland.com\\\/de\\\/magazin\\\/mit-dem-bike-von-alm-zu-alm\\\/#breadcrumb\",\"itemListElement\":[{\"@type\":\"ListItem\",\"position\":1,\"name\":\"Startseite\",\"item\":\"https:\\\/\\\/www.salzburgerland.com\\\/de\\\/magazin\\\/\"},{\"@type\":\"ListItem\",\"position\":2,\"name\":\"Outdoor &amp; Sport\",\"item\":\"https:\\\/\\\/www.salzburgerland.com\\\/de\\\/magazin\\\/thema\\\/outdoor-sport\\\/\"},{\"@type\":\"ListItem\",\"position\":3,\"name\":\"Mit dem Bike von Alm zu Alm\"}]},{\"@type\":\"WebSite\",\"@id\":\"https:\\\/\\\/www.salzburgerland.com\\\/de\\\/magazin\\\/#website\",\"url\":\"https:\\\/\\\/www.salzburgerland.com\\\/de\\\/magazin\\\/\",\"name\":\"SalzburgerLand Magazin\",\"description\":\"Geschichten und Interessantes aus dem SalzburgerLand\",\"publisher\":{\"@id\":\"https:\\\/\\\/www.salzburgerland.com\\\/de\\\/magazin\\\/#organization\"},\"potentialAction\":[{\"@type\":\"SearchAction\",\"target\":{\"@type\":\"EntryPoint\",\"urlTemplate\":\"https:\\\/\\\/www.salzburgerland.com\\\/de\\\/magazin\\\/?s={search_term_string}\"},\"query-input\":{\"@type\":\"PropertyValueSpecification\",\"valueRequired\":true,\"valueName\":\"search_term_string\"}}],\"inLanguage\":\"de\"},{\"@type\":\"Organization\",\"@id\":\"https:\\\/\\\/www.salzburgerland.com\\\/de\\\/magazin\\\/#organization\",\"name\":\"SalzburgerLand Tourismus\",\"url\":\"https:\\\/\\\/www.salzburgerland.com\\\/de\\\/magazin\\\/\",\"logo\":{\"@type\":\"ImageObject\",\"inLanguage\":\"de\",\"@id\":\"https:\\\/\\\/www.salzburgerland.com\\\/de\\\/magazin\\\/#\\\/schema\\\/logo\\\/image\\\/\",\"url\":\"https:\\\/\\\/www.salzburgerland.com\\\/de\\\/magazin\\\/wp-content\\\/uploads\\\/2019\\\/06\\\/salzburgerland-logo1.jpg\",\"contentUrl\":\"https:\\\/\\\/www.salzburgerland.com\\\/de\\\/magazin\\\/wp-content\\\/uploads\\\/2019\\\/06\\\/salzburgerland-logo1.jpg\",\"width\":2011,\"height\":866,\"caption\":\"SalzburgerLand Tourismus\"},\"image\":{\"@id\":\"https:\\\/\\\/www.salzburgerland.com\\\/de\\\/magazin\\\/#\\\/schema\\\/logo\\\/image\\\/\"},\"sameAs\":[\"https:\\\/\\\/www.facebook.com\\\/salzburgerland\\\/\",\"https:\\\/\\\/x.com\\\/Salzburgerland\",\"https:\\\/\\\/www.instagram.com\\\/salzburgerland\\\/\",\"https:\\\/\\\/at.linkedin.com\\\/company\\\/salzburgerland-tourismus-gmbh\",\"https:\\\/\\\/www.pinterest.at\\\/salzburgerland\\\/\",\"https:\\\/\\\/www.youtube.com\\\/user\\\/salzburgerland\",\"https:\\\/\\\/de.wikipedia.org\\\/wiki\\\/SalzburgerLand_Tourismus_GmbH\"]},{\"@type\":\"Person\",\"@id\":\"https:\\\/\\\/www.salzburgerland.com\\\/de\\\/magazin\\\/#\\\/schema\\\/person\\\/8871c7c764fce6ea66752310e7fe9e98\",\"name\":\"Heiko Mandl\",\"description\":\"Heiko Mandl, geboren 1976 in Salzburg, ist durch den Journalismus zur Fotografie gekommen und ist seit zehn Jahren als selbstst\u00e4ndiger Fotograf und Autor in Salzburg t\u00e4tig. Schon von Kindheit an haben ihn die Berge vor seiner Haust\u00fcr fasziniert. Heute z\u00e4hlen sie unter anderem zu seinem Arbeitsplatz. Er arbeitet f\u00fcr internationale Outdoor- und Reisemagazine sowie zahlreiche Firmen und Agenturen. Luxushotel oder Almh\u00fctte: Ich kann beides genie\u00dfen und ich gehe das nach dem Motto: Alles zur richtigen Zeit und zur passenden Gelegenheit an. Wandern oder Laufen: Auf jeden Fall wandern, ist gem\u00fctlicher und man kann sich mehr auf die Umgebung konzentrieren. Golfplatz oder Klettergarten: Klettergarten, zumindest noch die n\u00e4chsten 20 Jahre. Fr\u00fchling, sommer, herbst oder Winter? Fr\u00fchling und Sommer und Herbst und Winter! Im SalzburgerLand ist es das ganze Jahr traumhaft sch\u00f6n. Wellness oder Mountainbike? Zuerst eine Runde mit dem Mountainbike und dann ab in den Wellnesstempel. Das eine schlie\u00dft das andere nicht aus!\",\"url\":\"https:\\\/\\\/www.salzburgerland.com\\\/de\\\/magazin\\\/author\\\/heiko-mandl\\\/\"}]}<\/script>\n<!-- \/ Yoast SEO Premium plugin. -->","yoast_head_json":{"title":"Mit dem Bike von Alm zu Alm - SalzburgerLand Magazin","description":"Nach guter Planung und Vorbereitung war es an einem der letzten Wochenenden soweit. Wir starten zur\u00a0Salzburger Almentour. Drei Tage geht es durch die Osterhorngruppe bis in das Salzkammergut und wieder zur\u00fcck. Hohe Berge finden wir hier zwar nicht, doch die sanften Wiesenlandschaften, die dunkelgr\u00fcnen W\u00e4lder und die gem\u00fctlichen H\u00fctten sind ein ideales Terrain, um den [&hellip;]","robots":{"index":"index","follow":"follow","max-snippet":"max-snippet:-1","max-image-preview":"max-image-preview:large","max-video-preview":"max-video-preview:-1"},"canonical":"https:\/\/www.salzburgerland.com\/de\/magazin\/mit-dem-bike-von-alm-zu-alm\/","og_locale":"de_DE","og_type":"article","og_title":"Mit dem Bike von Alm zu Alm","og_description":"Nach guter Planung und Vorbereitung war es an einem der letzten Wochenenden soweit. Wir starten zur\u00a0Salzburger Almentour. Drei Tage geht es durch die Osterhorngruppe bis in das Salzkammergut und wieder zur\u00fcck. Hohe Berge finden wir hier zwar nicht, doch die sanften Wiesenlandschaften, die dunkelgr\u00fcnen W\u00e4lder und die gem\u00fctlichen H\u00fctten sind ein ideales Terrain, um den [&hellip;]","og_url":"https:\/\/www.salzburgerland.com\/de\/magazin\/mit-dem-bike-von-alm-zu-alm\/","og_site_name":"SalzburgerLand Magazin","article_publisher":"https:\/\/www.facebook.com\/salzburgerland\/","article_published_time":"2017-09-20T10:00:09+00:00","article_modified_time":"2019-06-26T16:32:21+00:00","og_image":[{"width":1600,"height":1067,"url":"https:\/\/www.salzburgerland.com\/de\/magazin\/wp-content\/uploads\/2017\/09\/hm_almentour_osterhorngruppe_0619.jpg","type":"image\/jpeg"}],"author":"Heiko Mandl","twitter_card":"summary_large_image","twitter_creator":"@Salzburgerland","twitter_site":"@Salzburgerland","twitter_misc":{"Verfasst von":"Heiko Mandl","Gesch\u00e4tzte Lesezeit":"3\u00a0Minuten"},"schema":{"@context":"https:\/\/schema.org","@graph":[{"@type":"Article","@id":"https:\/\/www.salzburgerland.com\/de\/magazin\/mit-dem-bike-von-alm-zu-alm\/#article","isPartOf":{"@id":"https:\/\/www.salzburgerland.com\/de\/magazin\/mit-dem-bike-von-alm-zu-alm\/"},"author":{"name":"Heiko Mandl","@id":"https:\/\/www.salzburgerland.com\/de\/magazin\/#\/schema\/person\/8871c7c764fce6ea66752310e7fe9e98"},"headline":"Mit dem Bike von Alm zu Alm","datePublished":"2017-09-20T10:00:09+00:00","dateModified":"2019-06-26T16:32:21+00:00","mainEntityOfPage":{"@id":"https:\/\/www.salzburgerland.com\/de\/magazin\/mit-dem-bike-von-alm-zu-alm\/"},"wordCount":609,"commentCount":0,"publisher":{"@id":"https:\/\/www.salzburgerland.com\/de\/magazin\/#organization"},"image":{"@id":"https:\/\/www.salzburgerland.com\/de\/magazin\/mit-dem-bike-von-alm-zu-alm\/#primaryimage"},"thumbnailUrl":"https:\/\/www.salzburgerland.com\/de\/magazin\/wp-content\/uploads\/2017\/09\/hm_almentour_osterhorngruppe_0619.jpg","articleSection":["Outdoor &amp; Sport"],"inLanguage":"de","potentialAction":[{"@type":"CommentAction","name":"Comment","target":["https:\/\/www.salzburgerland.com\/de\/magazin\/mit-dem-bike-von-alm-zu-alm\/#respond"]}]},{"@type":"WebPage","@id":"https:\/\/www.salzburgerland.com\/de\/magazin\/mit-dem-bike-von-alm-zu-alm\/","url":"https:\/\/www.salzburgerland.com\/de\/magazin\/mit-dem-bike-von-alm-zu-alm\/","name":"Mit dem Bike von Alm zu Alm - SalzburgerLand Magazin","isPartOf":{"@id":"https:\/\/www.salzburgerland.com\/de\/magazin\/#website"},"primaryImageOfPage":{"@id":"https:\/\/www.salzburgerland.com\/de\/magazin\/mit-dem-bike-von-alm-zu-alm\/#primaryimage"},"image":{"@id":"https:\/\/www.salzburgerland.com\/de\/magazin\/mit-dem-bike-von-alm-zu-alm\/#primaryimage"},"thumbnailUrl":"https:\/\/www.salzburgerland.com\/de\/magazin\/wp-content\/uploads\/2017\/09\/hm_almentour_osterhorngruppe_0619.jpg","datePublished":"2017-09-20T10:00:09+00:00","dateModified":"2019-06-26T16:32:21+00:00","breadcrumb":{"@id":"https:\/\/www.salzburgerland.com\/de\/magazin\/mit-dem-bike-von-alm-zu-alm\/#breadcrumb"},"inLanguage":"de","potentialAction":[{"@type":"ReadAction","target":["https:\/\/www.salzburgerland.com\/de\/magazin\/mit-dem-bike-von-alm-zu-alm\/"]}]},{"@type":"ImageObject","inLanguage":"de","@id":"https:\/\/www.salzburgerland.com\/de\/magazin\/mit-dem-bike-von-alm-zu-alm\/#primaryimage","url":"https:\/\/www.salzburgerland.com\/de\/magazin\/wp-content\/uploads\/2017\/09\/hm_almentour_osterhorngruppe_0619.jpg","contentUrl":"https:\/\/www.salzburgerland.com\/de\/magazin\/wp-content\/uploads\/2017\/09\/hm_almentour_osterhorngruppe_0619.jpg","width":1600,"height":1067,"caption":"Eine Kuh steht auf einer Wiese, w\u00e4hrend zwei Radfahrer vorbeifahren, mit Bergen und B\u00e4umen im Hintergrund bei Sonnenuntergang."},{"@type":"BreadcrumbList","@id":"https:\/\/www.salzburgerland.com\/de\/magazin\/mit-dem-bike-von-alm-zu-alm\/#breadcrumb","itemListElement":[{"@type":"ListItem","position":1,"name":"Startseite","item":"https:\/\/www.salzburgerland.com\/de\/magazin\/"},{"@type":"ListItem","position":2,"name":"Outdoor &amp; Sport","item":"https:\/\/www.salzburgerland.com\/de\/magazin\/thema\/outdoor-sport\/"},{"@type":"ListItem","position":3,"name":"Mit dem Bike von Alm zu Alm"}]},{"@type":"WebSite","@id":"https:\/\/www.salzburgerland.com\/de\/magazin\/#website","url":"https:\/\/www.salzburgerland.com\/de\/magazin\/","name":"SalzburgerLand Magazin","description":"Geschichten und Interessantes aus dem SalzburgerLand","publisher":{"@id":"https:\/\/www.salzburgerland.com\/de\/magazin\/#organization"},"potentialAction":[{"@type":"SearchAction","target":{"@type":"EntryPoint","urlTemplate":"https:\/\/www.salzburgerland.com\/de\/magazin\/?s={search_term_string}"},"query-input":{"@type":"PropertyValueSpecification","valueRequired":true,"valueName":"search_term_string"}}],"inLanguage":"de"},{"@type":"Organization","@id":"https:\/\/www.salzburgerland.com\/de\/magazin\/#organization","name":"SalzburgerLand Tourismus","url":"https:\/\/www.salzburgerland.com\/de\/magazin\/","logo":{"@type":"ImageObject","inLanguage":"de","@id":"https:\/\/www.salzburgerland.com\/de\/magazin\/#\/schema\/logo\/image\/","url":"https:\/\/www.salzburgerland.com\/de\/magazin\/wp-content\/uploads\/2019\/06\/salzburgerland-logo1.jpg","contentUrl":"https:\/\/www.salzburgerland.com\/de\/magazin\/wp-content\/uploads\/2019\/06\/salzburgerland-logo1.jpg","width":2011,"height":866,"caption":"SalzburgerLand Tourismus"},"image":{"@id":"https:\/\/www.salzburgerland.com\/de\/magazin\/#\/schema\/logo\/image\/"},"sameAs":["https:\/\/www.facebook.com\/salzburgerland\/","https:\/\/x.com\/Salzburgerland","https:\/\/www.instagram.com\/salzburgerland\/","https:\/\/at.linkedin.com\/company\/salzburgerland-tourismus-gmbh","https:\/\/www.pinterest.at\/salzburgerland\/","https:\/\/www.youtube.com\/user\/salzburgerland","https:\/\/de.wikipedia.org\/wiki\/SalzburgerLand_Tourismus_GmbH"]},{"@type":"Person","@id":"https:\/\/www.salzburgerland.com\/de\/magazin\/#\/schema\/person\/8871c7c764fce6ea66752310e7fe9e98","name":"Heiko Mandl","description":"Heiko Mandl, geboren 1976 in Salzburg, ist durch den Journalismus zur Fotografie gekommen und ist seit zehn Jahren als selbstst\u00e4ndiger Fotograf und Autor in Salzburg t\u00e4tig. Schon von Kindheit an haben ihn die Berge vor seiner Haust\u00fcr fasziniert. Heute z\u00e4hlen sie unter anderem zu seinem Arbeitsplatz. Er arbeitet f\u00fcr internationale Outdoor- und Reisemagazine sowie zahlreiche Firmen und Agenturen. Luxushotel oder Almh\u00fctte: Ich kann beides genie\u00dfen und ich gehe das nach dem Motto: Alles zur richtigen Zeit und zur passenden Gelegenheit an. Wandern oder Laufen: Auf jeden Fall wandern, ist gem\u00fctlicher und man kann sich mehr auf die Umgebung konzentrieren. Golfplatz oder Klettergarten: Klettergarten, zumindest noch die n\u00e4chsten 20 Jahre. Fr\u00fchling, sommer, herbst oder Winter? Fr\u00fchling und Sommer und Herbst und Winter! Im SalzburgerLand ist es das ganze Jahr traumhaft sch\u00f6n. Wellness oder Mountainbike? Zuerst eine Runde mit dem Mountainbike und dann ab in den Wellnesstempel. Das eine schlie\u00dft das andere nicht aus!","url":"https:\/\/www.salzburgerland.com\/de\/magazin\/author\/heiko-mandl\/"}]}},"_wl_alt_label":[],"wl:entity_url":"http:\/\/open.salzburgerland.com\/magazin\/post\/mit_dem_bike_von_alm_zu_alm","_links":{"self":[{"href":"https:\/\/www.salzburgerland.com\/de\/magazin\/wp-json\/wp\/v2\/posts\/118039","targetHints":{"allow":["GET"]}}],"collection":[{"href":"https:\/\/www.salzburgerland.com\/de\/magazin\/wp-json\/wp\/v2\/posts"}],"about":[{"href":"https:\/\/www.salzburgerland.com\/de\/magazin\/wp-json\/wp\/v2\/types\/post"}],"author":[{"embeddable":true,"href":"https:\/\/www.salzburgerland.com\/de\/magazin\/wp-json\/wp\/v2\/users\/10"}],"replies":[{"embeddable":true,"href":"https:\/\/www.salzburgerland.com\/de\/magazin\/wp-json\/wp\/v2\/comments?post=118039"}],"version-history":[{"count":0,"href":"https:\/\/www.salzburgerland.com\/de\/magazin\/wp-json\/wp\/v2\/posts\/118039\/revisions"}],"wp:featuredmedia":[{"embeddable":true,"href":"https:\/\/www.salzburgerland.com\/de\/magazin\/wp-json\/wp\/v2\/media\/118047"}],"wp:attachment":[{"href":"https:\/\/www.salzburgerland.com\/de\/magazin\/wp-json\/wp\/v2\/media?parent=118039"}],"wp:term":[{"taxonomy":"category","embeddable":true,"href":"https:\/\/www.salzburgerland.com\/de\/magazin\/wp-json\/wp\/v2\/categories?post=118039"},{"taxonomy":"post_tag","embeddable":true,"href":"https:\/\/www.salzburgerland.com\/de\/magazin\/wp-json\/wp\/v2\/tags?post=118039"},{"taxonomy":"wl_entity_type","embeddable":true,"href":"https:\/\/www.salzburgerland.com\/de\/magazin\/wp-json\/wp\/v2\/wl_entity_type?post=118039"},{"taxonomy":"monatsauswahl","embeddable":true,"href":"https:\/\/www.salzburgerland.com\/de\/magazin\/wp-json\/wp\/v2\/monatsauswahl?post=118039"}],"curies":[{"name":"wp","href":"https:\/\/api.w.org\/{rel}","templated":true}]}}