{"id":117842,"date":"2017-09-08T08:00:11","date_gmt":"2017-09-08T06:00:11","guid":{"rendered":"https:\/\/www.salzburgerland.com\/de\/magazin\/?p=117842"},"modified":"2025-10-15T07:59:24","modified_gmt":"2025-10-15T05:59:24","slug":"familienwanderung-in-den-lammertaler-urwald","status":"publish","type":"post","link":"https:\/\/www.salzburgerland.com\/de\/magazin\/familienwanderung-in-den-lammertaler-urwald\/","title":{"rendered":"Ausflugstipp: Lammertaler Urwald"},"content":{"rendered":"\n<h2 class=\"wp-block-slt-subtitle\">Herbstliche Familienwanderung <\/h2>\n\n\n\n<p class=\"wp-block-slt-intro\">Kinder lieben abwechslungsreiche Wanderungen mit Etappenzielen<em>. <\/em>Der Weg zum Lammertaler Urwald hat gleich mehrere: das erste Ziel ist die sonnig gelegene Spie\u00dfalm. Als n\u00e4chstes geht\u2019s steil hinauf zum Wegbegleiter Cleverix, der mit einem Stempelkisterl wartet. Dort beginnt dann der Urwaldweg, vorbei an einzelnen m\u00e4chtigen B\u00e4umen, die man nicht zu umarmen vermag. <\/p>\n\n\n\n<p>Der Parkplatz Spie\u00dfalm liegt schon recht hoch oben und so ist das kleine Wegerl und der anschlie\u00dfende breite Schotterweg zur Spie\u00dfalm flugs bew\u00e4ltigt. Au\u00dferdem laden immer wieder B\u00e4nke zum Rasten und Genie\u00dfen der sch\u00f6nen Aussicht ein.<\/p>\n\n\n\n<p>Die <a href=\"http:\/\/www.spiessalm.at\" target=\"_blank\" rel=\"noopener noreferrer\">Spie\u00dfalm<\/a> ist von Anfang Mai bis Anfang Oktober ge\u00f6ffnet (Montag ist Ruhetag) und bekannt f\u00fcr den selbstgemachten, g\u00b4schmackigen K\u00e4se. Anfang Okober findet hier das Abrauschfest. <br>Wer sich die Einkehr f\u00fcr sp\u00e4ter aufheben m\u00f6chte, biegt nun nach rechts hinauf ab. Auf einem Steig geht es in Serpentinen den Hang bis zum Waldrand hinauf. Hier hei\u00dft`s ein bisschen aufpassen und auf den Weg achten, perfekt zum Schulen der Trittsicherheit. Oben angelangt wartet das Keltenm\u00e4nnchen Cleverix, ein Maskottchen des G\u00e4steservice mit seinem Stempelkistchen. Die Erwachsenen werden mit herrlichen Ausblicken auf den Gosaukamm, das Tennengebirge und die Bischofsm\u00fctze belohnt.<\/p>\n\n\n\n<figure class=\"wp-block-image size-full\"><a href=\"https:\/\/www.salzburgerland.com\/de\/magazin\/wp-content\/uploads\/2017\/09\/5-Cleverix-mit-Stempelknst.jpg\"><img loading=\"lazy\" decoding=\"async\" width=\"1200\" height=\"799\" src=\"https:\/\/www.salzburgerland.com\/de\/magazin\/wp-content\/uploads\/2017\/09\/5-Cleverix-mit-Stempelknst.jpg\" alt=\"Ein M\u00e4dchen interagiert mit einem Zeichentrickzeichen in einem sonnigen Waldgebiet.\" class=\"wp-image-117848\" srcset=\"https:\/\/www.salzburgerland.com\/de\/magazin\/wp-content\/uploads\/2017\/09\/5-Cleverix-mit-Stempelknst.jpg 1200w, https:\/\/www.salzburgerland.com\/de\/magazin\/wp-content\/uploads\/2017\/09\/5-Cleverix-mit-Stempelknst-300x200.jpg 300w, https:\/\/www.salzburgerland.com\/de\/magazin\/wp-content\/uploads\/2017\/09\/5-Cleverix-mit-Stempelknst-826x550.jpg 826w, https:\/\/www.salzburgerland.com\/de\/magazin\/wp-content\/uploads\/2017\/09\/5-Cleverix-mit-Stempelknst-601x400.jpg 601w\" sizes=\"auto, (max-width: 1200px) 100vw, 1200px\" \/><\/a><\/figure>\n\n\n\n<p>Im Wald ist es gleich um einiges k\u00fchler, daher je nach Jahreszeit sicherheitshalber warme Jacken mitnehmen. Der Weg quert den Hang und f\u00fchrt immer wieder an dicken B\u00e4umen vorbei &#8211; und die sind echt beeindruckend. Probiert einmal, den einen oder anderen zu umfassen. Die Runde durch den Wald dauert nicht lange und gegen Ende hin liegt einer dieser Riesen quer \u00fcber den Weg. Hier hei\u00dft\u00b4s unten durch kraxeln. Heraus kommt man wieder beim bereits bekannten Cleverix und dem idyllisch gelegenen Aussichtsbankerl.<\/p>\n\n\n<div class=\"mag-gallery\"><div class=\"row\"><div class=\"col-6 col-sm-4\"><figure><a class=\"thumb-container\" href=\"https:\/\/www.salzburgerland.com\/de\/magazin\/wp-content\/uploads\/2017\/09\/6-Wegweiser-zeigen-den-Weg--1280x1024.jpg\">\t<picture><source media=\"(min-width: 576px)\" srcset=\"https:\/\/www.salzburgerland.com\/de\/magazin\/wp-content\/uploads\/2017\/09\/6-Wegweiser-zeigen-den-Weg--325x209.jpg 325w, https:\/\/www.salzburgerland.com\/de\/magazin\/wp-content\/uploads\/2017\/09\/6-Wegweiser-zeigen-den-Weg--249x160.jpg 249w\"><\/source><source media=\"(min-width: 0)\" srcset=\"https:\/\/www.salzburgerland.com\/de\/magazin\/wp-content\/uploads\/2017\/09\/6-Wegweiser-zeigen-den-Weg--249x160.jpg 249w, https:\/\/www.salzburgerland.com\/de\/magazin\/wp-content\/uploads\/2017\/09\/6-Wegweiser-zeigen-den-Weg--325x209.jpg 325w\"><\/source><img decoding=\"async\" alt=\"Wegweiser und eine Informationstafel in einem Wald, in dem das Sonnenlicht durch die herbstlichen B&auml;ume f&auml;llt.\" src=\"https:\/\/www.salzburgerland.com\/de\/magazin\/wp-content\/uploads\/2017\/09\/6-Wegweiser-zeigen-den-Weg-.jpg\">\t<\/picture><\/a><\/figure><\/div><div class=\"col-6 col-sm-4\"><figure><a class=\"thumb-container\" href=\"https:\/\/www.salzburgerland.com\/de\/magazin\/wp-content\/uploads\/2017\/09\/1-Aufstieg-zur-Spiessalm_wa-1280x1024.jpg\">\t<picture><source media=\"(min-width: 576px)\" srcset=\"https:\/\/www.salzburgerland.com\/de\/magazin\/wp-content\/uploads\/2017\/09\/1-Aufstieg-zur-Spiessalm_wa-325x209.jpg 325w, https:\/\/www.salzburgerland.com\/de\/magazin\/wp-content\/uploads\/2017\/09\/1-Aufstieg-zur-Spiessalm_wa-249x160.jpg 249w\"><\/source><source media=\"(min-width: 0)\" srcset=\"https:\/\/www.salzburgerland.com\/de\/magazin\/wp-content\/uploads\/2017\/09\/1-Aufstieg-zur-Spiessalm_wa-249x160.jpg 249w, https:\/\/www.salzburgerland.com\/de\/magazin\/wp-content\/uploads\/2017\/09\/1-Aufstieg-zur-Spiessalm_wa-325x209.jpg 325w\"><\/source><img decoding=\"async\" alt=\"Schotterweg durch einen sonnenbeschienenen, grasbewachsenen Hang mit hohen B&auml;umen und einem Holzzaun an einem klaren Tag.\" src=\"https:\/\/www.salzburgerland.com\/de\/magazin\/wp-content\/uploads\/2017\/09\/1-Aufstieg-zur-Spiessalm_wa.jpg\">\t<\/picture><\/a><\/figure><\/div><div class=\"col-6 col-sm-4\"><figure><a class=\"thumb-container\" href=\"https:\/\/www.salzburgerland.com\/de\/magazin\/wp-content\/uploads\/2017\/09\/8-ein-gro%C6%92er-Baum-versperr-1280x1024.jpg\">\t<picture><source media=\"(min-width: 576px)\" srcset=\"https:\/\/www.salzburgerland.com\/de\/magazin\/wp-content\/uploads\/2017\/09\/8-ein-gro&fnof;er-Baum-versperr-325x209.jpg 325w, https:\/\/www.salzburgerland.com\/de\/magazin\/wp-content\/uploads\/2017\/09\/8-ein-gro&fnof;er-Baum-versperr-249x160.jpg 249w\"><\/source><source media=\"(min-width: 0)\" srcset=\"https:\/\/www.salzburgerland.com\/de\/magazin\/wp-content\/uploads\/2017\/09\/8-ein-gro&fnof;er-Baum-versperr-249x160.jpg 249w, https:\/\/www.salzburgerland.com\/de\/magazin\/wp-content\/uploads\/2017\/09\/8-ein-gro&fnof;er-Baum-versperr-325x209.jpg 325w\"><\/source><img decoding=\"async\" alt=\"Ein umgest&uuml;rzter Baum ruht auf einem Baumstumpf in einem dichten, sonnenbeschienenen Wald.\" src=\"https:\/\/www.salzburgerland.com\/de\/magazin\/wp-content\/uploads\/2017\/09\/8-ein-gro%C6%92er-Baum-versperr.jpg\">\t<\/picture><\/a><\/figure><\/div><\/div><figcaption><\/figcaption><\/div>\n\n\n\n<p><strong>Anforderung:<\/strong> mittelschwierig, insgesamt ca. 250 Hm. Gutes Schuhwerk ist erforderlich.<\/p>\n\n\n\n<p><strong>Dauer:<\/strong> Vom Parkplatz bis zur Spie\u00dfalm ca. \u00bd \u2013 \u00be h, f\u00fcr den Rundweg ca. 1 Stunde einplanen.<\/p>\n\n\n\n<figure class=\"wp-block-embed is-type-video is-provider-youtube wp-block-embed-youtube wp-embed-aspect-16-9 wp-has-aspect-ratio\"><div class=\"wp-block-embed__wrapper\">\n<iframe loading=\"lazy\" title=\"Spie\u00dfalm Lammertal\/St. Martin - Wandaverlag\" width=\"640\" height=\"360\" src=\"https:\/\/www.youtube-nocookie.com\/embed\/kBRd5XZ-Qrk?feature=oembed&#038;rel=0&#038;modestbranding=1\" frameborder=\"0\" allow=\"accelerometer; autoplay; clipboard-write; encrypted-media; gyroscope; picture-in-picture; web-share\" referrerpolicy=\"strict-origin-when-cross-origin\" allowfullscreen><\/iframe>\n<\/div><\/figure>\n\n\n\n<p><strong>Anfahrt:<\/strong> A 10 Tauernautobahn, Ausfahrt H\u00fcttau, dann Richtung St. Martin und Lung\u00f6tz. Am Ortsanfang von Lung\u00f6tz vor dem Gasthof Lung\u00f6tzer Hof links abbiegen in das Lammertal. Ca. 2,5 km der Stra\u00dfe folgen, anschlie\u00dfend links abbiegen zum beschilderten Parkplatz f\u00fcr die Spie\u00dfalm.<\/p>\n\n\n\n<p><strong>Sonstige Infos:<\/strong> Spie\u00dfalm, Speisen aus eigener Biolandwirtschaft, Tel. 0664-9917857, <a href=\"http:\/\/www.spiessalm.at\/\">www.spiessalm.at<\/a>, <\/p>\n\n\n\n<p>Quelle und Fotos: Familienausfl\u00fcge und Kinderwanderungen, 67 abwechslungsreiche Unternehmungen f\u00fcr kleine und gro\u00dfe Menschen, Wandaverlag, Salzburg.<\/p>\n","protected":false},"excerpt":{"rendered":"<p>Der Parkplatz Spie\u00dfalm liegt schon recht hoch oben und so ist das kleine Wegerl und der anschlie\u00dfende breite Schotterweg zur Spie\u00dfalm flugs bew\u00e4ltigt. Au\u00dferdem laden immer wieder B\u00e4nke zum Rasten und Genie\u00dfen der sch\u00f6nen Aussicht ein. Die Spie\u00dfalm ist von Anfang Mai bis Anfang Oktober ge\u00f6ffnet (Montag ist Ruhetag) und bekannt f\u00fcr den selbstgemachten, g\u00b4schmackigen [&hellip;]<\/p>\n","protected":false},"author":559,"featured_media":117846,"comment_status":"open","ping_status":"open","sticky":false,"template":"","format":"standard","meta":{"_acf_changed":false,"wl_entities_gutenberg":"","_wl_entity_redirect_enabled":"","footnotes":""},"categories":[8],"tags":[],"wl_entity_type":[306],"monatsauswahl":[86,87,88,89,90,91],"class_list":["post-117842","post","type-post","status-publish","format-standard","has-post-thumbnail","hentry","category-outdoor-sport","wl_entity_type-article","monatsauswahl-monat_5","monatsauswahl-monat_6","monatsauswahl-monat_7","monatsauswahl-monat_8","monatsauswahl-monat_9","monatsauswahl-monat_10"],"acf":[],"yoast_head":"<!-- This site is optimized with the Yoast SEO Premium plugin v27.4 (Yoast SEO v27.4) - https:\/\/yoast.com\/product\/yoast-seo-premium-wordpress\/ -->\n<title>Ausflugstipp: Lammertaler Urwald - SalzburgerLand Magazin<\/title>\n<meta name=\"description\" content=\"Kinder lieben abwechslungsreiche Wanderungen mit Etappenzielen. Der Weg zum Lammertaler Urwald hat gleich mehrere: das erste Ziel ist die sonnig gelegene Spie\u00dfalm. Als n\u00e4chstes geht\u2019s steil hinauf zum Wegbegleiter Cleverix, der mit einem Stempelkisterl wartet. Dort beginnt dann der Urwaldweg, vorbei an einzelnen m\u00e4chtigen B\u00e4umen, die man nicht zu umarmen vermag.\" \/>\n<meta name=\"robots\" content=\"index, follow, max-snippet:-1, max-image-preview:large, max-video-preview:-1\" \/>\n<link rel=\"canonical\" href=\"https:\/\/www.salzburgerland.com\/de\/magazin\/familienwanderung-in-den-lammertaler-urwald\/\" \/>\n<meta property=\"og:locale\" content=\"de_DE\" \/>\n<meta property=\"og:type\" content=\"article\" \/>\n<meta property=\"og:title\" content=\"Ausflugstipp: Lammertaler Urwald\" \/>\n<meta property=\"og:description\" content=\"Der Parkplatz Spie\u00dfalm liegt schon recht hoch oben und so ist das kleine Wegerl und der anschlie\u00dfende breite Schotterweg zur Spie\u00dfalm flugs bew\u00e4ltigt. Au\u00dferdem laden immer wieder B\u00e4nke zum Rasten und Genie\u00dfen der sch\u00f6nen Aussicht ein. Die Spie\u00dfalm ist von Anfang Mai bis Anfang Oktober ge\u00f6ffnet (Montag ist Ruhetag) und bekannt f\u00fcr den selbstgemachten, g\u00b4schmackigen [&hellip;]\" \/>\n<meta property=\"og:url\" content=\"https:\/\/www.salzburgerland.com\/de\/magazin\/familienwanderung-in-den-lammertaler-urwald\/\" \/>\n<meta property=\"og:site_name\" content=\"SalzburgerLand Magazin\" \/>\n<meta property=\"article:publisher\" content=\"https:\/\/www.facebook.com\/salzburgerland\/\" \/>\n<meta property=\"article:published_time\" content=\"2017-09-08T06:00:11+00:00\" \/>\n<meta property=\"article:modified_time\" content=\"2025-10-15T05:59:24+00:00\" \/>\n<meta property=\"og:image\" content=\"https:\/\/www.salzburgerland.com\/de\/magazin\/wp-content\/uploads\/2017\/09\/3-Aufstieg-ber-den-Sonnen.jpg\" \/>\n\t<meta property=\"og:image:width\" content=\"1200\" \/>\n\t<meta property=\"og:image:height\" content=\"799\" \/>\n\t<meta property=\"og:image:type\" content=\"image\/jpeg\" \/>\n<meta name=\"author\" content=\"Elisabeth G\u00f6llner-Kampel\" \/>\n<meta name=\"twitter:card\" content=\"summary_large_image\" \/>\n<meta name=\"twitter:creator\" content=\"@Salzburgerland\" \/>\n<meta name=\"twitter:site\" content=\"@Salzburgerland\" \/>\n<meta name=\"twitter:label1\" content=\"Verfasst von\" \/>\n\t<meta name=\"twitter:data1\" content=\"Elisabeth G\u00f6llner-Kampel\" \/>\n\t<meta name=\"twitter:label2\" content=\"Gesch\u00e4tzte Lesezeit\" \/>\n\t<meta name=\"twitter:data2\" content=\"4\u00a0Minuten\" \/>\n<script type=\"application\/ld+json\" class=\"yoast-schema-graph\">{\"@context\":\"https:\\\/\\\/schema.org\",\"@graph\":[{\"@type\":\"Article\",\"@id\":\"https:\\\/\\\/www.salzburgerland.com\\\/de\\\/magazin\\\/familienwanderung-in-den-lammertaler-urwald\\\/#article\",\"isPartOf\":{\"@id\":\"https:\\\/\\\/www.salzburgerland.com\\\/de\\\/magazin\\\/familienwanderung-in-den-lammertaler-urwald\\\/\"},\"author\":{\"name\":\"Elisabeth G\u00f6llner-Kampel\",\"@id\":\"https:\\\/\\\/www.salzburgerland.com\\\/de\\\/magazin\\\/#\\\/schema\\\/person\\\/36e0e3b30c2dda69147efad0ec3e2da8\"},\"headline\":\"Ausflugstipp: Lammertaler Urwald\",\"datePublished\":\"2017-09-08T06:00:11+00:00\",\"dateModified\":\"2025-10-15T05:59:24+00:00\",\"mainEntityOfPage\":{\"@id\":\"https:\\\/\\\/www.salzburgerland.com\\\/de\\\/magazin\\\/familienwanderung-in-den-lammertaler-urwald\\\/\"},\"wordCount\":411,\"commentCount\":0,\"publisher\":{\"@id\":\"https:\\\/\\\/www.salzburgerland.com\\\/de\\\/magazin\\\/#organization\"},\"image\":{\"@id\":\"https:\\\/\\\/www.salzburgerland.com\\\/de\\\/magazin\\\/familienwanderung-in-den-lammertaler-urwald\\\/#primaryimage\"},\"thumbnailUrl\":\"https:\\\/\\\/www.salzburgerland.com\\\/de\\\/magazin\\\/wp-content\\\/uploads\\\/2017\\\/09\\\/3-Aufstieg-ber-den-Sonnen.jpg\",\"articleSection\":[\"Outdoor &amp; Sport\"],\"inLanguage\":\"de\",\"potentialAction\":[{\"@type\":\"CommentAction\",\"name\":\"Comment\",\"target\":[\"https:\\\/\\\/www.salzburgerland.com\\\/de\\\/magazin\\\/familienwanderung-in-den-lammertaler-urwald\\\/#respond\"]}]},{\"@type\":\"WebPage\",\"@id\":\"https:\\\/\\\/www.salzburgerland.com\\\/de\\\/magazin\\\/familienwanderung-in-den-lammertaler-urwald\\\/\",\"url\":\"https:\\\/\\\/www.salzburgerland.com\\\/de\\\/magazin\\\/familienwanderung-in-den-lammertaler-urwald\\\/\",\"name\":\"Ausflugstipp: Lammertaler Urwald - SalzburgerLand Magazin\",\"isPartOf\":{\"@id\":\"https:\\\/\\\/www.salzburgerland.com\\\/de\\\/magazin\\\/#website\"},\"primaryImageOfPage\":{\"@id\":\"https:\\\/\\\/www.salzburgerland.com\\\/de\\\/magazin\\\/familienwanderung-in-den-lammertaler-urwald\\\/#primaryimage\"},\"image\":{\"@id\":\"https:\\\/\\\/www.salzburgerland.com\\\/de\\\/magazin\\\/familienwanderung-in-den-lammertaler-urwald\\\/#primaryimage\"},\"thumbnailUrl\":\"https:\\\/\\\/www.salzburgerland.com\\\/de\\\/magazin\\\/wp-content\\\/uploads\\\/2017\\\/09\\\/3-Aufstieg-ber-den-Sonnen.jpg\",\"datePublished\":\"2017-09-08T06:00:11+00:00\",\"dateModified\":\"2025-10-15T05:59:24+00:00\",\"breadcrumb\":{\"@id\":\"https:\\\/\\\/www.salzburgerland.com\\\/de\\\/magazin\\\/familienwanderung-in-den-lammertaler-urwald\\\/#breadcrumb\"},\"inLanguage\":\"de\",\"potentialAction\":[{\"@type\":\"ReadAction\",\"target\":[\"https:\\\/\\\/www.salzburgerland.com\\\/de\\\/magazin\\\/familienwanderung-in-den-lammertaler-urwald\\\/\"]}]},{\"@type\":\"ImageObject\",\"inLanguage\":\"de\",\"@id\":\"https:\\\/\\\/www.salzburgerland.com\\\/de\\\/magazin\\\/familienwanderung-in-den-lammertaler-urwald\\\/#primaryimage\",\"url\":\"https:\\\/\\\/www.salzburgerland.com\\\/de\\\/magazin\\\/wp-content\\\/uploads\\\/2017\\\/09\\\/3-Aufstieg-ber-den-Sonnen.jpg\",\"contentUrl\":\"https:\\\/\\\/www.salzburgerland.com\\\/de\\\/magazin\\\/wp-content\\\/uploads\\\/2017\\\/09\\\/3-Aufstieg-ber-den-Sonnen.jpg\",\"width\":1200,\"height\":799,\"caption\":\"Eine Person wandert auf einem gewundenen Bergpfad unter strahlend blauem Himmel, mit schneebedeckten Gipfeln in der Ferne.\"},{\"@type\":\"BreadcrumbList\",\"@id\":\"https:\\\/\\\/www.salzburgerland.com\\\/de\\\/magazin\\\/familienwanderung-in-den-lammertaler-urwald\\\/#breadcrumb\",\"itemListElement\":[{\"@type\":\"ListItem\",\"position\":1,\"name\":\"Startseite\",\"item\":\"https:\\\/\\\/www.salzburgerland.com\\\/de\\\/magazin\\\/\"},{\"@type\":\"ListItem\",\"position\":2,\"name\":\"Outdoor &amp; Sport\",\"item\":\"https:\\\/\\\/www.salzburgerland.com\\\/de\\\/magazin\\\/thema\\\/outdoor-sport\\\/\"},{\"@type\":\"ListItem\",\"position\":3,\"name\":\"Ausflugstipp: Lammertaler Urwald\"}]},{\"@type\":\"WebSite\",\"@id\":\"https:\\\/\\\/www.salzburgerland.com\\\/de\\\/magazin\\\/#website\",\"url\":\"https:\\\/\\\/www.salzburgerland.com\\\/de\\\/magazin\\\/\",\"name\":\"SalzburgerLand Magazin\",\"description\":\"Geschichten und Interessantes aus dem SalzburgerLand\",\"publisher\":{\"@id\":\"https:\\\/\\\/www.salzburgerland.com\\\/de\\\/magazin\\\/#organization\"},\"potentialAction\":[{\"@type\":\"SearchAction\",\"target\":{\"@type\":\"EntryPoint\",\"urlTemplate\":\"https:\\\/\\\/www.salzburgerland.com\\\/de\\\/magazin\\\/?s={search_term_string}\"},\"query-input\":{\"@type\":\"PropertyValueSpecification\",\"valueRequired\":true,\"valueName\":\"search_term_string\"}}],\"inLanguage\":\"de\"},{\"@type\":\"Organization\",\"@id\":\"https:\\\/\\\/www.salzburgerland.com\\\/de\\\/magazin\\\/#organization\",\"name\":\"SalzburgerLand Tourismus\",\"url\":\"https:\\\/\\\/www.salzburgerland.com\\\/de\\\/magazin\\\/\",\"logo\":{\"@type\":\"ImageObject\",\"inLanguage\":\"de\",\"@id\":\"https:\\\/\\\/www.salzburgerland.com\\\/de\\\/magazin\\\/#\\\/schema\\\/logo\\\/image\\\/\",\"url\":\"https:\\\/\\\/www.salzburgerland.com\\\/de\\\/magazin\\\/wp-content\\\/uploads\\\/2019\\\/06\\\/salzburgerland-logo1.jpg\",\"contentUrl\":\"https:\\\/\\\/www.salzburgerland.com\\\/de\\\/magazin\\\/wp-content\\\/uploads\\\/2019\\\/06\\\/salzburgerland-logo1.jpg\",\"width\":2011,\"height\":866,\"caption\":\"SalzburgerLand Tourismus\"},\"image\":{\"@id\":\"https:\\\/\\\/www.salzburgerland.com\\\/de\\\/magazin\\\/#\\\/schema\\\/logo\\\/image\\\/\"},\"sameAs\":[\"https:\\\/\\\/www.facebook.com\\\/salzburgerland\\\/\",\"https:\\\/\\\/x.com\\\/Salzburgerland\",\"https:\\\/\\\/www.instagram.com\\\/salzburgerland\\\/\",\"https:\\\/\\\/at.linkedin.com\\\/company\\\/salzburgerland-tourismus-gmbh\",\"https:\\\/\\\/www.pinterest.at\\\/salzburgerland\\\/\",\"https:\\\/\\\/www.youtube.com\\\/user\\\/salzburgerland\",\"https:\\\/\\\/de.wikipedia.org\\\/wiki\\\/SalzburgerLand_Tourismus_GmbH\"]},{\"@type\":\"Person\",\"@id\":\"https:\\\/\\\/www.salzburgerland.com\\\/de\\\/magazin\\\/#\\\/schema\\\/person\\\/36e0e3b30c2dda69147efad0ec3e2da8\",\"name\":\"Elisabeth G\u00f6llner-Kampel\",\"description\":\"Elisabeth G\u00f6llner-Kampel ist geb\u00fcrtige Salzburgerin und im Flachgau aufgewachsen. Schon w\u00e4hrend ihres Betriebswirtschaftsstudiums hat sie Touristen zu den sch\u00f6nsten Pl\u00e4tzen Salzburgs gef\u00fchrt und zahlreiche Berg- und Schitouren unternommen. So \u00fcberraschte sie nach der Geburt ihrer beiden T\u00f6chter der Umstand, dass es weder auf Plattformen noch in B\u00fcchern Hinweise auf die Kinderwagentauglichkeit von Wegen gab. Sie l\u00f6ste dieses Problem, indem sie Wanderb\u00fccher f\u00fcr Kinderw\u00e4gen erfand. Als ihre Kinder dann zu Schulkindern wurden, folgte Buch Nr. 2 mit dem Titel \u201eAbenteuer Natur Salzburg\u201c und die Gr\u00fcndung ihres eigenen Verlags (www.wandaverlag.com).\u00a0 Mittlerweile sind ihre B\u00fccher zu Klassikern geworden und sollten in keiner Familienbibliothek fehlen.\u00a0\u00a0 Mein pers\u00f6nlicher Logenplatz: Noch immer: Der mystische Untersberg und seine unterschiedlichen Wege und Landschaftsformen. \u00a0 Wandern oder Schitouren: Schitouren. Ich trau mich zwar nicht mehr so hoch hinauf, aber das Gef\u00fchl durch unber\u00fchrte Schneelandschaft zu gehen ist unbeschreiblich. Damit hat sich die Frage nach der Lieblingsjahreszeit er\u00fcbrigt, obwohl ich die anderen Jahreszeiten auch sehr mag. Koffer oder Rucksack: Rucksack, egal ob auf Bergtouren, bei mehrt\u00e4gigen H\u00fcttenwanderungen oder auf Rucksackreisen quer \u00fcber alle Kontinente. Morgen- oder Abendmensch: F\u00fcr manche Berg- oder Schitouren die es verdient haben, qu\u00e4le ich mich fr\u00fch aus dem Bett, aber eigentlich bin ich ein Abendmensch. &nbsp; &nbsp; Das Autorenbild wurde von Birgit Eder (Autorin des Buches \u201eWander- und H\u00fcttenurlaub in Bayern, \u00d6sterreich und S\u00fcdtirol\u201c) beim Mittagsloch am Untersberg aufgenommen.\",\"sameAs\":[\"http:\\\/\\\/www.wandaverlag.at\"],\"url\":\"https:\\\/\\\/www.salzburgerland.com\\\/de\\\/magazin\\\/author\\\/elisabeth-goellner-kampel\\\/\"}]}<\/script>\n<meta property=\"og:video\" content=\"https:\/\/www.youtube.com\/embed\/kBRd5XZ-Qrk\" \/>\n<meta property=\"og:video:type\" content=\"text\/html\" \/>\n<meta property=\"og:video:duration\" content=\"81\" \/>\n<meta property=\"og:video:width\" content=\"480\" \/>\n<meta property=\"og:video:height\" content=\"270\" \/>\n<meta property=\"ya:ovs:adult\" content=\"false\" \/>\n<meta property=\"ya:ovs:upload_date\" content=\"2017-09-08T06:00:11+00:00\" \/>\n<meta property=\"ya:ovs:allow_embed\" content=\"true\" \/>\n<!-- \/ Yoast SEO Premium plugin. -->","yoast_head_json":{"title":"Ausflugstipp: Lammertaler Urwald - SalzburgerLand Magazin","description":"Kinder lieben abwechslungsreiche Wanderungen mit Etappenzielen. Der Weg zum Lammertaler Urwald hat gleich mehrere: das erste Ziel ist die sonnig gelegene Spie\u00dfalm. Als n\u00e4chstes geht\u2019s steil hinauf zum Wegbegleiter Cleverix, der mit einem Stempelkisterl wartet. Dort beginnt dann der Urwaldweg, vorbei an einzelnen m\u00e4chtigen B\u00e4umen, die man nicht zu umarmen vermag.","robots":{"index":"index","follow":"follow","max-snippet":"max-snippet:-1","max-image-preview":"max-image-preview:large","max-video-preview":"max-video-preview:-1"},"canonical":"https:\/\/www.salzburgerland.com\/de\/magazin\/familienwanderung-in-den-lammertaler-urwald\/","og_locale":"de_DE","og_type":"article","og_title":"Ausflugstipp: Lammertaler Urwald","og_description":"Der Parkplatz Spie\u00dfalm liegt schon recht hoch oben und so ist das kleine Wegerl und der anschlie\u00dfende breite Schotterweg zur Spie\u00dfalm flugs bew\u00e4ltigt. Au\u00dferdem laden immer wieder B\u00e4nke zum Rasten und Genie\u00dfen der sch\u00f6nen Aussicht ein. Die Spie\u00dfalm ist von Anfang Mai bis Anfang Oktober ge\u00f6ffnet (Montag ist Ruhetag) und bekannt f\u00fcr den selbstgemachten, g\u00b4schmackigen [&hellip;]","og_url":"https:\/\/www.salzburgerland.com\/de\/magazin\/familienwanderung-in-den-lammertaler-urwald\/","og_site_name":"SalzburgerLand Magazin","article_publisher":"https:\/\/www.facebook.com\/salzburgerland\/","article_published_time":"2017-09-08T06:00:11+00:00","article_modified_time":"2025-10-15T05:59:24+00:00","og_image":[{"width":1200,"height":799,"url":"https:\/\/www.salzburgerland.com\/de\/magazin\/wp-content\/uploads\/2017\/09\/3-Aufstieg-ber-den-Sonnen.jpg","type":"image\/jpeg"}],"author":"Elisabeth G\u00f6llner-Kampel","twitter_card":"summary_large_image","twitter_creator":"@Salzburgerland","twitter_site":"@Salzburgerland","twitter_misc":{"Verfasst von":"Elisabeth G\u00f6llner-Kampel","Gesch\u00e4tzte Lesezeit":"4\u00a0Minuten"},"schema":{"@context":"https:\/\/schema.org","@graph":[{"@type":"Article","@id":"https:\/\/www.salzburgerland.com\/de\/magazin\/familienwanderung-in-den-lammertaler-urwald\/#article","isPartOf":{"@id":"https:\/\/www.salzburgerland.com\/de\/magazin\/familienwanderung-in-den-lammertaler-urwald\/"},"author":{"name":"Elisabeth G\u00f6llner-Kampel","@id":"https:\/\/www.salzburgerland.com\/de\/magazin\/#\/schema\/person\/36e0e3b30c2dda69147efad0ec3e2da8"},"headline":"Ausflugstipp: Lammertaler Urwald","datePublished":"2017-09-08T06:00:11+00:00","dateModified":"2025-10-15T05:59:24+00:00","mainEntityOfPage":{"@id":"https:\/\/www.salzburgerland.com\/de\/magazin\/familienwanderung-in-den-lammertaler-urwald\/"},"wordCount":411,"commentCount":0,"publisher":{"@id":"https:\/\/www.salzburgerland.com\/de\/magazin\/#organization"},"image":{"@id":"https:\/\/www.salzburgerland.com\/de\/magazin\/familienwanderung-in-den-lammertaler-urwald\/#primaryimage"},"thumbnailUrl":"https:\/\/www.salzburgerland.com\/de\/magazin\/wp-content\/uploads\/2017\/09\/3-Aufstieg-ber-den-Sonnen.jpg","articleSection":["Outdoor &amp; Sport"],"inLanguage":"de","potentialAction":[{"@type":"CommentAction","name":"Comment","target":["https:\/\/www.salzburgerland.com\/de\/magazin\/familienwanderung-in-den-lammertaler-urwald\/#respond"]}]},{"@type":"WebPage","@id":"https:\/\/www.salzburgerland.com\/de\/magazin\/familienwanderung-in-den-lammertaler-urwald\/","url":"https:\/\/www.salzburgerland.com\/de\/magazin\/familienwanderung-in-den-lammertaler-urwald\/","name":"Ausflugstipp: Lammertaler Urwald - SalzburgerLand Magazin","isPartOf":{"@id":"https:\/\/www.salzburgerland.com\/de\/magazin\/#website"},"primaryImageOfPage":{"@id":"https:\/\/www.salzburgerland.com\/de\/magazin\/familienwanderung-in-den-lammertaler-urwald\/#primaryimage"},"image":{"@id":"https:\/\/www.salzburgerland.com\/de\/magazin\/familienwanderung-in-den-lammertaler-urwald\/#primaryimage"},"thumbnailUrl":"https:\/\/www.salzburgerland.com\/de\/magazin\/wp-content\/uploads\/2017\/09\/3-Aufstieg-ber-den-Sonnen.jpg","datePublished":"2017-09-08T06:00:11+00:00","dateModified":"2025-10-15T05:59:24+00:00","breadcrumb":{"@id":"https:\/\/www.salzburgerland.com\/de\/magazin\/familienwanderung-in-den-lammertaler-urwald\/#breadcrumb"},"inLanguage":"de","potentialAction":[{"@type":"ReadAction","target":["https:\/\/www.salzburgerland.com\/de\/magazin\/familienwanderung-in-den-lammertaler-urwald\/"]}]},{"@type":"ImageObject","inLanguage":"de","@id":"https:\/\/www.salzburgerland.com\/de\/magazin\/familienwanderung-in-den-lammertaler-urwald\/#primaryimage","url":"https:\/\/www.salzburgerland.com\/de\/magazin\/wp-content\/uploads\/2017\/09\/3-Aufstieg-ber-den-Sonnen.jpg","contentUrl":"https:\/\/www.salzburgerland.com\/de\/magazin\/wp-content\/uploads\/2017\/09\/3-Aufstieg-ber-den-Sonnen.jpg","width":1200,"height":799,"caption":"Eine Person wandert auf einem gewundenen Bergpfad unter strahlend blauem Himmel, mit schneebedeckten Gipfeln in der Ferne."},{"@type":"BreadcrumbList","@id":"https:\/\/www.salzburgerland.com\/de\/magazin\/familienwanderung-in-den-lammertaler-urwald\/#breadcrumb","itemListElement":[{"@type":"ListItem","position":1,"name":"Startseite","item":"https:\/\/www.salzburgerland.com\/de\/magazin\/"},{"@type":"ListItem","position":2,"name":"Outdoor &amp; Sport","item":"https:\/\/www.salzburgerland.com\/de\/magazin\/thema\/outdoor-sport\/"},{"@type":"ListItem","position":3,"name":"Ausflugstipp: Lammertaler Urwald"}]},{"@type":"WebSite","@id":"https:\/\/www.salzburgerland.com\/de\/magazin\/#website","url":"https:\/\/www.salzburgerland.com\/de\/magazin\/","name":"SalzburgerLand Magazin","description":"Geschichten und Interessantes aus dem SalzburgerLand","publisher":{"@id":"https:\/\/www.salzburgerland.com\/de\/magazin\/#organization"},"potentialAction":[{"@type":"SearchAction","target":{"@type":"EntryPoint","urlTemplate":"https:\/\/www.salzburgerland.com\/de\/magazin\/?s={search_term_string}"},"query-input":{"@type":"PropertyValueSpecification","valueRequired":true,"valueName":"search_term_string"}}],"inLanguage":"de"},{"@type":"Organization","@id":"https:\/\/www.salzburgerland.com\/de\/magazin\/#organization","name":"SalzburgerLand Tourismus","url":"https:\/\/www.salzburgerland.com\/de\/magazin\/","logo":{"@type":"ImageObject","inLanguage":"de","@id":"https:\/\/www.salzburgerland.com\/de\/magazin\/#\/schema\/logo\/image\/","url":"https:\/\/www.salzburgerland.com\/de\/magazin\/wp-content\/uploads\/2019\/06\/salzburgerland-logo1.jpg","contentUrl":"https:\/\/www.salzburgerland.com\/de\/magazin\/wp-content\/uploads\/2019\/06\/salzburgerland-logo1.jpg","width":2011,"height":866,"caption":"SalzburgerLand Tourismus"},"image":{"@id":"https:\/\/www.salzburgerland.com\/de\/magazin\/#\/schema\/logo\/image\/"},"sameAs":["https:\/\/www.facebook.com\/salzburgerland\/","https:\/\/x.com\/Salzburgerland","https:\/\/www.instagram.com\/salzburgerland\/","https:\/\/at.linkedin.com\/company\/salzburgerland-tourismus-gmbh","https:\/\/www.pinterest.at\/salzburgerland\/","https:\/\/www.youtube.com\/user\/salzburgerland","https:\/\/de.wikipedia.org\/wiki\/SalzburgerLand_Tourismus_GmbH"]},{"@type":"Person","@id":"https:\/\/www.salzburgerland.com\/de\/magazin\/#\/schema\/person\/36e0e3b30c2dda69147efad0ec3e2da8","name":"Elisabeth G\u00f6llner-Kampel","description":"Elisabeth G\u00f6llner-Kampel ist geb\u00fcrtige Salzburgerin und im Flachgau aufgewachsen. Schon w\u00e4hrend ihres Betriebswirtschaftsstudiums hat sie Touristen zu den sch\u00f6nsten Pl\u00e4tzen Salzburgs gef\u00fchrt und zahlreiche Berg- und Schitouren unternommen. So \u00fcberraschte sie nach der Geburt ihrer beiden T\u00f6chter der Umstand, dass es weder auf Plattformen noch in B\u00fcchern Hinweise auf die Kinderwagentauglichkeit von Wegen gab. Sie l\u00f6ste dieses Problem, indem sie Wanderb\u00fccher f\u00fcr Kinderw\u00e4gen erfand. Als ihre Kinder dann zu Schulkindern wurden, folgte Buch Nr. 2 mit dem Titel \u201eAbenteuer Natur Salzburg\u201c und die Gr\u00fcndung ihres eigenen Verlags (www.wandaverlag.com).\u00a0 Mittlerweile sind ihre B\u00fccher zu Klassikern geworden und sollten in keiner Familienbibliothek fehlen.\u00a0\u00a0 Mein pers\u00f6nlicher Logenplatz: Noch immer: Der mystische Untersberg und seine unterschiedlichen Wege und Landschaftsformen. \u00a0 Wandern oder Schitouren: Schitouren. Ich trau mich zwar nicht mehr so hoch hinauf, aber das Gef\u00fchl durch unber\u00fchrte Schneelandschaft zu gehen ist unbeschreiblich. Damit hat sich die Frage nach der Lieblingsjahreszeit er\u00fcbrigt, obwohl ich die anderen Jahreszeiten auch sehr mag. Koffer oder Rucksack: Rucksack, egal ob auf Bergtouren, bei mehrt\u00e4gigen H\u00fcttenwanderungen oder auf Rucksackreisen quer \u00fcber alle Kontinente. Morgen- oder Abendmensch: F\u00fcr manche Berg- oder Schitouren die es verdient haben, qu\u00e4le ich mich fr\u00fch aus dem Bett, aber eigentlich bin ich ein Abendmensch. &nbsp; &nbsp; Das Autorenbild wurde von Birgit Eder (Autorin des Buches \u201eWander- und H\u00fcttenurlaub in Bayern, \u00d6sterreich und S\u00fcdtirol\u201c) beim Mittagsloch am Untersberg aufgenommen.","sameAs":["http:\/\/www.wandaverlag.at"],"url":"https:\/\/www.salzburgerland.com\/de\/magazin\/author\/elisabeth-goellner-kampel\/"}]},"og_video":"https:\/\/www.youtube.com\/embed\/kBRd5XZ-Qrk","og_video_type":"text\/html","og_video_duration":"81","og_video_width":"480","og_video_height":"270","ya_ovs_adult":"false","ya_ovs_upload_date":"2017-09-08T06:00:11+00:00","ya_ovs_allow_embed":"true"},"_wl_alt_label":[],"wl:entity_url":"http:\/\/open.salzburgerland.com\/magazin\/post\/herbstliche_familienwanderung_in_den_lammertaler_urwald","_links":{"self":[{"href":"https:\/\/www.salzburgerland.com\/de\/magazin\/wp-json\/wp\/v2\/posts\/117842","targetHints":{"allow":["GET"]}}],"collection":[{"href":"https:\/\/www.salzburgerland.com\/de\/magazin\/wp-json\/wp\/v2\/posts"}],"about":[{"href":"https:\/\/www.salzburgerland.com\/de\/magazin\/wp-json\/wp\/v2\/types\/post"}],"author":[{"embeddable":true,"href":"https:\/\/www.salzburgerland.com\/de\/magazin\/wp-json\/wp\/v2\/users\/559"}],"replies":[{"embeddable":true,"href":"https:\/\/www.salzburgerland.com\/de\/magazin\/wp-json\/wp\/v2\/comments?post=117842"}],"version-history":[{"count":1,"href":"https:\/\/www.salzburgerland.com\/de\/magazin\/wp-json\/wp\/v2\/posts\/117842\/revisions"}],"predecessor-version":[{"id":184890,"href":"https:\/\/www.salzburgerland.com\/de\/magazin\/wp-json\/wp\/v2\/posts\/117842\/revisions\/184890"}],"wp:featuredmedia":[{"embeddable":true,"href":"https:\/\/www.salzburgerland.com\/de\/magazin\/wp-json\/wp\/v2\/media\/117846"}],"wp:attachment":[{"href":"https:\/\/www.salzburgerland.com\/de\/magazin\/wp-json\/wp\/v2\/media?parent=117842"}],"wp:term":[{"taxonomy":"category","embeddable":true,"href":"https:\/\/www.salzburgerland.com\/de\/magazin\/wp-json\/wp\/v2\/categories?post=117842"},{"taxonomy":"post_tag","embeddable":true,"href":"https:\/\/www.salzburgerland.com\/de\/magazin\/wp-json\/wp\/v2\/tags?post=117842"},{"taxonomy":"wl_entity_type","embeddable":true,"href":"https:\/\/www.salzburgerland.com\/de\/magazin\/wp-json\/wp\/v2\/wl_entity_type?post=117842"},{"taxonomy":"monatsauswahl","embeddable":true,"href":"https:\/\/www.salzburgerland.com\/de\/magazin\/wp-json\/wp\/v2\/monatsauswahl?post=117842"}],"curies":[{"name":"wp","href":"https:\/\/api.w.org\/{rel}","templated":true}]}}