{"id":117779,"date":"2017-09-18T08:00:56","date_gmt":"2017-09-18T06:00:56","guid":{"rendered":"https:\/\/www.salzburgerland.com\/de\/magazin\/?p=117779"},"modified":"2019-06-26T18:32:46","modified_gmt":"2019-06-26T16:32:46","slug":"wandern-am-fanningberg","status":"publish","type":"post","link":"https:\/\/www.salzburgerland.com\/de\/magazin\/wandern-am-fanningberg\/","title":{"rendered":"Wandern am Fanningberg"},"content":{"rendered":"<p><strong>Vom Obertauern in den Lungau kommend, liegt gleich nach Tweng der mittelalterliche Markt Mauterndorf. Direkt \u00fcber Mauterndorf und Wei\u00dfpriach erhebt sich der Fanningberg. Vom Tal aus betrachtet sieht er schon einladend aus, doch beginnt man die Besteigung, er\u00f6ffnen sich alle paar Meter neue Natursch\u00f6nheiten.<\/strong><\/p>\n<p>Der Fanningberg ist einer der Lungauer Berge, die im Winter Schi- und im Sommer Wandervergn\u00fcgen pur bieten. Mit 2.150 Metern Seeh\u00f6he liegt der Gipfel schon in beachtlicher H\u00f6he. Da der Talboden allerdings durchschnittlich auch schon auf \u00fcber 1.000 Metern liegt, macht der Aufstieg einen sch\u00f6nen Halbtagesausflug aus \u2013 kehrt der entspannte Wanderer auch noch in eine der sch\u00f6nen Almh\u00fctten ein, wird es wohl unweigerlich ein Tagesausflug voller Genuss und authentisch einheimischer Bewirtung.<\/p>\n<h3>Bewirtschaftete H\u00fctten<\/h3>\n<p>Die <a href=\"http:\/\/www.sauschneideralm.at\" target=\"_blank\" rel=\"noopener noreferrer\">Sauschneideralm<\/a>, die mit gem\u00fctlichen Liegest\u00fchlen aufwartet und die <a href=\"http:\/\/www.zirmbar.com\" target=\"_blank\" rel=\"noopener noreferrer\">Zirmbar <\/a>mit ihrem urspr\u00fcnglichen, wahrhaft alpinen Charme haben Sommer wie Winter ge\u00f6ffnet.<\/p>\n<p>Immer Donnerstags, wenn Juli bis September auch die Lifte ihren Dienst antreten und die Auffahrt bequem per Gondel machbar ist, \u00f6ffnet auch der legend\u00e4re <a href=\"http:\/\/www.jacklbauer.com\" target=\"_blank\" rel=\"noopener noreferrer\">Gamsstadl<\/a> seine Pforten. H\u00fcttenwirt Toni kocht pers\u00f6nlich und f\u00fcr ausgelassene Stimmung mit dem sch\u00f6nsten Panoramablick \u00fcber den Lungau sorgt er sowieso.<\/p>\n<p>Das urige <a href=\"http:\/\/www.bergfex.at\/sommer\/mauterndorf\/highlights\/16329-almstueberl-moserkopf-1850-m\/\" target=\"_blank\" rel=\"noopener noreferrer\">Almst\u00fcberl <\/a>hat Juli bis September immer Donnerstag bis Sonntag ge\u00f6ffnet. Von der Fanningberg-Bergstation ist es eine sch\u00f6ne kleine Familienwanderung, die sich lohnt. Mit Spielplatz und diversen K\u00f6stlichkeiten werden Familien hier empfangen.<\/p>\n<h3>Durchatmen im UNESCO Biosph\u00e4renpark<\/h3>\n<p>Nat\u00fcrlich geh\u00f6rt der Fanningberg auch zum <a href=\"http:\/\/www.biosphaerenpark.eu\/de\/\" target=\"_blank\" rel=\"noopener noreferrer\">UNESCO Biosph\u00e4renpark<\/a>. Der Lungau ist als sehr urspr\u00fcnglicher Lebensraum, nachhaltigste und ruhigste Urlaubsdestination des SalzburgerLandes bekannt und beliebt. Im Lungau werden sowohl die Natur als auch Lungauer Kultur und Brauchtum gro\u00df geschrieben und hoch gehalten. Nachhaltigkeit ist im Lungau Programm. Daf\u00fcr gab es denn auch von der UNESCO die Auszeichnung als UNESCO Biosph\u00e4renpark.<\/p>\n<p>Und das sp\u00fcrt der Wanderer auf Schritt und Tritt. Der Wald gr\u00fcnt und ist voller Flechten, ein sicheres Zeichen f\u00fcr beste Luftqualit\u00e4t, denn die Baum- oder Bartflechten, die das Waldbild pr\u00e4gen, suchen sich nur die reinste Luft zum Wachsen.<\/p>\n<p>Sch\u00f6ner kann man seine Ferien nicht verbringen &#8211; Urlaub am Bauernhof, am Berg, bei Freunden, im Biosph\u00e4renpark. Zahlreiche <a href=\"http:\/\/www.fanningberg.info\/unterkuenfte-am-fanningberg-lungau.html\" target=\"_blank\" rel=\"noopener noreferrer\">Appartements, Zimmer und Ferienwohnungen<\/a> freuen sich das ganze Jahr \u00fcber auf G\u00e4ste. So auch der <a href=\"http:\/\/samerbauer.at\/\" target=\"_blank\" rel=\"noopener noreferrer\">Samerbauer<\/a>, der mit herrlichem Blick ins Tal auf Mariapfarr verw\u00f6hnt &#8211; Mariapfarr ist \u00fcbrigens mit 300 Sonnentagen j\u00e4hrlich der sonnenreichste Ort \u00d6sterreichs \u2013 Bergeweise Urlaubsgl\u00fcck.\u00a0<\/p>\n<div class=\"mag-gallery\"><div class=\"row\"><div class=\"col-6 col-sm-4\"><figure><a class=\"thumb-container\" href=\"https:\/\/www.salzburgerland.com\/de\/magazin\/wp-content\/uploads\/2017\/08\/Wandern-am-Fanningberg-Title-1280x1024.jpg\">\t<picture><source media=\"(min-width: 576px)\" srcset=\"https:\/\/www.salzburgerland.com\/de\/magazin\/wp-content\/uploads\/2017\/08\/Wandern-am-Fanningberg-Title-325x209.jpg 325w, https:\/\/www.salzburgerland.com\/de\/magazin\/wp-content\/uploads\/2017\/08\/Wandern-am-Fanningberg-Title-249x160.jpg 249w\" \/><source media=\"(min-width: 0)\" srcset=\"https:\/\/www.salzburgerland.com\/de\/magazin\/wp-content\/uploads\/2017\/08\/Wandern-am-Fanningberg-Title-249x160.jpg 249w, https:\/\/www.salzburgerland.com\/de\/magazin\/wp-content\/uploads\/2017\/08\/Wandern-am-Fanningberg-Title-325x209.jpg 325w\" \/><img decoding=\"async\" alt=\"Eine Person in braunen Shorts und blauen Schuhen geht mit einem Stock \u00fcber eine Grasfl\u00e4che in der N\u00e4he eines Holzzauns.\" src=\"https:\/\/www.salzburgerland.com\/de\/magazin\/wp-content\/uploads\/2017\/08\/Wandern-am-Fanningberg-Title.jpg\" \/>\t<\/picture><\/a><\/figure><\/div><div class=\"col-6 col-sm-4\"><figure><a class=\"thumb-container\" href=\"https:\/\/www.salzburgerland.com\/de\/magazin\/wp-content\/uploads\/2017\/08\/Wandern-am-Fanningberg-sm-Gipfel-1280x1024.jpg\">\t<picture><source media=\"(min-width: 576px)\" srcset=\"https:\/\/www.salzburgerland.com\/de\/magazin\/wp-content\/uploads\/2017\/08\/Wandern-am-Fanningberg-sm-Gipfel-325x209.jpg 325w, https:\/\/www.salzburgerland.com\/de\/magazin\/wp-content\/uploads\/2017\/08\/Wandern-am-Fanningberg-sm-Gipfel-249x160.jpg 249w\" \/><source media=\"(min-width: 0)\" srcset=\"https:\/\/www.salzburgerland.com\/de\/magazin\/wp-content\/uploads\/2017\/08\/Wandern-am-Fanningberg-sm-Gipfel-249x160.jpg 249w, https:\/\/www.salzburgerland.com\/de\/magazin\/wp-content\/uploads\/2017\/08\/Wandern-am-Fanningberg-sm-Gipfel-325x209.jpg 325w\" \/><img decoding=\"async\" alt=\"Wanderer stehen bei einem Holzkreuz auf einer grasbewachsenen Anh\u00f6he unter blauem Himmel.\" src=\"https:\/\/www.salzburgerland.com\/de\/magazin\/wp-content\/uploads\/2017\/08\/Wandern-am-Fanningberg-sm-Gipfel.jpg\" \/>\t<\/picture><\/a><\/figure><\/div><div class=\"col-6 col-sm-4\"><figure><a class=\"thumb-container\" href=\"https:\/\/www.salzburgerland.com\/de\/magazin\/wp-content\/uploads\/2017\/08\/Wandern-am-Fanningberg-Pilze-und-Heidekraut-1280x1024.jpg\">\t<picture><source media=\"(min-width: 576px)\" srcset=\"https:\/\/www.salzburgerland.com\/de\/magazin\/wp-content\/uploads\/2017\/08\/Wandern-am-Fanningberg-Pilze-und-Heidekraut-325x209.jpg 325w, https:\/\/www.salzburgerland.com\/de\/magazin\/wp-content\/uploads\/2017\/08\/Wandern-am-Fanningberg-Pilze-und-Heidekraut-249x160.jpg 249w\" \/><source media=\"(min-width: 0)\" srcset=\"https:\/\/www.salzburgerland.com\/de\/magazin\/wp-content\/uploads\/2017\/08\/Wandern-am-Fanningberg-Pilze-und-Heidekraut-249x160.jpg 249w, https:\/\/www.salzburgerland.com\/de\/magazin\/wp-content\/uploads\/2017\/08\/Wandern-am-Fanningberg-Pilze-und-Heidekraut-325x209.jpg 325w\" \/><img decoding=\"async\" alt=\"Ein brauner Pilz, der zwischen Gras und kleinen rosafarbenen Blumen auf einer sonnigen Wiese w\u00e4chst.\" src=\"https:\/\/www.salzburgerland.com\/de\/magazin\/wp-content\/uploads\/2017\/08\/Wandern-am-Fanningberg-Pilze-und-Heidekraut.jpg\" \/>\t<\/picture><\/a><\/figure><\/div><div class=\"col-6 col-sm-4\"><figure><a class=\"thumb-container\" href=\"https:\/\/www.salzburgerland.com\/de\/magazin\/wp-content\/uploads\/2017\/08\/Wandern-am-Fanningberg-Kinder-1280x1024.jpg\">\t<picture><source media=\"(min-width: 576px)\" srcset=\"https:\/\/www.salzburgerland.com\/de\/magazin\/wp-content\/uploads\/2017\/08\/Wandern-am-Fanningberg-Kinder-325x209.jpg 325w, https:\/\/www.salzburgerland.com\/de\/magazin\/wp-content\/uploads\/2017\/08\/Wandern-am-Fanningberg-Kinder-249x160.jpg 249w\" \/><source media=\"(min-width: 0)\" srcset=\"https:\/\/www.salzburgerland.com\/de\/magazin\/wp-content\/uploads\/2017\/08\/Wandern-am-Fanningberg-Kinder-249x160.jpg 249w, https:\/\/www.salzburgerland.com\/de\/magazin\/wp-content\/uploads\/2017\/08\/Wandern-am-Fanningberg-Kinder-325x209.jpg 325w\" \/><img decoding=\"async\" alt=\"Ein Kind in einer rosa Jacke steht auf einer grasbewachsenen, moosbewachsenen Lichtung inmitten eines dichten, immergr\u00fcnen Waldes.\" src=\"https:\/\/www.salzburgerland.com\/de\/magazin\/wp-content\/uploads\/2017\/08\/Wandern-am-Fanningberg-Kinder.jpg\" \/>\t<\/picture><\/a><\/figure><\/div><div class=\"col-6 col-sm-4\"><figure><a class=\"thumb-container\" href=\"https:\/\/www.salzburgerland.com\/de\/magazin\/wp-content\/uploads\/2017\/08\/Wandern-am-Fanningberg-Huttenzauber-1280x1024.jpg\">\t<picture><source media=\"(min-width: 576px)\" srcset=\"https:\/\/www.salzburgerland.com\/de\/magazin\/wp-content\/uploads\/2017\/08\/Wandern-am-Fanningberg-Huttenzauber-325x209.jpg 325w, https:\/\/www.salzburgerland.com\/de\/magazin\/wp-content\/uploads\/2017\/08\/Wandern-am-Fanningberg-Huttenzauber-249x160.jpg 249w\" \/><source media=\"(min-width: 0)\" srcset=\"https:\/\/www.salzburgerland.com\/de\/magazin\/wp-content\/uploads\/2017\/08\/Wandern-am-Fanningberg-Huttenzauber-249x160.jpg 249w, https:\/\/www.salzburgerland.com\/de\/magazin\/wp-content\/uploads\/2017\/08\/Wandern-am-Fanningberg-Huttenzauber-325x209.jpg 325w\" \/><img decoding=\"async\" alt=\"Eine rustikale Holzh\u00fctte mit einem eingez\u00e4unten Hof liegt auf einer Wiese, umgeben von B\u00e4umen unter einem wolkenverhangenen Himmel.\" src=\"https:\/\/www.salzburgerland.com\/de\/magazin\/wp-content\/uploads\/2017\/08\/Wandern-am-Fanningberg-Huttenzauber.jpg\" \/>\t<\/picture><\/a><\/figure><\/div><div class=\"col-6 col-sm-4\"><figure><a class=\"thumb-container\" href=\"https:\/\/www.salzburgerland.com\/de\/magazin\/wp-content\/uploads\/2017\/08\/Wandern-am-Fanningberg-Gipfelkreuz-1280x1024.jpg\">\t<picture><source media=\"(min-width: 576px)\" srcset=\"https:\/\/www.salzburgerland.com\/de\/magazin\/wp-content\/uploads\/2017\/08\/Wandern-am-Fanningberg-Gipfelkreuz-325x209.jpg 325w, https:\/\/www.salzburgerland.com\/de\/magazin\/wp-content\/uploads\/2017\/08\/Wandern-am-Fanningberg-Gipfelkreuz-249x160.jpg 249w\" \/><source media=\"(min-width: 0)\" srcset=\"https:\/\/www.salzburgerland.com\/de\/magazin\/wp-content\/uploads\/2017\/08\/Wandern-am-Fanningberg-Gipfelkreuz-249x160.jpg 249w, https:\/\/www.salzburgerland.com\/de\/magazin\/wp-content\/uploads\/2017\/08\/Wandern-am-Fanningberg-Gipfelkreuz-325x209.jpg 325w\" \/><img decoding=\"async\" alt=\"Ein verwittertes Holzkreuz steht auf einem felsigen H\u00fcgel mit Bergen und bew\u00f6lktem Himmel im Hintergrund.\" src=\"https:\/\/www.salzburgerland.com\/de\/magazin\/wp-content\/uploads\/2017\/08\/Wandern-am-Fanningberg-Gipfelkreuz.jpg\" \/>\t<\/picture><\/a><\/figure><\/div><div class=\"col-6 col-sm-4\"><figure><a class=\"thumb-container\" href=\"https:\/\/www.salzburgerland.com\/de\/magazin\/wp-content\/uploads\/2017\/08\/Wandern-am-Fanningberg-Blick-zum-Gipfel-1280x1024.jpg\">\t<picture><source media=\"(min-width: 576px)\" srcset=\"https:\/\/www.salzburgerland.com\/de\/magazin\/wp-content\/uploads\/2017\/08\/Wandern-am-Fanningberg-Blick-zum-Gipfel-325x209.jpg 325w, https:\/\/www.salzburgerland.com\/de\/magazin\/wp-content\/uploads\/2017\/08\/Wandern-am-Fanningberg-Blick-zum-Gipfel-249x160.jpg 249w\" \/><source media=\"(min-width: 0)\" srcset=\"https:\/\/www.salzburgerland.com\/de\/magazin\/wp-content\/uploads\/2017\/08\/Wandern-am-Fanningberg-Blick-zum-Gipfel-249x160.jpg 249w, https:\/\/www.salzburgerland.com\/de\/magazin\/wp-content\/uploads\/2017\/08\/Wandern-am-Fanningberg-Blick-zum-Gipfel-325x209.jpg 325w\" \/><img decoding=\"async\" alt=\"Ein grasbewachsener Weg f\u00fchrt durch vereinzelte immergr\u00fcne B\u00e4ume und Str\u00e4ucher unter einem teilweise bew\u00f6lkten Himmel bergauf.\" src=\"https:\/\/www.salzburgerland.com\/de\/magazin\/wp-content\/uploads\/2017\/08\/Wandern-am-Fanningberg-Blick-zum-Gipfel.jpg\" \/>\t<\/picture><\/a><\/figure><\/div><div class=\"col-6 col-sm-4\"><figure><a class=\"thumb-container\" href=\"https:\/\/www.salzburgerland.com\/de\/magazin\/wp-content\/uploads\/2017\/08\/Wandern-am-Fanningberg-Bergstation-1280x1024.jpg\">\t<picture><source media=\"(min-width: 576px)\" srcset=\"https:\/\/www.salzburgerland.com\/de\/magazin\/wp-content\/uploads\/2017\/08\/Wandern-am-Fanningberg-Bergstation-325x209.jpg 325w, https:\/\/www.salzburgerland.com\/de\/magazin\/wp-content\/uploads\/2017\/08\/Wandern-am-Fanningberg-Bergstation-249x160.jpg 249w\" \/><source media=\"(min-width: 0)\" srcset=\"https:\/\/www.salzburgerland.com\/de\/magazin\/wp-content\/uploads\/2017\/08\/Wandern-am-Fanningberg-Bergstation-249x160.jpg 249w, https:\/\/www.salzburgerland.com\/de\/magazin\/wp-content\/uploads\/2017\/08\/Wandern-am-Fanningberg-Bergstation-325x209.jpg 325w\" \/><img decoding=\"async\" alt=\"Moderne Skiliftstation mit der Bezeichnung Fanningberg vor der Kulisse der Berge unter einem bew\u00f6lkten Himmel.\" src=\"https:\/\/www.salzburgerland.com\/de\/magazin\/wp-content\/uploads\/2017\/08\/Wandern-am-Fanningberg-Bergstation.jpg\" \/>\t<\/picture><\/a><\/figure><\/div><div class=\"col-6 col-sm-4\"><figure><a class=\"thumb-container\" href=\"https:\/\/www.salzburgerland.com\/de\/magazin\/wp-content\/uploads\/2017\/09\/Wandern-am-Fanningberg-1280x1024.jpg\">\t<picture><source media=\"(min-width: 576px)\" srcset=\"https:\/\/www.salzburgerland.com\/de\/magazin\/wp-content\/uploads\/2017\/09\/Wandern-am-Fanningberg-325x209.jpg 325w, https:\/\/www.salzburgerland.com\/de\/magazin\/wp-content\/uploads\/2017\/09\/Wandern-am-Fanningberg-249x160.jpg 249w\" \/><source media=\"(min-width: 0)\" srcset=\"https:\/\/www.salzburgerland.com\/de\/magazin\/wp-content\/uploads\/2017\/09\/Wandern-am-Fanningberg-249x160.jpg 249w, https:\/\/www.salzburgerland.com\/de\/magazin\/wp-content\/uploads\/2017\/09\/Wandern-am-Fanningberg-325x209.jpg 325w\" \/><img decoding=\"async\" alt=\"\u00dcppig gr\u00fcner Waldboden mit Farnen und Moos, verstreuten \u00c4sten und B\u00e4umen im Hintergrund.\" src=\"https:\/\/www.salzburgerland.com\/de\/magazin\/wp-content\/uploads\/2017\/09\/Wandern-am-Fanningberg.jpg\" \/>\t<\/picture><\/a><\/figure><\/div><\/div><\/div><figcaption><\/figcaption>\n<p>Fotocredits: pinkwords.at, stonemotion.at<\/p>\n","protected":false},"excerpt":{"rendered":"<p>Vom Obertauern in den Lungau kommend, liegt gleich nach Tweng der mittelalterliche Markt Mauterndorf. Direkt \u00fcber Mauterndorf und Wei\u00dfpriach erhebt sich der Fanningberg. Vom Tal aus betrachtet sieht er schon einladend aus, doch beginnt man die Besteigung, er\u00f6ffnen sich alle paar Meter neue Natursch\u00f6nheiten. Der Fanningberg ist einer der Lungauer Berge, die im Winter Schi- [&hellip;]<\/p>\n","protected":false},"author":535,"featured_media":117973,"comment_status":"open","ping_status":"open","sticky":false,"template":"","format":"standard","meta":{"_acf_changed":false,"wl_entities_gutenberg":"","_wl_entity_redirect_enabled":"","footnotes":""},"categories":[8],"tags":[],"wl_entity_type":[306],"monatsauswahl":[85,86,87,88,89,90,91],"class_list":["post-117779","post","type-post","status-publish","format-standard","has-post-thumbnail","hentry","category-outdoor-sport","wl_entity_type-article","monatsauswahl-monat_4","monatsauswahl-monat_5","monatsauswahl-monat_6","monatsauswahl-monat_7","monatsauswahl-monat_8","monatsauswahl-monat_9","monatsauswahl-monat_10"],"acf":[],"yoast_head":"<!-- This site is optimized with the Yoast SEO Premium plugin v27.4 (Yoast SEO v27.4) - https:\/\/yoast.com\/product\/yoast-seo-premium-wordpress\/ -->\n<title>Wandern am Fanningberg - SalzburgerLand Magazin<\/title>\n<meta name=\"description\" content=\"Vom Obertauern in den Lungau kommend, liegt gleich nach Tweng der mittelalterliche Markt Mauterndorf. Direkt \u00fcber Mauterndorf und Wei\u00dfpriach erhebt sich der Fanningberg. Vom Tal aus betrachtet sieht er schon einladend aus, doch beginnt man die Besteigung, er\u00f6ffnen sich alle paar Meter neue Natursch\u00f6nheiten. Der Fanningberg ist einer der Lungauer Berge, die im Winter Schi- [&hellip;]\" \/>\n<meta name=\"robots\" content=\"index, follow, max-snippet:-1, max-image-preview:large, max-video-preview:-1\" \/>\n<link rel=\"canonical\" href=\"https:\/\/www.salzburgerland.com\/de\/magazin\/wandern-am-fanningberg\/\" \/>\n<meta property=\"og:locale\" content=\"de_DE\" \/>\n<meta property=\"og:type\" content=\"article\" \/>\n<meta property=\"og:title\" content=\"Wandern am Fanningberg\" \/>\n<meta property=\"og:description\" content=\"Vom Obertauern in den Lungau kommend, liegt gleich nach Tweng der mittelalterliche Markt Mauterndorf. Direkt \u00fcber Mauterndorf und Wei\u00dfpriach erhebt sich der Fanningberg. Vom Tal aus betrachtet sieht er schon einladend aus, doch beginnt man die Besteigung, er\u00f6ffnen sich alle paar Meter neue Natursch\u00f6nheiten. Der Fanningberg ist einer der Lungauer Berge, die im Winter Schi- [&hellip;]\" \/>\n<meta property=\"og:url\" content=\"https:\/\/www.salzburgerland.com\/de\/magazin\/wandern-am-fanningberg\/\" \/>\n<meta property=\"og:site_name\" content=\"SalzburgerLand Magazin\" \/>\n<meta property=\"article:publisher\" content=\"https:\/\/www.facebook.com\/salzburgerland\/\" \/>\n<meta property=\"article:published_time\" content=\"2017-09-18T06:00:56+00:00\" \/>\n<meta property=\"article:modified_time\" content=\"2019-06-26T16:32:46+00:00\" \/>\n<meta property=\"og:image\" content=\"https:\/\/www.salzburgerland.com\/de\/magazin\/wp-content\/uploads\/2017\/08\/Wandern-am-Fanningberg-Kind.jpg\" \/>\n\t<meta property=\"og:image:width\" content=\"1600\" \/>\n\t<meta property=\"og:image:height\" content=\"900\" \/>\n\t<meta property=\"og:image:type\" content=\"image\/jpeg\" \/>\n<meta name=\"author\" content=\"Andrea Conrad\" \/>\n<meta name=\"twitter:card\" content=\"summary_large_image\" \/>\n<meta name=\"twitter:creator\" content=\"@Salzburgerland\" \/>\n<meta name=\"twitter:site\" content=\"@Salzburgerland\" \/>\n<meta name=\"twitter:label1\" content=\"Verfasst von\" \/>\n\t<meta name=\"twitter:data1\" content=\"Andrea Conrad\" \/>\n\t<meta name=\"twitter:label2\" content=\"Gesch\u00e4tzte Lesezeit\" \/>\n\t<meta name=\"twitter:data2\" content=\"2\u00a0Minuten\" \/>\n<script type=\"application\/ld+json\" class=\"yoast-schema-graph\">{\"@context\":\"https:\\\/\\\/schema.org\",\"@graph\":[{\"@type\":\"Article\",\"@id\":\"https:\\\/\\\/www.salzburgerland.com\\\/de\\\/magazin\\\/wandern-am-fanningberg\\\/#article\",\"isPartOf\":{\"@id\":\"https:\\\/\\\/www.salzburgerland.com\\\/de\\\/magazin\\\/wandern-am-fanningberg\\\/\"},\"author\":{\"name\":\"Andrea Conrad\",\"@id\":\"https:\\\/\\\/www.salzburgerland.com\\\/de\\\/magazin\\\/#\\\/schema\\\/person\\\/c767f4347f744071f6184dcceaa12e1e\"},\"headline\":\"Wandern am Fanningberg\",\"datePublished\":\"2017-09-18T06:00:56+00:00\",\"dateModified\":\"2019-06-26T16:32:46+00:00\",\"mainEntityOfPage\":{\"@id\":\"https:\\\/\\\/www.salzburgerland.com\\\/de\\\/magazin\\\/wandern-am-fanningberg\\\/\"},\"wordCount\":423,\"commentCount\":0,\"publisher\":{\"@id\":\"https:\\\/\\\/www.salzburgerland.com\\\/de\\\/magazin\\\/#organization\"},\"image\":{\"@id\":\"https:\\\/\\\/www.salzburgerland.com\\\/de\\\/magazin\\\/wandern-am-fanningberg\\\/#primaryimage\"},\"thumbnailUrl\":\"https:\\\/\\\/www.salzburgerland.com\\\/de\\\/magazin\\\/wp-content\\\/uploads\\\/2017\\\/08\\\/Wandern-am-Fanningberg-Kind.jpg\",\"articleSection\":[\"Outdoor &amp; Sport\"],\"inLanguage\":\"de\",\"potentialAction\":[{\"@type\":\"CommentAction\",\"name\":\"Comment\",\"target\":[\"https:\\\/\\\/www.salzburgerland.com\\\/de\\\/magazin\\\/wandern-am-fanningberg\\\/#respond\"]}]},{\"@type\":\"WebPage\",\"@id\":\"https:\\\/\\\/www.salzburgerland.com\\\/de\\\/magazin\\\/wandern-am-fanningberg\\\/\",\"url\":\"https:\\\/\\\/www.salzburgerland.com\\\/de\\\/magazin\\\/wandern-am-fanningberg\\\/\",\"name\":\"Wandern am Fanningberg - SalzburgerLand Magazin\",\"isPartOf\":{\"@id\":\"https:\\\/\\\/www.salzburgerland.com\\\/de\\\/magazin\\\/#website\"},\"primaryImageOfPage\":{\"@id\":\"https:\\\/\\\/www.salzburgerland.com\\\/de\\\/magazin\\\/wandern-am-fanningberg\\\/#primaryimage\"},\"image\":{\"@id\":\"https:\\\/\\\/www.salzburgerland.com\\\/de\\\/magazin\\\/wandern-am-fanningberg\\\/#primaryimage\"},\"thumbnailUrl\":\"https:\\\/\\\/www.salzburgerland.com\\\/de\\\/magazin\\\/wp-content\\\/uploads\\\/2017\\\/08\\\/Wandern-am-Fanningberg-Kind.jpg\",\"datePublished\":\"2017-09-18T06:00:56+00:00\",\"dateModified\":\"2019-06-26T16:32:46+00:00\",\"breadcrumb\":{\"@id\":\"https:\\\/\\\/www.salzburgerland.com\\\/de\\\/magazin\\\/wandern-am-fanningberg\\\/#breadcrumb\"},\"inLanguage\":\"de\",\"potentialAction\":[{\"@type\":\"ReadAction\",\"target\":[\"https:\\\/\\\/www.salzburgerland.com\\\/de\\\/magazin\\\/wandern-am-fanningberg\\\/\"]}]},{\"@type\":\"ImageObject\",\"inLanguage\":\"de\",\"@id\":\"https:\\\/\\\/www.salzburgerland.com\\\/de\\\/magazin\\\/wandern-am-fanningberg\\\/#primaryimage\",\"url\":\"https:\\\/\\\/www.salzburgerland.com\\\/de\\\/magazin\\\/wp-content\\\/uploads\\\/2017\\\/08\\\/Wandern-am-Fanningberg-Kind.jpg\",\"contentUrl\":\"https:\\\/\\\/www.salzburgerland.com\\\/de\\\/magazin\\\/wp-content\\\/uploads\\\/2017\\\/08\\\/Wandern-am-Fanningberg-Kind.jpg\",\"width\":1600,\"height\":900,\"caption\":\"Ein Kind in Rosa geht an einem sonnigen Tag an einem Holzzaun in einer grasbewachsenen, baumbestandenen Berglandschaft entlang.\"},{\"@type\":\"BreadcrumbList\",\"@id\":\"https:\\\/\\\/www.salzburgerland.com\\\/de\\\/magazin\\\/wandern-am-fanningberg\\\/#breadcrumb\",\"itemListElement\":[{\"@type\":\"ListItem\",\"position\":1,\"name\":\"Startseite\",\"item\":\"https:\\\/\\\/www.salzburgerland.com\\\/de\\\/magazin\\\/\"},{\"@type\":\"ListItem\",\"position\":2,\"name\":\"Outdoor &amp; Sport\",\"item\":\"https:\\\/\\\/www.salzburgerland.com\\\/de\\\/magazin\\\/thema\\\/outdoor-sport\\\/\"},{\"@type\":\"ListItem\",\"position\":3,\"name\":\"Wandern am Fanningberg\"}]},{\"@type\":\"WebSite\",\"@id\":\"https:\\\/\\\/www.salzburgerland.com\\\/de\\\/magazin\\\/#website\",\"url\":\"https:\\\/\\\/www.salzburgerland.com\\\/de\\\/magazin\\\/\",\"name\":\"SalzburgerLand Magazin\",\"description\":\"Geschichten und Interessantes aus dem SalzburgerLand\",\"publisher\":{\"@id\":\"https:\\\/\\\/www.salzburgerland.com\\\/de\\\/magazin\\\/#organization\"},\"potentialAction\":[{\"@type\":\"SearchAction\",\"target\":{\"@type\":\"EntryPoint\",\"urlTemplate\":\"https:\\\/\\\/www.salzburgerland.com\\\/de\\\/magazin\\\/?s={search_term_string}\"},\"query-input\":{\"@type\":\"PropertyValueSpecification\",\"valueRequired\":true,\"valueName\":\"search_term_string\"}}],\"inLanguage\":\"de\"},{\"@type\":\"Organization\",\"@id\":\"https:\\\/\\\/www.salzburgerland.com\\\/de\\\/magazin\\\/#organization\",\"name\":\"SalzburgerLand Tourismus\",\"url\":\"https:\\\/\\\/www.salzburgerland.com\\\/de\\\/magazin\\\/\",\"logo\":{\"@type\":\"ImageObject\",\"inLanguage\":\"de\",\"@id\":\"https:\\\/\\\/www.salzburgerland.com\\\/de\\\/magazin\\\/#\\\/schema\\\/logo\\\/image\\\/\",\"url\":\"https:\\\/\\\/www.salzburgerland.com\\\/de\\\/magazin\\\/wp-content\\\/uploads\\\/2019\\\/06\\\/salzburgerland-logo1.jpg\",\"contentUrl\":\"https:\\\/\\\/www.salzburgerland.com\\\/de\\\/magazin\\\/wp-content\\\/uploads\\\/2019\\\/06\\\/salzburgerland-logo1.jpg\",\"width\":2011,\"height\":866,\"caption\":\"SalzburgerLand Tourismus\"},\"image\":{\"@id\":\"https:\\\/\\\/www.salzburgerland.com\\\/de\\\/magazin\\\/#\\\/schema\\\/logo\\\/image\\\/\"},\"sameAs\":[\"https:\\\/\\\/www.facebook.com\\\/salzburgerland\\\/\",\"https:\\\/\\\/x.com\\\/Salzburgerland\",\"https:\\\/\\\/www.instagram.com\\\/salzburgerland\\\/\",\"https:\\\/\\\/at.linkedin.com\\\/company\\\/salzburgerland-tourismus-gmbh\",\"https:\\\/\\\/www.pinterest.at\\\/salzburgerland\\\/\",\"https:\\\/\\\/www.youtube.com\\\/user\\\/salzburgerland\",\"https:\\\/\\\/de.wikipedia.org\\\/wiki\\\/SalzburgerLand_Tourismus_GmbH\"]},{\"@type\":\"Person\",\"@id\":\"https:\\\/\\\/www.salzburgerland.com\\\/de\\\/magazin\\\/#\\\/schema\\\/person\\\/c767f4347f744071f6184dcceaa12e1e\",\"name\":\"Andrea Conrad\",\"description\":\"Aufgewachsen in Anif, Salzburgs gr\u00fcnem S\u00fcden, und zur Schule gegangen in der sch\u00f6nen Keltenstadt Hallein zog es sie nach der Matura nach Wien. Nach der Ausbildung zur Diplomierten Tourismuskauffrau im Modul in Wien und einigen Jahren im Wiener Tourismus kehrte sie \u00fcber S\u00fcdtirol und Hinterglemm nach Salzburg zur\u00fcck. 2010 und 2012 bekam sie hier ihre beiden T\u00f6chter, mit denen sie wieder in Anif heimisch geworden ist. Seit einigen Jahren ist sie nun als bed\u00fcrfnis- und l\u00f6sungsorientierte, ganzheitliche Humanenergetikerin und Systemische Coachin in eigener Praxis in Anif t\u00e4tig. Derzeit befindet sie sich in Ausbildung zur Lebens- und Sozialberaterin. Ehrenamtlich engagiert sie sich f\u00fcr den Verein #estutnichtweh, der sich unter dem Motto \\\"Mit uns wandert der M\u00fcll vom Berg ins Tal\\\" um die S\u00e4uberung der Bergwelt k\u00fcmmert. Wie hat da auch noch das Schreiben Platz? Geschichten zu schreiben ist ihr kreatives Ventil; eher unbeachtete, regionale Nischenthemen zu entdecken und bekannt zu machen, ihre gro\u00dfe Leidenschaft. Hobbies? Ihre freie Zeit verbringt sie am liebsten mit ihren Kindern und ihren Ausbildungen. Die Phantasie l\u00e4sst sie durch B\u00fccher reisen, Erdung holt sie sich in ihrem Blumen- und Gem\u00fcsegarten und beim Wandern und M\u00fcllsammeln in den Bergen des SalzburgerLandes. Fr\u00fchling, Sommer, Herbst oder Winter? Alle! Sommer wie Winter in die Berge - im Sommer wandern, im Winter Schifahren. Im Fr\u00fchling liebe ich es, mit meinen T\u00f6chtern Blumen zu pfl\u00fccken, im Herbst Bl\u00e4tter und Kastanien zu sammeln. Im Sommer k\u00f6nnte ich tagesf\u00fcllend durch die Salzburger und die Halleiner Altstadt flanieren, im Winter die Christkindlm\u00e4rkte im ganzen SalzburgerLand genie\u00dfen. Es ist einfach immer sch\u00f6n bei uns! Morgen- oder Abendmensch? Irgendwie beides! Zeitig raus aus den Federn und den Vormittag f\u00fcr die Schreiberei nutzen und mit meinen Kund*innen genie\u00dfen. Nachmittags sind meine Kids dran und wenn Abends noch Energie \u00fcbrig ist, darf es gerne eine gem\u00fctliche Runde mit Freunden und guten Gespr\u00e4chen sein. Buch oder Film? Ich habe schon immer gern gelesen. Seit ich mich auch intensiv dem Schreiben widme, brauche ich fast \u00fcberhaupt keine Filme mehr zum Zeitvertreib. Kr\u00e4utertee oder Zirbenschnaps? Ich liebe die frischen Kr\u00e4utertees der zahlreichen Kr\u00e4uterfeen, die in und um Salzburg das alte Wissen um Heilkr\u00e4uter, Wald- und Wiesensch\u00e4tze bewahren und weitergeben. Zirbenschnaps mag ich aber auch ;-) Dirndl oder Abendrobe? Dirndl und Lederhose! Immer fesch, immer gem\u00fctlich und immer passend! Ich freue mich unglaublich, dass beides in den letzten Jahren wieder Einzug in den Salzburger Alltag gehalten hat. Dein pers\u00f6nlicher Logenplatz im SalzburgerLand? Ich sch\u00e4tze meine Heimatgemeinde Anif sehr. Von hier aus ist man in wenigen Minuten in Salzburg oder Hallein und direkt im Gr\u00fcnen. Mein pers\u00f6nlicher Kraftplatz liegt im Lungau am Fanningberg, wo ich mit Vorliebe Energie tanke.\",\"url\":\"https:\\\/\\\/www.salzburgerland.com\\\/de\\\/magazin\\\/author\\\/andrea-conrad\\\/\"}]}<\/script>\n<!-- \/ Yoast SEO Premium plugin. -->","yoast_head_json":{"title":"Wandern am Fanningberg - SalzburgerLand Magazin","description":"Vom Obertauern in den Lungau kommend, liegt gleich nach Tweng der mittelalterliche Markt Mauterndorf. Direkt \u00fcber Mauterndorf und Wei\u00dfpriach erhebt sich der Fanningberg. Vom Tal aus betrachtet sieht er schon einladend aus, doch beginnt man die Besteigung, er\u00f6ffnen sich alle paar Meter neue Natursch\u00f6nheiten. Der Fanningberg ist einer der Lungauer Berge, die im Winter Schi- [&hellip;]","robots":{"index":"index","follow":"follow","max-snippet":"max-snippet:-1","max-image-preview":"max-image-preview:large","max-video-preview":"max-video-preview:-1"},"canonical":"https:\/\/www.salzburgerland.com\/de\/magazin\/wandern-am-fanningberg\/","og_locale":"de_DE","og_type":"article","og_title":"Wandern am Fanningberg","og_description":"Vom Obertauern in den Lungau kommend, liegt gleich nach Tweng der mittelalterliche Markt Mauterndorf. Direkt \u00fcber Mauterndorf und Wei\u00dfpriach erhebt sich der Fanningberg. Vom Tal aus betrachtet sieht er schon einladend aus, doch beginnt man die Besteigung, er\u00f6ffnen sich alle paar Meter neue Natursch\u00f6nheiten. Der Fanningberg ist einer der Lungauer Berge, die im Winter Schi- [&hellip;]","og_url":"https:\/\/www.salzburgerland.com\/de\/magazin\/wandern-am-fanningberg\/","og_site_name":"SalzburgerLand Magazin","article_publisher":"https:\/\/www.facebook.com\/salzburgerland\/","article_published_time":"2017-09-18T06:00:56+00:00","article_modified_time":"2019-06-26T16:32:46+00:00","og_image":[{"width":1600,"height":900,"url":"https:\/\/www.salzburgerland.com\/de\/magazin\/wp-content\/uploads\/2017\/08\/Wandern-am-Fanningberg-Kind.jpg","type":"image\/jpeg"}],"author":"Andrea Conrad","twitter_card":"summary_large_image","twitter_creator":"@Salzburgerland","twitter_site":"@Salzburgerland","twitter_misc":{"Verfasst von":"Andrea Conrad","Gesch\u00e4tzte Lesezeit":"2\u00a0Minuten"},"schema":{"@context":"https:\/\/schema.org","@graph":[{"@type":"Article","@id":"https:\/\/www.salzburgerland.com\/de\/magazin\/wandern-am-fanningberg\/#article","isPartOf":{"@id":"https:\/\/www.salzburgerland.com\/de\/magazin\/wandern-am-fanningberg\/"},"author":{"name":"Andrea Conrad","@id":"https:\/\/www.salzburgerland.com\/de\/magazin\/#\/schema\/person\/c767f4347f744071f6184dcceaa12e1e"},"headline":"Wandern am Fanningberg","datePublished":"2017-09-18T06:00:56+00:00","dateModified":"2019-06-26T16:32:46+00:00","mainEntityOfPage":{"@id":"https:\/\/www.salzburgerland.com\/de\/magazin\/wandern-am-fanningberg\/"},"wordCount":423,"commentCount":0,"publisher":{"@id":"https:\/\/www.salzburgerland.com\/de\/magazin\/#organization"},"image":{"@id":"https:\/\/www.salzburgerland.com\/de\/magazin\/wandern-am-fanningberg\/#primaryimage"},"thumbnailUrl":"https:\/\/www.salzburgerland.com\/de\/magazin\/wp-content\/uploads\/2017\/08\/Wandern-am-Fanningberg-Kind.jpg","articleSection":["Outdoor &amp; Sport"],"inLanguage":"de","potentialAction":[{"@type":"CommentAction","name":"Comment","target":["https:\/\/www.salzburgerland.com\/de\/magazin\/wandern-am-fanningberg\/#respond"]}]},{"@type":"WebPage","@id":"https:\/\/www.salzburgerland.com\/de\/magazin\/wandern-am-fanningberg\/","url":"https:\/\/www.salzburgerland.com\/de\/magazin\/wandern-am-fanningberg\/","name":"Wandern am Fanningberg - SalzburgerLand Magazin","isPartOf":{"@id":"https:\/\/www.salzburgerland.com\/de\/magazin\/#website"},"primaryImageOfPage":{"@id":"https:\/\/www.salzburgerland.com\/de\/magazin\/wandern-am-fanningberg\/#primaryimage"},"image":{"@id":"https:\/\/www.salzburgerland.com\/de\/magazin\/wandern-am-fanningberg\/#primaryimage"},"thumbnailUrl":"https:\/\/www.salzburgerland.com\/de\/magazin\/wp-content\/uploads\/2017\/08\/Wandern-am-Fanningberg-Kind.jpg","datePublished":"2017-09-18T06:00:56+00:00","dateModified":"2019-06-26T16:32:46+00:00","breadcrumb":{"@id":"https:\/\/www.salzburgerland.com\/de\/magazin\/wandern-am-fanningberg\/#breadcrumb"},"inLanguage":"de","potentialAction":[{"@type":"ReadAction","target":["https:\/\/www.salzburgerland.com\/de\/magazin\/wandern-am-fanningberg\/"]}]},{"@type":"ImageObject","inLanguage":"de","@id":"https:\/\/www.salzburgerland.com\/de\/magazin\/wandern-am-fanningberg\/#primaryimage","url":"https:\/\/www.salzburgerland.com\/de\/magazin\/wp-content\/uploads\/2017\/08\/Wandern-am-Fanningberg-Kind.jpg","contentUrl":"https:\/\/www.salzburgerland.com\/de\/magazin\/wp-content\/uploads\/2017\/08\/Wandern-am-Fanningberg-Kind.jpg","width":1600,"height":900,"caption":"Ein Kind in Rosa geht an einem sonnigen Tag an einem Holzzaun in einer grasbewachsenen, baumbestandenen Berglandschaft entlang."},{"@type":"BreadcrumbList","@id":"https:\/\/www.salzburgerland.com\/de\/magazin\/wandern-am-fanningberg\/#breadcrumb","itemListElement":[{"@type":"ListItem","position":1,"name":"Startseite","item":"https:\/\/www.salzburgerland.com\/de\/magazin\/"},{"@type":"ListItem","position":2,"name":"Outdoor &amp; Sport","item":"https:\/\/www.salzburgerland.com\/de\/magazin\/thema\/outdoor-sport\/"},{"@type":"ListItem","position":3,"name":"Wandern am Fanningberg"}]},{"@type":"WebSite","@id":"https:\/\/www.salzburgerland.com\/de\/magazin\/#website","url":"https:\/\/www.salzburgerland.com\/de\/magazin\/","name":"SalzburgerLand Magazin","description":"Geschichten und Interessantes aus dem SalzburgerLand","publisher":{"@id":"https:\/\/www.salzburgerland.com\/de\/magazin\/#organization"},"potentialAction":[{"@type":"SearchAction","target":{"@type":"EntryPoint","urlTemplate":"https:\/\/www.salzburgerland.com\/de\/magazin\/?s={search_term_string}"},"query-input":{"@type":"PropertyValueSpecification","valueRequired":true,"valueName":"search_term_string"}}],"inLanguage":"de"},{"@type":"Organization","@id":"https:\/\/www.salzburgerland.com\/de\/magazin\/#organization","name":"SalzburgerLand Tourismus","url":"https:\/\/www.salzburgerland.com\/de\/magazin\/","logo":{"@type":"ImageObject","inLanguage":"de","@id":"https:\/\/www.salzburgerland.com\/de\/magazin\/#\/schema\/logo\/image\/","url":"https:\/\/www.salzburgerland.com\/de\/magazin\/wp-content\/uploads\/2019\/06\/salzburgerland-logo1.jpg","contentUrl":"https:\/\/www.salzburgerland.com\/de\/magazin\/wp-content\/uploads\/2019\/06\/salzburgerland-logo1.jpg","width":2011,"height":866,"caption":"SalzburgerLand Tourismus"},"image":{"@id":"https:\/\/www.salzburgerland.com\/de\/magazin\/#\/schema\/logo\/image\/"},"sameAs":["https:\/\/www.facebook.com\/salzburgerland\/","https:\/\/x.com\/Salzburgerland","https:\/\/www.instagram.com\/salzburgerland\/","https:\/\/at.linkedin.com\/company\/salzburgerland-tourismus-gmbh","https:\/\/www.pinterest.at\/salzburgerland\/","https:\/\/www.youtube.com\/user\/salzburgerland","https:\/\/de.wikipedia.org\/wiki\/SalzburgerLand_Tourismus_GmbH"]},{"@type":"Person","@id":"https:\/\/www.salzburgerland.com\/de\/magazin\/#\/schema\/person\/c767f4347f744071f6184dcceaa12e1e","name":"Andrea Conrad","description":"Aufgewachsen in Anif, Salzburgs gr\u00fcnem S\u00fcden, und zur Schule gegangen in der sch\u00f6nen Keltenstadt Hallein zog es sie nach der Matura nach Wien. Nach der Ausbildung zur Diplomierten Tourismuskauffrau im Modul in Wien und einigen Jahren im Wiener Tourismus kehrte sie \u00fcber S\u00fcdtirol und Hinterglemm nach Salzburg zur\u00fcck. 2010 und 2012 bekam sie hier ihre beiden T\u00f6chter, mit denen sie wieder in Anif heimisch geworden ist. Seit einigen Jahren ist sie nun als bed\u00fcrfnis- und l\u00f6sungsorientierte, ganzheitliche Humanenergetikerin und Systemische Coachin in eigener Praxis in Anif t\u00e4tig. Derzeit befindet sie sich in Ausbildung zur Lebens- und Sozialberaterin. Ehrenamtlich engagiert sie sich f\u00fcr den Verein #estutnichtweh, der sich unter dem Motto \"Mit uns wandert der M\u00fcll vom Berg ins Tal\" um die S\u00e4uberung der Bergwelt k\u00fcmmert. Wie hat da auch noch das Schreiben Platz? Geschichten zu schreiben ist ihr kreatives Ventil; eher unbeachtete, regionale Nischenthemen zu entdecken und bekannt zu machen, ihre gro\u00dfe Leidenschaft. Hobbies? Ihre freie Zeit verbringt sie am liebsten mit ihren Kindern und ihren Ausbildungen. Die Phantasie l\u00e4sst sie durch B\u00fccher reisen, Erdung holt sie sich in ihrem Blumen- und Gem\u00fcsegarten und beim Wandern und M\u00fcllsammeln in den Bergen des SalzburgerLandes. Fr\u00fchling, Sommer, Herbst oder Winter? Alle! Sommer wie Winter in die Berge - im Sommer wandern, im Winter Schifahren. Im Fr\u00fchling liebe ich es, mit meinen T\u00f6chtern Blumen zu pfl\u00fccken, im Herbst Bl\u00e4tter und Kastanien zu sammeln. Im Sommer k\u00f6nnte ich tagesf\u00fcllend durch die Salzburger und die Halleiner Altstadt flanieren, im Winter die Christkindlm\u00e4rkte im ganzen SalzburgerLand genie\u00dfen. Es ist einfach immer sch\u00f6n bei uns! Morgen- oder Abendmensch? Irgendwie beides! Zeitig raus aus den Federn und den Vormittag f\u00fcr die Schreiberei nutzen und mit meinen Kund*innen genie\u00dfen. Nachmittags sind meine Kids dran und wenn Abends noch Energie \u00fcbrig ist, darf es gerne eine gem\u00fctliche Runde mit Freunden und guten Gespr\u00e4chen sein. Buch oder Film? Ich habe schon immer gern gelesen. Seit ich mich auch intensiv dem Schreiben widme, brauche ich fast \u00fcberhaupt keine Filme mehr zum Zeitvertreib. Kr\u00e4utertee oder Zirbenschnaps? Ich liebe die frischen Kr\u00e4utertees der zahlreichen Kr\u00e4uterfeen, die in und um Salzburg das alte Wissen um Heilkr\u00e4uter, Wald- und Wiesensch\u00e4tze bewahren und weitergeben. Zirbenschnaps mag ich aber auch ;-) Dirndl oder Abendrobe? Dirndl und Lederhose! Immer fesch, immer gem\u00fctlich und immer passend! Ich freue mich unglaublich, dass beides in den letzten Jahren wieder Einzug in den Salzburger Alltag gehalten hat. Dein pers\u00f6nlicher Logenplatz im SalzburgerLand? Ich sch\u00e4tze meine Heimatgemeinde Anif sehr. Von hier aus ist man in wenigen Minuten in Salzburg oder Hallein und direkt im Gr\u00fcnen. Mein pers\u00f6nlicher Kraftplatz liegt im Lungau am Fanningberg, wo ich mit Vorliebe Energie tanke.","url":"https:\/\/www.salzburgerland.com\/de\/magazin\/author\/andrea-conrad\/"}]}},"_wl_alt_label":[],"wl:entity_url":"http:\/\/open.salzburgerland.com\/magazin\/post\/wandern_am_fanningberg","_links":{"self":[{"href":"https:\/\/www.salzburgerland.com\/de\/magazin\/wp-json\/wp\/v2\/posts\/117779","targetHints":{"allow":["GET"]}}],"collection":[{"href":"https:\/\/www.salzburgerland.com\/de\/magazin\/wp-json\/wp\/v2\/posts"}],"about":[{"href":"https:\/\/www.salzburgerland.com\/de\/magazin\/wp-json\/wp\/v2\/types\/post"}],"author":[{"embeddable":true,"href":"https:\/\/www.salzburgerland.com\/de\/magazin\/wp-json\/wp\/v2\/users\/535"}],"replies":[{"embeddable":true,"href":"https:\/\/www.salzburgerland.com\/de\/magazin\/wp-json\/wp\/v2\/comments?post=117779"}],"version-history":[{"count":0,"href":"https:\/\/www.salzburgerland.com\/de\/magazin\/wp-json\/wp\/v2\/posts\/117779\/revisions"}],"wp:featuredmedia":[{"embeddable":true,"href":"https:\/\/www.salzburgerland.com\/de\/magazin\/wp-json\/wp\/v2\/media\/117973"}],"wp:attachment":[{"href":"https:\/\/www.salzburgerland.com\/de\/magazin\/wp-json\/wp\/v2\/media?parent=117779"}],"wp:term":[{"taxonomy":"category","embeddable":true,"href":"https:\/\/www.salzburgerland.com\/de\/magazin\/wp-json\/wp\/v2\/categories?post=117779"},{"taxonomy":"post_tag","embeddable":true,"href":"https:\/\/www.salzburgerland.com\/de\/magazin\/wp-json\/wp\/v2\/tags?post=117779"},{"taxonomy":"wl_entity_type","embeddable":true,"href":"https:\/\/www.salzburgerland.com\/de\/magazin\/wp-json\/wp\/v2\/wl_entity_type?post=117779"},{"taxonomy":"monatsauswahl","embeddable":true,"href":"https:\/\/www.salzburgerland.com\/de\/magazin\/wp-json\/wp\/v2\/monatsauswahl?post=117779"}],"curies":[{"name":"wp","href":"https:\/\/api.w.org\/{rel}","templated":true}]}}