{"id":117648,"date":"2020-08-22T08:00:42","date_gmt":"2020-08-22T06:00:42","guid":{"rendered":"https:\/\/www.salzburgerland.com\/de\/magazin\/?p=117648"},"modified":"2020-08-20T11:07:05","modified_gmt":"2020-08-20T09:07:05","slug":"wir-packen-den-sommer-ins-glas","status":"publish","type":"post","link":"https:\/\/www.salzburgerland.com\/de\/magazin\/wir-packen-den-sommer-ins-glas\/","title":{"rendered":"Wir packen den Sommer ins Glas!"},"content":{"rendered":"\n<p class=\"wp-block-slt-intro\"> <strong>Im Sp\u00e4tsommer erfreuen sich die Salzburgerinnen und Salzburger einer reichen Ernte! Jetzt sind Tomaten, Paprika, Gurken, Zucchini und K\u00fcrbis reif und regional verf\u00fcgbar. Und was man daraus alles zubereiten kann&#8230;.<\/strong> <\/p>\n\n\n\n<p>Wer sich gl\u00fccklich sch\u00e4tzen kann aus dem eigenen Garten oder vom Balkon zu ernten, hat oftmals sogar zuviel Gem\u00fcse auf einmal zur Verf\u00fcgung. Darum greifen viele auf traditionelle Konservierungsmethoden wie Einmachen und Einkochen zur\u00fcck. Unsere Redakteurin Anke Eder, Foodbloggerin und diplomierte Ern\u00e4hrungstrainerin, hat gelbe und gr\u00fcne Zucchini kombiniert und mit aromatischem Rosmarin aus ihrem Garten eingekocht.&nbsp;<\/p>\n\n\n\n<div class=\"wp-block-image wp-image-117654 size-singlePost\"><figure class=\"aligncenter\"><img decoding=\"async\" src=\"https:\/\/www.salzburgerland.com\/de\/magazin\/wp-content\/uploads\/2017\/08\/IMG_0920-650x435.jpg\" alt=\"Rosmarin und Zucchini\" class=\"wp-image-117654\"\/><figcaption>Zucchini sind lange haltbar, wenn man sie einkocht.<\/figcaption><\/figure><\/div>\n\n\n\n<h3 class=\"wp-block-heading\">Rezept Zucchini in Scheiben mit Rosmarin<\/h3>\n\n\n\n<p>Zutaten (f\u00fcr 4 Gl\u00e4ser \u00e1 600ml):<br>2 mittelgro\u00dfe Zucchini (gelb + gr\u00fcn)<br>2 rote Zwiebeln<br>2 Knoblauchzehen<br>600 ml Wei\u00dfweinessig<br>1800 ml Wasser<br>100g Zucker<br>2 EL Senfk\u00f6rner<br>1 TL Wacholderbeeren<br>1 TL bunte Pfefferk\u00f6rner<br>2-3 Zweige Rosmarin<br>Prise Kr\u00e4utersalz<\/p>\n\n\n\n<p>Zubereitung:&nbsp;<br>1. F\u00fcr eine lange Haltbarkeit ist es wichtig die Gl\u00e4ser zu reinigen und zu sterilisieren. Eine einfache Methode daf\u00fcr ist die Gl\u00e4ser im Backofen f\u00fcr 10 Minuten bei 200 \u00b0C Grad zu backen. Anschlie\u00dfend die Gl\u00e4ser aus dem Ofen nehmen und abk\u00fchlen lassen.&nbsp;<\/p>\n\n\n\n<div class=\"wp-block-image\"><figure class=\"aligncenter\"><img decoding=\"async\" src=\"https:\/\/www.salzburgerland.com\/de\/magazin\/wp-content\/uploads\/2017\/08\/IMG_0931-650x435.jpg\" alt=\"Zucchini in Scheiben schneiden.\" class=\"wp-image-117665\"\/><\/figure><\/div>\n\n\n\n<p>2. Die Zucchini waschen, trocken tupfen und in d\u00fcnne Scheiben schneiden.&nbsp;<\/p>\n\n\n\n<p>3. Die Schale der Zwiebeln entfernen und in Ringe schneiden. Den Knoblauch sch\u00e4len und in St\u00fccke schneiden.&nbsp;<\/p>\n\n\n\n<div class=\"wp-block-image\"><figure class=\"aligncenter\"><img decoding=\"async\" src=\"https:\/\/www.salzburgerland.com\/de\/magazin\/wp-content\/uploads\/2017\/08\/IMG_0910-650x435.jpg\" alt=\"Essigsud Rosmarin, Pfefferk\u00f6rner und Senfk\u00f6rner\" class=\"wp-image-117653\"\/><\/figure><\/div>\n\n\n\n<p>4. In einem Topf den Essig-Sud zubereiten: Daf\u00fcr Wasser und Essig zusammen mit Zucker, Salz, Senfk\u00f6rnern, Pfefferk\u00f6rnern, Wacholderbeeren und Rosmarinzweigen aufkochen lassen und rund 15 Minuten auf mittlerer Stufe k\u00f6cheln lassen.&nbsp;<\/p>\n\n\n\n<div class=\"wp-block-image\"><figure class=\"aligncenter\"><img decoding=\"async\" src=\"https:\/\/www.salzburgerland.com\/de\/magazin\/wp-content\/uploads\/2017\/08\/IMG_0932-650x435.jpg\" alt=\"Essigsud ins Glas gie\u00dfen.\" class=\"wp-image-117656\"\/><\/figure><\/div>\n\n\n\n<p>5. Der fertige Essig-Sud wird \u00fcber die geschichteten Zucchini im Glas gegossen.&nbsp;<\/p>\n\n\n\n<div class=\"wp-block-image\"><figure class=\"aligncenter\"><img decoding=\"async\" src=\"https:\/\/www.salzburgerland.com\/de\/magazin\/wp-content\/uploads\/2017\/08\/IMG_0944-2-650x435.jpg\" alt=\"Zucchini im Backofen einkochen.\" class=\"wp-image-117658\"\/><\/figure><\/div>\n\n\n\n<p>6. Die Zucchini im Glas werden nun rund 60 Minuten im Backofen bei 180\u00b0C im Wasserbad eingekocht. Daf\u00fcr kann man eine backofenfeste Form mit einem Rand von mindestens einem Zentimeter verwenden. Die Gl\u00e4ser werden ins Wasser in die Form gestellt und gebacken.<\/p>\n\n\n\n<p>7. Nach der Backzeit die Gl\u00e4ser abk\u00fchlen lassen. Die eingekochten Zucchini in Scheiben mit Rosmarin sind ca. 1 Jahr haltbar.&nbsp;<\/p>\n\n\n\n<p>Wir w\u00fcnschen guten Appetit!&nbsp;<\/p>\n\n\n\n<p>Fotos @ Anke Eder (Nat\u00fcrlich Hausgemacht)<\/p>\n","protected":false},"excerpt":{"rendered":"<p>Wer sich gl\u00fccklich sch\u00e4tzen kann aus dem eigenen Garten oder vom Balkon zu ernten, hat oftmals sogar zuviel Gem\u00fcse auf einmal zur Verf\u00fcgung. Darum greifen viele auf traditionelle Konservierungsmethoden wie Einmachen und Einkochen zur\u00fcck. Unsere Redakteurin Anke Eder, Foodbloggerin und diplomierte Ern\u00e4hrungstrainerin, hat gelbe und gr\u00fcne Zucchini kombiniert und mit aromatischem Rosmarin aus ihrem Garten [&hellip;]<\/p>\n","protected":false},"author":533,"featured_media":117657,"comment_status":"open","ping_status":"open","sticky":false,"template":"","format":"standard","meta":{"_acf_changed":false,"wl_entities_gutenberg":"","_wl_entity_redirect_enabled":"","footnotes":""},"categories":[3],"tags":[231],"wl_entity_type":[871],"monatsauswahl":[88,89,90,91],"class_list":["post-117648","post","type-post","status-publish","format-standard","has-post-thumbnail","hentry","category-essen-trinken","tag-family","wl_entity_type-recipe","monatsauswahl-monat_7","monatsauswahl-monat_8","monatsauswahl-monat_9","monatsauswahl-monat_10"],"acf":[],"yoast_head":"<!-- This site is optimized with the Yoast SEO Premium plugin v27.4 (Yoast SEO v27.4) - https:\/\/yoast.com\/product\/yoast-seo-premium-wordpress\/ -->\n<title>Wir packen den Sommer ins Glas! - SalzburgerLand Magazin<\/title>\n<meta name=\"description\" content=\"Im Sp\u00e4tsommer erfreuen sich die Salzburgerinnen und Salzburger einer reichen Ernte! Jetzt sind Tomaten, Paprika, Gurken, Zucchini und K\u00fcrbis reif und regional verf\u00fcgbar. Und was man daraus alles zubereiten kann....\" \/>\n<meta name=\"robots\" content=\"index, follow, max-snippet:-1, max-image-preview:large, max-video-preview:-1\" \/>\n<link rel=\"canonical\" href=\"https:\/\/www.salzburgerland.com\/de\/magazin\/wir-packen-den-sommer-ins-glas\/\" \/>\n<meta property=\"og:locale\" content=\"de_DE\" \/>\n<meta property=\"og:type\" content=\"article\" \/>\n<meta property=\"og:title\" content=\"Wir packen den Sommer ins Glas!\" \/>\n<meta property=\"og:description\" content=\"Wer sich gl\u00fccklich sch\u00e4tzen kann aus dem eigenen Garten oder vom Balkon zu ernten, hat oftmals sogar zuviel Gem\u00fcse auf einmal zur Verf\u00fcgung. Darum greifen viele auf traditionelle Konservierungsmethoden wie Einmachen und Einkochen zur\u00fcck. Unsere Redakteurin Anke Eder, Foodbloggerin und diplomierte Ern\u00e4hrungstrainerin, hat gelbe und gr\u00fcne Zucchini kombiniert und mit aromatischem Rosmarin aus ihrem Garten [&hellip;]\" \/>\n<meta property=\"og:url\" content=\"https:\/\/www.salzburgerland.com\/de\/magazin\/wir-packen-den-sommer-ins-glas\/\" \/>\n<meta property=\"og:site_name\" content=\"SalzburgerLand Magazin\" \/>\n<meta property=\"article:publisher\" content=\"https:\/\/www.facebook.com\/salzburgerland\/\" \/>\n<meta property=\"article:published_time\" content=\"2020-08-22T06:00:42+00:00\" \/>\n<meta property=\"og:image\" content=\"https:\/\/www.salzburgerland.com\/de\/magazin\/wp-content\/uploads\/2017\/08\/IMG_0936.jpg\" \/>\n\t<meta property=\"og:image:width\" content=\"1600\" \/>\n\t<meta property=\"og:image:height\" content=\"1067\" \/>\n\t<meta property=\"og:image:type\" content=\"image\/jpeg\" \/>\n<meta name=\"author\" content=\"Anke Eder\" \/>\n<meta name=\"twitter:card\" content=\"summary_large_image\" \/>\n<meta name=\"twitter:creator\" content=\"@Salzburgerland\" \/>\n<meta name=\"twitter:site\" content=\"@Salzburgerland\" \/>\n<meta name=\"twitter:label1\" content=\"Verfasst von\" \/>\n\t<meta name=\"twitter:data1\" content=\"Anke Eder\" \/>\n\t<meta name=\"twitter:label2\" content=\"Gesch\u00e4tzte Lesezeit\" \/>\n\t<meta name=\"twitter:data2\" content=\"2\u00a0Minuten\" \/>\n<script type=\"application\/ld+json\" class=\"yoast-schema-graph\">{\"@context\":\"https:\\\/\\\/schema.org\",\"@graph\":[{\"@type\":\"Article\",\"@id\":\"https:\\\/\\\/www.salzburgerland.com\\\/de\\\/magazin\\\/wir-packen-den-sommer-ins-glas\\\/#article\",\"isPartOf\":{\"@id\":\"https:\\\/\\\/www.salzburgerland.com\\\/de\\\/magazin\\\/wir-packen-den-sommer-ins-glas\\\/\"},\"author\":{\"name\":\"Anke Eder\",\"@id\":\"https:\\\/\\\/www.salzburgerland.com\\\/de\\\/magazin\\\/#\\\/schema\\\/person\\\/b4c7972a94a135bc63fe8c2dd626a26e\"},\"headline\":\"Wir packen den Sommer ins Glas!\",\"datePublished\":\"2020-08-22T06:00:42+00:00\",\"mainEntityOfPage\":{\"@id\":\"https:\\\/\\\/www.salzburgerland.com\\\/de\\\/magazin\\\/wir-packen-den-sommer-ins-glas\\\/\"},\"wordCount\":356,\"commentCount\":0,\"publisher\":{\"@id\":\"https:\\\/\\\/www.salzburgerland.com\\\/de\\\/magazin\\\/#organization\"},\"image\":{\"@id\":\"https:\\\/\\\/www.salzburgerland.com\\\/de\\\/magazin\\\/wir-packen-den-sommer-ins-glas\\\/#primaryimage\"},\"thumbnailUrl\":\"https:\\\/\\\/www.salzburgerland.com\\\/de\\\/magazin\\\/wp-content\\\/uploads\\\/2017\\\/08\\\/IMG_0936.jpg\",\"keywords\":[\"Family-Time im SalzburgerLand\"],\"articleSection\":[\"Essen &amp; Trinken\"],\"inLanguage\":\"de\",\"potentialAction\":[{\"@type\":\"CommentAction\",\"name\":\"Comment\",\"target\":[\"https:\\\/\\\/www.salzburgerland.com\\\/de\\\/magazin\\\/wir-packen-den-sommer-ins-glas\\\/#respond\"]}]},{\"@type\":\"WebPage\",\"@id\":\"https:\\\/\\\/www.salzburgerland.com\\\/de\\\/magazin\\\/wir-packen-den-sommer-ins-glas\\\/\",\"url\":\"https:\\\/\\\/www.salzburgerland.com\\\/de\\\/magazin\\\/wir-packen-den-sommer-ins-glas\\\/\",\"name\":\"Wir packen den Sommer ins Glas! - SalzburgerLand Magazin\",\"isPartOf\":{\"@id\":\"https:\\\/\\\/www.salzburgerland.com\\\/de\\\/magazin\\\/#website\"},\"primaryImageOfPage\":{\"@id\":\"https:\\\/\\\/www.salzburgerland.com\\\/de\\\/magazin\\\/wir-packen-den-sommer-ins-glas\\\/#primaryimage\"},\"image\":{\"@id\":\"https:\\\/\\\/www.salzburgerland.com\\\/de\\\/magazin\\\/wir-packen-den-sommer-ins-glas\\\/#primaryimage\"},\"thumbnailUrl\":\"https:\\\/\\\/www.salzburgerland.com\\\/de\\\/magazin\\\/wp-content\\\/uploads\\\/2017\\\/08\\\/IMG_0936.jpg\",\"datePublished\":\"2020-08-22T06:00:42+00:00\",\"breadcrumb\":{\"@id\":\"https:\\\/\\\/www.salzburgerland.com\\\/de\\\/magazin\\\/wir-packen-den-sommer-ins-glas\\\/#breadcrumb\"},\"inLanguage\":\"de\",\"potentialAction\":[{\"@type\":\"ReadAction\",\"target\":[\"https:\\\/\\\/www.salzburgerland.com\\\/de\\\/magazin\\\/wir-packen-den-sommer-ins-glas\\\/\"]}]},{\"@type\":\"ImageObject\",\"inLanguage\":\"de\",\"@id\":\"https:\\\/\\\/www.salzburgerland.com\\\/de\\\/magazin\\\/wir-packen-den-sommer-ins-glas\\\/#primaryimage\",\"url\":\"https:\\\/\\\/www.salzburgerland.com\\\/de\\\/magazin\\\/wp-content\\\/uploads\\\/2017\\\/08\\\/IMG_0936.jpg\",\"contentUrl\":\"https:\\\/\\\/www.salzburgerland.com\\\/de\\\/magazin\\\/wp-content\\\/uploads\\\/2017\\\/08\\\/IMG_0936.jpg\",\"width\":1600,\"height\":1067,\"caption\":\"Ein Glas mit eingelegtem gelbem K\u00fcrbis, Zucchini und roten Zwiebelscheiben auf einem Holztisch, daneben Kr\u00e4uter und Gew\u00fcrze.\"},{\"@type\":\"BreadcrumbList\",\"@id\":\"https:\\\/\\\/www.salzburgerland.com\\\/de\\\/magazin\\\/wir-packen-den-sommer-ins-glas\\\/#breadcrumb\",\"itemListElement\":[{\"@type\":\"ListItem\",\"position\":1,\"name\":\"Startseite\",\"item\":\"https:\\\/\\\/www.salzburgerland.com\\\/de\\\/magazin\\\/\"},{\"@type\":\"ListItem\",\"position\":2,\"name\":\"Essen &amp; Trinken\",\"item\":\"https:\\\/\\\/www.salzburgerland.com\\\/de\\\/magazin\\\/thema\\\/essen-trinken\\\/\"},{\"@type\":\"ListItem\",\"position\":3,\"name\":\"Wir packen den Sommer ins Glas!\"}]},{\"@type\":\"WebSite\",\"@id\":\"https:\\\/\\\/www.salzburgerland.com\\\/de\\\/magazin\\\/#website\",\"url\":\"https:\\\/\\\/www.salzburgerland.com\\\/de\\\/magazin\\\/\",\"name\":\"SalzburgerLand Magazin\",\"description\":\"Geschichten und Interessantes aus dem SalzburgerLand\",\"publisher\":{\"@id\":\"https:\\\/\\\/www.salzburgerland.com\\\/de\\\/magazin\\\/#organization\"},\"potentialAction\":[{\"@type\":\"SearchAction\",\"target\":{\"@type\":\"EntryPoint\",\"urlTemplate\":\"https:\\\/\\\/www.salzburgerland.com\\\/de\\\/magazin\\\/?s={search_term_string}\"},\"query-input\":{\"@type\":\"PropertyValueSpecification\",\"valueRequired\":true,\"valueName\":\"search_term_string\"}}],\"inLanguage\":\"de\"},{\"@type\":\"Organization\",\"@id\":\"https:\\\/\\\/www.salzburgerland.com\\\/de\\\/magazin\\\/#organization\",\"name\":\"SalzburgerLand Tourismus\",\"url\":\"https:\\\/\\\/www.salzburgerland.com\\\/de\\\/magazin\\\/\",\"logo\":{\"@type\":\"ImageObject\",\"inLanguage\":\"de\",\"@id\":\"https:\\\/\\\/www.salzburgerland.com\\\/de\\\/magazin\\\/#\\\/schema\\\/logo\\\/image\\\/\",\"url\":\"https:\\\/\\\/www.salzburgerland.com\\\/de\\\/magazin\\\/wp-content\\\/uploads\\\/2019\\\/06\\\/salzburgerland-logo1.jpg\",\"contentUrl\":\"https:\\\/\\\/www.salzburgerland.com\\\/de\\\/magazin\\\/wp-content\\\/uploads\\\/2019\\\/06\\\/salzburgerland-logo1.jpg\",\"width\":2011,\"height\":866,\"caption\":\"SalzburgerLand Tourismus\"},\"image\":{\"@id\":\"https:\\\/\\\/www.salzburgerland.com\\\/de\\\/magazin\\\/#\\\/schema\\\/logo\\\/image\\\/\"},\"sameAs\":[\"https:\\\/\\\/www.facebook.com\\\/salzburgerland\\\/\",\"https:\\\/\\\/x.com\\\/Salzburgerland\",\"https:\\\/\\\/www.instagram.com\\\/salzburgerland\\\/\",\"https:\\\/\\\/at.linkedin.com\\\/company\\\/salzburgerland-tourismus-gmbh\",\"https:\\\/\\\/www.pinterest.at\\\/salzburgerland\\\/\",\"https:\\\/\\\/www.youtube.com\\\/user\\\/salzburgerland\",\"https:\\\/\\\/de.wikipedia.org\\\/wiki\\\/SalzburgerLand_Tourismus_GmbH\"]},{\"@type\":\"Person\",\"@id\":\"https:\\\/\\\/www.salzburgerland.com\\\/de\\\/magazin\\\/#\\\/schema\\\/person\\\/b4c7972a94a135bc63fe8c2dd626a26e\",\"name\":\"Anke Eder\",\"description\":\"Anke Eder hat in Salzburg Kommunikationswissenschaft studiert, lebt mit ihrer Familie im wundersch\u00f6nen Salzburger Flachgau und arbeitet als freiberufliche Autorin f\u00fcr das SalzburgerLand Magazin. Ihre Leidenschaft sind selbst gemachte Gerichte mit besten Zutaten aus der Region oder dem eigenen Garten. Als diplomierte Ern\u00e4hrungstrainerin, diplomierte Kr\u00e4uterp\u00e4dagogin und TEH-Praktikerin wei\u00df sie um die Vorz\u00fcge von selbst gemachten Gerichten, schreibt dar\u00fcber und fotografiert was sie f\u00fcr ihre Familie kocht. In ihrer Freizeit ist Anke am liebsten in den Bergen unterwegs - mit dem Rennrad oder den Wanderschuhen. F\u00fcr das SalzburgerLand Magazin entdeckt sie die sch\u00f6nsten Spots in Salzburgs.\u00a0\",\"url\":\"https:\\\/\\\/www.salzburgerland.com\\\/de\\\/magazin\\\/author\\\/anke-eder\\\/\"}]}<\/script>\n<!-- \/ Yoast SEO Premium plugin. -->","yoast_head_json":{"title":"Wir packen den Sommer ins Glas! - SalzburgerLand Magazin","description":"Im Sp\u00e4tsommer erfreuen sich die Salzburgerinnen und Salzburger einer reichen Ernte! Jetzt sind Tomaten, Paprika, Gurken, Zucchini und K\u00fcrbis reif und regional verf\u00fcgbar. Und was man daraus alles zubereiten kann....","robots":{"index":"index","follow":"follow","max-snippet":"max-snippet:-1","max-image-preview":"max-image-preview:large","max-video-preview":"max-video-preview:-1"},"canonical":"https:\/\/www.salzburgerland.com\/de\/magazin\/wir-packen-den-sommer-ins-glas\/","og_locale":"de_DE","og_type":"article","og_title":"Wir packen den Sommer ins Glas!","og_description":"Wer sich gl\u00fccklich sch\u00e4tzen kann aus dem eigenen Garten oder vom Balkon zu ernten, hat oftmals sogar zuviel Gem\u00fcse auf einmal zur Verf\u00fcgung. Darum greifen viele auf traditionelle Konservierungsmethoden wie Einmachen und Einkochen zur\u00fcck. Unsere Redakteurin Anke Eder, Foodbloggerin und diplomierte Ern\u00e4hrungstrainerin, hat gelbe und gr\u00fcne Zucchini kombiniert und mit aromatischem Rosmarin aus ihrem Garten [&hellip;]","og_url":"https:\/\/www.salzburgerland.com\/de\/magazin\/wir-packen-den-sommer-ins-glas\/","og_site_name":"SalzburgerLand Magazin","article_publisher":"https:\/\/www.facebook.com\/salzburgerland\/","article_published_time":"2020-08-22T06:00:42+00:00","og_image":[{"width":1600,"height":1067,"url":"https:\/\/www.salzburgerland.com\/de\/magazin\/wp-content\/uploads\/2017\/08\/IMG_0936.jpg","type":"image\/jpeg"}],"author":"Anke Eder","twitter_card":"summary_large_image","twitter_creator":"@Salzburgerland","twitter_site":"@Salzburgerland","twitter_misc":{"Verfasst von":"Anke Eder","Gesch\u00e4tzte Lesezeit":"2\u00a0Minuten"},"schema":{"@context":"https:\/\/schema.org","@graph":[{"@type":"Article","@id":"https:\/\/www.salzburgerland.com\/de\/magazin\/wir-packen-den-sommer-ins-glas\/#article","isPartOf":{"@id":"https:\/\/www.salzburgerland.com\/de\/magazin\/wir-packen-den-sommer-ins-glas\/"},"author":{"name":"Anke Eder","@id":"https:\/\/www.salzburgerland.com\/de\/magazin\/#\/schema\/person\/b4c7972a94a135bc63fe8c2dd626a26e"},"headline":"Wir packen den Sommer ins Glas!","datePublished":"2020-08-22T06:00:42+00:00","mainEntityOfPage":{"@id":"https:\/\/www.salzburgerland.com\/de\/magazin\/wir-packen-den-sommer-ins-glas\/"},"wordCount":356,"commentCount":0,"publisher":{"@id":"https:\/\/www.salzburgerland.com\/de\/magazin\/#organization"},"image":{"@id":"https:\/\/www.salzburgerland.com\/de\/magazin\/wir-packen-den-sommer-ins-glas\/#primaryimage"},"thumbnailUrl":"https:\/\/www.salzburgerland.com\/de\/magazin\/wp-content\/uploads\/2017\/08\/IMG_0936.jpg","keywords":["Family-Time im SalzburgerLand"],"articleSection":["Essen &amp; Trinken"],"inLanguage":"de","potentialAction":[{"@type":"CommentAction","name":"Comment","target":["https:\/\/www.salzburgerland.com\/de\/magazin\/wir-packen-den-sommer-ins-glas\/#respond"]}]},{"@type":"WebPage","@id":"https:\/\/www.salzburgerland.com\/de\/magazin\/wir-packen-den-sommer-ins-glas\/","url":"https:\/\/www.salzburgerland.com\/de\/magazin\/wir-packen-den-sommer-ins-glas\/","name":"Wir packen den Sommer ins Glas! - SalzburgerLand Magazin","isPartOf":{"@id":"https:\/\/www.salzburgerland.com\/de\/magazin\/#website"},"primaryImageOfPage":{"@id":"https:\/\/www.salzburgerland.com\/de\/magazin\/wir-packen-den-sommer-ins-glas\/#primaryimage"},"image":{"@id":"https:\/\/www.salzburgerland.com\/de\/magazin\/wir-packen-den-sommer-ins-glas\/#primaryimage"},"thumbnailUrl":"https:\/\/www.salzburgerland.com\/de\/magazin\/wp-content\/uploads\/2017\/08\/IMG_0936.jpg","datePublished":"2020-08-22T06:00:42+00:00","breadcrumb":{"@id":"https:\/\/www.salzburgerland.com\/de\/magazin\/wir-packen-den-sommer-ins-glas\/#breadcrumb"},"inLanguage":"de","potentialAction":[{"@type":"ReadAction","target":["https:\/\/www.salzburgerland.com\/de\/magazin\/wir-packen-den-sommer-ins-glas\/"]}]},{"@type":"ImageObject","inLanguage":"de","@id":"https:\/\/www.salzburgerland.com\/de\/magazin\/wir-packen-den-sommer-ins-glas\/#primaryimage","url":"https:\/\/www.salzburgerland.com\/de\/magazin\/wp-content\/uploads\/2017\/08\/IMG_0936.jpg","contentUrl":"https:\/\/www.salzburgerland.com\/de\/magazin\/wp-content\/uploads\/2017\/08\/IMG_0936.jpg","width":1600,"height":1067,"caption":"Ein Glas mit eingelegtem gelbem K\u00fcrbis, Zucchini und roten Zwiebelscheiben auf einem Holztisch, daneben Kr\u00e4uter und Gew\u00fcrze."},{"@type":"BreadcrumbList","@id":"https:\/\/www.salzburgerland.com\/de\/magazin\/wir-packen-den-sommer-ins-glas\/#breadcrumb","itemListElement":[{"@type":"ListItem","position":1,"name":"Startseite","item":"https:\/\/www.salzburgerland.com\/de\/magazin\/"},{"@type":"ListItem","position":2,"name":"Essen &amp; Trinken","item":"https:\/\/www.salzburgerland.com\/de\/magazin\/thema\/essen-trinken\/"},{"@type":"ListItem","position":3,"name":"Wir packen den Sommer ins Glas!"}]},{"@type":"WebSite","@id":"https:\/\/www.salzburgerland.com\/de\/magazin\/#website","url":"https:\/\/www.salzburgerland.com\/de\/magazin\/","name":"SalzburgerLand Magazin","description":"Geschichten und Interessantes aus dem SalzburgerLand","publisher":{"@id":"https:\/\/www.salzburgerland.com\/de\/magazin\/#organization"},"potentialAction":[{"@type":"SearchAction","target":{"@type":"EntryPoint","urlTemplate":"https:\/\/www.salzburgerland.com\/de\/magazin\/?s={search_term_string}"},"query-input":{"@type":"PropertyValueSpecification","valueRequired":true,"valueName":"search_term_string"}}],"inLanguage":"de"},{"@type":"Organization","@id":"https:\/\/www.salzburgerland.com\/de\/magazin\/#organization","name":"SalzburgerLand Tourismus","url":"https:\/\/www.salzburgerland.com\/de\/magazin\/","logo":{"@type":"ImageObject","inLanguage":"de","@id":"https:\/\/www.salzburgerland.com\/de\/magazin\/#\/schema\/logo\/image\/","url":"https:\/\/www.salzburgerland.com\/de\/magazin\/wp-content\/uploads\/2019\/06\/salzburgerland-logo1.jpg","contentUrl":"https:\/\/www.salzburgerland.com\/de\/magazin\/wp-content\/uploads\/2019\/06\/salzburgerland-logo1.jpg","width":2011,"height":866,"caption":"SalzburgerLand Tourismus"},"image":{"@id":"https:\/\/www.salzburgerland.com\/de\/magazin\/#\/schema\/logo\/image\/"},"sameAs":["https:\/\/www.facebook.com\/salzburgerland\/","https:\/\/x.com\/Salzburgerland","https:\/\/www.instagram.com\/salzburgerland\/","https:\/\/at.linkedin.com\/company\/salzburgerland-tourismus-gmbh","https:\/\/www.pinterest.at\/salzburgerland\/","https:\/\/www.youtube.com\/user\/salzburgerland","https:\/\/de.wikipedia.org\/wiki\/SalzburgerLand_Tourismus_GmbH"]},{"@type":"Person","@id":"https:\/\/www.salzburgerland.com\/de\/magazin\/#\/schema\/person\/b4c7972a94a135bc63fe8c2dd626a26e","name":"Anke Eder","description":"Anke Eder hat in Salzburg Kommunikationswissenschaft studiert, lebt mit ihrer Familie im wundersch\u00f6nen Salzburger Flachgau und arbeitet als freiberufliche Autorin f\u00fcr das SalzburgerLand Magazin. Ihre Leidenschaft sind selbst gemachte Gerichte mit besten Zutaten aus der Region oder dem eigenen Garten. Als diplomierte Ern\u00e4hrungstrainerin, diplomierte Kr\u00e4uterp\u00e4dagogin und TEH-Praktikerin wei\u00df sie um die Vorz\u00fcge von selbst gemachten Gerichten, schreibt dar\u00fcber und fotografiert was sie f\u00fcr ihre Familie kocht. In ihrer Freizeit ist Anke am liebsten in den Bergen unterwegs - mit dem Rennrad oder den Wanderschuhen. F\u00fcr das SalzburgerLand Magazin entdeckt sie die sch\u00f6nsten Spots in Salzburgs.\u00a0","url":"https:\/\/www.salzburgerland.com\/de\/magazin\/author\/anke-eder\/"}]}},"_wl_alt_label":[],"wl:entity_url":"http:\/\/open.salzburgerland.com\/magazin\/post\/wir_packen_den_sommer_ins_glas","_links":{"self":[{"href":"https:\/\/www.salzburgerland.com\/de\/magazin\/wp-json\/wp\/v2\/posts\/117648","targetHints":{"allow":["GET"]}}],"collection":[{"href":"https:\/\/www.salzburgerland.com\/de\/magazin\/wp-json\/wp\/v2\/posts"}],"about":[{"href":"https:\/\/www.salzburgerland.com\/de\/magazin\/wp-json\/wp\/v2\/types\/post"}],"author":[{"embeddable":true,"href":"https:\/\/www.salzburgerland.com\/de\/magazin\/wp-json\/wp\/v2\/users\/533"}],"replies":[{"embeddable":true,"href":"https:\/\/www.salzburgerland.com\/de\/magazin\/wp-json\/wp\/v2\/comments?post=117648"}],"version-history":[{"count":1,"href":"https:\/\/www.salzburgerland.com\/de\/magazin\/wp-json\/wp\/v2\/posts\/117648\/revisions"}],"predecessor-version":[{"id":146036,"href":"https:\/\/www.salzburgerland.com\/de\/magazin\/wp-json\/wp\/v2\/posts\/117648\/revisions\/146036"}],"wp:featuredmedia":[{"embeddable":true,"href":"https:\/\/www.salzburgerland.com\/de\/magazin\/wp-json\/wp\/v2\/media\/117657"}],"wp:attachment":[{"href":"https:\/\/www.salzburgerland.com\/de\/magazin\/wp-json\/wp\/v2\/media?parent=117648"}],"wp:term":[{"taxonomy":"category","embeddable":true,"href":"https:\/\/www.salzburgerland.com\/de\/magazin\/wp-json\/wp\/v2\/categories?post=117648"},{"taxonomy":"post_tag","embeddable":true,"href":"https:\/\/www.salzburgerland.com\/de\/magazin\/wp-json\/wp\/v2\/tags?post=117648"},{"taxonomy":"wl_entity_type","embeddable":true,"href":"https:\/\/www.salzburgerland.com\/de\/magazin\/wp-json\/wp\/v2\/wl_entity_type?post=117648"},{"taxonomy":"monatsauswahl","embeddable":true,"href":"https:\/\/www.salzburgerland.com\/de\/magazin\/wp-json\/wp\/v2\/monatsauswahl?post=117648"}],"curies":[{"name":"wp","href":"https:\/\/api.w.org\/{rel}","templated":true}]}}