{"id":117196,"date":"2017-08-08T08:00:30","date_gmt":"2017-08-08T06:00:30","guid":{"rendered":"https:\/\/www.salzburgerland.com\/de\/magazin\/?p=117196"},"modified":"2022-06-28T15:24:54","modified_gmt":"2022-06-28T13:24:54","slug":"kulinarische-3-berge-tour-mit-dem-e-bike","status":"publish","type":"post","link":"https:\/\/www.salzburgerland.com\/de\/magazin\/kulinarische-3-berge-tour-mit-dem-e-bike\/","title":{"rendered":"Kulinarische 3-Berge Tour"},"content":{"rendered":"\n<h2 class=\"wp-block-slt-subtitle\">Mit dem E-Bike unterwegs in Altenmarkt-Zauchensee<\/h2>\n\n\n\n<p class=\"wp-block-slt-intro\">Sich k\u00f6rperlich bet\u00e4tigen und gleichzeitig die Vielfalt der Pongauer Gaumenfreuden genie\u00dfen. Der Tourismusverband Altenmarkt-Zauchensee bringt beides in Einklang und bietet ein reizvolles Angebot f\u00fcr sportlich und kulinarisch Interessierte zugleich.<\/p>\n\n\n\n<p>Wer kennt ihn nicht, den Moment des ersten Bissens nach einem k\u00f6rperlich anstrengenden Ausflug, der einen kurz die Augen schlie\u00dfen und einfach nur genie\u00dfen l\u00e4sst? Teilnehmer der &#8222;<a href=\"https:\/\/www.altenmarkt-zauchensee.at\/de\/veranstaltung\/altenmarkt-zauchensee-3bergetour-gefuehrter-genuss-auf-2-raedern.html\" target=\"_blank\" rel=\"noreferrer noopener\">Kulinarischen 3 Berge.Tour mit E-Bike<\/a>&#8220; in Altenmarkt-Zauchensee genie\u00dfen dieses Gef\u00fchl gleich in dreierlei Ausf\u00fchrung. Unterst\u00fctzt vom kraftvollen Elektromotor bietet die 800-H\u00f6henmeter Tour herrliche Einblicke sowohl in die r\u00e4umliche als auch kulinarische Landschaft der Gemeinde Altenmarkt im Salzburger Pongau und ist&nbsp;auch f\u00fcr Mountainbike-Anf\u00e4nger geeignet.<\/p>\n\n\n<div class=\"mag-gallery\"><div class=\"row\"><div class=\"col-6 col-sm-4\"><figure><a class=\"thumb-container\" href=\"https:\/\/www.salzburgerland.com\/de\/magazin\/wp-content\/uploads\/2017\/08\/P2000192-1280x1024.jpg\">\t<picture><source media=\"(min-width: 576px)\" srcset=\"https:\/\/www.salzburgerland.com\/de\/magazin\/wp-content\/uploads\/2017\/08\/P2000192-325x209.jpg 325w, https:\/\/www.salzburgerland.com\/de\/magazin\/wp-content\/uploads\/2017\/08\/P2000192-249x160.jpg 249w\"><\/source><source media=\"(min-width: 0)\" srcset=\"https:\/\/www.salzburgerland.com\/de\/magazin\/wp-content\/uploads\/2017\/08\/P2000192-249x160.jpg 249w, https:\/\/www.salzburgerland.com\/de\/magazin\/wp-content\/uploads\/2017\/08\/P2000192-325x209.jpg 325w\"><\/source><img decoding=\"async\" alt=\"Vier Personen fahren mit ihren Mountainbikes auf einem grasbewachsenen Weg durch eine malerische Landschaft mit H&uuml;geln und B&auml;umen.\" src=\"https:\/\/www.salzburgerland.com\/de\/magazin\/wp-content\/uploads\/2017\/08\/P2000192.jpg\">\t<\/picture><\/a><\/figure><\/div><div class=\"col-6 col-sm-4\"><figure><a class=\"thumb-container\" href=\"https:\/\/www.salzburgerland.com\/de\/magazin\/wp-content\/uploads\/2017\/08\/P2000318-1280x1024.jpg\">\t<picture><source media=\"(min-width: 576px)\" srcset=\"https:\/\/www.salzburgerland.com\/de\/magazin\/wp-content\/uploads\/2017\/08\/P2000318-325x209.jpg 325w, https:\/\/www.salzburgerland.com\/de\/magazin\/wp-content\/uploads\/2017\/08\/P2000318-249x160.jpg 249w\"><\/source><source media=\"(min-width: 0)\" srcset=\"https:\/\/www.salzburgerland.com\/de\/magazin\/wp-content\/uploads\/2017\/08\/P2000318-249x160.jpg 249w, https:\/\/www.salzburgerland.com\/de\/magazin\/wp-content\/uploads\/2017\/08\/P2000318-325x209.jpg 325w\"><\/source><img decoding=\"async\" alt=\"F&uuml;nf Personen sitzen an einem Tisch im Freien auf einer Bergterrasse, unterhalten sich und genie&szlig;en ihre Getr&auml;nke unter Sonnenschirmen.\" src=\"https:\/\/www.salzburgerland.com\/de\/magazin\/wp-content\/uploads\/2017\/08\/P2000318.jpg\">\t<\/picture><\/a><\/figure><\/div><div class=\"col-6 col-sm-4\"><figure><a class=\"thumb-container\" href=\"https:\/\/www.salzburgerland.com\/de\/magazin\/wp-content\/uploads\/2017\/08\/P2000331-1280x1024.jpg\">\t<picture><source media=\"(min-width: 576px)\" srcset=\"https:\/\/www.salzburgerland.com\/de\/magazin\/wp-content\/uploads\/2017\/08\/P2000331-325x209.jpg 325w, https:\/\/www.salzburgerland.com\/de\/magazin\/wp-content\/uploads\/2017\/08\/P2000331-249x160.jpg 249w\"><\/source><source media=\"(min-width: 0)\" srcset=\"https:\/\/www.salzburgerland.com\/de\/magazin\/wp-content\/uploads\/2017\/08\/P2000331-249x160.jpg 249w, https:\/\/www.salzburgerland.com\/de\/magazin\/wp-content\/uploads\/2017\/08\/P2000331-325x209.jpg 325w\"><\/source><img decoding=\"async\" alt=\"Zwei Radfahrer halten an einem Holzzaun an, w&auml;hrend der eine auf die Berggipfel und ein &ouml;sterreichisches Dorf im Tal zeigt.\" src=\"https:\/\/www.salzburgerland.com\/de\/magazin\/wp-content\/uploads\/2017\/08\/P2000331.jpg\">\t<\/picture><\/a><\/figure><\/div><\/div><figcaption><\/figcaption><\/div>\n\n\n\n<h2 class=\"wp-block-heading\" id=\"h-schwitzgarantie-trotz-elektroantrieb\">Schwitzgarantie trotz Elektroantrieb<\/h2>\n\n\n\n<p>Einmal die Woche geht in in den Sommermonaten zu gemeinamen Radeln los.&nbsp; Vorher kann man sich beim \u00f6rtlichen Sporth\u00e4ndler ein topmodernes E-Mountainbike samt Helm ausleihen. Nach kurzer Erkl\u00e4rung der Funktionen bekommt man schnell ein Gef\u00fchl f\u00fcr das Hightech-Ger\u00e4t. Die 4-stufige Kraftverst\u00e4rkung des Elektromotors vom Eco- bis zum Turbo-Modus erm\u00f6glicht eine mehr oder weniger starke Unterst\u00fctzung der eigenen Muskelkraft. W\u00e4hrend beim Eco-Modus der eigene Energieaufwand deutlich zu \u00fcberwiegen scheint, fliegt man mit dem Turbo f\u00f6rmlich den Berg hinauf. Ohne Treten bleibt der Antrieb jedoch aus und so bleibt das komfortable Fortbewegungsmittel dennoch ein schwei\u00dftreibendes Sportger\u00e4t.<\/p>\n\n\n\n<h2 class=\"wp-block-heading\" id=\"h-vom-alpen-sushi-bis-zur-krauter-forelle\">Vom Alpen-Sushi bis zur Kr\u00e4uter-Forelle <\/h2>\n\n\n\n<div class=\"wp-block-image\"><figure class=\"aligncenter size-full\"><a href=\"https:\/\/www.salzburgerland.com\/de\/magazin\/wp-content\/uploads\/2017\/08\/P2000140-copy.jpg\"><img loading=\"lazy\" decoding=\"async\" width=\"1600\" height=\"1200\" src=\"https:\/\/www.salzburgerland.com\/de\/magazin\/wp-content\/uploads\/2017\/08\/P2000140-copy.jpg\" alt=\"Vier Personen sitzen mit Getr\u00e4nken an einem Tisch im Freien, im Hintergrund sind Berge und ein Tal zu sehen.\" class=\"wp-image-117197\" srcset=\"https:\/\/www.salzburgerland.com\/de\/magazin\/wp-content\/uploads\/2017\/08\/P2000140-copy.jpg 1600w, https:\/\/www.salzburgerland.com\/de\/magazin\/wp-content\/uploads\/2017\/08\/P2000140-copy-300x225.jpg 300w, https:\/\/www.salzburgerland.com\/de\/magazin\/wp-content\/uploads\/2017\/08\/P2000140-copy-733x550.jpg 733w, https:\/\/www.salzburgerland.com\/de\/magazin\/wp-content\/uploads\/2017\/08\/P2000140-copy-140x105.jpg 140w, https:\/\/www.salzburgerland.com\/de\/magazin\/wp-content\/uploads\/2017\/08\/P2000140-copy-533x400.jpg 533w, https:\/\/www.salzburgerland.com\/de\/magazin\/wp-content\/uploads\/2017\/08\/P2000140-copy-960x720.jpg 960w, https:\/\/www.salzburgerland.com\/de\/magazin\/wp-content\/uploads\/2017\/08\/P2000140-copy-1320x990.jpg 1320w, https:\/\/www.salzburgerland.com\/de\/magazin\/wp-content\/uploads\/2017\/08\/P2000140-copy-1200x900.jpg 1200w\" sizes=\"auto, (max-width: 1600px) 100vw, 1600px\" \/><\/a><\/figure><\/div>\n\n\n\n<p>Der gleichsam sportlich, kulinarisch und geschichtlich betuchte Tourguide Kurt Eichinger f\u00fchrt den Ausflug, in der Gruppe angepasstem Tempo, an. Unterwegs werden immer wieder Stopps eingelegt, die umliegende Bergwelt erkl\u00e4rt und spannende Anekdoten aus dem erfahrungsreichen Leben des Hobby-Winzers zum Besten gegeben.&nbsp;<\/p>\n\n\n\n<p>Am Ende jedes Anstiegs erwarten uns ein malerischer Berggasthof und eine reservierte Tafel mit Traum-Aussicht. Den Anfang macht das <a rel=\"noopener noreferrer\" href=\"http:\/\/www.winterbauer.at\/wiazhaus\/\" target=\"_blank\">Wia z&#8217;haus Winterbauer<\/a>, wo man bei Dachstein-Blick neben <strong>Annaberger Wurzelkr\u00e4uterspeck mit Bio-Gartenschnittlauchtopfen und Liebst\u00f6ckel-Salbeibutter<\/strong> auch in den Genuss eines St\u00fccks&nbsp;<strong>Alpenkr\u00e4uter-Sushi und B\u00e4rlauch-Chimichurri<\/strong>&nbsp;ger\u00e4t. Dazu gibt es neben einem Glas Aronia- oder Bergapfelsaft auch einen Bio-Cola-Kraut-Shot.<\/p>\n\n\n\n<p>Nach der ersten Mahlzeit sausen die Biker \u00fcber Wiesen und Asphalt talabw\u00e4rts. Mutige k\u00f6nnen im Rausch der Geschwindigkeit den Bremshebel schon mal eine Zeit lang au\u00dfer Acht lassen. Nach Durchradeln des Ennstals f\u00fchrt uns der zweite Anstieg auf der gegen\u00fcberliegenden Talseite wochenweise abwechselnd zur <a href=\"http:\/\/www.ferienbauernhof.at\/\" target=\"_blank\" rel=\"noopener noreferrer\">Jausenstation Habersatt<\/a>&nbsp;oder zur <a href=\"http:\/\/www.reitlehenalm.at\/home.html\" target=\"_blank\" rel=\"noopener noreferrer\">Reitlehenalm<\/a>, wo mit einer schmackhaften&nbsp;<strong>Kr\u00e4uter-Almforelle mit Biokartoffeln und Blattsalat<\/strong>&nbsp;die Hauptspeise der 3-Berge Tour wartet. Dazu empfiehlt Tourguide Kurt den selbstgemachten Holundersaft.&nbsp;<\/p>\n\n\n\n<h2 class=\"wp-block-heading\" id=\"h-zum-abschluss-noch-etwas-susses\">Zum Abschluss noch etwas S\u00fc\u00dfes<\/h2>\n\n\n\n<p>Nach einer erneut rasanten Bergabfahrt, die einem schon mal einen Juchitzer entkommen l\u00e4sst, durchquert man den Ortskern von Altenmarkt, um am anderen Dorfende zum Schlussanstieg anzusetzen. Wer noch gen\u00fcgend Saft auf der Akku-Anzeige hat, kann hier ruhig einmal den Turbo-Modus anwerfen. Im <a href=\"http:\/\/www.berggasthof-bliembauer.at\/\" target=\"_blank\" rel=\"noopener noreferrer\">Berggasthof Bliembauer<\/a> runden <strong>Preiselbeer-Palatschinken oder Schwarzbeernocken<\/strong> mit wahlweise <strong>Kaffee<\/strong> oder einem <strong>Glas frischer Bergbauernmilch<\/strong> eine in allen Belangen genussreiche 3-Berge Tour ab. Die abschlie\u00dfende Abfahrt f\u00fchrt zur\u00fcck zum Ausgangspunkt.<\/p>\n\n\n\n<h3 class=\"wp-block-heading\" id=\"h-informationen\">Informationen:<\/h3>\n\n\n\n<p>Angebotszeitraum: Anfang Juni bis Ende September\u00a0<br>Reine Fahrzeit: ca. 2 Std., H\u00f6henmeter: ca. 800<br>Mitzunehmen: Festes Schuhwerk und evtl. Regenschutz<\/p>\n\n\n\n<p><strong>Kontakt &amp; Anmeldung:<\/strong><br>Altenmarkt-Zauchensee Tourismus\/Information<br>Tel +43 6452 55 11<br><a href=\"mailto:info@altenmarkt-zauchensee.at\" target=\"_blank\" rel=\"noreferrer noopener\">info@altenmarkt-zauchensee.at<\/a><br><a href=\"http:\/\/www.altenmarkt-zauchensee.at\/\" target=\"_blank\" rel=\"noopener noreferrer\">www.altenmarkt-zauchensee.at<\/a><\/p>\n\n\n<div class=\"mag-gallery\"><div class=\"row\"><div class=\"col-6 col-sm-4\"><figure><a class=\"thumb-container\" href=\"https:\/\/www.salzburgerland.com\/de\/magazin\/wp-content\/uploads\/2017\/08\/P2000286-1280x1024.jpg\">\t<picture><source media=\"(min-width: 576px)\" srcset=\"https:\/\/www.salzburgerland.com\/de\/magazin\/wp-content\/uploads\/2017\/08\/P2000286-325x209.jpg 325w, https:\/\/www.salzburgerland.com\/de\/magazin\/wp-content\/uploads\/2017\/08\/P2000286-249x160.jpg 249w\"><\/source><source media=\"(min-width: 0)\" srcset=\"https:\/\/www.salzburgerland.com\/de\/magazin\/wp-content\/uploads\/2017\/08\/P2000286-249x160.jpg 249w, https:\/\/www.salzburgerland.com\/de\/magazin\/wp-content\/uploads\/2017\/08\/P2000286-325x209.jpg 325w\"><\/source><img decoding=\"async\" alt=\"Zwei Radfahrer fahren auf einer sonnigen Bergstra&szlig;e, mit malerischen H&uuml;geln und einem Dorf im Hintergrund.\" src=\"https:\/\/www.salzburgerland.com\/de\/magazin\/wp-content\/uploads\/2017\/08\/P2000286.jpg\">\t<\/picture><\/a><\/figure><\/div><div class=\"col-6 col-sm-4\"><figure><a class=\"thumb-container\" href=\"https:\/\/www.salzburgerland.com\/de\/magazin\/wp-content\/uploads\/2017\/08\/P2000301-1280x1024.jpg\">\t<picture><source media=\"(min-width: 576px)\" srcset=\"https:\/\/www.salzburgerland.com\/de\/magazin\/wp-content\/uploads\/2017\/08\/P2000301-325x209.jpg 325w, https:\/\/www.salzburgerland.com\/de\/magazin\/wp-content\/uploads\/2017\/08\/P2000301-249x160.jpg 249w\"><\/source><source media=\"(min-width: 0)\" srcset=\"https:\/\/www.salzburgerland.com\/de\/magazin\/wp-content\/uploads\/2017\/08\/P2000301-249x160.jpg 249w, https:\/\/www.salzburgerland.com\/de\/magazin\/wp-content\/uploads\/2017\/08\/P2000301-325x209.jpg 325w\"><\/source><img decoding=\"async\" alt=\"Vier Personen in Fahrradkleidung essen Fisch, Kartoffeln und Salat an einem Holztisch im Freien.\" src=\"https:\/\/www.salzburgerland.com\/de\/magazin\/wp-content\/uploads\/2017\/08\/P2000301.jpg\">\t<\/picture><\/a><\/figure><\/div><div class=\"col-6 col-sm-4\"><figure><a class=\"thumb-container\" href=\"https:\/\/www.salzburgerland.com\/de\/magazin\/wp-content\/uploads\/2017\/08\/P2000172-1280x1024.jpg\">\t<picture><source media=\"(min-width: 576px)\" srcset=\"https:\/\/www.salzburgerland.com\/de\/magazin\/wp-content\/uploads\/2017\/08\/P2000172-325x209.jpg 325w, https:\/\/www.salzburgerland.com\/de\/magazin\/wp-content\/uploads\/2017\/08\/P2000172-249x160.jpg 249w\"><\/source><source media=\"(min-width: 0)\" srcset=\"https:\/\/www.salzburgerland.com\/de\/magazin\/wp-content\/uploads\/2017\/08\/P2000172-249x160.jpg 249w, https:\/\/www.salzburgerland.com\/de\/magazin\/wp-content\/uploads\/2017\/08\/P2000172-325x209.jpg 325w\"><\/source><img decoding=\"async\" alt=\"F&uuml;nf Radfahrer in Montur stehen mit ihren Fahrr&auml;dern vor einem Geb&auml;ude mit Blumenk&auml;sten im Chalet-Stil.\" src=\"https:\/\/www.salzburgerland.com\/de\/magazin\/wp-content\/uploads\/2017\/08\/P2000172.jpg\">\t<\/picture><\/a><\/figure><\/div><div class=\"col-6 col-sm-4\"><figure><a class=\"thumb-container\" href=\"https:\/\/www.salzburgerland.com\/de\/magazin\/wp-content\/uploads\/2017\/08\/P2000200-1280x1024.jpg\">\t<picture><source media=\"(min-width: 576px)\" srcset=\"https:\/\/www.salzburgerland.com\/de\/magazin\/wp-content\/uploads\/2017\/08\/P2000200-325x209.jpg 325w, https:\/\/www.salzburgerland.com\/de\/magazin\/wp-content\/uploads\/2017\/08\/P2000200-249x160.jpg 249w\"><\/source><source media=\"(min-width: 0)\" srcset=\"https:\/\/www.salzburgerland.com\/de\/magazin\/wp-content\/uploads\/2017\/08\/P2000200-249x160.jpg 249w, https:\/\/www.salzburgerland.com\/de\/magazin\/wp-content\/uploads\/2017\/08\/P2000200-325x209.jpg 325w\"><\/source><img decoding=\"async\" alt=\"Zwei Radfahrer halten auf einer Landstra&szlig;e an und bewundern gr&uuml;ne H&uuml;gel und ferne Berge unter einem sonnigen Himmel.\" src=\"https:\/\/www.salzburgerland.com\/de\/magazin\/wp-content\/uploads\/2017\/08\/P2000200.jpg\">\t<\/picture><\/a><\/figure><\/div><div class=\"col-6 col-sm-4\"><figure><a class=\"thumb-container\" href=\"https:\/\/www.salzburgerland.com\/de\/magazin\/wp-content\/uploads\/2017\/08\/P2000457-1280x1024.jpg\">\t<picture><source media=\"(min-width: 576px)\" srcset=\"https:\/\/www.salzburgerland.com\/de\/magazin\/wp-content\/uploads\/2017\/08\/P2000457-325x209.jpg 325w, https:\/\/www.salzburgerland.com\/de\/magazin\/wp-content\/uploads\/2017\/08\/P2000457-249x160.jpg 249w\"><\/source><source media=\"(min-width: 0)\" srcset=\"https:\/\/www.salzburgerland.com\/de\/magazin\/wp-content\/uploads\/2017\/08\/P2000457-249x160.jpg 249w, https:\/\/www.salzburgerland.com\/de\/magazin\/wp-content\/uploads\/2017\/08\/P2000457-325x209.jpg 325w\"><\/source><img decoding=\"async\" alt=\"Zwei Personen fahren mit dem Fahrrad auf einer Kopfsteinpflasterstra&szlig;e vorbei an einem Caf&eacute; und einem Restaurant in einer sonnigen europ&auml;ischen Stadt.\" src=\"https:\/\/www.salzburgerland.com\/de\/magazin\/wp-content\/uploads\/2017\/08\/P2000457.jpg\">\t<\/picture><\/a><\/figure><\/div><div class=\"col-6 col-sm-4\"><figure><a class=\"thumb-container\" href=\"https:\/\/www.salzburgerland.com\/de\/magazin\/wp-content\/uploads\/2017\/08\/P2000377-1280x1024.jpg\">\t<picture><source media=\"(min-width: 576px)\" srcset=\"https:\/\/www.salzburgerland.com\/de\/magazin\/wp-content\/uploads\/2017\/08\/P2000377-325x209.jpg 325w, https:\/\/www.salzburgerland.com\/de\/magazin\/wp-content\/uploads\/2017\/08\/P2000377-249x160.jpg 249w\"><\/source><source media=\"(min-width: 0)\" srcset=\"https:\/\/www.salzburgerland.com\/de\/magazin\/wp-content\/uploads\/2017\/08\/P2000377-249x160.jpg 249w, https:\/\/www.salzburgerland.com\/de\/magazin\/wp-content\/uploads\/2017\/08\/P2000377-325x209.jpg 325w\"><\/source><img decoding=\"async\" alt=\"Person in einem rosa Hemd, die sich an einem sonnigen Tag im Freien aus einem Holztrog Wasser ins Gesicht spritzt.\" src=\"https:\/\/www.salzburgerland.com\/de\/magazin\/wp-content\/uploads\/2017\/08\/P2000377.jpg\">\t<\/picture><\/a><\/figure><\/div><div class=\"col-6 col-sm-4\"><figure><a class=\"thumb-container\" href=\"https:\/\/www.salzburgerland.com\/de\/magazin\/wp-content\/uploads\/2017\/08\/P2000126-copy-1280x1024.jpg\">\t<picture><source media=\"(min-width: 576px)\" srcset=\"https:\/\/www.salzburgerland.com\/de\/magazin\/wp-content\/uploads\/2017\/08\/P2000126-copy-325x209.jpg 325w, https:\/\/www.salzburgerland.com\/de\/magazin\/wp-content\/uploads\/2017\/08\/P2000126-copy-249x160.jpg 249w\"><\/source><source media=\"(min-width: 0)\" srcset=\"https:\/\/www.salzburgerland.com\/de\/magazin\/wp-content\/uploads\/2017\/08\/P2000126-copy-249x160.jpg 249w, https:\/\/www.salzburgerland.com\/de\/magazin\/wp-content\/uploads\/2017\/08\/P2000126-copy-325x209.jpg 325w\"><\/source><img decoding=\"async\" alt=\"Zwei Radfahrer fahren auf einer Bergstra&szlig;e mit malerischen gr&uuml;nen H&uuml;geln und einem Tal im Hintergrund unter blauem Himmel.\" src=\"https:\/\/www.salzburgerland.com\/de\/magazin\/wp-content\/uploads\/2017\/08\/P2000126-copy.jpg\">\t<\/picture><\/a><\/figure><\/div><div class=\"col-6 col-sm-4\"><figure><a class=\"thumb-container\" href=\"https:\/\/www.salzburgerland.com\/de\/magazin\/wp-content\/uploads\/2017\/08\/P2000101-copy-1280x1024.jpg\">\t<picture><source media=\"(min-width: 576px)\" srcset=\"https:\/\/www.salzburgerland.com\/de\/magazin\/wp-content\/uploads\/2017\/08\/P2000101-copy-325x209.jpg 325w, https:\/\/www.salzburgerland.com\/de\/magazin\/wp-content\/uploads\/2017\/08\/P2000101-copy-249x160.jpg 249w\"><\/source><source media=\"(min-width: 0)\" srcset=\"https:\/\/www.salzburgerland.com\/de\/magazin\/wp-content\/uploads\/2017\/08\/P2000101-copy-249x160.jpg 249w, https:\/\/www.salzburgerland.com\/de\/magazin\/wp-content\/uploads\/2017\/08\/P2000101-copy-325x209.jpg 325w\"><\/source><img decoding=\"async\" alt=\"Drei Radfahrer fahren auf einem gepflasterten Weg durch eine malerische, bergige Landschaft unter einem strahlend blauen Himmel.\" src=\"https:\/\/www.salzburgerland.com\/de\/magazin\/wp-content\/uploads\/2017\/08\/P2000101-copy.jpg\">\t<\/picture><\/a><\/figure><\/div><div class=\"col-6 col-sm-4\"><figure><a class=\"thumb-container\" href=\"https:\/\/www.salzburgerland.com\/de\/magazin\/wp-content\/uploads\/2017\/08\/P2000150-copy-1280x1024.jpg\">\t<picture><source media=\"(min-width: 576px)\" srcset=\"https:\/\/www.salzburgerland.com\/de\/magazin\/wp-content\/uploads\/2017\/08\/P2000150-copy-325x209.jpg 325w, https:\/\/www.salzburgerland.com\/de\/magazin\/wp-content\/uploads\/2017\/08\/P2000150-copy-249x160.jpg 249w\"><\/source><source media=\"(min-width: 0)\" srcset=\"https:\/\/www.salzburgerland.com\/de\/magazin\/wp-content\/uploads\/2017\/08\/P2000150-copy-249x160.jpg 249w, https:\/\/www.salzburgerland.com\/de\/magazin\/wp-content\/uploads\/2017\/08\/P2000150-copy-325x209.jpg 325w\"><\/source><img decoding=\"async\" alt=\"Eine Platte mit Wurstwaren auf einer Steinplatte, mit zwei Personen und einem Glas Rotwein im Hintergrund.\" src=\"https:\/\/www.salzburgerland.com\/de\/magazin\/wp-content\/uploads\/2017\/08\/P2000150-copy.jpg\">\t<\/picture><\/a><\/figure><\/div><\/div><figcaption><\/figcaption><\/div>\n\n\n\n<p>Fotos&nbsp;\u00a9 Lukas Uitz<\/p>\n","protected":false},"excerpt":{"rendered":"<p>Wer kennt ihn nicht, den Moment des ersten Bissens nach einem k\u00f6rperlich anstrengenden Ausflug, der einen kurz die Augen schlie\u00dfen und einfach nur genie\u00dfen l\u00e4sst? Teilnehmer der &#8222;Kulinarischen 3 Berge.Tour mit E-Bike&#8220; in Altenmarkt-Zauchensee genie\u00dfen dieses Gef\u00fchl gleich in dreierlei Ausf\u00fchrung. Unterst\u00fctzt vom kraftvollen Elektromotor bietet die 800-H\u00f6henmeter Tour herrliche Einblicke sowohl in die r\u00e4umliche [&hellip;]<\/p>\n","protected":false},"author":544,"featured_media":117211,"comment_status":"open","ping_status":"open","sticky":false,"template":"","format":"standard","meta":{"_acf_changed":false,"wl_entities_gutenberg":"","_wl_entity_redirect_enabled":"","footnotes":""},"categories":[8],"tags":[],"wl_entity_type":[306],"monatsauswahl":[88,89,90,91],"class_list":["post-117196","post","type-post","status-publish","format-standard","has-post-thumbnail","hentry","category-outdoor-sport","wl_entity_type-article","monatsauswahl-monat_7","monatsauswahl-monat_8","monatsauswahl-monat_9","monatsauswahl-monat_10"],"acf":[],"yoast_head":"<!-- This site is optimized with the Yoast SEO Premium plugin v27.4 (Yoast SEO v27.4) - https:\/\/yoast.com\/product\/yoast-seo-premium-wordpress\/ -->\n<title>Kulinarische 3-Berge Tour - SalzburgerLand Magazin<\/title>\n<meta name=\"description\" content=\"Sich k\u00f6rperlich bet\u00e4tigen und gleichzeitig die Vielfalt der Pongauer Gaumenfreuden genie\u00dfen. Der Tourismusverband Altenmarkt-Zauchensee bringt beides in Einklang und bietet ein reizvolles Angebot f\u00fcr sportlich und kulinarisch Interessierte zugleich.\" \/>\n<meta name=\"robots\" content=\"index, follow, max-snippet:-1, max-image-preview:large, max-video-preview:-1\" \/>\n<link rel=\"canonical\" href=\"https:\/\/www.salzburgerland.com\/de\/magazin\/kulinarische-3-berge-tour-mit-dem-e-bike\/\" \/>\n<meta property=\"og:locale\" content=\"de_DE\" \/>\n<meta property=\"og:type\" content=\"article\" \/>\n<meta property=\"og:title\" content=\"Kulinarische 3-Berge Tour\" \/>\n<meta property=\"og:description\" content=\"Wer kennt ihn nicht, den Moment des ersten Bissens nach einem k\u00f6rperlich anstrengenden Ausflug, der einen kurz die Augen schlie\u00dfen und einfach nur genie\u00dfen l\u00e4sst? Teilnehmer der &#8222;Kulinarischen 3 Berge.Tour mit E-Bike&#8220; in Altenmarkt-Zauchensee genie\u00dfen dieses Gef\u00fchl gleich in dreierlei Ausf\u00fchrung. Unterst\u00fctzt vom kraftvollen Elektromotor bietet die 800-H\u00f6henmeter Tour herrliche Einblicke sowohl in die r\u00e4umliche [&hellip;]\" \/>\n<meta property=\"og:url\" content=\"https:\/\/www.salzburgerland.com\/de\/magazin\/kulinarische-3-berge-tour-mit-dem-e-bike\/\" \/>\n<meta property=\"og:site_name\" content=\"SalzburgerLand Magazin\" \/>\n<meta property=\"article:publisher\" content=\"https:\/\/www.facebook.com\/salzburgerland\/\" \/>\n<meta property=\"article:published_time\" content=\"2017-08-08T06:00:30+00:00\" \/>\n<meta property=\"article:modified_time\" content=\"2022-06-28T13:24:54+00:00\" \/>\n<meta property=\"og:image\" content=\"https:\/\/www.salzburgerland.com\/de\/magazin\/wp-content\/uploads\/2017\/08\/P2000286.jpg\" \/>\n\t<meta property=\"og:image:width\" content=\"1600\" \/>\n\t<meta property=\"og:image:height\" content=\"1200\" \/>\n\t<meta property=\"og:image:type\" content=\"image\/jpeg\" \/>\n<meta name=\"author\" content=\"G\u00fcnter Baumgartner\" \/>\n<meta name=\"twitter:card\" content=\"summary_large_image\" \/>\n<meta name=\"twitter:creator\" content=\"@Salzburgerland\" \/>\n<meta name=\"twitter:site\" content=\"@Salzburgerland\" \/>\n<meta name=\"twitter:label1\" content=\"Verfasst von\" \/>\n\t<meta name=\"twitter:data1\" content=\"G\u00fcnter Baumgartner\" \/>\n\t<meta name=\"twitter:label2\" content=\"Gesch\u00e4tzte Lesezeit\" \/>\n\t<meta name=\"twitter:data2\" content=\"6\u00a0Minuten\" \/>\n<script type=\"application\/ld+json\" class=\"yoast-schema-graph\">{\"@context\":\"https:\\\/\\\/schema.org\",\"@graph\":[{\"@type\":\"Article\",\"@id\":\"https:\\\/\\\/www.salzburgerland.com\\\/de\\\/magazin\\\/kulinarische-3-berge-tour-mit-dem-e-bike\\\/#article\",\"isPartOf\":{\"@id\":\"https:\\\/\\\/www.salzburgerland.com\\\/de\\\/magazin\\\/kulinarische-3-berge-tour-mit-dem-e-bike\\\/\"},\"author\":{\"name\":\"G\u00fcnter Baumgartner\",\"@id\":\"https:\\\/\\\/www.salzburgerland.com\\\/de\\\/magazin\\\/#\\\/schema\\\/person\\\/2e0abbe9392136e19ff0d5c5721aea87\"},\"headline\":\"Kulinarische 3-Berge Tour\",\"datePublished\":\"2017-08-08T06:00:30+00:00\",\"dateModified\":\"2022-06-28T13:24:54+00:00\",\"mainEntityOfPage\":{\"@id\":\"https:\\\/\\\/www.salzburgerland.com\\\/de\\\/magazin\\\/kulinarische-3-berge-tour-mit-dem-e-bike\\\/\"},\"wordCount\":549,\"commentCount\":0,\"publisher\":{\"@id\":\"https:\\\/\\\/www.salzburgerland.com\\\/de\\\/magazin\\\/#organization\"},\"image\":{\"@id\":\"https:\\\/\\\/www.salzburgerland.com\\\/de\\\/magazin\\\/kulinarische-3-berge-tour-mit-dem-e-bike\\\/#primaryimage\"},\"thumbnailUrl\":\"https:\\\/\\\/www.salzburgerland.com\\\/de\\\/magazin\\\/wp-content\\\/uploads\\\/2017\\\/08\\\/P2000286.jpg\",\"articleSection\":[\"Outdoor &amp; Sport\"],\"inLanguage\":\"de\",\"potentialAction\":[{\"@type\":\"CommentAction\",\"name\":\"Comment\",\"target\":[\"https:\\\/\\\/www.salzburgerland.com\\\/de\\\/magazin\\\/kulinarische-3-berge-tour-mit-dem-e-bike\\\/#respond\"]}]},{\"@type\":\"WebPage\",\"@id\":\"https:\\\/\\\/www.salzburgerland.com\\\/de\\\/magazin\\\/kulinarische-3-berge-tour-mit-dem-e-bike\\\/\",\"url\":\"https:\\\/\\\/www.salzburgerland.com\\\/de\\\/magazin\\\/kulinarische-3-berge-tour-mit-dem-e-bike\\\/\",\"name\":\"Kulinarische 3-Berge Tour - SalzburgerLand Magazin\",\"isPartOf\":{\"@id\":\"https:\\\/\\\/www.salzburgerland.com\\\/de\\\/magazin\\\/#website\"},\"primaryImageOfPage\":{\"@id\":\"https:\\\/\\\/www.salzburgerland.com\\\/de\\\/magazin\\\/kulinarische-3-berge-tour-mit-dem-e-bike\\\/#primaryimage\"},\"image\":{\"@id\":\"https:\\\/\\\/www.salzburgerland.com\\\/de\\\/magazin\\\/kulinarische-3-berge-tour-mit-dem-e-bike\\\/#primaryimage\"},\"thumbnailUrl\":\"https:\\\/\\\/www.salzburgerland.com\\\/de\\\/magazin\\\/wp-content\\\/uploads\\\/2017\\\/08\\\/P2000286.jpg\",\"datePublished\":\"2017-08-08T06:00:30+00:00\",\"dateModified\":\"2022-06-28T13:24:54+00:00\",\"breadcrumb\":{\"@id\":\"https:\\\/\\\/www.salzburgerland.com\\\/de\\\/magazin\\\/kulinarische-3-berge-tour-mit-dem-e-bike\\\/#breadcrumb\"},\"inLanguage\":\"de\",\"potentialAction\":[{\"@type\":\"ReadAction\",\"target\":[\"https:\\\/\\\/www.salzburgerland.com\\\/de\\\/magazin\\\/kulinarische-3-berge-tour-mit-dem-e-bike\\\/\"]}]},{\"@type\":\"ImageObject\",\"inLanguage\":\"de\",\"@id\":\"https:\\\/\\\/www.salzburgerland.com\\\/de\\\/magazin\\\/kulinarische-3-berge-tour-mit-dem-e-bike\\\/#primaryimage\",\"url\":\"https:\\\/\\\/www.salzburgerland.com\\\/de\\\/magazin\\\/wp-content\\\/uploads\\\/2017\\\/08\\\/P2000286.jpg\",\"contentUrl\":\"https:\\\/\\\/www.salzburgerland.com\\\/de\\\/magazin\\\/wp-content\\\/uploads\\\/2017\\\/08\\\/P2000286.jpg\",\"width\":1600,\"height\":1200,\"caption\":\"Zwei Radfahrer fahren auf einer sonnigen Bergstra\u00dfe, mit malerischen H\u00fcgeln und einem Dorf im Hintergrund.\"},{\"@type\":\"BreadcrumbList\",\"@id\":\"https:\\\/\\\/www.salzburgerland.com\\\/de\\\/magazin\\\/kulinarische-3-berge-tour-mit-dem-e-bike\\\/#breadcrumb\",\"itemListElement\":[{\"@type\":\"ListItem\",\"position\":1,\"name\":\"Startseite\",\"item\":\"https:\\\/\\\/www.salzburgerland.com\\\/de\\\/magazin\\\/\"},{\"@type\":\"ListItem\",\"position\":2,\"name\":\"Outdoor &amp; Sport\",\"item\":\"https:\\\/\\\/www.salzburgerland.com\\\/de\\\/magazin\\\/thema\\\/outdoor-sport\\\/\"},{\"@type\":\"ListItem\",\"position\":3,\"name\":\"Kulinarische 3-Berge Tour\"}]},{\"@type\":\"WebSite\",\"@id\":\"https:\\\/\\\/www.salzburgerland.com\\\/de\\\/magazin\\\/#website\",\"url\":\"https:\\\/\\\/www.salzburgerland.com\\\/de\\\/magazin\\\/\",\"name\":\"SalzburgerLand Magazin\",\"description\":\"Geschichten und Interessantes aus dem SalzburgerLand\",\"publisher\":{\"@id\":\"https:\\\/\\\/www.salzburgerland.com\\\/de\\\/magazin\\\/#organization\"},\"potentialAction\":[{\"@type\":\"SearchAction\",\"target\":{\"@type\":\"EntryPoint\",\"urlTemplate\":\"https:\\\/\\\/www.salzburgerland.com\\\/de\\\/magazin\\\/?s={search_term_string}\"},\"query-input\":{\"@type\":\"PropertyValueSpecification\",\"valueRequired\":true,\"valueName\":\"search_term_string\"}}],\"inLanguage\":\"de\"},{\"@type\":\"Organization\",\"@id\":\"https:\\\/\\\/www.salzburgerland.com\\\/de\\\/magazin\\\/#organization\",\"name\":\"SalzburgerLand Tourismus\",\"url\":\"https:\\\/\\\/www.salzburgerland.com\\\/de\\\/magazin\\\/\",\"logo\":{\"@type\":\"ImageObject\",\"inLanguage\":\"de\",\"@id\":\"https:\\\/\\\/www.salzburgerland.com\\\/de\\\/magazin\\\/#\\\/schema\\\/logo\\\/image\\\/\",\"url\":\"https:\\\/\\\/www.salzburgerland.com\\\/de\\\/magazin\\\/wp-content\\\/uploads\\\/2019\\\/06\\\/salzburgerland-logo1.jpg\",\"contentUrl\":\"https:\\\/\\\/www.salzburgerland.com\\\/de\\\/magazin\\\/wp-content\\\/uploads\\\/2019\\\/06\\\/salzburgerland-logo1.jpg\",\"width\":2011,\"height\":866,\"caption\":\"SalzburgerLand Tourismus\"},\"image\":{\"@id\":\"https:\\\/\\\/www.salzburgerland.com\\\/de\\\/magazin\\\/#\\\/schema\\\/logo\\\/image\\\/\"},\"sameAs\":[\"https:\\\/\\\/www.facebook.com\\\/salzburgerland\\\/\",\"https:\\\/\\\/x.com\\\/Salzburgerland\",\"https:\\\/\\\/www.instagram.com\\\/salzburgerland\\\/\",\"https:\\\/\\\/at.linkedin.com\\\/company\\\/salzburgerland-tourismus-gmbh\",\"https:\\\/\\\/www.pinterest.at\\\/salzburgerland\\\/\",\"https:\\\/\\\/www.youtube.com\\\/user\\\/salzburgerland\",\"https:\\\/\\\/de.wikipedia.org\\\/wiki\\\/SalzburgerLand_Tourismus_GmbH\"]},{\"@type\":\"Person\",\"@id\":\"https:\\\/\\\/www.salzburgerland.com\\\/de\\\/magazin\\\/#\\\/schema\\\/person\\\/2e0abbe9392136e19ff0d5c5721aea87\",\"name\":\"G\u00fcnter Baumgartner\",\"url\":\"https:\\\/\\\/www.salzburgerland.com\\\/de\\\/magazin\\\/author\\\/guenter-baumgartner\\\/\"}]}<\/script>\n<!-- \/ Yoast SEO Premium plugin. -->","yoast_head_json":{"title":"Kulinarische 3-Berge Tour - SalzburgerLand Magazin","description":"Sich k\u00f6rperlich bet\u00e4tigen und gleichzeitig die Vielfalt der Pongauer Gaumenfreuden genie\u00dfen. Der Tourismusverband Altenmarkt-Zauchensee bringt beides in Einklang und bietet ein reizvolles Angebot f\u00fcr sportlich und kulinarisch Interessierte zugleich.","robots":{"index":"index","follow":"follow","max-snippet":"max-snippet:-1","max-image-preview":"max-image-preview:large","max-video-preview":"max-video-preview:-1"},"canonical":"https:\/\/www.salzburgerland.com\/de\/magazin\/kulinarische-3-berge-tour-mit-dem-e-bike\/","og_locale":"de_DE","og_type":"article","og_title":"Kulinarische 3-Berge Tour","og_description":"Wer kennt ihn nicht, den Moment des ersten Bissens nach einem k\u00f6rperlich anstrengenden Ausflug, der einen kurz die Augen schlie\u00dfen und einfach nur genie\u00dfen l\u00e4sst? Teilnehmer der &#8222;Kulinarischen 3 Berge.Tour mit E-Bike&#8220; in Altenmarkt-Zauchensee genie\u00dfen dieses Gef\u00fchl gleich in dreierlei Ausf\u00fchrung. Unterst\u00fctzt vom kraftvollen Elektromotor bietet die 800-H\u00f6henmeter Tour herrliche Einblicke sowohl in die r\u00e4umliche [&hellip;]","og_url":"https:\/\/www.salzburgerland.com\/de\/magazin\/kulinarische-3-berge-tour-mit-dem-e-bike\/","og_site_name":"SalzburgerLand Magazin","article_publisher":"https:\/\/www.facebook.com\/salzburgerland\/","article_published_time":"2017-08-08T06:00:30+00:00","article_modified_time":"2022-06-28T13:24:54+00:00","og_image":[{"width":1600,"height":1200,"url":"https:\/\/www.salzburgerland.com\/de\/magazin\/wp-content\/uploads\/2017\/08\/P2000286.jpg","type":"image\/jpeg"}],"author":"G\u00fcnter Baumgartner","twitter_card":"summary_large_image","twitter_creator":"@Salzburgerland","twitter_site":"@Salzburgerland","twitter_misc":{"Verfasst von":"G\u00fcnter Baumgartner","Gesch\u00e4tzte Lesezeit":"6\u00a0Minuten"},"schema":{"@context":"https:\/\/schema.org","@graph":[{"@type":"Article","@id":"https:\/\/www.salzburgerland.com\/de\/magazin\/kulinarische-3-berge-tour-mit-dem-e-bike\/#article","isPartOf":{"@id":"https:\/\/www.salzburgerland.com\/de\/magazin\/kulinarische-3-berge-tour-mit-dem-e-bike\/"},"author":{"name":"G\u00fcnter Baumgartner","@id":"https:\/\/www.salzburgerland.com\/de\/magazin\/#\/schema\/person\/2e0abbe9392136e19ff0d5c5721aea87"},"headline":"Kulinarische 3-Berge Tour","datePublished":"2017-08-08T06:00:30+00:00","dateModified":"2022-06-28T13:24:54+00:00","mainEntityOfPage":{"@id":"https:\/\/www.salzburgerland.com\/de\/magazin\/kulinarische-3-berge-tour-mit-dem-e-bike\/"},"wordCount":549,"commentCount":0,"publisher":{"@id":"https:\/\/www.salzburgerland.com\/de\/magazin\/#organization"},"image":{"@id":"https:\/\/www.salzburgerland.com\/de\/magazin\/kulinarische-3-berge-tour-mit-dem-e-bike\/#primaryimage"},"thumbnailUrl":"https:\/\/www.salzburgerland.com\/de\/magazin\/wp-content\/uploads\/2017\/08\/P2000286.jpg","articleSection":["Outdoor &amp; Sport"],"inLanguage":"de","potentialAction":[{"@type":"CommentAction","name":"Comment","target":["https:\/\/www.salzburgerland.com\/de\/magazin\/kulinarische-3-berge-tour-mit-dem-e-bike\/#respond"]}]},{"@type":"WebPage","@id":"https:\/\/www.salzburgerland.com\/de\/magazin\/kulinarische-3-berge-tour-mit-dem-e-bike\/","url":"https:\/\/www.salzburgerland.com\/de\/magazin\/kulinarische-3-berge-tour-mit-dem-e-bike\/","name":"Kulinarische 3-Berge Tour - SalzburgerLand Magazin","isPartOf":{"@id":"https:\/\/www.salzburgerland.com\/de\/magazin\/#website"},"primaryImageOfPage":{"@id":"https:\/\/www.salzburgerland.com\/de\/magazin\/kulinarische-3-berge-tour-mit-dem-e-bike\/#primaryimage"},"image":{"@id":"https:\/\/www.salzburgerland.com\/de\/magazin\/kulinarische-3-berge-tour-mit-dem-e-bike\/#primaryimage"},"thumbnailUrl":"https:\/\/www.salzburgerland.com\/de\/magazin\/wp-content\/uploads\/2017\/08\/P2000286.jpg","datePublished":"2017-08-08T06:00:30+00:00","dateModified":"2022-06-28T13:24:54+00:00","breadcrumb":{"@id":"https:\/\/www.salzburgerland.com\/de\/magazin\/kulinarische-3-berge-tour-mit-dem-e-bike\/#breadcrumb"},"inLanguage":"de","potentialAction":[{"@type":"ReadAction","target":["https:\/\/www.salzburgerland.com\/de\/magazin\/kulinarische-3-berge-tour-mit-dem-e-bike\/"]}]},{"@type":"ImageObject","inLanguage":"de","@id":"https:\/\/www.salzburgerland.com\/de\/magazin\/kulinarische-3-berge-tour-mit-dem-e-bike\/#primaryimage","url":"https:\/\/www.salzburgerland.com\/de\/magazin\/wp-content\/uploads\/2017\/08\/P2000286.jpg","contentUrl":"https:\/\/www.salzburgerland.com\/de\/magazin\/wp-content\/uploads\/2017\/08\/P2000286.jpg","width":1600,"height":1200,"caption":"Zwei Radfahrer fahren auf einer sonnigen Bergstra\u00dfe, mit malerischen H\u00fcgeln und einem Dorf im Hintergrund."},{"@type":"BreadcrumbList","@id":"https:\/\/www.salzburgerland.com\/de\/magazin\/kulinarische-3-berge-tour-mit-dem-e-bike\/#breadcrumb","itemListElement":[{"@type":"ListItem","position":1,"name":"Startseite","item":"https:\/\/www.salzburgerland.com\/de\/magazin\/"},{"@type":"ListItem","position":2,"name":"Outdoor &amp; Sport","item":"https:\/\/www.salzburgerland.com\/de\/magazin\/thema\/outdoor-sport\/"},{"@type":"ListItem","position":3,"name":"Kulinarische 3-Berge Tour"}]},{"@type":"WebSite","@id":"https:\/\/www.salzburgerland.com\/de\/magazin\/#website","url":"https:\/\/www.salzburgerland.com\/de\/magazin\/","name":"SalzburgerLand Magazin","description":"Geschichten und Interessantes aus dem SalzburgerLand","publisher":{"@id":"https:\/\/www.salzburgerland.com\/de\/magazin\/#organization"},"potentialAction":[{"@type":"SearchAction","target":{"@type":"EntryPoint","urlTemplate":"https:\/\/www.salzburgerland.com\/de\/magazin\/?s={search_term_string}"},"query-input":{"@type":"PropertyValueSpecification","valueRequired":true,"valueName":"search_term_string"}}],"inLanguage":"de"},{"@type":"Organization","@id":"https:\/\/www.salzburgerland.com\/de\/magazin\/#organization","name":"SalzburgerLand Tourismus","url":"https:\/\/www.salzburgerland.com\/de\/magazin\/","logo":{"@type":"ImageObject","inLanguage":"de","@id":"https:\/\/www.salzburgerland.com\/de\/magazin\/#\/schema\/logo\/image\/","url":"https:\/\/www.salzburgerland.com\/de\/magazin\/wp-content\/uploads\/2019\/06\/salzburgerland-logo1.jpg","contentUrl":"https:\/\/www.salzburgerland.com\/de\/magazin\/wp-content\/uploads\/2019\/06\/salzburgerland-logo1.jpg","width":2011,"height":866,"caption":"SalzburgerLand Tourismus"},"image":{"@id":"https:\/\/www.salzburgerland.com\/de\/magazin\/#\/schema\/logo\/image\/"},"sameAs":["https:\/\/www.facebook.com\/salzburgerland\/","https:\/\/x.com\/Salzburgerland","https:\/\/www.instagram.com\/salzburgerland\/","https:\/\/at.linkedin.com\/company\/salzburgerland-tourismus-gmbh","https:\/\/www.pinterest.at\/salzburgerland\/","https:\/\/www.youtube.com\/user\/salzburgerland","https:\/\/de.wikipedia.org\/wiki\/SalzburgerLand_Tourismus_GmbH"]},{"@type":"Person","@id":"https:\/\/www.salzburgerland.com\/de\/magazin\/#\/schema\/person\/2e0abbe9392136e19ff0d5c5721aea87","name":"G\u00fcnter Baumgartner","url":"https:\/\/www.salzburgerland.com\/de\/magazin\/author\/guenter-baumgartner\/"}]}},"_wl_alt_label":[],"wl:entity_url":"http:\/\/open.salzburgerland.com\/magazin\/post\/kulinarische_3-berge_tour_mit_dem_e-bike","_links":{"self":[{"href":"https:\/\/www.salzburgerland.com\/de\/magazin\/wp-json\/wp\/v2\/posts\/117196","targetHints":{"allow":["GET"]}}],"collection":[{"href":"https:\/\/www.salzburgerland.com\/de\/magazin\/wp-json\/wp\/v2\/posts"}],"about":[{"href":"https:\/\/www.salzburgerland.com\/de\/magazin\/wp-json\/wp\/v2\/types\/post"}],"author":[{"embeddable":true,"href":"https:\/\/www.salzburgerland.com\/de\/magazin\/wp-json\/wp\/v2\/users\/544"}],"replies":[{"embeddable":true,"href":"https:\/\/www.salzburgerland.com\/de\/magazin\/wp-json\/wp\/v2\/comments?post=117196"}],"version-history":[{"count":5,"href":"https:\/\/www.salzburgerland.com\/de\/magazin\/wp-json\/wp\/v2\/posts\/117196\/revisions"}],"predecessor-version":[{"id":163649,"href":"https:\/\/www.salzburgerland.com\/de\/magazin\/wp-json\/wp\/v2\/posts\/117196\/revisions\/163649"}],"wp:featuredmedia":[{"embeddable":true,"href":"https:\/\/www.salzburgerland.com\/de\/magazin\/wp-json\/wp\/v2\/media\/117211"}],"wp:attachment":[{"href":"https:\/\/www.salzburgerland.com\/de\/magazin\/wp-json\/wp\/v2\/media?parent=117196"}],"wp:term":[{"taxonomy":"category","embeddable":true,"href":"https:\/\/www.salzburgerland.com\/de\/magazin\/wp-json\/wp\/v2\/categories?post=117196"},{"taxonomy":"post_tag","embeddable":true,"href":"https:\/\/www.salzburgerland.com\/de\/magazin\/wp-json\/wp\/v2\/tags?post=117196"},{"taxonomy":"wl_entity_type","embeddable":true,"href":"https:\/\/www.salzburgerland.com\/de\/magazin\/wp-json\/wp\/v2\/wl_entity_type?post=117196"},{"taxonomy":"monatsauswahl","embeddable":true,"href":"https:\/\/www.salzburgerland.com\/de\/magazin\/wp-json\/wp\/v2\/monatsauswahl?post=117196"}],"curies":[{"name":"wp","href":"https:\/\/api.w.org\/{rel}","templated":true}]}}