{"id":117116,"date":"2017-07-27T14:19:38","date_gmt":"2017-07-27T12:19:38","guid":{"rendered":"https:\/\/www.salzburgerland.com\/de\/magazin\/?p=117116"},"modified":"2019-06-26T18:33:51","modified_gmt":"2019-06-26T16:33:51","slug":"sterndalschauen-im-salzburgerland","status":"publish","type":"post","link":"https:\/\/www.salzburgerland.com\/de\/magazin\/sterndalschauen-im-salzburgerland\/","title":{"rendered":"Sterneschauen"},"content":{"rendered":"<p><strong>Seit Menschengedenken zeigen wir uns fasziniert von den Sternen, wenden den Blick immer wieder staunend gen Himmel und stellen uns vor, was alles dort oben verborgen sein mag. Gibt es tats\u00e4chlich noch anderes Leben im All, wird sich die Welt der Menschen einmal dort oben befinden\u00a0und wenn ja, wie wird sie aussehen? Fragen, die wir an dieser Stelle leider auch nicht beantworten k\u00f6nnen. Was wir jedoch mit Sicherheit wissen, ist, dass sich das SalzburgerLand wie kaum ein anderes Gebiet in Europa zum Sternebeobachten eignet. Wo genau die besten Stellen daf\u00fcr sind, was man am n\u00e4chtlichen Himmel alles zu sehen bekommt und was man dabei unbedingt beachten sollte, erfahren Sie hier. M\u00f6ge die Macht mit Ihnen sein und leben Sie lange und in Frieden&#8230;<\/strong><\/p>\n<p>Milliarden von Sternen am Himmel, die Ruhe der n\u00e4chtlichen Berge umh\u00fcllt den Augenblick und kaum ein Ger\u00e4usch ist zu h\u00f6ren. Es ist einfach magisch, anders kann man die Stimmung hier nicht beschreiben. Immer wieder zieht eine Sternschnuppe ihre leuchtende Spur \u00fcbers Firmament und regt die Phantasie von uns Menschen noch mehr an.\u00a0Wer den Nachthimmel in all seiner Pracht genie\u00dfen m\u00f6chte, der muss jedoch ein paar Dinge beachten. Was im SalzburgerLand mit all seinen T\u00e4lern, Hocht\u00e4lern und Gipfel weit \u00fcber 1.000 Metern kein Problem sein sollte.<\/p>\n<figure id=\"attachment_117146\" aria-describedby=\"caption-attachment-117146\" style=\"width: 650px\" class=\"wp-caption alignnone\"><img loading=\"lazy\" decoding=\"async\" class=\"wp-image-117146 size-singlePost\" src=\"https:\/\/www.salzburgerland.com\/de\/magazin\/wp-content\/uploads\/2017\/07\/WINTER_Night_Snow_Stars_Mountain_Alps_Dachstein2-650x435.jpg\" alt=\"\" width=\"650\" height=\"435\" \/><figcaption id=\"caption-attachment-117146\" class=\"wp-caption-text\">\u00a9J\u00fcrgen Kritzinger, yogisphotoblog.at &#8211; Der Dachstein im Sternenlicht<\/figcaption><\/figure>\n<h2>Was es zu beachten gibt<\/h2>\n<p>Generell muss man sich von <strong>Lichtquellen jeglicher Art fernhalten<\/strong>, wenn man zum Sterndalschauen geht. Denn nur dann beginnt der Himmel wunderbar zu funkeln und man kann sich vor Milliarden von Sternen kaum retten. Doch das ist oft leichter gesagt als getan.\u00a0<\/p>\n<p>Eine der Faustregeln ist, dass sich <strong>s\u00fcdlich von einem keine Ortschaft, keine Lichtverschmutzung<\/strong> befinden sollte. Denn beim Sternebeobachten blickt man meist in diese Richtung. Die Luft klart <strong>\u00fcber 900-1.000 H\u00f6henmeter<\/strong> deutlich auf, da sich hier keine nennenswerte Heizungsluft mehr befindet.<\/p>\n<p>Eine Sache sollte man an dieser Stelle bedenken, wie Wolfgang Gebetsroither vom <a href=\"http:\/\/www.astronomie.at\/\" target=\"_blank\" rel=\"noopener noreferrer\">Astronomischen Arbeitskreis Salzkammergut<\/a>\u00a0erz\u00e4hlt. <em>\u201eJe dunkler die Umgebung, desto mehr Sterne tauchen am Nachthimmel auf. Was grunds\u00e4tzlich nat\u00fcrlich gut ist. Es kann aber auch leicht \u00fcberfordern, weil man den Wald vor lauter B\u00e4umen nicht mehr sieht. Oder den Stern vor lauter Milchstra\u00dfe. F\u00fcr Anf\u00e4nger und Laien ist es daher oft besser, an helleren Orten oder bei hellem Mond (ja, sogar Vollmond) den Blick zu den Sternen zu wagen, da man so nur die gro\u00dfen Sterne und somit die bekannten Sternbilder erkennen kann.\u201c<\/em><\/p>\n<p>Hat man dann einmal den richtigen Platz f\u00fcr sich gefunden, es sich auf einem Liegestuhl oder einer weichen Decke gem\u00fctlich gemacht, dann kann die Entdeckungsreise durch den n\u00e4chtlichen Himmel beginnen. Im Sommer sind es vor allem das <strong>Sommerdreieck, der Sch\u00fctze und der Skorpion<\/strong>, die einem ins Auge stechen. Im Winter das <strong>Wintersechseck und das ber\u00fchmte Sternbild des Riesen Orion mit seinem dominanten G\u00fcrtel<\/strong>.<\/p>\n<figure id=\"attachment_117144\" aria-describedby=\"caption-attachment-117144\" style=\"width: 650px\" class=\"wp-caption alignnone\"><img loading=\"lazy\" decoding=\"async\" class=\"wp-image-117144 size-singlePost\" src=\"https:\/\/www.salzburgerland.com\/de\/magazin\/wp-content\/uploads\/2017\/07\/SPRING_SNOW_NIGHT_Kaprun_Kitzsteinhorn-650x435.jpg\" alt=\"\" width=\"650\" height=\"435\" \/><figcaption id=\"caption-attachment-117144\" class=\"wp-caption-text\">\u00a9J\u00fcrgen Kritzinger, yogisphotoblog.at &#8211; Erste Sterne am Himmel \u00fcber dem Kitzsteinhorn im Pinzgau.<\/figcaption><\/figure>\n<h3><strong>Unser Sterne-Tipp:<\/strong><\/h3>\n<p>Wenn man einmal sehen m\u00f6chte, was unserem Auge verborgen bleibt, dann sollte man einfach einmal eine Kamera am Stativ in Richtung Himmel richten und auf Langzeitbelichtung (15, 20, 25 Sekunden \u2013 je nach Funktion) stellen. Man wird staunen, mit welcher Pracht der Himmel so zu sehen ist.<\/p>\n<h2>Die Top-5 Regionen zum Sternebeobachten<\/h2>\n<h3>Der Lungau<\/h3>\n<p>Als eine der am wenigsten lichtverschmutzten Regionen Europas ist der Lungau ein ganz besonderer Ort\u00a0f\u00fcr Astronomen und Langzeitfotographen.\u00a0Dank hoher Berge und kleiner Orte ist die Region im S\u00fcden des SalzburgerLandes ein besonders sternenklares Gebiet. Wer mehr \u00fcber Planeten und Sterne wissen m\u00f6chte, dem sei eine Wanderung\u00a0auf dem\u00a0<a href=\"http:\/\/www.tamsweg.info\/de\/planetenlehrpfad-tamsweg-lungau.html\" target=\"_blank\" rel=\"noopener noreferrer\">Planetenlehrpfad<\/a> von Tamsweg entlang der Taurach bis St. Andr\u00e4 ans Herz gelegt.\u00a0<\/p>\n<h3>Filzmoos<\/h3>\n<p>\u00c4hnlich lichtschwach wie der Lungau pr\u00e4sentiert sich das Gebiet um <a href=\"http:\/\/www.filzmoos.at\" target=\"_blank\" rel=\"noopener noreferrer\">Filzmoos<\/a> in sternenklaren N\u00e4chten. Was hier besonders ins Auge sticht, sind die leicht beleuchteten Gipfel von Bischofsm\u00fctze und Dachstein\u00a0in monddurchfluteten N\u00e4chten.\u00a0<\/p>\n<h3>VEGA-Sternwarte Haus der Natur &#8211; Flachgau<\/h3>\n<p>Wer die Sterne unter professioneller F\u00fchrung kennen lernen m\u00f6chte, der ist in der neuen Sternwarte des Salzburger <a href=\"https:\/\/www.hausdernatur.at\/de\/sternwarte.html\" target=\"_blank\" rel=\"noopener noreferrer\">Hauses der Natur <\/a>bestens aufgehoben.\u00a0Sie ist nicht nur eine der leistungsst\u00e4rksten \u00f6ffentlichen Sternwarten Mitteleuropas, sie\u00a0verf\u00fcgt auch \u00fcber zwei Teleskope, die sowohl f\u00fcr Forschung als auch bei \u00f6ffentlichen Sternf\u00fchrungen im Einsatz kommen.<\/p>\n<figure id=\"attachment_117145\" aria-describedby=\"caption-attachment-117145\" style=\"width: 650px\" class=\"wp-caption alignnone\"><img loading=\"lazy\" decoding=\"async\" class=\"wp-image-117145 size-singlePost\" src=\"https:\/\/www.salzburgerland.com\/de\/magazin\/wp-content\/uploads\/2017\/07\/WINTER_Mountain_Alps_Starts_Night2-650x435.jpg\" alt=\"\" width=\"650\" height=\"435\" \/><figcaption id=\"caption-attachment-117145\" class=\"wp-caption-text\">\u00a9J\u00fcrgen Kritzinger, yogisphotoblog.at &#8211; Sommer wie Winter kann man im SalzburgerLand die Sterne beobachten.<\/figcaption><\/figure>\n<h3>Sportgastein<\/h3>\n<p>Wer schon einmal im abgelegenen <a href=\"https:\/\/www.gastein.com\" target=\"_blank\" rel=\"noopener noreferrer\">Sportgastein<\/a> gewesen ist, der kann sich vorstellen, dass sich in dieses Hochtal kaum Licht verirrt. Weshalb es sich nat\u00fcrlich ideal zum Sterneschauen eignet. Doch Vorsicht: durch die umliegenden Berge ist das Blickfeld eingeschr\u00e4nkt und man kann hier niemals den ganzen Sternenhimmel bewundern.\u00a0<\/p>\n<h3>Obertauern<\/h3>\n<p>Auch <a href=\"http:\/\/www.obertauern.com\" target=\"_blank\" rel=\"noopener noreferrer\">Obertauern<\/a> mit seinen vielen Almh\u00fctten und relativ leicht erreichbaren Gipfeln ist ein wunderbarer Ort um den Blick in den Himmel zu heben. Je h\u00f6her man dabei nach oben gelangt, desto weiter \u00f6ffnet sich das Sternenmeer. Sehr imposant!<\/p>\n<p>\u00a9Titelbild:\u00a0Achim Meurer-SalzburgerLand Tourismus<\/p>\n","protected":false},"excerpt":{"rendered":"<p>Seit Menschengedenken zeigen wir uns fasziniert von den Sternen, wenden den Blick immer wieder staunend gen Himmel und stellen uns vor, was alles dort oben verborgen sein mag. Gibt es tats\u00e4chlich noch anderes Leben im All, wird sich die Welt der Menschen einmal dort oben befinden\u00a0und wenn ja, wie wird sie aussehen? Fragen, die wir [&hellip;]<\/p>\n","protected":false},"author":505,"featured_media":117147,"comment_status":"open","ping_status":"open","sticky":false,"template":"","format":"standard","meta":{"_acf_changed":false,"wl_entities_gutenberg":"","_wl_entity_redirect_enabled":"","footnotes":""},"categories":[9],"tags":[],"wl_entity_type":[306],"monatsauswahl":[82,83,84,85,86,87,88,89,90,91,92,93],"class_list":["post-117116","post","type-post","status-publish","format-standard","has-post-thumbnail","hentry","category-sehenswurdig","wl_entity_type-article","monatsauswahl-monat_1","monatsauswahl-monat_2","monatsauswahl-monat_3","monatsauswahl-monat_4","monatsauswahl-monat_5","monatsauswahl-monat_6","monatsauswahl-monat_7","monatsauswahl-monat_8","monatsauswahl-monat_9","monatsauswahl-monat_10","monatsauswahl-monat_11","monatsauswahl-monat_12"],"acf":[],"yoast_head":"<!-- This site is optimized with the Yoast SEO Premium plugin v27.4 (Yoast SEO v27.4) - https:\/\/yoast.com\/product\/yoast-seo-premium-wordpress\/ -->\n<title>Sterneschauen - SalzburgerLand Magazin<\/title>\n<meta name=\"description\" content=\"Seit Menschengedenken zeigen wir uns fasziniert von den Sternen, wenden den Blick immer wieder staunend gen Himmel und stellen uns vor, was alles dort oben verborgen sein mag. Gibt es tats\u00e4chlich noch anderes Leben im All, wird sich die Welt der Menschen einmal dort oben befinden\u00a0und wenn ja, wie wird sie aussehen? Fragen, die wir [&hellip;]\" \/>\n<meta name=\"robots\" content=\"index, follow, max-snippet:-1, max-image-preview:large, max-video-preview:-1\" \/>\n<link rel=\"canonical\" href=\"https:\/\/www.salzburgerland.com\/de\/magazin\/sterndalschauen-im-salzburgerland\/\" \/>\n<meta property=\"og:locale\" content=\"de_DE\" \/>\n<meta property=\"og:type\" content=\"article\" \/>\n<meta property=\"og:title\" content=\"Sterneschauen\" \/>\n<meta property=\"og:description\" content=\"Seit Menschengedenken zeigen wir uns fasziniert von den Sternen, wenden den Blick immer wieder staunend gen Himmel und stellen uns vor, was alles dort oben verborgen sein mag. Gibt es tats\u00e4chlich noch anderes Leben im All, wird sich die Welt der Menschen einmal dort oben befinden\u00a0und wenn ja, wie wird sie aussehen? Fragen, die wir [&hellip;]\" \/>\n<meta property=\"og:url\" content=\"https:\/\/www.salzburgerland.com\/de\/magazin\/sterndalschauen-im-salzburgerland\/\" \/>\n<meta property=\"og:site_name\" content=\"SalzburgerLand Magazin\" \/>\n<meta property=\"article:publisher\" content=\"https:\/\/www.facebook.com\/salzburgerland\/\" \/>\n<meta property=\"article:published_time\" content=\"2017-07-27T12:19:38+00:00\" \/>\n<meta property=\"article:modified_time\" content=\"2019-06-26T16:33:51+00:00\" \/>\n<meta property=\"og:image\" content=\"https:\/\/www.salzburgerland.com\/de\/magazin\/wp-content\/uploads\/2017\/07\/RS1235_DSC_1059-lpr.jpg\" \/>\n\t<meta property=\"og:image:width\" content=\"1600\" \/>\n\t<meta property=\"og:image:height\" content=\"1068\" \/>\n\t<meta property=\"og:image:type\" content=\"image\/jpeg\" \/>\n<meta name=\"author\" content=\"Peter Zeitlhofer\" \/>\n<meta name=\"twitter:card\" content=\"summary_large_image\" \/>\n<meta name=\"twitter:creator\" content=\"@Salzburgerland\" \/>\n<meta name=\"twitter:site\" content=\"@Salzburgerland\" \/>\n<meta name=\"twitter:label1\" content=\"Verfasst von\" \/>\n\t<meta name=\"twitter:data1\" content=\"Peter Zeitlhofer\" \/>\n\t<meta name=\"twitter:label2\" content=\"Gesch\u00e4tzte Lesezeit\" \/>\n\t<meta name=\"twitter:data2\" content=\"4\u00a0Minuten\" \/>\n<script type=\"application\/ld+json\" class=\"yoast-schema-graph\">{\"@context\":\"https:\\\/\\\/schema.org\",\"@graph\":[{\"@type\":\"Article\",\"@id\":\"https:\\\/\\\/www.salzburgerland.com\\\/de\\\/magazin\\\/sterndalschauen-im-salzburgerland\\\/#article\",\"isPartOf\":{\"@id\":\"https:\\\/\\\/www.salzburgerland.com\\\/de\\\/magazin\\\/sterndalschauen-im-salzburgerland\\\/\"},\"author\":{\"name\":\"Peter Zeitlhofer\",\"@id\":\"https:\\\/\\\/www.salzburgerland.com\\\/de\\\/magazin\\\/#\\\/schema\\\/person\\\/ebd2c9f244aeea71e30f3b5d5e309de4\"},\"headline\":\"Sterneschauen\",\"datePublished\":\"2017-07-27T12:19:38+00:00\",\"dateModified\":\"2019-06-26T16:33:51+00:00\",\"mainEntityOfPage\":{\"@id\":\"https:\\\/\\\/www.salzburgerland.com\\\/de\\\/magazin\\\/sterndalschauen-im-salzburgerland\\\/\"},\"wordCount\":856,\"commentCount\":0,\"publisher\":{\"@id\":\"https:\\\/\\\/www.salzburgerland.com\\\/de\\\/magazin\\\/#organization\"},\"image\":{\"@id\":\"https:\\\/\\\/www.salzburgerland.com\\\/de\\\/magazin\\\/sterndalschauen-im-salzburgerland\\\/#primaryimage\"},\"thumbnailUrl\":\"https:\\\/\\\/www.salzburgerland.com\\\/de\\\/magazin\\\/wp-content\\\/uploads\\\/2017\\\/07\\\/RS1235_DSC_1059-lpr.jpg\",\"articleSection\":[\"Sehensw\u00fcrdig\"],\"inLanguage\":\"de\",\"potentialAction\":[{\"@type\":\"CommentAction\",\"name\":\"Comment\",\"target\":[\"https:\\\/\\\/www.salzburgerland.com\\\/de\\\/magazin\\\/sterndalschauen-im-salzburgerland\\\/#respond\"]}]},{\"@type\":\"WebPage\",\"@id\":\"https:\\\/\\\/www.salzburgerland.com\\\/de\\\/magazin\\\/sterndalschauen-im-salzburgerland\\\/\",\"url\":\"https:\\\/\\\/www.salzburgerland.com\\\/de\\\/magazin\\\/sterndalschauen-im-salzburgerland\\\/\",\"name\":\"Sterneschauen - SalzburgerLand Magazin\",\"isPartOf\":{\"@id\":\"https:\\\/\\\/www.salzburgerland.com\\\/de\\\/magazin\\\/#website\"},\"primaryImageOfPage\":{\"@id\":\"https:\\\/\\\/www.salzburgerland.com\\\/de\\\/magazin\\\/sterndalschauen-im-salzburgerland\\\/#primaryimage\"},\"image\":{\"@id\":\"https:\\\/\\\/www.salzburgerland.com\\\/de\\\/magazin\\\/sterndalschauen-im-salzburgerland\\\/#primaryimage\"},\"thumbnailUrl\":\"https:\\\/\\\/www.salzburgerland.com\\\/de\\\/magazin\\\/wp-content\\\/uploads\\\/2017\\\/07\\\/RS1235_DSC_1059-lpr.jpg\",\"datePublished\":\"2017-07-27T12:19:38+00:00\",\"dateModified\":\"2019-06-26T16:33:51+00:00\",\"breadcrumb\":{\"@id\":\"https:\\\/\\\/www.salzburgerland.com\\\/de\\\/magazin\\\/sterndalschauen-im-salzburgerland\\\/#breadcrumb\"},\"inLanguage\":\"de\",\"potentialAction\":[{\"@type\":\"ReadAction\",\"target\":[\"https:\\\/\\\/www.salzburgerland.com\\\/de\\\/magazin\\\/sterndalschauen-im-salzburgerland\\\/\"]}]},{\"@type\":\"ImageObject\",\"inLanguage\":\"de\",\"@id\":\"https:\\\/\\\/www.salzburgerland.com\\\/de\\\/magazin\\\/sterndalschauen-im-salzburgerland\\\/#primaryimage\",\"url\":\"https:\\\/\\\/www.salzburgerland.com\\\/de\\\/magazin\\\/wp-content\\\/uploads\\\/2017\\\/07\\\/RS1235_DSC_1059-lpr.jpg\",\"contentUrl\":\"https:\\\/\\\/www.salzburgerland.com\\\/de\\\/magazin\\\/wp-content\\\/uploads\\\/2017\\\/07\\\/RS1235_DSC_1059-lpr.jpg\",\"width\":1600,\"height\":1068,\"caption\":\"Silhouettierte B\u00e4ume unter einem sternen\u00fcbers\u00e4ten Nachthimmel mit Wolken und einem Hauch der Milchstra\u00dfe.\"},{\"@type\":\"BreadcrumbList\",\"@id\":\"https:\\\/\\\/www.salzburgerland.com\\\/de\\\/magazin\\\/sterndalschauen-im-salzburgerland\\\/#breadcrumb\",\"itemListElement\":[{\"@type\":\"ListItem\",\"position\":1,\"name\":\"Startseite\",\"item\":\"https:\\\/\\\/www.salzburgerland.com\\\/de\\\/magazin\\\/\"},{\"@type\":\"ListItem\",\"position\":2,\"name\":\"Sehensw\u00fcrdig\",\"item\":\"https:\\\/\\\/www.salzburgerland.com\\\/de\\\/magazin\\\/thema\\\/sehenswurdig\\\/\"},{\"@type\":\"ListItem\",\"position\":3,\"name\":\"Sterneschauen\"}]},{\"@type\":\"WebSite\",\"@id\":\"https:\\\/\\\/www.salzburgerland.com\\\/de\\\/magazin\\\/#website\",\"url\":\"https:\\\/\\\/www.salzburgerland.com\\\/de\\\/magazin\\\/\",\"name\":\"SalzburgerLand Magazin\",\"description\":\"Geschichten und Interessantes aus dem SalzburgerLand\",\"publisher\":{\"@id\":\"https:\\\/\\\/www.salzburgerland.com\\\/de\\\/magazin\\\/#organization\"},\"potentialAction\":[{\"@type\":\"SearchAction\",\"target\":{\"@type\":\"EntryPoint\",\"urlTemplate\":\"https:\\\/\\\/www.salzburgerland.com\\\/de\\\/magazin\\\/?s={search_term_string}\"},\"query-input\":{\"@type\":\"PropertyValueSpecification\",\"valueRequired\":true,\"valueName\":\"search_term_string\"}}],\"inLanguage\":\"de\"},{\"@type\":\"Organization\",\"@id\":\"https:\\\/\\\/www.salzburgerland.com\\\/de\\\/magazin\\\/#organization\",\"name\":\"SalzburgerLand Tourismus\",\"url\":\"https:\\\/\\\/www.salzburgerland.com\\\/de\\\/magazin\\\/\",\"logo\":{\"@type\":\"ImageObject\",\"inLanguage\":\"de\",\"@id\":\"https:\\\/\\\/www.salzburgerland.com\\\/de\\\/magazin\\\/#\\\/schema\\\/logo\\\/image\\\/\",\"url\":\"https:\\\/\\\/www.salzburgerland.com\\\/de\\\/magazin\\\/wp-content\\\/uploads\\\/2019\\\/06\\\/salzburgerland-logo1.jpg\",\"contentUrl\":\"https:\\\/\\\/www.salzburgerland.com\\\/de\\\/magazin\\\/wp-content\\\/uploads\\\/2019\\\/06\\\/salzburgerland-logo1.jpg\",\"width\":2011,\"height\":866,\"caption\":\"SalzburgerLand Tourismus\"},\"image\":{\"@id\":\"https:\\\/\\\/www.salzburgerland.com\\\/de\\\/magazin\\\/#\\\/schema\\\/logo\\\/image\\\/\"},\"sameAs\":[\"https:\\\/\\\/www.facebook.com\\\/salzburgerland\\\/\",\"https:\\\/\\\/x.com\\\/Salzburgerland\",\"https:\\\/\\\/www.instagram.com\\\/salzburgerland\\\/\",\"https:\\\/\\\/at.linkedin.com\\\/company\\\/salzburgerland-tourismus-gmbh\",\"https:\\\/\\\/www.pinterest.at\\\/salzburgerland\\\/\",\"https:\\\/\\\/www.youtube.com\\\/user\\\/salzburgerland\",\"https:\\\/\\\/de.wikipedia.org\\\/wiki\\\/SalzburgerLand_Tourismus_GmbH\"]},{\"@type\":\"Person\",\"@id\":\"https:\\\/\\\/www.salzburgerland.com\\\/de\\\/magazin\\\/#\\\/schema\\\/person\\\/ebd2c9f244aeea71e30f3b5d5e309de4\",\"name\":\"Peter Zeitlhofer\",\"description\":\"'Von Neugier getrieben' - diese Worte kommen Peter Zeitlhofer wohl schon ziemlich nahe. Egal ob am Segelboot, im Tiefschnee, unterwegs in Stadt und Land, oder auf einer seinen vielen Reisen - er ist immer auf der Suche nach Neuem, nach dem Besonderen, probiert so ziemlich alles aus und liebt es, dar\u00fcber zu reden und zu berichten. Womit man auch schon fast bei seiner zweiten Leidenschaft w\u00e4re - dem Schreiben. Immer und \u00fcberall ausgestattet\u00a0mit seinem Notebook, hat der Salzburger, mit Wurzeln am Attersee, sein Office\u00a0im wahrsten Sinne des Wortes unterm Arm und k\u00f6nnte sich nichts besseres vorstellen, als die Geschichten dort zu erz\u00e4hlen, wo sie passieren. Fr\u00fchling, Sommer, Herbst oder Winter? Als Mensch der Extreme, mag ich auch bei den Jahreszeiten den Sommer und den Winter am liebsten. Obwohl nat\u00fcrlich auch der Fr\u00fchling seine Reize hat. Aber der Herbst? Rindsroulade vom Pinzgauer Biorind oder Saibling fangfrisch aus dem Fuschlsee? Immer diese Entscheidungen! Kann ich auch beides haben? Mundharmonika oder Stradivari? Weder noch - als Gitarrist k\u00f6nnte ich mit beiden Instrumenten nichts anfangen. Lederhose oder Smoking? Eindeutig Lederhose, die bei mir mittlerweile sogar den Einzug in den sommerlichen Alltag gefunden hat. Und der LederhosnDonnerstag ist \u00a0ohnehin Pflicht. Alpinski, Offpist oder Skitour? Hauptsache rauf auf den Berg! Was dann tats\u00e4chlich auf dem Programm steht ist zweitrangig. Nur so viel: wenn der Schnee passt, dann h\u00e4lt mich nichts oder niemand auf der Piste. Bergtour oder Seentour? F\u00fcr mich gibt es im Sommer nichts Sch\u00f6neres, als mit dem Segelboot auf unseren herrlichen Seen unterwegs zu sein. Also wenn ich die Wahl habe, dann nehme ich im Sommer die Berge h\u00f6chstens als Kulisse. Haubenlokal oder Ab-Hof-Laden? Auch hier nehme ich von beidem ein bisschen. Aber bei der Oma schmeckt's dann doch am besten.\",\"url\":\"https:\\\/\\\/www.salzburgerland.com\\\/de\\\/magazin\\\/author\\\/peter-zeitlhofer\\\/\"}]}<\/script>\n<!-- \/ Yoast SEO Premium plugin. -->","yoast_head_json":{"title":"Sterneschauen - SalzburgerLand Magazin","description":"Seit Menschengedenken zeigen wir uns fasziniert von den Sternen, wenden den Blick immer wieder staunend gen Himmel und stellen uns vor, was alles dort oben verborgen sein mag. Gibt es tats\u00e4chlich noch anderes Leben im All, wird sich die Welt der Menschen einmal dort oben befinden\u00a0und wenn ja, wie wird sie aussehen? Fragen, die wir [&hellip;]","robots":{"index":"index","follow":"follow","max-snippet":"max-snippet:-1","max-image-preview":"max-image-preview:large","max-video-preview":"max-video-preview:-1"},"canonical":"https:\/\/www.salzburgerland.com\/de\/magazin\/sterndalschauen-im-salzburgerland\/","og_locale":"de_DE","og_type":"article","og_title":"Sterneschauen","og_description":"Seit Menschengedenken zeigen wir uns fasziniert von den Sternen, wenden den Blick immer wieder staunend gen Himmel und stellen uns vor, was alles dort oben verborgen sein mag. Gibt es tats\u00e4chlich noch anderes Leben im All, wird sich die Welt der Menschen einmal dort oben befinden\u00a0und wenn ja, wie wird sie aussehen? Fragen, die wir [&hellip;]","og_url":"https:\/\/www.salzburgerland.com\/de\/magazin\/sterndalschauen-im-salzburgerland\/","og_site_name":"SalzburgerLand Magazin","article_publisher":"https:\/\/www.facebook.com\/salzburgerland\/","article_published_time":"2017-07-27T12:19:38+00:00","article_modified_time":"2019-06-26T16:33:51+00:00","og_image":[{"width":1600,"height":1068,"url":"https:\/\/www.salzburgerland.com\/de\/magazin\/wp-content\/uploads\/2017\/07\/RS1235_DSC_1059-lpr.jpg","type":"image\/jpeg"}],"author":"Peter Zeitlhofer","twitter_card":"summary_large_image","twitter_creator":"@Salzburgerland","twitter_site":"@Salzburgerland","twitter_misc":{"Verfasst von":"Peter Zeitlhofer","Gesch\u00e4tzte Lesezeit":"4\u00a0Minuten"},"schema":{"@context":"https:\/\/schema.org","@graph":[{"@type":"Article","@id":"https:\/\/www.salzburgerland.com\/de\/magazin\/sterndalschauen-im-salzburgerland\/#article","isPartOf":{"@id":"https:\/\/www.salzburgerland.com\/de\/magazin\/sterndalschauen-im-salzburgerland\/"},"author":{"name":"Peter Zeitlhofer","@id":"https:\/\/www.salzburgerland.com\/de\/magazin\/#\/schema\/person\/ebd2c9f244aeea71e30f3b5d5e309de4"},"headline":"Sterneschauen","datePublished":"2017-07-27T12:19:38+00:00","dateModified":"2019-06-26T16:33:51+00:00","mainEntityOfPage":{"@id":"https:\/\/www.salzburgerland.com\/de\/magazin\/sterndalschauen-im-salzburgerland\/"},"wordCount":856,"commentCount":0,"publisher":{"@id":"https:\/\/www.salzburgerland.com\/de\/magazin\/#organization"},"image":{"@id":"https:\/\/www.salzburgerland.com\/de\/magazin\/sterndalschauen-im-salzburgerland\/#primaryimage"},"thumbnailUrl":"https:\/\/www.salzburgerland.com\/de\/magazin\/wp-content\/uploads\/2017\/07\/RS1235_DSC_1059-lpr.jpg","articleSection":["Sehensw\u00fcrdig"],"inLanguage":"de","potentialAction":[{"@type":"CommentAction","name":"Comment","target":["https:\/\/www.salzburgerland.com\/de\/magazin\/sterndalschauen-im-salzburgerland\/#respond"]}]},{"@type":"WebPage","@id":"https:\/\/www.salzburgerland.com\/de\/magazin\/sterndalschauen-im-salzburgerland\/","url":"https:\/\/www.salzburgerland.com\/de\/magazin\/sterndalschauen-im-salzburgerland\/","name":"Sterneschauen - SalzburgerLand Magazin","isPartOf":{"@id":"https:\/\/www.salzburgerland.com\/de\/magazin\/#website"},"primaryImageOfPage":{"@id":"https:\/\/www.salzburgerland.com\/de\/magazin\/sterndalschauen-im-salzburgerland\/#primaryimage"},"image":{"@id":"https:\/\/www.salzburgerland.com\/de\/magazin\/sterndalschauen-im-salzburgerland\/#primaryimage"},"thumbnailUrl":"https:\/\/www.salzburgerland.com\/de\/magazin\/wp-content\/uploads\/2017\/07\/RS1235_DSC_1059-lpr.jpg","datePublished":"2017-07-27T12:19:38+00:00","dateModified":"2019-06-26T16:33:51+00:00","breadcrumb":{"@id":"https:\/\/www.salzburgerland.com\/de\/magazin\/sterndalschauen-im-salzburgerland\/#breadcrumb"},"inLanguage":"de","potentialAction":[{"@type":"ReadAction","target":["https:\/\/www.salzburgerland.com\/de\/magazin\/sterndalschauen-im-salzburgerland\/"]}]},{"@type":"ImageObject","inLanguage":"de","@id":"https:\/\/www.salzburgerland.com\/de\/magazin\/sterndalschauen-im-salzburgerland\/#primaryimage","url":"https:\/\/www.salzburgerland.com\/de\/magazin\/wp-content\/uploads\/2017\/07\/RS1235_DSC_1059-lpr.jpg","contentUrl":"https:\/\/www.salzburgerland.com\/de\/magazin\/wp-content\/uploads\/2017\/07\/RS1235_DSC_1059-lpr.jpg","width":1600,"height":1068,"caption":"Silhouettierte B\u00e4ume unter einem sternen\u00fcbers\u00e4ten Nachthimmel mit Wolken und einem Hauch der Milchstra\u00dfe."},{"@type":"BreadcrumbList","@id":"https:\/\/www.salzburgerland.com\/de\/magazin\/sterndalschauen-im-salzburgerland\/#breadcrumb","itemListElement":[{"@type":"ListItem","position":1,"name":"Startseite","item":"https:\/\/www.salzburgerland.com\/de\/magazin\/"},{"@type":"ListItem","position":2,"name":"Sehensw\u00fcrdig","item":"https:\/\/www.salzburgerland.com\/de\/magazin\/thema\/sehenswurdig\/"},{"@type":"ListItem","position":3,"name":"Sterneschauen"}]},{"@type":"WebSite","@id":"https:\/\/www.salzburgerland.com\/de\/magazin\/#website","url":"https:\/\/www.salzburgerland.com\/de\/magazin\/","name":"SalzburgerLand Magazin","description":"Geschichten und Interessantes aus dem SalzburgerLand","publisher":{"@id":"https:\/\/www.salzburgerland.com\/de\/magazin\/#organization"},"potentialAction":[{"@type":"SearchAction","target":{"@type":"EntryPoint","urlTemplate":"https:\/\/www.salzburgerland.com\/de\/magazin\/?s={search_term_string}"},"query-input":{"@type":"PropertyValueSpecification","valueRequired":true,"valueName":"search_term_string"}}],"inLanguage":"de"},{"@type":"Organization","@id":"https:\/\/www.salzburgerland.com\/de\/magazin\/#organization","name":"SalzburgerLand Tourismus","url":"https:\/\/www.salzburgerland.com\/de\/magazin\/","logo":{"@type":"ImageObject","inLanguage":"de","@id":"https:\/\/www.salzburgerland.com\/de\/magazin\/#\/schema\/logo\/image\/","url":"https:\/\/www.salzburgerland.com\/de\/magazin\/wp-content\/uploads\/2019\/06\/salzburgerland-logo1.jpg","contentUrl":"https:\/\/www.salzburgerland.com\/de\/magazin\/wp-content\/uploads\/2019\/06\/salzburgerland-logo1.jpg","width":2011,"height":866,"caption":"SalzburgerLand Tourismus"},"image":{"@id":"https:\/\/www.salzburgerland.com\/de\/magazin\/#\/schema\/logo\/image\/"},"sameAs":["https:\/\/www.facebook.com\/salzburgerland\/","https:\/\/x.com\/Salzburgerland","https:\/\/www.instagram.com\/salzburgerland\/","https:\/\/at.linkedin.com\/company\/salzburgerland-tourismus-gmbh","https:\/\/www.pinterest.at\/salzburgerland\/","https:\/\/www.youtube.com\/user\/salzburgerland","https:\/\/de.wikipedia.org\/wiki\/SalzburgerLand_Tourismus_GmbH"]},{"@type":"Person","@id":"https:\/\/www.salzburgerland.com\/de\/magazin\/#\/schema\/person\/ebd2c9f244aeea71e30f3b5d5e309de4","name":"Peter Zeitlhofer","description":"'Von Neugier getrieben' - diese Worte kommen Peter Zeitlhofer wohl schon ziemlich nahe. Egal ob am Segelboot, im Tiefschnee, unterwegs in Stadt und Land, oder auf einer seinen vielen Reisen - er ist immer auf der Suche nach Neuem, nach dem Besonderen, probiert so ziemlich alles aus und liebt es, dar\u00fcber zu reden und zu berichten. Womit man auch schon fast bei seiner zweiten Leidenschaft w\u00e4re - dem Schreiben. Immer und \u00fcberall ausgestattet\u00a0mit seinem Notebook, hat der Salzburger, mit Wurzeln am Attersee, sein Office\u00a0im wahrsten Sinne des Wortes unterm Arm und k\u00f6nnte sich nichts besseres vorstellen, als die Geschichten dort zu erz\u00e4hlen, wo sie passieren. Fr\u00fchling, Sommer, Herbst oder Winter? Als Mensch der Extreme, mag ich auch bei den Jahreszeiten den Sommer und den Winter am liebsten. Obwohl nat\u00fcrlich auch der Fr\u00fchling seine Reize hat. Aber der Herbst? Rindsroulade vom Pinzgauer Biorind oder Saibling fangfrisch aus dem Fuschlsee? Immer diese Entscheidungen! Kann ich auch beides haben? Mundharmonika oder Stradivari? Weder noch - als Gitarrist k\u00f6nnte ich mit beiden Instrumenten nichts anfangen. Lederhose oder Smoking? Eindeutig Lederhose, die bei mir mittlerweile sogar den Einzug in den sommerlichen Alltag gefunden hat. Und der LederhosnDonnerstag ist \u00a0ohnehin Pflicht. Alpinski, Offpist oder Skitour? Hauptsache rauf auf den Berg! Was dann tats\u00e4chlich auf dem Programm steht ist zweitrangig. Nur so viel: wenn der Schnee passt, dann h\u00e4lt mich nichts oder niemand auf der Piste. Bergtour oder Seentour? F\u00fcr mich gibt es im Sommer nichts Sch\u00f6neres, als mit dem Segelboot auf unseren herrlichen Seen unterwegs zu sein. Also wenn ich die Wahl habe, dann nehme ich im Sommer die Berge h\u00f6chstens als Kulisse. Haubenlokal oder Ab-Hof-Laden? Auch hier nehme ich von beidem ein bisschen. Aber bei der Oma schmeckt's dann doch am besten.","url":"https:\/\/www.salzburgerland.com\/de\/magazin\/author\/peter-zeitlhofer\/"}]}},"_wl_alt_label":[],"wl:entity_url":"http:\/\/open.salzburgerland.com\/magazin\/post\/sterneschauen","_links":{"self":[{"href":"https:\/\/www.salzburgerland.com\/de\/magazin\/wp-json\/wp\/v2\/posts\/117116","targetHints":{"allow":["GET"]}}],"collection":[{"href":"https:\/\/www.salzburgerland.com\/de\/magazin\/wp-json\/wp\/v2\/posts"}],"about":[{"href":"https:\/\/www.salzburgerland.com\/de\/magazin\/wp-json\/wp\/v2\/types\/post"}],"author":[{"embeddable":true,"href":"https:\/\/www.salzburgerland.com\/de\/magazin\/wp-json\/wp\/v2\/users\/505"}],"replies":[{"embeddable":true,"href":"https:\/\/www.salzburgerland.com\/de\/magazin\/wp-json\/wp\/v2\/comments?post=117116"}],"version-history":[{"count":0,"href":"https:\/\/www.salzburgerland.com\/de\/magazin\/wp-json\/wp\/v2\/posts\/117116\/revisions"}],"wp:featuredmedia":[{"embeddable":true,"href":"https:\/\/www.salzburgerland.com\/de\/magazin\/wp-json\/wp\/v2\/media\/117147"}],"wp:attachment":[{"href":"https:\/\/www.salzburgerland.com\/de\/magazin\/wp-json\/wp\/v2\/media?parent=117116"}],"wp:term":[{"taxonomy":"category","embeddable":true,"href":"https:\/\/www.salzburgerland.com\/de\/magazin\/wp-json\/wp\/v2\/categories?post=117116"},{"taxonomy":"post_tag","embeddable":true,"href":"https:\/\/www.salzburgerland.com\/de\/magazin\/wp-json\/wp\/v2\/tags?post=117116"},{"taxonomy":"wl_entity_type","embeddable":true,"href":"https:\/\/www.salzburgerland.com\/de\/magazin\/wp-json\/wp\/v2\/wl_entity_type?post=117116"},{"taxonomy":"monatsauswahl","embeddable":true,"href":"https:\/\/www.salzburgerland.com\/de\/magazin\/wp-json\/wp\/v2\/monatsauswahl?post=117116"}],"curies":[{"name":"wp","href":"https:\/\/api.w.org\/{rel}","templated":true}]}}