{"id":117022,"date":"2017-08-04T12:00:01","date_gmt":"2017-08-04T10:00:01","guid":{"rendered":"https:\/\/www.salzburgerland.com\/de\/magazin\/?p=117022"},"modified":"2019-06-26T18:34:02","modified_gmt":"2019-06-26T16:34:02","slug":"auf-ein-glaserl-mit-echten-weinkennern","status":"publish","type":"post","link":"https:\/\/www.salzburgerland.com\/de\/magazin\/auf-ein-glaserl-mit-echten-weinkennern\/","title":{"rendered":"Auf ein Glaserl mit echten Weinkennern"},"content":{"rendered":"<p><strong>Ein Sundowner in Salzburg? Am liebsten im WEIN &amp; CO am Platzl!\u00a0Im stilvollen Ambiente mit Blick auf die Linzergasse sind wohl schon so manche Pl\u00e4ne herangereift&#8230;<\/strong><\/p>\n<p>Eine beinahe mediterrane Stimmung liegt an einem warmen Sommerabend im \u201eFlorenz des Nordens\u201c, wie Salzburg gerne bezeichnet wird, in der Luft. Genau die richtige Zeit, um bei einem guten Glas Wein die Stimmung auf sich wirken zu lassen. Die Auswahl an erlesenen Weinen im WEIN &amp; CO am Platzl ist au\u00dfergew\u00f6hnlich gro\u00df. \u201e\u00dcber 2000 verschiedene Weine haben wir in unserem Sortiment \u2013 von preiswerten bis zu ganz exklusiven Tropfen\u201c freut sich Peter Auer,; \u201eBei uns k\u00f6nnen Sie auch jeden Tag bis Mitternacht Wein shoppen.\u201c Alle Weine, die es im Shop zu kaufen gibt, k\u00f6nnen auch direkt in der Bar verkostet werden. Die Lieferung nach Hause erfolgt schon ab einem Einkaufswert von \u20ac 25 kostenlos. Die kleine aber feine Karte macht das <a href=\"https:\/\/www.weinco.at\/filiale\/salzburg-platzl-9346\" target=\"_blank\" rel=\"noopener noreferrer\">Wein &amp; CO am Platz<\/a>l auch als Bistro attraktiv. \u201eWir kochen immer frisch und halten die Speiseauswahl bewusst klein, um die Qualit\u00e4t garantieren zu k\u00f6nnen\u201c, erkl\u00e4rt Peter Auer.<\/p>\n<figure id=\"attachment_117024\" aria-describedby=\"caption-attachment-117024\" style=\"width: 650px\" class=\"wp-caption aligncenter\"><img loading=\"lazy\" decoding=\"async\" class=\"size-singlePost wp-image-117024\" src=\"https:\/\/www.salzburgerland.com\/de\/magazin\/wp-content\/uploads\/2017\/07\/weinundco_bar_02-1920x1067-650x435.jpg\" alt=\"Wein &amp; Co Salzburg am Platzl\" width=\"650\" height=\"435\" \/><figcaption id=\"caption-attachment-117024\" class=\"wp-caption-text\">Stilvolles Ambiente l\u00e4dt zu dem einen oder anderen Glaserl<\/figcaption><\/figure>\n<h3>Begeisterte Weinkenner beraten<\/h3>\n<p>Der Shopleiter ist neben zwei anderen als Diplomsomelier bei WEIN &amp; CO am Platzl bekannt. In dieser speziellen Ausbildung lernen die Weinkenner, welcher edle Tropfen am besten zu welchem kulinarischen Erlebnis passt, woher die Weine kommen und wie sie am besten serviert werden. Ihr Fachwissen geben die Diplomsomeliers an ihre Kunden weiter: \u201cWir sind alle selbst begeisterte Weinkenner und -liebhaber. Bei uns ist man immer bestens beraten!\u201c. Jeden Monat wird ein Wein vorgestellt, dieser kann auch gratis verkostet werden. Wer sich besonders f\u00fcr Wein interessiert, dem sei das <a href=\"https:\/\/www.salzburgerland.com\/de\/magazin\/wein-co-am-platzl\/\" target=\"_blank\" rel=\"noopener noreferrer\">Wein ABC<\/a> ans Herz gelegt \u2013 an einem spannenden Abend wird unter fachkundiger Anleitung durch den Diplomsomelier verkostet, philosophiert und fachgesimpelt.<\/p>\n<figure id=\"attachment_117026\" aria-describedby=\"caption-attachment-117026\" style=\"width: 650px\" class=\"wp-caption aligncenter\"><img loading=\"lazy\" decoding=\"async\" class=\"size-singlePost wp-image-117026\" src=\"https:\/\/www.salzburgerland.com\/de\/magazin\/wp-content\/uploads\/2017\/07\/wein-und-co-shop_05-1920x1067-650x435.jpg\" alt=\"\" width=\"650\" height=\"435\" \/><figcaption id=\"caption-attachment-117026\" class=\"wp-caption-text\">Mehr als 2.000 Weine wollen verkostet werden<\/figcaption><\/figure>\n<p>In der Festspielzeit hat das WEIN &amp; CO am Platzl extra lange ge\u00f6ffnet, damit sich noch das ein oder andere Glas ausgeht, um \u00fcber die neue Buhlschaft zu diskutieren&#8230;.<\/p>\n<p><strong>\u00d6ffnungszeiten Juli &amp; August:<\/strong><\/p>\n<p>Freitag \u2013 Samstag 10:00bis 00:00 Uhr<br \/>\n Sonntag 15:00 bis 22:00 Uhr<\/p>\n<p><strong>WEIN &amp; CO am Platzl<\/strong><br \/>\n Platzl 2<br \/>\n 5020 Salzburg<br \/>\n Tel: 050 706 3152<br \/>\n <a href=\"http:\/\/www.weinco.at\">www.weinco.at<\/a><\/p>\n<div class=\"_2pi9 _2pi2\">\u00a0<\/div>\n","protected":false},"excerpt":{"rendered":"<p>Ein Sundowner in Salzburg? Am liebsten im WEIN &amp; CO am Platzl!\u00a0Im stilvollen Ambiente mit Blick auf die Linzergasse sind wohl schon so manche Pl\u00e4ne herangereift&#8230; Eine beinahe mediterrane Stimmung liegt an einem warmen Sommerabend im \u201eFlorenz des Nordens\u201c, wie Salzburg gerne bezeichnet wird, in der Luft. Genau die richtige Zeit, um bei einem guten [&hellip;]<\/p>\n","protected":false},"author":482,"featured_media":117025,"comment_status":"open","ping_status":"open","sticky":false,"template":"","format":"standard","meta":{"_acf_changed":false,"wl_entities_gutenberg":"","_wl_entity_redirect_enabled":"","footnotes":""},"categories":[7],"tags":[],"wl_entity_type":[306],"monatsauswahl":[82,83,84,85,86,87,88,89,90,91,92,93],"class_list":["post-117022","post","type-post","status-publish","format-standard","has-post-thumbnail","hentry","category-lifestyle","wl_entity_type-article","monatsauswahl-monat_1","monatsauswahl-monat_2","monatsauswahl-monat_3","monatsauswahl-monat_4","monatsauswahl-monat_5","monatsauswahl-monat_6","monatsauswahl-monat_7","monatsauswahl-monat_8","monatsauswahl-monat_9","monatsauswahl-monat_10","monatsauswahl-monat_11","monatsauswahl-monat_12"],"acf":[],"yoast_head":"<!-- This site is optimized with the Yoast SEO Premium plugin v27.4 (Yoast SEO v27.4) - https:\/\/yoast.com\/product\/yoast-seo-premium-wordpress\/ -->\n<title>Auf ein Glaserl mit echten Weinkennern - SalzburgerLand Magazin<\/title>\n<meta name=\"description\" content=\"Ein Sundowner in Salzburg? Am liebsten im WEIN &amp; CO am Platzl!\u00a0Im stilvollen Ambiente mit Blick auf die Linzergasse sind wohl schon so manche Pl\u00e4ne herangereift&#8230; Eine beinahe mediterrane Stimmung liegt an einem warmen Sommerabend im \u201eFlorenz des Nordens\u201c, wie Salzburg gerne bezeichnet wird, in der Luft. Genau die richtige Zeit, um bei einem guten [&hellip;]\" \/>\n<meta name=\"robots\" content=\"index, follow, max-snippet:-1, max-image-preview:large, max-video-preview:-1\" \/>\n<link rel=\"canonical\" href=\"https:\/\/www.salzburgerland.com\/de\/magazin\/auf-ein-glaserl-mit-echten-weinkennern\/\" \/>\n<meta property=\"og:locale\" content=\"de_DE\" \/>\n<meta property=\"og:type\" content=\"article\" \/>\n<meta property=\"og:title\" content=\"Auf ein Glaserl mit echten Weinkennern\" \/>\n<meta property=\"og:description\" content=\"Ein Sundowner in Salzburg? Am liebsten im WEIN &amp; CO am Platzl!\u00a0Im stilvollen Ambiente mit Blick auf die Linzergasse sind wohl schon so manche Pl\u00e4ne herangereift&#8230; Eine beinahe mediterrane Stimmung liegt an einem warmen Sommerabend im \u201eFlorenz des Nordens\u201c, wie Salzburg gerne bezeichnet wird, in der Luft. Genau die richtige Zeit, um bei einem guten [&hellip;]\" \/>\n<meta property=\"og:url\" content=\"https:\/\/www.salzburgerland.com\/de\/magazin\/auf-ein-glaserl-mit-echten-weinkennern\/\" \/>\n<meta property=\"og:site_name\" content=\"SalzburgerLand Magazin\" \/>\n<meta property=\"article:publisher\" content=\"https:\/\/www.facebook.com\/salzburgerland\/\" \/>\n<meta property=\"article:published_time\" content=\"2017-08-04T10:00:01+00:00\" \/>\n<meta property=\"article:modified_time\" content=\"2019-06-26T16:34:02+00:00\" \/>\n<meta property=\"og:image\" content=\"https:\/\/www.salzburgerland.com\/de\/magazin\/wp-content\/uploads\/2017\/07\/weinundco_bar_01-1920x1067.jpg\" \/>\n\t<meta property=\"og:image:width\" content=\"1600\" \/>\n\t<meta property=\"og:image:height\" content=\"889\" \/>\n\t<meta property=\"og:image:type\" content=\"image\/jpeg\" \/>\n<meta name=\"author\" content=\"Magdalena Lublasser-Fazal\" \/>\n<meta name=\"twitter:card\" content=\"summary_large_image\" \/>\n<meta name=\"twitter:creator\" content=\"@Salzburgerland\" \/>\n<meta name=\"twitter:site\" content=\"@Salzburgerland\" \/>\n<meta name=\"twitter:label1\" content=\"Verfasst von\" \/>\n\t<meta name=\"twitter:data1\" content=\"Magdalena Lublasser-Fazal\" \/>\n\t<meta name=\"twitter:label2\" content=\"Gesch\u00e4tzte Lesezeit\" \/>\n\t<meta name=\"twitter:data2\" content=\"2\u00a0Minuten\" \/>\n<script type=\"application\/ld+json\" class=\"yoast-schema-graph\">{\"@context\":\"https:\\\/\\\/schema.org\",\"@graph\":[{\"@type\":\"Article\",\"@id\":\"https:\\\/\\\/www.salzburgerland.com\\\/de\\\/magazin\\\/auf-ein-glaserl-mit-echten-weinkennern\\\/#article\",\"isPartOf\":{\"@id\":\"https:\\\/\\\/www.salzburgerland.com\\\/de\\\/magazin\\\/auf-ein-glaserl-mit-echten-weinkennern\\\/\"},\"author\":{\"name\":\"Magdalena Lublasser-Fazal\",\"@id\":\"https:\\\/\\\/www.salzburgerland.com\\\/de\\\/magazin\\\/#\\\/schema\\\/person\\\/f4e5670b6a3cc9fcea30e5908634464b\"},\"headline\":\"Auf ein Glaserl mit echten Weinkennern\",\"datePublished\":\"2017-08-04T10:00:01+00:00\",\"dateModified\":\"2019-06-26T16:34:02+00:00\",\"mainEntityOfPage\":{\"@id\":\"https:\\\/\\\/www.salzburgerland.com\\\/de\\\/magazin\\\/auf-ein-glaserl-mit-echten-weinkennern\\\/\"},\"wordCount\":380,\"commentCount\":0,\"publisher\":{\"@id\":\"https:\\\/\\\/www.salzburgerland.com\\\/de\\\/magazin\\\/#organization\"},\"image\":{\"@id\":\"https:\\\/\\\/www.salzburgerland.com\\\/de\\\/magazin\\\/auf-ein-glaserl-mit-echten-weinkennern\\\/#primaryimage\"},\"thumbnailUrl\":\"https:\\\/\\\/www.salzburgerland.com\\\/de\\\/magazin\\\/wp-content\\\/uploads\\\/2017\\\/07\\\/weinundco_bar_01-1920x1067.jpg\",\"articleSection\":[\"Lifestyle\"],\"inLanguage\":\"de\",\"potentialAction\":[{\"@type\":\"CommentAction\",\"name\":\"Comment\",\"target\":[\"https:\\\/\\\/www.salzburgerland.com\\\/de\\\/magazin\\\/auf-ein-glaserl-mit-echten-weinkennern\\\/#respond\"]}]},{\"@type\":\"WebPage\",\"@id\":\"https:\\\/\\\/www.salzburgerland.com\\\/de\\\/magazin\\\/auf-ein-glaserl-mit-echten-weinkennern\\\/\",\"url\":\"https:\\\/\\\/www.salzburgerland.com\\\/de\\\/magazin\\\/auf-ein-glaserl-mit-echten-weinkennern\\\/\",\"name\":\"Auf ein Glaserl mit echten Weinkennern - SalzburgerLand Magazin\",\"isPartOf\":{\"@id\":\"https:\\\/\\\/www.salzburgerland.com\\\/de\\\/magazin\\\/#website\"},\"primaryImageOfPage\":{\"@id\":\"https:\\\/\\\/www.salzburgerland.com\\\/de\\\/magazin\\\/auf-ein-glaserl-mit-echten-weinkennern\\\/#primaryimage\"},\"image\":{\"@id\":\"https:\\\/\\\/www.salzburgerland.com\\\/de\\\/magazin\\\/auf-ein-glaserl-mit-echten-weinkennern\\\/#primaryimage\"},\"thumbnailUrl\":\"https:\\\/\\\/www.salzburgerland.com\\\/de\\\/magazin\\\/wp-content\\\/uploads\\\/2017\\\/07\\\/weinundco_bar_01-1920x1067.jpg\",\"datePublished\":\"2017-08-04T10:00:01+00:00\",\"dateModified\":\"2019-06-26T16:34:02+00:00\",\"breadcrumb\":{\"@id\":\"https:\\\/\\\/www.salzburgerland.com\\\/de\\\/magazin\\\/auf-ein-glaserl-mit-echten-weinkennern\\\/#breadcrumb\"},\"inLanguage\":\"de\",\"potentialAction\":[{\"@type\":\"ReadAction\",\"target\":[\"https:\\\/\\\/www.salzburgerland.com\\\/de\\\/magazin\\\/auf-ein-glaserl-mit-echten-weinkennern\\\/\"]}]},{\"@type\":\"ImageObject\",\"inLanguage\":\"de\",\"@id\":\"https:\\\/\\\/www.salzburgerland.com\\\/de\\\/magazin\\\/auf-ein-glaserl-mit-echten-weinkennern\\\/#primaryimage\",\"url\":\"https:\\\/\\\/www.salzburgerland.com\\\/de\\\/magazin\\\/wp-content\\\/uploads\\\/2017\\\/07\\\/weinundco_bar_01-1920x1067.jpg\",\"contentUrl\":\"https:\\\/\\\/www.salzburgerland.com\\\/de\\\/magazin\\\/wp-content\\\/uploads\\\/2017\\\/07\\\/weinundco_bar_01-1920x1067.jpg\",\"width\":1600,\"height\":889,\"caption\":\"Wundersch\u00f6n im Sommer: Der Gastgarten direkt in der Linzergasse\"},{\"@type\":\"BreadcrumbList\",\"@id\":\"https:\\\/\\\/www.salzburgerland.com\\\/de\\\/magazin\\\/auf-ein-glaserl-mit-echten-weinkennern\\\/#breadcrumb\",\"itemListElement\":[{\"@type\":\"ListItem\",\"position\":1,\"name\":\"Startseite\",\"item\":\"https:\\\/\\\/www.salzburgerland.com\\\/de\\\/magazin\\\/\"},{\"@type\":\"ListItem\",\"position\":2,\"name\":\"Lifestyle\",\"item\":\"https:\\\/\\\/www.salzburgerland.com\\\/de\\\/magazin\\\/thema\\\/lifestyle\\\/\"},{\"@type\":\"ListItem\",\"position\":3,\"name\":\"Auf ein Glaserl mit echten Weinkennern\"}]},{\"@type\":\"WebSite\",\"@id\":\"https:\\\/\\\/www.salzburgerland.com\\\/de\\\/magazin\\\/#website\",\"url\":\"https:\\\/\\\/www.salzburgerland.com\\\/de\\\/magazin\\\/\",\"name\":\"SalzburgerLand Magazin\",\"description\":\"Geschichten und Interessantes aus dem SalzburgerLand\",\"publisher\":{\"@id\":\"https:\\\/\\\/www.salzburgerland.com\\\/de\\\/magazin\\\/#organization\"},\"potentialAction\":[{\"@type\":\"SearchAction\",\"target\":{\"@type\":\"EntryPoint\",\"urlTemplate\":\"https:\\\/\\\/www.salzburgerland.com\\\/de\\\/magazin\\\/?s={search_term_string}\"},\"query-input\":{\"@type\":\"PropertyValueSpecification\",\"valueRequired\":true,\"valueName\":\"search_term_string\"}}],\"inLanguage\":\"de\"},{\"@type\":\"Organization\",\"@id\":\"https:\\\/\\\/www.salzburgerland.com\\\/de\\\/magazin\\\/#organization\",\"name\":\"SalzburgerLand Tourismus\",\"url\":\"https:\\\/\\\/www.salzburgerland.com\\\/de\\\/magazin\\\/\",\"logo\":{\"@type\":\"ImageObject\",\"inLanguage\":\"de\",\"@id\":\"https:\\\/\\\/www.salzburgerland.com\\\/de\\\/magazin\\\/#\\\/schema\\\/logo\\\/image\\\/\",\"url\":\"https:\\\/\\\/www.salzburgerland.com\\\/de\\\/magazin\\\/wp-content\\\/uploads\\\/2019\\\/06\\\/salzburgerland-logo1.jpg\",\"contentUrl\":\"https:\\\/\\\/www.salzburgerland.com\\\/de\\\/magazin\\\/wp-content\\\/uploads\\\/2019\\\/06\\\/salzburgerland-logo1.jpg\",\"width\":2011,\"height\":866,\"caption\":\"SalzburgerLand Tourismus\"},\"image\":{\"@id\":\"https:\\\/\\\/www.salzburgerland.com\\\/de\\\/magazin\\\/#\\\/schema\\\/logo\\\/image\\\/\"},\"sameAs\":[\"https:\\\/\\\/www.facebook.com\\\/salzburgerland\\\/\",\"https:\\\/\\\/x.com\\\/Salzburgerland\",\"https:\\\/\\\/www.instagram.com\\\/salzburgerland\\\/\",\"https:\\\/\\\/at.linkedin.com\\\/company\\\/salzburgerland-tourismus-gmbh\",\"https:\\\/\\\/www.pinterest.at\\\/salzburgerland\\\/\",\"https:\\\/\\\/www.youtube.com\\\/user\\\/salzburgerland\",\"https:\\\/\\\/de.wikipedia.org\\\/wiki\\\/SalzburgerLand_Tourismus_GmbH\"]},{\"@type\":\"Person\",\"@id\":\"https:\\\/\\\/www.salzburgerland.com\\\/de\\\/magazin\\\/#\\\/schema\\\/person\\\/f4e5670b6a3cc9fcea30e5908634464b\",\"name\":\"Magdalena Lublasser-Fazal\",\"description\":\"Geboren im sch\u00f6nen Pinzgau, aufgewachsen in der kulturtr\u00e4chtigen Salzburger Altstadt und sesshaft geworden im Flachgau ist Magdalena Fazal-Ahmad ein Salzburgerin mit Leib und Seele. Dabei ist es die einzigartige Mischung, die f\u00fcr sie die Faszination ihrer Heimat ausmacht. An einem fr\u00fchen Fr\u00fchlingsmorgen den Sonnenaufgang hinter den Berggipfeln erleben, mit dem Fahrrad durch die Altstadt radeln und dabei Geschichte und Architektur bewundern und den Nachmittagskaffee auf der Sonnenterasse am M\u00f6nchsberg genie\u00dfen - so sieht ihr perfekter Tag aus. Wenn der Abend dann noch mit einem Sonnenuntergang am Gaisberg ausklingt, ist die Idylle perfekt.\u00a0 In Ihrer Freizeit besch\u00e4ftigt sie sich gerne mit Sport, Kultur, Kulinarik und Tradition. Und gl\u00fccklicherweise kann sie diese Interessen in ihrer Berufung als Freie Journalistin so sch\u00f6n vereinen. Fr\u00fchling, Sommer, Herbst oder Winter? Jede Jahreszeit hat ihre sch\u00f6nen Seiten und gerade diese Vielfalt ist es, die mir bestimmt abgehen w\u00fcrde, wenn ich in einer anderen Klimazone wohnen w\u00fcrde. Meine Mama sagt immer, das man die Jahreszeit am liebsten mag, in der man geboren ist. Und als M\u00e4rz-Kind hab ich den Fr\u00fchling schon besonders gerne. Morgen- oder Abendmensch? Definitiv Morgenmensch! Nichts ist sch\u00f6ner, als das Gef\u00fchl bereits vor Sonnenaufgang unterwegs zu sein und die einzigartige Stimmung beim Morgenlauf zu genie\u00dfen. So kann der Tag nur gut werden. Den Abend lasse ich am liebsten gem\u00fctlich bei einer Tasse Tee ausklingen. Salzburger Nockerl oder Schwarzbeernocken? Auch wenn der s\u00fc\u00dfe Eischnee f\u00fcr die imposanten Gipfel der Salzburger Berge steht sind mir die Schwarzbeernocken schon lieber - weniger s\u00fc\u00df und daf\u00fcr umso fruchtiger. Am besten schmecken sie nat\u00fcrlich mit selbstgepfl\u00fcckten Schwoazbeern von der morgendlichen Almwanderung. Haubenlokal oder Ab-Hof-Laden? So ein f\u00fcnf G\u00e4nge Men\u00fc mit ausgefallenen Kreationen ist schon ein besonderes Erlebnis und ein Mal im Jahr freue ich mich \u00fcber einen Ausflug in die Haute Cuisine. Der w\u00f6chentlichen Einkauf beim Bauern ums Eck ist ein fixer Bestandteil meines Alltags. Mountainbike oder Rennrad? Je nach Stimmung: Zum richtigen Auspowern und Wadlst\u00e4hlen geht`s mit dem Mountainbike \u00fcber Stock und Stein auf den Gaisberg, um den Kopf frei zu machen wird mit dem Rennrad eine Runde durchs Salzburger Seengebiet gedreht. &nbsp; &nbsp; &nbsp; &nbsp;\",\"url\":\"https:\\\/\\\/www.salzburgerland.com\\\/de\\\/magazin\\\/author\\\/magdalena-lublasser-fazal\\\/\"}]}<\/script>\n<!-- \/ Yoast SEO Premium plugin. -->","yoast_head_json":{"title":"Auf ein Glaserl mit echten Weinkennern - SalzburgerLand Magazin","description":"Ein Sundowner in Salzburg? Am liebsten im WEIN &amp; CO am Platzl!\u00a0Im stilvollen Ambiente mit Blick auf die Linzergasse sind wohl schon so manche Pl\u00e4ne herangereift&#8230; Eine beinahe mediterrane Stimmung liegt an einem warmen Sommerabend im \u201eFlorenz des Nordens\u201c, wie Salzburg gerne bezeichnet wird, in der Luft. Genau die richtige Zeit, um bei einem guten [&hellip;]","robots":{"index":"index","follow":"follow","max-snippet":"max-snippet:-1","max-image-preview":"max-image-preview:large","max-video-preview":"max-video-preview:-1"},"canonical":"https:\/\/www.salzburgerland.com\/de\/magazin\/auf-ein-glaserl-mit-echten-weinkennern\/","og_locale":"de_DE","og_type":"article","og_title":"Auf ein Glaserl mit echten Weinkennern","og_description":"Ein Sundowner in Salzburg? Am liebsten im WEIN &amp; CO am Platzl!\u00a0Im stilvollen Ambiente mit Blick auf die Linzergasse sind wohl schon so manche Pl\u00e4ne herangereift&#8230; Eine beinahe mediterrane Stimmung liegt an einem warmen Sommerabend im \u201eFlorenz des Nordens\u201c, wie Salzburg gerne bezeichnet wird, in der Luft. Genau die richtige Zeit, um bei einem guten [&hellip;]","og_url":"https:\/\/www.salzburgerland.com\/de\/magazin\/auf-ein-glaserl-mit-echten-weinkennern\/","og_site_name":"SalzburgerLand Magazin","article_publisher":"https:\/\/www.facebook.com\/salzburgerland\/","article_published_time":"2017-08-04T10:00:01+00:00","article_modified_time":"2019-06-26T16:34:02+00:00","og_image":[{"width":1600,"height":889,"url":"https:\/\/www.salzburgerland.com\/de\/magazin\/wp-content\/uploads\/2017\/07\/weinundco_bar_01-1920x1067.jpg","type":"image\/jpeg"}],"author":"Magdalena Lublasser-Fazal","twitter_card":"summary_large_image","twitter_creator":"@Salzburgerland","twitter_site":"@Salzburgerland","twitter_misc":{"Verfasst von":"Magdalena Lublasser-Fazal","Gesch\u00e4tzte Lesezeit":"2\u00a0Minuten"},"schema":{"@context":"https:\/\/schema.org","@graph":[{"@type":"Article","@id":"https:\/\/www.salzburgerland.com\/de\/magazin\/auf-ein-glaserl-mit-echten-weinkennern\/#article","isPartOf":{"@id":"https:\/\/www.salzburgerland.com\/de\/magazin\/auf-ein-glaserl-mit-echten-weinkennern\/"},"author":{"name":"Magdalena Lublasser-Fazal","@id":"https:\/\/www.salzburgerland.com\/de\/magazin\/#\/schema\/person\/f4e5670b6a3cc9fcea30e5908634464b"},"headline":"Auf ein Glaserl mit echten Weinkennern","datePublished":"2017-08-04T10:00:01+00:00","dateModified":"2019-06-26T16:34:02+00:00","mainEntityOfPage":{"@id":"https:\/\/www.salzburgerland.com\/de\/magazin\/auf-ein-glaserl-mit-echten-weinkennern\/"},"wordCount":380,"commentCount":0,"publisher":{"@id":"https:\/\/www.salzburgerland.com\/de\/magazin\/#organization"},"image":{"@id":"https:\/\/www.salzburgerland.com\/de\/magazin\/auf-ein-glaserl-mit-echten-weinkennern\/#primaryimage"},"thumbnailUrl":"https:\/\/www.salzburgerland.com\/de\/magazin\/wp-content\/uploads\/2017\/07\/weinundco_bar_01-1920x1067.jpg","articleSection":["Lifestyle"],"inLanguage":"de","potentialAction":[{"@type":"CommentAction","name":"Comment","target":["https:\/\/www.salzburgerland.com\/de\/magazin\/auf-ein-glaserl-mit-echten-weinkennern\/#respond"]}]},{"@type":"WebPage","@id":"https:\/\/www.salzburgerland.com\/de\/magazin\/auf-ein-glaserl-mit-echten-weinkennern\/","url":"https:\/\/www.salzburgerland.com\/de\/magazin\/auf-ein-glaserl-mit-echten-weinkennern\/","name":"Auf ein Glaserl mit echten Weinkennern - SalzburgerLand Magazin","isPartOf":{"@id":"https:\/\/www.salzburgerland.com\/de\/magazin\/#website"},"primaryImageOfPage":{"@id":"https:\/\/www.salzburgerland.com\/de\/magazin\/auf-ein-glaserl-mit-echten-weinkennern\/#primaryimage"},"image":{"@id":"https:\/\/www.salzburgerland.com\/de\/magazin\/auf-ein-glaserl-mit-echten-weinkennern\/#primaryimage"},"thumbnailUrl":"https:\/\/www.salzburgerland.com\/de\/magazin\/wp-content\/uploads\/2017\/07\/weinundco_bar_01-1920x1067.jpg","datePublished":"2017-08-04T10:00:01+00:00","dateModified":"2019-06-26T16:34:02+00:00","breadcrumb":{"@id":"https:\/\/www.salzburgerland.com\/de\/magazin\/auf-ein-glaserl-mit-echten-weinkennern\/#breadcrumb"},"inLanguage":"de","potentialAction":[{"@type":"ReadAction","target":["https:\/\/www.salzburgerland.com\/de\/magazin\/auf-ein-glaserl-mit-echten-weinkennern\/"]}]},{"@type":"ImageObject","inLanguage":"de","@id":"https:\/\/www.salzburgerland.com\/de\/magazin\/auf-ein-glaserl-mit-echten-weinkennern\/#primaryimage","url":"https:\/\/www.salzburgerland.com\/de\/magazin\/wp-content\/uploads\/2017\/07\/weinundco_bar_01-1920x1067.jpg","contentUrl":"https:\/\/www.salzburgerland.com\/de\/magazin\/wp-content\/uploads\/2017\/07\/weinundco_bar_01-1920x1067.jpg","width":1600,"height":889,"caption":"Wundersch\u00f6n im Sommer: Der Gastgarten direkt in der Linzergasse"},{"@type":"BreadcrumbList","@id":"https:\/\/www.salzburgerland.com\/de\/magazin\/auf-ein-glaserl-mit-echten-weinkennern\/#breadcrumb","itemListElement":[{"@type":"ListItem","position":1,"name":"Startseite","item":"https:\/\/www.salzburgerland.com\/de\/magazin\/"},{"@type":"ListItem","position":2,"name":"Lifestyle","item":"https:\/\/www.salzburgerland.com\/de\/magazin\/thema\/lifestyle\/"},{"@type":"ListItem","position":3,"name":"Auf ein Glaserl mit echten Weinkennern"}]},{"@type":"WebSite","@id":"https:\/\/www.salzburgerland.com\/de\/magazin\/#website","url":"https:\/\/www.salzburgerland.com\/de\/magazin\/","name":"SalzburgerLand Magazin","description":"Geschichten und Interessantes aus dem SalzburgerLand","publisher":{"@id":"https:\/\/www.salzburgerland.com\/de\/magazin\/#organization"},"potentialAction":[{"@type":"SearchAction","target":{"@type":"EntryPoint","urlTemplate":"https:\/\/www.salzburgerland.com\/de\/magazin\/?s={search_term_string}"},"query-input":{"@type":"PropertyValueSpecification","valueRequired":true,"valueName":"search_term_string"}}],"inLanguage":"de"},{"@type":"Organization","@id":"https:\/\/www.salzburgerland.com\/de\/magazin\/#organization","name":"SalzburgerLand Tourismus","url":"https:\/\/www.salzburgerland.com\/de\/magazin\/","logo":{"@type":"ImageObject","inLanguage":"de","@id":"https:\/\/www.salzburgerland.com\/de\/magazin\/#\/schema\/logo\/image\/","url":"https:\/\/www.salzburgerland.com\/de\/magazin\/wp-content\/uploads\/2019\/06\/salzburgerland-logo1.jpg","contentUrl":"https:\/\/www.salzburgerland.com\/de\/magazin\/wp-content\/uploads\/2019\/06\/salzburgerland-logo1.jpg","width":2011,"height":866,"caption":"SalzburgerLand Tourismus"},"image":{"@id":"https:\/\/www.salzburgerland.com\/de\/magazin\/#\/schema\/logo\/image\/"},"sameAs":["https:\/\/www.facebook.com\/salzburgerland\/","https:\/\/x.com\/Salzburgerland","https:\/\/www.instagram.com\/salzburgerland\/","https:\/\/at.linkedin.com\/company\/salzburgerland-tourismus-gmbh","https:\/\/www.pinterest.at\/salzburgerland\/","https:\/\/www.youtube.com\/user\/salzburgerland","https:\/\/de.wikipedia.org\/wiki\/SalzburgerLand_Tourismus_GmbH"]},{"@type":"Person","@id":"https:\/\/www.salzburgerland.com\/de\/magazin\/#\/schema\/person\/f4e5670b6a3cc9fcea30e5908634464b","name":"Magdalena Lublasser-Fazal","description":"Geboren im sch\u00f6nen Pinzgau, aufgewachsen in der kulturtr\u00e4chtigen Salzburger Altstadt und sesshaft geworden im Flachgau ist Magdalena Fazal-Ahmad ein Salzburgerin mit Leib und Seele. Dabei ist es die einzigartige Mischung, die f\u00fcr sie die Faszination ihrer Heimat ausmacht. An einem fr\u00fchen Fr\u00fchlingsmorgen den Sonnenaufgang hinter den Berggipfeln erleben, mit dem Fahrrad durch die Altstadt radeln und dabei Geschichte und Architektur bewundern und den Nachmittagskaffee auf der Sonnenterasse am M\u00f6nchsberg genie\u00dfen - so sieht ihr perfekter Tag aus. Wenn der Abend dann noch mit einem Sonnenuntergang am Gaisberg ausklingt, ist die Idylle perfekt.\u00a0 In Ihrer Freizeit besch\u00e4ftigt sie sich gerne mit Sport, Kultur, Kulinarik und Tradition. Und gl\u00fccklicherweise kann sie diese Interessen in ihrer Berufung als Freie Journalistin so sch\u00f6n vereinen. Fr\u00fchling, Sommer, Herbst oder Winter? Jede Jahreszeit hat ihre sch\u00f6nen Seiten und gerade diese Vielfalt ist es, die mir bestimmt abgehen w\u00fcrde, wenn ich in einer anderen Klimazone wohnen w\u00fcrde. Meine Mama sagt immer, das man die Jahreszeit am liebsten mag, in der man geboren ist. Und als M\u00e4rz-Kind hab ich den Fr\u00fchling schon besonders gerne. Morgen- oder Abendmensch? Definitiv Morgenmensch! Nichts ist sch\u00f6ner, als das Gef\u00fchl bereits vor Sonnenaufgang unterwegs zu sein und die einzigartige Stimmung beim Morgenlauf zu genie\u00dfen. So kann der Tag nur gut werden. Den Abend lasse ich am liebsten gem\u00fctlich bei einer Tasse Tee ausklingen. Salzburger Nockerl oder Schwarzbeernocken? Auch wenn der s\u00fc\u00dfe Eischnee f\u00fcr die imposanten Gipfel der Salzburger Berge steht sind mir die Schwarzbeernocken schon lieber - weniger s\u00fc\u00df und daf\u00fcr umso fruchtiger. Am besten schmecken sie nat\u00fcrlich mit selbstgepfl\u00fcckten Schwoazbeern von der morgendlichen Almwanderung. Haubenlokal oder Ab-Hof-Laden? So ein f\u00fcnf G\u00e4nge Men\u00fc mit ausgefallenen Kreationen ist schon ein besonderes Erlebnis und ein Mal im Jahr freue ich mich \u00fcber einen Ausflug in die Haute Cuisine. Der w\u00f6chentlichen Einkauf beim Bauern ums Eck ist ein fixer Bestandteil meines Alltags. Mountainbike oder Rennrad? Je nach Stimmung: Zum richtigen Auspowern und Wadlst\u00e4hlen geht`s mit dem Mountainbike \u00fcber Stock und Stein auf den Gaisberg, um den Kopf frei zu machen wird mit dem Rennrad eine Runde durchs Salzburger Seengebiet gedreht. &nbsp; &nbsp; &nbsp; &nbsp;","url":"https:\/\/www.salzburgerland.com\/de\/magazin\/author\/magdalena-lublasser-fazal\/"}]}},"_wl_alt_label":[],"wl:entity_url":"http:\/\/open.salzburgerland.com\/magazin\/post\/auf_ein_glaserl_mit_echten_weinkennern","_links":{"self":[{"href":"https:\/\/www.salzburgerland.com\/de\/magazin\/wp-json\/wp\/v2\/posts\/117022","targetHints":{"allow":["GET"]}}],"collection":[{"href":"https:\/\/www.salzburgerland.com\/de\/magazin\/wp-json\/wp\/v2\/posts"}],"about":[{"href":"https:\/\/www.salzburgerland.com\/de\/magazin\/wp-json\/wp\/v2\/types\/post"}],"author":[{"embeddable":true,"href":"https:\/\/www.salzburgerland.com\/de\/magazin\/wp-json\/wp\/v2\/users\/482"}],"replies":[{"embeddable":true,"href":"https:\/\/www.salzburgerland.com\/de\/magazin\/wp-json\/wp\/v2\/comments?post=117022"}],"version-history":[{"count":0,"href":"https:\/\/www.salzburgerland.com\/de\/magazin\/wp-json\/wp\/v2\/posts\/117022\/revisions"}],"wp:featuredmedia":[{"embeddable":true,"href":"https:\/\/www.salzburgerland.com\/de\/magazin\/wp-json\/wp\/v2\/media\/117025"}],"wp:attachment":[{"href":"https:\/\/www.salzburgerland.com\/de\/magazin\/wp-json\/wp\/v2\/media?parent=117022"}],"wp:term":[{"taxonomy":"category","embeddable":true,"href":"https:\/\/www.salzburgerland.com\/de\/magazin\/wp-json\/wp\/v2\/categories?post=117022"},{"taxonomy":"post_tag","embeddable":true,"href":"https:\/\/www.salzburgerland.com\/de\/magazin\/wp-json\/wp\/v2\/tags?post=117022"},{"taxonomy":"wl_entity_type","embeddable":true,"href":"https:\/\/www.salzburgerland.com\/de\/magazin\/wp-json\/wp\/v2\/wl_entity_type?post=117022"},{"taxonomy":"monatsauswahl","embeddable":true,"href":"https:\/\/www.salzburgerland.com\/de\/magazin\/wp-json\/wp\/v2\/monatsauswahl?post=117022"}],"curies":[{"name":"wp","href":"https:\/\/api.w.org\/{rel}","templated":true}]}}