{"id":116091,"date":"2017-06-30T08:00:36","date_gmt":"2017-06-30T06:00:36","guid":{"rendered":"https:\/\/www.salzburgerland.com\/de\/magazin\/?p=116091"},"modified":"2020-02-13T10:57:23","modified_gmt":"2020-02-13T09:57:23","slug":"lungaus-freibaeder-prickeln","status":"publish","type":"post","link":"https:\/\/www.salzburgerland.com\/de\/magazin\/lungaus-freibaeder-prickeln\/","title":{"rendered":"Lungaus Freib\u00e4der prickeln"},"content":{"rendered":"<p><strong>Der Lungau ist bekannt f\u00fcr Urspr\u00fcnglichkeit, nachhaltigen Tourismus, bergeweise Urlaubsgl\u00fcck und wehrhafte Burgen. Zahlreiche Freib\u00e4der erfrischen Ihren Urlaub im Lungau.<br \/>\n <\/strong><\/p>\n<p>Die Talsohle des Lungaus befindet sich durchwegs auf etwa 1.000 m Seeh\u00f6he, da ist das Klima mitunter schon montan &#8211; damit dem Badespa\u00df trotzdem nichts im Wege steht, sind Lungaus Freib\u00e4der nat\u00fcrlich beheizt!<\/p>\n<p><strong>Tipp:<\/strong> Heben Sie auch einmal den Blick aus dem sprudelnden Nass und lassen Sie die einzigartige Bergkulisse auf sich wirken!<\/p>\n<h3>Mauterndorf &#8211; Burg und Bad<\/h3>\n<p>Auf 1.035 m\u00b2 Wasserfl\u00e4che ist es selten still, wenn das <a href=\"http:\/\/www.mauterndorf.at\/de\/sommer\/aktivitaeten\/freizeit.html#freibad\" target=\"_blank\" rel=\"noopener noreferrer\">Freibad Mauterndorf<\/a>, ganz in der N\u00e4he des wundersch\u00f6nen historischen Ortskerns und der Burg Mauterndorf gelegen, ge\u00f6ffnet hat (Ende Mai bis Anfang September t\u00e4glich von 9:00 bis 19:00 Uhr). Mit Riesenwasserrutsche, Schwalldusche, Massagebank, Spielbach und verschiedensten Planschbecken f\u00fcr die Kleinsten bietet das Freibad f\u00fcr jeden Besucher das Richtige. Auch eine Minigolfanlage steht zur Verf\u00fcgung.<\/p>\n<figure id=\"attachment_116095\" aria-describedby=\"caption-attachment-116095\" style=\"width: 650px\" class=\"wp-caption aligncenter\"><img loading=\"lazy\" decoding=\"async\" class=\"size-singlePost wp-image-116095\" src=\"https:\/\/www.salzburgerland.com\/de\/magazin\/wp-content\/uploads\/2017\/06\/Freibad-Mauterndorf-650x435.jpg\" alt=\"\" width=\"650\" height=\"435\" \/><figcaption id=\"caption-attachment-116095\" class=\"wp-caption-text\">Freibad Mauterndorf \u00a9Marktgemeinde Mauterndorf<\/figcaption><\/figure>\n<h3>Mariapfarr &#8211; sonnenreichster Ort \u00d6sterreichs<\/h3>\n<p>Ob 30 Meter Sportbecken oder lustiges Familienbecken w\u00e4hlen Sie im <a href=\"http:\/\/www.samsunn.at\/freibad-vital-und-wellnesscenter-samsun-mariapfarr-lungau.html\" target=\"_blank\" rel=\"noopener noreferrer\">Freibad Mariapfarr<\/a> selbst. F\u00fcr die Kleinsten gibt es ein \u00fcbersichtliches Planschbecken f\u00fcr die ersten Erfahrungen im prickelnden Nass. Die gro\u00dfe Wasserfl\u00e4che ist umgeben von einer weitl\u00e4ufigen Liegewiese, die zum Entspannen, Sonne tanken und Panorama genie\u00dfen einl\u00e4dt. Ge\u00f6ffnet ist f\u00fcr alle Wasserfreunde von Anfang Juni bis Anfang September bei Sch\u00f6nwetter von 10:00 bis 19:00 Uhr.<\/p>\n<div class=\"mag-gallery\"><div class=\"row\"><div class=\"col-6 col-sm-4\"><figure><a class=\"thumb-container\" href=\"https:\/\/www.salzburgerland.com\/de\/magazin\/wp-content\/uploads\/2017\/06\/Freibad-Mariapfarr-3-1280x1024.jpg\">\t<picture><source media=\"(min-width: 576px)\" srcset=\"https:\/\/www.salzburgerland.com\/de\/magazin\/wp-content\/uploads\/2017\/06\/Freibad-Mariapfarr-3-325x209.jpg 325w, https:\/\/www.salzburgerland.com\/de\/magazin\/wp-content\/uploads\/2017\/06\/Freibad-Mariapfarr-3-249x160.jpg 249w\" \/><source media=\"(min-width: 0)\" srcset=\"https:\/\/www.salzburgerland.com\/de\/magazin\/wp-content\/uploads\/2017\/06\/Freibad-Mariapfarr-3-249x160.jpg 249w, https:\/\/www.salzburgerland.com\/de\/magazin\/wp-content\/uploads\/2017\/06\/Freibad-Mariapfarr-3-325x209.jpg 325w\" \/><img decoding=\"async\" alt=\"Freib\u00e4der mit Menschen, Gr\u00fcnfl\u00e4chen und Bergen im Hintergrund an einem sonnigen Tag.\" src=\"https:\/\/www.salzburgerland.com\/de\/magazin\/wp-content\/uploads\/2017\/06\/Freibad-Mariapfarr-3.jpg\" \/>\t<\/picture><\/a><\/figure><\/div><div class=\"col-6 col-sm-4\"><figure><a class=\"thumb-container\" href=\"https:\/\/www.salzburgerland.com\/de\/magazin\/wp-content\/uploads\/2017\/06\/Freibad-Mariapfarr-2-1280x1024.jpg\">\t<picture><source media=\"(min-width: 576px)\" srcset=\"https:\/\/www.salzburgerland.com\/de\/magazin\/wp-content\/uploads\/2017\/06\/Freibad-Mariapfarr-2-325x209.jpg 325w, https:\/\/www.salzburgerland.com\/de\/magazin\/wp-content\/uploads\/2017\/06\/Freibad-Mariapfarr-2-249x160.jpg 249w\" \/><source media=\"(min-width: 0)\" srcset=\"https:\/\/www.salzburgerland.com\/de\/magazin\/wp-content\/uploads\/2017\/06\/Freibad-Mariapfarr-2-249x160.jpg 249w, https:\/\/www.salzburgerland.com\/de\/magazin\/wp-content\/uploads\/2017\/06\/Freibad-Mariapfarr-2-325x209.jpg 325w\" \/><img decoding=\"async\" alt=\"\u00d6ffentliches Freibad, in dem man schwimmen, sich sonnen und entspannen kann, umgeben von gr\u00fcnen H\u00fcgeln und B\u00e4umen.\" src=\"https:\/\/www.salzburgerland.com\/de\/magazin\/wp-content\/uploads\/2017\/06\/Freibad-Mariapfarr-2.jpg\" \/>\t<\/picture><\/a><\/figure><\/div><div class=\"col-6 col-sm-4\"><figure><a class=\"thumb-container\" href=\"https:\/\/www.salzburgerland.com\/de\/magazin\/wp-content\/uploads\/2017\/06\/Freibad-Mariapfarr-1-1280x1024.jpg\">\t<picture><source media=\"(min-width: 576px)\" srcset=\"https:\/\/www.salzburgerland.com\/de\/magazin\/wp-content\/uploads\/2017\/06\/Freibad-Mariapfarr-1-325x209.jpg 325w, https:\/\/www.salzburgerland.com\/de\/magazin\/wp-content\/uploads\/2017\/06\/Freibad-Mariapfarr-1-249x160.jpg 249w\" \/><source media=\"(min-width: 0)\" srcset=\"https:\/\/www.salzburgerland.com\/de\/magazin\/wp-content\/uploads\/2017\/06\/Freibad-Mariapfarr-1-249x160.jpg 249w, https:\/\/www.salzburgerland.com\/de\/magazin\/wp-content\/uploads\/2017\/06\/Freibad-Mariapfarr-1-325x209.jpg 325w\" \/><img decoding=\"async\" alt=\"Luftaufnahme eines Au\u00dfenpools mit schwimmenden und sonnenbadenden Menschen und auf dem Rasen ausgebreiteten Handt\u00fcchern.\" src=\"https:\/\/www.salzburgerland.com\/de\/magazin\/wp-content\/uploads\/2017\/06\/Freibad-Mariapfarr-1.jpg\" \/>\t<\/picture><\/a><\/figure><\/div><\/div><\/div><figcaption><\/figcaption>\n<h3>BadeINSEL Tamsweg &#8211; Freibad in Lungaus Bezirkshauptstadt<\/h3>\n<p>Die <a href=\"http:\/\/www.badeinsel.at\" target=\"_blank\" rel=\"noopener noreferrer\">BadeINSEL<\/a> ist das ganze Jahr ge\u00f6ffnet. Im Sommer lockt sie mit einem gro\u00dfz\u00fcgigen Freibad, das mit Wasserrutsche, Sprungturm, Sportbecken, Beachvolleyballplatz und Minigolfanlage aufwartet. \u00dcber dem Kinderbecken sorgt ein Sonnensegel f\u00fcr schonendes Planschen. Die Liegewiese bietet Sonnen- und Schattenecken. So ist f\u00fcr jeden das Richtige dabei! Das Freibad ist t\u00e4glich von 9:00 bis 19:30 Uhr &#8211; von Ende Mai bis Mitte September ge\u00f6ffnet.<\/p>\n<p>Und bei Schlechtwetter und im Winter sorgt das Hallenbad t\u00e4glich von 10:00 bis 21:00 Uhr (im Sommer bei Freibadbetrieb 9:00 bis 21:00 Uhr) mit Massaged\u00fcsen, Wasserliegen, Wasserfall, Minirutsche und Bodensprudel f\u00fcr Entspannung, die 80 m lange Black-Hole Rutsche dagegen f\u00fcr Action pur. Auch ein Saunabereich mit 3 Saunen und gro\u00dfz\u00fcgigem Au\u00dfenbereich steht zur Verf\u00fcgung (<a href=\"http:\/\/www.badeinsel.at\/oeffnungszeiten-badeinsel-tamsweg-lungau.156.html\" target=\"_blank\" rel=\"noopener noreferrer\">\u00d6ffnungszeiten<\/a>).<\/p>\n<div class=\"mag-gallery\"><div class=\"row\"><div class=\"col-6 col-sm-4\"><figure><a class=\"thumb-container\" href=\"https:\/\/www.salzburgerland.com\/de\/magazin\/wp-content\/uploads\/2017\/06\/BadeINSEL-Tamweg-Die-Medienwerkstatt-GmbH-5580-Tamsweg-4-1280x1024.jpg\">\t<picture><source media=\"(min-width: 576px)\" srcset=\"https:\/\/www.salzburgerland.com\/de\/magazin\/wp-content\/uploads\/2017\/06\/BadeINSEL-Tamweg-Die-Medienwerkstatt-GmbH-5580-Tamsweg-4-325x209.jpg 325w, https:\/\/www.salzburgerland.com\/de\/magazin\/wp-content\/uploads\/2017\/06\/BadeINSEL-Tamweg-Die-Medienwerkstatt-GmbH-5580-Tamsweg-4-249x160.jpg 249w\" \/><source media=\"(min-width: 0)\" srcset=\"https:\/\/www.salzburgerland.com\/de\/magazin\/wp-content\/uploads\/2017\/06\/BadeINSEL-Tamweg-Die-Medienwerkstatt-GmbH-5580-Tamsweg-4-249x160.jpg 249w, https:\/\/www.salzburgerland.com\/de\/magazin\/wp-content\/uploads\/2017\/06\/BadeINSEL-Tamweg-Die-Medienwerkstatt-GmbH-5580-Tamsweg-4-325x209.jpg 325w\" \/><img decoding=\"async\" alt=\"Eine Person springt an einem sonnigen Tag von einem Sprungturm in ein Freibad, mit den Bergen im Hintergrund.\" src=\"https:\/\/www.salzburgerland.com\/de\/magazin\/wp-content\/uploads\/2017\/06\/BadeINSEL-Tamweg-Die-Medienwerkstatt-GmbH-5580-Tamsweg-4.jpg\" \/>\t<\/picture><\/a><\/figure><\/div><div class=\"col-6 col-sm-4\"><figure><a class=\"thumb-container\" href=\"https:\/\/www.salzburgerland.com\/de\/magazin\/wp-content\/uploads\/2017\/06\/BadeINSEL-Tamweg-Die-Medienwerkstatt-GmbH-5580-Tamsweg-2-1280x1024.jpg\">\t<picture><source media=\"(min-width: 576px)\" srcset=\"https:\/\/www.salzburgerland.com\/de\/magazin\/wp-content\/uploads\/2017\/06\/BadeINSEL-Tamweg-Die-Medienwerkstatt-GmbH-5580-Tamsweg-2-325x209.jpg 325w, https:\/\/www.salzburgerland.com\/de\/magazin\/wp-content\/uploads\/2017\/06\/BadeINSEL-Tamweg-Die-Medienwerkstatt-GmbH-5580-Tamsweg-2-249x160.jpg 249w\" \/><source media=\"(min-width: 0)\" srcset=\"https:\/\/www.salzburgerland.com\/de\/magazin\/wp-content\/uploads\/2017\/06\/BadeINSEL-Tamweg-Die-Medienwerkstatt-GmbH-5580-Tamsweg-2-249x160.jpg 249w, https:\/\/www.salzburgerland.com\/de\/magazin\/wp-content\/uploads\/2017\/06\/BadeINSEL-Tamweg-Die-Medienwerkstatt-GmbH-5580-Tamsweg-2-325x209.jpg 325w\" \/><img decoding=\"async\" alt=\"Au\u00dfenschwimmbad mit gelber und roter Wasserrutsche, umgeben von Gras und Bergen unter einem klaren blauen Himmel.\" src=\"https:\/\/www.salzburgerland.com\/de\/magazin\/wp-content\/uploads\/2017\/06\/BadeINSEL-Tamweg-Die-Medienwerkstatt-GmbH-5580-Tamsweg-2.jpg\" \/>\t<\/picture><\/a><\/figure><\/div><div class=\"col-6 col-sm-4\"><figure><a class=\"thumb-container\" href=\"https:\/\/www.salzburgerland.com\/de\/magazin\/wp-content\/uploads\/2017\/06\/BadeINSEL-Tamweg-Die-Medienwerkstatt-GmbH-5580-Tamsweg-5-1280x1024.jpg\">\t<picture><source media=\"(min-width: 576px)\" srcset=\"https:\/\/www.salzburgerland.com\/de\/magazin\/wp-content\/uploads\/2017\/06\/BadeINSEL-Tamweg-Die-Medienwerkstatt-GmbH-5580-Tamsweg-5-325x209.jpg 325w, https:\/\/www.salzburgerland.com\/de\/magazin\/wp-content\/uploads\/2017\/06\/BadeINSEL-Tamweg-Die-Medienwerkstatt-GmbH-5580-Tamsweg-5-249x160.jpg 249w\" \/><source media=\"(min-width: 0)\" srcset=\"https:\/\/www.salzburgerland.com\/de\/magazin\/wp-content\/uploads\/2017\/06\/BadeINSEL-Tamweg-Die-Medienwerkstatt-GmbH-5580-Tamsweg-5-249x160.jpg 249w, https:\/\/www.salzburgerland.com\/de\/magazin\/wp-content\/uploads\/2017\/06\/BadeINSEL-Tamweg-Die-Medienwerkstatt-GmbH-5580-Tamsweg-5-325x209.jpg 325w\" \/><img decoding=\"async\" alt=\"Freibad mit entspannten Menschen, Wasserrutschen und verschneiter Berglandschaft im Hintergrund.\" src=\"https:\/\/www.salzburgerland.com\/de\/magazin\/wp-content\/uploads\/2017\/06\/BadeINSEL-Tamweg-Die-Medienwerkstatt-GmbH-5580-Tamsweg-5.jpg\" \/>\t<\/picture><\/a><\/figure><\/div><\/div><\/div><figcaption><\/figcaption>\n<h3>St. Michael &#8211; Baden im Biosph\u00e4renpark<\/h3>\n<p>Im UNESCO Biosph\u00e4renpark liegt das <a href=\"http:\/\/www.sankt-michael.at\/schwimmbad.html\" target=\"_blank\" rel=\"noopener noreferrer\">Schwimmbad St. Michael<\/a>. Ein Sportbecken, ein famili\u00e4res Nichtschwimmerbecken, Planschbecken und ausgedehnte Liegewiesen bieten Platz und Erholung f\u00fcr die ganze Familie. Im Schwimmbadrestaurant \u201es\u2019Plantscherl\u201c gibt es kulinarische Erfrischung und St\u00e4rkung. Das Schwimmbad, bef\u00fcllt mit reinstem Lungauer Quellwasser, ist auf der Sonnenseite von St. Michael gelegen, beheizt und somit von Ende Mai bis Ende August f\u00fcr Urlauber und Einheimische ge\u00f6ffnet (bei Sch\u00f6nwetter t\u00e4glich von 9:00 bis 20:00 Uhr).<\/p>\n<div class=\"mag-gallery\"><div class=\"row\"><div class=\"col-6 col-sm-4\"><figure><a class=\"thumb-container\" href=\"https:\/\/www.salzburgerland.com\/de\/magazin\/wp-content\/uploads\/2017\/06\/Freibad-St.-Michael-c-Tourismusverband-St.-Michael-1-1280x1024.jpg\">\t<picture><source media=\"(min-width: 576px)\" srcset=\"https:\/\/www.salzburgerland.com\/de\/magazin\/wp-content\/uploads\/2017\/06\/Freibad-St.-Michael-c-Tourismusverband-St.-Michael-1-325x209.jpg 325w, https:\/\/www.salzburgerland.com\/de\/magazin\/wp-content\/uploads\/2017\/06\/Freibad-St.-Michael-c-Tourismusverband-St.-Michael-1-249x160.jpg 249w\" \/><source media=\"(min-width: 0)\" srcset=\"https:\/\/www.salzburgerland.com\/de\/magazin\/wp-content\/uploads\/2017\/06\/Freibad-St.-Michael-c-Tourismusverband-St.-Michael-1-249x160.jpg 249w, https:\/\/www.salzburgerland.com\/de\/magazin\/wp-content\/uploads\/2017\/06\/Freibad-St.-Michael-c-Tourismusverband-St.-Michael-1-325x209.jpg 325w\" \/><img decoding=\"async\" alt=\"Zwei leere Au\u00dfenbecken mit einer rosa Elefantenrutsche, Liegest\u00fchlen und B\u00e4umen im Hintergrund.\" src=\"https:\/\/www.salzburgerland.com\/de\/magazin\/wp-content\/uploads\/2017\/06\/Freibad-St.-Michael-c-Tourismusverband-St.-Michael-1.jpg\" \/>\t<\/picture><\/a><\/figure><\/div><div class=\"col-6 col-sm-4\"><figure><a class=\"thumb-container\" href=\"https:\/\/www.salzburgerland.com\/de\/magazin\/wp-content\/uploads\/2017\/06\/Freibad-St.-Michael-c-Tourismusverband-St.-Michael-3-1280x1024.jpg\">\t<picture><source media=\"(min-width: 576px)\" srcset=\"https:\/\/www.salzburgerland.com\/de\/magazin\/wp-content\/uploads\/2017\/06\/Freibad-St.-Michael-c-Tourismusverband-St.-Michael-3-325x209.jpg 325w, https:\/\/www.salzburgerland.com\/de\/magazin\/wp-content\/uploads\/2017\/06\/Freibad-St.-Michael-c-Tourismusverband-St.-Michael-3-249x160.jpg 249w\" \/><source media=\"(min-width: 0)\" srcset=\"https:\/\/www.salzburgerland.com\/de\/magazin\/wp-content\/uploads\/2017\/06\/Freibad-St.-Michael-c-Tourismusverband-St.-Michael-3-249x160.jpg 249w, https:\/\/www.salzburgerland.com\/de\/magazin\/wp-content\/uploads\/2017\/06\/Freibad-St.-Michael-c-Tourismusverband-St.-Michael-3-325x209.jpg 325w\" \/><img decoding=\"async\" alt=\"Freibad mit Menschen, umgeben von B\u00e4umen, H\u00fcgeln und H\u00e4usern an einem sonnigen Tag.\" src=\"https:\/\/www.salzburgerland.com\/de\/magazin\/wp-content\/uploads\/2017\/06\/Freibad-St.-Michael-c-Tourismusverband-St.-Michael-3.jpg\" \/>\t<\/picture><\/a><\/figure><\/div><div class=\"col-6 col-sm-4\"><figure><a class=\"thumb-container\" href=\"https:\/\/www.salzburgerland.com\/de\/magazin\/wp-content\/uploads\/2017\/06\/Freibad-St.-Michael-c-Tourismusverband-St.-Michael-2-1280x1024.jpg\">\t<picture><source media=\"(min-width: 576px)\" srcset=\"https:\/\/www.salzburgerland.com\/de\/magazin\/wp-content\/uploads\/2017\/06\/Freibad-St.-Michael-c-Tourismusverband-St.-Michael-2-325x209.jpg 325w, https:\/\/www.salzburgerland.com\/de\/magazin\/wp-content\/uploads\/2017\/06\/Freibad-St.-Michael-c-Tourismusverband-St.-Michael-2-249x160.jpg 249w\" \/><source media=\"(min-width: 0)\" srcset=\"https:\/\/www.salzburgerland.com\/de\/magazin\/wp-content\/uploads\/2017\/06\/Freibad-St.-Michael-c-Tourismusverband-St.-Michael-2-249x160.jpg 249w, https:\/\/www.salzburgerland.com\/de\/magazin\/wp-content\/uploads\/2017\/06\/Freibad-St.-Michael-c-Tourismusverband-St.-Michael-2-325x209.jpg 325w\" \/><img decoding=\"async\" alt=\"Au\u00dfenpool mit Liegest\u00fchlen, Sonnenschirmen und Blick auf die Berge, umgeben von Gr\u00fcnfl\u00e4chen und einem Sitzbereich.\" src=\"https:\/\/www.salzburgerland.com\/de\/magazin\/wp-content\/uploads\/2017\/06\/Freibad-St.-Michael-c-Tourismusverband-St.-Michael-2.jpg\" \/>\t<\/picture><\/a><\/figure><\/div><\/div><\/div><figcaption><\/figcaption>\n<p>Was ist schon bergeweise Urlaubsgl\u00fcck ohne einen Sprung ins k\u00fchle Nass? Der Salzburger Lungau bietet beides und verbindet so Sport, Spa\u00df, Erholung und Natur auf ganz au\u00dfergew\u00f6hnliche Art und Weise.<\/p>\n","protected":false},"excerpt":{"rendered":"<p>Der Lungau ist bekannt f\u00fcr Urspr\u00fcnglichkeit, nachhaltigen Tourismus, bergeweise Urlaubsgl\u00fcck und wehrhafte Burgen. Zahlreiche Freib\u00e4der erfrischen Ihren Urlaub im Lungau. Die Talsohle des Lungaus befindet sich durchwegs auf etwa 1.000 m Seeh\u00f6he, da ist das Klima mitunter schon montan &#8211; damit dem Badespa\u00df trotzdem nichts im Wege steht, sind Lungaus Freib\u00e4der nat\u00fcrlich beheizt! Tipp: Heben [&hellip;]<\/p>\n","protected":false},"author":535,"featured_media":116103,"comment_status":"open","ping_status":"open","sticky":false,"template":"","format":"standard","meta":{"_acf_changed":false,"wl_entities_gutenberg":"","_wl_entity_redirect_enabled":"","footnotes":""},"categories":[8],"tags":[231],"wl_entity_type":[306],"monatsauswahl":[86,87,88,89,90],"class_list":["post-116091","post","type-post","status-publish","format-standard","has-post-thumbnail","hentry","category-outdoor-sport","tag-family","wl_entity_type-article","monatsauswahl-monat_5","monatsauswahl-monat_6","monatsauswahl-monat_7","monatsauswahl-monat_8","monatsauswahl-monat_9"],"acf":[],"yoast_head":"<!-- This site is optimized with the Yoast SEO Premium plugin v27.4 (Yoast SEO v27.4) - https:\/\/yoast.com\/product\/yoast-seo-premium-wordpress\/ -->\n<title>Lungaus Freib\u00e4der prickeln - SalzburgerLand Magazin<\/title>\n<meta name=\"description\" content=\"Der Lungau ist bekannt f\u00fcr Urspr\u00fcnglichkeit, nachhaltigen Tourismus, bergeweise Urlaubsgl\u00fcck und wehrhafte Burgen. Zahlreiche Freib\u00e4der erfrischen Ihren Urlaub im Lungau. Die Talsohle des Lungaus befindet sich durchwegs auf etwa 1.000 m Seeh\u00f6he, da ist das Klima mitunter schon montan &#8211; damit dem Badespa\u00df trotzdem nichts im Wege steht, sind Lungaus Freib\u00e4der nat\u00fcrlich beheizt! Tipp: Heben [&hellip;]\" \/>\n<meta name=\"robots\" content=\"index, follow, max-snippet:-1, max-image-preview:large, max-video-preview:-1\" \/>\n<link rel=\"canonical\" href=\"https:\/\/www.salzburgerland.com\/de\/magazin\/lungaus-freibaeder-prickeln\/\" \/>\n<meta property=\"og:locale\" content=\"de_DE\" \/>\n<meta property=\"og:type\" content=\"article\" \/>\n<meta property=\"og:title\" content=\"Lungaus Freib\u00e4der prickeln\" \/>\n<meta property=\"og:description\" content=\"Der Lungau ist bekannt f\u00fcr Urspr\u00fcnglichkeit, nachhaltigen Tourismus, bergeweise Urlaubsgl\u00fcck und wehrhafte Burgen. Zahlreiche Freib\u00e4der erfrischen Ihren Urlaub im Lungau. Die Talsohle des Lungaus befindet sich durchwegs auf etwa 1.000 m Seeh\u00f6he, da ist das Klima mitunter schon montan &#8211; damit dem Badespa\u00df trotzdem nichts im Wege steht, sind Lungaus Freib\u00e4der nat\u00fcrlich beheizt! Tipp: Heben [&hellip;]\" \/>\n<meta property=\"og:url\" content=\"https:\/\/www.salzburgerland.com\/de\/magazin\/lungaus-freibaeder-prickeln\/\" \/>\n<meta property=\"og:site_name\" content=\"SalzburgerLand Magazin\" \/>\n<meta property=\"article:publisher\" content=\"https:\/\/www.facebook.com\/salzburgerland\/\" \/>\n<meta property=\"article:published_time\" content=\"2017-06-30T06:00:36+00:00\" \/>\n<meta property=\"article:modified_time\" content=\"2020-02-13T09:57:23+00:00\" \/>\n<meta property=\"og:image\" content=\"https:\/\/www.salzburgerland.com\/de\/magazin\/wp-content\/uploads\/2017\/06\/Sprungturm-BadeINSEL-Tamsweg-BadeINSEL.jpg\" \/>\n\t<meta property=\"og:image:width\" content=\"1600\" \/>\n\t<meta property=\"og:image:height\" content=\"1199\" \/>\n\t<meta property=\"og:image:type\" content=\"image\/jpeg\" \/>\n<meta name=\"author\" content=\"Andrea Conrad\" \/>\n<meta name=\"twitter:card\" content=\"summary_large_image\" \/>\n<meta name=\"twitter:creator\" content=\"@Salzburgerland\" \/>\n<meta name=\"twitter:site\" content=\"@Salzburgerland\" \/>\n<meta name=\"twitter:label1\" content=\"Verfasst von\" \/>\n\t<meta name=\"twitter:data1\" content=\"Andrea Conrad\" \/>\n\t<meta name=\"twitter:label2\" content=\"Gesch\u00e4tzte Lesezeit\" \/>\n\t<meta name=\"twitter:data2\" content=\"3\u00a0Minuten\" \/>\n<script type=\"application\/ld+json\" class=\"yoast-schema-graph\">{\"@context\":\"https:\\\/\\\/schema.org\",\"@graph\":[{\"@type\":\"Article\",\"@id\":\"https:\\\/\\\/www.salzburgerland.com\\\/de\\\/magazin\\\/lungaus-freibaeder-prickeln\\\/#article\",\"isPartOf\":{\"@id\":\"https:\\\/\\\/www.salzburgerland.com\\\/de\\\/magazin\\\/lungaus-freibaeder-prickeln\\\/\"},\"author\":{\"name\":\"Andrea Conrad\",\"@id\":\"https:\\\/\\\/www.salzburgerland.com\\\/de\\\/magazin\\\/#\\\/schema\\\/person\\\/c767f4347f744071f6184dcceaa12e1e\"},\"headline\":\"Lungaus Freib\u00e4der prickeln\",\"datePublished\":\"2017-06-30T06:00:36+00:00\",\"dateModified\":\"2020-02-13T09:57:23+00:00\",\"mainEntityOfPage\":{\"@id\":\"https:\\\/\\\/www.salzburgerland.com\\\/de\\\/magazin\\\/lungaus-freibaeder-prickeln\\\/\"},\"wordCount\":508,\"commentCount\":0,\"publisher\":{\"@id\":\"https:\\\/\\\/www.salzburgerland.com\\\/de\\\/magazin\\\/#organization\"},\"image\":{\"@id\":\"https:\\\/\\\/www.salzburgerland.com\\\/de\\\/magazin\\\/lungaus-freibaeder-prickeln\\\/#primaryimage\"},\"thumbnailUrl\":\"https:\\\/\\\/www.salzburgerland.com\\\/de\\\/magazin\\\/wp-content\\\/uploads\\\/2017\\\/06\\\/Sprungturm-BadeINSEL-Tamsweg-BadeINSEL.jpg\",\"keywords\":[\"Family-Time im SalzburgerLand\"],\"articleSection\":[\"Outdoor &amp; Sport\"],\"inLanguage\":\"de\",\"potentialAction\":[{\"@type\":\"CommentAction\",\"name\":\"Comment\",\"target\":[\"https:\\\/\\\/www.salzburgerland.com\\\/de\\\/magazin\\\/lungaus-freibaeder-prickeln\\\/#respond\"]}]},{\"@type\":\"WebPage\",\"@id\":\"https:\\\/\\\/www.salzburgerland.com\\\/de\\\/magazin\\\/lungaus-freibaeder-prickeln\\\/\",\"url\":\"https:\\\/\\\/www.salzburgerland.com\\\/de\\\/magazin\\\/lungaus-freibaeder-prickeln\\\/\",\"name\":\"Lungaus Freib\u00e4der prickeln - SalzburgerLand Magazin\",\"isPartOf\":{\"@id\":\"https:\\\/\\\/www.salzburgerland.com\\\/de\\\/magazin\\\/#website\"},\"primaryImageOfPage\":{\"@id\":\"https:\\\/\\\/www.salzburgerland.com\\\/de\\\/magazin\\\/lungaus-freibaeder-prickeln\\\/#primaryimage\"},\"image\":{\"@id\":\"https:\\\/\\\/www.salzburgerland.com\\\/de\\\/magazin\\\/lungaus-freibaeder-prickeln\\\/#primaryimage\"},\"thumbnailUrl\":\"https:\\\/\\\/www.salzburgerland.com\\\/de\\\/magazin\\\/wp-content\\\/uploads\\\/2017\\\/06\\\/Sprungturm-BadeINSEL-Tamsweg-BadeINSEL.jpg\",\"datePublished\":\"2017-06-30T06:00:36+00:00\",\"dateModified\":\"2020-02-13T09:57:23+00:00\",\"breadcrumb\":{\"@id\":\"https:\\\/\\\/www.salzburgerland.com\\\/de\\\/magazin\\\/lungaus-freibaeder-prickeln\\\/#breadcrumb\"},\"inLanguage\":\"de\",\"potentialAction\":[{\"@type\":\"ReadAction\",\"target\":[\"https:\\\/\\\/www.salzburgerland.com\\\/de\\\/magazin\\\/lungaus-freibaeder-prickeln\\\/\"]}]},{\"@type\":\"ImageObject\",\"inLanguage\":\"de\",\"@id\":\"https:\\\/\\\/www.salzburgerland.com\\\/de\\\/magazin\\\/lungaus-freibaeder-prickeln\\\/#primaryimage\",\"url\":\"https:\\\/\\\/www.salzburgerland.com\\\/de\\\/magazin\\\/wp-content\\\/uploads\\\/2017\\\/06\\\/Sprungturm-BadeINSEL-Tamsweg-BadeINSEL.jpg\",\"contentUrl\":\"https:\\\/\\\/www.salzburgerland.com\\\/de\\\/magazin\\\/wp-content\\\/uploads\\\/2017\\\/06\\\/Sprungturm-BadeINSEL-Tamsweg-BadeINSEL.jpg\",\"width\":1600,\"height\":1199,\"caption\":\"Eine Person springt von einem hohen Sprungbrett in ein Schwimmbecken und macht dabei einen gro\u00dfen Sprung, w\u00e4hrend andere sich in der N\u00e4he entspannen.\"},{\"@type\":\"BreadcrumbList\",\"@id\":\"https:\\\/\\\/www.salzburgerland.com\\\/de\\\/magazin\\\/lungaus-freibaeder-prickeln\\\/#breadcrumb\",\"itemListElement\":[{\"@type\":\"ListItem\",\"position\":1,\"name\":\"Startseite\",\"item\":\"https:\\\/\\\/www.salzburgerland.com\\\/de\\\/magazin\\\/\"},{\"@type\":\"ListItem\",\"position\":2,\"name\":\"Outdoor &amp; Sport\",\"item\":\"https:\\\/\\\/www.salzburgerland.com\\\/de\\\/magazin\\\/thema\\\/outdoor-sport\\\/\"},{\"@type\":\"ListItem\",\"position\":3,\"name\":\"Lungaus Freib\u00e4der prickeln\"}]},{\"@type\":\"WebSite\",\"@id\":\"https:\\\/\\\/www.salzburgerland.com\\\/de\\\/magazin\\\/#website\",\"url\":\"https:\\\/\\\/www.salzburgerland.com\\\/de\\\/magazin\\\/\",\"name\":\"SalzburgerLand Magazin\",\"description\":\"Geschichten und Interessantes aus dem SalzburgerLand\",\"publisher\":{\"@id\":\"https:\\\/\\\/www.salzburgerland.com\\\/de\\\/magazin\\\/#organization\"},\"potentialAction\":[{\"@type\":\"SearchAction\",\"target\":{\"@type\":\"EntryPoint\",\"urlTemplate\":\"https:\\\/\\\/www.salzburgerland.com\\\/de\\\/magazin\\\/?s={search_term_string}\"},\"query-input\":{\"@type\":\"PropertyValueSpecification\",\"valueRequired\":true,\"valueName\":\"search_term_string\"}}],\"inLanguage\":\"de\"},{\"@type\":\"Organization\",\"@id\":\"https:\\\/\\\/www.salzburgerland.com\\\/de\\\/magazin\\\/#organization\",\"name\":\"SalzburgerLand Tourismus\",\"url\":\"https:\\\/\\\/www.salzburgerland.com\\\/de\\\/magazin\\\/\",\"logo\":{\"@type\":\"ImageObject\",\"inLanguage\":\"de\",\"@id\":\"https:\\\/\\\/www.salzburgerland.com\\\/de\\\/magazin\\\/#\\\/schema\\\/logo\\\/image\\\/\",\"url\":\"https:\\\/\\\/www.salzburgerland.com\\\/de\\\/magazin\\\/wp-content\\\/uploads\\\/2019\\\/06\\\/salzburgerland-logo1.jpg\",\"contentUrl\":\"https:\\\/\\\/www.salzburgerland.com\\\/de\\\/magazin\\\/wp-content\\\/uploads\\\/2019\\\/06\\\/salzburgerland-logo1.jpg\",\"width\":2011,\"height\":866,\"caption\":\"SalzburgerLand Tourismus\"},\"image\":{\"@id\":\"https:\\\/\\\/www.salzburgerland.com\\\/de\\\/magazin\\\/#\\\/schema\\\/logo\\\/image\\\/\"},\"sameAs\":[\"https:\\\/\\\/www.facebook.com\\\/salzburgerland\\\/\",\"https:\\\/\\\/x.com\\\/Salzburgerland\",\"https:\\\/\\\/www.instagram.com\\\/salzburgerland\\\/\",\"https:\\\/\\\/at.linkedin.com\\\/company\\\/salzburgerland-tourismus-gmbh\",\"https:\\\/\\\/www.pinterest.at\\\/salzburgerland\\\/\",\"https:\\\/\\\/www.youtube.com\\\/user\\\/salzburgerland\",\"https:\\\/\\\/de.wikipedia.org\\\/wiki\\\/SalzburgerLand_Tourismus_GmbH\"]},{\"@type\":\"Person\",\"@id\":\"https:\\\/\\\/www.salzburgerland.com\\\/de\\\/magazin\\\/#\\\/schema\\\/person\\\/c767f4347f744071f6184dcceaa12e1e\",\"name\":\"Andrea Conrad\",\"description\":\"Aufgewachsen in Anif, Salzburgs gr\u00fcnem S\u00fcden, und zur Schule gegangen in der sch\u00f6nen Keltenstadt Hallein zog es sie nach der Matura nach Wien. Nach der Ausbildung zur Diplomierten Tourismuskauffrau im Modul in Wien und einigen Jahren im Wiener Tourismus kehrte sie \u00fcber S\u00fcdtirol und Hinterglemm nach Salzburg zur\u00fcck. 2010 und 2012 bekam sie hier ihre beiden T\u00f6chter, mit denen sie wieder in Anif heimisch geworden ist. Seit einigen Jahren ist sie nun als bed\u00fcrfnis- und l\u00f6sungsorientierte, ganzheitliche Humanenergetikerin und Systemische Coachin in eigener Praxis in Anif t\u00e4tig. Derzeit befindet sie sich in Ausbildung zur Lebens- und Sozialberaterin. Ehrenamtlich engagiert sie sich f\u00fcr den Verein #estutnichtweh, der sich unter dem Motto \\\"Mit uns wandert der M\u00fcll vom Berg ins Tal\\\" um die S\u00e4uberung der Bergwelt k\u00fcmmert. Wie hat da auch noch das Schreiben Platz? Geschichten zu schreiben ist ihr kreatives Ventil; eher unbeachtete, regionale Nischenthemen zu entdecken und bekannt zu machen, ihre gro\u00dfe Leidenschaft. Hobbies? Ihre freie Zeit verbringt sie am liebsten mit ihren Kindern und ihren Ausbildungen. Die Phantasie l\u00e4sst sie durch B\u00fccher reisen, Erdung holt sie sich in ihrem Blumen- und Gem\u00fcsegarten und beim Wandern und M\u00fcllsammeln in den Bergen des SalzburgerLandes. Fr\u00fchling, Sommer, Herbst oder Winter? Alle! Sommer wie Winter in die Berge - im Sommer wandern, im Winter Schifahren. Im Fr\u00fchling liebe ich es, mit meinen T\u00f6chtern Blumen zu pfl\u00fccken, im Herbst Bl\u00e4tter und Kastanien zu sammeln. Im Sommer k\u00f6nnte ich tagesf\u00fcllend durch die Salzburger und die Halleiner Altstadt flanieren, im Winter die Christkindlm\u00e4rkte im ganzen SalzburgerLand genie\u00dfen. Es ist einfach immer sch\u00f6n bei uns! Morgen- oder Abendmensch? Irgendwie beides! Zeitig raus aus den Federn und den Vormittag f\u00fcr die Schreiberei nutzen und mit meinen Kund*innen genie\u00dfen. Nachmittags sind meine Kids dran und wenn Abends noch Energie \u00fcbrig ist, darf es gerne eine gem\u00fctliche Runde mit Freunden und guten Gespr\u00e4chen sein. Buch oder Film? Ich habe schon immer gern gelesen. Seit ich mich auch intensiv dem Schreiben widme, brauche ich fast \u00fcberhaupt keine Filme mehr zum Zeitvertreib. Kr\u00e4utertee oder Zirbenschnaps? Ich liebe die frischen Kr\u00e4utertees der zahlreichen Kr\u00e4uterfeen, die in und um Salzburg das alte Wissen um Heilkr\u00e4uter, Wald- und Wiesensch\u00e4tze bewahren und weitergeben. Zirbenschnaps mag ich aber auch ;-) Dirndl oder Abendrobe? Dirndl und Lederhose! Immer fesch, immer gem\u00fctlich und immer passend! Ich freue mich unglaublich, dass beides in den letzten Jahren wieder Einzug in den Salzburger Alltag gehalten hat. Dein pers\u00f6nlicher Logenplatz im SalzburgerLand? Ich sch\u00e4tze meine Heimatgemeinde Anif sehr. Von hier aus ist man in wenigen Minuten in Salzburg oder Hallein und direkt im Gr\u00fcnen. Mein pers\u00f6nlicher Kraftplatz liegt im Lungau am Fanningberg, wo ich mit Vorliebe Energie tanke.\",\"url\":\"https:\\\/\\\/www.salzburgerland.com\\\/de\\\/magazin\\\/author\\\/andrea-conrad\\\/\"}]}<\/script>\n<!-- \/ Yoast SEO Premium plugin. -->","yoast_head_json":{"title":"Lungaus Freib\u00e4der prickeln - SalzburgerLand Magazin","description":"Der Lungau ist bekannt f\u00fcr Urspr\u00fcnglichkeit, nachhaltigen Tourismus, bergeweise Urlaubsgl\u00fcck und wehrhafte Burgen. Zahlreiche Freib\u00e4der erfrischen Ihren Urlaub im Lungau. Die Talsohle des Lungaus befindet sich durchwegs auf etwa 1.000 m Seeh\u00f6he, da ist das Klima mitunter schon montan &#8211; damit dem Badespa\u00df trotzdem nichts im Wege steht, sind Lungaus Freib\u00e4der nat\u00fcrlich beheizt! Tipp: Heben [&hellip;]","robots":{"index":"index","follow":"follow","max-snippet":"max-snippet:-1","max-image-preview":"max-image-preview:large","max-video-preview":"max-video-preview:-1"},"canonical":"https:\/\/www.salzburgerland.com\/de\/magazin\/lungaus-freibaeder-prickeln\/","og_locale":"de_DE","og_type":"article","og_title":"Lungaus Freib\u00e4der prickeln","og_description":"Der Lungau ist bekannt f\u00fcr Urspr\u00fcnglichkeit, nachhaltigen Tourismus, bergeweise Urlaubsgl\u00fcck und wehrhafte Burgen. Zahlreiche Freib\u00e4der erfrischen Ihren Urlaub im Lungau. Die Talsohle des Lungaus befindet sich durchwegs auf etwa 1.000 m Seeh\u00f6he, da ist das Klima mitunter schon montan &#8211; damit dem Badespa\u00df trotzdem nichts im Wege steht, sind Lungaus Freib\u00e4der nat\u00fcrlich beheizt! Tipp: Heben [&hellip;]","og_url":"https:\/\/www.salzburgerland.com\/de\/magazin\/lungaus-freibaeder-prickeln\/","og_site_name":"SalzburgerLand Magazin","article_publisher":"https:\/\/www.facebook.com\/salzburgerland\/","article_published_time":"2017-06-30T06:00:36+00:00","article_modified_time":"2020-02-13T09:57:23+00:00","og_image":[{"width":1600,"height":1199,"url":"https:\/\/www.salzburgerland.com\/de\/magazin\/wp-content\/uploads\/2017\/06\/Sprungturm-BadeINSEL-Tamsweg-BadeINSEL.jpg","type":"image\/jpeg"}],"author":"Andrea Conrad","twitter_card":"summary_large_image","twitter_creator":"@Salzburgerland","twitter_site":"@Salzburgerland","twitter_misc":{"Verfasst von":"Andrea Conrad","Gesch\u00e4tzte Lesezeit":"3\u00a0Minuten"},"schema":{"@context":"https:\/\/schema.org","@graph":[{"@type":"Article","@id":"https:\/\/www.salzburgerland.com\/de\/magazin\/lungaus-freibaeder-prickeln\/#article","isPartOf":{"@id":"https:\/\/www.salzburgerland.com\/de\/magazin\/lungaus-freibaeder-prickeln\/"},"author":{"name":"Andrea Conrad","@id":"https:\/\/www.salzburgerland.com\/de\/magazin\/#\/schema\/person\/c767f4347f744071f6184dcceaa12e1e"},"headline":"Lungaus Freib\u00e4der prickeln","datePublished":"2017-06-30T06:00:36+00:00","dateModified":"2020-02-13T09:57:23+00:00","mainEntityOfPage":{"@id":"https:\/\/www.salzburgerland.com\/de\/magazin\/lungaus-freibaeder-prickeln\/"},"wordCount":508,"commentCount":0,"publisher":{"@id":"https:\/\/www.salzburgerland.com\/de\/magazin\/#organization"},"image":{"@id":"https:\/\/www.salzburgerland.com\/de\/magazin\/lungaus-freibaeder-prickeln\/#primaryimage"},"thumbnailUrl":"https:\/\/www.salzburgerland.com\/de\/magazin\/wp-content\/uploads\/2017\/06\/Sprungturm-BadeINSEL-Tamsweg-BadeINSEL.jpg","keywords":["Family-Time im SalzburgerLand"],"articleSection":["Outdoor &amp; Sport"],"inLanguage":"de","potentialAction":[{"@type":"CommentAction","name":"Comment","target":["https:\/\/www.salzburgerland.com\/de\/magazin\/lungaus-freibaeder-prickeln\/#respond"]}]},{"@type":"WebPage","@id":"https:\/\/www.salzburgerland.com\/de\/magazin\/lungaus-freibaeder-prickeln\/","url":"https:\/\/www.salzburgerland.com\/de\/magazin\/lungaus-freibaeder-prickeln\/","name":"Lungaus Freib\u00e4der prickeln - SalzburgerLand Magazin","isPartOf":{"@id":"https:\/\/www.salzburgerland.com\/de\/magazin\/#website"},"primaryImageOfPage":{"@id":"https:\/\/www.salzburgerland.com\/de\/magazin\/lungaus-freibaeder-prickeln\/#primaryimage"},"image":{"@id":"https:\/\/www.salzburgerland.com\/de\/magazin\/lungaus-freibaeder-prickeln\/#primaryimage"},"thumbnailUrl":"https:\/\/www.salzburgerland.com\/de\/magazin\/wp-content\/uploads\/2017\/06\/Sprungturm-BadeINSEL-Tamsweg-BadeINSEL.jpg","datePublished":"2017-06-30T06:00:36+00:00","dateModified":"2020-02-13T09:57:23+00:00","breadcrumb":{"@id":"https:\/\/www.salzburgerland.com\/de\/magazin\/lungaus-freibaeder-prickeln\/#breadcrumb"},"inLanguage":"de","potentialAction":[{"@type":"ReadAction","target":["https:\/\/www.salzburgerland.com\/de\/magazin\/lungaus-freibaeder-prickeln\/"]}]},{"@type":"ImageObject","inLanguage":"de","@id":"https:\/\/www.salzburgerland.com\/de\/magazin\/lungaus-freibaeder-prickeln\/#primaryimage","url":"https:\/\/www.salzburgerland.com\/de\/magazin\/wp-content\/uploads\/2017\/06\/Sprungturm-BadeINSEL-Tamsweg-BadeINSEL.jpg","contentUrl":"https:\/\/www.salzburgerland.com\/de\/magazin\/wp-content\/uploads\/2017\/06\/Sprungturm-BadeINSEL-Tamsweg-BadeINSEL.jpg","width":1600,"height":1199,"caption":"Eine Person springt von einem hohen Sprungbrett in ein Schwimmbecken und macht dabei einen gro\u00dfen Sprung, w\u00e4hrend andere sich in der N\u00e4he entspannen."},{"@type":"BreadcrumbList","@id":"https:\/\/www.salzburgerland.com\/de\/magazin\/lungaus-freibaeder-prickeln\/#breadcrumb","itemListElement":[{"@type":"ListItem","position":1,"name":"Startseite","item":"https:\/\/www.salzburgerland.com\/de\/magazin\/"},{"@type":"ListItem","position":2,"name":"Outdoor &amp; Sport","item":"https:\/\/www.salzburgerland.com\/de\/magazin\/thema\/outdoor-sport\/"},{"@type":"ListItem","position":3,"name":"Lungaus Freib\u00e4der prickeln"}]},{"@type":"WebSite","@id":"https:\/\/www.salzburgerland.com\/de\/magazin\/#website","url":"https:\/\/www.salzburgerland.com\/de\/magazin\/","name":"SalzburgerLand Magazin","description":"Geschichten und Interessantes aus dem SalzburgerLand","publisher":{"@id":"https:\/\/www.salzburgerland.com\/de\/magazin\/#organization"},"potentialAction":[{"@type":"SearchAction","target":{"@type":"EntryPoint","urlTemplate":"https:\/\/www.salzburgerland.com\/de\/magazin\/?s={search_term_string}"},"query-input":{"@type":"PropertyValueSpecification","valueRequired":true,"valueName":"search_term_string"}}],"inLanguage":"de"},{"@type":"Organization","@id":"https:\/\/www.salzburgerland.com\/de\/magazin\/#organization","name":"SalzburgerLand Tourismus","url":"https:\/\/www.salzburgerland.com\/de\/magazin\/","logo":{"@type":"ImageObject","inLanguage":"de","@id":"https:\/\/www.salzburgerland.com\/de\/magazin\/#\/schema\/logo\/image\/","url":"https:\/\/www.salzburgerland.com\/de\/magazin\/wp-content\/uploads\/2019\/06\/salzburgerland-logo1.jpg","contentUrl":"https:\/\/www.salzburgerland.com\/de\/magazin\/wp-content\/uploads\/2019\/06\/salzburgerland-logo1.jpg","width":2011,"height":866,"caption":"SalzburgerLand Tourismus"},"image":{"@id":"https:\/\/www.salzburgerland.com\/de\/magazin\/#\/schema\/logo\/image\/"},"sameAs":["https:\/\/www.facebook.com\/salzburgerland\/","https:\/\/x.com\/Salzburgerland","https:\/\/www.instagram.com\/salzburgerland\/","https:\/\/at.linkedin.com\/company\/salzburgerland-tourismus-gmbh","https:\/\/www.pinterest.at\/salzburgerland\/","https:\/\/www.youtube.com\/user\/salzburgerland","https:\/\/de.wikipedia.org\/wiki\/SalzburgerLand_Tourismus_GmbH"]},{"@type":"Person","@id":"https:\/\/www.salzburgerland.com\/de\/magazin\/#\/schema\/person\/c767f4347f744071f6184dcceaa12e1e","name":"Andrea Conrad","description":"Aufgewachsen in Anif, Salzburgs gr\u00fcnem S\u00fcden, und zur Schule gegangen in der sch\u00f6nen Keltenstadt Hallein zog es sie nach der Matura nach Wien. Nach der Ausbildung zur Diplomierten Tourismuskauffrau im Modul in Wien und einigen Jahren im Wiener Tourismus kehrte sie \u00fcber S\u00fcdtirol und Hinterglemm nach Salzburg zur\u00fcck. 2010 und 2012 bekam sie hier ihre beiden T\u00f6chter, mit denen sie wieder in Anif heimisch geworden ist. Seit einigen Jahren ist sie nun als bed\u00fcrfnis- und l\u00f6sungsorientierte, ganzheitliche Humanenergetikerin und Systemische Coachin in eigener Praxis in Anif t\u00e4tig. Derzeit befindet sie sich in Ausbildung zur Lebens- und Sozialberaterin. Ehrenamtlich engagiert sie sich f\u00fcr den Verein #estutnichtweh, der sich unter dem Motto \"Mit uns wandert der M\u00fcll vom Berg ins Tal\" um die S\u00e4uberung der Bergwelt k\u00fcmmert. Wie hat da auch noch das Schreiben Platz? Geschichten zu schreiben ist ihr kreatives Ventil; eher unbeachtete, regionale Nischenthemen zu entdecken und bekannt zu machen, ihre gro\u00dfe Leidenschaft. Hobbies? Ihre freie Zeit verbringt sie am liebsten mit ihren Kindern und ihren Ausbildungen. Die Phantasie l\u00e4sst sie durch B\u00fccher reisen, Erdung holt sie sich in ihrem Blumen- und Gem\u00fcsegarten und beim Wandern und M\u00fcllsammeln in den Bergen des SalzburgerLandes. Fr\u00fchling, Sommer, Herbst oder Winter? Alle! Sommer wie Winter in die Berge - im Sommer wandern, im Winter Schifahren. Im Fr\u00fchling liebe ich es, mit meinen T\u00f6chtern Blumen zu pfl\u00fccken, im Herbst Bl\u00e4tter und Kastanien zu sammeln. Im Sommer k\u00f6nnte ich tagesf\u00fcllend durch die Salzburger und die Halleiner Altstadt flanieren, im Winter die Christkindlm\u00e4rkte im ganzen SalzburgerLand genie\u00dfen. Es ist einfach immer sch\u00f6n bei uns! Morgen- oder Abendmensch? Irgendwie beides! Zeitig raus aus den Federn und den Vormittag f\u00fcr die Schreiberei nutzen und mit meinen Kund*innen genie\u00dfen. Nachmittags sind meine Kids dran und wenn Abends noch Energie \u00fcbrig ist, darf es gerne eine gem\u00fctliche Runde mit Freunden und guten Gespr\u00e4chen sein. Buch oder Film? Ich habe schon immer gern gelesen. Seit ich mich auch intensiv dem Schreiben widme, brauche ich fast \u00fcberhaupt keine Filme mehr zum Zeitvertreib. Kr\u00e4utertee oder Zirbenschnaps? Ich liebe die frischen Kr\u00e4utertees der zahlreichen Kr\u00e4uterfeen, die in und um Salzburg das alte Wissen um Heilkr\u00e4uter, Wald- und Wiesensch\u00e4tze bewahren und weitergeben. Zirbenschnaps mag ich aber auch ;-) Dirndl oder Abendrobe? Dirndl und Lederhose! Immer fesch, immer gem\u00fctlich und immer passend! Ich freue mich unglaublich, dass beides in den letzten Jahren wieder Einzug in den Salzburger Alltag gehalten hat. Dein pers\u00f6nlicher Logenplatz im SalzburgerLand? Ich sch\u00e4tze meine Heimatgemeinde Anif sehr. Von hier aus ist man in wenigen Minuten in Salzburg oder Hallein und direkt im Gr\u00fcnen. Mein pers\u00f6nlicher Kraftplatz liegt im Lungau am Fanningberg, wo ich mit Vorliebe Energie tanke.","url":"https:\/\/www.salzburgerland.com\/de\/magazin\/author\/andrea-conrad\/"}]}},"_wl_alt_label":[],"wl:entity_url":"http:\/\/open.salzburgerland.com\/magazin\/post\/lungaus_freibaeder_prickeln","_links":{"self":[{"href":"https:\/\/www.salzburgerland.com\/de\/magazin\/wp-json\/wp\/v2\/posts\/116091","targetHints":{"allow":["GET"]}}],"collection":[{"href":"https:\/\/www.salzburgerland.com\/de\/magazin\/wp-json\/wp\/v2\/posts"}],"about":[{"href":"https:\/\/www.salzburgerland.com\/de\/magazin\/wp-json\/wp\/v2\/types\/post"}],"author":[{"embeddable":true,"href":"https:\/\/www.salzburgerland.com\/de\/magazin\/wp-json\/wp\/v2\/users\/535"}],"replies":[{"embeddable":true,"href":"https:\/\/www.salzburgerland.com\/de\/magazin\/wp-json\/wp\/v2\/comments?post=116091"}],"version-history":[{"count":0,"href":"https:\/\/www.salzburgerland.com\/de\/magazin\/wp-json\/wp\/v2\/posts\/116091\/revisions"}],"wp:featuredmedia":[{"embeddable":true,"href":"https:\/\/www.salzburgerland.com\/de\/magazin\/wp-json\/wp\/v2\/media\/116103"}],"wp:attachment":[{"href":"https:\/\/www.salzburgerland.com\/de\/magazin\/wp-json\/wp\/v2\/media?parent=116091"}],"wp:term":[{"taxonomy":"category","embeddable":true,"href":"https:\/\/www.salzburgerland.com\/de\/magazin\/wp-json\/wp\/v2\/categories?post=116091"},{"taxonomy":"post_tag","embeddable":true,"href":"https:\/\/www.salzburgerland.com\/de\/magazin\/wp-json\/wp\/v2\/tags?post=116091"},{"taxonomy":"wl_entity_type","embeddable":true,"href":"https:\/\/www.salzburgerland.com\/de\/magazin\/wp-json\/wp\/v2\/wl_entity_type?post=116091"},{"taxonomy":"monatsauswahl","embeddable":true,"href":"https:\/\/www.salzburgerland.com\/de\/magazin\/wp-json\/wp\/v2\/monatsauswahl?post=116091"}],"curies":[{"name":"wp","href":"https:\/\/api.w.org\/{rel}","templated":true}]}}