{"id":115422,"date":"2017-06-16T08:00:38","date_gmt":"2017-06-16T06:00:38","guid":{"rendered":"https:\/\/www.salzburgerland.com\/de\/magazin\/?p=115422"},"modified":"2019-06-26T18:37:43","modified_gmt":"2019-06-26T16:37:43","slug":"stadtrad-radeln-mit-stil","status":"publish","type":"post","link":"https:\/\/www.salzburgerland.com\/de\/magazin\/stadtrad-radeln-mit-stil\/","title":{"rendered":"Stadtrad: Radeln mit Stil"},"content":{"rendered":"<p><strong>Servus die Wadln! Im neuen \u201eStadtrad&#8220;-Shop im Salzburger Andr\u00e4viertel gibt es seit 1. M\u00e4rz 2017 viele sch\u00f6ne und bunte Gr\u00fcnde daf\u00fcr,\u00a0das Auto hin und wieder gegen den Drahtesel einzutauschen. Neben nostalgischem Hollandrad und schickem Retrobike stehen im \u201eStadtrad&#8220; \u00fcbrigens auch flotte E-Bikes zum Verkauf.\u00a0<\/strong><\/p>\n<p>Sch\u00f6n schauen sie aus, die vielen verschiedenen R\u00e4der, die\u00a0aufgef\u00e4delt wie an einer Perlenkette im Verkaufsraum des <a href=\"http:\/\/www.stadtrad.at\/\" target=\"_blank\" rel=\"noopener noreferrer\">Stadtrad<\/a> stehen und auf neue Besitzer warten. Von klassischem schwarz \u00fcber edles dunkelgr\u00fcn bis hin zu fr\u00f6hlichen Pastellt\u00f6nen ist optisch f\u00fcr jeden Geschmack etwas dabei. Eigentlich h\u00e4tte sie ja gerne noch mehr R\u00e4der, gesteht Gabriele Endl, die das Stadtrad gemeinsam mit ihrer Freundin Anne Rettenbacher im Fr\u00fchjahr 2017 aufgesperrt hat.\u00a0Und das Angebot wird auch nach wie vor erweitert. Angefangen haben die beiden mit E-Bikes, mittlerweile gibt es im Stadtrad\u00a0in der Franz-Josef-Stra\u00dfe au\u00dferdem\u00a0Hollandr\u00e4der, Retrobikes\u00a0oder auch Klappr\u00e4der zu kaufen.\u00a0Und die passenden, schicken Accessoires dazu, wie zum Beispiel Taschen von Ortlieb, bunte Fahrradklingeln, Einkaufs- oder Flechtk\u00f6rbe und die dazupassenden (Kunst-) Blumen in fast allen Farben, praktische Shopper-Taschen, die mittels Adapter hinten am Rad befestigt werden k\u00f6nnen, Schl\u00f6sser, Helme und noch einiges mehr. Ein buntes Paradies f\u00fcr Fahrradliebhaber.\u00a0<\/p>\n<figure id=\"attachment_115425\" aria-describedby=\"caption-attachment-115425\" style=\"width: 650px\" class=\"wp-caption alignnone\"><img loading=\"lazy\" decoding=\"async\" class=\"wp-image-115425 size-singlePost\" src=\"https:\/\/www.salzburgerland.com\/de\/magazin\/wp-content\/uploads\/2017\/05\/christina_schreibt_Stadtrad_2-650x435.jpg\" alt=\"\" width=\"650\" height=\"435\" \/><figcaption id=\"caption-attachment-115425\" class=\"wp-caption-text\">Ein Radshop, mitten im sch\u00f6nen Andr\u00e4viertel.<\/figcaption><\/figure>\n<h3><strong>Urbanes Radfahren im Trend<\/strong><\/h3>\n<p>Radfahren ist f\u00fcr Gabi\u00a0etwas allt\u00e4gliches, etwas, auf das sie nicht mehr verzichten m\u00f6chte. \u201eIch fahr einfach wahnsinnig gerne mit dem Radl. Viel lieber als mit dem Auto \u2013 ich hab nicht mal mehr ein Auto&#8220;, lacht Gabi. \u201eIch bin selbst in Salzbug geboren und hab mir gedacht, es w\u00e4re doch sch\u00f6n, wenn es mitten in der Innenstadt ein Gesch\u00e4ft g\u00e4be, in dem man fesche und komfortable R\u00e4der kaufen kann. Und so hat sich das ergeben: meine Gesch\u00e4ftspartnerin und Freundin Anne und ich haben das Stadtrad aufgemacht.&#8220; &#8222;Das urbane Radfahren, wie es in Holland oder D\u00e4nemark schon lange an der Tagesordnung ist, ist jetzt auch bei uns auf dem besten Weg, ein Trend zu werden&#8220;, sagt Gabi. \u201eZu uns kommen Menschen, die ein sch\u00f6nes, individuelles Rad m\u00f6chten und die, die pers\u00f6nliche Beratung sch\u00e4tzen.&#8220;\u00a0<\/p>\n<figure id=\"attachment_115428\" aria-describedby=\"caption-attachment-115428\" style=\"width: 650px\" class=\"wp-caption alignnone\"><img loading=\"lazy\" decoding=\"async\" class=\"wp-image-115428 size-singlePost\" src=\"https:\/\/www.salzburgerland.com\/de\/magazin\/wp-content\/uploads\/2017\/05\/christina_schreibt_Stadtrad_5-650x435.jpg\" alt=\"\" width=\"650\" height=\"435\" \/><figcaption id=\"caption-attachment-115428\" class=\"wp-caption-text\">Ortlieb-Taschen sind treue Begleiter f\u00fcr das Rad: wasserdicht, praktisch, quasi unkaputtbar.<\/figcaption><\/figure>\n<h3>Schrauben und viel Fingerspitzengef\u00fchl: die Werkstatt<\/h3>\n<p>Wir fragen Gabi, welches der vielen R\u00e4der im sch\u00f6nen Stadtrad-Shop ihr pers\u00f6nliches Lieblingsrad ist. Da muss sie nicht lange \u00fcberlegen: \u201eDas gr\u00fcne Hollandrad. Das hat vorne ein ger\u00e4umiges K\u00f6rberl, was f\u00fcr den Einkauf, zum Beispiel auf der <a href=\"https:\/\/www.salzburgerland.com\/de\/magazin\/einkaufen-auf-der-schranne-mit-andreas-gfrerer\/\" target=\"_blank\" rel=\"noopener noreferrer\">Schranne<\/a>, perfekt ist. Au\u00dferdem hat es einen sch\u00f6nen Echtledersattel, da kann man sich dann noch ein sch\u00f6nes Deckerl dazukaufen. Und so ist es\u00a0dann das perfekte Stadtrad mit Charakter.&#8220; Und ein treuer Begleiter\u00a0durch die ganze Stadt.\u00a0Manchmal ist aber selbst in den besten Beziehungen die Luft raus. In solchen\u00a0(Not-)F\u00e4llen oder auch, um den Rundum-Fr\u00fchlingscheck\u00a0machen zu lassen, ist man beim Stadtrad ebenfalls goldrichtig. Im hinteren Teil des Verkaufsraums befindet sich n\u00e4mlich die Werkstatt \u2013 das Reich von Ronny H\u00f6rmann,\u00a0Mechaniker mit Herz und Seele und in der Fahrrad-Szene kein Unbekannter. Das liegt daran, dass er seinen Beruf mit Leidenschaft macht \u2013 und mit viel Fingerspitzengef\u00fchl. So etwas spricht sich nat\u00fcrlich herum, deshalb sollte man f\u00fcr Service-Termine auch vorher anrufen und einen Termin ausmachen, r\u00e4t Gabi. Gut gepflegt und regelm\u00e4\u00dfig gecheckt, hat man dann auch sicher viele Jahre Freude mit seinem sch\u00f6nen Stadtrad. Und ist bestens ger\u00fcstet f\u00fcr Schrannen-Einkauf, Kaffeehaus-Ausfahrt und alle anderen Abenteuer, die da noch auf uns warten.\u00a0\u00a0<\/p>\n<figure id=\"attachment_115432\" aria-describedby=\"caption-attachment-115432\" style=\"width: 650px\" class=\"wp-caption alignnone\"><img loading=\"lazy\" decoding=\"async\" class=\"wp-image-115432 size-singlePost\" src=\"https:\/\/www.salzburgerland.com\/de\/magazin\/wp-content\/uploads\/2017\/05\/christina_schreibt_Stadtrad_9-650x435.jpg\" alt=\"\" width=\"650\" height=\"435\" \/><figcaption id=\"caption-attachment-115432\" class=\"wp-caption-text\">Gabis\u00a0Lieblingsrad: der gr\u00fcne Holl\u00e4nder.<\/figcaption><\/figure>\n<div class=\"mag-gallery\"><div class=\"row\"><div class=\"col-6 col-sm-4\"><figure><a class=\"thumb-container\" href=\"https:\/\/www.salzburgerland.com\/de\/magazin\/wp-content\/uploads\/2017\/05\/christina_schreibt_Stadtrad_6-1280x1024.jpg\">\t<picture><source media=\"(min-width: 576px)\" srcset=\"https:\/\/www.salzburgerland.com\/de\/magazin\/wp-content\/uploads\/2017\/05\/christina_schreibt_Stadtrad_6-325x209.jpg 325w, https:\/\/www.salzburgerland.com\/de\/magazin\/wp-content\/uploads\/2017\/05\/christina_schreibt_Stadtrad_6-249x160.jpg 249w\" \/><source media=\"(min-width: 0)\" srcset=\"https:\/\/www.salzburgerland.com\/de\/magazin\/wp-content\/uploads\/2017\/05\/christina_schreibt_Stadtrad_6-249x160.jpg 249w, https:\/\/www.salzburgerland.com\/de\/magazin\/wp-content\/uploads\/2017\/05\/christina_schreibt_Stadtrad_6-325x209.jpg 325w\" \/><img decoding=\"async\" alt=\"\" src=\"https:\/\/www.salzburgerland.com\/de\/magazin\/wp-content\/uploads\/2017\/05\/christina_schreibt_Stadtrad_6.jpg\" \/>\t<\/picture><\/a><\/figure><\/div><div class=\"col-6 col-sm-4\"><figure><a class=\"thumb-container\" href=\"https:\/\/www.salzburgerland.com\/de\/magazin\/wp-content\/uploads\/2017\/05\/christina_schreibt_Stadtrad_4-1280x1024.jpg\">\t<picture><source media=\"(min-width: 576px)\" srcset=\"https:\/\/www.salzburgerland.com\/de\/magazin\/wp-content\/uploads\/2017\/05\/christina_schreibt_Stadtrad_4-325x209.jpg 325w, https:\/\/www.salzburgerland.com\/de\/magazin\/wp-content\/uploads\/2017\/05\/christina_schreibt_Stadtrad_4-249x160.jpg 249w\" \/><source media=\"(min-width: 0)\" srcset=\"https:\/\/www.salzburgerland.com\/de\/magazin\/wp-content\/uploads\/2017\/05\/christina_schreibt_Stadtrad_4-249x160.jpg 249w, https:\/\/www.salzburgerland.com\/de\/magazin\/wp-content\/uploads\/2017\/05\/christina_schreibt_Stadtrad_4-325x209.jpg 325w\" \/><img decoding=\"async\" alt=\"\" src=\"https:\/\/www.salzburgerland.com\/de\/magazin\/wp-content\/uploads\/2017\/05\/christina_schreibt_Stadtrad_4.jpg\" \/>\t<\/picture><\/a><\/figure><\/div><div class=\"col-6 col-sm-4\"><figure><a class=\"thumb-container\" href=\"https:\/\/www.salzburgerland.com\/de\/magazin\/wp-content\/uploads\/2017\/05\/christina_schreibt_Stadtrad_8-1280x1024.jpg\">\t<picture><source media=\"(min-width: 576px)\" srcset=\"https:\/\/www.salzburgerland.com\/de\/magazin\/wp-content\/uploads\/2017\/05\/christina_schreibt_Stadtrad_8-325x209.jpg 325w, https:\/\/www.salzburgerland.com\/de\/magazin\/wp-content\/uploads\/2017\/05\/christina_schreibt_Stadtrad_8-249x160.jpg 249w\" \/><source media=\"(min-width: 0)\" srcset=\"https:\/\/www.salzburgerland.com\/de\/magazin\/wp-content\/uploads\/2017\/05\/christina_schreibt_Stadtrad_8-249x160.jpg 249w, https:\/\/www.salzburgerland.com\/de\/magazin\/wp-content\/uploads\/2017\/05\/christina_schreibt_Stadtrad_8-325x209.jpg 325w\" \/><img decoding=\"async\" alt=\"\" src=\"https:\/\/www.salzburgerland.com\/de\/magazin\/wp-content\/uploads\/2017\/05\/christina_schreibt_Stadtrad_8.jpg\" \/>\t<\/picture><\/a><\/figure><\/div><\/div><\/div><figcaption><\/figcaption>\n<p><em>Fotocredits \u00a9 christina-schreibt.at<\/em><\/p>\n","protected":false},"excerpt":{"rendered":"<p>Servus die Wadln! Im neuen \u201eStadtrad&#8220;-Shop im Salzburger Andr\u00e4viertel gibt es seit 1. M\u00e4rz 2017 viele sch\u00f6ne und bunte Gr\u00fcnde daf\u00fcr,\u00a0das Auto hin und wieder gegen den Drahtesel einzutauschen. Neben nostalgischem Hollandrad und schickem Retrobike stehen im \u201eStadtrad&#8220; \u00fcbrigens auch flotte E-Bikes zum Verkauf.\u00a0 Sch\u00f6n schauen sie aus, die vielen verschiedenen R\u00e4der, die\u00a0aufgef\u00e4delt wie an [&hellip;]<\/p>\n","protected":false},"author":333,"featured_media":115433,"comment_status":"open","ping_status":"open","sticky":false,"template":"","format":"standard","meta":{"_acf_changed":false,"wl_entities_gutenberg":"","_wl_entity_redirect_enabled":"","footnotes":""},"categories":[5],"tags":[],"wl_entity_type":[306],"monatsauswahl":[82,83,84,85,86,87,88,89,90,91,92,93],"class_list":["post-115422","post","type-post","status-publish","format-standard","has-post-thumbnail","hentry","category-hotel-reise","wl_entity_type-article","monatsauswahl-monat_1","monatsauswahl-monat_2","monatsauswahl-monat_3","monatsauswahl-monat_4","monatsauswahl-monat_5","monatsauswahl-monat_6","monatsauswahl-monat_7","monatsauswahl-monat_8","monatsauswahl-monat_9","monatsauswahl-monat_10","monatsauswahl-monat_11","monatsauswahl-monat_12"],"acf":[],"yoast_head":"<!-- This site is optimized with the Yoast SEO Premium plugin v27.4 (Yoast SEO v27.4) - https:\/\/yoast.com\/product\/yoast-seo-premium-wordpress\/ -->\n<title>Stadtrad: Radeln mit Stil - SalzburgerLand Magazin<\/title>\n<meta name=\"description\" content=\"Servus die Wadln! Im neuen \u201eStadtrad&#8220;-Shop im Salzburger Andr\u00e4viertel gibt es seit 1. M\u00e4rz 2017 viele sch\u00f6ne und bunte Gr\u00fcnde daf\u00fcr,\u00a0das Auto hin und wieder gegen den Drahtesel einzutauschen. Neben nostalgischem Hollandrad und schickem Retrobike stehen im \u201eStadtrad&#8220; \u00fcbrigens auch flotte E-Bikes zum Verkauf.\u00a0 Sch\u00f6n schauen sie aus, die vielen verschiedenen R\u00e4der, die\u00a0aufgef\u00e4delt wie an [&hellip;]\" \/>\n<meta name=\"robots\" content=\"index, follow, max-snippet:-1, max-image-preview:large, max-video-preview:-1\" \/>\n<link rel=\"canonical\" href=\"https:\/\/www.salzburgerland.com\/de\/magazin\/stadtrad-radeln-mit-stil\/\" \/>\n<meta property=\"og:locale\" content=\"de_DE\" \/>\n<meta property=\"og:type\" content=\"article\" \/>\n<meta property=\"og:title\" content=\"Stadtrad: Radeln mit Stil\" \/>\n<meta property=\"og:description\" content=\"Servus die Wadln! Im neuen \u201eStadtrad&#8220;-Shop im Salzburger Andr\u00e4viertel gibt es seit 1. M\u00e4rz 2017 viele sch\u00f6ne und bunte Gr\u00fcnde daf\u00fcr,\u00a0das Auto hin und wieder gegen den Drahtesel einzutauschen. Neben nostalgischem Hollandrad und schickem Retrobike stehen im \u201eStadtrad&#8220; \u00fcbrigens auch flotte E-Bikes zum Verkauf.\u00a0 Sch\u00f6n schauen sie aus, die vielen verschiedenen R\u00e4der, die\u00a0aufgef\u00e4delt wie an [&hellip;]\" \/>\n<meta property=\"og:url\" content=\"https:\/\/www.salzburgerland.com\/de\/magazin\/stadtrad-radeln-mit-stil\/\" \/>\n<meta property=\"og:site_name\" content=\"SalzburgerLand Magazin\" \/>\n<meta property=\"article:publisher\" content=\"https:\/\/www.facebook.com\/salzburgerland\/\" \/>\n<meta property=\"article:published_time\" content=\"2017-06-16T06:00:38+00:00\" \/>\n<meta property=\"article:modified_time\" content=\"2019-06-26T16:37:43+00:00\" \/>\n<meta property=\"og:image\" content=\"https:\/\/www.salzburgerland.com\/de\/magazin\/wp-content\/uploads\/2017\/05\/christina_schreibt_Stadtrad_10.jpg\" \/>\n\t<meta property=\"og:image:width\" content=\"1600\" \/>\n\t<meta property=\"og:image:height\" content=\"1067\" \/>\n\t<meta property=\"og:image:type\" content=\"image\/jpeg\" \/>\n<meta name=\"author\" content=\"Christina Knauseder-Csipek\" \/>\n<meta name=\"twitter:card\" content=\"summary_large_image\" \/>\n<meta name=\"twitter:creator\" content=\"@Salzburgerland\" \/>\n<meta name=\"twitter:site\" content=\"@Salzburgerland\" \/>\n<meta name=\"twitter:label1\" content=\"Verfasst von\" \/>\n\t<meta name=\"twitter:data1\" content=\"Christina Knauseder-Csipek\" \/>\n\t<meta name=\"twitter:label2\" content=\"Gesch\u00e4tzte Lesezeit\" \/>\n\t<meta name=\"twitter:data2\" content=\"3\u00a0Minuten\" \/>\n<script type=\"application\/ld+json\" class=\"yoast-schema-graph\">{\"@context\":\"https:\\\/\\\/schema.org\",\"@graph\":[{\"@type\":\"Article\",\"@id\":\"https:\\\/\\\/www.salzburgerland.com\\\/de\\\/magazin\\\/stadtrad-radeln-mit-stil\\\/#article\",\"isPartOf\":{\"@id\":\"https:\\\/\\\/www.salzburgerland.com\\\/de\\\/magazin\\\/stadtrad-radeln-mit-stil\\\/\"},\"author\":{\"name\":\"Christina Knauseder-Csipek\",\"@id\":\"https:\\\/\\\/www.salzburgerland.com\\\/de\\\/magazin\\\/#\\\/schema\\\/person\\\/c8d118fb84adefa6fa30b3220457409a\"},\"headline\":\"Stadtrad: Radeln mit Stil\",\"datePublished\":\"2017-06-16T06:00:38+00:00\",\"dateModified\":\"2019-06-26T16:37:43+00:00\",\"mainEntityOfPage\":{\"@id\":\"https:\\\/\\\/www.salzburgerland.com\\\/de\\\/magazin\\\/stadtrad-radeln-mit-stil\\\/\"},\"wordCount\":645,\"commentCount\":0,\"publisher\":{\"@id\":\"https:\\\/\\\/www.salzburgerland.com\\\/de\\\/magazin\\\/#organization\"},\"image\":{\"@id\":\"https:\\\/\\\/www.salzburgerland.com\\\/de\\\/magazin\\\/stadtrad-radeln-mit-stil\\\/#primaryimage\"},\"thumbnailUrl\":\"https:\\\/\\\/www.salzburgerland.com\\\/de\\\/magazin\\\/wp-content\\\/uploads\\\/2017\\\/05\\\/christina_schreibt_Stadtrad_10.jpg\",\"articleSection\":[\"Hotel &amp; Reise\"],\"inLanguage\":\"de\",\"potentialAction\":[{\"@type\":\"CommentAction\",\"name\":\"Comment\",\"target\":[\"https:\\\/\\\/www.salzburgerland.com\\\/de\\\/magazin\\\/stadtrad-radeln-mit-stil\\\/#respond\"]}]},{\"@type\":\"WebPage\",\"@id\":\"https:\\\/\\\/www.salzburgerland.com\\\/de\\\/magazin\\\/stadtrad-radeln-mit-stil\\\/\",\"url\":\"https:\\\/\\\/www.salzburgerland.com\\\/de\\\/magazin\\\/stadtrad-radeln-mit-stil\\\/\",\"name\":\"Stadtrad: Radeln mit Stil - SalzburgerLand Magazin\",\"isPartOf\":{\"@id\":\"https:\\\/\\\/www.salzburgerland.com\\\/de\\\/magazin\\\/#website\"},\"primaryImageOfPage\":{\"@id\":\"https:\\\/\\\/www.salzburgerland.com\\\/de\\\/magazin\\\/stadtrad-radeln-mit-stil\\\/#primaryimage\"},\"image\":{\"@id\":\"https:\\\/\\\/www.salzburgerland.com\\\/de\\\/magazin\\\/stadtrad-radeln-mit-stil\\\/#primaryimage\"},\"thumbnailUrl\":\"https:\\\/\\\/www.salzburgerland.com\\\/de\\\/magazin\\\/wp-content\\\/uploads\\\/2017\\\/05\\\/christina_schreibt_Stadtrad_10.jpg\",\"datePublished\":\"2017-06-16T06:00:38+00:00\",\"dateModified\":\"2019-06-26T16:37:43+00:00\",\"breadcrumb\":{\"@id\":\"https:\\\/\\\/www.salzburgerland.com\\\/de\\\/magazin\\\/stadtrad-radeln-mit-stil\\\/#breadcrumb\"},\"inLanguage\":\"de\",\"potentialAction\":[{\"@type\":\"ReadAction\",\"target\":[\"https:\\\/\\\/www.salzburgerland.com\\\/de\\\/magazin\\\/stadtrad-radeln-mit-stil\\\/\"]}]},{\"@type\":\"ImageObject\",\"inLanguage\":\"de\",\"@id\":\"https:\\\/\\\/www.salzburgerland.com\\\/de\\\/magazin\\\/stadtrad-radeln-mit-stil\\\/#primaryimage\",\"url\":\"https:\\\/\\\/www.salzburgerland.com\\\/de\\\/magazin\\\/wp-content\\\/uploads\\\/2017\\\/05\\\/christina_schreibt_Stadtrad_10.jpg\",\"contentUrl\":\"https:\\\/\\\/www.salzburgerland.com\\\/de\\\/magazin\\\/wp-content\\\/uploads\\\/2017\\\/05\\\/christina_schreibt_Stadtrad_10.jpg\",\"width\":1600,\"height\":1067,\"caption\":\"In einem Schaufenster ist ein blaues Fahrrad ausgestellt, aus dem Helme und Geb\u00e4ude zu sehen sind.\"},{\"@type\":\"BreadcrumbList\",\"@id\":\"https:\\\/\\\/www.salzburgerland.com\\\/de\\\/magazin\\\/stadtrad-radeln-mit-stil\\\/#breadcrumb\",\"itemListElement\":[{\"@type\":\"ListItem\",\"position\":1,\"name\":\"Startseite\",\"item\":\"https:\\\/\\\/www.salzburgerland.com\\\/de\\\/magazin\\\/\"},{\"@type\":\"ListItem\",\"position\":2,\"name\":\"Hotel &amp; Reise\",\"item\":\"https:\\\/\\\/www.salzburgerland.com\\\/de\\\/magazin\\\/thema\\\/hotel-reise\\\/\"},{\"@type\":\"ListItem\",\"position\":3,\"name\":\"Stadtrad: Radeln mit Stil\"}]},{\"@type\":\"WebSite\",\"@id\":\"https:\\\/\\\/www.salzburgerland.com\\\/de\\\/magazin\\\/#website\",\"url\":\"https:\\\/\\\/www.salzburgerland.com\\\/de\\\/magazin\\\/\",\"name\":\"SalzburgerLand Magazin\",\"description\":\"Geschichten und Interessantes aus dem SalzburgerLand\",\"publisher\":{\"@id\":\"https:\\\/\\\/www.salzburgerland.com\\\/de\\\/magazin\\\/#organization\"},\"potentialAction\":[{\"@type\":\"SearchAction\",\"target\":{\"@type\":\"EntryPoint\",\"urlTemplate\":\"https:\\\/\\\/www.salzburgerland.com\\\/de\\\/magazin\\\/?s={search_term_string}\"},\"query-input\":{\"@type\":\"PropertyValueSpecification\",\"valueRequired\":true,\"valueName\":\"search_term_string\"}}],\"inLanguage\":\"de\"},{\"@type\":\"Organization\",\"@id\":\"https:\\\/\\\/www.salzburgerland.com\\\/de\\\/magazin\\\/#organization\",\"name\":\"SalzburgerLand Tourismus\",\"url\":\"https:\\\/\\\/www.salzburgerland.com\\\/de\\\/magazin\\\/\",\"logo\":{\"@type\":\"ImageObject\",\"inLanguage\":\"de\",\"@id\":\"https:\\\/\\\/www.salzburgerland.com\\\/de\\\/magazin\\\/#\\\/schema\\\/logo\\\/image\\\/\",\"url\":\"https:\\\/\\\/www.salzburgerland.com\\\/de\\\/magazin\\\/wp-content\\\/uploads\\\/2019\\\/06\\\/salzburgerland-logo1.jpg\",\"contentUrl\":\"https:\\\/\\\/www.salzburgerland.com\\\/de\\\/magazin\\\/wp-content\\\/uploads\\\/2019\\\/06\\\/salzburgerland-logo1.jpg\",\"width\":2011,\"height\":866,\"caption\":\"SalzburgerLand Tourismus\"},\"image\":{\"@id\":\"https:\\\/\\\/www.salzburgerland.com\\\/de\\\/magazin\\\/#\\\/schema\\\/logo\\\/image\\\/\"},\"sameAs\":[\"https:\\\/\\\/www.facebook.com\\\/salzburgerland\\\/\",\"https:\\\/\\\/x.com\\\/Salzburgerland\",\"https:\\\/\\\/www.instagram.com\\\/salzburgerland\\\/\",\"https:\\\/\\\/at.linkedin.com\\\/company\\\/salzburgerland-tourismus-gmbh\",\"https:\\\/\\\/www.pinterest.at\\\/salzburgerland\\\/\",\"https:\\\/\\\/www.youtube.com\\\/user\\\/salzburgerland\",\"https:\\\/\\\/de.wikipedia.org\\\/wiki\\\/SalzburgerLand_Tourismus_GmbH\"]},{\"@type\":\"Person\",\"@id\":\"https:\\\/\\\/www.salzburgerland.com\\\/de\\\/magazin\\\/#\\\/schema\\\/person\\\/c8d118fb84adefa6fa30b3220457409a\",\"name\":\"Christina Knauseder-Csipek\",\"description\":\"Ob interessante Menschen, besondere Landstriche oder bedeutsame Orte: Geschichten von Land und Leuten liegen Christina als studierte Historikerin und Kommunikationswissenschaftlerin besonders am Herzen. In ihrer Freizeit ist sie am liebsten in der Natur unterwegs oder begibt sich mit einer Tasse Tee in der Hand in fremde (Buch-)Welten. Das SalzburgerLand hat die Redakteurin schon als Kind sch\u00e4tzen und lieben gelernt. Heute genie\u00dft sie dessen Sch\u00f6nheiten noch immer so oft wie m\u00f6glich, zieht ihre Kreise aber auch gerne mal etwas gr\u00f6\u00dfer. Freunde munkeln \u00fcber einen Schuss Zigeunerblut in ihren Adern. So tingelt sie am liebsten entweder mit dem Rucksack durch Asien oder mit dem alten VW-Bus quer durch Europa. Und \u00fcberall warten spannende Geschichten darauf, bemerkt und niedergeschrieben zu werden. Fr\u00fchling, Sommer, Herbst oder Winter? Als geb\u00fcrtiges \u201eHerbstkatzerl\u201c liegt mir diese Jahreszeit besonders am Herzen. So sehr ich auch Fr\u00fchling, Sommer und Winter genie\u00dfe, ein klarer, sonniger Herbsttag mit seiner opulenten Farbenpracht \u2013 das hat schon einen ganz besonderen Zauber. Luxushotel oder Almh\u00fctte? Klar lasse ich mich auch gerne mal in einem Luxushotel verw\u00f6hnen, alles andere w\u00e4re geschwindelt. Aber gegen ein bodenst\u00e4ndiges Reise-Erlebnis nah an der Natur, ob auf einer urigen Alm oder am spartanischen Campingplatz auf Korsika, tausche ich einen Luxus-Urlaub gerne ein. Jederzeit und immer wieder. Kr\u00e4utertee oder Zirbenschnaps? Ein Schnapserl in Ehren kann ich schwer verwehren, wobei auch da eher den selbstgemachten Nusschnaps vom Onkel als die Zirbe. Grunds\u00e4tzlich bin ich aber ein leidenschaftlicher Tee-Genie\u00dfer und fr\u00f6ne dieser Leidenschaft literweise. Ob Gr\u00fcntee, Kr\u00e4utertee oder ganz klassisch \u201eEarl Grey\u201c: Eine Tasse Tee ist f\u00fcr mich Entspannung und Antrieb gleicherma\u00dfen. Buch oder Film? Ich bin ein absoluter B\u00fccherwurm, von Kindesbeinen an. B\u00f6se Zungen behaupten, dieser Zeit (Lesen bei, naja, nicht immer optimalen Bedingungen) h\u00e4tte ich auch meine Fehlsichtigkeit zu verdanken. Ob \u201eDer Herr der Ringe\u201c oder \u201eGame of Thrones\u201c \u2013 vor allem in fantastischen Welten kann ich mich komplett verlieren. Guten Filmen bin ich trotzdem nicht abgeneigt, da haben es mir vor allem \u00f6sterreichische und d\u00e4nische Produktionen angetan. Meistens herrlich skurril und oft zum Br\u00fcllen komisch. Yoga oder Mountainbike Auch wenn ich\u00b4s mir fr\u00fcher nicht gedacht h\u00e4tte: Yoga ist wirklich eine geniale Sache. Das mehr auf Kraft ausgerichtete Ashtanga Yoga hat einen fixen Platz in meinem Wochenplan gefunden, obwohl meine eigentliche Leidenschaft den Pferden geh\u00f6rt. Grunds\u00e4tzlich bevorzuge ich sportliche Aktivit\u00e4ten unter freiem Himmel. Von Laufen bis hin zum Paragleiten ist da alles mit dabei.\",\"url\":\"https:\\\/\\\/www.salzburgerland.com\\\/de\\\/magazin\\\/author\\\/christina-knauseder-csipek\\\/\"}]}<\/script>\n<!-- \/ Yoast SEO Premium plugin. -->","yoast_head_json":{"title":"Stadtrad: Radeln mit Stil - SalzburgerLand Magazin","description":"Servus die Wadln! Im neuen \u201eStadtrad&#8220;-Shop im Salzburger Andr\u00e4viertel gibt es seit 1. M\u00e4rz 2017 viele sch\u00f6ne und bunte Gr\u00fcnde daf\u00fcr,\u00a0das Auto hin und wieder gegen den Drahtesel einzutauschen. Neben nostalgischem Hollandrad und schickem Retrobike stehen im \u201eStadtrad&#8220; \u00fcbrigens auch flotte E-Bikes zum Verkauf.\u00a0 Sch\u00f6n schauen sie aus, die vielen verschiedenen R\u00e4der, die\u00a0aufgef\u00e4delt wie an [&hellip;]","robots":{"index":"index","follow":"follow","max-snippet":"max-snippet:-1","max-image-preview":"max-image-preview:large","max-video-preview":"max-video-preview:-1"},"canonical":"https:\/\/www.salzburgerland.com\/de\/magazin\/stadtrad-radeln-mit-stil\/","og_locale":"de_DE","og_type":"article","og_title":"Stadtrad: Radeln mit Stil","og_description":"Servus die Wadln! Im neuen \u201eStadtrad&#8220;-Shop im Salzburger Andr\u00e4viertel gibt es seit 1. M\u00e4rz 2017 viele sch\u00f6ne und bunte Gr\u00fcnde daf\u00fcr,\u00a0das Auto hin und wieder gegen den Drahtesel einzutauschen. Neben nostalgischem Hollandrad und schickem Retrobike stehen im \u201eStadtrad&#8220; \u00fcbrigens auch flotte E-Bikes zum Verkauf.\u00a0 Sch\u00f6n schauen sie aus, die vielen verschiedenen R\u00e4der, die\u00a0aufgef\u00e4delt wie an [&hellip;]","og_url":"https:\/\/www.salzburgerland.com\/de\/magazin\/stadtrad-radeln-mit-stil\/","og_site_name":"SalzburgerLand Magazin","article_publisher":"https:\/\/www.facebook.com\/salzburgerland\/","article_published_time":"2017-06-16T06:00:38+00:00","article_modified_time":"2019-06-26T16:37:43+00:00","og_image":[{"width":1600,"height":1067,"url":"https:\/\/www.salzburgerland.com\/de\/magazin\/wp-content\/uploads\/2017\/05\/christina_schreibt_Stadtrad_10.jpg","type":"image\/jpeg"}],"author":"Christina Knauseder-Csipek","twitter_card":"summary_large_image","twitter_creator":"@Salzburgerland","twitter_site":"@Salzburgerland","twitter_misc":{"Verfasst von":"Christina Knauseder-Csipek","Gesch\u00e4tzte Lesezeit":"3\u00a0Minuten"},"schema":{"@context":"https:\/\/schema.org","@graph":[{"@type":"Article","@id":"https:\/\/www.salzburgerland.com\/de\/magazin\/stadtrad-radeln-mit-stil\/#article","isPartOf":{"@id":"https:\/\/www.salzburgerland.com\/de\/magazin\/stadtrad-radeln-mit-stil\/"},"author":{"name":"Christina Knauseder-Csipek","@id":"https:\/\/www.salzburgerland.com\/de\/magazin\/#\/schema\/person\/c8d118fb84adefa6fa30b3220457409a"},"headline":"Stadtrad: Radeln mit Stil","datePublished":"2017-06-16T06:00:38+00:00","dateModified":"2019-06-26T16:37:43+00:00","mainEntityOfPage":{"@id":"https:\/\/www.salzburgerland.com\/de\/magazin\/stadtrad-radeln-mit-stil\/"},"wordCount":645,"commentCount":0,"publisher":{"@id":"https:\/\/www.salzburgerland.com\/de\/magazin\/#organization"},"image":{"@id":"https:\/\/www.salzburgerland.com\/de\/magazin\/stadtrad-radeln-mit-stil\/#primaryimage"},"thumbnailUrl":"https:\/\/www.salzburgerland.com\/de\/magazin\/wp-content\/uploads\/2017\/05\/christina_schreibt_Stadtrad_10.jpg","articleSection":["Hotel &amp; Reise"],"inLanguage":"de","potentialAction":[{"@type":"CommentAction","name":"Comment","target":["https:\/\/www.salzburgerland.com\/de\/magazin\/stadtrad-radeln-mit-stil\/#respond"]}]},{"@type":"WebPage","@id":"https:\/\/www.salzburgerland.com\/de\/magazin\/stadtrad-radeln-mit-stil\/","url":"https:\/\/www.salzburgerland.com\/de\/magazin\/stadtrad-radeln-mit-stil\/","name":"Stadtrad: Radeln mit Stil - SalzburgerLand Magazin","isPartOf":{"@id":"https:\/\/www.salzburgerland.com\/de\/magazin\/#website"},"primaryImageOfPage":{"@id":"https:\/\/www.salzburgerland.com\/de\/magazin\/stadtrad-radeln-mit-stil\/#primaryimage"},"image":{"@id":"https:\/\/www.salzburgerland.com\/de\/magazin\/stadtrad-radeln-mit-stil\/#primaryimage"},"thumbnailUrl":"https:\/\/www.salzburgerland.com\/de\/magazin\/wp-content\/uploads\/2017\/05\/christina_schreibt_Stadtrad_10.jpg","datePublished":"2017-06-16T06:00:38+00:00","dateModified":"2019-06-26T16:37:43+00:00","breadcrumb":{"@id":"https:\/\/www.salzburgerland.com\/de\/magazin\/stadtrad-radeln-mit-stil\/#breadcrumb"},"inLanguage":"de","potentialAction":[{"@type":"ReadAction","target":["https:\/\/www.salzburgerland.com\/de\/magazin\/stadtrad-radeln-mit-stil\/"]}]},{"@type":"ImageObject","inLanguage":"de","@id":"https:\/\/www.salzburgerland.com\/de\/magazin\/stadtrad-radeln-mit-stil\/#primaryimage","url":"https:\/\/www.salzburgerland.com\/de\/magazin\/wp-content\/uploads\/2017\/05\/christina_schreibt_Stadtrad_10.jpg","contentUrl":"https:\/\/www.salzburgerland.com\/de\/magazin\/wp-content\/uploads\/2017\/05\/christina_schreibt_Stadtrad_10.jpg","width":1600,"height":1067,"caption":"In einem Schaufenster ist ein blaues Fahrrad ausgestellt, aus dem Helme und Geb\u00e4ude zu sehen sind."},{"@type":"BreadcrumbList","@id":"https:\/\/www.salzburgerland.com\/de\/magazin\/stadtrad-radeln-mit-stil\/#breadcrumb","itemListElement":[{"@type":"ListItem","position":1,"name":"Startseite","item":"https:\/\/www.salzburgerland.com\/de\/magazin\/"},{"@type":"ListItem","position":2,"name":"Hotel &amp; Reise","item":"https:\/\/www.salzburgerland.com\/de\/magazin\/thema\/hotel-reise\/"},{"@type":"ListItem","position":3,"name":"Stadtrad: Radeln mit Stil"}]},{"@type":"WebSite","@id":"https:\/\/www.salzburgerland.com\/de\/magazin\/#website","url":"https:\/\/www.salzburgerland.com\/de\/magazin\/","name":"SalzburgerLand Magazin","description":"Geschichten und Interessantes aus dem SalzburgerLand","publisher":{"@id":"https:\/\/www.salzburgerland.com\/de\/magazin\/#organization"},"potentialAction":[{"@type":"SearchAction","target":{"@type":"EntryPoint","urlTemplate":"https:\/\/www.salzburgerland.com\/de\/magazin\/?s={search_term_string}"},"query-input":{"@type":"PropertyValueSpecification","valueRequired":true,"valueName":"search_term_string"}}],"inLanguage":"de"},{"@type":"Organization","@id":"https:\/\/www.salzburgerland.com\/de\/magazin\/#organization","name":"SalzburgerLand Tourismus","url":"https:\/\/www.salzburgerland.com\/de\/magazin\/","logo":{"@type":"ImageObject","inLanguage":"de","@id":"https:\/\/www.salzburgerland.com\/de\/magazin\/#\/schema\/logo\/image\/","url":"https:\/\/www.salzburgerland.com\/de\/magazin\/wp-content\/uploads\/2019\/06\/salzburgerland-logo1.jpg","contentUrl":"https:\/\/www.salzburgerland.com\/de\/magazin\/wp-content\/uploads\/2019\/06\/salzburgerland-logo1.jpg","width":2011,"height":866,"caption":"SalzburgerLand Tourismus"},"image":{"@id":"https:\/\/www.salzburgerland.com\/de\/magazin\/#\/schema\/logo\/image\/"},"sameAs":["https:\/\/www.facebook.com\/salzburgerland\/","https:\/\/x.com\/Salzburgerland","https:\/\/www.instagram.com\/salzburgerland\/","https:\/\/at.linkedin.com\/company\/salzburgerland-tourismus-gmbh","https:\/\/www.pinterest.at\/salzburgerland\/","https:\/\/www.youtube.com\/user\/salzburgerland","https:\/\/de.wikipedia.org\/wiki\/SalzburgerLand_Tourismus_GmbH"]},{"@type":"Person","@id":"https:\/\/www.salzburgerland.com\/de\/magazin\/#\/schema\/person\/c8d118fb84adefa6fa30b3220457409a","name":"Christina Knauseder-Csipek","description":"Ob interessante Menschen, besondere Landstriche oder bedeutsame Orte: Geschichten von Land und Leuten liegen Christina als studierte Historikerin und Kommunikationswissenschaftlerin besonders am Herzen. In ihrer Freizeit ist sie am liebsten in der Natur unterwegs oder begibt sich mit einer Tasse Tee in der Hand in fremde (Buch-)Welten. Das SalzburgerLand hat die Redakteurin schon als Kind sch\u00e4tzen und lieben gelernt. Heute genie\u00dft sie dessen Sch\u00f6nheiten noch immer so oft wie m\u00f6glich, zieht ihre Kreise aber auch gerne mal etwas gr\u00f6\u00dfer. Freunde munkeln \u00fcber einen Schuss Zigeunerblut in ihren Adern. So tingelt sie am liebsten entweder mit dem Rucksack durch Asien oder mit dem alten VW-Bus quer durch Europa. Und \u00fcberall warten spannende Geschichten darauf, bemerkt und niedergeschrieben zu werden. Fr\u00fchling, Sommer, Herbst oder Winter? Als geb\u00fcrtiges \u201eHerbstkatzerl\u201c liegt mir diese Jahreszeit besonders am Herzen. So sehr ich auch Fr\u00fchling, Sommer und Winter genie\u00dfe, ein klarer, sonniger Herbsttag mit seiner opulenten Farbenpracht \u2013 das hat schon einen ganz besonderen Zauber. Luxushotel oder Almh\u00fctte? Klar lasse ich mich auch gerne mal in einem Luxushotel verw\u00f6hnen, alles andere w\u00e4re geschwindelt. Aber gegen ein bodenst\u00e4ndiges Reise-Erlebnis nah an der Natur, ob auf einer urigen Alm oder am spartanischen Campingplatz auf Korsika, tausche ich einen Luxus-Urlaub gerne ein. Jederzeit und immer wieder. Kr\u00e4utertee oder Zirbenschnaps? Ein Schnapserl in Ehren kann ich schwer verwehren, wobei auch da eher den selbstgemachten Nusschnaps vom Onkel als die Zirbe. Grunds\u00e4tzlich bin ich aber ein leidenschaftlicher Tee-Genie\u00dfer und fr\u00f6ne dieser Leidenschaft literweise. Ob Gr\u00fcntee, Kr\u00e4utertee oder ganz klassisch \u201eEarl Grey\u201c: Eine Tasse Tee ist f\u00fcr mich Entspannung und Antrieb gleicherma\u00dfen. Buch oder Film? Ich bin ein absoluter B\u00fccherwurm, von Kindesbeinen an. B\u00f6se Zungen behaupten, dieser Zeit (Lesen bei, naja, nicht immer optimalen Bedingungen) h\u00e4tte ich auch meine Fehlsichtigkeit zu verdanken. Ob \u201eDer Herr der Ringe\u201c oder \u201eGame of Thrones\u201c \u2013 vor allem in fantastischen Welten kann ich mich komplett verlieren. Guten Filmen bin ich trotzdem nicht abgeneigt, da haben es mir vor allem \u00f6sterreichische und d\u00e4nische Produktionen angetan. Meistens herrlich skurril und oft zum Br\u00fcllen komisch. Yoga oder Mountainbike Auch wenn ich\u00b4s mir fr\u00fcher nicht gedacht h\u00e4tte: Yoga ist wirklich eine geniale Sache. Das mehr auf Kraft ausgerichtete Ashtanga Yoga hat einen fixen Platz in meinem Wochenplan gefunden, obwohl meine eigentliche Leidenschaft den Pferden geh\u00f6rt. Grunds\u00e4tzlich bevorzuge ich sportliche Aktivit\u00e4ten unter freiem Himmel. Von Laufen bis hin zum Paragleiten ist da alles mit dabei.","url":"https:\/\/www.salzburgerland.com\/de\/magazin\/author\/christina-knauseder-csipek\/"}]}},"_wl_alt_label":[],"wl:entity_url":"http:\/\/open.salzburgerland.com\/magazin\/post\/stadtrad__radeln_mit_stil","_links":{"self":[{"href":"https:\/\/www.salzburgerland.com\/de\/magazin\/wp-json\/wp\/v2\/posts\/115422","targetHints":{"allow":["GET"]}}],"collection":[{"href":"https:\/\/www.salzburgerland.com\/de\/magazin\/wp-json\/wp\/v2\/posts"}],"about":[{"href":"https:\/\/www.salzburgerland.com\/de\/magazin\/wp-json\/wp\/v2\/types\/post"}],"author":[{"embeddable":true,"href":"https:\/\/www.salzburgerland.com\/de\/magazin\/wp-json\/wp\/v2\/users\/333"}],"replies":[{"embeddable":true,"href":"https:\/\/www.salzburgerland.com\/de\/magazin\/wp-json\/wp\/v2\/comments?post=115422"}],"version-history":[{"count":0,"href":"https:\/\/www.salzburgerland.com\/de\/magazin\/wp-json\/wp\/v2\/posts\/115422\/revisions"}],"wp:featuredmedia":[{"embeddable":true,"href":"https:\/\/www.salzburgerland.com\/de\/magazin\/wp-json\/wp\/v2\/media\/115433"}],"wp:attachment":[{"href":"https:\/\/www.salzburgerland.com\/de\/magazin\/wp-json\/wp\/v2\/media?parent=115422"}],"wp:term":[{"taxonomy":"category","embeddable":true,"href":"https:\/\/www.salzburgerland.com\/de\/magazin\/wp-json\/wp\/v2\/categories?post=115422"},{"taxonomy":"post_tag","embeddable":true,"href":"https:\/\/www.salzburgerland.com\/de\/magazin\/wp-json\/wp\/v2\/tags?post=115422"},{"taxonomy":"wl_entity_type","embeddable":true,"href":"https:\/\/www.salzburgerland.com\/de\/magazin\/wp-json\/wp\/v2\/wl_entity_type?post=115422"},{"taxonomy":"monatsauswahl","embeddable":true,"href":"https:\/\/www.salzburgerland.com\/de\/magazin\/wp-json\/wp\/v2\/monatsauswahl?post=115422"}],"curies":[{"name":"wp","href":"https:\/\/api.w.org\/{rel}","templated":true}]}}