{"id":115387,"date":"2017-05-29T10:15:10","date_gmt":"2017-05-29T08:15:10","guid":{"rendered":"https:\/\/www.salzburgerland.com\/de\/magazin\/?p=115387"},"modified":"2021-02-15T08:56:31","modified_gmt":"2021-02-15T07:56:31","slug":"5-gipfel-fruehlingstour-in-der-osterhorngruppe","status":"publish","type":"post","link":"https:\/\/www.salzburgerland.com\/de\/magazin\/5-gipfel-fruehlingstour-in-der-osterhorngruppe\/","title":{"rendered":"5-Gipfel Fr\u00fchlingstour in der Osterhorngruppe"},"content":{"rendered":"\n<h2 class=\"wp-block-slt-subtitle\">F\u00fcr ge\u00fcbte Wanderer<\/h2>\n\n\n\n<p class=\"wp-block-slt-intro\">Mit dem\u00a0Fr\u00fchling kommt die Wanderlust. Wo in h\u00f6heren Lagen noch der Schnee die Wege versperrt, bietet die Osterhorngruppe im Salzburger Flachgau und Tennengau bereits dutzende aussichtsreiche Gipfelziele. Manche davon lassen sich mit ausreichend Kondition zu einer anspruchsvollen\u00a0Tagestour verbinden, wie diese 5-Gipfel Tour im Genneralmen-Gebiet.<\/p>\n\n\n\n<p>Rund um die traditionsreiche Genneralm s\u00fcdlich der Gemeinde Hintersee finden sich einige Gipfel, die sich im Sommer wie im Winter durch ihre gute Erreichbarkeit gro\u00dfer Beliebtheit erfreuen. Dem Hohen Zinken im Osten der Alm stehen im Westen die exponierte und weithin sichtbare Erhebung des Gennerhorns und seine Nachbargipfel Gruberhorn, Regenspitz, D\u00fcrlstein und Hoher First gegen\u00fcber. All diesen Gipfeln ist sowohl ihre H\u00f6he rund um die 1.700 m als auch ihr idyllisches und naturbelassenes Ambiente gemein. Obwohl die Hektik der Talregionen in greifbarer N\u00e4he scheint, wird man hier oben zum Abschalten und Entspannen gezwungen.<\/p>\n\n\n\n<p><strong>Achtung:<\/strong> Bei der beschriebenen Tour ist ausreichend Wasser mitzuf\u00fchren, da es ab der Genneralm praktisch keine Nachf\u00fcllm\u00f6glichkeit mehr gibt. 2 Liter sollten es schon sein.<\/p>\n\n\n\n<div class=\"wp-block-image\"><figure class=\"aligncenter\"><a href=\"https:\/\/www.salzburgerland.com\/de\/magazin\/wp-content\/uploads\/2017\/05\/P1970899.jpg\"><img decoding=\"async\" src=\"https:\/\/www.salzburgerland.com\/de\/magazin\/wp-content\/uploads\/2017\/05\/P1970899-650x435.jpg\" alt=\"Eine Person mit Rucksack steht auf einem grasbewachsenen Hang und blickt auf schneebedeckte Berge unter blauem Himmel.\" class=\"wp-image-115391\"\/><\/a><figcaption>Blick zum noch schneebedeckten D\u00fcrlstein<\/figcaption><\/figure><\/div>\n\n\n\n<h3 class=\"wp-block-heading\" id=\"h-1-gipfel-gennerhorn\">1. Gipfel: Gennerhorn<\/h3>\n\n\n\n<p>Wir starten fr\u00fch am Morgen im Talschluss am Parkplatz L\u00e4mmerbach und folgen der Beschilderung Richtung Genneralm, die wir nach einer guten Stunde erreichen. F\u00fcr eine Rast oder gar Einkehr auf einer der Almen auf dem 1.300 m hohen Plateau ist es bei dieser Tour noch zu fr\u00fch. Vor uns liegt noch ein langer und anstrengender Weg. Zun\u00e4chst geht es in \u00f6stlicher Richtung steil hinauf auf das Gennerhorn (1.735 m). Eine weitere Stunde und 400 H\u00f6henmeter sp\u00e4ter erreichen wir dieses erste Ziel und genie\u00dfen zun\u00e4chst&nbsp;die herrliche Aussicht auf die umliegende Berg- und Almenwelt. Nach S\u00fcden hin gl\u00e4nzen die schneebedeckten Hochplateaus von Hagen- und Tennengebirge sowie das Dachsteinmassiv im Osten.<\/p>\n\n\n\n<h3 class=\"wp-block-heading\" id=\"h-gipfel-2-3-hoher-first-und-d-rlstein\">Gipfel 2 + 3:&nbsp;Hoher First und D\u00fcrlstein<\/h3>\n\n\n\n<p>Nach kurzer Rast steigen wir am Grat entlang ca. 200 H\u00f6henmetern auf der Westseite des Gennerhorns ab. Wir folgen aber nicht dem direkten Weg&nbsp;aufs Gruberhorn hinauf, sondern zweigen vorher links ab, um noch die Gipfel des Hohen Firsts und des D\u00fcrlsteins in unsere Runde&nbsp;integrieren zu k\u00f6nnen. Wann hat man schon die M\u00f6glichkeit, 5 Gipfel an einem Tag zu besteigen? Wir queren also erst flach, sp\u00e4ter steil hinauf Richtung D\u00fcrlstein. Nordseitig k\u00f6nnen sich hier noch l\u00e4nger gr\u00f6\u00dfere Schneeflecken halten, weshalb speziell im Bereich der sogenannten Schaflucken &#8211; einer steilen und felsigen Gel\u00e4ndestufe &#8211; absolute Trittsicherheit gefragt ist. Nachdem diese Schl\u00fcsselstelle \u00fcberwunden wurde, erreichen wir unkompliziert erst den Gipfel des D\u00fcrlsteins (1.697 m) und gleich dahinter den Hohen First(1.718 m), ohne dazwischen allzu viele H\u00f6henmeter&nbsp;liegen lassen zu m\u00fcssen. Der Weg hin\u00fcber zum Hohen First f\u00fchrt uns \u00fcber bunte&nbsp;Blumenwiesen und stillt s\u00e4mtliche Sehns\u00fcchte nach dem perfekten Bergidyll.<\/p>\n\n\n\n<p>Bis hierhin sind wir ca. 3 &#8211; 4 Stunden unterwegs gewesen. F\u00fcr die Mittagsrast lohnt es sich aber, auf den n\u00e4chsten Gipfel zu warten.<\/p>\n\n\n<div class=\"mag-gallery\"><div class=\"row\"><div class=\"col-6 col-sm-4\"><figure><a class=\"thumb-container\" href=\"https:\/\/www.salzburgerland.com\/de\/magazin\/wp-content\/uploads\/2017\/05\/P1970937-1280x1024.jpg\">\t<picture><source media=\"(min-width: 576px)\" srcset=\"https:\/\/www.salzburgerland.com\/de\/magazin\/wp-content\/uploads\/2017\/05\/P1970937-325x209.jpg 325w, https:\/\/www.salzburgerland.com\/de\/magazin\/wp-content\/uploads\/2017\/05\/P1970937-249x160.jpg 249w\"><\/source><source media=\"(min-width: 0)\" srcset=\"https:\/\/www.salzburgerland.com\/de\/magazin\/wp-content\/uploads\/2017\/05\/P1970937-249x160.jpg 249w, https:\/\/www.salzburgerland.com\/de\/magazin\/wp-content\/uploads\/2017\/05\/P1970937-325x209.jpg 325w\"><\/source><img decoding=\"async\" alt=\"Ein Wanderer steht auf einem verschneiten Bergkamm mit Wanderst&ouml;cken in der N&auml;he und Bergen im Hintergrund.\" src=\"https:\/\/www.salzburgerland.com\/de\/magazin\/wp-content\/uploads\/2017\/05\/P1970937.jpg\">\t<\/picture><\/a><\/figure><\/div><div class=\"col-6 col-sm-4\"><figure><a class=\"thumb-container\" href=\"https:\/\/www.salzburgerland.com\/de\/magazin\/wp-content\/uploads\/2017\/05\/P1970933-1280x1024.jpg\">\t<picture><source media=\"(min-width: 576px)\" srcset=\"https:\/\/www.salzburgerland.com\/de\/magazin\/wp-content\/uploads\/2017\/05\/P1970933-325x209.jpg 325w, https:\/\/www.salzburgerland.com\/de\/magazin\/wp-content\/uploads\/2017\/05\/P1970933-249x160.jpg 249w\"><\/source><source media=\"(min-width: 0)\" srcset=\"https:\/\/www.salzburgerland.com\/de\/magazin\/wp-content\/uploads\/2017\/05\/P1970933-249x160.jpg 249w, https:\/\/www.salzburgerland.com\/de\/magazin\/wp-content\/uploads\/2017\/05\/P1970933-325x209.jpg 325w\"><\/source><img decoding=\"async\" alt=\"Eine Person mit Rucksack steht auf einem grasbewachsenen, schneebedeckten Berg und blickt auf ferne schneebedeckte Gipfel unter blauem Himmel.\" src=\"https:\/\/www.salzburgerland.com\/de\/magazin\/wp-content\/uploads\/2017\/05\/P1970933.jpg\">\t<\/picture><\/a><\/figure><\/div><div class=\"col-6 col-sm-4\"><figure><a class=\"thumb-container\" href=\"https:\/\/www.salzburgerland.com\/de\/magazin\/wp-content\/uploads\/2017\/05\/P1970964-1280x1024.jpg\">\t<picture><source media=\"(min-width: 576px)\" srcset=\"https:\/\/www.salzburgerland.com\/de\/magazin\/wp-content\/uploads\/2017\/05\/P1970964-325x209.jpg 325w, https:\/\/www.salzburgerland.com\/de\/magazin\/wp-content\/uploads\/2017\/05\/P1970964-249x160.jpg 249w\"><\/source><source media=\"(min-width: 0)\" srcset=\"https:\/\/www.salzburgerland.com\/de\/magazin\/wp-content\/uploads\/2017\/05\/P1970964-249x160.jpg 249w, https:\/\/www.salzburgerland.com\/de\/magazin\/wp-content\/uploads\/2017\/05\/P1970964-325x209.jpg 325w\"><\/source><img decoding=\"async\" alt=\"Ein Wanderer sitzt auf einem grasbewachsenen Berghang und genie&szlig;t die Aussicht auf ferne Gipfel unter blauem Himmel.\" src=\"https:\/\/www.salzburgerland.com\/de\/magazin\/wp-content\/uploads\/2017\/05\/P1970964.jpg\">\t<\/picture><\/a><\/figure><\/div><\/div><figcaption><\/figcaption><\/div>\n\n\n\n<h3 class=\"wp-block-heading\" id=\"h-gipfel-4-gruberhorn\">Gipfel 4: Gruberhorn<\/h3>\n\n\n\n<p>Um unser n\u00e4chstes Ziel zu erreichen, m\u00fcssen wir erst zur\u00fcck auf den D\u00fcrlstein, von dem aus wir wieder 100 H\u00f6henmeter absteigen, um gleich darauf den selben H\u00f6henunterschied wieder aufsteigend hinter uns zu bringen. Dieses Auf und Ab entlang des Grats wird mit dauerhafter Traumaussicht in alle Himmelsrichtungen belohnt. Kaum k\u00f6nnen sich die Augen satt sehen. Man tut sich schwer zu entscheiden, in welche Richtung man seine Konzentration lenken soll. Und w\u00e4hrend man staunend voranschreitet, erreicht man auch schon Gipfel Nummer 4. Sp\u00e4testens auf dem Gipfelbankerl des Gruberhorns&nbsp;(1.732 m) haben wir uns einen Mittagsimbiss verdient. Das Panorama fungiert dabei als Sahneh\u00e4ubchen und l\u00e4sst die Jause doppelt so gut schmecken.<\/p>\n\n\n\n<div class=\"wp-block-image\"><figure class=\"aligncenter\"><a href=\"https:\/\/www.salzburgerland.com\/de\/magazin\/wp-content\/uploads\/2017\/05\/P1970972a.jpg\"><img decoding=\"async\" src=\"https:\/\/www.salzburgerland.com\/de\/magazin\/wp-content\/uploads\/2017\/05\/P1970972a-650x435.jpg\" alt=\"Eine Frau sitzt auf einer Bank mit Blick auf ein gr\u00fcnes Bergtal unter einem teilweise bew\u00f6lkten Himmel.\" class=\"wp-image-115411\"\/><\/a><figcaption>Mittagsrast am Gruberhorn, gegen\u00fcber das Latschen-bewachsene Gennerhorn.<\/figcaption><\/figure><\/div>\n\n\n\n<h3 class=\"wp-block-heading\" id=\"h-gipfel-5-regenspitz\">Gipfel 5: Regenspitz<\/h3>\n\n\n\n<p>Unser n\u00e4chstes Ziel, der Regenspitz, ist durch einen langgezogenen Felskamm mit dem Gruberhorn verbunden, eingebettet in ein Spalier aus Latschenkiefern. Ca. 200 H\u00f6henmeter Abstieg folgen 150 H\u00f6henmeter Aufstieg und schon stehen wir zum f\u00fcnften mal an diesem Tag am Gipfel. Der kahlrasierte Kopf des Regenspitz&nbsp;(1.675 m) dient uns nochmal als herrlicher Aussichtsgeber. Vor allem der Blick in die eindrucksvollen Nordw\u00e4nde von Genner- und Gruberhorn ziehen uns in ihren Bann.<\/p>\n\n\n\n<h3 class=\"wp-block-heading\" id=\"h-nicht-zu-untersch-tzen-der-abstieg\">Nicht zu untersch\u00e4tzen &#8211; der Abstieg<\/h3>\n\n\n\n<p>5 &#8211; 6 Stunden sind wir bis zum Regenspitz unterwegs gewesen, doch steht uns noch ein 2-3 st\u00fcndiger und durchaus kr\u00e4fteraubender Abstieg bevor. Da unter uns steile Felsw\u00e4nde den direkten Weg ins Tal verhindern, f\u00fchrt uns der stets gut markierte Weg erst am Nordr\u00fccken entlang \u00fcber malerische Almwiesen zur Feichtensteinalm. Hier zweigen wir rechts ab und steuern die Gruberalm an. Immer noch haben wir das Gef\u00fchl, in die falsche Richtung zu gehen, doch das Gel\u00e4nde l\u00e4sst keine direktere Routenwahl zu.<\/p>\n\n\n\n<p>Auf der Gruberalm angekommen, kann hier in landschaftlich herausragendem Ambiente noch eingekehrt und sich des Berglebens erfreut werden. Von hier aus ist es nur noch ein Katzensprung und wir gelangen&nbsp;nach ca. 30 Minuten zur\u00fcck zum Parkplatz L\u00e4mmerbach und damit unserem Ausgangspunkt f\u00fcr diese 5-Gipfel Tour, die uns viel Freude aber auch allerhand Anstrengung verschafft hat.<\/p>\n\n\n<div class=\"mag-gallery\"><div class=\"row\"><div class=\"col-6 col-sm-4\"><figure><a class=\"thumb-container\" href=\"https:\/\/www.salzburgerland.com\/de\/magazin\/wp-content\/uploads\/2017\/05\/P1970883-1280x1024.jpg\">\t<picture><source media=\"(min-width: 576px)\" srcset=\"https:\/\/www.salzburgerland.com\/de\/magazin\/wp-content\/uploads\/2017\/05\/P1970883-325x209.jpg 325w, https:\/\/www.salzburgerland.com\/de\/magazin\/wp-content\/uploads\/2017\/05\/P1970883-249x160.jpg 249w\"><\/source><source media=\"(min-width: 0)\" srcset=\"https:\/\/www.salzburgerland.com\/de\/magazin\/wp-content\/uploads\/2017\/05\/P1970883-249x160.jpg 249w, https:\/\/www.salzburgerland.com\/de\/magazin\/wp-content\/uploads\/2017\/05\/P1970883-325x209.jpg 325w\"><\/source><img decoding=\"async\" alt=\"Ein grasbewachsenes Feld mit kleinen Pflanzen, das zu einem schneebedeckten Berg unter blauem Himmel abf&auml;llt.\" src=\"https:\/\/www.salzburgerland.com\/de\/magazin\/wp-content\/uploads\/2017\/05\/P1970883.jpg\">\t<\/picture><\/a><\/figure><\/div><div class=\"col-6 col-sm-4\"><figure><a class=\"thumb-container\" href=\"https:\/\/www.salzburgerland.com\/de\/magazin\/wp-content\/uploads\/2017\/05\/P1980011-1280x1024.jpg\">\t<picture><source media=\"(min-width: 576px)\" srcset=\"https:\/\/www.salzburgerland.com\/de\/magazin\/wp-content\/uploads\/2017\/05\/P1980011-325x209.jpg 325w, https:\/\/www.salzburgerland.com\/de\/magazin\/wp-content\/uploads\/2017\/05\/P1980011-249x160.jpg 249w\"><\/source><source media=\"(min-width: 0)\" srcset=\"https:\/\/www.salzburgerland.com\/de\/magazin\/wp-content\/uploads\/2017\/05\/P1980011-249x160.jpg 249w, https:\/\/www.salzburgerland.com\/de\/magazin\/wp-content\/uploads\/2017\/05\/P1980011-325x209.jpg 325w\"><\/source><img decoding=\"async\" alt=\"Ein Wanderer geht entlang eines Bergkamms mit freiliegenden Wurzeln in Richtung eines hohen Felsgipfels unter einem teilweise bew&ouml;lkten Himmel.\" src=\"https:\/\/www.salzburgerland.com\/de\/magazin\/wp-content\/uploads\/2017\/05\/P1980011.jpg\">\t<\/picture><\/a><\/figure><\/div><div class=\"col-6 col-sm-4\"><figure><a class=\"thumb-container\" href=\"https:\/\/www.salzburgerland.com\/de\/magazin\/wp-content\/uploads\/2017\/05\/P1970933-1280x1024.jpg\">\t<picture><source media=\"(min-width: 576px)\" srcset=\"https:\/\/www.salzburgerland.com\/de\/magazin\/wp-content\/uploads\/2017\/05\/P1970933-325x209.jpg 325w, https:\/\/www.salzburgerland.com\/de\/magazin\/wp-content\/uploads\/2017\/05\/P1970933-249x160.jpg 249w\"><\/source><source media=\"(min-width: 0)\" srcset=\"https:\/\/www.salzburgerland.com\/de\/magazin\/wp-content\/uploads\/2017\/05\/P1970933-249x160.jpg 249w, https:\/\/www.salzburgerland.com\/de\/magazin\/wp-content\/uploads\/2017\/05\/P1970933-325x209.jpg 325w\"><\/source><img decoding=\"async\" alt=\"Eine Person mit Rucksack steht auf einem grasbewachsenen, schneebedeckten Berg und blickt auf ferne schneebedeckte Gipfel unter blauem Himmel.\" src=\"https:\/\/www.salzburgerland.com\/de\/magazin\/wp-content\/uploads\/2017\/05\/P1970933.jpg\">\t<\/picture><\/a><\/figure><\/div><div class=\"col-6 col-sm-4\"><figure><a class=\"thumb-container\" href=\"https:\/\/www.salzburgerland.com\/de\/magazin\/wp-content\/uploads\/2017\/05\/P1970996-1280x1024.jpg\">\t<picture><source media=\"(min-width: 576px)\" srcset=\"https:\/\/www.salzburgerland.com\/de\/magazin\/wp-content\/uploads\/2017\/05\/P1970996-325x209.jpg 325w, https:\/\/www.salzburgerland.com\/de\/magazin\/wp-content\/uploads\/2017\/05\/P1970996-249x160.jpg 249w\"><\/source><source media=\"(min-width: 0)\" srcset=\"https:\/\/www.salzburgerland.com\/de\/magazin\/wp-content\/uploads\/2017\/05\/P1970996-249x160.jpg 249w, https:\/\/www.salzburgerland.com\/de\/magazin\/wp-content\/uploads\/2017\/05\/P1970996-325x209.jpg 325w\"><\/source><img decoding=\"async\" alt=\"Holzkreuz auf einem felsigen Berggipfel mit Blick auf gr&uuml;ne T&auml;ler und ferne schneebedeckte Berge unter blauem Himmel.\" src=\"https:\/\/www.salzburgerland.com\/de\/magazin\/wp-content\/uploads\/2017\/05\/P1970996.jpg\">\t<\/picture><\/a><\/figure><\/div><div class=\"col-6 col-sm-4\"><figure><a class=\"thumb-container\" href=\"https:\/\/www.salzburgerland.com\/de\/magazin\/wp-content\/uploads\/2017\/05\/Panorama-2-Gipfel-1280x1024.jpg\">\t<picture><source media=\"(min-width: 576px)\" srcset=\"https:\/\/www.salzburgerland.com\/de\/magazin\/wp-content\/uploads\/2017\/05\/Panorama-2-Gipfel-325x209.jpg 325w, https:\/\/www.salzburgerland.com\/de\/magazin\/wp-content\/uploads\/2017\/05\/Panorama-2-Gipfel-249x160.jpg 249w\"><\/source><source media=\"(min-width: 0)\" srcset=\"https:\/\/www.salzburgerland.com\/de\/magazin\/wp-content\/uploads\/2017\/05\/Panorama-2-Gipfel-249x160.jpg 249w, https:\/\/www.salzburgerland.com\/de\/magazin\/wp-content\/uploads\/2017\/05\/Panorama-2-Gipfel-325x209.jpg 325w\"><\/source><img decoding=\"async\" alt=\"Berggipfel mit Schneeflecken, gr&uuml;ne W&auml;lder und ein teilweise bew&ouml;lkter Himmel dar&uuml;ber.\" src=\"https:\/\/www.salzburgerland.com\/de\/magazin\/wp-content\/uploads\/2017\/05\/Panorama-2-Gipfel.jpg\">\t<\/picture><\/a><\/figure><\/div><div class=\"col-6 col-sm-4\"><figure><a class=\"thumb-container\" href=\"https:\/\/www.salzburgerland.com\/de\/magazin\/wp-content\/uploads\/2017\/05\/P1970972a-1280x1024.jpg\">\t<picture><source media=\"(min-width: 576px)\" srcset=\"https:\/\/www.salzburgerland.com\/de\/magazin\/wp-content\/uploads\/2017\/05\/P1970972a-325x209.jpg 325w, https:\/\/www.salzburgerland.com\/de\/magazin\/wp-content\/uploads\/2017\/05\/P1970972a-249x160.jpg 249w\"><\/source><source media=\"(min-width: 0)\" srcset=\"https:\/\/www.salzburgerland.com\/de\/magazin\/wp-content\/uploads\/2017\/05\/P1970972a-249x160.jpg 249w, https:\/\/www.salzburgerland.com\/de\/magazin\/wp-content\/uploads\/2017\/05\/P1970972a-325x209.jpg 325w\"><\/source><img decoding=\"async\" alt=\"Eine Frau sitzt auf einer Bank mit Blick auf ein gr&uuml;nes Bergtal unter einem teilweise bew&ouml;lkten Himmel.\" src=\"https:\/\/www.salzburgerland.com\/de\/magazin\/wp-content\/uploads\/2017\/05\/P1970972a.jpg\">\t<\/picture><\/a><\/figure><\/div><\/div><figcaption><\/figcaption><\/div>\n\n\n\n<p>Fotos&nbsp;\u00a9 Lukas Uitz<\/p>\n","protected":false},"excerpt":{"rendered":"<p>Rund um die traditionsreiche Genneralm s\u00fcdlich der Gemeinde Hintersee finden sich einige Gipfel, die sich im Sommer wie im Winter durch ihre gute Erreichbarkeit gro\u00dfer Beliebtheit erfreuen. Dem Hohen Zinken im Osten der Alm stehen im Westen die exponierte und weithin sichtbare Erhebung des Gennerhorns und seine Nachbargipfel Gruberhorn, Regenspitz, D\u00fcrlstein und Hoher First gegen\u00fcber. [&hellip;]<\/p>\n","protected":false},"author":538,"featured_media":115421,"comment_status":"open","ping_status":"open","sticky":false,"template":"","format":"standard","meta":{"_acf_changed":false,"wl_entities_gutenberg":"","_wl_entity_redirect_enabled":"","footnotes":""},"categories":[8],"tags":[],"wl_entity_type":[306],"monatsauswahl":[86,87,88,89,90,91,92],"class_list":["post-115387","post","type-post","status-publish","format-standard","has-post-thumbnail","hentry","category-outdoor-sport","wl_entity_type-article","monatsauswahl-monat_5","monatsauswahl-monat_6","monatsauswahl-monat_7","monatsauswahl-monat_8","monatsauswahl-monat_9","monatsauswahl-monat_10","monatsauswahl-monat_11"],"acf":[],"yoast_head":"<!-- This site is optimized with the Yoast SEO Premium plugin v27.4 (Yoast SEO v27.4) - https:\/\/yoast.com\/product\/yoast-seo-premium-wordpress\/ -->\n<title>5-Gipfel Fr\u00fchlingstour in der Osterhorngruppe - SalzburgerLand Magazin<\/title>\n<meta name=\"description\" content=\"Mit dem\u00a0Fr\u00fchling kommt die Wanderlust. Wo in h\u00f6heren Lagen noch der Schnee die Wege versperrt, bietet die Osterhorngruppe im Salzburger Flachgau und Tennengau bereits dutzende aussichtsreiche Gipfelziele. Manche davon lassen sich mit ausreichend Kondition zu einer anspruchsvollen\u00a0Tagestour verbinden, wie diese 5-Gipfel Tour im Genneralmen-Gebiet.\" \/>\n<meta name=\"robots\" content=\"index, follow, max-snippet:-1, max-image-preview:large, max-video-preview:-1\" \/>\n<link rel=\"canonical\" href=\"https:\/\/www.salzburgerland.com\/de\/magazin\/5-gipfel-fruehlingstour-in-der-osterhorngruppe\/\" \/>\n<meta property=\"og:locale\" content=\"de_DE\" \/>\n<meta property=\"og:type\" content=\"article\" \/>\n<meta property=\"og:title\" content=\"5-Gipfel Fr\u00fchlingstour in der Osterhorngruppe\" \/>\n<meta property=\"og:description\" content=\"Rund um die traditionsreiche Genneralm s\u00fcdlich der Gemeinde Hintersee finden sich einige Gipfel, die sich im Sommer wie im Winter durch ihre gute Erreichbarkeit gro\u00dfer Beliebtheit erfreuen. Dem Hohen Zinken im Osten der Alm stehen im Westen die exponierte und weithin sichtbare Erhebung des Gennerhorns und seine Nachbargipfel Gruberhorn, Regenspitz, D\u00fcrlstein und Hoher First gegen\u00fcber. [&hellip;]\" \/>\n<meta property=\"og:url\" content=\"https:\/\/www.salzburgerland.com\/de\/magazin\/5-gipfel-fruehlingstour-in-der-osterhorngruppe\/\" \/>\n<meta property=\"og:site_name\" content=\"SalzburgerLand Magazin\" \/>\n<meta property=\"article:publisher\" content=\"https:\/\/www.facebook.com\/salzburgerland\/\" \/>\n<meta property=\"article:published_time\" content=\"2017-05-29T08:15:10+00:00\" \/>\n<meta property=\"article:modified_time\" content=\"2021-02-15T07:56:31+00:00\" \/>\n<meta property=\"og:image\" content=\"https:\/\/www.salzburgerland.com\/de\/magazin\/wp-content\/uploads\/2017\/05\/P1970926a.jpg\" \/>\n\t<meta property=\"og:image:width\" content=\"1600\" \/>\n\t<meta property=\"og:image:height\" content=\"1067\" \/>\n\t<meta property=\"og:image:type\" content=\"image\/jpeg\" \/>\n<meta name=\"author\" content=\"Lukas Uitz\" \/>\n<meta name=\"twitter:card\" content=\"summary_large_image\" \/>\n<meta name=\"twitter:creator\" content=\"@Salzburgerland\" \/>\n<meta name=\"twitter:site\" content=\"@Salzburgerland\" \/>\n<meta name=\"twitter:label1\" content=\"Verfasst von\" \/>\n\t<meta name=\"twitter:data1\" content=\"Lukas Uitz\" \/>\n\t<meta name=\"twitter:label2\" content=\"Gesch\u00e4tzte Lesezeit\" \/>\n\t<meta name=\"twitter:data2\" content=\"6\u00a0Minuten\" \/>\n<script type=\"application\/ld+json\" class=\"yoast-schema-graph\">{\"@context\":\"https:\\\/\\\/schema.org\",\"@graph\":[{\"@type\":\"Article\",\"@id\":\"https:\\\/\\\/www.salzburgerland.com\\\/de\\\/magazin\\\/5-gipfel-fruehlingstour-in-der-osterhorngruppe\\\/#article\",\"isPartOf\":{\"@id\":\"https:\\\/\\\/www.salzburgerland.com\\\/de\\\/magazin\\\/5-gipfel-fruehlingstour-in-der-osterhorngruppe\\\/\"},\"author\":{\"name\":\"Lukas Uitz\",\"@id\":\"https:\\\/\\\/www.salzburgerland.com\\\/de\\\/magazin\\\/#\\\/schema\\\/person\\\/3ff7e193e2c8cac782e170e1d616dc9e\"},\"headline\":\"5-Gipfel Fr\u00fchlingstour in der Osterhorngruppe\",\"datePublished\":\"2017-05-29T08:15:10+00:00\",\"dateModified\":\"2021-02-15T07:56:31+00:00\",\"mainEntityOfPage\":{\"@id\":\"https:\\\/\\\/www.salzburgerland.com\\\/de\\\/magazin\\\/5-gipfel-fruehlingstour-in-der-osterhorngruppe\\\/\"},\"wordCount\":867,\"commentCount\":0,\"publisher\":{\"@id\":\"https:\\\/\\\/www.salzburgerland.com\\\/de\\\/magazin\\\/#organization\"},\"image\":{\"@id\":\"https:\\\/\\\/www.salzburgerland.com\\\/de\\\/magazin\\\/5-gipfel-fruehlingstour-in-der-osterhorngruppe\\\/#primaryimage\"},\"thumbnailUrl\":\"https:\\\/\\\/www.salzburgerland.com\\\/de\\\/magazin\\\/wp-content\\\/uploads\\\/2017\\\/05\\\/P1970926a.jpg\",\"articleSection\":[\"Outdoor &amp; Sport\"],\"inLanguage\":\"de\",\"potentialAction\":[{\"@type\":\"CommentAction\",\"name\":\"Comment\",\"target\":[\"https:\\\/\\\/www.salzburgerland.com\\\/de\\\/magazin\\\/5-gipfel-fruehlingstour-in-der-osterhorngruppe\\\/#respond\"]}]},{\"@type\":\"WebPage\",\"@id\":\"https:\\\/\\\/www.salzburgerland.com\\\/de\\\/magazin\\\/5-gipfel-fruehlingstour-in-der-osterhorngruppe\\\/\",\"url\":\"https:\\\/\\\/www.salzburgerland.com\\\/de\\\/magazin\\\/5-gipfel-fruehlingstour-in-der-osterhorngruppe\\\/\",\"name\":\"5-Gipfel Fr\u00fchlingstour in der Osterhorngruppe - SalzburgerLand Magazin\",\"isPartOf\":{\"@id\":\"https:\\\/\\\/www.salzburgerland.com\\\/de\\\/magazin\\\/#website\"},\"primaryImageOfPage\":{\"@id\":\"https:\\\/\\\/www.salzburgerland.com\\\/de\\\/magazin\\\/5-gipfel-fruehlingstour-in-der-osterhorngruppe\\\/#primaryimage\"},\"image\":{\"@id\":\"https:\\\/\\\/www.salzburgerland.com\\\/de\\\/magazin\\\/5-gipfel-fruehlingstour-in-der-osterhorngruppe\\\/#primaryimage\"},\"thumbnailUrl\":\"https:\\\/\\\/www.salzburgerland.com\\\/de\\\/magazin\\\/wp-content\\\/uploads\\\/2017\\\/05\\\/P1970926a.jpg\",\"datePublished\":\"2017-05-29T08:15:10+00:00\",\"dateModified\":\"2021-02-15T07:56:31+00:00\",\"breadcrumb\":{\"@id\":\"https:\\\/\\\/www.salzburgerland.com\\\/de\\\/magazin\\\/5-gipfel-fruehlingstour-in-der-osterhorngruppe\\\/#breadcrumb\"},\"inLanguage\":\"de\",\"potentialAction\":[{\"@type\":\"ReadAction\",\"target\":[\"https:\\\/\\\/www.salzburgerland.com\\\/de\\\/magazin\\\/5-gipfel-fruehlingstour-in-der-osterhorngruppe\\\/\"]}]},{\"@type\":\"ImageObject\",\"inLanguage\":\"de\",\"@id\":\"https:\\\/\\\/www.salzburgerland.com\\\/de\\\/magazin\\\/5-gipfel-fruehlingstour-in-der-osterhorngruppe\\\/#primaryimage\",\"url\":\"https:\\\/\\\/www.salzburgerland.com\\\/de\\\/magazin\\\/wp-content\\\/uploads\\\/2017\\\/05\\\/P1970926a.jpg\",\"contentUrl\":\"https:\\\/\\\/www.salzburgerland.com\\\/de\\\/magazin\\\/wp-content\\\/uploads\\\/2017\\\/05\\\/P1970926a.jpg\",\"width\":1600,\"height\":1067,\"caption\":\"Lila Wildblumen im Fokus auf einem grasbewachsenen Hang, mit einem Wanderer und einem verschneiten Berg im Hintergrund.\"},{\"@type\":\"BreadcrumbList\",\"@id\":\"https:\\\/\\\/www.salzburgerland.com\\\/de\\\/magazin\\\/5-gipfel-fruehlingstour-in-der-osterhorngruppe\\\/#breadcrumb\",\"itemListElement\":[{\"@type\":\"ListItem\",\"position\":1,\"name\":\"Startseite\",\"item\":\"https:\\\/\\\/www.salzburgerland.com\\\/de\\\/magazin\\\/\"},{\"@type\":\"ListItem\",\"position\":2,\"name\":\"Outdoor &amp; Sport\",\"item\":\"https:\\\/\\\/www.salzburgerland.com\\\/de\\\/magazin\\\/thema\\\/outdoor-sport\\\/\"},{\"@type\":\"ListItem\",\"position\":3,\"name\":\"5-Gipfel Fr\u00fchlingstour in der Osterhorngruppe\"}]},{\"@type\":\"WebSite\",\"@id\":\"https:\\\/\\\/www.salzburgerland.com\\\/de\\\/magazin\\\/#website\",\"url\":\"https:\\\/\\\/www.salzburgerland.com\\\/de\\\/magazin\\\/\",\"name\":\"SalzburgerLand Magazin\",\"description\":\"Geschichten und Interessantes aus dem SalzburgerLand\",\"publisher\":{\"@id\":\"https:\\\/\\\/www.salzburgerland.com\\\/de\\\/magazin\\\/#organization\"},\"potentialAction\":[{\"@type\":\"SearchAction\",\"target\":{\"@type\":\"EntryPoint\",\"urlTemplate\":\"https:\\\/\\\/www.salzburgerland.com\\\/de\\\/magazin\\\/?s={search_term_string}\"},\"query-input\":{\"@type\":\"PropertyValueSpecification\",\"valueRequired\":true,\"valueName\":\"search_term_string\"}}],\"inLanguage\":\"de\"},{\"@type\":\"Organization\",\"@id\":\"https:\\\/\\\/www.salzburgerland.com\\\/de\\\/magazin\\\/#organization\",\"name\":\"SalzburgerLand Tourismus\",\"url\":\"https:\\\/\\\/www.salzburgerland.com\\\/de\\\/magazin\\\/\",\"logo\":{\"@type\":\"ImageObject\",\"inLanguage\":\"de\",\"@id\":\"https:\\\/\\\/www.salzburgerland.com\\\/de\\\/magazin\\\/#\\\/schema\\\/logo\\\/image\\\/\",\"url\":\"https:\\\/\\\/www.salzburgerland.com\\\/de\\\/magazin\\\/wp-content\\\/uploads\\\/2019\\\/06\\\/salzburgerland-logo1.jpg\",\"contentUrl\":\"https:\\\/\\\/www.salzburgerland.com\\\/de\\\/magazin\\\/wp-content\\\/uploads\\\/2019\\\/06\\\/salzburgerland-logo1.jpg\",\"width\":2011,\"height\":866,\"caption\":\"SalzburgerLand Tourismus\"},\"image\":{\"@id\":\"https:\\\/\\\/www.salzburgerland.com\\\/de\\\/magazin\\\/#\\\/schema\\\/logo\\\/image\\\/\"},\"sameAs\":[\"https:\\\/\\\/www.facebook.com\\\/salzburgerland\\\/\",\"https:\\\/\\\/x.com\\\/Salzburgerland\",\"https:\\\/\\\/www.instagram.com\\\/salzburgerland\\\/\",\"https:\\\/\\\/at.linkedin.com\\\/company\\\/salzburgerland-tourismus-gmbh\",\"https:\\\/\\\/www.pinterest.at\\\/salzburgerland\\\/\",\"https:\\\/\\\/www.youtube.com\\\/user\\\/salzburgerland\",\"https:\\\/\\\/de.wikipedia.org\\\/wiki\\\/SalzburgerLand_Tourismus_GmbH\"]},{\"@type\":\"Person\",\"@id\":\"https:\\\/\\\/www.salzburgerland.com\\\/de\\\/magazin\\\/#\\\/schema\\\/person\\\/3ff7e193e2c8cac782e170e1d616dc9e\",\"name\":\"Lukas Uitz\",\"description\":\"Im Leben von Lukas Uitz dreht sich vieles\u00a0um Umwelt, Berge und Natur. Der geb\u00fcrtige Salzburger studierte erst Geographie in Wien, bis ihn durch die Ankunft seines heute 9-j\u00e4hrigen Sohns die Vaterpflicht und nicht zuletzt\u00a0die Sehnsucht nach den Bergen zur\u00fcck in die Heimat riefen. Sein Studium in Salzburg fortsetzend setzt er sich seither\u00a0stark in verschiedenen\u00a0Umwelt- und Verkehrsinitiativen f\u00fcr Mensch und Natur ein und hat sein Leben\u00a0der Aufkl\u00e4rung \u00fcber die Notwendigkeit von Umweltschutz und nachhaltiger Lebensweisen verschrieben. Daneben arbeitet er als selbstst\u00e4ndiger Filmemacher. Seit er denken kann, lebt Lukas in tiefer Verbundenheit mit der heimischen Bergwelt und besucht sie so oft es geht auf\u00a0unterschiedliche\u00a0Art und Weise. Ob mit Bergschuhen, Tourenski, Mountainbike oder Schneeschuhen. Das Gef\u00fchl, einen Gipfel zu erklimmen, die absolute Stille zu erfahren und auf die weite Welt hinunter zu blicken, z\u00e4hlt f\u00fcr ihn zu den h\u00f6chsten Dingen im Leben.\u00a0 Fr\u00fchling, Sommer, Herbst oder Winter? H\u00e4ufiger tr\u00e4ume ich im Sommer vom Winter als umgekehrt. Am Ende ist es aber die Summe und Vielfalt aller vier Jahreszeiten, die mich begeistert und die das Klima in unseren Breiten so besonders macht. Durchgehend Winter k\u00f6nnte ich genau so wenig aushalten, wie andauerndes Warmwetter. 3 Monate von jedem ist die perfekte Mischung f\u00fcr jemanden, der die Abwechslung liebt. Luxushotel oder Almh\u00fctte? Definitiv Almh\u00fctte! Nirgends sonst komme ich gedanklich und emotional so gut runter, als mehrere Tage auf einer abgelegenen Selbstversorgerh\u00fctte hoch oben in den Bergen. Allerdings ist auch ein Tag im Luxushotel nach wochenlanger Enthaltsamkeit durchaus nicht zu verschm\u00e4hen. Bergsee oder Kr\u00e4utergarten? Beides hat seinen besonderen Reiz. Der See l\u00e4dt zur absoluten Entspannung ein. Daneben z\u00e4hlt das \\\"Blattln\\\" mit flachen Steinen zu meinen Leidenschaften. Im Garten habe ich eine rechte\u00a0Freude, den Dingen beim Wachsen zuzuschauen und mein eigenes Essen anzupflanzen, das dadurch viel besser schmeckt und eine h\u00f6here Wertsch\u00e4tzung erf\u00e4hrt, als die Normware aus dem Regal. Ausstellung oder Bergpanorama? Berg und Natur sind die Ausstellung meiner Wahl. Alpinski, Offpist oder Skitour? Nach M\u00f6glichkeit\u00a0ziehe ich eine Skitour mit meinem Splitboard vor. Eine gut preparierte Piste zum Carven hat aber ebenso reizvolle Aspekte, die ich gerne genie\u00dfe. Mozart oder Hubert von Goisern? Beides Weltmusiker! Der Hubert hat es mir aber schon in der Kindheit angetan und ist seit jeher fester Bestandteil meiner pers\u00f6nlichen Berg-Playlist.\",\"url\":\"https:\\\/\\\/www.salzburgerland.com\\\/de\\\/magazin\\\/author\\\/lukas-uitz\\\/\"}]}<\/script>\n<!-- \/ Yoast SEO Premium plugin. -->","yoast_head_json":{"title":"5-Gipfel Fr\u00fchlingstour in der Osterhorngruppe - SalzburgerLand Magazin","description":"Mit dem\u00a0Fr\u00fchling kommt die Wanderlust. Wo in h\u00f6heren Lagen noch der Schnee die Wege versperrt, bietet die Osterhorngruppe im Salzburger Flachgau und Tennengau bereits dutzende aussichtsreiche Gipfelziele. Manche davon lassen sich mit ausreichend Kondition zu einer anspruchsvollen\u00a0Tagestour verbinden, wie diese 5-Gipfel Tour im Genneralmen-Gebiet.","robots":{"index":"index","follow":"follow","max-snippet":"max-snippet:-1","max-image-preview":"max-image-preview:large","max-video-preview":"max-video-preview:-1"},"canonical":"https:\/\/www.salzburgerland.com\/de\/magazin\/5-gipfel-fruehlingstour-in-der-osterhorngruppe\/","og_locale":"de_DE","og_type":"article","og_title":"5-Gipfel Fr\u00fchlingstour in der Osterhorngruppe","og_description":"Rund um die traditionsreiche Genneralm s\u00fcdlich der Gemeinde Hintersee finden sich einige Gipfel, die sich im Sommer wie im Winter durch ihre gute Erreichbarkeit gro\u00dfer Beliebtheit erfreuen. Dem Hohen Zinken im Osten der Alm stehen im Westen die exponierte und weithin sichtbare Erhebung des Gennerhorns und seine Nachbargipfel Gruberhorn, Regenspitz, D\u00fcrlstein und Hoher First gegen\u00fcber. [&hellip;]","og_url":"https:\/\/www.salzburgerland.com\/de\/magazin\/5-gipfel-fruehlingstour-in-der-osterhorngruppe\/","og_site_name":"SalzburgerLand Magazin","article_publisher":"https:\/\/www.facebook.com\/salzburgerland\/","article_published_time":"2017-05-29T08:15:10+00:00","article_modified_time":"2021-02-15T07:56:31+00:00","og_image":[{"width":1600,"height":1067,"url":"https:\/\/www.salzburgerland.com\/de\/magazin\/wp-content\/uploads\/2017\/05\/P1970926a.jpg","type":"image\/jpeg"}],"author":"Lukas Uitz","twitter_card":"summary_large_image","twitter_creator":"@Salzburgerland","twitter_site":"@Salzburgerland","twitter_misc":{"Verfasst von":"Lukas Uitz","Gesch\u00e4tzte Lesezeit":"6\u00a0Minuten"},"schema":{"@context":"https:\/\/schema.org","@graph":[{"@type":"Article","@id":"https:\/\/www.salzburgerland.com\/de\/magazin\/5-gipfel-fruehlingstour-in-der-osterhorngruppe\/#article","isPartOf":{"@id":"https:\/\/www.salzburgerland.com\/de\/magazin\/5-gipfel-fruehlingstour-in-der-osterhorngruppe\/"},"author":{"name":"Lukas Uitz","@id":"https:\/\/www.salzburgerland.com\/de\/magazin\/#\/schema\/person\/3ff7e193e2c8cac782e170e1d616dc9e"},"headline":"5-Gipfel Fr\u00fchlingstour in der Osterhorngruppe","datePublished":"2017-05-29T08:15:10+00:00","dateModified":"2021-02-15T07:56:31+00:00","mainEntityOfPage":{"@id":"https:\/\/www.salzburgerland.com\/de\/magazin\/5-gipfel-fruehlingstour-in-der-osterhorngruppe\/"},"wordCount":867,"commentCount":0,"publisher":{"@id":"https:\/\/www.salzburgerland.com\/de\/magazin\/#organization"},"image":{"@id":"https:\/\/www.salzburgerland.com\/de\/magazin\/5-gipfel-fruehlingstour-in-der-osterhorngruppe\/#primaryimage"},"thumbnailUrl":"https:\/\/www.salzburgerland.com\/de\/magazin\/wp-content\/uploads\/2017\/05\/P1970926a.jpg","articleSection":["Outdoor &amp; Sport"],"inLanguage":"de","potentialAction":[{"@type":"CommentAction","name":"Comment","target":["https:\/\/www.salzburgerland.com\/de\/magazin\/5-gipfel-fruehlingstour-in-der-osterhorngruppe\/#respond"]}]},{"@type":"WebPage","@id":"https:\/\/www.salzburgerland.com\/de\/magazin\/5-gipfel-fruehlingstour-in-der-osterhorngruppe\/","url":"https:\/\/www.salzburgerland.com\/de\/magazin\/5-gipfel-fruehlingstour-in-der-osterhorngruppe\/","name":"5-Gipfel Fr\u00fchlingstour in der Osterhorngruppe - SalzburgerLand Magazin","isPartOf":{"@id":"https:\/\/www.salzburgerland.com\/de\/magazin\/#website"},"primaryImageOfPage":{"@id":"https:\/\/www.salzburgerland.com\/de\/magazin\/5-gipfel-fruehlingstour-in-der-osterhorngruppe\/#primaryimage"},"image":{"@id":"https:\/\/www.salzburgerland.com\/de\/magazin\/5-gipfel-fruehlingstour-in-der-osterhorngruppe\/#primaryimage"},"thumbnailUrl":"https:\/\/www.salzburgerland.com\/de\/magazin\/wp-content\/uploads\/2017\/05\/P1970926a.jpg","datePublished":"2017-05-29T08:15:10+00:00","dateModified":"2021-02-15T07:56:31+00:00","breadcrumb":{"@id":"https:\/\/www.salzburgerland.com\/de\/magazin\/5-gipfel-fruehlingstour-in-der-osterhorngruppe\/#breadcrumb"},"inLanguage":"de","potentialAction":[{"@type":"ReadAction","target":["https:\/\/www.salzburgerland.com\/de\/magazin\/5-gipfel-fruehlingstour-in-der-osterhorngruppe\/"]}]},{"@type":"ImageObject","inLanguage":"de","@id":"https:\/\/www.salzburgerland.com\/de\/magazin\/5-gipfel-fruehlingstour-in-der-osterhorngruppe\/#primaryimage","url":"https:\/\/www.salzburgerland.com\/de\/magazin\/wp-content\/uploads\/2017\/05\/P1970926a.jpg","contentUrl":"https:\/\/www.salzburgerland.com\/de\/magazin\/wp-content\/uploads\/2017\/05\/P1970926a.jpg","width":1600,"height":1067,"caption":"Lila Wildblumen im Fokus auf einem grasbewachsenen Hang, mit einem Wanderer und einem verschneiten Berg im Hintergrund."},{"@type":"BreadcrumbList","@id":"https:\/\/www.salzburgerland.com\/de\/magazin\/5-gipfel-fruehlingstour-in-der-osterhorngruppe\/#breadcrumb","itemListElement":[{"@type":"ListItem","position":1,"name":"Startseite","item":"https:\/\/www.salzburgerland.com\/de\/magazin\/"},{"@type":"ListItem","position":2,"name":"Outdoor &amp; Sport","item":"https:\/\/www.salzburgerland.com\/de\/magazin\/thema\/outdoor-sport\/"},{"@type":"ListItem","position":3,"name":"5-Gipfel Fr\u00fchlingstour in der Osterhorngruppe"}]},{"@type":"WebSite","@id":"https:\/\/www.salzburgerland.com\/de\/magazin\/#website","url":"https:\/\/www.salzburgerland.com\/de\/magazin\/","name":"SalzburgerLand Magazin","description":"Geschichten und Interessantes aus dem SalzburgerLand","publisher":{"@id":"https:\/\/www.salzburgerland.com\/de\/magazin\/#organization"},"potentialAction":[{"@type":"SearchAction","target":{"@type":"EntryPoint","urlTemplate":"https:\/\/www.salzburgerland.com\/de\/magazin\/?s={search_term_string}"},"query-input":{"@type":"PropertyValueSpecification","valueRequired":true,"valueName":"search_term_string"}}],"inLanguage":"de"},{"@type":"Organization","@id":"https:\/\/www.salzburgerland.com\/de\/magazin\/#organization","name":"SalzburgerLand Tourismus","url":"https:\/\/www.salzburgerland.com\/de\/magazin\/","logo":{"@type":"ImageObject","inLanguage":"de","@id":"https:\/\/www.salzburgerland.com\/de\/magazin\/#\/schema\/logo\/image\/","url":"https:\/\/www.salzburgerland.com\/de\/magazin\/wp-content\/uploads\/2019\/06\/salzburgerland-logo1.jpg","contentUrl":"https:\/\/www.salzburgerland.com\/de\/magazin\/wp-content\/uploads\/2019\/06\/salzburgerland-logo1.jpg","width":2011,"height":866,"caption":"SalzburgerLand Tourismus"},"image":{"@id":"https:\/\/www.salzburgerland.com\/de\/magazin\/#\/schema\/logo\/image\/"},"sameAs":["https:\/\/www.facebook.com\/salzburgerland\/","https:\/\/x.com\/Salzburgerland","https:\/\/www.instagram.com\/salzburgerland\/","https:\/\/at.linkedin.com\/company\/salzburgerland-tourismus-gmbh","https:\/\/www.pinterest.at\/salzburgerland\/","https:\/\/www.youtube.com\/user\/salzburgerland","https:\/\/de.wikipedia.org\/wiki\/SalzburgerLand_Tourismus_GmbH"]},{"@type":"Person","@id":"https:\/\/www.salzburgerland.com\/de\/magazin\/#\/schema\/person\/3ff7e193e2c8cac782e170e1d616dc9e","name":"Lukas Uitz","description":"Im Leben von Lukas Uitz dreht sich vieles\u00a0um Umwelt, Berge und Natur. Der geb\u00fcrtige Salzburger studierte erst Geographie in Wien, bis ihn durch die Ankunft seines heute 9-j\u00e4hrigen Sohns die Vaterpflicht und nicht zuletzt\u00a0die Sehnsucht nach den Bergen zur\u00fcck in die Heimat riefen. Sein Studium in Salzburg fortsetzend setzt er sich seither\u00a0stark in verschiedenen\u00a0Umwelt- und Verkehrsinitiativen f\u00fcr Mensch und Natur ein und hat sein Leben\u00a0der Aufkl\u00e4rung \u00fcber die Notwendigkeit von Umweltschutz und nachhaltiger Lebensweisen verschrieben. Daneben arbeitet er als selbstst\u00e4ndiger Filmemacher. Seit er denken kann, lebt Lukas in tiefer Verbundenheit mit der heimischen Bergwelt und besucht sie so oft es geht auf\u00a0unterschiedliche\u00a0Art und Weise. Ob mit Bergschuhen, Tourenski, Mountainbike oder Schneeschuhen. Das Gef\u00fchl, einen Gipfel zu erklimmen, die absolute Stille zu erfahren und auf die weite Welt hinunter zu blicken, z\u00e4hlt f\u00fcr ihn zu den h\u00f6chsten Dingen im Leben.\u00a0 Fr\u00fchling, Sommer, Herbst oder Winter? H\u00e4ufiger tr\u00e4ume ich im Sommer vom Winter als umgekehrt. Am Ende ist es aber die Summe und Vielfalt aller vier Jahreszeiten, die mich begeistert und die das Klima in unseren Breiten so besonders macht. Durchgehend Winter k\u00f6nnte ich genau so wenig aushalten, wie andauerndes Warmwetter. 3 Monate von jedem ist die perfekte Mischung f\u00fcr jemanden, der die Abwechslung liebt. Luxushotel oder Almh\u00fctte? Definitiv Almh\u00fctte! Nirgends sonst komme ich gedanklich und emotional so gut runter, als mehrere Tage auf einer abgelegenen Selbstversorgerh\u00fctte hoch oben in den Bergen. Allerdings ist auch ein Tag im Luxushotel nach wochenlanger Enthaltsamkeit durchaus nicht zu verschm\u00e4hen. Bergsee oder Kr\u00e4utergarten? Beides hat seinen besonderen Reiz. Der See l\u00e4dt zur absoluten Entspannung ein. Daneben z\u00e4hlt das \"Blattln\" mit flachen Steinen zu meinen Leidenschaften. Im Garten habe ich eine rechte\u00a0Freude, den Dingen beim Wachsen zuzuschauen und mein eigenes Essen anzupflanzen, das dadurch viel besser schmeckt und eine h\u00f6here Wertsch\u00e4tzung erf\u00e4hrt, als die Normware aus dem Regal. Ausstellung oder Bergpanorama? Berg und Natur sind die Ausstellung meiner Wahl. Alpinski, Offpist oder Skitour? Nach M\u00f6glichkeit\u00a0ziehe ich eine Skitour mit meinem Splitboard vor. Eine gut preparierte Piste zum Carven hat aber ebenso reizvolle Aspekte, die ich gerne genie\u00dfe. Mozart oder Hubert von Goisern? Beides Weltmusiker! Der Hubert hat es mir aber schon in der Kindheit angetan und ist seit jeher fester Bestandteil meiner pers\u00f6nlichen Berg-Playlist.","url":"https:\/\/www.salzburgerland.com\/de\/magazin\/author\/lukas-uitz\/"}]}},"_wl_alt_label":[],"wl:entity_url":"http:\/\/open.salzburgerland.com\/magazin\/post\/5-gipfel_fruehlingstour_in_der_osterhorngruppe","_links":{"self":[{"href":"https:\/\/www.salzburgerland.com\/de\/magazin\/wp-json\/wp\/v2\/posts\/115387","targetHints":{"allow":["GET"]}}],"collection":[{"href":"https:\/\/www.salzburgerland.com\/de\/magazin\/wp-json\/wp\/v2\/posts"}],"about":[{"href":"https:\/\/www.salzburgerland.com\/de\/magazin\/wp-json\/wp\/v2\/types\/post"}],"author":[{"embeddable":true,"href":"https:\/\/www.salzburgerland.com\/de\/magazin\/wp-json\/wp\/v2\/users\/538"}],"replies":[{"embeddable":true,"href":"https:\/\/www.salzburgerland.com\/de\/magazin\/wp-json\/wp\/v2\/comments?post=115387"}],"version-history":[{"count":2,"href":"https:\/\/www.salzburgerland.com\/de\/magazin\/wp-json\/wp\/v2\/posts\/115387\/revisions"}],"predecessor-version":[{"id":150125,"href":"https:\/\/www.salzburgerland.com\/de\/magazin\/wp-json\/wp\/v2\/posts\/115387\/revisions\/150125"}],"wp:featuredmedia":[{"embeddable":true,"href":"https:\/\/www.salzburgerland.com\/de\/magazin\/wp-json\/wp\/v2\/media\/115421"}],"wp:attachment":[{"href":"https:\/\/www.salzburgerland.com\/de\/magazin\/wp-json\/wp\/v2\/media?parent=115387"}],"wp:term":[{"taxonomy":"category","embeddable":true,"href":"https:\/\/www.salzburgerland.com\/de\/magazin\/wp-json\/wp\/v2\/categories?post=115387"},{"taxonomy":"post_tag","embeddable":true,"href":"https:\/\/www.salzburgerland.com\/de\/magazin\/wp-json\/wp\/v2\/tags?post=115387"},{"taxonomy":"wl_entity_type","embeddable":true,"href":"https:\/\/www.salzburgerland.com\/de\/magazin\/wp-json\/wp\/v2\/wl_entity_type?post=115387"},{"taxonomy":"monatsauswahl","embeddable":true,"href":"https:\/\/www.salzburgerland.com\/de\/magazin\/wp-json\/wp\/v2\/monatsauswahl?post=115387"}],"curies":[{"name":"wp","href":"https:\/\/api.w.org\/{rel}","templated":true}]}}