{"id":115327,"date":"2017-06-02T08:00:58","date_gmt":"2017-06-02T06:00:58","guid":{"rendered":"https:\/\/www.salzburgerland.com\/de\/magazin\/?p=115327"},"modified":"2021-03-23T13:27:51","modified_gmt":"2021-03-23T12:27:51","slug":"ausstellung-fuer-kinder-im-schloss-hellbrunn","status":"publish","type":"post","link":"https:\/\/www.salzburgerland.com\/de\/magazin\/ausstellung-fuer-kinder-im-schloss-hellbrunn\/","title":{"rendered":"Schloss Hellbrunn"},"content":{"rendered":"\n<h2 class=\"wp-block-slt-subtitle\">Mit Kindern unterwegs <\/h2>\n\n\n\n<p class=\"wp-block-slt-intro\">&#8222;Sensationsfund im Schloss Hellbrunn! Vor kurzem wurden im Schloss Hellbrunn\u00a0Briefe gefunden, geschrieben von Rosalie, dem Schlossgeist von Hellbrunn.\u00a0Rosalie arbeitete vor 400 Jahren zu Markus Sittikus Zeiten in den G\u00e4rten von\u00a0Hellbrunn und gestaltete den Blumenschmuck im Schloss. Dabei lernte sie den\u00a0Erzbischof kennen, sah die vielen Tiere im Park und genoss nat\u00fcrlich auch die\u00a0Wasserspiele. Es gefiel ihr hier so gut, dass sie beschloss, nach ihrem Tod als Schlossgeist in Hellbrunn zu bleiben&#8230;&#8220;<\/p>\n\n\n\n<p>Mehr als 400 Jahre ist es her, dass F\u00fcrsterzbischof Markus Sittikus \u00fcber das damalige F\u00fcrstenbistum Salzburg herrschte. Der lebenslustige Herrscher war bekannt f\u00fcr seine Gastfreundschaft. In seinem Sommersitz, dem Schloss Hellbrunn, feierte er ausgelassene Feste. Im Schloss Hellbrunn und im Schlossgarten lie\u00df er sich allerlei Spannendes einfallen, um seine G\u00e4ste bei Laune zu halten. So wie die weltber\u00fchmten <a href=\"https:\/\/www.salzburgerland.com\/de\/magazin\/hellbrunn-als-spielwiese-nicht-nur-fur-verliebte-erzbischofe\/\" target=\"_blank\" rel=\"noopener noreferrer\">Wasserspiele<\/a> \u2013 ein erfrischendes Wassertheater, das rein mit Wasserkraft angetrieben wurde und bis heute intakt ist.<\/p>\n\n\n\n<h3 class=\"wp-block-heading\" id=\"h-die-wunderbare-welt-des-markus-sittikus\">Die wunderbare Welt des Markus Sittikus&#8230;&nbsp;<\/h3>\n\n\n\n<p>Das Leben des Lebemannes ist heute noch erlebbar \u2013 in der Ausstellung \u201eDie wunderbare Welt des Markus Sittikus\u201c im <a href=\"https:\/\/www.salzburgerland.com\/de\/magazin\/400-jahre-schloss-hellbrunn\/\" target=\"_blank\" rel=\"noopener noreferrer\">Schloss Hellbrunn<\/a>. Anl\u00e4sslich des 400 Jahre Jubil\u00e4ums im Jahr 2016 wurde recherchiert, get\u00fcftelt und gestaltet. Seither entf\u00fchrt die Ausstellung im Schloss Hellbrunn in die l\u00e4ngst vergangenen Tage. Die Erlebnisausstellung ist dabei so authentisch, dass man sich sogleich in diese Zeit zur\u00fcckversetzt f\u00fchlt. Schlossgeist Rosalie begleitet die F\u00fchrung durch die historischen Mauern.<\/p>\n\n\n\n<h3 class=\"wp-block-heading\" id=\"h-f-r-kinder-erlebbar-gemacht\">&#8230;&nbsp;f\u00fcr Kinder erlebbar gemacht.<\/h3>\n\n\n\n<p>Ein eigenes Museumsprogramm gibt es f\u00fcr junge Besucher. Das Programm \u201eMacht und Spiel\u201c&nbsp; nimmt Kinder und Jugendliche mit auf eine Zeitreise. Spannend und spielerisch werden die Inhalte vermittelt. So manches Detail erstaunt auch die erwachsenen Besucher. Haben Sie etwa gewusst, dass es damals ein 8-hufiges Pferd zu Hof gab? Dass Erdbeeren und Sonnenblumen zur damaligen Zeit eine Seltenheit darstellten? Oder dass es im Jahre 1614 in Salzburg die erste Opernauff\u00fchrung n\u00f6rdlich der Alpen zu h\u00f6ren gab?<\/p>\n\n\n<div class=\"mag-gallery\"><div class=\"row\"><div class=\"col-6 col-sm-4\"><figure><a class=\"thumb-container\" href=\"https:\/\/www.salzburgerland.com\/de\/magazin\/wp-content\/uploads\/2017\/05\/Schulklasse-5-von-56-1280x1024.jpg\">\t<picture><source media=\"(min-width: 576px)\" srcset=\"\"><\/source><source media=\"(min-width: 0)\" srcset=\"https:\/\/www.salzburgerland.com\/de\/magazin\/wp-content\/uploads\/2017\/05\/Schulklasse-5-von-56.jpg 1067w, https:\/\/www.salzburgerland.com\/de\/magazin\/wp-content\/uploads\/2017\/05\/Schulklasse-5-von-56-200x300.jpg 200w, https:\/\/www.salzburgerland.com\/de\/magazin\/wp-content\/uploads\/2017\/05\/Schulklasse-5-von-56-367x550.jpg 367w, https:\/\/www.salzburgerland.com\/de\/magazin\/wp-content\/uploads\/2017\/05\/Schulklasse-5-von-56-267x400.jpg 267w\"><\/source><img decoding=\"async\" alt=\"Kinder stehen in einem Museumsraum mit Gem&auml;lden und einer Einhorn-Statue im Hintergrund.\" src=\"https:\/\/www.salzburgerland.com\/de\/magazin\/wp-content\/uploads\/2017\/05\/Schulklasse-5-von-56.jpg\">\t<\/picture><\/a><\/figure><\/div><div class=\"col-6 col-sm-4\"><figure><a class=\"thumb-container\" href=\"https:\/\/www.salzburgerland.com\/de\/magazin\/wp-content\/uploads\/2017\/05\/Schulklasse-2-von-56-1280x1024.jpg\">\t<picture><source media=\"(min-width: 576px)\" srcset=\"https:\/\/www.salzburgerland.com\/de\/magazin\/wp-content\/uploads\/2017\/05\/Schulklasse-2-von-56-325x209.jpg 325w, https:\/\/www.salzburgerland.com\/de\/magazin\/wp-content\/uploads\/2017\/05\/Schulklasse-2-von-56-249x160.jpg 249w\"><\/source><source media=\"(min-width: 0)\" srcset=\"https:\/\/www.salzburgerland.com\/de\/magazin\/wp-content\/uploads\/2017\/05\/Schulklasse-2-von-56-249x160.jpg 249w, https:\/\/www.salzburgerland.com\/de\/magazin\/wp-content\/uploads\/2017\/05\/Schulklasse-2-von-56-325x209.jpg 325w\"><\/source><img decoding=\"async\" alt=\"Menschen sitzen auf einem Holzboden neben Papieren, einem Foto, einer roten M&uuml;tze, einem Buch und einem Schild mit der Aufschrift Erzbischof.\" src=\"https:\/\/www.salzburgerland.com\/de\/magazin\/wp-content\/uploads\/2017\/05\/Schulklasse-2-von-56.jpg\">\t<\/picture><\/a><\/figure><\/div><div class=\"col-6 col-sm-4\"><figure><a class=\"thumb-container\" href=\"https:\/\/www.salzburgerland.com\/de\/magazin\/wp-content\/uploads\/2017\/05\/Schulklasse-1-von-56-1280x1024.jpg\">\t<picture><source media=\"(min-width: 576px)\" srcset=\"https:\/\/www.salzburgerland.com\/de\/magazin\/wp-content\/uploads\/2017\/05\/Schulklasse-1-von-56-325x209.jpg 325w, https:\/\/www.salzburgerland.com\/de\/magazin\/wp-content\/uploads\/2017\/05\/Schulklasse-1-von-56-249x160.jpg 249w\"><\/source><source media=\"(min-width: 0)\" srcset=\"https:\/\/www.salzburgerland.com\/de\/magazin\/wp-content\/uploads\/2017\/05\/Schulklasse-1-von-56-249x160.jpg 249w, https:\/\/www.salzburgerland.com\/de\/magazin\/wp-content\/uploads\/2017\/05\/Schulklasse-1-von-56-325x209.jpg 325w\"><\/source><img decoding=\"async\" alt=\"Ein l&auml;chelndes Kind mit einer roten M&uuml;tze blickt zur&uuml;ck, umgeben von Freunden, mit einem unscharfen Erwachsenen im Hintergrund.\" src=\"https:\/\/www.salzburgerland.com\/de\/magazin\/wp-content\/uploads\/2017\/05\/Schulklasse-1-von-56.jpg\">\t<\/picture><\/a><\/figure><\/div><div class=\"col-6 col-sm-4\"><figure><a class=\"thumb-container\" href=\"https:\/\/www.salzburgerland.com\/de\/magazin\/wp-content\/uploads\/2017\/05\/Schulklasse-3-von-56-1280x1024.jpg\">\t<picture><source media=\"(min-width: 576px)\" srcset=\"https:\/\/www.salzburgerland.com\/de\/magazin\/wp-content\/uploads\/2017\/05\/Schulklasse-3-von-56-325x209.jpg 325w, https:\/\/www.salzburgerland.com\/de\/magazin\/wp-content\/uploads\/2017\/05\/Schulklasse-3-von-56-249x160.jpg 249w\"><\/source><source media=\"(min-width: 0)\" srcset=\"https:\/\/www.salzburgerland.com\/de\/magazin\/wp-content\/uploads\/2017\/05\/Schulklasse-3-von-56-249x160.jpg 249w, https:\/\/www.salzburgerland.com\/de\/magazin\/wp-content\/uploads\/2017\/05\/Schulklasse-3-von-56-325x209.jpg 325w\"><\/source><img decoding=\"async\" alt=\"Eine Gruppe von Kindern versammelt sich um eine Holzkiste; ein M&auml;dchen hebt fragend die Hand.\" src=\"https:\/\/www.salzburgerland.com\/de\/magazin\/wp-content\/uploads\/2017\/05\/Schulklasse-3-von-56.jpg\">\t<\/picture><\/a><\/figure><\/div><div class=\"col-6 col-sm-4\"><figure><a class=\"thumb-container\" href=\"https:\/\/www.salzburgerland.com\/de\/magazin\/wp-content\/uploads\/2017\/05\/hellbrunnausstellung12-1280x1024.jpg\">\t<picture><source media=\"(min-width: 576px)\" srcset=\"https:\/\/www.salzburgerland.com\/de\/magazin\/wp-content\/uploads\/2017\/05\/hellbrunnausstellung12-325x209.jpg 325w, https:\/\/www.salzburgerland.com\/de\/magazin\/wp-content\/uploads\/2017\/05\/hellbrunnausstellung12-249x160.jpg 249w\"><\/source><source media=\"(min-width: 0)\" srcset=\"https:\/\/www.salzburgerland.com\/de\/magazin\/wp-content\/uploads\/2017\/05\/hellbrunnausstellung12-249x160.jpg 249w, https:\/\/www.salzburgerland.com\/de\/magazin\/wp-content\/uploads\/2017\/05\/hellbrunnausstellung12-325x209.jpg 325w\"><\/source><img decoding=\"async\" alt=\"Kinder sitzen auf dem Boden und beobachten eine bunte Spielzeugmaschine mit Zahnr&auml;dern und einer kleinen Dinosaurierfigur.\" src=\"https:\/\/www.salzburgerland.com\/de\/magazin\/wp-content\/uploads\/2017\/05\/hellbrunnausstellung12.jpg\">\t<\/picture><\/a><\/figure><\/div><div class=\"col-6 col-sm-4\"><figure><a class=\"thumb-container\" href=\"https:\/\/www.salzburgerland.com\/de\/magazin\/wp-content\/uploads\/2017\/05\/hellbrunnschulklasse9-1280x1024.jpg\">\t<picture><source media=\"(min-width: 576px)\" srcset=\"https:\/\/www.salzburgerland.com\/de\/magazin\/wp-content\/uploads\/2017\/05\/hellbrunnschulklasse9-325x209.jpg 325w, https:\/\/www.salzburgerland.com\/de\/magazin\/wp-content\/uploads\/2017\/05\/hellbrunnschulklasse9-249x160.jpg 249w\"><\/source><source media=\"(min-width: 0)\" srcset=\"https:\/\/www.salzburgerland.com\/de\/magazin\/wp-content\/uploads\/2017\/05\/hellbrunnschulklasse9-249x160.jpg 249w, https:\/\/www.salzburgerland.com\/de\/magazin\/wp-content\/uploads\/2017\/05\/hellbrunnschulklasse9-325x209.jpg 325w\"><\/source><img decoding=\"async\" alt=\"Ein Junge liest laut aus einer Zeitung vor, w&auml;hrend eine Gruppe von Kindern in einem Haus sitzt und zuh&ouml;rt.\" src=\"https:\/\/www.salzburgerland.com\/de\/magazin\/wp-content\/uploads\/2017\/05\/hellbrunnschulklasse9.jpg\">\t<\/picture><\/a><\/figure><\/div><\/div><figcaption><\/figcaption><\/div>\n\n\n\n<p>Unterst\u00fctzt von interaktiven Medien, wie einem Audioguide, erfahren die Besucher allerlei \u00fcber Leben, Politik, den pers\u00f6nlichen Tiergarten des Herrschers, seine Vorliebe f\u00fcr Feste, die Wasserspiele und vieles mehr. So wird die Geschichte von Markus Sittikus kurzweilig und abwechslungsreich erz\u00e4hlt. So sch\u00f6n kann ein Museumsbesuch sein!&nbsp;<\/p>\n\n\n\n<p>Mit den Begleitheften l\u00e4sst sich das Schloss Hellbrunn bestens erkunden:<\/p>\n\n\n\n<ul class=\"wp-block-list\"><li><a href=\"https:\/\/www.salzburgerland.com\/de\/magazin\/wp-content\/uploads\/2017\/05\/begleitheft-hellbrunn-3-5-f1-online_low.pdf\" target=\"_blank\" rel=\"noopener noreferrer\">f\u00fcr Kinder von der 3. bis 5. Schulstufe<\/a><\/li><li><a href=\"https:\/\/www.salzburgerland.com\/de\/magazin\/wp-content\/uploads\/2017\/05\/begleitheft-hellbrunn-6-8-f1-online_low.pdf\" target=\"_blank\" rel=\"noopener noreferrer\">f\u00fcr Kinder von der 6. bis zur 8. Schulstufe<\/a>&nbsp; &nbsp;<\/li><\/ul>\n\n\n\n<p>Weitere Infos finden Sie auf <strong><a href=\"https:\/\/www.hellbrunn.at\/\" target=\"_blank\" rel=\"noopener noreferrer\">hellbrunn.at<\/a><\/strong><\/p>\n","protected":false},"excerpt":{"rendered":"<p>Mehr als 400 Jahre ist es her, dass F\u00fcrsterzbischof Markus Sittikus \u00fcber das damalige F\u00fcrstenbistum Salzburg herrschte. Der lebenslustige Herrscher war bekannt f\u00fcr seine Gastfreundschaft. In seinem Sommersitz, dem Schloss Hellbrunn, feierte er ausgelassene Feste. Im Schloss Hellbrunn und im Schlossgarten lie\u00df er sich allerlei Spannendes einfallen, um seine G\u00e4ste bei Laune zu halten. So [&hellip;]<\/p>\n","protected":false},"author":482,"featured_media":115337,"comment_status":"open","ping_status":"open","sticky":false,"template":"","format":"standard","meta":{"_acf_changed":false,"wl_entities_gutenberg":"","_wl_entity_redirect_enabled":"","footnotes":""},"categories":[9],"tags":[6709],"wl_entity_type":[306],"monatsauswahl":[82,83,84,85,86,87,88,89,90,91,92,93],"class_list":["post-115327","post","type-post","status-publish","format-standard","has-post-thumbnail","hentry","category-sehenswurdig","tag-salzburgerland-card","wl_entity_type-article","monatsauswahl-monat_1","monatsauswahl-monat_2","monatsauswahl-monat_3","monatsauswahl-monat_4","monatsauswahl-monat_5","monatsauswahl-monat_6","monatsauswahl-monat_7","monatsauswahl-monat_8","monatsauswahl-monat_9","monatsauswahl-monat_10","monatsauswahl-monat_11","monatsauswahl-monat_12"],"acf":[],"yoast_head":"<!-- This site is optimized with the Yoast SEO Premium plugin v27.4 (Yoast SEO v27.4) - https:\/\/yoast.com\/product\/yoast-seo-premium-wordpress\/ -->\n<title>Schloss Hellbrunn - SalzburgerLand Magazin<\/title>\n<meta name=\"description\" content=\"&quot;Sensationsfund im Schloss Hellbrunn! Vor kurzem wurden im Schloss Hellbrunn\u00a0Briefe gefunden, geschrieben von Rosalie, dem Schlossgeist von Hellbrunn.\u00a0Rosalie arbeitete vor 400 Jahren zu Markus Sittikus Zeiten in den G\u00e4rten von\u00a0Hellbrunn und gestaltete den Blumenschmuck im Schloss. Dabei lernte sie den\u00a0Erzbischof kennen, sah die vielen Tiere im Park und genoss nat\u00fcrlich auch die\u00a0Wasserspiele. Es gefiel ihr hier so gut, dass sie beschloss, nach ihrem Tod als Schlossgeist in Hellbrunn zu bleiben...&quot;\" \/>\n<meta name=\"robots\" content=\"index, follow, max-snippet:-1, max-image-preview:large, max-video-preview:-1\" \/>\n<link rel=\"canonical\" href=\"https:\/\/www.salzburgerland.com\/de\/magazin\/ausstellung-fuer-kinder-im-schloss-hellbrunn\/\" \/>\n<meta property=\"og:locale\" content=\"de_DE\" \/>\n<meta property=\"og:type\" content=\"article\" \/>\n<meta property=\"og:title\" content=\"Schloss Hellbrunn\" \/>\n<meta property=\"og:description\" content=\"Mehr als 400 Jahre ist es her, dass F\u00fcrsterzbischof Markus Sittikus \u00fcber das damalige F\u00fcrstenbistum Salzburg herrschte. Der lebenslustige Herrscher war bekannt f\u00fcr seine Gastfreundschaft. In seinem Sommersitz, dem Schloss Hellbrunn, feierte er ausgelassene Feste. Im Schloss Hellbrunn und im Schlossgarten lie\u00df er sich allerlei Spannendes einfallen, um seine G\u00e4ste bei Laune zu halten. So [&hellip;]\" \/>\n<meta property=\"og:url\" content=\"https:\/\/www.salzburgerland.com\/de\/magazin\/ausstellung-fuer-kinder-im-schloss-hellbrunn\/\" \/>\n<meta property=\"og:site_name\" content=\"SalzburgerLand Magazin\" \/>\n<meta property=\"article:publisher\" content=\"https:\/\/www.facebook.com\/salzburgerland\/\" \/>\n<meta property=\"article:published_time\" content=\"2017-06-02T06:00:58+00:00\" \/>\n<meta property=\"article:modified_time\" content=\"2021-03-23T12:27:51+00:00\" \/>\n<meta property=\"og:image\" content=\"https:\/\/www.salzburgerland.com\/de\/magazin\/wp-content\/uploads\/2017\/05\/hellbrunnausstellung22.jpg\" \/>\n\t<meta property=\"og:image:width\" content=\"1600\" \/>\n\t<meta property=\"og:image:height\" content=\"1043\" \/>\n\t<meta property=\"og:image:type\" content=\"image\/jpeg\" \/>\n<meta name=\"author\" content=\"Magdalena Lublasser-Fazal\" \/>\n<meta name=\"twitter:card\" content=\"summary_large_image\" \/>\n<meta name=\"twitter:creator\" content=\"@Salzburgerland\" \/>\n<meta name=\"twitter:site\" content=\"@Salzburgerland\" \/>\n<meta name=\"twitter:label1\" content=\"Verfasst von\" \/>\n\t<meta name=\"twitter:data1\" content=\"Magdalena Lublasser-Fazal\" \/>\n\t<meta name=\"twitter:label2\" content=\"Gesch\u00e4tzte Lesezeit\" \/>\n\t<meta name=\"twitter:data2\" content=\"3\u00a0Minuten\" \/>\n<script type=\"application\/ld+json\" class=\"yoast-schema-graph\">{\"@context\":\"https:\\\/\\\/schema.org\",\"@graph\":[{\"@type\":\"Article\",\"@id\":\"https:\\\/\\\/www.salzburgerland.com\\\/de\\\/magazin\\\/ausstellung-fuer-kinder-im-schloss-hellbrunn\\\/#article\",\"isPartOf\":{\"@id\":\"https:\\\/\\\/www.salzburgerland.com\\\/de\\\/magazin\\\/ausstellung-fuer-kinder-im-schloss-hellbrunn\\\/\"},\"author\":{\"name\":\"Magdalena Lublasser-Fazal\",\"@id\":\"https:\\\/\\\/www.salzburgerland.com\\\/de\\\/magazin\\\/#\\\/schema\\\/person\\\/f4e5670b6a3cc9fcea30e5908634464b\"},\"headline\":\"Schloss Hellbrunn\",\"datePublished\":\"2017-06-02T06:00:58+00:00\",\"dateModified\":\"2021-03-23T12:27:51+00:00\",\"mainEntityOfPage\":{\"@id\":\"https:\\\/\\\/www.salzburgerland.com\\\/de\\\/magazin\\\/ausstellung-fuer-kinder-im-schloss-hellbrunn\\\/\"},\"wordCount\":412,\"commentCount\":0,\"publisher\":{\"@id\":\"https:\\\/\\\/www.salzburgerland.com\\\/de\\\/magazin\\\/#organization\"},\"image\":{\"@id\":\"https:\\\/\\\/www.salzburgerland.com\\\/de\\\/magazin\\\/ausstellung-fuer-kinder-im-schloss-hellbrunn\\\/#primaryimage\"},\"thumbnailUrl\":\"https:\\\/\\\/www.salzburgerland.com\\\/de\\\/magazin\\\/wp-content\\\/uploads\\\/2017\\\/05\\\/hellbrunnausstellung22.jpg\",\"keywords\":[\"SalzburgerLand Card\"],\"articleSection\":[\"Sehensw\u00fcrdig\"],\"inLanguage\":\"de\",\"potentialAction\":[{\"@type\":\"CommentAction\",\"name\":\"Comment\",\"target\":[\"https:\\\/\\\/www.salzburgerland.com\\\/de\\\/magazin\\\/ausstellung-fuer-kinder-im-schloss-hellbrunn\\\/#respond\"]}]},{\"@type\":\"WebPage\",\"@id\":\"https:\\\/\\\/www.salzburgerland.com\\\/de\\\/magazin\\\/ausstellung-fuer-kinder-im-schloss-hellbrunn\\\/\",\"url\":\"https:\\\/\\\/www.salzburgerland.com\\\/de\\\/magazin\\\/ausstellung-fuer-kinder-im-schloss-hellbrunn\\\/\",\"name\":\"Schloss Hellbrunn - SalzburgerLand Magazin\",\"isPartOf\":{\"@id\":\"https:\\\/\\\/www.salzburgerland.com\\\/de\\\/magazin\\\/#website\"},\"primaryImageOfPage\":{\"@id\":\"https:\\\/\\\/www.salzburgerland.com\\\/de\\\/magazin\\\/ausstellung-fuer-kinder-im-schloss-hellbrunn\\\/#primaryimage\"},\"image\":{\"@id\":\"https:\\\/\\\/www.salzburgerland.com\\\/de\\\/magazin\\\/ausstellung-fuer-kinder-im-schloss-hellbrunn\\\/#primaryimage\"},\"thumbnailUrl\":\"https:\\\/\\\/www.salzburgerland.com\\\/de\\\/magazin\\\/wp-content\\\/uploads\\\/2017\\\/05\\\/hellbrunnausstellung22.jpg\",\"datePublished\":\"2017-06-02T06:00:58+00:00\",\"dateModified\":\"2021-03-23T12:27:51+00:00\",\"breadcrumb\":{\"@id\":\"https:\\\/\\\/www.salzburgerland.com\\\/de\\\/magazin\\\/ausstellung-fuer-kinder-im-schloss-hellbrunn\\\/#breadcrumb\"},\"inLanguage\":\"de\",\"potentialAction\":[{\"@type\":\"ReadAction\",\"target\":[\"https:\\\/\\\/www.salzburgerland.com\\\/de\\\/magazin\\\/ausstellung-fuer-kinder-im-schloss-hellbrunn\\\/\"]}]},{\"@type\":\"ImageObject\",\"inLanguage\":\"de\",\"@id\":\"https:\\\/\\\/www.salzburgerland.com\\\/de\\\/magazin\\\/ausstellung-fuer-kinder-im-schloss-hellbrunn\\\/#primaryimage\",\"url\":\"https:\\\/\\\/www.salzburgerland.com\\\/de\\\/magazin\\\/wp-content\\\/uploads\\\/2017\\\/05\\\/hellbrunnausstellung22.jpg\",\"contentUrl\":\"https:\\\/\\\/www.salzburgerland.com\\\/de\\\/magazin\\\/wp-content\\\/uploads\\\/2017\\\/05\\\/hellbrunnausstellung22.jpg\",\"width\":1600,\"height\":1043,\"caption\":\"Kinder betrachten eine gro\u00dfe Einhornstatue in einem Museumsraum, der mit Tierbildern und Pr\u00e4paraten gef\u00fcllt ist.\"},{\"@type\":\"BreadcrumbList\",\"@id\":\"https:\\\/\\\/www.salzburgerland.com\\\/de\\\/magazin\\\/ausstellung-fuer-kinder-im-schloss-hellbrunn\\\/#breadcrumb\",\"itemListElement\":[{\"@type\":\"ListItem\",\"position\":1,\"name\":\"Startseite\",\"item\":\"https:\\\/\\\/www.salzburgerland.com\\\/de\\\/magazin\\\/\"},{\"@type\":\"ListItem\",\"position\":2,\"name\":\"Sehensw\u00fcrdig\",\"item\":\"https:\\\/\\\/www.salzburgerland.com\\\/de\\\/magazin\\\/thema\\\/sehenswurdig\\\/\"},{\"@type\":\"ListItem\",\"position\":3,\"name\":\"Schloss Hellbrunn\"}]},{\"@type\":\"WebSite\",\"@id\":\"https:\\\/\\\/www.salzburgerland.com\\\/de\\\/magazin\\\/#website\",\"url\":\"https:\\\/\\\/www.salzburgerland.com\\\/de\\\/magazin\\\/\",\"name\":\"SalzburgerLand Magazin\",\"description\":\"Geschichten und Interessantes aus dem SalzburgerLand\",\"publisher\":{\"@id\":\"https:\\\/\\\/www.salzburgerland.com\\\/de\\\/magazin\\\/#organization\"},\"potentialAction\":[{\"@type\":\"SearchAction\",\"target\":{\"@type\":\"EntryPoint\",\"urlTemplate\":\"https:\\\/\\\/www.salzburgerland.com\\\/de\\\/magazin\\\/?s={search_term_string}\"},\"query-input\":{\"@type\":\"PropertyValueSpecification\",\"valueRequired\":true,\"valueName\":\"search_term_string\"}}],\"inLanguage\":\"de\"},{\"@type\":\"Organization\",\"@id\":\"https:\\\/\\\/www.salzburgerland.com\\\/de\\\/magazin\\\/#organization\",\"name\":\"SalzburgerLand Tourismus\",\"url\":\"https:\\\/\\\/www.salzburgerland.com\\\/de\\\/magazin\\\/\",\"logo\":{\"@type\":\"ImageObject\",\"inLanguage\":\"de\",\"@id\":\"https:\\\/\\\/www.salzburgerland.com\\\/de\\\/magazin\\\/#\\\/schema\\\/logo\\\/image\\\/\",\"url\":\"https:\\\/\\\/www.salzburgerland.com\\\/de\\\/magazin\\\/wp-content\\\/uploads\\\/2019\\\/06\\\/salzburgerland-logo1.jpg\",\"contentUrl\":\"https:\\\/\\\/www.salzburgerland.com\\\/de\\\/magazin\\\/wp-content\\\/uploads\\\/2019\\\/06\\\/salzburgerland-logo1.jpg\",\"width\":2011,\"height\":866,\"caption\":\"SalzburgerLand Tourismus\"},\"image\":{\"@id\":\"https:\\\/\\\/www.salzburgerland.com\\\/de\\\/magazin\\\/#\\\/schema\\\/logo\\\/image\\\/\"},\"sameAs\":[\"https:\\\/\\\/www.facebook.com\\\/salzburgerland\\\/\",\"https:\\\/\\\/x.com\\\/Salzburgerland\",\"https:\\\/\\\/www.instagram.com\\\/salzburgerland\\\/\",\"https:\\\/\\\/at.linkedin.com\\\/company\\\/salzburgerland-tourismus-gmbh\",\"https:\\\/\\\/www.pinterest.at\\\/salzburgerland\\\/\",\"https:\\\/\\\/www.youtube.com\\\/user\\\/salzburgerland\",\"https:\\\/\\\/de.wikipedia.org\\\/wiki\\\/SalzburgerLand_Tourismus_GmbH\"]},{\"@type\":\"Person\",\"@id\":\"https:\\\/\\\/www.salzburgerland.com\\\/de\\\/magazin\\\/#\\\/schema\\\/person\\\/f4e5670b6a3cc9fcea30e5908634464b\",\"name\":\"Magdalena Lublasser-Fazal\",\"description\":\"Geboren im sch\u00f6nen Pinzgau, aufgewachsen in der kulturtr\u00e4chtigen Salzburger Altstadt und sesshaft geworden im Flachgau ist Magdalena Fazal-Ahmad ein Salzburgerin mit Leib und Seele. Dabei ist es die einzigartige Mischung, die f\u00fcr sie die Faszination ihrer Heimat ausmacht. An einem fr\u00fchen Fr\u00fchlingsmorgen den Sonnenaufgang hinter den Berggipfeln erleben, mit dem Fahrrad durch die Altstadt radeln und dabei Geschichte und Architektur bewundern und den Nachmittagskaffee auf der Sonnenterasse am M\u00f6nchsberg genie\u00dfen - so sieht ihr perfekter Tag aus. Wenn der Abend dann noch mit einem Sonnenuntergang am Gaisberg ausklingt, ist die Idylle perfekt.\u00a0 In Ihrer Freizeit besch\u00e4ftigt sie sich gerne mit Sport, Kultur, Kulinarik und Tradition. Und gl\u00fccklicherweise kann sie diese Interessen in ihrer Berufung als Freie Journalistin so sch\u00f6n vereinen. Fr\u00fchling, Sommer, Herbst oder Winter? Jede Jahreszeit hat ihre sch\u00f6nen Seiten und gerade diese Vielfalt ist es, die mir bestimmt abgehen w\u00fcrde, wenn ich in einer anderen Klimazone wohnen w\u00fcrde. Meine Mama sagt immer, das man die Jahreszeit am liebsten mag, in der man geboren ist. Und als M\u00e4rz-Kind hab ich den Fr\u00fchling schon besonders gerne. Morgen- oder Abendmensch? Definitiv Morgenmensch! Nichts ist sch\u00f6ner, als das Gef\u00fchl bereits vor Sonnenaufgang unterwegs zu sein und die einzigartige Stimmung beim Morgenlauf zu genie\u00dfen. So kann der Tag nur gut werden. Den Abend lasse ich am liebsten gem\u00fctlich bei einer Tasse Tee ausklingen. Salzburger Nockerl oder Schwarzbeernocken? Auch wenn der s\u00fc\u00dfe Eischnee f\u00fcr die imposanten Gipfel der Salzburger Berge steht sind mir die Schwarzbeernocken schon lieber - weniger s\u00fc\u00df und daf\u00fcr umso fruchtiger. Am besten schmecken sie nat\u00fcrlich mit selbstgepfl\u00fcckten Schwoazbeern von der morgendlichen Almwanderung. Haubenlokal oder Ab-Hof-Laden? So ein f\u00fcnf G\u00e4nge Men\u00fc mit ausgefallenen Kreationen ist schon ein besonderes Erlebnis und ein Mal im Jahr freue ich mich \u00fcber einen Ausflug in die Haute Cuisine. Der w\u00f6chentlichen Einkauf beim Bauern ums Eck ist ein fixer Bestandteil meines Alltags. Mountainbike oder Rennrad? Je nach Stimmung: Zum richtigen Auspowern und Wadlst\u00e4hlen geht`s mit dem Mountainbike \u00fcber Stock und Stein auf den Gaisberg, um den Kopf frei zu machen wird mit dem Rennrad eine Runde durchs Salzburger Seengebiet gedreht. &nbsp; &nbsp; &nbsp; &nbsp;\",\"url\":\"https:\\\/\\\/www.salzburgerland.com\\\/de\\\/magazin\\\/author\\\/magdalena-lublasser-fazal\\\/\"}]}<\/script>\n<!-- \/ Yoast SEO Premium plugin. -->","yoast_head_json":{"title":"Schloss Hellbrunn - SalzburgerLand Magazin","description":"\"Sensationsfund im Schloss Hellbrunn! Vor kurzem wurden im Schloss Hellbrunn\u00a0Briefe gefunden, geschrieben von Rosalie, dem Schlossgeist von Hellbrunn.\u00a0Rosalie arbeitete vor 400 Jahren zu Markus Sittikus Zeiten in den G\u00e4rten von\u00a0Hellbrunn und gestaltete den Blumenschmuck im Schloss. Dabei lernte sie den\u00a0Erzbischof kennen, sah die vielen Tiere im Park und genoss nat\u00fcrlich auch die\u00a0Wasserspiele. Es gefiel ihr hier so gut, dass sie beschloss, nach ihrem Tod als Schlossgeist in Hellbrunn zu bleiben...\"","robots":{"index":"index","follow":"follow","max-snippet":"max-snippet:-1","max-image-preview":"max-image-preview:large","max-video-preview":"max-video-preview:-1"},"canonical":"https:\/\/www.salzburgerland.com\/de\/magazin\/ausstellung-fuer-kinder-im-schloss-hellbrunn\/","og_locale":"de_DE","og_type":"article","og_title":"Schloss Hellbrunn","og_description":"Mehr als 400 Jahre ist es her, dass F\u00fcrsterzbischof Markus Sittikus \u00fcber das damalige F\u00fcrstenbistum Salzburg herrschte. Der lebenslustige Herrscher war bekannt f\u00fcr seine Gastfreundschaft. In seinem Sommersitz, dem Schloss Hellbrunn, feierte er ausgelassene Feste. Im Schloss Hellbrunn und im Schlossgarten lie\u00df er sich allerlei Spannendes einfallen, um seine G\u00e4ste bei Laune zu halten. So [&hellip;]","og_url":"https:\/\/www.salzburgerland.com\/de\/magazin\/ausstellung-fuer-kinder-im-schloss-hellbrunn\/","og_site_name":"SalzburgerLand Magazin","article_publisher":"https:\/\/www.facebook.com\/salzburgerland\/","article_published_time":"2017-06-02T06:00:58+00:00","article_modified_time":"2021-03-23T12:27:51+00:00","og_image":[{"width":1600,"height":1043,"url":"https:\/\/www.salzburgerland.com\/de\/magazin\/wp-content\/uploads\/2017\/05\/hellbrunnausstellung22.jpg","type":"image\/jpeg"}],"author":"Magdalena Lublasser-Fazal","twitter_card":"summary_large_image","twitter_creator":"@Salzburgerland","twitter_site":"@Salzburgerland","twitter_misc":{"Verfasst von":"Magdalena Lublasser-Fazal","Gesch\u00e4tzte Lesezeit":"3\u00a0Minuten"},"schema":{"@context":"https:\/\/schema.org","@graph":[{"@type":"Article","@id":"https:\/\/www.salzburgerland.com\/de\/magazin\/ausstellung-fuer-kinder-im-schloss-hellbrunn\/#article","isPartOf":{"@id":"https:\/\/www.salzburgerland.com\/de\/magazin\/ausstellung-fuer-kinder-im-schloss-hellbrunn\/"},"author":{"name":"Magdalena Lublasser-Fazal","@id":"https:\/\/www.salzburgerland.com\/de\/magazin\/#\/schema\/person\/f4e5670b6a3cc9fcea30e5908634464b"},"headline":"Schloss Hellbrunn","datePublished":"2017-06-02T06:00:58+00:00","dateModified":"2021-03-23T12:27:51+00:00","mainEntityOfPage":{"@id":"https:\/\/www.salzburgerland.com\/de\/magazin\/ausstellung-fuer-kinder-im-schloss-hellbrunn\/"},"wordCount":412,"commentCount":0,"publisher":{"@id":"https:\/\/www.salzburgerland.com\/de\/magazin\/#organization"},"image":{"@id":"https:\/\/www.salzburgerland.com\/de\/magazin\/ausstellung-fuer-kinder-im-schloss-hellbrunn\/#primaryimage"},"thumbnailUrl":"https:\/\/www.salzburgerland.com\/de\/magazin\/wp-content\/uploads\/2017\/05\/hellbrunnausstellung22.jpg","keywords":["SalzburgerLand Card"],"articleSection":["Sehensw\u00fcrdig"],"inLanguage":"de","potentialAction":[{"@type":"CommentAction","name":"Comment","target":["https:\/\/www.salzburgerland.com\/de\/magazin\/ausstellung-fuer-kinder-im-schloss-hellbrunn\/#respond"]}]},{"@type":"WebPage","@id":"https:\/\/www.salzburgerland.com\/de\/magazin\/ausstellung-fuer-kinder-im-schloss-hellbrunn\/","url":"https:\/\/www.salzburgerland.com\/de\/magazin\/ausstellung-fuer-kinder-im-schloss-hellbrunn\/","name":"Schloss Hellbrunn - SalzburgerLand Magazin","isPartOf":{"@id":"https:\/\/www.salzburgerland.com\/de\/magazin\/#website"},"primaryImageOfPage":{"@id":"https:\/\/www.salzburgerland.com\/de\/magazin\/ausstellung-fuer-kinder-im-schloss-hellbrunn\/#primaryimage"},"image":{"@id":"https:\/\/www.salzburgerland.com\/de\/magazin\/ausstellung-fuer-kinder-im-schloss-hellbrunn\/#primaryimage"},"thumbnailUrl":"https:\/\/www.salzburgerland.com\/de\/magazin\/wp-content\/uploads\/2017\/05\/hellbrunnausstellung22.jpg","datePublished":"2017-06-02T06:00:58+00:00","dateModified":"2021-03-23T12:27:51+00:00","breadcrumb":{"@id":"https:\/\/www.salzburgerland.com\/de\/magazin\/ausstellung-fuer-kinder-im-schloss-hellbrunn\/#breadcrumb"},"inLanguage":"de","potentialAction":[{"@type":"ReadAction","target":["https:\/\/www.salzburgerland.com\/de\/magazin\/ausstellung-fuer-kinder-im-schloss-hellbrunn\/"]}]},{"@type":"ImageObject","inLanguage":"de","@id":"https:\/\/www.salzburgerland.com\/de\/magazin\/ausstellung-fuer-kinder-im-schloss-hellbrunn\/#primaryimage","url":"https:\/\/www.salzburgerland.com\/de\/magazin\/wp-content\/uploads\/2017\/05\/hellbrunnausstellung22.jpg","contentUrl":"https:\/\/www.salzburgerland.com\/de\/magazin\/wp-content\/uploads\/2017\/05\/hellbrunnausstellung22.jpg","width":1600,"height":1043,"caption":"Kinder betrachten eine gro\u00dfe Einhornstatue in einem Museumsraum, der mit Tierbildern und Pr\u00e4paraten gef\u00fcllt ist."},{"@type":"BreadcrumbList","@id":"https:\/\/www.salzburgerland.com\/de\/magazin\/ausstellung-fuer-kinder-im-schloss-hellbrunn\/#breadcrumb","itemListElement":[{"@type":"ListItem","position":1,"name":"Startseite","item":"https:\/\/www.salzburgerland.com\/de\/magazin\/"},{"@type":"ListItem","position":2,"name":"Sehensw\u00fcrdig","item":"https:\/\/www.salzburgerland.com\/de\/magazin\/thema\/sehenswurdig\/"},{"@type":"ListItem","position":3,"name":"Schloss Hellbrunn"}]},{"@type":"WebSite","@id":"https:\/\/www.salzburgerland.com\/de\/magazin\/#website","url":"https:\/\/www.salzburgerland.com\/de\/magazin\/","name":"SalzburgerLand Magazin","description":"Geschichten und Interessantes aus dem SalzburgerLand","publisher":{"@id":"https:\/\/www.salzburgerland.com\/de\/magazin\/#organization"},"potentialAction":[{"@type":"SearchAction","target":{"@type":"EntryPoint","urlTemplate":"https:\/\/www.salzburgerland.com\/de\/magazin\/?s={search_term_string}"},"query-input":{"@type":"PropertyValueSpecification","valueRequired":true,"valueName":"search_term_string"}}],"inLanguage":"de"},{"@type":"Organization","@id":"https:\/\/www.salzburgerland.com\/de\/magazin\/#organization","name":"SalzburgerLand Tourismus","url":"https:\/\/www.salzburgerland.com\/de\/magazin\/","logo":{"@type":"ImageObject","inLanguage":"de","@id":"https:\/\/www.salzburgerland.com\/de\/magazin\/#\/schema\/logo\/image\/","url":"https:\/\/www.salzburgerland.com\/de\/magazin\/wp-content\/uploads\/2019\/06\/salzburgerland-logo1.jpg","contentUrl":"https:\/\/www.salzburgerland.com\/de\/magazin\/wp-content\/uploads\/2019\/06\/salzburgerland-logo1.jpg","width":2011,"height":866,"caption":"SalzburgerLand Tourismus"},"image":{"@id":"https:\/\/www.salzburgerland.com\/de\/magazin\/#\/schema\/logo\/image\/"},"sameAs":["https:\/\/www.facebook.com\/salzburgerland\/","https:\/\/x.com\/Salzburgerland","https:\/\/www.instagram.com\/salzburgerland\/","https:\/\/at.linkedin.com\/company\/salzburgerland-tourismus-gmbh","https:\/\/www.pinterest.at\/salzburgerland\/","https:\/\/www.youtube.com\/user\/salzburgerland","https:\/\/de.wikipedia.org\/wiki\/SalzburgerLand_Tourismus_GmbH"]},{"@type":"Person","@id":"https:\/\/www.salzburgerland.com\/de\/magazin\/#\/schema\/person\/f4e5670b6a3cc9fcea30e5908634464b","name":"Magdalena Lublasser-Fazal","description":"Geboren im sch\u00f6nen Pinzgau, aufgewachsen in der kulturtr\u00e4chtigen Salzburger Altstadt und sesshaft geworden im Flachgau ist Magdalena Fazal-Ahmad ein Salzburgerin mit Leib und Seele. Dabei ist es die einzigartige Mischung, die f\u00fcr sie die Faszination ihrer Heimat ausmacht. An einem fr\u00fchen Fr\u00fchlingsmorgen den Sonnenaufgang hinter den Berggipfeln erleben, mit dem Fahrrad durch die Altstadt radeln und dabei Geschichte und Architektur bewundern und den Nachmittagskaffee auf der Sonnenterasse am M\u00f6nchsberg genie\u00dfen - so sieht ihr perfekter Tag aus. Wenn der Abend dann noch mit einem Sonnenuntergang am Gaisberg ausklingt, ist die Idylle perfekt.\u00a0 In Ihrer Freizeit besch\u00e4ftigt sie sich gerne mit Sport, Kultur, Kulinarik und Tradition. Und gl\u00fccklicherweise kann sie diese Interessen in ihrer Berufung als Freie Journalistin so sch\u00f6n vereinen. Fr\u00fchling, Sommer, Herbst oder Winter? Jede Jahreszeit hat ihre sch\u00f6nen Seiten und gerade diese Vielfalt ist es, die mir bestimmt abgehen w\u00fcrde, wenn ich in einer anderen Klimazone wohnen w\u00fcrde. Meine Mama sagt immer, das man die Jahreszeit am liebsten mag, in der man geboren ist. Und als M\u00e4rz-Kind hab ich den Fr\u00fchling schon besonders gerne. Morgen- oder Abendmensch? Definitiv Morgenmensch! Nichts ist sch\u00f6ner, als das Gef\u00fchl bereits vor Sonnenaufgang unterwegs zu sein und die einzigartige Stimmung beim Morgenlauf zu genie\u00dfen. So kann der Tag nur gut werden. Den Abend lasse ich am liebsten gem\u00fctlich bei einer Tasse Tee ausklingen. Salzburger Nockerl oder Schwarzbeernocken? Auch wenn der s\u00fc\u00dfe Eischnee f\u00fcr die imposanten Gipfel der Salzburger Berge steht sind mir die Schwarzbeernocken schon lieber - weniger s\u00fc\u00df und daf\u00fcr umso fruchtiger. Am besten schmecken sie nat\u00fcrlich mit selbstgepfl\u00fcckten Schwoazbeern von der morgendlichen Almwanderung. Haubenlokal oder Ab-Hof-Laden? So ein f\u00fcnf G\u00e4nge Men\u00fc mit ausgefallenen Kreationen ist schon ein besonderes Erlebnis und ein Mal im Jahr freue ich mich \u00fcber einen Ausflug in die Haute Cuisine. Der w\u00f6chentlichen Einkauf beim Bauern ums Eck ist ein fixer Bestandteil meines Alltags. Mountainbike oder Rennrad? Je nach Stimmung: Zum richtigen Auspowern und Wadlst\u00e4hlen geht`s mit dem Mountainbike \u00fcber Stock und Stein auf den Gaisberg, um den Kopf frei zu machen wird mit dem Rennrad eine Runde durchs Salzburger Seengebiet gedreht. &nbsp; &nbsp; &nbsp; &nbsp;","url":"https:\/\/www.salzburgerland.com\/de\/magazin\/author\/magdalena-lublasser-fazal\/"}]}},"_wl_alt_label":[],"wl:entity_url":"http:\/\/open.salzburgerland.com\/magazin\/post\/ausstellung_fuer_kinder_im_schloss_hellbrunn","_links":{"self":[{"href":"https:\/\/www.salzburgerland.com\/de\/magazin\/wp-json\/wp\/v2\/posts\/115327","targetHints":{"allow":["GET"]}}],"collection":[{"href":"https:\/\/www.salzburgerland.com\/de\/magazin\/wp-json\/wp\/v2\/posts"}],"about":[{"href":"https:\/\/www.salzburgerland.com\/de\/magazin\/wp-json\/wp\/v2\/types\/post"}],"author":[{"embeddable":true,"href":"https:\/\/www.salzburgerland.com\/de\/magazin\/wp-json\/wp\/v2\/users\/482"}],"replies":[{"embeddable":true,"href":"https:\/\/www.salzburgerland.com\/de\/magazin\/wp-json\/wp\/v2\/comments?post=115327"}],"version-history":[{"count":1,"href":"https:\/\/www.salzburgerland.com\/de\/magazin\/wp-json\/wp\/v2\/posts\/115327\/revisions"}],"predecessor-version":[{"id":151396,"href":"https:\/\/www.salzburgerland.com\/de\/magazin\/wp-json\/wp\/v2\/posts\/115327\/revisions\/151396"}],"wp:featuredmedia":[{"embeddable":true,"href":"https:\/\/www.salzburgerland.com\/de\/magazin\/wp-json\/wp\/v2\/media\/115337"}],"wp:attachment":[{"href":"https:\/\/www.salzburgerland.com\/de\/magazin\/wp-json\/wp\/v2\/media?parent=115327"}],"wp:term":[{"taxonomy":"category","embeddable":true,"href":"https:\/\/www.salzburgerland.com\/de\/magazin\/wp-json\/wp\/v2\/categories?post=115327"},{"taxonomy":"post_tag","embeddable":true,"href":"https:\/\/www.salzburgerland.com\/de\/magazin\/wp-json\/wp\/v2\/tags?post=115327"},{"taxonomy":"wl_entity_type","embeddable":true,"href":"https:\/\/www.salzburgerland.com\/de\/magazin\/wp-json\/wp\/v2\/wl_entity_type?post=115327"},{"taxonomy":"monatsauswahl","embeddable":true,"href":"https:\/\/www.salzburgerland.com\/de\/magazin\/wp-json\/wp\/v2\/monatsauswahl?post=115327"}],"curies":[{"name":"wp","href":"https:\/\/api.w.org\/{rel}","templated":true}]}}