{"id":115189,"date":"2019-04-17T08:00:45","date_gmt":"2019-04-17T06:00:45","guid":{"rendered":"https:\/\/www.salzburgerland.com\/de\/magazin\/?p=115189"},"modified":"2022-04-22T11:41:58","modified_gmt":"2022-04-22T09:41:58","slug":"kinderwanderung-zu-den-moosalmbaeren","status":"publish","type":"post","link":"https:\/\/www.salzburgerland.com\/de\/magazin\/kinderwanderung-zu-den-moosalmbaeren\/","title":{"rendered":"Kinderwanderung zu den Moosalmb\u00e4ren"},"content":{"rendered":"<p><strong>\u201eNa, ned schon wieder wandern\u201c t\u00f6nt es aus dem Mund unserer Kinder. Sie wussten zu dem Zeitpunkt noch nicht, dass wir Trick 17 anwenden w\u00fcrden \u2013 n\u00e4mlich Freunde mitnehmen. Wenig sp\u00e4ter sind alle zusammengesammelt und es kann losgehen &#8211; zur Moosalm in Filzmoos.<\/strong><\/p>\n<p>Filzmoos ist durch den nahen Autobahnanschluss Eben gut erreichbar. Der Ausgangspunkt befindet sich rechts vom Hotel Alpenblick. Ein schmaler Weg f\u00fchrt zwischen Trafoh\u00e4uschen und Hotel zu einer Holzbr\u00fccke. Hier befindet sich ein gro\u00dfes Enzianschild, das den <a href=\"https:\/\/www.salzburgerland.com\/de\/salzburger-almenweg\/\" target=\"_blank\" rel=\"noopener noreferrer\">Salzburger Almenweg<\/a> markiert.<\/p>\n<p>Bevor es mit dem Wandern so richtig los geht, kann man sich beim Tourismusverband ein Stempelheft holen, denn entlang des Weges gilt es, jede Menge Stempel zu sammeln. Man kann nat\u00fcrlich auch die eigenen Arme als Unterlage verwenden.<\/p>\n<p><a href=\"https:\/\/www.salzburgerland.com\/de\/magazin\/wp-content\/uploads\/2017\/05\/4-Pg_Moosalm_Quelle-Goellne.jpg\"><img loading=\"lazy\" decoding=\"async\" class=\"alignnone size-singlePost wp-image-115201\" src=\"https:\/\/www.salzburgerland.com\/de\/magazin\/wp-content\/uploads\/2017\/05\/4-Pg_Moosalm_Quelle-Goellne-650x435.jpg\" alt=\"\" width=\"650\" height=\"435\" \/><\/a><\/p>\n<p>Nach der Br\u00fccke f\u00fchrt ein kurzer Feldweg links zum Waldrand und schon ist das erste Stempelh\u00e4uschen erreicht. Vierzehn weitere werden folgen. Gut zu wissen, so kann das Ziel gedanklich abgesteckt werden und der Weg wird f\u00fcr die Kinder kurzweilig. Die Konzentration auf die H\u00e4uschen und die Suche machen Spa\u00df.<\/p>\n<p>Gem\u00fctlich und schattig geht es durch den Wald. Manchmal ist der Weg nach Regenf\u00e4llen ein bisschen nass, also gute Schuhe anziehen. Um die Motivation unserer Kinder m\u00fcssen wir uns heute keine Sorgen machen, sie motivieren sich selbst und eilen von Stempelh\u00e4uschen zu Stempelh\u00e4uschen. Wir hecheln hinterher. Bei H\u00e4uschen Nr. 8 kommen wir auf die Schitrasse hinaus und schon sehen wir weiter oben <a href=\"http:\/\/www.filzmoos.at\/de\/sommer\/wanderurlaub\/themenwege.html\" target=\"_blank\" rel=\"noopener noreferrer\">die Moosalm<\/a>. Wir machen aber noch eine kurze Trink- und Schokopause, um f\u00fcr den Endspurt Energie aufzutanken und au\u00dferdem bietet sich dieses sonnige Fleckchen einfach zum Rasten an.<\/p>\n<p>Am Ziel angekommen gibt es bei guten Wetterbedingungen einen herrlichen Blick auf die Bischofsm\u00fctze gegen\u00fcber. Uns wird diese Aussicht heute durch ein Wolkenband verwehrt, aber die Kinder interessieren sich ohnehin nur f\u00fcr das gro\u00dfe Angebot an Spielm\u00f6glichkeiten oder machen es\u00a0sich in den Liegest\u00fchlen gem\u00fctlich. Und nat\u00fcrlich holen sie sich vom Wirt der Moosalm f\u00fcr die gesammelten Stempel einen Moosalmb\u00e4ren als Abzeichen. Der Tag ist gelungen, die M\u00e4gen voll und die Kinder sausen nach kurzer Rast schon wieder durch die Gegend.<\/p>\n<figure id=\"attachment_115206\" aria-describedby=\"caption-attachment-115206\" style=\"width: 650px\" class=\"wp-caption alignnone\"><a href=\"https:\/\/www.salzburgerland.com\/de\/magazin\/wp-content\/uploads\/2017\/05\/12-Pg_Moosalm_Quelle-Goelln.jpg\"><img loading=\"lazy\" decoding=\"async\" class=\"wp-image-115206 size-singlePost\" src=\"https:\/\/www.salzburgerland.com\/de\/magazin\/wp-content\/uploads\/2017\/05\/12-Pg_Moosalm_Quelle-Goelln-650x435.jpg\" alt=\"\" width=\"650\" height=\"435\" \/><\/a><figcaption id=\"caption-attachment-115206\" class=\"wp-caption-text\">Blick auf die Bischofsm\u00fctze<\/figcaption><\/figure>\n<p><strong>Anfahrt<\/strong><br \/>\nAutobahnabfahrt Eben, links Richtung Eben halten und gleich darauf wieder links Richtung Filzmoos. In Filzmoos, beim markanten Kreisverkehr rechts Richtung Ramsau\/Hachau. Fast gleich daneben befindet sich rechts das Hotel Alpenblick, dem Ausgangspunkt der Wanderung.(Navi: 5532 Filzmoos 92)<\/p>\n<p>Kostenloses Parken ist gegen\u00fcber der (einzigen) Tankstelle m\u00f6glich, ca. 100 m vor dem Kreisverkehr.<\/p>\n<p>Die Tourismusinfo befindet sich ca. 150 m nach dem Kreisverkehr Richtung Hofalmen.<\/p>\n<p>Die Moosalm ist ab 29. Mai ge\u00f6ffnet, Mittwoch ist Ruhetag.<\/p>\n<div class=\"mag-gallery\"><div class=\"row\"><div class=\"col-6 col-sm-4\"><figure><a class=\"thumb-container\" href=\"https:\/\/www.salzburgerland.com\/de\/magazin\/wp-content\/uploads\/2017\/05\/10-Pg_Moosalm_Quelle-Goelln-1280x1024.jpg\">\t<picture><source media=\"(min-width: 576px)\" srcset=\"\" \/><source media=\"(min-width: 0)\" srcset=\"https:\/\/www.salzburgerland.com\/de\/magazin\/wp-content\/uploads\/2017\/05\/10-Pg_Moosalm_Quelle-Goelln.jpg 1200w, https:\/\/www.salzburgerland.com\/de\/magazin\/wp-content\/uploads\/2017\/05\/10-Pg_Moosalm_Quelle-Goelln-225x300.jpg 225w, https:\/\/www.salzburgerland.com\/de\/magazin\/wp-content\/uploads\/2017\/05\/10-Pg_Moosalm_Quelle-Goelln-413x550.jpg 413w, https:\/\/www.salzburgerland.com\/de\/magazin\/wp-content\/uploads\/2017\/05\/10-Pg_Moosalm_Quelle-Goelln-300x400.jpg 300w\" \/><img decoding=\"async\" alt=\"Zwei Kinder entspannen sich auf Liegest\u00fchlen vor einer rustikalen Holzh\u00fctte mit Blumen und sch\u00f6ner Aussicht.\" src=\"https:\/\/www.salzburgerland.com\/de\/magazin\/wp-content\/uploads\/2017\/05\/10-Pg_Moosalm_Quelle-Goelln.jpg\" \/>\t<\/picture><\/a><\/figure><\/div><div class=\"col-6 col-sm-4\"><figure><a class=\"thumb-container\" href=\"https:\/\/www.salzburgerland.com\/de\/magazin\/wp-content\/uploads\/2017\/05\/8-Pg_Moosalm_Quelle-Goellne-1280x1024.jpg\">\t<picture><source media=\"(min-width: 576px)\" srcset=\"https:\/\/www.salzburgerland.com\/de\/magazin\/wp-content\/uploads\/2017\/05\/8-Pg_Moosalm_Quelle-Goellne-325x209.jpg 325w, https:\/\/www.salzburgerland.com\/de\/magazin\/wp-content\/uploads\/2017\/05\/8-Pg_Moosalm_Quelle-Goellne-249x160.jpg 249w\" \/><source media=\"(min-width: 0)\" srcset=\"https:\/\/www.salzburgerland.com\/de\/magazin\/wp-content\/uploads\/2017\/05\/8-Pg_Moosalm_Quelle-Goellne-249x160.jpg 249w, https:\/\/www.salzburgerland.com\/de\/magazin\/wp-content\/uploads\/2017\/05\/8-Pg_Moosalm_Quelle-Goellne-325x209.jpg 325w\" \/><img decoding=\"async\" alt=\"Gebirgszug mit zerkl\u00fcfteten Gipfeln, gr\u00fcnen W\u00e4ldern und sonnenbeschienenen H\u00e4ngen unter einem klaren blauen Himmel.\" src=\"https:\/\/www.salzburgerland.com\/de\/magazin\/wp-content\/uploads\/2017\/05\/8-Pg_Moosalm_Quelle-Goellne.jpg\" \/>\t<\/picture><\/a><\/figure><\/div><div class=\"col-6 col-sm-4\"><figure><a class=\"thumb-container\" href=\"https:\/\/www.salzburgerland.com\/de\/magazin\/wp-content\/uploads\/2017\/05\/7-Pg_Moosalm_Quelle-Goellne-1280x1024.jpg\">\t<picture><source media=\"(min-width: 576px)\" srcset=\"https:\/\/www.salzburgerland.com\/de\/magazin\/wp-content\/uploads\/2017\/05\/7-Pg_Moosalm_Quelle-Goellne-325x209.jpg 325w, https:\/\/www.salzburgerland.com\/de\/magazin\/wp-content\/uploads\/2017\/05\/7-Pg_Moosalm_Quelle-Goellne-249x160.jpg 249w\" \/><source media=\"(min-width: 0)\" srcset=\"https:\/\/www.salzburgerland.com\/de\/magazin\/wp-content\/uploads\/2017\/05\/7-Pg_Moosalm_Quelle-Goellne-249x160.jpg 249w, https:\/\/www.salzburgerland.com\/de\/magazin\/wp-content\/uploads\/2017\/05\/7-Pg_Moosalm_Quelle-Goellne-325x209.jpg 325w\" \/><img decoding=\"async\" alt=\"Alte Holzh\u00fctte an einem Berghang mit Bergen und einem kleinen Dorf im Hintergrund bei teilweise bew\u00f6lktem Himmel.\" src=\"https:\/\/www.salzburgerland.com\/de\/magazin\/wp-content\/uploads\/2017\/05\/7-Pg_Moosalm_Quelle-Goellne.jpg\" \/>\t<\/picture><\/a><\/figure><\/div><div class=\"col-6 col-sm-4\"><figure><a class=\"thumb-container\" href=\"https:\/\/www.salzburgerland.com\/de\/magazin\/wp-content\/uploads\/2017\/05\/3-Pg_Moosalm_Quelle-Goellne-1280x1024.jpg\">\t<picture><source media=\"(min-width: 576px)\" srcset=\"https:\/\/www.salzburgerland.com\/de\/magazin\/wp-content\/uploads\/2017\/05\/3-Pg_Moosalm_Quelle-Goellne-325x209.jpg 325w, https:\/\/www.salzburgerland.com\/de\/magazin\/wp-content\/uploads\/2017\/05\/3-Pg_Moosalm_Quelle-Goellne-249x160.jpg 249w\" \/><source media=\"(min-width: 0)\" srcset=\"https:\/\/www.salzburgerland.com\/de\/magazin\/wp-content\/uploads\/2017\/05\/3-Pg_Moosalm_Quelle-Goellne-249x160.jpg 249w, https:\/\/www.salzburgerland.com\/de\/magazin\/wp-content\/uploads\/2017\/05\/3-Pg_Moosalm_Quelle-Goellne-325x209.jpg 325w\" \/><img decoding=\"async\" alt=\"Ein kleines gelbes Vogelhaus auf einem Baum mit einem Berg und einem Wald im Hintergrund.\" src=\"https:\/\/www.salzburgerland.com\/de\/magazin\/wp-content\/uploads\/2017\/05\/3-Pg_Moosalm_Quelle-Goellne.jpg\" \/>\t<\/picture><\/a><\/figure><\/div><div class=\"col-6 col-sm-4\"><figure><a class=\"thumb-container\" href=\"https:\/\/www.salzburgerland.com\/de\/magazin\/wp-content\/uploads\/2017\/05\/2-Pg_Moosalm_Quelle-Goellne-1280x1024.jpg\">\t<picture><source media=\"(min-width: 576px)\" srcset=\"https:\/\/www.salzburgerland.com\/de\/magazin\/wp-content\/uploads\/2017\/05\/2-Pg_Moosalm_Quelle-Goellne-325x209.jpg 325w, https:\/\/www.salzburgerland.com\/de\/magazin\/wp-content\/uploads\/2017\/05\/2-Pg_Moosalm_Quelle-Goellne-249x160.jpg 249w\" \/><source media=\"(min-width: 0)\" srcset=\"https:\/\/www.salzburgerland.com\/de\/magazin\/wp-content\/uploads\/2017\/05\/2-Pg_Moosalm_Quelle-Goellne-249x160.jpg 249w, https:\/\/www.salzburgerland.com\/de\/magazin\/wp-content\/uploads\/2017\/05\/2-Pg_Moosalm_Quelle-Goellne-325x209.jpg 325w\" \/><img decoding=\"async\" alt=\"Zwei M\u00e4dchen stehen an einem Baum mit einem roten Vogelh\u00e4uschen auf einer sonnenbeschienenen Waldlichtung, umgeben von Gr\u00fcnzeug.\" src=\"https:\/\/www.salzburgerland.com\/de\/magazin\/wp-content\/uploads\/2017\/05\/2-Pg_Moosalm_Quelle-Goellne.jpg\" \/>\t<\/picture><\/a><\/figure><\/div><div class=\"col-6 col-sm-4\"><figure><a class=\"thumb-container\" href=\"https:\/\/www.salzburgerland.com\/de\/magazin\/wp-content\/uploads\/2017\/05\/1-Pg_Moosalm_Quelle-Goellne-1280x1024.jpg\">\t<picture><source media=\"(min-width: 576px)\" srcset=\"https:\/\/www.salzburgerland.com\/de\/magazin\/wp-content\/uploads\/2017\/05\/1-Pg_Moosalm_Quelle-Goellne-325x209.jpg 325w, https:\/\/www.salzburgerland.com\/de\/magazin\/wp-content\/uploads\/2017\/05\/1-Pg_Moosalm_Quelle-Goellne-249x160.jpg 249w\" \/><source media=\"(min-width: 0)\" srcset=\"https:\/\/www.salzburgerland.com\/de\/magazin\/wp-content\/uploads\/2017\/05\/1-Pg_Moosalm_Quelle-Goellne-249x160.jpg 249w, https:\/\/www.salzburgerland.com\/de\/magazin\/wp-content\/uploads\/2017\/05\/1-Pg_Moosalm_Quelle-Goellne-325x209.jpg 325w\" \/><img decoding=\"async\" alt=\"Ein Waldweg, auf dem das Sonnenlicht durch die B\u00e4ume f\u00e4llt, und ein kleines rot-gr\u00fcnes Vogelh\u00e4uschen auf einem Baumstamm.\" src=\"https:\/\/www.salzburgerland.com\/de\/magazin\/wp-content\/uploads\/2017\/05\/1-Pg_Moosalm_Quelle-Goellne.jpg\" \/>\t<\/picture><\/a><\/figure><\/div><\/div><\/div><figcaption><\/figcaption>\n<p>Quelle: Familien-Ausfl\u00fcge &amp; Kinder-Wanderungen, 67 abwechslungsreiche Unternehmungen f\u00fcr kleine und gro\u00dfe Menschen, ISBN: 979-3-9502908-0-6, erh\u00e4ltlich im Buchhandel oder unter <a href=\"http:\/\/wandaverlag.com\" target=\"_blank\" rel=\"noopener noreferrer\">wandaverlag.com<\/a>.<\/p>\n<p>Fotos\u00a0\u00a9 Elisabeth G\u00f6llner-Kampel<\/p>\n","protected":false},"excerpt":{"rendered":"<p>\u201eNa, ned schon wieder wandern\u201c t\u00f6nt es aus dem Mund unserer Kinder. Sie wussten zu dem Zeitpunkt noch nicht, dass wir Trick 17 anwenden w\u00fcrden \u2013 n\u00e4mlich Freunde mitnehmen. Wenig sp\u00e4ter sind alle zusammengesammelt und es kann losgehen &#8211; zur Moosalm in Filzmoos. Filzmoos ist durch den nahen Autobahnanschluss Eben gut erreichbar. Der Ausgangspunkt befindet [&hellip;]<\/p>\n","protected":false},"author":559,"featured_media":115204,"comment_status":"open","ping_status":"open","sticky":false,"template":"","format":"standard","meta":{"_acf_changed":false,"wl_entities_gutenberg":"","_wl_entity_redirect_enabled":"","footnotes":""},"categories":[8],"tags":[231],"wl_entity_type":[306],"monatsauswahl":[86,87,88,89,90,91],"class_list":["post-115189","post","type-post","status-publish","format-standard","has-post-thumbnail","hentry","category-outdoor-sport","tag-family","wl_entity_type-article","monatsauswahl-monat_5","monatsauswahl-monat_6","monatsauswahl-monat_7","monatsauswahl-monat_8","monatsauswahl-monat_9","monatsauswahl-monat_10"],"acf":[],"yoast_head":"<!-- This site is optimized with the Yoast SEO Premium plugin v27.4 (Yoast SEO v27.4) - https:\/\/yoast.com\/product\/yoast-seo-premium-wordpress\/ -->\n<title>Kinderwanderung zu den Moosalmb\u00e4ren - SalzburgerLand Magazin<\/title>\n<meta name=\"description\" content=\"\u201eNa, ned schon wieder wandern\u201c t\u00f6nt es aus dem Mund unserer Kinder. Sie wussten zu dem Zeitpunkt noch nicht, dass wir Trick 17 anwenden w\u00fcrden \u2013 n\u00e4mlich Freunde mitnehmen. Wenig sp\u00e4ter sind alle zusammengesammelt und es kann losgehen &#8211; zur Moosalm in Filzmoos. Filzmoos ist durch den nahen Autobahnanschluss Eben gut erreichbar. Der Ausgangspunkt befindet [&hellip;]\" \/>\n<meta name=\"robots\" content=\"index, follow, max-snippet:-1, max-image-preview:large, max-video-preview:-1\" \/>\n<link rel=\"canonical\" href=\"https:\/\/www.salzburgerland.com\/de\/magazin\/kinderwanderung-zu-den-moosalmbaeren\/\" \/>\n<meta property=\"og:locale\" content=\"de_DE\" \/>\n<meta property=\"og:type\" content=\"article\" \/>\n<meta property=\"og:title\" content=\"Kinderwanderung zu den Moosalmb\u00e4ren\" \/>\n<meta property=\"og:description\" content=\"\u201eNa, ned schon wieder wandern\u201c t\u00f6nt es aus dem Mund unserer Kinder. Sie wussten zu dem Zeitpunkt noch nicht, dass wir Trick 17 anwenden w\u00fcrden \u2013 n\u00e4mlich Freunde mitnehmen. Wenig sp\u00e4ter sind alle zusammengesammelt und es kann losgehen &#8211; zur Moosalm in Filzmoos. Filzmoos ist durch den nahen Autobahnanschluss Eben gut erreichbar. Der Ausgangspunkt befindet [&hellip;]\" \/>\n<meta property=\"og:url\" content=\"https:\/\/www.salzburgerland.com\/de\/magazin\/kinderwanderung-zu-den-moosalmbaeren\/\" \/>\n<meta property=\"og:site_name\" content=\"SalzburgerLand Magazin\" \/>\n<meta property=\"article:publisher\" content=\"https:\/\/www.facebook.com\/salzburgerland\/\" \/>\n<meta property=\"article:published_time\" content=\"2019-04-17T06:00:45+00:00\" \/>\n<meta property=\"article:modified_time\" content=\"2022-04-22T09:41:58+00:00\" \/>\n<meta property=\"og:image\" content=\"https:\/\/www.salzburgerland.com\/de\/magazin\/wp-content\/uploads\/2017\/05\/9-Pg_Moosalm_Quelle-Goellne.jpg\" \/>\n\t<meta property=\"og:image:width\" content=\"1200\" \/>\n\t<meta property=\"og:image:height\" content=\"1200\" \/>\n\t<meta property=\"og:image:type\" content=\"image\/jpeg\" \/>\n<meta name=\"author\" content=\"Elisabeth G\u00f6llner-Kampel\" \/>\n<meta name=\"twitter:card\" content=\"summary_large_image\" \/>\n<meta name=\"twitter:creator\" content=\"@Salzburgerland\" \/>\n<meta name=\"twitter:site\" content=\"@Salzburgerland\" \/>\n<meta name=\"twitter:label1\" content=\"Verfasst von\" \/>\n\t<meta name=\"twitter:data1\" content=\"Elisabeth G\u00f6llner-Kampel\" \/>\n\t<meta name=\"twitter:label2\" content=\"Gesch\u00e4tzte Lesezeit\" \/>\n\t<meta name=\"twitter:data2\" content=\"3\u00a0Minuten\" \/>\n<script type=\"application\/ld+json\" class=\"yoast-schema-graph\">{\"@context\":\"https:\\\/\\\/schema.org\",\"@graph\":[{\"@type\":\"Article\",\"@id\":\"https:\\\/\\\/www.salzburgerland.com\\\/de\\\/magazin\\\/kinderwanderung-zu-den-moosalmbaeren\\\/#article\",\"isPartOf\":{\"@id\":\"https:\\\/\\\/www.salzburgerland.com\\\/de\\\/magazin\\\/kinderwanderung-zu-den-moosalmbaeren\\\/\"},\"author\":{\"name\":\"Elisabeth G\u00f6llner-Kampel\",\"@id\":\"https:\\\/\\\/www.salzburgerland.com\\\/de\\\/magazin\\\/#\\\/schema\\\/person\\\/36e0e3b30c2dda69147efad0ec3e2da8\"},\"headline\":\"Kinderwanderung zu den Moosalmb\u00e4ren\",\"datePublished\":\"2019-04-17T06:00:45+00:00\",\"dateModified\":\"2022-04-22T09:41:58+00:00\",\"mainEntityOfPage\":{\"@id\":\"https:\\\/\\\/www.salzburgerland.com\\\/de\\\/magazin\\\/kinderwanderung-zu-den-moosalmbaeren\\\/\"},\"wordCount\":496,\"commentCount\":0,\"publisher\":{\"@id\":\"https:\\\/\\\/www.salzburgerland.com\\\/de\\\/magazin\\\/#organization\"},\"image\":{\"@id\":\"https:\\\/\\\/www.salzburgerland.com\\\/de\\\/magazin\\\/kinderwanderung-zu-den-moosalmbaeren\\\/#primaryimage\"},\"thumbnailUrl\":\"https:\\\/\\\/www.salzburgerland.com\\\/de\\\/magazin\\\/wp-content\\\/uploads\\\/2017\\\/05\\\/9-Pg_Moosalm_Quelle-Goellne.jpg\",\"keywords\":[\"Family-Time im SalzburgerLand\"],\"articleSection\":[\"Outdoor &amp; Sport\"],\"inLanguage\":\"de\",\"potentialAction\":[{\"@type\":\"CommentAction\",\"name\":\"Comment\",\"target\":[\"https:\\\/\\\/www.salzburgerland.com\\\/de\\\/magazin\\\/kinderwanderung-zu-den-moosalmbaeren\\\/#respond\"]}]},{\"@type\":\"WebPage\",\"@id\":\"https:\\\/\\\/www.salzburgerland.com\\\/de\\\/magazin\\\/kinderwanderung-zu-den-moosalmbaeren\\\/\",\"url\":\"https:\\\/\\\/www.salzburgerland.com\\\/de\\\/magazin\\\/kinderwanderung-zu-den-moosalmbaeren\\\/\",\"name\":\"Kinderwanderung zu den Moosalmb\u00e4ren - SalzburgerLand Magazin\",\"isPartOf\":{\"@id\":\"https:\\\/\\\/www.salzburgerland.com\\\/de\\\/magazin\\\/#website\"},\"primaryImageOfPage\":{\"@id\":\"https:\\\/\\\/www.salzburgerland.com\\\/de\\\/magazin\\\/kinderwanderung-zu-den-moosalmbaeren\\\/#primaryimage\"},\"image\":{\"@id\":\"https:\\\/\\\/www.salzburgerland.com\\\/de\\\/magazin\\\/kinderwanderung-zu-den-moosalmbaeren\\\/#primaryimage\"},\"thumbnailUrl\":\"https:\\\/\\\/www.salzburgerland.com\\\/de\\\/magazin\\\/wp-content\\\/uploads\\\/2017\\\/05\\\/9-Pg_Moosalm_Quelle-Goellne.jpg\",\"datePublished\":\"2019-04-17T06:00:45+00:00\",\"dateModified\":\"2022-04-22T09:41:58+00:00\",\"breadcrumb\":{\"@id\":\"https:\\\/\\\/www.salzburgerland.com\\\/de\\\/magazin\\\/kinderwanderung-zu-den-moosalmbaeren\\\/#breadcrumb\"},\"inLanguage\":\"de\",\"potentialAction\":[{\"@type\":\"ReadAction\",\"target\":[\"https:\\\/\\\/www.salzburgerland.com\\\/de\\\/magazin\\\/kinderwanderung-zu-den-moosalmbaeren\\\/\"]}]},{\"@type\":\"ImageObject\",\"inLanguage\":\"de\",\"@id\":\"https:\\\/\\\/www.salzburgerland.com\\\/de\\\/magazin\\\/kinderwanderung-zu-den-moosalmbaeren\\\/#primaryimage\",\"url\":\"https:\\\/\\\/www.salzburgerland.com\\\/de\\\/magazin\\\/wp-content\\\/uploads\\\/2017\\\/05\\\/9-Pg_Moosalm_Quelle-Goellne.jpg\",\"contentUrl\":\"https:\\\/\\\/www.salzburgerland.com\\\/de\\\/magazin\\\/wp-content\\\/uploads\\\/2017\\\/05\\\/9-Pg_Moosalm_Quelle-Goellne.jpg\",\"width\":1200,\"height\":1200,\"caption\":\"Drei Personen entspannen sich auf Liegest\u00fchlen in einem grasbewachsenen Hof in der N\u00e4he eines Zauns und eines aufgemalten G\u00e4nseschilds, mit B\u00e4umen im Hintergrund.\"},{\"@type\":\"BreadcrumbList\",\"@id\":\"https:\\\/\\\/www.salzburgerland.com\\\/de\\\/magazin\\\/kinderwanderung-zu-den-moosalmbaeren\\\/#breadcrumb\",\"itemListElement\":[{\"@type\":\"ListItem\",\"position\":1,\"name\":\"Startseite\",\"item\":\"https:\\\/\\\/www.salzburgerland.com\\\/de\\\/magazin\\\/\"},{\"@type\":\"ListItem\",\"position\":2,\"name\":\"Outdoor &amp; Sport\",\"item\":\"https:\\\/\\\/www.salzburgerland.com\\\/de\\\/magazin\\\/thema\\\/outdoor-sport\\\/\"},{\"@type\":\"ListItem\",\"position\":3,\"name\":\"Kinderwanderung zu den Moosalmb\u00e4ren\"}]},{\"@type\":\"WebSite\",\"@id\":\"https:\\\/\\\/www.salzburgerland.com\\\/de\\\/magazin\\\/#website\",\"url\":\"https:\\\/\\\/www.salzburgerland.com\\\/de\\\/magazin\\\/\",\"name\":\"SalzburgerLand Magazin\",\"description\":\"Geschichten und Interessantes aus dem SalzburgerLand\",\"publisher\":{\"@id\":\"https:\\\/\\\/www.salzburgerland.com\\\/de\\\/magazin\\\/#organization\"},\"potentialAction\":[{\"@type\":\"SearchAction\",\"target\":{\"@type\":\"EntryPoint\",\"urlTemplate\":\"https:\\\/\\\/www.salzburgerland.com\\\/de\\\/magazin\\\/?s={search_term_string}\"},\"query-input\":{\"@type\":\"PropertyValueSpecification\",\"valueRequired\":true,\"valueName\":\"search_term_string\"}}],\"inLanguage\":\"de\"},{\"@type\":\"Organization\",\"@id\":\"https:\\\/\\\/www.salzburgerland.com\\\/de\\\/magazin\\\/#organization\",\"name\":\"SalzburgerLand Tourismus\",\"url\":\"https:\\\/\\\/www.salzburgerland.com\\\/de\\\/magazin\\\/\",\"logo\":{\"@type\":\"ImageObject\",\"inLanguage\":\"de\",\"@id\":\"https:\\\/\\\/www.salzburgerland.com\\\/de\\\/magazin\\\/#\\\/schema\\\/logo\\\/image\\\/\",\"url\":\"https:\\\/\\\/www.salzburgerland.com\\\/de\\\/magazin\\\/wp-content\\\/uploads\\\/2019\\\/06\\\/salzburgerland-logo1.jpg\",\"contentUrl\":\"https:\\\/\\\/www.salzburgerland.com\\\/de\\\/magazin\\\/wp-content\\\/uploads\\\/2019\\\/06\\\/salzburgerland-logo1.jpg\",\"width\":2011,\"height\":866,\"caption\":\"SalzburgerLand Tourismus\"},\"image\":{\"@id\":\"https:\\\/\\\/www.salzburgerland.com\\\/de\\\/magazin\\\/#\\\/schema\\\/logo\\\/image\\\/\"},\"sameAs\":[\"https:\\\/\\\/www.facebook.com\\\/salzburgerland\\\/\",\"https:\\\/\\\/x.com\\\/Salzburgerland\",\"https:\\\/\\\/www.instagram.com\\\/salzburgerland\\\/\",\"https:\\\/\\\/at.linkedin.com\\\/company\\\/salzburgerland-tourismus-gmbh\",\"https:\\\/\\\/www.pinterest.at\\\/salzburgerland\\\/\",\"https:\\\/\\\/www.youtube.com\\\/user\\\/salzburgerland\",\"https:\\\/\\\/de.wikipedia.org\\\/wiki\\\/SalzburgerLand_Tourismus_GmbH\"]},{\"@type\":\"Person\",\"@id\":\"https:\\\/\\\/www.salzburgerland.com\\\/de\\\/magazin\\\/#\\\/schema\\\/person\\\/36e0e3b30c2dda69147efad0ec3e2da8\",\"name\":\"Elisabeth G\u00f6llner-Kampel\",\"description\":\"Elisabeth G\u00f6llner-Kampel ist geb\u00fcrtige Salzburgerin und im Flachgau aufgewachsen. Schon w\u00e4hrend ihres Betriebswirtschaftsstudiums hat sie Touristen zu den sch\u00f6nsten Pl\u00e4tzen Salzburgs gef\u00fchrt und zahlreiche Berg- und Schitouren unternommen. So \u00fcberraschte sie nach der Geburt ihrer beiden T\u00f6chter der Umstand, dass es weder auf Plattformen noch in B\u00fcchern Hinweise auf die Kinderwagentauglichkeit von Wegen gab. Sie l\u00f6ste dieses Problem, indem sie Wanderb\u00fccher f\u00fcr Kinderw\u00e4gen erfand. Als ihre Kinder dann zu Schulkindern wurden, folgte Buch Nr. 2 mit dem Titel \u201eAbenteuer Natur Salzburg\u201c und die Gr\u00fcndung ihres eigenen Verlags (www.wandaverlag.com).\u00a0 Mittlerweile sind ihre B\u00fccher zu Klassikern geworden und sollten in keiner Familienbibliothek fehlen.\u00a0\u00a0 Mein pers\u00f6nlicher Logenplatz: Noch immer: Der mystische Untersberg und seine unterschiedlichen Wege und Landschaftsformen. \u00a0 Wandern oder Schitouren: Schitouren. Ich trau mich zwar nicht mehr so hoch hinauf, aber das Gef\u00fchl durch unber\u00fchrte Schneelandschaft zu gehen ist unbeschreiblich. Damit hat sich die Frage nach der Lieblingsjahreszeit er\u00fcbrigt, obwohl ich die anderen Jahreszeiten auch sehr mag. Koffer oder Rucksack: Rucksack, egal ob auf Bergtouren, bei mehrt\u00e4gigen H\u00fcttenwanderungen oder auf Rucksackreisen quer \u00fcber alle Kontinente. Morgen- oder Abendmensch: F\u00fcr manche Berg- oder Schitouren die es verdient haben, qu\u00e4le ich mich fr\u00fch aus dem Bett, aber eigentlich bin ich ein Abendmensch. &nbsp; &nbsp; Das Autorenbild wurde von Birgit Eder (Autorin des Buches \u201eWander- und H\u00fcttenurlaub in Bayern, \u00d6sterreich und S\u00fcdtirol\u201c) beim Mittagsloch am Untersberg aufgenommen.\",\"sameAs\":[\"http:\\\/\\\/www.wandaverlag.at\"],\"url\":\"https:\\\/\\\/www.salzburgerland.com\\\/de\\\/magazin\\\/author\\\/elisabeth-goellner-kampel\\\/\"}]}<\/script>\n<!-- \/ Yoast SEO Premium plugin. -->","yoast_head_json":{"title":"Kinderwanderung zu den Moosalmb\u00e4ren - SalzburgerLand Magazin","description":"\u201eNa, ned schon wieder wandern\u201c t\u00f6nt es aus dem Mund unserer Kinder. Sie wussten zu dem Zeitpunkt noch nicht, dass wir Trick 17 anwenden w\u00fcrden \u2013 n\u00e4mlich Freunde mitnehmen. Wenig sp\u00e4ter sind alle zusammengesammelt und es kann losgehen &#8211; zur Moosalm in Filzmoos. Filzmoos ist durch den nahen Autobahnanschluss Eben gut erreichbar. Der Ausgangspunkt befindet [&hellip;]","robots":{"index":"index","follow":"follow","max-snippet":"max-snippet:-1","max-image-preview":"max-image-preview:large","max-video-preview":"max-video-preview:-1"},"canonical":"https:\/\/www.salzburgerland.com\/de\/magazin\/kinderwanderung-zu-den-moosalmbaeren\/","og_locale":"de_DE","og_type":"article","og_title":"Kinderwanderung zu den Moosalmb\u00e4ren","og_description":"\u201eNa, ned schon wieder wandern\u201c t\u00f6nt es aus dem Mund unserer Kinder. Sie wussten zu dem Zeitpunkt noch nicht, dass wir Trick 17 anwenden w\u00fcrden \u2013 n\u00e4mlich Freunde mitnehmen. Wenig sp\u00e4ter sind alle zusammengesammelt und es kann losgehen &#8211; zur Moosalm in Filzmoos. Filzmoos ist durch den nahen Autobahnanschluss Eben gut erreichbar. Der Ausgangspunkt befindet [&hellip;]","og_url":"https:\/\/www.salzburgerland.com\/de\/magazin\/kinderwanderung-zu-den-moosalmbaeren\/","og_site_name":"SalzburgerLand Magazin","article_publisher":"https:\/\/www.facebook.com\/salzburgerland\/","article_published_time":"2019-04-17T06:00:45+00:00","article_modified_time":"2022-04-22T09:41:58+00:00","og_image":[{"width":1200,"height":1200,"url":"https:\/\/www.salzburgerland.com\/de\/magazin\/wp-content\/uploads\/2017\/05\/9-Pg_Moosalm_Quelle-Goellne.jpg","type":"image\/jpeg"}],"author":"Elisabeth G\u00f6llner-Kampel","twitter_card":"summary_large_image","twitter_creator":"@Salzburgerland","twitter_site":"@Salzburgerland","twitter_misc":{"Verfasst von":"Elisabeth G\u00f6llner-Kampel","Gesch\u00e4tzte Lesezeit":"3\u00a0Minuten"},"schema":{"@context":"https:\/\/schema.org","@graph":[{"@type":"Article","@id":"https:\/\/www.salzburgerland.com\/de\/magazin\/kinderwanderung-zu-den-moosalmbaeren\/#article","isPartOf":{"@id":"https:\/\/www.salzburgerland.com\/de\/magazin\/kinderwanderung-zu-den-moosalmbaeren\/"},"author":{"name":"Elisabeth G\u00f6llner-Kampel","@id":"https:\/\/www.salzburgerland.com\/de\/magazin\/#\/schema\/person\/36e0e3b30c2dda69147efad0ec3e2da8"},"headline":"Kinderwanderung zu den Moosalmb\u00e4ren","datePublished":"2019-04-17T06:00:45+00:00","dateModified":"2022-04-22T09:41:58+00:00","mainEntityOfPage":{"@id":"https:\/\/www.salzburgerland.com\/de\/magazin\/kinderwanderung-zu-den-moosalmbaeren\/"},"wordCount":496,"commentCount":0,"publisher":{"@id":"https:\/\/www.salzburgerland.com\/de\/magazin\/#organization"},"image":{"@id":"https:\/\/www.salzburgerland.com\/de\/magazin\/kinderwanderung-zu-den-moosalmbaeren\/#primaryimage"},"thumbnailUrl":"https:\/\/www.salzburgerland.com\/de\/magazin\/wp-content\/uploads\/2017\/05\/9-Pg_Moosalm_Quelle-Goellne.jpg","keywords":["Family-Time im SalzburgerLand"],"articleSection":["Outdoor &amp; Sport"],"inLanguage":"de","potentialAction":[{"@type":"CommentAction","name":"Comment","target":["https:\/\/www.salzburgerland.com\/de\/magazin\/kinderwanderung-zu-den-moosalmbaeren\/#respond"]}]},{"@type":"WebPage","@id":"https:\/\/www.salzburgerland.com\/de\/magazin\/kinderwanderung-zu-den-moosalmbaeren\/","url":"https:\/\/www.salzburgerland.com\/de\/magazin\/kinderwanderung-zu-den-moosalmbaeren\/","name":"Kinderwanderung zu den Moosalmb\u00e4ren - SalzburgerLand Magazin","isPartOf":{"@id":"https:\/\/www.salzburgerland.com\/de\/magazin\/#website"},"primaryImageOfPage":{"@id":"https:\/\/www.salzburgerland.com\/de\/magazin\/kinderwanderung-zu-den-moosalmbaeren\/#primaryimage"},"image":{"@id":"https:\/\/www.salzburgerland.com\/de\/magazin\/kinderwanderung-zu-den-moosalmbaeren\/#primaryimage"},"thumbnailUrl":"https:\/\/www.salzburgerland.com\/de\/magazin\/wp-content\/uploads\/2017\/05\/9-Pg_Moosalm_Quelle-Goellne.jpg","datePublished":"2019-04-17T06:00:45+00:00","dateModified":"2022-04-22T09:41:58+00:00","breadcrumb":{"@id":"https:\/\/www.salzburgerland.com\/de\/magazin\/kinderwanderung-zu-den-moosalmbaeren\/#breadcrumb"},"inLanguage":"de","potentialAction":[{"@type":"ReadAction","target":["https:\/\/www.salzburgerland.com\/de\/magazin\/kinderwanderung-zu-den-moosalmbaeren\/"]}]},{"@type":"ImageObject","inLanguage":"de","@id":"https:\/\/www.salzburgerland.com\/de\/magazin\/kinderwanderung-zu-den-moosalmbaeren\/#primaryimage","url":"https:\/\/www.salzburgerland.com\/de\/magazin\/wp-content\/uploads\/2017\/05\/9-Pg_Moosalm_Quelle-Goellne.jpg","contentUrl":"https:\/\/www.salzburgerland.com\/de\/magazin\/wp-content\/uploads\/2017\/05\/9-Pg_Moosalm_Quelle-Goellne.jpg","width":1200,"height":1200,"caption":"Drei Personen entspannen sich auf Liegest\u00fchlen in einem grasbewachsenen Hof in der N\u00e4he eines Zauns und eines aufgemalten G\u00e4nseschilds, mit B\u00e4umen im Hintergrund."},{"@type":"BreadcrumbList","@id":"https:\/\/www.salzburgerland.com\/de\/magazin\/kinderwanderung-zu-den-moosalmbaeren\/#breadcrumb","itemListElement":[{"@type":"ListItem","position":1,"name":"Startseite","item":"https:\/\/www.salzburgerland.com\/de\/magazin\/"},{"@type":"ListItem","position":2,"name":"Outdoor &amp; Sport","item":"https:\/\/www.salzburgerland.com\/de\/magazin\/thema\/outdoor-sport\/"},{"@type":"ListItem","position":3,"name":"Kinderwanderung zu den Moosalmb\u00e4ren"}]},{"@type":"WebSite","@id":"https:\/\/www.salzburgerland.com\/de\/magazin\/#website","url":"https:\/\/www.salzburgerland.com\/de\/magazin\/","name":"SalzburgerLand Magazin","description":"Geschichten und Interessantes aus dem SalzburgerLand","publisher":{"@id":"https:\/\/www.salzburgerland.com\/de\/magazin\/#organization"},"potentialAction":[{"@type":"SearchAction","target":{"@type":"EntryPoint","urlTemplate":"https:\/\/www.salzburgerland.com\/de\/magazin\/?s={search_term_string}"},"query-input":{"@type":"PropertyValueSpecification","valueRequired":true,"valueName":"search_term_string"}}],"inLanguage":"de"},{"@type":"Organization","@id":"https:\/\/www.salzburgerland.com\/de\/magazin\/#organization","name":"SalzburgerLand Tourismus","url":"https:\/\/www.salzburgerland.com\/de\/magazin\/","logo":{"@type":"ImageObject","inLanguage":"de","@id":"https:\/\/www.salzburgerland.com\/de\/magazin\/#\/schema\/logo\/image\/","url":"https:\/\/www.salzburgerland.com\/de\/magazin\/wp-content\/uploads\/2019\/06\/salzburgerland-logo1.jpg","contentUrl":"https:\/\/www.salzburgerland.com\/de\/magazin\/wp-content\/uploads\/2019\/06\/salzburgerland-logo1.jpg","width":2011,"height":866,"caption":"SalzburgerLand Tourismus"},"image":{"@id":"https:\/\/www.salzburgerland.com\/de\/magazin\/#\/schema\/logo\/image\/"},"sameAs":["https:\/\/www.facebook.com\/salzburgerland\/","https:\/\/x.com\/Salzburgerland","https:\/\/www.instagram.com\/salzburgerland\/","https:\/\/at.linkedin.com\/company\/salzburgerland-tourismus-gmbh","https:\/\/www.pinterest.at\/salzburgerland\/","https:\/\/www.youtube.com\/user\/salzburgerland","https:\/\/de.wikipedia.org\/wiki\/SalzburgerLand_Tourismus_GmbH"]},{"@type":"Person","@id":"https:\/\/www.salzburgerland.com\/de\/magazin\/#\/schema\/person\/36e0e3b30c2dda69147efad0ec3e2da8","name":"Elisabeth G\u00f6llner-Kampel","description":"Elisabeth G\u00f6llner-Kampel ist geb\u00fcrtige Salzburgerin und im Flachgau aufgewachsen. Schon w\u00e4hrend ihres Betriebswirtschaftsstudiums hat sie Touristen zu den sch\u00f6nsten Pl\u00e4tzen Salzburgs gef\u00fchrt und zahlreiche Berg- und Schitouren unternommen. So \u00fcberraschte sie nach der Geburt ihrer beiden T\u00f6chter der Umstand, dass es weder auf Plattformen noch in B\u00fcchern Hinweise auf die Kinderwagentauglichkeit von Wegen gab. Sie l\u00f6ste dieses Problem, indem sie Wanderb\u00fccher f\u00fcr Kinderw\u00e4gen erfand. Als ihre Kinder dann zu Schulkindern wurden, folgte Buch Nr. 2 mit dem Titel \u201eAbenteuer Natur Salzburg\u201c und die Gr\u00fcndung ihres eigenen Verlags (www.wandaverlag.com).\u00a0 Mittlerweile sind ihre B\u00fccher zu Klassikern geworden und sollten in keiner Familienbibliothek fehlen.\u00a0\u00a0 Mein pers\u00f6nlicher Logenplatz: Noch immer: Der mystische Untersberg und seine unterschiedlichen Wege und Landschaftsformen. \u00a0 Wandern oder Schitouren: Schitouren. Ich trau mich zwar nicht mehr so hoch hinauf, aber das Gef\u00fchl durch unber\u00fchrte Schneelandschaft zu gehen ist unbeschreiblich. Damit hat sich die Frage nach der Lieblingsjahreszeit er\u00fcbrigt, obwohl ich die anderen Jahreszeiten auch sehr mag. Koffer oder Rucksack: Rucksack, egal ob auf Bergtouren, bei mehrt\u00e4gigen H\u00fcttenwanderungen oder auf Rucksackreisen quer \u00fcber alle Kontinente. Morgen- oder Abendmensch: F\u00fcr manche Berg- oder Schitouren die es verdient haben, qu\u00e4le ich mich fr\u00fch aus dem Bett, aber eigentlich bin ich ein Abendmensch. &nbsp; &nbsp; Das Autorenbild wurde von Birgit Eder (Autorin des Buches \u201eWander- und H\u00fcttenurlaub in Bayern, \u00d6sterreich und S\u00fcdtirol\u201c) beim Mittagsloch am Untersberg aufgenommen.","sameAs":["http:\/\/www.wandaverlag.at"],"url":"https:\/\/www.salzburgerland.com\/de\/magazin\/author\/elisabeth-goellner-kampel\/"}]}},"_wl_alt_label":[],"wl:entity_url":"http:\/\/open.salzburgerland.com\/magazin\/post\/kinderwanderung_zu_den_moosalmbaeren","_links":{"self":[{"href":"https:\/\/www.salzburgerland.com\/de\/magazin\/wp-json\/wp\/v2\/posts\/115189","targetHints":{"allow":["GET"]}}],"collection":[{"href":"https:\/\/www.salzburgerland.com\/de\/magazin\/wp-json\/wp\/v2\/posts"}],"about":[{"href":"https:\/\/www.salzburgerland.com\/de\/magazin\/wp-json\/wp\/v2\/types\/post"}],"author":[{"embeddable":true,"href":"https:\/\/www.salzburgerland.com\/de\/magazin\/wp-json\/wp\/v2\/users\/559"}],"replies":[{"embeddable":true,"href":"https:\/\/www.salzburgerland.com\/de\/magazin\/wp-json\/wp\/v2\/comments?post=115189"}],"version-history":[{"count":1,"href":"https:\/\/www.salzburgerland.com\/de\/magazin\/wp-json\/wp\/v2\/posts\/115189\/revisions"}],"predecessor-version":[{"id":162042,"href":"https:\/\/www.salzburgerland.com\/de\/magazin\/wp-json\/wp\/v2\/posts\/115189\/revisions\/162042"}],"wp:featuredmedia":[{"embeddable":true,"href":"https:\/\/www.salzburgerland.com\/de\/magazin\/wp-json\/wp\/v2\/media\/115204"}],"wp:attachment":[{"href":"https:\/\/www.salzburgerland.com\/de\/magazin\/wp-json\/wp\/v2\/media?parent=115189"}],"wp:term":[{"taxonomy":"category","embeddable":true,"href":"https:\/\/www.salzburgerland.com\/de\/magazin\/wp-json\/wp\/v2\/categories?post=115189"},{"taxonomy":"post_tag","embeddable":true,"href":"https:\/\/www.salzburgerland.com\/de\/magazin\/wp-json\/wp\/v2\/tags?post=115189"},{"taxonomy":"wl_entity_type","embeddable":true,"href":"https:\/\/www.salzburgerland.com\/de\/magazin\/wp-json\/wp\/v2\/wl_entity_type?post=115189"},{"taxonomy":"monatsauswahl","embeddable":true,"href":"https:\/\/www.salzburgerland.com\/de\/magazin\/wp-json\/wp\/v2\/monatsauswahl?post=115189"}],"curies":[{"name":"wp","href":"https:\/\/api.w.org\/{rel}","templated":true}]}}