{"id":115060,"date":"2023-04-26T07:00:00","date_gmt":"2023-04-26T05:00:00","guid":{"rendered":"https:\/\/www.salzburgerland.com\/de\/magazin\/?p=115060"},"modified":"2025-02-17T07:16:14","modified_gmt":"2025-02-17T06:16:14","slug":"20-jahre-red-bull-x-alps","status":"publish","type":"post","link":"https:\/\/www.salzburgerland.com\/de\/magazin\/20-jahre-red-bull-x-alps\/","title":{"rendered":"20 Jahre Red Bull X-Alps"},"content":{"rendered":"\n<h2 class=\"wp-block-slt-subtitle\">Zu Fu\u00df oder mit Gleitschirm einmal quer \u00fcber die Alpen<\/h2>\n\n\n\n<p>Seit gut 20 Jahren gilt Red Bull X-Alps als das h\u00e4rteste Rennen der Welt. Zu Fu\u00df oder mit dem Gleitschirm legen die besten und zachsten Athletinnen und Athleten eine Strecke von rund 1.300 Kilometer quer durch die Alpen zur\u00fcck. Dabei sind die Athletinnen und Athleten voll den Naturgewalten ausgesetzt und k\u00f6nnen sich nur auf ihr eigenes K\u00f6nnen und Wissen verlassen. Einer der insgesamt 15 zu passierenden Turningpoints liegt auf gut 900 Metern in Wagrain-Kleinarl. Das Ziel wartet rund 12 Tage nach dem Start in Kitzb\u00fchel in Zell am See-Kaprun.&nbsp;<\/p>\n\n\n\n<p>Die Sonne steht noch nicht sehr hoch und trotzdem hat es hier oben auf gut 2.500 Metern Seeh\u00f6he schon \u00fcber 20 Grad. M\u00fchsam klettern zwei Athlet:innen einen schmalen Grad nach oben. Ein paar Meter \u00fcber ihnen h\u00e4ngen andere bereits auf ihren Gleitschirmen und suchen die erste Thermik des Tages. Gestern Nachmittag hat das Wetter alles andere als mitgespielt. Bei Sturm und Gewitter war an Fliegen nicht zu denken. Red Bull X-Alps ist nichts f\u00fcr Freizeitsportler:innen und verlangt auch von den H\u00e4rtesten unter der Sonne alles ab.&nbsp;<\/p>\n\n\n\n<figure class=\"wp-block-image\"><img loading=\"lazy\" decoding=\"async\" width=\"2560\" height=\"1706\" src=\"https:\/\/www.salzburgerland.com\/de\/magazin\/wp-content\/uploads\/2023\/04\/SI202211030092-scaled.jpg\" alt=\"Zwei Personen wandern auf einem verschneiten Berghang bei hellem Sonnenlicht und teilweise bew\u00f6lktem Himmel bergauf.\" class=\"wp-image-170187\" srcset=\"https:\/\/www.salzburgerland.com\/de\/magazin\/wp-content\/uploads\/2023\/04\/SI202211030092-scaled.jpg 2560w, https:\/\/www.salzburgerland.com\/de\/magazin\/wp-content\/uploads\/2023\/04\/SI202211030092-300x200.jpg 300w, https:\/\/www.salzburgerland.com\/de\/magazin\/wp-content\/uploads\/2023\/04\/SI202211030092-1536x1024.jpg 1536w, https:\/\/www.salzburgerland.com\/de\/magazin\/wp-content\/uploads\/2023\/04\/SI202211030092-2048x1365.jpg 2048w, https:\/\/www.salzburgerland.com\/de\/magazin\/wp-content\/uploads\/2023\/04\/SI202211030092-825x550.jpg 825w, https:\/\/www.salzburgerland.com\/de\/magazin\/wp-content\/uploads\/2023\/04\/SI202211030092-600x400.jpg 600w, https:\/\/www.salzburgerland.com\/de\/magazin\/wp-content\/uploads\/2023\/04\/SI202211030092-1320x880.jpg 1320w, https:\/\/www.salzburgerland.com\/de\/magazin\/wp-content\/uploads\/2023\/04\/SI202211030092-150x100.jpg 150w\" sizes=\"auto, (max-width: 2560px) 100vw, 2560px\" \/><figcaption class=\"wp-element-caption\">\u00a9 zooom \/ Lukas Pilz \/\/ Zooom Productions \/ Red Bull Content Pool&nbsp;<\/figcaption><\/figure>\n\n\n\n<h2 class=\"wp-block-heading\" id=\"h-auf-1-300-kilometern-durch-die-alpen\">Auf 1.300 Kilometern durch die Alpen<\/h2>\n\n\n\n<p>Dabei sind die Regeln denkbar einfach. Nach dem Start gilt es eine vorgegebene Strecke von gut 1.300 Kilometern zu Fu\u00df oder mit dem Paragleiter durch&nbsp;\u00d6sterreich, Deutschland, die Schweiz, Frankreich und Italien&nbsp;zur\u00fcckzulegen. Luftlinie versteht sich! Denn den tats\u00e4chlichen Weg suchen sich die Teilnehmer:innen selber aus. Zwischen 21 und 06 Uhr muss dabei eine Pause von 7 Stunden eingehalten werden, wobei zwischen 23 und 04 Uhr die Position gehalten werden muss. Simpel oder? Zumindest am Papier!<\/p>\n\n\n\n<figure class=\"wp-block-embed is-type-video is-provider-youtube wp-block-embed-youtube wp-embed-aspect-16-9 wp-has-aspect-ratio\"><div class=\"wp-block-embed__wrapper\">\n<iframe loading=\"lazy\" title=\"Red Bull X-Alps 2023: The Champions Challenge - DOCUMENTARY\" width=\"640\" height=\"360\" src=\"https:\/\/www.youtube-nocookie.com\/embed\/0R9OKwl7E_o?feature=oembed&#038;rel=0&#038;modestbranding=1\" frameborder=\"0\" allow=\"accelerometer; autoplay; clipboard-write; encrypted-media; gyroscope; picture-in-picture; web-share\" referrerpolicy=\"strict-origin-when-cross-origin\" allowfullscreen><\/iframe>\n<\/div><\/figure>\n\n\n\n<h2 class=\"wp-block-heading\" id=\"h-20-jahre-wahnsinn\">20 Jahre Wahnsinn<\/h2>\n\n\n\n<p>Aus einer Vision des unvergessenen&nbsp;Hannes Arch&nbsp;und&nbsp;Ulrich Prill&nbsp;entstanden, feierte Red Bull X-Alps 2023 20-j\u00e4hriges Jubil\u00e4um. Dabei kann das Rennen auf eine bewegte Geschichte zur\u00fcckblicken. Ging es in der ersten Auflage 2003 noch vom Dachstein aus nach Monaco, so wurde 2009 zum ersten Mal in der Stadt Salzburg am Residenzplatz gestartet. Nach einem kr\u00e4ftezehrenden Lauf zur Gaisbergspitze konnten endlich die Fl\u00fcgel ausgebreitet werden und der Flug in Richtung Monaco begann. Wenn es denn das Wetter zulie\u00df. 2021 lag dann das Ziel erstmalig nicht an der Cote d\u2019Azur am Meer. Sondern inmitten der Berge in Zell am See-Kaprun.&nbsp;<\/p>\n\n\n\n<figure class=\"wp-block-image\"><img loading=\"lazy\" decoding=\"async\" width=\"2560\" height=\"1706\" src=\"https:\/\/www.salzburgerland.com\/de\/magazin\/wp-content\/uploads\/2023\/04\/SI202107020440_hires_jpeg_24bit_rgb-scaled.jpg\" alt=\"Eine Person gleitet mit dem Gleitschirm von einem grasbewachsenen H\u00fcgel mit Bergen und einem Tal im Hintergrund.\" class=\"wp-image-170189\" srcset=\"https:\/\/www.salzburgerland.com\/de\/magazin\/wp-content\/uploads\/2023\/04\/SI202107020440_hires_jpeg_24bit_rgb-scaled.jpg 2560w, https:\/\/www.salzburgerland.com\/de\/magazin\/wp-content\/uploads\/2023\/04\/SI202107020440_hires_jpeg_24bit_rgb-300x200.jpg 300w, https:\/\/www.salzburgerland.com\/de\/magazin\/wp-content\/uploads\/2023\/04\/SI202107020440_hires_jpeg_24bit_rgb-1536x1024.jpg 1536w, https:\/\/www.salzburgerland.com\/de\/magazin\/wp-content\/uploads\/2023\/04\/SI202107020440_hires_jpeg_24bit_rgb-2048x1365.jpg 2048w, https:\/\/www.salzburgerland.com\/de\/magazin\/wp-content\/uploads\/2023\/04\/SI202107020440_hires_jpeg_24bit_rgb-825x550.jpg 825w, https:\/\/www.salzburgerland.com\/de\/magazin\/wp-content\/uploads\/2023\/04\/SI202107020440_hires_jpeg_24bit_rgb-600x400.jpg 600w, https:\/\/www.salzburgerland.com\/de\/magazin\/wp-content\/uploads\/2023\/04\/SI202107020440_hires_jpeg_24bit_rgb-1320x880.jpg 1320w, https:\/\/www.salzburgerland.com\/de\/magazin\/wp-content\/uploads\/2023\/04\/SI202107020440_hires_jpeg_24bit_rgb-150x100.jpg 150w\" sizes=\"auto, (max-width: 2560px) 100vw, 2560px\" \/><figcaption class=\"wp-element-caption\">\u00a9Lukas Pilz \/ Red Bull Content Pool&nbsp;<\/figcaption><\/figure>\n\n\n\n<h2 class=\"wp-block-heading\" id=\"h-neue-strecke-zum-jubilaum\">Neue Strecke zum Jubil\u00e4um<\/h2>\n\n\n\n<p>Zum Jubil\u00e4um erfindet sich das h\u00e4rteste Abenteuerrennen der Welt 2023 wieder einmal neu. Erstmalig seit 2007 erfolgte der Start nicht mehr in der Stadt Salzburg, sondern in Kitzb\u00fchel \u2013 und zwar gleich einmal knackig mit einem Run auf die Streif. Der zweite Turningpoint f\u00fchrte die damals 32 Athletinnen und Athleten dann ins SalzburgerLand, genauer nach Wagrain-Kleinarl, wo 2019 und 2021 der Prolog \u00fcber die B\u00fchne ging. Hier, am \u00f6stlichsten Punkt der gesamten Strecke, musste kurz gelandet werden, bevor man sich auf den Weg Richtung Chiemgau und schlussendlich zum Mont Blanc machte.&nbsp;<\/p>\n\n\n\n<figure class=\"wp-block-image\"><img loading=\"lazy\" decoding=\"async\" width=\"2560\" height=\"1810\" src=\"https:\/\/www.salzburgerland.com\/de\/magazin\/wp-content\/uploads\/2023\/04\/SI202303150159-scaled.jpg\" alt=\"Karte der Red Bull X-Alps-Rennstrecke 2023 durch \u00d6sterreich, Deutschland, die Schweiz, Frankreich und Italien.\" class=\"wp-image-170191\" srcset=\"https:\/\/www.salzburgerland.com\/de\/magazin\/wp-content\/uploads\/2023\/04\/SI202303150159-scaled.jpg 2560w, https:\/\/www.salzburgerland.com\/de\/magazin\/wp-content\/uploads\/2023\/04\/SI202303150159-300x212.jpg 300w, https:\/\/www.salzburgerland.com\/de\/magazin\/wp-content\/uploads\/2023\/04\/SI202303150159-1536x1086.jpg 1536w, https:\/\/www.salzburgerland.com\/de\/magazin\/wp-content\/uploads\/2023\/04\/SI202303150159-2048x1448.jpg 2048w, https:\/\/www.salzburgerland.com\/de\/magazin\/wp-content\/uploads\/2023\/04\/SI202303150159-778x550.jpg 778w, https:\/\/www.salzburgerland.com\/de\/magazin\/wp-content\/uploads\/2023\/04\/SI202303150159-566x400.jpg 566w, https:\/\/www.salzburgerland.com\/de\/magazin\/wp-content\/uploads\/2023\/04\/SI202303150159-1320x933.jpg 1320w, https:\/\/www.salzburgerland.com\/de\/magazin\/wp-content\/uploads\/2023\/04\/SI202303150159-150x106.jpg 150w\" sizes=\"auto, (max-width: 2560px) 100vw, 2560px\" \/><\/figure>\n\n\n\n<p>Was dann folgte, war ohne \u00dcbertreibung der h\u00e4rteste und anspruchsvollste Streckenverlauf den X-Alps jemals vorweisen konnte. An rund 12 Tagen galt es 15 Turningpoints zu umrunden, den Aletschgletscher in der Schweiz zu \u00fcberqueren und sogar eine Klettersteig-Passage in S\u00fcdtirol zu meistern. Bis zum Mont Blanc zeigte die Kompassnadel dabei nach Westen, danach ging es mit \u00f6stlichem Heading wieder zur\u00fcck nach \u00d6sterreich. Nach dem vorletzten Wendepoint an den 3 Zinnen galt es dann nur mehr das Ziel in Zell am See-Kaprun zu erreichen.&nbsp;<\/p>\n\n\n\n<h2 class=\"wp-block-heading\" id=\"h-ein-ziel-mitten-im-see\">Ein Ziel mitten im See<\/h2>\n\n\n\n<p><em>&#8222;Der Aspekt, dass wir zuerst nach Westen und dann zur\u00fcck nach Osten gehen, bedeutet auch, dass man noch mehr vom Wetter abh\u00e4ngig ist, wie ich bei der 2021er Edition erfahren musste. Gegen Ende hin wird es wirklich spannend werden, da die Distanzen zwischen den Turnpoints immer gr\u00f6\u00dfer werden.\u201c<\/em>&nbsp;Paul Guschlbauer, 6-maliger Red Bull X-Alps-Starter<\/p>\n\n\n\n<figure class=\"wp-block-image\"><img loading=\"lazy\" decoding=\"async\" width=\"2560\" height=\"1706\" src=\"https:\/\/www.salzburgerland.com\/de\/magazin\/wp-content\/uploads\/2023\/04\/SI202108170100-scaled.jpg\" alt=\"Eine Person wandert mit Rucksack und Trekkingst\u00f6cken bei Sonnenuntergang auf einem grasbewachsenen Bergpfad bergauf.\" class=\"wp-image-170188\" srcset=\"https:\/\/www.salzburgerland.com\/de\/magazin\/wp-content\/uploads\/2023\/04\/SI202108170100-scaled.jpg 2560w, https:\/\/www.salzburgerland.com\/de\/magazin\/wp-content\/uploads\/2023\/04\/SI202108170100-300x200.jpg 300w, https:\/\/www.salzburgerland.com\/de\/magazin\/wp-content\/uploads\/2023\/04\/SI202108170100-1536x1024.jpg 1536w, https:\/\/www.salzburgerland.com\/de\/magazin\/wp-content\/uploads\/2023\/04\/SI202108170100-2048x1365.jpg 2048w, https:\/\/www.salzburgerland.com\/de\/magazin\/wp-content\/uploads\/2023\/04\/SI202108170100-825x550.jpg 825w, https:\/\/www.salzburgerland.com\/de\/magazin\/wp-content\/uploads\/2023\/04\/SI202108170100-600x400.jpg 600w, https:\/\/www.salzburgerland.com\/de\/magazin\/wp-content\/uploads\/2023\/04\/SI202108170100-1320x880.jpg 1320w, https:\/\/www.salzburgerland.com\/de\/magazin\/wp-content\/uploads\/2023\/04\/SI202108170100-150x100.jpg 150w\" sizes=\"auto, (max-width: 2560px) 100vw, 2560px\" \/><figcaption class=\"wp-element-caption\">\u00a9Lukas Pilz \/ Red Bull Content Pool&nbsp;<\/figcaption><\/figure>\n\n\n\n<p>Doch wer denkt, dass in Zell am See-Kaprun dann alle Felle im Trockenen sind und man nur mehr landen gehen muss, der irrt. Denn wie schon bei der letzten Auflage 2021 galt es auch heuer wieder zuerst die Schmittenh\u00f6he zu umrunden. Kurz konnten die wenigen Teilnehmer:innen die es bis hierhin geschafft haben, den Gleitflug hinunter zum See genie\u00dfen. Zur Landung auf der kleinen schwimmenden Landeinsel drau\u00dfen am Wasser schnellte dann der ohnehin schon gut beanspruchte Puls noch einmal ordentlich in die H\u00f6he.<\/p>\n\n\n\n<figure class=\"wp-block-image\"><img loading=\"lazy\" decoding=\"async\" width=\"2560\" height=\"1595\" src=\"https:\/\/www.salzburgerland.com\/de\/magazin\/wp-content\/uploads\/2023\/04\/SI202206301150-scaled.jpg\" alt=\"Ein Wanderer in blauer Kleidung und mit einem Rucksack geht auf einem grasbewachsenen H\u00fcgel mit schneebedeckten Bergen im Hintergrund.\" class=\"wp-image-170190\" srcset=\"https:\/\/www.salzburgerland.com\/de\/magazin\/wp-content\/uploads\/2023\/04\/SI202206301150-scaled.jpg 2560w, https:\/\/www.salzburgerland.com\/de\/magazin\/wp-content\/uploads\/2023\/04\/SI202206301150-300x187.jpg 300w, https:\/\/www.salzburgerland.com\/de\/magazin\/wp-content\/uploads\/2023\/04\/SI202206301150-1536x957.jpg 1536w, https:\/\/www.salzburgerland.com\/de\/magazin\/wp-content\/uploads\/2023\/04\/SI202206301150-2048x1276.jpg 2048w, https:\/\/www.salzburgerland.com\/de\/magazin\/wp-content\/uploads\/2023\/04\/SI202206301150-883x550.jpg 883w, https:\/\/www.salzburgerland.com\/de\/magazin\/wp-content\/uploads\/2023\/04\/SI202206301150-642x400.jpg 642w, https:\/\/www.salzburgerland.com\/de\/magazin\/wp-content\/uploads\/2023\/04\/SI202206301150-1320x823.jpg 1320w, https:\/\/www.salzburgerland.com\/de\/magazin\/wp-content\/uploads\/2023\/04\/SI202206301150-150x93.jpg 150w\" sizes=\"auto, (max-width: 2560px) 100vw, 2560px\" \/><figcaption class=\"wp-element-caption\">\u00a9 zooom \/ Adi Geisegger \/\/ Zooom Productions \/ Red Bull Content Pool<\/figcaption><\/figure>\n\n\n\n<p><em>&#8222;Die Strecke wird den Athleten viel strategisches Denken abverlangen &#8211; und auch eine unglaubliche Ausdauer.&#8220;<\/em>&nbsp;Ulrich Grill<\/p>\n\n\n\n<p>Das n\u00e4chste Mal wird Red Bull X-Alps vom 15. bis zum 27. Juni 2025 \u00fcber die B\u00fchne gehen. Wir sind gespannt und halten euch hier am Laufenden. <\/p>\n\n\n\n<p>\u00a9Titelbild:Sebastian Marko \/ Red Bull Content Pool<\/p>\n","protected":false},"excerpt":{"rendered":"<p>Seit gut 20 Jahren gilt Red Bull X-Alps als das h\u00e4rteste Rennen der Welt. Zu Fu\u00df oder mit dem Gleitschirm legen die besten und zachsten Athletinnen und Athleten eine Strecke von rund 1.300 Kilometer quer durch die Alpen zur\u00fcck. Dabei sind die Athletinnen und Athleten voll den Naturgewalten ausgesetzt und k\u00f6nnen sich nur auf ihr [&hellip;]<\/p>\n","protected":false},"author":505,"featured_media":170464,"comment_status":"open","ping_status":"open","sticky":false,"template":"","format":"standard","meta":{"_acf_changed":false,"wl_entities_gutenberg":"","_wl_entity_redirect_enabled":"","footnotes":""},"categories":[7551],"tags":[],"wl_entity_type":[306],"monatsauswahl":[86,87,88,89],"class_list":["post-115060","post","type-post","status-publish","format-standard","has-post-thumbnail","hentry","category-archiv","wl_entity_type-article","monatsauswahl-monat_5","monatsauswahl-monat_6","monatsauswahl-monat_7","monatsauswahl-monat_8"],"acf":[],"yoast_head":"<!-- This site is optimized with the Yoast SEO Premium plugin v27.4 (Yoast SEO v27.4) - https:\/\/yoast.com\/product\/yoast-seo-premium-wordpress\/ -->\n<title>20 Jahre Red Bull X-Alps - SalzburgerLand Magazin<\/title>\n<meta name=\"description\" content=\"Seit mittlerweile 20 Jahren gilt Red Bull X-Alps als das h\u00e4rteste Rennen der Welt. Zu Fu\u00df oder mit dem Gleitschirm!\" \/>\n<meta name=\"robots\" content=\"index, nofollow, max-snippet:-1, max-image-preview:large, max-video-preview:-1\" \/>\n<link rel=\"canonical\" href=\"https:\/\/www.salzburgerland.com\/de\/magazin\/20-jahre-red-bull-x-alps\/\" \/>\n<meta property=\"og:locale\" content=\"de_DE\" \/>\n<meta property=\"og:type\" content=\"article\" \/>\n<meta property=\"og:title\" content=\"20 Jahre Red Bull X-Alps\" \/>\n<meta property=\"og:description\" content=\"Seit mittlerweile 20 Jahren gilt Red Bull X-Alps als das h\u00e4rteste Rennen der Welt. Zu Fu\u00df oder mit dem Gleitschirm!\" \/>\n<meta property=\"og:url\" content=\"https:\/\/www.salzburgerland.com\/de\/magazin\/20-jahre-red-bull-x-alps\/\" \/>\n<meta property=\"og:site_name\" content=\"SalzburgerLand Magazin\" \/>\n<meta property=\"article:publisher\" content=\"https:\/\/www.facebook.com\/salzburgerland\/\" \/>\n<meta property=\"article:published_time\" content=\"2023-04-26T05:00:00+00:00\" \/>\n<meta property=\"article:modified_time\" content=\"2025-02-17T06:16:14+00:00\" \/>\n<meta property=\"og:image\" content=\"https:\/\/www.salzburgerland.com\/de\/magazin\/wp-content\/uploads\/2023\/05\/20-jahre-red-bull-x-alps.jpg\" \/>\n\t<meta property=\"og:image:width\" content=\"1920\" \/>\n\t<meta property=\"og:image:height\" content=\"1280\" \/>\n\t<meta property=\"og:image:type\" content=\"image\/jpeg\" \/>\n<meta name=\"author\" content=\"Peter Zeitlhofer\" \/>\n<meta name=\"twitter:card\" content=\"summary_large_image\" \/>\n<meta name=\"twitter:creator\" content=\"@Salzburgerland\" \/>\n<meta name=\"twitter:site\" content=\"@Salzburgerland\" \/>\n<meta name=\"twitter:label1\" content=\"Verfasst von\" \/>\n\t<meta name=\"twitter:data1\" content=\"Peter Zeitlhofer\" \/>\n\t<meta name=\"twitter:label2\" content=\"Gesch\u00e4tzte Lesezeit\" \/>\n\t<meta name=\"twitter:data2\" content=\"6\u00a0Minuten\" \/>\n<script type=\"application\/ld+json\" class=\"yoast-schema-graph\">{\"@context\":\"https:\\\/\\\/schema.org\",\"@graph\":[{\"@type\":\"Article\",\"@id\":\"https:\\\/\\\/www.salzburgerland.com\\\/de\\\/magazin\\\/20-jahre-red-bull-x-alps\\\/#article\",\"isPartOf\":{\"@id\":\"https:\\\/\\\/www.salzburgerland.com\\\/de\\\/magazin\\\/20-jahre-red-bull-x-alps\\\/\"},\"author\":{\"name\":\"Peter Zeitlhofer\",\"@id\":\"https:\\\/\\\/www.salzburgerland.com\\\/de\\\/magazin\\\/#\\\/schema\\\/person\\\/ebd2c9f244aeea71e30f3b5d5e309de4\"},\"headline\":\"20 Jahre Red Bull X-Alps\",\"datePublished\":\"2023-04-26T05:00:00+00:00\",\"dateModified\":\"2025-02-17T06:16:14+00:00\",\"mainEntityOfPage\":{\"@id\":\"https:\\\/\\\/www.salzburgerland.com\\\/de\\\/magazin\\\/20-jahre-red-bull-x-alps\\\/\"},\"wordCount\":806,\"commentCount\":0,\"publisher\":{\"@id\":\"https:\\\/\\\/www.salzburgerland.com\\\/de\\\/magazin\\\/#organization\"},\"image\":{\"@id\":\"https:\\\/\\\/www.salzburgerland.com\\\/de\\\/magazin\\\/20-jahre-red-bull-x-alps\\\/#primaryimage\"},\"thumbnailUrl\":\"https:\\\/\\\/www.salzburgerland.com\\\/de\\\/magazin\\\/wp-content\\\/uploads\\\/2023\\\/05\\\/20-jahre-red-bull-x-alps.jpg\",\"articleSection\":[\"Archiv\"],\"inLanguage\":\"de\",\"potentialAction\":[{\"@type\":\"CommentAction\",\"name\":\"Comment\",\"target\":[\"https:\\\/\\\/www.salzburgerland.com\\\/de\\\/magazin\\\/20-jahre-red-bull-x-alps\\\/#respond\"]}]},{\"@type\":\"WebPage\",\"@id\":\"https:\\\/\\\/www.salzburgerland.com\\\/de\\\/magazin\\\/20-jahre-red-bull-x-alps\\\/\",\"url\":\"https:\\\/\\\/www.salzburgerland.com\\\/de\\\/magazin\\\/20-jahre-red-bull-x-alps\\\/\",\"name\":\"20 Jahre Red Bull X-Alps - SalzburgerLand Magazin\",\"isPartOf\":{\"@id\":\"https:\\\/\\\/www.salzburgerland.com\\\/de\\\/magazin\\\/#website\"},\"primaryImageOfPage\":{\"@id\":\"https:\\\/\\\/www.salzburgerland.com\\\/de\\\/magazin\\\/20-jahre-red-bull-x-alps\\\/#primaryimage\"},\"image\":{\"@id\":\"https:\\\/\\\/www.salzburgerland.com\\\/de\\\/magazin\\\/20-jahre-red-bull-x-alps\\\/#primaryimage\"},\"thumbnailUrl\":\"https:\\\/\\\/www.salzburgerland.com\\\/de\\\/magazin\\\/wp-content\\\/uploads\\\/2023\\\/05\\\/20-jahre-red-bull-x-alps.jpg\",\"datePublished\":\"2023-04-26T05:00:00+00:00\",\"dateModified\":\"2025-02-17T06:16:14+00:00\",\"description\":\"Seit mittlerweile 20 Jahren gilt Red Bull X-Alps als das h\u00e4rteste Rennen der Welt. Zu Fu\u00df oder mit dem Gleitschirm!\",\"breadcrumb\":{\"@id\":\"https:\\\/\\\/www.salzburgerland.com\\\/de\\\/magazin\\\/20-jahre-red-bull-x-alps\\\/#breadcrumb\"},\"inLanguage\":\"de\",\"potentialAction\":[{\"@type\":\"ReadAction\",\"target\":[\"https:\\\/\\\/www.salzburgerland.com\\\/de\\\/magazin\\\/20-jahre-red-bull-x-alps\\\/\"]}]},{\"@type\":\"ImageObject\",\"inLanguage\":\"de\",\"@id\":\"https:\\\/\\\/www.salzburgerland.com\\\/de\\\/magazin\\\/20-jahre-red-bull-x-alps\\\/#primaryimage\",\"url\":\"https:\\\/\\\/www.salzburgerland.com\\\/de\\\/magazin\\\/wp-content\\\/uploads\\\/2023\\\/05\\\/20-jahre-red-bull-x-alps.jpg\",\"contentUrl\":\"https:\\\/\\\/www.salzburgerland.com\\\/de\\\/magazin\\\/wp-content\\\/uploads\\\/2023\\\/05\\\/20-jahre-red-bull-x-alps.jpg\",\"width\":1920,\"height\":1280},{\"@type\":\"BreadcrumbList\",\"@id\":\"https:\\\/\\\/www.salzburgerland.com\\\/de\\\/magazin\\\/20-jahre-red-bull-x-alps\\\/#breadcrumb\",\"itemListElement\":[{\"@type\":\"ListItem\",\"position\":1,\"name\":\"Startseite\",\"item\":\"https:\\\/\\\/www.salzburgerland.com\\\/de\\\/magazin\\\/\"},{\"@type\":\"ListItem\",\"position\":2,\"name\":\"Archiv\",\"item\":\"https:\\\/\\\/www.salzburgerland.com\\\/de\\\/magazin\\\/thema\\\/archiv\\\/\"},{\"@type\":\"ListItem\",\"position\":3,\"name\":\"20 Jahre Red Bull X-Alps\"}]},{\"@type\":\"WebSite\",\"@id\":\"https:\\\/\\\/www.salzburgerland.com\\\/de\\\/magazin\\\/#website\",\"url\":\"https:\\\/\\\/www.salzburgerland.com\\\/de\\\/magazin\\\/\",\"name\":\"SalzburgerLand Magazin\",\"description\":\"Geschichten und Interessantes aus dem SalzburgerLand\",\"publisher\":{\"@id\":\"https:\\\/\\\/www.salzburgerland.com\\\/de\\\/magazin\\\/#organization\"},\"potentialAction\":[{\"@type\":\"SearchAction\",\"target\":{\"@type\":\"EntryPoint\",\"urlTemplate\":\"https:\\\/\\\/www.salzburgerland.com\\\/de\\\/magazin\\\/?s={search_term_string}\"},\"query-input\":{\"@type\":\"PropertyValueSpecification\",\"valueRequired\":true,\"valueName\":\"search_term_string\"}}],\"inLanguage\":\"de\"},{\"@type\":\"Organization\",\"@id\":\"https:\\\/\\\/www.salzburgerland.com\\\/de\\\/magazin\\\/#organization\",\"name\":\"SalzburgerLand Tourismus\",\"url\":\"https:\\\/\\\/www.salzburgerland.com\\\/de\\\/magazin\\\/\",\"logo\":{\"@type\":\"ImageObject\",\"inLanguage\":\"de\",\"@id\":\"https:\\\/\\\/www.salzburgerland.com\\\/de\\\/magazin\\\/#\\\/schema\\\/logo\\\/image\\\/\",\"url\":\"https:\\\/\\\/www.salzburgerland.com\\\/de\\\/magazin\\\/wp-content\\\/uploads\\\/2019\\\/06\\\/salzburgerland-logo1.jpg\",\"contentUrl\":\"https:\\\/\\\/www.salzburgerland.com\\\/de\\\/magazin\\\/wp-content\\\/uploads\\\/2019\\\/06\\\/salzburgerland-logo1.jpg\",\"width\":2011,\"height\":866,\"caption\":\"SalzburgerLand Tourismus\"},\"image\":{\"@id\":\"https:\\\/\\\/www.salzburgerland.com\\\/de\\\/magazin\\\/#\\\/schema\\\/logo\\\/image\\\/\"},\"sameAs\":[\"https:\\\/\\\/www.facebook.com\\\/salzburgerland\\\/\",\"https:\\\/\\\/x.com\\\/Salzburgerland\",\"https:\\\/\\\/www.instagram.com\\\/salzburgerland\\\/\",\"https:\\\/\\\/at.linkedin.com\\\/company\\\/salzburgerland-tourismus-gmbh\",\"https:\\\/\\\/www.pinterest.at\\\/salzburgerland\\\/\",\"https:\\\/\\\/www.youtube.com\\\/user\\\/salzburgerland\",\"https:\\\/\\\/de.wikipedia.org\\\/wiki\\\/SalzburgerLand_Tourismus_GmbH\"]},{\"@type\":\"Person\",\"@id\":\"https:\\\/\\\/www.salzburgerland.com\\\/de\\\/magazin\\\/#\\\/schema\\\/person\\\/ebd2c9f244aeea71e30f3b5d5e309de4\",\"name\":\"Peter Zeitlhofer\",\"description\":\"'Von Neugier getrieben' - diese Worte kommen Peter Zeitlhofer wohl schon ziemlich nahe. Egal ob am Segelboot, im Tiefschnee, unterwegs in Stadt und Land, oder auf einer seinen vielen Reisen - er ist immer auf der Suche nach Neuem, nach dem Besonderen, probiert so ziemlich alles aus und liebt es, dar\u00fcber zu reden und zu berichten. Womit man auch schon fast bei seiner zweiten Leidenschaft w\u00e4re - dem Schreiben. Immer und \u00fcberall ausgestattet\u00a0mit seinem Notebook, hat der Salzburger, mit Wurzeln am Attersee, sein Office\u00a0im wahrsten Sinne des Wortes unterm Arm und k\u00f6nnte sich nichts besseres vorstellen, als die Geschichten dort zu erz\u00e4hlen, wo sie passieren. Fr\u00fchling, Sommer, Herbst oder Winter? Als Mensch der Extreme, mag ich auch bei den Jahreszeiten den Sommer und den Winter am liebsten. Obwohl nat\u00fcrlich auch der Fr\u00fchling seine Reize hat. Aber der Herbst? Rindsroulade vom Pinzgauer Biorind oder Saibling fangfrisch aus dem Fuschlsee? Immer diese Entscheidungen! Kann ich auch beides haben? Mundharmonika oder Stradivari? Weder noch - als Gitarrist k\u00f6nnte ich mit beiden Instrumenten nichts anfangen. Lederhose oder Smoking? Eindeutig Lederhose, die bei mir mittlerweile sogar den Einzug in den sommerlichen Alltag gefunden hat. Und der LederhosnDonnerstag ist \u00a0ohnehin Pflicht. Alpinski, Offpist oder Skitour? Hauptsache rauf auf den Berg! Was dann tats\u00e4chlich auf dem Programm steht ist zweitrangig. Nur so viel: wenn der Schnee passt, dann h\u00e4lt mich nichts oder niemand auf der Piste. Bergtour oder Seentour? F\u00fcr mich gibt es im Sommer nichts Sch\u00f6neres, als mit dem Segelboot auf unseren herrlichen Seen unterwegs zu sein. Also wenn ich die Wahl habe, dann nehme ich im Sommer die Berge h\u00f6chstens als Kulisse. Haubenlokal oder Ab-Hof-Laden? Auch hier nehme ich von beidem ein bisschen. Aber bei der Oma schmeckt's dann doch am besten.\",\"url\":\"https:\\\/\\\/www.salzburgerland.com\\\/de\\\/magazin\\\/author\\\/peter-zeitlhofer\\\/\"}]}<\/script>\n<meta property=\"og:video\" content=\"https:\/\/www.youtube.com\/embed\/0R9OKwl7E_o\" \/>\n<meta property=\"og:video:type\" content=\"text\/html\" \/>\n<meta property=\"og:video:duration\" content=\"74\" \/>\n<meta property=\"og:video:width\" content=\"480\" \/>\n<meta property=\"og:video:height\" content=\"270\" \/>\n<meta property=\"ya:ovs:adult\" content=\"false\" \/>\n<meta property=\"ya:ovs:upload_date\" content=\"2023-04-26T05:00:00+00:00\" \/>\n<meta property=\"ya:ovs:allow_embed\" content=\"true\" \/>\n<!-- \/ Yoast SEO Premium plugin. -->","yoast_head_json":{"title":"20 Jahre Red Bull X-Alps - SalzburgerLand Magazin","description":"Seit mittlerweile 20 Jahren gilt Red Bull X-Alps als das h\u00e4rteste Rennen der Welt. Zu Fu\u00df oder mit dem Gleitschirm!","robots":{"index":"index","follow":"nofollow","max-snippet":"max-snippet:-1","max-image-preview":"max-image-preview:large","max-video-preview":"max-video-preview:-1"},"canonical":"https:\/\/www.salzburgerland.com\/de\/magazin\/20-jahre-red-bull-x-alps\/","og_locale":"de_DE","og_type":"article","og_title":"20 Jahre Red Bull X-Alps","og_description":"Seit mittlerweile 20 Jahren gilt Red Bull X-Alps als das h\u00e4rteste Rennen der Welt. Zu Fu\u00df oder mit dem Gleitschirm!","og_url":"https:\/\/www.salzburgerland.com\/de\/magazin\/20-jahre-red-bull-x-alps\/","og_site_name":"SalzburgerLand Magazin","article_publisher":"https:\/\/www.facebook.com\/salzburgerland\/","article_published_time":"2023-04-26T05:00:00+00:00","article_modified_time":"2025-02-17T06:16:14+00:00","og_image":[{"width":1920,"height":1280,"url":"https:\/\/www.salzburgerland.com\/de\/magazin\/wp-content\/uploads\/2023\/05\/20-jahre-red-bull-x-alps.jpg","type":"image\/jpeg"}],"author":"Peter Zeitlhofer","twitter_card":"summary_large_image","twitter_creator":"@Salzburgerland","twitter_site":"@Salzburgerland","twitter_misc":{"Verfasst von":"Peter Zeitlhofer","Gesch\u00e4tzte Lesezeit":"6\u00a0Minuten"},"schema":{"@context":"https:\/\/schema.org","@graph":[{"@type":"Article","@id":"https:\/\/www.salzburgerland.com\/de\/magazin\/20-jahre-red-bull-x-alps\/#article","isPartOf":{"@id":"https:\/\/www.salzburgerland.com\/de\/magazin\/20-jahre-red-bull-x-alps\/"},"author":{"name":"Peter Zeitlhofer","@id":"https:\/\/www.salzburgerland.com\/de\/magazin\/#\/schema\/person\/ebd2c9f244aeea71e30f3b5d5e309de4"},"headline":"20 Jahre Red Bull X-Alps","datePublished":"2023-04-26T05:00:00+00:00","dateModified":"2025-02-17T06:16:14+00:00","mainEntityOfPage":{"@id":"https:\/\/www.salzburgerland.com\/de\/magazin\/20-jahre-red-bull-x-alps\/"},"wordCount":806,"commentCount":0,"publisher":{"@id":"https:\/\/www.salzburgerland.com\/de\/magazin\/#organization"},"image":{"@id":"https:\/\/www.salzburgerland.com\/de\/magazin\/20-jahre-red-bull-x-alps\/#primaryimage"},"thumbnailUrl":"https:\/\/www.salzburgerland.com\/de\/magazin\/wp-content\/uploads\/2023\/05\/20-jahre-red-bull-x-alps.jpg","articleSection":["Archiv"],"inLanguage":"de","potentialAction":[{"@type":"CommentAction","name":"Comment","target":["https:\/\/www.salzburgerland.com\/de\/magazin\/20-jahre-red-bull-x-alps\/#respond"]}]},{"@type":"WebPage","@id":"https:\/\/www.salzburgerland.com\/de\/magazin\/20-jahre-red-bull-x-alps\/","url":"https:\/\/www.salzburgerland.com\/de\/magazin\/20-jahre-red-bull-x-alps\/","name":"20 Jahre Red Bull X-Alps - SalzburgerLand Magazin","isPartOf":{"@id":"https:\/\/www.salzburgerland.com\/de\/magazin\/#website"},"primaryImageOfPage":{"@id":"https:\/\/www.salzburgerland.com\/de\/magazin\/20-jahre-red-bull-x-alps\/#primaryimage"},"image":{"@id":"https:\/\/www.salzburgerland.com\/de\/magazin\/20-jahre-red-bull-x-alps\/#primaryimage"},"thumbnailUrl":"https:\/\/www.salzburgerland.com\/de\/magazin\/wp-content\/uploads\/2023\/05\/20-jahre-red-bull-x-alps.jpg","datePublished":"2023-04-26T05:00:00+00:00","dateModified":"2025-02-17T06:16:14+00:00","description":"Seit mittlerweile 20 Jahren gilt Red Bull X-Alps als das h\u00e4rteste Rennen der Welt. Zu Fu\u00df oder mit dem Gleitschirm!","breadcrumb":{"@id":"https:\/\/www.salzburgerland.com\/de\/magazin\/20-jahre-red-bull-x-alps\/#breadcrumb"},"inLanguage":"de","potentialAction":[{"@type":"ReadAction","target":["https:\/\/www.salzburgerland.com\/de\/magazin\/20-jahre-red-bull-x-alps\/"]}]},{"@type":"ImageObject","inLanguage":"de","@id":"https:\/\/www.salzburgerland.com\/de\/magazin\/20-jahre-red-bull-x-alps\/#primaryimage","url":"https:\/\/www.salzburgerland.com\/de\/magazin\/wp-content\/uploads\/2023\/05\/20-jahre-red-bull-x-alps.jpg","contentUrl":"https:\/\/www.salzburgerland.com\/de\/magazin\/wp-content\/uploads\/2023\/05\/20-jahre-red-bull-x-alps.jpg","width":1920,"height":1280},{"@type":"BreadcrumbList","@id":"https:\/\/www.salzburgerland.com\/de\/magazin\/20-jahre-red-bull-x-alps\/#breadcrumb","itemListElement":[{"@type":"ListItem","position":1,"name":"Startseite","item":"https:\/\/www.salzburgerland.com\/de\/magazin\/"},{"@type":"ListItem","position":2,"name":"Archiv","item":"https:\/\/www.salzburgerland.com\/de\/magazin\/thema\/archiv\/"},{"@type":"ListItem","position":3,"name":"20 Jahre Red Bull X-Alps"}]},{"@type":"WebSite","@id":"https:\/\/www.salzburgerland.com\/de\/magazin\/#website","url":"https:\/\/www.salzburgerland.com\/de\/magazin\/","name":"SalzburgerLand Magazin","description":"Geschichten und Interessantes aus dem SalzburgerLand","publisher":{"@id":"https:\/\/www.salzburgerland.com\/de\/magazin\/#organization"},"potentialAction":[{"@type":"SearchAction","target":{"@type":"EntryPoint","urlTemplate":"https:\/\/www.salzburgerland.com\/de\/magazin\/?s={search_term_string}"},"query-input":{"@type":"PropertyValueSpecification","valueRequired":true,"valueName":"search_term_string"}}],"inLanguage":"de"},{"@type":"Organization","@id":"https:\/\/www.salzburgerland.com\/de\/magazin\/#organization","name":"SalzburgerLand Tourismus","url":"https:\/\/www.salzburgerland.com\/de\/magazin\/","logo":{"@type":"ImageObject","inLanguage":"de","@id":"https:\/\/www.salzburgerland.com\/de\/magazin\/#\/schema\/logo\/image\/","url":"https:\/\/www.salzburgerland.com\/de\/magazin\/wp-content\/uploads\/2019\/06\/salzburgerland-logo1.jpg","contentUrl":"https:\/\/www.salzburgerland.com\/de\/magazin\/wp-content\/uploads\/2019\/06\/salzburgerland-logo1.jpg","width":2011,"height":866,"caption":"SalzburgerLand Tourismus"},"image":{"@id":"https:\/\/www.salzburgerland.com\/de\/magazin\/#\/schema\/logo\/image\/"},"sameAs":["https:\/\/www.facebook.com\/salzburgerland\/","https:\/\/x.com\/Salzburgerland","https:\/\/www.instagram.com\/salzburgerland\/","https:\/\/at.linkedin.com\/company\/salzburgerland-tourismus-gmbh","https:\/\/www.pinterest.at\/salzburgerland\/","https:\/\/www.youtube.com\/user\/salzburgerland","https:\/\/de.wikipedia.org\/wiki\/SalzburgerLand_Tourismus_GmbH"]},{"@type":"Person","@id":"https:\/\/www.salzburgerland.com\/de\/magazin\/#\/schema\/person\/ebd2c9f244aeea71e30f3b5d5e309de4","name":"Peter Zeitlhofer","description":"'Von Neugier getrieben' - diese Worte kommen Peter Zeitlhofer wohl schon ziemlich nahe. Egal ob am Segelboot, im Tiefschnee, unterwegs in Stadt und Land, oder auf einer seinen vielen Reisen - er ist immer auf der Suche nach Neuem, nach dem Besonderen, probiert so ziemlich alles aus und liebt es, dar\u00fcber zu reden und zu berichten. Womit man auch schon fast bei seiner zweiten Leidenschaft w\u00e4re - dem Schreiben. Immer und \u00fcberall ausgestattet\u00a0mit seinem Notebook, hat der Salzburger, mit Wurzeln am Attersee, sein Office\u00a0im wahrsten Sinne des Wortes unterm Arm und k\u00f6nnte sich nichts besseres vorstellen, als die Geschichten dort zu erz\u00e4hlen, wo sie passieren. Fr\u00fchling, Sommer, Herbst oder Winter? Als Mensch der Extreme, mag ich auch bei den Jahreszeiten den Sommer und den Winter am liebsten. Obwohl nat\u00fcrlich auch der Fr\u00fchling seine Reize hat. Aber der Herbst? Rindsroulade vom Pinzgauer Biorind oder Saibling fangfrisch aus dem Fuschlsee? Immer diese Entscheidungen! Kann ich auch beides haben? Mundharmonika oder Stradivari? Weder noch - als Gitarrist k\u00f6nnte ich mit beiden Instrumenten nichts anfangen. Lederhose oder Smoking? Eindeutig Lederhose, die bei mir mittlerweile sogar den Einzug in den sommerlichen Alltag gefunden hat. Und der LederhosnDonnerstag ist \u00a0ohnehin Pflicht. Alpinski, Offpist oder Skitour? Hauptsache rauf auf den Berg! Was dann tats\u00e4chlich auf dem Programm steht ist zweitrangig. Nur so viel: wenn der Schnee passt, dann h\u00e4lt mich nichts oder niemand auf der Piste. Bergtour oder Seentour? F\u00fcr mich gibt es im Sommer nichts Sch\u00f6neres, als mit dem Segelboot auf unseren herrlichen Seen unterwegs zu sein. Also wenn ich die Wahl habe, dann nehme ich im Sommer die Berge h\u00f6chstens als Kulisse. Haubenlokal oder Ab-Hof-Laden? Auch hier nehme ich von beidem ein bisschen. Aber bei der Oma schmeckt's dann doch am besten.","url":"https:\/\/www.salzburgerland.com\/de\/magazin\/author\/peter-zeitlhofer\/"}]},"og_video":"https:\/\/www.youtube.com\/embed\/0R9OKwl7E_o","og_video_type":"text\/html","og_video_duration":"74","og_video_width":"480","og_video_height":"270","ya_ovs_adult":"false","ya_ovs_upload_date":"2023-04-26T05:00:00+00:00","ya_ovs_allow_embed":"true"},"_wl_alt_label":[],"wl:entity_url":"http:\/\/open.salzburgerland.com\/magazin\/post\/das_alpen-abenteuer_red_bull_x-alps","_links":{"self":[{"href":"https:\/\/www.salzburgerland.com\/de\/magazin\/wp-json\/wp\/v2\/posts\/115060","targetHints":{"allow":["GET"]}}],"collection":[{"href":"https:\/\/www.salzburgerland.com\/de\/magazin\/wp-json\/wp\/v2\/posts"}],"about":[{"href":"https:\/\/www.salzburgerland.com\/de\/magazin\/wp-json\/wp\/v2\/types\/post"}],"author":[{"embeddable":true,"href":"https:\/\/www.salzburgerland.com\/de\/magazin\/wp-json\/wp\/v2\/users\/505"}],"replies":[{"embeddable":true,"href":"https:\/\/www.salzburgerland.com\/de\/magazin\/wp-json\/wp\/v2\/comments?post=115060"}],"version-history":[{"count":7,"href":"https:\/\/www.salzburgerland.com\/de\/magazin\/wp-json\/wp\/v2\/posts\/115060\/revisions"}],"predecessor-version":[{"id":181137,"href":"https:\/\/www.salzburgerland.com\/de\/magazin\/wp-json\/wp\/v2\/posts\/115060\/revisions\/181137"}],"wp:featuredmedia":[{"embeddable":true,"href":"https:\/\/www.salzburgerland.com\/de\/magazin\/wp-json\/wp\/v2\/media\/170464"}],"wp:attachment":[{"href":"https:\/\/www.salzburgerland.com\/de\/magazin\/wp-json\/wp\/v2\/media?parent=115060"}],"wp:term":[{"taxonomy":"category","embeddable":true,"href":"https:\/\/www.salzburgerland.com\/de\/magazin\/wp-json\/wp\/v2\/categories?post=115060"},{"taxonomy":"post_tag","embeddable":true,"href":"https:\/\/www.salzburgerland.com\/de\/magazin\/wp-json\/wp\/v2\/tags?post=115060"},{"taxonomy":"wl_entity_type","embeddable":true,"href":"https:\/\/www.salzburgerland.com\/de\/magazin\/wp-json\/wp\/v2\/wl_entity_type?post=115060"},{"taxonomy":"monatsauswahl","embeddable":true,"href":"https:\/\/www.salzburgerland.com\/de\/magazin\/wp-json\/wp\/v2\/monatsauswahl?post=115060"}],"curies":[{"name":"wp","href":"https:\/\/api.w.org\/{rel}","templated":true}]}}