{"id":114982,"date":"2020-07-21T08:00:00","date_gmt":"2020-07-21T06:00:00","guid":{"rendered":"https:\/\/www.salzburgerland.com\/de\/magazin\/?p=114982"},"modified":"2026-04-08T10:52:04","modified_gmt":"2026-04-08T08:52:04","slug":"die-kaese-genuss-tour","status":"publish","type":"post","link":"https:\/\/www.salzburgerland.com\/de\/magazin\/die-kaese-genuss-tour\/","title":{"rendered":"Die K\u00e4se-Genuss-Tour"},"content":{"rendered":"\n<h2 class=\"wp-block-slt-subtitle\">Eine kulinarische Radrunde durch den Tennengau<\/h2>\n\n\n\n<p class=\"wp-block-slt-intro\">Radeln im Tennengauer Salzachtal ist immer ein Erlebnis. Vorbei an pl\u00e4tschernden B\u00e4chen, \u00fcber tiefgr\u00fcne Wiesen und Weiden, durch schmucke Ortschaften und im Wind rauschende W\u00e4lder, stellt sich hier sehr schnell entspanntes Urlaubs-Feeling ein. Immer in der N\u00e4he der stolz-flie\u00dfenden Salzach und mit Blick auf die imposanten Gipfel des Tennengebirges l\u00e4sst es sich richtig gut aushalten. F\u00fcr Genussmenschen und solche, die erstklassigen Geschmack in echter, ungek\u00fcnstelter Umgebung zu sch\u00e4tzen wissen, ist die K\u00e4se-Genuss-Tour wie geschaffen. Auf dieser Route lernt man nicht nur die Sch\u00f6nheit und Einzigartigkeit der heimischen Landschaft kennen, man besucht auch einige der besten Alm-K\u00e4sereien, Hofl\u00e4den und Gasth\u00e4user der Region.<\/p>\n\n\n\n<p>Wer sich schon einmal die herrlich w\u00fcrzigen <a href=\"https:\/\/www.tennengau.com\/genuss\/tennengauer-spezialitaeten\/\" target=\"_blank\" rel=\"noreferrer noopener\">K\u00e4se-Spezialit\u00e4ten des Tennengaus<\/a> auf der Zunge zergehen lassen hat, der wei\u00df, dass diese in Geschmack und Qualit\u00e4t mit nichts zu vergleichen sind. Denn Genuss hat in dieser Region seit Generationen einen hohen Stellenwert. Hierf\u00fcr sorgen nicht nur die vielen Gasth\u00f6fe und Restaurants, die ihre G\u00e4ste nach allen Regeln der Kunst zu verw\u00f6hnen wissen, sondern auch die einzigartigen und weit \u00fcber die Grenzen des Landes hinaus bekannten Alm-K\u00e4sereien. Seit vielen Jahrzehnten stellen sie feinsten K\u00e4se aus erstklassiger Bio-Heumilch her und sind Garanten f\u00fcr Geschmack und beste Qualit\u00e4t. Wenn man diesen \u201aGenusspartnern\u2019, allesamt ausgew\u00e4hlte Genuss-Betriebe des Tennengaus, einen Besuch abstatten und vielleicht auch in dem einen oder anderen Gastronomiebetrieb erleben m\u00f6chte, was heimische K\u00f6che aus diesen erstklassigen Produkten zaubern, dann sollte man sich die K\u00e4se-Genuss-Tour auf keinen Fall entgehen lassen.<\/p>\n\n\n\n<h2 class=\"wp-block-heading\" id=\"h-ein-purer-genuss\">Ein purer Genuss<\/h2>\n\n\n\n<p>Auf den vorwiegend ebenen Radwegen durch die Orte Kuchl, Golling, Bad Vigaun und wieder zur\u00fcck nach Kuchl erleben und erfahren Radfahrer alles \u00fcber das Thema K\u00e4se, die qualitativ-hochwertige Herstellung und die unterschiedlichsten heimischen Sorten. An jeder Station entlang des Weges warten K\u00f6stlichkeiten zum Probieren, Genie\u00dfen und nat\u00fcrlich Mit-nach-Hause-nehmen. Als Rundkurs angelegt, kann man an jedem beliebigen Ort in die Tour einsteigen und die Reihenfolge und Anzahl der Besuche bei den Genusspartnern selber bestimmen. Ist man jedoch nicht mit dem eigenen Rad unterwegs und m\u00f6chte sich hochwertige Ausr\u00fcstung ausleihen, dann bietet sich die folgende Reihenfolge von <strong>Kuchl oder Hallein<\/strong> aus startend an.<\/p>\n\n\n\n<h2 class=\"wp-block-heading\" id=\"h-die-naturthek-im-bluhenden-garten\">Die Naturthek im bl\u00fchenden Garten<\/h2>\n\n\n\n<p>Was gibt es Sch\u00f6neres, als am Morgen von einem freundlichen Gesicht begr\u00fc\u00dft zu werden? Bei <a href=\"https:\/\/grundtner.com\/\" target=\"_blank\" rel=\"noreferrer noopener\"><strong>Fahrrad Grundtner<\/strong> <\/a>in der Altstadt von <strong>Hallein oder bei <a href=\"https:\/\/www.radladen.at\/\" target=\"_blank\" rel=\"noreferrer noopener\">Michi\u00b4s Radladen<\/a> in Kuchl<\/strong> f\u00fchlt man sich vom ersten Augenblick an gut aufgehoben und beraten. Denn so wie es auch an der Wand des Fahrradgesch\u00e4fts geschrieben steht, scheint man ein Heilmittel gegen <em>Radlosigkeit<\/em> gefunden zu haben. Hier wartet f\u00fcr jeden der richtige fahrbare Untersatz. Vom Mountainbike f\u00fcr Bergliebhaber, \u00fcber E-Bikes, bis hin zum perfekt gewarteten Leihrad f\u00fcr die vielen K\u00e4se-Genuss-Radler. Ausgestattet mit einem gut sitzenden Helm und noch einem flotten Spruch zum Abschied geht es von hier los Richtung<a href=\"https:\/\/www.bad-vigaun.at\/de\/\" target=\"_blank\" rel=\"noreferrer noopener\"> <strong>Bad Vigaun<\/strong><\/a> und der ersten Station auf der Tour. Weit ist es nicht zur <a href=\"https:\/\/www.facebook.com\/Naturthek-327625760617498\/\" target=\"_blank\" rel=\"noopener noreferrer\"><strong>Naturthek<\/strong><\/a> und so steigt man schon nach wenigen Kilometern wieder aus dem Sattel, um dieses Kleinod inmitten des wunderbar-bl\u00fchenden Gartens zu besuchen. Was <em>Erika Moser<\/em> hier in dem neu aufgebauten 400 Jahre alten Bauernhof aus dem Innviertel gemacht hat, kann man fast nicht beschreiben. Das muss man mit eigenen Augen sehen. Au\u00dfergew\u00f6hnlich \u2013 Schenken \u2013 Genie\u00dfen. Genau darum geht es hier. Seit vielen Jahren besch\u00e4ftigt sie sich mit Produkten aus der Natur und wie man deren hervorragenden Geschmack am besten ins Glas bringt. Marmeladen, Schn\u00e4pse, Lik\u00f6re und Chutneys, die wunderbar zu Tennengauer K\u00e4se schmecken, sind nur einige der liebevoll gestalteten Produkte, die sich auch ideal als Geschenke eignen.<\/p>\n\n\n<div class=\"wp-block-image\">\n<figure class=\"aligncenter size-full\"><img loading=\"lazy\" decoding=\"async\" width=\"1600\" height=\"1200\" src=\"https:\/\/www.salzburgerland.com\/de\/magazin\/wp-content\/uploads\/2017\/05\/Naturthek00002.jpg\" alt=\"Ein rustikales Holzhaus mit bunten Blumen im Garten und einer festlichen Fahne am Eingang.\" class=\"wp-image-114985\" srcset=\"https:\/\/www.salzburgerland.com\/de\/magazin\/wp-content\/uploads\/2017\/05\/Naturthek00002.jpg 1600w, https:\/\/www.salzburgerland.com\/de\/magazin\/wp-content\/uploads\/2017\/05\/Naturthek00002-300x225.jpg 300w, https:\/\/www.salzburgerland.com\/de\/magazin\/wp-content\/uploads\/2017\/05\/Naturthek00002-733x550.jpg 733w, https:\/\/www.salzburgerland.com\/de\/magazin\/wp-content\/uploads\/2017\/05\/Naturthek00002-140x105.jpg 140w, https:\/\/www.salzburgerland.com\/de\/magazin\/wp-content\/uploads\/2017\/05\/Naturthek00002-533x400.jpg 533w, https:\/\/www.salzburgerland.com\/de\/magazin\/wp-content\/uploads\/2017\/05\/Naturthek00002-960x720.jpg 960w, https:\/\/www.salzburgerland.com\/de\/magazin\/wp-content\/uploads\/2017\/05\/Naturthek00002-1320x990.jpg 1320w, https:\/\/www.salzburgerland.com\/de\/magazin\/wp-content\/uploads\/2017\/05\/Naturthek00002-1200x900.jpg 1200w\" sizes=\"auto, (max-width: 1600px) 100vw, 1600px\" \/><\/figure><\/div>\n\n\n<h2 class=\"wp-block-heading\" id=\"h-englhartgut-und-schmiedbauer\">Englhartgut und Schmiedbauer<\/h2>\n\n\n\n<p>Von der <strong>Naturthek<\/strong> geht es weiter durch den Ortskern von <strong>Bad Vigaun<\/strong>. Am Weg kommt man am <strong>Englhartgut<\/strong> vorbei. Das generalsanierte Bauerngut wei\u00df den Charme vergangener Tage mit moderner Architektur zu einem harmonischen und in allen Details aufregenden Ganzen zu verbinden. In den alten Mauern finden nicht nur ein Kochstudio, die Grillakademie und ein Seminarraum Platz, man kann hier auch unvergessliche Hochzeiten feiern. Da das <a href=\"http:\/\/www.englhartgut.at\/\" target=\"_blank\" rel=\"noopener noreferrer\">Englhartgut <\/a>nicht immer ge\u00f6ffnet hat, sollte man sich vor einem Besuch auf der Website informieren.<\/p>\n\n\n<div class=\"wp-block-image\">\n<figure class=\"aligncenter size-full\"><img loading=\"lazy\" decoding=\"async\" width=\"1600\" height=\"1200\" src=\"https:\/\/www.salzburgerland.com\/de\/magazin\/wp-content\/uploads\/2017\/05\/Schmidbauer00004.jpg\" alt=\"Verschiedene K\u00e4sescheiben und -bl\u00f6cke in einem K\u00fchlregal f\u00fcr Feinkost.\" class=\"wp-image-114986\" srcset=\"https:\/\/www.salzburgerland.com\/de\/magazin\/wp-content\/uploads\/2017\/05\/Schmidbauer00004.jpg 1600w, https:\/\/www.salzburgerland.com\/de\/magazin\/wp-content\/uploads\/2017\/05\/Schmidbauer00004-300x225.jpg 300w, https:\/\/www.salzburgerland.com\/de\/magazin\/wp-content\/uploads\/2017\/05\/Schmidbauer00004-733x550.jpg 733w, https:\/\/www.salzburgerland.com\/de\/magazin\/wp-content\/uploads\/2017\/05\/Schmidbauer00004-140x105.jpg 140w, https:\/\/www.salzburgerland.com\/de\/magazin\/wp-content\/uploads\/2017\/05\/Schmidbauer00004-533x400.jpg 533w, https:\/\/www.salzburgerland.com\/de\/magazin\/wp-content\/uploads\/2017\/05\/Schmidbauer00004-960x720.jpg 960w, https:\/\/www.salzburgerland.com\/de\/magazin\/wp-content\/uploads\/2017\/05\/Schmidbauer00004-1320x990.jpg 1320w, https:\/\/www.salzburgerland.com\/de\/magazin\/wp-content\/uploads\/2017\/05\/Schmidbauer00004-1200x900.jpg 1200w\" sizes=\"auto, (max-width: 1600px) 100vw, 1600px\" \/><\/figure><\/div>\n\n\n<p>Etwas au\u00dferhalb von <strong>Bad Vigaun<\/strong> liegt der<a href=\"http:\/\/www.schmiedbauer-kas.at\/\" target=\"_blank\" rel=\"noopener noreferrer\"> <strong>Schmiedbauer<\/strong><\/a> im h\u00fcbschen Ortsteil <strong>St. Margarethen.<\/strong> Im eigenen K\u00e4sst\u00fcberl mit Verkaufstheke und einigen gem\u00fctlichen Tischen warten am Hof erzeugte K\u00e4se-Spezialit\u00e4ten darauf, verkostet und genossen zu werden. Auch Topfen, Jogurt und selbstgemachte Bauernbutter geh\u00f6ren zu den Produkten, mit denen die beiden Diplom-K\u00e4sesommeliers <em>Gertraud und Josef Oberascher<\/em> ihre G\u00e4ste in der liebevoll gestalteten Almh\u00fctte verw\u00f6hnen.<\/p>\n\n\n\n<h2 class=\"wp-block-heading\" id=\"h-gutes-vom-potzelsberger\">Gutes vom P\u00f6tzelsberger<\/h2>\n\n\n\n<p>Etwas bergauf, vorbei an einzelnen Bauernh\u00f6fen und durch angenehm-schattige W\u00e4lder, verl\u00e4uft der Weg zur <a href=\"http:\/\/www.biokas.at\/\" target=\"_blank\" rel=\"noopener noreferrer\"><strong>Dorfk\u00e4serei P\u00f6tzelsberger<\/strong><\/a> in <strong>Waidach<\/strong>. Auf den abgelegenen Stra\u00dfen mit kaum Verkehr macht Radfahren so richtig Spa\u00df. Aus bester Heumilch der Adneter Bauern wird hier seit vielen Generationen hervorragender K\u00e4se hergestellt, der sich \u00fcber die Grenzen \u00d6sterreichs hinaus einen Namen gemacht hat. Die Leidenschaft f\u00fcr Hof und Werk und die mit Stolz im eigenen Laden pr\u00e4sentierten Produkte schmeckt man mit jedem Bissen. Freundlich wird man hier von <em>Franz und Annemarie P\u00f6tzelsberger<\/em> in ihrem Kaslad\u2019l, in dem neben K\u00e4se auch eigener Speck, W\u00fcrste und Kaspresskn\u00f6del angeboten werden, begr\u00fc\u00dft und mit Freude beraten. Die man ob der gro\u00dfen Auswahl auch gerne annimmt. Die Spezialit\u00e4t des Hauses, der \u201aBauernpfeffer\u2019, ein von Hand gesch\u00f6pfter Schnittk\u00e4se, sollte man sich unter keinen Umst\u00e4nden entgehen lassen.<\/p>\n\n\n<div class=\"wp-block-image\">\n<figure class=\"aligncenter size-full\"><img loading=\"lazy\" decoding=\"async\" width=\"1600\" height=\"1200\" src=\"https:\/\/www.salzburgerland.com\/de\/magazin\/wp-content\/uploads\/2017\/05\/Potzelsberger.jpg\" alt=\"Ein l\u00e4chelnder B\u00e4cker in wei\u00dfer Uniform steht neben einem gelben Geb\u00e4ude mit \u00fcppigen Blumen und Gr\u00fcnpflanzen.\" class=\"wp-image-114987\" srcset=\"https:\/\/www.salzburgerland.com\/de\/magazin\/wp-content\/uploads\/2017\/05\/Potzelsberger.jpg 1600w, https:\/\/www.salzburgerland.com\/de\/magazin\/wp-content\/uploads\/2017\/05\/Potzelsberger-300x225.jpg 300w, https:\/\/www.salzburgerland.com\/de\/magazin\/wp-content\/uploads\/2017\/05\/Potzelsberger-733x550.jpg 733w, https:\/\/www.salzburgerland.com\/de\/magazin\/wp-content\/uploads\/2017\/05\/Potzelsberger-140x105.jpg 140w, https:\/\/www.salzburgerland.com\/de\/magazin\/wp-content\/uploads\/2017\/05\/Potzelsberger-533x400.jpg 533w, https:\/\/www.salzburgerland.com\/de\/magazin\/wp-content\/uploads\/2017\/05\/Potzelsberger-960x720.jpg 960w, https:\/\/www.salzburgerland.com\/de\/magazin\/wp-content\/uploads\/2017\/05\/Potzelsberger-1320x990.jpg 1320w, https:\/\/www.salzburgerland.com\/de\/magazin\/wp-content\/uploads\/2017\/05\/Potzelsberger-1200x900.jpg 1200w\" sizes=\"auto, (max-width: 1600px) 100vw, 1600px\" \/><\/figure><\/div>\n\n\n<p>Zur\u00fcck auf dem Sattel, macht sich zum ersten Mal der Hunger bemerkbar. Auch wenn man am Weg immer wieder Kostproben bekommt, so sehnt man sich dann doch nach einem gschmackigen Mittagessen. Wie gut, dass in <strong>Bad Vigaun<\/strong> und ebenfalls auf der K\u00e4se-Genuss-Tour der<a href=\"https:\/\/www.langwies.at\/de\/wirtshaus\" target=\"_blank\" rel=\"noreferrer noopener\"> <strong>Wirtshaus Langwies<\/strong><\/a> auf die hungrigen Radler wartet. Das mit viel Liebe gef\u00fchrte Haus punktet mit hervorragenden Speisen aus der \u00f6sterreichischen K\u00fcche, die aus heimischen Produkten zu kulinarischen K\u00f6stlichkeiten zubereitet werden.<\/p>\n\n\n\n<h2 class=\"wp-block-heading\" id=\"h-furstenhof-und-dollerer\">F\u00fcrstenhof und D\u00f6llerer<\/h2>\n\n\n\n<p>Gest\u00e4rkt und mit der rauschenden Salzach im Blick, geht es nun auf eine der l\u00e4ngeren Etappen. Durch <a href=\"https:\/\/www.tennengau.com\/region\/kuchl\/\" target=\"_blank\" rel=\"noreferrer noopener\"><strong>Kuchl<\/strong> <\/a>verl\u00e4uft der Radweg \u00fcber tiefgr\u00fcne Wiesen, entlang saftiger Kuhweiden und immer wieder vorbei an h\u00fcbschen B\u00e4chen. Kurz vor <strong>Golling<\/strong> verl\u00e4sst man den Weg, biegt links ab und erreicht nach wenigen Minuten die Idylle des <a href=\"http:\/\/www.fuerstenhof.co.at\/\" target=\"_blank\" rel=\"noopener noreferrer\"><strong>F\u00fcrstenhofs<\/strong><\/a>. Grasende K\u00fche auf den weitl\u00e4ufigen Weiden, kleine Kaninchen, die von Kindern gestreichelt werden, und Ziegen, die in der Sonne ein Schl\u00e4fchen halten, hei\u00dfen die Radler im Reich von <em>Niki Rettenbacher <\/em>herzlich willkommen. Seit jeher schw\u00f6rt der F\u00fcrstenhofbauer auf den reinen Geschmack der besonders gehaltvollen Bio-Rohmilch seiner Jersey-K\u00fche und den nachhaltigen Umgang mit Natur und jedem Lebewesen am Hof. Viele Auszeichnungen, feinster K\u00e4se und das anhaltende Interesse an seinem Hof, geben ihm Recht. Im eigenen Laden kann man aus dem Vollen sch\u00f6pfen, unterschiedlichste K\u00e4sesorten kosten und mit nach Hause nehmen. All jene, die gerne einmal selbst Hand anlegen m\u00f6chten, k\u00f6nnen t\u00e4glich K\u00e4se unter fachkundiger Anleitung erzeugen. Ein unvergessliches Erlebnis, das den Blick auf das wertvolle Produkt nachhaltig ver\u00e4ndern wird.<\/p>\n\n\n<div class=\"mag-gallery\"><div class=\"row\"><div class=\"col-6 col-sm-4\"><figure><a class=\"thumb-container\" href=\"https:\/\/www.salzburgerland.com\/de\/magazin\/wp-content\/uploads\/2017\/05\/Furstenhof00011-1280x1024.jpg\">\t<picture><source media=\"(min-width: 576px)\" srcset=\"https:\/\/www.salzburgerland.com\/de\/magazin\/wp-content\/uploads\/2017\/05\/Furstenhof00011-325x209.jpg 325w, https:\/\/www.salzburgerland.com\/de\/magazin\/wp-content\/uploads\/2017\/05\/Furstenhof00011-249x160.jpg 249w\"><\/source><source media=\"(min-width: 0)\" srcset=\"https:\/\/www.salzburgerland.com\/de\/magazin\/wp-content\/uploads\/2017\/05\/Furstenhof00011-249x160.jpg 249w, https:\/\/www.salzburgerland.com\/de\/magazin\/wp-content\/uploads\/2017\/05\/Furstenhof00011-325x209.jpg 325w\"><\/source><img decoding=\"async\" alt=\"Ein Fahrrad mit Helm lehnt vor einem rustikalen Haus mit gr&uuml;nen, dekorativen Holzt&uuml;ren und -fenstern.\" src=\"https:\/\/www.salzburgerland.com\/de\/magazin\/wp-content\/uploads\/2017\/05\/Furstenhof00011.jpg\">\t<\/picture><\/a><\/figure><\/div><div class=\"col-6 col-sm-4\"><figure><a class=\"thumb-container\" href=\"https:\/\/www.salzburgerland.com\/de\/magazin\/wp-content\/uploads\/2017\/05\/Furstenhof00008-1280x1024.jpg\">\t<picture><source media=\"(min-width: 576px)\" srcset=\"https:\/\/www.salzburgerland.com\/de\/magazin\/wp-content\/uploads\/2017\/05\/Furstenhof00008-325x209.jpg 325w, https:\/\/www.salzburgerland.com\/de\/magazin\/wp-content\/uploads\/2017\/05\/Furstenhof00008-249x160.jpg 249w\"><\/source><source media=\"(min-width: 0)\" srcset=\"https:\/\/www.salzburgerland.com\/de\/magazin\/wp-content\/uploads\/2017\/05\/Furstenhof00008-249x160.jpg 249w, https:\/\/www.salzburgerland.com\/de\/magazin\/wp-content\/uploads\/2017\/05\/Furstenhof00008-325x209.jpg 325w\"><\/source><img decoding=\"async\" alt=\"K&auml;sebl&ouml;cke stapeln sich in einer Holzauslage in einem Gesch&auml;ft, einige sind in Plastik eingewickelt.\" src=\"https:\/\/www.salzburgerland.com\/de\/magazin\/wp-content\/uploads\/2017\/05\/Furstenhof00008.jpg\">\t<\/picture><\/a><\/figure><\/div><div class=\"col-6 col-sm-4\"><figure><a class=\"thumb-container\" href=\"https:\/\/www.salzburgerland.com\/de\/magazin\/wp-content\/uploads\/2017\/05\/Furstenhof-1280x1024.jpg\">\t<picture><source media=\"(min-width: 576px)\" srcset=\"https:\/\/www.salzburgerland.com\/de\/magazin\/wp-content\/uploads\/2017\/05\/Furstenhof-325x209.jpg 325w, https:\/\/www.salzburgerland.com\/de\/magazin\/wp-content\/uploads\/2017\/05\/Furstenhof-249x160.jpg 249w\"><\/source><source media=\"(min-width: 0)\" srcset=\"https:\/\/www.salzburgerland.com\/de\/magazin\/wp-content\/uploads\/2017\/05\/Furstenhof-249x160.jpg 249w, https:\/\/www.salzburgerland.com\/de\/magazin\/wp-content\/uploads\/2017\/05\/Furstenhof-325x209.jpg 325w\"><\/source><img decoding=\"async\" alt=\"Leuchtend rote Hagebutten, die zwischen gr&uuml;nen Bl&auml;ttern im Sonnenlicht wachsen.\" src=\"https:\/\/www.salzburgerland.com\/de\/magazin\/wp-content\/uploads\/2017\/05\/Furstenhof.jpg\">\t<\/picture><\/a><\/figure><\/div><\/div><figcaption><\/figcaption><\/div>\n\n\n\n<p>Nachdem man sich schweren Herzens wieder vom <strong>F\u00fcrstenhof<\/strong> verabschiedet hat, erreicht man nach kurzer Fahrt <a href=\"https:\/\/www.tennengau.com\/region\/golling\/\" target=\"_blank\" rel=\"noreferrer noopener\"><strong>Golling<\/strong> <\/a>mit seinem stattlichen Marktplatz. Am ersten Haus am Platz, den <a href=\"https:\/\/www.doellerer.at\" target=\"_blank\" rel=\"noreferrer noopener\"><strong>D\u00f6llerer\u2019s Genusswelten<\/strong><\/a>, sollte man nicht vorbei, ohne zumindest auf einen Kaffee und guten hausgemachten Kuchen eingekehrt zu sein. Genuss wird hier in all seinen Facetten gelebt und an die G\u00e4ste weitergegeben. Ein kulinarisches Erlebnis f\u00fcr alle Sinne.<\/p>\n\n\n<div class=\"wp-block-image\">\n<figure class=\"aligncenter size-full\"><img loading=\"lazy\" decoding=\"async\" width=\"1600\" height=\"1200\" src=\"https:\/\/www.salzburgerland.com\/de\/magazin\/wp-content\/uploads\/2017\/05\/Dollerers-Genusswelten00001.jpg\" alt=\"Ein Hotel mit roten Fensterl\u00e4den und Blumenk\u00e4sten an den Fenstern unter einem strahlend blauen Himmel.\" class=\"wp-image-114991\" srcset=\"https:\/\/www.salzburgerland.com\/de\/magazin\/wp-content\/uploads\/2017\/05\/Dollerers-Genusswelten00001.jpg 1600w, https:\/\/www.salzburgerland.com\/de\/magazin\/wp-content\/uploads\/2017\/05\/Dollerers-Genusswelten00001-300x225.jpg 300w, https:\/\/www.salzburgerland.com\/de\/magazin\/wp-content\/uploads\/2017\/05\/Dollerers-Genusswelten00001-733x550.jpg 733w, https:\/\/www.salzburgerland.com\/de\/magazin\/wp-content\/uploads\/2017\/05\/Dollerers-Genusswelten00001-140x105.jpg 140w, https:\/\/www.salzburgerland.com\/de\/magazin\/wp-content\/uploads\/2017\/05\/Dollerers-Genusswelten00001-533x400.jpg 533w, https:\/\/www.salzburgerland.com\/de\/magazin\/wp-content\/uploads\/2017\/05\/Dollerers-Genusswelten00001-960x720.jpg 960w, https:\/\/www.salzburgerland.com\/de\/magazin\/wp-content\/uploads\/2017\/05\/Dollerers-Genusswelten00001-1320x990.jpg 1320w, https:\/\/www.salzburgerland.com\/de\/magazin\/wp-content\/uploads\/2017\/05\/Dollerers-Genusswelten00001-1200x900.jpg 1200w\" sizes=\"auto, (max-width: 1600px) 100vw, 1600px\" \/><\/figure><\/div>\n\n\n<h2 class=\"wp-block-heading\" id=\"h-salzburger-gastlichkeit-beim-jadorferwirt\">Salzburger Gastlichkeit beim Jadorferwirt<\/h2>\n\n\n\n<p>Nach der Ortsausfahrt von <strong>Golling<\/strong> verl\u00e4uft die K\u00e4se-Genuss-Tour wieder zur\u00fcck Richtung Norden. \u00dcber <strong>Strubau <\/strong>und <strong>Georgenberg<\/strong> radelt man entlang sanfter H\u00fcgel und \u00fcber kaum befahrene Stra\u00dfen. Immer wieder kann man dem bunten Treiben auf den Bauernh\u00f6fen zusehen, bevor man wieder \u00fcber Wiesen und Felder dahingleitet. <strong>Zwischen Kuchl und Bad Vigaun<\/strong> biegt man noch einmal links ab, um dem <a href=\"http:\/\/www.jadorferwirt.at\/\" target=\"_blank\" rel=\"noopener noreferrer\"><strong>Jadorferwirt <\/strong><\/a>einen Besuch abzustatten. W\u00e4hlt man diese Reihenfolge der Rundfahrt, so eignet sich das Gasthaus ideal, um den herrlichen Tag mit einem typischen Salzburger Abendessen mit imposantem Blick auf den Hohen G\u00f6ll w\u00fcrdig abzuschlie\u00dfen.<\/p>\n\n\n<div class=\"wp-block-image\">\n<figure class=\"aligncenter size-full\"><img loading=\"lazy\" decoding=\"async\" width=\"1600\" height=\"1200\" src=\"https:\/\/www.salzburgerland.com\/de\/magazin\/wp-content\/uploads\/2017\/05\/Jadorferwirt.jpg\" alt=\"Charmantes Geb\u00e4ude im alpinen Stil mit gr\u00fcnen Fensterl\u00e4den, Blumenk\u00e4sten und Sitzgelegenheiten im Freien unter einem Baum.\" class=\"wp-image-114992\" srcset=\"https:\/\/www.salzburgerland.com\/de\/magazin\/wp-content\/uploads\/2017\/05\/Jadorferwirt.jpg 1600w, https:\/\/www.salzburgerland.com\/de\/magazin\/wp-content\/uploads\/2017\/05\/Jadorferwirt-300x225.jpg 300w, https:\/\/www.salzburgerland.com\/de\/magazin\/wp-content\/uploads\/2017\/05\/Jadorferwirt-733x550.jpg 733w, https:\/\/www.salzburgerland.com\/de\/magazin\/wp-content\/uploads\/2017\/05\/Jadorferwirt-140x105.jpg 140w, https:\/\/www.salzburgerland.com\/de\/magazin\/wp-content\/uploads\/2017\/05\/Jadorferwirt-533x400.jpg 533w, https:\/\/www.salzburgerland.com\/de\/magazin\/wp-content\/uploads\/2017\/05\/Jadorferwirt-960x720.jpg 960w, https:\/\/www.salzburgerland.com\/de\/magazin\/wp-content\/uploads\/2017\/05\/Jadorferwirt-1320x990.jpg 1320w, https:\/\/www.salzburgerland.com\/de\/magazin\/wp-content\/uploads\/2017\/05\/Jadorferwirt-1200x900.jpg 1200w\" sizes=\"auto, (max-width: 1600px) 100vw, 1600px\" \/><\/figure><\/div>\n\n\n<p>Die <strong>K\u00e4se-Genuss-Tour<\/strong> durch das Tennengauer Salzachtal ist wahrlich ein Erlebnis f\u00fcr alle Sinne. Hier f\u00fchlen sich nicht nur K\u00e4se-Liebhaber angekommen, sondern all jene, die auch beim Radfahren nicht auf den Genuss verzichten m\u00f6chten. Und dieser begegnet einem auf dieser idyllischen Radtour in vielf\u00e4ltigster Weise und an den unterschiedlichsten Orten.<\/p>\n\n\n\n<p>Weitere Infos findet man auf der Seite des <a href=\"https:\/\/www.tennengau.com\" target=\"_blank\" rel=\"noopener noreferrer\">Tennengau Tourismusverbands<\/a>.<\/p>\n\n\n\n<p>\u00a9alle Bilder: Peter Zeitlhofer-Tennengau Tourismus au\u00dfer \u00a9Titelbild: Helge Kirchberger-SalzburgerLand Tourismus<\/p>\n","protected":false},"excerpt":{"rendered":"<p>Wer sich schon einmal die herrlich w\u00fcrzigen K\u00e4se-Spezialit\u00e4ten des Tennengaus auf der Zunge zergehen lassen hat, der wei\u00df, dass diese in Geschmack und Qualit\u00e4t mit nichts zu vergleichen sind. Denn Genuss hat in dieser Region seit Generationen einen hohen Stellenwert. Hierf\u00fcr sorgen nicht nur die vielen Gasth\u00f6fe und Restaurants, die ihre G\u00e4ste nach allen Regeln [&hellip;]<\/p>\n","protected":false},"author":505,"featured_media":114994,"comment_status":"open","ping_status":"open","sticky":false,"template":"","format":"standard","meta":{"_acf_changed":false,"wl_entities_gutenberg":"","_wl_entity_redirect_enabled":"","footnotes":""},"categories":[3],"tags":[],"wl_entity_type":[306],"monatsauswahl":[85,86,87,88,89,90,91],"class_list":["post-114982","post","type-post","status-publish","format-standard","has-post-thumbnail","hentry","category-essen-trinken","wl_entity_type-article","monatsauswahl-monat_4","monatsauswahl-monat_5","monatsauswahl-monat_6","monatsauswahl-monat_7","monatsauswahl-monat_8","monatsauswahl-monat_9","monatsauswahl-monat_10"],"acf":[],"yoast_head":"<!-- This site is optimized with the Yoast SEO Premium plugin v27.4 (Yoast SEO v27.4) - https:\/\/yoast.com\/product\/yoast-seo-premium-wordpress\/ -->\n<title>Die K\u00e4se-Genuss-Tour - SalzburgerLand Magazin<\/title>\n<meta name=\"description\" content=\"Radeln im Tennengauer Salzachtal ist immer ein Erlebnis. Vorbei an pl\u00e4tschernden B\u00e4chen, \u00fcber tiefgr\u00fcne Wiesen und Weiden, durch schmucke Ortschaften und im Wind rauschende W\u00e4lder, stellt sich hier sehr schnell entspanntes Urlaubs-Feeling ein. Immer in der N\u00e4he der stolz-flie\u00dfenden Salzach und mit Blick auf die imposanten Gipfel des Tennengebirges l\u00e4sst es sich richtig gut aushalten. F\u00fcr Genussmenschen und solche, die erstklassigen Geschmack in echter, ungek\u00fcnstelter Umgebung zu sch\u00e4tzen wissen, ist die K\u00e4se-Genuss-Tour wie geschaffen. Auf dieser Route lernt man nicht nur die Sch\u00f6nheit und Einzigartigkeit der heimischen Landschaft kennen, man besucht auch einige der besten Alm-K\u00e4sereien, Hofl\u00e4den und Gasth\u00e4user der Region.\" \/>\n<meta name=\"robots\" content=\"index, follow, max-snippet:-1, max-image-preview:large, max-video-preview:-1\" \/>\n<link rel=\"canonical\" href=\"https:\/\/www.salzburgerland.com\/de\/magazin\/die-kaese-genuss-tour\/\" \/>\n<meta property=\"og:locale\" content=\"de_DE\" \/>\n<meta property=\"og:type\" content=\"article\" \/>\n<meta property=\"og:title\" content=\"Die K\u00e4se-Genuss-Tour\" \/>\n<meta property=\"og:description\" content=\"Wer sich schon einmal die herrlich w\u00fcrzigen K\u00e4se-Spezialit\u00e4ten des Tennengaus auf der Zunge zergehen lassen hat, der wei\u00df, dass diese in Geschmack und Qualit\u00e4t mit nichts zu vergleichen sind. Denn Genuss hat in dieser Region seit Generationen einen hohen Stellenwert. Hierf\u00fcr sorgen nicht nur die vielen Gasth\u00f6fe und Restaurants, die ihre G\u00e4ste nach allen Regeln [&hellip;]\" \/>\n<meta property=\"og:url\" content=\"https:\/\/www.salzburgerland.com\/de\/magazin\/die-kaese-genuss-tour\/\" \/>\n<meta property=\"og:site_name\" content=\"SalzburgerLand Magazin\" \/>\n<meta property=\"article:publisher\" content=\"https:\/\/www.facebook.com\/salzburgerland\/\" \/>\n<meta property=\"article:published_time\" content=\"2020-07-21T06:00:00+00:00\" \/>\n<meta property=\"article:modified_time\" content=\"2026-04-08T08:52:04+00:00\" \/>\n<meta property=\"og:image\" content=\"https:\/\/www.salzburgerland.com\/de\/magazin\/wp-content\/uploads\/2017\/05\/RS1439_Kaese_Brot_Produkt_015.jpg\" \/>\n\t<meta property=\"og:image:width\" content=\"1600\" \/>\n\t<meta property=\"og:image:height\" content=\"1067\" \/>\n\t<meta property=\"og:image:type\" content=\"image\/jpeg\" \/>\n<meta name=\"author\" content=\"Peter Zeitlhofer\" \/>\n<meta name=\"twitter:card\" content=\"summary_large_image\" \/>\n<meta name=\"twitter:creator\" content=\"@Salzburgerland\" \/>\n<meta name=\"twitter:site\" content=\"@Salzburgerland\" \/>\n<meta name=\"twitter:label1\" content=\"Verfasst von\" \/>\n\t<meta name=\"twitter:data1\" content=\"Peter Zeitlhofer\" \/>\n\t<meta name=\"twitter:label2\" content=\"Gesch\u00e4tzte Lesezeit\" \/>\n\t<meta name=\"twitter:data2\" content=\"10\u00a0Minuten\" \/>\n<script type=\"application\/ld+json\" class=\"yoast-schema-graph\">{\"@context\":\"https:\\\/\\\/schema.org\",\"@graph\":[{\"@type\":\"Article\",\"@id\":\"https:\\\/\\\/www.salzburgerland.com\\\/de\\\/magazin\\\/die-kaese-genuss-tour\\\/#article\",\"isPartOf\":{\"@id\":\"https:\\\/\\\/www.salzburgerland.com\\\/de\\\/magazin\\\/die-kaese-genuss-tour\\\/\"},\"author\":{\"name\":\"Peter Zeitlhofer\",\"@id\":\"https:\\\/\\\/www.salzburgerland.com\\\/de\\\/magazin\\\/#\\\/schema\\\/person\\\/ebd2c9f244aeea71e30f3b5d5e309de4\"},\"headline\":\"Die K\u00e4se-Genuss-Tour\",\"datePublished\":\"2020-07-21T06:00:00+00:00\",\"dateModified\":\"2026-04-08T08:52:04+00:00\",\"mainEntityOfPage\":{\"@id\":\"https:\\\/\\\/www.salzburgerland.com\\\/de\\\/magazin\\\/die-kaese-genuss-tour\\\/\"},\"wordCount\":1471,\"commentCount\":0,\"publisher\":{\"@id\":\"https:\\\/\\\/www.salzburgerland.com\\\/de\\\/magazin\\\/#organization\"},\"image\":{\"@id\":\"https:\\\/\\\/www.salzburgerland.com\\\/de\\\/magazin\\\/die-kaese-genuss-tour\\\/#primaryimage\"},\"thumbnailUrl\":\"https:\\\/\\\/www.salzburgerland.com\\\/de\\\/magazin\\\/wp-content\\\/uploads\\\/2017\\\/05\\\/RS1439_Kaese_Brot_Produkt_015.jpg\",\"articleSection\":[\"Essen &amp; Trinken\"],\"inLanguage\":\"de\",\"potentialAction\":[{\"@type\":\"CommentAction\",\"name\":\"Comment\",\"target\":[\"https:\\\/\\\/www.salzburgerland.com\\\/de\\\/magazin\\\/die-kaese-genuss-tour\\\/#respond\"]}]},{\"@type\":\"WebPage\",\"@id\":\"https:\\\/\\\/www.salzburgerland.com\\\/de\\\/magazin\\\/die-kaese-genuss-tour\\\/\",\"url\":\"https:\\\/\\\/www.salzburgerland.com\\\/de\\\/magazin\\\/die-kaese-genuss-tour\\\/\",\"name\":\"Die K\u00e4se-Genuss-Tour - SalzburgerLand Magazin\",\"isPartOf\":{\"@id\":\"https:\\\/\\\/www.salzburgerland.com\\\/de\\\/magazin\\\/#website\"},\"primaryImageOfPage\":{\"@id\":\"https:\\\/\\\/www.salzburgerland.com\\\/de\\\/magazin\\\/die-kaese-genuss-tour\\\/#primaryimage\"},\"image\":{\"@id\":\"https:\\\/\\\/www.salzburgerland.com\\\/de\\\/magazin\\\/die-kaese-genuss-tour\\\/#primaryimage\"},\"thumbnailUrl\":\"https:\\\/\\\/www.salzburgerland.com\\\/de\\\/magazin\\\/wp-content\\\/uploads\\\/2017\\\/05\\\/RS1439_Kaese_Brot_Produkt_015.jpg\",\"datePublished\":\"2020-07-21T06:00:00+00:00\",\"dateModified\":\"2026-04-08T08:52:04+00:00\",\"breadcrumb\":{\"@id\":\"https:\\\/\\\/www.salzburgerland.com\\\/de\\\/magazin\\\/die-kaese-genuss-tour\\\/#breadcrumb\"},\"inLanguage\":\"de\",\"potentialAction\":[{\"@type\":\"ReadAction\",\"target\":[\"https:\\\/\\\/www.salzburgerland.com\\\/de\\\/magazin\\\/die-kaese-genuss-tour\\\/\"]}]},{\"@type\":\"ImageObject\",\"inLanguage\":\"de\",\"@id\":\"https:\\\/\\\/www.salzburgerland.com\\\/de\\\/magazin\\\/die-kaese-genuss-tour\\\/#primaryimage\",\"url\":\"https:\\\/\\\/www.salzburgerland.com\\\/de\\\/magazin\\\/wp-content\\\/uploads\\\/2017\\\/05\\\/RS1439_Kaese_Brot_Produkt_015.jpg\",\"contentUrl\":\"https:\\\/\\\/www.salzburgerland.com\\\/de\\\/magazin\\\/wp-content\\\/uploads\\\/2017\\\/05\\\/RS1439_Kaese_Brot_Produkt_015.jpg\",\"width\":1600,\"height\":1067,\"caption\":\"Ein Holzbrett mit verschiedenen K\u00e4sesorten, Roggenbrotscheiben und einem Messer mit Kr\u00e4uteraufstrich auf einem Holztisch.\"},{\"@type\":\"BreadcrumbList\",\"@id\":\"https:\\\/\\\/www.salzburgerland.com\\\/de\\\/magazin\\\/die-kaese-genuss-tour\\\/#breadcrumb\",\"itemListElement\":[{\"@type\":\"ListItem\",\"position\":1,\"name\":\"Startseite\",\"item\":\"https:\\\/\\\/www.salzburgerland.com\\\/de\\\/magazin\\\/\"},{\"@type\":\"ListItem\",\"position\":2,\"name\":\"Essen &amp; Trinken\",\"item\":\"https:\\\/\\\/www.salzburgerland.com\\\/de\\\/magazin\\\/thema\\\/essen-trinken\\\/\"},{\"@type\":\"ListItem\",\"position\":3,\"name\":\"Die K\u00e4se-Genuss-Tour\"}]},{\"@type\":\"WebSite\",\"@id\":\"https:\\\/\\\/www.salzburgerland.com\\\/de\\\/magazin\\\/#website\",\"url\":\"https:\\\/\\\/www.salzburgerland.com\\\/de\\\/magazin\\\/\",\"name\":\"SalzburgerLand Magazin\",\"description\":\"Geschichten und Interessantes aus dem SalzburgerLand\",\"publisher\":{\"@id\":\"https:\\\/\\\/www.salzburgerland.com\\\/de\\\/magazin\\\/#organization\"},\"potentialAction\":[{\"@type\":\"SearchAction\",\"target\":{\"@type\":\"EntryPoint\",\"urlTemplate\":\"https:\\\/\\\/www.salzburgerland.com\\\/de\\\/magazin\\\/?s={search_term_string}\"},\"query-input\":{\"@type\":\"PropertyValueSpecification\",\"valueRequired\":true,\"valueName\":\"search_term_string\"}}],\"inLanguage\":\"de\"},{\"@type\":\"Organization\",\"@id\":\"https:\\\/\\\/www.salzburgerland.com\\\/de\\\/magazin\\\/#organization\",\"name\":\"SalzburgerLand Tourismus\",\"url\":\"https:\\\/\\\/www.salzburgerland.com\\\/de\\\/magazin\\\/\",\"logo\":{\"@type\":\"ImageObject\",\"inLanguage\":\"de\",\"@id\":\"https:\\\/\\\/www.salzburgerland.com\\\/de\\\/magazin\\\/#\\\/schema\\\/logo\\\/image\\\/\",\"url\":\"https:\\\/\\\/www.salzburgerland.com\\\/de\\\/magazin\\\/wp-content\\\/uploads\\\/2019\\\/06\\\/salzburgerland-logo1.jpg\",\"contentUrl\":\"https:\\\/\\\/www.salzburgerland.com\\\/de\\\/magazin\\\/wp-content\\\/uploads\\\/2019\\\/06\\\/salzburgerland-logo1.jpg\",\"width\":2011,\"height\":866,\"caption\":\"SalzburgerLand Tourismus\"},\"image\":{\"@id\":\"https:\\\/\\\/www.salzburgerland.com\\\/de\\\/magazin\\\/#\\\/schema\\\/logo\\\/image\\\/\"},\"sameAs\":[\"https:\\\/\\\/www.facebook.com\\\/salzburgerland\\\/\",\"https:\\\/\\\/x.com\\\/Salzburgerland\",\"https:\\\/\\\/www.instagram.com\\\/salzburgerland\\\/\",\"https:\\\/\\\/at.linkedin.com\\\/company\\\/salzburgerland-tourismus-gmbh\",\"https:\\\/\\\/www.pinterest.at\\\/salzburgerland\\\/\",\"https:\\\/\\\/www.youtube.com\\\/user\\\/salzburgerland\",\"https:\\\/\\\/de.wikipedia.org\\\/wiki\\\/SalzburgerLand_Tourismus_GmbH\"]},{\"@type\":\"Person\",\"@id\":\"https:\\\/\\\/www.salzburgerland.com\\\/de\\\/magazin\\\/#\\\/schema\\\/person\\\/ebd2c9f244aeea71e30f3b5d5e309de4\",\"name\":\"Peter Zeitlhofer\",\"description\":\"'Von Neugier getrieben' - diese Worte kommen Peter Zeitlhofer wohl schon ziemlich nahe. Egal ob am Segelboot, im Tiefschnee, unterwegs in Stadt und Land, oder auf einer seinen vielen Reisen - er ist immer auf der Suche nach Neuem, nach dem Besonderen, probiert so ziemlich alles aus und liebt es, dar\u00fcber zu reden und zu berichten. Womit man auch schon fast bei seiner zweiten Leidenschaft w\u00e4re - dem Schreiben. Immer und \u00fcberall ausgestattet\u00a0mit seinem Notebook, hat der Salzburger, mit Wurzeln am Attersee, sein Office\u00a0im wahrsten Sinne des Wortes unterm Arm und k\u00f6nnte sich nichts besseres vorstellen, als die Geschichten dort zu erz\u00e4hlen, wo sie passieren. Fr\u00fchling, Sommer, Herbst oder Winter? Als Mensch der Extreme, mag ich auch bei den Jahreszeiten den Sommer und den Winter am liebsten. Obwohl nat\u00fcrlich auch der Fr\u00fchling seine Reize hat. Aber der Herbst? Rindsroulade vom Pinzgauer Biorind oder Saibling fangfrisch aus dem Fuschlsee? Immer diese Entscheidungen! Kann ich auch beides haben? Mundharmonika oder Stradivari? Weder noch - als Gitarrist k\u00f6nnte ich mit beiden Instrumenten nichts anfangen. Lederhose oder Smoking? Eindeutig Lederhose, die bei mir mittlerweile sogar den Einzug in den sommerlichen Alltag gefunden hat. Und der LederhosnDonnerstag ist \u00a0ohnehin Pflicht. Alpinski, Offpist oder Skitour? Hauptsache rauf auf den Berg! Was dann tats\u00e4chlich auf dem Programm steht ist zweitrangig. Nur so viel: wenn der Schnee passt, dann h\u00e4lt mich nichts oder niemand auf der Piste. Bergtour oder Seentour? F\u00fcr mich gibt es im Sommer nichts Sch\u00f6neres, als mit dem Segelboot auf unseren herrlichen Seen unterwegs zu sein. Also wenn ich die Wahl habe, dann nehme ich im Sommer die Berge h\u00f6chstens als Kulisse. Haubenlokal oder Ab-Hof-Laden? Auch hier nehme ich von beidem ein bisschen. Aber bei der Oma schmeckt's dann doch am besten.\",\"url\":\"https:\\\/\\\/www.salzburgerland.com\\\/de\\\/magazin\\\/author\\\/peter-zeitlhofer\\\/\"}]}<\/script>\n<!-- \/ Yoast SEO Premium plugin. -->","yoast_head_json":{"title":"Die K\u00e4se-Genuss-Tour - SalzburgerLand Magazin","description":"Radeln im Tennengauer Salzachtal ist immer ein Erlebnis. Vorbei an pl\u00e4tschernden B\u00e4chen, \u00fcber tiefgr\u00fcne Wiesen und Weiden, durch schmucke Ortschaften und im Wind rauschende W\u00e4lder, stellt sich hier sehr schnell entspanntes Urlaubs-Feeling ein. Immer in der N\u00e4he der stolz-flie\u00dfenden Salzach und mit Blick auf die imposanten Gipfel des Tennengebirges l\u00e4sst es sich richtig gut aushalten. F\u00fcr Genussmenschen und solche, die erstklassigen Geschmack in echter, ungek\u00fcnstelter Umgebung zu sch\u00e4tzen wissen, ist die K\u00e4se-Genuss-Tour wie geschaffen. Auf dieser Route lernt man nicht nur die Sch\u00f6nheit und Einzigartigkeit der heimischen Landschaft kennen, man besucht auch einige der besten Alm-K\u00e4sereien, Hofl\u00e4den und Gasth\u00e4user der Region.","robots":{"index":"index","follow":"follow","max-snippet":"max-snippet:-1","max-image-preview":"max-image-preview:large","max-video-preview":"max-video-preview:-1"},"canonical":"https:\/\/www.salzburgerland.com\/de\/magazin\/die-kaese-genuss-tour\/","og_locale":"de_DE","og_type":"article","og_title":"Die K\u00e4se-Genuss-Tour","og_description":"Wer sich schon einmal die herrlich w\u00fcrzigen K\u00e4se-Spezialit\u00e4ten des Tennengaus auf der Zunge zergehen lassen hat, der wei\u00df, dass diese in Geschmack und Qualit\u00e4t mit nichts zu vergleichen sind. Denn Genuss hat in dieser Region seit Generationen einen hohen Stellenwert. Hierf\u00fcr sorgen nicht nur die vielen Gasth\u00f6fe und Restaurants, die ihre G\u00e4ste nach allen Regeln [&hellip;]","og_url":"https:\/\/www.salzburgerland.com\/de\/magazin\/die-kaese-genuss-tour\/","og_site_name":"SalzburgerLand Magazin","article_publisher":"https:\/\/www.facebook.com\/salzburgerland\/","article_published_time":"2020-07-21T06:00:00+00:00","article_modified_time":"2026-04-08T08:52:04+00:00","og_image":[{"width":1600,"height":1067,"url":"https:\/\/www.salzburgerland.com\/de\/magazin\/wp-content\/uploads\/2017\/05\/RS1439_Kaese_Brot_Produkt_015.jpg","type":"image\/jpeg"}],"author":"Peter Zeitlhofer","twitter_card":"summary_large_image","twitter_creator":"@Salzburgerland","twitter_site":"@Salzburgerland","twitter_misc":{"Verfasst von":"Peter Zeitlhofer","Gesch\u00e4tzte Lesezeit":"10\u00a0Minuten"},"schema":{"@context":"https:\/\/schema.org","@graph":[{"@type":"Article","@id":"https:\/\/www.salzburgerland.com\/de\/magazin\/die-kaese-genuss-tour\/#article","isPartOf":{"@id":"https:\/\/www.salzburgerland.com\/de\/magazin\/die-kaese-genuss-tour\/"},"author":{"name":"Peter Zeitlhofer","@id":"https:\/\/www.salzburgerland.com\/de\/magazin\/#\/schema\/person\/ebd2c9f244aeea71e30f3b5d5e309de4"},"headline":"Die K\u00e4se-Genuss-Tour","datePublished":"2020-07-21T06:00:00+00:00","dateModified":"2026-04-08T08:52:04+00:00","mainEntityOfPage":{"@id":"https:\/\/www.salzburgerland.com\/de\/magazin\/die-kaese-genuss-tour\/"},"wordCount":1471,"commentCount":0,"publisher":{"@id":"https:\/\/www.salzburgerland.com\/de\/magazin\/#organization"},"image":{"@id":"https:\/\/www.salzburgerland.com\/de\/magazin\/die-kaese-genuss-tour\/#primaryimage"},"thumbnailUrl":"https:\/\/www.salzburgerland.com\/de\/magazin\/wp-content\/uploads\/2017\/05\/RS1439_Kaese_Brot_Produkt_015.jpg","articleSection":["Essen &amp; Trinken"],"inLanguage":"de","potentialAction":[{"@type":"CommentAction","name":"Comment","target":["https:\/\/www.salzburgerland.com\/de\/magazin\/die-kaese-genuss-tour\/#respond"]}]},{"@type":"WebPage","@id":"https:\/\/www.salzburgerland.com\/de\/magazin\/die-kaese-genuss-tour\/","url":"https:\/\/www.salzburgerland.com\/de\/magazin\/die-kaese-genuss-tour\/","name":"Die K\u00e4se-Genuss-Tour - SalzburgerLand Magazin","isPartOf":{"@id":"https:\/\/www.salzburgerland.com\/de\/magazin\/#website"},"primaryImageOfPage":{"@id":"https:\/\/www.salzburgerland.com\/de\/magazin\/die-kaese-genuss-tour\/#primaryimage"},"image":{"@id":"https:\/\/www.salzburgerland.com\/de\/magazin\/die-kaese-genuss-tour\/#primaryimage"},"thumbnailUrl":"https:\/\/www.salzburgerland.com\/de\/magazin\/wp-content\/uploads\/2017\/05\/RS1439_Kaese_Brot_Produkt_015.jpg","datePublished":"2020-07-21T06:00:00+00:00","dateModified":"2026-04-08T08:52:04+00:00","breadcrumb":{"@id":"https:\/\/www.salzburgerland.com\/de\/magazin\/die-kaese-genuss-tour\/#breadcrumb"},"inLanguage":"de","potentialAction":[{"@type":"ReadAction","target":["https:\/\/www.salzburgerland.com\/de\/magazin\/die-kaese-genuss-tour\/"]}]},{"@type":"ImageObject","inLanguage":"de","@id":"https:\/\/www.salzburgerland.com\/de\/magazin\/die-kaese-genuss-tour\/#primaryimage","url":"https:\/\/www.salzburgerland.com\/de\/magazin\/wp-content\/uploads\/2017\/05\/RS1439_Kaese_Brot_Produkt_015.jpg","contentUrl":"https:\/\/www.salzburgerland.com\/de\/magazin\/wp-content\/uploads\/2017\/05\/RS1439_Kaese_Brot_Produkt_015.jpg","width":1600,"height":1067,"caption":"Ein Holzbrett mit verschiedenen K\u00e4sesorten, Roggenbrotscheiben und einem Messer mit Kr\u00e4uteraufstrich auf einem Holztisch."},{"@type":"BreadcrumbList","@id":"https:\/\/www.salzburgerland.com\/de\/magazin\/die-kaese-genuss-tour\/#breadcrumb","itemListElement":[{"@type":"ListItem","position":1,"name":"Startseite","item":"https:\/\/www.salzburgerland.com\/de\/magazin\/"},{"@type":"ListItem","position":2,"name":"Essen &amp; Trinken","item":"https:\/\/www.salzburgerland.com\/de\/magazin\/thema\/essen-trinken\/"},{"@type":"ListItem","position":3,"name":"Die K\u00e4se-Genuss-Tour"}]},{"@type":"WebSite","@id":"https:\/\/www.salzburgerland.com\/de\/magazin\/#website","url":"https:\/\/www.salzburgerland.com\/de\/magazin\/","name":"SalzburgerLand Magazin","description":"Geschichten und Interessantes aus dem SalzburgerLand","publisher":{"@id":"https:\/\/www.salzburgerland.com\/de\/magazin\/#organization"},"potentialAction":[{"@type":"SearchAction","target":{"@type":"EntryPoint","urlTemplate":"https:\/\/www.salzburgerland.com\/de\/magazin\/?s={search_term_string}"},"query-input":{"@type":"PropertyValueSpecification","valueRequired":true,"valueName":"search_term_string"}}],"inLanguage":"de"},{"@type":"Organization","@id":"https:\/\/www.salzburgerland.com\/de\/magazin\/#organization","name":"SalzburgerLand Tourismus","url":"https:\/\/www.salzburgerland.com\/de\/magazin\/","logo":{"@type":"ImageObject","inLanguage":"de","@id":"https:\/\/www.salzburgerland.com\/de\/magazin\/#\/schema\/logo\/image\/","url":"https:\/\/www.salzburgerland.com\/de\/magazin\/wp-content\/uploads\/2019\/06\/salzburgerland-logo1.jpg","contentUrl":"https:\/\/www.salzburgerland.com\/de\/magazin\/wp-content\/uploads\/2019\/06\/salzburgerland-logo1.jpg","width":2011,"height":866,"caption":"SalzburgerLand Tourismus"},"image":{"@id":"https:\/\/www.salzburgerland.com\/de\/magazin\/#\/schema\/logo\/image\/"},"sameAs":["https:\/\/www.facebook.com\/salzburgerland\/","https:\/\/x.com\/Salzburgerland","https:\/\/www.instagram.com\/salzburgerland\/","https:\/\/at.linkedin.com\/company\/salzburgerland-tourismus-gmbh","https:\/\/www.pinterest.at\/salzburgerland\/","https:\/\/www.youtube.com\/user\/salzburgerland","https:\/\/de.wikipedia.org\/wiki\/SalzburgerLand_Tourismus_GmbH"]},{"@type":"Person","@id":"https:\/\/www.salzburgerland.com\/de\/magazin\/#\/schema\/person\/ebd2c9f244aeea71e30f3b5d5e309de4","name":"Peter Zeitlhofer","description":"'Von Neugier getrieben' - diese Worte kommen Peter Zeitlhofer wohl schon ziemlich nahe. Egal ob am Segelboot, im Tiefschnee, unterwegs in Stadt und Land, oder auf einer seinen vielen Reisen - er ist immer auf der Suche nach Neuem, nach dem Besonderen, probiert so ziemlich alles aus und liebt es, dar\u00fcber zu reden und zu berichten. Womit man auch schon fast bei seiner zweiten Leidenschaft w\u00e4re - dem Schreiben. Immer und \u00fcberall ausgestattet\u00a0mit seinem Notebook, hat der Salzburger, mit Wurzeln am Attersee, sein Office\u00a0im wahrsten Sinne des Wortes unterm Arm und k\u00f6nnte sich nichts besseres vorstellen, als die Geschichten dort zu erz\u00e4hlen, wo sie passieren. Fr\u00fchling, Sommer, Herbst oder Winter? Als Mensch der Extreme, mag ich auch bei den Jahreszeiten den Sommer und den Winter am liebsten. Obwohl nat\u00fcrlich auch der Fr\u00fchling seine Reize hat. Aber der Herbst? Rindsroulade vom Pinzgauer Biorind oder Saibling fangfrisch aus dem Fuschlsee? Immer diese Entscheidungen! Kann ich auch beides haben? Mundharmonika oder Stradivari? Weder noch - als Gitarrist k\u00f6nnte ich mit beiden Instrumenten nichts anfangen. Lederhose oder Smoking? Eindeutig Lederhose, die bei mir mittlerweile sogar den Einzug in den sommerlichen Alltag gefunden hat. Und der LederhosnDonnerstag ist \u00a0ohnehin Pflicht. Alpinski, Offpist oder Skitour? Hauptsache rauf auf den Berg! Was dann tats\u00e4chlich auf dem Programm steht ist zweitrangig. Nur so viel: wenn der Schnee passt, dann h\u00e4lt mich nichts oder niemand auf der Piste. Bergtour oder Seentour? F\u00fcr mich gibt es im Sommer nichts Sch\u00f6neres, als mit dem Segelboot auf unseren herrlichen Seen unterwegs zu sein. Also wenn ich die Wahl habe, dann nehme ich im Sommer die Berge h\u00f6chstens als Kulisse. Haubenlokal oder Ab-Hof-Laden? Auch hier nehme ich von beidem ein bisschen. Aber bei der Oma schmeckt's dann doch am besten.","url":"https:\/\/www.salzburgerland.com\/de\/magazin\/author\/peter-zeitlhofer\/"}]}},"_wl_alt_label":[],"wl:entity_url":"http:\/\/open.salzburgerland.com\/magazin\/post\/die_kaese-genuss-tour","_links":{"self":[{"href":"https:\/\/www.salzburgerland.com\/de\/magazin\/wp-json\/wp\/v2\/posts\/114982","targetHints":{"allow":["GET"]}}],"collection":[{"href":"https:\/\/www.salzburgerland.com\/de\/magazin\/wp-json\/wp\/v2\/posts"}],"about":[{"href":"https:\/\/www.salzburgerland.com\/de\/magazin\/wp-json\/wp\/v2\/types\/post"}],"author":[{"embeddable":true,"href":"https:\/\/www.salzburgerland.com\/de\/magazin\/wp-json\/wp\/v2\/users\/505"}],"replies":[{"embeddable":true,"href":"https:\/\/www.salzburgerland.com\/de\/magazin\/wp-json\/wp\/v2\/comments?post=114982"}],"version-history":[{"count":11,"href":"https:\/\/www.salzburgerland.com\/de\/magazin\/wp-json\/wp\/v2\/posts\/114982\/revisions"}],"predecessor-version":[{"id":186750,"href":"https:\/\/www.salzburgerland.com\/de\/magazin\/wp-json\/wp\/v2\/posts\/114982\/revisions\/186750"}],"wp:featuredmedia":[{"embeddable":true,"href":"https:\/\/www.salzburgerland.com\/de\/magazin\/wp-json\/wp\/v2\/media\/114994"}],"wp:attachment":[{"href":"https:\/\/www.salzburgerland.com\/de\/magazin\/wp-json\/wp\/v2\/media?parent=114982"}],"wp:term":[{"taxonomy":"category","embeddable":true,"href":"https:\/\/www.salzburgerland.com\/de\/magazin\/wp-json\/wp\/v2\/categories?post=114982"},{"taxonomy":"post_tag","embeddable":true,"href":"https:\/\/www.salzburgerland.com\/de\/magazin\/wp-json\/wp\/v2\/tags?post=114982"},{"taxonomy":"wl_entity_type","embeddable":true,"href":"https:\/\/www.salzburgerland.com\/de\/magazin\/wp-json\/wp\/v2\/wl_entity_type?post=114982"},{"taxonomy":"monatsauswahl","embeddable":true,"href":"https:\/\/www.salzburgerland.com\/de\/magazin\/wp-json\/wp\/v2\/monatsauswahl?post=114982"}],"curies":[{"name":"wp","href":"https:\/\/api.w.org\/{rel}","templated":true}]}}